{"id":10004,"date":"2021-01-12T18:14:05","date_gmt":"2021-01-13T00:14:05","guid":{"rendered":"http:\/\/bloquepopularjuvenil.org\/?p=10004"},"modified":"2021-01-12T18:14:05","modified_gmt":"2021-01-13T00:14:05","slug":"obreras-florenzi-en-huelga-de-hambre-el-estado-burgues-les-ha-fallado","status":"publish","type":"post","link":"https:\/\/elcomunista.org\/?p=10004","title":{"rendered":"Obreras Florenzi en huelga de hambre: \u00a1El Estado burgu\u00e9s les ha fallado!"},"content":{"rendered":"<p>El viernes 8 de enero, las trabajadoras despedidas de la f\u00e1brica Industrias Florenzi iniciaron una huelga de hambre para exigir que se cumplan sus demandas laborales a m\u00e1s de seis meses de lucha. Esta medida de presi\u00f3n dr\u00e1stica sirve para evidenciar el abandono total por parte del Estado salvadore\u00f1o, especialmente del Ministerio de Trabajo dirigido por Rolando Castro que no ha hecho nada para resolver las demandas a su favor.<\/p>\n<h3><span style=\"color: #800000;\"><strong>Despedidas en medio de la pandemia<\/strong><\/span><\/h3>\n<p><strong>\u00a0<\/strong>El 1 de julio del a\u00f1o pasado, en medio de la crisis sanitaria del coronavirus, 196 mujeres y 14 hombres fueron notificados de su despido debido a que la f\u00e1brica Florenzi iba a cerrar operaciones de manera definitiva, sin pagarles salarios ni mucho menos indemnizaciones, a pesar que la mayor\u00eda de mujeres despedidas han dejado su vida trabajando por m\u00e1s 25 a\u00f1os en la f\u00e1brica.<\/p>\n<p>Por si esto fuera poco, el empleador, Sergio Pineda, dejo de pagar las cotizaciones de ley del seguro social y las pensiones, agravando la situaci\u00f3n de las compa\u00f1eras que sufren enfermedades cr\u00f3nicas y de otras que estaban a punto de cumplir con el tiempo requerido para iniciar los tramites de su jubilaci\u00f3n. Una situaci\u00f3n totalmente injusta, teniendo en cuenta que la mayor\u00eda son jefas de hogar de edad avanzada que dificilmente podr\u00e1n encontrar otro trabajo.<\/p>\n<p>Como garant\u00eda para exigir una salida favorable a sus demandas por parte de la patronal, el 8 de julio las compa\u00f1eras acordaron tomarse las instalaciones de la f\u00e1brica, resguardando maquinaria y otros bienes. Desde entonces, se han organizado para hacer guardia en el lugar y han conformado asamblea para tomar las decisiones y las estrategias a seguir. Muchas organizaciones han acompa\u00f1ado y se han solidarizado con su lucha.<\/p>\n<p>Durante todo este tiempo, el acoso policial ha sido una constante. Las compa\u00f1eras han denunciado que a sus actividades han llegado policias vestido de civil a tomarles fotos, en una franca actitud de acoso m\u00e1s que de brindarles seguridad. Esto no es nada sorprendente, la funci\u00f3n de la polic\u00eda, en \u00faltima instancia, es justamente resguardar la intocable propiedad privada de los ricos, aqu\u00ed vemos de una forma muy clara el verdadero objetivo de la PNC y no es precisamente el de brindar \u201cseguridad\u201d a la poblaci\u00f3n. Sin embargo, este amedrentamiento no ha menguado el esp\u00edritu de lucha y combatividad de las trabajadoras, al contrario, las fortalece y les muestra la necesidad de seguir juntas y organizadas para vencer.<\/p>\n<h3><strong><span style=\"color: #800000;\">Agotando instancias legales sin ayuda gubernamental<\/span> <\/strong><\/h3>\n<p>Adem\u00e1s de tomar la f\u00e1brica, iniciaron acciones legales en las instancias correspondientes, pagando ellas mismas con muchisimo esfuerzo a los abogados. Este proceso ha sido sumamente d\u00edficil, la burocracia judicial se ha impuesto con toda su crudeza y hasta la fecha no han podido dar una respuesta satisfactoria a las compa\u00f1eras.<\/p>\n<p>En esta ecuaci\u00f3n de situaciones adversas, el factor ausente ha sido en todo momento el Ministerio de Trabajo y su titular Rolando Castro, quien en un primer momento -de manera c\u00ednica y descarada- aludi\u00f3 que habia escuchado las demandas de las trabajadoras y que incluso les estaba ayudando a resolver su situaci\u00f3n, para luego dar paso a un silencio sepulcral y a una indiferencia lacerante.<\/p>\n<p>Se supone, al menos en el papel, que el Ministerio de Trabajo y Previsi\u00f3n Social tiene como visi\u00f3n velar por el desarrollo integral del \u00e1rea sociolaboral y proteger las fuentes de trabajo, pero en la practica y sobre todo durante la pandemia se ha demostrado que esto est\u00e1 muy alejado de la realidad, pues el Ministerio dif\u00edcilmente act\u00faa en favor de la clase trabajadora. Las compa\u00f1eras de la f\u00e1brica Florenzi han experimentado en carne propia esto, a tal punto de verse en la necesidad de convocar una huelga de hambre como un \u00faltimo recurso para ser escuchadas y atendidas.<\/p>\n<p>La actuaci\u00f3n de Rolando Castro como ministro de Trabajo ha sido parcializada, destinando grandes recursos administrativos y judiciales en otros casos que le son convenientes al gobierno y sus funcionarios para atacar a sus enemigos pol\u00edticos, tales como los procesos contra la Alcald\u00eda de Santa Tecla y San Salvador. Rolando Castro y la institucionalidad burguesa han demostrado ser incompetentes para resolver en favor de los explotados, en ese sentido, acompa\u00f1amos a las trabajadoras de Florenzi en pedir su destituci\u00f3n y extendemos el llamado a todos los sindicatos y trabajadores que son afectados por la violaciones a los derechos laborales a luchar por sus demandas y construir un sindicalismo revolucionario capaz de doblegar y vencer a la patronal, que quiere recargar sobre los hombros de los explotados la crisis del capitalismo.<\/p>\n<h3><span style=\"color: #800000;\"><strong>Organizaci\u00f3n revolucionaria para vencer<\/strong><\/span><\/h3>\n<p>La situaci\u00f3n de las compa\u00f1eras despedidas de industria Florenzi no es un caso aislado, y de hecho ha sido una constante durante el periodo de pandemia, a pesar que tambi\u00e9n el ministro Rolando Castro asegur\u00f3 que no iba a permitir ning\u00fan despido durante la crisis. El caso de las compa\u00f1eras ha trascendido debido a su organizaci\u00f3n y el acompa\u00f1amiento que han encontrado de las diferentes expresiones de organizaci\u00f3n social durante este tiempo; han sido compa\u00f1eras combativas que no se han dejado vencer y han mostrado el camino a seguir para futuras luchas.<\/p>\n<p>As\u00ed como el sistema judicial y gubernamental les ha fallado a las compa\u00f1eras, el Estado burgu\u00e9s le seguir\u00e1 fallando a la clase trabajadora en general una vez que la crisis del sistema capitalista se profundice a\u00fan m\u00e1s.<\/p>\n<p>La clase trabajadora en la ciudad y en el campo, los despose\u00eddos y los explotados en general debemos tener en cuenta que este gobierno no es nuestro gobierno, que esta Asamblea no es nuestra Asamblea y que estos jueces no est\u00e1n para brindarnos justicia. Por eso debemos organizarnos para tomar el rumbo de nuestras vidas en nuestras propias manos y crear instituciones verdaderamente democr\u00e1ticas que funcionen a favor de la mayor\u00eda y no para satisfacer el ans\u00eda de poder y de ganancias de unos cuantos.<\/p>\n<p>La solidaridad con la lucha de la obreras Florenzi debe extenderse por todos los sectores de la industria textil, porque solo la solidaridad y la unidad en la lucha puede detener los golpes que la patronal est\u00e1 preparando a ra\u00edz de la crisis, en ausencia de instituciones que defiendan nuestros derechos como explotados, debemos abogar a la unidad obrera, estudiantil y campesina para conformar un frente contra los ataques devenidos de la crisis capitalista y trazar el camino para luchar por una sociedad distinta.<\/p>\n<p>Como Bloque Popular Juvenil, secci\u00f3n salvadore\u00f1a de la Corriente Marxista Internacional, nos solidarizamos con las compa\u00f1eras en lucha, su incansable esp\u00edritu combativo nos llena de mucha fuerza para seguir denunciando al sistema capitalista y seguir organiz\u00e1ndonos para poner fin de una vez y para siempre a este sistema que nos explota y nos quita la vida diariamente. As\u00ed mismo, hacemos un llamado a los sindicatos y a las organizaciones en general a tomar postura y solidarizarse con las compa\u00f1eras.<\/p>\n<p>Solo organizada la clase trabajadora podr\u00e1 vencer.<\/p>\n","protected":false},"excerpt":{"rendered":"<p>El viernes 8 de enero, las trabajadoras despedidas de la f\u00e1brica Industrias Florenzi iniciaron una huelga de hambre para exigir que se cumplan sus demandas laborales a m\u00e1s de seis meses de lucha. Esta medida de presi\u00f3n dr\u00e1stica sirve para evidenciar el abandono total por parte del Estado salvadore\u00f1o, especialmente del Ministerio de Trabajo dirigido&#8230;<\/p>\n","protected":false},"author":5,"featured_media":10006,"comment_status":"open","ping_status":"open","sticky":false,"template":"","format":"standard","meta":{"_monsterinsights_skip_tracking":false,"_monsterinsights_sitenote_active":false,"_monsterinsights_sitenote_note":"","_monsterinsights_sitenote_category":0,"_uf_show_specific_survey":0,"_uf_disable_surveys":false,"_jetpack_memberships_contains_paid_content":false,"footnotes":""},"categories":[61,537,5],"tags":[1303,93,1353,1354,143],"class_list":["post-10004","post","type-post","status-publish","format-standard","has-post-thumbnail","hentry","category-mujer-obrera","category-principales","category-sindical","tag-derechos-laborales","tag-el-salvador","tag-obreras-florenzi","tag-rolando-castro","tag-sindical"],"aioseo_notices":[],"yoast_head":"<!-- This site is optimized with the Yoast SEO plugin v25.6 - https:\/\/yoast.com\/wordpress\/plugins\/seo\/ -->\n<title>Obreras Florenzi en huelga de hambre: \u00a1El Estado burgu\u00e9s les ha fallado!<\/title>\n<meta name=\"robots\" content=\"index, follow, max-snippet:-1, max-image-preview:large, max-video-preview:-1\" \/>\n<link rel=\"canonical\" href=\"https:\/\/elcomunista.org\/?p=10004\" \/>\n<meta property=\"og:locale\" content=\"es_ES\" \/>\n<meta property=\"og:type\" content=\"article\" \/>\n<meta property=\"og:title\" content=\"Obreras Florenzi en huelga de hambre: \u00a1El Estado burgu\u00e9s les ha fallado!\" \/>\n<meta property=\"og:description\" content=\"El viernes 8 de enero, las trabajadoras despedidas de la f\u00e1brica Industrias Florenzi iniciaron una huelga de hambre para exigir que se cumplan sus demandas laborales a m\u00e1s de seis meses de lucha. Esta medida de presi\u00f3n dr\u00e1stica sirve para evidenciar el abandono total por parte del Estado salvadore\u00f1o, especialmente del Ministerio de Trabajo dirigido...\" \/>\n<meta property=\"og:url\" content=\"https:\/\/elcomunista.org\/?p=10004\" \/>\n<meta property=\"og:site_name\" content=\"Revoluci\u00f3n Comunista\" \/>\n<meta property=\"article:publisher\" content=\"https:\/\/www.facebook.com\/Bloquepopularjuvenil\" \/>\n<meta property=\"article:published_time\" content=\"2021-01-13T00:14:05+00:00\" \/>\n<meta property=\"og:image\" content=\"https:\/\/elcomunista.org\/wp-content\/uploads\/2021\/01\/138821645_2716844578536064_3015185290300847290_o-1-1024x768.jpg\" \/>\n\t<meta property=\"og:image:width\" content=\"1024\" \/>\n\t<meta property=\"og:image:height\" content=\"768\" \/>\n\t<meta property=\"og:image:type\" content=\"image\/jpeg\" \/>\n<meta name=\"author\" content=\"Xenia Barrera\" \/>\n<meta name=\"twitter:card\" content=\"summary_large_image\" \/>\n<meta name=\"twitter:creator\" content=\"@xeniabarrera\" \/>\n<meta name=\"twitter:site\" content=\"@ElBPJ\" \/>\n<meta name=\"twitter:label1\" content=\"Escrito por\" \/>\n\t<meta name=\"twitter:data1\" content=\"Xenia Barrera\" \/>\n\t<meta name=\"twitter:label2\" content=\"Tiempo de lectura\" \/>\n\t<meta name=\"twitter:data2\" content=\"6 minutos\" \/>\n<script type=\"application\/ld+json\" class=\"yoast-schema-graph\">{\"@context\":\"https:\/\/schema.org\",\"@graph\":[{\"@type\":\"Article\",\"@id\":\"https:\/\/elcomunista.org\/?p=10004#article\",\"isPartOf\":{\"@id\":\"https:\/\/elcomunista.org\/?p=10004\"},\"author\":{\"name\":\"Xenia Barrera\",\"@id\":\"https:\/\/elcomunista.org\/#\/schema\/person\/7fcd024b3b9ff123181a72c44dc9fe0d\"},\"headline\":\"Obreras Florenzi en huelga de hambre: \u00a1El Estado burgu\u00e9s les ha fallado!\",\"datePublished\":\"2021-01-13T00:14:05+00:00\",\"mainEntityOfPage\":{\"@id\":\"https:\/\/elcomunista.org\/?p=10004\"},\"wordCount\":1220,\"commentCount\":0,\"publisher\":{\"@id\":\"https:\/\/elcomunista.org\/#organization\"},\"image\":{\"@id\":\"https:\/\/elcomunista.org\/?p=10004#primaryimage\"},\"thumbnailUrl\":\"https:\/\/elcomunista.org\/wp-content\/uploads\/2021\/01\/138821645_2716844578536064_3015185290300847290_o-1.jpg\",\"keywords\":[\"Derechos laborales\",\"El Salvador\",\"Obreras Florenzi\",\"Rolando Castro\",\"Sindical\"],\"articleSection\":[\"Mujer Obrera\",\"Principales\",\"Sindical\"],\"inLanguage\":\"es\",\"potentialAction\":[{\"@type\":\"CommentAction\",\"name\":\"Comment\",\"target\":[\"https:\/\/elcomunista.org\/?p=10004#respond\"]}]},{\"@type\":\"WebPage\",\"@id\":\"https:\/\/elcomunista.org\/?p=10004\",\"url\":\"https:\/\/elcomunista.org\/?p=10004\",\"name\":\"Obreras Florenzi en huelga de hambre: \u00a1El Estado burgu\u00e9s les ha fallado!\",\"isPartOf\":{\"@id\":\"https:\/\/elcomunista.org\/#website\"},\"primaryImageOfPage\":{\"@id\":\"https:\/\/elcomunista.org\/?p=10004#primaryimage\"},\"image\":{\"@id\":\"https:\/\/elcomunista.org\/?p=10004#primaryimage\"},\"thumbnailUrl\":\"https:\/\/elcomunista.org\/wp-content\/uploads\/2021\/01\/138821645_2716844578536064_3015185290300847290_o-1.jpg\",\"datePublished\":\"2021-01-13T00:14:05+00:00\",\"breadcrumb\":{\"@id\":\"https:\/\/elcomunista.org\/?p=10004#breadcrumb\"},\"inLanguage\":\"es\",\"potentialAction\":[{\"@type\":\"ReadAction\",\"target\":[\"https:\/\/elcomunista.org\/?p=10004\"]}]},{\"@type\":\"ImageObject\",\"inLanguage\":\"es\",\"@id\":\"https:\/\/elcomunista.org\/?p=10004#primaryimage\",\"url\":\"https:\/\/elcomunista.org\/wp-content\/uploads\/2021\/01\/138821645_2716844578536064_3015185290300847290_o-1.jpg\",\"contentUrl\":\"https:\/\/elcomunista.org\/wp-content\/uploads\/2021\/01\/138821645_2716844578536064_3015185290300847290_o-1.jpg\",\"width\":1440,\"height\":1080},{\"@type\":\"BreadcrumbList\",\"@id\":\"https:\/\/elcomunista.org\/?p=10004#breadcrumb\",\"itemListElement\":[{\"@type\":\"ListItem\",\"position\":1,\"name\":\"Portada\",\"item\":\"https:\/\/elcomunista.org\/\"},{\"@type\":\"ListItem\",\"position\":2,\"name\":\"Obreras Florenzi en huelga de hambre: \u00a1El Estado burgu\u00e9s les ha fallado!\"}]},{\"@type\":\"WebSite\",\"@id\":\"https:\/\/elcomunista.org\/#website\",\"url\":\"https:\/\/elcomunista.org\/\",\"name\":\"Revoluci\u00f3n Comunista\",\"description\":\"Internacional Comunista Revolucionaria\",\"publisher\":{\"@id\":\"https:\/\/elcomunista.org\/#organization\"},\"potentialAction\":[{\"@type\":\"SearchAction\",\"target\":{\"@type\":\"EntryPoint\",\"urlTemplate\":\"https:\/\/elcomunista.org\/?s={search_term_string}\"},\"query-input\":{\"@type\":\"PropertyValueSpecification\",\"valueRequired\":true,\"valueName\":\"search_term_string\"}}],\"inLanguage\":\"es\"},{\"@type\":\"Organization\",\"@id\":\"https:\/\/elcomunista.org\/#organization\",\"name\":\"Bloque Popular Juvenil\",\"url\":\"https:\/\/elcomunista.org\/\",\"logo\":{\"@type\":\"ImageObject\",\"inLanguage\":\"es\",\"@id\":\"https:\/\/elcomunista.org\/#\/schema\/logo\/image\/\",\"url\":\"https:\/\/bloquepopularjuvenil.org\/wp-content\/uploads\/2018\/11\/bpj-militante.jpg\",\"contentUrl\":\"https:\/\/bloquepopularjuvenil.org\/wp-content\/uploads\/2018\/11\/bpj-militante.jpg\",\"width\":4000,\"height\":1390,\"caption\":\"Bloque Popular Juvenil\"},\"image\":{\"@id\":\"https:\/\/elcomunista.org\/#\/schema\/logo\/image\/\"},\"sameAs\":[\"https:\/\/www.facebook.com\/Bloquepopularjuvenil\",\"https:\/\/x.com\/ElBPJ\",\"https:\/\/www.instagram.com\/elbloque_bpj\/?hl=es-la\"]},{\"@type\":\"Person\",\"@id\":\"https:\/\/elcomunista.org\/#\/schema\/person\/7fcd024b3b9ff123181a72c44dc9fe0d\",\"name\":\"Xenia Barrera\",\"image\":{\"@type\":\"ImageObject\",\"inLanguage\":\"es\",\"@id\":\"https:\/\/elcomunista.org\/#\/schema\/person\/image\/\",\"url\":\"https:\/\/secure.gravatar.com\/avatar\/9b25f9c11d8512d8caa2c57b3ab2374a?s=96&d=mm&r=g\",\"contentUrl\":\"https:\/\/secure.gravatar.com\/avatar\/9b25f9c11d8512d8caa2c57b3ab2374a?s=96&d=mm&r=g\",\"caption\":\"Xenia Barrera\"},\"description\":\"Integrante del Bloque Popular Juvenil, editora del peri\u00f3dico Militante, voz marxista de la clase trabajadora y la juventud.\",\"sameAs\":[\"https:\/\/x.com\/@xeniabarrera\"],\"url\":\"https:\/\/elcomunista.org\/?author=5\"}]}<\/script>\n<!-- \/ Yoast SEO plugin. -->","yoast_head_json":{"title":"Obreras Florenzi en huelga de hambre: \u00a1El Estado burgu\u00e9s les ha fallado!","robots":{"index":"index","follow":"follow","max-snippet":"max-snippet:-1","max-image-preview":"max-image-preview:large","max-video-preview":"max-video-preview:-1"},"canonical":"https:\/\/elcomunista.org\/?p=10004","og_locale":"es_ES","og_type":"article","og_title":"Obreras Florenzi en huelga de hambre: \u00a1El Estado burgu\u00e9s les ha fallado!","og_description":"El viernes 8 de enero, las trabajadoras despedidas de la f\u00e1brica Industrias Florenzi iniciaron una huelga de hambre para exigir que se cumplan sus demandas laborales a m\u00e1s de seis meses de lucha. Esta medida de presi\u00f3n dr\u00e1stica sirve para evidenciar el abandono total por parte del Estado salvadore\u00f1o, especialmente del Ministerio de Trabajo dirigido...","og_url":"https:\/\/elcomunista.org\/?p=10004","og_site_name":"Revoluci\u00f3n Comunista","article_publisher":"https:\/\/www.facebook.com\/Bloquepopularjuvenil","article_published_time":"2021-01-13T00:14:05+00:00","og_image":[{"width":1024,"height":768,"url":"https:\/\/elcomunista.org\/wp-content\/uploads\/2021\/01\/138821645_2716844578536064_3015185290300847290_o-1-1024x768.jpg","type":"image\/jpeg"}],"author":"Xenia Barrera","twitter_card":"summary_large_image","twitter_creator":"@xeniabarrera","twitter_site":"@ElBPJ","twitter_misc":{"Escrito por":"Xenia Barrera","Tiempo de lectura":"6 minutos"},"schema":{"@context":"https:\/\/schema.org","@graph":[{"@type":"Article","@id":"https:\/\/elcomunista.org\/?p=10004#article","isPartOf":{"@id":"https:\/\/elcomunista.org\/?p=10004"},"author":{"name":"Xenia Barrera","@id":"https:\/\/elcomunista.org\/#\/schema\/person\/7fcd024b3b9ff123181a72c44dc9fe0d"},"headline":"Obreras Florenzi en huelga de hambre: \u00a1El Estado burgu\u00e9s les ha fallado!","datePublished":"2021-01-13T00:14:05+00:00","mainEntityOfPage":{"@id":"https:\/\/elcomunista.org\/?p=10004"},"wordCount":1220,"commentCount":0,"publisher":{"@id":"https:\/\/elcomunista.org\/#organization"},"image":{"@id":"https:\/\/elcomunista.org\/?p=10004#primaryimage"},"thumbnailUrl":"https:\/\/elcomunista.org\/wp-content\/uploads\/2021\/01\/138821645_2716844578536064_3015185290300847290_o-1.jpg","keywords":["Derechos laborales","El Salvador","Obreras Florenzi","Rolando Castro","Sindical"],"articleSection":["Mujer Obrera","Principales","Sindical"],"inLanguage":"es","potentialAction":[{"@type":"CommentAction","name":"Comment","target":["https:\/\/elcomunista.org\/?p=10004#respond"]}]},{"@type":"WebPage","@id":"https:\/\/elcomunista.org\/?p=10004","url":"https:\/\/elcomunista.org\/?p=10004","name":"Obreras Florenzi en huelga de hambre: \u00a1El Estado burgu\u00e9s les ha fallado!","isPartOf":{"@id":"https:\/\/elcomunista.org\/#website"},"primaryImageOfPage":{"@id":"https:\/\/elcomunista.org\/?p=10004#primaryimage"},"image":{"@id":"https:\/\/elcomunista.org\/?p=10004#primaryimage"},"thumbnailUrl":"https:\/\/elcomunista.org\/wp-content\/uploads\/2021\/01\/138821645_2716844578536064_3015185290300847290_o-1.jpg","datePublished":"2021-01-13T00:14:05+00:00","breadcrumb":{"@id":"https:\/\/elcomunista.org\/?p=10004#breadcrumb"},"inLanguage":"es","potentialAction":[{"@type":"ReadAction","target":["https:\/\/elcomunista.org\/?p=10004"]}]},{"@type":"ImageObject","inLanguage":"es","@id":"https:\/\/elcomunista.org\/?p=10004#primaryimage","url":"https:\/\/elcomunista.org\/wp-content\/uploads\/2021\/01\/138821645_2716844578536064_3015185290300847290_o-1.jpg","contentUrl":"https:\/\/elcomunista.org\/wp-content\/uploads\/2021\/01\/138821645_2716844578536064_3015185290300847290_o-1.jpg","width":1440,"height":1080},{"@type":"BreadcrumbList","@id":"https:\/\/elcomunista.org\/?p=10004#breadcrumb","itemListElement":[{"@type":"ListItem","position":1,"name":"Portada","item":"https:\/\/elcomunista.org\/"},{"@type":"ListItem","position":2,"name":"Obreras Florenzi en huelga de hambre: \u00a1El Estado burgu\u00e9s les ha fallado!"}]},{"@type":"WebSite","@id":"https:\/\/elcomunista.org\/#website","url":"https:\/\/elcomunista.org\/","name":"Revoluci\u00f3n Comunista","description":"Internacional Comunista Revolucionaria","publisher":{"@id":"https:\/\/elcomunista.org\/#organization"},"potentialAction":[{"@type":"SearchAction","target":{"@type":"EntryPoint","urlTemplate":"https:\/\/elcomunista.org\/?s={search_term_string}"},"query-input":{"@type":"PropertyValueSpecification","valueRequired":true,"valueName":"search_term_string"}}],"inLanguage":"es"},{"@type":"Organization","@id":"https:\/\/elcomunista.org\/#organization","name":"Bloque Popular Juvenil","url":"https:\/\/elcomunista.org\/","logo":{"@type":"ImageObject","inLanguage":"es","@id":"https:\/\/elcomunista.org\/#\/schema\/logo\/image\/","url":"https:\/\/bloquepopularjuvenil.org\/wp-content\/uploads\/2018\/11\/bpj-militante.jpg","contentUrl":"https:\/\/bloquepopularjuvenil.org\/wp-content\/uploads\/2018\/11\/bpj-militante.jpg","width":4000,"height":1390,"caption":"Bloque Popular Juvenil"},"image":{"@id":"https:\/\/elcomunista.org\/#\/schema\/logo\/image\/"},"sameAs":["https:\/\/www.facebook.com\/Bloquepopularjuvenil","https:\/\/x.com\/ElBPJ","https:\/\/www.instagram.com\/elbloque_bpj\/?hl=es-la"]},{"@type":"Person","@id":"https:\/\/elcomunista.org\/#\/schema\/person\/7fcd024b3b9ff123181a72c44dc9fe0d","name":"Xenia Barrera","image":{"@type":"ImageObject","inLanguage":"es","@id":"https:\/\/elcomunista.org\/#\/schema\/person\/image\/","url":"https:\/\/secure.gravatar.com\/avatar\/9b25f9c11d8512d8caa2c57b3ab2374a?s=96&d=mm&r=g","contentUrl":"https:\/\/secure.gravatar.com\/avatar\/9b25f9c11d8512d8caa2c57b3ab2374a?s=96&d=mm&r=g","caption":"Xenia Barrera"},"description":"Integrante del Bloque Popular Juvenil, editora del peri\u00f3dico Militante, voz marxista de la clase trabajadora y la juventud.","sameAs":["https:\/\/x.com\/@xeniabarrera"],"url":"https:\/\/elcomunista.org\/?author=5"}]}},"jetpack_featured_media_url":"https:\/\/elcomunista.org\/wp-content\/uploads\/2021\/01\/138821645_2716844578536064_3015185290300847290_o-1.jpg","jetpack_likes_enabled":true,"jetpack_sharing_enabled":true,"_links":{"self":[{"href":"https:\/\/elcomunista.org\/index.php?rest_route=\/wp\/v2\/posts\/10004"}],"collection":[{"href":"https:\/\/elcomunista.org\/index.php?rest_route=\/wp\/v2\/posts"}],"about":[{"href":"https:\/\/elcomunista.org\/index.php?rest_route=\/wp\/v2\/types\/post"}],"author":[{"embeddable":true,"href":"https:\/\/elcomunista.org\/index.php?rest_route=\/wp\/v2\/users\/5"}],"replies":[{"embeddable":true,"href":"https:\/\/elcomunista.org\/index.php?rest_route=%2Fwp%2Fv2%2Fcomments&post=10004"}],"version-history":[{"count":0,"href":"https:\/\/elcomunista.org\/index.php?rest_route=\/wp\/v2\/posts\/10004\/revisions"}],"wp:featuredmedia":[{"embeddable":true,"href":"https:\/\/elcomunista.org\/index.php?rest_route=\/wp\/v2\/media\/10006"}],"wp:attachment":[{"href":"https:\/\/elcomunista.org\/index.php?rest_route=%2Fwp%2Fv2%2Fmedia&parent=10004"}],"wp:term":[{"taxonomy":"category","embeddable":true,"href":"https:\/\/elcomunista.org\/index.php?rest_route=%2Fwp%2Fv2%2Fcategories&post=10004"},{"taxonomy":"post_tag","embeddable":true,"href":"https:\/\/elcomunista.org\/index.php?rest_route=%2Fwp%2Fv2%2Ftags&post=10004"}],"curies":[{"name":"wp","href":"https:\/\/api.w.org\/{rel}","templated":true}]}}