{"id":10116,"date":"2021-02-15T18:05:23","date_gmt":"2021-02-16T00:05:23","guid":{"rendered":"http:\/\/bloquepopularjuvenil.org\/?p=10116"},"modified":"2021-02-15T18:05:23","modified_gmt":"2021-02-16T00:05:23","slug":"explosion-social-en-linares-contra-la-brutalidad-policial","status":"publish","type":"post","link":"https:\/\/elcomunista.org\/?p=10116","title":{"rendered":"Explosi\u00f3n social en Linares contra la brutalidad policial"},"content":{"rendered":"<p><span style=\"color: #000000;\"><strong>Por Javier Cabrera<\/strong><\/span><\/p>\n<p>La salvaje agresi\u00f3n de dos polic\u00edas, aparentemente borrachos, a un vecino de Linares y a su hija de 14 a\u00f1os ha provocado una explosi\u00f3n social en la ciudad andaluza. Las im\u00e1genes de la brutal paliza, grabadas por varios vecinos, se hicieron virales en poco tiempo y generaron un rumor de indignaci\u00f3n en la ciudad y fuera que ha desembocado en la explosi\u00f3n de este fin de semana. Este ambiente social ha obligado a la Polic\u00eda Nacional a suspender a estos dos elementos y tambi\u00e9n ha obligado al juez de guardia a enviarlos a prisi\u00f3n.<\/p>\n<section class=\"article-content\">En Linares ha estallado un polvor\u00edn generado por cerca de treinta a\u00f1os de desmantelamiento industrial. El otrora centro industrial y comercial del noreste andaluz es ahora la ciudad con m\u00e1s paro de todo el Estado, un 30%, con un paro juvenil del 40%. El cierre definitivo de Santana Motor en 2011, despu\u00e9s de m\u00e1s de dos d\u00e9cadas de desmantelamiento de la f\u00e1brica, fue la puntilla al tejido industrial linarense. La ciudad ya vivi\u00f3 grandes movilizaciones en 2017 en defensa de la reindustrializaci\u00f3n y de soluciones para acabar con la alta tasa de paro y la emigraci\u00f3n que \u00e9ste est\u00e1 generando, especialmente entre la juventud. En los \u00faltimos meses, el cierre de El Corte Ingl\u00e9s en la ciudad ha sido un nuevo golpe al empleo.En otras circunstancias, la agresi\u00f3n de Linares hubiera pasado desapercibida o hubiera sido otro caso Alsasua; pero esos individuos han cometido un error: esto ha ocurrido en Linares y en las circunstancias ya descritas. La temperatura social de Linares lleva meses al l\u00edmite, despu\u00e9s de d\u00e9cadas de desmantelamiento industrial y tasas de paro y emigraci\u00f3n juvenil inasumibles en el mundo civilizado. Los hechos de este fin de semana son la chispa que faltaba para la explosi\u00f3n general.<\/p>\n<blockquote class=\"twitter-tweet\" data-width=\"550\" data-dnt=\"true\">\n<p lang=\"es\" dir=\"ltr\">El pueblo de Linares, indignado por la paliza de dos polic\u00edas a un padre y su hija de 14 a\u00f1os, se concentra a las puertas de la comisar\u00eda donde trabajaban los dos agentes. <a href=\"https:\/\/t.co\/vQulqeIy5Q\">pic.twitter.com\/vQulqeIy5Q<\/a><\/p>\n<p>&mdash; Miquel Ramos \ud83e\udd58 (@Miquel_R) <a href=\"https:\/\/twitter.com\/Miquel_R\/status\/1360643758639972353?ref_src=twsrc%5Etfw\">February 13, 2021<\/a><\/p><\/blockquote>\n<p><script async src=\"https:\/\/platform.twitter.com\/widgets.js\" charset=\"utf-8\"><\/script><\/p>\n<p>Desde primera hora de la tarde se concentraron cientos de personas, j\u00f3venes en su mayor\u00eda, en la puerta de los juzgados de Linares. La tensi\u00f3n estall\u00f3 cuando los detenidos fueron trasladados a Ja\u00e9n para prestar declaraci\u00f3n y la Polic\u00eda carg\u00f3 contra los concentrados, momento en el que se produjo la primera detenci\u00f3n. A partir de ah\u00ed, los antidisturbios se desplegaron por el centro de la ciudad apaleando indiscriminadamente tanto a los manifestantes como a los transe\u00fantes, con una violencia que parec\u00eda una venganza contra el pueblo de Linares por haber se\u00f1alado a sus dos compa\u00f1eros.<\/p>\n<p><a href=\"https:\/\/twitter.com\/rtvlin\/status\/1360672084188364801?s=20\">https:\/\/twitter.com\/rtvlin\/status\/1360672084188364801?s=20<\/a><\/p>\n<p>Las cargas se prolongaron durante buena parte de la noche, dejando numerosos manifestantes heridos. Al menos uno de ellos recibi\u00f3 un disparo de pelota de goma a bocajarro y fue abandonado tirado en la acera. Otros dos manifestantes resultaron heridos por disparos de perdigones o balines de goma, otra munici\u00f3n potencialmente mortal que, sin embargo, los antidisturbios usan con regularidad contra personas.<\/p>\n<p>&nbsp;<\/p>\n<blockquote class=\"twitter-tweet\">\n<p dir=\"ltr\" lang=\"es\">Lo dejan inconsciente de un disparo y se marchan, dej\u00e1ndolo tirado en el suelo\u00a0<a href=\"https:\/\/t.co\/Hhkp4DkW9z\">https:\/\/t.co\/Hhkp4DkW9z<\/a><\/p>\n<p>\u2014 Miquel Ramos (@Miquel_R)\u00a0<a href=\"https:\/\/twitter.com\/Miquel_R\/status\/1360705641258635265?ref_src=twsrc%5Etfw\">February 13, 2021<\/a><\/p><\/blockquote>\n<blockquote class=\"twitter-tweet\">\n<p dir=\"ltr\" lang=\"es\">Anoche en los disturbios de linares a mi sobrino le dispararon con arma de fuego en una carga. Herida con entrada y salida con 8 balines y 2 en la otra pierna.\u00a0<a href=\"https:\/\/t.co\/osyTRrDdod\">pic.twitter.com\/osyTRrDdod<\/a><\/p>\n<p>\u2014 javier maestre (@archival_90)\u00a0<a href=\"https:\/\/twitter.com\/archival_90\/status\/1360928771935768578?ref_src=twsrc%5Etfw\">February 14, 2021<\/a><\/p><\/blockquote>\n<p>Las im\u00e1genes recogidas por los diferentes reporteros y usuarios de Twitter demuestran que, en la noche del 13 de febrero, la violencia parti\u00f3 \u00fanicamente de la Polic\u00eda. Los lloros hip\u00f3critas ante la erecci\u00f3n de barricadas y los da\u00f1os al mobiliario urbano no pueden ocultar este hecho esencial. Ante la agresi\u00f3n policial, la juventud de Linares ejerci\u00f3 su derecho a defenderse con lo que tuviera a mano.<\/p>\n<blockquote class=\"twitter-tweet\">\n<p dir=\"ltr\" lang=\"und\"><a href=\"https:\/\/t.co\/lvW0xdUG1z\">pic.twitter.com\/lvW0xdUG1z<\/a><\/p>\n<p>\u2014 PabloMM (@pablom_m)\u00a0<a href=\"https:\/\/twitter.com\/pablom_m\/status\/1360667804316426240?ref_src=twsrc%5Etfw\">February 13, 2021<\/a><\/p><\/blockquote>\n<p>En el momento de escribir estas l\u00edneas, ni la Subdelegaci\u00f3n del Gobierno en Ja\u00e9n ni el Ministerio del Interior han ofrecido ninguna explicaci\u00f3n de por qu\u00e9 se utiliz\u00f3 este material contra personas en Linares ni sobre el conjunto de la actuaci\u00f3n policial, m\u00e1s all\u00e1 de la consabida criminalizaci\u00f3n de los manifestantes. En la jornada del domingo 14, en la que la tensi\u00f3n ha bajado un tanto tras la entrada en prisi\u00f3n de los dos agresores del viernes, los antidisturbios de Linares han sido relevados por unidades trasladadas desde Granada.<\/p>\n<p>Los sucesos de Linares demuestran una vez m\u00e1s la necesidad imperiosa de hacer una limpieza general en las Fuerzas y Cuerpos de Seguridad del Estado. Estas no s\u00f3lo est\u00e1n llenas en todas sus escalas de elementos reaccionarios y fascistas, con una ideolog\u00eda heredada del franquismo; las FCSE son tambi\u00e9n un im\u00e1n para elementos antisociales y l\u00fampenes entre los que cunde la adicci\u00f3n al alcohol y las drogas y la violencia contra las mujeres en todas sus formas.<\/p>\n<p>Demuestran, asimismo, la urgencia social que sufre Linares, como otras zonas de Andaluc\u00eda y del Estado, en las que cualquier chispa puede desencadenar una explosi\u00f3n de proporciones a\u00fan mayores de la que hemos presenciado estos d\u00edas. Esta explosi\u00f3n de Linares anticipa otras muchas y pone a las claras que el r\u00e9gimen del 78 y el capitalismo espa\u00f1ol est\u00e1n sentados sobre un polvor\u00edn. S\u00f3lo hace falta una direcci\u00f3n pol\u00edtica a la altura para encauzar toda esta rabia y frustraci\u00f3n hacia la revoluci\u00f3n socialista.<\/p>\n<\/section>\n","protected":false},"excerpt":{"rendered":"<p>Por Javier Cabrera La salvaje agresi\u00f3n de dos polic\u00edas, aparentemente borrachos, a un vecino de Linares y a su hija de 14 a\u00f1os ha provocado una explosi\u00f3n social en la ciudad andaluza. Las im\u00e1genes de la brutal paliza, grabadas por varios vecinos, se hicieron virales en poco tiempo y generaron un rumor de indignaci\u00f3n en&#8230;<\/p>\n","protected":false},"author":48,"featured_media":10122,"comment_status":"open","ping_status":"open","sticky":false,"template":"","format":"standard","meta":{"_monsterinsights_skip_tracking":false,"_monsterinsights_sitenote_active":false,"_monsterinsights_sitenote_note":"","_monsterinsights_sitenote_category":0,"_uf_show_specific_survey":0,"_uf_disable_surveys":false,"_jetpack_memberships_contains_paid_content":false,"footnotes":""},"categories":[32,537],"tags":[1391,1392,1390],"class_list":["post-10116","post","type-post","status-publish","format-standard","has-post-thumbnail","hentry","category-estado-espanol","category-principales","tag-abuso-policial","tag-linares","tag-represion-policial"],"aioseo_notices":[],"yoast_head":"<!-- This site is optimized with the Yoast SEO plugin v25.6 - https:\/\/yoast.com\/wordpress\/plugins\/seo\/ -->\n<title>Explosi\u00f3n social en Linares contra la brutalidad policial<\/title>\n<meta name=\"robots\" content=\"index, follow, max-snippet:-1, max-image-preview:large, max-video-preview:-1\" \/>\n<link rel=\"canonical\" href=\"https:\/\/elcomunista.org\/?p=10116\" \/>\n<meta property=\"og:locale\" content=\"es_ES\" \/>\n<meta property=\"og:type\" content=\"article\" \/>\n<meta property=\"og:title\" content=\"Explosi\u00f3n social en Linares contra la brutalidad policial\" \/>\n<meta property=\"og:description\" content=\"Por Javier Cabrera La salvaje agresi\u00f3n de dos polic\u00edas, aparentemente borrachos, a un vecino de Linares y a su hija de 14 a\u00f1os ha provocado una explosi\u00f3n social en la ciudad andaluza. Las im\u00e1genes de la brutal paliza, grabadas por varios vecinos, se hicieron virales en poco tiempo y generaron un rumor de indignaci\u00f3n en...\" \/>\n<meta property=\"og:url\" content=\"https:\/\/elcomunista.org\/?p=10116\" \/>\n<meta property=\"og:site_name\" content=\"Revoluci\u00f3n Comunista\" \/>\n<meta property=\"article:publisher\" content=\"https:\/\/www.facebook.com\/Bloquepopularjuvenil\" \/>\n<meta property=\"article:published_time\" content=\"2021-02-16T00:05:23+00:00\" \/>\n<meta property=\"og:image\" content=\"https:\/\/elcomunista.org\/wp-content\/uploads\/2021\/02\/Linares_juzgados.jpg\" \/>\n\t<meta property=\"og:image:width\" content=\"640\" \/>\n\t<meta property=\"og:image:height\" content=\"384\" \/>\n\t<meta property=\"og:image:type\" content=\"image\/jpeg\" \/>\n<meta name=\"author\" content=\"Lucha de Clases - Estado Espa\u00f1ol\" \/>\n<meta name=\"twitter:card\" content=\"summary_large_image\" \/>\n<meta name=\"twitter:creator\" content=\"@ElBPJ\" \/>\n<meta name=\"twitter:site\" content=\"@ElBPJ\" \/>\n<meta name=\"twitter:label1\" content=\"Escrito por\" \/>\n\t<meta name=\"twitter:data1\" content=\"Lucha de Clases - Estado Espa\u00f1ol\" \/>\n\t<meta name=\"twitter:label2\" content=\"Tiempo de lectura\" \/>\n\t<meta name=\"twitter:data2\" content=\"5 minutos\" \/>\n<script type=\"application\/ld+json\" class=\"yoast-schema-graph\">{\"@context\":\"https:\/\/schema.org\",\"@graph\":[{\"@type\":\"Article\",\"@id\":\"https:\/\/elcomunista.org\/?p=10116#article\",\"isPartOf\":{\"@id\":\"https:\/\/elcomunista.org\/?p=10116\"},\"author\":{\"name\":\"Lucha de Clases - Estado Espa\u00f1ol\",\"@id\":\"https:\/\/elcomunista.org\/#\/schema\/person\/d4ccce059b2bb47c44201716573d372e\"},\"headline\":\"Explosi\u00f3n social en Linares contra la brutalidad policial\",\"datePublished\":\"2021-02-16T00:05:23+00:00\",\"mainEntityOfPage\":{\"@id\":\"https:\/\/elcomunista.org\/?p=10116\"},\"wordCount\":937,\"commentCount\":0,\"publisher\":{\"@id\":\"https:\/\/elcomunista.org\/#organization\"},\"image\":{\"@id\":\"https:\/\/elcomunista.org\/?p=10116#primaryimage\"},\"thumbnailUrl\":\"https:\/\/elcomunista.org\/wp-content\/uploads\/2021\/02\/Linares_juzgados.jpg\",\"keywords\":[\"Abuso Policial\",\"Linares\",\"Represi\u00f3n Policial\"],\"articleSection\":[\"Estado Espa\u00f1ol\",\"Principales\"],\"inLanguage\":\"es\",\"potentialAction\":[{\"@type\":\"CommentAction\",\"name\":\"Comment\",\"target\":[\"https:\/\/elcomunista.org\/?p=10116#respond\"]}]},{\"@type\":\"WebPage\",\"@id\":\"https:\/\/elcomunista.org\/?p=10116\",\"url\":\"https:\/\/elcomunista.org\/?p=10116\",\"name\":\"Explosi\u00f3n social en Linares contra la brutalidad policial\",\"isPartOf\":{\"@id\":\"https:\/\/elcomunista.org\/#website\"},\"primaryImageOfPage\":{\"@id\":\"https:\/\/elcomunista.org\/?p=10116#primaryimage\"},\"image\":{\"@id\":\"https:\/\/elcomunista.org\/?p=10116#primaryimage\"},\"thumbnailUrl\":\"https:\/\/elcomunista.org\/wp-content\/uploads\/2021\/02\/Linares_juzgados.jpg\",\"datePublished\":\"2021-02-16T00:05:23+00:00\",\"breadcrumb\":{\"@id\":\"https:\/\/elcomunista.org\/?p=10116#breadcrumb\"},\"inLanguage\":\"es\",\"potentialAction\":[{\"@type\":\"ReadAction\",\"target\":[\"https:\/\/elcomunista.org\/?p=10116\"]}]},{\"@type\":\"ImageObject\",\"inLanguage\":\"es\",\"@id\":\"https:\/\/elcomunista.org\/?p=10116#primaryimage\",\"url\":\"https:\/\/elcomunista.org\/wp-content\/uploads\/2021\/02\/Linares_juzgados.jpg\",\"contentUrl\":\"https:\/\/elcomunista.org\/wp-content\/uploads\/2021\/02\/Linares_juzgados.jpg\",\"width\":640,\"height\":384},{\"@type\":\"BreadcrumbList\",\"@id\":\"https:\/\/elcomunista.org\/?p=10116#breadcrumb\",\"itemListElement\":[{\"@type\":\"ListItem\",\"position\":1,\"name\":\"Portada\",\"item\":\"https:\/\/elcomunista.org\/\"},{\"@type\":\"ListItem\",\"position\":2,\"name\":\"Explosi\u00f3n social en Linares contra la brutalidad policial\"}]},{\"@type\":\"WebSite\",\"@id\":\"https:\/\/elcomunista.org\/#website\",\"url\":\"https:\/\/elcomunista.org\/\",\"name\":\"Revoluci\u00f3n Comunista\",\"description\":\"Internacional Comunista Revolucionaria\",\"publisher\":{\"@id\":\"https:\/\/elcomunista.org\/#organization\"},\"potentialAction\":[{\"@type\":\"SearchAction\",\"target\":{\"@type\":\"EntryPoint\",\"urlTemplate\":\"https:\/\/elcomunista.org\/?s={search_term_string}\"},\"query-input\":{\"@type\":\"PropertyValueSpecification\",\"valueRequired\":true,\"valueName\":\"search_term_string\"}}],\"inLanguage\":\"es\"},{\"@type\":\"Organization\",\"@id\":\"https:\/\/elcomunista.org\/#organization\",\"name\":\"Bloque Popular Juvenil\",\"url\":\"https:\/\/elcomunista.org\/\",\"logo\":{\"@type\":\"ImageObject\",\"inLanguage\":\"es\",\"@id\":\"https:\/\/elcomunista.org\/#\/schema\/logo\/image\/\",\"url\":\"https:\/\/bloquepopularjuvenil.org\/wp-content\/uploads\/2018\/11\/bpj-militante.jpg\",\"contentUrl\":\"https:\/\/bloquepopularjuvenil.org\/wp-content\/uploads\/2018\/11\/bpj-militante.jpg\",\"width\":4000,\"height\":1390,\"caption\":\"Bloque Popular Juvenil\"},\"image\":{\"@id\":\"https:\/\/elcomunista.org\/#\/schema\/logo\/image\/\"},\"sameAs\":[\"https:\/\/www.facebook.com\/Bloquepopularjuvenil\",\"https:\/\/x.com\/ElBPJ\",\"https:\/\/www.instagram.com\/elbloque_bpj\/?hl=es-la\"]},{\"@type\":\"Person\",\"@id\":\"https:\/\/elcomunista.org\/#\/schema\/person\/d4ccce059b2bb47c44201716573d372e\",\"name\":\"Lucha de Clases - Estado Espa\u00f1ol\",\"image\":{\"@type\":\"ImageObject\",\"inLanguage\":\"es\",\"@id\":\"https:\/\/elcomunista.org\/#\/schema\/person\/image\/\",\"url\":\"https:\/\/secure.gravatar.com\/avatar\/36c26ab3d3a5d56e2eb0888027f46f73?s=96&d=mm&r=g\",\"contentUrl\":\"https:\/\/secure.gravatar.com\/avatar\/36c26ab3d3a5d56e2eb0888027f46f73?s=96&d=mm&r=g\",\"caption\":\"Lucha de Clases - Estado Espa\u00f1ol\"},\"url\":\"https:\/\/elcomunista.org\/?author=48\"}]}<\/script>\n<!-- \/ Yoast SEO plugin. -->","yoast_head_json":{"title":"Explosi\u00f3n social en Linares contra la brutalidad policial","robots":{"index":"index","follow":"follow","max-snippet":"max-snippet:-1","max-image-preview":"max-image-preview:large","max-video-preview":"max-video-preview:-1"},"canonical":"https:\/\/elcomunista.org\/?p=10116","og_locale":"es_ES","og_type":"article","og_title":"Explosi\u00f3n social en Linares contra la brutalidad policial","og_description":"Por Javier Cabrera La salvaje agresi\u00f3n de dos polic\u00edas, aparentemente borrachos, a un vecino de Linares y a su hija de 14 a\u00f1os ha provocado una explosi\u00f3n social en la ciudad andaluza. Las im\u00e1genes de la brutal paliza, grabadas por varios vecinos, se hicieron virales en poco tiempo y generaron un rumor de indignaci\u00f3n en...","og_url":"https:\/\/elcomunista.org\/?p=10116","og_site_name":"Revoluci\u00f3n Comunista","article_publisher":"https:\/\/www.facebook.com\/Bloquepopularjuvenil","article_published_time":"2021-02-16T00:05:23+00:00","og_image":[{"width":640,"height":384,"url":"https:\/\/elcomunista.org\/wp-content\/uploads\/2021\/02\/Linares_juzgados.jpg","type":"image\/jpeg"}],"author":"Lucha de Clases - Estado Espa\u00f1ol","twitter_card":"summary_large_image","twitter_creator":"@ElBPJ","twitter_site":"@ElBPJ","twitter_misc":{"Escrito por":"Lucha de Clases - Estado Espa\u00f1ol","Tiempo de lectura":"5 minutos"},"schema":{"@context":"https:\/\/schema.org","@graph":[{"@type":"Article","@id":"https:\/\/elcomunista.org\/?p=10116#article","isPartOf":{"@id":"https:\/\/elcomunista.org\/?p=10116"},"author":{"name":"Lucha de Clases - Estado Espa\u00f1ol","@id":"https:\/\/elcomunista.org\/#\/schema\/person\/d4ccce059b2bb47c44201716573d372e"},"headline":"Explosi\u00f3n social en Linares contra la brutalidad policial","datePublished":"2021-02-16T00:05:23+00:00","mainEntityOfPage":{"@id":"https:\/\/elcomunista.org\/?p=10116"},"wordCount":937,"commentCount":0,"publisher":{"@id":"https:\/\/elcomunista.org\/#organization"},"image":{"@id":"https:\/\/elcomunista.org\/?p=10116#primaryimage"},"thumbnailUrl":"https:\/\/elcomunista.org\/wp-content\/uploads\/2021\/02\/Linares_juzgados.jpg","keywords":["Abuso Policial","Linares","Represi\u00f3n Policial"],"articleSection":["Estado Espa\u00f1ol","Principales"],"inLanguage":"es","potentialAction":[{"@type":"CommentAction","name":"Comment","target":["https:\/\/elcomunista.org\/?p=10116#respond"]}]},{"@type":"WebPage","@id":"https:\/\/elcomunista.org\/?p=10116","url":"https:\/\/elcomunista.org\/?p=10116","name":"Explosi\u00f3n social en Linares contra la brutalidad policial","isPartOf":{"@id":"https:\/\/elcomunista.org\/#website"},"primaryImageOfPage":{"@id":"https:\/\/elcomunista.org\/?p=10116#primaryimage"},"image":{"@id":"https:\/\/elcomunista.org\/?p=10116#primaryimage"},"thumbnailUrl":"https:\/\/elcomunista.org\/wp-content\/uploads\/2021\/02\/Linares_juzgados.jpg","datePublished":"2021-02-16T00:05:23+00:00","breadcrumb":{"@id":"https:\/\/elcomunista.org\/?p=10116#breadcrumb"},"inLanguage":"es","potentialAction":[{"@type":"ReadAction","target":["https:\/\/elcomunista.org\/?p=10116"]}]},{"@type":"ImageObject","inLanguage":"es","@id":"https:\/\/elcomunista.org\/?p=10116#primaryimage","url":"https:\/\/elcomunista.org\/wp-content\/uploads\/2021\/02\/Linares_juzgados.jpg","contentUrl":"https:\/\/elcomunista.org\/wp-content\/uploads\/2021\/02\/Linares_juzgados.jpg","width":640,"height":384},{"@type":"BreadcrumbList","@id":"https:\/\/elcomunista.org\/?p=10116#breadcrumb","itemListElement":[{"@type":"ListItem","position":1,"name":"Portada","item":"https:\/\/elcomunista.org\/"},{"@type":"ListItem","position":2,"name":"Explosi\u00f3n social en Linares contra la brutalidad policial"}]},{"@type":"WebSite","@id":"https:\/\/elcomunista.org\/#website","url":"https:\/\/elcomunista.org\/","name":"Revoluci\u00f3n Comunista","description":"Internacional Comunista Revolucionaria","publisher":{"@id":"https:\/\/elcomunista.org\/#organization"},"potentialAction":[{"@type":"SearchAction","target":{"@type":"EntryPoint","urlTemplate":"https:\/\/elcomunista.org\/?s={search_term_string}"},"query-input":{"@type":"PropertyValueSpecification","valueRequired":true,"valueName":"search_term_string"}}],"inLanguage":"es"},{"@type":"Organization","@id":"https:\/\/elcomunista.org\/#organization","name":"Bloque Popular Juvenil","url":"https:\/\/elcomunista.org\/","logo":{"@type":"ImageObject","inLanguage":"es","@id":"https:\/\/elcomunista.org\/#\/schema\/logo\/image\/","url":"https:\/\/bloquepopularjuvenil.org\/wp-content\/uploads\/2018\/11\/bpj-militante.jpg","contentUrl":"https:\/\/bloquepopularjuvenil.org\/wp-content\/uploads\/2018\/11\/bpj-militante.jpg","width":4000,"height":1390,"caption":"Bloque Popular Juvenil"},"image":{"@id":"https:\/\/elcomunista.org\/#\/schema\/logo\/image\/"},"sameAs":["https:\/\/www.facebook.com\/Bloquepopularjuvenil","https:\/\/x.com\/ElBPJ","https:\/\/www.instagram.com\/elbloque_bpj\/?hl=es-la"]},{"@type":"Person","@id":"https:\/\/elcomunista.org\/#\/schema\/person\/d4ccce059b2bb47c44201716573d372e","name":"Lucha de Clases - Estado Espa\u00f1ol","image":{"@type":"ImageObject","inLanguage":"es","@id":"https:\/\/elcomunista.org\/#\/schema\/person\/image\/","url":"https:\/\/secure.gravatar.com\/avatar\/36c26ab3d3a5d56e2eb0888027f46f73?s=96&d=mm&r=g","contentUrl":"https:\/\/secure.gravatar.com\/avatar\/36c26ab3d3a5d56e2eb0888027f46f73?s=96&d=mm&r=g","caption":"Lucha de Clases - Estado Espa\u00f1ol"},"url":"https:\/\/elcomunista.org\/?author=48"}]}},"jetpack_featured_media_url":"https:\/\/elcomunista.org\/wp-content\/uploads\/2021\/02\/Linares_juzgados.jpg","jetpack_likes_enabled":true,"jetpack_sharing_enabled":true,"_links":{"self":[{"href":"https:\/\/elcomunista.org\/index.php?rest_route=\/wp\/v2\/posts\/10116"}],"collection":[{"href":"https:\/\/elcomunista.org\/index.php?rest_route=\/wp\/v2\/posts"}],"about":[{"href":"https:\/\/elcomunista.org\/index.php?rest_route=\/wp\/v2\/types\/post"}],"author":[{"embeddable":true,"href":"https:\/\/elcomunista.org\/index.php?rest_route=\/wp\/v2\/users\/48"}],"replies":[{"embeddable":true,"href":"https:\/\/elcomunista.org\/index.php?rest_route=%2Fwp%2Fv2%2Fcomments&post=10116"}],"version-history":[{"count":0,"href":"https:\/\/elcomunista.org\/index.php?rest_route=\/wp\/v2\/posts\/10116\/revisions"}],"wp:featuredmedia":[{"embeddable":true,"href":"https:\/\/elcomunista.org\/index.php?rest_route=\/wp\/v2\/media\/10122"}],"wp:attachment":[{"href":"https:\/\/elcomunista.org\/index.php?rest_route=%2Fwp%2Fv2%2Fmedia&parent=10116"}],"wp:term":[{"taxonomy":"category","embeddable":true,"href":"https:\/\/elcomunista.org\/index.php?rest_route=%2Fwp%2Fv2%2Fcategories&post=10116"},{"taxonomy":"post_tag","embeddable":true,"href":"https:\/\/elcomunista.org\/index.php?rest_route=%2Fwp%2Fv2%2Ftags&post=10116"}],"curies":[{"name":"wp","href":"https:\/\/api.w.org\/{rel}","templated":true}]}}