{"id":10128,"date":"2021-02-16T18:52:42","date_gmt":"2021-02-17T00:52:42","guid":{"rendered":"http:\/\/bloquepopularjuvenil.org\/?p=10128"},"modified":"2021-02-16T18:52:42","modified_gmt":"2021-02-17T00:52:42","slug":"estado-espanol-han-encarcelado-a-pablo-hasel","status":"publish","type":"post","link":"https:\/\/elcomunista.org\/?p=10128","title":{"rendered":"Estado Espa\u00f1ol: Han encarcelado a Pablo Hasel"},"content":{"rendered":"<p><strong>Por Javier Cabrera<\/strong><\/p>\n<p>Finalmente, Pablo Hasel ha sido detenido en la ma\u00f1ana del 16 de febrero por los Mossos d\u2019Esquadra y conducido a la c\u00e1rcel de Lleida. Desde hoy, Pablo Hasel se suma a la ya larga lista de presos pol\u00edticos del r\u00e9gimen del 78, poniendo en evidencia una vez m\u00e1s el car\u00e1cter profundamente antidemocr\u00e1tico y represivo del aparato del Estado espa\u00f1ol.<\/p>\n<p>Desde primera hora de la ma\u00f1ana del d\u00eda 15, Pablo Hasel permaneci\u00f3 en el rectorado de la Universitat de Lleida, acompa\u00f1ado de un buen n\u00famero de activistas solidarios que fue creciendo conforme avanzaba la jornada. Estos establecieron un cord\u00f3n alrededor del edificio y fortificaron el mismo para dificultar la entrada de la polic\u00eda. El rapero ya hab\u00eda declarado en los d\u00edas previos que no se iba a entregar voluntariamente y que tendr\u00eda que ser detenido y conducido a prisi\u00f3n por la fuerza, como finalmente ha sucedido.<\/p>\n<p>Para la jornada del 16 ya hay anunciadas numerosas concentraciones de protesta, sobre todo en Catalu\u00f1a, a las que se ir\u00e1n sumando nuevas convocatorias en los pr\u00f3ximos d\u00edas y en otras zonas del Estado. Desde Lucha de Clases \u2013 Corriente Marxista Internacional animamos al conjunto de la clase trabajadora y la juventud a participar de las misma y extenderlas a todas las zonas para dejar claro que no vamos a dejar pasar como si tal cosa esta nueva demostraci\u00f3n de la deriva represiva del r\u00e9gimen del 78.<\/p>\n<p>La detenci\u00f3n de Hasel llega en un momento cr\u00edtico para el aparato del Estado espa\u00f1ol, cuando en pocos d\u00edas se han encadenado una serie de acontecimientos que han mostrado a las claras su car\u00e1cter reaccionario y que est\u00e1n provocando que el descr\u00e9dito de las instituciones sea cada vez mayor, especialmente entre la juventud. Los sucesos de Linares de los d\u00edas 12 y 13 de febrero han dejado a\u00fan m\u00e1s tocada la imagen de la Polic\u00eda Nacional, que respondi\u00f3 con fuego real a una protesta contra la paliza que dos agentes de paisano propinaron a un vecino del municipio frente a su hija menor de edad.<\/p>\n<p>La juventud linarense, una de las m\u00e1s afectadas por el paro, la falta de horizonte y la emigraci\u00f3n de todo el estado, se enfrent\u00f3 valientemente a los uniformados y ha dejado claro, para quien quiera escuchar, que la ciudad era un polvor\u00edn desde hac\u00eda tiempo por la situaci\u00f3n econ\u00f3mica y por los abusos cotidianos de polic\u00edas como los que ahora est\u00e1n en prisi\u00f3n preventiva por estos hechos. La mayor\u00eda de los sindicatos policiales, con los reaccionarios ligados a Vox Jupol al frente, han tenido la osad\u00eda de cuestionar la medida de prisi\u00f3n preventiva para los dos agentes agresores, en una nueva muestra de desprecio a la poblaci\u00f3n. Asimismo, la direcci\u00f3n de la Polic\u00eda en Ja\u00e9n nos quiere hacer creer que los disparos con munici\u00f3n de postas que enviaron a dos j\u00f3venes al hospital fueron fruto de un desdichado error.<\/p>\n<figure class=\"wp-block-embed is-type-rich is-provider-twitter wp-block-embed-twitter\">\n<div class=\"wp-block-embed__wrapper\">\n<div class=\"twitter-tweet twitter-tweet-rendered\"><iframe id=\"twitter-widget-0\" class=\"\" title=\"Twitter Tweet\" src=\"https:\/\/platform.twitter.com\/embed\/Tweet.html?creatorScreenName=marxismomx&amp;dnt=true&amp;embedId=twitter-widget-0&amp;frame=false&amp;hideCard=false&amp;hideThread=false&amp;id=1361759907742154756&amp;lang=es&amp;origin=https%3A%2F%2Fmarxismo.mx%2Fhan-encarcelado-a-pablo-hasel-todos-a-la-calle-contra-el-regimen-del-78%2F&amp;siteScreenName=marxismomx&amp;theme=light&amp;widgetsVersion=889aa01%3A1612811843556&amp;width=500px\" frameborder=\"0\" scrolling=\"no\" allowfullscreen=\"allowfullscreen\" data-tweet-id=\"1361759907742154756\" data-mce-fragment=\"1\"><\/iframe><\/div>\n<\/div>\n<\/figure>\n<p>En Madrid, con una diferencia de dos d\u00edas, la Delegaci\u00f3n del Gobierno prohibi\u00f3 una concentraci\u00f3n en defensa de lo servicios p\u00fablicos (que finalmente se llev\u00f3 a cabo no sin antes identificar a buena parte de los congregados) y permiti\u00f3 una manifestaci\u00f3n en homenaje a la Divisi\u00f3n Azul (las tropas espa\u00f1olas que lucharon en la Uni\u00f3n Sovi\u00e9tica junto al ej\u00e9rcito nazi integradas en las SS). Esta manifestaci\u00f3n pasar\u00e1 a la historia de la infamia en el Estado espa\u00f1ol; por primera vez desde el final de la Segunda Guerra Mundial, el gran p\u00fablico ha podido escuchar en el Estado espa\u00f1ol un discurso abiertamente antisemita y negador del Holocausto. Las consignas que s\u00f3lo se escuchaban en los locales de los grup\u00fasculos nazis y en los conciertos semiclandestinos de RAC, ahora se oyen en la calle con total impunidad. El aparato del Estado parece estar engrasando sus resortes m\u00e1s violentos en previsi\u00f3n de un recrudecimiento de la lucha de clases una vez pase la emergencia sanitaria y la crisis econ\u00f3mica golpee con toda su fuerza a las familias trabajadoras y a la juventud en particular.<\/p>\n<p>A medida que los efectos de la crisis econ\u00f3mica se vayan haciendo m\u00e1s evidentes, y a medida que la extrema derecha envalentonada ensaye nuevas provocaciones, m\u00e1s explosiones y movilizaciones de masas estar\u00e1n a la orden del d\u00eda. El r\u00e9gimen del 78 y el capitalismo espa\u00f1ol est\u00e1n sentados sobre un polvor\u00edn. S\u00f3lo hace falta una direcci\u00f3n pol\u00edtica a la altura para encauzar toda esta rabia y frustraci\u00f3n hacia la revoluci\u00f3n socialista.<\/p>\n","protected":false},"excerpt":{"rendered":"<p>Por Javier Cabrera Finalmente, Pablo Hasel ha sido detenido en la ma\u00f1ana del 16 de febrero por los Mossos d\u2019Esquadra y conducido a la c\u00e1rcel de Lleida. Desde hoy, Pablo Hasel se suma a la ya larga lista de presos pol\u00edticos del r\u00e9gimen del 78, poniendo en evidencia una vez m\u00e1s el car\u00e1cter profundamente antidemocr\u00e1tico&#8230;<\/p>\n","protected":false},"author":48,"featured_media":10129,"comment_status":"open","ping_status":"open","sticky":false,"template":"","format":"standard","meta":{"_monsterinsights_skip_tracking":false,"_monsterinsights_sitenote_active":false,"_monsterinsights_sitenote_note":"","_monsterinsights_sitenote_category":0,"_uf_show_specific_survey":0,"_uf_disable_surveys":false,"_jetpack_memberships_contains_paid_content":false,"footnotes":""},"categories":[32,537],"tags":[466,1393],"class_list":["post-10128","post","type-post","status-publish","format-standard","has-post-thumbnail","hentry","category-estado-espanol","category-principales","tag-estado-espanol","tag-pablo-hasel"],"aioseo_notices":[],"yoast_head":"<!-- This site is optimized with the Yoast SEO plugin v25.6 - https:\/\/yoast.com\/wordpress\/plugins\/seo\/ -->\n<title>Estado Espa\u00f1ol: Han encarcelado a Pablo Hasel<\/title>\n<meta name=\"robots\" content=\"index, follow, max-snippet:-1, max-image-preview:large, max-video-preview:-1\" \/>\n<link rel=\"canonical\" href=\"https:\/\/elcomunista.org\/?p=10128\" \/>\n<meta property=\"og:locale\" content=\"es_ES\" \/>\n<meta property=\"og:type\" content=\"article\" \/>\n<meta property=\"og:title\" content=\"Estado Espa\u00f1ol: Han encarcelado a Pablo Hasel\" \/>\n<meta property=\"og:description\" content=\"Por Javier Cabrera Finalmente, Pablo Hasel ha sido detenido en la ma\u00f1ana del 16 de febrero por los Mossos d\u2019Esquadra y conducido a la c\u00e1rcel de Lleida. Desde hoy, Pablo Hasel se suma a la ya larga lista de presos pol\u00edticos del r\u00e9gimen del 78, poniendo en evidencia una vez m\u00e1s el car\u00e1cter profundamente antidemocr\u00e1tico...\" \/>\n<meta property=\"og:url\" content=\"https:\/\/elcomunista.org\/?p=10128\" \/>\n<meta property=\"og:site_name\" content=\"Revoluci\u00f3n Comunista\" \/>\n<meta property=\"article:publisher\" content=\"https:\/\/www.facebook.com\/Bloquepopularjuvenil\" \/>\n<meta property=\"article:published_time\" content=\"2021-02-17T00:52:42+00:00\" \/>\n<meta property=\"og:image\" content=\"https:\/\/elcomunista.org\/wp-content\/uploads\/2021\/02\/5793658.jpeg\" \/>\n\t<meta property=\"og:image:width\" content=\"1140\" \/>\n\t<meta property=\"og:image:height\" content=\"570\" \/>\n\t<meta property=\"og:image:type\" content=\"image\/jpeg\" \/>\n<meta name=\"author\" content=\"Lucha de Clases - Estado Espa\u00f1ol\" \/>\n<meta name=\"twitter:card\" content=\"summary_large_image\" \/>\n<meta name=\"twitter:creator\" content=\"@ElBPJ\" \/>\n<meta name=\"twitter:site\" content=\"@ElBPJ\" \/>\n<meta name=\"twitter:label1\" content=\"Escrito por\" \/>\n\t<meta name=\"twitter:data1\" content=\"Lucha de Clases - Estado Espa\u00f1ol\" \/>\n\t<meta name=\"twitter:label2\" content=\"Tiempo de lectura\" \/>\n\t<meta name=\"twitter:data2\" content=\"4 minutos\" \/>\n<script type=\"application\/ld+json\" class=\"yoast-schema-graph\">{\"@context\":\"https:\/\/schema.org\",\"@graph\":[{\"@type\":\"Article\",\"@id\":\"https:\/\/elcomunista.org\/?p=10128#article\",\"isPartOf\":{\"@id\":\"https:\/\/elcomunista.org\/?p=10128\"},\"author\":{\"name\":\"Lucha de Clases - Estado Espa\u00f1ol\",\"@id\":\"https:\/\/elcomunista.org\/#\/schema\/person\/d4ccce059b2bb47c44201716573d372e\"},\"headline\":\"Estado Espa\u00f1ol: Han encarcelado a Pablo Hasel\",\"datePublished\":\"2021-02-17T00:52:42+00:00\",\"mainEntityOfPage\":{\"@id\":\"https:\/\/elcomunista.org\/?p=10128\"},\"wordCount\":816,\"commentCount\":0,\"publisher\":{\"@id\":\"https:\/\/elcomunista.org\/#organization\"},\"image\":{\"@id\":\"https:\/\/elcomunista.org\/?p=10128#primaryimage\"},\"thumbnailUrl\":\"https:\/\/elcomunista.org\/wp-content\/uploads\/2021\/02\/5793658.jpeg\",\"keywords\":[\"Estado Espa\u00f1ol\",\"Pablo Hasel\"],\"articleSection\":[\"Estado Espa\u00f1ol\",\"Principales\"],\"inLanguage\":\"es\",\"potentialAction\":[{\"@type\":\"CommentAction\",\"name\":\"Comment\",\"target\":[\"https:\/\/elcomunista.org\/?p=10128#respond\"]}]},{\"@type\":\"WebPage\",\"@id\":\"https:\/\/elcomunista.org\/?p=10128\",\"url\":\"https:\/\/elcomunista.org\/?p=10128\",\"name\":\"Estado Espa\u00f1ol: Han encarcelado a Pablo Hasel\",\"isPartOf\":{\"@id\":\"https:\/\/elcomunista.org\/#website\"},\"primaryImageOfPage\":{\"@id\":\"https:\/\/elcomunista.org\/?p=10128#primaryimage\"},\"image\":{\"@id\":\"https:\/\/elcomunista.org\/?p=10128#primaryimage\"},\"thumbnailUrl\":\"https:\/\/elcomunista.org\/wp-content\/uploads\/2021\/02\/5793658.jpeg\",\"datePublished\":\"2021-02-17T00:52:42+00:00\",\"breadcrumb\":{\"@id\":\"https:\/\/elcomunista.org\/?p=10128#breadcrumb\"},\"inLanguage\":\"es\",\"potentialAction\":[{\"@type\":\"ReadAction\",\"target\":[\"https:\/\/elcomunista.org\/?p=10128\"]}]},{\"@type\":\"ImageObject\",\"inLanguage\":\"es\",\"@id\":\"https:\/\/elcomunista.org\/?p=10128#primaryimage\",\"url\":\"https:\/\/elcomunista.org\/wp-content\/uploads\/2021\/02\/5793658.jpeg\",\"contentUrl\":\"https:\/\/elcomunista.org\/wp-content\/uploads\/2021\/02\/5793658.jpeg\",\"width\":1140,\"height\":570},{\"@type\":\"BreadcrumbList\",\"@id\":\"https:\/\/elcomunista.org\/?p=10128#breadcrumb\",\"itemListElement\":[{\"@type\":\"ListItem\",\"position\":1,\"name\":\"Portada\",\"item\":\"https:\/\/elcomunista.org\/\"},{\"@type\":\"ListItem\",\"position\":2,\"name\":\"Estado Espa\u00f1ol: Han encarcelado a Pablo Hasel\"}]},{\"@type\":\"WebSite\",\"@id\":\"https:\/\/elcomunista.org\/#website\",\"url\":\"https:\/\/elcomunista.org\/\",\"name\":\"Revoluci\u00f3n Comunista\",\"description\":\"Internacional Comunista Revolucionaria\",\"publisher\":{\"@id\":\"https:\/\/elcomunista.org\/#organization\"},\"potentialAction\":[{\"@type\":\"SearchAction\",\"target\":{\"@type\":\"EntryPoint\",\"urlTemplate\":\"https:\/\/elcomunista.org\/?s={search_term_string}\"},\"query-input\":{\"@type\":\"PropertyValueSpecification\",\"valueRequired\":true,\"valueName\":\"search_term_string\"}}],\"inLanguage\":\"es\"},{\"@type\":\"Organization\",\"@id\":\"https:\/\/elcomunista.org\/#organization\",\"name\":\"Bloque Popular Juvenil\",\"url\":\"https:\/\/elcomunista.org\/\",\"logo\":{\"@type\":\"ImageObject\",\"inLanguage\":\"es\",\"@id\":\"https:\/\/elcomunista.org\/#\/schema\/logo\/image\/\",\"url\":\"https:\/\/bloquepopularjuvenil.org\/wp-content\/uploads\/2018\/11\/bpj-militante.jpg\",\"contentUrl\":\"https:\/\/bloquepopularjuvenil.org\/wp-content\/uploads\/2018\/11\/bpj-militante.jpg\",\"width\":4000,\"height\":1390,\"caption\":\"Bloque Popular Juvenil\"},\"image\":{\"@id\":\"https:\/\/elcomunista.org\/#\/schema\/logo\/image\/\"},\"sameAs\":[\"https:\/\/www.facebook.com\/Bloquepopularjuvenil\",\"https:\/\/x.com\/ElBPJ\",\"https:\/\/www.instagram.com\/elbloque_bpj\/?hl=es-la\"]},{\"@type\":\"Person\",\"@id\":\"https:\/\/elcomunista.org\/#\/schema\/person\/d4ccce059b2bb47c44201716573d372e\",\"name\":\"Lucha de Clases - Estado Espa\u00f1ol\",\"image\":{\"@type\":\"ImageObject\",\"inLanguage\":\"es\",\"@id\":\"https:\/\/elcomunista.org\/#\/schema\/person\/image\/\",\"url\":\"https:\/\/secure.gravatar.com\/avatar\/36c26ab3d3a5d56e2eb0888027f46f73?s=96&d=mm&r=g\",\"contentUrl\":\"https:\/\/secure.gravatar.com\/avatar\/36c26ab3d3a5d56e2eb0888027f46f73?s=96&d=mm&r=g\",\"caption\":\"Lucha de Clases - Estado Espa\u00f1ol\"},\"url\":\"https:\/\/elcomunista.org\/?author=48\"}]}<\/script>\n<!-- \/ Yoast SEO plugin. -->","yoast_head_json":{"title":"Estado Espa\u00f1ol: Han encarcelado a Pablo Hasel","robots":{"index":"index","follow":"follow","max-snippet":"max-snippet:-1","max-image-preview":"max-image-preview:large","max-video-preview":"max-video-preview:-1"},"canonical":"https:\/\/elcomunista.org\/?p=10128","og_locale":"es_ES","og_type":"article","og_title":"Estado Espa\u00f1ol: Han encarcelado a Pablo Hasel","og_description":"Por Javier Cabrera Finalmente, Pablo Hasel ha sido detenido en la ma\u00f1ana del 16 de febrero por los Mossos d\u2019Esquadra y conducido a la c\u00e1rcel de Lleida. Desde hoy, Pablo Hasel se suma a la ya larga lista de presos pol\u00edticos del r\u00e9gimen del 78, poniendo en evidencia una vez m\u00e1s el car\u00e1cter profundamente antidemocr\u00e1tico...","og_url":"https:\/\/elcomunista.org\/?p=10128","og_site_name":"Revoluci\u00f3n Comunista","article_publisher":"https:\/\/www.facebook.com\/Bloquepopularjuvenil","article_published_time":"2021-02-17T00:52:42+00:00","og_image":[{"width":1140,"height":570,"url":"https:\/\/elcomunista.org\/wp-content\/uploads\/2021\/02\/5793658.jpeg","type":"image\/jpeg"}],"author":"Lucha de Clases - Estado Espa\u00f1ol","twitter_card":"summary_large_image","twitter_creator":"@ElBPJ","twitter_site":"@ElBPJ","twitter_misc":{"Escrito por":"Lucha de Clases - Estado Espa\u00f1ol","Tiempo de lectura":"4 minutos"},"schema":{"@context":"https:\/\/schema.org","@graph":[{"@type":"Article","@id":"https:\/\/elcomunista.org\/?p=10128#article","isPartOf":{"@id":"https:\/\/elcomunista.org\/?p=10128"},"author":{"name":"Lucha de Clases - Estado Espa\u00f1ol","@id":"https:\/\/elcomunista.org\/#\/schema\/person\/d4ccce059b2bb47c44201716573d372e"},"headline":"Estado Espa\u00f1ol: Han encarcelado a Pablo Hasel","datePublished":"2021-02-17T00:52:42+00:00","mainEntityOfPage":{"@id":"https:\/\/elcomunista.org\/?p=10128"},"wordCount":816,"commentCount":0,"publisher":{"@id":"https:\/\/elcomunista.org\/#organization"},"image":{"@id":"https:\/\/elcomunista.org\/?p=10128#primaryimage"},"thumbnailUrl":"https:\/\/elcomunista.org\/wp-content\/uploads\/2021\/02\/5793658.jpeg","keywords":["Estado Espa\u00f1ol","Pablo Hasel"],"articleSection":["Estado Espa\u00f1ol","Principales"],"inLanguage":"es","potentialAction":[{"@type":"CommentAction","name":"Comment","target":["https:\/\/elcomunista.org\/?p=10128#respond"]}]},{"@type":"WebPage","@id":"https:\/\/elcomunista.org\/?p=10128","url":"https:\/\/elcomunista.org\/?p=10128","name":"Estado Espa\u00f1ol: Han encarcelado a Pablo Hasel","isPartOf":{"@id":"https:\/\/elcomunista.org\/#website"},"primaryImageOfPage":{"@id":"https:\/\/elcomunista.org\/?p=10128#primaryimage"},"image":{"@id":"https:\/\/elcomunista.org\/?p=10128#primaryimage"},"thumbnailUrl":"https:\/\/elcomunista.org\/wp-content\/uploads\/2021\/02\/5793658.jpeg","datePublished":"2021-02-17T00:52:42+00:00","breadcrumb":{"@id":"https:\/\/elcomunista.org\/?p=10128#breadcrumb"},"inLanguage":"es","potentialAction":[{"@type":"ReadAction","target":["https:\/\/elcomunista.org\/?p=10128"]}]},{"@type":"ImageObject","inLanguage":"es","@id":"https:\/\/elcomunista.org\/?p=10128#primaryimage","url":"https:\/\/elcomunista.org\/wp-content\/uploads\/2021\/02\/5793658.jpeg","contentUrl":"https:\/\/elcomunista.org\/wp-content\/uploads\/2021\/02\/5793658.jpeg","width":1140,"height":570},{"@type":"BreadcrumbList","@id":"https:\/\/elcomunista.org\/?p=10128#breadcrumb","itemListElement":[{"@type":"ListItem","position":1,"name":"Portada","item":"https:\/\/elcomunista.org\/"},{"@type":"ListItem","position":2,"name":"Estado Espa\u00f1ol: Han encarcelado a Pablo Hasel"}]},{"@type":"WebSite","@id":"https:\/\/elcomunista.org\/#website","url":"https:\/\/elcomunista.org\/","name":"Revoluci\u00f3n Comunista","description":"Internacional Comunista Revolucionaria","publisher":{"@id":"https:\/\/elcomunista.org\/#organization"},"potentialAction":[{"@type":"SearchAction","target":{"@type":"EntryPoint","urlTemplate":"https:\/\/elcomunista.org\/?s={search_term_string}"},"query-input":{"@type":"PropertyValueSpecification","valueRequired":true,"valueName":"search_term_string"}}],"inLanguage":"es"},{"@type":"Organization","@id":"https:\/\/elcomunista.org\/#organization","name":"Bloque Popular Juvenil","url":"https:\/\/elcomunista.org\/","logo":{"@type":"ImageObject","inLanguage":"es","@id":"https:\/\/elcomunista.org\/#\/schema\/logo\/image\/","url":"https:\/\/bloquepopularjuvenil.org\/wp-content\/uploads\/2018\/11\/bpj-militante.jpg","contentUrl":"https:\/\/bloquepopularjuvenil.org\/wp-content\/uploads\/2018\/11\/bpj-militante.jpg","width":4000,"height":1390,"caption":"Bloque Popular Juvenil"},"image":{"@id":"https:\/\/elcomunista.org\/#\/schema\/logo\/image\/"},"sameAs":["https:\/\/www.facebook.com\/Bloquepopularjuvenil","https:\/\/x.com\/ElBPJ","https:\/\/www.instagram.com\/elbloque_bpj\/?hl=es-la"]},{"@type":"Person","@id":"https:\/\/elcomunista.org\/#\/schema\/person\/d4ccce059b2bb47c44201716573d372e","name":"Lucha de Clases - Estado Espa\u00f1ol","image":{"@type":"ImageObject","inLanguage":"es","@id":"https:\/\/elcomunista.org\/#\/schema\/person\/image\/","url":"https:\/\/secure.gravatar.com\/avatar\/36c26ab3d3a5d56e2eb0888027f46f73?s=96&d=mm&r=g","contentUrl":"https:\/\/secure.gravatar.com\/avatar\/36c26ab3d3a5d56e2eb0888027f46f73?s=96&d=mm&r=g","caption":"Lucha de Clases - Estado Espa\u00f1ol"},"url":"https:\/\/elcomunista.org\/?author=48"}]}},"jetpack_featured_media_url":"https:\/\/elcomunista.org\/wp-content\/uploads\/2021\/02\/5793658.jpeg","jetpack_likes_enabled":true,"jetpack_sharing_enabled":true,"_links":{"self":[{"href":"https:\/\/elcomunista.org\/index.php?rest_route=\/wp\/v2\/posts\/10128"}],"collection":[{"href":"https:\/\/elcomunista.org\/index.php?rest_route=\/wp\/v2\/posts"}],"about":[{"href":"https:\/\/elcomunista.org\/index.php?rest_route=\/wp\/v2\/types\/post"}],"author":[{"embeddable":true,"href":"https:\/\/elcomunista.org\/index.php?rest_route=\/wp\/v2\/users\/48"}],"replies":[{"embeddable":true,"href":"https:\/\/elcomunista.org\/index.php?rest_route=%2Fwp%2Fv2%2Fcomments&post=10128"}],"version-history":[{"count":0,"href":"https:\/\/elcomunista.org\/index.php?rest_route=\/wp\/v2\/posts\/10128\/revisions"}],"wp:featuredmedia":[{"embeddable":true,"href":"https:\/\/elcomunista.org\/index.php?rest_route=\/wp\/v2\/media\/10129"}],"wp:attachment":[{"href":"https:\/\/elcomunista.org\/index.php?rest_route=%2Fwp%2Fv2%2Fmedia&parent=10128"}],"wp:term":[{"taxonomy":"category","embeddable":true,"href":"https:\/\/elcomunista.org\/index.php?rest_route=%2Fwp%2Fv2%2Fcategories&post=10128"},{"taxonomy":"post_tag","embeddable":true,"href":"https:\/\/elcomunista.org\/index.php?rest_route=%2Fwp%2Fv2%2Ftags&post=10128"}],"curies":[{"name":"wp","href":"https:\/\/api.w.org\/{rel}","templated":true}]}}