{"id":10183,"date":"2021-03-10T10:35:00","date_gmt":"2021-03-10T16:35:00","guid":{"rendered":"http:\/\/bloquepopularjuvenil.org\/?p=10183"},"modified":"2021-03-10T10:35:00","modified_gmt":"2021-03-10T16:35:00","slug":"homenaje-internacional-a-esteban-volkov-nieto-de-trotsky","status":"publish","type":"post","link":"https:\/\/elcomunista.org\/?p=10183","title":{"rendered":"Homenaje internacional a Esteban Volkov, nieto de Trotsky"},"content":{"rendered":"<p>El 7 de marzo de este a\u00f1o, Esteban Volkov, el nieto de Le\u00f3n Trotsky, cumpli\u00f3 95 a\u00f1os. Con este motivo, el Museo Casa Le\u00f3n Trotsky en M\u00e9xico ha organizado un homenaje internacional al hombre que ha dedicado toda su vida a la defensa del legado y las ideas del revolucionario ruso asesinado por orden de Stalin. El homenaje se celebrar\u00e1 el jueves 11 de marzo de manera virtual y constar\u00e1 de tres paneles diferentes con la participaci\u00f3n de militantes y personalidades que durante estos a\u00f1os han tenido una relaci\u00f3n cercana con Esteban Volkov y han apoyado al Museo para que pueda seguir con su tarea de mantener viva la memoria hist\u00f3rica de Le\u00f3n Trotsky.<\/p>\n<p>El primer panel, que ser\u00e1 moderado por la directora del Museo, la Maestra Gabriela P\u00e9rez Noriega, contar\u00e1 con la presencia del propio Esteban \u00abSieva\u00bb Volkov, del escritor cubano Leonardo Padura, del dirigente de la Corriente Marxista Internacional Alan Woods, el dirigente de la Esquerda Marxista de Brasil (CMI) Segre Goulart, as\u00ed como del miembro de la direcci\u00f3n nacional del PSOL Roberto Robaina. Este primer panel ser\u00e1 a las 10 am hora de M\u00e9xico (4pm en Londres, 5pm en Madrid).<\/p>\n<p>El acto se transmitir\u00e1 por las redes sociales del Museo (FB <a href=\"https:\/\/www.facebook.com\/events\/243991244051013\">https:\/\/www.facebook.com\/events\/243991244051013<\/a>).<\/p>\n<p>Los compa\u00f1eros de La Izquierda Socialista, secci\u00f3n mexicana de la CMI, han dedicado el \u00faltimo n\u00famero de su peri\u00f3dico al homenaje a Esteban Volkov (<a href=\"https:\/\/marxismo.mx\/la-izquierda-socialista-n-29-rendimos-un-humilde-homenaje-a-esteban-volkov-bronstein\/\">https:\/\/marxismo.mx\/la-izquierda-socialista-n-29-rendimos-un-humilde-homenaje-a-esteban-volkov-bronstein\/<\/a>), incluyendo la republicaci\u00f3n de un texto que Alan Woods escribi\u00f3 sobre el Museo en 2003: La casa de Coyoac\u00e1n &#8211; Reflejos de los \u00faltimos a\u00f1os de Trotsky.<\/p>\n<p>Como parte del homenaje a Esteban Volkov, el Museo Le\u00f3n Trotsky y el Centro de Estudios Socialistas Carlos Marx (la casa editorial de la CMI en espa\u00f1ol) han puesto a disposici\u00f3n las principales obras de Le\u00f3n Trotsky en formato web, PDF y libro electr\u00f3nico en esta p\u00e1gina:\u00a0<a href=\"https:\/\/centromarx.org\/libreria\/clasicos\/175-seleccion-de-libros-de-leon-trotsky.html\">https:\/\/centromarx.org\/libreria\/clasicos\/175-seleccion-de-libros-de-leon-trotsky.html<\/a><\/p>\n<p><img loading=\"lazy\" decoding=\"async\" src=\"https:\/\/www.marxist.com\/images\/cache\/c87288f9e3c5e03ba88186eef6a7bf07_w720_h512.png\" alt=\"Volkov bday 2\" width=\"720\" height=\"360\" \/><img loading=\"lazy\" decoding=\"async\" src=\"https:\/\/www.marxist.com\/images\/cache\/18dd10d3de200f86f41326044459b516_w720_h512.png\" alt=\"trotsky3\" width=\"720\" height=\"360\" \/><img loading=\"lazy\" decoding=\"async\" src=\"https:\/\/www.marxist.com\/images\/cache\/3da0a4cf1dc4624662983d14a27748e1_w720_h512.png\" alt=\"trotsky4\" width=\"720\" height=\"360\" \/><\/p>\n","protected":false},"excerpt":{"rendered":"<p>El 7 de marzo de este a\u00f1o, Esteban Volkov, el nieto de Le\u00f3n Trotsky, cumpli\u00f3 95 a\u00f1os. Con este motivo, el Museo Casa Le\u00f3n Trotsky en M\u00e9xico ha organizado un homenaje internacional al hombre que ha dedicado toda su vida a la defensa del legado y las ideas del revolucionario ruso asesinado por orden de&#8230;<\/p>\n","protected":false},"author":62,"featured_media":10184,"comment_status":"open","ping_status":"open","sticky":false,"template":"","format":"standard","meta":{"_monsterinsights_skip_tracking":false,"_monsterinsights_sitenote_active":false,"_monsterinsights_sitenote_note":"","_monsterinsights_sitenote_category":0,"_uf_show_specific_survey":0,"_uf_disable_surveys":false,"_jetpack_memberships_contains_paid_content":false,"footnotes":""},"categories":[982,399,984,537],"tags":[1404,1403,172,152],"class_list":["post-10183","post","type-post","status-publish","format-standard","has-post-thumbnail","hentry","category-actividades","category-en-defensa-del-marxismo","category-internacional-comunista-revolucionaria","category-principales","tag-esteban-volkov","tag-homenaje","tag-marxismo","tag-trotsky"],"aioseo_notices":[],"yoast_head":"<!-- This site is optimized with the Yoast SEO plugin v25.6 - https:\/\/yoast.com\/wordpress\/plugins\/seo\/ -->\n<title>Homenaje internacional a Esteban Volkov, nieto de Trotsky<\/title>\n<meta name=\"robots\" content=\"index, follow, max-snippet:-1, max-image-preview:large, max-video-preview:-1\" \/>\n<link rel=\"canonical\" href=\"https:\/\/elcomunista.org\/?p=10183\" \/>\n<meta property=\"og:locale\" content=\"es_ES\" \/>\n<meta property=\"og:type\" content=\"article\" \/>\n<meta property=\"og:title\" content=\"Homenaje internacional a Esteban Volkov, nieto de Trotsky\" \/>\n<meta property=\"og:description\" content=\"El 7 de marzo de este a\u00f1o, Esteban Volkov, el nieto de Le\u00f3n Trotsky, cumpli\u00f3 95 a\u00f1os. Con este motivo, el Museo Casa Le\u00f3n Trotsky en M\u00e9xico ha organizado un homenaje internacional al hombre que ha dedicado toda su vida a la defensa del legado y las ideas del revolucionario ruso asesinado por orden de...\" \/>\n<meta property=\"og:url\" content=\"https:\/\/elcomunista.org\/?p=10183\" \/>\n<meta property=\"og:site_name\" content=\"Revoluci\u00f3n Comunista\" \/>\n<meta property=\"article:publisher\" content=\"https:\/\/www.facebook.com\/Bloquepopularjuvenil\" \/>\n<meta property=\"article:published_time\" content=\"2021-03-10T16:35:00+00:00\" \/>\n<meta property=\"og:image\" content=\"https:\/\/elcomunista.org\/wp-content\/uploads\/2021\/03\/dd4d4d2df47ca044f2d78fac8012466a_w700_h500.png\" \/>\n\t<meta property=\"og:image:width\" content=\"700\" \/>\n\t<meta property=\"og:image:height\" content=\"350\" \/>\n\t<meta property=\"og:image:type\" content=\"image\/png\" \/>\n<meta name=\"author\" content=\"Internacional Comunista Revolucionaria\" \/>\n<meta name=\"twitter:card\" content=\"summary_large_image\" \/>\n<meta name=\"twitter:creator\" content=\"@ElBPJ\" \/>\n<meta name=\"twitter:site\" content=\"@ElBPJ\" \/>\n<meta name=\"twitter:label1\" content=\"Escrito por\" \/>\n\t<meta name=\"twitter:data1\" content=\"Internacional Comunista Revolucionaria\" \/>\n\t<meta name=\"twitter:label2\" content=\"Tiempo de lectura\" \/>\n\t<meta name=\"twitter:data2\" content=\"2 minutos\" \/>\n<script type=\"application\/ld+json\" class=\"yoast-schema-graph\">{\"@context\":\"https:\/\/schema.org\",\"@graph\":[{\"@type\":\"Article\",\"@id\":\"https:\/\/elcomunista.org\/?p=10183#article\",\"isPartOf\":{\"@id\":\"https:\/\/elcomunista.org\/?p=10183\"},\"author\":{\"name\":\"Internacional Comunista Revolucionaria\",\"@id\":\"https:\/\/elcomunista.org\/#\/schema\/person\/f263a81caf9b6558c019b2d6b83e55be\"},\"headline\":\"Homenaje internacional a Esteban Volkov, nieto de Trotsky\",\"datePublished\":\"2021-03-10T16:35:00+00:00\",\"mainEntityOfPage\":{\"@id\":\"https:\/\/elcomunista.org\/?p=10183\"},\"wordCount\":348,\"commentCount\":0,\"publisher\":{\"@id\":\"https:\/\/elcomunista.org\/#organization\"},\"image\":{\"@id\":\"https:\/\/elcomunista.org\/?p=10183#primaryimage\"},\"thumbnailUrl\":\"https:\/\/elcomunista.org\/wp-content\/uploads\/2021\/03\/dd4d4d2df47ca044f2d78fac8012466a_w700_h500.png\",\"keywords\":[\"Esteban Volkov\",\"Homenaje\",\"Marxismo\",\"Trotsky\"],\"articleSection\":[\"Actividades\",\"En defensa del marxismo\",\"Internacional Comunista Revolucionaria\",\"Principales\"],\"inLanguage\":\"es\",\"potentialAction\":[{\"@type\":\"CommentAction\",\"name\":\"Comment\",\"target\":[\"https:\/\/elcomunista.org\/?p=10183#respond\"]}]},{\"@type\":\"WebPage\",\"@id\":\"https:\/\/elcomunista.org\/?p=10183\",\"url\":\"https:\/\/elcomunista.org\/?p=10183\",\"name\":\"Homenaje internacional a Esteban Volkov, nieto de Trotsky\",\"isPartOf\":{\"@id\":\"https:\/\/elcomunista.org\/#website\"},\"primaryImageOfPage\":{\"@id\":\"https:\/\/elcomunista.org\/?p=10183#primaryimage\"},\"image\":{\"@id\":\"https:\/\/elcomunista.org\/?p=10183#primaryimage\"},\"thumbnailUrl\":\"https:\/\/elcomunista.org\/wp-content\/uploads\/2021\/03\/dd4d4d2df47ca044f2d78fac8012466a_w700_h500.png\",\"datePublished\":\"2021-03-10T16:35:00+00:00\",\"breadcrumb\":{\"@id\":\"https:\/\/elcomunista.org\/?p=10183#breadcrumb\"},\"inLanguage\":\"es\",\"potentialAction\":[{\"@type\":\"ReadAction\",\"target\":[\"https:\/\/elcomunista.org\/?p=10183\"]}]},{\"@type\":\"ImageObject\",\"inLanguage\":\"es\",\"@id\":\"https:\/\/elcomunista.org\/?p=10183#primaryimage\",\"url\":\"https:\/\/elcomunista.org\/wp-content\/uploads\/2021\/03\/dd4d4d2df47ca044f2d78fac8012466a_w700_h500.png\",\"contentUrl\":\"https:\/\/elcomunista.org\/wp-content\/uploads\/2021\/03\/dd4d4d2df47ca044f2d78fac8012466a_w700_h500.png\",\"width\":700,\"height\":350},{\"@type\":\"BreadcrumbList\",\"@id\":\"https:\/\/elcomunista.org\/?p=10183#breadcrumb\",\"itemListElement\":[{\"@type\":\"ListItem\",\"position\":1,\"name\":\"Portada\",\"item\":\"https:\/\/elcomunista.org\/\"},{\"@type\":\"ListItem\",\"position\":2,\"name\":\"Homenaje internacional a Esteban Volkov, nieto de Trotsky\"}]},{\"@type\":\"WebSite\",\"@id\":\"https:\/\/elcomunista.org\/#website\",\"url\":\"https:\/\/elcomunista.org\/\",\"name\":\"Revoluci\u00f3n Comunista\",\"description\":\"Internacional Comunista Revolucionaria\",\"publisher\":{\"@id\":\"https:\/\/elcomunista.org\/#organization\"},\"potentialAction\":[{\"@type\":\"SearchAction\",\"target\":{\"@type\":\"EntryPoint\",\"urlTemplate\":\"https:\/\/elcomunista.org\/?s={search_term_string}\"},\"query-input\":{\"@type\":\"PropertyValueSpecification\",\"valueRequired\":true,\"valueName\":\"search_term_string\"}}],\"inLanguage\":\"es\"},{\"@type\":\"Organization\",\"@id\":\"https:\/\/elcomunista.org\/#organization\",\"name\":\"Bloque Popular Juvenil\",\"url\":\"https:\/\/elcomunista.org\/\",\"logo\":{\"@type\":\"ImageObject\",\"inLanguage\":\"es\",\"@id\":\"https:\/\/elcomunista.org\/#\/schema\/logo\/image\/\",\"url\":\"https:\/\/bloquepopularjuvenil.org\/wp-content\/uploads\/2018\/11\/bpj-militante.jpg\",\"contentUrl\":\"https:\/\/bloquepopularjuvenil.org\/wp-content\/uploads\/2018\/11\/bpj-militante.jpg\",\"width\":4000,\"height\":1390,\"caption\":\"Bloque Popular Juvenil\"},\"image\":{\"@id\":\"https:\/\/elcomunista.org\/#\/schema\/logo\/image\/\"},\"sameAs\":[\"https:\/\/www.facebook.com\/Bloquepopularjuvenil\",\"https:\/\/x.com\/ElBPJ\",\"https:\/\/www.instagram.com\/elbloque_bpj\/?hl=es-la\"]},{\"@type\":\"Person\",\"@id\":\"https:\/\/elcomunista.org\/#\/schema\/person\/f263a81caf9b6558c019b2d6b83e55be\",\"name\":\"Internacional Comunista Revolucionaria\",\"image\":{\"@type\":\"ImageObject\",\"inLanguage\":\"es\",\"@id\":\"https:\/\/elcomunista.org\/#\/schema\/person\/image\/\",\"url\":\"https:\/\/secure.gravatar.com\/avatar\/007ae9c82193c93b7cbb3bbda1ed8c15?s=96&d=mm&r=g\",\"contentUrl\":\"https:\/\/secure.gravatar.com\/avatar\/007ae9c82193c93b7cbb3bbda1ed8c15?s=96&d=mm&r=g\",\"caption\":\"Internacional Comunista Revolucionaria\"},\"url\":\"https:\/\/elcomunista.org\/?author=62\"}]}<\/script>\n<!-- \/ Yoast SEO plugin. -->","yoast_head_json":{"title":"Homenaje internacional a Esteban Volkov, nieto de Trotsky","robots":{"index":"index","follow":"follow","max-snippet":"max-snippet:-1","max-image-preview":"max-image-preview:large","max-video-preview":"max-video-preview:-1"},"canonical":"https:\/\/elcomunista.org\/?p=10183","og_locale":"es_ES","og_type":"article","og_title":"Homenaje internacional a Esteban Volkov, nieto de Trotsky","og_description":"El 7 de marzo de este a\u00f1o, Esteban Volkov, el nieto de Le\u00f3n Trotsky, cumpli\u00f3 95 a\u00f1os. Con este motivo, el Museo Casa Le\u00f3n Trotsky en M\u00e9xico ha organizado un homenaje internacional al hombre que ha dedicado toda su vida a la defensa del legado y las ideas del revolucionario ruso asesinado por orden de...","og_url":"https:\/\/elcomunista.org\/?p=10183","og_site_name":"Revoluci\u00f3n Comunista","article_publisher":"https:\/\/www.facebook.com\/Bloquepopularjuvenil","article_published_time":"2021-03-10T16:35:00+00:00","og_image":[{"width":700,"height":350,"url":"https:\/\/elcomunista.org\/wp-content\/uploads\/2021\/03\/dd4d4d2df47ca044f2d78fac8012466a_w700_h500.png","type":"image\/png"}],"author":"Internacional Comunista Revolucionaria","twitter_card":"summary_large_image","twitter_creator":"@ElBPJ","twitter_site":"@ElBPJ","twitter_misc":{"Escrito por":"Internacional Comunista Revolucionaria","Tiempo de lectura":"2 minutos"},"schema":{"@context":"https:\/\/schema.org","@graph":[{"@type":"Article","@id":"https:\/\/elcomunista.org\/?p=10183#article","isPartOf":{"@id":"https:\/\/elcomunista.org\/?p=10183"},"author":{"name":"Internacional Comunista Revolucionaria","@id":"https:\/\/elcomunista.org\/#\/schema\/person\/f263a81caf9b6558c019b2d6b83e55be"},"headline":"Homenaje internacional a Esteban Volkov, nieto de Trotsky","datePublished":"2021-03-10T16:35:00+00:00","mainEntityOfPage":{"@id":"https:\/\/elcomunista.org\/?p=10183"},"wordCount":348,"commentCount":0,"publisher":{"@id":"https:\/\/elcomunista.org\/#organization"},"image":{"@id":"https:\/\/elcomunista.org\/?p=10183#primaryimage"},"thumbnailUrl":"https:\/\/elcomunista.org\/wp-content\/uploads\/2021\/03\/dd4d4d2df47ca044f2d78fac8012466a_w700_h500.png","keywords":["Esteban Volkov","Homenaje","Marxismo","Trotsky"],"articleSection":["Actividades","En defensa del marxismo","Internacional Comunista Revolucionaria","Principales"],"inLanguage":"es","potentialAction":[{"@type":"CommentAction","name":"Comment","target":["https:\/\/elcomunista.org\/?p=10183#respond"]}]},{"@type":"WebPage","@id":"https:\/\/elcomunista.org\/?p=10183","url":"https:\/\/elcomunista.org\/?p=10183","name":"Homenaje internacional a Esteban Volkov, nieto de Trotsky","isPartOf":{"@id":"https:\/\/elcomunista.org\/#website"},"primaryImageOfPage":{"@id":"https:\/\/elcomunista.org\/?p=10183#primaryimage"},"image":{"@id":"https:\/\/elcomunista.org\/?p=10183#primaryimage"},"thumbnailUrl":"https:\/\/elcomunista.org\/wp-content\/uploads\/2021\/03\/dd4d4d2df47ca044f2d78fac8012466a_w700_h500.png","datePublished":"2021-03-10T16:35:00+00:00","breadcrumb":{"@id":"https:\/\/elcomunista.org\/?p=10183#breadcrumb"},"inLanguage":"es","potentialAction":[{"@type":"ReadAction","target":["https:\/\/elcomunista.org\/?p=10183"]}]},{"@type":"ImageObject","inLanguage":"es","@id":"https:\/\/elcomunista.org\/?p=10183#primaryimage","url":"https:\/\/elcomunista.org\/wp-content\/uploads\/2021\/03\/dd4d4d2df47ca044f2d78fac8012466a_w700_h500.png","contentUrl":"https:\/\/elcomunista.org\/wp-content\/uploads\/2021\/03\/dd4d4d2df47ca044f2d78fac8012466a_w700_h500.png","width":700,"height":350},{"@type":"BreadcrumbList","@id":"https:\/\/elcomunista.org\/?p=10183#breadcrumb","itemListElement":[{"@type":"ListItem","position":1,"name":"Portada","item":"https:\/\/elcomunista.org\/"},{"@type":"ListItem","position":2,"name":"Homenaje internacional a Esteban Volkov, nieto de Trotsky"}]},{"@type":"WebSite","@id":"https:\/\/elcomunista.org\/#website","url":"https:\/\/elcomunista.org\/","name":"Revoluci\u00f3n Comunista","description":"Internacional Comunista Revolucionaria","publisher":{"@id":"https:\/\/elcomunista.org\/#organization"},"potentialAction":[{"@type":"SearchAction","target":{"@type":"EntryPoint","urlTemplate":"https:\/\/elcomunista.org\/?s={search_term_string}"},"query-input":{"@type":"PropertyValueSpecification","valueRequired":true,"valueName":"search_term_string"}}],"inLanguage":"es"},{"@type":"Organization","@id":"https:\/\/elcomunista.org\/#organization","name":"Bloque Popular Juvenil","url":"https:\/\/elcomunista.org\/","logo":{"@type":"ImageObject","inLanguage":"es","@id":"https:\/\/elcomunista.org\/#\/schema\/logo\/image\/","url":"https:\/\/bloquepopularjuvenil.org\/wp-content\/uploads\/2018\/11\/bpj-militante.jpg","contentUrl":"https:\/\/bloquepopularjuvenil.org\/wp-content\/uploads\/2018\/11\/bpj-militante.jpg","width":4000,"height":1390,"caption":"Bloque Popular Juvenil"},"image":{"@id":"https:\/\/elcomunista.org\/#\/schema\/logo\/image\/"},"sameAs":["https:\/\/www.facebook.com\/Bloquepopularjuvenil","https:\/\/x.com\/ElBPJ","https:\/\/www.instagram.com\/elbloque_bpj\/?hl=es-la"]},{"@type":"Person","@id":"https:\/\/elcomunista.org\/#\/schema\/person\/f263a81caf9b6558c019b2d6b83e55be","name":"Internacional Comunista Revolucionaria","image":{"@type":"ImageObject","inLanguage":"es","@id":"https:\/\/elcomunista.org\/#\/schema\/person\/image\/","url":"https:\/\/secure.gravatar.com\/avatar\/007ae9c82193c93b7cbb3bbda1ed8c15?s=96&d=mm&r=g","contentUrl":"https:\/\/secure.gravatar.com\/avatar\/007ae9c82193c93b7cbb3bbda1ed8c15?s=96&d=mm&r=g","caption":"Internacional Comunista Revolucionaria"},"url":"https:\/\/elcomunista.org\/?author=62"}]}},"jetpack_featured_media_url":"https:\/\/elcomunista.org\/wp-content\/uploads\/2021\/03\/dd4d4d2df47ca044f2d78fac8012466a_w700_h500.png","jetpack_likes_enabled":true,"jetpack_sharing_enabled":true,"_links":{"self":[{"href":"https:\/\/elcomunista.org\/index.php?rest_route=\/wp\/v2\/posts\/10183"}],"collection":[{"href":"https:\/\/elcomunista.org\/index.php?rest_route=\/wp\/v2\/posts"}],"about":[{"href":"https:\/\/elcomunista.org\/index.php?rest_route=\/wp\/v2\/types\/post"}],"author":[{"embeddable":true,"href":"https:\/\/elcomunista.org\/index.php?rest_route=\/wp\/v2\/users\/62"}],"replies":[{"embeddable":true,"href":"https:\/\/elcomunista.org\/index.php?rest_route=%2Fwp%2Fv2%2Fcomments&post=10183"}],"version-history":[{"count":0,"href":"https:\/\/elcomunista.org\/index.php?rest_route=\/wp\/v2\/posts\/10183\/revisions"}],"wp:featuredmedia":[{"embeddable":true,"href":"https:\/\/elcomunista.org\/index.php?rest_route=\/wp\/v2\/media\/10184"}],"wp:attachment":[{"href":"https:\/\/elcomunista.org\/index.php?rest_route=%2Fwp%2Fv2%2Fmedia&parent=10183"}],"wp:term":[{"taxonomy":"category","embeddable":true,"href":"https:\/\/elcomunista.org\/index.php?rest_route=%2Fwp%2Fv2%2Fcategories&post=10183"},{"taxonomy":"post_tag","embeddable":true,"href":"https:\/\/elcomunista.org\/index.php?rest_route=%2Fwp%2Fv2%2Ftags&post=10183"}],"curies":[{"name":"wp","href":"https:\/\/api.w.org\/{rel}","templated":true}]}}