{"id":10186,"date":"2021-03-10T11:20:04","date_gmt":"2021-03-10T17:20:04","guid":{"rendered":"http:\/\/bloquepopularjuvenil.org\/?p=10186"},"modified":"2021-03-10T11:20:04","modified_gmt":"2021-03-10T17:20:04","slug":"explosion-social-en-paraguay-contra-las-desastrosa-gestion-de-la-pandemia","status":"publish","type":"post","link":"https:\/\/elcomunista.org\/?p=10186","title":{"rendered":"Explosi\u00f3n social en Paraguay contra las desastrosa gesti\u00f3n de la pandemia"},"content":{"rendered":"<p>Paraguay est\u00e1 siendo testigo de una aut\u00e9ntica explosi\u00f3n social. La represi\u00f3n policial de las movilizaciones masivas por la mala gesti\u00f3n gubernamental de la crisis del Covid-19 dej\u00f3 un muerto y 18 heridos el viernes 5 de marzo. Ante el temor por la movilizaci\u00f3n de las masas en las calles, el presidente Mario Abdo oblig\u00f3 a dimitir a media docena de sus ministros y se ofreci\u00f3 a dialogar. Las masas han seguido en las calles exigiendo \u00abque se vayan todos\u00bb.<\/p>\n<hr \/>\n<p>El estado de este pa\u00eds sudamericano sin salida al mar tom\u00f3 en un principio medidas duras y logr\u00f3 mantener la pandemia bajo control. Luego, en julio de 2020, el gobierno Colorado de Mario Abdo, presionado por los capitalistas, decidi\u00f3 levantar las medidas de cuarentena, lo que provoc\u00f3 un aumento sostenido de los contagios. Con la pandemia completamente fuera de control en el vecino Brasil, el sistema hospitalario de Paraguay se est\u00e1 quedando de forma r\u00e1pida sin todo tipo de insumos y camas de UCI tanto para los pacientes de Covid-19 como para los de otro tipo.<\/p>\n<p>En algunos casos, los familiares de los pacientes han tenido que conseguir sus propios insumos, comprados a precios exorbitantes en el sector privado. Esto incluye incluso productos b\u00e1sicos como sedantes para los que necesitan ser intubados. Algunas familias est\u00e1n gastando 300 d\u00f3lares al d\u00eda en suministros y medicamentos. Muchos han tenido que vender bienes y empe\u00f1ar art\u00edculos para hacer frente a facturas m\u00e9dicas de hasta 9.000 d\u00f3lares.<\/p>\n<p>La corrupci\u00f3n y la especulaci\u00f3n en la adjudicaci\u00f3n de contratos de sanidad p\u00fablica han agravado la crisis. A las empresas vinculadas al partido gobernante, el Colorado, se les asignaron contratos que nunca se llevaron a cabo. El gobierno no hizo nada para castigar a los culpables.<\/p>\n<p>En las \u00faltimas tres semanas la crisis de Covid-19 alcanz\u00f3 su punto \u00e1lgido, con m\u00e1s de 300 pacientes que necesitaban tratamiento de cuidados intensivos. El sistema sanitario est\u00e1 pr\u00e1cticamente colapsado. El gobierno tambi\u00e9n gestion\u00f3 desastrosamente la compra de vacunas y esto se agrav\u00f3 cuando los pa\u00edses capitalistas avanzados acapararon las dosis disponibles. Hasta el viernes, el pa\u00eds s\u00f3lo hab\u00eda recibido 4.000 dosis de la vacuna rusa Sputnik, con las que podr\u00edan vacunar 0,01 de cada 1000 personas teniendo en cuenta la poblaci\u00f3n del pa\u00eds.<\/p>\n<p>La semana pasada se produjeron movilizaciones de m\u00e9dicos y trabajadores sanitarios que provocaron directamente una serie de dimisiones en el sistema p\u00fablico de salud, entre ellas la del director del Instituto Nacional de Enfermedades Respiratorias.<\/p>\n<p>Al enfado por la gesti\u00f3n gubernamental de la pandemia hay que a\u00f1adir la presi\u00f3n de los propietarios del sistema de transporte privado, que amenazaban con aumentar sus tarifas a pesar de la oposici\u00f3n masiva del p\u00fablico.<\/p>\n<h3><span style=\"color: #800000;\">Protestas masivas<\/span><\/h3>\n<p>Esta combinaci\u00f3n de factores condujo a una manifestaci\u00f3n masiva el viernes en la capital, Asunci\u00f3n. Antes de las movilizaciones, el presidente Abdo pidi\u00f3 la dimisi\u00f3n de su ministro de Sanidad, Mazzoleni, pero eso no aplac\u00f3 la ira de la poblaci\u00f3n. La manifestaci\u00f3n se hab\u00eda organizado de forma espont\u00e1nea en las redes sociales bajo el lema<\/p>\n<p>#EstoyParaElMarzoParaguayo2021. Se trata de una referencia al hecho de que varios acontecimientos pol\u00edticos importantes en la historia del pa\u00eds, que vieron la irrupci\u00f3n de las masas en las calles, tuvieron lugar en marzo: la revoluci\u00f3n de marzo de 1947, la rebeli\u00f3n de marzo de 1999 y la de marzo de 2017 contra el intento del entonces presidente Horacio Cartes de cambiar la Constituci\u00f3n para permitirle presentarse a otro mandato.<\/p>\n<p>Aunque cada uno de estos acontecimientos hist\u00f3ricos tiene caracter\u00edsticas y significados pol\u00edticos diferentes, la idea que los une a todos ellos es la irrupci\u00f3n de las masas a la calle para forzar el cambio. Esto es lo que quer\u00eda el pueblo cuando sali\u00f3 en masa a la calle el viernes en una manifestaci\u00f3n sin precedentes llena de frustraci\u00f3n contra el gobierno. Muchos portaban la bandera nacional y grandes grupos de j\u00f3venes llevaban los colores de la selecci\u00f3n nacional.<\/p>\n<div class=\"twitter-tweet twitter-tweet-rendered\">\n<blockquote class=\"twitter-tweet\" data-width=\"550\" data-dnt=\"true\">\n<p lang=\"en\" dir=\"ltr\">Social explosion in Paraguay. One dead and 18 injured after brutal police repression of massive anti-government demonstration in Asunci\u00f3n, against the government&#39;s mishandling of the pandemic <a href=\"https:\/\/t.co\/YLYETSwo7U\">pic.twitter.com\/YLYETSwo7U<\/a><\/p>\n<p>&mdash; Jorge Martin \u262d (@marxistJorge) <a href=\"https:\/\/twitter.com\/marxistJorge\/status\/1368160944824741891?ref_src=twsrc%5Etfw\">March 6, 2021<\/a><\/p><\/blockquote>\n<p><script async src=\"https:\/\/platform.twitter.com\/widgets.js\" charset=\"utf-8\"><\/script><\/p>\n<\/div>\n<p>Como respuesta, el gobierno desat\u00f3 a la polic\u00eda antidisturbios contra la multitud pac\u00edfica, que inclu\u00eda a j\u00f3venes y ancianos, hombres, mujeres y ni\u00f1os, lo que provoc\u00f3 enfrentamientos y disturbios. La polic\u00eda utiliz\u00f3 gases lacrim\u00f3genos y balas de goma. Los manifestantes se defendieron y durante un tiempo tuvieron el control de las calles, y la polic\u00eda se vio obligada a retirarse. En un momento dado, un sector de la polic\u00eda se qued\u00f3 sin munici\u00f3n antidisturbios e iz\u00f3 una bandera blanca, completamente superada por los manifestantes que se defend\u00edan. Al final de la noche, una persona muri\u00f3 y 18 resultaron heridas.<\/p>\n<div class=\"twitter-tweet twitter-tweet-rendered\">\n<blockquote class=\"twitter-tweet\" data-width=\"550\" data-dnt=\"true\">\n<p lang=\"es\" dir=\"ltr\"><a href=\"https:\/\/twitter.com\/hashtag\/Ahora?src=hash&amp;ref_src=twsrc%5Etfw\">#Ahora<\/a> | Ins\u00f3lito: Polic\u00eda levanta &quot;bandera blanca&quot; en se\u00f1al de rendici\u00f3n. Los mismos est\u00e1n rodeados por manifestantes zona Pante\u00f3n de los H\u00e9roes. V\u00eda <a href=\"https:\/\/twitter.com\/SomosGEN?ref_src=twsrc%5Etfw\">@SomosGEN<\/a> <a href=\"https:\/\/t.co\/S5DTJXu4a6\">pic.twitter.com\/S5DTJXu4a6<\/a><\/p>\n<p>&mdash; Diario HOY Paraguay (@hoypy) <a href=\"https:\/\/twitter.com\/hoypy\/status\/1367999851867348992?ref_src=twsrc%5Etfw\">March 6, 2021<\/a><\/p><\/blockquote>\n<p><script async src=\"https:\/\/platform.twitter.com\/widgets.js\" charset=\"utf-8\"><\/script><\/p>\n<\/div>\n<p>Como era de prever, el ministro del Interior, Arnaldo Giuzzio, se apresur\u00f3 a culpar a \u00abalquilados venezolanos\u00bb por la violencia, como han hecho anteriormente Moreno en Ecuador y Pi\u00f1era en Chile ante las movilizaciones y levantamientos masivos. Lo cierto es que la violencia fue provocada por la actuaci\u00f3n de la polic\u00eda antidisturbios que carg\u00f3 contra la multitud pac\u00edfica.<\/p>\n<p>Al sentir que la situaci\u00f3n se estaba saliendo de control, el s\u00e1bado 6 de marzo el presidente Abdo llam\u00f3 a la \u00abtranquilidad\u00bb y ofreci\u00f3 la renuncia de otros tres ministros. Nada de eso detuvo las movilizaciones en las calles. Miles de personas volvieron a salir a la calle en Asunci\u00f3n, ahora bajo el lema \u00abque se vayan todos, que no quede ni uno solo\u00bb. Las movilizaciones del s\u00e1bado volvieron a ser objeto de represi\u00f3n y detenciones. Nada de esto disuadi\u00f3 a los manifestantes, que volvieron a salir en gran n\u00famero el domingo por la noche. La presi\u00f3n sobre el gobierno contin\u00faa.<\/p>\n<div class=\"twitter-tweet twitter-tweet-rendered\">\n<blockquote class=\"twitter-tweet\" data-width=\"550\" data-dnt=\"true\">\n<p lang=\"es\" dir=\"ltr\">El s\u00e1bado por la noche volvieron a salir miles a las calles de Asunci\u00f3n en el <a href=\"https:\/\/twitter.com\/hashtag\/MarzoParaguayo2021?src=hash&amp;ref_src=twsrc%5Etfw\">#MarzoParaguayo2021<\/a> despu\u00e9s del estallido del viernes y la brutal represi\u00f3n. &quot;que se vayan todos y no quede uno solo&quot; esa consigna. 4 ministros cayeron ya. \ud83c\udfa5<a href=\"https:\/\/twitter.com\/majomartz?ref_src=twsrc%5Etfw\">@majomartz<\/a> <a href=\"https:\/\/t.co\/S2PzQ0uoZT\">pic.twitter.com\/S2PzQ0uoZT<\/a><\/p>\n<p>&mdash; Jorge Martin \u262d (@marxistJorge) <a href=\"https:\/\/twitter.com\/marxistJorge\/status\/1368681154673586177?ref_src=twsrc%5Etfw\">March 7, 2021<\/a><\/p><\/blockquote>\n<p><script async src=\"https:\/\/platform.twitter.com\/widgets.js\" charset=\"utf-8\"><\/script><\/p>\n<\/div>\n<p>Legisladores del opositor Partido Liberal iniciaron un proceso de juicio pol\u00edtico, pero a\u00fan no han conseguido la cantidad necesaria de votos para que proceda. Tambi\u00e9n hay divisiones y luchas de poder dentro del Partido Colorado, con la facci\u00f3n del ex presidente Cartes movi\u00e9ndose en contra de Abdo.<\/p>\n<p>El Partido Colorado ha gobernado el pa\u00eds durante los \u00faltimos 80 a\u00f1os (incluidos 35 bajo la dictadura de Stroessner), con s\u00f3lo un breve par\u00e9ntesis cuando el izquierdista Lugo estuvo<\/p>\n<p>en el poder hasta que fue destituido mediante juicio pol\u00edtico. Este es el principal partido de la clase dirigente y el actual presidente Abdo tiene estrechos v\u00ednculos con la dictadura de Stroessner, ya que su padre fue secretario privado del dictador. Sin embargo, el Partido Liberal es tambi\u00e9n un partido capitalista y la sustituci\u00f3n de uno por otro no supondr\u00eda ninguna mejora sustancial de las condiciones de las masas obreras y campesinas de Paraguay.<\/p>\n<h3><span style=\"color: #800000;\">\u00a1Mantenerse en las calles! \u00a1Abajo el gobierno!<\/span><\/h3>\n<p>El car\u00e1cter de las manifestaciones es el de una cruda explosi\u00f3n de la frustraci\u00f3n contra todos los que est\u00e1n en el poder, y en contra de la corrupci\u00f3n criminal que ha llevado directamente a la muerte de cientos de personas durante la pandemia. Pero el movimiento no tiene una idea clara de lo que quiere para sustituir a los que est\u00e1n en el poder. La idea de un juicio pol\u00edtico es vista por muchos como una forma r\u00e1pida de deshacerse de Marito, como es apodado el presidente. Sin embargo, si fuera destituido de esta manera, ser\u00eda sustituido por el vicepresidente, lo que no cambiar\u00eda nada.<\/p>\n<p>Otros, como el izquierdista Frente Guas\u00fa, exigen la dimisi\u00f3n del presidente y del vicepresidente y nuevas elecciones. Tambi\u00e9n han hecho un llamado a todas las \u00abfuerzas democr\u00e1ticas y patri\u00f3ticas\u00bb a la \u00abmovilizaci\u00f3n permanente\u00bb en todo el pa\u00eds y a desarrollar \u00abespacios de discusi\u00f3n\u00bb. Est\u00e1 claro que la exigencia de renuncia del gobierno y nuevas elecciones (\u00aben los plazos que dicta nuestra Constituci\u00f3n\u00bb) representa una ruptura clara con la situaci\u00f3n actual y de ganar tracci\u00f3n dificultar\u00eda el aprovechamiento de la crisis por parte de las facciones dentro del Partido Colorado.<\/p>\n<p>Sin embargo, el Frente Guas\u00fa ha llamado tambi\u00e9n a \u00abtodos los actores pol\u00edticos, sociales y econ\u00f3micos del pa\u00eds a acordar un plan de recuperaci\u00f3n econ\u00f3mica\u00bb. \u00bfQui\u00e9nes son estos actores econ\u00f3micos y pol\u00edticos? \u00bfPor qu\u00e9 se hace un llamamiento a \u00abtodos los actores\u00bb? \u00bfIncluye eso al Partido Colorado en el poder, responsable de la situaci\u00f3n? En la pr\u00e1ctica est\u00e1n llamando a los trabajadores y campesinos a unirse a los capitalistas en nombre de la \u00abrecuperaci\u00f3n econ\u00f3mica\u00bb. El problema es que la crisis econ\u00f3mica en la que est\u00e1 inmerso Paraguay es el resultado del sistema capitalista. Los capitalistas querr\u00e1n hacer pagar la crisis a los obreros y campesinos, como han hecho siempre.<\/p>\n<p>Ahora, el punto crucial es que el pueblo debe seguir moviliz\u00e1ndose en las calles con una clara exigencia: la destituci\u00f3n del gobierno. Hay que organizar asambleas de masas en todos los barrios, lugares de trabajo y entre la juventud, para dar al movimiento un car\u00e1cter m\u00e1s organizado y coordinado. Estamos hablando aqu\u00ed no s\u00f3lo de un movimiento de protesta, sino de uno que el viernes adquiri\u00f3 caracter\u00edsticas insurreccionales.<\/p>\n<p>Las organizaciones socialistas deben participar de forma activa en el movimiento, como lo est\u00e1n haciendo, pero deben hacerlo con un programa claro e independiente sobre la base de los intereses de los trabajadores y campesinos. Por desgracia, en las elecciones de 2018, el P-MAS (Partido de Movimiento al Socialismo) particip\u00f3 en una amplia coalici\u00f3n con los liberales. En lugar de la conciliaci\u00f3n de clases y la unidad nacional, deber\u00edan impulsar un programa de lucha de clases. Para financiar el servicio de salud, expropiar a las familias capitalistas vinculadas al partido Colorado y Liberal. \u201cAbajo el gobierno, ANR nunca m\u00e1s, ninguna confianza en los Liberales, que gobiernen los obreros y campesinos\u201d. Estas deber\u00edan ser las consignas de los socialistas en el momento actual.<\/p>\n<p>El estallido social en Paraguay es una continuaci\u00f3n de la cadena de levantamientos en Am\u00e9rica Latina que comenz\u00f3 en 2019. Vimos el octubre rojo en Ecuador en 2019, el estallido en Chile en octubre-diciembre del mismo a\u00f1o y el paro nacional en Colombia. Estos procesos fueron pausados temporalmente por la pandemia, pero regresaron con el levantamiento en Colombia contra la violencia policial en septiembre de 2020, las manifestaciones en Per\u00fa en noviembre de 2020 que hicieron caer dos gobiernos y la quema del Congreso en Guatemala en este mismo mes. Hait\u00ed est\u00e1 en constante movilizaci\u00f3n de masas desde hace casi dos a\u00f1os contra el gobierno criminal e ileg\u00edtimo de Mo\u00efse.<\/p>\n<p>Todo el continente es un polvor\u00edn. En 2020 se ha enfrentado a la crisis capitalista m\u00e1s profunda de la historia, con una contracci\u00f3n del PIB del 7,7% en toda la regi\u00f3n. Millones de personas han perdido sus empleos y m\u00e1s de 22 millones han ca\u00eddo bajo el umbral de la pobreza. El escenario est\u00e1 preparado para m\u00e1s explosiones. Lo que se necesita es una direcci\u00f3n revolucionaria capaz de llevar a la clase obrera al poder, a la cabeza de todos los sectores oprimidos de la sociedad.<\/p>\n","protected":false},"excerpt":{"rendered":"<p>Paraguay est\u00e1 siendo testigo de una aut\u00e9ntica explosi\u00f3n social. La represi\u00f3n policial de las movilizaciones masivas por la mala gesti\u00f3n gubernamental de la crisis del Covid-19 dej\u00f3 un muerto y 18 heridos el viernes 5 de marzo. Ante el temor por la movilizaci\u00f3n de las masas en las calles, el presidente Mario Abdo oblig\u00f3 a&#8230;<\/p>\n","protected":false},"author":36,"featured_media":10187,"comment_status":"open","ping_status":"open","sticky":false,"template":"","format":"standard","meta":{"_monsterinsights_skip_tracking":false,"_monsterinsights_sitenote_active":false,"_monsterinsights_sitenote_note":"","_monsterinsights_sitenote_category":0,"_uf_show_specific_survey":0,"_uf_disable_surveys":false,"_jetpack_memberships_contains_paid_content":false,"footnotes":""},"categories":[14,13,537],"tags":[1113,1406,1405],"class_list":["post-10186","post","type-post","status-publish","format-standard","has-post-thumbnail","hentry","category-america-del-sur","category-internacional","category-principales","tag-covid-19","tag-explosion-social","tag-paraguay"],"aioseo_notices":[],"yoast_head":"<!-- This site is optimized with the Yoast SEO plugin v25.6 - https:\/\/yoast.com\/wordpress\/plugins\/seo\/ -->\n<title>Explosi\u00f3n social en Paraguay contra las desastrosa gesti\u00f3n de la pandemia<\/title>\n<meta name=\"robots\" content=\"index, follow, max-snippet:-1, max-image-preview:large, max-video-preview:-1\" \/>\n<link rel=\"canonical\" href=\"https:\/\/elcomunista.org\/?p=10186\" \/>\n<meta property=\"og:locale\" content=\"es_ES\" \/>\n<meta property=\"og:type\" content=\"article\" \/>\n<meta property=\"og:title\" content=\"Explosi\u00f3n social en Paraguay contra las desastrosa gesti\u00f3n de la pandemia\" \/>\n<meta property=\"og:description\" content=\"Paraguay est\u00e1 siendo testigo de una aut\u00e9ntica explosi\u00f3n social. La represi\u00f3n policial de las movilizaciones masivas por la mala gesti\u00f3n gubernamental de la crisis del Covid-19 dej\u00f3 un muerto y 18 heridos el viernes 5 de marzo. Ante el temor por la movilizaci\u00f3n de las masas en las calles, el presidente Mario Abdo oblig\u00f3 a...\" \/>\n<meta property=\"og:url\" content=\"https:\/\/elcomunista.org\/?p=10186\" \/>\n<meta property=\"og:site_name\" content=\"Revoluci\u00f3n Comunista\" \/>\n<meta property=\"article:publisher\" content=\"https:\/\/www.facebook.com\/Bloquepopularjuvenil\" \/>\n<meta property=\"article:published_time\" content=\"2021-03-10T17:20:04+00:00\" \/>\n<meta property=\"og:image\" content=\"https:\/\/elcomunista.org\/wp-content\/uploads\/2021\/03\/2066830ca75a753706b4fac6daffe91c_w700_h495.jpg\" \/>\n\t<meta property=\"og:image:width\" content=\"700\" \/>\n\t<meta property=\"og:image:height\" content=\"466\" \/>\n\t<meta property=\"og:image:type\" content=\"image\/jpeg\" \/>\n<meta name=\"author\" content=\"Jorge Martin\" \/>\n<meta name=\"twitter:card\" content=\"summary_large_image\" \/>\n<meta name=\"twitter:creator\" content=\"@ElBPJ\" \/>\n<meta name=\"twitter:site\" content=\"@ElBPJ\" \/>\n<meta name=\"twitter:label1\" content=\"Escrito por\" \/>\n\t<meta name=\"twitter:data1\" content=\"Jorge Martin\" \/>\n\t<meta name=\"twitter:label2\" content=\"Tiempo de lectura\" \/>\n\t<meta name=\"twitter:data2\" content=\"10 minutos\" \/>\n<script type=\"application\/ld+json\" class=\"yoast-schema-graph\">{\"@context\":\"https:\/\/schema.org\",\"@graph\":[{\"@type\":\"Article\",\"@id\":\"https:\/\/elcomunista.org\/?p=10186#article\",\"isPartOf\":{\"@id\":\"https:\/\/elcomunista.org\/?p=10186\"},\"author\":{\"name\":\"Jorge Martin\",\"@id\":\"https:\/\/elcomunista.org\/#\/schema\/person\/4cc74db2ec789a45c134e77808ba2c32\"},\"headline\":\"Explosi\u00f3n social en Paraguay contra las desastrosa gesti\u00f3n de la pandemia\",\"datePublished\":\"2021-03-10T17:20:04+00:00\",\"mainEntityOfPage\":{\"@id\":\"https:\/\/elcomunista.org\/?p=10186\"},\"wordCount\":1925,\"commentCount\":0,\"publisher\":{\"@id\":\"https:\/\/elcomunista.org\/#organization\"},\"image\":{\"@id\":\"https:\/\/elcomunista.org\/?p=10186#primaryimage\"},\"thumbnailUrl\":\"https:\/\/elcomunista.org\/wp-content\/uploads\/2021\/03\/2066830ca75a753706b4fac6daffe91c_w700_h495.jpg\",\"keywords\":[\"Covid-19\",\"Explosi\u00f3n social\",\"Paraguay\"],\"articleSection\":[\"Am\u00e9rica del Sur\",\"Internacional\",\"Principales\"],\"inLanguage\":\"es\",\"potentialAction\":[{\"@type\":\"CommentAction\",\"name\":\"Comment\",\"target\":[\"https:\/\/elcomunista.org\/?p=10186#respond\"]}]},{\"@type\":\"WebPage\",\"@id\":\"https:\/\/elcomunista.org\/?p=10186\",\"url\":\"https:\/\/elcomunista.org\/?p=10186\",\"name\":\"Explosi\u00f3n social en Paraguay contra las desastrosa gesti\u00f3n de la pandemia\",\"isPartOf\":{\"@id\":\"https:\/\/elcomunista.org\/#website\"},\"primaryImageOfPage\":{\"@id\":\"https:\/\/elcomunista.org\/?p=10186#primaryimage\"},\"image\":{\"@id\":\"https:\/\/elcomunista.org\/?p=10186#primaryimage\"},\"thumbnailUrl\":\"https:\/\/elcomunista.org\/wp-content\/uploads\/2021\/03\/2066830ca75a753706b4fac6daffe91c_w700_h495.jpg\",\"datePublished\":\"2021-03-10T17:20:04+00:00\",\"breadcrumb\":{\"@id\":\"https:\/\/elcomunista.org\/?p=10186#breadcrumb\"},\"inLanguage\":\"es\",\"potentialAction\":[{\"@type\":\"ReadAction\",\"target\":[\"https:\/\/elcomunista.org\/?p=10186\"]}]},{\"@type\":\"ImageObject\",\"inLanguage\":\"es\",\"@id\":\"https:\/\/elcomunista.org\/?p=10186#primaryimage\",\"url\":\"https:\/\/elcomunista.org\/wp-content\/uploads\/2021\/03\/2066830ca75a753706b4fac6daffe91c_w700_h495.jpg\",\"contentUrl\":\"https:\/\/elcomunista.org\/wp-content\/uploads\/2021\/03\/2066830ca75a753706b4fac6daffe91c_w700_h495.jpg\",\"width\":700,\"height\":466},{\"@type\":\"BreadcrumbList\",\"@id\":\"https:\/\/elcomunista.org\/?p=10186#breadcrumb\",\"itemListElement\":[{\"@type\":\"ListItem\",\"position\":1,\"name\":\"Portada\",\"item\":\"https:\/\/elcomunista.org\/\"},{\"@type\":\"ListItem\",\"position\":2,\"name\":\"Explosi\u00f3n social en Paraguay contra las desastrosa gesti\u00f3n de la pandemia\"}]},{\"@type\":\"WebSite\",\"@id\":\"https:\/\/elcomunista.org\/#website\",\"url\":\"https:\/\/elcomunista.org\/\",\"name\":\"Revoluci\u00f3n Comunista\",\"description\":\"Internacional Comunista Revolucionaria\",\"publisher\":{\"@id\":\"https:\/\/elcomunista.org\/#organization\"},\"potentialAction\":[{\"@type\":\"SearchAction\",\"target\":{\"@type\":\"EntryPoint\",\"urlTemplate\":\"https:\/\/elcomunista.org\/?s={search_term_string}\"},\"query-input\":{\"@type\":\"PropertyValueSpecification\",\"valueRequired\":true,\"valueName\":\"search_term_string\"}}],\"inLanguage\":\"es\"},{\"@type\":\"Organization\",\"@id\":\"https:\/\/elcomunista.org\/#organization\",\"name\":\"Bloque Popular Juvenil\",\"url\":\"https:\/\/elcomunista.org\/\",\"logo\":{\"@type\":\"ImageObject\",\"inLanguage\":\"es\",\"@id\":\"https:\/\/elcomunista.org\/#\/schema\/logo\/image\/\",\"url\":\"https:\/\/bloquepopularjuvenil.org\/wp-content\/uploads\/2018\/11\/bpj-militante.jpg\",\"contentUrl\":\"https:\/\/bloquepopularjuvenil.org\/wp-content\/uploads\/2018\/11\/bpj-militante.jpg\",\"width\":4000,\"height\":1390,\"caption\":\"Bloque Popular Juvenil\"},\"image\":{\"@id\":\"https:\/\/elcomunista.org\/#\/schema\/logo\/image\/\"},\"sameAs\":[\"https:\/\/www.facebook.com\/Bloquepopularjuvenil\",\"https:\/\/x.com\/ElBPJ\",\"https:\/\/www.instagram.com\/elbloque_bpj\/?hl=es-la\"]},{\"@type\":\"Person\",\"@id\":\"https:\/\/elcomunista.org\/#\/schema\/person\/4cc74db2ec789a45c134e77808ba2c32\",\"name\":\"Jorge Martin\",\"image\":{\"@type\":\"ImageObject\",\"inLanguage\":\"es\",\"@id\":\"https:\/\/elcomunista.org\/#\/schema\/person\/image\/\",\"url\":\"https:\/\/secure.gravatar.com\/avatar\/19f21407383a9ad29194a5cadd7eac42?s=96&d=mm&r=g\",\"contentUrl\":\"https:\/\/secure.gravatar.com\/avatar\/19f21407383a9ad29194a5cadd7eac42?s=96&d=mm&r=g\",\"caption\":\"Jorge Martin\"},\"url\":\"https:\/\/elcomunista.org\/?author=36\"}]}<\/script>\n<!-- \/ Yoast SEO plugin. -->","yoast_head_json":{"title":"Explosi\u00f3n social en Paraguay contra las desastrosa gesti\u00f3n de la pandemia","robots":{"index":"index","follow":"follow","max-snippet":"max-snippet:-1","max-image-preview":"max-image-preview:large","max-video-preview":"max-video-preview:-1"},"canonical":"https:\/\/elcomunista.org\/?p=10186","og_locale":"es_ES","og_type":"article","og_title":"Explosi\u00f3n social en Paraguay contra las desastrosa gesti\u00f3n de la pandemia","og_description":"Paraguay est\u00e1 siendo testigo de una aut\u00e9ntica explosi\u00f3n social. La represi\u00f3n policial de las movilizaciones masivas por la mala gesti\u00f3n gubernamental de la crisis del Covid-19 dej\u00f3 un muerto y 18 heridos el viernes 5 de marzo. Ante el temor por la movilizaci\u00f3n de las masas en las calles, el presidente Mario Abdo oblig\u00f3 a...","og_url":"https:\/\/elcomunista.org\/?p=10186","og_site_name":"Revoluci\u00f3n Comunista","article_publisher":"https:\/\/www.facebook.com\/Bloquepopularjuvenil","article_published_time":"2021-03-10T17:20:04+00:00","og_image":[{"width":700,"height":466,"url":"https:\/\/elcomunista.org\/wp-content\/uploads\/2021\/03\/2066830ca75a753706b4fac6daffe91c_w700_h495.jpg","type":"image\/jpeg"}],"author":"Jorge Martin","twitter_card":"summary_large_image","twitter_creator":"@ElBPJ","twitter_site":"@ElBPJ","twitter_misc":{"Escrito por":"Jorge Martin","Tiempo de lectura":"10 minutos"},"schema":{"@context":"https:\/\/schema.org","@graph":[{"@type":"Article","@id":"https:\/\/elcomunista.org\/?p=10186#article","isPartOf":{"@id":"https:\/\/elcomunista.org\/?p=10186"},"author":{"name":"Jorge Martin","@id":"https:\/\/elcomunista.org\/#\/schema\/person\/4cc74db2ec789a45c134e77808ba2c32"},"headline":"Explosi\u00f3n social en Paraguay contra las desastrosa gesti\u00f3n de la pandemia","datePublished":"2021-03-10T17:20:04+00:00","mainEntityOfPage":{"@id":"https:\/\/elcomunista.org\/?p=10186"},"wordCount":1925,"commentCount":0,"publisher":{"@id":"https:\/\/elcomunista.org\/#organization"},"image":{"@id":"https:\/\/elcomunista.org\/?p=10186#primaryimage"},"thumbnailUrl":"https:\/\/elcomunista.org\/wp-content\/uploads\/2021\/03\/2066830ca75a753706b4fac6daffe91c_w700_h495.jpg","keywords":["Covid-19","Explosi\u00f3n social","Paraguay"],"articleSection":["Am\u00e9rica del Sur","Internacional","Principales"],"inLanguage":"es","potentialAction":[{"@type":"CommentAction","name":"Comment","target":["https:\/\/elcomunista.org\/?p=10186#respond"]}]},{"@type":"WebPage","@id":"https:\/\/elcomunista.org\/?p=10186","url":"https:\/\/elcomunista.org\/?p=10186","name":"Explosi\u00f3n social en Paraguay contra las desastrosa gesti\u00f3n de la pandemia","isPartOf":{"@id":"https:\/\/elcomunista.org\/#website"},"primaryImageOfPage":{"@id":"https:\/\/elcomunista.org\/?p=10186#primaryimage"},"image":{"@id":"https:\/\/elcomunista.org\/?p=10186#primaryimage"},"thumbnailUrl":"https:\/\/elcomunista.org\/wp-content\/uploads\/2021\/03\/2066830ca75a753706b4fac6daffe91c_w700_h495.jpg","datePublished":"2021-03-10T17:20:04+00:00","breadcrumb":{"@id":"https:\/\/elcomunista.org\/?p=10186#breadcrumb"},"inLanguage":"es","potentialAction":[{"@type":"ReadAction","target":["https:\/\/elcomunista.org\/?p=10186"]}]},{"@type":"ImageObject","inLanguage":"es","@id":"https:\/\/elcomunista.org\/?p=10186#primaryimage","url":"https:\/\/elcomunista.org\/wp-content\/uploads\/2021\/03\/2066830ca75a753706b4fac6daffe91c_w700_h495.jpg","contentUrl":"https:\/\/elcomunista.org\/wp-content\/uploads\/2021\/03\/2066830ca75a753706b4fac6daffe91c_w700_h495.jpg","width":700,"height":466},{"@type":"BreadcrumbList","@id":"https:\/\/elcomunista.org\/?p=10186#breadcrumb","itemListElement":[{"@type":"ListItem","position":1,"name":"Portada","item":"https:\/\/elcomunista.org\/"},{"@type":"ListItem","position":2,"name":"Explosi\u00f3n social en Paraguay contra las desastrosa gesti\u00f3n de la pandemia"}]},{"@type":"WebSite","@id":"https:\/\/elcomunista.org\/#website","url":"https:\/\/elcomunista.org\/","name":"Revoluci\u00f3n Comunista","description":"Internacional Comunista Revolucionaria","publisher":{"@id":"https:\/\/elcomunista.org\/#organization"},"potentialAction":[{"@type":"SearchAction","target":{"@type":"EntryPoint","urlTemplate":"https:\/\/elcomunista.org\/?s={search_term_string}"},"query-input":{"@type":"PropertyValueSpecification","valueRequired":true,"valueName":"search_term_string"}}],"inLanguage":"es"},{"@type":"Organization","@id":"https:\/\/elcomunista.org\/#organization","name":"Bloque Popular Juvenil","url":"https:\/\/elcomunista.org\/","logo":{"@type":"ImageObject","inLanguage":"es","@id":"https:\/\/elcomunista.org\/#\/schema\/logo\/image\/","url":"https:\/\/bloquepopularjuvenil.org\/wp-content\/uploads\/2018\/11\/bpj-militante.jpg","contentUrl":"https:\/\/bloquepopularjuvenil.org\/wp-content\/uploads\/2018\/11\/bpj-militante.jpg","width":4000,"height":1390,"caption":"Bloque Popular Juvenil"},"image":{"@id":"https:\/\/elcomunista.org\/#\/schema\/logo\/image\/"},"sameAs":["https:\/\/www.facebook.com\/Bloquepopularjuvenil","https:\/\/x.com\/ElBPJ","https:\/\/www.instagram.com\/elbloque_bpj\/?hl=es-la"]},{"@type":"Person","@id":"https:\/\/elcomunista.org\/#\/schema\/person\/4cc74db2ec789a45c134e77808ba2c32","name":"Jorge Martin","image":{"@type":"ImageObject","inLanguage":"es","@id":"https:\/\/elcomunista.org\/#\/schema\/person\/image\/","url":"https:\/\/secure.gravatar.com\/avatar\/19f21407383a9ad29194a5cadd7eac42?s=96&d=mm&r=g","contentUrl":"https:\/\/secure.gravatar.com\/avatar\/19f21407383a9ad29194a5cadd7eac42?s=96&d=mm&r=g","caption":"Jorge Martin"},"url":"https:\/\/elcomunista.org\/?author=36"}]}},"jetpack_featured_media_url":"https:\/\/elcomunista.org\/wp-content\/uploads\/2021\/03\/2066830ca75a753706b4fac6daffe91c_w700_h495.jpg","jetpack_likes_enabled":true,"jetpack_sharing_enabled":true,"_links":{"self":[{"href":"https:\/\/elcomunista.org\/index.php?rest_route=\/wp\/v2\/posts\/10186"}],"collection":[{"href":"https:\/\/elcomunista.org\/index.php?rest_route=\/wp\/v2\/posts"}],"about":[{"href":"https:\/\/elcomunista.org\/index.php?rest_route=\/wp\/v2\/types\/post"}],"author":[{"embeddable":true,"href":"https:\/\/elcomunista.org\/index.php?rest_route=\/wp\/v2\/users\/36"}],"replies":[{"embeddable":true,"href":"https:\/\/elcomunista.org\/index.php?rest_route=%2Fwp%2Fv2%2Fcomments&post=10186"}],"version-history":[{"count":0,"href":"https:\/\/elcomunista.org\/index.php?rest_route=\/wp\/v2\/posts\/10186\/revisions"}],"wp:featuredmedia":[{"embeddable":true,"href":"https:\/\/elcomunista.org\/index.php?rest_route=\/wp\/v2\/media\/10187"}],"wp:attachment":[{"href":"https:\/\/elcomunista.org\/index.php?rest_route=%2Fwp%2Fv2%2Fmedia&parent=10186"}],"wp:term":[{"taxonomy":"category","embeddable":true,"href":"https:\/\/elcomunista.org\/index.php?rest_route=%2Fwp%2Fv2%2Fcategories&post=10186"},{"taxonomy":"post_tag","embeddable":true,"href":"https:\/\/elcomunista.org\/index.php?rest_route=%2Fwp%2Fv2%2Ftags&post=10186"}],"curies":[{"name":"wp","href":"https:\/\/api.w.org\/{rel}","templated":true}]}}