{"id":10388,"date":"2021-03-27T08:03:07","date_gmt":"2021-03-27T14:03:07","guid":{"rendered":"http:\/\/bloquepopularjuvenil.org\/?p=10388"},"modified":"2021-03-27T08:08:10","modified_gmt":"2021-03-27T14:08:10","slug":"en-memoria-de-hans-gerd-ofinger-junio-de-1955-marzo-de-2021","status":"publish","type":"post","link":"https:\/\/elcomunista.org\/?p=10388","title":{"rendered":"En memoria de Hans-Gerd \u00d6finger (Junio de 1955 \u2013 Marzo de 2021)"},"content":{"rendered":"<p><strong>Por Alan Woods<\/strong><\/p>\n<p>Acabo de recibir la triste noticia de la muerte de mi viejo camarada y amigo Hans-Gerd \u00d6finger. Fue un gran impacto y lo \u00faltimo que esperaba escuchar. Hace solo un par de semanas le hab\u00eda enviado un correo electr\u00f3nico cuando me enter\u00e9 que tanto \u00e9l como su hija Rosa hab\u00edan contra\u00eddo COVID-19.<\/p>\n<p>Me respondi\u00f3 para decir que se estaba recuperando bien y que estaba impaciente por volver a su trabajo revolucionario.<\/p>\n<hr \/>\n<section class=\"article-content\">Esto es lo que escribi\u00f3:\u00bbHola Alan,<\/p>\n<p>\u201cGracias por pensar en nosotros y por tus buenos deseos y palabras de aliento. De hecho, la prueba positiva de Covid 19 de hace una semana fue un shock para todos nosotros al final de un invierno dif\u00edcil. [\u2026]\n<p>\u201cAhora tenemos que concentrar nuestras fuerzas en la lucha contra el virus. Despu\u00e9s de la recuperaci\u00f3n, volveremos con vigor para construir la organizaci\u00f3n.<\/p>\n<p>\u201cLeer\u00e9 el [documento de] Perspectivas mundiales con atenci\u00f3n y esperar\u00e9 la pr\u00f3xima reuni\u00f3n del CEI en l\u00ednea. Creo que todos anhelamos el d\u00eda en que finalmente podamos volver a encontrarnos en Tur\u00edn y Bardonecchia o en cualquier otro lugar.<\/p>\n<p>Hans\u201d<\/p>\n<p><img loading=\"lazy\" decoding=\"async\" src=\"http:\/\/www.luchadeclases.org\/images\/Fotos_Corriente_Marxista_Internacional\/ce664cee90f849d337c1a2b749c1df38_w720_h540.jpeg\" alt=\"ce664cee90f849d337c1a2b749c1df38 w720 h540\" width=\"350\" height=\"197\" \/><\/p>\n<p>Lamentablemente, no nos reuniremos en ninguna parte ahora. El camarada Hans-Gerd ya no est\u00e1 con nosotros y ha dejado un vac\u00edo que ser\u00e1 dif\u00edcil de llenar.<\/p>\n<p>Por lo que he conocido de un breve mensaje de su esposa y compa\u00f1era Mar\u00eda Clara, las circunstancias de su fallecimiento fueron realmente tr\u00e1gicas. Parec\u00eda estar recuper\u00e1ndose (como me dijo en su carta) y la \u00faltima prueba result\u00f3 negativa. Pero result\u00f3 ser una falsa esperanza.<\/p>\n<p>Desarroll\u00f3 fiebre y ten\u00eda dificultad para respirar, falleciendo este viernes por la ma\u00f1ana. Su muerte fue a\u00fan m\u00e1s impactante por ser completamente inesperada. Es un golpe terrible para Mar\u00eda Clara y Rosa, y tambi\u00e9n para todos los miembros de la Internacional.<\/p>\n<p>Conoc\u00ed a Hans-Gerd en la d\u00e9cada de 1970, un per\u00edodo tormentoso de lucha de clases internacional, cuando se uni\u00f3 a lo que entonces era el CIT, la vieja Internacional que fue fundada e inspirada por Ted Grant, el destacado te\u00f3rico y l\u00edder revolucionario.<\/p>\n<p>Eso fue en 1974, cuando Hans, que todav\u00eda era un adolescente, comenz\u00f3 a construir la secci\u00f3n alemana de la Internacional.<\/p>\n<p><span class=\"wf_caption\" role=\"figure\"><img decoding=\"async\" role=\"figure\" src=\"http:\/\/www.luchadeclases.org\/images\/Fotos_Corriente_Marxista_Internacional\/aff7a8b4d3ec0f55718cc6a6800b74e3_w720_h338.jpeg\" alt=\"aff7a8b4d3ec0f55718cc6a6800b74e3 w720 h338\" width=\"350\" \/><\/span><\/p>\n<p><span class=\"wf_caption\" role=\"figure\">Hans Gerd particip\u00f3 en el congreso fundacional del CIT en 1974<\/span>S\u00e9 que Ted Grant tuvo una influencia poderosa y duradera en el joven Hans-Gerd, y eso fue una gu\u00eda para \u00e9l durante el resto de su vida. Como Ted Grant, Hans-Gerd siempre tuvo una dedicaci\u00f3n especial a la teor\u00eda. Ten\u00eda una mente muy aguda y un conocimiento profundo de la teor\u00eda marxista. Esto, estoy seguro, es lo que lo sostuvo y lo ayud\u00f3 a superar los momentos m\u00e1s dif\u00edciles.<\/p>\n<p>Como persona, siempre lo encontr\u00e9 muy humano, accesible y afable. Siempre estaba preparado con una broma. Uno de sus chistes favoritos era atormentarnos en los encuentros internacionales con su particular interpretaci\u00f3n de la vieja canci\u00f3n alemana\u00a0<em>Oh Du Lieber Augustin<\/em>, en la que compensaba con gusto lo que le faltaba de formaci\u00f3n musical.<\/p>\n<p>Cuando se produjo la escisi\u00f3n de\u00a0<em>Militant<\/em>\u00a0y la CIT en 1992, Hans-Gerd no vacil\u00f3 ni un instante. Inmediatamente se puso del lado de Ted Grant, aunque eso significaba estar en minor\u00eda. S\u00f3lo los miserables cobardes y oportunistas se esconden detr\u00e1s de la mayor\u00eda.<\/p>\n<p>El viejo Engels escribi\u00f3: \u00abMarx y yo siempre estuvimos en minor\u00eda toda nuestra vida, y est\u00e1bamos orgullosos de estar en minor\u00eda\u00bb. Como ellos, Hans nunca tuvo miedo de estar en minor\u00eda y luchar por las ideas en las que cre\u00eda.<\/p>\n<p><span class=\"wf_caption\" role=\"figure\"><img decoding=\"async\" role=\"figure\" src=\"http:\/\/www.luchadeclases.org\/images\/Fotos_Corriente_Marxista_Internacional\/b53e787b2a61044fd9ad29ad94076f7a_w720_h560.jpg\" alt=\"b53e787b2a61044fd9ad29ad94076f7a w720 h560\" width=\"640\" \/><\/span><\/p>\n<p><span class=\"wf_caption\" role=\"figure\">Como Ted Grant (izquierda), Hans siempre estuvo muy dedicado a la teor\u00eda<\/span><\/p>\n<p>A partir de entonces, jug\u00f3 un papel muy importante en la construcci\u00f3n de la Corriente Marxista Internacional. Fue un trabajo duro en circunstancias muy adversas. La mayor\u00eda de los viejos cuadros de la secci\u00f3n alemana se hab\u00edan desmoralizado por las intrigas del r\u00e9gimen burocr\u00e1tico de Taaffe. Se apartaron incluso antes de la escisi\u00f3n.<\/p>\n<p>Pero Hans-Gerd, junto con su compa\u00f1era y compa\u00f1era de toda la vida Mar\u00eda Clara, y el camarada Christoff y algunos otros, siguieron adelante con obstinada determinaci\u00f3n.<\/p>\n<p>Esa f\u00e9rrea determinaci\u00f3n fue uno de los rasgos m\u00e1s notables de este compa\u00f1ero. A veces, puede parecer pura terquedad. Pero esta misma terquedad es una caracter\u00edstica necesaria de cualquier revolucionario genuino. Es lo que nos permite seguir adelante, independientemente de todas las dificultades y obst\u00e1culos.<\/p>\n<p>Y eso es lo que hizo Hans-Gerd. Mantuvo firme y alta la bandera en las buenas y en las malas circunstancias. Eso, recuerdo, era lo que Ted sol\u00eda decir siempre cuando se desped\u00eda de un camarada: \u00abMantened alta la bandera roja\u00bb.<\/p>\n<p>Y fue lo que el camarada Hans-Gerd hizo hasta el final.<\/p>\n<p><span class=\"wf_caption\" role=\"figure\"><img decoding=\"async\" role=\"figure\" src=\"http:\/\/www.luchadeclases.org\/images\/Fotos_Corriente_Marxista_Internacional\/b7bd6fb099631e9f2a00369f11a87288_w720_h720.jpeg\" alt=\"b7bd6fb099631e9f2a00369f11a87288 w720 h720\" width=\"350\" \/><\/span><\/p>\n<p><span class=\"wf_caption\" role=\"figure\">Gracias a Hans, la CMI tiene hoy una secci\u00f3n floreciente en Alemania, compuesta por una nueva generaci\u00f3n de j\u00f3venes combatientes revolucionarios de clase<\/span>Es gracias a \u00e9l que hoy la CMI tiene una secci\u00f3n alemana floreciente, compuesta por una nueva generaci\u00f3n de j\u00f3venes combatientes revolucionarios de clase. Creemos firmemente que continuar\u00e1n la lucha que Hans-Gerd inici\u00f3 hace tantos a\u00f1os y que la inspiraci\u00f3n que les brind\u00f3 les permitir\u00e1 llevarla hasta el final.<\/p>\n<p>Hay muchas otras cosas que me gustar\u00eda decir sobre este hombre extraordinario. Pero dejar\u00e9 las \u00faltimas palabras a un poema con un final muy poderoso que se me hab\u00eda quedado grabado en la mente desde mis d\u00edas escolares. Pero nunca pude encontrarlo ni recordar de qui\u00e9n era hasta que, un d\u00eda, Hans-Gerd me dijo que finalmente lo hab\u00eda rastreado. Siempre cre\u00ed que se llamaba &#8216;Die Fechter&#8217; (Los esgrimistas), pero estaba equivocado. Es del gran poeta alem\u00e1n Joseph F. von Eichendorff y se llama &#8216;Trost&#8217;, que significa\u00a0<em>Consolaci\u00f3n<\/em>. Termina con estas palabras:<\/p>\n<div><em>Im Walde da liegt verfallen<\/em><\/div>\n<div><em>Der alten Helden Haus,<\/em><\/div>\n<div><em>Doch aus den Thoren und Hallen<\/em><\/div>\n<div><em>Bricht j\u00e4hrlich der Fr\u00fchling aus.<\/em><\/div>\n<div><\/div>\n<div><em>Und wo immer m\u00fcde Fechter<\/em><\/div>\n<div><em>Sinken im muthigen Strau\u00df,<\/em><\/div>\n<div><em>Es kommen fri\u017fche Ge\u017fchlechter<\/em><\/div>\n<div><em>Und fechten es ehrlich aus.<\/em><\/div>\n<p>&nbsp;<\/p>\n<div><em>En el bosque yace ca\u00eddo<\/em><\/div>\n<div><em>El hogar de los antiguos h\u00e9roes<\/em><\/div>\n<div><em>Pero fuera de las viejas puertas y pasillos<\/em><\/div>\n<div><em>La primavera estalla cada a\u00f1o.<\/em><\/div>\n<div><em>\u00a0<\/em><\/div>\n<div><em>Y donde quiera que los esgrimistas cansados<\/em><\/div>\n<div><em>Se hunden al agotar su fuerza y \u200b\u200bsu poder,<\/em><\/div>\n<div><em>Siempre vendr\u00e1n nuevas generaciones<\/em><\/div>\n<div><em>Que luchar\u00e1n hasta el final en honesto combate.<\/em><\/div>\n<div><\/div>\n<div><span class=\"wf_caption\" role=\"figure\"><img decoding=\"async\" role=\"figure\" src=\"http:\/\/www.luchadeclases.org\/images\/Fotos_Corriente_Marxista_Internacional\/Hans-Vitoria.jpg\" alt=\"Hans Vitoria\" width=\"640\" \/><\/span><\/div>\n<div><span class=\"wf_caption\" role=\"figure\">Recuerdos fotogr\u00e1ficos de Hans con compa\u00f1eros de Vitoria en 1977-1978<\/span><\/div>\n<div><\/div>\n<div>\n<p>Nuestro m\u00e1s entra\u00f1able saludo, cari\u00f1o y solidaridad para Mar\u00eda Clara y Rosa. Sepan que todos los miembros de la Internacional est\u00e1n a su lado en estos tr\u00e1gicos momentos.<\/p>\n<\/div>\n<\/section>\n","protected":false},"excerpt":{"rendered":"<p>Por Alan Woods Acabo de recibir la triste noticia de la muerte de mi viejo camarada y amigo Hans-Gerd \u00d6finger. Fue un gran impacto y lo \u00faltimo que esperaba escuchar. Hace solo un par de semanas le hab\u00eda enviado un correo electr\u00f3nico cuando me enter\u00e9 que tanto \u00e9l como su hija Rosa hab\u00edan contra\u00eddo COVID-19&#8230;.<\/p>\n","protected":false},"author":34,"featured_media":10389,"comment_status":"open","ping_status":"open","sticky":false,"template":"","format":"standard","meta":{"_monsterinsights_skip_tracking":false,"_monsterinsights_sitenote_active":false,"_monsterinsights_sitenote_note":"","_monsterinsights_sitenote_category":0,"_uf_show_specific_survey":0,"_uf_disable_surveys":false,"_jetpack_memberships_contains_paid_content":false,"footnotes":""},"categories":[33,984,3,537],"tags":[496,1437,427,1438],"class_list":["post-10388","post","type-post","status-publish","format-standard","has-post-thumbnail","hentry","category-alemania","category-internacional-comunista-revolucionaria","category-politica","category-principales","tag-alemania","tag-hans-ofinger","tag-muerte","tag-postumo"],"aioseo_notices":[],"yoast_head":"<!-- This site is optimized with the Yoast SEO plugin v25.6 - https:\/\/yoast.com\/wordpress\/plugins\/seo\/ -->\n<title>En memoria de Hans-Gerd \u00d6finger (Junio de 1955 \u2013 Marzo de 2021)<\/title>\n<meta name=\"robots\" content=\"index, follow, max-snippet:-1, max-image-preview:large, max-video-preview:-1\" \/>\n<link rel=\"canonical\" href=\"https:\/\/elcomunista.org\/?p=10388\" \/>\n<meta property=\"og:locale\" content=\"es_ES\" \/>\n<meta property=\"og:type\" content=\"article\" \/>\n<meta property=\"og:title\" content=\"En memoria de Hans-Gerd \u00d6finger (Junio de 1955 \u2013 Marzo de 2021)\" \/>\n<meta property=\"og:description\" content=\"Por Alan Woods Acabo de recibir la triste noticia de la muerte de mi viejo camarada y amigo Hans-Gerd \u00d6finger. Fue un gran impacto y lo \u00faltimo que esperaba escuchar. Hace solo un par de semanas le hab\u00eda enviado un correo electr\u00f3nico cuando me enter\u00e9 que tanto \u00e9l como su hija Rosa hab\u00edan contra\u00eddo COVID-19....\" \/>\n<meta property=\"og:url\" content=\"https:\/\/elcomunista.org\/?p=10388\" \/>\n<meta property=\"og:site_name\" content=\"Revoluci\u00f3n Comunista\" \/>\n<meta property=\"article:publisher\" content=\"https:\/\/www.facebook.com\/Bloquepopularjuvenil\" \/>\n<meta property=\"article:published_time\" content=\"2021-03-27T14:03:07+00:00\" \/>\n<meta property=\"article:modified_time\" content=\"2021-03-27T14:08:10+00:00\" \/>\n<meta property=\"og:image\" content=\"https:\/\/elcomunista.org\/wp-content\/uploads\/2021\/03\/hans.jpg\" \/>\n\t<meta property=\"og:image:width\" content=\"998\" \/>\n\t<meta property=\"og:image:height\" content=\"666\" \/>\n\t<meta property=\"og:image:type\" content=\"image\/jpeg\" \/>\n<meta name=\"author\" content=\"Alan Woods\" \/>\n<meta name=\"twitter:card\" content=\"summary_large_image\" \/>\n<meta name=\"twitter:creator\" content=\"@ElBPJ\" \/>\n<meta name=\"twitter:site\" content=\"@ElBPJ\" \/>\n<meta name=\"twitter:label1\" content=\"Escrito por\" \/>\n\t<meta name=\"twitter:data1\" content=\"Alan Woods\" \/>\n\t<meta name=\"twitter:label2\" content=\"Tiempo de lectura\" \/>\n\t<meta name=\"twitter:data2\" content=\"6 minutos\" \/>\n<script type=\"application\/ld+json\" class=\"yoast-schema-graph\">{\"@context\":\"https:\/\/schema.org\",\"@graph\":[{\"@type\":\"Article\",\"@id\":\"https:\/\/elcomunista.org\/?p=10388#article\",\"isPartOf\":{\"@id\":\"https:\/\/elcomunista.org\/?p=10388\"},\"author\":{\"name\":\"Alan Woods\",\"@id\":\"https:\/\/elcomunista.org\/#\/schema\/person\/cfb00d58b5b998ed867b2e3e43dc03ce\"},\"headline\":\"En memoria de Hans-Gerd \u00d6finger (Junio de 1955 \u2013 Marzo de 2021)\",\"datePublished\":\"2021-03-27T14:03:07+00:00\",\"dateModified\":\"2021-03-27T14:08:10+00:00\",\"mainEntityOfPage\":{\"@id\":\"https:\/\/elcomunista.org\/?p=10388\"},\"wordCount\":1165,\"commentCount\":0,\"publisher\":{\"@id\":\"https:\/\/elcomunista.org\/#organization\"},\"image\":{\"@id\":\"https:\/\/elcomunista.org\/?p=10388#primaryimage\"},\"thumbnailUrl\":\"https:\/\/elcomunista.org\/wp-content\/uploads\/2021\/03\/hans.jpg\",\"keywords\":[\"Alemania\",\"Hans \u00d6finger\",\"muerte\",\"p\u00f3stumo\"],\"articleSection\":[\"Alemania\",\"Internacional Comunista Revolucionaria\",\"Pol\u00edtica\",\"Principales\"],\"inLanguage\":\"es\",\"potentialAction\":[{\"@type\":\"CommentAction\",\"name\":\"Comment\",\"target\":[\"https:\/\/elcomunista.org\/?p=10388#respond\"]}]},{\"@type\":\"WebPage\",\"@id\":\"https:\/\/elcomunista.org\/?p=10388\",\"url\":\"https:\/\/elcomunista.org\/?p=10388\",\"name\":\"En memoria de Hans-Gerd \u00d6finger (Junio de 1955 \u2013 Marzo de 2021)\",\"isPartOf\":{\"@id\":\"https:\/\/elcomunista.org\/#website\"},\"primaryImageOfPage\":{\"@id\":\"https:\/\/elcomunista.org\/?p=10388#primaryimage\"},\"image\":{\"@id\":\"https:\/\/elcomunista.org\/?p=10388#primaryimage\"},\"thumbnailUrl\":\"https:\/\/elcomunista.org\/wp-content\/uploads\/2021\/03\/hans.jpg\",\"datePublished\":\"2021-03-27T14:03:07+00:00\",\"dateModified\":\"2021-03-27T14:08:10+00:00\",\"breadcrumb\":{\"@id\":\"https:\/\/elcomunista.org\/?p=10388#breadcrumb\"},\"inLanguage\":\"es\",\"potentialAction\":[{\"@type\":\"ReadAction\",\"target\":[\"https:\/\/elcomunista.org\/?p=10388\"]}]},{\"@type\":\"ImageObject\",\"inLanguage\":\"es\",\"@id\":\"https:\/\/elcomunista.org\/?p=10388#primaryimage\",\"url\":\"https:\/\/elcomunista.org\/wp-content\/uploads\/2021\/03\/hans.jpg\",\"contentUrl\":\"https:\/\/elcomunista.org\/wp-content\/uploads\/2021\/03\/hans.jpg\",\"width\":998,\"height\":666},{\"@type\":\"BreadcrumbList\",\"@id\":\"https:\/\/elcomunista.org\/?p=10388#breadcrumb\",\"itemListElement\":[{\"@type\":\"ListItem\",\"position\":1,\"name\":\"Portada\",\"item\":\"https:\/\/elcomunista.org\/\"},{\"@type\":\"ListItem\",\"position\":2,\"name\":\"En memoria de Hans-Gerd \u00d6finger (Junio de 1955 \u2013 Marzo de 2021)\"}]},{\"@type\":\"WebSite\",\"@id\":\"https:\/\/elcomunista.org\/#website\",\"url\":\"https:\/\/elcomunista.org\/\",\"name\":\"Revoluci\u00f3n Comunista\",\"description\":\"Internacional Comunista Revolucionaria\",\"publisher\":{\"@id\":\"https:\/\/elcomunista.org\/#organization\"},\"potentialAction\":[{\"@type\":\"SearchAction\",\"target\":{\"@type\":\"EntryPoint\",\"urlTemplate\":\"https:\/\/elcomunista.org\/?s={search_term_string}\"},\"query-input\":{\"@type\":\"PropertyValueSpecification\",\"valueRequired\":true,\"valueName\":\"search_term_string\"}}],\"inLanguage\":\"es\"},{\"@type\":\"Organization\",\"@id\":\"https:\/\/elcomunista.org\/#organization\",\"name\":\"Bloque Popular Juvenil\",\"url\":\"https:\/\/elcomunista.org\/\",\"logo\":{\"@type\":\"ImageObject\",\"inLanguage\":\"es\",\"@id\":\"https:\/\/elcomunista.org\/#\/schema\/logo\/image\/\",\"url\":\"https:\/\/bloquepopularjuvenil.org\/wp-content\/uploads\/2018\/11\/bpj-militante.jpg\",\"contentUrl\":\"https:\/\/bloquepopularjuvenil.org\/wp-content\/uploads\/2018\/11\/bpj-militante.jpg\",\"width\":4000,\"height\":1390,\"caption\":\"Bloque Popular Juvenil\"},\"image\":{\"@id\":\"https:\/\/elcomunista.org\/#\/schema\/logo\/image\/\"},\"sameAs\":[\"https:\/\/www.facebook.com\/Bloquepopularjuvenil\",\"https:\/\/x.com\/ElBPJ\",\"https:\/\/www.instagram.com\/elbloque_bpj\/?hl=es-la\"]},{\"@type\":\"Person\",\"@id\":\"https:\/\/elcomunista.org\/#\/schema\/person\/cfb00d58b5b998ed867b2e3e43dc03ce\",\"name\":\"Alan Woods\",\"image\":{\"@type\":\"ImageObject\",\"inLanguage\":\"es\",\"@id\":\"https:\/\/elcomunista.org\/#\/schema\/person\/image\/\",\"url\":\"https:\/\/secure.gravatar.com\/avatar\/51cf6f85eb5a884a1afa028e3bd9aaa7?s=96&d=mm&r=g\",\"contentUrl\":\"https:\/\/secure.gravatar.com\/avatar\/51cf6f85eb5a884a1afa028e3bd9aaa7?s=96&d=mm&r=g\",\"caption\":\"Alan Woods\"},\"url\":\"https:\/\/elcomunista.org\/?author=34\"}]}<\/script>\n<!-- \/ Yoast SEO plugin. -->","yoast_head_json":{"title":"En memoria de Hans-Gerd \u00d6finger (Junio de 1955 \u2013 Marzo de 2021)","robots":{"index":"index","follow":"follow","max-snippet":"max-snippet:-1","max-image-preview":"max-image-preview:large","max-video-preview":"max-video-preview:-1"},"canonical":"https:\/\/elcomunista.org\/?p=10388","og_locale":"es_ES","og_type":"article","og_title":"En memoria de Hans-Gerd \u00d6finger (Junio de 1955 \u2013 Marzo de 2021)","og_description":"Por Alan Woods Acabo de recibir la triste noticia de la muerte de mi viejo camarada y amigo Hans-Gerd \u00d6finger. Fue un gran impacto y lo \u00faltimo que esperaba escuchar. Hace solo un par de semanas le hab\u00eda enviado un correo electr\u00f3nico cuando me enter\u00e9 que tanto \u00e9l como su hija Rosa hab\u00edan contra\u00eddo COVID-19....","og_url":"https:\/\/elcomunista.org\/?p=10388","og_site_name":"Revoluci\u00f3n Comunista","article_publisher":"https:\/\/www.facebook.com\/Bloquepopularjuvenil","article_published_time":"2021-03-27T14:03:07+00:00","article_modified_time":"2021-03-27T14:08:10+00:00","og_image":[{"width":998,"height":666,"url":"https:\/\/elcomunista.org\/wp-content\/uploads\/2021\/03\/hans.jpg","type":"image\/jpeg"}],"author":"Alan Woods","twitter_card":"summary_large_image","twitter_creator":"@ElBPJ","twitter_site":"@ElBPJ","twitter_misc":{"Escrito por":"Alan Woods","Tiempo de lectura":"6 minutos"},"schema":{"@context":"https:\/\/schema.org","@graph":[{"@type":"Article","@id":"https:\/\/elcomunista.org\/?p=10388#article","isPartOf":{"@id":"https:\/\/elcomunista.org\/?p=10388"},"author":{"name":"Alan Woods","@id":"https:\/\/elcomunista.org\/#\/schema\/person\/cfb00d58b5b998ed867b2e3e43dc03ce"},"headline":"En memoria de Hans-Gerd \u00d6finger (Junio de 1955 \u2013 Marzo de 2021)","datePublished":"2021-03-27T14:03:07+00:00","dateModified":"2021-03-27T14:08:10+00:00","mainEntityOfPage":{"@id":"https:\/\/elcomunista.org\/?p=10388"},"wordCount":1165,"commentCount":0,"publisher":{"@id":"https:\/\/elcomunista.org\/#organization"},"image":{"@id":"https:\/\/elcomunista.org\/?p=10388#primaryimage"},"thumbnailUrl":"https:\/\/elcomunista.org\/wp-content\/uploads\/2021\/03\/hans.jpg","keywords":["Alemania","Hans \u00d6finger","muerte","p\u00f3stumo"],"articleSection":["Alemania","Internacional Comunista Revolucionaria","Pol\u00edtica","Principales"],"inLanguage":"es","potentialAction":[{"@type":"CommentAction","name":"Comment","target":["https:\/\/elcomunista.org\/?p=10388#respond"]}]},{"@type":"WebPage","@id":"https:\/\/elcomunista.org\/?p=10388","url":"https:\/\/elcomunista.org\/?p=10388","name":"En memoria de Hans-Gerd \u00d6finger (Junio de 1955 \u2013 Marzo de 2021)","isPartOf":{"@id":"https:\/\/elcomunista.org\/#website"},"primaryImageOfPage":{"@id":"https:\/\/elcomunista.org\/?p=10388#primaryimage"},"image":{"@id":"https:\/\/elcomunista.org\/?p=10388#primaryimage"},"thumbnailUrl":"https:\/\/elcomunista.org\/wp-content\/uploads\/2021\/03\/hans.jpg","datePublished":"2021-03-27T14:03:07+00:00","dateModified":"2021-03-27T14:08:10+00:00","breadcrumb":{"@id":"https:\/\/elcomunista.org\/?p=10388#breadcrumb"},"inLanguage":"es","potentialAction":[{"@type":"ReadAction","target":["https:\/\/elcomunista.org\/?p=10388"]}]},{"@type":"ImageObject","inLanguage":"es","@id":"https:\/\/elcomunista.org\/?p=10388#primaryimage","url":"https:\/\/elcomunista.org\/wp-content\/uploads\/2021\/03\/hans.jpg","contentUrl":"https:\/\/elcomunista.org\/wp-content\/uploads\/2021\/03\/hans.jpg","width":998,"height":666},{"@type":"BreadcrumbList","@id":"https:\/\/elcomunista.org\/?p=10388#breadcrumb","itemListElement":[{"@type":"ListItem","position":1,"name":"Portada","item":"https:\/\/elcomunista.org\/"},{"@type":"ListItem","position":2,"name":"En memoria de Hans-Gerd \u00d6finger (Junio de 1955 \u2013 Marzo de 2021)"}]},{"@type":"WebSite","@id":"https:\/\/elcomunista.org\/#website","url":"https:\/\/elcomunista.org\/","name":"Revoluci\u00f3n Comunista","description":"Internacional Comunista Revolucionaria","publisher":{"@id":"https:\/\/elcomunista.org\/#organization"},"potentialAction":[{"@type":"SearchAction","target":{"@type":"EntryPoint","urlTemplate":"https:\/\/elcomunista.org\/?s={search_term_string}"},"query-input":{"@type":"PropertyValueSpecification","valueRequired":true,"valueName":"search_term_string"}}],"inLanguage":"es"},{"@type":"Organization","@id":"https:\/\/elcomunista.org\/#organization","name":"Bloque Popular Juvenil","url":"https:\/\/elcomunista.org\/","logo":{"@type":"ImageObject","inLanguage":"es","@id":"https:\/\/elcomunista.org\/#\/schema\/logo\/image\/","url":"https:\/\/bloquepopularjuvenil.org\/wp-content\/uploads\/2018\/11\/bpj-militante.jpg","contentUrl":"https:\/\/bloquepopularjuvenil.org\/wp-content\/uploads\/2018\/11\/bpj-militante.jpg","width":4000,"height":1390,"caption":"Bloque Popular Juvenil"},"image":{"@id":"https:\/\/elcomunista.org\/#\/schema\/logo\/image\/"},"sameAs":["https:\/\/www.facebook.com\/Bloquepopularjuvenil","https:\/\/x.com\/ElBPJ","https:\/\/www.instagram.com\/elbloque_bpj\/?hl=es-la"]},{"@type":"Person","@id":"https:\/\/elcomunista.org\/#\/schema\/person\/cfb00d58b5b998ed867b2e3e43dc03ce","name":"Alan Woods","image":{"@type":"ImageObject","inLanguage":"es","@id":"https:\/\/elcomunista.org\/#\/schema\/person\/image\/","url":"https:\/\/secure.gravatar.com\/avatar\/51cf6f85eb5a884a1afa028e3bd9aaa7?s=96&d=mm&r=g","contentUrl":"https:\/\/secure.gravatar.com\/avatar\/51cf6f85eb5a884a1afa028e3bd9aaa7?s=96&d=mm&r=g","caption":"Alan Woods"},"url":"https:\/\/elcomunista.org\/?author=34"}]}},"jetpack_featured_media_url":"https:\/\/elcomunista.org\/wp-content\/uploads\/2021\/03\/hans.jpg","jetpack_likes_enabled":true,"jetpack_sharing_enabled":true,"_links":{"self":[{"href":"https:\/\/elcomunista.org\/index.php?rest_route=\/wp\/v2\/posts\/10388"}],"collection":[{"href":"https:\/\/elcomunista.org\/index.php?rest_route=\/wp\/v2\/posts"}],"about":[{"href":"https:\/\/elcomunista.org\/index.php?rest_route=\/wp\/v2\/types\/post"}],"author":[{"embeddable":true,"href":"https:\/\/elcomunista.org\/index.php?rest_route=\/wp\/v2\/users\/34"}],"replies":[{"embeddable":true,"href":"https:\/\/elcomunista.org\/index.php?rest_route=%2Fwp%2Fv2%2Fcomments&post=10388"}],"version-history":[{"count":0,"href":"https:\/\/elcomunista.org\/index.php?rest_route=\/wp\/v2\/posts\/10388\/revisions"}],"wp:featuredmedia":[{"embeddable":true,"href":"https:\/\/elcomunista.org\/index.php?rest_route=\/wp\/v2\/media\/10389"}],"wp:attachment":[{"href":"https:\/\/elcomunista.org\/index.php?rest_route=%2Fwp%2Fv2%2Fmedia&parent=10388"}],"wp:term":[{"taxonomy":"category","embeddable":true,"href":"https:\/\/elcomunista.org\/index.php?rest_route=%2Fwp%2Fv2%2Fcategories&post=10388"},{"taxonomy":"post_tag","embeddable":true,"href":"https:\/\/elcomunista.org\/index.php?rest_route=%2Fwp%2Fv2%2Ftags&post=10388"}],"curies":[{"name":"wp","href":"https:\/\/api.w.org\/{rel}","templated":true}]}}