{"id":10416,"date":"2021-03-29T17:56:33","date_gmt":"2021-03-29T23:56:33","guid":{"rendered":"http:\/\/bloquepopularjuvenil.org\/?p=10416"},"modified":"2021-03-29T17:57:12","modified_gmt":"2021-03-29T23:57:12","slug":"nacionalismo-de-las-vacunas-una-enfermedad-capitalista","status":"publish","type":"post","link":"https:\/\/elcomunista.org\/?p=10416","title":{"rendered":"Nacionalismo de las vacunas: una enfermedad capitalista"},"content":{"rendered":"<p><span style=\"color: #000000;\"><strong>Por Joe Attard<\/strong><\/span><\/p>\n<p>A medida que la pandemia de COVID-19 se prolonga hacia su segundo a\u00f1o, contin\u00faa exponiendo e intensificando las contradicciones del capitalismo mundial. La locura del nacionalismo de las vacunas demuestra claramente que un sistema basado en la propiedad privada y la divisi\u00f3n del mundo en Estados-naci\u00f3n antag\u00f3nicos no est\u00e1 equipado para hacer frente a una amenaza viral que no entiende de fronteras, m\u00e1rgenes de beneficio o estrechos intereses nacionalistas.<\/p>\n<p>Al acaparar y disputarse las vacunas en una carrera para inmunizar primero a sus propias poblaciones, los pa\u00edses m\u00e1s ricos est\u00e1n arriesgando innumerables vidas y endeudando sus econom\u00edas en billones de d\u00f3lares. Mientras tanto, el virus contin\u00faa circulando y mutando en los pa\u00edses m\u00e1s pobres, con el riesgo de que surjan cepas nuevas, m\u00e1s transmisibles y letales.<\/p>\n<section class=\"article-content\"><span style=\"color: #800000;\"><strong>No todos juntos<\/strong><\/span><\/p>\n<p>Constantemente se nos dice que la pandemia es una amenaza mundial y que estamos todos juntos contra ella. Uno pensar\u00eda que los l\u00edderes mundiales, por tanto, comprometer\u00edan todos sus recursos, dejar\u00edan de lado sus preocupaciones inmediatas y colaborar\u00edan para luchar contra este enemigo com\u00fan.<\/p>\n<p>Como advirti\u00f3 en agosto Tedros Adhanom Ghebreyesus, director de la OMS: \u00abNecesitamos impedir el nacionalismo de las vacunas &#8230; Si bien los l\u00edderes desean proteger primero a su propia gente, la respuesta a esta pandemia debe ser colectiva\u00bb.<\/p>\n<p>De hecho, como ya mencionamos en otros art\u00edculos, los pa\u00edses capitalistas avanzados se apresuraron en asegurar acuerdos con fabricantes farmac\u00e9uticos privados de vacunas, mucho antes de que se concluyeran los ensayos cl\u00ednicos.<\/p>\n<p>Todas estas potencias imperialistas estaban desesperadas por restaurar la normalidad econ\u00f3mica y superar a sus rivales en el escenario mundial. Y debido a que varios medicamentos candidatos se sometieron a pruebas a lo largo de 2020, los pa\u00edses occidentales diversificaron su riesgo y pidieron por adelantado una variedad de medicamentos diferentes, en caso de que alguno de ellos resultara ineficaz.<\/p>\n<p>El resultado es que pa\u00edses como Gran Breta\u00f1a, Estados Unidos y Canad\u00e1; y pa\u00edses l\u00edderes de la UE como Alemania y Francia, disponen de cientos de millones de vacunas excedentes. En algunos casos, esto se debe a que ciertas vacunas a\u00fan no han sido aprobadas en algunos territorios, como la vacuna de AstraZeneca en EE. UU.<\/p>\n<p>Algunos gobiernos (particularmente en Europa) est\u00e1n teniendo problemas para utilizar su super\u00e1vit debido a la incompetencia administrativa y al escepticismo de la poblaci\u00f3n sobre las vacunas, avivado por la desinformaci\u00f3n, la desconfianza en el sistema y la mala gesti\u00f3n de la pandemia.<\/p>\n<p>Mientras tanto, a los pa\u00edses m\u00e1s pobres, incapaces de negociar acuerdos directamente con las grandes farmac\u00e9uticas, se les empuj\u00f3 al final de la cola. El resultado es que los pa\u00edses con solo el 16 por ciento de la poblaci\u00f3n total del mundo se han asegurado el 60 por ciento del suministro mundial de vacunas.<\/p>\n<p>Si bien los pa\u00edses capitalistas avanzados se proponen tener vacunadas a sus poblaciones para el verano, es poco probable que el 90 por ciento de las personas en los pa\u00edses pobres reciban una sola dosis este a\u00f1o.<\/p>\n<p>Las vacunas de ARN mensajero, desarrolladas por Pfizer y Moderna (que tienen una efectividad superior al 90 por ciento despu\u00e9s de la segunda dosis), se destinar\u00e1n casi exclusivamente a los pa\u00edses ricos de Occidente. Estas empresas se han resistido a todos los impulsos de organizaciones como la Organizaci\u00f3n Mundial de la Salud, ONGs como M\u00e9dicos Sin Fronteras (MSF) y Estados miembros de la Organizaci\u00f3n Mundial del Comercio, como India y Sud\u00e1frica, para relajar las protecciones de patentes o hacer que sus vacunas sean de c\u00f3digo abierto, para proporcionar al mundo versiones gen\u00e9ricas m\u00e1s baratas.<\/p>\n<p>Como resultado de su despiadada especulaci\u00f3n, los pron\u00f3sticos de ventas de Moderna y Pfizer alcanzan un valor de $ 18 mil millones y $ 15 mil millones s\u00f3lo en 2021. No es ni m\u00e1s ni menos que dinero ensangrentado.<\/p>\n<p>\u00abLos pobres esperan en la cola y mueren\u00bb<\/p>\n<p>Mientras tanto, la compa\u00f1\u00eda brit\u00e1nica AstraZeneca, que se comprometi\u00f3 a vender su vacuna a precio de costo a Occidente (con un l\u00edmite de 2,50 euros), cobr\u00f3 el doble por las dosis a Sud\u00e1frica, el pa\u00eds m\u00e1s afectado de \u00c1frica.<\/p>\n<p>Como justificaci\u00f3n, explic\u00f3 que los pa\u00edses de altos ingresos \u201chan invertido en [investigaci\u00f3n y desarrollo], de ah\u00ed el descuento sobre el precio\u201d. A pesar del hecho de que 2.000 sudafricanos participaron en ensayos cl\u00ednicos en 2020, ofreciendo sus cuerpos como terreno de prueba para una vacuna por la que sus fondos p\u00fablicos deben pagar ahora mucho dinero.<\/p>\n<p>El programa COVAX, respaldado por la ONU, se desarroll\u00f3 para proporcionar a los pa\u00edses m\u00e1s pobres un suministro de vacunas, pero tiene un alto riesgo de fracasar debido a la falta de fondos y a la negativa de EE. UU. a participar durante el mandato del expresidente Donald Trump.<\/p>\n<p>Aunque el actual presidente Joe Biden est\u00e1 ahora a cargo, ha promulgado nuevas restricciones a la exportaci\u00f3n de materiales para la producci\u00f3n de vacunas con el fin de proteger la cadena de suministro estadounidense. A pesar de que las advertencias de la OMS sugieren que las brechas en la cadena de suministro est\u00e1n detr\u00e1s de muchas de las escaseces de suministro que afectan a las campa\u00f1as de vacunaci\u00f3n.<\/p>\n<p>Trump se ha ido, pero sigue siendo \u00abEstados Unidos primero\u00bb.<\/p>\n<p>El COVAX est\u00e1 sufriendo un importante d\u00e9ficit de fondos en 2021 y actualmente tiene un objetivo muy modesto de distribuir 2000 millones de dosis para finales de a\u00f1o, una fracci\u00f3n de la poblaci\u00f3n que tiene como objetivo. Recientemente, recibi\u00f3 otro golpe tras el anuncio del Serum Institute of India (su mayor contribuyente) de detener las exportaciones de vacunas debido a un aumento en las infecciones en el pa\u00eds.<\/p>\n<p>A pesar de que el programa multilateral COVAX se encuentra en un estado lamentable, los pa\u00edses occidentales est\u00e1n vendiendo parte de sus excedentes a aliados y socios comerciales que no tienen problemas para abastecerse o pagar las vacunas, en lugar de ofrecerlas directamente a los pa\u00edses pobres. Por ejemplo, la Uni\u00f3n Europea ha exportado 34 millones de dosis a Singapur, Arabia Saudita y Hong Kong.<\/p>\n<p>Hay ejemplos especialmente s\u00e1dicos de nacionalismo de las vacunas, como el caso de Israel, que obsequi\u00f3 con un excedente de vacunas de Moderna a pa\u00edses que aceptaron trasladar sus embajadas a Jerusal\u00e9n, como Hungr\u00eda, Rep\u00fablica Checa y Honduras, pero le ha negado la vacuna a la poblaci\u00f3n palestina que vive bajo su ocupaci\u00f3n militar.<\/p>\n<p>Cuando se le pregunt\u00f3 sobre esto, el Ministro de Salud israel\u00ed se burl\u00f3 de que Israel no ten\u00eda la obligaci\u00f3n de vacunar a los palestinos, y (en un comentario igualmente cruel y extra\u00f1o) pregunt\u00f3 si los palestinos ten\u00edan alguna obligaci\u00f3n de cuidar delfines en el Mediterr\u00e1neo.<\/p>\n<p>Fatima Bhutto (escritora y nieta del asesinado primer ministro paquistan\u00ed Zulfikar Ali Bhutto) resumi\u00f3 la situaci\u00f3n de manera sucinta en The Guardian:<\/p>\n<p>\u201cFueron los hipercapitalistas quienes propagaron la plaga, se enriquecieron con la vacuna y ahora se curar\u00e1n c\u00f3modamente, siendo los primeros en la cola de las mejores vacunas que ni siquiera quieren. Los pobres que trataron de comer y sobrevivir, encierro tras encierro, esperar\u00e1n en la cola y morir\u00e1n\u201d.<\/p>\n<p><span style=\"color: #800000;\"><strong>Europa y Gran Breta\u00f1a: disparos<\/strong><\/span><\/p>\n<p>El fiasco sobre el lento lanzamiento de la vacuna en Europa y la disputa proteccionista de la UE con Gran Breta\u00f1a y AstraZeneca por dosis limitadas (que cubrimos la semana pasada) contin\u00faa escalando.<\/p>\n<p>El jueves 25 de marzo, los l\u00edderes de la UE se reunieron en una cumbre online para discutir nuevas restricciones a la exportaci\u00f3n a pa\u00edses que ya tienen un suministro adecuado de vacunas. En su discurso de apertura, la comisaria Ursula von der Leyen se\u00f1al\u00f3 que la UE ya hab\u00eda exportado 21 millones de dosis de vacunas al Reino Unido y que era necesario proteger el suministro europeo.<\/p>\n<p>Las restricciones se basan en reglas establecidas despu\u00e9s de la primera disputa de AstraZeneca en enero, que anteriormente permit\u00eda a la UE suspender las exportaciones de proveedores de vacunas que no hab\u00edan cumplido con sus obligaciones contractuales. Ahora, el bloque podr\u00e1 detener las exportaciones incluso si se est\u00e1n cumpliendo los objetivos. Claramente, Gran Breta\u00f1a estaba en la mira.<\/p>\n<p>El primer ministro brit\u00e1nico, Boris Johnson, insisti\u00f3 en que no quer\u00eda una lucha proteccionista de ojo por ojo, diente por diente. Y en un devastador ataque al sucesor de von der Leyen, el ex comisionado de la UE Jean-Claude Juncker, dijo que la UE deber\u00eda abstenerse de librar una \u00abest\u00fapida guerra de vacunas\u00bb con Gran Breta\u00f1a. Pero es exactamente hacia donde se dirigen las cosas, cada uno acus\u00e1ndose mutuamente de practicar un nacionalismo de las vacunas.<\/p>\n<p>La UE sigue estando muy por detr\u00e1s de sus objetivos de vacunaci\u00f3n; y hasta ahora, AstraZeneca ha reducido sus env\u00edos previstos en tres cuartas partes.<\/p>\n<p>Especialmente irritante para Europa es el hecho de que las plantas y componentes de AstraZeneca desarrollados en los Pa\u00edses Bajos y B\u00e9lgica se han dirigido a Gran Breta\u00f1a, mientras que los env\u00edos de las principales plantas brit\u00e1nicas a Europa se han reducido a un m\u00ednimo. Ahora se han impuesto prohibiciones de exportaci\u00f3n a estas plantas europeas.<\/p>\n<p>Est\u00e1 claro que AstraZeneca prometi\u00f3 masivamente, dadas sus obligaciones contractuales con Gran Breta\u00f1a, no exportar ninguna vacuna hasta que se cumplieran sus pedidos para el NHS (Servicio Nacional de Salud brit\u00e1nico, NdT).<\/p>\n<p>Si bien el contrato se negoci\u00f3 en secreto, se habla de una \u00abcl\u00e1usula de castigo\u00bb en caso de que AstraZeneca se retrase en sus compromisos con Gran Breta\u00f1a. Esto explica por qu\u00e9 no est\u00e1 dispuesta a desviar ninguna de sus dosis fabricadas en el Reino Unido. No obstante, la empresa se ha embolsado miles de millones en dinero p\u00fablico que la UE gast\u00f3 en pedidos anticipados.<\/p>\n<p>Los l\u00edderes de la UE no se molestan en ocultar su frustraci\u00f3n. Philippe Lamberts, col\u00edder del grupo Verde en el Parlamento Europeo, dijo sin rodeos: \u201cAstraZeneca nos trata como un trozo de mierda\u201d.<\/p>\n<p>La Comisi\u00f3n Europea comenz\u00f3 a sospechar profundamente de que AstraZeneca estaba ocultando grandes arsenales de vacunas en Europa con destino a Gran Breta\u00f1a.<\/p>\n<p>Esto condujo a una situaci\u00f3n rid\u00edcula cuando los Carabinieri italianos allanaron una f\u00e1brica cerca de Roma por orden de la UE. Si bien efectivamente encontraron 29 millones de dosis de la vacuna AstraZeneca, la compa\u00f1\u00eda afirm\u00f3 que estaban esperando un \u00abcontrol de calidad\u00bb y que estaban destinadas a los Estados miembros de la UE y pa\u00edses del programa COVAX.<\/p>\n<p>Todo este drama tambi\u00e9n est\u00e1 comenzando a ser contraproducente para AstraZeneca, que a pesar de su muy celebrado papel \u201cheroico\u201d en la campa\u00f1a de vacunaci\u00f3n, es simplemente otra gran empresa farmac\u00e9utica que se beneficia, y con algunas pr\u00e1cticas comerciales muy dudosas.<\/p>\n<p>El circo en Europa fue seguido de las cr\u00edticas del Instituto Nacional de Alergias y Enfermedades Infecciosas de EE. UU., seg\u00fan las cuales AstraZeneca habr\u00eda proporcionado un an\u00e1lisis \u00abenga\u00f1oso\u00bb de sus ensayos cl\u00ednicos, que parecen mostrar una eficacia ligeramente inferior a la sugerida inicialmente.<\/p>\n<p>El efecto acumulativo de todo esto es que las acciones de la empresa han bajado una quinta parte y se habla de que el director ejecutivo podr\u00eda verse obligado a dimitir. Con las prohibiciones a las exportaciones de Europa ahora sobre la mesa, la compa\u00f1\u00eda se encuentra bajo una inmensa presi\u00f3n para romper su acuerdo contractual con Gran Breta\u00f1a, que es precisamente la intenci\u00f3n que hay detr\u00e1s de la UE.<\/p>\n<p><span style=\"color: #800000;\"><strong>Miop\u00eda<\/strong><\/span><\/p>\n<p>En el fondo, el choque entre Gran Breta\u00f1a, AstraZeneca y la UE es de naturaleza pol\u00edtica. La UE est\u00e1 sufriendo la humillaci\u00f3n de ver a una Gran Breta\u00f1a post-Brexit vacunar ya a la mitad de su poblaci\u00f3n adulta, mientras lucha con su propio despliegue.<\/p>\n<p>Los nacionalistas rabiosos del n\u00famero 10 de Downing Street no han perdido tiempo en regodearse a costa de Europa. El secretario de Salud, Matt Hancock, se jact\u00f3 de que las compa\u00f1\u00edas farmac\u00e9uticas deber\u00edan establecerse en Gran Breta\u00f1a en el futuro, en lugar de en una UE proteccionista, porque: \u00aben el Reino Unido se puede exportar a cualquier parte del mundo, nunca vamos a poner obst\u00e1culos a eso\u00bb.<\/p>\n<p>Como siempre, estos repulsivos hip\u00f3critas no est\u00e1n en condiciones de presumir de nada, dada la mala gesti\u00f3n criminal de la pandemia por parte de los conservadores, que se ha cobrado tres veces m\u00e1s vidas brit\u00e1nicas que el Blitz [los ataques a\u00e9reos alemanes. NdT] de la Segunda Guerra Mundial.<\/p>\n<p>La mala relaci\u00f3n con el arrogante gobierno brit\u00e1nico fue obviamente un factor en la suspensi\u00f3n infundada de la vacuna AstraZeneca por parte de 17 pa\u00edses de la UE durante dos semanas por asociaciones (no probadas) con casos de trombosis. En represalia, Johnson y los Tories est\u00e1n haciendo todo lo posible para defender la vacuna AstraZeneca, de fabricaci\u00f3n brit\u00e1nica, como parte de su \u00abguerra cultural\u00bb patri\u00f3tica en curso.<\/p>\n<p>Es un testimonio de la miop\u00eda de estos pol\u00edticos burgueses el hecho de que estas peque\u00f1as disputas se desaten mientras Europa se enfrenta a un nuevo aumento en las tasas de infecci\u00f3n, incluso en pa\u00edses que anteriormente evitaron lo peor de la pandemia.<\/p>\n<p>Hungr\u00eda, Montenegro, Eslovenia, Bosnia-Herzegovina y Bulgaria han ingresado dentro de las 10 naciones m\u00e1s afectadas del mundo, con Eslovaquia y Polonia entre las 25 principales. Esta tercera ola se debe en gran parte a la propagaci\u00f3n de la denominada variante Kent del virus, que mut\u00f3 en Gran Breta\u00f1a y se extendi\u00f3 al continente durante el per\u00edodo invernal, durante el cual el gobierno conservador dud\u00f3 sobre la promulgaci\u00f3n de un nuevo bloqueo.<\/p>\n<p>Gran Breta\u00f1a, por su parte, ya ha visto una de las peores tasas de mortalidad del mundo y no est\u00e1 fuera de peligro de ninguna manera. Dado que los conservadores ya est\u00e1n considerando sus opciones en t\u00e9rminos de permitir los viajes al extranjero durante el verano, la historia se repetir\u00e1 si el virus no puede controlarse en ambos lados del canal.<\/p>\n<p>Todas estas damas y caballeros est\u00e1n levantando nuevas fronteras comerciales precisamente en el momento en que m\u00e1s se necesita el intercambio abierto de recursos, experiencia y vacunas. Mientras discuten, los trabajadores de ambos lados del canal est\u00e1n muriendo, ya que la pandemia se prolonga innecesariamente.<\/p>\n<p><span style=\"color: #800000;\"><strong>UE: una casa dividida<\/strong><\/span><\/p>\n<p>Aparte del antagonismo entre Gran Breta\u00f1a y Bruselas, la llamada Comunidad Europea est\u00e1 desgarr\u00e1ndose por dentro debido al nacionalismo de las vacunas.<\/p>\n<p>A pesar de que von der Leyen y el presidente franc\u00e9s Emmanuel Macron impulsaron nuevos controles de exportaci\u00f3n, los dirigentes pol\u00edticos de Alemania, B\u00e9lgica, Finlandia, Suecia y los Pa\u00edses Bajos dieron marcha atr\u00e1s el jueves. Todos estos pa\u00edses est\u00e1n profundamente involucrados en las cadenas de suministro para la producci\u00f3n de vacunas, y sus econom\u00edas corren el riesgo de sufrir grandes p\u00e9rdidas debido a las restricciones comerciales.<\/p>\n<p>Lejos de ser un frente unido, los l\u00edderes de la UE est\u00e1n desesperadamente divididos. Antes de la cumbre, ya hab\u00eda mucha inquietud entre los Estados miembros por el acceso desigual a las dosis.<\/p>\n<p>Seg\u00fan una investigaci\u00f3n del New York Times, la Comisi\u00f3n Europea asign\u00f3 dosis a sus Estados miembros, proporcionales a la poblaci\u00f3n, fuera de su acuerdo conjunto con las grandes empresas farmac\u00e9uticas.<\/p>\n<p>Muchos pa\u00edses de la UE, particularmente aquellos con poblaciones m\u00e1s grandes o m\u00e1s dif\u00edciles de alcanzar, y econom\u00edas m\u00e1s d\u00e9biles, buscaron la vacuna AstraZeneca para mantener bajos los costos. Los Estados miembros m\u00e1s ricos ten\u00edan preferencia por las vacunas de ARN mensajero de Pfizer y Moderna. Esto llev\u00f3 a un arbitraje informal en el que los pa\u00edses cambiar\u00edan sus vacunas por su opci\u00f3n preferida.<\/p>\n<p>Cuando la UE se encontr\u00f3 con su desastre de suministro con AstraZeneca, esto provoc\u00f3 un problema importante para los pa\u00edses que hab\u00edan comercializado sus vacunas de Pfizer y Moderna. Estas fueron acumuladas en gran medida por los Estados miembros m\u00e1s ricos, que tambi\u00e9n fueron m\u00e1s all\u00e1 de sus dosis asignadas al asegurar acuerdos directos separados con compa\u00f1\u00edas farmac\u00e9uticas.<\/p>\n<p>Por ejemplo, Alemania lleg\u00f3 a un acuerdo paralelo con Pfizer-BioNTech (compa\u00f1\u00eda que es un 50% alemana), por 30 millones de dosis adicionales en 2021.<\/p>\n<p>Esto provoc\u00f3 rabia y acusaciones de hipocres\u00eda de las naciones m\u00e1s pobres de la UE que (correctamente) se\u00f1alaron que Berl\u00edn hab\u00eda liderado el camino en t\u00e9rminos de asegurar un acuerdo conjunto para el bloque y luego utiliz\u00f3 su influencia financiera para acumular millones de vacunas adicionales para s\u00ed misma.<\/p>\n<p>En un intento por suavizar las cosas, Bruselas dispuso que el 30 por ciento de las 10 millones de dosis adicionales de vacunas compradas a Pfizer (que est\u00e1 sacando un beneficio muy rentable) se distribuyeran a los Estados miembros que luchan por contener el virus.<\/p>\n<p>Pero esto fue impulsado por el reaccionario canciller austr\u00edaco y ferozmente anti-UE, Sebastian Kurz, quien objet\u00f3 que su pa\u00eds quedara fuera del acuerdo.<\/p>\n<p>La tasa de vacunaci\u00f3n de Austria est\u00e1 en realidad ligeramente por encima de la media de la UE, y Kurz claramente est\u00e1 explotando la situaci\u00f3n para provocar un ataque interno en la UE, emitiendo una declaraci\u00f3n conjunta contra la decisi\u00f3n con l\u00edderes de Bulgaria, Rep\u00fablica Checa, Eslovenia, Croacia y Letonia. Al hacerlo, pretende llevar a cabo su propia agenda estrecha a expensas de la UE.<\/p>\n<p>Los elevados ideales del libre comercio, la democracia y la globalizaci\u00f3n se han convertido en una sucia lucha proteccionista, mientras que los nacionalistas demag\u00f3gicos y de derecha explotan la reputaci\u00f3n disminuida de Bruselas para su propio beneficio. Lejos de ser una comunidad europea, frente a la pandemia de coronavirus, cada uno va por su lado.<\/p>\n<p>Todo esto simplemente muestra a la UE como lo que es: un club de negocios, ya en declive terminal, en el que cualquier apariencia de unidad se echa por la borda cuando las fichas est\u00e1n bajas.<\/p>\n<p><span style=\"color: #800000;\"><strong>Rusia, China y la diplomacia de las vacunas<\/strong><\/span><\/p>\n<p>Con los pa\u00edses imperialistas occidentales envueltos en el nacionalismo de las vacunas, las potencias rivales est\u00e1n involucradas en un juego diferente. Mientras que EE. UU. y Europa acumularon sus suministros y erigieron nuevas barreras comerciales para protegerse, China y Rusia enviaron millones de vacunas Sinovac y Sputnik V a Am\u00e9rica Latina, \u00c1frica, Asia y Medio Oriente. Entre los dos, han suministrado 800 millones de dosis a 41 pa\u00edses.<\/p>\n<p>Adem\u00e1s, las empresas rusas y chinas han estado dispuestas a cerrar acuerdos de licencia para permitir que los fabricantes en pa\u00edses como Indonesia, los Emiratos \u00c1rabes Unidos y Malasia produzcan parcial o totalmente vacunas COVID-19 localmente a bajo costo, en marcado contraste con las empresas occidentales que celosamente defienden su propiedad intelectual.<\/p>\n<p>La extrema hipocres\u00eda de Occidente se pone de manifiesto cuando los comentaristas occidentales se burlan de la pol\u00edtica de vacunas de China y Rusia, cuando ellos mismos se oponen a dar un alivio real a los pa\u00edses pobres. En realidad, preferir\u00edan que millones de personas mueran, en lugar de ver socavada su propia influencia sobre estos pa\u00edses.<\/p>\n<p>Por supuesto, esta diplomacia de las vacunas no es un gesto humanitario de Beijing o Mosc\u00fa. En primer lugar, buscan el reconocimiento como pa\u00edses a los que acudir ante las crisis de salud p\u00fablica y pandemias, que probablemente ser\u00e1n m\u00e1s frecuentes en el futuro.<\/p>\n<p>\u00abA partir de ahora veremos con buenos ojos si una empresa china anuncia: tenemos una buena vacuna para la difteria, la poliomielitis o la hepatitis\u00bb, dijo Najwa Joury-Boulos, profesora de enfermedades infecciosas, que asesora al gobierno jordano sobre la pandemia. \u00abPuede que no cambiemos lo que compramos, pero lo mirar\u00edamos con m\u00e1s respeto que antes\u00bb.<\/p>\n<p>China tambi\u00e9n ha incorporado su campa\u00f1a de vacunaci\u00f3n a su iniciativa One Belt, One Road, utilizando cumbres en el Medio Oriente y \u00c1frica para ofrecer acceso preferencial a las vacunas junto con inversiones en carreteras, puertos, redes 5G y energ\u00eda renovable, creando nuevas avenidas y mercados para el capital chino.<\/p>\n<p>Aqu\u00ed hay una agenda geopol\u00edtica. China est\u00e1 expandiendo su influencia en pa\u00edses que no han podido obtener dosis de empresas como Pfizer o AstraZeneca. En otras palabras, est\u00e1n llenando el vac\u00edo dejado por el nacionalismo de las vacunas de Estados Unidos y las principales naciones europeas. Este es tambi\u00e9n un medio para que China salga de la guerra comercial, que la UE y EE. UU. est\u00e1n librando en su contra.<\/p>\n<p>China ha probado su vacuna y ha llegado a acuerdos para suministrarla a pa\u00edses como Brasil, justo en el patio trasero de Estados Unidos. Esto se resolvi\u00f3 despu\u00e9s de que las condiciones econ\u00f3micas que Pfizer pidi\u00f3 a Brasil, incluida la entrega de activos estatales como garant\u00eda contra el costo de las demandas en caso de efectos secundarios, demostraran ser demasiado onerosos.<\/p>\n<p>Mientras tanto, tras la cat\u00e1strofe de AstraZeneca, Rusia ha estado presionando a Europa con su Sputnik V.<\/p>\n<p>La empresa farmac\u00e9utica italo-suiza Adienne, en Lombard\u00eda, anunci\u00f3 el primer acuerdo de producci\u00f3n para fabricar vacunas a partir de julio. Una crisis pol\u00edtica en toda regla ha estallado en Eslovaquia. El primer ministro, Igor Matovic, dijo estar dispuesto a dimitir despu\u00e9s de que su decisi\u00f3n de comprar la vacuna de Rusia sumiera a su gobierno de coalici\u00f3n en la confusi\u00f3n.<\/p>\n<p>Incluso hubo rumores de que se hab\u00edan llegado a acuerdos con empresas de Espa\u00f1a, Francia y Alemania (pendiente de su aprobaci\u00f3n en la UE) para fabricar Sputnik V en el coraz\u00f3n de la UE con el fin de suplir el d\u00e9ficit de la disputa con AstraZeneca.<\/p>\n<p>Esto habr\u00eda supuesto un tremendo golpe para la posici\u00f3n de la UE como potencia mundial. La posibilidad fue descartada apresuradamente por el comisario de Mercado Interior, Thierry Breton, que encabeza el grupo de trabajo sobre vacunas del ejecutivo de la UE y declar\u00f3 sobre la vacuna rusa: \u00abNo la necesitaremos en absoluto\u00bb.<\/p>\n<p>No obstante, la UE se encuentra bajo una inmensa presi\u00f3n derivada de la crisis actual. Para salvar su econom\u00eda y mantener la estabilidad pol\u00edtica, la UE necesita m\u00e1s vacunas. Pero recibir vacunas de Rusia, vacunas que vendr\u00edan con demandas de suavizar la actitud de la UE hacia Rusia, la enfrentar\u00eda a Estados Unidos, que busca aislar a Rusia a nivel internacional.<\/p>\n<p><span style=\"color: #800000;\"><strong>Tablero geopol\u00edtico<\/strong><\/span><\/p>\n<p>Esta crisis se ha visto agravada por el severo impacto de la pandemia en Europa y Estados Unidos. Mientras que China, por ejemplo, se ha recuperado relativamente r\u00e1pido y est\u00e1 registrando un crecimiento econ\u00f3mico nuevamente. Esto crea un margen de maniobra para que utilice su suministro excedente de vacunas como instrumento diplom\u00e1tico, en lugar de tener que acumular cada dosis para su propia poblaci\u00f3n.<\/p>\n<p>En una afirmaci\u00f3n de fuerza, China ha reanudado el procesamiento de visas para visitantes extranjeros, pero solo si se les ha inyectado Sinovac, excluyendo efectivamente a la mayor parte de Occidente, donde la vacuna no ha sido aprobada.<\/p>\n<p>Este tipo de poder blando podr\u00eda ser parte de un intento de presionar a Am\u00e9rica del Norte y Europa para que aprueben la vacuna de China. Pero la idea que debate la UE y Gran Breta\u00f1a de crear pasaportes de vacunas para permitir que las personas viajen libremente, podr\u00edamos imaginar un escenario en el que las potencias rivales usen la aprobaci\u00f3n selectiva de vacunas para limitar los viajes al extranjero en otra lucha proteccionista.<\/p>\n<p>No hace falta decir que las vacunas que salvan vidas no deber\u00edan ser un tablero geopol\u00edtico. Ni siquiera deber\u00eda haber varias vacunas que, en \u00faltima instancia, sirvan para el mismo prop\u00f3sito. La situaci\u00f3n actual es un testimonio de la irracionalidad y el despilfarro capitalistas.<\/p>\n<p>Bajo un sistema socialista global, se podr\u00eda haber desarrollado y distribuido una sola vacuna a todo el mundo, en lugar de una serie de productos vendidos en el mercado abierto y explotados para satisfacer los intereses de las potencias capitalistas competidoras.<\/p>\n<p>Un vistazo de lo que es posible se puede ver en Cuba, que se ha negado a comprar vacunas a las grandes empresas farmac\u00e9uticas. En cambio, est\u00e1 llevando a una de sus candidatas a vacunas desarrolladas a nivel nacional, Soberana 02, a su fase III de ensayos cl\u00ednicos.<\/p>\n<p>El pa\u00eds conf\u00eda en que tendr\u00e1 suficientes dosis para vacunar a su poblaci\u00f3n en el verano, con excedentes de sobra. Ha indicado que esta vacuna ser\u00e1 gratuita para cualquier persona: incluidos todos los visitantes extranjeros que lleguen al aeropuerto de La Habana.<\/p>\n<p>Y todo esto a pesar de las continuas sanciones occidentales y de la crisis econ\u00f3mica m\u00e1s grave desde el \u201cper\u00edodo especial\u201d de la d\u00e9cada de 1990. Incluso en un Estado obrero deformado, vemos las claras ventajas de una econom\u00eda planificada sobre una econom\u00eda capitalista cuando se trata de enfrentarse a una crisis de salud p\u00fablica de esta naturaleza.<\/p>\n<p><span style=\"color: #800000;\"><strong>No puedes tener inmunidad en un solo pa\u00eds<\/strong><\/span><\/p>\n<p>Hemos dicho antes que el enfoque de \u00abnosotros primero\u00bb de los pa\u00edses capitalistas avanzados es un ejercicio contraproducente. Al virus no le importan las fronteras nacionales. Inmunizar a un pu\u00f1ado de pa\u00edses ricos no impedir\u00e1 que el virus circule, mute y regrese en el futuro de una forma m\u00e1s virulenta.<\/p>\n<p>Como advirti\u00f3 la OMS: \u00abEn verdad, nadie est\u00e1 a salvo hasta que todos est\u00e9n a salvo\u00bb.<\/p>\n<p>Dejando de lado la catastr\u00f3fica p\u00e9rdida de vidas que se prolongar\u00e1 hasta que esta pandemia est\u00e9 bajo control en todo el mundo, en una escala m\u00e1s amplia, el nacionalismo de las vacunas no tiene sentido ni siquiera sobre una base capitalista.<\/p>\n<p>Un estudio encargado por la Fundaci\u00f3n de Investigaci\u00f3n ICC concluy\u00f3 que la econom\u00eda global podr\u00eda perder $ 9,2 billones si los gobiernos no aseguran que los pa\u00edses pobres tengan acceso a las vacunas COVID-19. Hasta la mitad de estos costos recaer\u00edan sobre las econom\u00edas avanzadas.<\/p>\n<p>Para ofrecer otro ejemplo, se estima que una inversi\u00f3n de 27.200 millones de d\u00f3lares por parte de los pa\u00edses capitalistas avanzados, el actual d\u00e9ficit de fondos que enfrenta COVAX, generar\u00eda retornos de hasta 166 veces la inversi\u00f3n. $ 27 mil millones es una gota de agua en el oc\u00e9ano en comparaci\u00f3n con los billones de d\u00f3lares que los Estados est\u00e1n gastando en apuntalar sus econom\u00edas.<\/p>\n<p>El problema es que los representantes pol\u00edticos degenerados de la burgues\u00eda no est\u00e1n pensando en el bienestar humano, ni siquiera en la salud del sistema capitalista a largo plazo, sino solo en sus intereses inmediatos: sus carreras y las ganancias a corto plazo de los capitalistas a quienes representan.<\/p>\n<p>Esta ha sido su forma de pensar desde el primer d\u00eda de la pandemia, raz\u00f3n por la cual muchos de ellos se negaron a tomar medidas efectivas tempranas de confinamiento, intentando proteger sus econom\u00edas por encima de las vidas humanas, y finalmente fracasaron en ambos aspectos.<\/p>\n<p>Adem\u00e1s, el capitalismo est\u00e1 constre\u00f1ido por el Estado-naci\u00f3n: una instituci\u00f3n podrida y anticuada que est\u00e1 ejerciendo un impacto terrible en la especie humana, al frustrar cualquier posibilidad de cooperaci\u00f3n internacional.<\/p>\n<p>Unido a los intereses privados de las empresas lucrativas que controlan los medios de producci\u00f3n m\u00e9dica, los trabajadores del mundo quedan atrapados en esta pesadilla mientras los dirigentes burgueses defienden sus recursos e intercambian cr\u00edticas.<\/p>\n<p>Ya hemos advertido que el escandaloso fracaso del capitalismo para hacer frente a esta crisis plantea la posibilidad de que el coronavirus se vuelva end\u00e9mico. Sectores de la burgues\u00eda est\u00e1n dispuestas a aceptar esta nueva normalidad, como afirma un art\u00edculo publicado en Bloomberg, titulado: \u00abDebemos empezar a prepararnos para una pandemia permanente\u00bb:<\/p>\n<p>\u201cConsideremos dos caminos evolutivos alternativos. En uno, un virus se vuelve m\u00e1s severo, pero no m\u00e1s transmisible. Causar\u00e1 m\u00e1s enfermedades y muerte, pero el crecimiento ser\u00e1 lineal. En el otro camino, un virus mutante que no se vuelve ni m\u00e1s ni menos virulento, sino m\u00e1s contagioso. Causar\u00e1 aumentos en las enfermedades y muerte, que ser\u00e1n exponenciales en lugar de lineales &#8230;\u00bb<\/p>\n<p>\u201cSi esta es la trayectoria evolutiva del SARS-CoV-2, nos esperan ciclos aparentemente interminables de brotes y remisiones, restricciones sociales y relajaciones, cierres y reaperturas. Al menos en los pa\u00edses ricos, probablemente nos vacunaremos un par de veces al a\u00f1o, contra la \u00faltima variante en circulaci\u00f3n, pero nunca lo suficientemente r\u00e1pido o lo suficientemente completo como para lograr la inmunidad colectiva &#8230;<\/p>\n<p>\u201cTambi\u00e9n debemos ser realistas. La resiliencia exige que incluyamos este nuevo escenario en nuestra planificaci\u00f3n\u00bb.<\/p>\n<p>Este derrotismo estrepitoso refleja la incapacidad de los capitalistas para manejar esta situaci\u00f3n. Pero una pandemia permanente no es inevitable: con medidas de confinamiento, coordinadas y adecuadas, apoyo econ\u00f3mico para los trabajadores y un programa de vacunaci\u00f3n eficaz, podr\u00edamos poner fin a este desastre.<\/p>\n<p>Debemos nacionalizar las grandes empresas farmac\u00e9uticas. Su investigaci\u00f3n, financiada con fondos p\u00fablicos, deber\u00eda convertirse en propiedad p\u00fablica. La capacidad de fabricaci\u00f3n necesaria para la r\u00e1pida creaci\u00f3n de suficientes dosis, jeringuillas e instalaciones de refrigeraci\u00f3n debe obtenerse mediante la expropiaci\u00f3n de las instalaciones existentes. La producci\u00f3n deber\u00eda incrementarse y llevarse a cabo un plan coordinado internacionalmente de vacunaci\u00f3n global r\u00e1pida. Pero para que esto suceda debemos quitar el manejo de la pandemia de las manos de los capitalistas y sus representantes pol\u00edticos. Solo la clase trabajadora en el poder puede lograr esto a trav\u00e9s de una federaci\u00f3n socialista mundial.<\/p>\n<p>Esta pandemia, y la respuesta de los gobiernos a ella, han puesto a prueba el sistema capitalista hasta sus l\u00edmites. El resultado ha sido muerte y privaciones a un nivel espantoso, los pa\u00edses m\u00e1s ricos han dejado de lado a los pobres, abandonados a su suerte, en una b\u00fasqueda imprudente del inter\u00e9s propio por parte de los l\u00edderes mundiales.<\/p>\n<p>El nacionalismo de las vacunas es una acusaci\u00f3n del sistema en el que vivimos. Requerimos una sociedad basada en el internacionalismo, la solidaridad y la satisfacci\u00f3n de las necesidades humanas. Para que esto se logre, es imperativo que el capitalismo sea arrojado al basurero de la historia.<\/p>\n<\/section>\n","protected":false},"excerpt":{"rendered":"<p>Por Joe Attard A medida que la pandemia de COVID-19 se prolonga hacia su segundo a\u00f1o, contin\u00faa exponiendo e intensificando las contradicciones del capitalismo mundial. La locura del nacionalismo de las vacunas demuestra claramente que un sistema basado en la propiedad privada y la divisi\u00f3n del mundo en Estados-naci\u00f3n antag\u00f3nicos no est\u00e1 equipado para hacer&#8230;<\/p>\n","protected":false},"author":29,"featured_media":10417,"comment_status":"open","ping_status":"open","sticky":false,"template":"","format":"standard","meta":{"_monsterinsights_skip_tracking":false,"_monsterinsights_sitenote_active":false,"_monsterinsights_sitenote_note":"","_monsterinsights_sitenote_category":0,"_uf_show_specific_survey":0,"_uf_disable_surveys":false,"_jetpack_memberships_contains_paid_content":false,"footnotes":""},"categories":[1084,1085,13,984,537],"tags":[1043,1113,796,1172,1338],"class_list":["post-10416","post","type-post","status-publish","format-standard","has-post-thumbnail","hentry","category-coronavirus","category-crisis-capitalista","category-internacional","category-internacional-comunista-revolucionaria","category-principales","tag-coronavirus","tag-covid-19","tag-crisis-capitalista","tag-crisis-sanitaria","tag-vacuna-covid-19"],"aioseo_notices":[],"yoast_head":"<!-- This site is optimized with the Yoast SEO plugin v25.6 - https:\/\/yoast.com\/wordpress\/plugins\/seo\/ -->\n<title>Nacionalismo de las vacunas: una enfermedad capitalista<\/title>\n<meta name=\"robots\" content=\"index, follow, max-snippet:-1, max-image-preview:large, max-video-preview:-1\" \/>\n<link rel=\"canonical\" href=\"https:\/\/elcomunista.org\/?p=10416\" \/>\n<meta property=\"og:locale\" content=\"es_ES\" \/>\n<meta property=\"og:type\" content=\"article\" \/>\n<meta property=\"og:title\" content=\"Nacionalismo de las vacunas: una enfermedad capitalista\" \/>\n<meta property=\"og:description\" content=\"Por Joe Attard A medida que la pandemia de COVID-19 se prolonga hacia su segundo a\u00f1o, contin\u00faa exponiendo e intensificando las contradicciones del capitalismo mundial. La locura del nacionalismo de las vacunas demuestra claramente que un sistema basado en la propiedad privada y la divisi\u00f3n del mundo en Estados-naci\u00f3n antag\u00f3nicos no est\u00e1 equipado para hacer...\" \/>\n<meta property=\"og:url\" content=\"https:\/\/elcomunista.org\/?p=10416\" \/>\n<meta property=\"og:site_name\" content=\"Revoluci\u00f3n Comunista\" \/>\n<meta property=\"article:publisher\" content=\"https:\/\/www.facebook.com\/Bloquepopularjuvenil\" \/>\n<meta property=\"article:published_time\" content=\"2021-03-29T23:56:33+00:00\" \/>\n<meta property=\"article:modified_time\" content=\"2021-03-29T23:57:12+00:00\" \/>\n<meta property=\"og:image\" content=\"https:\/\/elcomunista.org\/wp-content\/uploads\/2021\/03\/corona.png\" \/>\n\t<meta property=\"og:image:width\" content=\"596\" \/>\n\t<meta property=\"og:image:height\" content=\"397\" \/>\n\t<meta property=\"og:image:type\" content=\"image\/png\" \/>\n<meta name=\"author\" content=\"Joe Attard\" \/>\n<meta name=\"twitter:card\" content=\"summary_large_image\" \/>\n<meta name=\"twitter:creator\" content=\"@ElBPJ\" \/>\n<meta name=\"twitter:site\" content=\"@ElBPJ\" \/>\n<meta name=\"twitter:label1\" content=\"Escrito por\" \/>\n\t<meta name=\"twitter:data1\" content=\"Joe Attard\" \/>\n\t<meta name=\"twitter:label2\" content=\"Tiempo de lectura\" \/>\n\t<meta name=\"twitter:data2\" content=\"26 minutos\" \/>\n<script type=\"application\/ld+json\" class=\"yoast-schema-graph\">{\"@context\":\"https:\/\/schema.org\",\"@graph\":[{\"@type\":\"Article\",\"@id\":\"https:\/\/elcomunista.org\/?p=10416#article\",\"isPartOf\":{\"@id\":\"https:\/\/elcomunista.org\/?p=10416\"},\"author\":{\"name\":\"Joe Attard\",\"@id\":\"https:\/\/elcomunista.org\/#\/schema\/person\/d48d67702a211b2b3b96d9f4545df512\"},\"headline\":\"Nacionalismo de las vacunas: una enfermedad capitalista\",\"datePublished\":\"2021-03-29T23:56:33+00:00\",\"dateModified\":\"2021-03-29T23:57:12+00:00\",\"mainEntityOfPage\":{\"@id\":\"https:\/\/elcomunista.org\/?p=10416\"},\"wordCount\":5209,\"commentCount\":0,\"publisher\":{\"@id\":\"https:\/\/elcomunista.org\/#organization\"},\"image\":{\"@id\":\"https:\/\/elcomunista.org\/?p=10416#primaryimage\"},\"thumbnailUrl\":\"https:\/\/elcomunista.org\/wp-content\/uploads\/2021\/03\/corona.png\",\"keywords\":[\"Coronavirus\",\"Covid-19\",\"Crisis capitalista\",\"Crisis sanitaria\",\"Vacuna Covid-19\"],\"articleSection\":[\"Coronavirus\",\"Crisis capitalista\",\"Internacional\",\"Internacional Comunista Revolucionaria\",\"Principales\"],\"inLanguage\":\"es\",\"potentialAction\":[{\"@type\":\"CommentAction\",\"name\":\"Comment\",\"target\":[\"https:\/\/elcomunista.org\/?p=10416#respond\"]}]},{\"@type\":\"WebPage\",\"@id\":\"https:\/\/elcomunista.org\/?p=10416\",\"url\":\"https:\/\/elcomunista.org\/?p=10416\",\"name\":\"Nacionalismo de las vacunas: una enfermedad capitalista\",\"isPartOf\":{\"@id\":\"https:\/\/elcomunista.org\/#website\"},\"primaryImageOfPage\":{\"@id\":\"https:\/\/elcomunista.org\/?p=10416#primaryimage\"},\"image\":{\"@id\":\"https:\/\/elcomunista.org\/?p=10416#primaryimage\"},\"thumbnailUrl\":\"https:\/\/elcomunista.org\/wp-content\/uploads\/2021\/03\/corona.png\",\"datePublished\":\"2021-03-29T23:56:33+00:00\",\"dateModified\":\"2021-03-29T23:57:12+00:00\",\"breadcrumb\":{\"@id\":\"https:\/\/elcomunista.org\/?p=10416#breadcrumb\"},\"inLanguage\":\"es\",\"potentialAction\":[{\"@type\":\"ReadAction\",\"target\":[\"https:\/\/elcomunista.org\/?p=10416\"]}]},{\"@type\":\"ImageObject\",\"inLanguage\":\"es\",\"@id\":\"https:\/\/elcomunista.org\/?p=10416#primaryimage\",\"url\":\"https:\/\/elcomunista.org\/wp-content\/uploads\/2021\/03\/corona.png\",\"contentUrl\":\"https:\/\/elcomunista.org\/wp-content\/uploads\/2021\/03\/corona.png\",\"width\":596,\"height\":397},{\"@type\":\"BreadcrumbList\",\"@id\":\"https:\/\/elcomunista.org\/?p=10416#breadcrumb\",\"itemListElement\":[{\"@type\":\"ListItem\",\"position\":1,\"name\":\"Portada\",\"item\":\"https:\/\/elcomunista.org\/\"},{\"@type\":\"ListItem\",\"position\":2,\"name\":\"Nacionalismo de las vacunas: una enfermedad capitalista\"}]},{\"@type\":\"WebSite\",\"@id\":\"https:\/\/elcomunista.org\/#website\",\"url\":\"https:\/\/elcomunista.org\/\",\"name\":\"Revoluci\u00f3n Comunista\",\"description\":\"Internacional Comunista Revolucionaria\",\"publisher\":{\"@id\":\"https:\/\/elcomunista.org\/#organization\"},\"potentialAction\":[{\"@type\":\"SearchAction\",\"target\":{\"@type\":\"EntryPoint\",\"urlTemplate\":\"https:\/\/elcomunista.org\/?s={search_term_string}\"},\"query-input\":{\"@type\":\"PropertyValueSpecification\",\"valueRequired\":true,\"valueName\":\"search_term_string\"}}],\"inLanguage\":\"es\"},{\"@type\":\"Organization\",\"@id\":\"https:\/\/elcomunista.org\/#organization\",\"name\":\"Bloque Popular Juvenil\",\"url\":\"https:\/\/elcomunista.org\/\",\"logo\":{\"@type\":\"ImageObject\",\"inLanguage\":\"es\",\"@id\":\"https:\/\/elcomunista.org\/#\/schema\/logo\/image\/\",\"url\":\"https:\/\/bloquepopularjuvenil.org\/wp-content\/uploads\/2018\/11\/bpj-militante.jpg\",\"contentUrl\":\"https:\/\/bloquepopularjuvenil.org\/wp-content\/uploads\/2018\/11\/bpj-militante.jpg\",\"width\":4000,\"height\":1390,\"caption\":\"Bloque Popular Juvenil\"},\"image\":{\"@id\":\"https:\/\/elcomunista.org\/#\/schema\/logo\/image\/\"},\"sameAs\":[\"https:\/\/www.facebook.com\/Bloquepopularjuvenil\",\"https:\/\/x.com\/ElBPJ\",\"https:\/\/www.instagram.com\/elbloque_bpj\/?hl=es-la\"]},{\"@type\":\"Person\",\"@id\":\"https:\/\/elcomunista.org\/#\/schema\/person\/d48d67702a211b2b3b96d9f4545df512\",\"name\":\"Joe Attard\",\"image\":{\"@type\":\"ImageObject\",\"inLanguage\":\"es\",\"@id\":\"https:\/\/elcomunista.org\/#\/schema\/person\/image\/\",\"url\":\"https:\/\/secure.gravatar.com\/avatar\/07433e9bba7a0aa60a8396f7f12f01dd?s=96&d=mm&r=g\",\"contentUrl\":\"https:\/\/secure.gravatar.com\/avatar\/07433e9bba7a0aa60a8396f7f12f01dd?s=96&d=mm&r=g\",\"caption\":\"Joe Attard\"},\"url\":\"https:\/\/elcomunista.org\/?author=29\"}]}<\/script>\n<!-- \/ Yoast SEO plugin. -->","yoast_head_json":{"title":"Nacionalismo de las vacunas: una enfermedad capitalista","robots":{"index":"index","follow":"follow","max-snippet":"max-snippet:-1","max-image-preview":"max-image-preview:large","max-video-preview":"max-video-preview:-1"},"canonical":"https:\/\/elcomunista.org\/?p=10416","og_locale":"es_ES","og_type":"article","og_title":"Nacionalismo de las vacunas: una enfermedad capitalista","og_description":"Por Joe Attard A medida que la pandemia de COVID-19 se prolonga hacia su segundo a\u00f1o, contin\u00faa exponiendo e intensificando las contradicciones del capitalismo mundial. La locura del nacionalismo de las vacunas demuestra claramente que un sistema basado en la propiedad privada y la divisi\u00f3n del mundo en Estados-naci\u00f3n antag\u00f3nicos no est\u00e1 equipado para hacer...","og_url":"https:\/\/elcomunista.org\/?p=10416","og_site_name":"Revoluci\u00f3n Comunista","article_publisher":"https:\/\/www.facebook.com\/Bloquepopularjuvenil","article_published_time":"2021-03-29T23:56:33+00:00","article_modified_time":"2021-03-29T23:57:12+00:00","og_image":[{"width":596,"height":397,"url":"https:\/\/elcomunista.org\/wp-content\/uploads\/2021\/03\/corona.png","type":"image\/png"}],"author":"Joe Attard","twitter_card":"summary_large_image","twitter_creator":"@ElBPJ","twitter_site":"@ElBPJ","twitter_misc":{"Escrito por":"Joe Attard","Tiempo de lectura":"26 minutos"},"schema":{"@context":"https:\/\/schema.org","@graph":[{"@type":"Article","@id":"https:\/\/elcomunista.org\/?p=10416#article","isPartOf":{"@id":"https:\/\/elcomunista.org\/?p=10416"},"author":{"name":"Joe Attard","@id":"https:\/\/elcomunista.org\/#\/schema\/person\/d48d67702a211b2b3b96d9f4545df512"},"headline":"Nacionalismo de las vacunas: una enfermedad capitalista","datePublished":"2021-03-29T23:56:33+00:00","dateModified":"2021-03-29T23:57:12+00:00","mainEntityOfPage":{"@id":"https:\/\/elcomunista.org\/?p=10416"},"wordCount":5209,"commentCount":0,"publisher":{"@id":"https:\/\/elcomunista.org\/#organization"},"image":{"@id":"https:\/\/elcomunista.org\/?p=10416#primaryimage"},"thumbnailUrl":"https:\/\/elcomunista.org\/wp-content\/uploads\/2021\/03\/corona.png","keywords":["Coronavirus","Covid-19","Crisis capitalista","Crisis sanitaria","Vacuna Covid-19"],"articleSection":["Coronavirus","Crisis capitalista","Internacional","Internacional Comunista Revolucionaria","Principales"],"inLanguage":"es","potentialAction":[{"@type":"CommentAction","name":"Comment","target":["https:\/\/elcomunista.org\/?p=10416#respond"]}]},{"@type":"WebPage","@id":"https:\/\/elcomunista.org\/?p=10416","url":"https:\/\/elcomunista.org\/?p=10416","name":"Nacionalismo de las vacunas: una enfermedad capitalista","isPartOf":{"@id":"https:\/\/elcomunista.org\/#website"},"primaryImageOfPage":{"@id":"https:\/\/elcomunista.org\/?p=10416#primaryimage"},"image":{"@id":"https:\/\/elcomunista.org\/?p=10416#primaryimage"},"thumbnailUrl":"https:\/\/elcomunista.org\/wp-content\/uploads\/2021\/03\/corona.png","datePublished":"2021-03-29T23:56:33+00:00","dateModified":"2021-03-29T23:57:12+00:00","breadcrumb":{"@id":"https:\/\/elcomunista.org\/?p=10416#breadcrumb"},"inLanguage":"es","potentialAction":[{"@type":"ReadAction","target":["https:\/\/elcomunista.org\/?p=10416"]}]},{"@type":"ImageObject","inLanguage":"es","@id":"https:\/\/elcomunista.org\/?p=10416#primaryimage","url":"https:\/\/elcomunista.org\/wp-content\/uploads\/2021\/03\/corona.png","contentUrl":"https:\/\/elcomunista.org\/wp-content\/uploads\/2021\/03\/corona.png","width":596,"height":397},{"@type":"BreadcrumbList","@id":"https:\/\/elcomunista.org\/?p=10416#breadcrumb","itemListElement":[{"@type":"ListItem","position":1,"name":"Portada","item":"https:\/\/elcomunista.org\/"},{"@type":"ListItem","position":2,"name":"Nacionalismo de las vacunas: una enfermedad capitalista"}]},{"@type":"WebSite","@id":"https:\/\/elcomunista.org\/#website","url":"https:\/\/elcomunista.org\/","name":"Revoluci\u00f3n Comunista","description":"Internacional Comunista Revolucionaria","publisher":{"@id":"https:\/\/elcomunista.org\/#organization"},"potentialAction":[{"@type":"SearchAction","target":{"@type":"EntryPoint","urlTemplate":"https:\/\/elcomunista.org\/?s={search_term_string}"},"query-input":{"@type":"PropertyValueSpecification","valueRequired":true,"valueName":"search_term_string"}}],"inLanguage":"es"},{"@type":"Organization","@id":"https:\/\/elcomunista.org\/#organization","name":"Bloque Popular Juvenil","url":"https:\/\/elcomunista.org\/","logo":{"@type":"ImageObject","inLanguage":"es","@id":"https:\/\/elcomunista.org\/#\/schema\/logo\/image\/","url":"https:\/\/bloquepopularjuvenil.org\/wp-content\/uploads\/2018\/11\/bpj-militante.jpg","contentUrl":"https:\/\/bloquepopularjuvenil.org\/wp-content\/uploads\/2018\/11\/bpj-militante.jpg","width":4000,"height":1390,"caption":"Bloque Popular Juvenil"},"image":{"@id":"https:\/\/elcomunista.org\/#\/schema\/logo\/image\/"},"sameAs":["https:\/\/www.facebook.com\/Bloquepopularjuvenil","https:\/\/x.com\/ElBPJ","https:\/\/www.instagram.com\/elbloque_bpj\/?hl=es-la"]},{"@type":"Person","@id":"https:\/\/elcomunista.org\/#\/schema\/person\/d48d67702a211b2b3b96d9f4545df512","name":"Joe Attard","image":{"@type":"ImageObject","inLanguage":"es","@id":"https:\/\/elcomunista.org\/#\/schema\/person\/image\/","url":"https:\/\/secure.gravatar.com\/avatar\/07433e9bba7a0aa60a8396f7f12f01dd?s=96&d=mm&r=g","contentUrl":"https:\/\/secure.gravatar.com\/avatar\/07433e9bba7a0aa60a8396f7f12f01dd?s=96&d=mm&r=g","caption":"Joe Attard"},"url":"https:\/\/elcomunista.org\/?author=29"}]}},"jetpack_featured_media_url":"https:\/\/elcomunista.org\/wp-content\/uploads\/2021\/03\/corona.png","jetpack_likes_enabled":true,"jetpack_sharing_enabled":true,"_links":{"self":[{"href":"https:\/\/elcomunista.org\/index.php?rest_route=\/wp\/v2\/posts\/10416"}],"collection":[{"href":"https:\/\/elcomunista.org\/index.php?rest_route=\/wp\/v2\/posts"}],"about":[{"href":"https:\/\/elcomunista.org\/index.php?rest_route=\/wp\/v2\/types\/post"}],"author":[{"embeddable":true,"href":"https:\/\/elcomunista.org\/index.php?rest_route=\/wp\/v2\/users\/29"}],"replies":[{"embeddable":true,"href":"https:\/\/elcomunista.org\/index.php?rest_route=%2Fwp%2Fv2%2Fcomments&post=10416"}],"version-history":[{"count":0,"href":"https:\/\/elcomunista.org\/index.php?rest_route=\/wp\/v2\/posts\/10416\/revisions"}],"wp:featuredmedia":[{"embeddable":true,"href":"https:\/\/elcomunista.org\/index.php?rest_route=\/wp\/v2\/media\/10417"}],"wp:attachment":[{"href":"https:\/\/elcomunista.org\/index.php?rest_route=%2Fwp%2Fv2%2Fmedia&parent=10416"}],"wp:term":[{"taxonomy":"category","embeddable":true,"href":"https:\/\/elcomunista.org\/index.php?rest_route=%2Fwp%2Fv2%2Fcategories&post=10416"},{"taxonomy":"post_tag","embeddable":true,"href":"https:\/\/elcomunista.org\/index.php?rest_route=%2Fwp%2Fv2%2Ftags&post=10416"}],"curies":[{"name":"wp","href":"https:\/\/api.w.org\/{rel}","templated":true}]}}