{"id":10544,"date":"2021-04-13T09:28:27","date_gmt":"2021-04-13T15:28:27","guid":{"rendered":"http:\/\/bloquepopularjuvenil.org\/?p=10544"},"modified":"2021-04-13T09:28:27","modified_gmt":"2021-04-13T15:28:27","slug":"peru-sorpresiva-victoria-de-dirigente-sindical-en-las-elecciones-refleja-crisis-del-regimen","status":"publish","type":"post","link":"https:\/\/elcomunista.org\/?p=10544","title":{"rendered":"Per\u00fa: Sorpresiva victoria de dirigente sindical en las elecciones refleja crisis del r\u00e9gimen"},"content":{"rendered":"<p style=\"text-align: justify;\">Las elecciones en Per\u00fa el domingo 11 de marzo produjeron una sorpresa may\u00fascula, la victoria contra todo pron\u00f3stico en la primera vuelta de Pedro Castillo, el dirigente de la huelga magisterial de 2017. En la segunda vuelta se va a enfrentar a la candidata fujimorista de Fuerza Popular, Keiko Fujimori, en una expresi\u00f3n clara de la enorme polarizaci\u00f3n pol\u00edtica en un pa\u00eds azotado por la crisis econ\u00f3mica y la pandemia del Covid-19.<\/p>\n<section class=\"article-content\">\n<p style=\"text-align: justify;\">Que Pedro Castillo, de Per\u00fa Libre, haya quedado primero en la primera vuelta de las elecciones presidenciales es un s\u00edntoma muy significativo de la crisis de legitimidad de las instituciones y partidos burgueses que es un aspecto central de la crisis de r\u00e9gimen que vive Per\u00fa. La misma tambi\u00e9n se expres\u00f3 en las movilizaciones explosivas de noviembre en las que la irrupci\u00f3n de las masas rompi\u00f3 el fr\u00e1gil equilibrio institucional.<\/p>\n<p style=\"text-align: justify;\">Pedro Castillo es conocido por ser el dirigente sindical magisterial que se puso al frente de la huelga indefinida de 2017, en una rebeli\u00f3n de las bases contra la direcci\u00f3n burocr\u00e1tica y entreguista del sindicato SUTEP (controlada por el Partido Comunista del Per\u00fa &#8211; Patria Roja).<\/p>\n<p style=\"text-align: justify;\">Una de las consignas centrales de su campa\u00f1a &#8211; \u00abNo m\u00e1s pobres en un pa\u00eds rico\u00bb- expresa el enorme malestar acumulado en Per\u00fa por las masas en contra de los capitalistas, las multinacionales y las \u00e9lites pol\u00edticas que representan sus intereses, que adem\u00e1s est\u00e1n permeadas por un racismo y un desprecio de clase hacia los indios, hacia las masas pobres obreras y campesinas de las regiones y tambi\u00e9n hacia las zonas rurales. Per\u00fa Libre adem\u00e1s se describe a s\u00ed mismo como un partido \u00abmarxista-leninista-mari\u00e1teguista\u00bb y utiliza claramente la palabra socialista en su programa y agitaci\u00f3n.<\/p>\n<p style=\"text-align: justify;\">El llamado a la Asamblea Constituyente, que ha sido un punto central de la campa\u00f1a, conecta muy bien con el rechazo general, no solo a la Constituci\u00f3n vigente, elaborada bajo la dictadura de Fujimori, sino a todas las instituciones podridas y corruptas de la democracia burguesa. Castillo ha declarado que si el Congreso no acepta la convocatoria a una Constituyente, lo disolver\u00e1.<\/p>\n<p style=\"text-align: justify;\">En la misma l\u00ednea ha prometido disolver el Tribunal Constitucional, implicado en esc\u00e1ndalos de corrupci\u00f3n, y elegir uno nuevo \u00abpor mandato popular y cada uno de los magistrados no va a depender de una bancada que lleva intereses pol\u00edticos y econ\u00f3micos de su entorno; sino que tiene que convertirse en los verdaderos tribunos del pueblos para defender no una Constituci\u00f3n mafiosa, sino los derechos del pueblo\u00bb.<\/p>\n<p style=\"text-align: justify;\">Este lenguaje de enfrentamiento frontal contra las corruptas instituciones burguesas es lo que le ha ganado al dirigente sindical magisterial el apoyo de importantes sectores de la clase trabajadora, de los maestros y de los campesinos pobres en las provincias del pa\u00eds, no solo en su Cajamarca natal, en el norte, sino tambi\u00e9n por todo el sur andino.<\/p>\n<p style=\"text-align: justify;\">La victoria de Castillo representa el voto hacia el candidato que aparece como el m\u00e1s alejado y opuesto a la pol\u00edtica oficial. El sindicalista ha anunciado que renunciar\u00e1 a su sueldo de presidente y vivir\u00e1 con su sueldo de maestro, y que va a reducir a la mitad los sueldos de ministros, congresistas y altos cargos p\u00fablicos.<\/p>\n<p style=\"text-align: justify;\">Su programa adem\u00e1s anuncia la nacionalizaci\u00f3n del \u201cgas de Camisea gas de Camisea para todas las familias del Per\u00fa. Los pozos petroleros, el oro, la plata, hay que recuperar Machu Picchu y Per\u00fa Rail\u201d. Propone la revisi\u00f3n de todos los contratos con las multinacionales para que en lugar de recibir el 70% de las utilidades y dejar al estado el 30%, sea al rev\u00e9s. Con ese dinero se financia un programa ambicioso de inversi\u00f3n y servicios p\u00fablicos, dedicando el 10% del presupuesto nacional a educaci\u00f3n, organizando una campa\u00f1a de alfabetizaci\u00f3n y garantizando el derecho a la salud.<\/p>\n<p style=\"text-align: justify;\">Con un programa as\u00ed, no es sorprendente que los medios de comunicaci\u00f3n burgueses se unieron en un coro para acusarle (falsamente) de estar manejado por Sendero Luminoso. La acusaci\u00f3n no tiene base, Castillo perteneci\u00f3 y reivindica las rondas campesinas, nacidas en su provincia natal de Chota, en Cajamarca, para defender a los campesinos de la delincuencia y tambi\u00e9n de la penetraci\u00f3n de Sendero Luminoso. En realidad, la organizaci\u00f3n pol\u00edtica que los medios de comunicaci\u00f3n acusan de ser el brazo pol\u00edtico de Sendero hoy en d\u00eda, el Movimiento por la Amnist\u00eda y los Derechos Fundamentales (Movadef), llam\u00f3 al voto nulo o abstenci\u00f3n en las elecciones. En respuesta a las acusaciones Castillo dijo \u201ccuando vas a decir la verdad, te dicen terrorista. Terrorismo es el hambre, es la miseria, es el abandono, son las grandes desigualdades, injusticias que se cometen en el pa\u00eds\u201d. En cualquier caso, esta situaci\u00f3n revela que agitar el fantasma del terrorismo ya no tiene el mismo impacto que pudo tener en el pasado.<\/p>\n<p style=\"text-align: justify;\">La sorpresiva victoria de Castillo en la primera vuelta, un candidato al que los medios de comunicaci\u00f3n tachan de \u201cultraizquierdista\u201d s\u00f3lo puede entenderse como resultado de la profunda crisis del r\u00e9gimen que vive Per\u00fa. Los \u00faltimos cinco presidentes del pa\u00eds han sido juzgados por corrupci\u00f3n, cuatro de ellos por haber recibido coimas del gigante brasile\u00f1o de las obras p\u00fablicas Odebrecht. Alan Garc\u00eda se suicid\u00f3 en 2019, en medio de acusaciones de corrupci\u00f3n. Alejandro Toledo est\u00e1 encarcelado en EEUU con pedido de extradici\u00f3n. Pedro Pablo Kuczynski cumple arresto domiciliario condenado por lavado de activos. Mart\u00edn Vizcarra, el presidente anti-corrupci\u00f3n, fue tambi\u00e9n cesado, con acusaciones de corrupci\u00f3n, en una maniobra parlamentaria que desencaden\u00f3 el movimiento de masas de noviembre pasado. Tambi\u00e9n el ex-presidente nacionalista Ollanta Humala est\u00e1 investigado por el caso Odebrecht, y el dictador Alberto Fukimnori completa la lista, encarcelado por varios delitos, incluyendo el de corrupci\u00f3n.<\/p>\n<h3 style=\"text-align: justify;\"><span style=\"color: #800000;\"><strong>Crisis econ\u00f3mica y pandemia<\/strong><\/span><\/h3>\n<p style=\"text-align: justify;\">Per\u00fa es un pa\u00eds rico, como se\u00f1ala Castillo, que se benefici\u00f3 durante casi 15 a\u00f1os del ciclo alcista de los minerales y materias primas. Entre 2003 y 2014 el PIB se multiplic\u00f3 por cuatro, y tambi\u00e9n el PIB per c\u00e1pita se multiplic\u00f3 por tres. Sin embargo, ese aumento de la riqueza no hizo m\u00e1s que aumentar la polarizaci\u00f3n entre ricos y pobres, en una aut\u00e9ntica org\u00eda de corrupci\u00f3n y dinero f\u00e1cil que las \u00e9lites se llevaron a sus bolsillos.<\/p>\n<p style=\"text-align: justify;\">En el \u00faltimo a\u00f1o, Per\u00fa ha quedado devastada por la crisis econ\u00f3mica y la pandemia Covid-19. La desastrosa gesti\u00f3n de la pandemia por parte del gobierno ha llevado a cifras espantosas de 55.000 muertos oficiales, y m\u00e1s de 1,6 millones de casos acumulados (con una poblaci\u00f3n de 32 millones de habitantes. Per\u00fa es el pa\u00eds del mundo con el mayor porcentaje de exceso de muertes (140% comparado con un a\u00f1o normal), y el pa\u00eds del mundo con mayor n\u00famero de muertes por mill\u00f3n de habitantes. Teniendo en cuenta ese par\u00e1metro, muertes en exceso, la cifra total ser\u00eda de 150.000 fallecidos.<\/p>\n<p style=\"text-align: justify;\">Para a\u00f1adir insulto a injuria, el pa\u00eds se vio envuelto en el esc\u00e1ndalo del vacunagate, por el que altos funcionarios del gobierno se vacunaron antes que la poblaci\u00f3n, salt\u00e1ndose las prioridades m\u00e9dicas y utilizando en secreto dosis que estaban destinadas a los an\u00e1lisis cl\u00ednicos.<\/p>\n<p style=\"text-align: justify;\">El PIB cay\u00f3 en 2020 en un 11.1%, la peor recesi\u00f3n en 30 a\u00f1os, siendo el segundo pa\u00eds m\u00e1s golpeado por la crisis de toda Am\u00e9rica Latina. Se destruyeron dos millones de empleos, duplicando la tasa de desempleo a un 14,5%. Sin embargo, estas cifras solamente reflejan el empleo formal, en un pa\u00eds donde el 70% de los trabajadores no tienen contrato. 1,8 millones de personas engrosaron las listas de la pobreza que afecta al 27,5% de la poblaci\u00f3n, un aumento de 6 puntos desde 2019.<\/p>\n<p style=\"text-align: justify;\">Las zonas m\u00e1s golpeadas por la crisis y la pandemia han sido las que han dado un mayor porcentaje de voto a Castillo: 54% en Huancavelica donde la pobreza supera el 35%, 51% en Ayacucho, 53% en Apur\u00edmac, 44% en su regi\u00f3n natal de Cajamarca donde la pobreza alcanza al 38% de la poblaci\u00f3n, 47% en Puno, 37% en Cusco (donde la otra candidata de la izquierda Ver\u00f3nika Mendoza de Juntos Por Per\u00fa, consigue un 20%), etc. En total Castillo gana en 17 de los 26 departamentos del pa\u00eds, y sus peores resultados son en la capital Lima, donde queda quinto con un 7,88%.<\/p>\n<p style=\"text-align: justify;\">De los resultados tambi\u00e9n hay que destacar la gran cantidad de votos nulos y blancos que son tambi\u00e9n una expresi\u00f3n del hartazgo con la pol\u00edtica oficial. Se contabilizaron m\u00e1s de dos millones de votos blancos (el 12% de los emitidos), lo que en realidad colocar\u00eda al voto blanco como segundo en la elecci\u00f3n presidencial, por detr\u00e1s de Castillo (que recibi\u00f3 2,6 millones, un 19% de los votos v\u00e1lidos).<\/p>\n<p style=\"text-align: justify;\">Los tres partidos que formaron los \u00faltimos gobiernos de Per\u00fa han quedado por debajo del 5% necesario para mantener el registro electoral.<\/p>\n<h3 style=\"text-align: justify;\"><span style=\"color: #800000;\"><strong>El programa de Per\u00fa Libre<\/strong><\/span><\/h3>\n<p style=\"text-align: justify;\">Es cierto, el programa de Per\u00fa Libre no es un programa socialista, que plantee la nacionalizaci\u00f3n de los medios de producci\u00f3n y la expropiaci\u00f3n de los capitalistas. Es un programa nacionalista que se inspira explicitamente en la experiencia de los gobiernos de Evo y Correa, con la idea de usar los recursos naturales del pa\u00eds para financiar el desarrollo nacional y la salud y la educaci\u00f3n del pueblo.<\/p>\n<p style=\"text-align: justify;\">Se plantea revertir los contratos con las multinacionales, y s\u00f3lo en caso de que se nieguen ser\u00edan nacionalizadas. A pesar de todas las palabras acerca del marxismo y del socialismo, es un programa reformista, que se mantiene dentro de los l\u00edmites del sistema, y habla de rechazar el \u201cneoliberalismo\u201d pero apoyar al empresariado nacional.<\/p>\n<p style=\"text-align: justify;\">El principal problema es que los l\u00edmites del sistema, en un pa\u00eds dominado por el imperialismo como Per\u00fa, y en medio de una crisis econ\u00f3mica mundial sin precedentes como la que estamos viviendo, son muy, muy estrechos.<\/p>\n<p style=\"text-align: justify;\">Si Castillo gana las elecciones presidenciales y trata de llevar a la pr\u00e1ctica el programa que defiende, inevitablemente se va a enfrentar con la reacci\u00f3n virulenta de los capitalistas y el imperialismo, para quienes incluso este programa limitado es una amenaza a sus intereses y privilegios. No solamente por el hecho de que promete revertir las relaciones con las multinacionales, sino por las expectativas que puede levantar entre la mayor\u00eda de trabajadores y campesinos pobres. En una situaci\u00f3n como la que ya vive el pa\u00eds, de efervescencia social, lo que m\u00e1s teme la clase dominante es que un enfrentamiento entre un gobierno de Castillo pueda abrir el camino a la acci\u00f3n de las masas en las calles.<\/p>\n<p style=\"text-align: justify;\">Es importante mencionar, que hay tambi\u00e9n otros aspectos del programa de Per\u00fa Libre que reflejan prejuicios reaccionarios, como la oposici\u00f3n al matrimonio igualitario, el ataque xen\u00f3fobo a los extranjeros \u201cdelincuentes\u201d, el rechazo a una supuesta \u00abideolog\u00eda de g\u00e9nero\u00bb, su postura poco clara respecto al aborto (\u00e9l lo ha rechazdo p\u00fablicamente, luego dice que ser\u00eda materia a decidir en la Constituyente, pero el programa oficial habla de \u201cdespenalizaci\u00f3n\u201d). Hay que combatir esos prejuicios.<\/p>\n<p style=\"text-align: justify;\">En estos aspectos, Castillo est\u00e1 en el extremo opuesto a la otra candidata de la izquierda, Ver\u00f3nika Mendoza, de Juntos Por Per\u00fa, que pone todo el \u00e9nfasis en cuestiones de derechos democr\u00e1ticos y de identidad, pero al mismo tiempo rebajaba su programa y trata de apaciguar a los empresarios (a los que denomin\u00f3 como \u201caliados estrat\u00e9gicos para el desarrollo del pa\u00eds\u201d). No es casualidad que, conforme avanzaba la campa\u00f1a y Mendoza rebajaba sus postulados, ca\u00eda su intenci\u00f3n de voto y aumentaba la de Castillo. Otro aspecto que min\u00f3 la campa\u00f1a de Mendoza fue su falta de vinculaci\u00f3n con las luchas concretas de los trabajadores (a pesar de contar con el apoyo oficial de la dirigencia de la CGTP), algo que s\u00ed estaba muy claro en el caso de Castillo, cuyo principal autoridad proviene de su papel dirigente en la huelga indefinida magisterial de 2017, contra la direcci\u00f3n burocr\u00e1tica del sindicato. En resumen, Mendoza no logr\u00f3 conectar con el Per\u00fa profundo obrero y campesino, con los m\u00e1s oprimidos, su lenguaje y propuestas conectaban m\u00e1s con la juventud urbana.<\/p>\n<p style=\"text-align: justify;\">Bajo presi\u00f3n de la opini\u00f3n p\u00fablica burguesa Mendoza se ha apresurado a desmarcarse de Venezuela, denunciando \u201cla dictadura\u201d de Maduro, mientras que Castillo se ha negado a hacer concesiones y ha expresado su apoyo a Venezuela ante el imperialismo.<\/p>\n<p style=\"text-align: justify;\">Finalmente, hay que mencionar, que las posturas pol\u00edticas del dirigente de Per\u00fa Libre, Vladimir Cerr\u00f3n, en el fondo tienen un fuerte elemento heredado del etapismo estalinista-maoista, combinado con cuestiones aberrantes como el apoyo abierto a Stalin y a Putin, ambos colocados en el mismo plano. Esta pol\u00edtica, a pesar de que el partido se reivindique mariateguista, es contraria al pensamiento del amauta Mari\u00e1tegui, que en Aniversario y balance dijo claramente \u201cla revoluci\u00f3n latinoamericana ser\u00e1 nada m\u00e1s y nada menos que una etapa, una fase de la revoluci\u00f3n mundial. Ser\u00e1 simple y puramente la revoluci\u00f3n socialista.\u201d (ver Mari\u00e1tegui y la revoluci\u00f3n permanente)<\/p>\n<p style=\"text-align: justify;\">La segunda vuelta va a enfrentar a Pedro Castillo contra la candidata de la derecha fujimorista, Keiko Fujimori, y ser\u00e1 un reflejo de la polarizaci\u00f3n pol\u00edtica en Per\u00fa, y del colapso del centro.<\/p>\n<p style=\"text-align: justify;\">La clase dominante va a tratar de derrotar a Castillo por todos los medios, aunque Fujimori no representa m\u00e1s que a un sector de la burgues\u00eda. Al mismo tiempo, ante la posibilidad de que Castillo pueda ganar las elecciones van a ejercer toda la presi\u00f3n posible para moderar su programa y su lenguaje. Ya podemos ver indicios de esto. En una de sus primeras declaraciones postelectorales, Castillo declar\u00f3: \u201cBasta de modelos, no se encierren, no se encasillen, no se a\u00edslen [&#8230;] Creo que no hay que pensar en derecha o izquierda, porque eso le queda peque\u00f1o, reducido, a los grandes problemas que tiene el pa\u00eds.\u201d<\/p>\n<p style=\"text-align: justify;\">Tenemos que decir claramente que la crisis a la que se enfrenta Per\u00fa es parte de la crisis capitalista mundial. Esa es la causa de la crisis, no la corrupci\u00f3n, ni el \u201cneoliberalismo\u201d que son solo expresiones y s\u00edntomas de la misma. La soluci\u00f3n por lo tanto no es cambiar la Constituci\u00f3n, aunque ciertamente es un esc\u00e1ndalo que la Constituci\u00f3n de Fujimori de 1993 siga vigente. La soluci\u00f3n no es ni siquiera cambiar los contratos con las multinacionales. No se trata de ajustar las aristas del sistema, es el propio sistema el que est\u00e1 podrido hasta el tu\u00e9tano.<\/p>\n<p style=\"text-align: justify;\">La soluci\u00f3n es en primer lugar poner la riqueza del pa\u00eds en manos de la clase trabajadora y eso requiere la nacionalizaci\u00f3n de las multinacionales pero tambi\u00e9n la expropiaci\u00f3n de los grandes grupos empresariales representados en la CONFIEP. Sobre esa base se puede lograr que \u201cno haya pobres en un pa\u00eds rico\u201d. Para eso tiene que gobernar la clase trabajadora con el apoyo del campesinado pobre con una perspectiva revolucionaria e internacionalista.<\/p>\n<p style=\"text-align: justify;\">En la medida en que no existe una alternativa socialista revolucionaria clara, es obvio que sectores muy amplios de obreros y campesinos han expresado y expresar\u00e1n a trav\u00e9s de la candidatura de Castillo su rechazo al orden establecido y su b\u00fasqueda de soluciones que favorezcan a los intereses de la mayor\u00eda.<\/p>\n<p style=\"text-align: justify;\">Esa va a ser una etapa necesaria en el proceso de toma de conciencia. Las masas van a tener que poner a prueba las ideas y el programa de Castillo y Per\u00fa Libre. Los marxistas revolucionarios tenemos la obligaci\u00f3n de acompa\u00f1ar a las masas en esta experiencia, hombro con hombro, explicando pacientemente las limitaciones del programa, animando a las masas a confiar solamente en sus propias fuerzas, a la lucha obrera y de los oprimidos y ayudando a sacar las conclusiones necesarias.<\/p>\n<p style=\"text-align: justify;\">No m\u00e1s pobres en un pa\u00eds rico, expropiar a las multinacionales y los capitalistas, por un programa de revoluci\u00f3n socialista.<\/p>\n<\/section>\n","protected":false},"excerpt":{"rendered":"<p>Las elecciones en Per\u00fa el domingo 11 de marzo produjeron una sorpresa may\u00fascula, la victoria contra todo pron\u00f3stico en la primera vuelta de Pedro Castillo, el dirigente de la huelga magisterial de 2017. En la segunda vuelta se va a enfrentar a la candidata fujimorista de Fuerza Popular, Keiko Fujimori, en una expresi\u00f3n clara de&#8230;<\/p>\n","protected":false},"author":36,"featured_media":10545,"comment_status":"open","ping_status":"open","sticky":false,"template":"","format":"standard","meta":{"_monsterinsights_skip_tracking":false,"_monsterinsights_sitenote_active":false,"_monsterinsights_sitenote_note":"","_monsterinsights_sitenote_category":0,"_uf_show_specific_survey":0,"_uf_disable_surveys":false,"_jetpack_memberships_contains_paid_content":false,"footnotes":""},"categories":[21,537],"tags":[],"class_list":["post-10544","post","type-post","status-publish","format-standard","has-post-thumbnail","hentry","category-peru","category-principales"],"aioseo_notices":[],"yoast_head":"<!-- This site is optimized with the Yoast SEO plugin v25.6 - https:\/\/yoast.com\/wordpress\/plugins\/seo\/ -->\n<title>Per\u00fa: Sorpresiva victoria de dirigente sindical en las elecciones refleja crisis del r\u00e9gimen<\/title>\n<meta name=\"robots\" content=\"index, follow, max-snippet:-1, max-image-preview:large, max-video-preview:-1\" \/>\n<link rel=\"canonical\" href=\"https:\/\/elcomunista.org\/?p=10544\" \/>\n<meta property=\"og:locale\" content=\"es_ES\" \/>\n<meta property=\"og:type\" content=\"article\" \/>\n<meta property=\"og:title\" content=\"Per\u00fa: Sorpresiva victoria de dirigente sindical en las elecciones refleja crisis del r\u00e9gimen\" \/>\n<meta property=\"og:description\" content=\"Las elecciones en Per\u00fa el domingo 11 de marzo produjeron una sorpresa may\u00fascula, la victoria contra todo pron\u00f3stico en la primera vuelta de Pedro Castillo, el dirigente de la huelga magisterial de 2017. En la segunda vuelta se va a enfrentar a la candidata fujimorista de Fuerza Popular, Keiko Fujimori, en una expresi\u00f3n clara de...\" \/>\n<meta property=\"og:url\" content=\"https:\/\/elcomunista.org\/?p=10544\" \/>\n<meta property=\"og:site_name\" content=\"Revoluci\u00f3n Comunista\" \/>\n<meta property=\"article:publisher\" content=\"https:\/\/www.facebook.com\/Bloquepopularjuvenil\" \/>\n<meta property=\"article:published_time\" content=\"2021-04-13T15:28:27+00:00\" \/>\n<meta property=\"og:image\" content=\"https:\/\/elcomunista.org\/wp-content\/uploads\/2021\/04\/1000x-1.jpeg\" \/>\n\t<meta property=\"og:image:width\" content=\"1000\" \/>\n\t<meta property=\"og:image:height\" content=\"641\" \/>\n\t<meta property=\"og:image:type\" content=\"image\/jpeg\" \/>\n<meta name=\"author\" content=\"Jorge Martin\" \/>\n<meta name=\"twitter:card\" content=\"summary_large_image\" \/>\n<meta name=\"twitter:creator\" content=\"@ElBPJ\" \/>\n<meta name=\"twitter:site\" content=\"@ElBPJ\" \/>\n<meta name=\"twitter:label1\" content=\"Escrito por\" \/>\n\t<meta name=\"twitter:data1\" content=\"Jorge Martin\" \/>\n\t<meta name=\"twitter:label2\" content=\"Tiempo de lectura\" \/>\n\t<meta name=\"twitter:data2\" content=\"12 minutos\" \/>\n<script type=\"application\/ld+json\" class=\"yoast-schema-graph\">{\"@context\":\"https:\/\/schema.org\",\"@graph\":[{\"@type\":\"Article\",\"@id\":\"https:\/\/elcomunista.org\/?p=10544#article\",\"isPartOf\":{\"@id\":\"https:\/\/elcomunista.org\/?p=10544\"},\"author\":{\"name\":\"Jorge Martin\",\"@id\":\"https:\/\/elcomunista.org\/#\/schema\/person\/4cc74db2ec789a45c134e77808ba2c32\"},\"headline\":\"Per\u00fa: Sorpresiva victoria de dirigente sindical en las elecciones refleja crisis del r\u00e9gimen\",\"datePublished\":\"2021-04-13T15:28:27+00:00\",\"mainEntityOfPage\":{\"@id\":\"https:\/\/elcomunista.org\/?p=10544\"},\"wordCount\":2757,\"commentCount\":0,\"publisher\":{\"@id\":\"https:\/\/elcomunista.org\/#organization\"},\"image\":{\"@id\":\"https:\/\/elcomunista.org\/?p=10544#primaryimage\"},\"thumbnailUrl\":\"https:\/\/elcomunista.org\/wp-content\/uploads\/2021\/04\/1000x-1.jpeg\",\"articleSection\":[\"Per\u00fa\",\"Principales\"],\"inLanguage\":\"es\",\"potentialAction\":[{\"@type\":\"CommentAction\",\"name\":\"Comment\",\"target\":[\"https:\/\/elcomunista.org\/?p=10544#respond\"]}]},{\"@type\":\"WebPage\",\"@id\":\"https:\/\/elcomunista.org\/?p=10544\",\"url\":\"https:\/\/elcomunista.org\/?p=10544\",\"name\":\"Per\u00fa: Sorpresiva victoria de dirigente sindical en las elecciones refleja crisis del r\u00e9gimen\",\"isPartOf\":{\"@id\":\"https:\/\/elcomunista.org\/#website\"},\"primaryImageOfPage\":{\"@id\":\"https:\/\/elcomunista.org\/?p=10544#primaryimage\"},\"image\":{\"@id\":\"https:\/\/elcomunista.org\/?p=10544#primaryimage\"},\"thumbnailUrl\":\"https:\/\/elcomunista.org\/wp-content\/uploads\/2021\/04\/1000x-1.jpeg\",\"datePublished\":\"2021-04-13T15:28:27+00:00\",\"breadcrumb\":{\"@id\":\"https:\/\/elcomunista.org\/?p=10544#breadcrumb\"},\"inLanguage\":\"es\",\"potentialAction\":[{\"@type\":\"ReadAction\",\"target\":[\"https:\/\/elcomunista.org\/?p=10544\"]}]},{\"@type\":\"ImageObject\",\"inLanguage\":\"es\",\"@id\":\"https:\/\/elcomunista.org\/?p=10544#primaryimage\",\"url\":\"https:\/\/elcomunista.org\/wp-content\/uploads\/2021\/04\/1000x-1.jpeg\",\"contentUrl\":\"https:\/\/elcomunista.org\/wp-content\/uploads\/2021\/04\/1000x-1.jpeg\",\"width\":1000,\"height\":641},{\"@type\":\"BreadcrumbList\",\"@id\":\"https:\/\/elcomunista.org\/?p=10544#breadcrumb\",\"itemListElement\":[{\"@type\":\"ListItem\",\"position\":1,\"name\":\"Portada\",\"item\":\"https:\/\/elcomunista.org\/\"},{\"@type\":\"ListItem\",\"position\":2,\"name\":\"Per\u00fa: Sorpresiva victoria de dirigente sindical en las elecciones refleja crisis del r\u00e9gimen\"}]},{\"@type\":\"WebSite\",\"@id\":\"https:\/\/elcomunista.org\/#website\",\"url\":\"https:\/\/elcomunista.org\/\",\"name\":\"Revoluci\u00f3n Comunista\",\"description\":\"Internacional Comunista Revolucionaria\",\"publisher\":{\"@id\":\"https:\/\/elcomunista.org\/#organization\"},\"potentialAction\":[{\"@type\":\"SearchAction\",\"target\":{\"@type\":\"EntryPoint\",\"urlTemplate\":\"https:\/\/elcomunista.org\/?s={search_term_string}\"},\"query-input\":{\"@type\":\"PropertyValueSpecification\",\"valueRequired\":true,\"valueName\":\"search_term_string\"}}],\"inLanguage\":\"es\"},{\"@type\":\"Organization\",\"@id\":\"https:\/\/elcomunista.org\/#organization\",\"name\":\"Bloque Popular Juvenil\",\"url\":\"https:\/\/elcomunista.org\/\",\"logo\":{\"@type\":\"ImageObject\",\"inLanguage\":\"es\",\"@id\":\"https:\/\/elcomunista.org\/#\/schema\/logo\/image\/\",\"url\":\"https:\/\/bloquepopularjuvenil.org\/wp-content\/uploads\/2018\/11\/bpj-militante.jpg\",\"contentUrl\":\"https:\/\/bloquepopularjuvenil.org\/wp-content\/uploads\/2018\/11\/bpj-militante.jpg\",\"width\":4000,\"height\":1390,\"caption\":\"Bloque Popular Juvenil\"},\"image\":{\"@id\":\"https:\/\/elcomunista.org\/#\/schema\/logo\/image\/\"},\"sameAs\":[\"https:\/\/www.facebook.com\/Bloquepopularjuvenil\",\"https:\/\/x.com\/ElBPJ\",\"https:\/\/www.instagram.com\/elbloque_bpj\/?hl=es-la\"]},{\"@type\":\"Person\",\"@id\":\"https:\/\/elcomunista.org\/#\/schema\/person\/4cc74db2ec789a45c134e77808ba2c32\",\"name\":\"Jorge Martin\",\"image\":{\"@type\":\"ImageObject\",\"inLanguage\":\"es\",\"@id\":\"https:\/\/elcomunista.org\/#\/schema\/person\/image\/\",\"url\":\"https:\/\/secure.gravatar.com\/avatar\/19f21407383a9ad29194a5cadd7eac42?s=96&d=mm&r=g\",\"contentUrl\":\"https:\/\/secure.gravatar.com\/avatar\/19f21407383a9ad29194a5cadd7eac42?s=96&d=mm&r=g\",\"caption\":\"Jorge Martin\"},\"url\":\"https:\/\/elcomunista.org\/?author=36\"}]}<\/script>\n<!-- \/ Yoast SEO plugin. -->","yoast_head_json":{"title":"Per\u00fa: Sorpresiva victoria de dirigente sindical en las elecciones refleja crisis del r\u00e9gimen","robots":{"index":"index","follow":"follow","max-snippet":"max-snippet:-1","max-image-preview":"max-image-preview:large","max-video-preview":"max-video-preview:-1"},"canonical":"https:\/\/elcomunista.org\/?p=10544","og_locale":"es_ES","og_type":"article","og_title":"Per\u00fa: Sorpresiva victoria de dirigente sindical en las elecciones refleja crisis del r\u00e9gimen","og_description":"Las elecciones en Per\u00fa el domingo 11 de marzo produjeron una sorpresa may\u00fascula, la victoria contra todo pron\u00f3stico en la primera vuelta de Pedro Castillo, el dirigente de la huelga magisterial de 2017. En la segunda vuelta se va a enfrentar a la candidata fujimorista de Fuerza Popular, Keiko Fujimori, en una expresi\u00f3n clara de...","og_url":"https:\/\/elcomunista.org\/?p=10544","og_site_name":"Revoluci\u00f3n Comunista","article_publisher":"https:\/\/www.facebook.com\/Bloquepopularjuvenil","article_published_time":"2021-04-13T15:28:27+00:00","og_image":[{"width":1000,"height":641,"url":"https:\/\/elcomunista.org\/wp-content\/uploads\/2021\/04\/1000x-1.jpeg","type":"image\/jpeg"}],"author":"Jorge Martin","twitter_card":"summary_large_image","twitter_creator":"@ElBPJ","twitter_site":"@ElBPJ","twitter_misc":{"Escrito por":"Jorge Martin","Tiempo de lectura":"12 minutos"},"schema":{"@context":"https:\/\/schema.org","@graph":[{"@type":"Article","@id":"https:\/\/elcomunista.org\/?p=10544#article","isPartOf":{"@id":"https:\/\/elcomunista.org\/?p=10544"},"author":{"name":"Jorge Martin","@id":"https:\/\/elcomunista.org\/#\/schema\/person\/4cc74db2ec789a45c134e77808ba2c32"},"headline":"Per\u00fa: Sorpresiva victoria de dirigente sindical en las elecciones refleja crisis del r\u00e9gimen","datePublished":"2021-04-13T15:28:27+00:00","mainEntityOfPage":{"@id":"https:\/\/elcomunista.org\/?p=10544"},"wordCount":2757,"commentCount":0,"publisher":{"@id":"https:\/\/elcomunista.org\/#organization"},"image":{"@id":"https:\/\/elcomunista.org\/?p=10544#primaryimage"},"thumbnailUrl":"https:\/\/elcomunista.org\/wp-content\/uploads\/2021\/04\/1000x-1.jpeg","articleSection":["Per\u00fa","Principales"],"inLanguage":"es","potentialAction":[{"@type":"CommentAction","name":"Comment","target":["https:\/\/elcomunista.org\/?p=10544#respond"]}]},{"@type":"WebPage","@id":"https:\/\/elcomunista.org\/?p=10544","url":"https:\/\/elcomunista.org\/?p=10544","name":"Per\u00fa: Sorpresiva victoria de dirigente sindical en las elecciones refleja crisis del r\u00e9gimen","isPartOf":{"@id":"https:\/\/elcomunista.org\/#website"},"primaryImageOfPage":{"@id":"https:\/\/elcomunista.org\/?p=10544#primaryimage"},"image":{"@id":"https:\/\/elcomunista.org\/?p=10544#primaryimage"},"thumbnailUrl":"https:\/\/elcomunista.org\/wp-content\/uploads\/2021\/04\/1000x-1.jpeg","datePublished":"2021-04-13T15:28:27+00:00","breadcrumb":{"@id":"https:\/\/elcomunista.org\/?p=10544#breadcrumb"},"inLanguage":"es","potentialAction":[{"@type":"ReadAction","target":["https:\/\/elcomunista.org\/?p=10544"]}]},{"@type":"ImageObject","inLanguage":"es","@id":"https:\/\/elcomunista.org\/?p=10544#primaryimage","url":"https:\/\/elcomunista.org\/wp-content\/uploads\/2021\/04\/1000x-1.jpeg","contentUrl":"https:\/\/elcomunista.org\/wp-content\/uploads\/2021\/04\/1000x-1.jpeg","width":1000,"height":641},{"@type":"BreadcrumbList","@id":"https:\/\/elcomunista.org\/?p=10544#breadcrumb","itemListElement":[{"@type":"ListItem","position":1,"name":"Portada","item":"https:\/\/elcomunista.org\/"},{"@type":"ListItem","position":2,"name":"Per\u00fa: Sorpresiva victoria de dirigente sindical en las elecciones refleja crisis del r\u00e9gimen"}]},{"@type":"WebSite","@id":"https:\/\/elcomunista.org\/#website","url":"https:\/\/elcomunista.org\/","name":"Revoluci\u00f3n Comunista","description":"Internacional Comunista Revolucionaria","publisher":{"@id":"https:\/\/elcomunista.org\/#organization"},"potentialAction":[{"@type":"SearchAction","target":{"@type":"EntryPoint","urlTemplate":"https:\/\/elcomunista.org\/?s={search_term_string}"},"query-input":{"@type":"PropertyValueSpecification","valueRequired":true,"valueName":"search_term_string"}}],"inLanguage":"es"},{"@type":"Organization","@id":"https:\/\/elcomunista.org\/#organization","name":"Bloque Popular Juvenil","url":"https:\/\/elcomunista.org\/","logo":{"@type":"ImageObject","inLanguage":"es","@id":"https:\/\/elcomunista.org\/#\/schema\/logo\/image\/","url":"https:\/\/bloquepopularjuvenil.org\/wp-content\/uploads\/2018\/11\/bpj-militante.jpg","contentUrl":"https:\/\/bloquepopularjuvenil.org\/wp-content\/uploads\/2018\/11\/bpj-militante.jpg","width":4000,"height":1390,"caption":"Bloque Popular Juvenil"},"image":{"@id":"https:\/\/elcomunista.org\/#\/schema\/logo\/image\/"},"sameAs":["https:\/\/www.facebook.com\/Bloquepopularjuvenil","https:\/\/x.com\/ElBPJ","https:\/\/www.instagram.com\/elbloque_bpj\/?hl=es-la"]},{"@type":"Person","@id":"https:\/\/elcomunista.org\/#\/schema\/person\/4cc74db2ec789a45c134e77808ba2c32","name":"Jorge Martin","image":{"@type":"ImageObject","inLanguage":"es","@id":"https:\/\/elcomunista.org\/#\/schema\/person\/image\/","url":"https:\/\/secure.gravatar.com\/avatar\/19f21407383a9ad29194a5cadd7eac42?s=96&d=mm&r=g","contentUrl":"https:\/\/secure.gravatar.com\/avatar\/19f21407383a9ad29194a5cadd7eac42?s=96&d=mm&r=g","caption":"Jorge Martin"},"url":"https:\/\/elcomunista.org\/?author=36"}]}},"jetpack_featured_media_url":"https:\/\/elcomunista.org\/wp-content\/uploads\/2021\/04\/1000x-1.jpeg","jetpack_likes_enabled":true,"jetpack_sharing_enabled":true,"_links":{"self":[{"href":"https:\/\/elcomunista.org\/index.php?rest_route=\/wp\/v2\/posts\/10544"}],"collection":[{"href":"https:\/\/elcomunista.org\/index.php?rest_route=\/wp\/v2\/posts"}],"about":[{"href":"https:\/\/elcomunista.org\/index.php?rest_route=\/wp\/v2\/types\/post"}],"author":[{"embeddable":true,"href":"https:\/\/elcomunista.org\/index.php?rest_route=\/wp\/v2\/users\/36"}],"replies":[{"embeddable":true,"href":"https:\/\/elcomunista.org\/index.php?rest_route=%2Fwp%2Fv2%2Fcomments&post=10544"}],"version-history":[{"count":0,"href":"https:\/\/elcomunista.org\/index.php?rest_route=\/wp\/v2\/posts\/10544\/revisions"}],"wp:featuredmedia":[{"embeddable":true,"href":"https:\/\/elcomunista.org\/index.php?rest_route=\/wp\/v2\/media\/10545"}],"wp:attachment":[{"href":"https:\/\/elcomunista.org\/index.php?rest_route=%2Fwp%2Fv2%2Fmedia&parent=10544"}],"wp:term":[{"taxonomy":"category","embeddable":true,"href":"https:\/\/elcomunista.org\/index.php?rest_route=%2Fwp%2Fv2%2Fcategories&post=10544"},{"taxonomy":"post_tag","embeddable":true,"href":"https:\/\/elcomunista.org\/index.php?rest_route=%2Fwp%2Fv2%2Ftags&post=10544"}],"curies":[{"name":"wp","href":"https:\/\/api.w.org\/{rel}","templated":true}]}}