{"id":10674,"date":"2021-04-28T09:07:24","date_gmt":"2021-04-28T15:07:24","guid":{"rendered":"http:\/\/bloquepopularjuvenil.org\/?p=10674"},"modified":"2021-04-28T09:10:36","modified_gmt":"2021-04-28T15:10:36","slug":"covid-19-eliminar-las-patentes-de-las-vacunas-no-al-negocio-capitalista-si-a-las-vidas-humanas","status":"publish","type":"post","link":"https:\/\/elcomunista.org\/?p=10674","title":{"rendered":"Covid-19: Eliminar las patentes de las vacunas \u00a1No al negocio capitalista, s\u00ed a las vidas humanas!"},"content":{"rendered":"<p>La subida en espiral de los contagios de Covid-19, como hemos visto en Europa y Brasil, y ahora en India y norte de \u00c1frica, favorecen la proliferaci\u00f3n de mutaciones gen\u00e9ticas y nuevas variantes m\u00e1s contagiosas del virus que se expanden sin control a nivel mundial. Tras a\u00f1o y medio de pandemia nada definitivo se ha resuelto, y el negocio capitalista se ha mostrado como el aliado m\u00e1s eficiente del Covid-19.<\/p>\n<p>Si hay algo precisamente que muestra la bancarrota del sistema capitalista a nivel global es el espect\u00e1culo obsceno que vemos alrededor del tema de las vacunas del COVID-19.<\/p>\n<section class=\"article-content\">Por un lado, se nos ofrecen las extraordinarias posibilidades cient\u00edficas y tecnol\u00f3gicas para disponer en un tiempo relativamente r\u00e1pido de media docena de vacunas, o m\u00e1s (Pfizer, Moderna, AstraZeneca, Sputnik V, Sinova, Janssen, etc.) y, por otro lado, vemos las peleas vergonzosas entre gobiernos burgueses por acaparar las vacunas contra los dem\u00e1s, y la exageraci\u00f3n de las deficiencias de las vacunas de la competencia. Al mismo tiempo, vemos el retraso en la vacunaci\u00f3n masiva de la poblaci\u00f3n que afecta m\u00e1s en particular a cientos de millones de seres humanos de los pa\u00edses oprimidos por el imperialismo en \u00c1frica, Asia y Am\u00e9rica Latina que s\u00f3lo reciben las vacunas a cuentagotas, si es que les llegan.El capitalismo es responsable, no s\u00f3lo de haber gestionado de manera ineficaz e incompetente la peor pandemia conocida en generaciones, sino que todo el proceso alrededor de la generaci\u00f3n de vacunas se haya hecho con un enorme despilfarro de recursos y de esfuerzos in\u00fatiles que han condenado a la muerte, y siguen condenando, a cientos de miles de vidas humanas desde comienzos de este a\u00f1o.<span style=\"color: #800000;\"><strong>\u00a0<\/strong><\/span><\/section>\n<section><\/section>\n<section><\/section>\n<section><\/section>\n<section><\/section>\n<section><\/section>\n<section><\/section>\n<section class=\"article-content\"><span style=\"color: #800000;\"><strong>\u00bfPor qu\u00e9 no se fabrican ya cientos de millones de vacunas diarias?<\/strong><\/span><\/section>\n<section><\/section>\n<section><\/section>\n<section><\/section>\n<section><\/section>\n<section><\/section>\n<section class=\"article-content\">Con las vacunas ya disponibles se podr\u00eda poner en funcionamiento el potencial productivo ya existente en f\u00e1bricas y laboratorios, y crear decenas y cientos m\u00e1s de instalaciones de producci\u00f3n, para bombear de manera diaria e inmediata cientos de millones de vacunas a todos los rincones del planeta, poniendo fin a la pesadilla sin fin que vivimos desde hace m\u00e1s de un a\u00f1o. Esto se acelerar\u00eda enormemente si se liberaran las patentes de las vacunas para que otras empresas y los gobiernos mismos se sumaran a la producci\u00f3n, a un costo m\u00ednimo.Claro est\u00e1 que el \u00fanico obst\u00e1culo para conseguir esto, es la propiedad privada y el inter\u00e9s de lucro de estas compa\u00f1\u00edas. Por un lado est\u00e1 el \u201cproblema\u201d de que una vez que desaparezca la pandemia, ya no encontrar\u00edan utilidad las nuevas f\u00e1bricas levantadas para la producci\u00f3n de estas vacunas y, por tanto, ser\u00edan un lastre para sus beneficios tener que desmontarlas. Y, por el otro, ceder las patentes implicar\u00eda la desaparici\u00f3n del negocio de estas compa\u00f1\u00edas. As\u00ed vemos c\u00f3mo, de un modo y otro, el negocio capitalista atenta continuamente contra la salvaci\u00f3n de vidas humanas.<\/section>\n<section><\/section>\n<section class=\"article-content\"><span style=\"color: #800000;\"><strong>Inversi\u00f3n p\u00fablica y beneficios privados<\/strong><\/span><\/section>\n<section class=\"article-content\">Todo esto es m\u00e1s odioso cuanto que la mayor\u00eda de estas vacunas fueron conseguidas gracias las ingentes ayudas p\u00fablicas a los laboratorios para que las desarrollasen, cuando no han sido las propias investigaciones de laboratorios y universidades p\u00fablicas las que las han desarrollado, limit\u00e1ndose las compa\u00f1\u00edas privadas a proporcionar los equipos e instalaciones para producirlas masivamente. As\u00ed,\u00a0<a href=\"https:\/\/elpais.com\/sociedad\/2021-04-16\/un-estudio-revela-que-el-97-de-la-inversion-para-desarrollar-la-vacuna-de-astrazeneca-fue-publica.html\" target=\"_blank\" rel=\"noopener\">un reciente estudio de la revista m\u00e9dica especializada Medrxiv<\/a>\u00a0demostr\u00f3 que la compa\u00f1\u00eda sueco-brit\u00e1nica AstraZeneca soport\u00f3 menos del 3% de la inversi\u00f3n necesaria para desarrollar su vacuna, correspondiendo m\u00e1s del 97% de los fondos al gobierno brit\u00e1nico y a la Uni\u00f3n Europea.\u00a0<a href=\"https:\/\/www.hhs.gov\/about\/news\/2020\/12\/11\/trump-administration-purchases-additional-100-million-doses-covid-19-investigational-vaccine-moderna.html\" target=\"_blank\" rel=\"noopener\">Un comunicado del Gobierno de Estados Unidos<\/a>, en diciembre de 2020, ya puso de manifiesto que hab\u00eda destinado m\u00e1s de 3.400 millones de euros para el \u201cdesarrollo, ensayos cl\u00ednicos y producci\u00f3n\u201d del f\u00e1rmaco de Moderna, basado en la novedosa tecnolog\u00eda denominada ARN mensajero. Esta cantidad es m\u00e1s de cuatro veces superior a todo el presupuesto en I+D que ten\u00eda destinado Moderna para el a\u00f1o 2020, a\u00f1o en el que su vacuna fue desarrollada.<\/p>\n<p>En este contexto, vemos la codicia sin fin de estos vampiros que comercian con vidas humanas.<\/p>\n<p>Frank D&#8217;Amelio es el jefe de operaciones financieras de Pfizer y, como buen gerente, tiene el m\u00e9rito de hablar claro. Esto es lo que dijo en una conferencia organizada por Barclays hace un mes,\u00a0<a href=\"https:\/\/www.cbsnews.com\/news\/pfizer-covid-vaccine-price-hike-post-pandemic\/\" target=\"_blank\" rel=\"noopener\">seg\u00fan inform\u00f3 CBS News<\/a>\u00a0el 17 de marzo:<\/p>\n<p>\u201cCreo que con la transici\u00f3n de un estado pand\u00e9mico, de una pandemia a una situaci\u00f3n end\u00e9mica, las fuerzas normales del mercado, las condiciones normales del mercado comenzar\u00e1n a abrirse camino. (\u2026) Factores como la eficacia, las dosis de refuerzo y la utilidad cl\u00ednica ser\u00e1n muy importantes y lo vemos, francamente, como una oportunidad significativa para nuestras perspectivas de demanda de vacunas, para las perspectivas de precios. (&#8230;) Claramente llegar\u00e1n otras noticias, pero pensamos que a medida que pasamos de una pandemia a una condici\u00f3n end\u00e9mica aqu\u00ed hay una oportunidad para nosotros\u201d.<\/p>\n<p>As\u00ed, Pfizer ha anunciado que a partir de 2022 el precio para la Uni\u00f3n Europea aumentar\u00e1 en 7,5 euros por dosis, un aumento del 60 por ciento. A\u00f1adamos que., seg\u00fan esta nota de CBS News, M\u00edster D&#8217;Amelio gan\u00f3 un total de m\u00e1s de $ 11 millones con Pfizer en 2019.<\/p>\n<p>&nbsp;<\/p>\n<p><span style=\"color: #800000;\"><strong>Despilfarro e ineficacia<\/strong><\/span><\/p>\n<p>El despilfarro de recursos y esfuerzos, pa\u00eds por pa\u00eds, movidos muchas veces por consideraciones de prestigio, se pone de manifiesto por ejemplo con la vacuna china Sinovac, cuyos responsables han anunciado finalmente que su efectividad es de s\u00f3lo el 50%, muchos meses despu\u00e9s de haber inyectado cientos de millones de dosis en todo el mundo, incluida China.<\/p>\n<p>La poblaci\u00f3n est\u00e1 cansada de las marchas y contramarchas en los procesos de vacunaci\u00f3n y de las peleas por los suministros entre pa\u00edses. Astrazeneca ha estado todo el tiempo bajo el ojo del hurac\u00e1n. Primero fue por la falta del suministro comprometido, y pagado por adelantado, por la UE, que fue derivado hacia Gran Breta\u00f1a y a otros pa\u00edses a los que vend\u00eda m\u00e1s caro. En segundo lugar por los casos de trombos detectados, aunque en realidad afectan una parte peque\u00f1\u00edsima de los vacunados: alrededor de un caso cada 700.000 y s\u00f3lo unos pocos con consecuencias mortales, un margen de \u201cefecto secundario\u201d bastante menor al de la mayor\u00eda de los medicamentos convencionales. Algo similar ha ocurrido con la vacuna Janssen, de la multinacional Johnson&amp;Johnson. Pero la UE ha aprovechado la ocasi\u00f3n para vengarse de los desaires de Astrazeneca y ha firmado un contrato alternativo con Pfizer, que ofrece vacunas m\u00e1s caras, rompiendo toda relaci\u00f3n con Astrazeneca y tambi\u00e9n con Janssen. En el proceso, la UE ha perdido cientos de millones de euros de los contribuyentes por vacunas de estas compa\u00f1\u00edas que no llegar\u00e1n pero s\u00ed engordar\u00e1n los bolsillos de sus propietarios. Por supuesto, ning\u00fan funcionario de la UE dimitir\u00e1 ni ser\u00e1 procesado por este desaguisado.<\/p>\n<p>Tanto los casos de Sinovac (falta de eficacia) como los de Astrazeneca y Janssen prueban que si los esfuerzos para conseguir la vacuna se hubieran mancomunado, poniendo en com\u00fan todas las investigaciones y an\u00e1lisis, sin ning\u00fan \u00e1nimo de lucro por medio, no s\u00f3lo se hubiera conseguido antes la vacuna, sino que su efectividad y sus efectos secundarios se hubieran detectado m\u00e1s deprisa y se podr\u00eda haber establecido mejoras y correcciones que habr\u00edan conseguido poner a disposici\u00f3n de la poblaci\u00f3n vacunas m\u00e1s efectivas y m\u00e1s seguras.<\/p>\n<p><span style=\"color: #800000;\"><strong>El potencial de una econom\u00eda socialista global<\/strong><\/span><\/p>\n<p>En el lado opuesto tenemos el caso de Cuba, un pa\u00eds pobre y asediado, que ha conseguido, sin ayuda ni financiaci\u00f3n externa, probar dos vacunas propias que estar\u00edan listas para el comienzo del verano. El elevado nivel de desarrollo biom\u00e9dico de Cuba es conocido, y eso se debe al papel que juega la econom\u00eda nacionalizada y planificada que permite una racionalizaci\u00f3n, concentraci\u00f3n y aprovechamiento de los recursos muy superiores a los de un pa\u00eds capitalista convencional y a los de las compa\u00f1\u00edas privadas, y que muestra el potencial que tendr\u00eda una planificaci\u00f3n econ\u00f3mica mundial, sin multinacionales ni laboratorios privados, no s\u00f3lo para afrontar con \u00e9xito pandemias imprevistas como la actual, sino todas las calamidades que azotan a la humanidad y que el capitalismo se muestra impotente para solucionar.<\/p>\n<p>Debemos nacionalizar las grandes empresas farmac\u00e9uticas en cada pa\u00eds. Suprimir las patentes de las vacunas de COVID-19 ya aprobadas por las instituciones sanitarias. Su investigaci\u00f3n y desarrollo, financiada con fondos p\u00fablicos, deber\u00eda convertirse en propiedad p\u00fablica. La capacidad de fabricaci\u00f3n necesaria para la r\u00e1pida creaci\u00f3n de suficientes dosis, jeringuillas e instalaciones de refrigeraci\u00f3n debe obtenerse mediante la expropiaci\u00f3n de las instalaciones existentes. La producci\u00f3n deber\u00eda incrementarse y llevarse a cabo un plan coordinado internacionalmente de vacunaci\u00f3n global r\u00e1pida. Pero para que esto suceda debemos quitar el manejo de la pandemia de las manos de los capitalistas y sus representantes pol\u00edticos. Solo la clase trabajadora en el poder puede lograr esto a trav\u00e9s de una federaci\u00f3n socialista mundial.<\/p>\n<p>Requerimos una sociedad basada en el internacionalismo, la solidaridad y la satisfacci\u00f3n de las necesidades humanas. Para que esto se logre, es imperativo que el capitalismo sea arrojado al basurero de la historia.<\/p>\n<\/section>\n","protected":false},"excerpt":{"rendered":"<p>La subida en espiral de los contagios de Covid-19, como hemos visto en Europa y Brasil, y ahora en India y norte de \u00c1frica, favorecen la proliferaci\u00f3n de mutaciones gen\u00e9ticas y nuevas variantes m\u00e1s contagiosas del virus que se expanden sin control a nivel mundial. Tras a\u00f1o y medio de pandemia nada definitivo se ha&#8230;<\/p>\n","protected":false},"author":22,"featured_media":10675,"comment_status":"open","ping_status":"open","sticky":false,"template":"","format":"standard","meta":{"_monsterinsights_skip_tracking":false,"_monsterinsights_sitenote_active":false,"_monsterinsights_sitenote_note":"","_monsterinsights_sitenote_category":0,"_uf_show_specific_survey":0,"_uf_disable_surveys":false,"_jetpack_memberships_contains_paid_content":false,"footnotes":""},"categories":[1084,1085,13,537],"tags":[1043,1113,796,1338],"class_list":["post-10674","post","type-post","status-publish","format-standard","has-post-thumbnail","hentry","category-coronavirus","category-crisis-capitalista","category-internacional","category-principales","tag-coronavirus","tag-covid-19","tag-crisis-capitalista","tag-vacuna-covid-19"],"aioseo_notices":[],"yoast_head":"<!-- This site is optimized with the Yoast SEO plugin v25.6 - https:\/\/yoast.com\/wordpress\/plugins\/seo\/ -->\n<title>Covid-19: Eliminar las patentes de las vacunas \u00a1No al negocio capitalista, s\u00ed a las vidas humanas!<\/title>\n<meta name=\"robots\" content=\"index, follow, max-snippet:-1, max-image-preview:large, max-video-preview:-1\" \/>\n<link rel=\"canonical\" href=\"https:\/\/elcomunista.org\/?p=10674\" \/>\n<meta property=\"og:locale\" content=\"es_ES\" \/>\n<meta property=\"og:type\" content=\"article\" \/>\n<meta property=\"og:title\" content=\"Covid-19: Eliminar las patentes de las vacunas \u00a1No al negocio capitalista, s\u00ed a las vidas humanas!\" \/>\n<meta property=\"og:description\" content=\"La subida en espiral de los contagios de Covid-19, como hemos visto en Europa y Brasil, y ahora en India y norte de \u00c1frica, favorecen la proliferaci\u00f3n de mutaciones gen\u00e9ticas y nuevas variantes m\u00e1s contagiosas del virus que se expanden sin control a nivel mundial. Tras a\u00f1o y medio de pandemia nada definitivo se ha...\" \/>\n<meta property=\"og:url\" content=\"https:\/\/elcomunista.org\/?p=10674\" \/>\n<meta property=\"og:site_name\" content=\"Revoluci\u00f3n Comunista\" \/>\n<meta property=\"article:publisher\" content=\"https:\/\/www.facebook.com\/Bloquepopularjuvenil\" \/>\n<meta property=\"article:published_time\" content=\"2021-04-28T15:07:24+00:00\" \/>\n<meta property=\"article:modified_time\" content=\"2021-04-28T15:10:36+00:00\" \/>\n<meta property=\"og:image\" content=\"https:\/\/elcomunista.org\/wp-content\/uploads\/2021\/04\/vacunas_negocio.jpg\" \/>\n\t<meta property=\"og:image:width\" content=\"1080\" \/>\n\t<meta property=\"og:image:height\" content=\"635\" \/>\n\t<meta property=\"og:image:type\" content=\"image\/jpeg\" \/>\n<meta name=\"author\" content=\"David Rey\" \/>\n<meta name=\"twitter:card\" content=\"summary_large_image\" \/>\n<meta name=\"twitter:creator\" content=\"@ElBPJ\" \/>\n<meta name=\"twitter:site\" content=\"@ElBPJ\" \/>\n<meta name=\"twitter:label1\" content=\"Escrito por\" \/>\n\t<meta name=\"twitter:data1\" content=\"David Rey\" \/>\n\t<meta name=\"twitter:label2\" content=\"Tiempo de lectura\" \/>\n\t<meta name=\"twitter:data2\" content=\"7 minutos\" \/>\n<script type=\"application\/ld+json\" class=\"yoast-schema-graph\">{\"@context\":\"https:\/\/schema.org\",\"@graph\":[{\"@type\":\"Article\",\"@id\":\"https:\/\/elcomunista.org\/?p=10674#article\",\"isPartOf\":{\"@id\":\"https:\/\/elcomunista.org\/?p=10674\"},\"author\":{\"name\":\"David Rey\",\"@id\":\"https:\/\/elcomunista.org\/#\/schema\/person\/c065fb3c6c6d7abe2cafd2cff036d50a\"},\"headline\":\"Covid-19: Eliminar las patentes de las vacunas \u00a1No al negocio capitalista, s\u00ed a las vidas humanas!\",\"datePublished\":\"2021-04-28T15:07:24+00:00\",\"dateModified\":\"2021-04-28T15:10:36+00:00\",\"mainEntityOfPage\":{\"@id\":\"https:\/\/elcomunista.org\/?p=10674\"},\"wordCount\":1644,\"commentCount\":0,\"publisher\":{\"@id\":\"https:\/\/elcomunista.org\/#organization\"},\"image\":{\"@id\":\"https:\/\/elcomunista.org\/?p=10674#primaryimage\"},\"thumbnailUrl\":\"https:\/\/elcomunista.org\/wp-content\/uploads\/2021\/04\/vacunas_negocio.jpg\",\"keywords\":[\"Coronavirus\",\"Covid-19\",\"Crisis capitalista\",\"Vacuna Covid-19\"],\"articleSection\":[\"Coronavirus\",\"Crisis capitalista\",\"Internacional\",\"Principales\"],\"inLanguage\":\"es\",\"potentialAction\":[{\"@type\":\"CommentAction\",\"name\":\"Comment\",\"target\":[\"https:\/\/elcomunista.org\/?p=10674#respond\"]}]},{\"@type\":\"WebPage\",\"@id\":\"https:\/\/elcomunista.org\/?p=10674\",\"url\":\"https:\/\/elcomunista.org\/?p=10674\",\"name\":\"Covid-19: Eliminar las patentes de las vacunas \u00a1No al negocio capitalista, s\u00ed a las vidas humanas!\",\"isPartOf\":{\"@id\":\"https:\/\/elcomunista.org\/#website\"},\"primaryImageOfPage\":{\"@id\":\"https:\/\/elcomunista.org\/?p=10674#primaryimage\"},\"image\":{\"@id\":\"https:\/\/elcomunista.org\/?p=10674#primaryimage\"},\"thumbnailUrl\":\"https:\/\/elcomunista.org\/wp-content\/uploads\/2021\/04\/vacunas_negocio.jpg\",\"datePublished\":\"2021-04-28T15:07:24+00:00\",\"dateModified\":\"2021-04-28T15:10:36+00:00\",\"breadcrumb\":{\"@id\":\"https:\/\/elcomunista.org\/?p=10674#breadcrumb\"},\"inLanguage\":\"es\",\"potentialAction\":[{\"@type\":\"ReadAction\",\"target\":[\"https:\/\/elcomunista.org\/?p=10674\"]}]},{\"@type\":\"ImageObject\",\"inLanguage\":\"es\",\"@id\":\"https:\/\/elcomunista.org\/?p=10674#primaryimage\",\"url\":\"https:\/\/elcomunista.org\/wp-content\/uploads\/2021\/04\/vacunas_negocio.jpg\",\"contentUrl\":\"https:\/\/elcomunista.org\/wp-content\/uploads\/2021\/04\/vacunas_negocio.jpg\",\"width\":1080,\"height\":635},{\"@type\":\"BreadcrumbList\",\"@id\":\"https:\/\/elcomunista.org\/?p=10674#breadcrumb\",\"itemListElement\":[{\"@type\":\"ListItem\",\"position\":1,\"name\":\"Portada\",\"item\":\"https:\/\/elcomunista.org\/\"},{\"@type\":\"ListItem\",\"position\":2,\"name\":\"Covid-19: Eliminar las patentes de las vacunas \u00a1No al negocio capitalista, s\u00ed a las vidas humanas!\"}]},{\"@type\":\"WebSite\",\"@id\":\"https:\/\/elcomunista.org\/#website\",\"url\":\"https:\/\/elcomunista.org\/\",\"name\":\"Revoluci\u00f3n Comunista\",\"description\":\"Internacional Comunista Revolucionaria\",\"publisher\":{\"@id\":\"https:\/\/elcomunista.org\/#organization\"},\"potentialAction\":[{\"@type\":\"SearchAction\",\"target\":{\"@type\":\"EntryPoint\",\"urlTemplate\":\"https:\/\/elcomunista.org\/?s={search_term_string}\"},\"query-input\":{\"@type\":\"PropertyValueSpecification\",\"valueRequired\":true,\"valueName\":\"search_term_string\"}}],\"inLanguage\":\"es\"},{\"@type\":\"Organization\",\"@id\":\"https:\/\/elcomunista.org\/#organization\",\"name\":\"Bloque Popular Juvenil\",\"url\":\"https:\/\/elcomunista.org\/\",\"logo\":{\"@type\":\"ImageObject\",\"inLanguage\":\"es\",\"@id\":\"https:\/\/elcomunista.org\/#\/schema\/logo\/image\/\",\"url\":\"https:\/\/bloquepopularjuvenil.org\/wp-content\/uploads\/2018\/11\/bpj-militante.jpg\",\"contentUrl\":\"https:\/\/bloquepopularjuvenil.org\/wp-content\/uploads\/2018\/11\/bpj-militante.jpg\",\"width\":4000,\"height\":1390,\"caption\":\"Bloque Popular Juvenil\"},\"image\":{\"@id\":\"https:\/\/elcomunista.org\/#\/schema\/logo\/image\/\"},\"sameAs\":[\"https:\/\/www.facebook.com\/Bloquepopularjuvenil\",\"https:\/\/x.com\/ElBPJ\",\"https:\/\/www.instagram.com\/elbloque_bpj\/?hl=es-la\"]},{\"@type\":\"Person\",\"@id\":\"https:\/\/elcomunista.org\/#\/schema\/person\/c065fb3c6c6d7abe2cafd2cff036d50a\",\"name\":\"David Rey\",\"image\":{\"@type\":\"ImageObject\",\"inLanguage\":\"es\",\"@id\":\"https:\/\/elcomunista.org\/#\/schema\/person\/image\/\",\"url\":\"https:\/\/secure.gravatar.com\/avatar\/c74c7fe5cb5f7b7367a5ec19f0006806?s=96&d=mm&r=g\",\"contentUrl\":\"https:\/\/secure.gravatar.com\/avatar\/c74c7fe5cb5f7b7367a5ec19f0006806?s=96&d=mm&r=g\",\"caption\":\"David Rey\"},\"url\":\"https:\/\/elcomunista.org\/?author=22\"}]}<\/script>\n<!-- \/ Yoast SEO plugin. -->","yoast_head_json":{"title":"Covid-19: Eliminar las patentes de las vacunas \u00a1No al negocio capitalista, s\u00ed a las vidas humanas!","robots":{"index":"index","follow":"follow","max-snippet":"max-snippet:-1","max-image-preview":"max-image-preview:large","max-video-preview":"max-video-preview:-1"},"canonical":"https:\/\/elcomunista.org\/?p=10674","og_locale":"es_ES","og_type":"article","og_title":"Covid-19: Eliminar las patentes de las vacunas \u00a1No al negocio capitalista, s\u00ed a las vidas humanas!","og_description":"La subida en espiral de los contagios de Covid-19, como hemos visto en Europa y Brasil, y ahora en India y norte de \u00c1frica, favorecen la proliferaci\u00f3n de mutaciones gen\u00e9ticas y nuevas variantes m\u00e1s contagiosas del virus que se expanden sin control a nivel mundial. Tras a\u00f1o y medio de pandemia nada definitivo se ha...","og_url":"https:\/\/elcomunista.org\/?p=10674","og_site_name":"Revoluci\u00f3n Comunista","article_publisher":"https:\/\/www.facebook.com\/Bloquepopularjuvenil","article_published_time":"2021-04-28T15:07:24+00:00","article_modified_time":"2021-04-28T15:10:36+00:00","og_image":[{"width":1080,"height":635,"url":"https:\/\/elcomunista.org\/wp-content\/uploads\/2021\/04\/vacunas_negocio.jpg","type":"image\/jpeg"}],"author":"David Rey","twitter_card":"summary_large_image","twitter_creator":"@ElBPJ","twitter_site":"@ElBPJ","twitter_misc":{"Escrito por":"David Rey","Tiempo de lectura":"7 minutos"},"schema":{"@context":"https:\/\/schema.org","@graph":[{"@type":"Article","@id":"https:\/\/elcomunista.org\/?p=10674#article","isPartOf":{"@id":"https:\/\/elcomunista.org\/?p=10674"},"author":{"name":"David Rey","@id":"https:\/\/elcomunista.org\/#\/schema\/person\/c065fb3c6c6d7abe2cafd2cff036d50a"},"headline":"Covid-19: Eliminar las patentes de las vacunas \u00a1No al negocio capitalista, s\u00ed a las vidas humanas!","datePublished":"2021-04-28T15:07:24+00:00","dateModified":"2021-04-28T15:10:36+00:00","mainEntityOfPage":{"@id":"https:\/\/elcomunista.org\/?p=10674"},"wordCount":1644,"commentCount":0,"publisher":{"@id":"https:\/\/elcomunista.org\/#organization"},"image":{"@id":"https:\/\/elcomunista.org\/?p=10674#primaryimage"},"thumbnailUrl":"https:\/\/elcomunista.org\/wp-content\/uploads\/2021\/04\/vacunas_negocio.jpg","keywords":["Coronavirus","Covid-19","Crisis capitalista","Vacuna Covid-19"],"articleSection":["Coronavirus","Crisis capitalista","Internacional","Principales"],"inLanguage":"es","potentialAction":[{"@type":"CommentAction","name":"Comment","target":["https:\/\/elcomunista.org\/?p=10674#respond"]}]},{"@type":"WebPage","@id":"https:\/\/elcomunista.org\/?p=10674","url":"https:\/\/elcomunista.org\/?p=10674","name":"Covid-19: Eliminar las patentes de las vacunas \u00a1No al negocio capitalista, s\u00ed a las vidas humanas!","isPartOf":{"@id":"https:\/\/elcomunista.org\/#website"},"primaryImageOfPage":{"@id":"https:\/\/elcomunista.org\/?p=10674#primaryimage"},"image":{"@id":"https:\/\/elcomunista.org\/?p=10674#primaryimage"},"thumbnailUrl":"https:\/\/elcomunista.org\/wp-content\/uploads\/2021\/04\/vacunas_negocio.jpg","datePublished":"2021-04-28T15:07:24+00:00","dateModified":"2021-04-28T15:10:36+00:00","breadcrumb":{"@id":"https:\/\/elcomunista.org\/?p=10674#breadcrumb"},"inLanguage":"es","potentialAction":[{"@type":"ReadAction","target":["https:\/\/elcomunista.org\/?p=10674"]}]},{"@type":"ImageObject","inLanguage":"es","@id":"https:\/\/elcomunista.org\/?p=10674#primaryimage","url":"https:\/\/elcomunista.org\/wp-content\/uploads\/2021\/04\/vacunas_negocio.jpg","contentUrl":"https:\/\/elcomunista.org\/wp-content\/uploads\/2021\/04\/vacunas_negocio.jpg","width":1080,"height":635},{"@type":"BreadcrumbList","@id":"https:\/\/elcomunista.org\/?p=10674#breadcrumb","itemListElement":[{"@type":"ListItem","position":1,"name":"Portada","item":"https:\/\/elcomunista.org\/"},{"@type":"ListItem","position":2,"name":"Covid-19: Eliminar las patentes de las vacunas \u00a1No al negocio capitalista, s\u00ed a las vidas humanas!"}]},{"@type":"WebSite","@id":"https:\/\/elcomunista.org\/#website","url":"https:\/\/elcomunista.org\/","name":"Revoluci\u00f3n Comunista","description":"Internacional Comunista Revolucionaria","publisher":{"@id":"https:\/\/elcomunista.org\/#organization"},"potentialAction":[{"@type":"SearchAction","target":{"@type":"EntryPoint","urlTemplate":"https:\/\/elcomunista.org\/?s={search_term_string}"},"query-input":{"@type":"PropertyValueSpecification","valueRequired":true,"valueName":"search_term_string"}}],"inLanguage":"es"},{"@type":"Organization","@id":"https:\/\/elcomunista.org\/#organization","name":"Bloque Popular Juvenil","url":"https:\/\/elcomunista.org\/","logo":{"@type":"ImageObject","inLanguage":"es","@id":"https:\/\/elcomunista.org\/#\/schema\/logo\/image\/","url":"https:\/\/bloquepopularjuvenil.org\/wp-content\/uploads\/2018\/11\/bpj-militante.jpg","contentUrl":"https:\/\/bloquepopularjuvenil.org\/wp-content\/uploads\/2018\/11\/bpj-militante.jpg","width":4000,"height":1390,"caption":"Bloque Popular Juvenil"},"image":{"@id":"https:\/\/elcomunista.org\/#\/schema\/logo\/image\/"},"sameAs":["https:\/\/www.facebook.com\/Bloquepopularjuvenil","https:\/\/x.com\/ElBPJ","https:\/\/www.instagram.com\/elbloque_bpj\/?hl=es-la"]},{"@type":"Person","@id":"https:\/\/elcomunista.org\/#\/schema\/person\/c065fb3c6c6d7abe2cafd2cff036d50a","name":"David Rey","image":{"@type":"ImageObject","inLanguage":"es","@id":"https:\/\/elcomunista.org\/#\/schema\/person\/image\/","url":"https:\/\/secure.gravatar.com\/avatar\/c74c7fe5cb5f7b7367a5ec19f0006806?s=96&d=mm&r=g","contentUrl":"https:\/\/secure.gravatar.com\/avatar\/c74c7fe5cb5f7b7367a5ec19f0006806?s=96&d=mm&r=g","caption":"David Rey"},"url":"https:\/\/elcomunista.org\/?author=22"}]}},"jetpack_featured_media_url":"https:\/\/elcomunista.org\/wp-content\/uploads\/2021\/04\/vacunas_negocio.jpg","jetpack_likes_enabled":true,"jetpack_sharing_enabled":true,"_links":{"self":[{"href":"https:\/\/elcomunista.org\/index.php?rest_route=\/wp\/v2\/posts\/10674"}],"collection":[{"href":"https:\/\/elcomunista.org\/index.php?rest_route=\/wp\/v2\/posts"}],"about":[{"href":"https:\/\/elcomunista.org\/index.php?rest_route=\/wp\/v2\/types\/post"}],"author":[{"embeddable":true,"href":"https:\/\/elcomunista.org\/index.php?rest_route=\/wp\/v2\/users\/22"}],"replies":[{"embeddable":true,"href":"https:\/\/elcomunista.org\/index.php?rest_route=%2Fwp%2Fv2%2Fcomments&post=10674"}],"version-history":[{"count":0,"href":"https:\/\/elcomunista.org\/index.php?rest_route=\/wp\/v2\/posts\/10674\/revisions"}],"wp:featuredmedia":[{"embeddable":true,"href":"https:\/\/elcomunista.org\/index.php?rest_route=\/wp\/v2\/media\/10675"}],"wp:attachment":[{"href":"https:\/\/elcomunista.org\/index.php?rest_route=%2Fwp%2Fv2%2Fmedia&parent=10674"}],"wp:term":[{"taxonomy":"category","embeddable":true,"href":"https:\/\/elcomunista.org\/index.php?rest_route=%2Fwp%2Fv2%2Fcategories&post=10674"},{"taxonomy":"post_tag","embeddable":true,"href":"https:\/\/elcomunista.org\/index.php?rest_route=%2Fwp%2Fv2%2Ftags&post=10674"}],"curies":[{"name":"wp","href":"https:\/\/api.w.org\/{rel}","templated":true}]}}