{"id":10705,"date":"2021-05-02T19:02:17","date_gmt":"2021-05-03T01:02:17","guid":{"rendered":"http:\/\/bloquepopularjuvenil.org\/?p=10705"},"modified":"2021-05-03T19:03:05","modified_gmt":"2021-05-04T01:03:05","slug":"paro-nacional-las-masas-colombianas-protestan-el-robo-tributario-de-ivan-duque","status":"publish","type":"post","link":"https:\/\/elcomunista.org\/?p=10705","title":{"rendered":"Paro Nacional \u2013 Las Masas Colombianas Protestan El Robo Tributario de Iv\u00e1n Duque"},"content":{"rendered":"<p style=\"text-align: justify;\"><em>Por Rosa Espinoza &#8211; CMI Colombia<\/em><\/p>\n<p style=\"text-align: justify;\">Como un gigante revivido resurgi\u00f3 el movimiento de lucha del 21 N del 2019, este 28 de abril, dando comienzo a lo que parece ser uno de los mayores pulsos de este periodo: el Paro Nacional contra la Reforma Tributaria.<\/p>\n<p style=\"text-align: justify;\">Aunque la demanda principal surgi\u00f3 del agotamiento causado por el adefesio de ley presentado por el Ministerio de Hacienda, lo cierto es que detr\u00e1s hay una profunda inconformidad que recorre un largo listado de abusos por parte del gobierno de Duque contra las mayor\u00edas m\u00e1s empobrecidas y que con el paso de los d\u00edas se han comenzado a sumar a las exigencias del Paro, a\u00fan y cuando no aparecen en las demandas formales.<\/p>\n<p style=\"text-align: justify;\">Los acontecimientos se han desenvuelto r\u00e1pido y parecen mostrar un intenso desarrollo, aumentando su grado de violencia seg\u00fan pasan las horas hasta llegar a cuotas tr\u00e1gicas, pero tambi\u00e9n despertando una conciencia inusitada en las masas. No obstante, una soluci\u00f3n verdadera en forma de un programa revolucionario que ayude a afrontar la actual crisis no se divisa en ninguna parte, mucho menos un liderazgo fuerte que una a todas las organizaciones bajo un objetivo \u00fanico y organizado. Esto le da un car\u00e1cter desordenado al movimiento, debilit\u00e1ndolo y exponi\u00e9ndolo a las acciones espont\u00e1neas e insurreccionales y abre espacio a los oportunistas y reformistas que a cada avance de la huelga tratan de llegar a la conciliaci\u00f3n con la burgues\u00eda, con fines puramente electorales.<\/p>\n<p style=\"text-align: justify;\">A\u00fan as\u00ed, los d\u00edas que vivimos hoy son el aprendizaje para ma\u00f1ana y a pesar de su dureza y crueldad, cada jornada ha mostrado a las mayor\u00edas su capacidad de uni\u00f3n, al mismo tiempo que les revela la crudeza violenta de las \u00e9lites colombianas, que no es m\u00e1s que el verdadero rostro del capitalismo.<\/p>\n<h3 style=\"text-align: justify;\"><span style=\"color: #800000;\">Jornadas de dolorosa ense\u00f1anza<\/span><\/h3>\n<p style=\"text-align: justify;\">El primer d\u00eda se desenvolvi\u00f3 bajo un ambiente m\u00e1s o menos tranquilo en la mayor\u00eda de las 23 ciudades que salieron a marchar. Cientos de miles asistieron seg\u00fan la convocatoria del Comit\u00e9 del Paro, respetando la distancia y arengando en contra de la Reforma Tributaria. De hecho el d\u00eda concluy\u00f3 con cacerolazos que se escucharon en todas partes.<\/p>\n<p style=\"text-align: justify;\">No obstante, el miedo de las \u00e9lites, ante la vigorosa demostraci\u00f3n de fuerza de las masas no se hizo esperar y pronto desat\u00f3 su \u00fanica arma: la represi\u00f3n. Y es que hasta el momento, seg\u00fan\u00a0<a href=\"https:\/\/twitter.com\/HRI_ONG\/status\/1388349964863037441?s=19\">Human Rights International<\/a>, van 35 civiles asesinados, 31 personas desaparecidas, 45 defensores de DDHH agredidos y una mujer violada por agentes de polic\u00eda, en el desarrollo de las marchas. Es posible que esta cifra sea a\u00fan mayor, teniendo en cuenta que en la ciudad de Cali, sucedieron enfrentamientos que usaron de excusa para declarar un toque de queda de cinco d\u00edas y pedir la presencia del ej\u00e9rcito. Este \u00faltimo, al cierre del d\u00eda 30, dispar\u00f3 indiscriminadamente r\u00e1fagas de fusil a los manifestantes desarmados mientras protestaban pac\u00edficamente. Mientras lo hac\u00edan, la luz se iba en diferentes barrios. Esto indica un grado de planeaci\u00f3n a la hora de implementar esta mezquina estrategia. Igualmente denuncian que el pie de fuerza aument\u00f3 despu\u00e9s de que llegara un desorbitado n\u00famero de soldados al aeropuerto de la capital del Valle del Cauca para recibir el d\u00eda del trabajo.<\/p>\n<p style=\"text-align: justify;\">Estas acciones violentas tambi\u00e9n se han replicado en otras ciudades, como Medell\u00edn, Bogot\u00e1, Neiva, Pereira, Buenaventura, entre otras. Disparos con armas de fuego, quemas de autom\u00f3viles, vidrios de viviendas rotos, brutales golpizas, utilizaci\u00f3n de plazas deportivas como centros de tortura y un largo etc\u00e9tera hacen parte de su criminal actuar. La orden, adem\u00e1s, la dio Uribe, que desde su cuenta de Twitter pidi\u00f3 tolerar el uso de las armas de dotaci\u00f3n del Ej\u00e9rcito y la Polic\u00eda contra los marchantes, a los que \u00e9l cataloga como v\u00e1ndalos. Este trino fue borrado y la cuenta del ex presidente suspendida.<\/p>\n<p style=\"text-align: justify;\">Al mismo tiempo la actitud del presidente Duque ha sido infame, ignorando la marcha y llamando a no hacer actos vand\u00e1licos, mientras criminaliza, amenaza y banaliza. Lo \u00faltimo que hizo, acorralado por la presi\u00f3n, fue anunciar modificaciones al texto de la reforma en puntos como el impuesto del IVA a productos de la canasta familiar o la gasolina y el no ampliamiento a la base del impuesto de renta, cosas de corte cosm\u00e9tico, ya que existen puntos de fondo que resultan m\u00e1s da\u00f1inos para los ingresos (ya de por s\u00ed bajos) de los trabajadores. Sus formas han llevado a tal extremo de cansancio al movimiento que la respuesta ha sido la radicalizaci\u00f3n de este, exigiendo el retiro total de esta Reforma Tributaria y de la de Salud, as\u00ed como la renuncia presidencial o derrocamiento a la fuerza.<\/p>\n<p style=\"text-align: justify;\">Sin embargo, estas iniciativas han surgido de las masas en la calle, pues el Comit\u00e9 del Paro y las Centrales Obreras, como CUT y FECODE, decidieron hacer expresiones virtuales de protesta, a partir de este viernes y hasta el 19 de mayo cuando proponen retornar a las calles. El argumento es que los toques de queda por el tercer pico de pandemia llaman a la responsabilidad con la salud p\u00fablica. Semejante retirada en estas condiciones no ayuda ni a preservar avances hechos ni a preparar avances futuros. Esto es un abandono de los trabajadores en medio de la lucha por miedo a confrontar la reacci\u00f3n del gobierno de Duque-Uribe.<\/p>\n<p style=\"text-align: justify;\">Sin el liderazgo de los sindicatos o una alternativa revolucionaria, las masas colombianas solo pueden contar con su propia energ\u00eda. Y si bien esta energ\u00eda puede mover monta\u00f1as, s\u00f3lo lo puede hacer con una direcci\u00f3n revolucionaria y un programa socialista. Sin esto, eventualmente esta energ\u00eda se disipar\u00e1 y no encontrar\u00e1 una expresi\u00f3n que logre cambiar las condiciones que la crea. Lo \u00fanico que se lograra es una confrontaci\u00f3n abierta con la reacci\u00f3n. Una confrontaci\u00f3n que la reacci\u00f3n probablemente gane sin muchos problemas.<\/p>\n<p style=\"text-align: justify;\">Estamos al borde de una insurrecci\u00f3n de proporciones mayores y se siente en el ambiente. Hemos presenciado, incluso,\u00a0<a href=\"https:\/\/www.youtube.com\/watch?v=IFBtHGzDaP8\">un despertar<\/a>\u00a0en algunos individuos del Ej\u00e9rcito y la Polic\u00eda que evidencian la fractura dentro de estas instituciones corruptas, pero debemos comprender que este es hasta ahora el comienzo. Lo que tiene mucho sentido, estos cuerpos de represi\u00f3n est\u00e1n compuestos, en sus bases, por la clase obrera y el campesinado pobre. En muchos casos, sus or\u00edgenes en estos ambientes tiende a crear simpat\u00eda por la causa de los trabajadores, especialmente cuando esta causa encuentra una expresi\u00f3n pol\u00edtica.<\/p>\n<h3 style=\"text-align: justify;\"><span style=\"color: #800000;\"><strong>\u00bfC\u00f3mo enfrentar el futuro?<\/strong><\/span><\/h3>\n<p style=\"text-align: justify;\">La determinaci\u00f3n de continuar sigue presente y no parece existir brida que frene al caballo salvaje de la masa en desobediencia. Aunque apoyamos esa rebeld\u00eda creemos importante fundamentarla con organizaci\u00f3n y formaci\u00f3n te\u00f3rica, sino los resultados pueden ser tan tr\u00e1gicos como han venido siendo.<\/p>\n<p style=\"text-align: justify;\">Una de estas estrategias es la de crear comit\u00e9s barriales de lucha que discutan la manera de defenderse de los abusos policiales y comiencen la discusi\u00f3n sobre los problemas de la localidad, la ciudad y el pa\u00eds para proponerlos a consejos territoriales con el mismo fundamento. Estos deben estar enmarcados dentro de la democracia de la huelga: cuando un curso de acci\u00f3n se decide a trav\u00e9s del debate y los votos, este se mantiene hasta que la oportunidad de otro debate se abra. No solo esto, pero es necesario imbuir estas organizaciones con un programa pol\u00edtico de car\u00e1cter socialista, que les de un prop\u00f3sito m\u00e1s grande que la defensa del movimiento: el prop\u00f3sito de desafiar a la \u00e9lite colombiana por el poder.<\/p>\n<p style=\"text-align: justify;\">La historia reciente de Latinoam\u00e9rica est\u00e1 llena de insurrecciones propiciadas por legislaciones como la reforma tributaria. Lo vimos en el Octubre Rojo de Chile y Ecuador. En ambos pa\u00edses, protestas causadas por proyectos de leyes austeros terminaron con huelgas generales que desafiaron el poder de los gobiernos de Sebastian Pi\u00f1era y Lenin Moreno, respectivamente. En ambos casos, se crearon guardias populares, comit\u00e9s de lucha que defendieron a los manifestantes de lo peor que la polic\u00eda ten\u00eda que ofrecer y ayudaba a las masas a ocupar edificios gubernamentales. Estos cuerpos son el siguiente paso ya que la burocracia sindicalista ha abdicado su rol de liderazgo en esta lucha.<\/p>\n<p style=\"text-align: justify;\">La tarea de los revolucionarios en este momento es clara: buscar a los mejores elementos de la clase obrera Colombiana con estas ideas y empezar a traer estas ideas al resto de la clase obrera Colombiana. Ideas que clarifiquen la raz\u00f3n detr\u00e1s de la crueldad de este sistema y el gobierno de Duque-Uribe en particular y como ponerle un punto final a la clase que este gobierno representa.<\/p>\n","protected":false},"excerpt":{"rendered":"<p>Por Rosa Espinoza &#8211; CMI Colombia Como un gigante revivido resurgi\u00f3 el movimiento de lucha del 21 N del 2019, este 28 de abril, dando comienzo a lo que parece ser uno de los mayores pulsos de este periodo: el Paro Nacional contra la Reforma Tributaria. Aunque la demanda principal surgi\u00f3 del agotamiento causado por&#8230;<\/p>\n","protected":false},"author":62,"featured_media":10706,"comment_status":"open","ping_status":"open","sticky":false,"template":"","format":"standard","meta":{"_monsterinsights_skip_tracking":false,"_monsterinsights_sitenote_active":false,"_monsterinsights_sitenote_note":"","_monsterinsights_sitenote_category":0,"_uf_show_specific_survey":0,"_uf_disable_surveys":false,"_jetpack_memberships_contains_paid_content":false,"footnotes":""},"categories":[22,537],"tags":[114,962,1506,480,1505],"class_list":["post-10705","post","type-post","status-publish","format-standard","has-post-thumbnail","hentry","category-colombia","category-principales","tag-colombia","tag-duque","tag-paro-nacional","tag-reforma-tributaria","tag-uribe"],"aioseo_notices":[],"yoast_head":"<!-- This site is optimized with the Yoast SEO plugin v25.6 - https:\/\/yoast.com\/wordpress\/plugins\/seo\/ -->\n<title>Paro Nacional \u2013 Las Masas Colombianas Protestan El Robo Tributario de Iv\u00e1n Duque<\/title>\n<meta name=\"robots\" content=\"index, follow, max-snippet:-1, max-image-preview:large, max-video-preview:-1\" \/>\n<link rel=\"canonical\" href=\"https:\/\/elcomunista.org\/?p=10705\" \/>\n<meta property=\"og:locale\" content=\"es_ES\" \/>\n<meta property=\"og:type\" content=\"article\" \/>\n<meta property=\"og:title\" content=\"Paro Nacional \u2013 Las Masas Colombianas Protestan El Robo Tributario de Iv\u00e1n Duque\" \/>\n<meta property=\"og:description\" content=\"Por Rosa Espinoza &#8211; CMI Colombia Como un gigante revivido resurgi\u00f3 el movimiento de lucha del 21 N del 2019, este 28 de abril, dando comienzo a lo que parece ser uno de los mayores pulsos de este periodo: el Paro Nacional contra la Reforma Tributaria. Aunque la demanda principal surgi\u00f3 del agotamiento causado por...\" \/>\n<meta property=\"og:url\" content=\"https:\/\/elcomunista.org\/?p=10705\" \/>\n<meta property=\"og:site_name\" content=\"Revoluci\u00f3n Comunista\" \/>\n<meta property=\"article:publisher\" content=\"https:\/\/www.facebook.com\/Bloquepopularjuvenil\" \/>\n<meta property=\"article:published_time\" content=\"2021-05-03T01:02:17+00:00\" \/>\n<meta property=\"article:modified_time\" content=\"2021-05-04T01:03:05+00:00\" \/>\n<meta property=\"og:image\" content=\"https:\/\/elcomunista.org\/wp-content\/uploads\/2021\/05\/679edcaee55e1d63310b061371c1e57b_w700_h470.jpg\" \/>\n\t<meta property=\"og:image:width\" content=\"700\" \/>\n\t<meta property=\"og:image:height\" content=\"427\" \/>\n\t<meta property=\"og:image:type\" content=\"image\/jpeg\" \/>\n<meta name=\"author\" content=\"Internacional Comunista Revolucionaria\" \/>\n<meta name=\"twitter:card\" content=\"summary_large_image\" \/>\n<meta name=\"twitter:creator\" content=\"@ElBPJ\" \/>\n<meta name=\"twitter:site\" content=\"@ElBPJ\" \/>\n<meta name=\"twitter:label1\" content=\"Escrito por\" \/>\n\t<meta name=\"twitter:data1\" content=\"Internacional Comunista Revolucionaria\" \/>\n\t<meta name=\"twitter:label2\" content=\"Tiempo de lectura\" \/>\n\t<meta name=\"twitter:data2\" content=\"7 minutos\" \/>\n<script type=\"application\/ld+json\" class=\"yoast-schema-graph\">{\"@context\":\"https:\/\/schema.org\",\"@graph\":[{\"@type\":\"Article\",\"@id\":\"https:\/\/elcomunista.org\/?p=10705#article\",\"isPartOf\":{\"@id\":\"https:\/\/elcomunista.org\/?p=10705\"},\"author\":{\"name\":\"Internacional Comunista Revolucionaria\",\"@id\":\"https:\/\/elcomunista.org\/#\/schema\/person\/f263a81caf9b6558c019b2d6b83e55be\"},\"headline\":\"Paro Nacional \u2013 Las Masas Colombianas Protestan El Robo Tributario de Iv\u00e1n Duque\",\"datePublished\":\"2021-05-03T01:02:17+00:00\",\"dateModified\":\"2021-05-04T01:03:05+00:00\",\"mainEntityOfPage\":{\"@id\":\"https:\/\/elcomunista.org\/?p=10705\"},\"wordCount\":1508,\"commentCount\":0,\"publisher\":{\"@id\":\"https:\/\/elcomunista.org\/#organization\"},\"image\":{\"@id\":\"https:\/\/elcomunista.org\/?p=10705#primaryimage\"},\"thumbnailUrl\":\"https:\/\/elcomunista.org\/wp-content\/uploads\/2021\/05\/679edcaee55e1d63310b061371c1e57b_w700_h470.jpg\",\"keywords\":[\"Colombia\",\"Duque\",\"Paro Nacional\",\"Reforma tributaria\",\"Uribe\"],\"articleSection\":[\"Colombia\",\"Principales\"],\"inLanguage\":\"es\",\"potentialAction\":[{\"@type\":\"CommentAction\",\"name\":\"Comment\",\"target\":[\"https:\/\/elcomunista.org\/?p=10705#respond\"]}]},{\"@type\":\"WebPage\",\"@id\":\"https:\/\/elcomunista.org\/?p=10705\",\"url\":\"https:\/\/elcomunista.org\/?p=10705\",\"name\":\"Paro Nacional \u2013 Las Masas Colombianas Protestan El Robo Tributario de Iv\u00e1n Duque\",\"isPartOf\":{\"@id\":\"https:\/\/elcomunista.org\/#website\"},\"primaryImageOfPage\":{\"@id\":\"https:\/\/elcomunista.org\/?p=10705#primaryimage\"},\"image\":{\"@id\":\"https:\/\/elcomunista.org\/?p=10705#primaryimage\"},\"thumbnailUrl\":\"https:\/\/elcomunista.org\/wp-content\/uploads\/2021\/05\/679edcaee55e1d63310b061371c1e57b_w700_h470.jpg\",\"datePublished\":\"2021-05-03T01:02:17+00:00\",\"dateModified\":\"2021-05-04T01:03:05+00:00\",\"breadcrumb\":{\"@id\":\"https:\/\/elcomunista.org\/?p=10705#breadcrumb\"},\"inLanguage\":\"es\",\"potentialAction\":[{\"@type\":\"ReadAction\",\"target\":[\"https:\/\/elcomunista.org\/?p=10705\"]}]},{\"@type\":\"ImageObject\",\"inLanguage\":\"es\",\"@id\":\"https:\/\/elcomunista.org\/?p=10705#primaryimage\",\"url\":\"https:\/\/elcomunista.org\/wp-content\/uploads\/2021\/05\/679edcaee55e1d63310b061371c1e57b_w700_h470.jpg\",\"contentUrl\":\"https:\/\/elcomunista.org\/wp-content\/uploads\/2021\/05\/679edcaee55e1d63310b061371c1e57b_w700_h470.jpg\",\"width\":700,\"height\":427},{\"@type\":\"BreadcrumbList\",\"@id\":\"https:\/\/elcomunista.org\/?p=10705#breadcrumb\",\"itemListElement\":[{\"@type\":\"ListItem\",\"position\":1,\"name\":\"Portada\",\"item\":\"https:\/\/elcomunista.org\/\"},{\"@type\":\"ListItem\",\"position\":2,\"name\":\"Paro Nacional \u2013 Las Masas Colombianas Protestan El Robo Tributario de Iv\u00e1n Duque\"}]},{\"@type\":\"WebSite\",\"@id\":\"https:\/\/elcomunista.org\/#website\",\"url\":\"https:\/\/elcomunista.org\/\",\"name\":\"Revoluci\u00f3n Comunista\",\"description\":\"Internacional Comunista Revolucionaria\",\"publisher\":{\"@id\":\"https:\/\/elcomunista.org\/#organization\"},\"potentialAction\":[{\"@type\":\"SearchAction\",\"target\":{\"@type\":\"EntryPoint\",\"urlTemplate\":\"https:\/\/elcomunista.org\/?s={search_term_string}\"},\"query-input\":{\"@type\":\"PropertyValueSpecification\",\"valueRequired\":true,\"valueName\":\"search_term_string\"}}],\"inLanguage\":\"es\"},{\"@type\":\"Organization\",\"@id\":\"https:\/\/elcomunista.org\/#organization\",\"name\":\"Bloque Popular Juvenil\",\"url\":\"https:\/\/elcomunista.org\/\",\"logo\":{\"@type\":\"ImageObject\",\"inLanguage\":\"es\",\"@id\":\"https:\/\/elcomunista.org\/#\/schema\/logo\/image\/\",\"url\":\"https:\/\/bloquepopularjuvenil.org\/wp-content\/uploads\/2018\/11\/bpj-militante.jpg\",\"contentUrl\":\"https:\/\/bloquepopularjuvenil.org\/wp-content\/uploads\/2018\/11\/bpj-militante.jpg\",\"width\":4000,\"height\":1390,\"caption\":\"Bloque Popular Juvenil\"},\"image\":{\"@id\":\"https:\/\/elcomunista.org\/#\/schema\/logo\/image\/\"},\"sameAs\":[\"https:\/\/www.facebook.com\/Bloquepopularjuvenil\",\"https:\/\/x.com\/ElBPJ\",\"https:\/\/www.instagram.com\/elbloque_bpj\/?hl=es-la\"]},{\"@type\":\"Person\",\"@id\":\"https:\/\/elcomunista.org\/#\/schema\/person\/f263a81caf9b6558c019b2d6b83e55be\",\"name\":\"Internacional Comunista Revolucionaria\",\"image\":{\"@type\":\"ImageObject\",\"inLanguage\":\"es\",\"@id\":\"https:\/\/elcomunista.org\/#\/schema\/person\/image\/\",\"url\":\"https:\/\/secure.gravatar.com\/avatar\/007ae9c82193c93b7cbb3bbda1ed8c15?s=96&d=mm&r=g\",\"contentUrl\":\"https:\/\/secure.gravatar.com\/avatar\/007ae9c82193c93b7cbb3bbda1ed8c15?s=96&d=mm&r=g\",\"caption\":\"Internacional Comunista Revolucionaria\"},\"url\":\"https:\/\/elcomunista.org\/?author=62\"}]}<\/script>\n<!-- \/ Yoast SEO plugin. -->","yoast_head_json":{"title":"Paro Nacional \u2013 Las Masas Colombianas Protestan El Robo Tributario de Iv\u00e1n Duque","robots":{"index":"index","follow":"follow","max-snippet":"max-snippet:-1","max-image-preview":"max-image-preview:large","max-video-preview":"max-video-preview:-1"},"canonical":"https:\/\/elcomunista.org\/?p=10705","og_locale":"es_ES","og_type":"article","og_title":"Paro Nacional \u2013 Las Masas Colombianas Protestan El Robo Tributario de Iv\u00e1n Duque","og_description":"Por Rosa Espinoza &#8211; CMI Colombia Como un gigante revivido resurgi\u00f3 el movimiento de lucha del 21 N del 2019, este 28 de abril, dando comienzo a lo que parece ser uno de los mayores pulsos de este periodo: el Paro Nacional contra la Reforma Tributaria. Aunque la demanda principal surgi\u00f3 del agotamiento causado por...","og_url":"https:\/\/elcomunista.org\/?p=10705","og_site_name":"Revoluci\u00f3n Comunista","article_publisher":"https:\/\/www.facebook.com\/Bloquepopularjuvenil","article_published_time":"2021-05-03T01:02:17+00:00","article_modified_time":"2021-05-04T01:03:05+00:00","og_image":[{"width":700,"height":427,"url":"https:\/\/elcomunista.org\/wp-content\/uploads\/2021\/05\/679edcaee55e1d63310b061371c1e57b_w700_h470.jpg","type":"image\/jpeg"}],"author":"Internacional Comunista Revolucionaria","twitter_card":"summary_large_image","twitter_creator":"@ElBPJ","twitter_site":"@ElBPJ","twitter_misc":{"Escrito por":"Internacional Comunista Revolucionaria","Tiempo de lectura":"7 minutos"},"schema":{"@context":"https:\/\/schema.org","@graph":[{"@type":"Article","@id":"https:\/\/elcomunista.org\/?p=10705#article","isPartOf":{"@id":"https:\/\/elcomunista.org\/?p=10705"},"author":{"name":"Internacional Comunista Revolucionaria","@id":"https:\/\/elcomunista.org\/#\/schema\/person\/f263a81caf9b6558c019b2d6b83e55be"},"headline":"Paro Nacional \u2013 Las Masas Colombianas Protestan El Robo Tributario de Iv\u00e1n Duque","datePublished":"2021-05-03T01:02:17+00:00","dateModified":"2021-05-04T01:03:05+00:00","mainEntityOfPage":{"@id":"https:\/\/elcomunista.org\/?p=10705"},"wordCount":1508,"commentCount":0,"publisher":{"@id":"https:\/\/elcomunista.org\/#organization"},"image":{"@id":"https:\/\/elcomunista.org\/?p=10705#primaryimage"},"thumbnailUrl":"https:\/\/elcomunista.org\/wp-content\/uploads\/2021\/05\/679edcaee55e1d63310b061371c1e57b_w700_h470.jpg","keywords":["Colombia","Duque","Paro Nacional","Reforma tributaria","Uribe"],"articleSection":["Colombia","Principales"],"inLanguage":"es","potentialAction":[{"@type":"CommentAction","name":"Comment","target":["https:\/\/elcomunista.org\/?p=10705#respond"]}]},{"@type":"WebPage","@id":"https:\/\/elcomunista.org\/?p=10705","url":"https:\/\/elcomunista.org\/?p=10705","name":"Paro Nacional \u2013 Las Masas Colombianas Protestan El Robo Tributario de Iv\u00e1n Duque","isPartOf":{"@id":"https:\/\/elcomunista.org\/#website"},"primaryImageOfPage":{"@id":"https:\/\/elcomunista.org\/?p=10705#primaryimage"},"image":{"@id":"https:\/\/elcomunista.org\/?p=10705#primaryimage"},"thumbnailUrl":"https:\/\/elcomunista.org\/wp-content\/uploads\/2021\/05\/679edcaee55e1d63310b061371c1e57b_w700_h470.jpg","datePublished":"2021-05-03T01:02:17+00:00","dateModified":"2021-05-04T01:03:05+00:00","breadcrumb":{"@id":"https:\/\/elcomunista.org\/?p=10705#breadcrumb"},"inLanguage":"es","potentialAction":[{"@type":"ReadAction","target":["https:\/\/elcomunista.org\/?p=10705"]}]},{"@type":"ImageObject","inLanguage":"es","@id":"https:\/\/elcomunista.org\/?p=10705#primaryimage","url":"https:\/\/elcomunista.org\/wp-content\/uploads\/2021\/05\/679edcaee55e1d63310b061371c1e57b_w700_h470.jpg","contentUrl":"https:\/\/elcomunista.org\/wp-content\/uploads\/2021\/05\/679edcaee55e1d63310b061371c1e57b_w700_h470.jpg","width":700,"height":427},{"@type":"BreadcrumbList","@id":"https:\/\/elcomunista.org\/?p=10705#breadcrumb","itemListElement":[{"@type":"ListItem","position":1,"name":"Portada","item":"https:\/\/elcomunista.org\/"},{"@type":"ListItem","position":2,"name":"Paro Nacional \u2013 Las Masas Colombianas Protestan El Robo Tributario de Iv\u00e1n Duque"}]},{"@type":"WebSite","@id":"https:\/\/elcomunista.org\/#website","url":"https:\/\/elcomunista.org\/","name":"Revoluci\u00f3n Comunista","description":"Internacional Comunista Revolucionaria","publisher":{"@id":"https:\/\/elcomunista.org\/#organization"},"potentialAction":[{"@type":"SearchAction","target":{"@type":"EntryPoint","urlTemplate":"https:\/\/elcomunista.org\/?s={search_term_string}"},"query-input":{"@type":"PropertyValueSpecification","valueRequired":true,"valueName":"search_term_string"}}],"inLanguage":"es"},{"@type":"Organization","@id":"https:\/\/elcomunista.org\/#organization","name":"Bloque Popular Juvenil","url":"https:\/\/elcomunista.org\/","logo":{"@type":"ImageObject","inLanguage":"es","@id":"https:\/\/elcomunista.org\/#\/schema\/logo\/image\/","url":"https:\/\/bloquepopularjuvenil.org\/wp-content\/uploads\/2018\/11\/bpj-militante.jpg","contentUrl":"https:\/\/bloquepopularjuvenil.org\/wp-content\/uploads\/2018\/11\/bpj-militante.jpg","width":4000,"height":1390,"caption":"Bloque Popular Juvenil"},"image":{"@id":"https:\/\/elcomunista.org\/#\/schema\/logo\/image\/"},"sameAs":["https:\/\/www.facebook.com\/Bloquepopularjuvenil","https:\/\/x.com\/ElBPJ","https:\/\/www.instagram.com\/elbloque_bpj\/?hl=es-la"]},{"@type":"Person","@id":"https:\/\/elcomunista.org\/#\/schema\/person\/f263a81caf9b6558c019b2d6b83e55be","name":"Internacional Comunista Revolucionaria","image":{"@type":"ImageObject","inLanguage":"es","@id":"https:\/\/elcomunista.org\/#\/schema\/person\/image\/","url":"https:\/\/secure.gravatar.com\/avatar\/007ae9c82193c93b7cbb3bbda1ed8c15?s=96&d=mm&r=g","contentUrl":"https:\/\/secure.gravatar.com\/avatar\/007ae9c82193c93b7cbb3bbda1ed8c15?s=96&d=mm&r=g","caption":"Internacional Comunista Revolucionaria"},"url":"https:\/\/elcomunista.org\/?author=62"}]}},"jetpack_featured_media_url":"https:\/\/elcomunista.org\/wp-content\/uploads\/2021\/05\/679edcaee55e1d63310b061371c1e57b_w700_h470.jpg","jetpack_likes_enabled":true,"jetpack_sharing_enabled":true,"_links":{"self":[{"href":"https:\/\/elcomunista.org\/index.php?rest_route=\/wp\/v2\/posts\/10705"}],"collection":[{"href":"https:\/\/elcomunista.org\/index.php?rest_route=\/wp\/v2\/posts"}],"about":[{"href":"https:\/\/elcomunista.org\/index.php?rest_route=\/wp\/v2\/types\/post"}],"author":[{"embeddable":true,"href":"https:\/\/elcomunista.org\/index.php?rest_route=\/wp\/v2\/users\/62"}],"replies":[{"embeddable":true,"href":"https:\/\/elcomunista.org\/index.php?rest_route=%2Fwp%2Fv2%2Fcomments&post=10705"}],"version-history":[{"count":0,"href":"https:\/\/elcomunista.org\/index.php?rest_route=\/wp\/v2\/posts\/10705\/revisions"}],"wp:featuredmedia":[{"embeddable":true,"href":"https:\/\/elcomunista.org\/index.php?rest_route=\/wp\/v2\/media\/10706"}],"wp:attachment":[{"href":"https:\/\/elcomunista.org\/index.php?rest_route=%2Fwp%2Fv2%2Fmedia&parent=10705"}],"wp:term":[{"taxonomy":"category","embeddable":true,"href":"https:\/\/elcomunista.org\/index.php?rest_route=%2Fwp%2Fv2%2Fcategories&post=10705"},{"taxonomy":"post_tag","embeddable":true,"href":"https:\/\/elcomunista.org\/index.php?rest_route=%2Fwp%2Fv2%2Ftags&post=10705"}],"curies":[{"name":"wp","href":"https:\/\/api.w.org\/{rel}","templated":true}]}}