{"id":10712,"date":"2021-05-04T10:30:44","date_gmt":"2021-05-04T16:30:44","guid":{"rendered":"http:\/\/bloquepopularjuvenil.org\/?p=10712"},"modified":"2021-05-04T10:30:44","modified_gmt":"2021-05-04T16:30:44","slug":"colombia-dia-seis-del-paro-nacional-fuera-duque","status":"publish","type":"post","link":"https:\/\/elcomunista.org\/?p=10712","title":{"rendered":"Colombia: D\u00eda seis del paro nacional &#8211; \u00a1Fuera Duque!"},"content":{"rendered":"<p><em>Por Consejo Editorial De <a href=\"https:\/\/colombiamarxista.com\">Colombia Marxista<\/a><\/em><\/p>\n<p style=\"text-align: justify;\">Ayer, 3 de mayo, Alberto Carrasquilla, quien fuera el\u00a0 impulsor de la Reforma Tributaria, sali\u00f3 por la puerta de atr\u00e1s, renunciando junto con el viceministro general de esta cartera, Juan Alberto Londo\u00f1o, y el viceministro T\u00e9cnico de Hacienda, Juan Pablo Z\u00e1rate. La presi\u00f3n del Paro Nacional, que hoy cumple 6 d\u00edas, y la bancarrota total del gobierno de Duque- Uribe han puesto a prueba a estos funcionarios de papel, que al subestimar la fuerza del levantamiento popular fueron calcinados por el mismo.<\/p>\n<p style=\"text-align: justify;\">La salida de este delf\u00edn de la \u00e9lite colombiana no es menor, representando un duro golpe para la burgues\u00eda y sus aspiraciones econ\u00f3micas con referencia a la regi\u00f3n, ya que desde el pasado 6 de abril hab\u00eda sido postulado para presidir la banca multilateral CAF- Banco de Desarrollo de Am\u00e9rica Latina-\u00a0 misma que se complica al ya no ser ministro en ejercicio. Es probable que le toque, como se dice coloquialmente \u201cbajarse de su pedestal\u201d e internacionalmente se le cobre su torpe manejo de los acontecimientos actuales.<\/p>\n<h3 style=\"text-align: justify;\"><span style=\"color: #800000;\">Un movimiento de masas<\/span><\/h3>\n<p style=\"text-align: justify;\">Dos victorias seguidas en menos de 24 horas, demuestran la indudable fuerza de las mayor\u00edas unidas. El poder del movimiento se ha ido fortaleciendo con la suma de m\u00e1s personas a las marchas, expandi\u00e9ndose a ciudades y pueblos peque\u00f1os, con la adici\u00f3n del gremio de transportistas, taxistas y organizaciones con tradici\u00f3n de lucha como el CRIC (Consejo Regional ind\u00edgena del Cauca) y con la aprobaci\u00f3n masiva de sus consignas que crece y crece.<\/p>\n<p style=\"text-align: justify;\">Sin embargo, si para las derrotas nadie quiere asumir nada, en la victoria todos son padres de ella. As\u00ed, la burocracia de las Centrales Obreras, el Comit\u00e9 del Paro y oportunistas de centro e izquierda han aparecido, celebrando como propio el triunfo y tratando de retomar el liderazgo de las marchas. Esto no se corresponde con la realidad, pues lo cierto es que fueron las masas desde las calles las que han ganado su propia direcci\u00f3n y sacado sus propias conclusiones al enfrentar cara a cara la crudeza del r\u00e9gimen, d\u00e1ndose aprendizajes como el de la capacidad de\u00a0 resistencia , consciencia de su poder, y el aumento de las demandas.<\/p>\n<p style=\"text-align: justify;\">Esto \u00faltimo se observa en las exigencias que van desde la derogaci\u00f3n del proyecto de ley de reforma 010 de la Salud, el encarcelamiento de Carrasquilla, la desaparici\u00f3n del ESMAD, una reforma policia, y las renuncias de Carlos Camargo, defensor del Pueblo (de paseo mientras las fuerzas represivas abusaban de los marchantes), el Ministro de Defensa Diego Molano y el Presidente de la Rep\u00fablica.<\/p>\n<p style=\"text-align: justify;\">Todo esto contrasta con lo propuesto por el Comit\u00e9 Nacional de Paro que cambi\u00f3 su descabellada idea de retomar movilizaciones hasta el 19 de este mes, y ahora impulsa como nueva fecha el d\u00eda 5 bajo las demandas de desmilitarizaci\u00f3n de las ciudades, la retirada de la Reforma de la Salud y una renta b\u00e1sica, entre otras peticiones. Todas necesarias, pero ya alejadas de lo que en las calles se clama desde hace d\u00edas, que en muchos casos es una afrenta al status quo(desde cuestionar el modelo econ\u00f3mico hasta exigir la renuncia del presidente). Decir que van a la zaga del movimiento es poco.<\/p>\n<p style=\"text-align: justify;\">La exigencia de renuncia de Duque cobra sentido pues el Gobierno camina en una cuerda floja, y no parecen ser los mejores escogiendo su manera de andar. Decisi\u00f3n tras decisi\u00f3n han fallado en su intento de frenar el avance del Paro, logrando justamente lo contrario. Al descubierto ha quedado que la \u00fanica herramienta con la que cuenta nuestra elite es la de la represi\u00f3n y la ha usado hasta el cansancio. Las amenazas de detener la vacunaci\u00f3n, de baja inversi\u00f3n extranjera o de hambre y brutalidad, se revelan vac\u00edas pues son parte del d\u00eda a d\u00eda del colombiano promedio.<\/p>\n<p style=\"text-align: justify;\">Esta torpeza de la clase dominante se ha traducido en una verdadera masacre, consecuencia de una represi\u00f3n despiadada e inmisericorde. Por ejemplo el 2 de mayo, cuando las mayor\u00edas decidieron continuar con el Paro, recibieron como respuesta una noche de terror. Ciudades como Palmira, Ibagu\u00e9, Cali, Popay\u00e1n, Facatativ\u00e1, Bogot\u00e1 y Medell\u00edn fueron v\u00edctimas, nuevamente, del abuso del ESMAD que desapareci\u00f3, golpe\u00f3, se meti\u00f3 a casas, amenaz\u00f3 a funcionarios de DDHH, viol\u00f3 y asesin\u00f3 a sangre fr\u00eda.<\/p>\n<p style=\"text-align: justify;\">Seg\u00fan\u00a0<a href=\"https:\/\/twitter.com\/TembloresOng\/status\/1389271439442853894\/photo\/1\">Temblores ONG<\/a>\u00a0al cierre de este d\u00eda hubo 5 personas muertas que se suman a las 26 confirmadas de jornadas anteriores. La misma ONG registra que desde el 28 de abril van 1181 casos de violencia policial, 142 victimas de violencia f\u00edsica y 9 v\u00edctimas de violencia sexual. El horror es muy grande y dif\u00edcil de olvidar. Lo peor es que no parece tener fin, est\u00e1n aumentando el pie de fuerza y en los lugares m\u00e1s beligerantes evitan que la gente se abastezca o movilice. En Cali el General Enrique Zapateiro tom\u00f3 el mando por encima del alcalde y ha desatado una verdadera masacre contra civiles.<\/p>\n<p style=\"text-align: justify;\">Sin embargo, como dec\u00edamos m\u00e1s arriba\u00a0<strong><em>esta es la \u00fanica herramienta con la que cuentan y es un recurso agotable y poco fiable<\/em><\/strong>. Los seis d\u00edas empiezan a hacer mella en la fuerza p\u00fablica que d\u00eda tras d\u00eda pierde miembros por peque\u00f1as lesiones. El recurrir al Ej\u00e9rcito, de hecho, fue una necesidad para suplir la falta de pie de fuerza, pero, los soldados son volubles\u00a0 por su origen humilde y falta de profesionalizaci\u00f3n de muchos de ellos, propensos, as\u00ed, a cambiar de bando f\u00e1cilmente. De hecho ya ha habido pronunciamiento de los militares en retiro, y algunos miembros de las reservas activas pidiendo a los soldados que se pongan del lado de la protesta. Aun as\u00ed es importante recalcar que la instituci\u00f3n militar es el brazo represivo del Estado y sirve a sus amos con especial sumisi\u00f3n.<\/p>\n<h3 style=\"text-align: justify;\"><span style=\"color: #800000;\">\u00a1A organizarnos!<\/span><\/h3>\n<p style=\"text-align: justify;\">La clase trabajadora ha comenzado a confiar en su propia fuerza y ha hecho uso de ella para enfrentar los peores horrores. Sin duda este es el camino correcto, las consignas se deben seguir repitiendo\u00a0 hasta que se cumplan. La conclusi\u00f3n natural debiera ser la ca\u00edda de Duque, y del Gobierno, habida cuenta de su ineptitud, cinismo e ineficiencia.<\/p>\n<p style=\"text-align: justify;\">Toda ley que amenace a la clase trabajadora, en el presente o en el futuro, debe ser una causa de rebeli\u00f3n y movilizaci\u00f3n del movimiento tambi\u00e9n. No obstante, en caso de alcanzar esas victorias y simplemente diluirse\u00a0<strong><em>se corre el riesgo de perder lo ganado<\/em><\/strong>. Por eso es necesario una organizaci\u00f3n revolucionaria que recoja los intereses de la mayor\u00eda y los traduzca en un programa pol\u00edtico capaz de responder, por ejemplo, a un posible vac\u00edo de gobierno. Dicho programa, adem\u00e1s, debe estar fundamentado sobre las ideas del marxismo para que nos lleve a un proceso socialista.<\/p>\n<p style=\"text-align: justify;\">Si algo ha quedado claro de estos d\u00edas es que la democracia burguesa, con sus elementos de Estado, est\u00e1 al servicio de la clase dominante, as\u00ed que de poco valen los cambios en las leyes si se vuelven a someter al mismo sistema.\u00a0<strong><em>Mientras las palancas econ\u00f3micas sean de las \u00e9lites capitalistas las regulaciones estar\u00e1n sujetas a sus intereses, pues s\u00f3lo se puede regular lo que se posee.<\/em><\/strong><\/p>\n<p style=\"text-align: justify;\">Frente a nosotros tenemos un reto de grandes proporciones, pero es uno que se ha generado a partir de nuestro propio movimiento y experiencia adquirida con la lucha. Es innegable que se han logrado avances y se podr\u00e1n alcanzar m\u00e1s, pero si no existe una discusi\u00f3n organizada alrededor de las ideas del movimiento y su objetivo, la consecuencia es que este puede ir perdiendo su energ\u00eda y fuerza, dados los l\u00edmites materiales de las movilizaciones. Esto representar\u00eda una gran derrota y seguramente se redoblar\u00eda la represi\u00f3n.<\/p>\n<p style=\"text-align: justify;\">El despertar de un pueblo es extraordinario y en una semana logra avances que no se hab\u00edan logrado en a\u00f1os. La energ\u00eda revolucionaria es igual de magn\u00edfica pero se puede agotar pronto, m\u00e1s si adolece de un orden estrat\u00e9gico y es golpeada constantemente. Desde nuestra organizaci\u00f3n aplaudimos la rebeld\u00eda de la clase trabajadora y su determinaci\u00f3n, pero insistimos en la necesidad de conformar comit\u00e9s barriales de lucha que discutan la manera de defenderse de los abusos policiales y discutan sobre los problemas del barrio, la ciudad y el pa\u00eds para proponerlos a consejos territoriales con el mismo fundamento. Igualmente desde este tipo de organizaciones se podr\u00edan discutir soluciones r\u00e1pidas ante posibles ausencias de poder o determinar un programa pol\u00edtico que, sustentado\u00a0 en el socialismo, brinde un prop\u00f3sito m\u00e1s grande que la defensa del movimiento: el prop\u00f3sito de desafiar a la \u00e9lite colombiana por el poder.<\/p>\n<p style=\"text-align: justify;\">El camino hacia el cambio se ha comenzado a construir y sus hacedores j\u00f3venes, campesinos y clase obrera, se han decidido a comenzar. No obstante es un trabajo complicado que va exigir de muchos sacrificios y errores. Pero toda tarea hist\u00f3rica requiere un primer paso. Este paso es el m\u00e1s dif\u00edcil. No obstante, cuando se ha tomado, los eventos tienen su propia l\u00f3gica. La tarea de los Marxistas en este periodo es poner nuestro estudio de la historia\u00a0 y la sociedad al servicio de este movimiento de la clase obrera para derrumbar a este gobierno y la clase que representa. Lo bueno es que hemos comenzado.<\/p>\n<p style=\"text-align: justify;\">Por \u00faltimo presentamos nuestra propuesta de\u00a0<a href=\"https:\/\/colombiamarxista.com\/?page_id=2007\">programa <\/a>que sometemos a cr\u00edtica. por eso les invitamos a discutirlo con vecinos y amigos.<\/p>\n<p style=\"text-align: center;\">\u00a1<strong>El Paro No Para!<\/strong><\/p>\n<p style=\"text-align: center;\"><strong>\u00a1Fuera Duque y la clase que representa!<\/strong><\/p>\n<p style=\"text-align: center;\"><strong>\u00a1Por un partido obrero, unidos!<\/strong><\/p>\n","protected":false},"excerpt":{"rendered":"<p>Por Consejo Editorial De Colombia Marxista Ayer, 3 de mayo, Alberto Carrasquilla, quien fuera el\u00a0 impulsor de la Reforma Tributaria, sali\u00f3 por la puerta de atr\u00e1s, renunciando junto con el viceministro general de esta cartera, Juan Alberto Londo\u00f1o, y el viceministro T\u00e9cnico de Hacienda, Juan Pablo Z\u00e1rate. La presi\u00f3n del Paro Nacional, que hoy cumple&#8230;<\/p>\n","protected":false},"author":62,"featured_media":10713,"comment_status":"open","ping_status":"open","sticky":false,"template":"","format":"standard","meta":{"_monsterinsights_skip_tracking":false,"_monsterinsights_sitenote_active":false,"_monsterinsights_sitenote_note":"","_monsterinsights_sitenote_category":0,"_uf_show_specific_survey":0,"_uf_disable_surveys":false,"_jetpack_memberships_contains_paid_content":false,"footnotes":""},"categories":[22,537],"tags":[1508,480,1507],"class_list":["post-10712","post","type-post","status-publish","format-standard","has-post-thumbnail","hentry","category-colombia","category-principales","tag-fuera-duque","tag-reforma-tributaria","tag-sos-colombia"],"aioseo_notices":[],"yoast_head":"<!-- This site is optimized with the Yoast SEO plugin v25.6 - https:\/\/yoast.com\/wordpress\/plugins\/seo\/ -->\n<title>Colombia: D\u00eda seis del paro nacional - \u00a1Fuera Duque!<\/title>\n<meta name=\"robots\" content=\"index, follow, max-snippet:-1, max-image-preview:large, max-video-preview:-1\" \/>\n<link rel=\"canonical\" href=\"https:\/\/elcomunista.org\/?p=10712\" \/>\n<meta property=\"og:locale\" content=\"es_ES\" \/>\n<meta property=\"og:type\" content=\"article\" \/>\n<meta property=\"og:title\" content=\"Colombia: D\u00eda seis del paro nacional - \u00a1Fuera Duque!\" \/>\n<meta property=\"og:description\" content=\"Por Consejo Editorial De Colombia Marxista Ayer, 3 de mayo, Alberto Carrasquilla, quien fuera el\u00a0 impulsor de la Reforma Tributaria, sali\u00f3 por la puerta de atr\u00e1s, renunciando junto con el viceministro general de esta cartera, Juan Alberto Londo\u00f1o, y el viceministro T\u00e9cnico de Hacienda, Juan Pablo Z\u00e1rate. La presi\u00f3n del Paro Nacional, que hoy cumple...\" \/>\n<meta property=\"og:url\" content=\"https:\/\/elcomunista.org\/?p=10712\" \/>\n<meta property=\"og:site_name\" content=\"Revoluci\u00f3n Comunista\" \/>\n<meta property=\"article:publisher\" content=\"https:\/\/www.facebook.com\/Bloquepopularjuvenil\" \/>\n<meta property=\"article:published_time\" content=\"2021-05-04T16:30:44+00:00\" \/>\n<meta property=\"og:image\" content=\"https:\/\/elcomunista.org\/wp-content\/uploads\/2021\/05\/dia-seis.jpg\" \/>\n\t<meta property=\"og:image:width\" content=\"770\" \/>\n\t<meta property=\"og:image:height\" content=\"440\" \/>\n\t<meta property=\"og:image:type\" content=\"image\/jpeg\" \/>\n<meta name=\"author\" content=\"Internacional Comunista Revolucionaria\" \/>\n<meta name=\"twitter:card\" content=\"summary_large_image\" \/>\n<meta name=\"twitter:creator\" content=\"@ElBPJ\" \/>\n<meta name=\"twitter:site\" content=\"@ElBPJ\" \/>\n<meta name=\"twitter:label1\" content=\"Escrito por\" \/>\n\t<meta name=\"twitter:data1\" content=\"Internacional Comunista Revolucionaria\" \/>\n\t<meta name=\"twitter:label2\" content=\"Tiempo de lectura\" \/>\n\t<meta name=\"twitter:data2\" content=\"7 minutos\" \/>\n<script type=\"application\/ld+json\" class=\"yoast-schema-graph\">{\"@context\":\"https:\/\/schema.org\",\"@graph\":[{\"@type\":\"Article\",\"@id\":\"https:\/\/elcomunista.org\/?p=10712#article\",\"isPartOf\":{\"@id\":\"https:\/\/elcomunista.org\/?p=10712\"},\"author\":{\"name\":\"Internacional Comunista Revolucionaria\",\"@id\":\"https:\/\/elcomunista.org\/#\/schema\/person\/f263a81caf9b6558c019b2d6b83e55be\"},\"headline\":\"Colombia: D\u00eda seis del paro nacional &#8211; \u00a1Fuera Duque!\",\"datePublished\":\"2021-05-04T16:30:44+00:00\",\"mainEntityOfPage\":{\"@id\":\"https:\/\/elcomunista.org\/?p=10712\"},\"wordCount\":1653,\"commentCount\":0,\"publisher\":{\"@id\":\"https:\/\/elcomunista.org\/#organization\"},\"image\":{\"@id\":\"https:\/\/elcomunista.org\/?p=10712#primaryimage\"},\"thumbnailUrl\":\"https:\/\/elcomunista.org\/wp-content\/uploads\/2021\/05\/dia-seis.jpg\",\"keywords\":[\"Fuera Duque\",\"Reforma tributaria\",\"SOS Colombia\"],\"articleSection\":[\"Colombia\",\"Principales\"],\"inLanguage\":\"es\",\"potentialAction\":[{\"@type\":\"CommentAction\",\"name\":\"Comment\",\"target\":[\"https:\/\/elcomunista.org\/?p=10712#respond\"]}]},{\"@type\":\"WebPage\",\"@id\":\"https:\/\/elcomunista.org\/?p=10712\",\"url\":\"https:\/\/elcomunista.org\/?p=10712\",\"name\":\"Colombia: D\u00eda seis del paro nacional - \u00a1Fuera Duque!\",\"isPartOf\":{\"@id\":\"https:\/\/elcomunista.org\/#website\"},\"primaryImageOfPage\":{\"@id\":\"https:\/\/elcomunista.org\/?p=10712#primaryimage\"},\"image\":{\"@id\":\"https:\/\/elcomunista.org\/?p=10712#primaryimage\"},\"thumbnailUrl\":\"https:\/\/elcomunista.org\/wp-content\/uploads\/2021\/05\/dia-seis.jpg\",\"datePublished\":\"2021-05-04T16:30:44+00:00\",\"breadcrumb\":{\"@id\":\"https:\/\/elcomunista.org\/?p=10712#breadcrumb\"},\"inLanguage\":\"es\",\"potentialAction\":[{\"@type\":\"ReadAction\",\"target\":[\"https:\/\/elcomunista.org\/?p=10712\"]}]},{\"@type\":\"ImageObject\",\"inLanguage\":\"es\",\"@id\":\"https:\/\/elcomunista.org\/?p=10712#primaryimage\",\"url\":\"https:\/\/elcomunista.org\/wp-content\/uploads\/2021\/05\/dia-seis.jpg\",\"contentUrl\":\"https:\/\/elcomunista.org\/wp-content\/uploads\/2021\/05\/dia-seis.jpg\",\"width\":770,\"height\":440},{\"@type\":\"BreadcrumbList\",\"@id\":\"https:\/\/elcomunista.org\/?p=10712#breadcrumb\",\"itemListElement\":[{\"@type\":\"ListItem\",\"position\":1,\"name\":\"Portada\",\"item\":\"https:\/\/elcomunista.org\/\"},{\"@type\":\"ListItem\",\"position\":2,\"name\":\"Colombia: D\u00eda seis del paro nacional &#8211; \u00a1Fuera Duque!\"}]},{\"@type\":\"WebSite\",\"@id\":\"https:\/\/elcomunista.org\/#website\",\"url\":\"https:\/\/elcomunista.org\/\",\"name\":\"Revoluci\u00f3n Comunista\",\"description\":\"Internacional Comunista Revolucionaria\",\"publisher\":{\"@id\":\"https:\/\/elcomunista.org\/#organization\"},\"potentialAction\":[{\"@type\":\"SearchAction\",\"target\":{\"@type\":\"EntryPoint\",\"urlTemplate\":\"https:\/\/elcomunista.org\/?s={search_term_string}\"},\"query-input\":{\"@type\":\"PropertyValueSpecification\",\"valueRequired\":true,\"valueName\":\"search_term_string\"}}],\"inLanguage\":\"es\"},{\"@type\":\"Organization\",\"@id\":\"https:\/\/elcomunista.org\/#organization\",\"name\":\"Bloque Popular Juvenil\",\"url\":\"https:\/\/elcomunista.org\/\",\"logo\":{\"@type\":\"ImageObject\",\"inLanguage\":\"es\",\"@id\":\"https:\/\/elcomunista.org\/#\/schema\/logo\/image\/\",\"url\":\"https:\/\/bloquepopularjuvenil.org\/wp-content\/uploads\/2018\/11\/bpj-militante.jpg\",\"contentUrl\":\"https:\/\/bloquepopularjuvenil.org\/wp-content\/uploads\/2018\/11\/bpj-militante.jpg\",\"width\":4000,\"height\":1390,\"caption\":\"Bloque Popular Juvenil\"},\"image\":{\"@id\":\"https:\/\/elcomunista.org\/#\/schema\/logo\/image\/\"},\"sameAs\":[\"https:\/\/www.facebook.com\/Bloquepopularjuvenil\",\"https:\/\/x.com\/ElBPJ\",\"https:\/\/www.instagram.com\/elbloque_bpj\/?hl=es-la\"]},{\"@type\":\"Person\",\"@id\":\"https:\/\/elcomunista.org\/#\/schema\/person\/f263a81caf9b6558c019b2d6b83e55be\",\"name\":\"Internacional Comunista Revolucionaria\",\"image\":{\"@type\":\"ImageObject\",\"inLanguage\":\"es\",\"@id\":\"https:\/\/elcomunista.org\/#\/schema\/person\/image\/\",\"url\":\"https:\/\/secure.gravatar.com\/avatar\/007ae9c82193c93b7cbb3bbda1ed8c15?s=96&d=mm&r=g\",\"contentUrl\":\"https:\/\/secure.gravatar.com\/avatar\/007ae9c82193c93b7cbb3bbda1ed8c15?s=96&d=mm&r=g\",\"caption\":\"Internacional Comunista Revolucionaria\"},\"url\":\"https:\/\/elcomunista.org\/?author=62\"}]}<\/script>\n<!-- \/ Yoast SEO plugin. -->","yoast_head_json":{"title":"Colombia: D\u00eda seis del paro nacional - \u00a1Fuera Duque!","robots":{"index":"index","follow":"follow","max-snippet":"max-snippet:-1","max-image-preview":"max-image-preview:large","max-video-preview":"max-video-preview:-1"},"canonical":"https:\/\/elcomunista.org\/?p=10712","og_locale":"es_ES","og_type":"article","og_title":"Colombia: D\u00eda seis del paro nacional - \u00a1Fuera Duque!","og_description":"Por Consejo Editorial De Colombia Marxista Ayer, 3 de mayo, Alberto Carrasquilla, quien fuera el\u00a0 impulsor de la Reforma Tributaria, sali\u00f3 por la puerta de atr\u00e1s, renunciando junto con el viceministro general de esta cartera, Juan Alberto Londo\u00f1o, y el viceministro T\u00e9cnico de Hacienda, Juan Pablo Z\u00e1rate. La presi\u00f3n del Paro Nacional, que hoy cumple...","og_url":"https:\/\/elcomunista.org\/?p=10712","og_site_name":"Revoluci\u00f3n Comunista","article_publisher":"https:\/\/www.facebook.com\/Bloquepopularjuvenil","article_published_time":"2021-05-04T16:30:44+00:00","og_image":[{"width":770,"height":440,"url":"https:\/\/elcomunista.org\/wp-content\/uploads\/2021\/05\/dia-seis.jpg","type":"image\/jpeg"}],"author":"Internacional Comunista Revolucionaria","twitter_card":"summary_large_image","twitter_creator":"@ElBPJ","twitter_site":"@ElBPJ","twitter_misc":{"Escrito por":"Internacional Comunista Revolucionaria","Tiempo de lectura":"7 minutos"},"schema":{"@context":"https:\/\/schema.org","@graph":[{"@type":"Article","@id":"https:\/\/elcomunista.org\/?p=10712#article","isPartOf":{"@id":"https:\/\/elcomunista.org\/?p=10712"},"author":{"name":"Internacional Comunista Revolucionaria","@id":"https:\/\/elcomunista.org\/#\/schema\/person\/f263a81caf9b6558c019b2d6b83e55be"},"headline":"Colombia: D\u00eda seis del paro nacional &#8211; \u00a1Fuera Duque!","datePublished":"2021-05-04T16:30:44+00:00","mainEntityOfPage":{"@id":"https:\/\/elcomunista.org\/?p=10712"},"wordCount":1653,"commentCount":0,"publisher":{"@id":"https:\/\/elcomunista.org\/#organization"},"image":{"@id":"https:\/\/elcomunista.org\/?p=10712#primaryimage"},"thumbnailUrl":"https:\/\/elcomunista.org\/wp-content\/uploads\/2021\/05\/dia-seis.jpg","keywords":["Fuera Duque","Reforma tributaria","SOS Colombia"],"articleSection":["Colombia","Principales"],"inLanguage":"es","potentialAction":[{"@type":"CommentAction","name":"Comment","target":["https:\/\/elcomunista.org\/?p=10712#respond"]}]},{"@type":"WebPage","@id":"https:\/\/elcomunista.org\/?p=10712","url":"https:\/\/elcomunista.org\/?p=10712","name":"Colombia: D\u00eda seis del paro nacional - \u00a1Fuera Duque!","isPartOf":{"@id":"https:\/\/elcomunista.org\/#website"},"primaryImageOfPage":{"@id":"https:\/\/elcomunista.org\/?p=10712#primaryimage"},"image":{"@id":"https:\/\/elcomunista.org\/?p=10712#primaryimage"},"thumbnailUrl":"https:\/\/elcomunista.org\/wp-content\/uploads\/2021\/05\/dia-seis.jpg","datePublished":"2021-05-04T16:30:44+00:00","breadcrumb":{"@id":"https:\/\/elcomunista.org\/?p=10712#breadcrumb"},"inLanguage":"es","potentialAction":[{"@type":"ReadAction","target":["https:\/\/elcomunista.org\/?p=10712"]}]},{"@type":"ImageObject","inLanguage":"es","@id":"https:\/\/elcomunista.org\/?p=10712#primaryimage","url":"https:\/\/elcomunista.org\/wp-content\/uploads\/2021\/05\/dia-seis.jpg","contentUrl":"https:\/\/elcomunista.org\/wp-content\/uploads\/2021\/05\/dia-seis.jpg","width":770,"height":440},{"@type":"BreadcrumbList","@id":"https:\/\/elcomunista.org\/?p=10712#breadcrumb","itemListElement":[{"@type":"ListItem","position":1,"name":"Portada","item":"https:\/\/elcomunista.org\/"},{"@type":"ListItem","position":2,"name":"Colombia: D\u00eda seis del paro nacional &#8211; \u00a1Fuera Duque!"}]},{"@type":"WebSite","@id":"https:\/\/elcomunista.org\/#website","url":"https:\/\/elcomunista.org\/","name":"Revoluci\u00f3n Comunista","description":"Internacional Comunista Revolucionaria","publisher":{"@id":"https:\/\/elcomunista.org\/#organization"},"potentialAction":[{"@type":"SearchAction","target":{"@type":"EntryPoint","urlTemplate":"https:\/\/elcomunista.org\/?s={search_term_string}"},"query-input":{"@type":"PropertyValueSpecification","valueRequired":true,"valueName":"search_term_string"}}],"inLanguage":"es"},{"@type":"Organization","@id":"https:\/\/elcomunista.org\/#organization","name":"Bloque Popular Juvenil","url":"https:\/\/elcomunista.org\/","logo":{"@type":"ImageObject","inLanguage":"es","@id":"https:\/\/elcomunista.org\/#\/schema\/logo\/image\/","url":"https:\/\/bloquepopularjuvenil.org\/wp-content\/uploads\/2018\/11\/bpj-militante.jpg","contentUrl":"https:\/\/bloquepopularjuvenil.org\/wp-content\/uploads\/2018\/11\/bpj-militante.jpg","width":4000,"height":1390,"caption":"Bloque Popular Juvenil"},"image":{"@id":"https:\/\/elcomunista.org\/#\/schema\/logo\/image\/"},"sameAs":["https:\/\/www.facebook.com\/Bloquepopularjuvenil","https:\/\/x.com\/ElBPJ","https:\/\/www.instagram.com\/elbloque_bpj\/?hl=es-la"]},{"@type":"Person","@id":"https:\/\/elcomunista.org\/#\/schema\/person\/f263a81caf9b6558c019b2d6b83e55be","name":"Internacional Comunista Revolucionaria","image":{"@type":"ImageObject","inLanguage":"es","@id":"https:\/\/elcomunista.org\/#\/schema\/person\/image\/","url":"https:\/\/secure.gravatar.com\/avatar\/007ae9c82193c93b7cbb3bbda1ed8c15?s=96&d=mm&r=g","contentUrl":"https:\/\/secure.gravatar.com\/avatar\/007ae9c82193c93b7cbb3bbda1ed8c15?s=96&d=mm&r=g","caption":"Internacional Comunista Revolucionaria"},"url":"https:\/\/elcomunista.org\/?author=62"}]}},"jetpack_featured_media_url":"https:\/\/elcomunista.org\/wp-content\/uploads\/2021\/05\/dia-seis.jpg","jetpack_likes_enabled":true,"jetpack_sharing_enabled":true,"_links":{"self":[{"href":"https:\/\/elcomunista.org\/index.php?rest_route=\/wp\/v2\/posts\/10712"}],"collection":[{"href":"https:\/\/elcomunista.org\/index.php?rest_route=\/wp\/v2\/posts"}],"about":[{"href":"https:\/\/elcomunista.org\/index.php?rest_route=\/wp\/v2\/types\/post"}],"author":[{"embeddable":true,"href":"https:\/\/elcomunista.org\/index.php?rest_route=\/wp\/v2\/users\/62"}],"replies":[{"embeddable":true,"href":"https:\/\/elcomunista.org\/index.php?rest_route=%2Fwp%2Fv2%2Fcomments&post=10712"}],"version-history":[{"count":0,"href":"https:\/\/elcomunista.org\/index.php?rest_route=\/wp\/v2\/posts\/10712\/revisions"}],"wp:featuredmedia":[{"embeddable":true,"href":"https:\/\/elcomunista.org\/index.php?rest_route=\/wp\/v2\/media\/10713"}],"wp:attachment":[{"href":"https:\/\/elcomunista.org\/index.php?rest_route=%2Fwp%2Fv2%2Fmedia&parent=10712"}],"wp:term":[{"taxonomy":"category","embeddable":true,"href":"https:\/\/elcomunista.org\/index.php?rest_route=%2Fwp%2Fv2%2Fcategories&post=10712"},{"taxonomy":"post_tag","embeddable":true,"href":"https:\/\/elcomunista.org\/index.php?rest_route=%2Fwp%2Fv2%2Ftags&post=10712"}],"curies":[{"name":"wp","href":"https:\/\/api.w.org\/{rel}","templated":true}]}}