{"id":10730,"date":"2021-05-05T09:58:10","date_gmt":"2021-05-05T15:58:10","guid":{"rendered":"http:\/\/bloquepopularjuvenil.org\/?p=10730"},"modified":"2021-05-05T09:58:10","modified_gmt":"2021-05-05T15:58:10","slug":"lecciones-de-madrid-la-derecha-barre-el-psoe-se-hunde-e-iglesias-dimite","status":"publish","type":"post","link":"https:\/\/elcomunista.org\/?p=10730","title":{"rendered":"Lecciones de Madrid \u2013 La derecha barre, el PSOE se hunde e Iglesias dimite"},"content":{"rendered":"<p>La izquierda ha sufrido una dur\u00edsima derrota en Madrid. Quien fuera se\u00f1alado estos a\u00f1os por la reacci\u00f3n como el enemigo p\u00fablico n\u00famero uno del r\u00e9gimen, Pablo Iglesias, abandona todos sus cargos pol\u00edticos. La derecha festeja por todo lo alto e incrementar\u00e1 su arrogancia. La militancia de izquierda debe sacar las lecciones de todo esto. Como dijo el fil\u00f3sofo Spinoza, no se trata de re\u00edr ni de llorar, sino de comprender.<\/p>\n<section class=\"article-content\"><img loading=\"lazy\" decoding=\"async\" class=\"aligncenter\" src=\"http:\/\/luchadeclases.org\/images\/Estado_espa%C3%B1ol\/elecciones_madrid.jpg\" alt=\"elecciones madrid\" width=\"500\" height=\"261\" \/><\/p>\n<p>La derecha ha sumado el 57,4% de los votos (2.080.000) y la izquierda el 41% (1.486.000). El bloque de la derecha consigue 400.000 votos m\u00e1s que en las elecciones regionales de mayo de 2019 y m\u00e1s de 200.000 respecto a las legislativas de noviembre de 2019. Y en el camino Ciudadanos desaparece del panorama pol\u00edtico. El bloque de la izquierda pierde 60.000 y 140.000 votos, respectivamente, en relaci\u00f3n a ambas elecciones, pese a que hubo una mayor participaci\u00f3n en estas \u00faltimas (3.650.000) que en las dos anteriores\u00a0 (3.251.000 y 3.558.000, respectivamente).<\/p>\n<p>Aunque M\u00e1s Madrid (16,97%) y Unidas Podemos (7,21%)\u00a0 mejoraron algo sus resultados, en votos y en porcentaje, (de un 20,29% en 2019 a un 24,18%) no fue suficiente ante el descalabro del PSOE, que pas\u00f3 del 27,31% al 16,85%.<\/p>\n<p>A diferencia de lo ocurrido en las elecciones auton\u00f3micas de Catalunya, Euskadi y Galicia en el \u00faltimo a\u00f1o, donde la epidemia de Covid-19 estimul\u00f3 la abstenci\u00f3n (aunque no cambi\u00f3 sustancialmente el resultado electoral previsto), aqu\u00ed vimos una participaci\u00f3n elevada, un 75%. Sin duda, el detonante de ello fue la decisi\u00f3n de Pablo Iglesias de concurrir a las elecciones, lo que increment\u00f3 la polarizaci\u00f3n izquierda-derecha y sirvi\u00f3 para que la derecha y la ultraderecha tocaran a rebato y movilizaran hasta el \u00faltimo de sus apoyos sociales, en medio de una sucia campa\u00f1a de mentiras, calumnias y amenazas con todo el apoyo del r\u00e9gimen detr\u00e1s. Esto hizo que el debate alrededor de la nefasta gesti\u00f3n de Ayuso quedara casi completamente sepultado. Tambi\u00e9n debemos decir que si Iglesias\u00a0 no hubiera concurrido, el resultado final no habr\u00eda sido muy diferente, salvo una participaci\u00f3n 15 o 20 puntos menor. La debilidad de las candidaturas del PSOE (como se ha visto en estas elecciones) y la de Unidas Podemos (que incluso se arriesgaba a no entrar en el parlamento regional) as\u00ed lo anunciaban.<\/p>\n<p>La izquierda ha ganado en las zonas de mayor tradici\u00f3n obrera y de lucha, aunque con porcentajes menores a elecciones anteriores o muy ajustados en algunos casos. As\u00ed fue en los barrios de Lavapi\u00e9s, Puente de Vallecas, Usera, Villa de Vallecas, Vic\u00e1lvaro y Villaverde, en la ciudad de Madrid; y en las poblaciones de Coslada, Fuenlabrada, Getafe, Legan\u00e9s, Parla, Rivas-Vaciamadrid, o San Fernando de Henares.<\/p>\n<p>No puede negarse la existencia de un elemento estructural que explica en parte la fuerza de la derecha en Madrid desde hace cerca de 30 a\u00f1os.<\/p>\n<p>Madrid concentra el poder administrativo, econ\u00f3mico, militar y judicial del pa\u00eds, con su legi\u00f3n de altos cargos y sus familias, empleados, etc. Es uno de los territorios con m\u00e1s renta del pa\u00eds, atrae a una clase media numerosa y a un entorno de trabajadores de servicios relativamente bien pagado con su mentalidad peque\u00f1oburguesa, as\u00ed como a una capa amplia de nuevos ricos creados al calor de la especulaci\u00f3n inmobiliaria desde comienzos del presente siglo. En paralelo, los huecos dejados en el escalaf\u00f3n m\u00e1s bajo de la clase obrera lo ocupa una poblaci\u00f3n inmigrante de 1 mill\u00f3n de personas (el 15,52% de la poblaci\u00f3n, s\u00f3lo en la ciudad de Madrid), la gran mayor\u00eda sin derechos pol\u00edticos y que constituye el 20% de la fuerza laboral. Esta suerte de \u201capartheid\u201d pol\u00edtico y social, que deja sin derechos pol\u00edticos a una parte sustancial de la clase obrera, facilita una mayor\u00eda de la derecha,\u00a0 igual que ocurre en otras zonas del Estado como en las \u00e1reas hortofrut\u00edcolas de Andaluc\u00eda y Murcia.<\/p>\n<p>En todo este tiempo, la izquierda s\u00f3lo pudo ganar ajustadamente en las elecciones regionales de mayo de 2003, e imprevistamente en las legislativas de 2004, tras los atentados de Al Qaeda en Madrid. Tambi\u00e9n lo hizo en 2015, donde el escaso 4,16% que sac\u00f3 IU en ese momento le impidi\u00f3 acceder al parlamento, frustrando una mayor\u00eda parlamentaria de la izquierda.<\/p>\n<p>Es decir, s\u00f3lo en momentos de grandes conmociones sociales y pol\u00edticas, como en 2004 y 2015, donde la derecha qued\u00f3 muy desacreditada, pudo la izquierda ganar o acercarse decisivamente a la victoria, arrastrando a un sector de las capas medias a su alrededor.<\/p>\n<p>Pero esto no explica todo.<\/p>\n<h3><span style=\"color: #800000;\"><strong>\u00bfPor qu\u00e9 gan\u00f3 la derecha?<\/strong><\/span><\/h3>\n<p>\u00bfC\u00f3mo es posible que una persona tan insustancial, insensible y limitada intelectualmente como D\u00edaz Ayuso,\u00a0 haya podido conseguir un resultado como \u00e9ste?<\/p>\n<p>Hay varias razones. Como se dijo, el debate en torno a su nefasta gesti\u00f3n qued\u00f3 en un tercer plano a ra\u00edz de\u00a0<a href=\"http:\/\/luchadeclases.org\/estado-espanol\/61-analisis-politico\/3755-provocacion-ultraderechista-y-represion-policial-en-vallecas-para-ganar-en-madrid-hay-que-plantar-cara-a-la-reaccion.html\" target=\"_blank\" rel=\"noopener\">las provocaciones de Vox en Vallecas<\/a>\u00a0y en el debate radiof\u00f3nico de la Cadena SER, y el posterior\u00a0<a href=\"http:\/\/luchadeclases.org\/estado-espanol\/61-analisis-politico\/3784-responder-a-las-amenazas-de-la-extrema-derecha-con-la-movilizacion-de-la-clase-obrera.html\" target=\"_blank\" rel=\"noopener\">env\u00edo de cartas con amenazas de muerte<\/a>.<\/p>\n<p>Las derechas recurrieron a todos los trucos para ensuciar la campa\u00f1a y agitar el fantasma de la violencia, como la mejor manera de movilizar a su base social, as\u00ed como para cuestionar la veracidad de las amenazas de muerte.<\/p>\n<p>El candidato del PSOE, Gabilondo, se instal\u00f3 en una c\u00f3moda equidistancia, como la derecha, diciendo que hab\u00eda que denunciar \u201ctodos\u201d los casos de violencia, favoreciendo la criminalizaci\u00f3n de los vecinos de Vallecas, que fueron golpeados salvajemente por la polic\u00eda y criminalizados vergonzosamente por los medios de comunicaci\u00f3n, haciendo aparecer a Vox y a la derecha como v\u00edctimas.<\/p>\n<p>La respuesta a esto de Iglesias, insistiendo en la dicotom\u00eda \u00abDemocracia frente a Fascismo\u00bb no tuvo el impacto que esperaba. Palabras vac\u00edas, como \u201cdemocracia\u201d y \u201cfascismo\u201d no significan nada en s\u00ed mismas para la gente com\u00fan, hay que llenarlas con un contenido de clase. En primer lugar fue incorrecto hablar de peligro de \u201cfascismo\u201d, exagerando la fuerza de Vox, y que implicar\u00eda un movimiento de masas dirigido a aplastar al movimiento obrero,\u00a0 para el cual no existen las fuerzas sociales actualmente.<\/p>\n<p>En general, la gente se muestra esc\u00e9ptica ante la \u201cdemocracia\u201d y sus leyes. \u00bfNo es acaso con\u00a0 la \u201cdemocracia\u201d que se cierran empresas, hay desempleo, suben los alquileres y la luz, o se gestiona de manera criminal la actual pandemia de Covid-19? En lugar de llamar a depositar confianza en la Constituci\u00f3n y las leyes, como hizo Iglesias, se deb\u00eda denunciar su hipocres\u00eda y sus mentiras, y explicar la necesidad de que los recursos est\u00e9n en manos del pueblo, gestionados democr\u00e1ticamente, para comenzar a resolver los problemas sociales.<\/p>\n<p>Por cierto, \u00bfno eligi\u00f3 \u201cdemocr\u00e1ticamente\u201d la clase obrera \u00a0al gobierno PSOE-UP hace a\u00f1o y medio para que derogara la reforma laboral y la ley mordaza, redujera los alquileres, impidiera los aumentos abusivos de la luz, aumentara los impuestos a los ricos, impidiera a las empresas con beneficios despedir a trabajadores, y obligara a la Iglesia a pagar impuestos? Nada de esto se hizo. Al final result\u00f3 ser verdad esa afirmaci\u00f3n que Iglesias sol\u00eda pronunciar en la oposici\u00f3n cuando denunciaba que independientemente del gobierno de turno las decisiones fundamentales las tomaba el poder econ\u00f3mico desde sus despachos, y \u00e9l y Unidas Podemos han tenido que \u201ctragar\u201d con esto como parte del gobierno. Entonces \u00bfpor qu\u00e9 deber\u00edan las familias trabajadoras confiar en esta \u201cdemocracia\u201d? No debe extra\u00f1ar que el cretinismo institucionalista de Iglesias provoque encogimiento de hombros en decenas de miles de familias trabajadoras.<\/p>\n<p>As\u00ed ocurre tambi\u00e9n con la gesti\u00f3n de este gobierno. Iglesias y la ministra de trabajo, Yolanda D\u00edaz, consideran los ERTES la octava maravilla del mundo, pero en los hechos supone una reducci\u00f3n del 30% del salario para los trabajadores afectados. Para peor, entre las propuestas que el gobierno ha girado a la Uni\u00f3n Europea para cuadrar el d\u00e9ficit p\u00fablico por la enorme deuda acumulada, a cambio de recibir los 140.000 millones de euros prometidos, est\u00e1n\u00a0<a href=\"http:\/\/luchadeclases.org\/estado-espanol\/61-analisis-politico\/3770-hay-que-responder-al-ataque-que-prepara-el-ministro-escriva-contra-las-pensiones-y-los-derechos-de-los-trabajadores.html\">el posible alargamiento de la edad de jubilaci\u00f3n<\/a>, el cobro de peajes por utilizar las autov\u00edas y, como se filtr\u00f3 en la jornada de reflexi\u00f3n, eliminar las deducciones en el IRPF a las declaraciones conjuntas de matrimonios y parejas de hecho. La derecha no pod\u00eda esperar un regalito mejor la v\u00edspera de las elecciones para agitar su demagogia contra el gobierno \u00absocial-comunista\u00bb.<\/p>\n<p>Sin ofrecer una alternativa a la dram\u00e1tica situaci\u00f3n social por parte de PSOE y UP, Ayuso lo tuvo f\u00e1cil para su discurso demag\u00f3gico a favor de \u201cabrir la econom\u00eda\u201d. Para decenas de miles de trabajadores precarios y de servicios, pasivos pol\u00edticamente, por no hablar de los miles de peque\u00f1os propietarios de bares, tiendas y comercios, esa era al menos una propuesta concreta que les daba alguna certidumbre. La peque\u00f1a burgues\u00eda, los peque\u00f1os propietarios, trabajadores desesperados, en \u00e9pocas de crisis y de incertidumbre como la actual, est\u00e1n prestos a creer en los poderes milagrosos de personajes como Ayuso. Les auguramos un duro desenga\u00f1o.<\/p>\n<p>Vemos aqu\u00ed c\u00f3mo la gesti\u00f3n de la crisis del capitalismo, con sus pol\u00edticas de medias tintas, de no tocar los intereses de los ricos, de enfriar expectativas, de no resolver los problemas sociales, y de hacer pagar la crisis a las familias trabajadoras, pavimenta siempre \u00a0el camino para la vuelta de la derecha al gobierno.<\/p>\n<p>Y en todo este contexto \u00bfqu\u00e9 ha sido de Alberto Garz\u00f3n, m\u00e1ximo dirigente de IU? Apenas tom\u00f3 la palabra en un mitin. Ni siquiera tiene una agenda activa dentro del gobierno. \u00c9l tampoco puede escapar a la responsabilidad de este resultado.<\/p>\n<p>\u00bfY qu\u00e9 decir del lado del PSOE? Para empezar present\u00f3 un candidato gris, impuesto por el aparato, como Gabilondo, incapaz de transmitir ninguna emoci\u00f3n y ausente durante seis a\u00f1os en la oposici\u00f3n a la derecha, primero con Cristina Cifuentes y despu\u00e9s con D\u00edaz Ayuso. Era claramente una apuesta perdedora. En sus oportunistas c\u00e1lculos electorales, la direcci\u00f3n socialista hab\u00eda apostado por dirigir gui\u00f1os a la base social de la derecha declarando que no pactar\u00edan con Pablo Iglesias y que no subir\u00eda los impuestos a los ricos. Esto dejaba perpleja y desorientada a la base de la izquierda nada m\u00e1s comenzar la campa\u00f1a. Para una mala copia de la derecha, ya estaba el original de Ayuso. El intento desesperado por\u00a0tratar\u00a0de alinear a Gabilondo en la izquierda, sum\u00e1ndolo a la denuncia del \u00abfascismo\u00bb lleg\u00f3 mal y tarde.<\/p>\n<p>En realidad, la direcci\u00f3n socialista nunca crey\u00f3 en la victoria. Ha sido escandaloso que S\u00e1nchez, para evitar ser identificado con un Gabilondo derrotado, dejara a \u00e9ste abandonado y no participara sino espor\u00e1dicamente en la campa\u00f1a electoral, cuando su obligaci\u00f3n era tratar de galvanizar a su base social como m\u00e1ximo referente del partido. Pero eso no le va a salvar del descr\u00e9dito.<\/p>\n<p>La candidata de M\u00e1s Madrid, M\u00f3nica Garc\u00eda, fue quien menos sufri\u00f3. Es cierto que representaba a una fuerza ya instalada y conocida, aunque segu\u00eda siendo vista como nueva. Mejor\u00f3 en votos y en porcentaje respecto a las elecciones regionales de 2019, y consigui\u00f3 sobrepasar al PSOE, que obtuvo el peor resultado de su historia en Madrid. Ella se benefici\u00f3 de aparecer como una figura nueva, fresca, sin ataduras con el pasado, y por haber tenido en los meses previos a las elecciones un protagonismo en la oposici\u00f3n a Ayuso mucho m\u00e1s destacado que Gabilondo. Agrup\u00f3 el \u00abvoto \u00fatil\u00bb a la izquierda del PSOE en la medida que aparec\u00eda como la opci\u00f3n de izquierdas con m\u00e1s posibilidades de disputar la victoria a Ayuso, dado el poco atractivo que despertaba Gabilondo, Siendo m\u00e9dica de profesi\u00f3n pudo aparecer tambi\u00e9n como alguien cercana a la gente de la calle. Pero no nos enga\u00f1emos, M\u00e1s Madrid, como M\u00e1s Pa\u00eds, de \u00cd\u00f1igo Errej\u00f3n, est\u00e1 a la derecha de Unidas Podemos, no se compromete en temas \u201cespinosos\u201d (Monarqu\u00eda, Catalunya, Deuda, Bancos) y los medios de comunicaci\u00f3n han preferido elevar su perfil y tratarla con simpat\u00eda contra Unidas Podemos y Pablo Iglesias, al que consideraban un enemigo mucho m\u00e1s peligroso. Por otro lado, M\u00e1s Madrid se beneficia de aparecer en la oposici\u00f3n tanto en Madrid como ante el gobierno central.<\/p>\n<h3><span style=\"color: #800000;\"><strong>Unidas Podemos, de fracaso en fracaso<\/strong><\/span><\/h3>\n<p>En Madrid se ha repetido lo ocurrido en Catalunya, Galicia y Euskadi. Hace 5 a\u00f1os, Unidas Podemos tuvo su mayor \u00e9xito en estos territorios. En Catalunya y Euskadi fue la fuerza m\u00e1s votada. En Galicia y Madrid fue la fuerza m\u00e1s votada de la izquierda, sobre pasando al PSOE. Ahora, ha sido relegada al 4\u00ba o 5\u00ba lugar en todas estas comunidades, con alrededor del 7%-10%, o ha desaparecido completamente en el caso de Galicia. Ha sido superada sin excepci\u00f3n por fuerzas de izquierda que aparec\u00edan m\u00e1s radicales (Bildu, BNG) o m\u00e1s frescas y nuevas (M\u00e1s Madrid).<\/p>\n<p>Y esto no es casual. De presentarse como impugnadora del R\u00e9gimen del 78 y denunciar al aparato del PSOE como parte del mismo, proponi\u00e9ndose desbancarlo, ha pasado a adularlo y a considerarse una fuerza subalterna al primero, arrastr\u00e1ndose ante \u00e9l para implorar un lugar en su gobierno, tirando por la borda su programa y cualquier acci\u00f3n reivindicativa en la calle. Para Iglesias esto era el\u00a0<em>Sumun<\/em>\u00a0de la t\u00e1ctica y la sabidur\u00eda en pol\u00edtica. Al final, se ha convertido en su tumba pol\u00edtica. Unidas Podemos es vista ahora como parte del r\u00e9gimen, como su ala izquierda, pero parte al fin y al cabo, con su reivindicaci\u00f3n empalagosa y enfermiza de la Constituci\u00f3n, la ley y el orden. Para una mala copia del reformismo socialdem\u00f3crata, ya est\u00e1 el PSOE. Como parte del gobierno, reclama la derogaci\u00f3n de la reforma laboral, reducir los alquileres y el precio de la luz. Pero como parte del gobierno, se niega a movilizar de manera independiente en la calle para no ser \u00abdesleal\u00bb con su socio mayoritario de gobierno. De esta manera, se duplica su impotencia dentro del gobierno. Ni puede cambiar la pol\u00edtica impuesta por el PSOE ni puede movilizar contra ella. El escepticismo que genera se traduce en una p\u00e9rdida cada vez mayor de apoyo electoral.<\/p>\n<h3><span style=\"color: #800000;\"><strong>El fracaso del cretinismo institucionalista<\/strong><\/span><\/h3>\n<p>Lo que ha fracasado en Madrid ha sido una pol\u00edtica de cretinismo institucionalista, con Unidas Podemos yendo a rebufo del aparato del PSOE quien a su vez va a rebufo del gran capital.\u00a0<a href=\"http:\/\/luchadeclases.org\/estado-espanol\/61-analisis-politico\/3725-el-efecto-mariposa-y-las-elecciones-de-madrid.html\" target=\"_blank\" rel=\"noopener\">Como ya explicamos en otra ocasi\u00f3n<\/a>, la gran oportunidad se perdi\u00f3 el oto\u00f1o pasado, cuando los barrios del sur de Madrid se levantaron contra la ca\u00f3tica y clasista pol\u00edtica sanitaria y de confinamiento de Ayuso, que estaba completamente desacreditada entonces, y los dirigentes de PSOE-UP y de los sindicatos CCOO y UGT, se negaron a convocar una huelga general en la comunidad de Madrid. Era el momento de que el movimiento obrero se pusiera a la cabeza con una gran demostraci\u00f3n de fuerza, mostrando una salida, con la posibilidad de escindir a un sector considerable de la clase media de la derecha. Eso habr\u00eda precipitado la convocatoria de\u00a0 elecciones anticipadas con grandes posibilidades para la izquierda.<\/p>\n<p>Por otro lado, el potente movimiento vecinal de Madrid, donde IU y PSOE tienen influencia, no volvi\u00f3 a aparecer en escena desde el oto\u00f1o.<\/p>\n<p>Otra oportunidad se perdi\u00f3 la semana antes de las elecciones cuando Iglesias y ministros y cargos socialistas recibieron las cartas amenazantes que indudablemente impactaron en la opini\u00f3n p\u00fablica. PSOE y UP deb\u00edan haber convocado una manifestaci\u00f3n masiva en Madrid de repulsa de manera inmediata, sacudi\u00e9ndose sus prejuicios y temores por encontrarse en plena campa\u00f1a electoral. La derecha no se para en esas tonter\u00edas. Justamente, atrae a la peque\u00f1a burgues\u00eda porque no vacila, no especula, ofrece siempre una direcci\u00f3n firme y clara; que es lo que siempre le ha faltado a la izquierda reformista. Tal manifestaci\u00f3n habr\u00eda tenido un \u00e9xito indudable, creando una atm\u00f3sfera de simpat\u00eda hacia la izquierda, mostrando las sucias bases de apoyo que sostienen a la derecha. Lamentablemente, se dej\u00f3 pasar la ocasi\u00f3n y se permiti\u00f3 que la derecha y el aparato del estado maniobraran para quitar importancia al asunto, incluyendo la aparici\u00f3n sospechosa de una carta, nunca suficientemente aclarada, que amenazaba a Ayuso y que probablemente fue fabricada por la polic\u00eda para \u201cvictimizar\u201d a Ayuso y contrarrestar la simpat\u00eda espont\u00e1nea que suscitaron Iglesias y Grande-Marlaska en una parte de la poblaci\u00f3n.<\/p>\n<p>En todo este contexto, no es f\u00e1cil apreciar el impacto que ha tenido el hecho de que las elecciones se celebraran en un d\u00eda laborable, aunque parece que no ha tenido un efecto decisivo.<\/p>\n<h3><span style=\"color: #800000;\"><strong>La dimisi\u00f3n de Pablo Iglesias<\/strong><\/span><\/h3>\n<p>Aunque la decisi\u00f3n de Pablo Iglesias de abandonar el gobierno y presentarse como candidato de Unidas Podemos, fue clave para darle un dinamismo y un dramatismo a la campa\u00f1a, al final no tuvo el efecto deseado. La derecha lo utiliz\u00f3 para llevar al extremo el histerismo de su base social e introducir una perspectiva de caos en un sector del electorado obrero si la izquierda ganaba, en la sucia campa\u00f1a que ha desplegado.\u00a0 Lo que ha quedado claro es que Iglesias sobreestim\u00f3 su ascendiente sobre la clase obrera madrile\u00f1a y un sector de la clase media, en el momento actual. Fatalmente, perdi\u00f3 el tir\u00f3n irresistible que ten\u00eda a\u00f1os atr\u00e1s. Ha pagado el precio de sus continuos zig-zags a izquierda y derecha. Los golpes de efecto no pueden sustituir una pol\u00edtica y un programa claro. Le falt\u00f3 confianza en la clase obrera y le sobr\u00f3 tacticismo y afici\u00f3n por las\u00a0 maniobras pol\u00edticas que frecuentemente tomaban desprevenida a su base social.<\/p>\n<p>La participaci\u00f3n de UP en el gobierno central ha sido fatal, como ya anticipamos. En la oposici\u00f3n, sin ataduras, pod\u00eda haber demostrado su utilidad y se\u00f1alar un horizonte y unas expectativas, denunciando valientemente los entresijos del sistema. Agotadas las expectativas que despertaba en provocar un cambio radical en las condiciones de vida y en la sociedad \u2013 las causas de su extraordinario impacto en las familias trabajadoras hace 7 a\u00f1os \u2013 su destino estaba sellado. Cierto es que ha sufrido una persecuci\u00f3n y un acoso criminal y despiadado por parte del r\u00e9gimen, empe\u00f1ado en desgastar y destruir f\u00edsica y ps\u00edquicamente al que quiz\u00e1s ha sido el dirigente de izquierda m\u00e1s capaz y elocuente desde la Transici\u00f3n. Pero enfrentado al gran capital y a un aparato de Estado franquista y despiadado, ni la elocuencia ni la capacidad m\u00e1s descollantes pueden sustituir las \u00fanicas herramientas capaces de derrotarlos: las\u00a0 ideas y el programa del socialismo internacional, y la confianza en la clase trabajadora.<\/p>\n<p>En realidad, la pol\u00edtica de Iglesias ha estado alejada mil a\u00f1os luz de lo que debe ser una verdadera pol\u00edtica marxista. En lugar de basarse en la clase obrera, de inculcarle la idea de que su emancipaci\u00f3n debe ser obra de ella misma, de animarla a improvisar sus propios organismos de poder, de abrir las puertas de Podemos a los verdaderos luchadores de clase y activistas de movimientos sociales, estuvo ocupado \u2013junto a \u00cd\u00f1igo Errej\u00f3n en un principio \u2013 en marginar a todos los elementos independientes e izquierdistas del movimiento que escapaban a su control, se cercen\u00f3 la democracia interna, se depuso y se nombr\u00f3 a dedo a cuanto dirigente regional o local se se\u00f1alaba en funci\u00f3n de su asentimiento o pol\u00e9mica (por peque\u00f1a o grande que fuera). Candidatos elegidos a dedo por \u00e9l, como Carmena y Errej\u00f3n, terminaron traicionando al movimiento. Ahora, nuevamente, sin un congreso, sin un debate interno, sin programas, sin que la base tenga nada que decir, designa a dedo de la manera m\u00e1s \u201ccaudillesca\u201d imaginable a su \u201csucesora\u201d, la ministra de trabajo Yolanda D\u00edaz, claramente situada a su derecha.<\/p>\n<p>La forma en que Pablo Iglesias\u00a0 ha decido marcharse no ha podido ser planteada de la peor manera y s\u00f3lo puede tener un efecto desmoralizador en miles de activistas obreros y de izquierdas. En lugar de haber hecho un balance cr\u00edtico de sus acciones, lo ha planteado en t\u00e9rminos personales: \u201cno quiero polarizar\u201d, \u201cno quiero ser un chivo expiatorio de la derecha\u201d, \u00abno quiero servir para aglutinar a la reacci\u00f3n\u00bb, etc. \u00bfQu\u00e9 debe pensarse de lo afirmado por Iglesias: que el problema es que ha sido demasiado izquierdista, que ha ido demasiado lejos en su oposici\u00f3n al r\u00e9gimen? La conclusi\u00f3n que pueden sacar muchos de sus partidarios es clara: hay que girar a la moderaci\u00f3n, no molestar en temas sensibles, no molestar\u00a0 a la Corona, integrarse m\u00e1s abiertamente al r\u00e9gimen.<\/p>\n<p>Se va Iglesias. Para m\u00e9rito suyo fue\u00a0 el hombre que hizo vibrar a millones de hombres y mujeres de la clase trabajadora, el que sembr\u00f3 el p\u00e1nico en la burgues\u00eda de este pa\u00eds y que hasta el \u00faltimo d\u00eda le ha provocado pesadillas por se\u00f1alar la dictadura que ejercen los banqueros y grandes empresarios y la corrupci\u00f3n de la monarqu\u00eda, y levantar la bandera de la Rep\u00fablica. No podemos saber si esta marcha de Iglesias del primer plano de la actividad pol\u00edtica ser\u00e1 definitiva o solamente temporal. Pero la tarea principal sigue siendo la construcci\u00f3n de una corriente marxista de masas, democr\u00e1ticamente estructurada, no basada en una sola persona, sino en el programa revolucionario del marxismo y en la movilizaci\u00f3n activa de la clase trabajadora y dem\u00e1s sectores oprimidos.<\/p>\n<h3><span style=\"color: #800000;\"><strong>Perspectivas<\/strong><\/span><\/h3>\n<p>A corto plazo, la derecha va a estar borracha de arrogancia y prepotencia. Se incrementar\u00e1n las conspiraciones del aparato del Estado y la insolencia de la patronal para acelerar el desgaste y la ca\u00edda del gobierno.<\/p>\n<p>Probablemente, S\u00e1nchez y sus consejeros sacar\u00e1n la conclusi\u00f3n de que fueron demasiado lejos hacia la izquierda; cuando de hecho fue todo lo contrario. Profundizar\u00e1n su pol\u00edtica de colaboraci\u00f3n de clase y de giro a la derecha. No es imaginable que los actuales ministros de Unidas Podemos presenten la misma resistencia a los incumplimientos del acuerdo de gobierno PSOE-UP que presentaba Iglesias.<\/p>\n<p>Igual que ocurri\u00f3 con Gaspar Llamazares cuando sustituy\u00f3 al \u201cizquierdista\u201d Anguita, mucho nos tememos que la sustituci\u00f3n del \u201cizquierdista\u201d Iglesias por Yolanda D\u00edaz al frente de UP implicar\u00e1 un giro a la derecha y a la moderaci\u00f3n en esta organizaci\u00f3n. Esto s\u00f3lo traer\u00e1 m\u00e1s p\u00e9rdidas de apoyo social y electoral.<\/p>\n<p>Nos encontramos en un momento de transici\u00f3n. Desprovisto de referentes pol\u00edticos claros, las capas m\u00e1s activas de la clase, que desconf\u00edan y odian a la derecha, s\u00f3lo tendr\u00e1n la opci\u00f3n de levantar de nuevo el estandarte de la lucha.<\/p>\n<p>Las elecciones solo son un mecanismo que, cada cierto tiempo, mide el estado de \u00e1nimo y de madurez pol\u00edtica de las clases y capas oprimidas en un instante determinado, y en condiciones concretas de tiempo y lugar. Pero la lucha de clases es din\u00e1mica, los acontecimientos se suceden d\u00eda a d\u00eda, asuntos imprevistos golpean fuertemente en la conciencia y provocan cambios r\u00e1pidos en la perspectiva de todas las clases; partidos y dirigentes surgen y desaparecen, suben y bajan cuando son puestos a prueba, el cabreo y la frustraci\u00f3n siguen acumul\u00e1ndose, y las provocaciones y payasadas reaccionarias de la ultraderecha, que sigue sin poder asentarse en los barrios obreros, pueden desatar una respuesta airada en la clase. Lo que hemos visto en Madrid es una alianza temporal e inestable entre la peque\u00f1a burgues\u00eda (peque\u00f1os propietarios, profesionales, etc.), una capa acomodada de trabajadores y sectores atrasados la clase obrera, que tratan de hacer pie en medio del torbellino de esta crisis colosal por la que vivimos, dispuestos a creer en milagreros sociales. Tendr\u00e1n un duro despertar. Y eso preparar\u00e1 tarde o temprano un giro a la izquierda en todas estas capas.<\/p>\n<p>Lo m\u00e1s importante, miles de j\u00f3venes y trabajadores han podido ver las limitaciones de las pol\u00edticas reformistas para solucionar los problemas sociales. El incremento en el inter\u00e9s por una alternativa revolucionaria integral al sistema se har\u00e1 cada vez m\u00e1s patente. La necesidad de una corriente marxista revolucionaria enraizada en la clase trabajadora y la juventud es m\u00e1s acuciante que nunca. No hay tiempo que perder, si est\u00e1s de acuerdo con esta perspectiva \u00fanete a nosotros.<\/p>\n<\/section>\n","protected":false},"excerpt":{"rendered":"<p>La izquierda ha sufrido una dur\u00edsima derrota en Madrid. Quien fuera se\u00f1alado estos a\u00f1os por la reacci\u00f3n como el enemigo p\u00fablico n\u00famero uno del r\u00e9gimen, Pablo Iglesias, abandona todos sus cargos pol\u00edticos. La derecha festeja por todo lo alto e incrementar\u00e1 su arrogancia. La militancia de izquierda debe sacar las lecciones de todo esto. Como&#8230;<\/p>\n","protected":false},"author":48,"featured_media":10731,"comment_status":"open","ping_status":"open","sticky":false,"template":"","format":"standard","meta":{"_monsterinsights_skip_tracking":false,"_monsterinsights_sitenote_active":false,"_monsterinsights_sitenote_note":"","_monsterinsights_sitenote_category":0,"_uf_show_specific_survey":0,"_uf_disable_surveys":false,"_jetpack_memberships_contains_paid_content":false,"footnotes":""},"categories":[32,537],"tags":[1514,1262,266,1513,468],"class_list":["post-10730","post","type-post","status-publish","format-standard","has-post-thumbnail","hentry","category-estado-espanol","category-principales","tag-dimision-iglesias","tag-madrid","tag-psoe","tag-unidas-podemos","tag-vox"],"aioseo_notices":[],"yoast_head":"<!-- This site is optimized with the Yoast SEO plugin v25.6 - https:\/\/yoast.com\/wordpress\/plugins\/seo\/ -->\n<title>Lecciones de Madrid \u2013 La derecha barre, el PSOE se hunde e Iglesias dimite<\/title>\n<meta name=\"robots\" content=\"index, follow, max-snippet:-1, max-image-preview:large, max-video-preview:-1\" \/>\n<link rel=\"canonical\" href=\"https:\/\/elcomunista.org\/?p=10730\" \/>\n<meta property=\"og:locale\" content=\"es_ES\" \/>\n<meta property=\"og:type\" content=\"article\" \/>\n<meta property=\"og:title\" content=\"Lecciones de Madrid \u2013 La derecha barre, el PSOE se hunde e Iglesias dimite\" \/>\n<meta property=\"og:description\" content=\"La izquierda ha sufrido una dur\u00edsima derrota en Madrid. Quien fuera se\u00f1alado estos a\u00f1os por la reacci\u00f3n como el enemigo p\u00fablico n\u00famero uno del r\u00e9gimen, Pablo Iglesias, abandona todos sus cargos pol\u00edticos. La derecha festeja por todo lo alto e incrementar\u00e1 su arrogancia. La militancia de izquierda debe sacar las lecciones de todo esto. Como...\" \/>\n<meta property=\"og:url\" content=\"https:\/\/elcomunista.org\/?p=10730\" \/>\n<meta property=\"og:site_name\" content=\"Revoluci\u00f3n Comunista\" \/>\n<meta property=\"article:publisher\" content=\"https:\/\/www.facebook.com\/Bloquepopularjuvenil\" \/>\n<meta property=\"article:published_time\" content=\"2021-05-05T15:58:10+00:00\" \/>\n<meta property=\"og:image\" content=\"https:\/\/elcomunista.org\/wp-content\/uploads\/2021\/05\/Iglesias-dimision.jpg\" \/>\n\t<meta property=\"og:image:width\" content=\"763\" \/>\n\t<meta property=\"og:image:height\" content=\"388\" \/>\n\t<meta property=\"og:image:type\" content=\"image\/jpeg\" \/>\n<meta name=\"author\" content=\"Lucha de Clases - Estado Espa\u00f1ol\" \/>\n<meta name=\"twitter:card\" content=\"summary_large_image\" \/>\n<meta name=\"twitter:creator\" content=\"@ElBPJ\" \/>\n<meta name=\"twitter:site\" content=\"@ElBPJ\" \/>\n<meta name=\"twitter:label1\" content=\"Escrito por\" \/>\n\t<meta name=\"twitter:data1\" content=\"Lucha de Clases - Estado Espa\u00f1ol\" \/>\n\t<meta name=\"twitter:label2\" content=\"Tiempo de lectura\" \/>\n\t<meta name=\"twitter:data2\" content=\"18 minutos\" \/>\n<script type=\"application\/ld+json\" class=\"yoast-schema-graph\">{\"@context\":\"https:\/\/schema.org\",\"@graph\":[{\"@type\":\"Article\",\"@id\":\"https:\/\/elcomunista.org\/?p=10730#article\",\"isPartOf\":{\"@id\":\"https:\/\/elcomunista.org\/?p=10730\"},\"author\":{\"name\":\"Lucha de Clases - Estado Espa\u00f1ol\",\"@id\":\"https:\/\/elcomunista.org\/#\/schema\/person\/d4ccce059b2bb47c44201716573d372e\"},\"headline\":\"Lecciones de Madrid \u2013 La derecha barre, el PSOE se hunde e Iglesias dimite\",\"datePublished\":\"2021-05-05T15:58:10+00:00\",\"mainEntityOfPage\":{\"@id\":\"https:\/\/elcomunista.org\/?p=10730\"},\"wordCount\":4196,\"commentCount\":0,\"publisher\":{\"@id\":\"https:\/\/elcomunista.org\/#organization\"},\"image\":{\"@id\":\"https:\/\/elcomunista.org\/?p=10730#primaryimage\"},\"thumbnailUrl\":\"https:\/\/elcomunista.org\/wp-content\/uploads\/2021\/05\/Iglesias-dimision.jpg\",\"keywords\":[\"Dimisi\u00f3n Iglesias\",\"Madrid\",\"PSOE\",\"Unidas Podemos\",\"Vox\"],\"articleSection\":[\"Estado Espa\u00f1ol\",\"Principales\"],\"inLanguage\":\"es\",\"potentialAction\":[{\"@type\":\"CommentAction\",\"name\":\"Comment\",\"target\":[\"https:\/\/elcomunista.org\/?p=10730#respond\"]}]},{\"@type\":\"WebPage\",\"@id\":\"https:\/\/elcomunista.org\/?p=10730\",\"url\":\"https:\/\/elcomunista.org\/?p=10730\",\"name\":\"Lecciones de Madrid \u2013 La derecha barre, el PSOE se hunde e Iglesias dimite\",\"isPartOf\":{\"@id\":\"https:\/\/elcomunista.org\/#website\"},\"primaryImageOfPage\":{\"@id\":\"https:\/\/elcomunista.org\/?p=10730#primaryimage\"},\"image\":{\"@id\":\"https:\/\/elcomunista.org\/?p=10730#primaryimage\"},\"thumbnailUrl\":\"https:\/\/elcomunista.org\/wp-content\/uploads\/2021\/05\/Iglesias-dimision.jpg\",\"datePublished\":\"2021-05-05T15:58:10+00:00\",\"breadcrumb\":{\"@id\":\"https:\/\/elcomunista.org\/?p=10730#breadcrumb\"},\"inLanguage\":\"es\",\"potentialAction\":[{\"@type\":\"ReadAction\",\"target\":[\"https:\/\/elcomunista.org\/?p=10730\"]}]},{\"@type\":\"ImageObject\",\"inLanguage\":\"es\",\"@id\":\"https:\/\/elcomunista.org\/?p=10730#primaryimage\",\"url\":\"https:\/\/elcomunista.org\/wp-content\/uploads\/2021\/05\/Iglesias-dimision.jpg\",\"contentUrl\":\"https:\/\/elcomunista.org\/wp-content\/uploads\/2021\/05\/Iglesias-dimision.jpg\",\"width\":763,\"height\":388},{\"@type\":\"BreadcrumbList\",\"@id\":\"https:\/\/elcomunista.org\/?p=10730#breadcrumb\",\"itemListElement\":[{\"@type\":\"ListItem\",\"position\":1,\"name\":\"Portada\",\"item\":\"https:\/\/elcomunista.org\/\"},{\"@type\":\"ListItem\",\"position\":2,\"name\":\"Lecciones de Madrid \u2013 La derecha barre, el PSOE se hunde e Iglesias dimite\"}]},{\"@type\":\"WebSite\",\"@id\":\"https:\/\/elcomunista.org\/#website\",\"url\":\"https:\/\/elcomunista.org\/\",\"name\":\"Revoluci\u00f3n Comunista\",\"description\":\"Internacional Comunista Revolucionaria\",\"publisher\":{\"@id\":\"https:\/\/elcomunista.org\/#organization\"},\"potentialAction\":[{\"@type\":\"SearchAction\",\"target\":{\"@type\":\"EntryPoint\",\"urlTemplate\":\"https:\/\/elcomunista.org\/?s={search_term_string}\"},\"query-input\":{\"@type\":\"PropertyValueSpecification\",\"valueRequired\":true,\"valueName\":\"search_term_string\"}}],\"inLanguage\":\"es\"},{\"@type\":\"Organization\",\"@id\":\"https:\/\/elcomunista.org\/#organization\",\"name\":\"Bloque Popular Juvenil\",\"url\":\"https:\/\/elcomunista.org\/\",\"logo\":{\"@type\":\"ImageObject\",\"inLanguage\":\"es\",\"@id\":\"https:\/\/elcomunista.org\/#\/schema\/logo\/image\/\",\"url\":\"https:\/\/bloquepopularjuvenil.org\/wp-content\/uploads\/2018\/11\/bpj-militante.jpg\",\"contentUrl\":\"https:\/\/bloquepopularjuvenil.org\/wp-content\/uploads\/2018\/11\/bpj-militante.jpg\",\"width\":4000,\"height\":1390,\"caption\":\"Bloque Popular Juvenil\"},\"image\":{\"@id\":\"https:\/\/elcomunista.org\/#\/schema\/logo\/image\/\"},\"sameAs\":[\"https:\/\/www.facebook.com\/Bloquepopularjuvenil\",\"https:\/\/x.com\/ElBPJ\",\"https:\/\/www.instagram.com\/elbloque_bpj\/?hl=es-la\"]},{\"@type\":\"Person\",\"@id\":\"https:\/\/elcomunista.org\/#\/schema\/person\/d4ccce059b2bb47c44201716573d372e\",\"name\":\"Lucha de Clases - Estado Espa\u00f1ol\",\"image\":{\"@type\":\"ImageObject\",\"inLanguage\":\"es\",\"@id\":\"https:\/\/elcomunista.org\/#\/schema\/person\/image\/\",\"url\":\"https:\/\/secure.gravatar.com\/avatar\/36c26ab3d3a5d56e2eb0888027f46f73?s=96&d=mm&r=g\",\"contentUrl\":\"https:\/\/secure.gravatar.com\/avatar\/36c26ab3d3a5d56e2eb0888027f46f73?s=96&d=mm&r=g\",\"caption\":\"Lucha de Clases - Estado Espa\u00f1ol\"},\"url\":\"https:\/\/elcomunista.org\/?author=48\"}]}<\/script>\n<!-- \/ Yoast SEO plugin. -->","yoast_head_json":{"title":"Lecciones de Madrid \u2013 La derecha barre, el PSOE se hunde e Iglesias dimite","robots":{"index":"index","follow":"follow","max-snippet":"max-snippet:-1","max-image-preview":"max-image-preview:large","max-video-preview":"max-video-preview:-1"},"canonical":"https:\/\/elcomunista.org\/?p=10730","og_locale":"es_ES","og_type":"article","og_title":"Lecciones de Madrid \u2013 La derecha barre, el PSOE se hunde e Iglesias dimite","og_description":"La izquierda ha sufrido una dur\u00edsima derrota en Madrid. Quien fuera se\u00f1alado estos a\u00f1os por la reacci\u00f3n como el enemigo p\u00fablico n\u00famero uno del r\u00e9gimen, Pablo Iglesias, abandona todos sus cargos pol\u00edticos. La derecha festeja por todo lo alto e incrementar\u00e1 su arrogancia. La militancia de izquierda debe sacar las lecciones de todo esto. Como...","og_url":"https:\/\/elcomunista.org\/?p=10730","og_site_name":"Revoluci\u00f3n Comunista","article_publisher":"https:\/\/www.facebook.com\/Bloquepopularjuvenil","article_published_time":"2021-05-05T15:58:10+00:00","og_image":[{"width":763,"height":388,"url":"https:\/\/elcomunista.org\/wp-content\/uploads\/2021\/05\/Iglesias-dimision.jpg","type":"image\/jpeg"}],"author":"Lucha de Clases - Estado Espa\u00f1ol","twitter_card":"summary_large_image","twitter_creator":"@ElBPJ","twitter_site":"@ElBPJ","twitter_misc":{"Escrito por":"Lucha de Clases - Estado Espa\u00f1ol","Tiempo de lectura":"18 minutos"},"schema":{"@context":"https:\/\/schema.org","@graph":[{"@type":"Article","@id":"https:\/\/elcomunista.org\/?p=10730#article","isPartOf":{"@id":"https:\/\/elcomunista.org\/?p=10730"},"author":{"name":"Lucha de Clases - Estado Espa\u00f1ol","@id":"https:\/\/elcomunista.org\/#\/schema\/person\/d4ccce059b2bb47c44201716573d372e"},"headline":"Lecciones de Madrid \u2013 La derecha barre, el PSOE se hunde e Iglesias dimite","datePublished":"2021-05-05T15:58:10+00:00","mainEntityOfPage":{"@id":"https:\/\/elcomunista.org\/?p=10730"},"wordCount":4196,"commentCount":0,"publisher":{"@id":"https:\/\/elcomunista.org\/#organization"},"image":{"@id":"https:\/\/elcomunista.org\/?p=10730#primaryimage"},"thumbnailUrl":"https:\/\/elcomunista.org\/wp-content\/uploads\/2021\/05\/Iglesias-dimision.jpg","keywords":["Dimisi\u00f3n Iglesias","Madrid","PSOE","Unidas Podemos","Vox"],"articleSection":["Estado Espa\u00f1ol","Principales"],"inLanguage":"es","potentialAction":[{"@type":"CommentAction","name":"Comment","target":["https:\/\/elcomunista.org\/?p=10730#respond"]}]},{"@type":"WebPage","@id":"https:\/\/elcomunista.org\/?p=10730","url":"https:\/\/elcomunista.org\/?p=10730","name":"Lecciones de Madrid \u2013 La derecha barre, el PSOE se hunde e Iglesias dimite","isPartOf":{"@id":"https:\/\/elcomunista.org\/#website"},"primaryImageOfPage":{"@id":"https:\/\/elcomunista.org\/?p=10730#primaryimage"},"image":{"@id":"https:\/\/elcomunista.org\/?p=10730#primaryimage"},"thumbnailUrl":"https:\/\/elcomunista.org\/wp-content\/uploads\/2021\/05\/Iglesias-dimision.jpg","datePublished":"2021-05-05T15:58:10+00:00","breadcrumb":{"@id":"https:\/\/elcomunista.org\/?p=10730#breadcrumb"},"inLanguage":"es","potentialAction":[{"@type":"ReadAction","target":["https:\/\/elcomunista.org\/?p=10730"]}]},{"@type":"ImageObject","inLanguage":"es","@id":"https:\/\/elcomunista.org\/?p=10730#primaryimage","url":"https:\/\/elcomunista.org\/wp-content\/uploads\/2021\/05\/Iglesias-dimision.jpg","contentUrl":"https:\/\/elcomunista.org\/wp-content\/uploads\/2021\/05\/Iglesias-dimision.jpg","width":763,"height":388},{"@type":"BreadcrumbList","@id":"https:\/\/elcomunista.org\/?p=10730#breadcrumb","itemListElement":[{"@type":"ListItem","position":1,"name":"Portada","item":"https:\/\/elcomunista.org\/"},{"@type":"ListItem","position":2,"name":"Lecciones de Madrid \u2013 La derecha barre, el PSOE se hunde e Iglesias dimite"}]},{"@type":"WebSite","@id":"https:\/\/elcomunista.org\/#website","url":"https:\/\/elcomunista.org\/","name":"Revoluci\u00f3n Comunista","description":"Internacional Comunista Revolucionaria","publisher":{"@id":"https:\/\/elcomunista.org\/#organization"},"potentialAction":[{"@type":"SearchAction","target":{"@type":"EntryPoint","urlTemplate":"https:\/\/elcomunista.org\/?s={search_term_string}"},"query-input":{"@type":"PropertyValueSpecification","valueRequired":true,"valueName":"search_term_string"}}],"inLanguage":"es"},{"@type":"Organization","@id":"https:\/\/elcomunista.org\/#organization","name":"Bloque Popular Juvenil","url":"https:\/\/elcomunista.org\/","logo":{"@type":"ImageObject","inLanguage":"es","@id":"https:\/\/elcomunista.org\/#\/schema\/logo\/image\/","url":"https:\/\/bloquepopularjuvenil.org\/wp-content\/uploads\/2018\/11\/bpj-militante.jpg","contentUrl":"https:\/\/bloquepopularjuvenil.org\/wp-content\/uploads\/2018\/11\/bpj-militante.jpg","width":4000,"height":1390,"caption":"Bloque Popular Juvenil"},"image":{"@id":"https:\/\/elcomunista.org\/#\/schema\/logo\/image\/"},"sameAs":["https:\/\/www.facebook.com\/Bloquepopularjuvenil","https:\/\/x.com\/ElBPJ","https:\/\/www.instagram.com\/elbloque_bpj\/?hl=es-la"]},{"@type":"Person","@id":"https:\/\/elcomunista.org\/#\/schema\/person\/d4ccce059b2bb47c44201716573d372e","name":"Lucha de Clases - Estado Espa\u00f1ol","image":{"@type":"ImageObject","inLanguage":"es","@id":"https:\/\/elcomunista.org\/#\/schema\/person\/image\/","url":"https:\/\/secure.gravatar.com\/avatar\/36c26ab3d3a5d56e2eb0888027f46f73?s=96&d=mm&r=g","contentUrl":"https:\/\/secure.gravatar.com\/avatar\/36c26ab3d3a5d56e2eb0888027f46f73?s=96&d=mm&r=g","caption":"Lucha de Clases - Estado Espa\u00f1ol"},"url":"https:\/\/elcomunista.org\/?author=48"}]}},"jetpack_featured_media_url":"https:\/\/elcomunista.org\/wp-content\/uploads\/2021\/05\/Iglesias-dimision.jpg","jetpack_likes_enabled":true,"jetpack_sharing_enabled":true,"_links":{"self":[{"href":"https:\/\/elcomunista.org\/index.php?rest_route=\/wp\/v2\/posts\/10730"}],"collection":[{"href":"https:\/\/elcomunista.org\/index.php?rest_route=\/wp\/v2\/posts"}],"about":[{"href":"https:\/\/elcomunista.org\/index.php?rest_route=\/wp\/v2\/types\/post"}],"author":[{"embeddable":true,"href":"https:\/\/elcomunista.org\/index.php?rest_route=\/wp\/v2\/users\/48"}],"replies":[{"embeddable":true,"href":"https:\/\/elcomunista.org\/index.php?rest_route=%2Fwp%2Fv2%2Fcomments&post=10730"}],"version-history":[{"count":0,"href":"https:\/\/elcomunista.org\/index.php?rest_route=\/wp\/v2\/posts\/10730\/revisions"}],"wp:featuredmedia":[{"embeddable":true,"href":"https:\/\/elcomunista.org\/index.php?rest_route=\/wp\/v2\/media\/10731"}],"wp:attachment":[{"href":"https:\/\/elcomunista.org\/index.php?rest_route=%2Fwp%2Fv2%2Fmedia&parent=10730"}],"wp:term":[{"taxonomy":"category","embeddable":true,"href":"https:\/\/elcomunista.org\/index.php?rest_route=%2Fwp%2Fv2%2Fcategories&post=10730"},{"taxonomy":"post_tag","embeddable":true,"href":"https:\/\/elcomunista.org\/index.php?rest_route=%2Fwp%2Fv2%2Ftags&post=10730"}],"curies":[{"name":"wp","href":"https:\/\/api.w.org\/{rel}","templated":true}]}}