{"id":10757,"date":"2021-05-11T11:50:46","date_gmt":"2021-05-11T17:50:46","guid":{"rendered":"http:\/\/bloquepopularjuvenil.org\/?p=10757"},"modified":"2021-05-11T11:50:46","modified_gmt":"2021-05-11T17:50:46","slug":"entrevista-a-una-joven-colombiana-sobre-el-paro-nacional","status":"publish","type":"post","link":"https:\/\/elcomunista.org\/?p=10757","title":{"rendered":"Entrevista a una joven colombiana sobre el Paro Nacional"},"content":{"rendered":"<p>Colombia est\u00e1 viviendo un estallido social sin precedentes. Ya han pasado 14 d\u00edas desde la proclamaci\u00f3n del Paro Nacional, con una brutal represi\u00f3n con cerca de cincuenta personas asesinadas, cientos de desaparecidos y heridos. Por tal motivo entrevistamos a una joven trabajadora colombiana residente en el Estado espa\u00f1ol para conocer sus impresiones sobre lo que sucede en su pa\u00eds.<\/p>\n<section class=\"article-content\">El pasado 28 de abril se iniciaba lo que ser\u00eda el primer d\u00eda de paro nacional en Colombia con motivo de la reforma tributaria anunciada por el gobierno de Iv\u00e1n Duque y que pretend\u00eda ingresar m\u00e1s de 6 mil millones de euros con el fin de reactivar la econom\u00eda, pero cuyo objetivo principal era el de satisfacer a la burgues\u00eda y tratar de subsanar los beneficios privados. Colombia ha tenido en abril su peor mes durante la pandemia batiendo r\u00e9cords de muertes diarias y alcanz\u00f3 la cifra de 10.000 fallecidos. La clase obrera colombiana sali\u00f3 a la calle en rechazo a la reforma tributaria con un aforo inmenso que llen\u00f3 las calles de decenas de municipios colombianos. El paro sigue en pie con un \u00e1nimo elevado de resistencia. El Estado colombiano ha respondido con una tremenda represi\u00f3n policial, llegando a militarizar ciudades como Cali, Bogot\u00e1 y Medell\u00edn, y disparando balas vivas contra los manifestantes, demostrando su odio hacia la clase trabajadora y su \u00fanico objetivo de defender la propiedad privada. Las cifras de muertos se elevan a m\u00e1s de 40 fallecidos y m\u00e1s de 300 desaparecidos, y la situaci\u00f3n se acerca m\u00e1s a una insurrecci\u00f3n que a unas simples protestas.<\/p>\n<p>Los trabajadores colombianos en todo el mundo han denunciado activamente la represi\u00f3n destacando concentraciones grandes en Bruselas, Par\u00eds, Montreal, Londres, Madrid y varias ciudades en el Estado espa\u00f1ol. Los manifestantes principalmente son migrantes colombianos y otros j\u00f3venes y obreros que simpatizan con la lucha. Estos manifestantes gritan la m\u00e1s sonada consigna al puro estilo colombiano de la campana salsera de \u201cUribe paraco, el pueblo est\u00e1 berraco\u201d.<\/p>\n<p>Varios grupos en el Estado espa\u00f1ol se involucraron en sus ciudades mostrando solidaridad demostrando la fidelidad y empe\u00f1o de la CMI con y para la lucha obrera contra las desigualdades e injusticias en todos los rincones del mundo.<\/p>\n<p>Para conocer un poco m\u00e1s acerca del sentimiento y la angustia que sufren los colombianos estos \u00faltimos d\u00edas hemos realizado una peque\u00f1a entrevista a una colombiana joven residente en el Estado espa\u00f1ol que se muestra perpleja ante los acontecimientos y se empieza a cuestionar la viabilidad del capitalismo para sostener la clase obrera del mundo.<\/p>\n<p><strong>Pregunta: \u00bfC\u00f3mo te est\u00e1 afectando el paro?<\/strong><br \/>\n<strong>Respuesta:<\/strong>\u00a0El paro me est\u00e1 afectando de una manera sentimental, ya que siento impotencia y rabia de no poder actuar frente a todas las injusticias que se est\u00e1n cometiendo y ver c\u00f3mo nos est\u00e1n matando.<\/p>\n<p><strong>P: \u00bfTienes familia en Colombia? \u00bfPor qu\u00e9 decidiste emigrar?<\/strong><br \/>\n<strong>R:<\/strong>\u00a0Realmente en Colombia apenas tengo familia, algunos familiares sueltos de avanzada edad y que no se est\u00e1n viendo implicados en las manifestaciones. Mi familia decidi\u00f3 emigrar con la iniciativa de mi madre hace 23 a\u00f1os en busca de un futuro mejor ante la inestabilidad econ\u00f3mica y pol\u00edtica y la falta de oportunidades que hab\u00eda en Colombia. Mi madre se vino en solitario primeramente y al a\u00f1o aproximadamente que logr\u00f3 cierta estabilidad nos trajo a mi hermana y a mi.<\/p>\n<p><strong>P: \u00bfA qu\u00e9 crees que se debe la represi\u00f3n policial y de donde surge el descontento social entre colombianos y colombianas?<\/strong><br \/>\n<strong>R:<\/strong>\u00a0La represi\u00f3n policial es totalmente culpa del gobierno, porque no les interesa que la gente despierte y sepa lo que supone el sistema, para ellos es mejor tenernos reprimidos y tranquilos. Y el descontento social viene de la creciente desigualdad e injusticias que sufren los trabajadores, que el pobre sea cada vez m\u00e1s pobre y el rico cada vez m\u00e1s rico, y que nos intenten enga\u00f1ar de cualquier manera.<\/p>\n<p><strong>P: \u00bfCu\u00e1l es para ti la soluci\u00f3n al conflicto?<\/strong><br \/>\n<strong>R:<\/strong>\u00a0Yo creo que hay que seguir resistiendo, que no nos podemos dar por vencidos, porque lo que queremos cambiar no es tan solo al presidente, sino la funci\u00f3n y el papel de todo el Estado y el sistema en nuestro pa\u00eds.<\/p>\n<p><strong>P: \u00bfQu\u00e9 mensaje le dar\u00edas a los colombianos y colombianas que est\u00e1n resistiendo tanto en Colombia como en el extranjero?<\/strong><br \/>\n<strong>R:<\/strong>\u00a0Que hay que seguir resistiendo hasta que se consiga algo, pero algo de verdad, un cambio real, no nos sirve de nada luchar y resistir para que nos den peque\u00f1os cambios y dentro de 1-2 a\u00f1os volver a lo mismo. Hay que seguir resistiendo y luchando por nuestros derechos, porque al final somos nosotros los trabajadores los que m\u00e1s afectados nos vemos.<\/p>\n<p>En sus palabras observamos una creciente animadversi\u00f3n de la clase obrera colombiana hacia la derecha y la burgues\u00eda, y tanto como al presidente Duque, que en los \u00faltimos sondeos nacionales apenas alcanzaba el 25% en febrero de este a\u00f1o, como al ex presidente \u00c1lvaro Uribe, considerado como el principal cabecilla del gobierno de Duque y de los numerosos esc\u00e1ndalos de corrupci\u00f3n y asesinatos en las \u00faltimas d\u00e9cadas de historia, siendo el caso m\u00e1s sonado el de los conocidos como falsos positivos, en los que fueron asesinados 6.402 civiles, confirmados por la Jurisdicci\u00f3n Especial para La Paz, por las Fuerzas Militares del Estado y a los que vest\u00edan de guerrilleros para obtener compensaciones econ\u00f3micas con el fin de dar una imagen internacional de lucha contra el comunismo. El 78% de estos casos ocurri\u00f3 durante el periodo de 2002 a 2008, durante el mandato del mencionado Alvaro Uribe, haciendo ver a quien representa y de qu\u00e9 lado ha estado en todo momento. La lucha de clases est\u00e1 al rojo vivo en un pa\u00eds con el segundo \u00edndice de GINI(desigualdad de distribuci\u00f3n de la renta) m\u00e1s alto de Latinoam\u00e9rica por detr\u00e1s de Hait\u00ed y un nivel de pobreza que alcanz\u00f3 este a\u00f1o el 42% o m\u00e1s de 20 millones de personas que viven en situaciones de precariedad. La vanguardia obrera colombiana debe organizar a los trabajadores bajo un partido revolucionario y con un programa s\u00f3lido que haga frente a la burgues\u00eda colombiana, particularmente conservadora y reaccionaria y t\u00edteres de los poderes imperialistas. Con una direcci\u00f3n socialista y de clase la clase obrera colombiana puede desencadenar un movimiento revolucionario fuerte y capaz de hacer temblar los cimientos del capitalismo colombiano.<\/p>\n<p>Los trabajadores colombianos tambi\u00e9n se caracterizan por su tenacidad y su valent\u00eda en momentos de dificultad y esta matanza por parte de los gobernantes ha hecho saltar la chispa que ha desencadenado una rabia insurreccional ante la pobreza, el hambre, la miseria y el abandono.<\/p>\n<\/section>\n","protected":false},"excerpt":{"rendered":"<p>Colombia est\u00e1 viviendo un estallido social sin precedentes. Ya han pasado 14 d\u00edas desde la proclamaci\u00f3n del Paro Nacional, con una brutal represi\u00f3n con cerca de cincuenta personas asesinadas, cientos de desaparecidos y heridos. Por tal motivo entrevistamos a una joven trabajadora colombiana residente en el Estado espa\u00f1ol para conocer sus impresiones sobre lo que&#8230;<\/p>\n","protected":false},"author":48,"featured_media":10758,"comment_status":"open","ping_status":"open","sticky":false,"template":"","format":"standard","meta":{"_monsterinsights_skip_tracking":false,"_monsterinsights_sitenote_active":false,"_monsterinsights_sitenote_note":"","_monsterinsights_sitenote_category":0,"_uf_show_specific_survey":0,"_uf_disable_surveys":false,"_jetpack_memberships_contains_paid_content":false,"footnotes":""},"categories":[22,537],"tags":[114,1506],"class_list":["post-10757","post","type-post","status-publish","format-standard","has-post-thumbnail","hentry","category-colombia","category-principales","tag-colombia","tag-paro-nacional"],"aioseo_notices":[],"yoast_head":"<!-- This site is optimized with the Yoast SEO plugin v25.6 - https:\/\/yoast.com\/wordpress\/plugins\/seo\/ -->\n<title>Entrevista a una joven colombiana sobre el Paro Nacional<\/title>\n<meta name=\"robots\" content=\"index, follow, max-snippet:-1, max-image-preview:large, max-video-preview:-1\" \/>\n<link rel=\"canonical\" href=\"https:\/\/elcomunista.org\/?p=10757\" \/>\n<meta property=\"og:locale\" content=\"es_ES\" \/>\n<meta property=\"og:type\" content=\"article\" \/>\n<meta property=\"og:title\" content=\"Entrevista a una joven colombiana sobre el Paro Nacional\" \/>\n<meta property=\"og:description\" content=\"Colombia est\u00e1 viviendo un estallido social sin precedentes. Ya han pasado 14 d\u00edas desde la proclamaci\u00f3n del Paro Nacional, con una brutal represi\u00f3n con cerca de cincuenta personas asesinadas, cientos de desaparecidos y heridos. Por tal motivo entrevistamos a una joven trabajadora colombiana residente en el Estado espa\u00f1ol para conocer sus impresiones sobre lo que...\" \/>\n<meta property=\"og:url\" content=\"https:\/\/elcomunista.org\/?p=10757\" \/>\n<meta property=\"og:site_name\" content=\"Revoluci\u00f3n Comunista\" \/>\n<meta property=\"article:publisher\" content=\"https:\/\/www.facebook.com\/Bloquepopularjuvenil\" \/>\n<meta property=\"article:published_time\" content=\"2021-05-11T17:50:46+00:00\" \/>\n<meta property=\"og:image\" content=\"https:\/\/elcomunista.org\/wp-content\/uploads\/2021\/05\/photo_2021-05-10_16-40-25.jpeg\" \/>\n\t<meta property=\"og:image:width\" content=\"640\" \/>\n\t<meta property=\"og:image:height\" content=\"427\" \/>\n\t<meta property=\"og:image:type\" content=\"image\/jpeg\" \/>\n<meta name=\"author\" content=\"Lucha de Clases - Estado Espa\u00f1ol\" \/>\n<meta name=\"twitter:card\" content=\"summary_large_image\" \/>\n<meta name=\"twitter:creator\" content=\"@ElBPJ\" \/>\n<meta name=\"twitter:site\" content=\"@ElBPJ\" \/>\n<meta name=\"twitter:label1\" content=\"Escrito por\" \/>\n\t<meta name=\"twitter:data1\" content=\"Lucha de Clases - Estado Espa\u00f1ol\" \/>\n\t<meta name=\"twitter:label2\" content=\"Tiempo de lectura\" \/>\n\t<meta name=\"twitter:data2\" content=\"5 minutos\" \/>\n<script type=\"application\/ld+json\" class=\"yoast-schema-graph\">{\"@context\":\"https:\/\/schema.org\",\"@graph\":[{\"@type\":\"Article\",\"@id\":\"https:\/\/elcomunista.org\/?p=10757#article\",\"isPartOf\":{\"@id\":\"https:\/\/elcomunista.org\/?p=10757\"},\"author\":{\"name\":\"Lucha de Clases - Estado Espa\u00f1ol\",\"@id\":\"https:\/\/elcomunista.org\/#\/schema\/person\/d4ccce059b2bb47c44201716573d372e\"},\"headline\":\"Entrevista a una joven colombiana sobre el Paro Nacional\",\"datePublished\":\"2021-05-11T17:50:46+00:00\",\"mainEntityOfPage\":{\"@id\":\"https:\/\/elcomunista.org\/?p=10757\"},\"wordCount\":1169,\"commentCount\":0,\"publisher\":{\"@id\":\"https:\/\/elcomunista.org\/#organization\"},\"image\":{\"@id\":\"https:\/\/elcomunista.org\/?p=10757#primaryimage\"},\"thumbnailUrl\":\"https:\/\/elcomunista.org\/wp-content\/uploads\/2021\/05\/photo_2021-05-10_16-40-25.jpeg\",\"keywords\":[\"Colombia\",\"Paro Nacional\"],\"articleSection\":[\"Colombia\",\"Principales\"],\"inLanguage\":\"es\",\"potentialAction\":[{\"@type\":\"CommentAction\",\"name\":\"Comment\",\"target\":[\"https:\/\/elcomunista.org\/?p=10757#respond\"]}]},{\"@type\":\"WebPage\",\"@id\":\"https:\/\/elcomunista.org\/?p=10757\",\"url\":\"https:\/\/elcomunista.org\/?p=10757\",\"name\":\"Entrevista a una joven colombiana sobre el Paro Nacional\",\"isPartOf\":{\"@id\":\"https:\/\/elcomunista.org\/#website\"},\"primaryImageOfPage\":{\"@id\":\"https:\/\/elcomunista.org\/?p=10757#primaryimage\"},\"image\":{\"@id\":\"https:\/\/elcomunista.org\/?p=10757#primaryimage\"},\"thumbnailUrl\":\"https:\/\/elcomunista.org\/wp-content\/uploads\/2021\/05\/photo_2021-05-10_16-40-25.jpeg\",\"datePublished\":\"2021-05-11T17:50:46+00:00\",\"breadcrumb\":{\"@id\":\"https:\/\/elcomunista.org\/?p=10757#breadcrumb\"},\"inLanguage\":\"es\",\"potentialAction\":[{\"@type\":\"ReadAction\",\"target\":[\"https:\/\/elcomunista.org\/?p=10757\"]}]},{\"@type\":\"ImageObject\",\"inLanguage\":\"es\",\"@id\":\"https:\/\/elcomunista.org\/?p=10757#primaryimage\",\"url\":\"https:\/\/elcomunista.org\/wp-content\/uploads\/2021\/05\/photo_2021-05-10_16-40-25.jpeg\",\"contentUrl\":\"https:\/\/elcomunista.org\/wp-content\/uploads\/2021\/05\/photo_2021-05-10_16-40-25.jpeg\",\"width\":640,\"height\":427},{\"@type\":\"BreadcrumbList\",\"@id\":\"https:\/\/elcomunista.org\/?p=10757#breadcrumb\",\"itemListElement\":[{\"@type\":\"ListItem\",\"position\":1,\"name\":\"Portada\",\"item\":\"https:\/\/elcomunista.org\/\"},{\"@type\":\"ListItem\",\"position\":2,\"name\":\"Entrevista a una joven colombiana sobre el Paro Nacional\"}]},{\"@type\":\"WebSite\",\"@id\":\"https:\/\/elcomunista.org\/#website\",\"url\":\"https:\/\/elcomunista.org\/\",\"name\":\"Revoluci\u00f3n Comunista\",\"description\":\"Internacional Comunista Revolucionaria\",\"publisher\":{\"@id\":\"https:\/\/elcomunista.org\/#organization\"},\"potentialAction\":[{\"@type\":\"SearchAction\",\"target\":{\"@type\":\"EntryPoint\",\"urlTemplate\":\"https:\/\/elcomunista.org\/?s={search_term_string}\"},\"query-input\":{\"@type\":\"PropertyValueSpecification\",\"valueRequired\":true,\"valueName\":\"search_term_string\"}}],\"inLanguage\":\"es\"},{\"@type\":\"Organization\",\"@id\":\"https:\/\/elcomunista.org\/#organization\",\"name\":\"Bloque Popular Juvenil\",\"url\":\"https:\/\/elcomunista.org\/\",\"logo\":{\"@type\":\"ImageObject\",\"inLanguage\":\"es\",\"@id\":\"https:\/\/elcomunista.org\/#\/schema\/logo\/image\/\",\"url\":\"https:\/\/bloquepopularjuvenil.org\/wp-content\/uploads\/2018\/11\/bpj-militante.jpg\",\"contentUrl\":\"https:\/\/bloquepopularjuvenil.org\/wp-content\/uploads\/2018\/11\/bpj-militante.jpg\",\"width\":4000,\"height\":1390,\"caption\":\"Bloque Popular Juvenil\"},\"image\":{\"@id\":\"https:\/\/elcomunista.org\/#\/schema\/logo\/image\/\"},\"sameAs\":[\"https:\/\/www.facebook.com\/Bloquepopularjuvenil\",\"https:\/\/x.com\/ElBPJ\",\"https:\/\/www.instagram.com\/elbloque_bpj\/?hl=es-la\"]},{\"@type\":\"Person\",\"@id\":\"https:\/\/elcomunista.org\/#\/schema\/person\/d4ccce059b2bb47c44201716573d372e\",\"name\":\"Lucha de Clases - Estado Espa\u00f1ol\",\"image\":{\"@type\":\"ImageObject\",\"inLanguage\":\"es\",\"@id\":\"https:\/\/elcomunista.org\/#\/schema\/person\/image\/\",\"url\":\"https:\/\/secure.gravatar.com\/avatar\/36c26ab3d3a5d56e2eb0888027f46f73?s=96&d=mm&r=g\",\"contentUrl\":\"https:\/\/secure.gravatar.com\/avatar\/36c26ab3d3a5d56e2eb0888027f46f73?s=96&d=mm&r=g\",\"caption\":\"Lucha de Clases - Estado Espa\u00f1ol\"},\"url\":\"https:\/\/elcomunista.org\/?author=48\"}]}<\/script>\n<!-- \/ Yoast SEO plugin. -->","yoast_head_json":{"title":"Entrevista a una joven colombiana sobre el Paro Nacional","robots":{"index":"index","follow":"follow","max-snippet":"max-snippet:-1","max-image-preview":"max-image-preview:large","max-video-preview":"max-video-preview:-1"},"canonical":"https:\/\/elcomunista.org\/?p=10757","og_locale":"es_ES","og_type":"article","og_title":"Entrevista a una joven colombiana sobre el Paro Nacional","og_description":"Colombia est\u00e1 viviendo un estallido social sin precedentes. Ya han pasado 14 d\u00edas desde la proclamaci\u00f3n del Paro Nacional, con una brutal represi\u00f3n con cerca de cincuenta personas asesinadas, cientos de desaparecidos y heridos. Por tal motivo entrevistamos a una joven trabajadora colombiana residente en el Estado espa\u00f1ol para conocer sus impresiones sobre lo que...","og_url":"https:\/\/elcomunista.org\/?p=10757","og_site_name":"Revoluci\u00f3n Comunista","article_publisher":"https:\/\/www.facebook.com\/Bloquepopularjuvenil","article_published_time":"2021-05-11T17:50:46+00:00","og_image":[{"width":640,"height":427,"url":"https:\/\/elcomunista.org\/wp-content\/uploads\/2021\/05\/photo_2021-05-10_16-40-25.jpeg","type":"image\/jpeg"}],"author":"Lucha de Clases - Estado Espa\u00f1ol","twitter_card":"summary_large_image","twitter_creator":"@ElBPJ","twitter_site":"@ElBPJ","twitter_misc":{"Escrito por":"Lucha de Clases - Estado Espa\u00f1ol","Tiempo de lectura":"5 minutos"},"schema":{"@context":"https:\/\/schema.org","@graph":[{"@type":"Article","@id":"https:\/\/elcomunista.org\/?p=10757#article","isPartOf":{"@id":"https:\/\/elcomunista.org\/?p=10757"},"author":{"name":"Lucha de Clases - Estado Espa\u00f1ol","@id":"https:\/\/elcomunista.org\/#\/schema\/person\/d4ccce059b2bb47c44201716573d372e"},"headline":"Entrevista a una joven colombiana sobre el Paro Nacional","datePublished":"2021-05-11T17:50:46+00:00","mainEntityOfPage":{"@id":"https:\/\/elcomunista.org\/?p=10757"},"wordCount":1169,"commentCount":0,"publisher":{"@id":"https:\/\/elcomunista.org\/#organization"},"image":{"@id":"https:\/\/elcomunista.org\/?p=10757#primaryimage"},"thumbnailUrl":"https:\/\/elcomunista.org\/wp-content\/uploads\/2021\/05\/photo_2021-05-10_16-40-25.jpeg","keywords":["Colombia","Paro Nacional"],"articleSection":["Colombia","Principales"],"inLanguage":"es","potentialAction":[{"@type":"CommentAction","name":"Comment","target":["https:\/\/elcomunista.org\/?p=10757#respond"]}]},{"@type":"WebPage","@id":"https:\/\/elcomunista.org\/?p=10757","url":"https:\/\/elcomunista.org\/?p=10757","name":"Entrevista a una joven colombiana sobre el Paro Nacional","isPartOf":{"@id":"https:\/\/elcomunista.org\/#website"},"primaryImageOfPage":{"@id":"https:\/\/elcomunista.org\/?p=10757#primaryimage"},"image":{"@id":"https:\/\/elcomunista.org\/?p=10757#primaryimage"},"thumbnailUrl":"https:\/\/elcomunista.org\/wp-content\/uploads\/2021\/05\/photo_2021-05-10_16-40-25.jpeg","datePublished":"2021-05-11T17:50:46+00:00","breadcrumb":{"@id":"https:\/\/elcomunista.org\/?p=10757#breadcrumb"},"inLanguage":"es","potentialAction":[{"@type":"ReadAction","target":["https:\/\/elcomunista.org\/?p=10757"]}]},{"@type":"ImageObject","inLanguage":"es","@id":"https:\/\/elcomunista.org\/?p=10757#primaryimage","url":"https:\/\/elcomunista.org\/wp-content\/uploads\/2021\/05\/photo_2021-05-10_16-40-25.jpeg","contentUrl":"https:\/\/elcomunista.org\/wp-content\/uploads\/2021\/05\/photo_2021-05-10_16-40-25.jpeg","width":640,"height":427},{"@type":"BreadcrumbList","@id":"https:\/\/elcomunista.org\/?p=10757#breadcrumb","itemListElement":[{"@type":"ListItem","position":1,"name":"Portada","item":"https:\/\/elcomunista.org\/"},{"@type":"ListItem","position":2,"name":"Entrevista a una joven colombiana sobre el Paro Nacional"}]},{"@type":"WebSite","@id":"https:\/\/elcomunista.org\/#website","url":"https:\/\/elcomunista.org\/","name":"Revoluci\u00f3n Comunista","description":"Internacional Comunista Revolucionaria","publisher":{"@id":"https:\/\/elcomunista.org\/#organization"},"potentialAction":[{"@type":"SearchAction","target":{"@type":"EntryPoint","urlTemplate":"https:\/\/elcomunista.org\/?s={search_term_string}"},"query-input":{"@type":"PropertyValueSpecification","valueRequired":true,"valueName":"search_term_string"}}],"inLanguage":"es"},{"@type":"Organization","@id":"https:\/\/elcomunista.org\/#organization","name":"Bloque Popular Juvenil","url":"https:\/\/elcomunista.org\/","logo":{"@type":"ImageObject","inLanguage":"es","@id":"https:\/\/elcomunista.org\/#\/schema\/logo\/image\/","url":"https:\/\/bloquepopularjuvenil.org\/wp-content\/uploads\/2018\/11\/bpj-militante.jpg","contentUrl":"https:\/\/bloquepopularjuvenil.org\/wp-content\/uploads\/2018\/11\/bpj-militante.jpg","width":4000,"height":1390,"caption":"Bloque Popular Juvenil"},"image":{"@id":"https:\/\/elcomunista.org\/#\/schema\/logo\/image\/"},"sameAs":["https:\/\/www.facebook.com\/Bloquepopularjuvenil","https:\/\/x.com\/ElBPJ","https:\/\/www.instagram.com\/elbloque_bpj\/?hl=es-la"]},{"@type":"Person","@id":"https:\/\/elcomunista.org\/#\/schema\/person\/d4ccce059b2bb47c44201716573d372e","name":"Lucha de Clases - Estado Espa\u00f1ol","image":{"@type":"ImageObject","inLanguage":"es","@id":"https:\/\/elcomunista.org\/#\/schema\/person\/image\/","url":"https:\/\/secure.gravatar.com\/avatar\/36c26ab3d3a5d56e2eb0888027f46f73?s=96&d=mm&r=g","contentUrl":"https:\/\/secure.gravatar.com\/avatar\/36c26ab3d3a5d56e2eb0888027f46f73?s=96&d=mm&r=g","caption":"Lucha de Clases - Estado Espa\u00f1ol"},"url":"https:\/\/elcomunista.org\/?author=48"}]}},"jetpack_featured_media_url":"https:\/\/elcomunista.org\/wp-content\/uploads\/2021\/05\/photo_2021-05-10_16-40-25.jpeg","jetpack_likes_enabled":true,"jetpack_sharing_enabled":true,"_links":{"self":[{"href":"https:\/\/elcomunista.org\/index.php?rest_route=\/wp\/v2\/posts\/10757"}],"collection":[{"href":"https:\/\/elcomunista.org\/index.php?rest_route=\/wp\/v2\/posts"}],"about":[{"href":"https:\/\/elcomunista.org\/index.php?rest_route=\/wp\/v2\/types\/post"}],"author":[{"embeddable":true,"href":"https:\/\/elcomunista.org\/index.php?rest_route=\/wp\/v2\/users\/48"}],"replies":[{"embeddable":true,"href":"https:\/\/elcomunista.org\/index.php?rest_route=%2Fwp%2Fv2%2Fcomments&post=10757"}],"version-history":[{"count":0,"href":"https:\/\/elcomunista.org\/index.php?rest_route=\/wp\/v2\/posts\/10757\/revisions"}],"wp:featuredmedia":[{"embeddable":true,"href":"https:\/\/elcomunista.org\/index.php?rest_route=\/wp\/v2\/media\/10758"}],"wp:attachment":[{"href":"https:\/\/elcomunista.org\/index.php?rest_route=%2Fwp%2Fv2%2Fmedia&parent=10757"}],"wp:term":[{"taxonomy":"category","embeddable":true,"href":"https:\/\/elcomunista.org\/index.php?rest_route=%2Fwp%2Fv2%2Fcategories&post=10757"},{"taxonomy":"post_tag","embeddable":true,"href":"https:\/\/elcomunista.org\/index.php?rest_route=%2Fwp%2Fv2%2Ftags&post=10757"}],"curies":[{"name":"wp","href":"https:\/\/api.w.org\/{rel}","templated":true}]}}