{"id":10760,"date":"2021-05-12T09:13:48","date_gmt":"2021-05-12T15:13:48","guid":{"rendered":"http:\/\/bloquepopularjuvenil.org\/?p=10760"},"modified":"2021-05-12T09:14:59","modified_gmt":"2021-05-12T15:14:59","slug":"colombia-tesis-sobre-el-paro-nacional","status":"publish","type":"post","link":"https:\/\/elcomunista.org\/?p=10760","title":{"rendered":"Colombia: Tesis sobre el Paro Nacional"},"content":{"rendered":"<ol>\n<li>El Paro Nacional que inici\u00f3 el 28 de abril marca un punto de inflexi\u00f3n en la lucha de clases en Colombia. La retirada de la reforma tributaria es una victoria monumental, aunque parcial. Hist\u00f3ricamente, la clase dominante colombiana ha manejado un aparato de represi\u00f3n con impunidad y sin importarle la percepci\u00f3n de la comunidad internacional. En esta ocasi\u00f3n se ha visto obligada a retroceder ante la fuerza del movimiento de masas de trabajadores, campesinos, ind\u00edgenas, con la juventud jugando un papel de avanzada. Ni la represi\u00f3n, ni la militarizaci\u00f3n, ni el miedo a la pandemia lograron detener la poderosa movilizaci\u00f3n de las masas, que a\u00fan abandonadas por las centrales sindicales, se mantuvieron en la calle. Cabe destacar el heroico levantamiento en Cali. Semejante victoria propiciar\u00e1 un despertar enorme en la movilizaci\u00f3n y organizaci\u00f3n de las masas despu\u00e9s del paro.<\/li>\n<\/ol>\n<ol start=\"2\">\n<li>Esto lo estamos viendo en parte con la continuaci\u00f3n del paro m\u00e1s all\u00e1 del retiro de la reforma tributaria. \u201cEl Paro No Para\u201d y \u201cDuque Fuera\u201d se han convertido en las consignas principales del d\u00eda. Es claro que las masas tienen energ\u00eda para llevar las cosas a su conclusi\u00f3n l\u00f3gica,\u00a0<em>pero materialmente no hay una direcci\u00f3n clara, ni siquiera de parte de la izquierda reformista<\/em>. Las masas no pueden manifestarse eternamente. Se necesita un plan de acci\u00f3n, un programa y una organizaci\u00f3n que pueda coordinar este proceso.<\/li>\n<\/ol>\n<ol start=\"3\">\n<li>La reforma tributaria surge de la necesidad del estado colombiano de sufragar el enorme d\u00e9ficit fiscal (que podr\u00eda llegar este a\u00f1o al 10% del PIB), y que es el resultado de la crisis del capitalismo mundial, agravada y acelerada por el impacto de la pandemia. A esto se suma la posici\u00f3n de Colombia como pa\u00eds bajo dominaci\u00f3n imperialista que se expresa en una asfixiante deuda externa de $156,834,000,000 (51,8% del PIB y que se proyecta llegue al 62.8%). Alguien debe pagar la crisis. Y la clase dominante colombiana no tiene inter\u00e9s en pagar, como lo demostr\u00f3 el hecho de que en la fallida reforma apenas se tomasen en cuenta las recomendaciones de la comisi\u00f3n de expertos pagada por el mismo Estado, y que era enf\u00e1tica en que primero se deb\u00eda gravar efectivamente al percentil m\u00e1s alto de ingresos. El intento de hacer pagar la crisis a la clase trabajadora y las capas medias fue la chispa que hizo estallar la rabia acumulada, por el asesinato de luchadores sociales, la juventud condenada al desempleo, la criminal gesti\u00f3n de la pandemia, etc.<\/li>\n<\/ol>\n<ol start=\"4\">\n<li>La clase dominante colombiana, en estos \u00faltimos a\u00f1os, no ha podido regir de la misma manera en que lo ha hecho en las \u00faltimas d\u00e9cadas. El caudal de votos en la elecci\u00f3n de 2018 a favor de\u00a0 reformistas como Gustavo Petro, el paro nacional del 2019, los alzamientos en Septiembre de 2020 en contra de la brutalidad policial eran todas se\u00f1ales claras de una creciente acumulaci\u00f3n de descontento que amenazaba con estallar y que impide que la clase dominante pueda mantener el control de la situaci\u00f3n con la misma mano de hierro que los ha caracterizado. Esto ha llevado a divisiones en el campo de la oligarqu\u00eda dominante, con diferentes posiciones. Hay los proponentes de la renta b\u00e1sica universal, hay los proponentes de una reforma tributaria que s\u00ed grave a los grandes capitalistas y aumente la capacidad de recaudo del Estado para pagar la deuda externa y varios campos en el medio. En general es claro que no hay una unidad en el gobierno a la hora de c\u00f3mo proceder en esta crisis, y que las disputas de poder entre los partidos tradicionales, el uribismo y los clanes familiares regionales (Char, Gnecco, Gerlein, Aguilar) est\u00e1n disminuyendo su credibilidad y su capacidad de acci\u00f3n, aunque sin eliminarlo por completo .<\/li>\n<\/ol>\n<ol start=\"5\">\n<li>Como resultado de la enorme presi\u00f3n del paro nacional masivo se han dado algunos indicios, aislados y peque\u00f1os pero muy significativos, de grietas en el aparato del estado. Soldados de las fuerzas armadas colombianas han alzado la consigna de \u2018no disparar al pueblo\u2019. Ha habido casos aislados de fraternizaci\u00f3n con los manifestantes.\u00a0 Es importante agitar hacia los soldados, que provienen de familias obreras y campesinas. Hay que proponer comit\u00e9s de soldados, destituci\u00f3n de oficiales ascendidos por el gobierno y la elecci\u00f3n de oficiales por los mismos soldados.<\/li>\n<\/ol>\n<ol start=\"6\">\n<li>Duque, como resultado de sus torpes decisiones y ante un movimiento popular que no est\u00e1 dispuesto a retroceder, quiere usar al mismo tiempo el palo y la zanahoria. Al mismo tiempo que manda el ej\u00e9rcito a Cali, y se empiezan a armar grupos paramilitares en las zonas ricas, ha propuesto sentarse a dialogar con el liderazgo del movimiento y los sindicatos que convocaron al paro del 28 que inici\u00f3 el movimiento. Debemos ser claros: no se puede dialogar con represores como el gobierno colombiano, que ha desplegado a la polic\u00eda para ahogar en sangre a las movilizaciones, y que apoya el debilitamiento del movimiento obrero. La tarea principal del movimiento es llegar a la unidad que le permita disputar abiertamente el poder pol\u00edtico con el Estado. La consigna del momento es \u00a1\u201cFuera Duque\u201d!<\/li>\n<\/ol>\n<figure class=\"wp-block-image size-large\"><img loading=\"lazy\" decoding=\"async\" class=\"wp-image-2426 aligncenter\" src=\"https:\/\/colombiamarxista.com\/wp-content\/uploads\/2021\/05\/paro-general.jpg\" sizes=\"(max-width: 671px) 100vw, 671px\" srcset=\"https:\/\/colombiamarxista.com\/wp-content\/uploads\/2021\/05\/paro-general.jpg 671w, https:\/\/colombiamarxista.com\/wp-content\/uploads\/2021\/05\/paro-general-300x169.jpg 300w\" alt=\"\" width=\"671\" height=\"377\" \/><\/figure>\n<ol start=\"7\">\n<li>Hay que extender las asambleas barriales por todo el pa\u00eds. Sobre la base de estas hay que elegir comit\u00e9s democr\u00e1ticos, con delegados elegidos y revocables que coordinen la lucha en cada ciudad y departamento.<strong>\u00a0<\/strong>Las masas han demostrado una capacidad enorme de lucha, continuando m\u00e1s de 7 d\u00edas despu\u00e9s de la retirada del infame robo tributario. Pero la energ\u00eda de las masas no es infinita. Sin un plan para desafiar el poder, no se puede lograr nada. Es urgente que el Comit\u00e9 de Paro organice un Congreso Nacional de Consejos de Paro donde delegados de cada consejo puedan considerar un plan para enfrentar y vencer no solo al gobierno de Iv\u00e1n Duque, sino a la clase dominante que respalda a Duque y efectivamente supervisar\u00e1 su reemplazo en caso de que Duque termine perdiendo el poder. Ante la represi\u00f3n del estado y de los grupos paramilitares es imperativo que el movimiento se dote de comit\u00e9s de defensa, siguiendo el modelo de la guardia ind\u00edgena y la primera l\u00ednea.<\/li>\n<\/ol>\n<ol start=\"8\">\n<li>La necesidad de un partido obrero con un programa socialista no podr\u00eda ser m\u00e1s clara. El movimiento ha tomado por sorpresa a todos los elementos que intentan de manera consciente, de alguna manera u otra, representar a los intereses de la clase obrera colombiana.\u00a0<strong><em>La tarea m\u00e1s importante en este momento es llevar los procesos del reino de la espontaneidad al reino de la organizaci\u00f3n.\u00a0<\/em><\/strong>\u00a0Un partido que atraiga a los mejores elementos de la clase obrera (aquellos que quieran trascender y eliminar el sistema capitalista y est\u00e9n dispuestos a sacrificar tiempo y energ\u00eda a esta causa) podr\u00eda jugar un rol fundamental a la hora de llevar estos eventos a su conclusi\u00f3n m\u00e1s l\u00f3gica:<\/li>\n<\/ol>\n<ol start=\"9\">\n<li><strong>Socialismo.\u00a0<\/strong>Los reformistas, tanto extranjeros como nacionales, proponen que lo que Colombia necesita es pasar a un pa\u00eds m\u00e1s democratico y lograr un \u201ccapitalismo humano, consciente y democr\u00e1tico\u201d. Hay que ser claros. La burgues\u00eda colombiana, atrasada y dominada por el imperialismo, no quiere ni puede invertir en los medios de producci\u00f3n en Colombia pues la deuda externa y el rol del imperialismo en Colombia impiden la posibilidad de invertir o reformar sin alterar el status quo. La presi\u00f3n de la clase dominante colombiana (en contra de semejante proyecto social) y que contar\u00eda con el apoyo de Estados Unidos (el ej\u00e9rcito estadounidense que a\u00fan posee bases en Colombia) ser\u00eda demasiado grande para un presidente reformista.\u00a0 Es necesario que la clase trabajadora colombiana tome el control de su propio destino, al frente de todos los oprimidos. Un gobierno de los trabajadores que tome las palancas m\u00e1s importantes de la econom\u00eda, se reh\u00fase a pagar la deuda externa y tome las tareas hist\u00f3ricas que la burgues\u00eda colombiana no ha logrado: independencia pol\u00edtica y financiera, reforma agraria, derechos democr\u00e1ticos plenos, justicia contra la impunidad, al igual que la compleci\u00f3n de las tareas hist\u00f3ricas del proletariado: la creaci\u00f3n de una econom\u00eda planificada y una democracia obrera, para que la clase obrera pueda gobernar.<\/li>\n<\/ol>\n<ol start=\"10\">\n<li>Todos estos logros ser\u00edan importantes para una clase obrera que ha vivido d\u00e9cadas de represi\u00f3n, y condiciones de vida y trabajo absolutamente crueles. Pero si el honor de la primera revoluci\u00f3n socialista en el siglo XXI cae en las manos de la clase obrera Colombiana, solo se podr\u00e1 defender y luchar por esta revoluci\u00f3n con un apoyo internacionalista que permita enfrentar y derribar el capitalismo a nivel global, evitando el aislamiento que facilita su bloqueo (como las experiencias del pasado reciente en Am\u00e9rica Latina demuestran). La tarea de la clase obrera con semejante victoria ser\u00e1 entrar al teatro de operaciones de la lucha de clases internacional enarbolando la bandera roja y abogando por la causa de la liberaci\u00f3n del proletariado, para preservar y defender la Revoluci\u00f3n Socialista Colombiana en el camino a la construcci\u00f3n de la Federaci\u00f3n Socialista de Am\u00e9rica Latina, como primer paso hacia la Federaci\u00f3n Socialista Mundial.<\/li>\n<\/ol>\n","protected":false},"excerpt":{"rendered":"<p>El Paro Nacional que inici\u00f3 el 28 de abril marca un punto de inflexi\u00f3n en la lucha de clases en Colombia. La retirada de la reforma tributaria es una victoria monumental, aunque parcial. Hist\u00f3ricamente, la clase dominante colombiana ha manejado un aparato de represi\u00f3n con impunidad y sin importarle la percepci\u00f3n de la comunidad internacional&#8230;.<\/p>\n","protected":false},"author":62,"featured_media":10761,"comment_status":"open","ping_status":"open","sticky":false,"template":"","format":"standard","meta":{"_monsterinsights_skip_tracking":false,"_monsterinsights_sitenote_active":false,"_monsterinsights_sitenote_note":"","_monsterinsights_sitenote_category":0,"_uf_show_specific_survey":0,"_uf_disable_surveys":false,"_jetpack_memberships_contains_paid_content":false,"footnotes":""},"categories":[22,537],"tags":[114,1508,1506],"class_list":["post-10760","post","type-post","status-publish","format-standard","has-post-thumbnail","hentry","category-colombia","category-principales","tag-colombia","tag-fuera-duque","tag-paro-nacional"],"aioseo_notices":[],"yoast_head":"<!-- This site is optimized with the Yoast SEO plugin v25.6 - https:\/\/yoast.com\/wordpress\/plugins\/seo\/ -->\n<title>Colombia: Tesis sobre el Paro Nacional<\/title>\n<meta name=\"robots\" content=\"index, follow, max-snippet:-1, max-image-preview:large, max-video-preview:-1\" \/>\n<link rel=\"canonical\" href=\"https:\/\/elcomunista.org\/?p=10760\" \/>\n<meta property=\"og:locale\" content=\"es_ES\" \/>\n<meta property=\"og:type\" content=\"article\" \/>\n<meta property=\"og:title\" content=\"Colombia: Tesis sobre el Paro Nacional\" \/>\n<meta property=\"og:description\" content=\"El Paro Nacional que inici\u00f3 el 28 de abril marca un punto de inflexi\u00f3n en la lucha de clases en Colombia. La retirada de la reforma tributaria es una victoria monumental, aunque parcial. Hist\u00f3ricamente, la clase dominante colombiana ha manejado un aparato de represi\u00f3n con impunidad y sin importarle la percepci\u00f3n de la comunidad internacional....\" \/>\n<meta property=\"og:url\" content=\"https:\/\/elcomunista.org\/?p=10760\" \/>\n<meta property=\"og:site_name\" content=\"Revoluci\u00f3n Comunista\" \/>\n<meta property=\"article:publisher\" content=\"https:\/\/www.facebook.com\/Bloquepopularjuvenil\" \/>\n<meta property=\"article:published_time\" content=\"2021-05-12T15:13:48+00:00\" \/>\n<meta property=\"article:modified_time\" content=\"2021-05-12T15:14:59+00:00\" \/>\n<meta property=\"og:image\" content=\"https:\/\/elcomunista.org\/wp-content\/uploads\/2021\/05\/GettyImages-1232600075.jpeg\" \/>\n\t<meta property=\"og:image:width\" content=\"1024\" \/>\n\t<meta property=\"og:image:height\" content=\"683\" \/>\n\t<meta property=\"og:image:type\" content=\"image\/jpeg\" \/>\n<meta name=\"author\" content=\"Internacional Comunista Revolucionaria\" \/>\n<meta name=\"twitter:card\" content=\"summary_large_image\" \/>\n<meta name=\"twitter:creator\" content=\"@ElBPJ\" \/>\n<meta name=\"twitter:site\" content=\"@ElBPJ\" \/>\n<meta name=\"twitter:label1\" content=\"Escrito por\" \/>\n\t<meta name=\"twitter:data1\" content=\"Internacional Comunista Revolucionaria\" \/>\n\t<meta name=\"twitter:label2\" content=\"Tiempo de lectura\" \/>\n\t<meta name=\"twitter:data2\" content=\"7 minutos\" \/>\n<script type=\"application\/ld+json\" class=\"yoast-schema-graph\">{\"@context\":\"https:\/\/schema.org\",\"@graph\":[{\"@type\":\"Article\",\"@id\":\"https:\/\/elcomunista.org\/?p=10760#article\",\"isPartOf\":{\"@id\":\"https:\/\/elcomunista.org\/?p=10760\"},\"author\":{\"name\":\"Internacional Comunista Revolucionaria\",\"@id\":\"https:\/\/elcomunista.org\/#\/schema\/person\/f263a81caf9b6558c019b2d6b83e55be\"},\"headline\":\"Colombia: Tesis sobre el Paro Nacional\",\"datePublished\":\"2021-05-12T15:13:48+00:00\",\"dateModified\":\"2021-05-12T15:14:59+00:00\",\"mainEntityOfPage\":{\"@id\":\"https:\/\/elcomunista.org\/?p=10760\"},\"wordCount\":1577,\"commentCount\":0,\"publisher\":{\"@id\":\"https:\/\/elcomunista.org\/#organization\"},\"image\":{\"@id\":\"https:\/\/elcomunista.org\/?p=10760#primaryimage\"},\"thumbnailUrl\":\"https:\/\/elcomunista.org\/wp-content\/uploads\/2021\/05\/GettyImages-1232600075.jpeg\",\"keywords\":[\"Colombia\",\"Fuera Duque\",\"Paro Nacional\"],\"articleSection\":[\"Colombia\",\"Principales\"],\"inLanguage\":\"es\",\"potentialAction\":[{\"@type\":\"CommentAction\",\"name\":\"Comment\",\"target\":[\"https:\/\/elcomunista.org\/?p=10760#respond\"]}]},{\"@type\":\"WebPage\",\"@id\":\"https:\/\/elcomunista.org\/?p=10760\",\"url\":\"https:\/\/elcomunista.org\/?p=10760\",\"name\":\"Colombia: Tesis sobre el Paro Nacional\",\"isPartOf\":{\"@id\":\"https:\/\/elcomunista.org\/#website\"},\"primaryImageOfPage\":{\"@id\":\"https:\/\/elcomunista.org\/?p=10760#primaryimage\"},\"image\":{\"@id\":\"https:\/\/elcomunista.org\/?p=10760#primaryimage\"},\"thumbnailUrl\":\"https:\/\/elcomunista.org\/wp-content\/uploads\/2021\/05\/GettyImages-1232600075.jpeg\",\"datePublished\":\"2021-05-12T15:13:48+00:00\",\"dateModified\":\"2021-05-12T15:14:59+00:00\",\"breadcrumb\":{\"@id\":\"https:\/\/elcomunista.org\/?p=10760#breadcrumb\"},\"inLanguage\":\"es\",\"potentialAction\":[{\"@type\":\"ReadAction\",\"target\":[\"https:\/\/elcomunista.org\/?p=10760\"]}]},{\"@type\":\"ImageObject\",\"inLanguage\":\"es\",\"@id\":\"https:\/\/elcomunista.org\/?p=10760#primaryimage\",\"url\":\"https:\/\/elcomunista.org\/wp-content\/uploads\/2021\/05\/GettyImages-1232600075.jpeg\",\"contentUrl\":\"https:\/\/elcomunista.org\/wp-content\/uploads\/2021\/05\/GettyImages-1232600075.jpeg\",\"width\":1024,\"height\":683,\"caption\":\"(Foto de Juan Barreto \/ AFP)\"},{\"@type\":\"BreadcrumbList\",\"@id\":\"https:\/\/elcomunista.org\/?p=10760#breadcrumb\",\"itemListElement\":[{\"@type\":\"ListItem\",\"position\":1,\"name\":\"Portada\",\"item\":\"https:\/\/elcomunista.org\/\"},{\"@type\":\"ListItem\",\"position\":2,\"name\":\"Colombia: Tesis sobre el Paro Nacional\"}]},{\"@type\":\"WebSite\",\"@id\":\"https:\/\/elcomunista.org\/#website\",\"url\":\"https:\/\/elcomunista.org\/\",\"name\":\"Revoluci\u00f3n Comunista\",\"description\":\"Internacional Comunista Revolucionaria\",\"publisher\":{\"@id\":\"https:\/\/elcomunista.org\/#organization\"},\"potentialAction\":[{\"@type\":\"SearchAction\",\"target\":{\"@type\":\"EntryPoint\",\"urlTemplate\":\"https:\/\/elcomunista.org\/?s={search_term_string}\"},\"query-input\":{\"@type\":\"PropertyValueSpecification\",\"valueRequired\":true,\"valueName\":\"search_term_string\"}}],\"inLanguage\":\"es\"},{\"@type\":\"Organization\",\"@id\":\"https:\/\/elcomunista.org\/#organization\",\"name\":\"Bloque Popular Juvenil\",\"url\":\"https:\/\/elcomunista.org\/\",\"logo\":{\"@type\":\"ImageObject\",\"inLanguage\":\"es\",\"@id\":\"https:\/\/elcomunista.org\/#\/schema\/logo\/image\/\",\"url\":\"https:\/\/bloquepopularjuvenil.org\/wp-content\/uploads\/2018\/11\/bpj-militante.jpg\",\"contentUrl\":\"https:\/\/bloquepopularjuvenil.org\/wp-content\/uploads\/2018\/11\/bpj-militante.jpg\",\"width\":4000,\"height\":1390,\"caption\":\"Bloque Popular Juvenil\"},\"image\":{\"@id\":\"https:\/\/elcomunista.org\/#\/schema\/logo\/image\/\"},\"sameAs\":[\"https:\/\/www.facebook.com\/Bloquepopularjuvenil\",\"https:\/\/x.com\/ElBPJ\",\"https:\/\/www.instagram.com\/elbloque_bpj\/?hl=es-la\"]},{\"@type\":\"Person\",\"@id\":\"https:\/\/elcomunista.org\/#\/schema\/person\/f263a81caf9b6558c019b2d6b83e55be\",\"name\":\"Internacional Comunista Revolucionaria\",\"image\":{\"@type\":\"ImageObject\",\"inLanguage\":\"es\",\"@id\":\"https:\/\/elcomunista.org\/#\/schema\/person\/image\/\",\"url\":\"https:\/\/secure.gravatar.com\/avatar\/007ae9c82193c93b7cbb3bbda1ed8c15?s=96&d=mm&r=g\",\"contentUrl\":\"https:\/\/secure.gravatar.com\/avatar\/007ae9c82193c93b7cbb3bbda1ed8c15?s=96&d=mm&r=g\",\"caption\":\"Internacional Comunista Revolucionaria\"},\"url\":\"https:\/\/elcomunista.org\/?author=62\"}]}<\/script>\n<!-- \/ Yoast SEO plugin. -->","yoast_head_json":{"title":"Colombia: Tesis sobre el Paro Nacional","robots":{"index":"index","follow":"follow","max-snippet":"max-snippet:-1","max-image-preview":"max-image-preview:large","max-video-preview":"max-video-preview:-1"},"canonical":"https:\/\/elcomunista.org\/?p=10760","og_locale":"es_ES","og_type":"article","og_title":"Colombia: Tesis sobre el Paro Nacional","og_description":"El Paro Nacional que inici\u00f3 el 28 de abril marca un punto de inflexi\u00f3n en la lucha de clases en Colombia. La retirada de la reforma tributaria es una victoria monumental, aunque parcial. Hist\u00f3ricamente, la clase dominante colombiana ha manejado un aparato de represi\u00f3n con impunidad y sin importarle la percepci\u00f3n de la comunidad internacional....","og_url":"https:\/\/elcomunista.org\/?p=10760","og_site_name":"Revoluci\u00f3n Comunista","article_publisher":"https:\/\/www.facebook.com\/Bloquepopularjuvenil","article_published_time":"2021-05-12T15:13:48+00:00","article_modified_time":"2021-05-12T15:14:59+00:00","og_image":[{"width":1024,"height":683,"url":"https:\/\/elcomunista.org\/wp-content\/uploads\/2021\/05\/GettyImages-1232600075.jpeg","type":"image\/jpeg"}],"author":"Internacional Comunista Revolucionaria","twitter_card":"summary_large_image","twitter_creator":"@ElBPJ","twitter_site":"@ElBPJ","twitter_misc":{"Escrito por":"Internacional Comunista Revolucionaria","Tiempo de lectura":"7 minutos"},"schema":{"@context":"https:\/\/schema.org","@graph":[{"@type":"Article","@id":"https:\/\/elcomunista.org\/?p=10760#article","isPartOf":{"@id":"https:\/\/elcomunista.org\/?p=10760"},"author":{"name":"Internacional Comunista Revolucionaria","@id":"https:\/\/elcomunista.org\/#\/schema\/person\/f263a81caf9b6558c019b2d6b83e55be"},"headline":"Colombia: Tesis sobre el Paro Nacional","datePublished":"2021-05-12T15:13:48+00:00","dateModified":"2021-05-12T15:14:59+00:00","mainEntityOfPage":{"@id":"https:\/\/elcomunista.org\/?p=10760"},"wordCount":1577,"commentCount":0,"publisher":{"@id":"https:\/\/elcomunista.org\/#organization"},"image":{"@id":"https:\/\/elcomunista.org\/?p=10760#primaryimage"},"thumbnailUrl":"https:\/\/elcomunista.org\/wp-content\/uploads\/2021\/05\/GettyImages-1232600075.jpeg","keywords":["Colombia","Fuera Duque","Paro Nacional"],"articleSection":["Colombia","Principales"],"inLanguage":"es","potentialAction":[{"@type":"CommentAction","name":"Comment","target":["https:\/\/elcomunista.org\/?p=10760#respond"]}]},{"@type":"WebPage","@id":"https:\/\/elcomunista.org\/?p=10760","url":"https:\/\/elcomunista.org\/?p=10760","name":"Colombia: Tesis sobre el Paro Nacional","isPartOf":{"@id":"https:\/\/elcomunista.org\/#website"},"primaryImageOfPage":{"@id":"https:\/\/elcomunista.org\/?p=10760#primaryimage"},"image":{"@id":"https:\/\/elcomunista.org\/?p=10760#primaryimage"},"thumbnailUrl":"https:\/\/elcomunista.org\/wp-content\/uploads\/2021\/05\/GettyImages-1232600075.jpeg","datePublished":"2021-05-12T15:13:48+00:00","dateModified":"2021-05-12T15:14:59+00:00","breadcrumb":{"@id":"https:\/\/elcomunista.org\/?p=10760#breadcrumb"},"inLanguage":"es","potentialAction":[{"@type":"ReadAction","target":["https:\/\/elcomunista.org\/?p=10760"]}]},{"@type":"ImageObject","inLanguage":"es","@id":"https:\/\/elcomunista.org\/?p=10760#primaryimage","url":"https:\/\/elcomunista.org\/wp-content\/uploads\/2021\/05\/GettyImages-1232600075.jpeg","contentUrl":"https:\/\/elcomunista.org\/wp-content\/uploads\/2021\/05\/GettyImages-1232600075.jpeg","width":1024,"height":683,"caption":"(Foto de Juan Barreto \/ AFP)"},{"@type":"BreadcrumbList","@id":"https:\/\/elcomunista.org\/?p=10760#breadcrumb","itemListElement":[{"@type":"ListItem","position":1,"name":"Portada","item":"https:\/\/elcomunista.org\/"},{"@type":"ListItem","position":2,"name":"Colombia: Tesis sobre el Paro Nacional"}]},{"@type":"WebSite","@id":"https:\/\/elcomunista.org\/#website","url":"https:\/\/elcomunista.org\/","name":"Revoluci\u00f3n Comunista","description":"Internacional Comunista Revolucionaria","publisher":{"@id":"https:\/\/elcomunista.org\/#organization"},"potentialAction":[{"@type":"SearchAction","target":{"@type":"EntryPoint","urlTemplate":"https:\/\/elcomunista.org\/?s={search_term_string}"},"query-input":{"@type":"PropertyValueSpecification","valueRequired":true,"valueName":"search_term_string"}}],"inLanguage":"es"},{"@type":"Organization","@id":"https:\/\/elcomunista.org\/#organization","name":"Bloque Popular Juvenil","url":"https:\/\/elcomunista.org\/","logo":{"@type":"ImageObject","inLanguage":"es","@id":"https:\/\/elcomunista.org\/#\/schema\/logo\/image\/","url":"https:\/\/bloquepopularjuvenil.org\/wp-content\/uploads\/2018\/11\/bpj-militante.jpg","contentUrl":"https:\/\/bloquepopularjuvenil.org\/wp-content\/uploads\/2018\/11\/bpj-militante.jpg","width":4000,"height":1390,"caption":"Bloque Popular Juvenil"},"image":{"@id":"https:\/\/elcomunista.org\/#\/schema\/logo\/image\/"},"sameAs":["https:\/\/www.facebook.com\/Bloquepopularjuvenil","https:\/\/x.com\/ElBPJ","https:\/\/www.instagram.com\/elbloque_bpj\/?hl=es-la"]},{"@type":"Person","@id":"https:\/\/elcomunista.org\/#\/schema\/person\/f263a81caf9b6558c019b2d6b83e55be","name":"Internacional Comunista Revolucionaria","image":{"@type":"ImageObject","inLanguage":"es","@id":"https:\/\/elcomunista.org\/#\/schema\/person\/image\/","url":"https:\/\/secure.gravatar.com\/avatar\/007ae9c82193c93b7cbb3bbda1ed8c15?s=96&d=mm&r=g","contentUrl":"https:\/\/secure.gravatar.com\/avatar\/007ae9c82193c93b7cbb3bbda1ed8c15?s=96&d=mm&r=g","caption":"Internacional Comunista Revolucionaria"},"url":"https:\/\/elcomunista.org\/?author=62"}]}},"jetpack_featured_media_url":"https:\/\/elcomunista.org\/wp-content\/uploads\/2021\/05\/GettyImages-1232600075.jpeg","jetpack_likes_enabled":true,"jetpack_sharing_enabled":true,"_links":{"self":[{"href":"https:\/\/elcomunista.org\/index.php?rest_route=\/wp\/v2\/posts\/10760"}],"collection":[{"href":"https:\/\/elcomunista.org\/index.php?rest_route=\/wp\/v2\/posts"}],"about":[{"href":"https:\/\/elcomunista.org\/index.php?rest_route=\/wp\/v2\/types\/post"}],"author":[{"embeddable":true,"href":"https:\/\/elcomunista.org\/index.php?rest_route=\/wp\/v2\/users\/62"}],"replies":[{"embeddable":true,"href":"https:\/\/elcomunista.org\/index.php?rest_route=%2Fwp%2Fv2%2Fcomments&post=10760"}],"version-history":[{"count":0,"href":"https:\/\/elcomunista.org\/index.php?rest_route=\/wp\/v2\/posts\/10760\/revisions"}],"wp:featuredmedia":[{"embeddable":true,"href":"https:\/\/elcomunista.org\/index.php?rest_route=\/wp\/v2\/media\/10761"}],"wp:attachment":[{"href":"https:\/\/elcomunista.org\/index.php?rest_route=%2Fwp%2Fv2%2Fmedia&parent=10760"}],"wp:term":[{"taxonomy":"category","embeddable":true,"href":"https:\/\/elcomunista.org\/index.php?rest_route=%2Fwp%2Fv2%2Fcategories&post=10760"},{"taxonomy":"post_tag","embeddable":true,"href":"https:\/\/elcomunista.org\/index.php?rest_route=%2Fwp%2Fv2%2Ftags&post=10760"}],"curies":[{"name":"wp","href":"https:\/\/api.w.org\/{rel}","templated":true}]}}