{"id":10841,"date":"2021-05-19T15:00:39","date_gmt":"2021-05-19T21:00:39","guid":{"rendered":"http:\/\/bloquepopularjuvenil.org\/?p=10841"},"modified":"2021-05-19T15:13:31","modified_gmt":"2021-05-19T21:13:31","slug":"el-fantasma-del-comunismo-recorre-el-peru","status":"publish","type":"post","link":"https:\/\/elcomunista.org\/?p=10841","title":{"rendered":"\u201cEl fantasma del comunismo\u201d, recorre el Per\u00fa"},"content":{"rendered":"<p class=\"jeg_meta_author\"><em>Por Yury C\u00f3rdova Lahuana<\/em><\/p>\n<p>Como en las primeras l\u00edneas del manifiesto del partido comunista.<\/p>\n<pre><span style=\"font-family: Georgia, Palatino;\">Un fantasma recorre el Per\u00fa: El fantasma del comunismo de, Jos\u00e9 Carlos Mari\u00e1tegui. Todos los sectores de la vieja burgues\u00eda peruana, se han unido en santa cruzada, para acosar a ese fantasma: la CONFIEP, la prensa mermelera; todos los partidos de la derecha en un frente \u00fanico, representado por el fujimorismo; los ide\u00f3logos m\u00e1s recalcitrantes como Mario Vargas Llosa.<\/span><\/pre>\n<p>\u00bfQu\u00e9 partido de oposici\u00f3n no ha sido motejado de comunista por sus adversarios en estas elecciones del Per\u00fa 2021?<\/p>\n<p>Hasta los partidos de tendencia reaccionaria como: Acci\u00f3n Popular, Partido Morado; partidos reformistas como: Juntos por el Per\u00fa, Frente Amplio y Per\u00fa Libre. Este \u00faltimo con clara tendencia reformista en sus programas, pero enarbolando a Marx, Lenin, Mari\u00e1tegui y que est\u00e1 liderado por, Pedro Castillo, un provinciano de origen campesino, maestro de escuela rural, rondero;\u00a0 eso es su condici\u00f3n social que distingue de los dem\u00e1s reformistas, qui\u00e9n con el apoyo de los sectores populares del Per\u00fa pas\u00f3 a la segunda vuelta. Y su adversario en la segunda vuelta ser\u00e1 la derecha m\u00e1s recalc\u00edtrate, fascista y reaccionaria del Per\u00fa, <em>el fujimorismo<\/em>; este grupo reaccionario en los \u00faltimos d\u00edas viene tildando\u00a0 de <em>comunista<\/em> en todos los medios de comunicaci\u00f3n, en debates y en pancartas gigantescas en las calles de lima, con frases: \u201cel socialismo nos lleva al comunismo\u201d, \u201cpiensa en el futuro de tus hijos, no al comunismo\u201d, \u201cganar m\u00e1s por mi esfuerzo es ser libre\u201d, etc. Estas fueron, las consignas de la burgues\u00eda peruana, en su desesperaci\u00f3n contra los partidos reformistas, no contento con eso empez\u00f3, \u201cel terruqueo\u201d, a personas de tendencia progresista y a canciones de protesta.<\/p>\n<p><span style=\"color: #800000;\"><strong>De este hecho podemos resaltar doble ense\u00f1anzas:<\/strong><\/span><\/p>\n<p>Que, el comunismo y las ideas de, Jos\u00e9 Carlos Mari\u00e1tegui, ya est\u00e1n entre las masas populares y est\u00e1n reconocidas como: una fuerza que desaf\u00eda a la burgues\u00eda peruana e internacional. Este proceso pol\u00edtico no es nada casual, es el producto de la lucha de clases, que ven\u00edan ya desarroll\u00e1ndose, en los \u00faltimos 30 a\u00f1os en el Per\u00fa.<\/p>\n<p>Hemos visto, que la burgues\u00eda, ataca con ferocidad a los partidos reformistas. Los sectores reformistas, tambi\u00e9n luchan contra la burgues\u00eda, golpean a los sectores reaccionarios, aunque su golpe no es tan letal, pero dejan heridas; y tambi\u00e9n organizan a las masas obreras, campesinas y sectores progresistas, pero el camino por donde llevan a las masas no es el camino correcto; por lo tanto, es la misi\u00f3n de todo comunista, direccionar a las masas proletarias al camino correcto, si es necesario desde las filas de los reformistas.<\/p>\n<p>Entonces, es el momento de que los <em>comunistas,<\/em> expongamos con claridad a las masas <em>obreras<\/em>, c<em>ampesinas <\/em>y a los sectores <em>populares, <\/em>el concepto, los fines y las tendencias; que opongan a la leyenda del fantasma del comunismo en el Per\u00fa; y as\u00ed, guiar por el verdadero camino de la emancipaci\u00f3n a la clase, obrera, campesina peruana.<\/p>\n<p>&nbsp;<\/p>\n<div id='gallery-1' class='gallery galleryid-10841 gallery-columns-3 gallery-size-full ilightbox_gallery' data-options=\"{attr:'source',fullAlone:0,show:{title:0},caption:{start:0},social:{start:0}}\"><figure class='gallery-item'>\n\t\t\t<div class='gallery-icon portrait'>\n\t\t\t\t<a href=\"https:\/\/elcomunista.org\/wp-content\/uploads\/2021\/05\/178744083_111845021047139_6582170769588621277_n.jpg\" source=\"https:\/\/elcomunista.org\/wp-content\/uploads\/2021\/05\/178744083_111845021047139_6582170769588621277_n.jpg\" data-options=\"thumbnail: 'https:\/\/elcomunista.org\/wp-content\/uploads\/2021\/05\/178744083_111845021047139_6582170769588621277_n-200x200.jpg'\"><img loading=\"lazy\" decoding=\"async\" width=\"720\" height=\"960\" src=\"https:\/\/elcomunista.org\/wp-content\/uploads\/2021\/05\/178744083_111845021047139_6582170769588621277_n.jpg\" class=\"attachment-full size-full\" alt=\"\" srcset=\"https:\/\/elcomunista.org\/wp-content\/uploads\/2021\/05\/178744083_111845021047139_6582170769588621277_n.jpg 720w, https:\/\/elcomunista.org\/wp-content\/uploads\/2021\/05\/178744083_111845021047139_6582170769588621277_n-600x800.jpg 600w, https:\/\/elcomunista.org\/wp-content\/uploads\/2021\/05\/178744083_111845021047139_6582170769588621277_n-225x300.jpg 225w\" sizes=\"(max-width: 720px) 100vw, 720px\"><\/a>\n\n\t\t\t<\/div><\/figure><figure class='gallery-item'>\n\t\t\t<div class='gallery-icon landscape'>\n\t\t\t\t<a href=\"https:\/\/elcomunista.org\/wp-content\/uploads\/2021\/05\/183491995_1488277478181028_6675200991640758515_n.jpg\" source=\"https:\/\/elcomunista.org\/wp-content\/uploads\/2021\/05\/183491995_1488277478181028_6675200991640758515_n.jpg\" data-options=\"thumbnail: 'https:\/\/elcomunista.org\/wp-content\/uploads\/2021\/05\/183491995_1488277478181028_6675200991640758515_n-200x200.jpg'\"><img loading=\"lazy\" decoding=\"async\" width=\"1284\" height=\"698\" src=\"https:\/\/elcomunista.org\/wp-content\/uploads\/2021\/05\/183491995_1488277478181028_6675200991640758515_n.jpg\" class=\"attachment-full size-full\" alt=\"\" srcset=\"https:\/\/elcomunista.org\/wp-content\/uploads\/2021\/05\/183491995_1488277478181028_6675200991640758515_n.jpg 1284w, https:\/\/elcomunista.org\/wp-content\/uploads\/2021\/05\/183491995_1488277478181028_6675200991640758515_n-600x326.jpg 600w, https:\/\/elcomunista.org\/wp-content\/uploads\/2021\/05\/183491995_1488277478181028_6675200991640758515_n-300x163.jpg 300w, https:\/\/elcomunista.org\/wp-content\/uploads\/2021\/05\/183491995_1488277478181028_6675200991640758515_n-1024x557.jpg 1024w, https:\/\/elcomunista.org\/wp-content\/uploads\/2021\/05\/183491995_1488277478181028_6675200991640758515_n-768x417.jpg 768w\" sizes=\"(max-width: 1284px) 100vw, 1284px\"><\/a>\n\n\t\t\t<\/div><\/figure><figure class='gallery-item'>\n\t\t\t<div class='gallery-icon landscape'>\n\t\t\t\t<a href=\"https:\/\/elcomunista.org\/wp-content\/uploads\/2021\/05\/comunismo-pedro-castillo-arequipa-keiko-fujimori-1.jpg\" source=\"https:\/\/elcomunista.org\/wp-content\/uploads\/2021\/05\/comunismo-pedro-castillo-arequipa-keiko-fujimori-1.jpg\" data-options=\"thumbnail: 'https:\/\/elcomunista.org\/wp-content\/uploads\/2021\/05\/comunismo-pedro-castillo-arequipa-keiko-fujimori-1-200x200.jpg'\"><img loading=\"lazy\" decoding=\"async\" width=\"1000\" height=\"622\" src=\"https:\/\/elcomunista.org\/wp-content\/uploads\/2021\/05\/comunismo-pedro-castillo-arequipa-keiko-fujimori-1.jpg\" class=\"attachment-full size-full\" alt=\"\" srcset=\"https:\/\/elcomunista.org\/wp-content\/uploads\/2021\/05\/comunismo-pedro-castillo-arequipa-keiko-fujimori-1.jpg 1000w, https:\/\/elcomunista.org\/wp-content\/uploads\/2021\/05\/comunismo-pedro-castillo-arequipa-keiko-fujimori-1-600x373.jpg 600w, https:\/\/elcomunista.org\/wp-content\/uploads\/2021\/05\/comunismo-pedro-castillo-arequipa-keiko-fujimori-1-300x187.jpg 300w, https:\/\/elcomunista.org\/wp-content\/uploads\/2021\/05\/comunismo-pedro-castillo-arequipa-keiko-fujimori-1-768x478.jpg 768w\" sizes=\"(max-width: 1000px) 100vw, 1000px\"><\/a>\n\n\t\t\t<\/div><\/figure><figure class='gallery-item'>\n\t\t\t<div class='gallery-icon landscape'>\n\t\t\t\t<a href=\"https:\/\/elcomunista.org\/wp-content\/uploads\/2021\/05\/E0M52eLWQAYng8m.jpg\" source=\"https:\/\/elcomunista.org\/wp-content\/uploads\/2021\/05\/E0M52eLWQAYng8m.jpg\" data-options=\"thumbnail: 'https:\/\/elcomunista.org\/wp-content\/uploads\/2021\/05\/E0M52eLWQAYng8m-200x200.jpg'\"><img loading=\"lazy\" decoding=\"async\" width=\"1200\" height=\"706\" src=\"https:\/\/elcomunista.org\/wp-content\/uploads\/2021\/05\/E0M52eLWQAYng8m.jpg\" class=\"attachment-full size-full\" alt=\"\" srcset=\"https:\/\/elcomunista.org\/wp-content\/uploads\/2021\/05\/E0M52eLWQAYng8m.jpg 1200w, https:\/\/elcomunista.org\/wp-content\/uploads\/2021\/05\/E0M52eLWQAYng8m-600x353.jpg 600w, https:\/\/elcomunista.org\/wp-content\/uploads\/2021\/05\/E0M52eLWQAYng8m-300x177.jpg 300w, https:\/\/elcomunista.org\/wp-content\/uploads\/2021\/05\/E0M52eLWQAYng8m-1024x602.jpg 1024w, https:\/\/elcomunista.org\/wp-content\/uploads\/2021\/05\/E0M52eLWQAYng8m-768x452.jpg 768w\" sizes=\"(max-width: 1200px) 100vw, 1200px\"><\/a>\n\n\t\t\t<\/div><\/figure><figure class='gallery-item'>\n\t\t\t<div class='gallery-icon landscape'>\n\t\t\t\t<a href=\"https:\/\/elcomunista.org\/wp-content\/uploads\/2021\/05\/elecciones_2021_aparecen_paneles_en_contra_del_lcomunismor_en_calles_de_lima.jpg\" source=\"https:\/\/elcomunista.org\/wp-content\/uploads\/2021\/05\/elecciones_2021_aparecen_paneles_en_contra_del_lcomunismor_en_calles_de_lima.jpg\" data-options=\"thumbnail: 'https:\/\/elcomunista.org\/wp-content\/uploads\/2021\/05\/elecciones_2021_aparecen_paneles_en_contra_del_lcomunismor_en_calles_de_lima-200x200.jpg'\"><img loading=\"lazy\" decoding=\"async\" width=\"1200\" height=\"660\" src=\"https:\/\/elcomunista.org\/wp-content\/uploads\/2021\/05\/elecciones_2021_aparecen_paneles_en_contra_del_lcomunismor_en_calles_de_lima.jpg\" class=\"attachment-full size-full\" alt=\"\" srcset=\"https:\/\/elcomunista.org\/wp-content\/uploads\/2021\/05\/elecciones_2021_aparecen_paneles_en_contra_del_lcomunismor_en_calles_de_lima.jpg 1200w, https:\/\/elcomunista.org\/wp-content\/uploads\/2021\/05\/elecciones_2021_aparecen_paneles_en_contra_del_lcomunismor_en_calles_de_lima-600x330.jpg 600w, https:\/\/elcomunista.org\/wp-content\/uploads\/2021\/05\/elecciones_2021_aparecen_paneles_en_contra_del_lcomunismor_en_calles_de_lima-300x165.jpg 300w, https:\/\/elcomunista.org\/wp-content\/uploads\/2021\/05\/elecciones_2021_aparecen_paneles_en_contra_del_lcomunismor_en_calles_de_lima-1024x563.jpg 1024w, https:\/\/elcomunista.org\/wp-content\/uploads\/2021\/05\/elecciones_2021_aparecen_paneles_en_contra_del_lcomunismor_en_calles_de_lima-768x422.jpg 768w\" sizes=\"(max-width: 1200px) 100vw, 1200px\"><\/a>\n\n\t\t\t<\/div><\/figure><figure class='gallery-item'>\n\t\t\t<div class='gallery-icon landscape'>\n\t\t\t\t<a href=\"https:\/\/elcomunista.org\/wp-content\/uploads\/2021\/05\/THUO5NO2PFBEBNSSAWP4Y64BFM.jpg\" source=\"https:\/\/elcomunista.org\/wp-content\/uploads\/2021\/05\/THUO5NO2PFBEBNSSAWP4Y64BFM.jpg\" data-options=\"thumbnail: 'https:\/\/elcomunista.org\/wp-content\/uploads\/2021\/05\/THUO5NO2PFBEBNSSAWP4Y64BFM-200x200.jpg'\"><img loading=\"lazy\" decoding=\"async\" width=\"1250\" height=\"735\" src=\"https:\/\/elcomunista.org\/wp-content\/uploads\/2021\/05\/THUO5NO2PFBEBNSSAWP4Y64BFM.jpg\" class=\"attachment-full size-full\" alt=\"\" srcset=\"https:\/\/elcomunista.org\/wp-content\/uploads\/2021\/05\/THUO5NO2PFBEBNSSAWP4Y64BFM.jpg 1250w, https:\/\/elcomunista.org\/wp-content\/uploads\/2021\/05\/THUO5NO2PFBEBNSSAWP4Y64BFM-600x353.jpg 600w, https:\/\/elcomunista.org\/wp-content\/uploads\/2021\/05\/THUO5NO2PFBEBNSSAWP4Y64BFM-300x176.jpg 300w, https:\/\/elcomunista.org\/wp-content\/uploads\/2021\/05\/THUO5NO2PFBEBNSSAWP4Y64BFM-1024x602.jpg 1024w, https:\/\/elcomunista.org\/wp-content\/uploads\/2021\/05\/THUO5NO2PFBEBNSSAWP4Y64BFM-768x452.jpg 768w\" sizes=\"(max-width: 1250px) 100vw, 1250px\"><\/a>\n\n\t\t\t<\/div><\/figure><figure class='gallery-item'>\n\t\t\t<div class='gallery-icon portrait'>\n\t\t\t\t<a href=\"https:\/\/elcomunista.org\/wp-content\/uploads\/2021\/05\/WhatsApp-Image-2021-04-27-at-19.43.14.jpeg\" source=\"https:\/\/elcomunista.org\/wp-content\/uploads\/2021\/05\/WhatsApp-Image-2021-04-27-at-19.43.14.jpeg\" data-options=\"thumbnail: 'https:\/\/elcomunista.org\/wp-content\/uploads\/2021\/05\/WhatsApp-Image-2021-04-27-at-19.43.14-200x200.jpeg'\"><img loading=\"lazy\" decoding=\"async\" width=\"904\" height=\"1024\" src=\"https:\/\/elcomunista.org\/wp-content\/uploads\/2021\/05\/WhatsApp-Image-2021-04-27-at-19.43.14.jpeg\" class=\"attachment-full size-full\" alt=\"\" srcset=\"https:\/\/elcomunista.org\/wp-content\/uploads\/2021\/05\/WhatsApp-Image-2021-04-27-at-19.43.14.jpeg 904w, https:\/\/elcomunista.org\/wp-content\/uploads\/2021\/05\/WhatsApp-Image-2021-04-27-at-19.43.14-600x680.jpeg 600w, https:\/\/elcomunista.org\/wp-content\/uploads\/2021\/05\/WhatsApp-Image-2021-04-27-at-19.43.14-265x300.jpeg 265w, https:\/\/elcomunista.org\/wp-content\/uploads\/2021\/05\/WhatsApp-Image-2021-04-27-at-19.43.14-768x870.jpeg 768w\" sizes=\"(max-width: 904px) 100vw, 904px\"><\/a>\n\n\t\t\t<\/div><\/figure>\n\t\t<\/div>\n\n","protected":false},"excerpt":{"rendered":"<p>Por Yury C\u00f3rdova Lahuana Como en las primeras l\u00edneas del manifiesto del partido comunista. Un fantasma recorre el Per\u00fa: El fantasma del comunismo de, Jos\u00e9 Carlos Mari\u00e1tegui. Todos los sectores de la vieja burgues\u00eda peruana, se han unido en santa cruzada, para acosar a ese fantasma: la CONFIEP, la prensa mermelera; todos los partidos de&#8230;<\/p>\n","protected":false},"author":62,"featured_media":10855,"comment_status":"open","ping_status":"open","sticky":false,"template":"","format":"standard","meta":{"_monsterinsights_skip_tracking":false,"_monsterinsights_sitenote_active":false,"_monsterinsights_sitenote_note":"","_monsterinsights_sitenote_category":0,"_uf_show_specific_survey":0,"_uf_disable_surveys":false,"_jetpack_memberships_contains_paid_content":false,"footnotes":""},"categories":[21,537],"tags":[1107,73,453,522],"class_list":["post-10841","post","type-post","status-publish","format-standard","has-post-thumbnail","hentry","category-peru","category-principales","tag-comunismo","tag-elecciones","tag-peru","tag-socialismo"],"aioseo_notices":[],"yoast_head":"<!-- This site is optimized with the Yoast SEO plugin v25.6 - https:\/\/yoast.com\/wordpress\/plugins\/seo\/ -->\n<title>\u201cEl fantasma del comunismo\u201d, recorre el Per\u00fa<\/title>\n<meta name=\"robots\" content=\"index, follow, max-snippet:-1, max-image-preview:large, max-video-preview:-1\" \/>\n<link rel=\"canonical\" href=\"https:\/\/elcomunista.org\/?p=10841\" \/>\n<meta property=\"og:locale\" content=\"es_ES\" \/>\n<meta property=\"og:type\" content=\"article\" \/>\n<meta property=\"og:title\" content=\"\u201cEl fantasma del comunismo\u201d, recorre el Per\u00fa\" \/>\n<meta property=\"og:description\" content=\"Por Yury C\u00f3rdova Lahuana Como en las primeras l\u00edneas del manifiesto del partido comunista. Un fantasma recorre el Per\u00fa: El fantasma del comunismo de, Jos\u00e9 Carlos Mari\u00e1tegui. Todos los sectores de la vieja burgues\u00eda peruana, se han unido en santa cruzada, para acosar a ese fantasma: la CONFIEP, la prensa mermelera; todos los partidos de...\" \/>\n<meta property=\"og:url\" content=\"https:\/\/elcomunista.org\/?p=10841\" \/>\n<meta property=\"og:site_name\" content=\"Revoluci\u00f3n Comunista\" \/>\n<meta property=\"article:publisher\" content=\"https:\/\/www.facebook.com\/Bloquepopularjuvenil\" \/>\n<meta property=\"article:published_time\" content=\"2021-05-19T21:00:39+00:00\" \/>\n<meta property=\"article:modified_time\" content=\"2021-05-19T21:13:31+00:00\" \/>\n<meta property=\"og:image\" content=\"https:\/\/elcomunista.org\/wp-content\/uploads\/2021\/05\/comunistas1-k9CE-U110457149038AWH-1248x770@RC.webp\" \/>\n\t<meta property=\"og:image:width\" content=\"1248\" \/>\n\t<meta property=\"og:image:height\" content=\"770\" \/>\n\t<meta property=\"og:image:type\" content=\"image\/webp\" \/>\n<meta name=\"author\" content=\"Internacional Comunista Revolucionaria\" \/>\n<meta name=\"twitter:card\" content=\"summary_large_image\" \/>\n<meta name=\"twitter:creator\" content=\"@ElBPJ\" \/>\n<meta name=\"twitter:site\" content=\"@ElBPJ\" \/>\n<meta name=\"twitter:label1\" content=\"Escrito por\" \/>\n\t<meta name=\"twitter:data1\" content=\"Internacional Comunista Revolucionaria\" \/>\n\t<meta name=\"twitter:label2\" content=\"Tiempo de lectura\" \/>\n\t<meta name=\"twitter:data2\" content=\"3 minutos\" \/>\n<script type=\"application\/ld+json\" class=\"yoast-schema-graph\">{\"@context\":\"https:\/\/schema.org\",\"@graph\":[{\"@type\":\"Article\",\"@id\":\"https:\/\/elcomunista.org\/?p=10841#article\",\"isPartOf\":{\"@id\":\"https:\/\/elcomunista.org\/?p=10841\"},\"author\":{\"name\":\"Internacional Comunista Revolucionaria\",\"@id\":\"https:\/\/elcomunista.org\/#\/schema\/person\/f263a81caf9b6558c019b2d6b83e55be\"},\"headline\":\"\u201cEl fantasma del comunismo\u201d, recorre el Per\u00fa\",\"datePublished\":\"2021-05-19T21:00:39+00:00\",\"dateModified\":\"2021-05-19T21:13:31+00:00\",\"mainEntityOfPage\":{\"@id\":\"https:\/\/elcomunista.org\/?p=10841\"},\"wordCount\":471,\"commentCount\":0,\"publisher\":{\"@id\":\"https:\/\/elcomunista.org\/#organization\"},\"image\":{\"@id\":\"https:\/\/elcomunista.org\/?p=10841#primaryimage\"},\"thumbnailUrl\":\"https:\/\/elcomunista.org\/wp-content\/uploads\/2021\/05\/comunistas1-k9CE-U110457149038AWH-1248x770@RC.webp\",\"keywords\":[\"Comunismo\",\"Elecciones\",\"Peru\",\"Socialismo\"],\"articleSection\":[\"Per\u00fa\",\"Principales\"],\"inLanguage\":\"es\",\"potentialAction\":[{\"@type\":\"CommentAction\",\"name\":\"Comment\",\"target\":[\"https:\/\/elcomunista.org\/?p=10841#respond\"]}]},{\"@type\":\"WebPage\",\"@id\":\"https:\/\/elcomunista.org\/?p=10841\",\"url\":\"https:\/\/elcomunista.org\/?p=10841\",\"name\":\"\u201cEl fantasma del comunismo\u201d, recorre el Per\u00fa\",\"isPartOf\":{\"@id\":\"https:\/\/elcomunista.org\/#website\"},\"primaryImageOfPage\":{\"@id\":\"https:\/\/elcomunista.org\/?p=10841#primaryimage\"},\"image\":{\"@id\":\"https:\/\/elcomunista.org\/?p=10841#primaryimage\"},\"thumbnailUrl\":\"https:\/\/elcomunista.org\/wp-content\/uploads\/2021\/05\/comunistas1-k9CE-U110457149038AWH-1248x770@RC.webp\",\"datePublished\":\"2021-05-19T21:00:39+00:00\",\"dateModified\":\"2021-05-19T21:13:31+00:00\",\"breadcrumb\":{\"@id\":\"https:\/\/elcomunista.org\/?p=10841#breadcrumb\"},\"inLanguage\":\"es\",\"potentialAction\":[{\"@type\":\"ReadAction\",\"target\":[\"https:\/\/elcomunista.org\/?p=10841\"]}]},{\"@type\":\"ImageObject\",\"inLanguage\":\"es\",\"@id\":\"https:\/\/elcomunista.org\/?p=10841#primaryimage\",\"url\":\"https:\/\/elcomunista.org\/wp-content\/uploads\/2021\/05\/comunistas1-k9CE-U110457149038AWH-1248x770@RC.webp\",\"contentUrl\":\"https:\/\/elcomunista.org\/wp-content\/uploads\/2021\/05\/comunistas1-k9CE-U110457149038AWH-1248x770@RC.webp\",\"width\":1248,\"height\":770},{\"@type\":\"BreadcrumbList\",\"@id\":\"https:\/\/elcomunista.org\/?p=10841#breadcrumb\",\"itemListElement\":[{\"@type\":\"ListItem\",\"position\":1,\"name\":\"Portada\",\"item\":\"https:\/\/elcomunista.org\/\"},{\"@type\":\"ListItem\",\"position\":2,\"name\":\"\u201cEl fantasma del comunismo\u201d, recorre el Per\u00fa\"}]},{\"@type\":\"WebSite\",\"@id\":\"https:\/\/elcomunista.org\/#website\",\"url\":\"https:\/\/elcomunista.org\/\",\"name\":\"Revoluci\u00f3n Comunista\",\"description\":\"Internacional Comunista Revolucionaria\",\"publisher\":{\"@id\":\"https:\/\/elcomunista.org\/#organization\"},\"potentialAction\":[{\"@type\":\"SearchAction\",\"target\":{\"@type\":\"EntryPoint\",\"urlTemplate\":\"https:\/\/elcomunista.org\/?s={search_term_string}\"},\"query-input\":{\"@type\":\"PropertyValueSpecification\",\"valueRequired\":true,\"valueName\":\"search_term_string\"}}],\"inLanguage\":\"es\"},{\"@type\":\"Organization\",\"@id\":\"https:\/\/elcomunista.org\/#organization\",\"name\":\"Bloque Popular Juvenil\",\"url\":\"https:\/\/elcomunista.org\/\",\"logo\":{\"@type\":\"ImageObject\",\"inLanguage\":\"es\",\"@id\":\"https:\/\/elcomunista.org\/#\/schema\/logo\/image\/\",\"url\":\"https:\/\/bloquepopularjuvenil.org\/wp-content\/uploads\/2018\/11\/bpj-militante.jpg\",\"contentUrl\":\"https:\/\/bloquepopularjuvenil.org\/wp-content\/uploads\/2018\/11\/bpj-militante.jpg\",\"width\":4000,\"height\":1390,\"caption\":\"Bloque Popular Juvenil\"},\"image\":{\"@id\":\"https:\/\/elcomunista.org\/#\/schema\/logo\/image\/\"},\"sameAs\":[\"https:\/\/www.facebook.com\/Bloquepopularjuvenil\",\"https:\/\/x.com\/ElBPJ\",\"https:\/\/www.instagram.com\/elbloque_bpj\/?hl=es-la\"]},{\"@type\":\"Person\",\"@id\":\"https:\/\/elcomunista.org\/#\/schema\/person\/f263a81caf9b6558c019b2d6b83e55be\",\"name\":\"Internacional Comunista Revolucionaria\",\"image\":{\"@type\":\"ImageObject\",\"inLanguage\":\"es\",\"@id\":\"https:\/\/elcomunista.org\/#\/schema\/person\/image\/\",\"url\":\"https:\/\/secure.gravatar.com\/avatar\/007ae9c82193c93b7cbb3bbda1ed8c15?s=96&d=mm&r=g\",\"contentUrl\":\"https:\/\/secure.gravatar.com\/avatar\/007ae9c82193c93b7cbb3bbda1ed8c15?s=96&d=mm&r=g\",\"caption\":\"Internacional Comunista Revolucionaria\"},\"url\":\"https:\/\/elcomunista.org\/?author=62\"}]}<\/script>\n<!-- \/ Yoast SEO plugin. -->","yoast_head_json":{"title":"\u201cEl fantasma del comunismo\u201d, recorre el Per\u00fa","robots":{"index":"index","follow":"follow","max-snippet":"max-snippet:-1","max-image-preview":"max-image-preview:large","max-video-preview":"max-video-preview:-1"},"canonical":"https:\/\/elcomunista.org\/?p=10841","og_locale":"es_ES","og_type":"article","og_title":"\u201cEl fantasma del comunismo\u201d, recorre el Per\u00fa","og_description":"Por Yury C\u00f3rdova Lahuana Como en las primeras l\u00edneas del manifiesto del partido comunista. Un fantasma recorre el Per\u00fa: El fantasma del comunismo de, Jos\u00e9 Carlos Mari\u00e1tegui. Todos los sectores de la vieja burgues\u00eda peruana, se han unido en santa cruzada, para acosar a ese fantasma: la CONFIEP, la prensa mermelera; todos los partidos de...","og_url":"https:\/\/elcomunista.org\/?p=10841","og_site_name":"Revoluci\u00f3n Comunista","article_publisher":"https:\/\/www.facebook.com\/Bloquepopularjuvenil","article_published_time":"2021-05-19T21:00:39+00:00","article_modified_time":"2021-05-19T21:13:31+00:00","og_image":[{"width":1248,"height":770,"url":"https:\/\/elcomunista.org\/wp-content\/uploads\/2021\/05\/comunistas1-k9CE-U110457149038AWH-1248x770@RC.webp","type":"image\/webp"}],"author":"Internacional Comunista Revolucionaria","twitter_card":"summary_large_image","twitter_creator":"@ElBPJ","twitter_site":"@ElBPJ","twitter_misc":{"Escrito por":"Internacional Comunista Revolucionaria","Tiempo de lectura":"3 minutos"},"schema":{"@context":"https:\/\/schema.org","@graph":[{"@type":"Article","@id":"https:\/\/elcomunista.org\/?p=10841#article","isPartOf":{"@id":"https:\/\/elcomunista.org\/?p=10841"},"author":{"name":"Internacional Comunista Revolucionaria","@id":"https:\/\/elcomunista.org\/#\/schema\/person\/f263a81caf9b6558c019b2d6b83e55be"},"headline":"\u201cEl fantasma del comunismo\u201d, recorre el Per\u00fa","datePublished":"2021-05-19T21:00:39+00:00","dateModified":"2021-05-19T21:13:31+00:00","mainEntityOfPage":{"@id":"https:\/\/elcomunista.org\/?p=10841"},"wordCount":471,"commentCount":0,"publisher":{"@id":"https:\/\/elcomunista.org\/#organization"},"image":{"@id":"https:\/\/elcomunista.org\/?p=10841#primaryimage"},"thumbnailUrl":"https:\/\/elcomunista.org\/wp-content\/uploads\/2021\/05\/comunistas1-k9CE-U110457149038AWH-1248x770@RC.webp","keywords":["Comunismo","Elecciones","Peru","Socialismo"],"articleSection":["Per\u00fa","Principales"],"inLanguage":"es","potentialAction":[{"@type":"CommentAction","name":"Comment","target":["https:\/\/elcomunista.org\/?p=10841#respond"]}]},{"@type":"WebPage","@id":"https:\/\/elcomunista.org\/?p=10841","url":"https:\/\/elcomunista.org\/?p=10841","name":"\u201cEl fantasma del comunismo\u201d, recorre el Per\u00fa","isPartOf":{"@id":"https:\/\/elcomunista.org\/#website"},"primaryImageOfPage":{"@id":"https:\/\/elcomunista.org\/?p=10841#primaryimage"},"image":{"@id":"https:\/\/elcomunista.org\/?p=10841#primaryimage"},"thumbnailUrl":"https:\/\/elcomunista.org\/wp-content\/uploads\/2021\/05\/comunistas1-k9CE-U110457149038AWH-1248x770@RC.webp","datePublished":"2021-05-19T21:00:39+00:00","dateModified":"2021-05-19T21:13:31+00:00","breadcrumb":{"@id":"https:\/\/elcomunista.org\/?p=10841#breadcrumb"},"inLanguage":"es","potentialAction":[{"@type":"ReadAction","target":["https:\/\/elcomunista.org\/?p=10841"]}]},{"@type":"ImageObject","inLanguage":"es","@id":"https:\/\/elcomunista.org\/?p=10841#primaryimage","url":"https:\/\/elcomunista.org\/wp-content\/uploads\/2021\/05\/comunistas1-k9CE-U110457149038AWH-1248x770@RC.webp","contentUrl":"https:\/\/elcomunista.org\/wp-content\/uploads\/2021\/05\/comunistas1-k9CE-U110457149038AWH-1248x770@RC.webp","width":1248,"height":770},{"@type":"BreadcrumbList","@id":"https:\/\/elcomunista.org\/?p=10841#breadcrumb","itemListElement":[{"@type":"ListItem","position":1,"name":"Portada","item":"https:\/\/elcomunista.org\/"},{"@type":"ListItem","position":2,"name":"\u201cEl fantasma del comunismo\u201d, recorre el Per\u00fa"}]},{"@type":"WebSite","@id":"https:\/\/elcomunista.org\/#website","url":"https:\/\/elcomunista.org\/","name":"Revoluci\u00f3n Comunista","description":"Internacional Comunista Revolucionaria","publisher":{"@id":"https:\/\/elcomunista.org\/#organization"},"potentialAction":[{"@type":"SearchAction","target":{"@type":"EntryPoint","urlTemplate":"https:\/\/elcomunista.org\/?s={search_term_string}"},"query-input":{"@type":"PropertyValueSpecification","valueRequired":true,"valueName":"search_term_string"}}],"inLanguage":"es"},{"@type":"Organization","@id":"https:\/\/elcomunista.org\/#organization","name":"Bloque Popular Juvenil","url":"https:\/\/elcomunista.org\/","logo":{"@type":"ImageObject","inLanguage":"es","@id":"https:\/\/elcomunista.org\/#\/schema\/logo\/image\/","url":"https:\/\/bloquepopularjuvenil.org\/wp-content\/uploads\/2018\/11\/bpj-militante.jpg","contentUrl":"https:\/\/bloquepopularjuvenil.org\/wp-content\/uploads\/2018\/11\/bpj-militante.jpg","width":4000,"height":1390,"caption":"Bloque Popular Juvenil"},"image":{"@id":"https:\/\/elcomunista.org\/#\/schema\/logo\/image\/"},"sameAs":["https:\/\/www.facebook.com\/Bloquepopularjuvenil","https:\/\/x.com\/ElBPJ","https:\/\/www.instagram.com\/elbloque_bpj\/?hl=es-la"]},{"@type":"Person","@id":"https:\/\/elcomunista.org\/#\/schema\/person\/f263a81caf9b6558c019b2d6b83e55be","name":"Internacional Comunista Revolucionaria","image":{"@type":"ImageObject","inLanguage":"es","@id":"https:\/\/elcomunista.org\/#\/schema\/person\/image\/","url":"https:\/\/secure.gravatar.com\/avatar\/007ae9c82193c93b7cbb3bbda1ed8c15?s=96&d=mm&r=g","contentUrl":"https:\/\/secure.gravatar.com\/avatar\/007ae9c82193c93b7cbb3bbda1ed8c15?s=96&d=mm&r=g","caption":"Internacional Comunista Revolucionaria"},"url":"https:\/\/elcomunista.org\/?author=62"}]}},"jetpack_featured_media_url":"https:\/\/elcomunista.org\/wp-content\/uploads\/2021\/05\/comunistas1-k9CE-U110457149038AWH-1248x770@RC.webp","jetpack_likes_enabled":true,"jetpack_sharing_enabled":true,"_links":{"self":[{"href":"https:\/\/elcomunista.org\/index.php?rest_route=\/wp\/v2\/posts\/10841"}],"collection":[{"href":"https:\/\/elcomunista.org\/index.php?rest_route=\/wp\/v2\/posts"}],"about":[{"href":"https:\/\/elcomunista.org\/index.php?rest_route=\/wp\/v2\/types\/post"}],"author":[{"embeddable":true,"href":"https:\/\/elcomunista.org\/index.php?rest_route=\/wp\/v2\/users\/62"}],"replies":[{"embeddable":true,"href":"https:\/\/elcomunista.org\/index.php?rest_route=%2Fwp%2Fv2%2Fcomments&post=10841"}],"version-history":[{"count":0,"href":"https:\/\/elcomunista.org\/index.php?rest_route=\/wp\/v2\/posts\/10841\/revisions"}],"wp:featuredmedia":[{"embeddable":true,"href":"https:\/\/elcomunista.org\/index.php?rest_route=\/wp\/v2\/media\/10855"}],"wp:attachment":[{"href":"https:\/\/elcomunista.org\/index.php?rest_route=%2Fwp%2Fv2%2Fmedia&parent=10841"}],"wp:term":[{"taxonomy":"category","embeddable":true,"href":"https:\/\/elcomunista.org\/index.php?rest_route=%2Fwp%2Fv2%2Fcategories&post=10841"},{"taxonomy":"post_tag","embeddable":true,"href":"https:\/\/elcomunista.org\/index.php?rest_route=%2Fwp%2Fv2%2Ftags&post=10841"}],"curies":[{"name":"wp","href":"https:\/\/api.w.org\/{rel}","templated":true}]}}