{"id":10979,"date":"2021-06-03T12:08:15","date_gmt":"2021-06-03T18:08:15","guid":{"rendered":"http:\/\/bloquepopularjuvenil.org\/?p=10979"},"modified":"2021-06-10T18:52:26","modified_gmt":"2021-06-11T00:52:26","slug":"el-8o-congreso-del-pcc-y-los-retos-a-los-que-se-enfrenta-la-revolucion-cubana","status":"publish","type":"post","link":"https:\/\/elcomunista.org\/?p=10979","title":{"rendered":"El 8\u00ba congreso del PCC y los retos a los que se enfrenta la revoluci\u00f3n cubana"},"content":{"rendered":"<p class=\"has-text-align-left\">El Partido Comunista de Cuba celebr\u00f3 su 8\u00ba congreso en la Habana del 16 al 19 de abril, coincidiendo con el 60 aniversario de la proclamaci\u00f3n del car\u00e1cter socialista de la revoluci\u00f3n, en la v\u00edspera del intento de invasi\u00f3n en Playa Gir\u00f3n. El congreso culmin\u00f3 el proceso de relevo de la direcci\u00f3n hist\u00f3rica en un contexto de grave crisis econ\u00f3mica y de peligrosas reformas econ\u00f3micas.<\/p>\n<p>En Cuba los s\u00edmbolos son importantes y a veces dicen m\u00e1s que los documentos. El congreso del PCC, reducido en n\u00famero por las condiciones impuestas por la pandemia, estaba presidido por los retratos de Mart\u00ed, Bali\u00f1o, Mella y Fidel. Un compa\u00f1ero cubano preguntaba \u00bfd\u00f3nde est\u00e1n Marx y Lenin? Lo cierto es que la \u00faltima vez que los representantes del comunismo internacional presidieron fue en el V Congreso celebrado en octubre de 1991, mientras en la URSS se desmoronaba el estalinismo, de la mano del PCUS.<\/p>\n<p>Los retratos que presid\u00edan el VIII Congreso reforzaban la principal idea que se quer\u00eda transmitir en el mismo: la continuidad de la revoluci\u00f3n cubana. As\u00ed Bali\u00f1o, representaba la continuidad entre el Partido Revolucionario Cubano de Mart\u00ed y el primer Partido Comunista de Mella y Fidel representaba la revoluci\u00f3n cubana de 1959.<\/p>\n<p>Adem\u00e1s, el congreso se celebraba coincidiendo con el 60 aniversario de Playa Gir\u00f3n, el 16 de abril de 1961, cuando la revoluci\u00f3n cubana, armando a obreros y campesinos, asest\u00f3 una derrota apabullante a la contrarrevoluci\u00f3n y el imperialismo. En la v\u00edspera del intento de invasi\u00f3n, Fidel Castro proclam\u00f3 el car\u00e1cter socialista de la revoluci\u00f3n, que ya de hecho hab\u00eda expropiado la tierra, la banca y las grandes empresas, multinacionales y cubanas.<\/p>\n<p>La idea que se quiere transmitir es, aunque la generaci\u00f3n hist\u00f3rica, la que hizo la revoluci\u00f3n cubana, se retira, la revoluci\u00f3n contin\u00faa. Ra\u00fal Castro, de 89 a\u00f1os, dej\u00f3 el cargo de secretario general del PPC, despu\u00e9s de haber dejado el de presidente de la Asamblea Nacional del Poder Popular en 2018. Salen adem\u00e1s 88 miembros del Comit\u00e9 Central, incluyendo toda la generaci\u00f3n hist\u00f3rica y se renueva un 20% de los miembros del Bur\u00f3 Pol\u00edtico.<\/p>\n<p>Este relevo no es algo menor. Esta es la generaci\u00f3n que no solo dirigi\u00f3 la revoluci\u00f3n en 1959, sino que resisti\u00f3 la presi\u00f3n de la restauraci\u00f3n capitalista despu\u00e9s de la ca\u00edda del estalinismo. Esta direcci\u00f3n que ahora sale tiene un prestigio y una autoridad que no se puede transmitir autom\u00e1ticamente a su relevo. Su salida, adem\u00e1s, es reflejo de la evoluci\u00f3n de la sociedad cubana. Por edad, quedan ya muy pocos cubanos que recuerden c\u00f3mo era la vida bajo el capitalismo. Los cubanos menores de 40 a\u00f1os han crecido y vivido en la \u00e9poca del per\u00edodo especial y de la introducci\u00f3n de concesiones al mercado y no recuerdan el tiempo en que la ayuda de la URSS permit\u00eda unos niveles de vida mejores.<\/p>\n<p>El Congreso, adem\u00e1s, se celebr\u00f3 a un a\u00f1o de la pandemia del Covid-19 que ha tenido un impacto brutal sobre la econom\u00eda cubana, cuyo PIB cay\u00f3 un 11%, el peor registro desde 1993, lo que llev\u00f3 a algunos a hablar de un nuevo per\u00edodo especial. Uno de los principales factores fue la ca\u00edda brusca del turismo, con una entrada de 1 mill\u00f3n de turistas, un 75% menor que en 2019 cuando fueron 4 millones, teniendo en cuenta que ese a\u00f1o ya la cifra hab\u00eda sido un 20% menor a 2018 por el endurecimiento de las sanciones por parte de Trump.<\/p>\n<p>La ca\u00edda del ingreso tur\u00edstico signific\u00f3 una fuerte ca\u00edda del ingreso en divisas, limitando la capacidad de compra de Cuba en el mercado mundial. A eso hay que a\u00f1adir el aumento de gastos provocado por la pandemia, unos 300 millones de d\u00f3lares en comprar en pruebas de PCR y laboratorios de biolog\u00eda molecular, y el equivalente a 85 millones de d\u00f3lares en sufragar medidas de aislamiento social. Esta situaci\u00f3n ha llevado a un fuerte aumento de la escasez de alimentos, provocando largas colas para adquirir productos b\u00e1sicos de comida.<\/p>\n<p>La llegada de Biden al poder en EEUU no ha significado, hasta el momento, ning\u00fan cambio en la pol\u00edtica de embargo y agresi\u00f3n por parte del imperialismo. Todas las medidas tomadas por Trump para endurecer las sanciones y el bloqueo se mantienen.<\/p>\n<p>En este contexto, el gobierno cubano aceler\u00f3 una serie de planes econ\u00f3micos que ya hab\u00edan sido aprobados en los\u00a0<a href=\"https:\/\/www.marxist.com\/el-congreso-del-pc-cubano-ratifica-las-directrices-economicas.htm\">Lineamientos del VI Congreso en 2011<\/a>, pero que nunca se hab\u00edan llegado a aplicar. Estas medidas, bajo el nombre de \u201c<a href=\"http:\/\/www.marxist.com\/que-implica-el-ordenamiento-monetario-en-cuba.htm\">Tarea Ordenamiento<\/a>\u201d incluyen la unificaci\u00f3n cambiaria y monetaria, adem\u00e1s de toda otra serie de medidas que fortalecen el mercado y el sector privado de la econom\u00eda.<\/p>\n<p>La aplicaci\u00f3n del Ordenamiento no ha estado exenta de problemas, con aumentos desorbitados de los precios, recortes de algunas ayudas sociales, que han provocado un fuerte malestar y quejas entre la poblaci\u00f3n. En una lucha de fuerzas vivas, el gobierno se ha visto obligado a realizar algunos ajustes a la aplicaci\u00f3n de las medidas del Ordenamiento.<\/p>\n<p><a href=\"http:\/\/www.granma.cu\/octavo-congreso-pcc\/2021-04-17\/informe-central-al-8vo-congreso-del-partido-comunista-de-cuba-17-04-2021-05-04-12\">El informe de Ra\u00fal Castro al VIII Congreso<\/a>\u00a0reflej\u00f3 esa insatisfacci\u00f3n, con una dura cr\u00edtica a la Comisi\u00f3n de Implementaci\u00f3n y Desarrollo de los Lineamientos que \u00abno logr\u00f3 organizar, de manera adecuada, la participaci\u00f3n de los diferentes actores involucrados en la implementaci\u00f3n de los Lineamientos y asumi\u00f3 funciones que exced\u00edan el mandato otorgado por el Congreso\u00bb. Como consecuencia de esta cr\u00edtica, el responsable de la Comisi\u00f3n, Marino Murillo, considerado por la prensa burguesa internacional como el \u201czar de las reformas\u201d fue eliminado del CC.<\/p>\n<p><span style=\"color: #800000;\"><strong>El monopolio del comercio exterior y los l\u00edmites de las reformas<\/strong><\/span><\/p>\n<p>El informe de Ra\u00fal Castro tambi\u00e9n conten\u00eda algunas afirmaciones muy interesantes en relaci\u00f3n a la econom\u00eda. Castro mencion\u00f3 la ampliaci\u00f3n de la lista de actividades permitidas al sector de trabajadores por cuenta propia y se\u00f1al\u00f3 como \u201cesta decisi\u00f3n, \u2026 fue, como era de esperar, cuestionada a los pocos d\u00edas y calificada de insuficiente\u00a0<em>por quienes sue\u00f1an con la restauraci\u00f3n capitalista en el pa\u00eds y la privatizaci\u00f3n masiva de la propiedad del pueblo sobre los principales medios de producci\u00f3n<\/em>. \u2026 Parecer\u00eda que el ego\u00edsmo, la codicia y el af\u00e1n de mayores ingresos provocan en algunos el aliento para\u00a0<em>desear que se inicie un proceso de privatizaci\u00f3n que barrer\u00eda los cimientos y las esencias de la sociedad socialista construida a lo largo de m\u00e1s de seis d\u00e9cadas\u201d<\/em>. Ra\u00fal Castro, correctamente vincul\u00f3 la restauraci\u00f3n capitalista con la destrucci\u00f3n de las conquistas de la revoluci\u00f3n: \u201c<em>Por ese camino, en poco tiempo se desmontar\u00edan tambi\u00e9n los sistemas nacionales de educaci\u00f3n y de salud p\u00fablica, ambos gratuitos y de acceso universal para todos los cubanos.\u201d\u00a0<\/em><\/p>\n<p>Ra\u00e1l Castro defendi\u00f3 claramente el monopolio del comercio exterior: \u201cOtros, esperando hacer estallar el principio socialista del monopolio del Estado sobre el comercio exterior, vienen reclamando que se autorice la importaci\u00f3n comercial privada en el \u00e1nimo de establecer un sistema no estatal de comercio interior,\u201d y lo vincul\u00f3 a los l\u00edmites de las reformas econ\u00f3micas: \u201cHay l\u00edmites que no podemos rebasar porque las consecuencias ser\u00edan irreversibles y conducir\u00edan a errores estrat\u00e9gicos y a la destrucci\u00f3n misma del socialismo y por ende de la soberan\u00eda e independencia nacionales.\u201d<\/p>\n<p>Esta parte del discurso de Castro es muy significativa. De hecho, en los a\u00f1os 1920, durante el debate sobre la NEP, Lenin insisti\u00f3 en la importancia del monopolio del comercio exterior y form\u00f3 un bloque con Trotsky para defenderlo contra la opini\u00f3n de Bukharin que estaba por sustituir el monopolio del comercio exterior por un sistema de tarifas arancelarias, y contra la opini\u00f3n de Stalin, Kamenev y Zin\u00f3viev que quer\u00edan relajar el monopolio. La defensa de Lenin del monopolio del comercio exterior se expresaba en t\u00e9rminos que son muy relevantes para Cuba hoy: \u201cA\u00f1adir\u00e9 que la apertura parcial de las fronteras encierra graves peligros en cuanto a las divisas, pues en la pr\u00e1ctica nos ver\u00edamos reducidos a la situaci\u00f3n de Alemania;\u00a0<em>existe el grave peligro de que penetren en Rusia la peque\u00f1a burgues\u00eda y toda clase de agentes de los rusos emigrados, sin que tuvi\u00e9ramos la m\u00e1s m\u00ednima posibilidad de ejercer control alguno sobre ellos<\/em>.\u201d (Lenin,\u00a0<a href=\"https:\/\/www.marxists.org\/espanol\/lenin\/obras\/oc\/akal\/lenin-oc-tomo-36.pdf\"><em>Acerca del monopolio del comercio exterior<\/em><\/a>,\u00a0<em>OC<\/em>,<em>\u00a0Tomo XXXVI, p 464,<\/em>\u00a0Akal)<\/p>\n<p>Lenin, que era consciente de los peligros de las concesiones al capitalismo que la NEP representaba, consideraba que esta cuesti\u00f3n era muy importante. Durante la enfermedad que finalmente llev\u00f3 a su muerte, Lenin lanz\u00f3 una lucha contra la burocracia que se concentraba en dos aspectos, uno, la cuesti\u00f3n del monopolio del comercio exterior, dos, la lucha contra las tendencias chovinistas gran rusas en el tratamiento de la cuesti\u00f3n nacional en Georgia por parte de Stalin y sus aliados.<\/p>\n<p>Posteriormente, en 1927, en la lucha contra la burocracia estalinista, Trotsky volvi\u00f3 a insistir en la cuesti\u00f3n de la importancia del monopolio del comercio exterior: \u201cEl monopolio del comercio exterior es un arma necesaria para la construcci\u00f3n socialista cuando los pa\u00edses capitalistas poseen un m\u00e1s alto nivel tecnol\u00f3gico, pero la econom\u00eda socialista actualmente en construcci\u00f3n s\u00f3lo puede ser defendida por este monopolio si se acerca continuamente a la econom\u00eda mundial por lo que respecta a la t\u00e9cnica, el coste de la producci\u00f3n y la calidad y el precio de sus productos\u201d El programa de la Oposici\u00f3n Unificada de 1927 declaraba: \u201cDebemos oponer una resistencia decisiva a todo intento de entrometerse en el monopolio del comercio exterior.\u201d (<a href=\"https:\/\/www.marxists.org\/espanol\/trotsky\/ceip\/economicos\/laplataforma.htm\">La Plataforma de la Oposici\u00f3n Unificada<\/a>, Cap 4, 1927)<\/p>\n<p>Claramente el discurso de Ra\u00fal Castro en el VIII congreso iba dirigido contra aquellos que quisieran avances r\u00e1pidos hacia la restauraci\u00f3n del capitalismo, algo que no podemos sino aplaudir. Sin embargo, el problema es que las reformas econ\u00f3micas aplicadas hasta ahora van justamente en esa direcci\u00f3n, aunque quiz\u00e1s no todo lo r\u00e1pidamente que algunos quisieran.<\/p>\n<p>Como hemos\u00a0<a href=\"http:\/\/www.marxist.com\/que-implica-el-ordenamiento-monetario-en-cuba.htm\">explicado anteriormente<\/a>, las medidas adoptadas bajo la r\u00fabrica de la Tarea Ordenamiento van en la direcci\u00f3n de aumentar los mecanismos de mercado dentro de la econom\u00eda cubana, aplicarlos a la valoraci\u00f3n de la eficiencia de las empresas del sector estatal, primar los incentivos materiales y la competencia entre empresas, la eliminaci\u00f3n del principio de universalidad de las pol\u00edticas sociales, etc.<\/p>\n<p><span style=\"color: #800000;\"><strong>Diferencias con la NEP<\/strong><\/span><\/p>\n<p>Es m\u00e1s, a diferencia de la NEP en la URSS en los a\u00f1os 1920, que Lenin presentaba claramente como una serie de retrocesos impuestos por la situaci\u00f3n econ\u00f3mica, y concesiones necesarias pero no exentas de peligros al capitalismo; en Cuba las reformas econ\u00f3micas se presentan como algo positivo, la \u00fanica manera para \u201cliberar las fuerzas productivas\u201d, como si la planificaci\u00f3n estatal fuera el cors\u00e9 que impide el desarrollo de la econom\u00eda. Esto es algo potencialmente muy peligroso.<\/p>\n<p>Otra diferencia crucial es que en la URSS, al tiempo que se hac\u00edan concesiones al capitalismo a trav\u00e9s de la NEP, se establec\u00eda una batalla para fortalecer la democracia obrera y combatir el burocratismo. En Cuba, la discusi\u00f3n sobre el control obrero y la participaci\u00f3n efectiva de los trabajadores en la gesti\u00f3n de la econom\u00eda y la administraci\u00f3n p\u00fablica ha estado totalmente ausente de las discusiones oficiales del Congreso del PCC.<\/p>\n<p>Mientras que en el Congreso del Partido Ra\u00fal Castro criticaba a los que anhelan una restauraci\u00f3n capitalista, el d\u00eda antes del inicio del mismo se realiz\u00f3\u00a0<a href=\"https:\/\/twitter.com\/PresidenciaCuba\/status\/1382833819531808776\">un encuentro entre representantes del gobierno, el Partido y la Asamblea Nacional y el sector privado<\/a>\u00a0(\u201crepresentantes de las Formas de Gesti\u00f3n No Estatal\u201d) para subrayar el papel que el mismo juega en la econom\u00eda cubana. El mensaje del encuentro lo resum\u00eda Cubadebate: \u201cCuba seguir\u00e1 avanzando en el desarrollo de las formas de gesti\u00f3n no estatal\u201d.<\/p>\n<p>El propio Castro en el mismo informe dec\u00eda: \u201cNo han dejado de estar presentes problemas estructurales del modelo econ\u00f3mico que no proporciona suficientes incentivos para el trabajo y la innovaci\u00f3n. Para transformar de manera irreversible este escenario,\u00a0<em>se impone imprimir mayor dinamismo al proceso de actualizaci\u00f3n del modelo econ\u00f3mico y social<\/em>\u201d<\/p>\n<p>En realidad, a pesar de las palabras de Ra\u00fal Castro en su informe, el rumbo de la pol\u00edtica econ\u00f3mica en Cuba es claro. Las medidas aprobadas ya hace 10 a\u00f1os y sobre todo el golpe de tim\u00f3n del Ordenamiento representan un conjunto de reformas que tienen su propia din\u00e1mica: la del fortalecimiento del mercado en detrimento de la planificaci\u00f3n, y el fortalecimiento de la acumulaci\u00f3n privada en detrimento del sector estatal. Esta din\u00e1mica es independiente de la voluntad subjetiva del que aplica las reformas.<\/p>\n<p>Esta es tambi\u00e9n la opini\u00f3n del economista cubano-americano pro-capitalista Arturo L\u00f3pez-Levy que minimiza la importancia de los \u201cl\u00edmites\u201d que mencion\u00f3 Castro: \u201cLos l\u00edmites y las l\u00edneas rojas ir\u00e1n movi\u00e9ndose con la vida. Las reformas traer\u00e1n m\u00e1s presi\u00f3n de otras reformas, y otro tipo de cambios llegar\u00e1n por carambola\u201d.<\/p>\n<p>Los representantes del capital internacional no parecen en realidad muy preocupados por las advertencias de Castro. El Financial Times las interpretaba as\u00ed: \u201cSe pronunciaron palabras similares antes de casi todas las reformas emprendidas durante la \u00faltima d\u00e9cada, lo que indica que sigue habiendo una seria resistencia en las filas.\u201d Es decir, para ellos las advertencias de Castro eran solamente un gui\u00f1o a la galer\u00eda, hacia un sector que se resiste a aplicar medidas pro-capitalistas, pero que no tiene el poder para detenerlas.<\/p>\n<p>La entrada en el Politbur\u00f3 del general Luis Alberto Rodr\u00edguez L\u00f3pez-Calleja, director de GAESA, el complejo empresarial vinculada a las Fuerzas Armadas Revolucionarias, es tambi\u00e9n significativa del poder que tiene ese sector, el de los gestores de la econom\u00eda, en la direcci\u00f3n del partido.<\/p>\n<p>Cuando se discutieron los Lineamientos en 2011, los documentos del Congreso fueron objeto de un proceso amplio de discusi\u00f3n que implic\u00f3 a millones de personas. El proceso tuvo un car\u00e1cter plebiscitario, es decir, la discusi\u00f3n fue amplia pero no hab\u00eda cauces reales para que las discusiones en la base tuvieran un reflejo en las decisiones finales. En esta ocasi\u00f3n no ha sido as\u00ed. Se puede argumentar que el Congreso no tom\u00f3 decisiones de cambios fundamentales, pero lo cierto es que el momento pol\u00edtico y sobretodo econ\u00f3mico es de importancia crucial para el futuro de la revoluci\u00f3n cubana y no se habilitaron mecanismos para discutirlos, ni siquiera los mecanismos limitados que se usaron en 2011.<\/p>\n<p><span style=\"color: #800000;\"><strong>M\u00e1s socialismo<\/strong><\/span><\/p>\n<p>Eso no quiere decir que no haya habido discusi\u00f3n. La extensi\u00f3n del acceso a internet y las redes sociales ha creado gran cantidad de foros, grupos de discusi\u00f3n y chats que vehiculan una animada discusi\u00f3n sobre la revoluci\u00f3n cubana y su futuro. Muchas de estas discusiones est\u00e1n dominadas por sectores contrarrevolucionarios y abiertamente restauracionistas. Otras por sectores liberales y socialdem\u00f3cratas. Pero tambi\u00e9n hay algunos de estos foros que agrupan aquellos que se consideran abiertamente socialistas, comunistas, marxistas, etc.<\/p>\n<p>Una de esas discusiones, agrupada bajo la etiqueta #M\u00e1sSocialismo, termin\u00f3 elaborando una\u00a0<a href=\"https:\/\/brujulasurblog.wordpress.com\/2021\/05\/10\/mas-socialismo-la-unica-opcion-de-cuba\/\">carta al VIII congreso del PCC<\/a>. La carta es muy interesante como s\u00edntoma de algunas de las discusiones que est\u00e1n teniendo lugar entre j\u00f3venes cubanos que se describen como \u201cmarxistas, anticapitalistas y martianos\u201d acerca del futuro de la revoluci\u00f3n. Los redactores de la carta se\u00f1alan \u201ccon preocupaci\u00f3n fen\u00f3menos que podr\u00edan comprometer el futuro del socialismo cubano,\u201d y pasan a describirlos: \u201cmuchas de las actuales cooperativas no agropecuarias (CNoA) son un fraude, pues en la pr\u00e1ctica un due\u00f1o adinerado (a veces residente en el exterior) paga un salario a sus trabajadores en lugar de distribuir ganancias. Son micro, peque\u00f1as y medianas empresas (MiPyMEs) privadas camufladas. Asimismo, muchos de los actuales cuentapropistas (TCP) son due\u00f1os de MiPyMEs tambi\u00e9n, o sea, no cumplen con el verdadero concepto de TCP, que es el trabajador que se emplea a s\u00ed mismo y a su familia en una actividad econ\u00f3mica. Desde que se permiti\u00f3 la contrataci\u00f3n de trabajadores a los \u00abTCP\u00bb, se convirtieron en peque\u00f1os capitalistas.\u201d<\/p>\n<p>Los autores de la carta se\u00f1alan el impacto que este desarrollo de una peque\u00f1a burgues\u00eda capitalista ha tenido en el terreno de la diferenciaci\u00f3n social y de la ideolog\u00eda: \u201cDiversos fen\u00f3menos negativos se han manifestado durante estos a\u00f1os de apertura al peque\u00f1ocapitalismo, como la gentrificaci\u00f3n en ciudades y zonas tur\u00edsticas, el sexismo y el racismo en la contrataci\u00f3n de trabajadores, la explotaci\u00f3n laboral extrema (que viola el C\u00f3digo de Trabajo), as\u00ed como la proliferaci\u00f3n de la corrupci\u00f3n y de antivalores como el ego\u00edsmo, el individualismo y la insensibilidad.\u201d<\/p>\n<p>La carta, aunque refleja la confusi\u00f3n propia de un debate que apenas empieza, apunta tambi\u00e9n al centro de la cuesti\u00f3n: aunque existe la propiedad estatal de los medios de producci\u00f3n, en realidad los trabajadores no son due\u00f1os de la misma. \u201cLos obreros no son ni se sienten due\u00f1os de su centro laboral, no tienen control de la producci\u00f3n, no eligen a sus dirigentes, sino que estos son designados \u00abdesde arriba\u00bb, los sindicatos son apenas una triste sombra del poder real que podr\u00edan y deber\u00edan tener, se cometen errores en la gesti\u00f3n que cuestan millones por falta de transparencia y control popular, no pocos dirigentes y mandos medios lucran de su cargo y son aut\u00e9nticos capitalistas estatales.\u201d<\/p>\n<p>La existencia de una burocracia que gestiona la econom\u00eda y el estado conduce a la ineficiencia, el despilfarro, la corrupci\u00f3n y la indolencia. Ante esta situaci\u00f3n, la Tarea Ordenamiento propone usar el mecanismo del mercado y los incentivos materiales como l\u00e1tigo para aumentar la productividad del trabajo. El problema es que ese camino abre la puerta a poderosas tendencias hacia la restauraci\u00f3n del capitalismo. La peque\u00f1a burgues\u00eda que describen los autores de #MasSocialismo no es peligrosa en s\u00ed misma, sino por el hecho de que tiene detr\u00e1s de s\u00ed al mercado mundial y a los capitalistas cubanos de Miami.<\/p>\n<p>Los autores de la carta correctamente contraponen a esto el control obrero: \u201cEl poder obrero debe liderar la gesti\u00f3n en una empresa socialista. Ha de confiarse en el movimiento obrero \u2026 La transparencia en la gesti\u00f3n econ\u00f3mica juega un imprescindible rol en el control ciudadano y obrero que debe existir en una sociedad socialista. Sin transparencia no habr\u00e1 control, y viceversa.\u201d<\/p>\n<p>Aunque algunas de sus propuestas concretas son confusas y otras contraproducentes (por ejemplo la \u201ccapitalizaci\u00f3n de las Sociedades An\u00f3nimas\u201d) en general el documento apunta en la direcci\u00f3n correcta: a favor del control obrero, contra la restauraci\u00f3n capitalista y contra la burocracia. Por ejemplo, se habla de \u201cmecanismos para la transferencia de poder a los trabajadores, \u2026 la elecci\u00f3n obrera democr\u00e1tica de los cuadros y cargos medios y la transparencia en la gesti\u00f3n econ\u00f3mica.\u201d Se propone tambi\u00e9n \u201cprohibir por ley que cuadros del Partido Comunista de Cuba y altos funcionarios del Gobierno posean (sean due\u00f1os de) MiPyMEs privadas; con el fin de evitar desviaciones observadas en procesos de apertura econ\u00f3mica similares.\u201d<\/p>\n<p>La discusi\u00f3n acerca de #M\u00e1sSocialismo, m\u00e1s all\u00e1 de los errores o limitaciones que pueda tener, es sintom\u00e1tica de algunos de los debates que se est\u00e1n dando en Cuba entre aquellos que quieren defender la revoluci\u00f3n y se oponen al capitalismo, pero al mismo tiempo rechazan la burocracia. El problema no es la propiedad estatal de los medios de producci\u00f3n en s\u00ed, sino su gesti\u00f3n burocr\u00e1tica, y por lo tanto la soluci\u00f3n no es el mercado sino el control obrero.<\/p>\n<p>De la encrucijada en que se encuentra la revoluci\u00f3n cubana se sale luchando por el control obrero y por una pol\u00edtica internacionalista. Por nuestra parte, nos colocamos en el campo de la defensa de la revoluci\u00f3n contra el imperialismo y queremos contribuir modestamente al debate con las ideas del marxismo revolucionario, las ideas de Lenin y Trotsky.<\/p>\n","protected":false},"excerpt":{"rendered":"<p>El Partido Comunista de Cuba celebr\u00f3 su 8\u00ba congreso en la Habana del 16 al 19 de abril, coincidiendo con el 60 aniversario de la proclamaci\u00f3n del car\u00e1cter socialista de la revoluci\u00f3n, en la v\u00edspera del intento de invasi\u00f3n en Playa Gir\u00f3n. El congreso culmin\u00f3 el proceso de relevo de la direcci\u00f3n hist\u00f3rica en un&#8230;<\/p>\n","protected":false},"author":36,"featured_media":10980,"comment_status":"open","ping_status":"open","sticky":false,"template":"","format":"standard","meta":{"_monsterinsights_skip_tracking":false,"_monsterinsights_sitenote_active":false,"_monsterinsights_sitenote_note":"","_monsterinsights_sitenote_category":0,"_uf_show_specific_survey":0,"_uf_disable_surveys":false,"_jetpack_memberships_contains_paid_content":false,"footnotes":""},"categories":[24,13,984,537],"tags":[766,587,1573],"class_list":["post-10979","post","type-post","status-publish","format-standard","has-post-thumbnail","hentry","category-cuba","category-internacional","category-internacional-comunista-revolucionaria","category-principales","tag-congreso","tag-cuba","tag-partido-comunista-cubano"],"aioseo_notices":[],"yoast_head":"<!-- This site is optimized with the Yoast SEO plugin v25.6 - https:\/\/yoast.com\/wordpress\/plugins\/seo\/ -->\n<title>El 8\u00ba congreso del PCC y los retos a los que se enfrenta la revoluci\u00f3n cubana<\/title>\n<meta name=\"robots\" content=\"index, follow, max-snippet:-1, max-image-preview:large, max-video-preview:-1\" \/>\n<link rel=\"canonical\" href=\"https:\/\/elcomunista.org\/?p=10979\" \/>\n<meta property=\"og:locale\" content=\"es_ES\" \/>\n<meta property=\"og:type\" content=\"article\" \/>\n<meta property=\"og:title\" content=\"El 8\u00ba congreso del PCC y los retos a los que se enfrenta la revoluci\u00f3n cubana\" \/>\n<meta property=\"og:description\" content=\"El Partido Comunista de Cuba celebr\u00f3 su 8\u00ba congreso en la Habana del 16 al 19 de abril, coincidiendo con el 60 aniversario de la proclamaci\u00f3n del car\u00e1cter socialista de la revoluci\u00f3n, en la v\u00edspera del intento de invasi\u00f3n en Playa Gir\u00f3n. El congreso culmin\u00f3 el proceso de relevo de la direcci\u00f3n hist\u00f3rica en un...\" \/>\n<meta property=\"og:url\" content=\"https:\/\/elcomunista.org\/?p=10979\" \/>\n<meta property=\"og:site_name\" content=\"Revoluci\u00f3n Comunista\" \/>\n<meta property=\"article:publisher\" content=\"https:\/\/www.facebook.com\/Bloquepopularjuvenil\" \/>\n<meta property=\"article:published_time\" content=\"2021-06-03T18:08:15+00:00\" \/>\n<meta property=\"article:modified_time\" content=\"2021-06-11T00:52:26+00:00\" \/>\n<meta property=\"og:image\" content=\"https:\/\/elcomunista.org\/wp-content\/uploads\/2021\/06\/congreso-PCC.jpg\" \/>\n\t<meta property=\"og:image:width\" content=\"768\" \/>\n\t<meta property=\"og:image:height\" content=\"500\" \/>\n\t<meta property=\"og:image:type\" content=\"image\/jpeg\" \/>\n<meta name=\"author\" content=\"Jorge Martin\" \/>\n<meta name=\"twitter:card\" content=\"summary_large_image\" \/>\n<meta name=\"twitter:creator\" content=\"@ElBPJ\" \/>\n<meta name=\"twitter:site\" content=\"@ElBPJ\" \/>\n<meta name=\"twitter:label1\" content=\"Escrito por\" \/>\n\t<meta name=\"twitter:data1\" content=\"Jorge Martin\" \/>\n\t<meta name=\"twitter:label2\" content=\"Tiempo de lectura\" \/>\n\t<meta name=\"twitter:data2\" content=\"14 minutos\" \/>\n<script type=\"application\/ld+json\" class=\"yoast-schema-graph\">{\"@context\":\"https:\/\/schema.org\",\"@graph\":[{\"@type\":\"Article\",\"@id\":\"https:\/\/elcomunista.org\/?p=10979#article\",\"isPartOf\":{\"@id\":\"https:\/\/elcomunista.org\/?p=10979\"},\"author\":{\"name\":\"Jorge Martin\",\"@id\":\"https:\/\/elcomunista.org\/#\/schema\/person\/4cc74db2ec789a45c134e77808ba2c32\"},\"headline\":\"El 8\u00ba congreso del PCC y los retos a los que se enfrenta la revoluci\u00f3n cubana\",\"datePublished\":\"2021-06-03T18:08:15+00:00\",\"dateModified\":\"2021-06-11T00:52:26+00:00\",\"mainEntityOfPage\":{\"@id\":\"https:\/\/elcomunista.org\/?p=10979\"},\"wordCount\":3489,\"commentCount\":0,\"publisher\":{\"@id\":\"https:\/\/elcomunista.org\/#organization\"},\"image\":{\"@id\":\"https:\/\/elcomunista.org\/?p=10979#primaryimage\"},\"thumbnailUrl\":\"https:\/\/elcomunista.org\/wp-content\/uploads\/2021\/06\/congreso-PCC.jpg\",\"keywords\":[\"Congreso\",\"Cuba\",\"partido comunista cubano\"],\"articleSection\":[\"Cuba\",\"Internacional\",\"Internacional Comunista Revolucionaria\",\"Principales\"],\"inLanguage\":\"es\",\"potentialAction\":[{\"@type\":\"CommentAction\",\"name\":\"Comment\",\"target\":[\"https:\/\/elcomunista.org\/?p=10979#respond\"]}]},{\"@type\":\"WebPage\",\"@id\":\"https:\/\/elcomunista.org\/?p=10979\",\"url\":\"https:\/\/elcomunista.org\/?p=10979\",\"name\":\"El 8\u00ba congreso del PCC y los retos a los que se enfrenta la revoluci\u00f3n cubana\",\"isPartOf\":{\"@id\":\"https:\/\/elcomunista.org\/#website\"},\"primaryImageOfPage\":{\"@id\":\"https:\/\/elcomunista.org\/?p=10979#primaryimage\"},\"image\":{\"@id\":\"https:\/\/elcomunista.org\/?p=10979#primaryimage\"},\"thumbnailUrl\":\"https:\/\/elcomunista.org\/wp-content\/uploads\/2021\/06\/congreso-PCC.jpg\",\"datePublished\":\"2021-06-03T18:08:15+00:00\",\"dateModified\":\"2021-06-11T00:52:26+00:00\",\"breadcrumb\":{\"@id\":\"https:\/\/elcomunista.org\/?p=10979#breadcrumb\"},\"inLanguage\":\"es\",\"potentialAction\":[{\"@type\":\"ReadAction\",\"target\":[\"https:\/\/elcomunista.org\/?p=10979\"]}]},{\"@type\":\"ImageObject\",\"inLanguage\":\"es\",\"@id\":\"https:\/\/elcomunista.org\/?p=10979#primaryimage\",\"url\":\"https:\/\/elcomunista.org\/wp-content\/uploads\/2021\/06\/congreso-PCC.jpg\",\"contentUrl\":\"https:\/\/elcomunista.org\/wp-content\/uploads\/2021\/06\/congreso-PCC.jpg\",\"width\":768,\"height\":500},{\"@type\":\"BreadcrumbList\",\"@id\":\"https:\/\/elcomunista.org\/?p=10979#breadcrumb\",\"itemListElement\":[{\"@type\":\"ListItem\",\"position\":1,\"name\":\"Portada\",\"item\":\"https:\/\/elcomunista.org\/\"},{\"@type\":\"ListItem\",\"position\":2,\"name\":\"El 8\u00ba congreso del PCC y los retos a los que se enfrenta la revoluci\u00f3n cubana\"}]},{\"@type\":\"WebSite\",\"@id\":\"https:\/\/elcomunista.org\/#website\",\"url\":\"https:\/\/elcomunista.org\/\",\"name\":\"Revoluci\u00f3n Comunista\",\"description\":\"Internacional Comunista Revolucionaria\",\"publisher\":{\"@id\":\"https:\/\/elcomunista.org\/#organization\"},\"potentialAction\":[{\"@type\":\"SearchAction\",\"target\":{\"@type\":\"EntryPoint\",\"urlTemplate\":\"https:\/\/elcomunista.org\/?s={search_term_string}\"},\"query-input\":{\"@type\":\"PropertyValueSpecification\",\"valueRequired\":true,\"valueName\":\"search_term_string\"}}],\"inLanguage\":\"es\"},{\"@type\":\"Organization\",\"@id\":\"https:\/\/elcomunista.org\/#organization\",\"name\":\"Bloque Popular Juvenil\",\"url\":\"https:\/\/elcomunista.org\/\",\"logo\":{\"@type\":\"ImageObject\",\"inLanguage\":\"es\",\"@id\":\"https:\/\/elcomunista.org\/#\/schema\/logo\/image\/\",\"url\":\"https:\/\/bloquepopularjuvenil.org\/wp-content\/uploads\/2018\/11\/bpj-militante.jpg\",\"contentUrl\":\"https:\/\/bloquepopularjuvenil.org\/wp-content\/uploads\/2018\/11\/bpj-militante.jpg\",\"width\":4000,\"height\":1390,\"caption\":\"Bloque Popular Juvenil\"},\"image\":{\"@id\":\"https:\/\/elcomunista.org\/#\/schema\/logo\/image\/\"},\"sameAs\":[\"https:\/\/www.facebook.com\/Bloquepopularjuvenil\",\"https:\/\/x.com\/ElBPJ\",\"https:\/\/www.instagram.com\/elbloque_bpj\/?hl=es-la\"]},{\"@type\":\"Person\",\"@id\":\"https:\/\/elcomunista.org\/#\/schema\/person\/4cc74db2ec789a45c134e77808ba2c32\",\"name\":\"Jorge Martin\",\"image\":{\"@type\":\"ImageObject\",\"inLanguage\":\"es\",\"@id\":\"https:\/\/elcomunista.org\/#\/schema\/person\/image\/\",\"url\":\"https:\/\/secure.gravatar.com\/avatar\/19f21407383a9ad29194a5cadd7eac42?s=96&d=mm&r=g\",\"contentUrl\":\"https:\/\/secure.gravatar.com\/avatar\/19f21407383a9ad29194a5cadd7eac42?s=96&d=mm&r=g\",\"caption\":\"Jorge Martin\"},\"url\":\"https:\/\/elcomunista.org\/?author=36\"}]}<\/script>\n<!-- \/ Yoast SEO plugin. -->","yoast_head_json":{"title":"El 8\u00ba congreso del PCC y los retos a los que se enfrenta la revoluci\u00f3n cubana","robots":{"index":"index","follow":"follow","max-snippet":"max-snippet:-1","max-image-preview":"max-image-preview:large","max-video-preview":"max-video-preview:-1"},"canonical":"https:\/\/elcomunista.org\/?p=10979","og_locale":"es_ES","og_type":"article","og_title":"El 8\u00ba congreso del PCC y los retos a los que se enfrenta la revoluci\u00f3n cubana","og_description":"El Partido Comunista de Cuba celebr\u00f3 su 8\u00ba congreso en la Habana del 16 al 19 de abril, coincidiendo con el 60 aniversario de la proclamaci\u00f3n del car\u00e1cter socialista de la revoluci\u00f3n, en la v\u00edspera del intento de invasi\u00f3n en Playa Gir\u00f3n. El congreso culmin\u00f3 el proceso de relevo de la direcci\u00f3n hist\u00f3rica en un...","og_url":"https:\/\/elcomunista.org\/?p=10979","og_site_name":"Revoluci\u00f3n Comunista","article_publisher":"https:\/\/www.facebook.com\/Bloquepopularjuvenil","article_published_time":"2021-06-03T18:08:15+00:00","article_modified_time":"2021-06-11T00:52:26+00:00","og_image":[{"width":768,"height":500,"url":"https:\/\/elcomunista.org\/wp-content\/uploads\/2021\/06\/congreso-PCC.jpg","type":"image\/jpeg"}],"author":"Jorge Martin","twitter_card":"summary_large_image","twitter_creator":"@ElBPJ","twitter_site":"@ElBPJ","twitter_misc":{"Escrito por":"Jorge Martin","Tiempo de lectura":"14 minutos"},"schema":{"@context":"https:\/\/schema.org","@graph":[{"@type":"Article","@id":"https:\/\/elcomunista.org\/?p=10979#article","isPartOf":{"@id":"https:\/\/elcomunista.org\/?p=10979"},"author":{"name":"Jorge Martin","@id":"https:\/\/elcomunista.org\/#\/schema\/person\/4cc74db2ec789a45c134e77808ba2c32"},"headline":"El 8\u00ba congreso del PCC y los retos a los que se enfrenta la revoluci\u00f3n cubana","datePublished":"2021-06-03T18:08:15+00:00","dateModified":"2021-06-11T00:52:26+00:00","mainEntityOfPage":{"@id":"https:\/\/elcomunista.org\/?p=10979"},"wordCount":3489,"commentCount":0,"publisher":{"@id":"https:\/\/elcomunista.org\/#organization"},"image":{"@id":"https:\/\/elcomunista.org\/?p=10979#primaryimage"},"thumbnailUrl":"https:\/\/elcomunista.org\/wp-content\/uploads\/2021\/06\/congreso-PCC.jpg","keywords":["Congreso","Cuba","partido comunista cubano"],"articleSection":["Cuba","Internacional","Internacional Comunista Revolucionaria","Principales"],"inLanguage":"es","potentialAction":[{"@type":"CommentAction","name":"Comment","target":["https:\/\/elcomunista.org\/?p=10979#respond"]}]},{"@type":"WebPage","@id":"https:\/\/elcomunista.org\/?p=10979","url":"https:\/\/elcomunista.org\/?p=10979","name":"El 8\u00ba congreso del PCC y los retos a los que se enfrenta la revoluci\u00f3n cubana","isPartOf":{"@id":"https:\/\/elcomunista.org\/#website"},"primaryImageOfPage":{"@id":"https:\/\/elcomunista.org\/?p=10979#primaryimage"},"image":{"@id":"https:\/\/elcomunista.org\/?p=10979#primaryimage"},"thumbnailUrl":"https:\/\/elcomunista.org\/wp-content\/uploads\/2021\/06\/congreso-PCC.jpg","datePublished":"2021-06-03T18:08:15+00:00","dateModified":"2021-06-11T00:52:26+00:00","breadcrumb":{"@id":"https:\/\/elcomunista.org\/?p=10979#breadcrumb"},"inLanguage":"es","potentialAction":[{"@type":"ReadAction","target":["https:\/\/elcomunista.org\/?p=10979"]}]},{"@type":"ImageObject","inLanguage":"es","@id":"https:\/\/elcomunista.org\/?p=10979#primaryimage","url":"https:\/\/elcomunista.org\/wp-content\/uploads\/2021\/06\/congreso-PCC.jpg","contentUrl":"https:\/\/elcomunista.org\/wp-content\/uploads\/2021\/06\/congreso-PCC.jpg","width":768,"height":500},{"@type":"BreadcrumbList","@id":"https:\/\/elcomunista.org\/?p=10979#breadcrumb","itemListElement":[{"@type":"ListItem","position":1,"name":"Portada","item":"https:\/\/elcomunista.org\/"},{"@type":"ListItem","position":2,"name":"El 8\u00ba congreso del PCC y los retos a los que se enfrenta la revoluci\u00f3n cubana"}]},{"@type":"WebSite","@id":"https:\/\/elcomunista.org\/#website","url":"https:\/\/elcomunista.org\/","name":"Revoluci\u00f3n Comunista","description":"Internacional Comunista Revolucionaria","publisher":{"@id":"https:\/\/elcomunista.org\/#organization"},"potentialAction":[{"@type":"SearchAction","target":{"@type":"EntryPoint","urlTemplate":"https:\/\/elcomunista.org\/?s={search_term_string}"},"query-input":{"@type":"PropertyValueSpecification","valueRequired":true,"valueName":"search_term_string"}}],"inLanguage":"es"},{"@type":"Organization","@id":"https:\/\/elcomunista.org\/#organization","name":"Bloque Popular Juvenil","url":"https:\/\/elcomunista.org\/","logo":{"@type":"ImageObject","inLanguage":"es","@id":"https:\/\/elcomunista.org\/#\/schema\/logo\/image\/","url":"https:\/\/bloquepopularjuvenil.org\/wp-content\/uploads\/2018\/11\/bpj-militante.jpg","contentUrl":"https:\/\/bloquepopularjuvenil.org\/wp-content\/uploads\/2018\/11\/bpj-militante.jpg","width":4000,"height":1390,"caption":"Bloque Popular Juvenil"},"image":{"@id":"https:\/\/elcomunista.org\/#\/schema\/logo\/image\/"},"sameAs":["https:\/\/www.facebook.com\/Bloquepopularjuvenil","https:\/\/x.com\/ElBPJ","https:\/\/www.instagram.com\/elbloque_bpj\/?hl=es-la"]},{"@type":"Person","@id":"https:\/\/elcomunista.org\/#\/schema\/person\/4cc74db2ec789a45c134e77808ba2c32","name":"Jorge Martin","image":{"@type":"ImageObject","inLanguage":"es","@id":"https:\/\/elcomunista.org\/#\/schema\/person\/image\/","url":"https:\/\/secure.gravatar.com\/avatar\/19f21407383a9ad29194a5cadd7eac42?s=96&d=mm&r=g","contentUrl":"https:\/\/secure.gravatar.com\/avatar\/19f21407383a9ad29194a5cadd7eac42?s=96&d=mm&r=g","caption":"Jorge Martin"},"url":"https:\/\/elcomunista.org\/?author=36"}]}},"jetpack_featured_media_url":"https:\/\/elcomunista.org\/wp-content\/uploads\/2021\/06\/congreso-PCC.jpg","jetpack_likes_enabled":true,"jetpack_sharing_enabled":true,"_links":{"self":[{"href":"https:\/\/elcomunista.org\/index.php?rest_route=\/wp\/v2\/posts\/10979"}],"collection":[{"href":"https:\/\/elcomunista.org\/index.php?rest_route=\/wp\/v2\/posts"}],"about":[{"href":"https:\/\/elcomunista.org\/index.php?rest_route=\/wp\/v2\/types\/post"}],"author":[{"embeddable":true,"href":"https:\/\/elcomunista.org\/index.php?rest_route=\/wp\/v2\/users\/36"}],"replies":[{"embeddable":true,"href":"https:\/\/elcomunista.org\/index.php?rest_route=%2Fwp%2Fv2%2Fcomments&post=10979"}],"version-history":[{"count":0,"href":"https:\/\/elcomunista.org\/index.php?rest_route=\/wp\/v2\/posts\/10979\/revisions"}],"wp:featuredmedia":[{"embeddable":true,"href":"https:\/\/elcomunista.org\/index.php?rest_route=\/wp\/v2\/media\/10980"}],"wp:attachment":[{"href":"https:\/\/elcomunista.org\/index.php?rest_route=%2Fwp%2Fv2%2Fmedia&parent=10979"}],"wp:term":[{"taxonomy":"category","embeddable":true,"href":"https:\/\/elcomunista.org\/index.php?rest_route=%2Fwp%2Fv2%2Fcategories&post=10979"},{"taxonomy":"post_tag","embeddable":true,"href":"https:\/\/elcomunista.org\/index.php?rest_route=%2Fwp%2Fv2%2Ftags&post=10979"}],"curies":[{"name":"wp","href":"https:\/\/api.w.org\/{rel}","templated":true}]}}