{"id":11148,"date":"2021-07-17T09:16:47","date_gmt":"2021-07-17T15:16:47","guid":{"rendered":"http:\/\/bloquepopularjuvenil.org\/?p=11148"},"modified":"2021-07-17T09:16:47","modified_gmt":"2021-07-17T15:16:47","slug":"brasil-bolsonaro-el-avance-de-la-ley-antiterrorista-y-las-luchas-obreras","status":"publish","type":"post","link":"https:\/\/elcomunista.org\/?p=11148","title":{"rendered":"Brasil: Bolsonaro, el avance de la ley antiterrorista y las luchas obreras"},"content":{"rendered":"<p><em>Por Michel Goulart da Silva<\/em><\/p>\n<p>El 29 de junio, la Comisi\u00f3n Especial comenz\u00f3 a trabajar en el <a href=\"https:\/\/www.camara.leg.br\/proposicoesWeb\/fichadetramitacao?idProposicao=2194587\">Proyecto de Ley (PL<\/a><a href=\"https:\/\/www.camara.leg.br\/proposicoesWeb\/fichadetramitacao?idProposicao=2194587\" target=\"_blank\" rel=\"noreferrer noopener\">)<\/a><a href=\"https:\/\/www.camara.leg.br\/proposicoesWeb\/fichadetramitacao?idProposicao=2194587\">\u00a0N\u00ba 1595\/2019<\/a>, presentado por el diputado Vitor Hugo (PSL\/GO), que tipifica el delito de terrorismo y crea el Sistema Nacional Antiterrorista. Esta propuesta se basa en otro Proyecto de Ley, archivado al final de la legislatura anterior, presentado por Jair Bolsonaro, en 2016<sup class=\"modern-footnotes-footnote\" data-mfn=\"1\"><a data-mfn-reset=\"\">1<\/a><\/sup>. El actual Proyecto de Ley busca profundizar el car\u00e1cter represivo de la Ley Antiterrorista (N\u00ba 13.260\/2016), sancionada por Dilma Rousseff. Si se aprueba en la Comisi\u00f3n Especial, pasar\u00e1 directamente al Pleno de la C\u00e1mara para su an\u00e1lisis. El texto ya fue\u00a0<a href=\"https:\/\/congressoemfoco.uol.com.br\/legislativo\/lira-instala-comissao-especial-para-analisar-pl-antiterrorismo-criticado-pela-onu\/\">aprobado por la Comisi\u00f3n de\u00a0<\/a><a href=\"https:\/\/congressoemfoco.uol.com.br\/legislativo\/lira-instala-comissao-especial-para-analisar-pl-antiterrorismo-criticado-pela-onu\/\" target=\"_blank\" rel=\"noreferrer noopener\">Seguridad<\/a><a href=\"https:\/\/congressoemfoco.uol.com.br\/legislativo\/lira-instala-comissao-especial-para-analisar-pl-antiterrorismo-criticado-pela-onu\/\">\u00a0P\u00fablica y Lucha contra el Crimen Organizado (CSPCCO)<\/a>\u00a0en agosto de 2019.<\/p>\n<hr \/>\n<p>El resurgimiento de la propuesta en abril, a trav\u00e9s de la\u00a0<a href=\"https:\/\/www.brasildefato.com.br\/2021\/04\/05\/em-meio-a-avanco-conservador-pauta-do-combate-ao-terrorismo-ressurge-no-congresso\">autorizaci\u00f3n\u00a0<\/a><a href=\"https:\/\/www.brasildefato.com.br\/2021\/04\/05\/em-meio-a-avanco-conservador-pauta-do-combate-ao-terrorismo-ressurge-no-congresso\" target=\"_blank\" rel=\"noreferrer noopener\">de<\/a><a href=\"https:\/\/www.brasildefato.com.br\/2021\/04\/05\/em-meio-a-avanco-conservador-pauta-do-combate-ao-terrorismo-ressurge-no-congresso\">\u00a0Lira para la creaci\u00f3n de la Comisi\u00f3n Especial<\/a>, llega precisamente en un momento de profundizaci\u00f3n de la crisis en el gobierno federal, con la ca\u00edda de la popularidad del presidente y la organizaci\u00f3n en todo el pa\u00eds de amplias movilizaciones para el derrocamiento de Bolsonaro. Adem\u00e1s, el PL en tr\u00e1mite plantea la posibilidad de ampliar la criminalizaci\u00f3n de los movimientos sociales, poco despu\u00e9s de la\u00a0<a href=\"https:\/\/www.marxismo.org.br\/a-revogacao-da-lei-de-seguranca-nacional-e-a-repressao-aos-trabalhadores\/\">derogaci\u00f3n de la Ley de Seguridad Nacional (<\/a><a href=\"https:\/\/www.marxismo.org.br\/a-revogacao-da-lei-de-seguranca-nacional-e-a-repressao-aos-trabalhadores\/\" target=\"_blank\" rel=\"noreferrer noopener\">LSN<\/a><a href=\"https:\/\/www.marxismo.org.br\/a-revogacao-da-lei-de-seguranca-nacional-e-a-repressao-aos-trabalhadores\/\">)<\/a>, cuyos mecanismos represivos fueron incorporados como un nuevo cap\u00edtulo del C\u00f3digo Penal.<\/p>\n<p>El proyecto de ley que se est\u00e1 estudiando actualmente ampl\u00eda los actos considerados terroristas a aquellos que \u00abparecen\u00bb tener la intenci\u00f3n de\u00a0<em>\u00abintimidar o coaccionar a la poblaci\u00f3n civil o afectar a la elaboraci\u00f3n de pol\u00edticas p\u00fablicas mediante la intimidaci\u00f3n, la coacci\u00f3n, la destrucci\u00f3n masiva, el asesinato, el secuestro o cualquier otra forma de violencia<\/em>\u00ab. Se entiende por acto terrorista aquel \u00ab<em>que es peligroso para la vida humana o potencialmente destructivo para alguna infraestructura cr\u00edtica, servicio p\u00fablico esencial o recurso clave\u00bb.<\/em><\/p>\n<p>En t\u00e9rminos conceptuales, hay poca diferencia en relaci\u00f3n con la comprensi\u00f3n actual del terrorismo, tanto en la\u00a0<a href=\"https:\/\/www.marxismo.org.br\/da-guerra-ao-terror-a-guerra-aos-trabalhadores\/\">ley sancionada\u00a0<\/a><a href=\"https:\/\/www.marxismo.org.br\/da-guerra-ao-terror-a-guerra-aos-trabalhadores\/\" target=\"_blank\" rel=\"noreferrer noopener\">por<\/a><a href=\"https:\/\/www.marxismo.org.br\/da-guerra-ao-terror-a-guerra-aos-trabalhadores\/\">\u00a0Dilma<\/a>\u00a0como en el texto insertado en el C\u00f3digo Penal, que fue apoyado por los parlamentarios del PT.<\/p>\n<p>En el C\u00f3digo Penal se definen temas como la \u00abconspiraci\u00f3n\u00bb y la \u00abinsurrecci\u00f3n\u00bb, que sirven de base para el PL en proceso. En el nuevo cap\u00edtulo del C\u00f3digo Penal, el terrorismo est\u00e1 ahora tipificado como tal:\u00a0<em>\u00abapoderarse o ejercer el control, total o parcialmente, de forma definitiva o temporal, de medios de comunicaci\u00f3n p\u00fablico o de transporte, puertos, aeropuertos, estaciones de ferrocarril o de carretera, instalaciones o establecimientos p\u00fablicos destinados al suministro de agua, luz, combustible o alimentos, o a la satisfacci\u00f3n de las necesidades generales e imperiosas de la poblaci\u00f3n\u00bb.<\/em><\/p>\n<p>Otro punto destacado en el PL en curso es el que autoriza la infiltraci\u00f3n de agentes p\u00fablicos en organizaciones consideradas terroristas, \u00absi hay indicios de actos preparatorios\u00bb. Adem\u00e1s, el texto prev\u00e9 una \u00abexclusi\u00f3n de la ilegalidad\u00bb para los oficiales que cometan actos ilegales. Por lo tanto, el agente estar\u00eda actuando en \u00ableg\u00edtima defensa\u00bb cuando, por ejemplo, \u00abdispara un arma de fuego para proteger la vida de una v\u00edctima en peligro real o inminente causado por las acciones de los terroristas, incluso si el resultado, debido a un error excusable en la ejecuci\u00f3n, sea diferente del deseado.\u00bb<\/p>\n<p>El presente PL, por tanto, pretende sancionar las acciones de los agentes de la represi\u00f3n, incluido el asesinato, si se alega una amenaza terrorista. En este caso, se abre la posibilidad de que los gobiernos se\u00f1alen a cualquiera de sus cr\u00edticos como amenazas al orden p\u00fablico, permitiendo as\u00ed la persecuci\u00f3n pol\u00edtica. El Estado est\u00e1 ahora autorizado a aumentar la represi\u00f3n si alega una amenaza terrorista. Hasta cierto punto, se trata de una versi\u00f3n del concepto de \u00abseguridad nacional\u00bb utilizado por los militares para perseguir y asesinar a los opositores a la dictadura.<\/p>\n<p>El 29 de junio, la Comisi\u00f3n Especial comenz\u00f3 a trabajar en el\u00a0<a href=\"https:\/\/www.camara.leg.br\/proposicoesWeb\/fichadetramitacao?idProposicao=2194587\" target=\"_blank\" rel=\"noreferrer noopener\">Proyecto de Ley (PL) N\u00ba 1595\/2019<\/a>, presentado por el diputado Vitor Hugo (PSL\/GO), que tipifica el delito de terrorismo y crea el Sistema Nacional Antiterrorista. Esta propuesta se basa en otro proyecto de ley, archivado al final de la legislatura anterior, presentado por Jair Bolsonaro, en 2016. El actual proyecto de ley busca profundizar el car\u00e1cter represivo de la Ley Antiterrorista (N\u00ba 13.260\/2016), sancionada por Dilma Rousseff. Si se aprueba en la Comisi\u00f3n Especial, pasar\u00e1 directamente al Pleno de la C\u00e1mara para su an\u00e1lisis. El texto ya fue\u00a0<a href=\"https:\/\/congressoemfoco.uol.com.br\/legislativo\/lira-instala-comissao-especial-para-analisar-pl-antiterrorismo-criticado-pela-onu\/\" target=\"_blank\" rel=\"noreferrer noopener\">aprobado por la Comisi\u00f3n de Seguridad P\u00fablica y Lucha contra el Crimen Organizado (CSPCCO)<\/a>\u00a0en agosto de 2019.<\/p>\n<p>El resurgimiento de la propuesta en abril, a trav\u00e9s de la\u00a0<a href=\"https:\/\/www.brasildefato.com.br\/2021\/04\/05\/em-meio-a-avanco-conservador-pauta-do-combate-ao-terrorismo-ressurge-no-congresso\" target=\"_blank\" rel=\"noreferrer noopener\">autorizaci\u00f3n de Lira para la creaci\u00f3n de la Comisi\u00f3n Especial<\/a>, llega precisamente en un momento de profundizaci\u00f3n de la crisis en el gobierno federal, con la ca\u00edda de la popularidad del presidente y la organizaci\u00f3n en todo el pa\u00eds de amplias movilizaciones para el derrocamiento de Bolsonaro. Adem\u00e1s, el PL en tr\u00e1mite plantea la posibilidad de ampliar la criminalizaci\u00f3n de los movimientos sociales, poco despu\u00e9s de la\u00a0<a href=\"https:\/\/www.marxismo.org.br\/a-revogacao-da-lei-de-seguranca-nacional-e-a-repressao-aos-trabalhadores\/\" target=\"_blank\" rel=\"noreferrer noopener\">derogaci\u00f3n de la Ley de Seguridad Nacional (LSN)<\/a>, cuyos mecanismos represivos fueron incorporados como un nuevo cap\u00edtulo del C\u00f3digo Penal.<\/p>\n<p>El proyecto de ley que se est\u00e1 estudiando actualmente ampl\u00eda los actos considerados terroristas a aquellos que \u00abparecen\u00bb tener la intenci\u00f3n de\u00a0<em>\u00abintimidar o coaccionar a la poblaci\u00f3n civil o afectar a la elaboraci\u00f3n de pol\u00edticas p\u00fablicas mediante la intimidaci\u00f3n, la coacci\u00f3n, la destrucci\u00f3n masiva, el asesinato, el secuestro o cualquier otra forma de violencia<\/em>\u00ab. Se entiende por acto terrorista aquel \u00ab<em>que es peligroso para la vida humana o potencialmente destructivo para alguna infraestructura cr\u00edtica, servicio p\u00fablico esencial o recurso clave\u00bb.<\/em><\/p>\n<p>En t\u00e9rminos conceptuales, hay poca diferencia en relaci\u00f3n con la comprensi\u00f3n actual del terrorismo, tanto en la\u00a0<a href=\"https:\/\/www.marxismo.org.br\/da-guerra-ao-terror-a-guerra-aos-trabalhadores\/\" target=\"_blank\" rel=\"noreferrer noopener\">ley sancionada por Dilma<\/a>\u00a0como en el texto insertado en el C\u00f3digo Penal, que fue apoyado por los parlamentarios del PT.<\/p>\n<p>En el C\u00f3digo Penal se definen temas como la \u00abconspiraci\u00f3n\u00bb y la \u00abinsurrecci\u00f3n\u00bb, que sirven de base para el PL en proceso. En el nuevo cap\u00edtulo del C\u00f3digo Penal, el terrorismo est\u00e1 ahora tipificado como tal:\u00a0<em>\u00abapoderarse o ejercer el control, total o parcialmente, de forma definitiva o temporal, de medios de comunicaci\u00f3n p\u00fablico o de transporte, puertos, aeropuertos, estaciones de ferrocarril o de carretera, instalaciones o establecimientos p\u00fablicos destinados al suministro de agua, luz, combustible o alimentos, o a la satisfacci\u00f3n de las necesidades generales e imperiosas de la poblaci\u00f3n\u00bb.<\/em><\/p>\n<p>Otro punto destacado en el PL en curso es el que autoriza la infiltraci\u00f3n de agentes p\u00fablicos en organizaciones consideradas terroristas, \u00absi hay indicios de actos preparatorios\u00bb. Adem\u00e1s, el texto prev\u00e9 una \u00abexclusi\u00f3n de la ilegalidad\u00bb para los oficiales que cometan actos ilegales. Por lo tanto, el agente estar\u00eda actuando en \u00ableg\u00edtima defensa\u00bb cuando, por ejemplo, \u00abdispara un arma de fuego para proteger la vida de una v\u00edctima en peligro real o inminente causado por las acciones de los terroristas, incluso si el resultado, debido a un error excusable en la ejecuci\u00f3n, sea diferente del deseado.\u00bb<\/p>\n<p>El presente PL, por tanto, pretende sancionar las acciones de los agentes de la represi\u00f3n, incluido el asesinato, si se alega una amenaza terrorista. En este caso, se abre la posibilidad de que los gobiernos se\u00f1alen a cualquiera de sus cr\u00edticos como amenazas al orden p\u00fablico, permitiendo as\u00ed la persecuci\u00f3n pol\u00edtica. El Estado est\u00e1 ahora autorizado a aumentar la represi\u00f3n si alega una amenaza terrorista. Hasta cierto punto, se trata de una versi\u00f3n del concepto de \u00abseguridad nacional\u00bb utilizado por los militares para perseguir y asesinar a los opositores a la dictadura.<\/p>\n<p>El proyecto de ley que se est\u00e1 tramitando es un ejemplo m\u00e1s de las acciones del Estado para frenar la lucha de los trabajadores. Junto con la Ley Antiterrorista de Dilma y la versi\u00f3n \u00abmoderna\u00bb de la LSN, es un intento m\u00e1s por contener la crisis instalada en las instituciones nacidas en la Nueva Rep\u00fablica. Los trabajadores s\u00f3lo pueden dar una respuesta: no s\u00f3lo impedir el PL en curso, sino luchar por el fin de la Ley Antiterrorista y cualquier otra que atente contra las libertades democr\u00e1ticas, especialmente las que criminalizan sus luchas y limitan su derecho a organizarse. En este sentido, lo m\u00e1s urgente es organizar la lucha para derrocar el gobierno Bolsonaro ahora, y construir un gobierno de los trabajadores, sin patrones ni generales.<\/p>\n","protected":false},"excerpt":{"rendered":"<p>Por Michel Goulart da Silva El 29 de junio, la Comisi\u00f3n Especial comenz\u00f3 a trabajar en el Proyecto de Ley (PL)\u00a0N\u00ba 1595\/2019, presentado por el diputado Vitor Hugo (PSL\/GO), que tipifica el delito de terrorismo y crea el Sistema Nacional Antiterrorista. Esta propuesta se basa en otro Proyecto de Ley, archivado al final de la&#8230;<\/p>\n","protected":false},"author":21,"featured_media":11149,"comment_status":"open","ping_status":"open","sticky":false,"template":"","format":"standard","meta":{"_monsterinsights_skip_tracking":false,"_monsterinsights_sitenote_active":false,"_monsterinsights_sitenote_note":"","_monsterinsights_sitenote_category":0,"_uf_show_specific_survey":0,"_uf_disable_surveys":false,"_jetpack_memberships_contains_paid_content":false,"footnotes":""},"categories":[16,537],"tags":[414,1158,1623],"class_list":["post-11148","post","type-post","status-publish","format-standard","has-post-thumbnail","hentry","category-brasil","category-principales","tag-bolsonaro","tag-brasil","tag-ley-antiterrorista"],"aioseo_notices":[],"yoast_head":"<!-- This site is optimized with the Yoast SEO plugin v25.6 - https:\/\/yoast.com\/wordpress\/plugins\/seo\/ -->\n<title>Brasil: Bolsonaro, el avance de la ley antiterrorista y las luchas obreras<\/title>\n<meta name=\"robots\" content=\"index, follow, max-snippet:-1, max-image-preview:large, max-video-preview:-1\" \/>\n<link rel=\"canonical\" href=\"https:\/\/elcomunista.org\/?p=11148\" \/>\n<meta property=\"og:locale\" content=\"es_ES\" \/>\n<meta property=\"og:type\" content=\"article\" \/>\n<meta property=\"og:title\" content=\"Brasil: Bolsonaro, el avance de la ley antiterrorista y las luchas obreras\" \/>\n<meta property=\"og:description\" content=\"Por Michel Goulart da Silva El 29 de junio, la Comisi\u00f3n Especial comenz\u00f3 a trabajar en el Proyecto de Ley (PL)\u00a0N\u00ba 1595\/2019, presentado por el diputado Vitor Hugo (PSL\/GO), que tipifica el delito de terrorismo y crea el Sistema Nacional Antiterrorista. Esta propuesta se basa en otro Proyecto de Ley, archivado al final de la...\" \/>\n<meta property=\"og:url\" content=\"https:\/\/elcomunista.org\/?p=11148\" \/>\n<meta property=\"og:site_name\" content=\"Revoluci\u00f3n Comunista\" \/>\n<meta property=\"article:publisher\" content=\"https:\/\/www.facebook.com\/Bloquepopularjuvenil\" \/>\n<meta property=\"article:published_time\" content=\"2021-07-17T15:16:47+00:00\" \/>\n<meta property=\"og:image\" content=\"https:\/\/elcomunista.org\/wp-content\/uploads\/2021\/07\/imagen_2021-07-17_091611.png\" \/>\n\t<meta property=\"og:image:width\" content=\"1440\" \/>\n\t<meta property=\"og:image:height\" content=\"810\" \/>\n\t<meta property=\"og:image:type\" content=\"image\/png\" \/>\n<meta name=\"author\" content=\"Esquerda Marxista - Brasil\" \/>\n<meta name=\"twitter:card\" content=\"summary_large_image\" \/>\n<meta name=\"twitter:creator\" content=\"@ElBPJ\" \/>\n<meta name=\"twitter:site\" content=\"@ElBPJ\" \/>\n<meta name=\"twitter:label1\" content=\"Escrito por\" \/>\n\t<meta name=\"twitter:data1\" content=\"Esquerda Marxista - Brasil\" \/>\n\t<meta name=\"twitter:label2\" content=\"Tiempo de lectura\" \/>\n\t<meta name=\"twitter:data2\" content=\"6 minutos\" \/>\n<script type=\"application\/ld+json\" class=\"yoast-schema-graph\">{\"@context\":\"https:\/\/schema.org\",\"@graph\":[{\"@type\":\"Article\",\"@id\":\"https:\/\/elcomunista.org\/?p=11148#article\",\"isPartOf\":{\"@id\":\"https:\/\/elcomunista.org\/?p=11148\"},\"author\":{\"name\":\"Esquerda Marxista - Brasil\",\"@id\":\"https:\/\/elcomunista.org\/#\/schema\/person\/2ccca13bab13b85ac22c5e6dbae29bda\"},\"headline\":\"Brasil: Bolsonaro, el avance de la ley antiterrorista y las luchas obreras\",\"datePublished\":\"2021-07-17T15:16:47+00:00\",\"mainEntityOfPage\":{\"@id\":\"https:\/\/elcomunista.org\/?p=11148\"},\"wordCount\":1497,\"commentCount\":0,\"publisher\":{\"@id\":\"https:\/\/elcomunista.org\/#organization\"},\"image\":{\"@id\":\"https:\/\/elcomunista.org\/?p=11148#primaryimage\"},\"thumbnailUrl\":\"https:\/\/elcomunista.org\/wp-content\/uploads\/2021\/07\/imagen_2021-07-17_091611.png\",\"keywords\":[\"Bolsonaro\",\"Brasil\",\"Ley antiterrorista\"],\"articleSection\":[\"Brasil\",\"Principales\"],\"inLanguage\":\"es\",\"potentialAction\":[{\"@type\":\"CommentAction\",\"name\":\"Comment\",\"target\":[\"https:\/\/elcomunista.org\/?p=11148#respond\"]}]},{\"@type\":\"WebPage\",\"@id\":\"https:\/\/elcomunista.org\/?p=11148\",\"url\":\"https:\/\/elcomunista.org\/?p=11148\",\"name\":\"Brasil: Bolsonaro, el avance de la ley antiterrorista y las luchas obreras\",\"isPartOf\":{\"@id\":\"https:\/\/elcomunista.org\/#website\"},\"primaryImageOfPage\":{\"@id\":\"https:\/\/elcomunista.org\/?p=11148#primaryimage\"},\"image\":{\"@id\":\"https:\/\/elcomunista.org\/?p=11148#primaryimage\"},\"thumbnailUrl\":\"https:\/\/elcomunista.org\/wp-content\/uploads\/2021\/07\/imagen_2021-07-17_091611.png\",\"datePublished\":\"2021-07-17T15:16:47+00:00\",\"breadcrumb\":{\"@id\":\"https:\/\/elcomunista.org\/?p=11148#breadcrumb\"},\"inLanguage\":\"es\",\"potentialAction\":[{\"@type\":\"ReadAction\",\"target\":[\"https:\/\/elcomunista.org\/?p=11148\"]}]},{\"@type\":\"ImageObject\",\"inLanguage\":\"es\",\"@id\":\"https:\/\/elcomunista.org\/?p=11148#primaryimage\",\"url\":\"https:\/\/elcomunista.org\/wp-content\/uploads\/2021\/07\/imagen_2021-07-17_091611.png\",\"contentUrl\":\"https:\/\/elcomunista.org\/wp-content\/uploads\/2021\/07\/imagen_2021-07-17_091611.png\",\"width\":1440,\"height\":810},{\"@type\":\"BreadcrumbList\",\"@id\":\"https:\/\/elcomunista.org\/?p=11148#breadcrumb\",\"itemListElement\":[{\"@type\":\"ListItem\",\"position\":1,\"name\":\"Portada\",\"item\":\"https:\/\/elcomunista.org\/\"},{\"@type\":\"ListItem\",\"position\":2,\"name\":\"Brasil: Bolsonaro, el avance de la ley antiterrorista y las luchas obreras\"}]},{\"@type\":\"WebSite\",\"@id\":\"https:\/\/elcomunista.org\/#website\",\"url\":\"https:\/\/elcomunista.org\/\",\"name\":\"Revoluci\u00f3n Comunista\",\"description\":\"Internacional Comunista Revolucionaria\",\"publisher\":{\"@id\":\"https:\/\/elcomunista.org\/#organization\"},\"potentialAction\":[{\"@type\":\"SearchAction\",\"target\":{\"@type\":\"EntryPoint\",\"urlTemplate\":\"https:\/\/elcomunista.org\/?s={search_term_string}\"},\"query-input\":{\"@type\":\"PropertyValueSpecification\",\"valueRequired\":true,\"valueName\":\"search_term_string\"}}],\"inLanguage\":\"es\"},{\"@type\":\"Organization\",\"@id\":\"https:\/\/elcomunista.org\/#organization\",\"name\":\"Bloque Popular Juvenil\",\"url\":\"https:\/\/elcomunista.org\/\",\"logo\":{\"@type\":\"ImageObject\",\"inLanguage\":\"es\",\"@id\":\"https:\/\/elcomunista.org\/#\/schema\/logo\/image\/\",\"url\":\"https:\/\/bloquepopularjuvenil.org\/wp-content\/uploads\/2018\/11\/bpj-militante.jpg\",\"contentUrl\":\"https:\/\/bloquepopularjuvenil.org\/wp-content\/uploads\/2018\/11\/bpj-militante.jpg\",\"width\":4000,\"height\":1390,\"caption\":\"Bloque Popular Juvenil\"},\"image\":{\"@id\":\"https:\/\/elcomunista.org\/#\/schema\/logo\/image\/\"},\"sameAs\":[\"https:\/\/www.facebook.com\/Bloquepopularjuvenil\",\"https:\/\/x.com\/ElBPJ\",\"https:\/\/www.instagram.com\/elbloque_bpj\/?hl=es-la\"]},{\"@type\":\"Person\",\"@id\":\"https:\/\/elcomunista.org\/#\/schema\/person\/2ccca13bab13b85ac22c5e6dbae29bda\",\"name\":\"Esquerda Marxista - Brasil\",\"image\":{\"@type\":\"ImageObject\",\"inLanguage\":\"es\",\"@id\":\"https:\/\/elcomunista.org\/#\/schema\/person\/image\/\",\"url\":\"https:\/\/secure.gravatar.com\/avatar\/b936a4364605f6091329c7f678221f55?s=96&d=mm&r=g\",\"contentUrl\":\"https:\/\/secure.gravatar.com\/avatar\/b936a4364605f6091329c7f678221f55?s=96&d=mm&r=g\",\"caption\":\"Esquerda Marxista - Brasil\"},\"url\":\"https:\/\/elcomunista.org\/?author=21\"}]}<\/script>\n<!-- \/ Yoast SEO plugin. -->","yoast_head_json":{"title":"Brasil: Bolsonaro, el avance de la ley antiterrorista y las luchas obreras","robots":{"index":"index","follow":"follow","max-snippet":"max-snippet:-1","max-image-preview":"max-image-preview:large","max-video-preview":"max-video-preview:-1"},"canonical":"https:\/\/elcomunista.org\/?p=11148","og_locale":"es_ES","og_type":"article","og_title":"Brasil: Bolsonaro, el avance de la ley antiterrorista y las luchas obreras","og_description":"Por Michel Goulart da Silva El 29 de junio, la Comisi\u00f3n Especial comenz\u00f3 a trabajar en el Proyecto de Ley (PL)\u00a0N\u00ba 1595\/2019, presentado por el diputado Vitor Hugo (PSL\/GO), que tipifica el delito de terrorismo y crea el Sistema Nacional Antiterrorista. Esta propuesta se basa en otro Proyecto de Ley, archivado al final de la...","og_url":"https:\/\/elcomunista.org\/?p=11148","og_site_name":"Revoluci\u00f3n Comunista","article_publisher":"https:\/\/www.facebook.com\/Bloquepopularjuvenil","article_published_time":"2021-07-17T15:16:47+00:00","og_image":[{"width":1440,"height":810,"url":"https:\/\/elcomunista.org\/wp-content\/uploads\/2021\/07\/imagen_2021-07-17_091611.png","type":"image\/png"}],"author":"Esquerda Marxista - Brasil","twitter_card":"summary_large_image","twitter_creator":"@ElBPJ","twitter_site":"@ElBPJ","twitter_misc":{"Escrito por":"Esquerda Marxista - Brasil","Tiempo de lectura":"6 minutos"},"schema":{"@context":"https:\/\/schema.org","@graph":[{"@type":"Article","@id":"https:\/\/elcomunista.org\/?p=11148#article","isPartOf":{"@id":"https:\/\/elcomunista.org\/?p=11148"},"author":{"name":"Esquerda Marxista - Brasil","@id":"https:\/\/elcomunista.org\/#\/schema\/person\/2ccca13bab13b85ac22c5e6dbae29bda"},"headline":"Brasil: Bolsonaro, el avance de la ley antiterrorista y las luchas obreras","datePublished":"2021-07-17T15:16:47+00:00","mainEntityOfPage":{"@id":"https:\/\/elcomunista.org\/?p=11148"},"wordCount":1497,"commentCount":0,"publisher":{"@id":"https:\/\/elcomunista.org\/#organization"},"image":{"@id":"https:\/\/elcomunista.org\/?p=11148#primaryimage"},"thumbnailUrl":"https:\/\/elcomunista.org\/wp-content\/uploads\/2021\/07\/imagen_2021-07-17_091611.png","keywords":["Bolsonaro","Brasil","Ley antiterrorista"],"articleSection":["Brasil","Principales"],"inLanguage":"es","potentialAction":[{"@type":"CommentAction","name":"Comment","target":["https:\/\/elcomunista.org\/?p=11148#respond"]}]},{"@type":"WebPage","@id":"https:\/\/elcomunista.org\/?p=11148","url":"https:\/\/elcomunista.org\/?p=11148","name":"Brasil: Bolsonaro, el avance de la ley antiterrorista y las luchas obreras","isPartOf":{"@id":"https:\/\/elcomunista.org\/#website"},"primaryImageOfPage":{"@id":"https:\/\/elcomunista.org\/?p=11148#primaryimage"},"image":{"@id":"https:\/\/elcomunista.org\/?p=11148#primaryimage"},"thumbnailUrl":"https:\/\/elcomunista.org\/wp-content\/uploads\/2021\/07\/imagen_2021-07-17_091611.png","datePublished":"2021-07-17T15:16:47+00:00","breadcrumb":{"@id":"https:\/\/elcomunista.org\/?p=11148#breadcrumb"},"inLanguage":"es","potentialAction":[{"@type":"ReadAction","target":["https:\/\/elcomunista.org\/?p=11148"]}]},{"@type":"ImageObject","inLanguage":"es","@id":"https:\/\/elcomunista.org\/?p=11148#primaryimage","url":"https:\/\/elcomunista.org\/wp-content\/uploads\/2021\/07\/imagen_2021-07-17_091611.png","contentUrl":"https:\/\/elcomunista.org\/wp-content\/uploads\/2021\/07\/imagen_2021-07-17_091611.png","width":1440,"height":810},{"@type":"BreadcrumbList","@id":"https:\/\/elcomunista.org\/?p=11148#breadcrumb","itemListElement":[{"@type":"ListItem","position":1,"name":"Portada","item":"https:\/\/elcomunista.org\/"},{"@type":"ListItem","position":2,"name":"Brasil: Bolsonaro, el avance de la ley antiterrorista y las luchas obreras"}]},{"@type":"WebSite","@id":"https:\/\/elcomunista.org\/#website","url":"https:\/\/elcomunista.org\/","name":"Revoluci\u00f3n Comunista","description":"Internacional Comunista Revolucionaria","publisher":{"@id":"https:\/\/elcomunista.org\/#organization"},"potentialAction":[{"@type":"SearchAction","target":{"@type":"EntryPoint","urlTemplate":"https:\/\/elcomunista.org\/?s={search_term_string}"},"query-input":{"@type":"PropertyValueSpecification","valueRequired":true,"valueName":"search_term_string"}}],"inLanguage":"es"},{"@type":"Organization","@id":"https:\/\/elcomunista.org\/#organization","name":"Bloque Popular Juvenil","url":"https:\/\/elcomunista.org\/","logo":{"@type":"ImageObject","inLanguage":"es","@id":"https:\/\/elcomunista.org\/#\/schema\/logo\/image\/","url":"https:\/\/bloquepopularjuvenil.org\/wp-content\/uploads\/2018\/11\/bpj-militante.jpg","contentUrl":"https:\/\/bloquepopularjuvenil.org\/wp-content\/uploads\/2018\/11\/bpj-militante.jpg","width":4000,"height":1390,"caption":"Bloque Popular Juvenil"},"image":{"@id":"https:\/\/elcomunista.org\/#\/schema\/logo\/image\/"},"sameAs":["https:\/\/www.facebook.com\/Bloquepopularjuvenil","https:\/\/x.com\/ElBPJ","https:\/\/www.instagram.com\/elbloque_bpj\/?hl=es-la"]},{"@type":"Person","@id":"https:\/\/elcomunista.org\/#\/schema\/person\/2ccca13bab13b85ac22c5e6dbae29bda","name":"Esquerda Marxista - Brasil","image":{"@type":"ImageObject","inLanguage":"es","@id":"https:\/\/elcomunista.org\/#\/schema\/person\/image\/","url":"https:\/\/secure.gravatar.com\/avatar\/b936a4364605f6091329c7f678221f55?s=96&d=mm&r=g","contentUrl":"https:\/\/secure.gravatar.com\/avatar\/b936a4364605f6091329c7f678221f55?s=96&d=mm&r=g","caption":"Esquerda Marxista - Brasil"},"url":"https:\/\/elcomunista.org\/?author=21"}]}},"jetpack_featured_media_url":"https:\/\/elcomunista.org\/wp-content\/uploads\/2021\/07\/imagen_2021-07-17_091611.png","jetpack_likes_enabled":true,"jetpack_sharing_enabled":true,"_links":{"self":[{"href":"https:\/\/elcomunista.org\/index.php?rest_route=\/wp\/v2\/posts\/11148"}],"collection":[{"href":"https:\/\/elcomunista.org\/index.php?rest_route=\/wp\/v2\/posts"}],"about":[{"href":"https:\/\/elcomunista.org\/index.php?rest_route=\/wp\/v2\/types\/post"}],"author":[{"embeddable":true,"href":"https:\/\/elcomunista.org\/index.php?rest_route=\/wp\/v2\/users\/21"}],"replies":[{"embeddable":true,"href":"https:\/\/elcomunista.org\/index.php?rest_route=%2Fwp%2Fv2%2Fcomments&post=11148"}],"version-history":[{"count":0,"href":"https:\/\/elcomunista.org\/index.php?rest_route=\/wp\/v2\/posts\/11148\/revisions"}],"wp:featuredmedia":[{"embeddable":true,"href":"https:\/\/elcomunista.org\/index.php?rest_route=\/wp\/v2\/media\/11149"}],"wp:attachment":[{"href":"https:\/\/elcomunista.org\/index.php?rest_route=%2Fwp%2Fv2%2Fmedia&parent=11148"}],"wp:term":[{"taxonomy":"category","embeddable":true,"href":"https:\/\/elcomunista.org\/index.php?rest_route=%2Fwp%2Fv2%2Fcategories&post=11148"},{"taxonomy":"post_tag","embeddable":true,"href":"https:\/\/elcomunista.org\/index.php?rest_route=%2Fwp%2Fv2%2Ftags&post=11148"}],"curies":[{"name":"wp","href":"https:\/\/api.w.org\/{rel}","templated":true}]}}