{"id":11245,"date":"2021-08-11T17:15:12","date_gmt":"2021-08-11T23:15:12","guid":{"rendered":"http:\/\/bloquepopularjuvenil.org\/?p=11245"},"modified":"2021-08-11T17:15:12","modified_gmt":"2021-08-11T23:15:12","slug":"incendios-forestales-en-grecia-el-piromano-es-la-clase-dominante","status":"publish","type":"post","link":"https:\/\/elcomunista.org\/?p=11245","title":{"rendered":"Incendios forestales en Grecia: el pir\u00f3mano es la clase dominante"},"content":{"rendered":"<p><em>Por Tendencia Comunista (CMI Grecia)<\/em><\/p>\n<hr \/>\n<p>La inmensa destrucci\u00f3n causada por los incendios forestales en Varimpompi, Eubea y decenas de otras \u00e1reas de Grecia no se debe \u00fanicamente a los vientos, las altas temperaturas y el cambio clim\u00e1tico, como afirman el gobierno de Nueva Democracia y los medios burgueses. La verdadera causa de esta cat\u00e1strofe son las pol\u00edticas reaccionarias y la indiferencia criminal de la clase dominante griega.<\/p>\n<section class=\"article-content\">El gobierno actual conoc\u00eda bien los nuevos datos sobre el aumento del riesgo de incendios provocados por el cambio clim\u00e1tico, que se debe a la naturaleza b\u00e1rbara y parasitaria del sistema capitalista al que sirve. Pero no tom\u00f3 ninguna medida sustancial para evitar la cat\u00e1strofe.<\/p>\n<p>En 2020, el gobierno de derecha de Nueva Democracia (ND) rechaz\u00f3 provocadoramente la contrataci\u00f3n de 5.000 nuevos bomberos. El presupuesto de este a\u00f1o para los bomberos es de solo 1,7 millones de euros, mientras que los bomberos y otros servicios relacionados solicitaron 17 millones de euros para cubrir sus necesidades b\u00e1sicas.<\/p>\n<p>El gobierno don\u00f3 \u00abgenerosamente\u00bb 20 millones de euros el a\u00f1o pasado a sus amistosos medios de comunicaci\u00f3n privados. Adem\u00e1s, entreg\u00f3 40 millones de euros en concepto de subvenci\u00f3n a las empresas de peaje, 120 millones de euros a la aerol\u00ednea privada AEGEAN y 20 millones de euros para el salario anual de 1.030 guardias especiales que vigilar\u00e1n los campus universitarios. El gobierno tambi\u00e9n gast\u00f3 casi 5 mil millones de euros en nuevos aviones de combate y fragatas en un contexto de crecientes tensiones militares con Turqu\u00eda.<\/p>\n<p><a href=\"https:\/\/twitter.com\/disclosetv\/status\/1423781858391822336?s=20\">https:\/\/twitter.com\/disclosetv\/status\/1423781858391822336?s=20<\/a><\/p>\n<p>El Estado griego en 2021 ocupa el primer lugar en la OTAN en t\u00e9rminos de su gasto militar total como proporci\u00f3n del PIB, con un 3,82 por ciento. Esto demuestra las prioridades de la clase dominante griega: recompensarse econ\u00f3micamente a s\u00ed misma y a sus compinches, amasar armas y fortalecer la represi\u00f3n estatal contra cualquier protesta. La protecci\u00f3n de los bosques y la extinci\u00f3n de incendios son una p\u00e9rdida de dinero a los ojos de la clase dominante.<\/p>\n<p>La hipocres\u00eda de la burgues\u00eda griega se expresa a trav\u00e9s de las palabras de los funcionarios del gobierno en este momento: \u00ab\u00a1Que todo se reduzca a cenizas, mientras se salven vidas humanas!\u00bb<\/p>\n<p>De hecho, un bombero voluntario ya muri\u00f3 mientras luchaba contra un incendio. A medida que avancen los incendios, sin duda habr\u00e1 m\u00e1s v\u00edctimas. Y el c\u00e1lculo subestimado del gobierno no tiene en cuenta el impacto m\u00e1s amplio de los incendios en la vida de las personas. Ya, m\u00e1s de 1000 hogares en la regi\u00f3n de Evia han sido quemados hasta los cimientos.<\/p>\n<p>El gobierno tampoco tiene en cuenta la destrucci\u00f3n del h\u00e1bitat y la vida animal, ni los efectos a largo plazo en la salud de millones de personas debido a la contaminaci\u00f3n del aire.<\/p>\n<p>Pero los j\u00f3venes y los trabajadores corrientes no se quedaron inactivos. En muchas \u00e1reas, desafiaron la \u00absugerencia\u00bb del gobierno de evacuar y libraron una lucha heroica contra los incendios forestales sin ninguna ayuda del Estado. Esta lucha y solidaridad fue la responsable de salvar pueblos enteros, que se habr\u00edan quemado hasta los cimientos si se hubieran dejado en manos de este gobierno criminal.<\/p>\n<blockquote class=\"twitter-tweet\" data-width=\"550\" data-dnt=\"true\">\n<p lang=\"en\" dir=\"ltr\">Hundreds of people in Greece are rescued from an island near Athens to escape wildfires <a href=\"https:\/\/t.co\/qPq6vj2Gqj\">https:\/\/t.co\/qPq6vj2Gqj<\/a> <a href=\"https:\/\/t.co\/mMPPqbfcE8\">pic.twitter.com\/mMPPqbfcE8<\/a><\/p>\n<p>&mdash; BBC News (World) (@BBCWorld) <a href=\"https:\/\/twitter.com\/BBCWorld\/status\/1424032964980219905?ref_src=twsrc%5Etfw\">August 7, 2021<\/a><\/p><\/blockquote>\n<p><script async src=\"https:\/\/platform.twitter.com\/widgets.js\" charset=\"utf-8\"><\/script><\/p>\n<p>Contra esta actitud c\u00ednica y criminal de la clase dominante griega y su gobierno, los trabajadores, la juventud y sus organizaciones de masas deben luchar por las siguientes reivindicaciones:<\/p>\n<p style=\"padding-left: 40px;\">\u00a0&#8211;\u00a0\u00a0 Suministro inmediato de vivienda, comida y ropa de forma gratuita y digna a las familias afectadas por los incendios. Compensaci\u00f3n generosa a las v\u00edctimas del incendio, del 100% del valor de la propiedad da\u00f1ada para los trabajadores y familias pobres, con pagos aportados dentro del mes en que sufrieron las p\u00e9rdidas.<\/p>\n<p style=\"padding-left: 40px;\">&#8211;\u00a0\u00a0\u00a0 Prohibici\u00f3n del uso de la tierra en todas las \u00e1reas forestales quemadas. Nueva planificaci\u00f3n central de la infraestructura para que los asentamientos ya no se creen dentro o cerca de un \u00e1rea forestal densa e inflamable. Todas las intervenciones necesarias deben realizarse de inmediato para proteger los asentamientos existentes, proporcionando incentivos para la reubicaci\u00f3n planificada de las casas m\u00e1s precarias.<\/p>\n<p style=\"padding-left: 40px;\">&#8211;\u00a0\u00a0\u00a0 Provisi\u00f3n inmediata de todos los gastos necesarios para la prevenci\u00f3n de incendios; una protecci\u00f3n completa de los bosques dentro de las zonas de peligro de incendio; la eliminaci\u00f3n del follaje seco y del material inflamable; e inversi\u00f3n adecuada en guardias forestales e infraestructura de extinci\u00f3n de incendios, etc.<\/p>\n<p style=\"padding-left: 40px;\">&#8211;\u00a0\u00a0\u00a0 Restablecimiento del servicio de incendios forestales. Esto debe mejorarse, cubriendo de inmediato las miles de vacantes en el cuerpo de bomberos con la contrataci\u00f3n de personal permanente. Deber\u00eda haber un trasvase inmediato de los gastos de armamento militar y represi\u00f3n de la polic\u00eda estatal en inversi\u00f3n en suficientes veh\u00edculos, aviones y helic\u00f3pteros de extinci\u00f3n de incendios.<\/p>\n<p>\u00a1Abajo el gobierno burgu\u00e9s que ha mostrado una indiferencia criminal, responsable de estos incendios catastr\u00f3ficos! Por la elecci\u00f3n de un gobierno obrero que otorgue la m\u00e1xima prioridad a la protecci\u00f3n de los bosques y a la extinci\u00f3n de incendios, tomando todas las medidas necesarias como parte de una pol\u00edtica socialista de expropiaci\u00f3n de los capitalistas y con el establecimiento de una econom\u00eda centralizada y democr\u00e1ticamente planificada.<\/p>\n<\/section>\n","protected":false},"excerpt":{"rendered":"<p>Por Tendencia Comunista (CMI Grecia) La inmensa destrucci\u00f3n causada por los incendios forestales en Varimpompi, Eubea y decenas de otras \u00e1reas de Grecia no se debe \u00fanicamente a los vientos, las altas temperaturas y el cambio clim\u00e1tico, como afirman el gobierno de Nueva Democracia y los medios burgueses. La verdadera causa de esta cat\u00e1strofe son&#8230;<\/p>\n","protected":false},"author":62,"featured_media":11246,"comment_status":"open","ping_status":"open","sticky":false,"template":"","format":"standard","meta":{"_monsterinsights_skip_tracking":false,"_monsterinsights_sitenote_active":false,"_monsterinsights_sitenote_note":"","_monsterinsights_sitenote_category":0,"_uf_show_specific_survey":0,"_uf_disable_surveys":false,"_jetpack_memberships_contains_paid_content":false,"footnotes":""},"categories":[1085,147,13,391,537],"tags":[392,148,1657],"class_list":["post-11245","post","type-post","status-publish","format-standard","has-post-thumbnail","hentry","category-crisis-capitalista","category-grecia","category-internacional","category-medio-ambiente","category-principales","tag-cambio-climatico","tag-grecia","tag-incendios-forestales"],"aioseo_notices":[],"yoast_head":"<!-- This site is optimized with the Yoast SEO plugin v25.6 - https:\/\/yoast.com\/wordpress\/plugins\/seo\/ -->\n<title>Incendios forestales en Grecia: el pir\u00f3mano es la clase dominante<\/title>\n<meta name=\"robots\" content=\"index, follow, max-snippet:-1, max-image-preview:large, max-video-preview:-1\" \/>\n<link rel=\"canonical\" href=\"https:\/\/elcomunista.org\/?p=11245\" \/>\n<meta property=\"og:locale\" content=\"es_ES\" \/>\n<meta property=\"og:type\" content=\"article\" \/>\n<meta property=\"og:title\" content=\"Incendios forestales en Grecia: el pir\u00f3mano es la clase dominante\" \/>\n<meta property=\"og:description\" content=\"Por Tendencia Comunista (CMI Grecia) La inmensa destrucci\u00f3n causada por los incendios forestales en Varimpompi, Eubea y decenas de otras \u00e1reas de Grecia no se debe \u00fanicamente a los vientos, las altas temperaturas y el cambio clim\u00e1tico, como afirman el gobierno de Nueva Democracia y los medios burgueses. La verdadera causa de esta cat\u00e1strofe son...\" \/>\n<meta property=\"og:url\" content=\"https:\/\/elcomunista.org\/?p=11245\" \/>\n<meta property=\"og:site_name\" content=\"Revoluci\u00f3n Comunista\" \/>\n<meta property=\"article:publisher\" content=\"https:\/\/www.facebook.com\/Bloquepopularjuvenil\" \/>\n<meta property=\"article:published_time\" content=\"2021-08-11T23:15:12+00:00\" \/>\n<meta property=\"og:image\" content=\"https:\/\/elcomunista.org\/wp-content\/uploads\/2021\/08\/Incendio-Grecia-scaled-1.jpeg\" \/>\n\t<meta property=\"og:image:width\" content=\"696\" \/>\n\t<meta property=\"og:image:height\" content=\"464\" \/>\n\t<meta property=\"og:image:type\" content=\"image\/jpeg\" \/>\n<meta name=\"author\" content=\"Internacional Comunista Revolucionaria\" \/>\n<meta name=\"twitter:card\" content=\"summary_large_image\" \/>\n<meta name=\"twitter:creator\" content=\"@ElBPJ\" \/>\n<meta name=\"twitter:site\" content=\"@ElBPJ\" \/>\n<meta name=\"twitter:label1\" content=\"Escrito por\" \/>\n\t<meta name=\"twitter:data1\" content=\"Internacional Comunista Revolucionaria\" \/>\n\t<meta name=\"twitter:label2\" content=\"Tiempo de lectura\" \/>\n\t<meta name=\"twitter:data2\" content=\"4 minutos\" \/>\n<script type=\"application\/ld+json\" class=\"yoast-schema-graph\">{\"@context\":\"https:\/\/schema.org\",\"@graph\":[{\"@type\":\"Article\",\"@id\":\"https:\/\/elcomunista.org\/?p=11245#article\",\"isPartOf\":{\"@id\":\"https:\/\/elcomunista.org\/?p=11245\"},\"author\":{\"name\":\"Internacional Comunista Revolucionaria\",\"@id\":\"https:\/\/elcomunista.org\/#\/schema\/person\/f263a81caf9b6558c019b2d6b83e55be\"},\"headline\":\"Incendios forestales en Grecia: el pir\u00f3mano es la clase dominante\",\"datePublished\":\"2021-08-11T23:15:12+00:00\",\"mainEntityOfPage\":{\"@id\":\"https:\/\/elcomunista.org\/?p=11245\"},\"wordCount\":917,\"commentCount\":0,\"publisher\":{\"@id\":\"https:\/\/elcomunista.org\/#organization\"},\"image\":{\"@id\":\"https:\/\/elcomunista.org\/?p=11245#primaryimage\"},\"thumbnailUrl\":\"https:\/\/elcomunista.org\/wp-content\/uploads\/2021\/08\/Incendio-Grecia-scaled-1.jpeg\",\"keywords\":[\"Cambio clim\u00e1tico\",\"Grecia\",\"Incendios forestales\"],\"articleSection\":[\"Crisis capitalista\",\"Grecia\",\"Internacional\",\"Medio Ambiente\",\"Principales\"],\"inLanguage\":\"es\",\"potentialAction\":[{\"@type\":\"CommentAction\",\"name\":\"Comment\",\"target\":[\"https:\/\/elcomunista.org\/?p=11245#respond\"]}]},{\"@type\":\"WebPage\",\"@id\":\"https:\/\/elcomunista.org\/?p=11245\",\"url\":\"https:\/\/elcomunista.org\/?p=11245\",\"name\":\"Incendios forestales en Grecia: el pir\u00f3mano es la clase dominante\",\"isPartOf\":{\"@id\":\"https:\/\/elcomunista.org\/#website\"},\"primaryImageOfPage\":{\"@id\":\"https:\/\/elcomunista.org\/?p=11245#primaryimage\"},\"image\":{\"@id\":\"https:\/\/elcomunista.org\/?p=11245#primaryimage\"},\"thumbnailUrl\":\"https:\/\/elcomunista.org\/wp-content\/uploads\/2021\/08\/Incendio-Grecia-scaled-1.jpeg\",\"datePublished\":\"2021-08-11T23:15:12+00:00\",\"breadcrumb\":{\"@id\":\"https:\/\/elcomunista.org\/?p=11245#breadcrumb\"},\"inLanguage\":\"es\",\"potentialAction\":[{\"@type\":\"ReadAction\",\"target\":[\"https:\/\/elcomunista.org\/?p=11245\"]}]},{\"@type\":\"ImageObject\",\"inLanguage\":\"es\",\"@id\":\"https:\/\/elcomunista.org\/?p=11245#primaryimage\",\"url\":\"https:\/\/elcomunista.org\/wp-content\/uploads\/2021\/08\/Incendio-Grecia-scaled-1.jpeg\",\"contentUrl\":\"https:\/\/elcomunista.org\/wp-content\/uploads\/2021\/08\/Incendio-Grecia-scaled-1.jpeg\",\"width\":696,\"height\":464},{\"@type\":\"BreadcrumbList\",\"@id\":\"https:\/\/elcomunista.org\/?p=11245#breadcrumb\",\"itemListElement\":[{\"@type\":\"ListItem\",\"position\":1,\"name\":\"Portada\",\"item\":\"https:\/\/elcomunista.org\/\"},{\"@type\":\"ListItem\",\"position\":2,\"name\":\"Incendios forestales en Grecia: el pir\u00f3mano es la clase dominante\"}]},{\"@type\":\"WebSite\",\"@id\":\"https:\/\/elcomunista.org\/#website\",\"url\":\"https:\/\/elcomunista.org\/\",\"name\":\"Revoluci\u00f3n Comunista\",\"description\":\"Internacional Comunista Revolucionaria\",\"publisher\":{\"@id\":\"https:\/\/elcomunista.org\/#organization\"},\"potentialAction\":[{\"@type\":\"SearchAction\",\"target\":{\"@type\":\"EntryPoint\",\"urlTemplate\":\"https:\/\/elcomunista.org\/?s={search_term_string}\"},\"query-input\":{\"@type\":\"PropertyValueSpecification\",\"valueRequired\":true,\"valueName\":\"search_term_string\"}}],\"inLanguage\":\"es\"},{\"@type\":\"Organization\",\"@id\":\"https:\/\/elcomunista.org\/#organization\",\"name\":\"Bloque Popular Juvenil\",\"url\":\"https:\/\/elcomunista.org\/\",\"logo\":{\"@type\":\"ImageObject\",\"inLanguage\":\"es\",\"@id\":\"https:\/\/elcomunista.org\/#\/schema\/logo\/image\/\",\"url\":\"https:\/\/bloquepopularjuvenil.org\/wp-content\/uploads\/2018\/11\/bpj-militante.jpg\",\"contentUrl\":\"https:\/\/bloquepopularjuvenil.org\/wp-content\/uploads\/2018\/11\/bpj-militante.jpg\",\"width\":4000,\"height\":1390,\"caption\":\"Bloque Popular Juvenil\"},\"image\":{\"@id\":\"https:\/\/elcomunista.org\/#\/schema\/logo\/image\/\"},\"sameAs\":[\"https:\/\/www.facebook.com\/Bloquepopularjuvenil\",\"https:\/\/x.com\/ElBPJ\",\"https:\/\/www.instagram.com\/elbloque_bpj\/?hl=es-la\"]},{\"@type\":\"Person\",\"@id\":\"https:\/\/elcomunista.org\/#\/schema\/person\/f263a81caf9b6558c019b2d6b83e55be\",\"name\":\"Internacional Comunista Revolucionaria\",\"image\":{\"@type\":\"ImageObject\",\"inLanguage\":\"es\",\"@id\":\"https:\/\/elcomunista.org\/#\/schema\/person\/image\/\",\"url\":\"https:\/\/secure.gravatar.com\/avatar\/007ae9c82193c93b7cbb3bbda1ed8c15?s=96&d=mm&r=g\",\"contentUrl\":\"https:\/\/secure.gravatar.com\/avatar\/007ae9c82193c93b7cbb3bbda1ed8c15?s=96&d=mm&r=g\",\"caption\":\"Internacional Comunista Revolucionaria\"},\"url\":\"https:\/\/elcomunista.org\/?author=62\"}]}<\/script>\n<!-- \/ Yoast SEO plugin. -->","yoast_head_json":{"title":"Incendios forestales en Grecia: el pir\u00f3mano es la clase dominante","robots":{"index":"index","follow":"follow","max-snippet":"max-snippet:-1","max-image-preview":"max-image-preview:large","max-video-preview":"max-video-preview:-1"},"canonical":"https:\/\/elcomunista.org\/?p=11245","og_locale":"es_ES","og_type":"article","og_title":"Incendios forestales en Grecia: el pir\u00f3mano es la clase dominante","og_description":"Por Tendencia Comunista (CMI Grecia) La inmensa destrucci\u00f3n causada por los incendios forestales en Varimpompi, Eubea y decenas de otras \u00e1reas de Grecia no se debe \u00fanicamente a los vientos, las altas temperaturas y el cambio clim\u00e1tico, como afirman el gobierno de Nueva Democracia y los medios burgueses. La verdadera causa de esta cat\u00e1strofe son...","og_url":"https:\/\/elcomunista.org\/?p=11245","og_site_name":"Revoluci\u00f3n Comunista","article_publisher":"https:\/\/www.facebook.com\/Bloquepopularjuvenil","article_published_time":"2021-08-11T23:15:12+00:00","og_image":[{"width":696,"height":464,"url":"https:\/\/elcomunista.org\/wp-content\/uploads\/2021\/08\/Incendio-Grecia-scaled-1.jpeg","type":"image\/jpeg"}],"author":"Internacional Comunista Revolucionaria","twitter_card":"summary_large_image","twitter_creator":"@ElBPJ","twitter_site":"@ElBPJ","twitter_misc":{"Escrito por":"Internacional Comunista Revolucionaria","Tiempo de lectura":"4 minutos"},"schema":{"@context":"https:\/\/schema.org","@graph":[{"@type":"Article","@id":"https:\/\/elcomunista.org\/?p=11245#article","isPartOf":{"@id":"https:\/\/elcomunista.org\/?p=11245"},"author":{"name":"Internacional Comunista Revolucionaria","@id":"https:\/\/elcomunista.org\/#\/schema\/person\/f263a81caf9b6558c019b2d6b83e55be"},"headline":"Incendios forestales en Grecia: el pir\u00f3mano es la clase dominante","datePublished":"2021-08-11T23:15:12+00:00","mainEntityOfPage":{"@id":"https:\/\/elcomunista.org\/?p=11245"},"wordCount":917,"commentCount":0,"publisher":{"@id":"https:\/\/elcomunista.org\/#organization"},"image":{"@id":"https:\/\/elcomunista.org\/?p=11245#primaryimage"},"thumbnailUrl":"https:\/\/elcomunista.org\/wp-content\/uploads\/2021\/08\/Incendio-Grecia-scaled-1.jpeg","keywords":["Cambio clim\u00e1tico","Grecia","Incendios forestales"],"articleSection":["Crisis capitalista","Grecia","Internacional","Medio Ambiente","Principales"],"inLanguage":"es","potentialAction":[{"@type":"CommentAction","name":"Comment","target":["https:\/\/elcomunista.org\/?p=11245#respond"]}]},{"@type":"WebPage","@id":"https:\/\/elcomunista.org\/?p=11245","url":"https:\/\/elcomunista.org\/?p=11245","name":"Incendios forestales en Grecia: el pir\u00f3mano es la clase dominante","isPartOf":{"@id":"https:\/\/elcomunista.org\/#website"},"primaryImageOfPage":{"@id":"https:\/\/elcomunista.org\/?p=11245#primaryimage"},"image":{"@id":"https:\/\/elcomunista.org\/?p=11245#primaryimage"},"thumbnailUrl":"https:\/\/elcomunista.org\/wp-content\/uploads\/2021\/08\/Incendio-Grecia-scaled-1.jpeg","datePublished":"2021-08-11T23:15:12+00:00","breadcrumb":{"@id":"https:\/\/elcomunista.org\/?p=11245#breadcrumb"},"inLanguage":"es","potentialAction":[{"@type":"ReadAction","target":["https:\/\/elcomunista.org\/?p=11245"]}]},{"@type":"ImageObject","inLanguage":"es","@id":"https:\/\/elcomunista.org\/?p=11245#primaryimage","url":"https:\/\/elcomunista.org\/wp-content\/uploads\/2021\/08\/Incendio-Grecia-scaled-1.jpeg","contentUrl":"https:\/\/elcomunista.org\/wp-content\/uploads\/2021\/08\/Incendio-Grecia-scaled-1.jpeg","width":696,"height":464},{"@type":"BreadcrumbList","@id":"https:\/\/elcomunista.org\/?p=11245#breadcrumb","itemListElement":[{"@type":"ListItem","position":1,"name":"Portada","item":"https:\/\/elcomunista.org\/"},{"@type":"ListItem","position":2,"name":"Incendios forestales en Grecia: el pir\u00f3mano es la clase dominante"}]},{"@type":"WebSite","@id":"https:\/\/elcomunista.org\/#website","url":"https:\/\/elcomunista.org\/","name":"Revoluci\u00f3n Comunista","description":"Internacional Comunista Revolucionaria","publisher":{"@id":"https:\/\/elcomunista.org\/#organization"},"potentialAction":[{"@type":"SearchAction","target":{"@type":"EntryPoint","urlTemplate":"https:\/\/elcomunista.org\/?s={search_term_string}"},"query-input":{"@type":"PropertyValueSpecification","valueRequired":true,"valueName":"search_term_string"}}],"inLanguage":"es"},{"@type":"Organization","@id":"https:\/\/elcomunista.org\/#organization","name":"Bloque Popular Juvenil","url":"https:\/\/elcomunista.org\/","logo":{"@type":"ImageObject","inLanguage":"es","@id":"https:\/\/elcomunista.org\/#\/schema\/logo\/image\/","url":"https:\/\/bloquepopularjuvenil.org\/wp-content\/uploads\/2018\/11\/bpj-militante.jpg","contentUrl":"https:\/\/bloquepopularjuvenil.org\/wp-content\/uploads\/2018\/11\/bpj-militante.jpg","width":4000,"height":1390,"caption":"Bloque Popular Juvenil"},"image":{"@id":"https:\/\/elcomunista.org\/#\/schema\/logo\/image\/"},"sameAs":["https:\/\/www.facebook.com\/Bloquepopularjuvenil","https:\/\/x.com\/ElBPJ","https:\/\/www.instagram.com\/elbloque_bpj\/?hl=es-la"]},{"@type":"Person","@id":"https:\/\/elcomunista.org\/#\/schema\/person\/f263a81caf9b6558c019b2d6b83e55be","name":"Internacional Comunista Revolucionaria","image":{"@type":"ImageObject","inLanguage":"es","@id":"https:\/\/elcomunista.org\/#\/schema\/person\/image\/","url":"https:\/\/secure.gravatar.com\/avatar\/007ae9c82193c93b7cbb3bbda1ed8c15?s=96&d=mm&r=g","contentUrl":"https:\/\/secure.gravatar.com\/avatar\/007ae9c82193c93b7cbb3bbda1ed8c15?s=96&d=mm&r=g","caption":"Internacional Comunista Revolucionaria"},"url":"https:\/\/elcomunista.org\/?author=62"}]}},"jetpack_featured_media_url":"https:\/\/elcomunista.org\/wp-content\/uploads\/2021\/08\/Incendio-Grecia-scaled-1.jpeg","jetpack_likes_enabled":true,"jetpack_sharing_enabled":true,"_links":{"self":[{"href":"https:\/\/elcomunista.org\/index.php?rest_route=\/wp\/v2\/posts\/11245"}],"collection":[{"href":"https:\/\/elcomunista.org\/index.php?rest_route=\/wp\/v2\/posts"}],"about":[{"href":"https:\/\/elcomunista.org\/index.php?rest_route=\/wp\/v2\/types\/post"}],"author":[{"embeddable":true,"href":"https:\/\/elcomunista.org\/index.php?rest_route=\/wp\/v2\/users\/62"}],"replies":[{"embeddable":true,"href":"https:\/\/elcomunista.org\/index.php?rest_route=%2Fwp%2Fv2%2Fcomments&post=11245"}],"version-history":[{"count":0,"href":"https:\/\/elcomunista.org\/index.php?rest_route=\/wp\/v2\/posts\/11245\/revisions"}],"wp:featuredmedia":[{"embeddable":true,"href":"https:\/\/elcomunista.org\/index.php?rest_route=\/wp\/v2\/media\/11246"}],"wp:attachment":[{"href":"https:\/\/elcomunista.org\/index.php?rest_route=%2Fwp%2Fv2%2Fmedia&parent=11245"}],"wp:term":[{"taxonomy":"category","embeddable":true,"href":"https:\/\/elcomunista.org\/index.php?rest_route=%2Fwp%2Fv2%2Fcategories&post=11245"},{"taxonomy":"post_tag","embeddable":true,"href":"https:\/\/elcomunista.org\/index.php?rest_route=%2Fwp%2Fv2%2Ftags&post=11245"}],"curies":[{"name":"wp","href":"https:\/\/api.w.org\/{rel}","templated":true}]}}