{"id":11254,"date":"2021-08-15T11:51:54","date_gmt":"2021-08-15T17:51:54","guid":{"rendered":"http:\/\/bloquepopularjuvenil.org\/?p=11254"},"modified":"2021-08-15T11:51:54","modified_gmt":"2021-08-15T17:51:54","slug":"la-revolucion-de-saur-de-afganistan-la-revolucion-suprimida-de-la-historia","status":"publish","type":"post","link":"https:\/\/elcomunista.org\/?p=11254","title":{"rendered":"La Revoluci\u00f3n de Saur de Afganist\u00e1n: la revoluci\u00f3n suprimida de la historia"},"content":{"rendered":"<p><em>Por Lal Jan<\/em><\/p>\n<p>Cuando se avecina un nuevo reinado del terror talib\u00e1n en Afganist\u00e1n, conviene recordar una p\u00e1gina gloriosa y olvidada de la historia de este pa\u00eds, la Revoluci\u00f3n de Saur de 1978, que trajo enormes avances sociales. El origen de los talibanes est\u00e1 aqu\u00ed, cuando el imperialismo de EEUU los cre\u00f3, financi\u00f3 y arm\u00f3 para terminar con el r\u00e9gimen surgido en Afganist\u00e1n. Republicamos este art\u00edculo escrito en 2014 por Lal Jan sobre este acontecimiento.<\/p>\n<hr \/>\n<section class=\"article-content\"><img loading=\"lazy\" decoding=\"async\" class=\"alignright\" title=\"\u00abLa Gran Revoluci\u00f3n de Abril es fruto de la lucha de clases\u00bb. Imagen de una estampilla afgana conmemorando el primer aniversario; muestra el tanque de Watanjar convertido en monumento y la bandera roja sobre el palacio. Fuente: Wikipedia\" src=\"http:\/\/luchadeclases.org\/images\/Stamp_of_Afghanistan_1979_-_Saur_Revolution.jpg\" alt=\"Stamp of Afghanistan 1979 - Saur Revolution\" width=\"377\" height=\"265\" \/>La Revoluci\u00f3n de Saur (Primavera), distorsionada y borrada de la historia por intelectuales y por la historiograf\u00eda oficial, se atrevi\u00f3 a liberar a las masas oprimidas de Afganist\u00e1n de siglos de despotismo brutal y de la feroz devastaci\u00f3n de imperialistas de distinto tipo.<\/p>\n<p>El sur de Asia es bien conocido por celebrar numerosas efem\u00e9rides. Sin embargo, la Revoluci\u00f3n de Saur, que tuvo lugar el 27 de abril de 1978 en Afganist\u00e1n, ha sido tendenciosamente suprimida de los anales de la historia de la regi\u00f3n. Desde los dram\u00e1ticos acontecimientos que condujeron a la revoluci\u00f3n y las subsiguientes profundas y radicales reformas que la siguieron, los grandes medios, la intelectualidad y la historiograf\u00eda oficial han distorsionado, devaluado y tratado de eliminar el recuerdo de este glorioso episodio del pasado de Afganist\u00e1n. Esta revoluci\u00f3n se atrevi\u00f3 a liberar a las masas oprimidas de la regi\u00f3n de siglos de brutal despotismo y de feroz devastaci\u00f3n de imperialistas de distinto tipo. A\u00fan hoy, esta revoluci\u00f3n sigue siendo la \u00fanica antorcha para las masas explotadas de esta tr\u00e1gica regi\u00f3n gobernada por el capitalismo m\u00e1s mafioso bajo hegemon\u00eda imperialista, se\u00f1alando la salida al sufrimiento y devastaci\u00f3n actuales.<\/p>\n<p>Los esbirros de la burgues\u00eda han equiparado deliberadamente la Revoluci\u00f3n de Saur con la ocupaci\u00f3n de Afganist\u00e1n por los ej\u00e9rcitos sovi\u00e9ticos y han ocultado criminalmente que las tropas rusas entraron en Afganist\u00e1n dieciocho meses despu\u00e9s de la revoluci\u00f3n, el 29 de diciembre de 1979. Los primeros dos presidentes del Afganist\u00e1n post-revolucionario y dirigentes de la facci\u00f3n Jalq del Partido Democr\u00e1tico del Pueblo de Afganist\u00e1n (PDPA), Nur Mohammed Taraki y Hafizullah Amin, ten\u00edan poca fe en el r\u00e9gimen burocr\u00e1tico que gobernaba en la Uni\u00f3n Sovi\u00e9tica y se opusieron vehementemente a cualquier intervenci\u00f3n extranjera, incluyendo a la Uni\u00f3n Sovi\u00e9tica. Taraki fue asesinado al principio de la revoluci\u00f3n y es altamente probable que fuese el KGB o la facci\u00f3n pro-Mosc\u00fa del PDPA quienes mataron a Hafizullah Amin en la v\u00edspera de la intervenci\u00f3n rusa.<\/p>\n<p><img decoding=\"async\" class=\"alignright\" title=\"&quot;Han sido barridos los restos de la Monarqu\u00eda&quot;\" src=\"http:\/\/www.marxist.com\/images\/stories\/afghanistan\/1978.jpg\" alt=\"\" width=\"300\" \/>Es correcto afirmar que la Revoluci\u00f3n de Saur fue impuesta desde arriba en una insurrecci\u00f3n revolucionaria del ej\u00e9rcito con debilidades organizativas y pol\u00edticas \u2013 no fue una revoluci\u00f3n socialista cl\u00e1sica desde un punto de vista marxista. Sin embargo, ning\u00fan otro acontecimiento en la historia del sur de Asia se puede comparar con el golpe que \u00e9sta asest\u00f3 contra la tiran\u00eda feudal, el primitivismo tribal, la opresi\u00f3n religiosa y la explotaci\u00f3n capitalista e imperialista. Esta fue una revoluci\u00f3n por decreto, que fue inmediatamente apoyada por millones de afganos oprimidos. Estos decretos fueron dirigidos contra las formas m\u00e1s extremas de coacci\u00f3n prevalecientes en la sociedad. Por ejemplo, el decreto n\u00famero 6 cancel\u00f3 las deudas, pr\u00e9stamos, hipotecas y rentas debidas por los campesinos a usureros y grandes terratenientes (en la mayor parte de los casos estas deudas se heredaban de generaci\u00f3n en generaci\u00f3n). El decreto eximi\u00f3 completamente a \u201clas personas sin tierra que trabajan para un terrateniente como campesinos o jornaleros\u201d de pagar cualquier deuda o renta a terratenientes y usureros.<\/p>\n<p>El decreto n\u00famero 7 ten\u00eda la funci\u00f3n de \u201casegurar la igualdad de derechos entre hombres y mujeres en el \u00e1mbito legal, eliminar las injustas relaciones patriarcales y feudales entre marido y mujer\u201d. Tambi\u00e9n criminaliz\u00f3: 1. el casamiento de ni\u00f1as a cambio de dinero o bienes; 2. el matrimonio forzoso; 3. actos impidiendo a una viuda, por cuestiones familiares o tribales, volverse a casar voluntariamente o forz\u00e1ndole a casarse contra su voluntad. Fue m\u00e1s all\u00e1 al fijar la edad de matrimonio a 16 a\u00f1os para las mujeres y 18 para los hombres, prohibiendo as\u00ed el matrimonio infantil.<\/p>\n<p>El decreto n\u00famero 8 confisc\u00f3 las tierras propiedad de los se\u00f1ores feudales y de la destituida familia real sin compensaci\u00f3n y la redistribuy\u00f3 entre los campesinos sin tierra y los peque\u00f1os propietarios. El objetivo del decreto era en primer lugar \u201celiminar las relaciones feudales y pre-feudales del orden econ\u00f3mico y social del pa\u00eds\u201d.<\/p>\n<p>Otras pol\u00edticas radicales puestas en pr\u00e1ctica por la Revoluci\u00f3n de Saur fueron la cancelaci\u00f3n de las rentas, la distribuci\u00f3n equitativa del agua y el establecimiento de cooperativas campesinas. Se lanzaron grandes campa\u00f1as de alfabetizaci\u00f3n (en 1984 un mill\u00f3n y medio de personas hab\u00edan completado cursos de alfabetizaci\u00f3n, y en ese mismo a\u00f1o 20.000 cursos para leer y escribir con 377.000 estudiantes estaban en funcionamiento en el pa\u00eds). El objetivo era erradicar el analfabetismo para el a\u00f1o 1986 en \u00e1reas urbanas y para 1990 en todo Afganist\u00e1n. En el per\u00edodo previo a la Revoluci\u00f3n de Saur, s\u00f3lo 5.265 personas hab\u00edan completado cursos de alfabetizaci\u00f3n. La direcci\u00f3n del PDPA (Jalq) public\u00f3 estos decretos antes de la intervenci\u00f3n rusa. Ten\u00edan que derrocar el sistema, la oligarqu\u00eda del capital y el Estado, para poder empezar a aplicar reformas. La Revoluci\u00f3n de Saur demostr\u00f3 una vez m\u00e1s que en los pa\u00edses neo-coloniales ni siquiera las tareas b\u00e1sicas de la revoluci\u00f3n democr\u00e1tico-burguesa pueden llevarse a cabo bajo el gobierno de la corrupta burgues\u00eda colonial.<\/p>\n<p><img loading=\"lazy\" decoding=\"async\" class=\"alignleft\" src=\"http:\/\/luchadeclases.org\/images\/Fotos_Historia_y_Teor%C3%ADa\/EzIW46bWQAATU-I.jpg\" alt=\"EzIW46bWQAATU I\" width=\"303\" height=\"227\" \/>Estas medidas radicales anunciaban el fin de los intereses imperialistas y del sistema capitalista\/feudal en toda la regi\u00f3n. La revoluci\u00f3n sacudi\u00f3 los pasillos de los centros de poder desde Islamabad a Riad y de Londres a Washington. Para frenar la transformaci\u00f3n revolucionaria de Afganist\u00e1n la CIA lanz\u00f3 la mayor operaci\u00f3n contrarrevolucionaria de su historia. Esta era la yihad del imperialismo contra los \u201cinfieles comunistas\u201d. La insurgencia reaccionaria sembr\u00f3 el caos en la regi\u00f3n. Los imperialistas y su deleznable esbirro Zia ul Haq, el dictador militar de Pakist\u00e1n, cultivaron y fomentaron la bestial amenaza del islamismo fundamentalista con una amplia red de tr\u00e1fico de drogas, contrabando de armas y crimen organizado que hoy en d\u00eda se conoce como \u201cTalib\u00e1n\u201d. Ahora se ha convertido en el monstruo de Frankenstein a ojos de sus creadores. Tal ha sido la devastaci\u00f3n sembrada por esta guerra contrarrevolucionaria del imperialismo que a lo largo de treinta y seis a\u00f1os la regi\u00f3n se ha ido sumiendo en un sangriento conflicto que ha arruinado las vidas de varias generaciones de afganos.<\/p>\n<p>Lo que se ha demostrado v\u00edvidamente es que no hay salida a esta guerra de desgaste, violencia y caos en el marco del actual sistema socioecon\u00f3mico. La revoluci\u00f3n y la contrarrevoluci\u00f3n en Afganist\u00e1n han sacado a relucir el absurdo de la \u201cL\u00ednea Durand\u201d trazada artificialmente en 1893 para diseccionar la naci\u00f3n viva y din\u00e1mica de los pashtunes. Esto tambi\u00e9n se\u00f1ala el hecho de que Afganist\u00e1n y Pakist\u00e1n est\u00e1n \u00edntegramente conectados y que s\u00f3lo una perspectiva revolucionaria unificada puede superar la barbarie religiosa e imperialista en la que la regi\u00f3n est\u00e1 envuelta. Nur Mohammed Taraki, l\u00edder de la Revoluci\u00f3n de Saur, defendi\u00f3 sin fisuras la necesidad de dar un car\u00e1cter internacional al socialismo para asegurar su \u00e9xito y la supervivencia de las transformaciones revolucionarias.<\/p>\n<p>En un discurso con motivo del primer aniversario de la Revoluci\u00f3n de Saur, el 27 de abril de 1979, Nur Mohammed Tarakai afirm\u00f3:<\/p>\n<p style=\"padding-left: 40px;\">\u201cLe doy la enhorabuena a mis compatriotas, a los valientes soldados, a mis hermanos pashtunes y baluchis, y a los trabajadores de Asia, \u00c1frica, Europa y Am\u00e9rica en el primer cumplea\u00f1os de la Revoluci\u00f3n de Saur. La Revoluci\u00f3n de Saur no se limita a los trabajadores y soldados de Afganist\u00e1n. Es la revoluci\u00f3n de los obreros y las masas oprimidas de todo el mundo. Esta revoluci\u00f3n, que ha sido llevada a cabo por soldados armados bajo la direcci\u00f3n del partido Jalq, ha sido un gran \u00e9xito y una victoria para los trabajadores de todo el mundo. La gran Revoluci\u00f3n de Octubre de 1917 sacudi\u00f3 al mundo entero. Esa revoluci\u00f3n es fuente de inspiraci\u00f3n y orientaci\u00f3n para nuestra revoluci\u00f3n, que de nuevo ha empezado a sacudir al mundo\u201d.<\/p>\n<p>Esta es la verdadera esencia de la Revoluci\u00f3n de Saur y un mensaje a la nueva generaci\u00f3n de obreros y de masas oprimidas en la regi\u00f3n y el mundo. Nada m\u00e1s y nada menos que una revoluci\u00f3n socialista puede salvar a la regi\u00f3n de este episodio desgarrador de guerras, caos, pobreza y miseria.<\/p>\n<\/section>\n","protected":false},"excerpt":{"rendered":"<p>Por Lal Jan Cuando se avecina un nuevo reinado del terror talib\u00e1n en Afganist\u00e1n, conviene recordar una p\u00e1gina gloriosa y olvidada de la historia de este pa\u00eds, la Revoluci\u00f3n de Saur de 1978, que trajo enormes avances sociales. El origen de los talibanes est\u00e1 aqu\u00ed, cuando el imperialismo de EEUU los cre\u00f3, financi\u00f3 y arm\u00f3&#8230;<\/p>\n","protected":false},"author":62,"featured_media":11255,"comment_status":"open","ping_status":"open","sticky":false,"template":"","format":"standard","meta":{"_monsterinsights_skip_tracking":false,"_monsterinsights_sitenote_active":false,"_monsterinsights_sitenote_note":"","_monsterinsights_sitenote_category":0,"_uf_show_specific_survey":0,"_uf_disable_surveys":false,"_jetpack_memberships_contains_paid_content":false,"footnotes":""},"categories":[1659,47,13],"tags":[1621,211,123,1660,1622],"class_list":["post-11254","post","type-post","status-publish","format-standard","has-post-thumbnail","hentry","category-afganistan","category-asia","category-internacional","tag-afganistan","tag-eeuu","tag-imperialismo","tag-saur","tag-talibanes"],"aioseo_notices":[],"yoast_head":"<!-- This site is optimized with the Yoast SEO plugin v25.6 - https:\/\/yoast.com\/wordpress\/plugins\/seo\/ -->\n<title>La Revoluci\u00f3n de Saur de Afganist\u00e1n: la revoluci\u00f3n suprimida de la historia<\/title>\n<meta name=\"robots\" content=\"index, follow, max-snippet:-1, max-image-preview:large, max-video-preview:-1\" \/>\n<link rel=\"canonical\" href=\"https:\/\/elcomunista.org\/?p=11254\" \/>\n<meta property=\"og:locale\" content=\"es_ES\" \/>\n<meta property=\"og:type\" content=\"article\" \/>\n<meta property=\"og:title\" content=\"La Revoluci\u00f3n de Saur de Afganist\u00e1n: la revoluci\u00f3n suprimida de la historia\" \/>\n<meta property=\"og:description\" content=\"Por Lal Jan Cuando se avecina un nuevo reinado del terror talib\u00e1n en Afganist\u00e1n, conviene recordar una p\u00e1gina gloriosa y olvidada de la historia de este pa\u00eds, la Revoluci\u00f3n de Saur de 1978, que trajo enormes avances sociales. El origen de los talibanes est\u00e1 aqu\u00ed, cuando el imperialismo de EEUU los cre\u00f3, financi\u00f3 y arm\u00f3...\" \/>\n<meta property=\"og:url\" content=\"https:\/\/elcomunista.org\/?p=11254\" \/>\n<meta property=\"og:site_name\" content=\"Revoluci\u00f3n Comunista\" \/>\n<meta property=\"article:publisher\" content=\"https:\/\/www.facebook.com\/Bloquepopularjuvenil\" \/>\n<meta property=\"article:published_time\" content=\"2021-08-15T17:51:54+00:00\" \/>\n<meta property=\"og:image\" content=\"https:\/\/elcomunista.org\/wp-content\/uploads\/2021\/08\/EzIW-SUW8AQSIJv.jpeg\" \/>\n\t<meta property=\"og:image:width\" content=\"2186\" \/>\n\t<meta property=\"og:image:height\" content=\"1254\" \/>\n\t<meta property=\"og:image:type\" content=\"image\/jpeg\" \/>\n<meta name=\"author\" content=\"Internacional Comunista Revolucionaria\" \/>\n<meta name=\"twitter:card\" content=\"summary_large_image\" \/>\n<meta name=\"twitter:creator\" content=\"@ElBPJ\" \/>\n<meta name=\"twitter:site\" content=\"@ElBPJ\" \/>\n<meta name=\"twitter:label1\" content=\"Escrito por\" \/>\n\t<meta name=\"twitter:data1\" content=\"Internacional Comunista Revolucionaria\" \/>\n\t<meta name=\"twitter:label2\" content=\"Tiempo de lectura\" \/>\n\t<meta name=\"twitter:data2\" content=\"7 minutos\" \/>\n<script type=\"application\/ld+json\" class=\"yoast-schema-graph\">{\"@context\":\"https:\/\/schema.org\",\"@graph\":[{\"@type\":\"Article\",\"@id\":\"https:\/\/elcomunista.org\/?p=11254#article\",\"isPartOf\":{\"@id\":\"https:\/\/elcomunista.org\/?p=11254\"},\"author\":{\"name\":\"Internacional Comunista Revolucionaria\",\"@id\":\"https:\/\/elcomunista.org\/#\/schema\/person\/f263a81caf9b6558c019b2d6b83e55be\"},\"headline\":\"La Revoluci\u00f3n de Saur de Afganist\u00e1n: la revoluci\u00f3n suprimida de la historia\",\"datePublished\":\"2021-08-15T17:51:54+00:00\",\"mainEntityOfPage\":{\"@id\":\"https:\/\/elcomunista.org\/?p=11254\"},\"wordCount\":1539,\"commentCount\":0,\"publisher\":{\"@id\":\"https:\/\/elcomunista.org\/#organization\"},\"image\":{\"@id\":\"https:\/\/elcomunista.org\/?p=11254#primaryimage\"},\"thumbnailUrl\":\"https:\/\/elcomunista.org\/wp-content\/uploads\/2021\/08\/EzIW-SUW8AQSIJv.jpeg\",\"keywords\":[\"Afganistan\",\"EEUU\",\"Imperialismo\",\"Saur\",\"talibanes\"],\"articleSection\":[\"Afganist\u00e1n\",\"Asia\",\"Internacional\"],\"inLanguage\":\"es\",\"potentialAction\":[{\"@type\":\"CommentAction\",\"name\":\"Comment\",\"target\":[\"https:\/\/elcomunista.org\/?p=11254#respond\"]}]},{\"@type\":\"WebPage\",\"@id\":\"https:\/\/elcomunista.org\/?p=11254\",\"url\":\"https:\/\/elcomunista.org\/?p=11254\",\"name\":\"La Revoluci\u00f3n de Saur de Afganist\u00e1n: la revoluci\u00f3n suprimida de la historia\",\"isPartOf\":{\"@id\":\"https:\/\/elcomunista.org\/#website\"},\"primaryImageOfPage\":{\"@id\":\"https:\/\/elcomunista.org\/?p=11254#primaryimage\"},\"image\":{\"@id\":\"https:\/\/elcomunista.org\/?p=11254#primaryimage\"},\"thumbnailUrl\":\"https:\/\/elcomunista.org\/wp-content\/uploads\/2021\/08\/EzIW-SUW8AQSIJv.jpeg\",\"datePublished\":\"2021-08-15T17:51:54+00:00\",\"breadcrumb\":{\"@id\":\"https:\/\/elcomunista.org\/?p=11254#breadcrumb\"},\"inLanguage\":\"es\",\"potentialAction\":[{\"@type\":\"ReadAction\",\"target\":[\"https:\/\/elcomunista.org\/?p=11254\"]}]},{\"@type\":\"ImageObject\",\"inLanguage\":\"es\",\"@id\":\"https:\/\/elcomunista.org\/?p=11254#primaryimage\",\"url\":\"https:\/\/elcomunista.org\/wp-content\/uploads\/2021\/08\/EzIW-SUW8AQSIJv.jpeg\",\"contentUrl\":\"https:\/\/elcomunista.org\/wp-content\/uploads\/2021\/08\/EzIW-SUW8AQSIJv.jpeg\",\"width\":2186,\"height\":1254},{\"@type\":\"BreadcrumbList\",\"@id\":\"https:\/\/elcomunista.org\/?p=11254#breadcrumb\",\"itemListElement\":[{\"@type\":\"ListItem\",\"position\":1,\"name\":\"Portada\",\"item\":\"https:\/\/elcomunista.org\/\"},{\"@type\":\"ListItem\",\"position\":2,\"name\":\"La Revoluci\u00f3n de Saur de Afganist\u00e1n: la revoluci\u00f3n suprimida de la historia\"}]},{\"@type\":\"WebSite\",\"@id\":\"https:\/\/elcomunista.org\/#website\",\"url\":\"https:\/\/elcomunista.org\/\",\"name\":\"Revoluci\u00f3n Comunista\",\"description\":\"Internacional Comunista Revolucionaria\",\"publisher\":{\"@id\":\"https:\/\/elcomunista.org\/#organization\"},\"potentialAction\":[{\"@type\":\"SearchAction\",\"target\":{\"@type\":\"EntryPoint\",\"urlTemplate\":\"https:\/\/elcomunista.org\/?s={search_term_string}\"},\"query-input\":{\"@type\":\"PropertyValueSpecification\",\"valueRequired\":true,\"valueName\":\"search_term_string\"}}],\"inLanguage\":\"es\"},{\"@type\":\"Organization\",\"@id\":\"https:\/\/elcomunista.org\/#organization\",\"name\":\"Bloque Popular Juvenil\",\"url\":\"https:\/\/elcomunista.org\/\",\"logo\":{\"@type\":\"ImageObject\",\"inLanguage\":\"es\",\"@id\":\"https:\/\/elcomunista.org\/#\/schema\/logo\/image\/\",\"url\":\"https:\/\/bloquepopularjuvenil.org\/wp-content\/uploads\/2018\/11\/bpj-militante.jpg\",\"contentUrl\":\"https:\/\/bloquepopularjuvenil.org\/wp-content\/uploads\/2018\/11\/bpj-militante.jpg\",\"width\":4000,\"height\":1390,\"caption\":\"Bloque Popular Juvenil\"},\"image\":{\"@id\":\"https:\/\/elcomunista.org\/#\/schema\/logo\/image\/\"},\"sameAs\":[\"https:\/\/www.facebook.com\/Bloquepopularjuvenil\",\"https:\/\/x.com\/ElBPJ\",\"https:\/\/www.instagram.com\/elbloque_bpj\/?hl=es-la\"]},{\"@type\":\"Person\",\"@id\":\"https:\/\/elcomunista.org\/#\/schema\/person\/f263a81caf9b6558c019b2d6b83e55be\",\"name\":\"Internacional Comunista Revolucionaria\",\"image\":{\"@type\":\"ImageObject\",\"inLanguage\":\"es\",\"@id\":\"https:\/\/elcomunista.org\/#\/schema\/person\/image\/\",\"url\":\"https:\/\/secure.gravatar.com\/avatar\/007ae9c82193c93b7cbb3bbda1ed8c15?s=96&d=mm&r=g\",\"contentUrl\":\"https:\/\/secure.gravatar.com\/avatar\/007ae9c82193c93b7cbb3bbda1ed8c15?s=96&d=mm&r=g\",\"caption\":\"Internacional Comunista Revolucionaria\"},\"url\":\"https:\/\/elcomunista.org\/?author=62\"}]}<\/script>\n<!-- \/ Yoast SEO plugin. -->","yoast_head_json":{"title":"La Revoluci\u00f3n de Saur de Afganist\u00e1n: la revoluci\u00f3n suprimida de la historia","robots":{"index":"index","follow":"follow","max-snippet":"max-snippet:-1","max-image-preview":"max-image-preview:large","max-video-preview":"max-video-preview:-1"},"canonical":"https:\/\/elcomunista.org\/?p=11254","og_locale":"es_ES","og_type":"article","og_title":"La Revoluci\u00f3n de Saur de Afganist\u00e1n: la revoluci\u00f3n suprimida de la historia","og_description":"Por Lal Jan Cuando se avecina un nuevo reinado del terror talib\u00e1n en Afganist\u00e1n, conviene recordar una p\u00e1gina gloriosa y olvidada de la historia de este pa\u00eds, la Revoluci\u00f3n de Saur de 1978, que trajo enormes avances sociales. El origen de los talibanes est\u00e1 aqu\u00ed, cuando el imperialismo de EEUU los cre\u00f3, financi\u00f3 y arm\u00f3...","og_url":"https:\/\/elcomunista.org\/?p=11254","og_site_name":"Revoluci\u00f3n Comunista","article_publisher":"https:\/\/www.facebook.com\/Bloquepopularjuvenil","article_published_time":"2021-08-15T17:51:54+00:00","og_image":[{"width":2186,"height":1254,"url":"https:\/\/elcomunista.org\/wp-content\/uploads\/2021\/08\/EzIW-SUW8AQSIJv.jpeg","type":"image\/jpeg"}],"author":"Internacional Comunista Revolucionaria","twitter_card":"summary_large_image","twitter_creator":"@ElBPJ","twitter_site":"@ElBPJ","twitter_misc":{"Escrito por":"Internacional Comunista Revolucionaria","Tiempo de lectura":"7 minutos"},"schema":{"@context":"https:\/\/schema.org","@graph":[{"@type":"Article","@id":"https:\/\/elcomunista.org\/?p=11254#article","isPartOf":{"@id":"https:\/\/elcomunista.org\/?p=11254"},"author":{"name":"Internacional Comunista Revolucionaria","@id":"https:\/\/elcomunista.org\/#\/schema\/person\/f263a81caf9b6558c019b2d6b83e55be"},"headline":"La Revoluci\u00f3n de Saur de Afganist\u00e1n: la revoluci\u00f3n suprimida de la historia","datePublished":"2021-08-15T17:51:54+00:00","mainEntityOfPage":{"@id":"https:\/\/elcomunista.org\/?p=11254"},"wordCount":1539,"commentCount":0,"publisher":{"@id":"https:\/\/elcomunista.org\/#organization"},"image":{"@id":"https:\/\/elcomunista.org\/?p=11254#primaryimage"},"thumbnailUrl":"https:\/\/elcomunista.org\/wp-content\/uploads\/2021\/08\/EzIW-SUW8AQSIJv.jpeg","keywords":["Afganistan","EEUU","Imperialismo","Saur","talibanes"],"articleSection":["Afganist\u00e1n","Asia","Internacional"],"inLanguage":"es","potentialAction":[{"@type":"CommentAction","name":"Comment","target":["https:\/\/elcomunista.org\/?p=11254#respond"]}]},{"@type":"WebPage","@id":"https:\/\/elcomunista.org\/?p=11254","url":"https:\/\/elcomunista.org\/?p=11254","name":"La Revoluci\u00f3n de Saur de Afganist\u00e1n: la revoluci\u00f3n suprimida de la historia","isPartOf":{"@id":"https:\/\/elcomunista.org\/#website"},"primaryImageOfPage":{"@id":"https:\/\/elcomunista.org\/?p=11254#primaryimage"},"image":{"@id":"https:\/\/elcomunista.org\/?p=11254#primaryimage"},"thumbnailUrl":"https:\/\/elcomunista.org\/wp-content\/uploads\/2021\/08\/EzIW-SUW8AQSIJv.jpeg","datePublished":"2021-08-15T17:51:54+00:00","breadcrumb":{"@id":"https:\/\/elcomunista.org\/?p=11254#breadcrumb"},"inLanguage":"es","potentialAction":[{"@type":"ReadAction","target":["https:\/\/elcomunista.org\/?p=11254"]}]},{"@type":"ImageObject","inLanguage":"es","@id":"https:\/\/elcomunista.org\/?p=11254#primaryimage","url":"https:\/\/elcomunista.org\/wp-content\/uploads\/2021\/08\/EzIW-SUW8AQSIJv.jpeg","contentUrl":"https:\/\/elcomunista.org\/wp-content\/uploads\/2021\/08\/EzIW-SUW8AQSIJv.jpeg","width":2186,"height":1254},{"@type":"BreadcrumbList","@id":"https:\/\/elcomunista.org\/?p=11254#breadcrumb","itemListElement":[{"@type":"ListItem","position":1,"name":"Portada","item":"https:\/\/elcomunista.org\/"},{"@type":"ListItem","position":2,"name":"La Revoluci\u00f3n de Saur de Afganist\u00e1n: la revoluci\u00f3n suprimida de la historia"}]},{"@type":"WebSite","@id":"https:\/\/elcomunista.org\/#website","url":"https:\/\/elcomunista.org\/","name":"Revoluci\u00f3n Comunista","description":"Internacional Comunista Revolucionaria","publisher":{"@id":"https:\/\/elcomunista.org\/#organization"},"potentialAction":[{"@type":"SearchAction","target":{"@type":"EntryPoint","urlTemplate":"https:\/\/elcomunista.org\/?s={search_term_string}"},"query-input":{"@type":"PropertyValueSpecification","valueRequired":true,"valueName":"search_term_string"}}],"inLanguage":"es"},{"@type":"Organization","@id":"https:\/\/elcomunista.org\/#organization","name":"Bloque Popular Juvenil","url":"https:\/\/elcomunista.org\/","logo":{"@type":"ImageObject","inLanguage":"es","@id":"https:\/\/elcomunista.org\/#\/schema\/logo\/image\/","url":"https:\/\/bloquepopularjuvenil.org\/wp-content\/uploads\/2018\/11\/bpj-militante.jpg","contentUrl":"https:\/\/bloquepopularjuvenil.org\/wp-content\/uploads\/2018\/11\/bpj-militante.jpg","width":4000,"height":1390,"caption":"Bloque Popular Juvenil"},"image":{"@id":"https:\/\/elcomunista.org\/#\/schema\/logo\/image\/"},"sameAs":["https:\/\/www.facebook.com\/Bloquepopularjuvenil","https:\/\/x.com\/ElBPJ","https:\/\/www.instagram.com\/elbloque_bpj\/?hl=es-la"]},{"@type":"Person","@id":"https:\/\/elcomunista.org\/#\/schema\/person\/f263a81caf9b6558c019b2d6b83e55be","name":"Internacional Comunista Revolucionaria","image":{"@type":"ImageObject","inLanguage":"es","@id":"https:\/\/elcomunista.org\/#\/schema\/person\/image\/","url":"https:\/\/secure.gravatar.com\/avatar\/007ae9c82193c93b7cbb3bbda1ed8c15?s=96&d=mm&r=g","contentUrl":"https:\/\/secure.gravatar.com\/avatar\/007ae9c82193c93b7cbb3bbda1ed8c15?s=96&d=mm&r=g","caption":"Internacional Comunista Revolucionaria"},"url":"https:\/\/elcomunista.org\/?author=62"}]}},"jetpack_featured_media_url":"https:\/\/elcomunista.org\/wp-content\/uploads\/2021\/08\/EzIW-SUW8AQSIJv.jpeg","jetpack_likes_enabled":true,"jetpack_sharing_enabled":true,"_links":{"self":[{"href":"https:\/\/elcomunista.org\/index.php?rest_route=\/wp\/v2\/posts\/11254"}],"collection":[{"href":"https:\/\/elcomunista.org\/index.php?rest_route=\/wp\/v2\/posts"}],"about":[{"href":"https:\/\/elcomunista.org\/index.php?rest_route=\/wp\/v2\/types\/post"}],"author":[{"embeddable":true,"href":"https:\/\/elcomunista.org\/index.php?rest_route=\/wp\/v2\/users\/62"}],"replies":[{"embeddable":true,"href":"https:\/\/elcomunista.org\/index.php?rest_route=%2Fwp%2Fv2%2Fcomments&post=11254"}],"version-history":[{"count":0,"href":"https:\/\/elcomunista.org\/index.php?rest_route=\/wp\/v2\/posts\/11254\/revisions"}],"wp:featuredmedia":[{"embeddable":true,"href":"https:\/\/elcomunista.org\/index.php?rest_route=\/wp\/v2\/media\/11255"}],"wp:attachment":[{"href":"https:\/\/elcomunista.org\/index.php?rest_route=%2Fwp%2Fv2%2Fmedia&parent=11254"}],"wp:term":[{"taxonomy":"category","embeddable":true,"href":"https:\/\/elcomunista.org\/index.php?rest_route=%2Fwp%2Fv2%2Fcategories&post=11254"},{"taxonomy":"post_tag","embeddable":true,"href":"https:\/\/elcomunista.org\/index.php?rest_route=%2Fwp%2Fv2%2Ftags&post=11254"}],"curies":[{"name":"wp","href":"https:\/\/api.w.org\/{rel}","templated":true}]}}