{"id":11416,"date":"2021-09-30T14:14:54","date_gmt":"2021-09-30T20:14:54","guid":{"rendered":"http:\/\/bloquepopularjuvenil.org\/?p=11416"},"modified":"2021-09-30T15:30:41","modified_gmt":"2021-09-30T21:30:41","slug":"movilizacion-y-organizacion-revolucionaria-contra-los-ataques-del-regimen-de-bukele","status":"publish","type":"post","link":"https:\/\/elcomunista.org\/?p=11416","title":{"rendered":"Movilizaci\u00f3n y organizaci\u00f3n revolucionaria contra los ataques del r\u00e9gimen de Bukele"},"content":{"rendered":"<p><span style=\"font-weight: 400;\">El gobierno de Bukele est\u00e1 profundizando la crisis social en todos sus niveles, no hay ni un sector de la sociedad, a excepci\u00f3n de las clases m\u00e1s acomodadas del pa\u00eds, que no sientan la asfixia econ\u00f3mica y social que se nos impone. Las movilizaciones del mes de septiembre (7S, 15S y 30S) son la respuesta de lucha de sectores de la sociedad que buscan defenderse de los ataques y condiciones miserables a las que est\u00e1n siendo sometidos cada vez m\u00e1s. Esta es una respuesta combativa de trabajadores y trabajadoras, las mujeres oprimidas y la juventud en general que poco a poco van llegando a la conclusi\u00f3n que solo a trav\u00e9s de la lucha organizada en las calles se puede hacer frente al r\u00e9gimen opresivo que nos impone el clan Bukele. Vemos el principio de una larga lucha en favor de arrancarle al r\u00e9gimen las demandas m\u00e1s inmediatas de la clase trabajadora, esas que tienen que ver con estabilidad laboral, empleos y salarios dignos, derechos a educaci\u00f3n, salud, y vivienda.\u00a0<\/span><\/p>\n<p><span style=\"font-weight: 400;\">Por ahora, el movimiento aunque heroico y combativo est\u00e1 limitado por su fuerza num\u00e9rica, claridad pol\u00edtica y determinaci\u00f3n, el an\u00e1lisis de esta situaci\u00f3n no debe ser desplazado del debate de las organizaciones en lucha, todo lo contrario. El movimiento en la lucha contra el gobierno de Bukele debe avanzar, en primer lugar, en definir sus objetivos principales y, en segundo lugar, la definici\u00f3n de sus aliados m\u00e1s determinantes, qu\u00e9 programa defender y qu\u00e9 sectores suman a la lucha de los inter\u00e9s colectivos de las clases oprimidas y explotadas. Solo a partir de discutir y poner sobre la mesa estos aspectos el movimiento podr\u00e1 avanzar hacia la conquista de sus demandas y por supuesto a la construcci\u00f3n de un gobierno de las clases explotadas y oprimidas.\u00a0<\/span><\/p>\n<p><span style=\"font-weight: 400;\">A la fecha todos los sectores, excluyendo a la clase capitalista, est\u00e1 sometida a la opresi\u00f3n y explotaci\u00f3n cada vez m\u00e1s desesperante de esta sociedad impuesta por la dictadura de los ricos a trav\u00e9s de Bukele. Partiendo de est\u00e1 afirmaci\u00f3n debemos luchar por medidas inmediatas para acabar con esta asfixia econ\u00f3mica y social, la tarea inmediata del movimiento debe ser la defensa de nuestros puestos de trabajo, la defensa de las libertades sindicales y el alto al acoso laboral en todos los centros de trabajo p\u00fablicos y privados. Esto debe combinarse con una exigencia de creaci\u00f3n de m\u00e1s puestos de trabajo y mejores salarios, durante la pandemia la riqueza de los 110 ultra ricos salvadore\u00f1os aument\u00f3 considerablemente, esto quiere decir que mientras millones nos empobrecemos al extremo, unos cuantos se enriquecieron obscenamente a costa de nuestro sufrimiento.\u00a0<\/span><\/p>\n<p><span style=\"font-weight: 400;\">Adem\u00e1s el gobierno ha estado publicando, a trav\u00e9s del Banco Central de Reserva, datos de una recuperaci\u00f3n econ\u00f3mica, que es a su vez una consecuencia de una recuperaci\u00f3n de la econom\u00eda mundial. Esto saca a la luz que los capitalistas est\u00e1n volviendo a la estabilidad econ\u00f3mica pre pandemia y por consecuencia, deber\u00edan recuperarse los ingresos estatales. Tambi\u00e9n deber\u00eda verse reflejado en un aumento o recuperaci\u00f3n del empleo. Sin embargo, esto no est\u00e1 pasando, al contrario, lo que vemos es un estancamiento del empleo y la amenaza constante de despidos en el sector p\u00fablico. Los datos no se corresponde con la realidad econ\u00f3mica, y s\u00f3lo puede explicarse a condici\u00f3n que entendamos que mientras los capitalistas recuperan sus ganancias, los trabajadores asalariados est\u00e1n siendo explotados a niveles extremos a costa de que decenas de miles no tengamos un empleo y que, por otro lado, el gobierno aunque tenga mayores ingresos que en a\u00f1os anteriores priorice el pago de la deuda externa, a costa de recortar empleos por mandato de los organismos financieros, sin tener en cuenta que condenan a cientos de familias a la pobreza extrema.<\/span><\/p>\n<p><span style=\"font-weight: 400;\">Como primeros afectados debemos oponernos f\u00e9rreamente a los despidos en todos las \u00e1reas econ\u00f3micas y gubernamentales, ni un desempleado m\u00e1s, a su vez debemos luchar por una pol\u00edtica de nivelaci\u00f3n salarial acord\u00e9 al coste de la vida y topes a los precios de la canasta b\u00e1sica para hacerle frente a la inflaci\u00f3n, la reducci\u00f3n de la jornada laboral de 44 a 36 horas, plan de obras p\u00fablicas necesarias (escuelas, hospitales, y universidades) para reactivar la econom\u00eda y el empleo. Nacionalizaci\u00f3n bajo el control democr\u00e1tico de los trabajadores de todas las instituciones estatales privatizadas en el pasado, incluyendo principalmente el sistema de pensiones.\u00a0<\/span><\/p>\n<p><span style=\"font-weight: 400;\">Solo bajo est\u00e1s medidas el movimiento que hoy se moviliza contra la crisis econ\u00f3mica y las pol\u00edticas del r\u00e9gimen podr\u00e1 encontrar el apoyo de la juventud y todos los sectores oprimidos y explotados de la sociedad. Estas medidas aqu\u00ed esbozadas a grandes rasgos deben servir como base para la construcci\u00f3n de un programa que garantice la unidad de la clase trabajadora frente al r\u00e9gimen de Bukele. Solo la unidad de los sectores claves y protag\u00f3nicos de la econom\u00eda nacional podr\u00e1 frenar el avance de la agenda capitalista de este gobierno. Los oprimidos y explotados de esta sociedad no pueden confiar m\u00e1s que en sus propias fuerzas y en sus organizaciones tradicionales como los sindicatos, organizaciones comunitarias y campesinas para construir una sociedad distinta, no igual a la del pasado con Arena y el FMLN, sino distinta a esa y al actual r\u00e9gimen del gobierno de Bukele.\u00a0<\/span><\/p>\n<p><span style=\"font-weight: 400;\">Como organizaci\u00f3n marxista luchamos por estas demandas inmediatas y por una sociedad diferente d\u00f3nde todos y todas vivamos dignamente y tengamos garantizados nuestros derechos y solventadas nuestras necesidades vitales.<\/span><\/p>\n<p><span style=\"font-weight: 400;\">Luchamos por una sociedad que garantice la democracia para quienes crean la riqueza, para los que con sus manos garantizan el funcionamiento econ\u00f3mico de la sociedad y por lo tanto deben decidir sobre c\u00f3mo y para qu\u00e9 se usa la riqueza que se produce. Rechazamos la actual sociedad d\u00f3nde los banqueros, terratenientes, empresarios y pol\u00edticos de los ricos son los que deciden el rumbo de nuestras vidas, tales decisiones condenan a millones al hambre, la violencia y la miseria social. <\/span><\/p>\n<p><span style=\"font-weight: 400;\">Si quieres luchar por una sociedad distinta \u00fanete a nuestra lucha y organ\u00edzate con nosotros, la opresi\u00f3n aumenta constantemente, solo organizados y formados pol\u00edticamente podremos cambiar esta realidad. Mujer, joven, trabajador \u00fanete a nuestra organizaci\u00f3n y luchemos por el socialismo internacional.<\/span><\/p>\n<p><a href=\"http:\/\/bloquepopularjuvenil.org\/unete-al-bpj\/\">\u00a1\u00danete al BPJ!\u00a0<\/a><\/p>\n","protected":false},"excerpt":{"rendered":"<p>El gobierno de Bukele est\u00e1 profundizando la crisis social en todos sus niveles, no hay ni un sector de la sociedad, a excepci\u00f3n de las clases m\u00e1s acomodadas del pa\u00eds, que no sientan la asfixia econ\u00f3mica y social que se nos impone. Las movilizaciones del mes de septiembre (7S, 15S y 30S) son la respuesta&#8230;<\/p>\n","protected":false},"author":1,"featured_media":11418,"comment_status":"open","ping_status":"open","sticky":false,"template":"","format":"standard","meta":{"_monsterinsights_skip_tracking":false,"_monsterinsights_sitenote_active":false,"_monsterinsights_sitenote_note":"","_monsterinsights_sitenote_category":0,"_uf_show_specific_survey":0,"_uf_disable_surveys":false,"_jetpack_memberships_contains_paid_content":false,"footnotes":""},"categories":[2,3,537],"tags":[151,194,216,93,127,1649],"class_list":["post-11416","post","type-post","status-publish","format-standard","has-post-thumbnail","hentry","category-nacional","category-politica","category-principales","tag-bpj","tag-capitalismo","tag-cmi","tag-el-salvador","tag-nayib-bukele","tag-organizacion-revolucionaria"],"aioseo_notices":[],"yoast_head":"<!-- This site is optimized with the Yoast SEO plugin v25.6 - https:\/\/yoast.com\/wordpress\/plugins\/seo\/ -->\n<title>Movilizaci\u00f3n y organizaci\u00f3n revolucionaria contra los ataques del r\u00e9gimen de Bukele<\/title>\n<meta name=\"robots\" content=\"index, follow, max-snippet:-1, max-image-preview:large, max-video-preview:-1\" \/>\n<link rel=\"canonical\" href=\"https:\/\/elcomunista.org\/?p=11416\" \/>\n<meta property=\"og:locale\" content=\"es_ES\" \/>\n<meta property=\"og:type\" content=\"article\" \/>\n<meta property=\"og:title\" content=\"Movilizaci\u00f3n y organizaci\u00f3n revolucionaria contra los ataques del r\u00e9gimen de Bukele\" \/>\n<meta property=\"og:description\" content=\"El gobierno de Bukele est\u00e1 profundizando la crisis social en todos sus niveles, no hay ni un sector de la sociedad, a excepci\u00f3n de las clases m\u00e1s acomodadas del pa\u00eds, que no sientan la asfixia econ\u00f3mica y social que se nos impone. Las movilizaciones del mes de septiembre (7S, 15S y 30S) son la respuesta...\" \/>\n<meta property=\"og:url\" content=\"https:\/\/elcomunista.org\/?p=11416\" \/>\n<meta property=\"og:site_name\" content=\"Revoluci\u00f3n Comunista\" \/>\n<meta property=\"article:publisher\" content=\"https:\/\/www.facebook.com\/Bloquepopularjuvenil\" \/>\n<meta property=\"article:published_time\" content=\"2021-09-30T20:14:54+00:00\" \/>\n<meta property=\"article:modified_time\" content=\"2021-09-30T21:30:41+00:00\" \/>\n<meta property=\"og:image\" content=\"https:\/\/elcomunista.org\/wp-content\/uploads\/2021\/09\/210915202048-salvador-protestas-nayib-bukele-pkg-melin-delcid-00004001-full-169.png\" \/>\n\t<meta property=\"og:image:width\" content=\"1600\" \/>\n\t<meta property=\"og:image:height\" content=\"900\" \/>\n\t<meta property=\"og:image:type\" content=\"image\/png\" \/>\n<meta name=\"author\" content=\"Bloque Popular Juvenil\" \/>\n<meta name=\"twitter:card\" content=\"summary_large_image\" \/>\n<meta name=\"twitter:creator\" content=\"@ElBPJ\" \/>\n<meta name=\"twitter:site\" content=\"@ElBPJ\" \/>\n<meta name=\"twitter:label1\" content=\"Escrito por\" \/>\n\t<meta name=\"twitter:data1\" content=\"Bloque Popular Juvenil\" \/>\n\t<meta name=\"twitter:label2\" content=\"Tiempo de lectura\" \/>\n\t<meta name=\"twitter:data2\" content=\"5 minutos\" \/>\n<script type=\"application\/ld+json\" class=\"yoast-schema-graph\">{\"@context\":\"https:\/\/schema.org\",\"@graph\":[{\"@type\":\"Article\",\"@id\":\"https:\/\/elcomunista.org\/?p=11416#article\",\"isPartOf\":{\"@id\":\"https:\/\/elcomunista.org\/?p=11416\"},\"author\":{\"name\":\"Bloque Popular Juvenil\",\"@id\":\"https:\/\/elcomunista.org\/#\/schema\/person\/d55d5350d790a4464cbc0e898065567d\"},\"headline\":\"Movilizaci\u00f3n y organizaci\u00f3n revolucionaria contra los ataques del r\u00e9gimen de Bukele\",\"datePublished\":\"2021-09-30T20:14:54+00:00\",\"dateModified\":\"2021-09-30T21:30:41+00:00\",\"mainEntityOfPage\":{\"@id\":\"https:\/\/elcomunista.org\/?p=11416\"},\"wordCount\":1108,\"commentCount\":0,\"publisher\":{\"@id\":\"https:\/\/elcomunista.org\/#organization\"},\"image\":{\"@id\":\"https:\/\/elcomunista.org\/?p=11416#primaryimage\"},\"thumbnailUrl\":\"https:\/\/elcomunista.org\/wp-content\/uploads\/2021\/09\/210915202048-salvador-protestas-nayib-bukele-pkg-melin-delcid-00004001-full-169.png\",\"keywords\":[\"BPJ\",\"Capitalismo\",\"CMI\",\"El Salvador\",\"Nayib Bukele\",\"Organizaci\u00f3n revolucionaria\"],\"articleSection\":[\"Nacional\",\"Pol\u00edtica\",\"Principales\"],\"inLanguage\":\"es\",\"potentialAction\":[{\"@type\":\"CommentAction\",\"name\":\"Comment\",\"target\":[\"https:\/\/elcomunista.org\/?p=11416#respond\"]}]},{\"@type\":\"WebPage\",\"@id\":\"https:\/\/elcomunista.org\/?p=11416\",\"url\":\"https:\/\/elcomunista.org\/?p=11416\",\"name\":\"Movilizaci\u00f3n y organizaci\u00f3n revolucionaria contra los ataques del r\u00e9gimen de Bukele\",\"isPartOf\":{\"@id\":\"https:\/\/elcomunista.org\/#website\"},\"primaryImageOfPage\":{\"@id\":\"https:\/\/elcomunista.org\/?p=11416#primaryimage\"},\"image\":{\"@id\":\"https:\/\/elcomunista.org\/?p=11416#primaryimage\"},\"thumbnailUrl\":\"https:\/\/elcomunista.org\/wp-content\/uploads\/2021\/09\/210915202048-salvador-protestas-nayib-bukele-pkg-melin-delcid-00004001-full-169.png\",\"datePublished\":\"2021-09-30T20:14:54+00:00\",\"dateModified\":\"2021-09-30T21:30:41+00:00\",\"breadcrumb\":{\"@id\":\"https:\/\/elcomunista.org\/?p=11416#breadcrumb\"},\"inLanguage\":\"es\",\"potentialAction\":[{\"@type\":\"ReadAction\",\"target\":[\"https:\/\/elcomunista.org\/?p=11416\"]}]},{\"@type\":\"ImageObject\",\"inLanguage\":\"es\",\"@id\":\"https:\/\/elcomunista.org\/?p=11416#primaryimage\",\"url\":\"https:\/\/elcomunista.org\/wp-content\/uploads\/2021\/09\/210915202048-salvador-protestas-nayib-bukele-pkg-melin-delcid-00004001-full-169.png\",\"contentUrl\":\"https:\/\/elcomunista.org\/wp-content\/uploads\/2021\/09\/210915202048-salvador-protestas-nayib-bukele-pkg-melin-delcid-00004001-full-169.png\",\"width\":1600,\"height\":900},{\"@type\":\"BreadcrumbList\",\"@id\":\"https:\/\/elcomunista.org\/?p=11416#breadcrumb\",\"itemListElement\":[{\"@type\":\"ListItem\",\"position\":1,\"name\":\"Portada\",\"item\":\"https:\/\/elcomunista.org\/\"},{\"@type\":\"ListItem\",\"position\":2,\"name\":\"Movilizaci\u00f3n y organizaci\u00f3n revolucionaria contra los ataques del r\u00e9gimen de Bukele\"}]},{\"@type\":\"WebSite\",\"@id\":\"https:\/\/elcomunista.org\/#website\",\"url\":\"https:\/\/elcomunista.org\/\",\"name\":\"Revoluci\u00f3n Comunista\",\"description\":\"Internacional Comunista Revolucionaria\",\"publisher\":{\"@id\":\"https:\/\/elcomunista.org\/#organization\"},\"potentialAction\":[{\"@type\":\"SearchAction\",\"target\":{\"@type\":\"EntryPoint\",\"urlTemplate\":\"https:\/\/elcomunista.org\/?s={search_term_string}\"},\"query-input\":{\"@type\":\"PropertyValueSpecification\",\"valueRequired\":true,\"valueName\":\"search_term_string\"}}],\"inLanguage\":\"es\"},{\"@type\":\"Organization\",\"@id\":\"https:\/\/elcomunista.org\/#organization\",\"name\":\"Bloque Popular Juvenil\",\"url\":\"https:\/\/elcomunista.org\/\",\"logo\":{\"@type\":\"ImageObject\",\"inLanguage\":\"es\",\"@id\":\"https:\/\/elcomunista.org\/#\/schema\/logo\/image\/\",\"url\":\"https:\/\/bloquepopularjuvenil.org\/wp-content\/uploads\/2018\/11\/bpj-militante.jpg\",\"contentUrl\":\"https:\/\/bloquepopularjuvenil.org\/wp-content\/uploads\/2018\/11\/bpj-militante.jpg\",\"width\":4000,\"height\":1390,\"caption\":\"Bloque Popular Juvenil\"},\"image\":{\"@id\":\"https:\/\/elcomunista.org\/#\/schema\/logo\/image\/\"},\"sameAs\":[\"https:\/\/www.facebook.com\/Bloquepopularjuvenil\",\"https:\/\/x.com\/ElBPJ\",\"https:\/\/www.instagram.com\/elbloque_bpj\/?hl=es-la\"]},{\"@type\":\"Person\",\"@id\":\"https:\/\/elcomunista.org\/#\/schema\/person\/d55d5350d790a4464cbc0e898065567d\",\"name\":\"Bloque Popular Juvenil\",\"image\":{\"@type\":\"ImageObject\",\"inLanguage\":\"es\",\"@id\":\"https:\/\/elcomunista.org\/#\/schema\/person\/image\/\",\"url\":\"https:\/\/secure.gravatar.com\/avatar\/85d12dca789bb6379dc38a198e1576cd?s=96&d=mm&r=g\",\"contentUrl\":\"https:\/\/secure.gravatar.com\/avatar\/85d12dca789bb6379dc38a198e1576cd?s=96&d=mm&r=g\",\"caption\":\"Bloque Popular Juvenil\"},\"url\":\"https:\/\/elcomunista.org\/?author=1\"}]}<\/script>\n<!-- \/ Yoast SEO plugin. -->","yoast_head_json":{"title":"Movilizaci\u00f3n y organizaci\u00f3n revolucionaria contra los ataques del r\u00e9gimen de Bukele","robots":{"index":"index","follow":"follow","max-snippet":"max-snippet:-1","max-image-preview":"max-image-preview:large","max-video-preview":"max-video-preview:-1"},"canonical":"https:\/\/elcomunista.org\/?p=11416","og_locale":"es_ES","og_type":"article","og_title":"Movilizaci\u00f3n y organizaci\u00f3n revolucionaria contra los ataques del r\u00e9gimen de Bukele","og_description":"El gobierno de Bukele est\u00e1 profundizando la crisis social en todos sus niveles, no hay ni un sector de la sociedad, a excepci\u00f3n de las clases m\u00e1s acomodadas del pa\u00eds, que no sientan la asfixia econ\u00f3mica y social que se nos impone. Las movilizaciones del mes de septiembre (7S, 15S y 30S) son la respuesta...","og_url":"https:\/\/elcomunista.org\/?p=11416","og_site_name":"Revoluci\u00f3n Comunista","article_publisher":"https:\/\/www.facebook.com\/Bloquepopularjuvenil","article_published_time":"2021-09-30T20:14:54+00:00","article_modified_time":"2021-09-30T21:30:41+00:00","og_image":[{"width":1600,"height":900,"url":"https:\/\/elcomunista.org\/wp-content\/uploads\/2021\/09\/210915202048-salvador-protestas-nayib-bukele-pkg-melin-delcid-00004001-full-169.png","type":"image\/png"}],"author":"Bloque Popular Juvenil","twitter_card":"summary_large_image","twitter_creator":"@ElBPJ","twitter_site":"@ElBPJ","twitter_misc":{"Escrito por":"Bloque Popular Juvenil","Tiempo de lectura":"5 minutos"},"schema":{"@context":"https:\/\/schema.org","@graph":[{"@type":"Article","@id":"https:\/\/elcomunista.org\/?p=11416#article","isPartOf":{"@id":"https:\/\/elcomunista.org\/?p=11416"},"author":{"name":"Bloque Popular Juvenil","@id":"https:\/\/elcomunista.org\/#\/schema\/person\/d55d5350d790a4464cbc0e898065567d"},"headline":"Movilizaci\u00f3n y organizaci\u00f3n revolucionaria contra los ataques del r\u00e9gimen de Bukele","datePublished":"2021-09-30T20:14:54+00:00","dateModified":"2021-09-30T21:30:41+00:00","mainEntityOfPage":{"@id":"https:\/\/elcomunista.org\/?p=11416"},"wordCount":1108,"commentCount":0,"publisher":{"@id":"https:\/\/elcomunista.org\/#organization"},"image":{"@id":"https:\/\/elcomunista.org\/?p=11416#primaryimage"},"thumbnailUrl":"https:\/\/elcomunista.org\/wp-content\/uploads\/2021\/09\/210915202048-salvador-protestas-nayib-bukele-pkg-melin-delcid-00004001-full-169.png","keywords":["BPJ","Capitalismo","CMI","El Salvador","Nayib Bukele","Organizaci\u00f3n revolucionaria"],"articleSection":["Nacional","Pol\u00edtica","Principales"],"inLanguage":"es","potentialAction":[{"@type":"CommentAction","name":"Comment","target":["https:\/\/elcomunista.org\/?p=11416#respond"]}]},{"@type":"WebPage","@id":"https:\/\/elcomunista.org\/?p=11416","url":"https:\/\/elcomunista.org\/?p=11416","name":"Movilizaci\u00f3n y organizaci\u00f3n revolucionaria contra los ataques del r\u00e9gimen de Bukele","isPartOf":{"@id":"https:\/\/elcomunista.org\/#website"},"primaryImageOfPage":{"@id":"https:\/\/elcomunista.org\/?p=11416#primaryimage"},"image":{"@id":"https:\/\/elcomunista.org\/?p=11416#primaryimage"},"thumbnailUrl":"https:\/\/elcomunista.org\/wp-content\/uploads\/2021\/09\/210915202048-salvador-protestas-nayib-bukele-pkg-melin-delcid-00004001-full-169.png","datePublished":"2021-09-30T20:14:54+00:00","dateModified":"2021-09-30T21:30:41+00:00","breadcrumb":{"@id":"https:\/\/elcomunista.org\/?p=11416#breadcrumb"},"inLanguage":"es","potentialAction":[{"@type":"ReadAction","target":["https:\/\/elcomunista.org\/?p=11416"]}]},{"@type":"ImageObject","inLanguage":"es","@id":"https:\/\/elcomunista.org\/?p=11416#primaryimage","url":"https:\/\/elcomunista.org\/wp-content\/uploads\/2021\/09\/210915202048-salvador-protestas-nayib-bukele-pkg-melin-delcid-00004001-full-169.png","contentUrl":"https:\/\/elcomunista.org\/wp-content\/uploads\/2021\/09\/210915202048-salvador-protestas-nayib-bukele-pkg-melin-delcid-00004001-full-169.png","width":1600,"height":900},{"@type":"BreadcrumbList","@id":"https:\/\/elcomunista.org\/?p=11416#breadcrumb","itemListElement":[{"@type":"ListItem","position":1,"name":"Portada","item":"https:\/\/elcomunista.org\/"},{"@type":"ListItem","position":2,"name":"Movilizaci\u00f3n y organizaci\u00f3n revolucionaria contra los ataques del r\u00e9gimen de Bukele"}]},{"@type":"WebSite","@id":"https:\/\/elcomunista.org\/#website","url":"https:\/\/elcomunista.org\/","name":"Revoluci\u00f3n Comunista","description":"Internacional Comunista Revolucionaria","publisher":{"@id":"https:\/\/elcomunista.org\/#organization"},"potentialAction":[{"@type":"SearchAction","target":{"@type":"EntryPoint","urlTemplate":"https:\/\/elcomunista.org\/?s={search_term_string}"},"query-input":{"@type":"PropertyValueSpecification","valueRequired":true,"valueName":"search_term_string"}}],"inLanguage":"es"},{"@type":"Organization","@id":"https:\/\/elcomunista.org\/#organization","name":"Bloque Popular Juvenil","url":"https:\/\/elcomunista.org\/","logo":{"@type":"ImageObject","inLanguage":"es","@id":"https:\/\/elcomunista.org\/#\/schema\/logo\/image\/","url":"https:\/\/bloquepopularjuvenil.org\/wp-content\/uploads\/2018\/11\/bpj-militante.jpg","contentUrl":"https:\/\/bloquepopularjuvenil.org\/wp-content\/uploads\/2018\/11\/bpj-militante.jpg","width":4000,"height":1390,"caption":"Bloque Popular Juvenil"},"image":{"@id":"https:\/\/elcomunista.org\/#\/schema\/logo\/image\/"},"sameAs":["https:\/\/www.facebook.com\/Bloquepopularjuvenil","https:\/\/x.com\/ElBPJ","https:\/\/www.instagram.com\/elbloque_bpj\/?hl=es-la"]},{"@type":"Person","@id":"https:\/\/elcomunista.org\/#\/schema\/person\/d55d5350d790a4464cbc0e898065567d","name":"Bloque Popular Juvenil","image":{"@type":"ImageObject","inLanguage":"es","@id":"https:\/\/elcomunista.org\/#\/schema\/person\/image\/","url":"https:\/\/secure.gravatar.com\/avatar\/85d12dca789bb6379dc38a198e1576cd?s=96&d=mm&r=g","contentUrl":"https:\/\/secure.gravatar.com\/avatar\/85d12dca789bb6379dc38a198e1576cd?s=96&d=mm&r=g","caption":"Bloque Popular Juvenil"},"url":"https:\/\/elcomunista.org\/?author=1"}]}},"jetpack_featured_media_url":"https:\/\/elcomunista.org\/wp-content\/uploads\/2021\/09\/210915202048-salvador-protestas-nayib-bukele-pkg-melin-delcid-00004001-full-169.png","jetpack_likes_enabled":true,"jetpack_sharing_enabled":true,"_links":{"self":[{"href":"https:\/\/elcomunista.org\/index.php?rest_route=\/wp\/v2\/posts\/11416"}],"collection":[{"href":"https:\/\/elcomunista.org\/index.php?rest_route=\/wp\/v2\/posts"}],"about":[{"href":"https:\/\/elcomunista.org\/index.php?rest_route=\/wp\/v2\/types\/post"}],"author":[{"embeddable":true,"href":"https:\/\/elcomunista.org\/index.php?rest_route=\/wp\/v2\/users\/1"}],"replies":[{"embeddable":true,"href":"https:\/\/elcomunista.org\/index.php?rest_route=%2Fwp%2Fv2%2Fcomments&post=11416"}],"version-history":[{"count":0,"href":"https:\/\/elcomunista.org\/index.php?rest_route=\/wp\/v2\/posts\/11416\/revisions"}],"wp:featuredmedia":[{"embeddable":true,"href":"https:\/\/elcomunista.org\/index.php?rest_route=\/wp\/v2\/media\/11418"}],"wp:attachment":[{"href":"https:\/\/elcomunista.org\/index.php?rest_route=%2Fwp%2Fv2%2Fmedia&parent=11416"}],"wp:term":[{"taxonomy":"category","embeddable":true,"href":"https:\/\/elcomunista.org\/index.php?rest_route=%2Fwp%2Fv2%2Fcategories&post=11416"},{"taxonomy":"post_tag","embeddable":true,"href":"https:\/\/elcomunista.org\/index.php?rest_route=%2Fwp%2Fv2%2Ftags&post=11416"}],"curies":[{"name":"wp","href":"https:\/\/api.w.org\/{rel}","templated":true}]}}