{"id":11695,"date":"2021-11-25T10:03:27","date_gmt":"2021-11-25T16:03:27","guid":{"rendered":"http:\/\/bloquepopularjuvenil.org\/?p=11695"},"modified":"2021-11-25T10:50:57","modified_gmt":"2021-11-25T16:50:57","slug":"la-derecha-pinochetista-levanta-cabeza-como-detener-a-kast","status":"publish","type":"post","link":"https:\/\/elcomunista.org\/?p=11695","title":{"rendered":"Chile: La derecha pinochetista levanta cabeza. \u00bfC\u00f3mo detener a Kast?"},"content":{"rendered":"<p><em>Por Corriente Marxista Internacional &#8211; Chile<\/em><\/p>\n<hr \/>\n<p>El candidato de ultraderecha Jos\u00e9 Antonio Kast, pasa a segunda vuelta con una primera mayor\u00eda de 28%. Gabriel Boric, de Apruebo Dignidad (coalici\u00f3n del Frente Amplio con el Partido Comunista) obtuvo el 26%, una diferencia de 150,000 votos.<\/p>\n<p>Esto a dos a\u00f1os del estallido del 18 de octubre del 2019, y a s\u00f3lo un a\u00f1o del plebiscito por la nueva constituci\u00f3n donde la opci\u00f3n Apruebo arras\u00f3 con un 78% frente al 22% del Rechazo, defendido por Kast. En la primera vuelta del domingo el voto por el candidato pinochetista, logra aumentar unos 300,000 votos por sobre su base de apoyo m\u00e1s dura del rechazo. Kast se impone sobretodo en regiones, mientras Boric gana en grandes ciudades como Santiago y Valpara\u00edso.<\/p>\n<p>La participaci\u00f3n fue de un 47%, menor que para el plebiscito, y a\u00fan m\u00e1s baja en comunas obreras (por ejemplo en La Pintana apenas un 40% fue a votar). La mayor\u00eda de los votantes no siente que estas elecciones fueran algo importante que afectar\u00eda sus vidas. Pero la participaci\u00f3n aument\u00f3 en comunas del \u201crechazo\u201d (llegando al 69% en Vitacura). Gana con m\u00e1s ventaja en la regi\u00f3n de la Araucan\u00eda, donde est\u00e1 cobrando lo que por a\u00f1os han construido, un basti\u00f3n reaccionario con una pol\u00edtica racista y de militarizaci\u00f3n del Wallmapu. En la llamada \u201cmacrozona sur\u201d las elecciones se hicieron bajo estado de excepci\u00f3n. Un esc\u00e1ndalo ante la supuesta fiesta democr\u00e1tica de estas elecciones, pero tambi\u00e9n ante el proceso constituyente.<\/p>\n<p>Lo nuevo es que con el discurso antiinmigraci\u00f3n tambi\u00e9n ahora la derecha levanta cabeza en el Norte. Pero aqu\u00ed el candidato de derecha Franco Parisi es quien sorprende en tercer lugar a nivel nacional, pero con primera mayor\u00eda en las regiones afectadas por el aumento de la inmigraci\u00f3n en los \u00faltimos a\u00f1os. Adem\u00e1s, su partido reci\u00e9n formado se ubica en una c\u00f3moda posici\u00f3n de bisagra en la c\u00e1mara de diputados, ante el virtual empate y fragmentaci\u00f3n de las principales fuerzas pol\u00edticas.<\/p>\n<h3><span style=\"color: #800000;\">\u00bfPor qu\u00e9 puede crecer la derecha?<\/span><\/h3>\n<p>En primer lugar hay que poner las cosas en su justa proporci\u00f3n. El candidato de la ultraderecha Kast, obtiene el 27% de los votos del 47% que fue a votar, es decir, apenas el 13% del total de los inscritos.<\/p>\n<p>La derecha come ah\u00ed donde hay miedo e incertidumbre. La Convenci\u00f3n Constitucional est\u00e1 hoy dominada por el Frente Amplio luego de la debacle de la Lista del Pueblo, que terminaron reproduciendo los vicios de la pol\u00edtica tradicional concertacionista. Esto ciertamente ha generado apat\u00eda y desmoralizaci\u00f3n en amplios sectores. Adem\u00e1s de su base Pinochetista y fan\u00e1tica, Kast gana a sectores medios desconcertados con la grave situaci\u00f3n social. Con un discurso de orden y paz, pueden arrastrar a sectores populares y de trabajadores que desean estabilidad. Esto en el contexto de incertidumbre econ\u00f3mica y pol\u00edtica, y una crisis social que viene de antes de la pandemia, y con esta misma se agrav\u00f3.<\/p>\n<p>Pero hay que se\u00f1alar tambi\u00e9n que eso solo es posible ante la ausencia de una alternativa revolucionaria por la izquierda que representara pol\u00edticamente el levantamiento de 2019. Un candidato como Boric, con un programa timorato de conciliaci\u00f3n, fue totalmente incapaz de movilizar a los cientos de miles de trabajadores, j\u00f3venes, mujeres, que se levantaron contra todo el r\u00e9gimen.<\/p>\n<p>Kast es un pol\u00edtico reaccionario y ultra conservador. Pero de momento no logra liderar bandas fascistas en el sentido cl\u00e1sico del fen\u00f3meno pol\u00edtico. Es decir, fascismo como un fen\u00f3meno de masas, de civiles armados para aniquilar f\u00edsicamente las organizaciones de la clase trabajadora. Por esto, el fascismo implica adem\u00e1s una derrota hist\u00f3rica de los trabajadores. En todo caso, establecer que Kast no representa en lo inmediato un momento fascista, no quita el hecho de que s\u00ed presenta un grave peligro para las mujeres, minor\u00edas, activistas de izquierda y la clase trabajadora en general. Su avance electoral y posible victoria envalentona a individuos o grupos reaccionarios organizados para actuar. Hay quiz\u00e1s un par de eventos que muestran un desarrollo en esta direcci\u00f3n: La manifestaci\u00f3n en Curacaut\u00edn que agrup\u00f3 a cientos de racistas atacando a mapuche, y la movilizaci\u00f3n en Iquique contra la inmigraci\u00f3n que termina con un ataque a un campamento de inmigrantes.<\/p>\n<p>Pero la fuerza que mostr\u00f3 el movimiento de masas desplegado en octubre y durante la pandemia podr\u00eda aplastar a las bandas fascistas si as\u00ed se lo propusieran las organizaciones de trabajadores. Es esta relaci\u00f3n real de fuerzas, en relaci\u00f3n a la sucesi\u00f3n de eventos revolucionarios en toda la regi\u00f3n y en perspectiva mundial, la que es importante tener en cuenta para definir cualquier situaci\u00f3n pol\u00edtica general, y en particular al fascismo como fen\u00f3meno pol\u00edtico. La hora es grave, pero el r\u00e9gimen todav\u00eda no puede estar tan seguro de haber derrotado el \u00e1nimo combativo de la rebeli\u00f3n de octubre.<\/p>\n<p>El programa de Kast m\u00e1s bien quiere profundizar el r\u00e9gimen policial y militar actual, defendiendo el legado de la dictadura. Promueve un apoyo irrestricto a los militares y carabineros. Se trata del \u201cdominio de la espada\u201d, representar\u00eda un bonapartismo de car\u00e1cter ultra reaccionario, que pretende venir a salvar el entuerto en que se encuentra la lucha de clases.<\/p>\n<p>Pero para implementar un r\u00e9gimen de ese tipo, no basta con la voluntad de Kast, ni el apoyo de un sector de la clase dominante. La elecci\u00f3n de Bolsonaro en Brasil en 2018 tambi\u00e9n fue presentada por algunos como \u201cla llegada del fascismo al poder\u201d. Sin embargo, a pesar de ganar las elecciones con un 55% del voto y tener una popularidad del 67% en el momento de su juramentaci\u00f3n, su gobierno fue en realidad d\u00e9bil, dividido en numerosas fracciones e incapaz de aplicar su propio programa. A los pocos meses de su presidencia se enfrent\u00f3 con un movimiento masivo de la juventud contra los recortes al presupuesto universitario y despu\u00e9s a una serie de huelgas generales contra la reforma de las pensiones que movilizaron a millones de trabajadores. La consigna \u201cFora Bolsonaro\u201d se convirti\u00f3 en el grito de las masas. En ese contexto su popularidad colaps\u00f3 y no se ha vuelto a recuperar. Hay diferencias entre Bolsonaro y Kast, pero una eventual victoria de Kast y la aplicaci\u00f3n de su programa reaccionario, provocar\u00eda, tarde o temprano, una nueva explosi\u00f3n de luchas.<\/p>\n<p>Recordemos que la rebeli\u00f3n de octubre del 2019, fue aquel movimiento de masas con car\u00e1cter insurreccional que denunci\u00f3 al r\u00e9gimen de los 30 a\u00f1os de \u201ctransici\u00f3n democr\u00e1tica\u201d, que despu\u00e9s de la dictadura profundiz\u00f3 el poder de los principales grupos econ\u00f3micos y dej\u00f3 intactas las fuerzas armadas. El movimiento contaba con una fuerza extraordinaria, su punto m\u00e1s alto fue la huelga general del 12 de noviembre, que precipit\u00f3 el acuerdo del 15 de noviembre entre los partidos del r\u00e9gimen para salvar al gobierno. En esa instancia, el actual candidato de Apruebo Dignidad, Gabriel Boric, tuvo un rol crucial para forjar el acuerdo, lo cual produjo serias diferencias dentro del Frente Amplio y otras organizaciones sociales que miraban con sospecha el sentido contrarrevolucionario y las bases antidemocr\u00e1ticas con que se firm\u00f3 el llamado \u201cAcuerdo por la paz y una nueva constituci\u00f3n\u201d. Se salv\u00f3 al gobierno en el momento que las calles y las iniciativas de autoorganizaci\u00f3n, autodefensa y acci\u00f3n directa, se encontraban en su punto m\u00e1s alto en la huelga general, cuando exist\u00edan posibilidades de construir un poder por fuera de la institucionalidad burguesa.<\/p>\n<h3><span style=\"color: #800000;\">\u00bfC\u00f3mo enfrentar a Kast?<\/span><\/h3>\n<p>Kast es un pinochetista salido del ri\u00f1\u00f3n de la dictadura, fundador de la UDI. Entre otras cosas, quiere aumentar las ya elevadas pensiones de las fuerzas armadas, derogar la ley de aborto en 3 causales, aumentar la edad de jubilaci\u00f3n, y perseguir a activistas de izquierda. Su programa habla incluso de centros de detenci\u00f3n secretos. Adem\u00e1s que piensa que la flora y fauna nativa deben \u201cpagar por su derecho a existir\u201d. Evidentemente amplios sectores de la clase trabajadora ahora buscan instintivamente votar unidos contra la posibilidad de un gobierno de Kast que ataca derechamente las libertades democr\u00e1ticas. Y traen raz\u00f3n.<\/p>\n<p>Es cierto que la ex-Concertaci\u00f3n jug\u00f3 un rol en mantener el aparato represivo, especialmente en el territorio ancestral mapuche. Pero ser\u00eda errado igualar sin m\u00e1s la derecha a la pol\u00edtica concertacionista, o a un eventual gobierno de Boric y Apruebo Dignidad.<\/p>\n<p>Un gobierno de Boric tambi\u00e9n se apoyar\u00eda en las fuerzas armadas y la represi\u00f3n para contener la fuerza de un movimiento de masas, pero se apoya especialmente en su sello m\u00e1s caracter\u00edstico que es el desv\u00edo institucional. Pero el proceso constituyente no logra salvar completamente el impasse. En realidad, la crisis econ\u00f3mica y social no tendr\u00e1 soluci\u00f3n en los marcos de esta institucionalidad burguesa. La institucionalizaci\u00f3n de la rebeli\u00f3n no puede cuajar s\u00f3lo sobre cambios formales, los cambios dentro de los l\u00edmites del capitalismo en crisis no van a solucionar los problemas de fondo que provocaron el estallido. Y as\u00ed la derecha s\u00f3lo puede seguir comiendo.<\/p>\n<p>Detener al reaccionario Kast incluye votar contra \u00e9l en la segunda vuelta. Se hace entonces tambi\u00e9n imprescindible subrayar la necesidad de una pol\u00edtica de clase independiente. Despu\u00e9s de la dictadura, a las nuevas generaciones se las convenci\u00f3 de censurarse de cualquier idea de transformaci\u00f3n radical de la sociedad, por temor a despertar al monstruo fascista. Hoy vemos un chantaje parecido, donde algunos quieren obligarnos a una unidad sin principios, con el territorio ancestral mapuche militarizado y con presos pol\u00edticos.<\/p>\n<p>Hemos tratado de explicar que si la derecha hoy puede levantar cabeza, es precisamente por una pol\u00edtica irresuelta y conciliadora del tipo de Gabriel Boric. Hoy \u00e9l mismo toma en sus manos el discurso contra la inmigraci\u00f3n y de seguridad p\u00fablica. Esta concesi\u00f3n a la derecha s\u00f3lo desaguar\u00e1 m\u00e1s votos al programa m\u00e1s consecuentemente reaccionario. Toda la orientaci\u00f3n de Boric de cara a la segunda vuelta va a estar orientada en dos ejes: ganar el voto de los \u201csectores moderados\u201d, oponer \u201cla democracia al fascismo\u201d. Seguir en esta direcci\u00f3n no va detener el crecimiento de una derecha galvanizada, en medio de un contexto general de incertidumbre econ\u00f3mica y pol\u00edtica.<\/p>\n<p>La \u00fanica manera en que se podr\u00eda derrotar a Kast en el terreno electoral ser\u00eda dar se\u00f1ales contundentes que convoquen a los ap\u00e1ticos y desmoralizados con la pol\u00edtica, a los que se abstuvieron de votar, pero s\u00ed apoyar\u00edan un programa radical que afecte sustancialmente sus vidas, que mejore sus condiciones materiales.<\/p>\n<p>La oposici\u00f3n abstracta de \u201cdemocracia vs. fascismo\u201d no representa nada para cientos de miles que se levantaron hace dos a\u00f1os justamente contra esta \u201cdemocracia\u201d. Hemos advertido que el proceso constituyente era un desv\u00edo de la lucha, un desv\u00edo por cauces institucionales. Un acuerdo entre los partidos del r\u00e9gimen, que di\u00f3 lugar a una asamblea constituyente donde terminan dirigiendo abogados constitucionalistas, t\u00e9cnicos y expertos, secundados por personajes p\u00fablicos y otros exc\u00e9ntricos. Esto sembr\u00f3 la apat\u00eda y la incertidumbre, mientras las perspectivas laboral y econ\u00f3mica se complica. El Wallmapu se militariza, y se nos quiere vender una fiesta democr\u00e1tica que no otorga soluciones concretas a las necesidades de la clase trabajadora.<\/p>\n<p>Pero adem\u00e1s es necesario decir claramente que a la ultra-derecha no se la puede detener solamente en el terreno electoral. Movilizaciones de masas\u00a0<i>en las calles\u00a0<\/i>de la clase obrera, la juventud, las mujeres, todos los sectores que ser\u00edan m\u00e1s directamente afectados por un gobierno del reaccionario Kast, podr\u00edan cambiar decisivamente la correlaci\u00f3n de fuerzas.<\/p>\n<p>Dado el empate y fragmentaci\u00f3n en las c\u00e1maras, un eventual gobierno de Apruebo Dignidad estar\u00e1 obligado a profundizar a\u00fan m\u00e1s la pol\u00edtica de los acuerdos. O, menos probable, decidir en apoyarse decididamente en el movimiento en las calles, en las organizaciones sociales y de trabajadores, que con su fuerza impongan una agenda de transformaciones que supere los marcos del capitalismo.<\/p>\n<p>Lo que se necesita es una direcci\u00f3n resuelta a realizar las demandas profundas de la rebeli\u00f3n de octubre. La constituyente era sentida como un medio de obtener soluci\u00f3n a cuestiones en torno a las pensiones, educaci\u00f3n, salud, trabajo, etc. Debe tenerse certeza y claridad estrat\u00e9gica ante el complejo momento que se vive, no una direcci\u00f3n insegura que se levanta y se acuesta pidiendo disculpas por todo. Se necesita una corriente pol\u00edtica dispuesta a desarrollar toda la fuerza e inteligencia de la clase trabajadora. Para luchar contra la derecha dinosauria debemos apoyarnos en la organizaci\u00f3n de todas las fuerzas saludables de la sociedad, la juventud, las mujeres, los trabajadores. Necesitamos una direcci\u00f3n que en vez de negociar para salvar al gobierno, haya buscado coordinar a nivel regional y nacional todas las iniciativas de autoorganizaci\u00f3n.<\/p>\n<p>En esta hora urgente, los sectores movilizados deben conectarse con las mejores tradiciones revolucionarias de la clase trabajadora chilena, de Luis Emilio Recabarren, de los Cordones Industriales, de la lucha contra la dictadura, y de la rebeli\u00f3n de octubre. Hay que levantar la bandera de la lucha por el socialismo, que sea la clase trabajadora la que gobierne, barriendo con el r\u00e9gimen capitalista.<\/p>\n","protected":false},"excerpt":{"rendered":"<p>Por Corriente Marxista Internacional &#8211; Chile El candidato de ultraderecha Jos\u00e9 Antonio Kast, pasa a segunda vuelta con una primera mayor\u00eda de 28%. Gabriel Boric, de Apruebo Dignidad (coalici\u00f3n del Frente Amplio con el Partido Comunista) obtuvo el 26%, una diferencia de 150,000 votos. Esto a dos a\u00f1os del estallido del 18 de octubre del&#8230;<\/p>\n","protected":false},"author":122,"featured_media":11696,"comment_status":"open","ping_status":"open","sticky":false,"template":"","format":"standard","meta":{"_monsterinsights_skip_tracking":false,"_monsterinsights_sitenote_active":false,"_monsterinsights_sitenote_note":"","_monsterinsights_sitenote_category":0,"_uf_show_specific_survey":0,"_uf_disable_surveys":false,"_jetpack_memberships_contains_paid_content":false,"footnotes":""},"categories":[14,20,13,984,537],"tags":[216],"class_list":["post-11695","post","type-post","status-publish","format-standard","has-post-thumbnail","hentry","category-america-del-sur","category-chile","category-internacional","category-internacional-comunista-revolucionaria","category-principales","tag-cmi"],"aioseo_notices":[],"yoast_head":"<!-- This site is optimized with the Yoast SEO plugin v25.6 - https:\/\/yoast.com\/wordpress\/plugins\/seo\/ -->\n<title>Chile: La derecha pinochetista levanta cabeza. \u00bfC\u00f3mo detener a Kast?<\/title>\n<meta name=\"robots\" content=\"index, follow, max-snippet:-1, max-image-preview:large, max-video-preview:-1\" \/>\n<link rel=\"canonical\" href=\"https:\/\/elcomunista.org\/?p=11695\" \/>\n<meta property=\"og:locale\" content=\"es_ES\" \/>\n<meta property=\"og:type\" content=\"article\" \/>\n<meta property=\"og:title\" content=\"Chile: La derecha pinochetista levanta cabeza. \u00bfC\u00f3mo detener a Kast?\" \/>\n<meta property=\"og:description\" content=\"Por Corriente Marxista Internacional &#8211; Chile El candidato de ultraderecha Jos\u00e9 Antonio Kast, pasa a segunda vuelta con una primera mayor\u00eda de 28%. Gabriel Boric, de Apruebo Dignidad (coalici\u00f3n del Frente Amplio con el Partido Comunista) obtuvo el 26%, una diferencia de 150,000 votos. Esto a dos a\u00f1os del estallido del 18 de octubre del...\" \/>\n<meta property=\"og:url\" content=\"https:\/\/elcomunista.org\/?p=11695\" \/>\n<meta property=\"og:site_name\" content=\"Revoluci\u00f3n Comunista\" \/>\n<meta property=\"article:publisher\" content=\"https:\/\/www.facebook.com\/Bloquepopularjuvenil\" \/>\n<meta property=\"article:published_time\" content=\"2021-11-25T16:03:27+00:00\" \/>\n<meta property=\"article:modified_time\" content=\"2021-11-25T16:50:57+00:00\" \/>\n<meta property=\"og:image\" content=\"https:\/\/elcomunista.org\/wp-content\/uploads\/2021\/11\/descarga-1.jpg\" \/>\n\t<meta property=\"og:image:width\" content=\"311\" \/>\n\t<meta property=\"og:image:height\" content=\"162\" \/>\n\t<meta property=\"og:image:type\" content=\"image\/jpeg\" \/>\n<meta name=\"author\" content=\"CMI - Chile\" \/>\n<meta name=\"twitter:card\" content=\"summary_large_image\" \/>\n<meta name=\"twitter:creator\" content=\"@ElBPJ\" \/>\n<meta name=\"twitter:site\" content=\"@ElBPJ\" \/>\n<meta name=\"twitter:label1\" content=\"Escrito por\" \/>\n\t<meta name=\"twitter:data1\" content=\"CMI - Chile\" \/>\n\t<meta name=\"twitter:label2\" content=\"Tiempo de lectura\" \/>\n\t<meta name=\"twitter:data2\" content=\"10 minutos\" \/>\n<script type=\"application\/ld+json\" class=\"yoast-schema-graph\">{\"@context\":\"https:\/\/schema.org\",\"@graph\":[{\"@type\":\"Article\",\"@id\":\"https:\/\/elcomunista.org\/?p=11695#article\",\"isPartOf\":{\"@id\":\"https:\/\/elcomunista.org\/?p=11695\"},\"author\":{\"name\":\"CMI - Chile\",\"@id\":\"https:\/\/elcomunista.org\/#\/schema\/person\/3fed21fb41d663f355d5e5089c34f27a\"},\"headline\":\"Chile: La derecha pinochetista levanta cabeza. \u00bfC\u00f3mo detener a Kast?\",\"datePublished\":\"2021-11-25T16:03:27+00:00\",\"dateModified\":\"2021-11-25T16:50:57+00:00\",\"mainEntityOfPage\":{\"@id\":\"https:\/\/elcomunista.org\/?p=11695\"},\"wordCount\":2299,\"commentCount\":0,\"publisher\":{\"@id\":\"https:\/\/elcomunista.org\/#organization\"},\"image\":{\"@id\":\"https:\/\/elcomunista.org\/?p=11695#primaryimage\"},\"thumbnailUrl\":\"https:\/\/elcomunista.org\/wp-content\/uploads\/2021\/11\/descarga-1.jpg\",\"keywords\":[\"CMI\"],\"articleSection\":[\"Am\u00e9rica del Sur\",\"Chile\",\"Internacional\",\"Internacional Comunista Revolucionaria\",\"Principales\"],\"inLanguage\":\"es\",\"potentialAction\":[{\"@type\":\"CommentAction\",\"name\":\"Comment\",\"target\":[\"https:\/\/elcomunista.org\/?p=11695#respond\"]}]},{\"@type\":\"WebPage\",\"@id\":\"https:\/\/elcomunista.org\/?p=11695\",\"url\":\"https:\/\/elcomunista.org\/?p=11695\",\"name\":\"Chile: La derecha pinochetista levanta cabeza. \u00bfC\u00f3mo detener a Kast?\",\"isPartOf\":{\"@id\":\"https:\/\/elcomunista.org\/#website\"},\"primaryImageOfPage\":{\"@id\":\"https:\/\/elcomunista.org\/?p=11695#primaryimage\"},\"image\":{\"@id\":\"https:\/\/elcomunista.org\/?p=11695#primaryimage\"},\"thumbnailUrl\":\"https:\/\/elcomunista.org\/wp-content\/uploads\/2021\/11\/descarga-1.jpg\",\"datePublished\":\"2021-11-25T16:03:27+00:00\",\"dateModified\":\"2021-11-25T16:50:57+00:00\",\"breadcrumb\":{\"@id\":\"https:\/\/elcomunista.org\/?p=11695#breadcrumb\"},\"inLanguage\":\"es\",\"potentialAction\":[{\"@type\":\"ReadAction\",\"target\":[\"https:\/\/elcomunista.org\/?p=11695\"]}]},{\"@type\":\"ImageObject\",\"inLanguage\":\"es\",\"@id\":\"https:\/\/elcomunista.org\/?p=11695#primaryimage\",\"url\":\"https:\/\/elcomunista.org\/wp-content\/uploads\/2021\/11\/descarga-1.jpg\",\"contentUrl\":\"https:\/\/elcomunista.org\/wp-content\/uploads\/2021\/11\/descarga-1.jpg\",\"width\":311,\"height\":162},{\"@type\":\"BreadcrumbList\",\"@id\":\"https:\/\/elcomunista.org\/?p=11695#breadcrumb\",\"itemListElement\":[{\"@type\":\"ListItem\",\"position\":1,\"name\":\"Portada\",\"item\":\"https:\/\/elcomunista.org\/\"},{\"@type\":\"ListItem\",\"position\":2,\"name\":\"Chile: La derecha pinochetista levanta cabeza. \u00bfC\u00f3mo detener a Kast?\"}]},{\"@type\":\"WebSite\",\"@id\":\"https:\/\/elcomunista.org\/#website\",\"url\":\"https:\/\/elcomunista.org\/\",\"name\":\"Revoluci\u00f3n Comunista\",\"description\":\"Internacional Comunista Revolucionaria\",\"publisher\":{\"@id\":\"https:\/\/elcomunista.org\/#organization\"},\"potentialAction\":[{\"@type\":\"SearchAction\",\"target\":{\"@type\":\"EntryPoint\",\"urlTemplate\":\"https:\/\/elcomunista.org\/?s={search_term_string}\"},\"query-input\":{\"@type\":\"PropertyValueSpecification\",\"valueRequired\":true,\"valueName\":\"search_term_string\"}}],\"inLanguage\":\"es\"},{\"@type\":\"Organization\",\"@id\":\"https:\/\/elcomunista.org\/#organization\",\"name\":\"Bloque Popular Juvenil\",\"url\":\"https:\/\/elcomunista.org\/\",\"logo\":{\"@type\":\"ImageObject\",\"inLanguage\":\"es\",\"@id\":\"https:\/\/elcomunista.org\/#\/schema\/logo\/image\/\",\"url\":\"https:\/\/bloquepopularjuvenil.org\/wp-content\/uploads\/2018\/11\/bpj-militante.jpg\",\"contentUrl\":\"https:\/\/bloquepopularjuvenil.org\/wp-content\/uploads\/2018\/11\/bpj-militante.jpg\",\"width\":4000,\"height\":1390,\"caption\":\"Bloque Popular Juvenil\"},\"image\":{\"@id\":\"https:\/\/elcomunista.org\/#\/schema\/logo\/image\/\"},\"sameAs\":[\"https:\/\/www.facebook.com\/Bloquepopularjuvenil\",\"https:\/\/x.com\/ElBPJ\",\"https:\/\/www.instagram.com\/elbloque_bpj\/?hl=es-la\"]},{\"@type\":\"Person\",\"@id\":\"https:\/\/elcomunista.org\/#\/schema\/person\/3fed21fb41d663f355d5e5089c34f27a\",\"name\":\"CMI - Chile\",\"image\":{\"@type\":\"ImageObject\",\"inLanguage\":\"es\",\"@id\":\"https:\/\/elcomunista.org\/#\/schema\/person\/image\/\",\"url\":\"https:\/\/secure.gravatar.com\/avatar\/fc15e101c9e9f865818c9dd949f8832b?s=96&d=mm&r=g\",\"contentUrl\":\"https:\/\/secure.gravatar.com\/avatar\/fc15e101c9e9f865818c9dd949f8832b?s=96&d=mm&r=g\",\"caption\":\"CMI - Chile\"},\"url\":\"https:\/\/elcomunista.org\/?author=122\"}]}<\/script>\n<!-- \/ Yoast SEO plugin. -->","yoast_head_json":{"title":"Chile: La derecha pinochetista levanta cabeza. \u00bfC\u00f3mo detener a Kast?","robots":{"index":"index","follow":"follow","max-snippet":"max-snippet:-1","max-image-preview":"max-image-preview:large","max-video-preview":"max-video-preview:-1"},"canonical":"https:\/\/elcomunista.org\/?p=11695","og_locale":"es_ES","og_type":"article","og_title":"Chile: La derecha pinochetista levanta cabeza. \u00bfC\u00f3mo detener a Kast?","og_description":"Por Corriente Marxista Internacional &#8211; Chile El candidato de ultraderecha Jos\u00e9 Antonio Kast, pasa a segunda vuelta con una primera mayor\u00eda de 28%. Gabriel Boric, de Apruebo Dignidad (coalici\u00f3n del Frente Amplio con el Partido Comunista) obtuvo el 26%, una diferencia de 150,000 votos. Esto a dos a\u00f1os del estallido del 18 de octubre del...","og_url":"https:\/\/elcomunista.org\/?p=11695","og_site_name":"Revoluci\u00f3n Comunista","article_publisher":"https:\/\/www.facebook.com\/Bloquepopularjuvenil","article_published_time":"2021-11-25T16:03:27+00:00","article_modified_time":"2021-11-25T16:50:57+00:00","og_image":[{"width":311,"height":162,"url":"https:\/\/elcomunista.org\/wp-content\/uploads\/2021\/11\/descarga-1.jpg","type":"image\/jpeg"}],"author":"CMI - Chile","twitter_card":"summary_large_image","twitter_creator":"@ElBPJ","twitter_site":"@ElBPJ","twitter_misc":{"Escrito por":"CMI - Chile","Tiempo de lectura":"10 minutos"},"schema":{"@context":"https:\/\/schema.org","@graph":[{"@type":"Article","@id":"https:\/\/elcomunista.org\/?p=11695#article","isPartOf":{"@id":"https:\/\/elcomunista.org\/?p=11695"},"author":{"name":"CMI - Chile","@id":"https:\/\/elcomunista.org\/#\/schema\/person\/3fed21fb41d663f355d5e5089c34f27a"},"headline":"Chile: La derecha pinochetista levanta cabeza. \u00bfC\u00f3mo detener a Kast?","datePublished":"2021-11-25T16:03:27+00:00","dateModified":"2021-11-25T16:50:57+00:00","mainEntityOfPage":{"@id":"https:\/\/elcomunista.org\/?p=11695"},"wordCount":2299,"commentCount":0,"publisher":{"@id":"https:\/\/elcomunista.org\/#organization"},"image":{"@id":"https:\/\/elcomunista.org\/?p=11695#primaryimage"},"thumbnailUrl":"https:\/\/elcomunista.org\/wp-content\/uploads\/2021\/11\/descarga-1.jpg","keywords":["CMI"],"articleSection":["Am\u00e9rica del Sur","Chile","Internacional","Internacional Comunista Revolucionaria","Principales"],"inLanguage":"es","potentialAction":[{"@type":"CommentAction","name":"Comment","target":["https:\/\/elcomunista.org\/?p=11695#respond"]}]},{"@type":"WebPage","@id":"https:\/\/elcomunista.org\/?p=11695","url":"https:\/\/elcomunista.org\/?p=11695","name":"Chile: La derecha pinochetista levanta cabeza. \u00bfC\u00f3mo detener a Kast?","isPartOf":{"@id":"https:\/\/elcomunista.org\/#website"},"primaryImageOfPage":{"@id":"https:\/\/elcomunista.org\/?p=11695#primaryimage"},"image":{"@id":"https:\/\/elcomunista.org\/?p=11695#primaryimage"},"thumbnailUrl":"https:\/\/elcomunista.org\/wp-content\/uploads\/2021\/11\/descarga-1.jpg","datePublished":"2021-11-25T16:03:27+00:00","dateModified":"2021-11-25T16:50:57+00:00","breadcrumb":{"@id":"https:\/\/elcomunista.org\/?p=11695#breadcrumb"},"inLanguage":"es","potentialAction":[{"@type":"ReadAction","target":["https:\/\/elcomunista.org\/?p=11695"]}]},{"@type":"ImageObject","inLanguage":"es","@id":"https:\/\/elcomunista.org\/?p=11695#primaryimage","url":"https:\/\/elcomunista.org\/wp-content\/uploads\/2021\/11\/descarga-1.jpg","contentUrl":"https:\/\/elcomunista.org\/wp-content\/uploads\/2021\/11\/descarga-1.jpg","width":311,"height":162},{"@type":"BreadcrumbList","@id":"https:\/\/elcomunista.org\/?p=11695#breadcrumb","itemListElement":[{"@type":"ListItem","position":1,"name":"Portada","item":"https:\/\/elcomunista.org\/"},{"@type":"ListItem","position":2,"name":"Chile: La derecha pinochetista levanta cabeza. \u00bfC\u00f3mo detener a Kast?"}]},{"@type":"WebSite","@id":"https:\/\/elcomunista.org\/#website","url":"https:\/\/elcomunista.org\/","name":"Revoluci\u00f3n Comunista","description":"Internacional Comunista Revolucionaria","publisher":{"@id":"https:\/\/elcomunista.org\/#organization"},"potentialAction":[{"@type":"SearchAction","target":{"@type":"EntryPoint","urlTemplate":"https:\/\/elcomunista.org\/?s={search_term_string}"},"query-input":{"@type":"PropertyValueSpecification","valueRequired":true,"valueName":"search_term_string"}}],"inLanguage":"es"},{"@type":"Organization","@id":"https:\/\/elcomunista.org\/#organization","name":"Bloque Popular Juvenil","url":"https:\/\/elcomunista.org\/","logo":{"@type":"ImageObject","inLanguage":"es","@id":"https:\/\/elcomunista.org\/#\/schema\/logo\/image\/","url":"https:\/\/bloquepopularjuvenil.org\/wp-content\/uploads\/2018\/11\/bpj-militante.jpg","contentUrl":"https:\/\/bloquepopularjuvenil.org\/wp-content\/uploads\/2018\/11\/bpj-militante.jpg","width":4000,"height":1390,"caption":"Bloque Popular Juvenil"},"image":{"@id":"https:\/\/elcomunista.org\/#\/schema\/logo\/image\/"},"sameAs":["https:\/\/www.facebook.com\/Bloquepopularjuvenil","https:\/\/x.com\/ElBPJ","https:\/\/www.instagram.com\/elbloque_bpj\/?hl=es-la"]},{"@type":"Person","@id":"https:\/\/elcomunista.org\/#\/schema\/person\/3fed21fb41d663f355d5e5089c34f27a","name":"CMI - Chile","image":{"@type":"ImageObject","inLanguage":"es","@id":"https:\/\/elcomunista.org\/#\/schema\/person\/image\/","url":"https:\/\/secure.gravatar.com\/avatar\/fc15e101c9e9f865818c9dd949f8832b?s=96&d=mm&r=g","contentUrl":"https:\/\/secure.gravatar.com\/avatar\/fc15e101c9e9f865818c9dd949f8832b?s=96&d=mm&r=g","caption":"CMI - Chile"},"url":"https:\/\/elcomunista.org\/?author=122"}]}},"jetpack_featured_media_url":"https:\/\/elcomunista.org\/wp-content\/uploads\/2021\/11\/descarga-1.jpg","jetpack_likes_enabled":true,"jetpack_sharing_enabled":true,"_links":{"self":[{"href":"https:\/\/elcomunista.org\/index.php?rest_route=\/wp\/v2\/posts\/11695"}],"collection":[{"href":"https:\/\/elcomunista.org\/index.php?rest_route=\/wp\/v2\/posts"}],"about":[{"href":"https:\/\/elcomunista.org\/index.php?rest_route=\/wp\/v2\/types\/post"}],"author":[{"embeddable":true,"href":"https:\/\/elcomunista.org\/index.php?rest_route=\/wp\/v2\/users\/122"}],"replies":[{"embeddable":true,"href":"https:\/\/elcomunista.org\/index.php?rest_route=%2Fwp%2Fv2%2Fcomments&post=11695"}],"version-history":[{"count":0,"href":"https:\/\/elcomunista.org\/index.php?rest_route=\/wp\/v2\/posts\/11695\/revisions"}],"wp:featuredmedia":[{"embeddable":true,"href":"https:\/\/elcomunista.org\/index.php?rest_route=\/wp\/v2\/media\/11696"}],"wp:attachment":[{"href":"https:\/\/elcomunista.org\/index.php?rest_route=%2Fwp%2Fv2%2Fmedia&parent=11695"}],"wp:term":[{"taxonomy":"category","embeddable":true,"href":"https:\/\/elcomunista.org\/index.php?rest_route=%2Fwp%2Fv2%2Fcategories&post=11695"},{"taxonomy":"post_tag","embeddable":true,"href":"https:\/\/elcomunista.org\/index.php?rest_route=%2Fwp%2Fv2%2Ftags&post=11695"}],"curies":[{"name":"wp","href":"https:\/\/api.w.org\/{rel}","templated":true}]}}