{"id":12110,"date":"2022-04-06T13:05:51","date_gmt":"2022-04-06T19:05:51","guid":{"rendered":"http:\/\/bloquepopularjuvenil.org\/?p=12110"},"modified":"2022-04-06T13:05:55","modified_gmt":"2022-04-06T19:05:55","slug":"el-proceso-de-vacancia-permanente-y-el-indulto-a-fujimori","status":"publish","type":"post","link":"https:\/\/elcomunista.org\/?p=12110","title":{"rendered":"El proceso de vacancia permanente y el indulto a Fujimori"},"content":{"rendered":"<p>Por Karen Campos<\/p>\n<p>La crisis pol\u00edtica en El Per\u00fa se profundiza, pues el pasado 8 de marzo, congresistas de la oposici\u00f3n presentaron el tramite para el inicio de un nuevo procedimiento de vacancia por incapacidad moral contra el presidente Pedro Castillo, cuya admisi\u00f3n se aprob\u00f3 el 14 de marzo por el pleno del congreso con 78 votos a favor, 41 en contra y una abstenci\u00f3n. El proceso continuar\u00e1 el lunes 28 de marzo donde Castillo o su abogado, deber\u00e1n presentarse para desacreditar las 20 razones que present\u00f3 la oposici\u00f3n para su destituci\u00f3n. Los argumentos para esta vacancia son absurdos, hablan de un \u201cgabinete actuado en las sombras\u201d, no est\u00e1n conformes con 10 de los ministros del Estado, sobre una presunta intenci\u00f3n de otorgar una \u201csalida al mar a Bolivia\u201d, le acusan de tr\u00e1fico de influencias en licitaciones y lo ligan a una serie de denuncias con una empresaria cercana a Castillo.<\/p>\n<hr \/>\n<p>Como hab\u00edamos escrito en art\u00edculos anteriores, la oligarqu\u00eda peruana no se siente c\u00f3moda con un presidente elegido por el pueblo oprimido, y ve a Castillo como un ente ajeno a su Estado al que hay que expulsar, a pesar de que, desde el principio, Castillo no ha hecho m\u00e1s que ceder ante las presiones de la oligarqu\u00eda y el imperialismo. Esto lo llev\u00f3 a renovar su gabinete en tres ocasiones, purgando a los sectores con m\u00e1s v\u00ednculos al momento social y ahora desesperado llama al di\u00e1logo.<\/p>\n<p>Por otra parte, a consecuencia de su pol\u00edtica de sumisi\u00f3n ante el estado burgu\u00e9s, su base de apoyo ha ido mermando, pues cierta capa de los que le votaron ven estas capitulaciones como una traici\u00f3n a los intereses del pueblo trabajador. En una encuesta nacional realizada por Ipsos, posterior a las acusaciones por corrupci\u00f3n hacia el presidente, determin\u00f3 que el 53% de la poblaci\u00f3n peruana estar\u00eda de acuerdo con la renuncia de Castillo. Si bien sabemos que este tipo de empresas encuestadoras suelen estar alineadas a los intereses de la clase dominante, no podemos hacernos los desentendidos ante una realidad, los ataques de la derecha, la crisis econ\u00f3mica y, principalmente, la decepci\u00f3n que ha causado la claudicaci\u00f3n del gobierno de Castillo, est\u00e1n surtiendo efecto en la clase trabajadora quienes a falta de un llamado serio por el presidente para combatir a la derecha reaccionaria entran en una fase de desmoralizaci\u00f3n y apat\u00eda.<\/p>\n<p>A\u00fan con el agua al cuello y con toda la evidencia de que la oposici\u00f3n no ceder\u00e1 hasta vacar a Castillo, este sigue sin llamar a las masas obreras y campesinas a salir a las calles a defender su gobierno. Al contrario, piensa jugar sus cartas en el marco de la legalidad burguesa, la misma legalidad que acaba de asestar un golpe brutal a la dignidad del pueblo peruano quien sufri\u00f3 la brutalidad de la dictadura de Alberto Fujimori, al aprobar un indulto \u201chumanitario\u201d.<\/p>\n<p>El 24 de diciembre del 2017, el expresidente Pedro Pablo Kuczynski otorg\u00f3 un \u201cindulto humanitario\u201d a Alberto Fujimori quien fuera condenado en 2009 por la Corte Suprema. Los cargos imputados fueron por cr\u00edmenes de lesa humanidad, incluyendo ejecuciones extrajudiciales, tortura, desapariciones forzadas y secuestros, por los cuales deber\u00eda pasar 25 a\u00f1os en prisi\u00f3n. El indulto llegar\u00eda en el contexto de un proceso de vacancia contra Kuczynski quien para evitar su destituci\u00f3n requer\u00eda del apoyo de la facci\u00f3n fujimorista del congreso. Sin embargo, en junio de 2018, la Corte Interamericana de Derechos Humanos se pronunci\u00f3 en contra del indulto, por lo que la Corte Suprema de Justicia de la Rep\u00fablica del Per\u00fa anul\u00f3 ese indulto, regresando al dictador a su celda.<\/p>\n<p>Ahora, el jueves 17 de marzo el Tribunal Constitucional del Per\u00fa, anul\u00f3 la anterior anulaci\u00f3n de la Suprema Corte y reestableci\u00f3 la concesi\u00f3n del indulto a Fujimori. A tan solo 3 semanas de cumplirse 30 a\u00f1os del inicio de la dictadura fujimorista en el Per\u00fa, se ha dictaminado su liberaci\u00f3n haciendo caso omiso a las leyes internacionales que indican que no se puede otorgar indultos a las personas sentenciadas por cr\u00edmenes de lesa humanidad, sin embargo, dentro del estado de derecho burgu\u00e9s, las leyes solo son aplicables de acuerdo con las necesidades de la clase que las dise\u00f1a.<\/p>\n<p>Ahora se espera que en unos d\u00edas sea puesto en libertad definitiva a una persona que a tan solo 2 a\u00f1os de haber tomado el poder lanzo los tanques militares a las calles para reprimir al pueblo, que asesin\u00f3 y desapareci\u00f3 a cientos de periodistas, trabajadores y campesinos que luchaban por la verdad y la justicia social, sin olvidarnos de las miles de mujeres, principalmente ind\u00edgenas, que fueron v\u00edctimas de las esterilizaciones forzadas en medio de una campa\u00f1a contra la \u201creproducci\u00f3n de la pobreza\u201d. Con el voto de tan solo 3 personas en el tribunal supremo se ha decidido negarle el derecho al acceso a la justicia a los miles de v\u00edctimas de la dictadura, poniendo en claro que el fujimorismo sigue siendo la pieza clave de control de la clase burguesa peruana.<\/p>\n<p>Lo que debe quedarnos claro, es que tanto el Estado, como las leyes y la burgues\u00eda, no son neutrales, son fieles servidores y funcionarios al servicio del gran capital y cualquier iniciativa que crezca desde el pueblo ser\u00e1 atacada hasta su destrucci\u00f3n. El papel del Estado es claro, no es una herramienta independiente y neutral entre las diferentes clases de la sociedad, sino que es el gendarme que cuida los intereses de los poderosos. No hay mejor ejemplo en este momento sobre todo si vemos el trato que se le da a Fujimori con respecto al que recibe Castillo.<\/p>\n<p>Esta es una afrenta muy grave contra el pueblo obrero y su memoria hist\u00f3rica, que no debe pasarse por alto, es necesario que los amplios sectores del movimiento obrero, campesino, de la juventud y de las mujeres se unifiquen y salgan a las calles a devolver a Fujimori a la c\u00e1rcel de donde nunca debe salir.<\/p>\n<p>Como ya advertimos cuando el triunfo electoral de Castillo, no cabe una pol\u00edtica de medias tintas, tratando de complacer a los capitalistas y las multinacionales y al mismo tiempo avanzar los intereses de obreros y campesinos. En aqu\u00e9l entonces dijimos que la debilidad de Castillo en el \u00e1mbito parlamentario institucional solo se pod\u00eda revertir mediante la lucha de masas en las calles y una pol\u00edtica audaz. Ninguna cantidad de concesiones complacer\u00e1 a la oligarqu\u00eda capitalista.<\/p>\n<p>Solo de forma organizada los explotados podemos combatir los ataques perpetuados por la clase dominante, luchando de manera firme y consciente contra los explotadores. Esa es la \u00fanica forma de garantizar un alto a este sistema de barbarie y explotaci\u00f3n. Solo luchando contra el capitalismo y sus representantes podremos obtener verdadera justicia para todas las v\u00edctimas que dieron su viva luchando por una sociedad libre de explotaci\u00f3n y opresi\u00f3n.<\/p>","protected":false},"excerpt":{"rendered":"<p>Por Karen Campos La crisis pol\u00edtica en El Per\u00fa se profundiza, pues el pasado 8 de marzo, congresistas de la oposici\u00f3n presentaron el tramite para el inicio de un nuevo procedimiento de vacancia por incapacidad moral contra el presidente Pedro Castillo, cuya admisi\u00f3n se aprob\u00f3 el 14 de marzo por el pleno del congreso con&#8230;<\/p>\n","protected":false},"author":1,"featured_media":11453,"comment_status":"open","ping_status":"open","sticky":false,"template":"","format":"standard","meta":{"_monsterinsights_skip_tracking":false,"_monsterinsights_sitenote_active":false,"_monsterinsights_sitenote_note":"","_monsterinsights_sitenote_category":0,"_uf_show_specific_survey":0,"_uf_disable_surveys":false,"_jetpack_memberships_contains_paid_content":false,"footnotes":""},"categories":[984,21,537],"tags":[194,1710,172,453,522],"class_list":["post-12110","post","type-post","status-publish","format-standard","has-post-thumbnail","hentry","category-internacional-comunista-revolucionaria","category-peru","category-principales","tag-capitalismo","tag-castillo","tag-marxismo","tag-peru","tag-socialismo"],"aioseo_notices":[],"yoast_head":"<!-- This site is optimized with the Yoast SEO plugin v25.6 - https:\/\/yoast.com\/wordpress\/plugins\/seo\/ -->\n<title>El proceso de vacancia permanente y el indulto a Fujimori<\/title>\n<meta name=\"robots\" content=\"index, follow, max-snippet:-1, max-image-preview:large, max-video-preview:-1\" \/>\n<link rel=\"canonical\" href=\"https:\/\/elcomunista.org\/?p=12110\" \/>\n<meta property=\"og:locale\" content=\"es_ES\" \/>\n<meta property=\"og:type\" content=\"article\" \/>\n<meta property=\"og:title\" content=\"El proceso de vacancia permanente y el indulto a Fujimori\" \/>\n<meta property=\"og:description\" content=\"Por Karen Campos La crisis pol\u00edtica en El Per\u00fa se profundiza, pues el pasado 8 de marzo, congresistas de la oposici\u00f3n presentaron el tramite para el inicio de un nuevo procedimiento de vacancia por incapacidad moral contra el presidente Pedro Castillo, cuya admisi\u00f3n se aprob\u00f3 el 14 de marzo por el pleno del congreso con...\" \/>\n<meta property=\"og:url\" content=\"https:\/\/elcomunista.org\/?p=12110\" \/>\n<meta property=\"og:site_name\" content=\"Revoluci\u00f3n Comunista\" \/>\n<meta property=\"article:publisher\" content=\"https:\/\/www.facebook.com\/Bloquepopularjuvenil\" \/>\n<meta property=\"article:published_time\" content=\"2022-04-06T19:05:51+00:00\" \/>\n<meta property=\"article:modified_time\" content=\"2022-04-06T19:05:55+00:00\" \/>\n<meta property=\"og:image\" content=\"https:\/\/elcomunista.org\/wp-content\/uploads\/2021\/10\/castillo.png\" \/>\n\t<meta property=\"og:image:width\" content=\"477\" \/>\n\t<meta property=\"og:image:height\" content=\"637\" \/>\n\t<meta property=\"og:image:type\" content=\"image\/png\" \/>\n<meta name=\"author\" content=\"Bloque Popular Juvenil\" \/>\n<meta name=\"twitter:card\" content=\"summary_large_image\" \/>\n<meta name=\"twitter:creator\" content=\"@ElBPJ\" \/>\n<meta name=\"twitter:site\" content=\"@ElBPJ\" \/>\n<meta name=\"twitter:label1\" content=\"Escrito por\" \/>\n\t<meta name=\"twitter:data1\" content=\"Bloque Popular Juvenil\" \/>\n\t<meta name=\"twitter:label2\" content=\"Tiempo de lectura\" \/>\n\t<meta name=\"twitter:data2\" content=\"6 minutos\" \/>\n<script type=\"application\/ld+json\" class=\"yoast-schema-graph\">{\"@context\":\"https:\/\/schema.org\",\"@graph\":[{\"@type\":\"Article\",\"@id\":\"https:\/\/elcomunista.org\/?p=12110#article\",\"isPartOf\":{\"@id\":\"https:\/\/elcomunista.org\/?p=12110\"},\"author\":{\"name\":\"Bloque Popular Juvenil\",\"@id\":\"https:\/\/elcomunista.org\/#\/schema\/person\/d55d5350d790a4464cbc0e898065567d\"},\"headline\":\"El proceso de vacancia permanente y el indulto a Fujimori\",\"datePublished\":\"2022-04-06T19:05:51+00:00\",\"dateModified\":\"2022-04-06T19:05:55+00:00\",\"mainEntityOfPage\":{\"@id\":\"https:\/\/elcomunista.org\/?p=12110\"},\"wordCount\":1185,\"commentCount\":0,\"publisher\":{\"@id\":\"https:\/\/elcomunista.org\/#organization\"},\"image\":{\"@id\":\"https:\/\/elcomunista.org\/?p=12110#primaryimage\"},\"thumbnailUrl\":\"https:\/\/elcomunista.org\/wp-content\/uploads\/2021\/10\/castillo.png\",\"keywords\":[\"Capitalismo\",\"castillo\",\"Marxismo\",\"Peru\",\"Socialismo\"],\"articleSection\":[\"Internacional Comunista Revolucionaria\",\"Per\u00fa\",\"Principales\"],\"inLanguage\":\"es\",\"potentialAction\":[{\"@type\":\"CommentAction\",\"name\":\"Comment\",\"target\":[\"https:\/\/elcomunista.org\/?p=12110#respond\"]}]},{\"@type\":\"WebPage\",\"@id\":\"https:\/\/elcomunista.org\/?p=12110\",\"url\":\"https:\/\/elcomunista.org\/?p=12110\",\"name\":\"El proceso de vacancia permanente y el indulto a Fujimori\",\"isPartOf\":{\"@id\":\"https:\/\/elcomunista.org\/#website\"},\"primaryImageOfPage\":{\"@id\":\"https:\/\/elcomunista.org\/?p=12110#primaryimage\"},\"image\":{\"@id\":\"https:\/\/elcomunista.org\/?p=12110#primaryimage\"},\"thumbnailUrl\":\"https:\/\/elcomunista.org\/wp-content\/uploads\/2021\/10\/castillo.png\",\"datePublished\":\"2022-04-06T19:05:51+00:00\",\"dateModified\":\"2022-04-06T19:05:55+00:00\",\"breadcrumb\":{\"@id\":\"https:\/\/elcomunista.org\/?p=12110#breadcrumb\"},\"inLanguage\":\"es\",\"potentialAction\":[{\"@type\":\"ReadAction\",\"target\":[\"https:\/\/elcomunista.org\/?p=12110\"]}]},{\"@type\":\"ImageObject\",\"inLanguage\":\"es\",\"@id\":\"https:\/\/elcomunista.org\/?p=12110#primaryimage\",\"url\":\"https:\/\/elcomunista.org\/wp-content\/uploads\/2021\/10\/castillo.png\",\"contentUrl\":\"https:\/\/elcomunista.org\/wp-content\/uploads\/2021\/10\/castillo.png\",\"width\":477,\"height\":637},{\"@type\":\"BreadcrumbList\",\"@id\":\"https:\/\/elcomunista.org\/?p=12110#breadcrumb\",\"itemListElement\":[{\"@type\":\"ListItem\",\"position\":1,\"name\":\"Portada\",\"item\":\"https:\/\/elcomunista.org\/\"},{\"@type\":\"ListItem\",\"position\":2,\"name\":\"El proceso de vacancia permanente y el indulto a Fujimori\"}]},{\"@type\":\"WebSite\",\"@id\":\"https:\/\/elcomunista.org\/#website\",\"url\":\"https:\/\/elcomunista.org\/\",\"name\":\"Revoluci\u00f3n Comunista\",\"description\":\"Internacional Comunista Revolucionaria\",\"publisher\":{\"@id\":\"https:\/\/elcomunista.org\/#organization\"},\"potentialAction\":[{\"@type\":\"SearchAction\",\"target\":{\"@type\":\"EntryPoint\",\"urlTemplate\":\"https:\/\/elcomunista.org\/?s={search_term_string}\"},\"query-input\":{\"@type\":\"PropertyValueSpecification\",\"valueRequired\":true,\"valueName\":\"search_term_string\"}}],\"inLanguage\":\"es\"},{\"@type\":\"Organization\",\"@id\":\"https:\/\/elcomunista.org\/#organization\",\"name\":\"Bloque Popular Juvenil\",\"url\":\"https:\/\/elcomunista.org\/\",\"logo\":{\"@type\":\"ImageObject\",\"inLanguage\":\"es\",\"@id\":\"https:\/\/elcomunista.org\/#\/schema\/logo\/image\/\",\"url\":\"https:\/\/bloquepopularjuvenil.org\/wp-content\/uploads\/2018\/11\/bpj-militante.jpg\",\"contentUrl\":\"https:\/\/bloquepopularjuvenil.org\/wp-content\/uploads\/2018\/11\/bpj-militante.jpg\",\"width\":4000,\"height\":1390,\"caption\":\"Bloque Popular Juvenil\"},\"image\":{\"@id\":\"https:\/\/elcomunista.org\/#\/schema\/logo\/image\/\"},\"sameAs\":[\"https:\/\/www.facebook.com\/Bloquepopularjuvenil\",\"https:\/\/x.com\/ElBPJ\",\"https:\/\/www.instagram.com\/elbloque_bpj\/?hl=es-la\"]},{\"@type\":\"Person\",\"@id\":\"https:\/\/elcomunista.org\/#\/schema\/person\/d55d5350d790a4464cbc0e898065567d\",\"name\":\"Bloque Popular Juvenil\",\"image\":{\"@type\":\"ImageObject\",\"inLanguage\":\"es\",\"@id\":\"https:\/\/elcomunista.org\/#\/schema\/person\/image\/\",\"url\":\"https:\/\/secure.gravatar.com\/avatar\/85d12dca789bb6379dc38a198e1576cd?s=96&d=mm&r=g\",\"contentUrl\":\"https:\/\/secure.gravatar.com\/avatar\/85d12dca789bb6379dc38a198e1576cd?s=96&d=mm&r=g\",\"caption\":\"Bloque Popular Juvenil\"},\"url\":\"https:\/\/elcomunista.org\/?author=1\"}]}<\/script>\n<!-- \/ Yoast SEO plugin. -->","yoast_head_json":{"title":"El proceso de vacancia permanente y el indulto a Fujimori","robots":{"index":"index","follow":"follow","max-snippet":"max-snippet:-1","max-image-preview":"max-image-preview:large","max-video-preview":"max-video-preview:-1"},"canonical":"https:\/\/elcomunista.org\/?p=12110","og_locale":"es_ES","og_type":"article","og_title":"El proceso de vacancia permanente y el indulto a Fujimori","og_description":"Por Karen Campos La crisis pol\u00edtica en El Per\u00fa se profundiza, pues el pasado 8 de marzo, congresistas de la oposici\u00f3n presentaron el tramite para el inicio de un nuevo procedimiento de vacancia por incapacidad moral contra el presidente Pedro Castillo, cuya admisi\u00f3n se aprob\u00f3 el 14 de marzo por el pleno del congreso con...","og_url":"https:\/\/elcomunista.org\/?p=12110","og_site_name":"Revoluci\u00f3n Comunista","article_publisher":"https:\/\/www.facebook.com\/Bloquepopularjuvenil","article_published_time":"2022-04-06T19:05:51+00:00","article_modified_time":"2022-04-06T19:05:55+00:00","og_image":[{"width":477,"height":637,"url":"https:\/\/elcomunista.org\/wp-content\/uploads\/2021\/10\/castillo.png","type":"image\/png"}],"author":"Bloque Popular Juvenil","twitter_card":"summary_large_image","twitter_creator":"@ElBPJ","twitter_site":"@ElBPJ","twitter_misc":{"Escrito por":"Bloque Popular Juvenil","Tiempo de lectura":"6 minutos"},"schema":{"@context":"https:\/\/schema.org","@graph":[{"@type":"Article","@id":"https:\/\/elcomunista.org\/?p=12110#article","isPartOf":{"@id":"https:\/\/elcomunista.org\/?p=12110"},"author":{"name":"Bloque Popular Juvenil","@id":"https:\/\/elcomunista.org\/#\/schema\/person\/d55d5350d790a4464cbc0e898065567d"},"headline":"El proceso de vacancia permanente y el indulto a Fujimori","datePublished":"2022-04-06T19:05:51+00:00","dateModified":"2022-04-06T19:05:55+00:00","mainEntityOfPage":{"@id":"https:\/\/elcomunista.org\/?p=12110"},"wordCount":1185,"commentCount":0,"publisher":{"@id":"https:\/\/elcomunista.org\/#organization"},"image":{"@id":"https:\/\/elcomunista.org\/?p=12110#primaryimage"},"thumbnailUrl":"https:\/\/elcomunista.org\/wp-content\/uploads\/2021\/10\/castillo.png","keywords":["Capitalismo","castillo","Marxismo","Peru","Socialismo"],"articleSection":["Internacional Comunista Revolucionaria","Per\u00fa","Principales"],"inLanguage":"es","potentialAction":[{"@type":"CommentAction","name":"Comment","target":["https:\/\/elcomunista.org\/?p=12110#respond"]}]},{"@type":"WebPage","@id":"https:\/\/elcomunista.org\/?p=12110","url":"https:\/\/elcomunista.org\/?p=12110","name":"El proceso de vacancia permanente y el indulto a Fujimori","isPartOf":{"@id":"https:\/\/elcomunista.org\/#website"},"primaryImageOfPage":{"@id":"https:\/\/elcomunista.org\/?p=12110#primaryimage"},"image":{"@id":"https:\/\/elcomunista.org\/?p=12110#primaryimage"},"thumbnailUrl":"https:\/\/elcomunista.org\/wp-content\/uploads\/2021\/10\/castillo.png","datePublished":"2022-04-06T19:05:51+00:00","dateModified":"2022-04-06T19:05:55+00:00","breadcrumb":{"@id":"https:\/\/elcomunista.org\/?p=12110#breadcrumb"},"inLanguage":"es","potentialAction":[{"@type":"ReadAction","target":["https:\/\/elcomunista.org\/?p=12110"]}]},{"@type":"ImageObject","inLanguage":"es","@id":"https:\/\/elcomunista.org\/?p=12110#primaryimage","url":"https:\/\/elcomunista.org\/wp-content\/uploads\/2021\/10\/castillo.png","contentUrl":"https:\/\/elcomunista.org\/wp-content\/uploads\/2021\/10\/castillo.png","width":477,"height":637},{"@type":"BreadcrumbList","@id":"https:\/\/elcomunista.org\/?p=12110#breadcrumb","itemListElement":[{"@type":"ListItem","position":1,"name":"Portada","item":"https:\/\/elcomunista.org\/"},{"@type":"ListItem","position":2,"name":"El proceso de vacancia permanente y el indulto a Fujimori"}]},{"@type":"WebSite","@id":"https:\/\/elcomunista.org\/#website","url":"https:\/\/elcomunista.org\/","name":"Revoluci\u00f3n Comunista","description":"Internacional Comunista Revolucionaria","publisher":{"@id":"https:\/\/elcomunista.org\/#organization"},"potentialAction":[{"@type":"SearchAction","target":{"@type":"EntryPoint","urlTemplate":"https:\/\/elcomunista.org\/?s={search_term_string}"},"query-input":{"@type":"PropertyValueSpecification","valueRequired":true,"valueName":"search_term_string"}}],"inLanguage":"es"},{"@type":"Organization","@id":"https:\/\/elcomunista.org\/#organization","name":"Bloque Popular Juvenil","url":"https:\/\/elcomunista.org\/","logo":{"@type":"ImageObject","inLanguage":"es","@id":"https:\/\/elcomunista.org\/#\/schema\/logo\/image\/","url":"https:\/\/bloquepopularjuvenil.org\/wp-content\/uploads\/2018\/11\/bpj-militante.jpg","contentUrl":"https:\/\/bloquepopularjuvenil.org\/wp-content\/uploads\/2018\/11\/bpj-militante.jpg","width":4000,"height":1390,"caption":"Bloque Popular Juvenil"},"image":{"@id":"https:\/\/elcomunista.org\/#\/schema\/logo\/image\/"},"sameAs":["https:\/\/www.facebook.com\/Bloquepopularjuvenil","https:\/\/x.com\/ElBPJ","https:\/\/www.instagram.com\/elbloque_bpj\/?hl=es-la"]},{"@type":"Person","@id":"https:\/\/elcomunista.org\/#\/schema\/person\/d55d5350d790a4464cbc0e898065567d","name":"Bloque Popular Juvenil","image":{"@type":"ImageObject","inLanguage":"es","@id":"https:\/\/elcomunista.org\/#\/schema\/person\/image\/","url":"https:\/\/secure.gravatar.com\/avatar\/85d12dca789bb6379dc38a198e1576cd?s=96&d=mm&r=g","contentUrl":"https:\/\/secure.gravatar.com\/avatar\/85d12dca789bb6379dc38a198e1576cd?s=96&d=mm&r=g","caption":"Bloque Popular Juvenil"},"url":"https:\/\/elcomunista.org\/?author=1"}]}},"jetpack_featured_media_url":"https:\/\/elcomunista.org\/wp-content\/uploads\/2021\/10\/castillo.png","jetpack_likes_enabled":true,"jetpack_sharing_enabled":true,"_links":{"self":[{"href":"https:\/\/elcomunista.org\/index.php?rest_route=\/wp\/v2\/posts\/12110"}],"collection":[{"href":"https:\/\/elcomunista.org\/index.php?rest_route=\/wp\/v2\/posts"}],"about":[{"href":"https:\/\/elcomunista.org\/index.php?rest_route=\/wp\/v2\/types\/post"}],"author":[{"embeddable":true,"href":"https:\/\/elcomunista.org\/index.php?rest_route=\/wp\/v2\/users\/1"}],"replies":[{"embeddable":true,"href":"https:\/\/elcomunista.org\/index.php?rest_route=%2Fwp%2Fv2%2Fcomments&post=12110"}],"version-history":[{"count":0,"href":"https:\/\/elcomunista.org\/index.php?rest_route=\/wp\/v2\/posts\/12110\/revisions"}],"wp:featuredmedia":[{"embeddable":true,"href":"https:\/\/elcomunista.org\/index.php?rest_route=\/wp\/v2\/media\/11453"}],"wp:attachment":[{"href":"https:\/\/elcomunista.org\/index.php?rest_route=%2Fwp%2Fv2%2Fmedia&parent=12110"}],"wp:term":[{"taxonomy":"category","embeddable":true,"href":"https:\/\/elcomunista.org\/index.php?rest_route=%2Fwp%2Fv2%2Fcategories&post=12110"},{"taxonomy":"post_tag","embeddable":true,"href":"https:\/\/elcomunista.org\/index.php?rest_route=%2Fwp%2Fv2%2Ftags&post=12110"}],"curies":[{"name":"wp","href":"https:\/\/api.w.org\/{rel}","templated":true}]}}