{"id":12165,"date":"2022-04-28T12:26:44","date_gmt":"2022-04-28T18:26:44","guid":{"rendered":"http:\/\/bloquepopularjuvenil.org\/?p=12165"},"modified":"2022-04-28T12:44:33","modified_gmt":"2022-04-28T18:44:33","slug":"el-regimen-de-excepcion-y-la-criminalizacion-de-la-juventud","status":"publish","type":"post","link":"https:\/\/elcomunista.org\/?p=12165","title":{"rendered":"El R\u00e9gimen de Excepci\u00f3n y la criminalizaci\u00f3n de la juventud"},"content":{"rendered":"<div class=\"wp-block-columns\">&nbsp;<\/div>\n<p>El 24 de abril, a petici\u00f3n del presidente Bukele y su Consejo de Ministros, fue ampliado por 30 d\u00edas m\u00e1s el R\u00e9gimen de Excepci\u00f3n aprobado por la Asamblea Legislativa el 27 de marzo pasado. Tal r\u00e9gimen fue decretado con el objetivo de combatir la repentina ola de asesinatos del mes pasado, donde 87 personas fueron asesinadas en 3 d\u00edas.<\/p>\n<p>Como revolucionarios estamos interesados en el combate contra la delincuencia y la criminalidad en el pa\u00eds, pero creemos que la aplicaci\u00f3n del r\u00e9gimen excepcional no tiene ning\u00fan efecto en el combate a la problem\u00e1tica. Al contrario, estas acciones profundizan las causas principales de la crisis social que atraviesan los barrios m\u00e1s pobres de la clase obrera salvadore\u00f1a. La suspensi\u00f3n de los derechos como la presunci\u00f3n de inocencia y las reformas al c\u00f3digo penal, est\u00e1n propiciando un ambiente de incertidumbre y vulnerabilidad para las comunidades m\u00e1s pobres del pa\u00eds, pero principalmente para la juventud.&nbsp;<\/p>\n<p>El saldo del r\u00e9gimen policiaco militar impuesto por Bukele ha dejado m\u00e1s de 17 mil capturas (<a href=\"https:\/\/www.laprensagrafica.com\/elsalvador\/100-menores--a-internamiento-durante-regimen-de-excepcion-20220418-0091.html\">entre ellos m\u00e1s de cien menores de edad<\/a>)&nbsp;y cuatro v\u00edctimas mortales. En un mes de medidas excepcionales, los polic\u00edas y militares abusando de sus poderes, han ejercido violencia verbal, f\u00edsica e incluso serias torturas f\u00edsicas a los detenidos. Se denuncia que algunas de estas capturas no est\u00e1n basadas en acusaciones reales, basta con ser joven de un barrio pobre y conflictivo para ser considerado sospechoso. Tras esta ola de capturas, por lo menos tres j\u00f3venes han muerto a consecuencias de golpizas propinadas por militares, custodios y\/o polic\u00edas del Estado, y por lo menos uno ha muerto en un centro penal debido a la ausencia de atenci\u00f3n m\u00e9dica.&nbsp;&nbsp;&nbsp;<\/p>\n<blockquote class=\"twitter-tweet\" data-width=\"550\" data-dnt=\"true\">\n<p lang=\"es\" dir=\"ltr\">Estas son las primeras 4 v\u00edctimas mortales del R\u00e9gimen de Excepci\u00f3n<\/p>\n<p>1.&quot;Elvis Josu\u00e9 S\u00e1nchez Rivera, de 22 a\u00f1os, quien seg\u00fan fuentes del hospital Jorge Mazzini de la ciudad de Sonsonate, ya estaba muerto cuando lleg\u00f3 al centro m\u00e9dico acompa\u00f1ado por custodios, el lunes por la tarde <a href=\"https:\/\/t.co\/h7T26bvCl2\">pic.twitter.com\/h7T26bvCl2<\/a><\/p>\n<p>&mdash; Juan de la Cruz \u262d\ud83d\udc31 (@JuandeLaCruzCMI) <a href=\"https:\/\/twitter.com\/JuandeLaCruzCMI\/status\/1517341345127542784?ref_src=twsrc%5Etfw\">April 22, 2022<\/a><\/p><\/blockquote>\n<p><script async src=\"https:\/\/platform.twitter.com\/widgets.js\" charset=\"utf-8\"><\/script><\/p>\n<p><strong>Detenciones arbitrarias&nbsp;<\/strong><\/p>\n<p>A menudo, durante los d\u00edas que dur\u00f3 el primer r\u00e9gimen de excepci\u00f3n, han circulado denuncias de detenciones arbitrarias de j\u00f3venes que no est\u00e1n involucrados en pandillas. Algunos casos, muy raros, han llevado a la liberaci\u00f3n de los detenidos debido a la presi\u00f3n ejercida en redes sociales, otros a\u00fan permanecen en bartolinas o en el peor de los casos en los Centros Penitenciarios donde sufren graves violaciones a sus derechos.&nbsp;<\/p>\n<blockquote class=\"twitter-tweet\" data-width=\"550\" data-dnt=\"true\">\n<p lang=\"es\" dir=\"ltr\">Desde la Escuela de Formaci\u00f3n Pol\u00edtica de la <a href=\"https:\/\/twitter.com\/UCA_ES?ref_src=twsrc%5Etfw\">@UCA_ES<\/a> nos pronunciamos ante la detenci\u00f3n arbitraria de Marvin Alexander Ramos (Axel), graduado en el a\u00f1o 2015. Exigimos a las autoridades pertinentes su pronta liberaci\u00f3n. <a href=\"https:\/\/twitter.com\/hashtag\/LiberenAMarvin?src=hash&amp;ref_src=twsrc%5Etfw\">#LiberenAMarvin<\/a> <a href=\"https:\/\/t.co\/cLxiMmrOCk\">pic.twitter.com\/cLxiMmrOCk<\/a><\/p>\n<p>&mdash; Escuela de Formaci\u00f3n Pol\u00edtica y Ciudadana UCA (@EFPC_UCA) <a href=\"https:\/\/twitter.com\/EFPC_UCA\/status\/1518715215801692164?ref_src=twsrc%5Etfw\">April 25, 2022<\/a><\/p><\/blockquote>\n<p><script async src=\"https:\/\/platform.twitter.com\/widgets.js\" charset=\"utf-8\"><\/script><\/p>\n<p>El \u00faltimo censo de pandilleros arroja una cifra de m\u00e1s de 70 mil pandilleros activos, y seg\u00fan estimaciones de la PNC existen unos 100 mil pandilleros en todo el pa\u00eds y a eso hay que agregarle miles de colaboradores m\u00e1s, que en conjunto controlan la mayor parte de los barrios y comunidades del pa\u00eds. En estas condiciones es dif\u00edcil no haber tenido v\u00ednculos con alg\u00fan miembro de las pandillas, pues estos forman parte de la vida cotidiana de las comunidades, ya sea por coacci\u00f3n o por simplemente ser vecino de un pandillero se tienen alg\u00fan nivel de relaci\u00f3n que podr\u00eda ser motivo de delito para las autoridades, un delito que se paga con 15 a\u00f1os de c\u00e1rcel seg\u00fan la reciente reforma al c\u00f3digo penal. Esto pone en riesgo a miles de personas que tienen que soportar el acoso de la pandilla en sus comunidades.<\/p>\n<p>Adem\u00e1s, seg\u00fan denuncias del Movimiento de Trabajadores de la PNC, a los agentes policiales&nbsp;<a href=\"https:\/\/www.bbc.com\/mundo\/noticias-america-latina-61115450\">se les exigen altas cuotas de arrestos diarios<\/a>, los cuales tienen que cumplir para ser considerados eficientes en la Guerra Contra Las Pandillas, guerra que inaugur\u00f3 el presidente Bukele desde el 27 de marzo, como una alternativa para combatir el actuar delictivo de quienes seg\u00fan investigaciones period\u00edsticas han sido sus aliados en la gesti\u00f3n del gobierno, todo esto despu\u00e9s del millonario fracaso de su programa \u201cinsignia\u201d el Plan Control Territorial.<\/p>\n<p><b>La percepci\u00f3n de la gente ante las medidas excepcionales&nbsp;<\/b><\/p>\n<p>La percepci\u00f3n de la gente com\u00fan sobre lo que est\u00e1 ocurriendo se encuentra dividida; en tanto les parece excelente que los causantes del terror y la sangre sean encarcelados, por otro lado, se encuentran expectantes ante el actuar autoritario del Estado y temen las consecuencias del actuar del gobierno. Algunas familias se est\u00e1n viendo afectadas por el acoso policial\/militar en sus comunidades. Irrupciones violentas a viviendas o cateos a microbuses y buses exponen el autoritarismo del actual r\u00e9gimen.&nbsp;<a href=\"https:\/\/elfaro.net\/es\/202204\/el_salvador\/26124\/Greta-y-las-mujeres-del-Penalito.htm\">Algunas de estas familias han tenido que sufrir las consecuencias de ver a sus hijos arrestados<\/a>&nbsp;o incluso que se los devuelvan sin vida despu\u00e9s de haber recibido golpizas.&nbsp;<\/p>\n<p>La ampliaci\u00f3n del r\u00e9gimen de excepci\u00f3n es sumamente peligroso porque supone hacer de algo excepcional una normalidad dictatorial. Por supuesto que esto es algo muy conveniente para el r\u00e9gimen, bajo esta modalidad millones de d\u00f3lares sin control alguno, han ido a parar a reforzamiento policial y militar, y se han abierto las puertas para la construcci\u00f3n de nuevos centros penales donde empresas constructoras privadas ser\u00e1n beneficiadas con contratos del Estado. Toda esta crisis, est\u00e1 siendo una oportunidad de jugosos negocios para los ricos.<\/p>\n<p>La supresi\u00f3n de los derechos democr\u00e1ticos se presta para la imposici\u00f3n de un gobierno reaccionario contra los intereses de los m\u00e1s pobres. El gobierno de Bukele ha demostrado que es incapaz de resolver los problemas fundamentales de la clase obrera y la juventud, no tiene nada que ofrecer m\u00e1s que violencia, opresi\u00f3n e incertidumbre. Su \u00fanico objetivo es ofrecer un para\u00edso a inversionistas extranjeros, a costa del sufrimiento de miles de personas que sobreviven en p\u00e9simas condiciones de pobreza sin ver el m\u00e1s m\u00ednimo avance en sus condiciones de vida.&nbsp;<\/p>\n<p>Parece que el objetivo inmediato de Bukele es mostrar que s\u00ed resuelve los problemas que aquejan a los m\u00e1s pobres, la idea es aumentar su popularidad mostr\u00e1ndose como un aparato fuerte que combate efectivamente al crimen, pero en la pr\u00e1ctica est\u00e1 haciendo todo lo contrario con su actuar est\u00e1 creando crisis por todas partes, utilizando el aparato represivo del Estado sin tratar las causas principales del problema pandilleril que est\u00e1 cimentado en la vulneraci\u00f3n de derechos fundamentales como educaci\u00f3n, salud, empleo y vivienda. Nada, absolutamente nada de esto se est\u00e1 tratando desde una pol\u00edtica estatal. Aparentemente la popularidad de Bukele no ha disminuido y se mantiene en lo m\u00e1s alto, pero eso choca con lo que vive la clase obrera d\u00eda con d\u00eda.&nbsp;<\/p>\n<p><b>La criminalizaci\u00f3n de la juventud se profundiza bajo el r\u00e9gimen de excepci\u00f3n<\/b><\/p>\n<p>Como en todas las crisis del sistema y el actuar de los Estados, quienes pagan los platos rotos de los planes represivos para \u201ccombatir\u201d las consecuencias de la explotaci\u00f3n y la represi\u00f3n sistem\u00e1tica, son los j\u00f3venes. En El Salvador se est\u00e1 criminalizando a la juventud por el simple hecho de ser joven. Lejos de que los j\u00f3venes puedan acceder a escuelas, universidades y centros recreativos, se les acosa, se les detiene y se les estigmatiza como delincuentes.&nbsp;<\/p>\n<p>La juventud se encuentra en un callej\u00f3n sin salida, han sido acosados por a\u00f1os por las pandillas y al mismo tiempo han sido excluidos de sus derechos fundamentales como educaci\u00f3n de calidad y asequible, empleo digno y vivienda digna, y como si fuera poco, ahora mismo se tienen que adaptar a vivir bajo el estigma de los aparatos represivos del Estado. Esto es realmente asfixiante, es absurdo pensar que el futuro de la juventud puede ser pr\u00f3spero bajo estas condiciones opresivas.<\/p>\n<p><b>La concentraci\u00f3n de la riqueza la principal causa de la criminalidad y la delincuencia<\/b><\/p>\n<p>Es bastante ir\u00f3nico que las familias que sostienen al pa\u00eds, moviendo d\u00eda con d\u00eda los hilos de la econom\u00eda tengan que vivir las peores inclemencias del sistema, la pobreza, la delincuencia, el acoso del Estado, mientras que los que viven a costillas de la clase obrera, los grandes ricos nacionales e internacionales, se encuentran tranquilamente en sus palacios sin preocupaci\u00f3n alguna y sentados sobre sus grande fortunas pensando en qu\u00e9 botella de licor de calidad o qu\u00e9 coche de lujo deben comprar en los pr\u00f3ximos d\u00edas.&nbsp;<\/p>\n<p>Son precisamente estas familias par\u00e1sitas millonarias protegidas por el Estado y las leyes, las responsables de la actual descomposici\u00f3n de la sociedad. Tras a\u00f1os de explotaci\u00f3n y dominaci\u00f3n de estas familias, se han creado las peores degeneraciones sociales, entre ellas las pandillas, que son el fruto de la guerra civil, guerra en la que la clase obrera se alz\u00f3 para acabar con la miseria impuesta por estas mismas familias, pero que fue brutalmente asesinada durante m\u00e1s de 20 a\u00f1os, lo que conllevo a una profundizaci\u00f3n de la miseria y el desarrollo de m\u00e1s y nuevos problemas.&nbsp;&nbsp;<\/p>\n<p>Para acabar con la violencia de las pandillas y del Estado, necesitamos comprender todo el entramado del sistema capitalista. La delincuencia, la pobreza y las pandillas son el producto de una sociedad que se basa en la explotaci\u00f3n y la opresi\u00f3n de una clase acomodada que lo posee todo sobre otra que apenas y sobrevive con su trabajo y a la que se le niegan casi todos sus derechos.&nbsp;<\/p>\n<p>La juventud debe comprender c\u00f3mo funcionan estas relaciones sociales en el capitalismo, para de forma organizada luchar efectivamente contra la opresi\u00f3n capitalista. Por ahora los sectores m\u00e1s conscientes de la sociedad no tenemos otro camino que la construcci\u00f3n de la organizaci\u00f3n y la preparaci\u00f3n te\u00f3rica para jugar un papel relevante en el pr\u00f3ximo estallido social que se avecina. Cuando una vez m\u00e1s la sociedad busque un ajuste de cuentas con los que por a\u00f1os les han impuesto las peores inclemencias, necesitaremos estar preparados organizativa y te\u00f3ricamente para completar las tareas pendientes de la pasada lucha revolucionaria.&nbsp;<\/p>\n<p>En nada ayuda la frustraci\u00f3n y desesperaci\u00f3n, la apelaci\u00f3n a instituciones internacionales; y la agitaci\u00f3n en redes sociales es efectiva para objetivos m\u00ednimos, lo que necesitamos es participar efectivamente en la organizaci\u00f3n juvenil. Necesitamos construir militancia revolucionaria para transformar nuestras condiciones de vida, debemos retomar el legado de nuestros m\u00e1rtires y h\u00e9roes de los a\u00f1os 80 para luchar por nuestro futuro y el de las futuras generaciones.&nbsp;<\/p>\n<p>No hay otro camino: o militamos y construimos organizaci\u00f3n o padecemos los ataques del gobierno reaccionario de Bukele y la crisis sist\u00e9mica del capitalismo. Si nuestras generaciones pasadas pudieron acabar con las dictaduras militares por qu\u00e9 nosotros no podemos acabar con el gobierno reaccionario de Bukele y el capitalismo mismo, las condiciones actuales son sumamente superiores a las pasadas, el desarrollo de las comunicaciones, el peso num\u00e9rico de los oprimidos y la experiencia acumulada son grandes puntos a nuestro favor. S\u00f3lo la lucha organizada del pueblo trabajador puede construir una sociedad digna donde vivir.&nbsp;<\/p>\n<p>Por esto y m\u00e1s organ\u00edzate ahora con el Bloque Popular Juvenil, la organizaci\u00f3n revolucionaria que necesita la juventud salvadore\u00f1a para luchar por su futuro.&nbsp;<a href=\"https:\/\/docs.google.com\/forms\/d\/18ri3L_faI8d3R1dGvzt1odysIcHRamDr8TAj4dqSxng\/edit#responses\">\u00a1\u00danete!&nbsp;&nbsp;<\/a><\/p>\n","protected":false},"excerpt":{"rendered":"<p>&nbsp; El 24 de abril, a petici\u00f3n del presidente Bukele y su Consejo de Ministros, fue ampliado por 30 d\u00edas m\u00e1s el R\u00e9gimen de Excepci\u00f3n aprobado por la Asamblea Legislativa el 27 de marzo pasado. Tal r\u00e9gimen fue decretado con el objetivo de combatir la repentina ola de asesinatos del mes pasado, donde 87 personas&#8230;<\/p>\n","protected":false},"author":8,"featured_media":12184,"comment_status":"open","ping_status":"open","sticky":false,"template":"","format":"standard","meta":{"_monsterinsights_skip_tracking":false,"_monsterinsights_sitenote_active":false,"_monsterinsights_sitenote_note":"","_monsterinsights_sitenote_category":0,"_uf_show_specific_survey":0,"_uf_disable_surveys":false,"_jetpack_memberships_contains_paid_content":false,"footnotes":""},"categories":[2,3,537],"tags":[],"class_list":["post-12165","post","type-post","status-publish","format-standard","has-post-thumbnail","hentry","category-nacional","category-politica","category-principales"],"aioseo_notices":[],"yoast_head":"<!-- This site is optimized with the Yoast SEO plugin v25.6 - https:\/\/yoast.com\/wordpress\/plugins\/seo\/ -->\n<title>El R\u00e9gimen de Excepci\u00f3n y la criminalizaci\u00f3n de la juventud<\/title>\n<meta name=\"robots\" content=\"index, follow, max-snippet:-1, max-image-preview:large, max-video-preview:-1\" \/>\n<link rel=\"canonical\" href=\"https:\/\/elcomunista.org\/?p=12165\" \/>\n<meta property=\"og:locale\" content=\"es_ES\" \/>\n<meta property=\"og:type\" content=\"article\" \/>\n<meta property=\"og:title\" content=\"El R\u00e9gimen de Excepci\u00f3n y la criminalizaci\u00f3n de la juventud\" \/>\n<meta property=\"og:description\" content=\"&nbsp; El 24 de abril, a petici\u00f3n del presidente Bukele y su Consejo de Ministros, fue ampliado por 30 d\u00edas m\u00e1s el R\u00e9gimen de Excepci\u00f3n aprobado por la Asamblea Legislativa el 27 de marzo pasado. Tal r\u00e9gimen fue decretado con el objetivo de combatir la repentina ola de asesinatos del mes pasado, donde 87 personas...\" \/>\n<meta property=\"og:url\" content=\"https:\/\/elcomunista.org\/?p=12165\" \/>\n<meta property=\"og:site_name\" content=\"Revoluci\u00f3n Comunista\" \/>\n<meta property=\"article:publisher\" content=\"https:\/\/www.facebook.com\/Bloquepopularjuvenil\" \/>\n<meta property=\"article:author\" content=\"https:\/\/www.facebook.com\/JuandeLaCruzBPJ\" \/>\n<meta property=\"article:published_time\" content=\"2022-04-28T18:26:44+00:00\" \/>\n<meta property=\"article:modified_time\" content=\"2022-04-28T18:44:33+00:00\" \/>\n<meta property=\"og:image\" content=\"https:\/\/elcomunista.org\/wp-content\/uploads\/2022\/04\/20220329_105007294_fnac30032022lmpino015.jpg_1616383693.jpg\" \/>\n\t<meta property=\"og:image:width\" content=\"1200\" \/>\n\t<meta property=\"og:image:height\" content=\"900\" \/>\n\t<meta property=\"og:image:type\" content=\"image\/jpeg\" \/>\n<meta name=\"author\" content=\"Juan de la Cruz\" \/>\n<meta name=\"twitter:card\" content=\"summary_large_image\" \/>\n<meta name=\"twitter:creator\" content=\"@juandelacruzcmi\" \/>\n<meta name=\"twitter:site\" content=\"@ElBPJ\" \/>\n<meta name=\"twitter:label1\" content=\"Escrito por\" \/>\n\t<meta name=\"twitter:data1\" content=\"Juan de la Cruz\" \/>\n\t<meta name=\"twitter:label2\" content=\"Tiempo de lectura\" \/>\n\t<meta name=\"twitter:data2\" content=\"8 minutos\" \/>\n<script type=\"application\/ld+json\" class=\"yoast-schema-graph\">{\"@context\":\"https:\/\/schema.org\",\"@graph\":[{\"@type\":\"Article\",\"@id\":\"https:\/\/elcomunista.org\/?p=12165#article\",\"isPartOf\":{\"@id\":\"https:\/\/elcomunista.org\/?p=12165\"},\"author\":{\"name\":\"Juan de la Cruz\",\"@id\":\"https:\/\/elcomunista.org\/#\/schema\/person\/e070ce76b01e8720e27ac0d46b82063f\"},\"headline\":\"El R\u00e9gimen de Excepci\u00f3n y la criminalizaci\u00f3n de la juventud\",\"datePublished\":\"2022-04-28T18:26:44+00:00\",\"dateModified\":\"2022-04-28T18:44:33+00:00\",\"mainEntityOfPage\":{\"@id\":\"https:\/\/elcomunista.org\/?p=12165\"},\"wordCount\":1908,\"commentCount\":0,\"publisher\":{\"@id\":\"https:\/\/elcomunista.org\/#organization\"},\"image\":{\"@id\":\"https:\/\/elcomunista.org\/?p=12165#primaryimage\"},\"thumbnailUrl\":\"https:\/\/elcomunista.org\/wp-content\/uploads\/2022\/04\/20220329_105007294_fnac30032022lmpino015.jpg_1616383693.jpg\",\"articleSection\":[\"Nacional\",\"Pol\u00edtica\",\"Principales\"],\"inLanguage\":\"es\",\"potentialAction\":[{\"@type\":\"CommentAction\",\"name\":\"Comment\",\"target\":[\"https:\/\/elcomunista.org\/?p=12165#respond\"]}]},{\"@type\":\"WebPage\",\"@id\":\"https:\/\/elcomunista.org\/?p=12165\",\"url\":\"https:\/\/elcomunista.org\/?p=12165\",\"name\":\"El R\u00e9gimen de Excepci\u00f3n y la criminalizaci\u00f3n de la juventud\",\"isPartOf\":{\"@id\":\"https:\/\/elcomunista.org\/#website\"},\"primaryImageOfPage\":{\"@id\":\"https:\/\/elcomunista.org\/?p=12165#primaryimage\"},\"image\":{\"@id\":\"https:\/\/elcomunista.org\/?p=12165#primaryimage\"},\"thumbnailUrl\":\"https:\/\/elcomunista.org\/wp-content\/uploads\/2022\/04\/20220329_105007294_fnac30032022lmpino015.jpg_1616383693.jpg\",\"datePublished\":\"2022-04-28T18:26:44+00:00\",\"dateModified\":\"2022-04-28T18:44:33+00:00\",\"breadcrumb\":{\"@id\":\"https:\/\/elcomunista.org\/?p=12165#breadcrumb\"},\"inLanguage\":\"es\",\"potentialAction\":[{\"@type\":\"ReadAction\",\"target\":[\"https:\/\/elcomunista.org\/?p=12165\"]}]},{\"@type\":\"ImageObject\",\"inLanguage\":\"es\",\"@id\":\"https:\/\/elcomunista.org\/?p=12165#primaryimage\",\"url\":\"https:\/\/elcomunista.org\/wp-content\/uploads\/2022\/04\/20220329_105007294_fnac30032022lmpino015.jpg_1616383693.jpg\",\"contentUrl\":\"https:\/\/elcomunista.org\/wp-content\/uploads\/2022\/04\/20220329_105007294_fnac30032022lmpino015.jpg_1616383693.jpg\",\"width\":1200,\"height\":900},{\"@type\":\"BreadcrumbList\",\"@id\":\"https:\/\/elcomunista.org\/?p=12165#breadcrumb\",\"itemListElement\":[{\"@type\":\"ListItem\",\"position\":1,\"name\":\"Portada\",\"item\":\"https:\/\/elcomunista.org\/\"},{\"@type\":\"ListItem\",\"position\":2,\"name\":\"El R\u00e9gimen de Excepci\u00f3n y la criminalizaci\u00f3n de la juventud\"}]},{\"@type\":\"WebSite\",\"@id\":\"https:\/\/elcomunista.org\/#website\",\"url\":\"https:\/\/elcomunista.org\/\",\"name\":\"Revoluci\u00f3n Comunista\",\"description\":\"Internacional Comunista Revolucionaria\",\"publisher\":{\"@id\":\"https:\/\/elcomunista.org\/#organization\"},\"potentialAction\":[{\"@type\":\"SearchAction\",\"target\":{\"@type\":\"EntryPoint\",\"urlTemplate\":\"https:\/\/elcomunista.org\/?s={search_term_string}\"},\"query-input\":{\"@type\":\"PropertyValueSpecification\",\"valueRequired\":true,\"valueName\":\"search_term_string\"}}],\"inLanguage\":\"es\"},{\"@type\":\"Organization\",\"@id\":\"https:\/\/elcomunista.org\/#organization\",\"name\":\"Bloque Popular Juvenil\",\"url\":\"https:\/\/elcomunista.org\/\",\"logo\":{\"@type\":\"ImageObject\",\"inLanguage\":\"es\",\"@id\":\"https:\/\/elcomunista.org\/#\/schema\/logo\/image\/\",\"url\":\"https:\/\/bloquepopularjuvenil.org\/wp-content\/uploads\/2018\/11\/bpj-militante.jpg\",\"contentUrl\":\"https:\/\/bloquepopularjuvenil.org\/wp-content\/uploads\/2018\/11\/bpj-militante.jpg\",\"width\":4000,\"height\":1390,\"caption\":\"Bloque Popular Juvenil\"},\"image\":{\"@id\":\"https:\/\/elcomunista.org\/#\/schema\/logo\/image\/\"},\"sameAs\":[\"https:\/\/www.facebook.com\/Bloquepopularjuvenil\",\"https:\/\/x.com\/ElBPJ\",\"https:\/\/www.instagram.com\/elbloque_bpj\/?hl=es-la\"]},{\"@type\":\"Person\",\"@id\":\"https:\/\/elcomunista.org\/#\/schema\/person\/e070ce76b01e8720e27ac0d46b82063f\",\"name\":\"Juan de la Cruz\",\"image\":{\"@type\":\"ImageObject\",\"inLanguage\":\"es\",\"@id\":\"https:\/\/elcomunista.org\/#\/schema\/person\/image\/\",\"url\":\"https:\/\/secure.gravatar.com\/avatar\/1aac3a8e4bbf29ce7030b8cd6a02f12b?s=96&d=mm&r=g\",\"contentUrl\":\"https:\/\/secure.gravatar.com\/avatar\/1aac3a8e4bbf29ce7030b8cd6a02f12b?s=96&d=mm&r=g\",\"caption\":\"Juan de la Cruz\"},\"description\":\"Editor del peri\u00f3dico El Comunista, vocero de la secci\u00f3n salvadore\u00f1a de la Internacional Comunista Revolucionaria (ICR)\",\"sameAs\":[\"http:\/\/www.bloquepopularjuvenil.org\",\"https:\/\/www.facebook.com\/JuandeLaCruzBPJ\",\"https:\/\/x.com\/juandelacruzcmi\"],\"url\":\"https:\/\/elcomunista.org\/?author=8\"}]}<\/script>\n<!-- \/ Yoast SEO plugin. -->","yoast_head_json":{"title":"El R\u00e9gimen de Excepci\u00f3n y la criminalizaci\u00f3n de la juventud","robots":{"index":"index","follow":"follow","max-snippet":"max-snippet:-1","max-image-preview":"max-image-preview:large","max-video-preview":"max-video-preview:-1"},"canonical":"https:\/\/elcomunista.org\/?p=12165","og_locale":"es_ES","og_type":"article","og_title":"El R\u00e9gimen de Excepci\u00f3n y la criminalizaci\u00f3n de la juventud","og_description":"&nbsp; El 24 de abril, a petici\u00f3n del presidente Bukele y su Consejo de Ministros, fue ampliado por 30 d\u00edas m\u00e1s el R\u00e9gimen de Excepci\u00f3n aprobado por la Asamblea Legislativa el 27 de marzo pasado. Tal r\u00e9gimen fue decretado con el objetivo de combatir la repentina ola de asesinatos del mes pasado, donde 87 personas...","og_url":"https:\/\/elcomunista.org\/?p=12165","og_site_name":"Revoluci\u00f3n Comunista","article_publisher":"https:\/\/www.facebook.com\/Bloquepopularjuvenil","article_author":"https:\/\/www.facebook.com\/JuandeLaCruzBPJ","article_published_time":"2022-04-28T18:26:44+00:00","article_modified_time":"2022-04-28T18:44:33+00:00","og_image":[{"width":1200,"height":900,"url":"https:\/\/elcomunista.org\/wp-content\/uploads\/2022\/04\/20220329_105007294_fnac30032022lmpino015.jpg_1616383693.jpg","type":"image\/jpeg"}],"author":"Juan de la Cruz","twitter_card":"summary_large_image","twitter_creator":"@juandelacruzcmi","twitter_site":"@ElBPJ","twitter_misc":{"Escrito por":"Juan de la Cruz","Tiempo de lectura":"8 minutos"},"schema":{"@context":"https:\/\/schema.org","@graph":[{"@type":"Article","@id":"https:\/\/elcomunista.org\/?p=12165#article","isPartOf":{"@id":"https:\/\/elcomunista.org\/?p=12165"},"author":{"name":"Juan de la Cruz","@id":"https:\/\/elcomunista.org\/#\/schema\/person\/e070ce76b01e8720e27ac0d46b82063f"},"headline":"El R\u00e9gimen de Excepci\u00f3n y la criminalizaci\u00f3n de la juventud","datePublished":"2022-04-28T18:26:44+00:00","dateModified":"2022-04-28T18:44:33+00:00","mainEntityOfPage":{"@id":"https:\/\/elcomunista.org\/?p=12165"},"wordCount":1908,"commentCount":0,"publisher":{"@id":"https:\/\/elcomunista.org\/#organization"},"image":{"@id":"https:\/\/elcomunista.org\/?p=12165#primaryimage"},"thumbnailUrl":"https:\/\/elcomunista.org\/wp-content\/uploads\/2022\/04\/20220329_105007294_fnac30032022lmpino015.jpg_1616383693.jpg","articleSection":["Nacional","Pol\u00edtica","Principales"],"inLanguage":"es","potentialAction":[{"@type":"CommentAction","name":"Comment","target":["https:\/\/elcomunista.org\/?p=12165#respond"]}]},{"@type":"WebPage","@id":"https:\/\/elcomunista.org\/?p=12165","url":"https:\/\/elcomunista.org\/?p=12165","name":"El R\u00e9gimen de Excepci\u00f3n y la criminalizaci\u00f3n de la juventud","isPartOf":{"@id":"https:\/\/elcomunista.org\/#website"},"primaryImageOfPage":{"@id":"https:\/\/elcomunista.org\/?p=12165#primaryimage"},"image":{"@id":"https:\/\/elcomunista.org\/?p=12165#primaryimage"},"thumbnailUrl":"https:\/\/elcomunista.org\/wp-content\/uploads\/2022\/04\/20220329_105007294_fnac30032022lmpino015.jpg_1616383693.jpg","datePublished":"2022-04-28T18:26:44+00:00","dateModified":"2022-04-28T18:44:33+00:00","breadcrumb":{"@id":"https:\/\/elcomunista.org\/?p=12165#breadcrumb"},"inLanguage":"es","potentialAction":[{"@type":"ReadAction","target":["https:\/\/elcomunista.org\/?p=12165"]}]},{"@type":"ImageObject","inLanguage":"es","@id":"https:\/\/elcomunista.org\/?p=12165#primaryimage","url":"https:\/\/elcomunista.org\/wp-content\/uploads\/2022\/04\/20220329_105007294_fnac30032022lmpino015.jpg_1616383693.jpg","contentUrl":"https:\/\/elcomunista.org\/wp-content\/uploads\/2022\/04\/20220329_105007294_fnac30032022lmpino015.jpg_1616383693.jpg","width":1200,"height":900},{"@type":"BreadcrumbList","@id":"https:\/\/elcomunista.org\/?p=12165#breadcrumb","itemListElement":[{"@type":"ListItem","position":1,"name":"Portada","item":"https:\/\/elcomunista.org\/"},{"@type":"ListItem","position":2,"name":"El R\u00e9gimen de Excepci\u00f3n y la criminalizaci\u00f3n de la juventud"}]},{"@type":"WebSite","@id":"https:\/\/elcomunista.org\/#website","url":"https:\/\/elcomunista.org\/","name":"Revoluci\u00f3n Comunista","description":"Internacional Comunista Revolucionaria","publisher":{"@id":"https:\/\/elcomunista.org\/#organization"},"potentialAction":[{"@type":"SearchAction","target":{"@type":"EntryPoint","urlTemplate":"https:\/\/elcomunista.org\/?s={search_term_string}"},"query-input":{"@type":"PropertyValueSpecification","valueRequired":true,"valueName":"search_term_string"}}],"inLanguage":"es"},{"@type":"Organization","@id":"https:\/\/elcomunista.org\/#organization","name":"Bloque Popular Juvenil","url":"https:\/\/elcomunista.org\/","logo":{"@type":"ImageObject","inLanguage":"es","@id":"https:\/\/elcomunista.org\/#\/schema\/logo\/image\/","url":"https:\/\/bloquepopularjuvenil.org\/wp-content\/uploads\/2018\/11\/bpj-militante.jpg","contentUrl":"https:\/\/bloquepopularjuvenil.org\/wp-content\/uploads\/2018\/11\/bpj-militante.jpg","width":4000,"height":1390,"caption":"Bloque Popular Juvenil"},"image":{"@id":"https:\/\/elcomunista.org\/#\/schema\/logo\/image\/"},"sameAs":["https:\/\/www.facebook.com\/Bloquepopularjuvenil","https:\/\/x.com\/ElBPJ","https:\/\/www.instagram.com\/elbloque_bpj\/?hl=es-la"]},{"@type":"Person","@id":"https:\/\/elcomunista.org\/#\/schema\/person\/e070ce76b01e8720e27ac0d46b82063f","name":"Juan de la Cruz","image":{"@type":"ImageObject","inLanguage":"es","@id":"https:\/\/elcomunista.org\/#\/schema\/person\/image\/","url":"https:\/\/secure.gravatar.com\/avatar\/1aac3a8e4bbf29ce7030b8cd6a02f12b?s=96&d=mm&r=g","contentUrl":"https:\/\/secure.gravatar.com\/avatar\/1aac3a8e4bbf29ce7030b8cd6a02f12b?s=96&d=mm&r=g","caption":"Juan de la Cruz"},"description":"Editor del peri\u00f3dico El Comunista, vocero de la secci\u00f3n salvadore\u00f1a de la Internacional Comunista Revolucionaria (ICR)","sameAs":["http:\/\/www.bloquepopularjuvenil.org","https:\/\/www.facebook.com\/JuandeLaCruzBPJ","https:\/\/x.com\/juandelacruzcmi"],"url":"https:\/\/elcomunista.org\/?author=8"}]}},"jetpack_featured_media_url":"https:\/\/elcomunista.org\/wp-content\/uploads\/2022\/04\/20220329_105007294_fnac30032022lmpino015.jpg_1616383693.jpg","jetpack_likes_enabled":true,"jetpack_sharing_enabled":true,"_links":{"self":[{"href":"https:\/\/elcomunista.org\/index.php?rest_route=\/wp\/v2\/posts\/12165"}],"collection":[{"href":"https:\/\/elcomunista.org\/index.php?rest_route=\/wp\/v2\/posts"}],"about":[{"href":"https:\/\/elcomunista.org\/index.php?rest_route=\/wp\/v2\/types\/post"}],"author":[{"embeddable":true,"href":"https:\/\/elcomunista.org\/index.php?rest_route=\/wp\/v2\/users\/8"}],"replies":[{"embeddable":true,"href":"https:\/\/elcomunista.org\/index.php?rest_route=%2Fwp%2Fv2%2Fcomments&post=12165"}],"version-history":[{"count":0,"href":"https:\/\/elcomunista.org\/index.php?rest_route=\/wp\/v2\/posts\/12165\/revisions"}],"wp:featuredmedia":[{"embeddable":true,"href":"https:\/\/elcomunista.org\/index.php?rest_route=\/wp\/v2\/media\/12184"}],"wp:attachment":[{"href":"https:\/\/elcomunista.org\/index.php?rest_route=%2Fwp%2Fv2%2Fmedia&parent=12165"}],"wp:term":[{"taxonomy":"category","embeddable":true,"href":"https:\/\/elcomunista.org\/index.php?rest_route=%2Fwp%2Fv2%2Fcategories&post=12165"},{"taxonomy":"post_tag","embeddable":true,"href":"https:\/\/elcomunista.org\/index.php?rest_route=%2Fwp%2Fv2%2Ftags&post=12165"}],"curies":[{"name":"wp","href":"https:\/\/api.w.org\/{rel}","templated":true}]}}