{"id":12190,"date":"2022-05-03T09:57:54","date_gmt":"2022-05-03T15:57:54","guid":{"rendered":"http:\/\/bloquepopularjuvenil.org\/?p=12190"},"modified":"2022-05-03T09:57:57","modified_gmt":"2022-05-03T15:57:57","slug":"colombia-a-un-ano-del-paro-general-que-lecciones-se-pueden-aprender","status":"publish","type":"post","link":"https:\/\/elcomunista.org\/?p=12190","title":{"rendered":"Colombia: A un a\u00f1o del paro general \u00bfQu\u00e9 lecciones se pueden aprender?"},"content":{"rendered":"<p>Hace un a\u00f1o, inici\u00f3 el paro general del 2021, posiblemente el evento m\u00e1s importante en la historia reciente de Colombia. Durante tres meses de lucha en 23 ciudades, cientos de miles obreros, campesinos y j\u00f3venes enfrentaron la maquinaria del estado colombiano y obtuvieron importantes concesiones de una clase dominante cuya historia no es de negociaci\u00f3n sino de represi\u00f3n abierta.<\/p>\n<section class=\"article-content\">\n<p>Estos eventos definir\u00e1n la conciencia de los colombianos por a\u00f1os. La brutalidad policiaca, la gesti\u00f3n criminal de Duque y la crisis econ\u00f3mica por un lado, y por el otro, el hero\u00edsmo de las masas, con la juventud a la vanguardia, lista para crear un mejor pa\u00eds en sus propias manos. Sin embargo, como marxistas, nuestro an\u00e1lisis debe ser sobrio y entender por qu\u00e9 es que el paro general no termin\u00f3 con la ca\u00edda de la clase dominante de este pa\u00eds.\u00a0<\/p>\n<h2 class=\"western\"><span style=\"color: #800000;\"><strong>Dinamita en los cimientos<\/strong><\/span><\/h2>\n<p>El 28 de abril de 2021, inici\u00f3 una manifestaci\u00f3n popular masiva en contra de la infame reforma tributaria de Iv\u00e1n Duque. Esta reforma tributaria estaba escrita para incrementar la capacidad de recaudo del estado colombiano a trav\u00e9s de la subida de impuestos sobre los bienes consumidos por la mayor\u00eda de la gente. En otras palabras, un abierto saqueo del bolsillo de los obreros, campesinos y j\u00f3venes colombianos de parte del estado colombiano para pagar la crisis econ\u00f3mica que ellos mismos hab\u00edan causado.\u00a0<\/p>\n<p>Si bien las protestas del 28 fueron pac\u00edficas y de car\u00e1cter casi rutinario (convocadas por las centrales obreras como un evento de un solo d\u00eda), su desarrollo no lo fue. Para el final del d\u00eda, el asesinato de un manifestante en Cali se difundir\u00eda en redes sociales. Su cad\u00e1ver, desangr\u00e1ndose en la calle, fue visto por varios manifestantes. Y la furia que defini\u00f3 la insurrecci\u00f3n de Septiembre de 2020 se adue\u00f1\u00f3 de las masas despu\u00e9s de otro v\u00edvido recordatorio de la violencia del estado colombiano.<\/p>\n<p>Mientras que las protestas subieron en intensidad, los manifestantes reconocieron la necesidad de una defensa organizada. Siguiendo el ejemplo de las manifestaciones en Chile y Ecuador, se crearon primeras l\u00edneas: \u00f3rganos de defensa del paro. Hombres y mujeres usando escudos para proteger a aquellos que la polic\u00eda estaba dispuesta a atacar. Mientras esto ocurr\u00eda, el infame ESMAD no tuvo problema con usar tanques y armamento pesado para\u00a0 atacar a la juventud. Videos en redes sociales mostraron a los polic\u00edas celebrando cada disparo de su tanque hacia los protestantes.\u00a0<\/p>\n<p>Despu\u00e9s de 5 d\u00edas, el gobierno de Iv\u00e1n Duque retir\u00f3 la reforma tributaria que hab\u00eda motivado a la gente a salir, en espera de que esta concesi\u00f3n terminar\u00e1 haciendo que todos fueran a sus casas. Pero el paro general no se trataba s\u00f3lo de la reforma tributaria. Como explicamos en su momento:\u00a0<\/p>\n<em>\u201cEl paro general ocurr\u00eda por la brutalidad policiaca, como el asesinato policial de Javier Ordo\u00f1ez en Septiembre del 2020. Ocurri\u00f3 por el hecho de que el sueldo m\u00ednimo colombiano apenas llegaba a 1.000.000 de pesos (223.26 euros) mientras que el costo de la canasta familiar (lo m\u00ednimo necesario para sobrevivir de mes a mes para una familia) estaba calculado entre 177 euros a 672 euros. Ocurri\u00f3 por los 72,235 muertos por el Covid-19 a eso de Abril 28, al igual que por la gesti\u00f3n criminal de la pandemia de parte del gobierno de Duque, que tom\u00f3 m\u00e1s de un mes para establecer medidas de aislamiento solo para iniciar una \u201creapertura inteligente\u201d en Junio 2020, tirando a los obreros y a la juventud en foso de enfermedad para tratar de reiniciar la producci\u00f3n.\u201d<\/em>\n<p>En semejante situaci\u00f3n, donde las masas estaban luchando por sus vidas y reconoc\u00edan que el gobierno de Duque significaba la muerte de sus seres queridos, la retirada de la tributaria no fue vista como una concesi\u00f3n lo suficientemente grande para justificar irse a las casas. M\u00e1s bien, fue confirmaci\u00f3n de que los m\u00e9todos correctos hab\u00edan ganado el d\u00eda, y de que la tarea era convertir este avance en una victoria definitiva.\u00a0<\/p>\n<h3 class=\"western\"><span style=\"color: #800000;\"><strong>La primera l\u00ednea, los bloqueos y las centrales<\/strong><\/span><\/h3>\n<p>La valent\u00eda de la primera l\u00ednea y la juventud en general durante estos meses no se puede subestimar. Para el 26 de Junio, 4687 casos de brutalidad policiaca fueron reportados por la\u00a0<a href=\"https:\/\/www.temblores.org\/comunicados\">ONG Temblores<\/a>. Casos de violencia sexual, despariciones y el uso reportado de m\u00e1s de un centro comercial como centro de detenci\u00f3n y tortura fueron la norma durante este periodo. Sin embargo, la juventud no dej\u00f3 de marchar. En el punto m\u00e1s alto de las protestas, decenas de miles llenaron las calles de Bogot\u00e1 con el punto de concentraci\u00f3n siendo la plaza de Bolivar.\u00a0<\/p>\n<p>La retirada de la reforma tributaria y la renuncia de su autor, el ministro de hacienda Alberto Carrasquilla, signific\u00f3 un punto de inflexi\u00f3n en el paro general. Las masas decidieron seguir marchando hasta que se concedieran m\u00e1s demandas consideradas clave, como la renuncia del ministro de defensa Diego Molano, la retirada del proyecto de ley 010 (efectivamente una ley continuando la consolidaci\u00f3n y monopolizaci\u00f3n del sector salud) y la matricula 0. Pero lo m\u00e1s importante es el cambio de perspectiva de las masas. Durante estos dos meses, los obreros, campesinos y j\u00f3venes colombianos pasaron de sentirse impotentes a sentir exactamente cu\u00e1nta fuerza tienen.\u00a0<\/p>\n<p>Durante los meses de Mayo y Junio una din\u00e1mica tom\u00f3 forma. Se formaron bloqueos previniendo el tr\u00e1nsito libre de bienes, mientras que la polic\u00eda trataba de dispersar las marchas por cualquier medio necesario, incluyendo la fuerza. M\u00e1s de\u00a0<a href=\"https:\/\/www.larepublica.co\/especiales\/los-costos-del-paro\/bloqueos-y-violencia-del-paro-nacional-le-han-costado-al-pais-mas-de-10-billones-3171589\">10 billones de pesos<\/a>\u00a0se reportaron en p\u00e9rdidas por las grandes empresas. El proceso de inflaci\u00f3n que se hab\u00eda iniciado con la reducci\u00f3n de la tasa de inter\u00e9s y la pol\u00edtica monetaria de los \u00faltimos diez a\u00f1os fue acelerado gracias al paro. Estos bloqueos, sin embargo, fueron la herramienta m\u00e1s fuerte del movimiento ya que le permiti\u00f3 golpear a la clase dominante exactamente en donde les duele: en el bolsillo.\u00a0<\/p>\n<p>Sin embargo, el hecho de que esta fuera la herramienta m\u00e1s fuerte del movimiento era diciente del problema central: la desconexi\u00f3n entre las centrales sindicales y el movimiento en las calles. La perspectiva de las centrales sindicales (quienes formaron el comit\u00e9 nacional del paro para tratar de ganarse la direcci\u00f3n del paro) fue clarificada desde el primer d\u00eda cuando su respuesta a la intensificaci\u00f3n de las manifestaciones en el 28 fue la de pedirle a los manifestantes ir a sus casas y continuar las protestas a trav\u00e9s de m\u00edtines de zoom. Por otro lado, el movimiento en las calles, al no estar arraigado en el punto de producci\u00f3n, s\u00f3lo pod\u00eda detener la distribuci\u00f3n de los bienes producidos por los ricos. El problema con esto es que evita la posibilidad de que la clase obrera y los campesinos tomen control de la producci\u00f3n y la coordinen. En otras palabras, remueve el poder de la huelga general de la ecuaci\u00f3n: la capacidad de demostrar a toda la sociedad que la clase obrera y el campesinado son quienes de verdad hacen posible a la sociedad.\u00a0<\/p>\n<p>Aun con esto, el paro general logr\u00f3 poner la cuesti\u00f3n del poder en la agenda del d\u00eda y fue la prueba m\u00e1s contundente de la desacreditaci\u00f3n de la derecha colombiana. Aquella derecha que hab\u00eda dominado la pol\u00edtica por las \u00faltimas dos d\u00e9cadas y hab\u00eda obtenido un apoyo popular tan contundente que le hab\u00eda protegido de los esc\u00e1ndalos como los 6402 muertos por falsos positivos o la operaci\u00f3n f\u00e9nix (el bombardeo de una base de las FARC en la frontera con ecuador, que termin\u00f3 con la muerte de cuatro civiles) de repente se encontraba con el repudio completo de las masas.\u00a0<\/p>\n<h2 class=\"western\"><span style=\"color: #800000;\"><strong>El reflujo del paro general<\/strong><\/span><\/h2>\n<p>Tristemente, el movimiento se encontr\u00f3 con el obst\u00e1culo m\u00e1s grande en una insurrecci\u00f3n: su propia espontaneidad. Si bien la espontaneidad es necesaria en cualquier revoluci\u00f3n, est\u00e1 puede pasar de ser la chispa inicial que coge al estado y a la clase dominante por sorpresa a ser el freno que evita que los obreros, campesinos y j\u00f3venes tomen el poder ya que no tienen una organizaci\u00f3n revolucionaria lista para reconocer el momento hist\u00f3rico y las tareas necesarias.\u00a0<\/p>\n<p>En este caso, la tarea era organizar una asamblea que reuniera delegados entre los cabildos y crear un programa pol\u00edtico que pusiera la disputa por el poder como el \u00edmpetu principal del movimiento. Semejante asamblea se intent\u00f3 crear, para mediados de Junio. Pero tristemente, en este punto, el desgaste se empez\u00f3 a sentir. Las masas hab\u00edan estado en pie de lucha por un mes y medio. En alg\u00fan momento, el costo del d\u00eda a d\u00eda se reafirma sobre las vidas de las personas. No se puede postergar el hoy por un mejor ma\u00f1ana de manera infinita, especialmente si no hay un plan de llegar a ese mejor ma\u00f1ana.\u00a0<\/p>\n<p>El comit\u00e9 nacional del paro aprovech\u00f3 este desgaste para llamar a la desmovilizaci\u00f3n del paro en Junio 15. Si bien el comit\u00e9 no representaba a todos aquellos que marchaban, si representaba a las centrales sindicales y por consiguiente a los elementos m\u00e1s organizados. La juventud intent\u00f3 mantener la lucha en las calles y hubo otros episodios heroicos, como la tumba de la estatua de Crist\u00f3bal Col\u00f3n en Barranquilla. Pero para Julio 20, cuando el comit\u00e9 de paro llam\u00f3 a nuevas protestas, el desgaste fue m\u00e1s que visible. Los n\u00fameros fueron una fracci\u00f3n de la cantidad que atendi\u00f3 durante los \u00faltimos meses. Efectivamente, esto marca el final del paro general, ya que la v\u00eda electoral se convirti\u00f3 aqu\u00ed en la perspectiva general del movimiento.\u00a0<\/p>\n<h3 class=\"western\"><span style=\"color: #800000;\"><strong>Lecciones del paro general<\/strong><\/span><\/h3>\n<p>Si bien el paro general no termin\u00f3 con la ca\u00edda del gobierno de Duque, la eventual ca\u00edda de este sistema no se podr\u00e1 lograr sin sacar un balance claro de explosiones sociales como esta. La impopularidad del gobierno de Duque (efectivamente la impopularidad del establecimiento representado por Uribe y sus compinches) contin\u00faa en aumento,\u00a0<a href=\"https:\/\/www.celag.org\/wp-content\/uploads\/2022\/04\/informe-colombia-abril-prensa-v4.pdf\">llegando al 82%<\/a>. El apoyo social sobre el que descansaba el Uribismo ha sido efectivamente revertido.\u00a0<\/p>\n<p>En cambio, el paro general, en su punto alto, ten\u00eda el apoyo de las masas. De acuerdo a CELAG,\u00a0<a href=\"https:\/\/www.celag.org\/encuesta-colombia-junio-2021\/\">el 72% de los colombianos apoyaron las manifestaciones.\u00a0<\/a>\u00a0La misma encuesta mostr\u00f3 que el 80 por ciento de la poblaci\u00f3n en Colombia cree que la gente rica ha obtenido su riqueza debido a la corrupci\u00f3n o a su herencia. A d\u00eda de hoy,\u00a0<a href=\"https:\/\/www.celag.org\/wp-content\/uploads\/2022\/04\/informe-colombia-abril-prensa-v4.pdf\">la encuesta m\u00e1s reciente de la misma instituci\u00f3n<\/a>\u00a0no pinta un panorama tan abiertamente cuestionante de la clase dominante, pero sin embargo hay apoyo al desaf\u00edo de la misma. El 44,8% de la poblaci\u00f3n considera la corrupci\u00f3n el problema principal del pa\u00eds, el 63,7% considera necesario limitar las ganancias de los bancos privados y el 53,7% considera necesario limitar impuestos a los m\u00e1s ricos.\u00a0<\/p>\n<p>Estos cambios de opini\u00f3n reflejan el hecho que las guerrillas ya no sirven como el espantap\u00e1jaros que la derecha colombiana pod\u00eda usar para poder justificar sus t\u00e1cticas de represi\u00f3n en contra de la izquierda. Si bien la represi\u00f3n todav\u00eda existe, ya no tiene el apoyo social de antes. Esta falta de apoyo y debilidad es lo que impulsa a la represi\u00f3n, que no es una maniobra de un gobierno en control de la situaci\u00f3n, sino de un gobierno d\u00e9bil e impopular. La desmovilizaci\u00f3n de las guerrillas tiene el efecto opuesto sobre la izquierda tambi\u00e9n. Ahora que las guerrillas ya no son las protagonistas de la lucha contra el estado, la juventud, los obreros y los campesinos est\u00e1n abiertos a organizarse y luchar, en vez de tratar de continuar un conflicto armado asim\u00e9trico donde las condiciones est\u00e1n a favor de un estado apoyado por los EE.UU y armado hasta los dientes.\u00a0<\/p>\n<p>Todo esto refleja el hecho de que este es un estado con pies de barro, que puede caerse, con la debida organizaci\u00f3n. Pero es necesario una direcci\u00f3n lista a luchar por la ca\u00edda del estado y que reconozca la oportunidad. Tristemente, aqu\u00ed es donde vemos uno de los grandes l\u00edmites del movimiento: el liderazgo sindical durante el \u00faltimo a\u00f1o ha comprobado que no tiene ninguna perspectiva m\u00e1s all\u00e1 de negociar con el estado y usar el movimiento de masas (cuando este erupte) para obtener reformas. El comit\u00e9 nacional del paro desmoviliz\u00f3 a sus miembros marchantes en nombre de avanzar\u00a0<a href=\"https:\/\/www.eltiempo.com\/politica\/partidos-politicos\/paro-nacional-cuales-son-las-peticiones-del-comite-del-paro-586490\">su pliego de demandas<\/a>. La oportunidad de luchar por la sindicalizaci\u00f3n de los j\u00f3venes y obreros bajo la bandera de las centrales se ignor\u00f3 por completo en favor de tratar de poner presi\u00f3n sobre el congreso.\u00a0<\/p>\n<p>Al final del paro general, el comit\u00e9 decidi\u00f3 aplazar para el d\u00eda de las elecciones lo que deb\u00eda hacerse hace m\u00e1s de 10 meses: el fin del gobierno de Duque. Esta debilidad del liderazgo se extiende al reformismo parlamentario. Si bien Petro y el Pacto Hist\u00f3rico representan las aspiraciones de millones de colombianos de obtener mejores condiciones de vida y trabajo,\u00a0<a href=\"https:\/\/colombiamarxista.com\/?p=2395\">vale la pena recordar las declaraciones de Petro en el calor del momento<\/a>, pidiendo la desmovilizaci\u00f3n del paro y la continuaci\u00f3n del gobierno de Duque para que termin\u00e9 la tarea de vacunar a la poblaci\u00f3n y la recuperaci\u00f3n. Si bien la campa\u00f1a de vacunaci\u00f3n del gobierno de Duque fue un relativo \u00e9xito (con todas las caracter\u00edsticas de la vacunaci\u00f3n a nivel internacional con una gran desigualdad entre las ciudades y las regiones, entre los pobres y los ricos, etc),, la recuperaci\u00f3n econ\u00f3mica solo la han visto los ricos.<\/p>\n<p>Esta decisi\u00f3n de Petro es un reflejo de su caracter\u00edstica m\u00e1s d\u00e9bil y peligrosa para el movimiento detr\u00e1s de \u00e9l: su naturaleza conciliadora con la clase dominante de este pa\u00eds y su implacabilidad con aquellos que est\u00e1n a su izquierda. En los \u00faltimos cuatro a\u00f1os, Petro ha moderado su programa para satisfacer a la clase dominante de este pa\u00eds, exaltando el valor de ciertos empresarios y ricos, defendiendo las peque\u00f1as y medianas empresas, prometiendo no expropiar (y creando campa\u00f1as medi\u00e1ticas alrededor de esta consigna, como los diez mandamientos y la firma en la notar\u00eda). No solo esto, pero su coalici\u00f3n actual (Pacto Hist\u00f3rico) intenta albergar tanto a aquellos obreros, trabajadores y campesinos que luchan por el cambio como a aquellos que se han beneficiado de la explotaci\u00f3n y corrupci\u00f3n, como Armando Benedetti y Roy Barreras.\u00a0<\/p>\n<p>Esta moderaci\u00f3n no prevendr\u00e1 la reacci\u00f3n de la clase dominante, que hasta ahora, ha cerrado filas y concentrando su fuego en contra de la campa\u00f1a de Petro. Desde los pronunciamientos del General Zapateiro hasta el montaje de Caracol Noticias que suger\u00eda que el \u201cPollo\u201d Carvajal hab\u00eda confirmado que Petro fue financiado por Venezuela, pasando por los ataques constante del antiguo presidente Alvaro Uribe y las intervenciones en las elecciones de parte del presidente actual Iv\u00e1n Duque, es claro que la clase dominante de este pa\u00eds est\u00e1 dispuesta a hacer todo lo que pueda hacer para evitar una presidencia de Petro.\u00a0<\/p>\n<p>La presi\u00f3n enorme del latifundio y la burgues\u00eda sobre un posible gobierno de Petro solo puede ser contraatacada con el movimiento en las calles, dispuesto a defender un programa socialista y a luchar a como de lugar para ponerle fin al dominio de la clase dominante de este pa\u00eds que ha vivido de la explotaci\u00f3n y la tortura de la mayor\u00eda de la gente.\u00a0<\/p>\n<h3 class=\"western\"><span style=\"color: #800000;\"><strong>Las tareas de los marxistas<\/strong><\/span><\/h3>\n<p>La naturaleza conciliatoria de Petro, la presi\u00f3n de la clase dominante colombiana y la presi\u00f3n del mercado mundial son una receta perfecta para la capitulaci\u00f3n del Pacto Hist\u00f3rico y la traici\u00f3n de las demandas del movimiento. Es aqu\u00ed donde la capa m\u00e1s avanzada del movimiento del paro general tiene que usar las lecciones aprendidas desde este evento hist\u00f3rico para ir a la ofensiva.<\/p>\n<p>La direcci\u00f3n del Pacto Hist\u00f3rico usar\u00e1 argumentos como su falta de mayor\u00eda en el congreso para justificar retrocesos en sus pol\u00edticas. La tarea de los revolucionarios ser\u00e1 ir donde esta direcci\u00f3n no se atreva: a marchar a las calles, organizar a la clase obrera y tratar de orquestar manifestaciones masivas, huelgas, m\u00edtines, etc. para poder avanzar todas y cada una de las demandas necesarias.\u00a0<\/p>\n<p>Para poder organizar semejante defensa de las demandas iniciales que le dieron combustible al paro, es necesario crear una organizaci\u00f3n que recoja y reviva las tradiciones del paro general, sobre un nivel m\u00e1s alto, habiendo aprendido las lecciones correctas de cada lucha. Hay toda una capa de j\u00f3venes que ha pasado por la escuela de los ultimos cinco a\u00f1os, viviendo los paros generales del 2019 y el 2021, al igual que la insurrecci\u00f3n de Septiembre del 2020 causada por el asesinato de Javier Ordo\u00f1ez. Esta capa tiene sed de lucha y necesita ideas serias para orientar esta lucha. La mejor manera de dilucidar qu\u00e9 t\u00e1cticas, m\u00e9todos y estrategia son necesarios para cada instancia de lucha es con una organizaci\u00f3n en donde todos los luchadores de diferentes regiones puedan organizarse y conocer las luchas de cada pa\u00eds.\u00a0<\/p>\n<p>Esta es nuestra tarea en el futuro cercano: la creaci\u00f3n de un partido obrero que pueda unir las luchas de los obreros, los campesinos, la comunidad LGBTQ, las comunidades ind\u00edgenas y las comunidades afro-descendientes de este pa\u00eds, al igual que la juventud en general. Un partido que reconozca que solo una ruptura con el capitalismo ser\u00e1 suficiente para ponerle fin a la crueldad de este sistema, formado por aquellos veteranos de las luchas anteriores y los nuevos reclutas que quieran unirse.\u00a0<\/p>\n<p>Nosotros reconocemos que nada de esto es f\u00e1cil. Semejante soluci\u00f3n, a la hora de ser implementada, requerir\u00e1 gran paciencia, una perspectiva a largo plazo y el reconocimiento de que habr\u00e1 altibajos y retrocesos. Pero hay causa para ser optimista. Los \u00faltimos cinco a\u00f1os demuestran que tan r\u00e1pido puede evolucionar la conciencia de clase.<\/p>\n<p>Los esc\u00e9pticos se basan sobre el lado debil de la clase obrera, sobre el hecho de que la clase obrera es inicialmente educada por la clase dominante a aceptar el sistema. Los marxistas nos basamos sobre lo que la clase obrera\u00a0<em>es<\/em>, sobre su potencial revolucionario y sobre su lugar en el sistema de producci\u00f3n como la clase productiva y explotada. Esto la lleva a la necesidad de luchar para mejorar sus condiciones y eventualmente para sobrellevar el sistema que la explota y restringe su potencial.\u00a0<\/p>\n<p>Es cierto que hoy, a un a\u00f1o del paro general, las masas todav\u00eda no est\u00e1n listas para iniciar otro paro general. Pero esto nos da m\u00e1s raz\u00f3n para usar este tiempo para formarnos, organizarnos y crear una organizaci\u00f3n que pueda ganarse la confianza de la clase obrera con ideas socialistas dentro del movimiento. Solo con semejante organizaci\u00f3n podremos jugar un rol positivo en el momento en el que las masas se decidan a moverse.\u00a0<\/p>\n<p>Los \u00faltimos a\u00f1os han visto todo tipo de explosiones sociales en todo tipo de pa\u00edses, desde Sri Lanka y Myanmar (pa\u00edses que han vivido al yugo del capitalismo mundial, explotados por el imperialismo) hasta el vientre de la bestia en s\u00ed, en donde 26 millones de personas se alzaron contra el gobierno Estadounidense, quemando los precintos de polic\u00eda y confrontando a la polic\u00eda. L\u00edbano tumb\u00f3 a dos primeros ministros en un a\u00f1o. Per\u00fa tumb\u00f3 a dos presidentes en un mes. Explosiones sociales las hay y las van a haber en el futuro cercano. Como individuos, no tendremos ninguna manera de jugar un papel en estos eventos. Pero con una organizaci\u00f3n, podemos medirnos a la altura de la ocasi\u00f3n y jugar el papel hist\u00f3rico que tenemos que jugar.\u00a0<\/p>\n<p>Creemos que el mejor resumen de la situaci\u00f3n y nuestra perspectiva fue concedido por Le\u00f3n Trotsky en su \u201cManifiesto de la IV Internacional\u201d:<\/p>\n<em>El mundo capitalista no tiene ninguna soluci\u00f3n, a menos que una muerte prolongada se considere como una soluci\u00f3n. Es necesario prepararnos para a\u00f1os e incluso d\u00e9cadas largas de guerras, alzamientos, periodos de paz, seguidos por m\u00e1s guerras y m\u00e1s alzamientos. Un partido joven revolucionario debe basarse en esta perspectiva. La historia le proveer\u00e1 con suficientes oportunidades para probarse a s\u00ed mismo, acumular experiencia y madurar. Entre m\u00e1s r\u00e1pido las bases de este partido se endurezcan, m\u00e1s corto ser\u00e1 el periodo de conclusiones sangrientas y menos destrucci\u00f3n sufrir\u00e1 el planeta. Pero el gran problema hist\u00f3rico no ser\u00e1 resuelto hasta que un partido revolucionario este a la cabeza de la clase obrera. La cuesti\u00f3n de los tiempos e intervalos es de gran importancia. Pero esto no altera la perspectiva general hist\u00f3rica ni la direcci\u00f3n de nuestra pol\u00edtica. La conclusi\u00f3n es simple. Es necesario continuar el trabajo de educar y organizar a los mejores elementos de la clase obrera y hacer esto a la d\u00e9cima potencia de nuestra energ\u00eda.\u00a0<\/em><\/section>","protected":false},"excerpt":{"rendered":"<p>Hace un a\u00f1o, inici\u00f3 el paro general del 2021, posiblemente el evento m\u00e1s importante en la historia reciente de Colombia. Durante tres meses de lucha en 23 ciudades, cientos de miles obreros, campesinos y j\u00f3venes enfrentaron la maquinaria del estado colombiano y obtuvieron importantes concesiones de una clase dominante cuya historia no es de negociaci\u00f3n&#8230;<\/p>\n","protected":false},"author":62,"featured_media":12191,"comment_status":"open","ping_status":"open","sticky":false,"template":"","format":"standard","meta":{"_monsterinsights_skip_tracking":false,"_monsterinsights_sitenote_active":false,"_monsterinsights_sitenote_note":"","_monsterinsights_sitenote_category":0,"_uf_show_specific_survey":0,"_uf_disable_surveys":false,"_jetpack_memberships_contains_paid_content":false,"footnotes":""},"categories":[22,537],"tags":[114,1883],"class_list":["post-12190","post","type-post","status-publish","format-standard","has-post-thumbnail","hentry","category-colombia","category-principales","tag-colombia","tag-paro-general"],"aioseo_notices":[],"yoast_head":"<!-- This site is optimized with the Yoast SEO plugin v25.6 - https:\/\/yoast.com\/wordpress\/plugins\/seo\/ -->\n<title>Colombia: A un a\u00f1o del paro general \u00bfQu\u00e9 lecciones se pueden aprender?<\/title>\n<meta name=\"robots\" content=\"index, follow, max-snippet:-1, max-image-preview:large, max-video-preview:-1\" \/>\n<link rel=\"canonical\" href=\"https:\/\/elcomunista.org\/?p=12190\" \/>\n<meta property=\"og:locale\" content=\"es_ES\" \/>\n<meta property=\"og:type\" content=\"article\" \/>\n<meta property=\"og:title\" content=\"Colombia: A un a\u00f1o del paro general \u00bfQu\u00e9 lecciones se pueden aprender?\" \/>\n<meta property=\"og:description\" content=\"Hace un a\u00f1o, inici\u00f3 el paro general del 2021, posiblemente el evento m\u00e1s importante en la historia reciente de Colombia. Durante tres meses de lucha en 23 ciudades, cientos de miles obreros, campesinos y j\u00f3venes enfrentaron la maquinaria del estado colombiano y obtuvieron importantes concesiones de una clase dominante cuya historia no es de negociaci\u00f3n...\" \/>\n<meta property=\"og:url\" content=\"https:\/\/elcomunista.org\/?p=12190\" \/>\n<meta property=\"og:site_name\" content=\"Revoluci\u00f3n Comunista\" \/>\n<meta property=\"article:publisher\" content=\"https:\/\/www.facebook.com\/Bloquepopularjuvenil\" \/>\n<meta property=\"article:published_time\" content=\"2022-05-03T15:57:54+00:00\" \/>\n<meta property=\"article:modified_time\" content=\"2022-05-03T15:57:57+00:00\" \/>\n<meta property=\"og:image\" content=\"https:\/\/elcomunista.org\/wp-content\/uploads\/2022\/05\/colombia_apro.png\" \/>\n\t<meta property=\"og:image:width\" content=\"599\" \/>\n\t<meta property=\"og:image:height\" content=\"356\" \/>\n\t<meta property=\"og:image:type\" content=\"image\/png\" \/>\n<meta name=\"author\" content=\"Internacional Comunista Revolucionaria\" \/>\n<meta name=\"twitter:card\" content=\"summary_large_image\" \/>\n<meta name=\"twitter:creator\" content=\"@ElBPJ\" \/>\n<meta name=\"twitter:site\" content=\"@ElBPJ\" \/>\n<meta name=\"twitter:label1\" content=\"Escrito por\" \/>\n\t<meta name=\"twitter:data1\" content=\"Internacional Comunista Revolucionaria\" \/>\n\t<meta name=\"twitter:label2\" content=\"Tiempo de lectura\" \/>\n\t<meta name=\"twitter:data2\" content=\"16 minutos\" \/>\n<script type=\"application\/ld+json\" class=\"yoast-schema-graph\">{\"@context\":\"https:\/\/schema.org\",\"@graph\":[{\"@type\":\"Article\",\"@id\":\"https:\/\/elcomunista.org\/?p=12190#article\",\"isPartOf\":{\"@id\":\"https:\/\/elcomunista.org\/?p=12190\"},\"author\":{\"name\":\"Internacional Comunista Revolucionaria\",\"@id\":\"https:\/\/elcomunista.org\/#\/schema\/person\/f263a81caf9b6558c019b2d6b83e55be\"},\"headline\":\"Colombia: A un a\u00f1o del paro general \u00bfQu\u00e9 lecciones se pueden aprender?\",\"datePublished\":\"2022-05-03T15:57:54+00:00\",\"dateModified\":\"2022-05-03T15:57:57+00:00\",\"mainEntityOfPage\":{\"@id\":\"https:\/\/elcomunista.org\/?p=12190\"},\"wordCount\":3630,\"commentCount\":0,\"publisher\":{\"@id\":\"https:\/\/elcomunista.org\/#organization\"},\"image\":{\"@id\":\"https:\/\/elcomunista.org\/?p=12190#primaryimage\"},\"thumbnailUrl\":\"https:\/\/elcomunista.org\/wp-content\/uploads\/2022\/05\/colombia_apro.png\",\"keywords\":[\"Colombia\",\"paro general\"],\"articleSection\":[\"Colombia\",\"Principales\"],\"inLanguage\":\"es\",\"potentialAction\":[{\"@type\":\"CommentAction\",\"name\":\"Comment\",\"target\":[\"https:\/\/elcomunista.org\/?p=12190#respond\"]}]},{\"@type\":\"WebPage\",\"@id\":\"https:\/\/elcomunista.org\/?p=12190\",\"url\":\"https:\/\/elcomunista.org\/?p=12190\",\"name\":\"Colombia: A un a\u00f1o del paro general \u00bfQu\u00e9 lecciones se pueden aprender?\",\"isPartOf\":{\"@id\":\"https:\/\/elcomunista.org\/#website\"},\"primaryImageOfPage\":{\"@id\":\"https:\/\/elcomunista.org\/?p=12190#primaryimage\"},\"image\":{\"@id\":\"https:\/\/elcomunista.org\/?p=12190#primaryimage\"},\"thumbnailUrl\":\"https:\/\/elcomunista.org\/wp-content\/uploads\/2022\/05\/colombia_apro.png\",\"datePublished\":\"2022-05-03T15:57:54+00:00\",\"dateModified\":\"2022-05-03T15:57:57+00:00\",\"breadcrumb\":{\"@id\":\"https:\/\/elcomunista.org\/?p=12190#breadcrumb\"},\"inLanguage\":\"es\",\"potentialAction\":[{\"@type\":\"ReadAction\",\"target\":[\"https:\/\/elcomunista.org\/?p=12190\"]}]},{\"@type\":\"ImageObject\",\"inLanguage\":\"es\",\"@id\":\"https:\/\/elcomunista.org\/?p=12190#primaryimage\",\"url\":\"https:\/\/elcomunista.org\/wp-content\/uploads\/2022\/05\/colombia_apro.png\",\"contentUrl\":\"https:\/\/elcomunista.org\/wp-content\/uploads\/2022\/05\/colombia_apro.png\",\"width\":599,\"height\":356},{\"@type\":\"BreadcrumbList\",\"@id\":\"https:\/\/elcomunista.org\/?p=12190#breadcrumb\",\"itemListElement\":[{\"@type\":\"ListItem\",\"position\":1,\"name\":\"Portada\",\"item\":\"https:\/\/elcomunista.org\/\"},{\"@type\":\"ListItem\",\"position\":2,\"name\":\"Colombia: A un a\u00f1o del paro general \u00bfQu\u00e9 lecciones se pueden aprender?\"}]},{\"@type\":\"WebSite\",\"@id\":\"https:\/\/elcomunista.org\/#website\",\"url\":\"https:\/\/elcomunista.org\/\",\"name\":\"Revoluci\u00f3n Comunista\",\"description\":\"Internacional Comunista Revolucionaria\",\"publisher\":{\"@id\":\"https:\/\/elcomunista.org\/#organization\"},\"potentialAction\":[{\"@type\":\"SearchAction\",\"target\":{\"@type\":\"EntryPoint\",\"urlTemplate\":\"https:\/\/elcomunista.org\/?s={search_term_string}\"},\"query-input\":{\"@type\":\"PropertyValueSpecification\",\"valueRequired\":true,\"valueName\":\"search_term_string\"}}],\"inLanguage\":\"es\"},{\"@type\":\"Organization\",\"@id\":\"https:\/\/elcomunista.org\/#organization\",\"name\":\"Bloque Popular Juvenil\",\"url\":\"https:\/\/elcomunista.org\/\",\"logo\":{\"@type\":\"ImageObject\",\"inLanguage\":\"es\",\"@id\":\"https:\/\/elcomunista.org\/#\/schema\/logo\/image\/\",\"url\":\"https:\/\/bloquepopularjuvenil.org\/wp-content\/uploads\/2018\/11\/bpj-militante.jpg\",\"contentUrl\":\"https:\/\/bloquepopularjuvenil.org\/wp-content\/uploads\/2018\/11\/bpj-militante.jpg\",\"width\":4000,\"height\":1390,\"caption\":\"Bloque Popular Juvenil\"},\"image\":{\"@id\":\"https:\/\/elcomunista.org\/#\/schema\/logo\/image\/\"},\"sameAs\":[\"https:\/\/www.facebook.com\/Bloquepopularjuvenil\",\"https:\/\/x.com\/ElBPJ\",\"https:\/\/www.instagram.com\/elbloque_bpj\/?hl=es-la\"]},{\"@type\":\"Person\",\"@id\":\"https:\/\/elcomunista.org\/#\/schema\/person\/f263a81caf9b6558c019b2d6b83e55be\",\"name\":\"Internacional Comunista Revolucionaria\",\"image\":{\"@type\":\"ImageObject\",\"inLanguage\":\"es\",\"@id\":\"https:\/\/elcomunista.org\/#\/schema\/person\/image\/\",\"url\":\"https:\/\/secure.gravatar.com\/avatar\/007ae9c82193c93b7cbb3bbda1ed8c15?s=96&d=mm&r=g\",\"contentUrl\":\"https:\/\/secure.gravatar.com\/avatar\/007ae9c82193c93b7cbb3bbda1ed8c15?s=96&d=mm&r=g\",\"caption\":\"Internacional Comunista Revolucionaria\"},\"url\":\"https:\/\/elcomunista.org\/?author=62\"}]}<\/script>\n<!-- \/ Yoast SEO plugin. -->","yoast_head_json":{"title":"Colombia: A un a\u00f1o del paro general \u00bfQu\u00e9 lecciones se pueden aprender?","robots":{"index":"index","follow":"follow","max-snippet":"max-snippet:-1","max-image-preview":"max-image-preview:large","max-video-preview":"max-video-preview:-1"},"canonical":"https:\/\/elcomunista.org\/?p=12190","og_locale":"es_ES","og_type":"article","og_title":"Colombia: A un a\u00f1o del paro general \u00bfQu\u00e9 lecciones se pueden aprender?","og_description":"Hace un a\u00f1o, inici\u00f3 el paro general del 2021, posiblemente el evento m\u00e1s importante en la historia reciente de Colombia. Durante tres meses de lucha en 23 ciudades, cientos de miles obreros, campesinos y j\u00f3venes enfrentaron la maquinaria del estado colombiano y obtuvieron importantes concesiones de una clase dominante cuya historia no es de negociaci\u00f3n...","og_url":"https:\/\/elcomunista.org\/?p=12190","og_site_name":"Revoluci\u00f3n Comunista","article_publisher":"https:\/\/www.facebook.com\/Bloquepopularjuvenil","article_published_time":"2022-05-03T15:57:54+00:00","article_modified_time":"2022-05-03T15:57:57+00:00","og_image":[{"width":599,"height":356,"url":"https:\/\/elcomunista.org\/wp-content\/uploads\/2022\/05\/colombia_apro.png","type":"image\/png"}],"author":"Internacional Comunista Revolucionaria","twitter_card":"summary_large_image","twitter_creator":"@ElBPJ","twitter_site":"@ElBPJ","twitter_misc":{"Escrito por":"Internacional Comunista Revolucionaria","Tiempo de lectura":"16 minutos"},"schema":{"@context":"https:\/\/schema.org","@graph":[{"@type":"Article","@id":"https:\/\/elcomunista.org\/?p=12190#article","isPartOf":{"@id":"https:\/\/elcomunista.org\/?p=12190"},"author":{"name":"Internacional Comunista Revolucionaria","@id":"https:\/\/elcomunista.org\/#\/schema\/person\/f263a81caf9b6558c019b2d6b83e55be"},"headline":"Colombia: A un a\u00f1o del paro general \u00bfQu\u00e9 lecciones se pueden aprender?","datePublished":"2022-05-03T15:57:54+00:00","dateModified":"2022-05-03T15:57:57+00:00","mainEntityOfPage":{"@id":"https:\/\/elcomunista.org\/?p=12190"},"wordCount":3630,"commentCount":0,"publisher":{"@id":"https:\/\/elcomunista.org\/#organization"},"image":{"@id":"https:\/\/elcomunista.org\/?p=12190#primaryimage"},"thumbnailUrl":"https:\/\/elcomunista.org\/wp-content\/uploads\/2022\/05\/colombia_apro.png","keywords":["Colombia","paro general"],"articleSection":["Colombia","Principales"],"inLanguage":"es","potentialAction":[{"@type":"CommentAction","name":"Comment","target":["https:\/\/elcomunista.org\/?p=12190#respond"]}]},{"@type":"WebPage","@id":"https:\/\/elcomunista.org\/?p=12190","url":"https:\/\/elcomunista.org\/?p=12190","name":"Colombia: A un a\u00f1o del paro general \u00bfQu\u00e9 lecciones se pueden aprender?","isPartOf":{"@id":"https:\/\/elcomunista.org\/#website"},"primaryImageOfPage":{"@id":"https:\/\/elcomunista.org\/?p=12190#primaryimage"},"image":{"@id":"https:\/\/elcomunista.org\/?p=12190#primaryimage"},"thumbnailUrl":"https:\/\/elcomunista.org\/wp-content\/uploads\/2022\/05\/colombia_apro.png","datePublished":"2022-05-03T15:57:54+00:00","dateModified":"2022-05-03T15:57:57+00:00","breadcrumb":{"@id":"https:\/\/elcomunista.org\/?p=12190#breadcrumb"},"inLanguage":"es","potentialAction":[{"@type":"ReadAction","target":["https:\/\/elcomunista.org\/?p=12190"]}]},{"@type":"ImageObject","inLanguage":"es","@id":"https:\/\/elcomunista.org\/?p=12190#primaryimage","url":"https:\/\/elcomunista.org\/wp-content\/uploads\/2022\/05\/colombia_apro.png","contentUrl":"https:\/\/elcomunista.org\/wp-content\/uploads\/2022\/05\/colombia_apro.png","width":599,"height":356},{"@type":"BreadcrumbList","@id":"https:\/\/elcomunista.org\/?p=12190#breadcrumb","itemListElement":[{"@type":"ListItem","position":1,"name":"Portada","item":"https:\/\/elcomunista.org\/"},{"@type":"ListItem","position":2,"name":"Colombia: A un a\u00f1o del paro general \u00bfQu\u00e9 lecciones se pueden aprender?"}]},{"@type":"WebSite","@id":"https:\/\/elcomunista.org\/#website","url":"https:\/\/elcomunista.org\/","name":"Revoluci\u00f3n Comunista","description":"Internacional Comunista Revolucionaria","publisher":{"@id":"https:\/\/elcomunista.org\/#organization"},"potentialAction":[{"@type":"SearchAction","target":{"@type":"EntryPoint","urlTemplate":"https:\/\/elcomunista.org\/?s={search_term_string}"},"query-input":{"@type":"PropertyValueSpecification","valueRequired":true,"valueName":"search_term_string"}}],"inLanguage":"es"},{"@type":"Organization","@id":"https:\/\/elcomunista.org\/#organization","name":"Bloque Popular Juvenil","url":"https:\/\/elcomunista.org\/","logo":{"@type":"ImageObject","inLanguage":"es","@id":"https:\/\/elcomunista.org\/#\/schema\/logo\/image\/","url":"https:\/\/bloquepopularjuvenil.org\/wp-content\/uploads\/2018\/11\/bpj-militante.jpg","contentUrl":"https:\/\/bloquepopularjuvenil.org\/wp-content\/uploads\/2018\/11\/bpj-militante.jpg","width":4000,"height":1390,"caption":"Bloque Popular Juvenil"},"image":{"@id":"https:\/\/elcomunista.org\/#\/schema\/logo\/image\/"},"sameAs":["https:\/\/www.facebook.com\/Bloquepopularjuvenil","https:\/\/x.com\/ElBPJ","https:\/\/www.instagram.com\/elbloque_bpj\/?hl=es-la"]},{"@type":"Person","@id":"https:\/\/elcomunista.org\/#\/schema\/person\/f263a81caf9b6558c019b2d6b83e55be","name":"Internacional Comunista Revolucionaria","image":{"@type":"ImageObject","inLanguage":"es","@id":"https:\/\/elcomunista.org\/#\/schema\/person\/image\/","url":"https:\/\/secure.gravatar.com\/avatar\/007ae9c82193c93b7cbb3bbda1ed8c15?s=96&d=mm&r=g","contentUrl":"https:\/\/secure.gravatar.com\/avatar\/007ae9c82193c93b7cbb3bbda1ed8c15?s=96&d=mm&r=g","caption":"Internacional Comunista Revolucionaria"},"url":"https:\/\/elcomunista.org\/?author=62"}]}},"jetpack_featured_media_url":"https:\/\/elcomunista.org\/wp-content\/uploads\/2022\/05\/colombia_apro.png","jetpack_likes_enabled":true,"jetpack_sharing_enabled":true,"_links":{"self":[{"href":"https:\/\/elcomunista.org\/index.php?rest_route=\/wp\/v2\/posts\/12190"}],"collection":[{"href":"https:\/\/elcomunista.org\/index.php?rest_route=\/wp\/v2\/posts"}],"about":[{"href":"https:\/\/elcomunista.org\/index.php?rest_route=\/wp\/v2\/types\/post"}],"author":[{"embeddable":true,"href":"https:\/\/elcomunista.org\/index.php?rest_route=\/wp\/v2\/users\/62"}],"replies":[{"embeddable":true,"href":"https:\/\/elcomunista.org\/index.php?rest_route=%2Fwp%2Fv2%2Fcomments&post=12190"}],"version-history":[{"count":0,"href":"https:\/\/elcomunista.org\/index.php?rest_route=\/wp\/v2\/posts\/12190\/revisions"}],"wp:featuredmedia":[{"embeddable":true,"href":"https:\/\/elcomunista.org\/index.php?rest_route=\/wp\/v2\/media\/12191"}],"wp:attachment":[{"href":"https:\/\/elcomunista.org\/index.php?rest_route=%2Fwp%2Fv2%2Fmedia&parent=12190"}],"wp:term":[{"taxonomy":"category","embeddable":true,"href":"https:\/\/elcomunista.org\/index.php?rest_route=%2Fwp%2Fv2%2Fcategories&post=12190"},{"taxonomy":"post_tag","embeddable":true,"href":"https:\/\/elcomunista.org\/index.php?rest_route=%2Fwp%2Fv2%2Ftags&post=12190"}],"curies":[{"name":"wp","href":"https:\/\/api.w.org\/{rel}","templated":true}]}}