{"id":12624,"date":"2023-01-09T11:46:31","date_gmt":"2023-01-09T17:46:31","guid":{"rendered":"http:\/\/bloquepopularjuvenil.org\/?p=12624"},"modified":"2023-01-09T12:01:40","modified_gmt":"2023-01-09T18:01:40","slug":"brasil-contra-la-derecha-golpista-unidad-movilizacion-e-independencia-de-clase","status":"publish","type":"post","link":"https:\/\/elcomunista.org\/?p=12624","title":{"rendered":"Brasil: Contra la derecha golpista, \u00a1unidad, movilizaci\u00f3n e independencia de clase!"},"content":{"rendered":"<p><span style=\"font-weight: 400;\">La invasi\u00f3n perpetrada ayer (8\/1) por grupos bolsonaristas en el Congreso Nacional, en el Palacio del Planalto y en el Tribunal Supremo, contra el resultado electoral y llamando a la intervenci\u00f3n militar, debe ser repudiada y combatida en\u00e9rgicamente por el movimiento obrero, popular y estudiantil. No porque a la clase obrera le interese defender las instituciones del Estado burgu\u00e9s, sino porque el ataque a estas instituciones viene de la extrema derecha que quiere sustituirlas por algo a\u00fan peor. Estos ultraderechistas desmoralizados, escoria de la humanidad, act\u00faan de forma aventurera, atacando y destruyendo propiedades. Estos m\u00e9todos no tienen nada que ver con los m\u00e9todos tradicionales de lucha de la clase obrera.<\/span><\/p>\n<p>&nbsp;<\/p>\n<p><span style=\"font-weight: 400;\">Evidentemente, la invasi\u00f3n de los edificios s\u00f3lo fue posible gracias a la connivencia de las fuerzas represivas del Estado. La turba reaccionaria, que lleg\u00f3 en un centenar de autobuses a Brasilia, fue escoltada por la Polic\u00eda Militar del Distrito Federal hasta la Pra\u00e7a dos Tr\u00eas Poderes. Los v\u00eddeos muestran la confraternizaci\u00f3n de la polic\u00eda con los bolsonaristas y la pasividad ante la invasi\u00f3n y los estragos. Tales actos se hab\u00edan convocado y organizado p\u00fablicamente durante d\u00edas. No se puede afirmar que les pillara por sorpresa. El comportamiento de la polic\u00eda fue totalmente distinto del observado en las movilizaciones populares en la capital federal. En 2017, por quedarnos en un ejemplo reciente, la masiva movilizaci\u00f3n de trabajadores y j\u00f3venes en Brasilia contra la contrarreforma laboral del gobierno de Temer, fue recibida en un clima de terror por una fuerte fuerza policial, con balas de goma y bombas de gas, incluso helic\u00f3pteros sobrevolaron a los manifestantes apuntando con ametralladoras y lanzando bombas de gas.<\/span><\/p>\n<p>&nbsp;<\/p>\n<p><span style=\"font-weight: 400;\">La clase obrera no debe confiar en las fuerzas represivas para resolver la situaci\u00f3n actual. Son instituciones del Estado burgu\u00e9s, que han facilitado el desarrollo y la acci\u00f3n de estos grupos golpistas de extrema derecha. La clase obrera y la juventud s\u00f3lo pueden confiar en su propia fuerza, en su organizaci\u00f3n, unidad y movilizaci\u00f3n independiente.<\/span><\/p>\n<p>&nbsp;<\/p>\n<p><span style=\"font-weight: 400;\">El gobierno Lula-Alckmin, de uni\u00f3n nacional con la burgues\u00eda, tiende la mano para acoger en el gobierno a representantes de la derecha e incluso de la extrema derecha. El ministro de Defensa, Jos\u00e9 M\u00facio, que deber\u00eda encabezar la defensa del gobierno frente a las acciones golpistas, calific\u00f3 de \u00abdemostraci\u00f3n de democracia\u00bb las acampadas bolsonaristas frente a los cuarteles pidiendo la intervenci\u00f3n militar. No pod\u00eda ser de otra manera: est\u00e1 afiliado al PTB, el partido de Roberto Jefferson y, cuando acept\u00f3 ser ministro de Lula, declar\u00f3 p\u00fablicamente que hab\u00eda votado a Bolsonaro. Otro ejemplo es la ministra de Turismo, Daniela Carneira, que tiene v\u00ednculos con la milicia de R\u00edo de Janeiro, al estar afiliada a Uni\u00e3o Brasil, \u00a1el partido del ex juez Sergio Moro [director de la farsa judicial contra Lula y ministro de justicia de Bolsonaro]! \u00a1Ese es el camino para la derrota de este gobierno! Lula deber\u00eda aprovechar la oportunidad de este primer incidente y cambiar ya el rumbo del gobierno empezando por expulsar a los ministros bolsonaristas.<\/span><\/p>\n<p>&nbsp;<\/p>\n<p><span style=\"font-weight: 400;\">Es la movilizaci\u00f3n en los centros de trabajo, las escuelas, los barrios y las f\u00e1bricas la que puede enterrar a la derecha golpista y abrir el camino a la realizaci\u00f3n de las reivindicaciones populares. Empezando por la derogaci\u00f3n de todos los ataques a los derechos y conquistas de la clase trabajadora llevados a cabo por los gobiernos anteriores.<\/span><\/p>\n<p>&nbsp;<\/p>\n<p><span style=\"font-weight: 400;\">La CUT y las organizaciones sindicales y populares deben convocar y organizar movilizaciones para derrotar a la extrema derecha y enterrar pol\u00edticamente a Bolsonaro y a los bolsonaristas. Estas organizaciones tienen la responsabilidad, por ejemplo, de organizar la resistencia contra los intentos de los bolsonaristas de invadir las refiner\u00edas de petr\u00f3leo y contra los intentos de volver a bloquear las carreteras.<\/span><\/p>\n<p>&nbsp;<\/p>\n<p><span style=\"font-weight: 400;\">UNE, UBES, ANPG y el conjunto de entidades estudiantiles tienen el deber de organizar asambleas en las escuelas y universidades, moviliz\u00e1ndose para la acci\u00f3n contra la derecha y en la lucha por las reivindicaciones de la juventud.<\/span><\/p>\n<p>&nbsp;<\/p>\n<p><span style=\"font-weight: 400;\">Es la movilizaci\u00f3n de un frente \u00fanico del proletariado la que puede abrir el camino para las victorias de nuestra clase, para el avance de la lucha por el socialismo, derrotando a los que pretenden instaurar un r\u00e9gimen de terror en el pa\u00eds, defendiendo las libertades democr\u00e1ticas y los derechos de la juventud y de los trabajadores:<\/span><\/p>\n<p>&nbsp;<\/p>\n<p><span style=\"font-weight: 400;\">&#8211; \u00a1Investigaci\u00f3n y castigo de los organizadores y financiadores de las acciones golpistas en Brasilia! \u00a1Confiscaci\u00f3n de los bienes y empresas de los financiadores!<\/span><\/p>\n<p>&nbsp;<\/p>\n<p><span style=\"font-weight: 400;\">&#8211; \u00a1Por el fin de la Polic\u00eda Militar!<\/span><\/p>\n<p>&nbsp;<\/p>\n<p><span style=\"font-weight: 400;\">&#8211; \u00a1Unidad, organizaci\u00f3n y movilizaci\u00f3n independiente de la clase obrera! Derrota a la derecha golpista, \u00a1defiende las libertades democr\u00e1ticas!<\/span><\/p>\n<p>&nbsp;<\/p>\n<p><span style=\"font-weight: 400;\">&#8211; \u00a1Todos a las movilizaciones convocadas para hoy, 9 de enero, por el movimiento sindical y popular contra los ataques de la extrema derecha! \u00a1Participaci\u00f3n en el acto del 11 de enero en Brasilia!<\/span><\/p>\n<p>&nbsp;<\/p>\n<p><span style=\"font-weight: 400;\">Comit\u00e9 Ejecutivo de la Esquerda Marxista, 9 de enero de 2023.<\/span><\/p>\n","protected":false},"excerpt":{"rendered":"<p>La invasi\u00f3n perpetrada ayer (8\/1) por grupos bolsonaristas en el Congreso Nacional, en el Palacio del Planalto y en el Tribunal Supremo, contra el resultado electoral y llamando a la intervenci\u00f3n militar, debe ser repudiada y combatida en\u00e9rgicamente por el movimiento obrero, popular y estudiantil. No porque a la clase obrera le interese defender las&#8230;<\/p>\n","protected":false},"author":21,"featured_media":12625,"comment_status":"open","ping_status":"open","sticky":false,"template":"","format":"standard","meta":{"_monsterinsights_skip_tracking":false,"_monsterinsights_sitenote_active":false,"_monsterinsights_sitenote_note":"","_monsterinsights_sitenote_category":0,"_uf_show_specific_survey":0,"_uf_disable_surveys":false,"_jetpack_memberships_contains_paid_content":false,"footnotes":""},"categories":[16,984,537],"tags":[1950,414,1158,172],"class_list":["post-12624","post","type-post","status-publish","format-standard","has-post-thumbnail","hentry","category-brasil","category-internacional-comunista-revolucionaria","category-principales","tag-bolsonaristas","tag-bolsonaro","tag-brasil","tag-marxismo"],"aioseo_notices":[],"yoast_head":"<!-- This site is optimized with the Yoast SEO plugin v25.6 - https:\/\/yoast.com\/wordpress\/plugins\/seo\/ -->\n<title>Brasil: Contra la derecha golpista, \u00a1unidad, movilizaci\u00f3n e independencia de clase!<\/title>\n<meta name=\"robots\" content=\"index, follow, max-snippet:-1, max-image-preview:large, max-video-preview:-1\" \/>\n<link rel=\"canonical\" href=\"https:\/\/elcomunista.org\/?p=12624\" \/>\n<meta property=\"og:locale\" content=\"es_ES\" \/>\n<meta property=\"og:type\" content=\"article\" \/>\n<meta property=\"og:title\" content=\"Brasil: Contra la derecha golpista, \u00a1unidad, movilizaci\u00f3n e independencia de clase!\" \/>\n<meta property=\"og:description\" content=\"La invasi\u00f3n perpetrada ayer (8\/1) por grupos bolsonaristas en el Congreso Nacional, en el Palacio del Planalto y en el Tribunal Supremo, contra el resultado electoral y llamando a la intervenci\u00f3n militar, debe ser repudiada y combatida en\u00e9rgicamente por el movimiento obrero, popular y estudiantil. No porque a la clase obrera le interese defender las...\" \/>\n<meta property=\"og:url\" content=\"https:\/\/elcomunista.org\/?p=12624\" \/>\n<meta property=\"og:site_name\" content=\"Revoluci\u00f3n Comunista\" \/>\n<meta property=\"article:publisher\" content=\"https:\/\/www.facebook.com\/Bloquepopularjuvenil\" \/>\n<meta property=\"article:published_time\" content=\"2023-01-09T17:46:31+00:00\" \/>\n<meta property=\"article:modified_time\" content=\"2023-01-09T18:01:40+00:00\" \/>\n<meta property=\"og:image\" content=\"https:\/\/elcomunista.org\/wp-content\/uploads\/2023\/01\/63bb4ff9aa907.jpeg\" \/>\n\t<meta property=\"og:image:width\" content=\"700\" \/>\n\t<meta property=\"og:image:height\" content=\"526\" \/>\n\t<meta property=\"og:image:type\" content=\"image\/jpeg\" \/>\n<meta name=\"author\" content=\"Esquerda Marxista - Brasil\" \/>\n<meta name=\"twitter:card\" content=\"summary_large_image\" \/>\n<meta name=\"twitter:creator\" content=\"@ElBPJ\" \/>\n<meta name=\"twitter:site\" content=\"@ElBPJ\" \/>\n<meta name=\"twitter:label1\" content=\"Escrito por\" \/>\n\t<meta name=\"twitter:data1\" content=\"Esquerda Marxista - Brasil\" \/>\n\t<meta name=\"twitter:label2\" content=\"Tiempo de lectura\" \/>\n\t<meta name=\"twitter:data2\" content=\"4 minutos\" \/>\n<script type=\"application\/ld+json\" class=\"yoast-schema-graph\">{\"@context\":\"https:\/\/schema.org\",\"@graph\":[{\"@type\":\"Article\",\"@id\":\"https:\/\/elcomunista.org\/?p=12624#article\",\"isPartOf\":{\"@id\":\"https:\/\/elcomunista.org\/?p=12624\"},\"author\":{\"name\":\"Esquerda Marxista - Brasil\",\"@id\":\"https:\/\/elcomunista.org\/#\/schema\/person\/2ccca13bab13b85ac22c5e6dbae29bda\"},\"headline\":\"Brasil: Contra la derecha golpista, \u00a1unidad, movilizaci\u00f3n e independencia de clase!\",\"datePublished\":\"2023-01-09T17:46:31+00:00\",\"dateModified\":\"2023-01-09T18:01:40+00:00\",\"mainEntityOfPage\":{\"@id\":\"https:\/\/elcomunista.org\/?p=12624\"},\"wordCount\":886,\"commentCount\":0,\"publisher\":{\"@id\":\"https:\/\/elcomunista.org\/#organization\"},\"image\":{\"@id\":\"https:\/\/elcomunista.org\/?p=12624#primaryimage\"},\"thumbnailUrl\":\"https:\/\/elcomunista.org\/wp-content\/uploads\/2023\/01\/63bb4ff9aa907.jpeg\",\"keywords\":[\"Bolsonaristas\",\"Bolsonaro\",\"Brasil\",\"Marxismo\"],\"articleSection\":[\"Brasil\",\"Internacional Comunista Revolucionaria\",\"Principales\"],\"inLanguage\":\"es\",\"potentialAction\":[{\"@type\":\"CommentAction\",\"name\":\"Comment\",\"target\":[\"https:\/\/elcomunista.org\/?p=12624#respond\"]}]},{\"@type\":\"WebPage\",\"@id\":\"https:\/\/elcomunista.org\/?p=12624\",\"url\":\"https:\/\/elcomunista.org\/?p=12624\",\"name\":\"Brasil: Contra la derecha golpista, \u00a1unidad, movilizaci\u00f3n e independencia de clase!\",\"isPartOf\":{\"@id\":\"https:\/\/elcomunista.org\/#website\"},\"primaryImageOfPage\":{\"@id\":\"https:\/\/elcomunista.org\/?p=12624#primaryimage\"},\"image\":{\"@id\":\"https:\/\/elcomunista.org\/?p=12624#primaryimage\"},\"thumbnailUrl\":\"https:\/\/elcomunista.org\/wp-content\/uploads\/2023\/01\/63bb4ff9aa907.jpeg\",\"datePublished\":\"2023-01-09T17:46:31+00:00\",\"dateModified\":\"2023-01-09T18:01:40+00:00\",\"breadcrumb\":{\"@id\":\"https:\/\/elcomunista.org\/?p=12624#breadcrumb\"},\"inLanguage\":\"es\",\"potentialAction\":[{\"@type\":\"ReadAction\",\"target\":[\"https:\/\/elcomunista.org\/?p=12624\"]}]},{\"@type\":\"ImageObject\",\"inLanguage\":\"es\",\"@id\":\"https:\/\/elcomunista.org\/?p=12624#primaryimage\",\"url\":\"https:\/\/elcomunista.org\/wp-content\/uploads\/2023\/01\/63bb4ff9aa907.jpeg\",\"contentUrl\":\"https:\/\/elcomunista.org\/wp-content\/uploads\/2023\/01\/63bb4ff9aa907.jpeg\",\"width\":700,\"height\":526},{\"@type\":\"BreadcrumbList\",\"@id\":\"https:\/\/elcomunista.org\/?p=12624#breadcrumb\",\"itemListElement\":[{\"@type\":\"ListItem\",\"position\":1,\"name\":\"Portada\",\"item\":\"https:\/\/elcomunista.org\/\"},{\"@type\":\"ListItem\",\"position\":2,\"name\":\"Brasil: Contra la derecha golpista, \u00a1unidad, movilizaci\u00f3n e independencia de clase!\"}]},{\"@type\":\"WebSite\",\"@id\":\"https:\/\/elcomunista.org\/#website\",\"url\":\"https:\/\/elcomunista.org\/\",\"name\":\"Revoluci\u00f3n Comunista\",\"description\":\"Internacional Comunista Revolucionaria\",\"publisher\":{\"@id\":\"https:\/\/elcomunista.org\/#organization\"},\"potentialAction\":[{\"@type\":\"SearchAction\",\"target\":{\"@type\":\"EntryPoint\",\"urlTemplate\":\"https:\/\/elcomunista.org\/?s={search_term_string}\"},\"query-input\":{\"@type\":\"PropertyValueSpecification\",\"valueRequired\":true,\"valueName\":\"search_term_string\"}}],\"inLanguage\":\"es\"},{\"@type\":\"Organization\",\"@id\":\"https:\/\/elcomunista.org\/#organization\",\"name\":\"Bloque Popular Juvenil\",\"url\":\"https:\/\/elcomunista.org\/\",\"logo\":{\"@type\":\"ImageObject\",\"inLanguage\":\"es\",\"@id\":\"https:\/\/elcomunista.org\/#\/schema\/logo\/image\/\",\"url\":\"https:\/\/bloquepopularjuvenil.org\/wp-content\/uploads\/2018\/11\/bpj-militante.jpg\",\"contentUrl\":\"https:\/\/bloquepopularjuvenil.org\/wp-content\/uploads\/2018\/11\/bpj-militante.jpg\",\"width\":4000,\"height\":1390,\"caption\":\"Bloque Popular Juvenil\"},\"image\":{\"@id\":\"https:\/\/elcomunista.org\/#\/schema\/logo\/image\/\"},\"sameAs\":[\"https:\/\/www.facebook.com\/Bloquepopularjuvenil\",\"https:\/\/x.com\/ElBPJ\",\"https:\/\/www.instagram.com\/elbloque_bpj\/?hl=es-la\"]},{\"@type\":\"Person\",\"@id\":\"https:\/\/elcomunista.org\/#\/schema\/person\/2ccca13bab13b85ac22c5e6dbae29bda\",\"name\":\"Esquerda Marxista - Brasil\",\"image\":{\"@type\":\"ImageObject\",\"inLanguage\":\"es\",\"@id\":\"https:\/\/elcomunista.org\/#\/schema\/person\/image\/\",\"url\":\"https:\/\/secure.gravatar.com\/avatar\/b936a4364605f6091329c7f678221f55?s=96&d=mm&r=g\",\"contentUrl\":\"https:\/\/secure.gravatar.com\/avatar\/b936a4364605f6091329c7f678221f55?s=96&d=mm&r=g\",\"caption\":\"Esquerda Marxista - Brasil\"},\"url\":\"https:\/\/elcomunista.org\/?author=21\"}]}<\/script>\n<!-- \/ Yoast SEO plugin. -->","yoast_head_json":{"title":"Brasil: Contra la derecha golpista, \u00a1unidad, movilizaci\u00f3n e independencia de clase!","robots":{"index":"index","follow":"follow","max-snippet":"max-snippet:-1","max-image-preview":"max-image-preview:large","max-video-preview":"max-video-preview:-1"},"canonical":"https:\/\/elcomunista.org\/?p=12624","og_locale":"es_ES","og_type":"article","og_title":"Brasil: Contra la derecha golpista, \u00a1unidad, movilizaci\u00f3n e independencia de clase!","og_description":"La invasi\u00f3n perpetrada ayer (8\/1) por grupos bolsonaristas en el Congreso Nacional, en el Palacio del Planalto y en el Tribunal Supremo, contra el resultado electoral y llamando a la intervenci\u00f3n militar, debe ser repudiada y combatida en\u00e9rgicamente por el movimiento obrero, popular y estudiantil. No porque a la clase obrera le interese defender las...","og_url":"https:\/\/elcomunista.org\/?p=12624","og_site_name":"Revoluci\u00f3n Comunista","article_publisher":"https:\/\/www.facebook.com\/Bloquepopularjuvenil","article_published_time":"2023-01-09T17:46:31+00:00","article_modified_time":"2023-01-09T18:01:40+00:00","og_image":[{"width":700,"height":526,"url":"https:\/\/elcomunista.org\/wp-content\/uploads\/2023\/01\/63bb4ff9aa907.jpeg","type":"image\/jpeg"}],"author":"Esquerda Marxista - Brasil","twitter_card":"summary_large_image","twitter_creator":"@ElBPJ","twitter_site":"@ElBPJ","twitter_misc":{"Escrito por":"Esquerda Marxista - Brasil","Tiempo de lectura":"4 minutos"},"schema":{"@context":"https:\/\/schema.org","@graph":[{"@type":"Article","@id":"https:\/\/elcomunista.org\/?p=12624#article","isPartOf":{"@id":"https:\/\/elcomunista.org\/?p=12624"},"author":{"name":"Esquerda Marxista - Brasil","@id":"https:\/\/elcomunista.org\/#\/schema\/person\/2ccca13bab13b85ac22c5e6dbae29bda"},"headline":"Brasil: Contra la derecha golpista, \u00a1unidad, movilizaci\u00f3n e independencia de clase!","datePublished":"2023-01-09T17:46:31+00:00","dateModified":"2023-01-09T18:01:40+00:00","mainEntityOfPage":{"@id":"https:\/\/elcomunista.org\/?p=12624"},"wordCount":886,"commentCount":0,"publisher":{"@id":"https:\/\/elcomunista.org\/#organization"},"image":{"@id":"https:\/\/elcomunista.org\/?p=12624#primaryimage"},"thumbnailUrl":"https:\/\/elcomunista.org\/wp-content\/uploads\/2023\/01\/63bb4ff9aa907.jpeg","keywords":["Bolsonaristas","Bolsonaro","Brasil","Marxismo"],"articleSection":["Brasil","Internacional Comunista Revolucionaria","Principales"],"inLanguage":"es","potentialAction":[{"@type":"CommentAction","name":"Comment","target":["https:\/\/elcomunista.org\/?p=12624#respond"]}]},{"@type":"WebPage","@id":"https:\/\/elcomunista.org\/?p=12624","url":"https:\/\/elcomunista.org\/?p=12624","name":"Brasil: Contra la derecha golpista, \u00a1unidad, movilizaci\u00f3n e independencia de clase!","isPartOf":{"@id":"https:\/\/elcomunista.org\/#website"},"primaryImageOfPage":{"@id":"https:\/\/elcomunista.org\/?p=12624#primaryimage"},"image":{"@id":"https:\/\/elcomunista.org\/?p=12624#primaryimage"},"thumbnailUrl":"https:\/\/elcomunista.org\/wp-content\/uploads\/2023\/01\/63bb4ff9aa907.jpeg","datePublished":"2023-01-09T17:46:31+00:00","dateModified":"2023-01-09T18:01:40+00:00","breadcrumb":{"@id":"https:\/\/elcomunista.org\/?p=12624#breadcrumb"},"inLanguage":"es","potentialAction":[{"@type":"ReadAction","target":["https:\/\/elcomunista.org\/?p=12624"]}]},{"@type":"ImageObject","inLanguage":"es","@id":"https:\/\/elcomunista.org\/?p=12624#primaryimage","url":"https:\/\/elcomunista.org\/wp-content\/uploads\/2023\/01\/63bb4ff9aa907.jpeg","contentUrl":"https:\/\/elcomunista.org\/wp-content\/uploads\/2023\/01\/63bb4ff9aa907.jpeg","width":700,"height":526},{"@type":"BreadcrumbList","@id":"https:\/\/elcomunista.org\/?p=12624#breadcrumb","itemListElement":[{"@type":"ListItem","position":1,"name":"Portada","item":"https:\/\/elcomunista.org\/"},{"@type":"ListItem","position":2,"name":"Brasil: Contra la derecha golpista, \u00a1unidad, movilizaci\u00f3n e independencia de clase!"}]},{"@type":"WebSite","@id":"https:\/\/elcomunista.org\/#website","url":"https:\/\/elcomunista.org\/","name":"Revoluci\u00f3n Comunista","description":"Internacional Comunista Revolucionaria","publisher":{"@id":"https:\/\/elcomunista.org\/#organization"},"potentialAction":[{"@type":"SearchAction","target":{"@type":"EntryPoint","urlTemplate":"https:\/\/elcomunista.org\/?s={search_term_string}"},"query-input":{"@type":"PropertyValueSpecification","valueRequired":true,"valueName":"search_term_string"}}],"inLanguage":"es"},{"@type":"Organization","@id":"https:\/\/elcomunista.org\/#organization","name":"Bloque Popular Juvenil","url":"https:\/\/elcomunista.org\/","logo":{"@type":"ImageObject","inLanguage":"es","@id":"https:\/\/elcomunista.org\/#\/schema\/logo\/image\/","url":"https:\/\/bloquepopularjuvenil.org\/wp-content\/uploads\/2018\/11\/bpj-militante.jpg","contentUrl":"https:\/\/bloquepopularjuvenil.org\/wp-content\/uploads\/2018\/11\/bpj-militante.jpg","width":4000,"height":1390,"caption":"Bloque Popular Juvenil"},"image":{"@id":"https:\/\/elcomunista.org\/#\/schema\/logo\/image\/"},"sameAs":["https:\/\/www.facebook.com\/Bloquepopularjuvenil","https:\/\/x.com\/ElBPJ","https:\/\/www.instagram.com\/elbloque_bpj\/?hl=es-la"]},{"@type":"Person","@id":"https:\/\/elcomunista.org\/#\/schema\/person\/2ccca13bab13b85ac22c5e6dbae29bda","name":"Esquerda Marxista - Brasil","image":{"@type":"ImageObject","inLanguage":"es","@id":"https:\/\/elcomunista.org\/#\/schema\/person\/image\/","url":"https:\/\/secure.gravatar.com\/avatar\/b936a4364605f6091329c7f678221f55?s=96&d=mm&r=g","contentUrl":"https:\/\/secure.gravatar.com\/avatar\/b936a4364605f6091329c7f678221f55?s=96&d=mm&r=g","caption":"Esquerda Marxista - Brasil"},"url":"https:\/\/elcomunista.org\/?author=21"}]}},"jetpack_featured_media_url":"https:\/\/elcomunista.org\/wp-content\/uploads\/2023\/01\/63bb4ff9aa907.jpeg","jetpack_likes_enabled":true,"jetpack_sharing_enabled":true,"_links":{"self":[{"href":"https:\/\/elcomunista.org\/index.php?rest_route=\/wp\/v2\/posts\/12624"}],"collection":[{"href":"https:\/\/elcomunista.org\/index.php?rest_route=\/wp\/v2\/posts"}],"about":[{"href":"https:\/\/elcomunista.org\/index.php?rest_route=\/wp\/v2\/types\/post"}],"author":[{"embeddable":true,"href":"https:\/\/elcomunista.org\/index.php?rest_route=\/wp\/v2\/users\/21"}],"replies":[{"embeddable":true,"href":"https:\/\/elcomunista.org\/index.php?rest_route=%2Fwp%2Fv2%2Fcomments&post=12624"}],"version-history":[{"count":0,"href":"https:\/\/elcomunista.org\/index.php?rest_route=\/wp\/v2\/posts\/12624\/revisions"}],"wp:featuredmedia":[{"embeddable":true,"href":"https:\/\/elcomunista.org\/index.php?rest_route=\/wp\/v2\/media\/12625"}],"wp:attachment":[{"href":"https:\/\/elcomunista.org\/index.php?rest_route=%2Fwp%2Fv2%2Fmedia&parent=12624"}],"wp:term":[{"taxonomy":"category","embeddable":true,"href":"https:\/\/elcomunista.org\/index.php?rest_route=%2Fwp%2Fv2%2Fcategories&post=12624"},{"taxonomy":"post_tag","embeddable":true,"href":"https:\/\/elcomunista.org\/index.php?rest_route=%2Fwp%2Fv2%2Ftags&post=12624"}],"curies":[{"name":"wp","href":"https:\/\/api.w.org\/{rel}","templated":true}]}}