{"id":12733,"date":"2023-05-25T11:10:42","date_gmt":"2023-05-25T17:10:42","guid":{"rendered":"http:\/\/bloquepopularjuvenil.org\/?p=12733"},"modified":"2023-05-25T11:12:09","modified_gmt":"2023-05-25T17:12:09","slug":"a-un-ano-del-regimen-de-excepcion-un-analisis-marxista","status":"publish","type":"post","link":"https:\/\/elcomunista.org\/?p=12733","title":{"rendered":"A un a\u00f1o del r\u00e9gimen de  excepci\u00f3n, un an\u00e1lisis marxista"},"content":{"rendered":"<p class=\"p1\">Recientemente se cumpli\u00f3 un a\u00f1o de la imposici\u00f3n del Estado de Excepci\u00f3n en El Salvador o como com\u00fanmente se le conoce R\u00e9gimen de Excepci\u00f3n. El cual fue impuesto por el gobierno como una medida extraordinaria, en la \u201cguerra contra las pandillas\u201d en marzo del 2022. Este fue un giro radical por parte del gobierno, que pas\u00f3 de pactos secretos a una supuesta guerra frontal contra los pandilleros en los barrios populares de El Salvador, este giro repentino en la pol\u00edtica de Bukele se dio despu\u00e9s de una masacre que dur\u00f3 3 d\u00edas y dej\u00f3 un saldo de 82 personas asesinadas.<\/p>\n<p class=\"p2\">A simple vista, se podr\u00eda tener una posici\u00f3n positiva acerca del r\u00e9gimen de excepci\u00f3n, y es que no se puede negar que los asesinatos, asaltos y extorsiones han desaparecido a niveles no vistos en las \u00faltimas d\u00e9cadas. Y al menos popularmente, la pol\u00edtica de Bukele, tiene una opini\u00f3n favorable. Lo que es completamente normal, una sociedad que pas\u00f3 del terror y la sangre como diario vivir a una donde m\u00ednimamente se puede andar a altas horas de la noche, entrar a lugares, colonias y\/o comunidades donde anteriormente no se pod\u00eda si se ven\u00eda de un lugar donde controlaba una pandilla contraria, de andar cuid\u00e1ndose de los asaltos a mano armada y con el miedo de no quedar atrapado entre una balacera o encontrarse con la muerte en cualquier calle del pa\u00eds, entre otras experiencias comunes de a\u00f1os pasados.<\/p>\n<p class=\"p2\">Desde este punto de vista, es casi imposible tener una opini\u00f3n contraria a la pol\u00edtica de seguridad de Bukele y entendemos perfectamente la aceptaci\u00f3n popular que tienen los resultados de esta. Sin embargo, debemos se\u00f1alar que detr\u00e1s de estos resultados, hay tambi\u00e9n una serie de nuevos problemas que est\u00e1n afectando a las familias m\u00e1s pobres del pa\u00eds y el hecho de que la pol\u00edtica no vaya a la ra\u00edz del problema, deja mucho que desear sobre el futuro de la sociedad salvadore\u00f1a.<span class=\"Apple-converted-space\">\u00a0<\/span><\/p>\n<p class=\"p2\">En un a\u00f1o el R\u00e9gimen de Excepci\u00f3n se han capturado a m\u00e1s de 66 mil personas, una buena parte de estas han sido en condiciones de arbitrariedad; han muerto m\u00e1s de 134 personas en custodia del Estado, muchos de ellos inocentes que no tuvieron una leg\u00edtima defensa, las causas de muerte han sido palizas y condiciones de enfermedad agravadas por las condiciones carcelarias extremas. Muchos de los detenidos son personas inocentes.<span class=\"Apple-converted-space\">\u00a0<\/span><\/p>\n<p class=\"p2\">V\u00edctimas de la estigmatizaci\u00f3n de la juventud y la pobreza, decenas de personas entre adultos y j\u00f3venes son arrestados sin el debido proceso, algunos deben esperar como m\u00ednimo 6 meses para tener una audiencia en la que se procesan hasta 500 personas a la misma vez. Madres, hermanos y c\u00f3nyuges sufren ag\u00f3nicamente la desesperaci\u00f3n de no saber d\u00f3nde est\u00e1 su pariente detenido, esto debido a las reservas con las que se manejan estas detenciones. Algunos de estos hacen vigilia d\u00eda y noche fuera de los centros penales a donde normalmente est\u00e1n siendo llevados los detenidos esperando una noticia o con la esperanza de la liberaci\u00f3n de sus familiares. <span class=\"Apple-converted-space\">\u00a0<\/span><\/p>\n<p class=\"p4\"><span class=\"s1\">En un a\u00f1o, El Salvador se ha convertido en el pa\u00eds con la tasa carcelaria m\u00e1s alta del mundo, un informe de Amnist\u00eda Internacional a un a\u00f1o del R\u00e9gimen, planteaba lo siguiente: \u201c<\/span>Dentro del paquete de reformas legales que acompa\u00f1\u00f3 el lanzamiento del r\u00e9gimen de excepci\u00f3n destacan aquellas realizadas al C\u00f3digo Penal y Procesal Penal que han permitido la utilizaci\u00f3n indiscriminada de la figura de la detenci\u00f3n provisional por parte de los operadores de justicia. Esto no s\u00f3lo ha representado la violaci\u00f3n al derecho a la libertad (ya que este tipo de detenci\u00f3n debe usarse en circunstancias muy limitadas), derecho a ser juzgado o liberado en un tiempo razonable, sino tambi\u00e9n ha provocado un serio problema de hacinamiento en las c\u00e1rceles. Actualmente, El Salvador registra una poblaci\u00f3n carcelaria que supera las 100,00 personas, lo cual lo coloca como el pa\u00eds con la mayor tasa de personas privadas de libertad en el mundo, con m\u00e1s del 1.5% de su poblaci\u00f3n en prisi\u00f3n\u201d.<span class=\"s1\"><span class=\"Apple-converted-space\">\u00a0<\/span><\/span><\/p>\n<p class=\"p2\">Mientras todo esto pasa los grandes medios de comunicaci\u00f3n nacionales e internacionales afines a la pol\u00edtica de Bukele, esconden y maquillan la realidad represiva que hay detr\u00e1s de su pol\u00edtica. Cada vez m\u00e1s se imponen m\u00e1s trabas al periodismo, desde criminalizar los reportajes sobre pandillas, por \u201capolog\u00eda\u201d a las pandillas, hasta persecuci\u00f3n y acoso a los periodistas. En una l\u00f3gica utilizaci\u00f3n de medios estatales para esconder la verdad, para lo que en realidad sirven las instituciones del Estado burgu\u00e9s, el gobierno utiliza todo su aparataje comunicacional para destacar los logros de su pol\u00edtica y esconder todo lo represivo que hay detr\u00e1s de esta.<\/p>\n<p class=\"p2\">Lo que estamos viendo en El Salvador es c\u00f3mo bajo una sociedad enferma se intenta controlar un c\u00e1ncer que ha generado el propio sistema capitalista, puede que los efectos de este c\u00e1ncer sean moment\u00e1neamente controlados con pol\u00edticas represivas como las de Bukele, pero eso no significa que el mal haya desaparecido, lo m\u00e1s probable es que haya una transmutaci\u00f3n de este.<span class=\"Apple-converted-space\">\u00a0<\/span><\/p>\n<p class=\"p2\">El origen de las pandillas se remonta a la condiciones opresivas y miserables a las que fue sometida la sociedad salvadore\u00f1a posterior a la guerra civil, acompa\u00f1ado del saqueo del Estado y los recursos naturales por los diferentes gobiernos de las \u00faltimas d\u00e9cadas. Leyes a favor de la explotaci\u00f3n por parte de empresas nacionales y extranjeras, restricci\u00f3n de derechos fundamentales, explotaci\u00f3n intensa, bajos salarios y condiciones de pobreza extrema solo pod\u00edan generar fen\u00f3menos violentos, como las pandillas, entre la juventud.<span class=\"Apple-converted-space\">\u00a0<\/span><\/p>\n<p class=\"p2\">Durante d\u00e9cadas, generaciones enteras de j\u00f3venes han sido arrojadas cada vez m\u00e1s a condiciones de miseria y explotaci\u00f3n, sin acceso a educaci\u00f3n de calidad b\u00e1sica y superior, oportunidades de empleo, vivienda digna, salud integral y recreaci\u00f3n, etc., el futuro para la juventud salvadore\u00f1a sigue siendo totalmente incierto. Una pol\u00edtica integral, que de verdad pueda acabar con el c\u00e1ncer de la delincuencia, debe tomar en cuenta la erradicaci\u00f3n de toda esta loza opresiva que est\u00e1 sobre las juventudes, sin embargo, en la pol\u00edtica de Bukele no hay ni un atisbo de que esto pueda empezar a desaparecer.<\/p>\n<p class=\"p2\">Como marxistas revolucionarios estamos a favor del combate de la criminalidad y luchamos por acabar con la violencia criminal en todos sus niveles, esto debe quedar claro, no estamos a favor de las pandillas y en numerosas ocasiones hemos escrito sobre este c\u00e1ncer generado por la sociedad capitalista. Y al igual que una buena parte de la poblaci\u00f3n vemos con buenos ojos la reducci\u00f3n de los homicidios -que antes promediaban los 15 diarios- y<span class=\"Apple-converted-space\">\u00a0 <\/span>la reducci\u00f3n de otros hechos delictivos perpetrados por las pandillas.<span class=\"Apple-converted-space\">\u00a0<\/span><\/p>\n<p class=\"p2\">Sin embargo, advertimos que la pol\u00edtica de Bukele conduce a un callej\u00f3n sin salida y no es sostenible en el tiempo, adem\u00e1s que justifica el fortalecimiento de los aparatos represivos que de un momento a otro se volver\u00e1n contra el pueblo trabajador. Como hemos explicado arriba, para poder acabar de ra\u00edz con el c\u00e1ncer de la delincuencia pandilleril debemos partir de las condiciones sobre las cuales esta pudo emerger, y esas condiciones son las de la opresi\u00f3n y explotaci\u00f3n, donde millones de personas son obligadas a vivir en condiciones de miseria y pobreza.<span class=\"Apple-converted-space\">\u00a0<\/span><\/p>\n<p class=\"p2\">Los efectos de la crisis econ\u00f3mica est\u00e1 golpeando duro la econom\u00eda de las familias obreras, la canasta b\u00e1sica urbana ha alcanzado en este abril los $500, mientras miles de obreros siguen ganando apenas los $365 del salario m\u00ednimo. \u00bfQu\u00e9 significa esto? que miles de j\u00f3venes ahora mismo no tienen las condiciones m\u00ednimas de existencia, sus padres tienen que trabajar el doble y consumir cada vez menos lo b\u00e1sico. La tasa de desempleo juvenil sigue superando las dos cifras, el periodo post pand\u00e9mico tambi\u00e9n ha empeorado la deserci\u00f3n escolar que est\u00e1 creciendo abruptamente. Ahora mismo, el gobierno prefiere invertir en un megapenal que en una nueva sede de la universidad nacional, la cual se prometi\u00f3 en campa\u00f1a. En conclusi\u00f3n las condiciones de miseria y exclusi\u00f3n siguen estando intactas bajo el r\u00e9gimen de Bukele. <span class=\"Apple-converted-space\">\u00a0<\/span><\/p>\n<p class=\"p2\">La guerra contra las pandillas est\u00e1 siendo la hoja de parra con la que Bukele, est\u00e1 ocultando su pol\u00edtica capitalista en favor de los grupos olig\u00e1rquicos y con la cual fortalece todo el aparato represivo para evitar posibles revueltas en el futuro. Muchos creen que Bukele ha hecho una revoluci\u00f3n en su forma de gobernar el Estado. Sin embargo, m\u00e1s all\u00e1 del aparente cambio superficial. Lo que Bukele est\u00e1 haciendo es favorecer cada vez m\u00e1s la explotaci\u00f3n de los grandes capitalistas, mantiene los mismos miserables salarios, utiliza los sindicatos para apaciguar y controlar las luchas, abre las puertas a los inversionistas extranjeros que se frotan las manos porque El Salvador posee condiciones seguras para explotaci\u00f3n sin preocuparse de las exigencias de los trabajadores por mejorar sus condiciones laborales.<\/p>\n<p class=\"p2\">Bukele, que ha obtenido resultados positivos tras un pacto con l\u00edderes de las pandillas, a quienes les ha ofrecido mejores condiciones en los penales e incluso la protecci\u00f3n del Estado ante la extradici\u00f3n de criminales reclamados por los EE.UU., se enrolla cada vez en un torbellino de contradicciones que a largo plazo le pasar\u00e1n factura. Este acuerdo con los l\u00edderes de las pandillas no se podr\u00e1 sostener en el tiempo, esto necesita una inversi\u00f3n constante de recursos del Estado y la crisis estatal que posterga cada vez m\u00e1s a trav\u00e9s de la deuda, estallar\u00e1 tarde o temprano. Este escenario es sumamente peligroso para la sociedad salvadore\u00f1a, el c\u00e1ncer de las pandillas no ha sido extirpado, y sin duda mutar\u00e1 en el futuro.<span class=\"Apple-converted-space\">\u00a0<\/span><\/p>\n<p class=\"p2\">La crisis econ\u00f3mica aprieta cada vez m\u00e1s, mientras Bukele no ofrece soluciones al problema de miles de trabajadores. En estas condiciones, la euforia y celebraci\u00f3n de su popularidad por la pol\u00edtica represiva de seguridad caer\u00e1 en cualquier momento, la actitud de la poblaci\u00f3n es de paciencia y expectaci\u00f3n, est\u00e1n a la espera de las soluciones a la pobreza y el desempleo, la cruda realidad es que estos problemas no se pueden resolver en los l\u00edmites del capitalismo, Bukele tendr\u00eda que romper con las grandes familias olig\u00e1rquicas que hoy se benefician de su pol\u00edtica para empezar a solucionar estos problemas. Sin embargo, este no es el camino por el que se conduce este gobierno, por lo cual una respuesta combativa de la clase obrera est\u00e1 por verse en el futuro, \u00a1debemos prepararnos y luchar por una sociedad diferente, una sociedad socialista que acabe de ra\u00edz con todos los males del capitalismo!<span class=\"Apple-converted-space\">\u00a0<\/span><\/p>\n<p>&nbsp;<\/p>\n<p><em>Editorial Militante No. 101, mayo 2023<\/em><\/p>\n","protected":false},"excerpt":{"rendered":"<p>Recientemente se cumpli\u00f3 un a\u00f1o de la imposici\u00f3n del Estado de Excepci\u00f3n en El Salvador o como com\u00fanmente se le conoce R\u00e9gimen de Excepci\u00f3n. El cual fue impuesto por el gobierno como una medida extraordinaria, en la \u201cguerra contra las pandillas\u201d en marzo del 2022. Este fue un giro radical por parte del gobierno, que&#8230;<\/p>\n","protected":false},"author":1,"featured_media":12734,"comment_status":"open","ping_status":"open","sticky":false,"template":"","format":"standard","meta":{"_monsterinsights_skip_tracking":false,"_monsterinsights_sitenote_active":false,"_monsterinsights_sitenote_note":"","_monsterinsights_sitenote_category":0,"_uf_show_specific_survey":0,"_uf_disable_surveys":false,"_jetpack_memberships_contains_paid_content":false,"footnotes":""},"categories":[2,3,537],"tags":[93,127,1957,1962],"class_list":["post-12733","post","type-post","status-publish","format-standard","has-post-thumbnail","hentry","category-nacional","category-politica","category-principales","tag-el-salvador","tag-nayib-bukele","tag-regimen-de-excepcion","tag-victimas"],"aioseo_notices":[],"yoast_head":"<!-- This site is optimized with the Yoast SEO plugin v25.6 - https:\/\/yoast.com\/wordpress\/plugins\/seo\/ -->\n<title>A un a\u00f1o del r\u00e9gimen de excepci\u00f3n, un an\u00e1lisis marxista<\/title>\n<meta name=\"robots\" content=\"index, follow, max-snippet:-1, max-image-preview:large, max-video-preview:-1\" \/>\n<link rel=\"canonical\" href=\"https:\/\/elcomunista.org\/?p=12733\" \/>\n<meta property=\"og:locale\" content=\"es_ES\" \/>\n<meta property=\"og:type\" content=\"article\" \/>\n<meta property=\"og:title\" content=\"A un a\u00f1o del r\u00e9gimen de excepci\u00f3n, un an\u00e1lisis marxista\" \/>\n<meta property=\"og:description\" content=\"Recientemente se cumpli\u00f3 un a\u00f1o de la imposici\u00f3n del Estado de Excepci\u00f3n en El Salvador o como com\u00fanmente se le conoce R\u00e9gimen de Excepci\u00f3n. El cual fue impuesto por el gobierno como una medida extraordinaria, en la \u201cguerra contra las pandillas\u201d en marzo del 2022. Este fue un giro radical por parte del gobierno, que...\" \/>\n<meta property=\"og:url\" content=\"https:\/\/elcomunista.org\/?p=12733\" \/>\n<meta property=\"og:site_name\" content=\"Revoluci\u00f3n Comunista\" \/>\n<meta property=\"article:publisher\" content=\"https:\/\/www.facebook.com\/Bloquepopularjuvenil\" \/>\n<meta property=\"article:published_time\" content=\"2023-05-25T17:10:42+00:00\" \/>\n<meta property=\"article:modified_time\" content=\"2023-05-25T17:12:09+00:00\" \/>\n<meta property=\"og:image\" content=\"https:\/\/elcomunista.org\/wp-content\/uploads\/2023\/05\/8014421585001w.jpeg\" \/>\n\t<meta property=\"og:image:width\" content=\"1920\" \/>\n\t<meta property=\"og:image:height\" content=\"1280\" \/>\n\t<meta property=\"og:image:type\" content=\"image\/jpeg\" \/>\n<meta name=\"author\" content=\"Bloque Popular Juvenil\" \/>\n<meta name=\"twitter:card\" content=\"summary_large_image\" \/>\n<meta name=\"twitter:creator\" content=\"@ElBPJ\" \/>\n<meta name=\"twitter:site\" content=\"@ElBPJ\" \/>\n<meta name=\"twitter:label1\" content=\"Escrito por\" \/>\n\t<meta name=\"twitter:data1\" content=\"Bloque Popular Juvenil\" \/>\n\t<meta name=\"twitter:label2\" content=\"Tiempo de lectura\" \/>\n\t<meta name=\"twitter:data2\" content=\"8 minutos\" \/>\n<script type=\"application\/ld+json\" class=\"yoast-schema-graph\">{\"@context\":\"https:\/\/schema.org\",\"@graph\":[{\"@type\":\"Article\",\"@id\":\"https:\/\/elcomunista.org\/?p=12733#article\",\"isPartOf\":{\"@id\":\"https:\/\/elcomunista.org\/?p=12733\"},\"author\":{\"name\":\"Bloque Popular Juvenil\",\"@id\":\"https:\/\/elcomunista.org\/#\/schema\/person\/d55d5350d790a4464cbc0e898065567d\"},\"headline\":\"A un a\u00f1o del r\u00e9gimen de excepci\u00f3n, un an\u00e1lisis marxista\",\"datePublished\":\"2023-05-25T17:10:42+00:00\",\"dateModified\":\"2023-05-25T17:12:09+00:00\",\"mainEntityOfPage\":{\"@id\":\"https:\/\/elcomunista.org\/?p=12733\"},\"wordCount\":1885,\"commentCount\":0,\"publisher\":{\"@id\":\"https:\/\/elcomunista.org\/#organization\"},\"image\":{\"@id\":\"https:\/\/elcomunista.org\/?p=12733#primaryimage\"},\"thumbnailUrl\":\"https:\/\/elcomunista.org\/wp-content\/uploads\/2023\/05\/8014421585001w.jpeg\",\"keywords\":[\"El Salvador\",\"Nayib Bukele\",\"R\u00e9gimen de Excepci\u00f3n\",\"Victimas\"],\"articleSection\":[\"Nacional\",\"Pol\u00edtica\",\"Principales\"],\"inLanguage\":\"es\",\"potentialAction\":[{\"@type\":\"CommentAction\",\"name\":\"Comment\",\"target\":[\"https:\/\/elcomunista.org\/?p=12733#respond\"]}]},{\"@type\":\"WebPage\",\"@id\":\"https:\/\/elcomunista.org\/?p=12733\",\"url\":\"https:\/\/elcomunista.org\/?p=12733\",\"name\":\"A un a\u00f1o del r\u00e9gimen de excepci\u00f3n, un an\u00e1lisis marxista\",\"isPartOf\":{\"@id\":\"https:\/\/elcomunista.org\/#website\"},\"primaryImageOfPage\":{\"@id\":\"https:\/\/elcomunista.org\/?p=12733#primaryimage\"},\"image\":{\"@id\":\"https:\/\/elcomunista.org\/?p=12733#primaryimage\"},\"thumbnailUrl\":\"https:\/\/elcomunista.org\/wp-content\/uploads\/2023\/05\/8014421585001w.jpeg\",\"datePublished\":\"2023-05-25T17:10:42+00:00\",\"dateModified\":\"2023-05-25T17:12:09+00:00\",\"breadcrumb\":{\"@id\":\"https:\/\/elcomunista.org\/?p=12733#breadcrumb\"},\"inLanguage\":\"es\",\"potentialAction\":[{\"@type\":\"ReadAction\",\"target\":[\"https:\/\/elcomunista.org\/?p=12733\"]}]},{\"@type\":\"ImageObject\",\"inLanguage\":\"es\",\"@id\":\"https:\/\/elcomunista.org\/?p=12733#primaryimage\",\"url\":\"https:\/\/elcomunista.org\/wp-content\/uploads\/2023\/05\/8014421585001w.jpeg\",\"contentUrl\":\"https:\/\/elcomunista.org\/wp-content\/uploads\/2023\/05\/8014421585001w.jpeg\",\"width\":1920,\"height\":1280},{\"@type\":\"BreadcrumbList\",\"@id\":\"https:\/\/elcomunista.org\/?p=12733#breadcrumb\",\"itemListElement\":[{\"@type\":\"ListItem\",\"position\":1,\"name\":\"Portada\",\"item\":\"https:\/\/elcomunista.org\/\"},{\"@type\":\"ListItem\",\"position\":2,\"name\":\"A un a\u00f1o del r\u00e9gimen de excepci\u00f3n, un an\u00e1lisis marxista\"}]},{\"@type\":\"WebSite\",\"@id\":\"https:\/\/elcomunista.org\/#website\",\"url\":\"https:\/\/elcomunista.org\/\",\"name\":\"Revoluci\u00f3n Comunista\",\"description\":\"Internacional Comunista Revolucionaria\",\"publisher\":{\"@id\":\"https:\/\/elcomunista.org\/#organization\"},\"potentialAction\":[{\"@type\":\"SearchAction\",\"target\":{\"@type\":\"EntryPoint\",\"urlTemplate\":\"https:\/\/elcomunista.org\/?s={search_term_string}\"},\"query-input\":{\"@type\":\"PropertyValueSpecification\",\"valueRequired\":true,\"valueName\":\"search_term_string\"}}],\"inLanguage\":\"es\"},{\"@type\":\"Organization\",\"@id\":\"https:\/\/elcomunista.org\/#organization\",\"name\":\"Bloque Popular Juvenil\",\"url\":\"https:\/\/elcomunista.org\/\",\"logo\":{\"@type\":\"ImageObject\",\"inLanguage\":\"es\",\"@id\":\"https:\/\/elcomunista.org\/#\/schema\/logo\/image\/\",\"url\":\"https:\/\/bloquepopularjuvenil.org\/wp-content\/uploads\/2018\/11\/bpj-militante.jpg\",\"contentUrl\":\"https:\/\/bloquepopularjuvenil.org\/wp-content\/uploads\/2018\/11\/bpj-militante.jpg\",\"width\":4000,\"height\":1390,\"caption\":\"Bloque Popular Juvenil\"},\"image\":{\"@id\":\"https:\/\/elcomunista.org\/#\/schema\/logo\/image\/\"},\"sameAs\":[\"https:\/\/www.facebook.com\/Bloquepopularjuvenil\",\"https:\/\/x.com\/ElBPJ\",\"https:\/\/www.instagram.com\/elbloque_bpj\/?hl=es-la\"]},{\"@type\":\"Person\",\"@id\":\"https:\/\/elcomunista.org\/#\/schema\/person\/d55d5350d790a4464cbc0e898065567d\",\"name\":\"Bloque Popular Juvenil\",\"image\":{\"@type\":\"ImageObject\",\"inLanguage\":\"es\",\"@id\":\"https:\/\/elcomunista.org\/#\/schema\/person\/image\/\",\"url\":\"https:\/\/secure.gravatar.com\/avatar\/85d12dca789bb6379dc38a198e1576cd?s=96&d=mm&r=g\",\"contentUrl\":\"https:\/\/secure.gravatar.com\/avatar\/85d12dca789bb6379dc38a198e1576cd?s=96&d=mm&r=g\",\"caption\":\"Bloque Popular Juvenil\"},\"url\":\"https:\/\/elcomunista.org\/?author=1\"}]}<\/script>\n<!-- \/ Yoast SEO plugin. -->","yoast_head_json":{"title":"A un a\u00f1o del r\u00e9gimen de excepci\u00f3n, un an\u00e1lisis marxista","robots":{"index":"index","follow":"follow","max-snippet":"max-snippet:-1","max-image-preview":"max-image-preview:large","max-video-preview":"max-video-preview:-1"},"canonical":"https:\/\/elcomunista.org\/?p=12733","og_locale":"es_ES","og_type":"article","og_title":"A un a\u00f1o del r\u00e9gimen de excepci\u00f3n, un an\u00e1lisis marxista","og_description":"Recientemente se cumpli\u00f3 un a\u00f1o de la imposici\u00f3n del Estado de Excepci\u00f3n en El Salvador o como com\u00fanmente se le conoce R\u00e9gimen de Excepci\u00f3n. El cual fue impuesto por el gobierno como una medida extraordinaria, en la \u201cguerra contra las pandillas\u201d en marzo del 2022. Este fue un giro radical por parte del gobierno, que...","og_url":"https:\/\/elcomunista.org\/?p=12733","og_site_name":"Revoluci\u00f3n Comunista","article_publisher":"https:\/\/www.facebook.com\/Bloquepopularjuvenil","article_published_time":"2023-05-25T17:10:42+00:00","article_modified_time":"2023-05-25T17:12:09+00:00","og_image":[{"width":1920,"height":1280,"url":"https:\/\/elcomunista.org\/wp-content\/uploads\/2023\/05\/8014421585001w.jpeg","type":"image\/jpeg"}],"author":"Bloque Popular Juvenil","twitter_card":"summary_large_image","twitter_creator":"@ElBPJ","twitter_site":"@ElBPJ","twitter_misc":{"Escrito por":"Bloque Popular Juvenil","Tiempo de lectura":"8 minutos"},"schema":{"@context":"https:\/\/schema.org","@graph":[{"@type":"Article","@id":"https:\/\/elcomunista.org\/?p=12733#article","isPartOf":{"@id":"https:\/\/elcomunista.org\/?p=12733"},"author":{"name":"Bloque Popular Juvenil","@id":"https:\/\/elcomunista.org\/#\/schema\/person\/d55d5350d790a4464cbc0e898065567d"},"headline":"A un a\u00f1o del r\u00e9gimen de excepci\u00f3n, un an\u00e1lisis marxista","datePublished":"2023-05-25T17:10:42+00:00","dateModified":"2023-05-25T17:12:09+00:00","mainEntityOfPage":{"@id":"https:\/\/elcomunista.org\/?p=12733"},"wordCount":1885,"commentCount":0,"publisher":{"@id":"https:\/\/elcomunista.org\/#organization"},"image":{"@id":"https:\/\/elcomunista.org\/?p=12733#primaryimage"},"thumbnailUrl":"https:\/\/elcomunista.org\/wp-content\/uploads\/2023\/05\/8014421585001w.jpeg","keywords":["El Salvador","Nayib Bukele","R\u00e9gimen de Excepci\u00f3n","Victimas"],"articleSection":["Nacional","Pol\u00edtica","Principales"],"inLanguage":"es","potentialAction":[{"@type":"CommentAction","name":"Comment","target":["https:\/\/elcomunista.org\/?p=12733#respond"]}]},{"@type":"WebPage","@id":"https:\/\/elcomunista.org\/?p=12733","url":"https:\/\/elcomunista.org\/?p=12733","name":"A un a\u00f1o del r\u00e9gimen de excepci\u00f3n, un an\u00e1lisis marxista","isPartOf":{"@id":"https:\/\/elcomunista.org\/#website"},"primaryImageOfPage":{"@id":"https:\/\/elcomunista.org\/?p=12733#primaryimage"},"image":{"@id":"https:\/\/elcomunista.org\/?p=12733#primaryimage"},"thumbnailUrl":"https:\/\/elcomunista.org\/wp-content\/uploads\/2023\/05\/8014421585001w.jpeg","datePublished":"2023-05-25T17:10:42+00:00","dateModified":"2023-05-25T17:12:09+00:00","breadcrumb":{"@id":"https:\/\/elcomunista.org\/?p=12733#breadcrumb"},"inLanguage":"es","potentialAction":[{"@type":"ReadAction","target":["https:\/\/elcomunista.org\/?p=12733"]}]},{"@type":"ImageObject","inLanguage":"es","@id":"https:\/\/elcomunista.org\/?p=12733#primaryimage","url":"https:\/\/elcomunista.org\/wp-content\/uploads\/2023\/05\/8014421585001w.jpeg","contentUrl":"https:\/\/elcomunista.org\/wp-content\/uploads\/2023\/05\/8014421585001w.jpeg","width":1920,"height":1280},{"@type":"BreadcrumbList","@id":"https:\/\/elcomunista.org\/?p=12733#breadcrumb","itemListElement":[{"@type":"ListItem","position":1,"name":"Portada","item":"https:\/\/elcomunista.org\/"},{"@type":"ListItem","position":2,"name":"A un a\u00f1o del r\u00e9gimen de excepci\u00f3n, un an\u00e1lisis marxista"}]},{"@type":"WebSite","@id":"https:\/\/elcomunista.org\/#website","url":"https:\/\/elcomunista.org\/","name":"Revoluci\u00f3n Comunista","description":"Internacional Comunista Revolucionaria","publisher":{"@id":"https:\/\/elcomunista.org\/#organization"},"potentialAction":[{"@type":"SearchAction","target":{"@type":"EntryPoint","urlTemplate":"https:\/\/elcomunista.org\/?s={search_term_string}"},"query-input":{"@type":"PropertyValueSpecification","valueRequired":true,"valueName":"search_term_string"}}],"inLanguage":"es"},{"@type":"Organization","@id":"https:\/\/elcomunista.org\/#organization","name":"Bloque Popular Juvenil","url":"https:\/\/elcomunista.org\/","logo":{"@type":"ImageObject","inLanguage":"es","@id":"https:\/\/elcomunista.org\/#\/schema\/logo\/image\/","url":"https:\/\/bloquepopularjuvenil.org\/wp-content\/uploads\/2018\/11\/bpj-militante.jpg","contentUrl":"https:\/\/bloquepopularjuvenil.org\/wp-content\/uploads\/2018\/11\/bpj-militante.jpg","width":4000,"height":1390,"caption":"Bloque Popular Juvenil"},"image":{"@id":"https:\/\/elcomunista.org\/#\/schema\/logo\/image\/"},"sameAs":["https:\/\/www.facebook.com\/Bloquepopularjuvenil","https:\/\/x.com\/ElBPJ","https:\/\/www.instagram.com\/elbloque_bpj\/?hl=es-la"]},{"@type":"Person","@id":"https:\/\/elcomunista.org\/#\/schema\/person\/d55d5350d790a4464cbc0e898065567d","name":"Bloque Popular Juvenil","image":{"@type":"ImageObject","inLanguage":"es","@id":"https:\/\/elcomunista.org\/#\/schema\/person\/image\/","url":"https:\/\/secure.gravatar.com\/avatar\/85d12dca789bb6379dc38a198e1576cd?s=96&d=mm&r=g","contentUrl":"https:\/\/secure.gravatar.com\/avatar\/85d12dca789bb6379dc38a198e1576cd?s=96&d=mm&r=g","caption":"Bloque Popular Juvenil"},"url":"https:\/\/elcomunista.org\/?author=1"}]}},"jetpack_featured_media_url":"https:\/\/elcomunista.org\/wp-content\/uploads\/2023\/05\/8014421585001w.jpeg","jetpack_likes_enabled":true,"jetpack_sharing_enabled":true,"_links":{"self":[{"href":"https:\/\/elcomunista.org\/index.php?rest_route=\/wp\/v2\/posts\/12733"}],"collection":[{"href":"https:\/\/elcomunista.org\/index.php?rest_route=\/wp\/v2\/posts"}],"about":[{"href":"https:\/\/elcomunista.org\/index.php?rest_route=\/wp\/v2\/types\/post"}],"author":[{"embeddable":true,"href":"https:\/\/elcomunista.org\/index.php?rest_route=\/wp\/v2\/users\/1"}],"replies":[{"embeddable":true,"href":"https:\/\/elcomunista.org\/index.php?rest_route=%2Fwp%2Fv2%2Fcomments&post=12733"}],"version-history":[{"count":0,"href":"https:\/\/elcomunista.org\/index.php?rest_route=\/wp\/v2\/posts\/12733\/revisions"}],"wp:featuredmedia":[{"embeddable":true,"href":"https:\/\/elcomunista.org\/index.php?rest_route=\/wp\/v2\/media\/12734"}],"wp:attachment":[{"href":"https:\/\/elcomunista.org\/index.php?rest_route=%2Fwp%2Fv2%2Fmedia&parent=12733"}],"wp:term":[{"taxonomy":"category","embeddable":true,"href":"https:\/\/elcomunista.org\/index.php?rest_route=%2Fwp%2Fv2%2Fcategories&post=12733"},{"taxonomy":"post_tag","embeddable":true,"href":"https:\/\/elcomunista.org\/index.php?rest_route=%2Fwp%2Fv2%2Ftags&post=12733"}],"curies":[{"name":"wp","href":"https:\/\/api.w.org\/{rel}","templated":true}]}}