{"id":12947,"date":"2023-10-11T14:55:54","date_gmt":"2023-10-11T20:55:54","guid":{"rendered":"http:\/\/bloquepopularjuvenil.org\/?p=12947"},"modified":"2023-10-19T14:16:08","modified_gmt":"2023-10-19T20:16:08","slug":"el-salvador-y-la-salud-mental","status":"publish","type":"post","link":"https:\/\/elcomunista.org\/?p=12947","title":{"rendered":"El Salvador y la salud mental"},"content":{"rendered":"<p><b>V\u00edt \u0158ezn\u00ed\u010dek<\/b><\/p>\n<hr \/>\n<p><span style=\"font-weight: 400;\">\u00bfQui\u00e9n de los que usamos redes sociales no ha compartido memes acerca de la salud mental con sus amistades? El autor de este art\u00edculo confiesa que lo ha hecho muchas veces.<\/span><\/p>\n<p><img loading=\"lazy\" decoding=\"async\" class=\"size-medium wp-image-12948 aligncenter\" src=\"http:\/\/bloquepopularjuvenil.org\/wp-content\/uploads\/2023\/10\/unnamed-300x300.jpg\" alt=\"\" width=\"300\" height=\"300\" srcset=\"https:\/\/elcomunista.org\/wp-content\/uploads\/2023\/10\/unnamed-300x300.jpg 300w, https:\/\/elcomunista.org\/wp-content\/uploads\/2023\/10\/unnamed-100x100.jpg 100w, https:\/\/elcomunista.org\/wp-content\/uploads\/2023\/10\/unnamed-200x200.jpg 200w, https:\/\/elcomunista.org\/wp-content\/uploads\/2023\/10\/unnamed.jpg 512w\" sizes=\"(max-width: 300px) 100vw, 300px\" \/><\/p>\n<p><span style=\"font-weight: 400;\">La presencia de tanta \u201cdiversi\u00f3n\u201d sobre el tema deber\u00eda alertarnos de que se trata de un problema grave. Es precisamente la falta de pol\u00edticas p\u00fablicas\u00a0 de atenci\u00f3n psicol\u00f3gica y psiqui\u00e1trica de calidad, libre y gratuita en nuestro pa\u00eds que hace que para muchas\/os el poder re\u00edrse un rato sobre su padecimiento es la \u00fanica manera de ver su malestar desde otra perspectiva. Pero hablar con amistades en vez de ir a terapia o compartir memes en lugar de recibir medicaci\u00f3n adecuada, no soluciona los problemas a los que nos enfrentamos.\u00a0\u00a0<\/span><\/p>\n<p><span style=\"font-weight: 400;\">Reci\u00e9n finalizamos el mes de septiembre. El d\u00eda 21 de ese mes muchas chicas y chicos recibieron flores amarillas que se han vuelto el nuevo trend de inicio de primavera en el hemisferio sur y que representan el amor y la paz que han de reinar entre nosotras\/os. Cada a\u00f1o la Organizaci\u00f3n Mundial de Salud organiza la campa\u00f1a \u201cSeptiembre Amarillo\u201d que est\u00e1 vinculada al Mes, Semana y D\u00eda Mundial para la Prevenci\u00f3n del Suicidio. El 10 de octubre de cada a\u00f1o es el D\u00eda Mundial de la Salud Mental. Suficientes indicios como para que nos detengamos un momento y nos preguntemos: \u00bfQu\u00e9 hay de nuestra paz mental? \u00bfSe puede vivir en paz con las y los dem\u00e1s si no tenemos salud mental? Y m\u00e1s a\u00fan: \u00bfSe puede tener paz mental en la sociedad capitalista opresiva? \u00bfTenemos derecho a la salud p\u00fablica de calidad, libre y gratuita bajo este sistema?\u00a0<\/span><\/p>\n<p><span style=\"color: #800000;\"><b>Padecimientos mentales<\/b><\/span><\/p>\n<p><span style=\"font-weight: 400;\">Cuando hablamos de enfermedad mental en nuestra sociedad nos encontramos con una cantidad de mitos y estereotipos. De los m\u00e1s comunes podemos mencionar apenas algunos:<\/span><\/p>\n<ul>\n<li style=\"font-weight: 400;\" aria-level=\"1\"><span style=\"font-weight: 400;\">que las personas con padecimiento mental son peligrosas<\/span><\/li>\n<li style=\"font-weight: 400;\" aria-level=\"1\"><span style=\"font-weight: 400;\">la enfermedad mental es irreversible<\/span><\/li>\n<li style=\"font-weight: 400;\" aria-level=\"1\"><span style=\"font-weight: 400;\">las enfermedades mentales son poco frecuentes<\/span><\/li>\n<\/ul>\n<p><span style=\"font-weight: 400;\">En realidad, las personas con padecimientos mentales no son m\u00e1s peligrosas que el resto de la poblaci\u00f3n y los problemas mentales son m\u00e1s comunes de lo que creemos. Seg\u00fan la OMS, una de cada cuatro personas que vive en grandes ciudades necesitar\u00e1 ayuda psicol\u00f3gica en alg\u00fan momento de su vida. Si es verdad que el padecimiento mental puede afectar la vida de una persona parcial y transitoriamente, la recuperaci\u00f3n tambi\u00e9n es posible gracias a los cuidados y tratamientos comunitarios adecuados. Por desgracia, la red de atenci\u00f3n psiqui\u00e1trica y psicol\u00f3gica en El Salvador es muy pobre. Seg\u00fan los \u00faltimos n\u00fameros del inicio de 2023, el Instituto Salvadore\u00f1o del Seguro Social (ISSS) dispon\u00eda de 55 psiquiatras y 50 psic\u00f3logos activos a nivel nacional, mientras que el Ministerio de Salud ten\u00eda en 2018 un total de 147 psic\u00f3logos y 32 psiquiatras para atender las necesidades de nuestras comunidades en el \u00e1rea de salud mental.\u00a0<\/span><\/p>\n<p><span style=\"font-weight: 400;\">\u00bfQu\u00e9 hacer cuando la red de atenci\u00f3n p\u00fablica es tan peque\u00f1a? Tambi\u00e9n soy usuario del ISSS y las citas con mi psic\u00f3loga las recibo cada dos meses y medio. \u00bfAcaso eso es suficiente? Las mismas doctoras que me atienden confiesan que la demanda de sus servicios supera por mucho la capacidad de ellas y de sus colegas. La falta de atenci\u00f3n se deja ver en los n\u00fameros disponibles que muestran claramente que una gran parte de la poblaci\u00f3n, 22% de las y los adolescentes sufren de depresi\u00f3n, ansiedad o estr\u00e9s postraum\u00e1tico. Problemas que no est\u00e1n siendo atendidos por la poca accesibilidad a la salud p\u00fablica.\u00a0<\/span><\/p>\n<p><span style=\"font-weight: 400;\">Seg\u00fan las estad\u00edsticas, las afectadas por problemas psicol\u00f3gicos son siempre en mayor n\u00famero las mujeres. El g\u00e9nero juega un papel importante en la forma de diagnosticar y tratar los problemas psicol\u00f3gicos. Somos los hombres quienes buscamos menos ayuda y no mostramos tanto los s\u00edntomas de depresi\u00f3n. Por eso el diagn\u00f3stico se puede dar con m\u00e1s frecuencia y facilidad en mujeres, pero la dificultad de diagnosticar y hablar sobre la salud mental en hombres reside en gran parte en la cantidad de prejuicios machistas arraigados en la sociedad capitalista. El ideal capitalista que se nutre de una visi\u00f3n jer\u00e1rquica en la que tenemos que ser siempre competitivos, productivos, individualistas y ganadores se muestra insostenible a largo plazo para muchas\/os. Las mismas exigencias recaen sobre los hombros de las mujeres de las que tambi\u00e9n se espera que est\u00e9n disponibles para atender las necesidades emocionales y de cuidado de sus hijas\/os y de sus parejas masculinas.\u00a0<\/span><\/p>\n<p><span style=\"font-weight: 400;\">A finales de septiembre algunos medios alertaron sobre las estad\u00edsticas de suicidios en el pa\u00eds. Una cifra preocupante de 2,118 personas entre 2018 y junio de 2022. Es decir 9 suicidios cada semana. El 2 de octubre de 2023, amanecimos con la triste noticia de la p\u00e9rdida f\u00edsica de un estudiante de la Licenciatura en Periodismo de la Universidad de El Salvador. De la misma manera hacen su aparici\u00f3n otras noticias sobre personas que toman la decisi\u00f3n de terminar con su vida. El 81% de ellas son hombres. A pesar de que existen algunos esfuerzos para ayudar a mejorar la salud mental de las personas de manera individual, entre todas\/os debemos organizarnos por la transformaci\u00f3n revolucionaria de la personalidad y las mejores maneras de c\u00f3mo lograrla. Sin un proyecto pol\u00edtico y colectivo ser\u00e1 complicado. Pero en medio de una epidemia de soledad, \u00bfqu\u00e9 mejor forma de enfrentarla que organiz\u00e1ndonos como j\u00f3venes y como clase trabajadora? El hecho de organizarse por una causa com\u00fan es importante para que el movimiento tenga la fuerza suficiente para lograr sus objetivos pol\u00edticos. De ning\u00fan modo significa una mejora para nuestra salud mental, no puede ni debe sustituir el tratamiento m\u00e9dico. Pero puede tener incluso ese efecto positivo en nuestra salud mental al vernos involucrados en un proceso de trabajo significativo.\u00a0<\/span><\/p>\n<p><span style=\"color: #800000;\"><b>\u00bfQu\u00e9 nos est\u00e1 pasando?<\/b><\/span><\/p>\n<p><span style=\"font-weight: 400;\">En primer lugar debemos insistir en que los padecimientos mentales se deben a una variedad de causas que pueden ser personales, socioecon\u00f3micas, biol\u00f3gicas o de otra \u00edndole. Pero es innegable que en los \u00faltimos a\u00f1os se ha extendido cierto malestar entre la poblaci\u00f3n y la juventud que sufre en carne propia la decadencia del modo de producci\u00f3n capitalista caducado que se niega a morir. Mientras agoniza est\u00e1 ahogando a toda una generaci\u00f3n de j\u00f3venes sumergida en un \u201crealismo capitalista\u201d en el que no hay alternativas. Un modo enfermizo de vida que queda perfectamente descrito en la pel\u00edcula argentina \u201cHombre mirando al sudeste\u201d de 1986 en la que un extraterrestre, Rantes, aparece en un manicomio para ser uno de los pacientes y para poder estudiar a nuestra sociedad moderna. \u00bfSu evaluaci\u00f3n? Para nada alentadora:<\/span><\/p>\n<p>&nbsp;<\/p>\n<p><i><span style=\"font-weight: 400;\">Si alguien sufre, lo consuelo. Alguien me pide ayuda, se la doy. \u00bfPor qu\u00e9 entonces usted cree que estoy loco? Si alguien me mira, lo miro. Alguien me habla, lo escucho. Ustedes se han ido volviendo locos de a poco por no reconocer estos est\u00edmulos. Simplemente por haber ido ignor\u00e1ndolos. Alguien muere, y ustedes lo dejan morir. Alguien pide ayuda, y ustedes miran para otro lado. Alguien tiene hambre y ustedes dilapidan lo que tienen. Alguien se muere de tristeza, y ustedes lo encierran para no verlo. Alguien que sistem\u00e1ticamente adopta estas conductas, que camina entre las v\u00edctimas como si no estuvieran, podr\u00e1 vestirse bien, podr\u00e1 pagar sus impuestos, ir a misa, pero no me va a negar que est\u00e9 enfermo. Su realidad es espantosa, doctor. \u00bfPor qu\u00e9 no dejan de una buena vez la hipocres\u00eda y buscan la locura de este lado, y dejan de perseguir a los tristes, a los pobres de esp\u00edritu, a los que no compran porque no quieren, o porque no pueden, toda esta mierda que usted me vender\u00eda de muy buena gana? Si pudiera, claro.<\/span><\/i><\/p>\n<p><span style=\"font-weight: 400;\">Al ver la espantosa realidad para muchas\/os la lucha por escapar de la decadencia del sistema se ha convertido en una huida espiritual hacia sus adentros. Basta con ver la popularidad de los libros de autoayuda, de pr\u00e1cticas de meditaci\u00f3n, de ir a terapia si tenemos los recursos o de todo tipo de ejercicios de relajaci\u00f3n. Todo eso puede tener su utilidad pero tambi\u00e9n tiene sus implicaciones socioecon\u00f3micas, es decir, cuesta tiempo y dinero que la clase trabajadora necesita para cubrir el gasto de canasta b\u00e1sica que no deja de ir en aumento. Entonces, \u00bfcu\u00e1ntos de nuestras\/os lectores pueden acceder a servicios psicol\u00f3gicos privados, comprar libros o participar en cursos de meditaci\u00f3n? La salud mental no puede ser un negocio.\u00a0<\/span><\/p>\n<p><span style=\"font-weight: 400;\">Necesitamos un sistema de salud p\u00fablica que garantice nuestro derecho a la salud. El sistema de seguridad social es una conquista de los trabajadores, porque supera las limitaciones sociales de una medicina privada en la que s\u00f3lo ten\u00eda derecho a asistencia quien ten\u00eda dinero. Pero en la medida en que no est\u00e1 bajo control de los trabajadores, sino que su gesti\u00f3n est\u00e1 en manos de elementos que la utilizan en beneficio de los \u201cclanes privados de la medicina\u201d, se convierte en una estafa permanente para las familias obreras.<\/span><\/p>\n<p><span style=\"font-weight: 400;\">Tambi\u00e9n hay que combatir la idea de que los padecimientos mentales son, nada m\u00e1s, el producto de nuestras mentes y no tienen nada que ver con el entorno en el que vivimos. Por muchos antidepresivos que tomemos, el sentimiento de \u201cenajenaci\u00f3n\u201d o de \u201calienaci\u00f3n\u201d que muchas\/os experimentamos no desaparecer\u00e1. Marx utiliza esos t\u00e9rminos para referirse principalmente a la separaci\u00f3n de la masa despose\u00edda de los trabajadores asalariados de los productos de su propio trabajo. No era un sentimiento ni una condici\u00f3n mental, sino una condici\u00f3n econ\u00f3mica y social de la sociedad de clases &#8211; en particular, de la sociedad capitalista.<\/span><\/p>\n<p><span style=\"font-weight: 400;\">\u00bfEstamos despose\u00eddos? S\u00ed. Sin vivienda, sin educaci\u00f3n, sin salud, sin medio ambiente, sin siquiera oportunidades laborales. Todo se siente ajeno y como si nos fuera arrebatado. La explotaci\u00f3n no se detiene. \u00bfCu\u00e1l es la salida de \u00e9sta situaci\u00f3n? \u00bfCu\u00e1l es la forma de liberaci\u00f3n? Marx y Engels nos responden:<\/span><\/p>\n<p><i><span style=\"font-weight: 400;\">\u201cLa \u00abliberaci\u00f3n\u00bb es un acto hist\u00f3rico y no mental, y conducir\u00e1n a ella las relaciones hist\u00f3ricas\u2026 de lo que se trata en realidad y para el materialista pr\u00e1ctico, es decir, para el comunista, es de revolucionar el mundo existente, de atacar pr\u00e1cticamente y de hacer cambiar las cosas con que nos encontramos\u201d.\u00a0\u00a0<\/span><\/i><\/p>\n<p><span style=\"font-weight: 400;\">Las y los comunistas nos organizamos para poder transformar la realidad de la esclavitud asalariada aunque esa a primera vista parezca inmutable y dif\u00edcil de cambiar.\u00a0<\/span><\/p>\n<p><span style=\"color: #800000;\"><b>Una nueva sociedad\u00a0<\/b><\/span><\/p>\n<p><span style=\"font-weight: 400;\">Las y los j\u00f3venes est\u00e1n despertando y est\u00e1n buscando una alternativa. Cada semana lo comprobamos viendo las respuestas que recibimos como parte de la campa\u00f1a \u201c\u00bfEres comunista?\u201d. La juventud se pregunta de nuevo sobre c\u00f3mo ser\u00e1 la sociedad comunista y est\u00e1 recuperando el sentido de la historia, del desarrollo y de la transformaci\u00f3n que han de ordenar nuestra visi\u00f3n del futuro para la humanidad. En el contexto de la discusi\u00f3n de la \u201cenajenaci\u00f3n\u201d, aparece aquella famosa cita de Marx y Engels sobre el estilo de vida en una sociedad comunista:\u00a0<\/span><\/p>\n<p><i><span style=\"font-weight: 400;\">\u201c&#8230;en la sociedad comunista, donde cada individuo no tiene acotado un c\u00edrculo exclusivo de actividades, sino que puede desarrollar sus aptitudes en la rama que mejor le parezca, la sociedad se encarga de regular la producci\u00f3n general, con lo que hace cabalmente posible que yo pueda dedicarme hoy a esto y ma\u00f1ana a aquello, que pueda por la ma\u00f1ana cazar, por la tarde pescar y por la noche apacentar el ganado, y despu\u00e9s de comer, si me place, dedicarme a criticar, sin necesidad de ser exclusivamente cazador, pescador, pastor o cr\u00edtico, seg\u00fan los casos\u201d.<\/span><\/i><\/p>\n<p><span style=\"font-weight: 400;\">No se trata de que si realmente tendremos o no la capacidad de cambiar de profesi\u00f3n tres veces al d\u00eda en la sociedad comunista. La descripci\u00f3n de Marx y Engels nos muestra la posibilidad de organizar una sociedad m\u00e1s sana en la que las personas estar\u00e1n desarroll\u00e1ndose seg\u00fan sus propias capacidades, intereses y necesidades en vez de las necesidades impuestas por el capital. Recuperar la salud destruida por las condiciones de trabajo, tener acceso a la vivienda m\u00e1s apropiada en un ambiente protegido y preservado para las generaciones futuras, vivir en comunidades que compartir\u00e1 sus recursos, estudiar sin tener que sacrificar los sue\u00f1os por consideraciones pragm\u00e1ticas. Eso es lo que queremos, por lo que nos organizamos y por lo que luchamos.<\/span><\/p>\n<p><span style=\"font-weight: 400;\">Si crees que necesitamos una salud p\u00fablica con atenci\u00f3n de calidad disponible para mayor n\u00famero de personas posible, si crees que es posible cambiarla radicalmente, aprovechar los recursos m\u00e9dicos en beneficio de las mayor\u00edas en vez de unos cuantos, entonces pensemos juntas\/os en c\u00f3mo organizar toda nuestra sociedad mejor de forma colectiva y planificada.<\/span><\/p>\n<p>&nbsp;<\/p>\n<p><span style=\"font-weight: 400; color: #800000;\">\u00a1Organ\u00edzate por la revoluci\u00f3n!<\/span><\/p>\n","protected":false},"excerpt":{"rendered":"<p>V\u00edt \u0158ezn\u00ed\u010dek \u00bfQui\u00e9n de los que usamos redes sociales no ha compartido memes acerca de la salud mental con sus amistades? El autor de este art\u00edculo confiesa que lo ha hecho muchas veces. La presencia de tanta \u201cdiversi\u00f3n\u201d sobre el tema deber\u00eda alertarnos de que se trata de un problema grave. Es precisamente la falta&#8230;<\/p>\n","protected":false},"author":1,"featured_media":12949,"comment_status":"open","ping_status":"open","sticky":false,"template":"","format":"standard","meta":{"_monsterinsights_skip_tracking":false,"_monsterinsights_sitenote_active":false,"_monsterinsights_sitenote_note":"","_monsterinsights_sitenote_category":0,"_uf_show_specific_survey":0,"_uf_disable_surveys":false,"_jetpack_memberships_contains_paid_content":false,"footnotes":""},"categories":[983,6,616,2,537],"tags":[],"class_list":["post-12947","post","type-post","status-publish","format-standard","has-post-thumbnail","hentry","category-bloque-popular-juvenil","category-centroamerica","category-mundo-obrero","category-nacional","category-principales"],"aioseo_notices":[],"yoast_head":"<!-- This site is optimized with the Yoast SEO plugin v25.6 - https:\/\/yoast.com\/wordpress\/plugins\/seo\/ -->\n<title>El Salvador y la salud mental<\/title>\n<meta name=\"robots\" content=\"index, follow, max-snippet:-1, max-image-preview:large, max-video-preview:-1\" \/>\n<link rel=\"canonical\" href=\"https:\/\/elcomunista.org\/?p=12947\" \/>\n<meta property=\"og:locale\" content=\"es_ES\" \/>\n<meta property=\"og:type\" content=\"article\" \/>\n<meta property=\"og:title\" content=\"El Salvador y la salud mental\" \/>\n<meta property=\"og:description\" content=\"V\u00edt \u0158ezn\u00ed\u010dek \u00bfQui\u00e9n de los que usamos redes sociales no ha compartido memes acerca de la salud mental con sus amistades? El autor de este art\u00edculo confiesa que lo ha hecho muchas veces. La presencia de tanta \u201cdiversi\u00f3n\u201d sobre el tema deber\u00eda alertarnos de que se trata de un problema grave. Es precisamente la falta...\" \/>\n<meta property=\"og:url\" content=\"https:\/\/elcomunista.org\/?p=12947\" \/>\n<meta property=\"og:site_name\" content=\"Revoluci\u00f3n Comunista\" \/>\n<meta property=\"article:publisher\" content=\"https:\/\/www.facebook.com\/Bloquepopularjuvenil\" \/>\n<meta property=\"article:published_time\" content=\"2023-10-11T20:55:54+00:00\" \/>\n<meta property=\"article:modified_time\" content=\"2023-10-19T20:16:08+00:00\" \/>\n<meta property=\"og:image\" content=\"https:\/\/elcomunista.org\/wp-content\/uploads\/2023\/10\/1984_george-orwell-rcdt.jpg\" \/>\n\t<meta property=\"og:image:width\" content=\"660\" \/>\n\t<meta property=\"og:image:height\" content=\"330\" \/>\n\t<meta property=\"og:image:type\" content=\"image\/jpeg\" \/>\n<meta name=\"author\" content=\"Bloque Popular Juvenil\" \/>\n<meta name=\"twitter:card\" content=\"summary_large_image\" \/>\n<meta name=\"twitter:creator\" content=\"@ElBPJ\" \/>\n<meta name=\"twitter:site\" content=\"@ElBPJ\" \/>\n<meta name=\"twitter:label1\" content=\"Escrito por\" \/>\n\t<meta name=\"twitter:data1\" content=\"Bloque Popular Juvenil\" \/>\n\t<meta name=\"twitter:label2\" content=\"Tiempo de lectura\" \/>\n\t<meta name=\"twitter:data2\" content=\"10 minutos\" \/>\n<script type=\"application\/ld+json\" class=\"yoast-schema-graph\">{\"@context\":\"https:\/\/schema.org\",\"@graph\":[{\"@type\":\"Article\",\"@id\":\"https:\/\/elcomunista.org\/?p=12947#article\",\"isPartOf\":{\"@id\":\"https:\/\/elcomunista.org\/?p=12947\"},\"author\":{\"name\":\"Bloque Popular Juvenil\",\"@id\":\"https:\/\/elcomunista.org\/#\/schema\/person\/d55d5350d790a4464cbc0e898065567d\"},\"headline\":\"El Salvador y la salud mental\",\"datePublished\":\"2023-10-11T20:55:54+00:00\",\"dateModified\":\"2023-10-19T20:16:08+00:00\",\"mainEntityOfPage\":{\"@id\":\"https:\/\/elcomunista.org\/?p=12947\"},\"wordCount\":2238,\"commentCount\":0,\"publisher\":{\"@id\":\"https:\/\/elcomunista.org\/#organization\"},\"image\":{\"@id\":\"https:\/\/elcomunista.org\/?p=12947#primaryimage\"},\"thumbnailUrl\":\"https:\/\/elcomunista.org\/wp-content\/uploads\/2023\/10\/1984_george-orwell-rcdt.jpg\",\"articleSection\":[\"Bloque Popular Juvenil\",\"Centroam\u00e9rica\",\"Mundo Obrero\",\"Nacional\",\"Principales\"],\"inLanguage\":\"es\",\"potentialAction\":[{\"@type\":\"CommentAction\",\"name\":\"Comment\",\"target\":[\"https:\/\/elcomunista.org\/?p=12947#respond\"]}]},{\"@type\":\"WebPage\",\"@id\":\"https:\/\/elcomunista.org\/?p=12947\",\"url\":\"https:\/\/elcomunista.org\/?p=12947\",\"name\":\"El Salvador y la salud mental\",\"isPartOf\":{\"@id\":\"https:\/\/elcomunista.org\/#website\"},\"primaryImageOfPage\":{\"@id\":\"https:\/\/elcomunista.org\/?p=12947#primaryimage\"},\"image\":{\"@id\":\"https:\/\/elcomunista.org\/?p=12947#primaryimage\"},\"thumbnailUrl\":\"https:\/\/elcomunista.org\/wp-content\/uploads\/2023\/10\/1984_george-orwell-rcdt.jpg\",\"datePublished\":\"2023-10-11T20:55:54+00:00\",\"dateModified\":\"2023-10-19T20:16:08+00:00\",\"breadcrumb\":{\"@id\":\"https:\/\/elcomunista.org\/?p=12947#breadcrumb\"},\"inLanguage\":\"es\",\"potentialAction\":[{\"@type\":\"ReadAction\",\"target\":[\"https:\/\/elcomunista.org\/?p=12947\"]}]},{\"@type\":\"ImageObject\",\"inLanguage\":\"es\",\"@id\":\"https:\/\/elcomunista.org\/?p=12947#primaryimage\",\"url\":\"https:\/\/elcomunista.org\/wp-content\/uploads\/2023\/10\/1984_george-orwell-rcdt.jpg\",\"contentUrl\":\"https:\/\/elcomunista.org\/wp-content\/uploads\/2023\/10\/1984_george-orwell-rcdt.jpg\",\"width\":660,\"height\":330},{\"@type\":\"BreadcrumbList\",\"@id\":\"https:\/\/elcomunista.org\/?p=12947#breadcrumb\",\"itemListElement\":[{\"@type\":\"ListItem\",\"position\":1,\"name\":\"Portada\",\"item\":\"https:\/\/elcomunista.org\/\"},{\"@type\":\"ListItem\",\"position\":2,\"name\":\"El Salvador y la salud mental\"}]},{\"@type\":\"WebSite\",\"@id\":\"https:\/\/elcomunista.org\/#website\",\"url\":\"https:\/\/elcomunista.org\/\",\"name\":\"Revoluci\u00f3n Comunista\",\"description\":\"Internacional Comunista Revolucionaria\",\"publisher\":{\"@id\":\"https:\/\/elcomunista.org\/#organization\"},\"potentialAction\":[{\"@type\":\"SearchAction\",\"target\":{\"@type\":\"EntryPoint\",\"urlTemplate\":\"https:\/\/elcomunista.org\/?s={search_term_string}\"},\"query-input\":{\"@type\":\"PropertyValueSpecification\",\"valueRequired\":true,\"valueName\":\"search_term_string\"}}],\"inLanguage\":\"es\"},{\"@type\":\"Organization\",\"@id\":\"https:\/\/elcomunista.org\/#organization\",\"name\":\"Bloque Popular Juvenil\",\"url\":\"https:\/\/elcomunista.org\/\",\"logo\":{\"@type\":\"ImageObject\",\"inLanguage\":\"es\",\"@id\":\"https:\/\/elcomunista.org\/#\/schema\/logo\/image\/\",\"url\":\"https:\/\/bloquepopularjuvenil.org\/wp-content\/uploads\/2018\/11\/bpj-militante.jpg\",\"contentUrl\":\"https:\/\/bloquepopularjuvenil.org\/wp-content\/uploads\/2018\/11\/bpj-militante.jpg\",\"width\":4000,\"height\":1390,\"caption\":\"Bloque Popular Juvenil\"},\"image\":{\"@id\":\"https:\/\/elcomunista.org\/#\/schema\/logo\/image\/\"},\"sameAs\":[\"https:\/\/www.facebook.com\/Bloquepopularjuvenil\",\"https:\/\/x.com\/ElBPJ\",\"https:\/\/www.instagram.com\/elbloque_bpj\/?hl=es-la\"]},{\"@type\":\"Person\",\"@id\":\"https:\/\/elcomunista.org\/#\/schema\/person\/d55d5350d790a4464cbc0e898065567d\",\"name\":\"Bloque Popular Juvenil\",\"image\":{\"@type\":\"ImageObject\",\"inLanguage\":\"es\",\"@id\":\"https:\/\/elcomunista.org\/#\/schema\/person\/image\/\",\"url\":\"https:\/\/secure.gravatar.com\/avatar\/85d12dca789bb6379dc38a198e1576cd?s=96&d=mm&r=g\",\"contentUrl\":\"https:\/\/secure.gravatar.com\/avatar\/85d12dca789bb6379dc38a198e1576cd?s=96&d=mm&r=g\",\"caption\":\"Bloque Popular Juvenil\"},\"url\":\"https:\/\/elcomunista.org\/?author=1\"}]}<\/script>\n<!-- \/ Yoast SEO plugin. -->","yoast_head_json":{"title":"El Salvador y la salud mental","robots":{"index":"index","follow":"follow","max-snippet":"max-snippet:-1","max-image-preview":"max-image-preview:large","max-video-preview":"max-video-preview:-1"},"canonical":"https:\/\/elcomunista.org\/?p=12947","og_locale":"es_ES","og_type":"article","og_title":"El Salvador y la salud mental","og_description":"V\u00edt \u0158ezn\u00ed\u010dek \u00bfQui\u00e9n de los que usamos redes sociales no ha compartido memes acerca de la salud mental con sus amistades? El autor de este art\u00edculo confiesa que lo ha hecho muchas veces. La presencia de tanta \u201cdiversi\u00f3n\u201d sobre el tema deber\u00eda alertarnos de que se trata de un problema grave. Es precisamente la falta...","og_url":"https:\/\/elcomunista.org\/?p=12947","og_site_name":"Revoluci\u00f3n Comunista","article_publisher":"https:\/\/www.facebook.com\/Bloquepopularjuvenil","article_published_time":"2023-10-11T20:55:54+00:00","article_modified_time":"2023-10-19T20:16:08+00:00","og_image":[{"width":660,"height":330,"url":"https:\/\/elcomunista.org\/wp-content\/uploads\/2023\/10\/1984_george-orwell-rcdt.jpg","type":"image\/jpeg"}],"author":"Bloque Popular Juvenil","twitter_card":"summary_large_image","twitter_creator":"@ElBPJ","twitter_site":"@ElBPJ","twitter_misc":{"Escrito por":"Bloque Popular Juvenil","Tiempo de lectura":"10 minutos"},"schema":{"@context":"https:\/\/schema.org","@graph":[{"@type":"Article","@id":"https:\/\/elcomunista.org\/?p=12947#article","isPartOf":{"@id":"https:\/\/elcomunista.org\/?p=12947"},"author":{"name":"Bloque Popular Juvenil","@id":"https:\/\/elcomunista.org\/#\/schema\/person\/d55d5350d790a4464cbc0e898065567d"},"headline":"El Salvador y la salud mental","datePublished":"2023-10-11T20:55:54+00:00","dateModified":"2023-10-19T20:16:08+00:00","mainEntityOfPage":{"@id":"https:\/\/elcomunista.org\/?p=12947"},"wordCount":2238,"commentCount":0,"publisher":{"@id":"https:\/\/elcomunista.org\/#organization"},"image":{"@id":"https:\/\/elcomunista.org\/?p=12947#primaryimage"},"thumbnailUrl":"https:\/\/elcomunista.org\/wp-content\/uploads\/2023\/10\/1984_george-orwell-rcdt.jpg","articleSection":["Bloque Popular Juvenil","Centroam\u00e9rica","Mundo Obrero","Nacional","Principales"],"inLanguage":"es","potentialAction":[{"@type":"CommentAction","name":"Comment","target":["https:\/\/elcomunista.org\/?p=12947#respond"]}]},{"@type":"WebPage","@id":"https:\/\/elcomunista.org\/?p=12947","url":"https:\/\/elcomunista.org\/?p=12947","name":"El Salvador y la salud mental","isPartOf":{"@id":"https:\/\/elcomunista.org\/#website"},"primaryImageOfPage":{"@id":"https:\/\/elcomunista.org\/?p=12947#primaryimage"},"image":{"@id":"https:\/\/elcomunista.org\/?p=12947#primaryimage"},"thumbnailUrl":"https:\/\/elcomunista.org\/wp-content\/uploads\/2023\/10\/1984_george-orwell-rcdt.jpg","datePublished":"2023-10-11T20:55:54+00:00","dateModified":"2023-10-19T20:16:08+00:00","breadcrumb":{"@id":"https:\/\/elcomunista.org\/?p=12947#breadcrumb"},"inLanguage":"es","potentialAction":[{"@type":"ReadAction","target":["https:\/\/elcomunista.org\/?p=12947"]}]},{"@type":"ImageObject","inLanguage":"es","@id":"https:\/\/elcomunista.org\/?p=12947#primaryimage","url":"https:\/\/elcomunista.org\/wp-content\/uploads\/2023\/10\/1984_george-orwell-rcdt.jpg","contentUrl":"https:\/\/elcomunista.org\/wp-content\/uploads\/2023\/10\/1984_george-orwell-rcdt.jpg","width":660,"height":330},{"@type":"BreadcrumbList","@id":"https:\/\/elcomunista.org\/?p=12947#breadcrumb","itemListElement":[{"@type":"ListItem","position":1,"name":"Portada","item":"https:\/\/elcomunista.org\/"},{"@type":"ListItem","position":2,"name":"El Salvador y la salud mental"}]},{"@type":"WebSite","@id":"https:\/\/elcomunista.org\/#website","url":"https:\/\/elcomunista.org\/","name":"Revoluci\u00f3n Comunista","description":"Internacional Comunista Revolucionaria","publisher":{"@id":"https:\/\/elcomunista.org\/#organization"},"potentialAction":[{"@type":"SearchAction","target":{"@type":"EntryPoint","urlTemplate":"https:\/\/elcomunista.org\/?s={search_term_string}"},"query-input":{"@type":"PropertyValueSpecification","valueRequired":true,"valueName":"search_term_string"}}],"inLanguage":"es"},{"@type":"Organization","@id":"https:\/\/elcomunista.org\/#organization","name":"Bloque Popular Juvenil","url":"https:\/\/elcomunista.org\/","logo":{"@type":"ImageObject","inLanguage":"es","@id":"https:\/\/elcomunista.org\/#\/schema\/logo\/image\/","url":"https:\/\/bloquepopularjuvenil.org\/wp-content\/uploads\/2018\/11\/bpj-militante.jpg","contentUrl":"https:\/\/bloquepopularjuvenil.org\/wp-content\/uploads\/2018\/11\/bpj-militante.jpg","width":4000,"height":1390,"caption":"Bloque Popular Juvenil"},"image":{"@id":"https:\/\/elcomunista.org\/#\/schema\/logo\/image\/"},"sameAs":["https:\/\/www.facebook.com\/Bloquepopularjuvenil","https:\/\/x.com\/ElBPJ","https:\/\/www.instagram.com\/elbloque_bpj\/?hl=es-la"]},{"@type":"Person","@id":"https:\/\/elcomunista.org\/#\/schema\/person\/d55d5350d790a4464cbc0e898065567d","name":"Bloque Popular Juvenil","image":{"@type":"ImageObject","inLanguage":"es","@id":"https:\/\/elcomunista.org\/#\/schema\/person\/image\/","url":"https:\/\/secure.gravatar.com\/avatar\/85d12dca789bb6379dc38a198e1576cd?s=96&d=mm&r=g","contentUrl":"https:\/\/secure.gravatar.com\/avatar\/85d12dca789bb6379dc38a198e1576cd?s=96&d=mm&r=g","caption":"Bloque Popular Juvenil"},"url":"https:\/\/elcomunista.org\/?author=1"}]}},"jetpack_featured_media_url":"https:\/\/elcomunista.org\/wp-content\/uploads\/2023\/10\/1984_george-orwell-rcdt.jpg","jetpack_likes_enabled":true,"jetpack_sharing_enabled":true,"_links":{"self":[{"href":"https:\/\/elcomunista.org\/index.php?rest_route=\/wp\/v2\/posts\/12947"}],"collection":[{"href":"https:\/\/elcomunista.org\/index.php?rest_route=\/wp\/v2\/posts"}],"about":[{"href":"https:\/\/elcomunista.org\/index.php?rest_route=\/wp\/v2\/types\/post"}],"author":[{"embeddable":true,"href":"https:\/\/elcomunista.org\/index.php?rest_route=\/wp\/v2\/users\/1"}],"replies":[{"embeddable":true,"href":"https:\/\/elcomunista.org\/index.php?rest_route=%2Fwp%2Fv2%2Fcomments&post=12947"}],"version-history":[{"count":0,"href":"https:\/\/elcomunista.org\/index.php?rest_route=\/wp\/v2\/posts\/12947\/revisions"}],"wp:featuredmedia":[{"embeddable":true,"href":"https:\/\/elcomunista.org\/index.php?rest_route=\/wp\/v2\/media\/12949"}],"wp:attachment":[{"href":"https:\/\/elcomunista.org\/index.php?rest_route=%2Fwp%2Fv2%2Fmedia&parent=12947"}],"wp:term":[{"taxonomy":"category","embeddable":true,"href":"https:\/\/elcomunista.org\/index.php?rest_route=%2Fwp%2Fv2%2Fcategories&post=12947"},{"taxonomy":"post_tag","embeddable":true,"href":"https:\/\/elcomunista.org\/index.php?rest_route=%2Fwp%2Fv2%2Ftags&post=12947"}],"curies":[{"name":"wp","href":"https:\/\/api.w.org\/{rel}","templated":true}]}}