{"id":13007,"date":"2023-10-21T22:07:20","date_gmt":"2023-10-22T04:07:20","guid":{"rendered":"https:\/\/bloquepopularjuvenil.org\/?p=13007"},"modified":"2023-10-23T13:30:32","modified_gmt":"2023-10-23T19:30:32","slug":"guatemala-en-paro-ninguna-confianza-en-las-instituciones-del-regimen","status":"publish","type":"post","link":"https:\/\/elcomunista.org\/?p=13007","title":{"rendered":"Guatemala en Paro \u00a1Ninguna Confianza en las Instituciones del R\u00e9gimen!\u00a0"},"content":{"rendered":"<div class=\"OutlineElement Ltr SCXW256557728 BCX0\" style=\"-webkit-user-drag: none; -webkit-tap-highlight-color: transparent; margin: 0px; padding: 0px; user-select: text; clear: both; cursor: text; overflow: visible; position: relative; direction: ltr; color: #000000; font-family: 'Segoe UI', 'Segoe UI Web', Arial, Verdana, sans-serif; font-size: 12px;\">\n<p class=\"Paragraph SCXW256557728 BCX0\" style=\"-webkit-user-drag: none; -webkit-tap-highlight-color: transparent; margin: 0px 0px 10.6667px; padding: 0px; user-select: text; overflow-wrap: break-word; white-space-collapse: preserve; vertical-align: baseline; font-kerning: none; background-color: transparent; color: windowtext;\"><span style=\"font-family: Georgia, Palatino; font-size: 12pt;\"><span class=\"TextRun SCXW256557728 BCX0\" lang=\"ES-ES\" style=\"background-color: transparent; color: windowtext; -webkit-user-drag: none; -webkit-tap-highlight-color: transparent; margin: 0px; padding: 0px; user-select: text; line-height: 21.5833px; font-variant-ligatures: none !important;\" xml:lang=\"ES-ES\" data-contrast=\"none\">Han pasado ya m\u00e1s de 20 d\u00edas desde que<a href=\"https:\/\/bloquepopularjuvenil.org\/guatemala-las-elecciones-2023-y-el-paro-nacional-contra-el-golpe-de-estado\/\"> inici\u00f3 el paro nacional en Guatemala<\/a> que exige la renuncia de la fiscal general Consuelo Porras. Al paro se han unido voluntariamente una gran cantidad de sectores de la sociedad y est\u00e1 conformado por la poblaci\u00f3n ind\u00edgena (los que iniciaron el paro), poblaci\u00f3n campesina, estudiantes y organizaciones comunitarias, acad\u00e9micas y profesionales, incluso peque\u00f1os y medianos comerciantes. Como se extiende r\u00e1pidamente el fuego a trav\u00e9s de un rastro de p\u00f3lvora, as\u00ed se ha extendido el paro en las calles de toda Guatemala. Sin embargo, tras varios d\u00edas de paro, es poco lo que el movimiento ha conseguido: ni Porras ni ninguno de los fiscales corruptos han sido destituidos. El cansancio empieza a pesar en el movimiento. <\/span><span class=\"EOP SCXW256557728 BCX0\" style=\"background-color: transparent; color: windowtext; -webkit-user-drag: none; -webkit-tap-highlight-color: transparent; margin: 0px; padding: 0px; user-select: text; line-height: 21.5833px;\" data-ccp-props=\"{&quot;201341983&quot;:0,&quot;335559739&quot;:160,&quot;335559740&quot;:259}\">\u00a0<\/span><\/span><\/p>\n<\/div>\n<div class=\"OutlineElement Ltr SCXW256557728 BCX0\" style=\"-webkit-user-drag: none; -webkit-tap-highlight-color: transparent; margin: 0px; padding: 0px; user-select: text; clear: both; cursor: text; overflow: visible; position: relative; direction: ltr; color: #000000; font-family: 'Segoe UI', 'Segoe UI Web', Arial, Verdana, sans-serif; font-size: 12px;\">\n<p class=\"Paragraph SCXW256557728 BCX0\" style=\"-webkit-user-drag: none; -webkit-tap-highlight-color: transparent; margin: 0px 0px 10.6667px; padding: 0px; user-select: text; overflow-wrap: break-word; white-space-collapse: preserve; vertical-align: baseline; font-kerning: none; background-color: transparent; color: windowtext;\"><span style=\"font-family: Georgia, Palatino; font-size: 12pt;\"><span class=\"TextRun SCXW256557728 BCX0\" lang=\"ES-ES\" style=\"-webkit-user-drag: none; -webkit-tap-highlight-color: transparent; margin: 0px; padding: 0px; user-select: text; line-height: 21.5833px; font-variant-ligatures: none !important;\" xml:lang=\"ES-ES\" data-contrast=\"none\">Es esencial aprovechar la energ\u00eda de las masas que hoy est\u00e1n dispuestas a sacrificar el pan de hoy por un mejor ma\u00f1ana. Es importante tener en cuenta que esta disposici\u00f3n no se mantendr\u00e1 por mucho tiempo. Tarde o temprano, como ha ocurrido en otros pa\u00edses recientemente, como Colombia, Ecuador, Chile y Per\u00fa el movimiento entrar\u00e1 en un estado de fatiga y disminuci\u00f3n de la participaci\u00f3n. En ese momento, la clase dominante incrementar\u00e1 la presi\u00f3n, reprimiendo los \u00faltimos vestigios del movimiento o simplemente dejando que todo vuelva a la normalidad, sin ceder en ninguna posici\u00f3n.<\/span><span class=\"EOP SCXW256557728 BCX0\" style=\"-webkit-user-drag: none; -webkit-tap-highlight-color: transparent; margin: 0px; padding: 0px; user-select: text; line-height: 21.5833px;\" data-ccp-props=\"{&quot;201341983&quot;:0,&quot;335559739&quot;:160,&quot;335559740&quot;:259}\">\u00a0<\/span><\/span><\/p>\n<\/div>\n<div class=\"OutlineElement Ltr SCXW256557728 BCX0\" style=\"-webkit-user-drag: none; -webkit-tap-highlight-color: transparent; margin: 0px; padding: 0px; user-select: text; clear: both; cursor: text; overflow: visible; position: relative; direction: ltr; color: #000000; font-family: 'Segoe UI', 'Segoe UI Web', Arial, Verdana, sans-serif; font-size: 12px;\">\n<p class=\"Paragraph SCXW256557728 BCX0\" style=\"-webkit-user-drag: none; -webkit-tap-highlight-color: transparent; margin: 0px; padding: 0px; user-select: text; overflow-wrap: break-word; white-space-collapse: preserve; vertical-align: baseline; font-kerning: none; background-color: transparent; color: windowtext;\"><span style=\"font-family: Georgia, Palatino; font-size: 12pt;\"><span class=\"TextRun SCXW256557728 BCX0\" lang=\"ES-ES\" style=\"-webkit-user-drag: none; -webkit-tap-highlight-color: transparent; margin: 0px; padding: 0px; user-select: text; line-height: 21.5833px; font-variant-ligatures: none !important;\" xml:lang=\"ES-ES\" data-contrast=\"none\">Debemos extraer lecciones fundamentales de los pasados procesos de lucha y aprender de la experiencia de nuestros pa\u00edses hermanos latinoamericanos. La lucha debe ser constante en busca de un plan revolucionario. Es crucial crear asambleas democr\u00e1ticas y extender la lucha hasta el \u00faltimo rinc\u00f3n del pa\u00eds.<\/span><span class=\"EOP SCXW256557728 BCX0\" style=\"-webkit-user-drag: none; -webkit-tap-highlight-color: transparent; margin: 0px; padding: 0px; user-select: text; line-height: 21.5833px;\" data-ccp-props=\"{&quot;201341983&quot;:0,&quot;335559739&quot;:0,&quot;335559740&quot;:259}\">\u00a0<\/span><\/span><\/p>\n<\/div>\n<div class=\"OutlineElement Ltr SCXW256557728 BCX0\" style=\"-webkit-user-drag: none; -webkit-tap-highlight-color: transparent; margin: 0px; padding: 0px; user-select: text; clear: both; cursor: text; overflow: visible; position: relative; direction: ltr; color: #000000; font-family: 'Segoe UI', 'Segoe UI Web', Arial, Verdana, sans-serif; font-size: 12px;\">\n<p class=\"Paragraph SCXW256557728 BCX0\" lang=\"ES-ES\" style=\"-webkit-user-drag: none; -webkit-tap-highlight-color: transparent; margin: 0px; padding: 0px; user-select: text; overflow-wrap: break-word; white-space-collapse: preserve; vertical-align: baseline; font-kerning: none; background-color: transparent; color: windowtext;\" xml:lang=\"ES-ES\"><span class=\"EOP SCXW256557728 BCX0\" style=\"-webkit-user-drag: none; -webkit-tap-highlight-color: transparent; margin: 0px; padding: 0px; user-select: text; font-size: 12pt; line-height: 21.5833px; font-family: Georgia, Palatino;\" data-ccp-props=\"{&quot;201341983&quot;:0,&quot;335559739&quot;:0,&quot;335559740&quot;:259}\">\u00a0<\/span><\/p>\n<\/div>\n<div class=\"OutlineElement Ltr SCXW256557728 BCX0\" style=\"-webkit-user-drag: none; -webkit-tap-highlight-color: transparent; margin: 0px; padding: 0px; user-select: text; clear: both; cursor: text; overflow: visible; position: relative; direction: ltr; color: #000000; font-family: 'Segoe UI', 'Segoe UI Web', Arial, Verdana, sans-serif; font-size: 12px;\">\n<p class=\"Paragraph SCXW256557728 BCX0\" style=\"-webkit-user-drag: none; -webkit-tap-highlight-color: transparent; margin: 0px 0px 10.6667px; padding: 0px; user-select: text; overflow-wrap: break-word; white-space-collapse: preserve; vertical-align: baseline; font-kerning: none; background-color: transparent; color: windowtext;\"><span class=\"TextRun SCXW256557728 BCX0\" lang=\"ES-ES\" style=\"-webkit-user-drag: none; -webkit-tap-highlight-color: transparent; margin: 0px; padding: 0px; user-select: text; font-size: 12pt; line-height: 21.5833px; font-family: Georgia, Palatino; font-variant-ligatures: none !important;\" xml:lang=\"ES-ES\" data-contrast=\"none\">El movimiento debe avanzar hacia la conformaci\u00f3n de asambleas democr\u00e1ticas y representativas que incluyan a todos los sectores explotados de la sociedad guatemalteca. Se debe discutir un programa que abarque todas las demandas hist\u00f3ricas m\u00e1s fundamentales de los oprimidos. A trav\u00e9s de una asamblea nacional revolucionaria, es necesario establecer un plan de lucha amplio y democr\u00e1tico.<\/span><\/p>\n<\/div>\n<div class=\"OutlineElement Ltr SCXW256557728 BCX0\" style=\"-webkit-user-drag: none; -webkit-tap-highlight-color: transparent; margin: 0px; padding: 0px; user-select: text; clear: both; cursor: text; overflow: visible; position: relative; direction: ltr; color: #000000; font-family: 'Segoe UI', 'Segoe UI Web', Arial, Verdana, sans-serif; font-size: 12px;\">\n<h3 class=\"Paragraph SCXW256557728 BCX0\" style=\"-webkit-user-drag: none; -webkit-tap-highlight-color: transparent; margin: 0px 0px 10.6667px; padding: 0px; user-select: text; overflow-wrap: break-word; white-space-collapse: preserve; vertical-align: baseline; font-kerning: none; background-color: transparent; color: windowtext;\"><span style=\"color: #ff0000; font-family: Georgia, Palatino; font-size: 12pt;\"><span class=\"TextRun SCXW256557728 BCX0\" lang=\"ES-ES\" style=\"-webkit-user-drag: none; -webkit-tap-highlight-color: transparent; margin: 0px; padding: 0px; user-select: text; line-height: 21.5833px; font-weight: bold; font-variant-ligatures: none !important;\" xml:lang=\"ES-ES\" data-contrast=\"none\"><span class=\"NormalTextRun SCXW256557728 BCX0\" style=\"-webkit-user-drag: none; -webkit-tap-highlight-color: transparent; margin: 0px; padding: 0px; user-select: text;\">Ninguna confianza en <\/span><span class=\"NormalTextRun SpellingErrorV2Themed SCXW256557728 BCX0\" style=\"-webkit-user-drag: none; -webkit-tap-highlight-color: transparent; margin: 0px; padding: 0px; user-select: text; background-repeat: repeat-x; background-position: left bottom; background-image: var(--urlSpellingErrorV2, ); border-bottom: 1px solid transparent;\">Giammattei<\/span><span class=\"NormalTextRun SCXW256557728 BCX0\" style=\"-webkit-user-drag: none; -webkit-tap-highlight-color: transparent; margin: 0px; padding: 0px; user-select: text;\">, el MP y la OEA<\/span><\/span><span class=\"EOP SCXW256557728 BCX0\" style=\"-webkit-user-drag: none; -webkit-tap-highlight-color: transparent; margin: 0px; padding: 0px; user-select: text; line-height: 21.5833px;\" data-ccp-props=\"{&quot;201341983&quot;:0,&quot;335559739&quot;:160,&quot;335559740&quot;:259}\">\u00a0<\/span><\/span><\/h3>\n<\/div>\n<div class=\"OutlineElement Ltr SCXW256557728 BCX0\" style=\"-webkit-user-drag: none; -webkit-tap-highlight-color: transparent; margin: 0px; padding: 0px; user-select: text; clear: both; cursor: text; overflow: visible; position: relative; direction: ltr; color: #000000; font-family: 'Segoe UI', 'Segoe UI Web', Arial, Verdana, sans-serif; font-size: 12px;\">\n<p class=\"Paragraph SCXW256557728 BCX0\" style=\"-webkit-user-drag: none; -webkit-tap-highlight-color: transparent; margin: 0px 0px 10.6667px; padding: 0px; user-select: text; overflow-wrap: break-word; white-space-collapse: preserve; vertical-align: baseline; font-kerning: none; background-color: transparent; color: windowtext;\"><span style=\"font-family: Georgia, Palatino; font-size: 12pt;\"><span class=\"TextRun SCXW256557728 BCX0\" lang=\"ES-ES\" style=\"-webkit-user-drag: none; -webkit-tap-highlight-color: transparent; margin: 0px; padding: 0px; user-select: text; line-height: 21.5833px; font-variant-ligatures: none !important;\" xml:lang=\"ES-ES\" data-contrast=\"none\">Hasta ahora, el actual presidente de la naci\u00f3n se ha mostrado \u00abpac\u00edfico\u00bb y \u00ababierto\u00bb al di\u00e1logo con los manifestantes, aunque en algunas declaraciones p\u00fablicas manifest\u00f3 que los protestantes eran criminales, llam\u00f3 a desalojar las protestas que imped\u00edan dar servicio de agua y anunci\u00f3 problemas de suministros b\u00e1sicos en el pa\u00eds. Repentinamente, cambi\u00f3 de actitud el 12 de octubre, once d\u00edas despu\u00e9s del paro, cuando decidi\u00f3 recibir a una comisi\u00f3n representativa del movimiento en su despacho presidencial, una reuni\u00f3n de cuatro horas y media con mediaci\u00f3n de la Organizaci\u00f3n de los Estados Americanos (OEA), donde no cedi\u00f3 ante las peticiones de los manifestantes.<\/span><span class=\"EOP SCXW256557728 BCX0\" style=\"-webkit-user-drag: none; -webkit-tap-highlight-color: transparent; margin: 0px; padding: 0px; user-select: text; line-height: 21.5833px;\" data-ccp-props=\"{&quot;201341983&quot;:0,&quot;335559739&quot;:160,&quot;335559740&quot;:259}\">\u00a0<\/span><\/span><\/p>\n<\/div>\n<div class=\"OutlineElement Ltr SCXW256557728 BCX0\" style=\"-webkit-user-drag: none; -webkit-tap-highlight-color: transparent; margin: 0px; padding: 0px; user-select: text; clear: both; cursor: text; overflow: visible; position: relative; direction: ltr; color: #000000; font-family: 'Segoe UI', 'Segoe UI Web', Arial, Verdana, sans-serif; font-size: 12px;\">\n<p class=\"Paragraph SCXW256557728 BCX0\" style=\"-webkit-user-drag: none; -webkit-tap-highlight-color: transparent; margin: 0px 0px 10.6667px; padding: 0px; user-select: text; overflow-wrap: break-word; white-space-collapse: preserve; vertical-align: baseline; font-kerning: none; background-color: transparent; color: windowtext;\"><span style=\"font-family: Georgia, Palatino; font-size: 12pt;\"><span class=\"TextRun SCXW256557728 BCX0\" lang=\"ES-ES\" style=\"-webkit-user-drag: none; -webkit-tap-highlight-color: transparent; margin: 0px; padding: 0px; user-select: text; line-height: 21.5833px; font-variant-ligatures: none !important;\" xml:lang=\"ES-ES\" data-contrast=\"none\"><span class=\"NormalTextRun SCXW256557728 BCX0\" style=\"-webkit-user-drag: none; -webkit-tap-highlight-color: transparent; margin: 0px; padding: 0px; user-select: text;\">La actitud pac\u00edfica de <\/span><span class=\"NormalTextRun SpellingErrorV2Themed SCXW256557728 BCX0\" style=\"-webkit-user-drag: none; -webkit-tap-highlight-color: transparent; margin: 0px; padding: 0px; user-select: text; background-repeat: repeat-x; background-position: left bottom; background-image: var(--urlSpellingErrorV2, ); border-bottom: 1px solid transparent;\">Giammattei<\/span><span class=\"NormalTextRun SCXW256557728 BCX0\" style=\"-webkit-user-drag: none; -webkit-tap-highlight-color: transparent; margin: 0px; padding: 0px; user-select: text;\"> es realmente falsa y no es m\u00e1s que una maniobra inteligente para ganar tiempo mientras esperan que el movimiento vaya a la baja, tras el cansancio de mantener los bloqueos y tomas. Despu\u00e9s de la reuni\u00f3n en la que no se comprometi\u00f3 con nada, el <\/span><span class=\"NormalTextRun SCXW256557728 BCX0\" style=\"-webkit-user-drag: none; -webkit-tap-highlight-color: transparent; margin: 0px; padding: 0px; user-select: text;\">presidente<\/span><span class=\"NormalTextRun SCXW256557728 BCX0\" style=\"-webkit-user-drag: none; -webkit-tap-highlight-color: transparent; margin: 0px; padding: 0px; user-select: text;\"> declar\u00f3 que no estaba en sus manos destituir a Consuelo Porras, principal petici\u00f3n del pueblo alzado, y que incluso las mismas leyes le imped\u00edan destituir a la fiscal general.<\/span><\/span><span class=\"EOP SCXW256557728 BCX0\" style=\"-webkit-user-drag: none; -webkit-tap-highlight-color: transparent; margin: 0px; padding: 0px; user-select: text; line-height: 21.5833px;\" data-ccp-props=\"{&quot;201341983&quot;:0,&quot;335559739&quot;:160,&quot;335559740&quot;:259}\">\u00a0<\/span><\/span><\/p>\n<\/div>\n<div class=\"OutlineElement Ltr SCXW256557728 BCX0\" style=\"-webkit-user-drag: none; -webkit-tap-highlight-color: transparent; margin: 0px; padding: 0px; user-select: text; clear: both; cursor: text; overflow: visible; position: relative; direction: ltr; color: #000000; font-family: 'Segoe UI', 'Segoe UI Web', Arial, Verdana, sans-serif; font-size: 12px;\">\n<p class=\"Paragraph SCXW256557728 BCX0\" style=\"-webkit-user-drag: none; -webkit-tap-highlight-color: transparent; margin: 0px 0px 10.6667px; padding: 0px; user-select: text; overflow-wrap: break-word; white-space-collapse: preserve; vertical-align: baseline; font-kerning: none; background-color: transparent; color: windowtext;\"><span style=\"font-family: Georgia, Palatino; font-size: 12pt;\"><span class=\"TextRun SCXW256557728 BCX0\" lang=\"ES-ES\" style=\"-webkit-user-drag: none; -webkit-tap-highlight-color: transparent; margin: 0px; padding: 0px; user-select: text; line-height: 21.5833px; font-variant-ligatures: none !important;\" xml:lang=\"ES-ES\" data-contrast=\"none\"><span class=\"NormalTextRun SCXW256557728 BCX0\" style=\"-webkit-user-drag: none; -webkit-tap-highlight-color: transparent; margin: 0px; padding: 0px; user-select: text;\">Las declaraciones del presidente son insultantes y descaradas, cuando ellos mismos, los corruptos del r\u00e9gimen han pasado por encima de todo el marco legal que rige la pol\u00edtica guatemalteca. Es evidente que <\/span><span class=\"NormalTextRun SpellingErrorV2Themed SCXW256557728 BCX0\" style=\"-webkit-user-drag: none; -webkit-tap-highlight-color: transparent; margin: 0px; padding: 0px; user-select: text; background-repeat: repeat-x; background-position: left bottom; background-image: var(--urlSpellingErrorV2, ); border-bottom: 1px solid transparent;\">Giammattei<\/span><span class=\"NormalTextRun SCXW256557728 BCX0\" style=\"-webkit-user-drag: none; -webkit-tap-highlight-color: transparent; margin: 0px; padding: 0px; user-select: text;\"> es el protector de la fiscal general, y juntos preparan o bien un golpe de Estado al presidente electo Ar\u00e9valo o simplemente dejar el camino limpio para una sucesi\u00f3n estable para los corruptos que pueden ser desenmascarados bajo el nuevo gobierno.<\/span><\/span><span class=\"EOP SCXW256557728 BCX0\" style=\"-webkit-user-drag: none; -webkit-tap-highlight-color: transparent; margin: 0px; padding: 0px; user-select: text; line-height: 21.5833px;\" data-ccp-props=\"{&quot;201341983&quot;:0,&quot;335559739&quot;:160,&quot;335559740&quot;:259}\">\u00a0<\/span><\/span><\/p>\n<\/div>\n<div class=\"OutlineElement Ltr SCXW256557728 BCX0\" style=\"-webkit-user-drag: none; -webkit-tap-highlight-color: transparent; margin: 0px; padding: 0px; user-select: text; clear: both; cursor: text; overflow: visible; position: relative; direction: ltr; color: #000000; font-family: 'Segoe UI', 'Segoe UI Web', Arial, Verdana, sans-serif; font-size: 12px;\">\n<p class=\"Paragraph SCXW256557728 BCX0\" style=\"-webkit-user-drag: none; -webkit-tap-highlight-color: transparent; margin: 0px 0px 10.6667px; padding: 0px; user-select: text; overflow-wrap: break-word; white-space-collapse: preserve; vertical-align: baseline; font-kerning: none; background-color: transparent; color: windowtext;\"><span style=\"font-family: Georgia, Palatino; font-size: 12pt;\"><span class=\"TextRun SCXW256557728 BCX0\" lang=\"ES-ES\" style=\"-webkit-user-drag: none; -webkit-tap-highlight-color: transparent; margin: 0px; padding: 0px; user-select: text; line-height: 21.5833px; font-variant-ligatures: none !important;\" xml:lang=\"ES-ES\" data-contrast=\"none\"><span class=\"NormalTextRun SCXW256557728 BCX0\" style=\"-webkit-user-drag: none; -webkit-tap-highlight-color: transparent; margin: 0px; padding: 0px; user-select: text;\">Aqu\u00ed vemos de manera muy gr\u00e1fica los l\u00edmites de la democracia burguesa, cuando el mismo <\/span><span class=\"NormalTextRun SpellingErrorV2Themed SCXW256557728 BCX0\" style=\"-webkit-user-drag: none; -webkit-tap-highlight-color: transparent; margin: 0px; padding: 0px; user-select: text; background-repeat: repeat-x; background-position: left bottom; background-image: var(--urlSpellingErrorV2, ); border-bottom: 1px solid transparent;\">Giammattei<\/span><span class=\"NormalTextRun SCXW256557728 BCX0\" style=\"-webkit-user-drag: none; -webkit-tap-highlight-color: transparent; margin: 0px; padding: 0px; user-select: text;\"> se ha amparado en una reforma a la ley org\u00e1nica del Ministerio P\u00fablico, que se impuls\u00f3 como un mecanismo de defensa hacia los fiscales que destaparon la corrupci\u00f3n en 2015; la reforma elimin\u00f3 toda potestad del presidente para destituir sin una causa justificada al fiscal general del Ministerio P\u00fablico.<\/span><\/span><span class=\"EOP SCXW256557728 BCX0\" style=\"-webkit-user-drag: none; -webkit-tap-highlight-color: transparent; margin: 0px; padding: 0px; user-select: text; line-height: 21.5833px;\" data-ccp-props=\"{&quot;201341983&quot;:0,&quot;335559739&quot;:160,&quot;335559740&quot;:259}\">\u00a0<\/span><\/span><\/p>\n<\/div>\n<div class=\"OutlineElement Ltr SCXW256557728 BCX0\" style=\"-webkit-user-drag: none; -webkit-tap-highlight-color: transparent; margin: 0px; padding: 0px; user-select: text; clear: both; cursor: text; overflow: visible; position: relative; direction: ltr; color: #000000; font-family: 'Segoe UI', 'Segoe UI Web', Arial, Verdana, sans-serif; font-size: 12px;\">\n<p class=\"Paragraph SCXW256557728 BCX0\" style=\"-webkit-user-drag: none; -webkit-tap-highlight-color: transparent; margin: 0px 0px 10.6667px; padding: 0px; user-select: text; overflow-wrap: break-word; white-space-collapse: preserve; vertical-align: baseline; font-kerning: none; background-color: transparent; color: windowtext;\"><span style=\"font-family: Georgia, Palatino; font-size: 12pt;\"><span class=\"TextRun SCXW256557728 BCX0\" lang=\"ES-ES\" style=\"-webkit-user-drag: none; -webkit-tap-highlight-color: transparent; margin: 0px; padding: 0px; user-select: text; line-height: 21.5833px; font-variant-ligatures: none !important;\" xml:lang=\"ES-ES\" data-contrast=\"none\">Cuando un representante p\u00fablico es intocable e irrevocable, aun as\u00ed, si sus acciones, como interferir en un proceso democr\u00e1tico electoral, sean evidentes ante el pueblo. En una verdadera democracia, todo funcionario deber\u00eda ser perfectamente revocable por la solicitud del pueblo trabajador. Claro, desde la democracia burguesa, cuando el pueblo intenta hacer uso de esta es siempre violentado e ignorado. La democracia en el sistema capitalista se vuelve un t\u00e9rmino contradictorio, \u00bfd\u00f3nde queda la \u201cvoluntad del pueblo\u201d? Por eso Lenin siempre fue enf\u00e1tico en decir que no se puede hablar de democracia en abstracto, que siempre se debe preguntar: democracia \u00bfpara qui\u00e9n?<\/span><span class=\"EOP SCXW256557728 BCX0\" style=\"-webkit-user-drag: none; -webkit-tap-highlight-color: transparent; margin: 0px; padding: 0px; user-select: text; line-height: 21.5833px;\" data-ccp-props=\"{&quot;201341983&quot;:0,&quot;335559739&quot;:160,&quot;335559740&quot;:259}\">\u00a0<\/span><\/span><\/p>\n<\/div>\n<div class=\"OutlineElement Ltr SCXW256557728 BCX0\" style=\"-webkit-user-drag: none; -webkit-tap-highlight-color: transparent; margin: 0px; padding: 0px; user-select: text; clear: both; cursor: text; overflow: visible; position: relative; direction: ltr; color: #000000; font-family: 'Segoe UI', 'Segoe UI Web', Arial, Verdana, sans-serif; font-size: 12px;\">\n<p class=\"Paragraph SCXW256557728 BCX0\" style=\"-webkit-user-drag: none; -webkit-tap-highlight-color: transparent; margin: 0px 0px 10.6667px; padding: 0px; user-select: text; overflow-wrap: break-word; white-space-collapse: preserve; vertical-align: baseline; font-kerning: none; background-color: transparent; color: windowtext;\"><span style=\"font-family: Georgia, Palatino; font-size: 12pt;\"><span class=\"TextRun SCXW256557728 BCX0\" lang=\"ES-ES\" style=\"-webkit-user-drag: none; -webkit-tap-highlight-color: transparent; margin: 0px; padding: 0px; user-select: text; line-height: 21.5833px; font-variant-ligatures: none !important;\" xml:lang=\"ES-ES\" data-contrast=\"none\"><span class=\"NormalTextRun SCXW256557728 BCX0\" style=\"-webkit-user-drag: none; -webkit-tap-highlight-color: transparent; margin: 0px; padding: 0px; user-select: text;\">El pueblo trabajador guatemalteco no debe confiar en ninguna de las muestras de apertura al di\u00e1logo por parte de ning\u00fan funcionario de gobierno, mucho menos de la \u201cmediaci\u00f3n\u201d de la OEA<\/span><span class=\"NormalTextRun SCXW256557728 BCX0\" style=\"-webkit-user-drag: none; -webkit-tap-highlight-color: transparent; margin: 0px; padding: 0px; user-select: text;\">. La<\/span><span class=\"NormalTextRun SCXW256557728 BCX0\" style=\"-webkit-user-drag: none; -webkit-tap-highlight-color: transparent; margin: 0px; padding: 0px; user-select: text;\"> OEA debajo de la mesa est\u00e1 en favor de la clase dominante opresora y por consecuencia con Porras y <\/span><span class=\"NormalTextRun SpellingErrorV2Themed SCXW256557728 BCX0\" style=\"-webkit-user-drag: none; -webkit-tap-highlight-color: transparent; margin: 0px; padding: 0px; user-select: text; background-repeat: repeat-x; background-position: left bottom; background-image: var(--urlSpellingErrorV2, ); border-bottom: 1px solid transparent;\">Giammattei<\/span><span class=\"NormalTextRun SCXW256557728 BCX0\" style=\"-webkit-user-drag: none; -webkit-tap-highlight-color: transparent; margin: 0px; padding: 0px; user-select: text;\">.\u00a0<\/span><\/span><span class=\"EOP SCXW256557728 BCX0\" style=\"-webkit-user-drag: none; -webkit-tap-highlight-color: transparent; margin: 0px; padding: 0px; user-select: text; line-height: 21.5833px;\" data-ccp-props=\"{&quot;201341983&quot;:0,&quot;335559739&quot;:160,&quot;335559740&quot;:259}\">\u00a0<\/span><\/span><\/p>\n<\/div>\n<div class=\"OutlineElement Ltr SCXW256557728 BCX0\" style=\"-webkit-user-drag: none; -webkit-tap-highlight-color: transparent; margin: 0px; padding: 0px; user-select: text; clear: both; cursor: text; overflow: visible; position: relative; direction: ltr; color: #000000; font-family: 'Segoe UI', 'Segoe UI Web', Arial, Verdana, sans-serif; font-size: 12px;\">\n<p class=\"Paragraph SCXW256557728 BCX0\" style=\"-webkit-user-drag: none; -webkit-tap-highlight-color: transparent; margin: 0px 0px 10.6667px; padding: 0px; user-select: text; overflow-wrap: break-word; white-space-collapse: preserve; vertical-align: baseline; font-kerning: none; background-color: transparent; color: windowtext;\"><span style=\"font-family: Georgia, Palatino; font-size: 12pt;\"><span class=\"TextRun SCXW256557728 BCX0\" lang=\"ES-ES\" style=\"-webkit-user-drag: none; -webkit-tap-highlight-color: transparent; margin: 0px; padding: 0px; user-select: text; line-height: 21.5833px; font-variant-ligatures: none !important;\" xml:lang=\"ES-ES\" data-contrast=\"none\"><span class=\"NormalTextRun SCXW256557728 BCX0\" style=\"-webkit-user-drag: none; -webkit-tap-highlight-color: transparent; margin: 0px; padding: 0px; user-select: text;\">Se debe confiar<\/span><span class=\"NormalTextRun SCXW256557728 BCX0\" style=\"-webkit-user-drag: none; -webkit-tap-highlight-color: transparent; margin: 0px; padding: 0px; user-select: text;\"> solamente en la fuerza de la lucha <\/span><span class=\"NormalTextRun SCXW256557728 BCX0\" style=\"-webkit-user-drag: none; -webkit-tap-highlight-color: transparent; margin: 0px; padding: 0px; user-select: text;\">del pueblo organizado <\/span><span class=\"NormalTextRun SCXW256557728 BCX0\" style=\"-webkit-user-drag: none; -webkit-tap-highlight-color: transparent; margin: 0px; padding: 0px; user-select: text;\">en los bloqueos y desconfiar en el di\u00e1logo con los corruptos y vendedores de ilusiones, el di\u00e1logo solo debe ser con <\/span><span class=\"NormalTextRun SCXW256557728 BCX0\" style=\"-webkit-user-drag: none; -webkit-tap-highlight-color: transparent; margin: 0px; padding: 0px; user-select: text;\">la clase trabajadora y los oprimidos<\/span><span class=\"NormalTextRun SCXW256557728 BCX0\" style=\"-webkit-user-drag: none; -webkit-tap-highlight-color: transparent; margin: 0px; padding: 0px; user-select: text;\"> para avanzar en una agenda de lucha revolucionaria.\u00a0<\/span><\/span><span class=\"EOP SCXW256557728 BCX0\" style=\"-webkit-user-drag: none; -webkit-tap-highlight-color: transparent; margin: 0px; padding: 0px; user-select: text; line-height: 21.5833px;\" data-ccp-props=\"{&quot;201341983&quot;:0,&quot;335559739&quot;:160,&quot;335559740&quot;:259}\">\u00a0<\/span><\/span><\/p>\n<\/div>\n<div class=\"OutlineElement Ltr SCXW256557728 BCX0\" style=\"-webkit-user-drag: none; -webkit-tap-highlight-color: transparent; margin: 0px; padding: 0px; user-select: text; clear: both; cursor: text; overflow: visible; position: relative; direction: ltr; color: #000000; font-family: 'Segoe UI', 'Segoe UI Web', Arial, Verdana, sans-serif; font-size: 12px;\"><span style=\"color: #ff0000; font-family: Georgia, Palatino; font-size: 12pt;\"><span class=\"TextRun SCXW256557728 BCX0\" lang=\"ES-ES\" style=\"-webkit-user-drag: none; -webkit-tap-highlight-color: transparent; margin: 0px; padding: 0px; user-select: text; line-height: 21.5833px; font-weight: bold; font-variant-ligatures: none !important;\" xml:lang=\"ES-ES\" data-contrast=\"none\"><span class=\"NormalTextRun SCXW256557728 BCX0\" style=\"-webkit-user-drag: none; -webkit-tap-highlight-color: transparent; margin: 0px; padding: 0px; user-select: text;\">Las dos caras de <\/span><span class=\"NormalTextRun SpellingErrorV2Themed SCXW256557728 BCX0\" style=\"-webkit-user-drag: none; -webkit-tap-highlight-color: transparent; margin: 0px; padding: 0px; user-select: text; background-repeat: repeat-x; background-position: left bottom; background-image: var(--urlSpellingErrorV2, ); border-bottom: 1px solid transparent;\">Giammattei<\/span><\/span><span class=\"EOP SCXW256557728 BCX0\" style=\"-webkit-user-drag: none; -webkit-tap-highlight-color: transparent; margin: 0px; padding: 0px; user-select: text; line-height: 21.5833px;\" data-ccp-props=\"{&quot;201341983&quot;:0,&quot;335559739&quot;:160,&quot;335559740&quot;:259}\">\u00a0<\/span><\/span><\/div>\n<div><\/div>\n<div class=\"OutlineElement Ltr SCXW256557728 BCX0\" style=\"-webkit-user-drag: none; -webkit-tap-highlight-color: transparent; margin: 0px; padding: 0px; user-select: text; clear: both; cursor: text; overflow: visible; position: relative; direction: ltr; color: #000000; font-family: 'Segoe UI', 'Segoe UI Web', Arial, Verdana, sans-serif; font-size: 12px;\">\n<p class=\"Paragraph SCXW256557728 BCX0\" style=\"-webkit-user-drag: none; -webkit-tap-highlight-color: transparent; margin: 0px 0px 10.6667px; padding: 0px; user-select: text; overflow-wrap: break-word; white-space-collapse: preserve; vertical-align: baseline; font-kerning: none; background-color: transparent; color: windowtext;\"><span style=\"font-family: Georgia, Palatino; font-size: 12pt;\"><span class=\"TextRun SCXW256557728 BCX0\" lang=\"ES-ES\" style=\"-webkit-user-drag: none; -webkit-tap-highlight-color: transparent; margin: 0px; padding: 0px; user-select: text; line-height: 21.5833px; font-variant-ligatures: none !important;\" xml:lang=\"ES-ES\" data-contrast=\"none\"><span class=\"NormalTextRun SCXW256557728 BCX0\" style=\"-webkit-user-drag: none; -webkit-tap-highlight-color: transparent; margin: 0px; padding: 0px; user-select: text;\">Mientras, por un lado, se muestra amigable con el pueblo luchador y los recibe en su despacho, por otro lado, organiza y env\u00eda a sus matones para amedrentar al pueblo. El 16 de octubre<\/span><span class=\"NormalTextRun SCXW256557728 BCX0\" style=\"-webkit-user-drag: none; -webkit-tap-highlight-color: transparent; margin: 0px; padding: 0px; user-select: text;\">,<\/span><span class=\"NormalTextRun SCXW256557728 BCX0\" style=\"-webkit-user-drag: none; -webkit-tap-highlight-color: transparent; margin: 0px; padding: 0px; user-select: text;\"> en el peri\u00f3dico digital Plaza P\u00fablica, se public\u00f3 una nota que advert\u00eda de grupos armados que atacaron un bloqueo en Malacat\u00e1n, San Marcos. El art\u00edculo dec\u00eda:\u00a0<\/span><\/span><span class=\"EOP TrackedChange SCXW256557728 BCX0\" style=\"-webkit-user-drag: none; -webkit-tap-highlight-color: transparent; margin: 0px; padding: 0px; user-select: text; line-height: 21.5833px; color: #d13438;\" data-ccp-props=\"{&quot;201341983&quot;:0,&quot;335559739&quot;:160,&quot;335559740&quot;:259}\">\u00a0<\/span><\/span><\/p>\n<\/div>\n<div class=\"OutlineElement Ltr SCXW256557728 BCX0\" style=\"-webkit-user-drag: none; -webkit-tap-highlight-color: transparent; margin: 0px; padding: 0px; user-select: text; clear: both; cursor: text; overflow: visible; position: relative; direction: ltr; color: #000000; font-family: 'Segoe UI', 'Segoe UI Web', Arial, Verdana, sans-serif; font-size: 12px;\">\n<blockquote>\n<p class=\"Paragraph SCXW256557728 BCX0\" style=\"-webkit-user-drag: none; -webkit-tap-highlight-color: transparent; margin: 0px 0px 10.6667px 47px; padding: 0px; user-select: text; overflow-wrap: break-word; white-space-collapse: preserve; vertical-align: baseline; font-kerning: none; background-color: transparent; color: windowtext;\"><span style=\"font-family: Georgia, Palatino; font-size: 12pt;\"><span class=\"TextRun SCXW256557728 BCX0\" lang=\"ES-ES\" style=\"-webkit-user-drag: none; -webkit-tap-highlight-color: transparent; margin: 0px; padding: 0px; user-select: text; line-height: 21.5833px; font-variant-ligatures: none !important;\" xml:lang=\"ES-ES\" data-contrast=\"none\">\u00abUn comando armado atac\u00f3 a los manifestantes para liberar el paso; esto dej\u00f3 al menos una persona fallecida y cuatro heridos, informaron los Bomberos Voluntarios. Las personas que presenciaron el hecho se\u00f1alaron que los hombres armados los amenazaron con repetir el incidente si las manifestaciones continuaban. Tambi\u00e9n indicaron que los vieron correr a refugiarse en la base militar.<\/span> <span class=\"TextRun SCXW256557728 BCX0\" lang=\"ES-ES\" style=\"background-color: transparent; color: windowtext; -webkit-user-drag: none; -webkit-tap-highlight-color: transparent; margin: 0px; padding: 0px; user-select: text; line-height: 21.5833px; font-variant-ligatures: none !important;\" xml:lang=\"ES-ES\" data-contrast=\"none\"><span class=\"NormalTextRun SCXW256557728 BCX0\" style=\"-webkit-user-drag: none; -webkit-tap-highlight-color: transparent; margin: 0px; padding: 0px; user-select: text;\">En redes sociales circularon videos en los que se muestra a picops de la PNC circulando tras los veh\u00edculos en los que huyeron. <\/span><span class=\"NormalTextRun SCXW256557728 BCX0\" style=\"-webkit-user-drag: none; -webkit-tap-highlight-color: transparent; margin: 0px; padding: 0px; user-select: text;\">Este mismo material gr\u00e1fico sirvi\u00f3 para identificar a algunos de los atacantes\u00bb.<\/span><span class=\"NormalTextRun SCXW256557728 BCX0\" style=\"-webkit-user-drag: none; -webkit-tap-highlight-color: transparent; margin: 0px; padding: 0px; user-select: text;\">\u00a0<\/span><\/span><span class=\"EOP SCXW256557728 BCX0\" style=\"background-color: transparent; color: windowtext; -webkit-user-drag: none; -webkit-tap-highlight-color: transparent; margin: 0px; padding: 0px; user-select: text; line-height: 21.5833px;\" data-ccp-props=\"{&quot;201341983&quot;:0,&quot;335559685&quot;:708,&quot;335559739&quot;:160,&quot;335559740&quot;:259}\">\u00a0<\/span><\/span><\/p>\n<\/blockquote>\n<\/div>\n<div class=\"OutlineElement Ltr SCXW256557728 BCX0\" style=\"-webkit-user-drag: none; -webkit-tap-highlight-color: transparent; margin: 0px; padding: 0px; user-select: text; clear: both; cursor: text; overflow: visible; position: relative; direction: ltr; color: #000000; font-family: 'Segoe UI', 'Segoe UI Web', Arial, Verdana, sans-serif; font-size: 12px;\">\n<p class=\"Paragraph SCXW256557728 BCX0\" style=\"-webkit-user-drag: none; -webkit-tap-highlight-color: transparent; margin: 0px 0px 10.6667px; padding: 0px; user-select: text; overflow-wrap: break-word; white-space-collapse: preserve; vertical-align: baseline; font-kerning: none; background-color: transparent; color: windowtext;\"><span style=\"font-family: Georgia, Palatino; font-size: 12pt;\"><span class=\"TextRun SCXW256557728 BCX0\" lang=\"ES-ES\" style=\"-webkit-user-drag: none; -webkit-tap-highlight-color: transparent; margin: 0px; padding: 0px; user-select: text; line-height: 21.5833px; font-variant-ligatures: none !important;\" xml:lang=\"ES-ES\" data-contrast=\"none\"><span class=\"NormalTextRun SCXW256557728 BCX0\" style=\"-webkit-user-drag: none; -webkit-tap-highlight-color: transparent; margin: 0px; padding: 0px; user-select: text;\">A medida que el paro se mantenga no dudamos que el Estado buscar\u00e1 reprimir a los manifestantes, con el aval de <\/span><span class=\"NormalTextRun SpellingErrorV2Themed SCXW256557728 BCX0\" style=\"-webkit-user-drag: none; -webkit-tap-highlight-color: transparent; margin: 0px; padding: 0px; user-select: text; background-repeat: repeat-x; background-position: left bottom; background-image: var(--urlSpellingErrorV2, ); border-bottom: 1px solid transparent;\">Giammattei<\/span><span class=\"NormalTextRun SCXW256557728 BCX0\" style=\"-webkit-user-drag: none; -webkit-tap-highlight-color: transparent; margin: 0px; padding: 0px; user-select: text;\"> y Consuelo Porras. La fiscal Porras que ya ha pedido en varias ocasiones, junto con <\/span><span class=\"NormalTextRun SCXW256557728 BCX0\" style=\"-webkit-user-drag: none; -webkit-tap-highlight-color: transparent; margin: 0px; padding: 0px; user-select: text;\">la principal gremial empresarial<\/span><span class=\"NormalTextRun SCXW256557728 BCX0\" style=\"-webkit-user-drag: none; -webkit-tap-highlight-color: transparent; margin: 0px; padding: 0px; user-select: text;\"> CACIF, el uso de la fuerza estatal para respetar el derecho a la libre locomoci\u00f3n. La clase dominante ya utiliza la fuerza represiva paraestatal y, en el momento menos esperado, usar\u00e1 la fuerza represiva estatal. Por ahora, el movimiento no es ni demasiado d\u00e9bil para ser desalojado f\u00e1cilmente y no es suficientemente fuerte como para representar una amenaza al sistema y ser reprimido abiertamente, sin meditar en las consecuencias y\/o peligros para el r\u00e9gimen.\u00a0El objetivo <\/span><span class=\"NormalTextRun SCXW256557728 BCX0\" style=\"-webkit-user-drag: none; -webkit-tap-highlight-color: transparent; margin: 0px; padding: 0px; user-select: text;\">pr\u00f3ximo<\/span><span class=\"NormalTextRun SCXW256557728 BCX0\" style=\"-webkit-user-drag: none; -webkit-tap-highlight-color: transparent; margin: 0px; padding: 0px; user-select: text;\"> podr\u00eda ser intimidar, acosar, perseguir y asesinar selectivamente hasta que el movimiento tienda al des\u00e1nimo y la retirada sea un hecho.<\/span><\/span><span class=\"EOP SCXW256557728 BCX0\" style=\"-webkit-user-drag: none; -webkit-tap-highlight-color: transparent; margin: 0px; padding: 0px; user-select: text; line-height: 21.5833px;\" data-ccp-props=\"{&quot;201341983&quot;:0,&quot;335559739&quot;:160,&quot;335559740&quot;:259}\">\u00a0<\/span><\/span><\/p>\n<\/div>\n<div class=\"OutlineElement Ltr SCXW256557728 BCX0\" style=\"-webkit-user-drag: none; -webkit-tap-highlight-color: transparent; margin: 0px; padding: 0px; user-select: text; clear: both; cursor: text; overflow: visible; position: relative; direction: ltr; color: #000000; font-family: 'Segoe UI', 'Segoe UI Web', Arial, Verdana, sans-serif; font-size: 12px;\">\n<h3 class=\"Paragraph SCXW256557728 BCX0\" style=\"-webkit-user-drag: none; -webkit-tap-highlight-color: transparent; margin: 0px 0px 10.6667px; padding: 0px; user-select: text; overflow-wrap: break-word; white-space-collapse: preserve; vertical-align: baseline; font-kerning: none; background-color: transparent; color: windowtext;\"><span style=\"color: #ff0000; font-family: Georgia, Palatino; font-size: 12pt;\"><span class=\"TextRun SCXW256557728 BCX0\" lang=\"ES-ES\" style=\"-webkit-user-drag: none; -webkit-tap-highlight-color: transparent; margin: 0px; padding: 0px; user-select: text; line-height: 21.5833px; font-weight: bold; font-variant-ligatures: none !important;\" xml:lang=\"ES-ES\" data-contrast=\"none\">Divisiones entre el r\u00e9gimen<\/span><span class=\"EOP SCXW256557728 BCX0\" style=\"-webkit-user-drag: none; -webkit-tap-highlight-color: transparent; margin: 0px; padding: 0px; user-select: text; line-height: 21.5833px;\" data-ccp-props=\"{&quot;201341983&quot;:0,&quot;335559739&quot;:160,&quot;335559740&quot;:259}\">\u00a0<\/span><\/span><\/h3>\n<\/div>\n<div class=\"OutlineElement Ltr SCXW256557728 BCX0\" style=\"-webkit-user-drag: none; -webkit-tap-highlight-color: transparent; margin: 0px; padding: 0px; user-select: text; clear: both; cursor: text; overflow: visible; position: relative; direction: ltr; color: #000000; font-family: 'Segoe UI', 'Segoe UI Web', Arial, Verdana, sans-serif; font-size: 12px;\">\n<p class=\"Paragraph SCXW256557728 BCX0\" style=\"-webkit-user-drag: none; -webkit-tap-highlight-color: transparent; margin: 0px 0px 10.6667px; padding: 0px; user-select: text; overflow-wrap: break-word; white-space-collapse: preserve; vertical-align: baseline; font-kerning: none; background-color: transparent; color: windowtext;\"><span style=\"font-family: Georgia, Palatino; font-size: 12pt;\"><span class=\"TextRun SCXW256557728 BCX0\" lang=\"ES-ES\" style=\"-webkit-user-drag: none; -webkit-tap-highlight-color: transparent; margin: 0px; padding: 0px; user-select: text; line-height: 21.5833px; font-variant-ligatures: none !important;\" xml:lang=\"ES-ES\" data-contrast=\"none\">El ambiente en el movimiento es realmente vol\u00e1til y as\u00ed es percibido por la clase dominante, lo que hace que el r\u00e9gimen tambalee y entre en contradicciones. Por ejemplo, ese tira y afloja que se ha desarrollado entre el Ministerio de Gobernaci\u00f3n, el Ministerio P\u00fablico (MP) y la Corte Constitucional (CC).<\/span><span class=\"EOP SCXW256557728 BCX0\" style=\"-webkit-user-drag: none; -webkit-tap-highlight-color: transparent; margin: 0px; padding: 0px; user-select: text; line-height: 21.5833px;\" data-ccp-props=\"{&quot;201341983&quot;:0,&quot;335559739&quot;:160,&quot;335559740&quot;:259}\">\u00a0<\/span><\/span><\/p>\n<\/div>\n<div class=\"OutlineElement Ltr SCXW256557728 BCX0\" style=\"-webkit-user-drag: none; -webkit-tap-highlight-color: transparent; margin: 0px; padding: 0px; user-select: text; clear: both; cursor: text; overflow: visible; position: relative; direction: ltr; color: #000000; font-family: 'Segoe UI', 'Segoe UI Web', Arial, Verdana, sans-serif; font-size: 12px;\">\n<p class=\"Paragraph SCXW256557728 BCX0\" style=\"-webkit-user-drag: none; -webkit-tap-highlight-color: transparent; margin: 0px 0px 10.6667px; padding: 0px; user-select: text; overflow-wrap: break-word; white-space-collapse: preserve; vertical-align: baseline; font-kerning: none; background-color: transparent; color: windowtext;\"><span style=\"font-family: Georgia, Palatino; font-size: 12pt;\"><span class=\"TextRun SCXW256557728 BCX0\" lang=\"ES-ES\" style=\"-webkit-user-drag: none; -webkit-tap-highlight-color: transparent; margin: 0px; padding: 0px; user-select: text; line-height: 21.5833px; font-variant-ligatures: none !important;\" xml:lang=\"ES-ES\" data-contrast=\"none\">Consuelo Porras ha pedido desde un inicio que los manifestantes que acordonan el edificio del MP, sin dejar pasar a ning\u00fan trabajador desde el 02 de octubre, sean desalojados. Sin embargo, ni el ministro de Gobernaci\u00f3n ni la polic\u00eda se han atrevido a desalojar la protesta. Incluso la misma Corte Constitucional, que ha tenido un papel ambivalente en el proceso, ha ratificado esta semana la legalidad de la protesta. Esto seguramente es la expresi\u00f3n del miedo a que todo se salga de control.<\/span><span class=\"EOP SCXW256557728 BCX0\" style=\"-webkit-user-drag: none; -webkit-tap-highlight-color: transparent; margin: 0px; padding: 0px; user-select: text; line-height: 21.5833px;\" data-ccp-props=\"{&quot;201341983&quot;:0,&quot;335559739&quot;:160,&quot;335559740&quot;:259}\">\u00a0<\/span><\/span><\/p>\n<\/div>\n<div class=\"OutlineElement Ltr SCXW256557728 BCX0\" style=\"-webkit-user-drag: none; -webkit-tap-highlight-color: transparent; margin: 0px; padding: 0px; user-select: text; clear: both; cursor: text; overflow: visible; position: relative; direction: ltr; color: #000000; font-family: 'Segoe UI', 'Segoe UI Web', Arial, Verdana, sans-serif; font-size: 12px;\">\n<p class=\"Paragraph SCXW256557728 BCX0\" style=\"-webkit-user-drag: none; -webkit-tap-highlight-color: transparent; margin: 0px 0px 10.6667px; padding: 0px; user-select: text; overflow-wrap: break-word; white-space-collapse: preserve; vertical-align: baseline; font-kerning: none; background-color: transparent; color: windowtext;\"><span style=\"font-family: Georgia, Palatino; font-size: 12pt;\"><span class=\"TextRun SCXW256557728 BCX0\" lang=\"ES-ES\" style=\"-webkit-user-drag: none; -webkit-tap-highlight-color: transparent; margin: 0px; padding: 0px; user-select: text; line-height: 21.5833px; font-variant-ligatures: none !important;\" xml:lang=\"ES-ES\" data-contrast=\"none\"><span class=\"NormalTextRun SCXW256557728 BCX0\" style=\"-webkit-user-drag: none; -webkit-tap-highlight-color: transparent; margin: 0px; padding: 0px; user-select: text;\">El 17 de octubre, el ministro de Gobernaci\u00f3n, que estaba siendo presionado para reprimir a los manifestantes, finalmente renunci\u00f3 a su cargo y declar\u00f3 en una carta dirigida a <\/span><span class=\"NormalTextRun SpellingErrorV2Themed SCXW256557728 BCX0\" style=\"-webkit-user-drag: none; -webkit-tap-highlight-color: transparent; margin: 0px; padding: 0px; user-select: text; background-repeat: repeat-x; background-position: left bottom; background-image: var(--urlSpellingErrorV2, ); border-bottom: 1px solid transparent;\">Giammattei<\/span><span class=\"NormalTextRun SCXW256557728 BCX0\" style=\"-webkit-user-drag: none; -webkit-tap-highlight-color: transparent; margin: 0px; padding: 0px; user-select: text;\">: \u00abAnte la complejidad de la situaci\u00f3n actual en que se encuentra el pa\u00eds, presento a usted mi renuncia\u00bb. Esto puede ser un enga\u00f1o de <\/span><span class=\"NormalTextRun SpellingErrorV2Themed SCXW256557728 BCX0\" style=\"-webkit-user-drag: none; -webkit-tap-highlight-color: transparent; margin: 0px; padding: 0px; user-select: text; background-repeat: repeat-x; background-position: left bottom; background-image: var(--urlSpellingErrorV2, ); border-bottom: 1px solid transparent;\">Giammattei<\/span><span class=\"NormalTextRun SCXW256557728 BCX0\" style=\"-webkit-user-drag: none; -webkit-tap-highlight-color: transparent; margin: 0px; padding: 0px; user-select: text;\"> para presentarse como un conciliador y pacifista o simplemente una diferencia en los m\u00e9todos de c\u00f3mo manejar el movimiento.<\/span><\/span><span class=\"EOP SCXW256557728 BCX0\" style=\"-webkit-user-drag: none; -webkit-tap-highlight-color: transparent; margin: 0px; padding: 0px; user-select: text; line-height: 21.5833px;\" data-ccp-props=\"{&quot;201341983&quot;:0,&quot;335559739&quot;:160,&quot;335559740&quot;:259}\">\u00a0<\/span><\/span><\/p>\n<\/div>\n<div class=\"OutlineElement Ltr SCXW256557728 BCX0\" style=\"-webkit-user-drag: none; -webkit-tap-highlight-color: transparent; margin: 0px; padding: 0px; user-select: text; clear: both; cursor: text; overflow: visible; position: relative; direction: ltr; color: #000000; font-family: 'Segoe UI', 'Segoe UI Web', Arial, Verdana, sans-serif; font-size: 12px;\">\n<p class=\"Paragraph SCXW256557728 BCX0\" lang=\"ES-ES\" style=\"-webkit-user-drag: none; -webkit-tap-highlight-color: transparent; margin: 0px 0px 10.6667px; padding: 0px; user-select: text; overflow-wrap: break-word; white-space-collapse: preserve; vertical-align: baseline; font-kerning: none; background-color: transparent; color: windowtext;\" xml:lang=\"ES-ES\"><span style=\"font-family: Georgia, Palatino; font-size: 12pt;\"><span class=\"TextRun SCXW256557728 BCX0\" lang=\"ES-ES\" style=\"-webkit-user-drag: none; -webkit-tap-highlight-color: transparent; margin: 0px; padding: 0px; user-select: text; line-height: 21.5833px; font-variant-ligatures: none !important;\" xml:lang=\"ES-ES\" data-contrast=\"none\"><span class=\"NormalTextRun SCXW256557728 BCX0\" style=\"-webkit-user-drag: none; -webkit-tap-highlight-color: transparent; margin: 0px; padding: 0px; user-select: text;\">El director de la polic\u00eda ha declarado hace unos d\u00edas: \u00abMuchas manifestaciones est\u00e1n siendo lideradas por personas responsables.<\/span><span class=\"NormalTextRun SCXW256557728 BCX0\" style=\"-webkit-user-drag: none; -webkit-tap-highlight-color: transparent; margin: 0px; padding: 0px; user-select: text;\"> Pero en algunos lugares se han infiltrado delincuentes para intentar perjudicarlas (&#8230;) No tenemos denuncias de saqueos, pero los propietarios de negocios han sido coaccionados y amenazados para que cierren\u00bb. Esta actitud \u201camistosa\u201d de la <\/span><span class=\"NormalTextRun SCXW256557728 BCX0\" style=\"-webkit-user-drag: none; -webkit-tap-highlight-color: transparent; margin: 0px; padding: 0px; user-select: text;\">polic\u00eda<\/span><span class=\"NormalTextRun SCXW256557728 BCX0\" style=\"-webkit-user-drag: none; -webkit-tap-highlight-color: transparent; margin: 0px; padding: 0px; user-select: text;\"> ser\u00e1 algo temporal mientras la situaci\u00f3n pueda ser controlada y no represente un peligro para el r\u00e9gimen. En el momento decisivo, todas las instituciones y las fuerzas represivas har\u00e1n un solo bloque para defender el sistema.<\/span><\/span><span class=\"EOP SCXW256557728 BCX0\" style=\"-webkit-user-drag: none; -webkit-tap-highlight-color: transparent; margin: 0px; padding: 0px; user-select: text; line-height: 21.5833px;\" data-ccp-props=\"{&quot;134233117&quot;:false,&quot;134233118&quot;:false,&quot;201341983&quot;:0,&quot;335551550&quot;:1,&quot;335551620&quot;:1,&quot;335559685&quot;:0,&quot;335559737&quot;:0,&quot;335559738&quot;:0,&quot;335559739&quot;:160,&quot;335559740&quot;:259}\">\u00a0<\/span><\/span><\/p>\n<\/div>\n<div class=\"OutlineElement Ltr SCXW256557728 BCX0\" style=\"-webkit-user-drag: none; -webkit-tap-highlight-color: transparent; margin: 0px; padding: 0px; user-select: text; clear: both; cursor: text; overflow: visible; position: relative; direction: ltr; color: #000000; font-family: 'Segoe UI', 'Segoe UI Web', Arial, Verdana, sans-serif; font-size: 12px;\">\n<p class=\"Paragraph SCXW256557728 BCX0\" style=\"-webkit-user-drag: none; -webkit-tap-highlight-color: transparent; margin: 0px 0px 10.6667px; padding: 0px; user-select: text; overflow-wrap: break-word; white-space-collapse: preserve; vertical-align: baseline; font-kerning: none; background-color: transparent; color: windowtext;\"><span class=\"TextRun SCXW256557728 BCX0\" lang=\"ES-ES\" style=\"-webkit-user-drag: none; -webkit-tap-highlight-color: transparent; margin: 0px; padding: 0px; user-select: text; font-size: 12pt; line-height: 21.5833px; font-family: Georgia, Palatino; font-variant-ligatures: none !important;\" xml:lang=\"ES-ES\" data-contrast=\"none\"><span class=\"NormalTextRun SCXW256557728 BCX0\" style=\"-webkit-user-drag: none; -webkit-tap-highlight-color: transparent; margin: 0px; padding: 0px; user-select: text;\">Por otro lado, <\/span><span class=\"NormalTextRun SpellingErrorV2Themed SCXW256557728 BCX0\" style=\"-webkit-user-drag: none; -webkit-tap-highlight-color: transparent; margin: 0px; padding: 0px; user-select: text; background-repeat: repeat-x; background-position: left bottom; background-image: var(--urlSpellingErrorV2, ); border-bottom: 1px solid transparent;\">unque<\/span><span class=\"NormalTextRun SCXW256557728 BCX0\" style=\"-webkit-user-drag: none; -webkit-tap-highlight-color: transparent; margin: 0px; padding: 0px; user-select: text;\"> la mayor\u00eda de las c\u00e1maras empresariales se han atrincherado alrededor de la gremial m\u00e1s grande, el CACIF, y el gobierno, existen peque\u00f1as representaciones que tienen posiciones tambaleantes. La situaci\u00f3n es compleja, y el movimiento debe aprovechar cualquier fisura dentro de la clase dominante y contraatacar con todas sus fuerzas para doblegar al enemigo.<\/span><\/span><\/p>\n<\/div>\n<div class=\"OutlineElement Ltr SCXW256557728 BCX0\" style=\"-webkit-user-drag: none; -webkit-tap-highlight-color: transparent; margin: 0px; padding: 0px; user-select: text; clear: both; cursor: text; overflow: visible; position: relative; direction: ltr; color: #000000; font-family: 'Segoe UI', 'Segoe UI Web', Arial, Verdana, sans-serif; font-size: 12px;\">\n<h3 class=\"Paragraph SCXW256557728 BCX0\" style=\"-webkit-user-drag: none; -webkit-tap-highlight-color: transparent; margin: 0px 0px 10.6667px; padding: 0px; user-select: text; overflow-wrap: break-word; white-space-collapse: preserve; vertical-align: baseline; font-kerning: none; background-color: transparent; color: windowtext;\"><span style=\"color: #ff0000; font-family: Georgia, Palatino; font-size: 12pt;\"><span class=\"TextRun SCXW256557728 BCX0\" lang=\"ES-ES\" style=\"-webkit-user-drag: none; -webkit-tap-highlight-color: transparent; margin: 0px; padding: 0px; user-select: text; line-height: 21.5833px; font-weight: bold; font-variant-ligatures: none !important;\" xml:lang=\"ES-ES\" data-contrast=\"none\">Autodefensas campesinas, comunitarias y obrera<\/span><span class=\"EOP SCXW256557728 BCX0\" style=\"-webkit-user-drag: none; -webkit-tap-highlight-color: transparent; margin: 0px; padding: 0px; user-select: text; line-height: 21.5833px;\" data-ccp-props=\"{&quot;201341983&quot;:0,&quot;335559739&quot;:160,&quot;335559740&quot;:259}\">\u00a0<\/span><\/span><\/h3>\n<\/div>\n<div class=\"OutlineElement Ltr SCXW256557728 BCX0\" style=\"-webkit-user-drag: none; -webkit-tap-highlight-color: transparent; margin: 0px; padding: 0px; user-select: text; clear: both; cursor: text; overflow: visible; position: relative; direction: ltr; color: #000000; font-family: 'Segoe UI', 'Segoe UI Web', Arial, Verdana, sans-serif; font-size: 12px;\">\n<p class=\"Paragraph SCXW256557728 BCX0\" style=\"-webkit-user-drag: none; -webkit-tap-highlight-color: transparent; margin: 0px 0px 10.6667px; padding: 0px; user-select: text; overflow-wrap: break-word; white-space-collapse: preserve; vertical-align: baseline; font-kerning: none; background-color: transparent; color: windowtext;\"><span style=\"font-family: Georgia, Palatino; font-size: 12pt;\"><span class=\"TextRun SCXW256557728 BCX0\" lang=\"ES-ES\" style=\"-webkit-user-drag: none; -webkit-tap-highlight-color: transparent; margin: 0px; padding: 0px; user-select: text; line-height: 21.5833px; font-variant-ligatures: none !important;\" xml:lang=\"ES-ES\" data-contrast=\"none\">Ante las constantes intimidaciones y acosos por parte de grupos armados que seguramente son enviados por el Estado, el movimiento debe pasar a la discusi\u00f3n amplia de grupos de autodefensa en todos los bloqueos existentes, como medida preventiva para repeler cualquier amenaza externa y la presencia de infiltrados.<\/span><span class=\"EOP SCXW256557728 BCX0\" style=\"-webkit-user-drag: none; -webkit-tap-highlight-color: transparent; margin: 0px; padding: 0px; user-select: text; line-height: 21.5833px;\" data-ccp-props=\"{&quot;201341983&quot;:0,&quot;335559739&quot;:160,&quot;335559740&quot;:259}\">\u00a0<\/span><\/span><\/p>\n<\/div>\n<div class=\"OutlineElement Ltr SCXW256557728 BCX0\" style=\"-webkit-user-drag: none; -webkit-tap-highlight-color: transparent; margin: 0px; padding: 0px; user-select: text; clear: both; cursor: text; overflow: visible; position: relative; direction: ltr; color: #000000; font-family: 'Segoe UI', 'Segoe UI Web', Arial, Verdana, sans-serif; font-size: 12px;\">\n<p class=\"Paragraph SCXW256557728 BCX0\" style=\"-webkit-user-drag: none; -webkit-tap-highlight-color: transparent; margin: 0px 0px 10.6667px; padding: 0px; user-select: text; overflow-wrap: break-word; white-space-collapse: preserve; vertical-align: baseline; font-kerning: none; background-color: transparent; color: windowtext;\"><span style=\"font-family: Georgia, Palatino; font-size: 12pt;\"><span class=\"TextRun SCXW256557728 BCX0\" lang=\"ES-ES\" style=\"-webkit-user-drag: none; -webkit-tap-highlight-color: transparent; margin: 0px; padding: 0px; user-select: text; line-height: 21.5833px; font-variant-ligatures: none !important;\" xml:lang=\"ES-ES\" data-contrast=\"none\"><span class=\"NormalTextRun SCXW256557728 BCX0\" style=\"-webkit-user-drag: none; -webkit-tap-highlight-color: transparent; margin: 0px; padding: 0px; user-select: text;\">Durante las dos semanas de paro, el pueblo guatemalteco ha demostrado c\u00f3mo a trav\u00e9s de la organizaci\u00f3n popular se ha podido autosostener la lucha. La coordinaci\u00f3n organizada de los movimientos alzados, pero as\u00ed tambi\u00e9n la iniciativa propia de miles de personas se ha volcado a garantizar la alimentaci\u00f3n, en tiempos sumamente dif\u00edciles, donde se han visto azotados por la inflaci\u00f3n, la carest\u00eda y la pobreza. <\/span><span class=\"NormalTextRun SCXW256557728 BCX0\" style=\"-webkit-user-drag: none; -webkit-tap-highlight-color: transparent; margin: 0px; padding: 0px; user-select: text;\">Aun as\u00ed, las muestras de solidaridad han sido expresadas repetidas veces.<\/span><span class=\"NormalTextRun SCXW256557728 BCX0\" style=\"-webkit-user-drag: none; -webkit-tap-highlight-color: transparent; margin: 0px; padding: 0px; user-select: text;\"> Esto muestra c\u00f3mo la clase trabajadora en momentos revolucionarios como estos es capaz de organizar y garantizar los medios para la lucha de manera efectiva y sostenible.<\/span><\/span><span class=\"EOP SCXW256557728 BCX0\" style=\"-webkit-user-drag: none; -webkit-tap-highlight-color: transparent; margin: 0px; padding: 0px; user-select: text; line-height: 21.5833px;\" data-ccp-props=\"{&quot;201341983&quot;:0,&quot;335559739&quot;:160,&quot;335559740&quot;:259}\">\u00a0<\/span><\/span><\/p>\n<\/div>\n<div class=\"OutlineElement Ltr SCXW256557728 BCX0\" style=\"-webkit-user-drag: none; -webkit-tap-highlight-color: transparent; margin: 0px; padding: 0px; user-select: text; clear: both; cursor: text; overflow: visible; position: relative; direction: ltr; color: #000000; font-family: 'Segoe UI', 'Segoe UI Web', Arial, Verdana, sans-serif; font-size: 12px;\">\n<p class=\"Paragraph SCXW256557728 BCX0\" style=\"-webkit-user-drag: none; -webkit-tap-highlight-color: transparent; margin: 0px 0px 10.6667px; padding: 0px; user-select: text; overflow-wrap: break-word; white-space-collapse: preserve; vertical-align: baseline; font-kerning: none; background-color: transparent; color: windowtext;\"><span style=\"font-family: Georgia, Palatino; font-size: 12pt;\"><span class=\"TextRun SCXW256557728 BCX0\" lang=\"ES-ES\" style=\"-webkit-user-drag: none; -webkit-tap-highlight-color: transparent; margin: 0px; padding: 0px; user-select: text; line-height: 21.5833px; font-variant-ligatures: none !important;\" xml:lang=\"ES-ES\" data-contrast=\"none\">Los reportes de algunos periodistas que han visitado las diferentes expresiones del paro exponen c\u00f3mo la misma gente vela por la disciplina y la seguridad de los bloqueos. Si se han podido mantener condiciones m\u00ednimas de seguridad, el camino a las autodefensas contra grupos armados debe ser solo un paso. Esto puede ser discutido ampliamente en las asambleas de delegados democr\u00e1ticos de cada uno de los sectores alzados y transmitirse entre todas las expresiones de lucha. Basta del amedrantamiento contra nuestros luchadores, ni un m\u00e1rtir m\u00e1s. Por la autodefensa obrera, ind\u00edgena y campesina.<\/span><span class=\"EOP SCXW256557728 BCX0\" style=\"-webkit-user-drag: none; -webkit-tap-highlight-color: transparent; margin: 0px; padding: 0px; user-select: text; line-height: 21.5833px;\" data-ccp-props=\"{&quot;201341983&quot;:0,&quot;335559739&quot;:160,&quot;335559740&quot;:259}\">\u00a0<\/span><\/span><\/p>\n<\/div>\n<div class=\"OutlineElement Ltr SCXW256557728 BCX0\" style=\"-webkit-user-drag: none; -webkit-tap-highlight-color: transparent; margin: 0px; padding: 0px; user-select: text; clear: both; cursor: text; overflow: visible; position: relative; direction: ltr; color: #000000; font-family: 'Segoe UI', 'Segoe UI Web', Arial, Verdana, sans-serif; font-size: 12px;\">\n<p class=\"Paragraph SCXW256557728 BCX0\" style=\"-webkit-user-drag: none; -webkit-tap-highlight-color: transparent; margin: 0px 0px 10.6667px; padding: 0px; user-select: text; overflow-wrap: break-word; white-space-collapse: preserve; vertical-align: baseline; font-kerning: none; background-color: transparent; color: windowtext;\"><span style=\"font-family: Georgia, Palatino; font-size: 12pt;\"><span class=\"TextRun SCXW256557728 BCX0\" lang=\"ES-ES\" style=\"-webkit-user-drag: none; -webkit-tap-highlight-color: transparent; margin: 0px; padding: 0px; user-select: text; line-height: 21.5833px; font-variant-ligatures: none !important;\" xml:lang=\"ES-ES\" data-contrast=\"none\"><span class=\"NormalTextRun SCXW256557728 BCX0\" style=\"-webkit-user-drag: none; -webkit-tap-highlight-color: transparent; margin: 0px; padding: 0px; user-select: text;\">Si los ministros burgueses, banqueros, empresarios y pol\u00edticos par\u00e1sitos de la sociedad se sienten con el poder de tener seguridad personal por sentirse amenazados por el pueblo, \u00bfpor qu\u00e9 el pueblo que evidentemente est\u00e1 siendo amedrentado, asesinado y acosado por luchar por sus demandas <\/span><span class=\"NormalTextRun SCXW256557728 BCX0\" style=\"-webkit-user-drag: none; -webkit-tap-highlight-color: transparent; margin: 0px; padding: 0px; user-select: text;\">leg\u00edtimas<\/span><span class=\"NormalTextRun SCXW256557728 BCX0\" style=\"-webkit-user-drag: none; -webkit-tap-highlight-color: transparent; margin: 0px; padding: 0px; user-select: text;\"> no puede ejercer el leg\u00edtimo derecho de autodefenderse? No hay l\u00f3gica que nos impida armarnos para defendernos.\u00a0<\/span><\/span><span class=\"EOP SCXW256557728 BCX0\" style=\"-webkit-user-drag: none; -webkit-tap-highlight-color: transparent; margin: 0px; padding: 0px; user-select: text; line-height: 21.5833px;\" data-ccp-props=\"{&quot;201341983&quot;:0,&quot;335559739&quot;:160,&quot;335559740&quot;:259}\">\u00a0<\/span><\/span><\/p>\n<\/div>\n<div class=\"OutlineElement Ltr SCXW256557728 BCX0\" style=\"-webkit-user-drag: none; -webkit-tap-highlight-color: transparent; margin: 0px; padding: 0px; user-select: text; clear: both; cursor: text; overflow: visible; position: relative; direction: ltr; color: #000000; font-family: 'Segoe UI', 'Segoe UI Web', Arial, Verdana, sans-serif; font-size: 12px;\">\n<h3 class=\"Paragraph SCXW256557728 BCX0\" style=\"-webkit-user-drag: none; -webkit-tap-highlight-color: transparent; margin: 0px 0px 10.6667px; padding: 0px; user-select: text; overflow-wrap: break-word; white-space-collapse: preserve; vertical-align: baseline; font-kerning: none; background-color: transparent; color: windowtext;\"><span style=\"color: #ff0000; font-family: Georgia, Palatino; font-size: 12pt;\"><span class=\"TextRun SCXW256557728 BCX0\" lang=\"ES-ES\" style=\"-webkit-user-drag: none; -webkit-tap-highlight-color: transparent; margin: 0px; padding: 0px; user-select: text; line-height: 21.5833px; font-weight: bold; font-variant-ligatures: none !important;\" xml:lang=\"ES-ES\" data-contrast=\"none\">Extender el paro a toda la industria<\/span><span class=\"EOP SCXW256557728 BCX0\" style=\"-webkit-user-drag: none; -webkit-tap-highlight-color: transparent; margin: 0px; padding: 0px; user-select: text; line-height: 21.5833px;\" data-ccp-props=\"{&quot;201341983&quot;:0,&quot;335559739&quot;:160,&quot;335559740&quot;:259}\">\u00a0<\/span><\/span><\/h3>\n<\/div>\n<div class=\"OutlineElement Ltr SCXW256557728 BCX0\" style=\"-webkit-user-drag: none; -webkit-tap-highlight-color: transparent; margin: 0px; padding: 0px; user-select: text; clear: both; cursor: text; overflow: visible; position: relative; direction: ltr; color: #000000; font-family: 'Segoe UI', 'Segoe UI Web', Arial, Verdana, sans-serif; font-size: 12px;\">\n<p class=\"Paragraph SCXW256557728 BCX0\" style=\"-webkit-user-drag: none; -webkit-tap-highlight-color: transparent; margin: 0px 0px 10.6667px; padding: 0px; user-select: text; overflow-wrap: break-word; white-space-collapse: preserve; vertical-align: baseline; font-kerning: none; background-color: transparent; color: windowtext;\"><span style=\"font-family: Georgia, Palatino; font-size: 12pt;\"><span class=\"TextRun SCXW256557728 BCX0\" lang=\"ES-ES\" style=\"-webkit-user-drag: none; -webkit-tap-highlight-color: transparent; margin: 0px; padding: 0px; user-select: text; line-height: 21.5833px; font-variant-ligatures: none !important;\" xml:lang=\"ES-ES\" data-contrast=\"none\"><span class=\"NormalTextRun SCXW256557728 BCX0\" style=\"-webkit-user-drag: none; -webkit-tap-highlight-color: transparent; margin: 0px; padding: 0px; user-select: text;\">Los l\u00edderes campesinos e ind\u00edgenas tambi\u00e9n deben hacer llamados serios a todos los trabajadores de todos los sectores industriales a paralizar labores por sus propias reivindicaciones. Por ahora, el paro nacional ha afectado el transporte de las mercanc\u00edas debido a los m\u00e1s de 100 bloqueos, y los efectos de estos se han hecho sentir no solo en el pa\u00eds sino en toda la regi\u00f3n centroamericana. El Salvador, por ejemplo, ha tenido una crisis alimentaria, ya que Guatemala es su principal proveedor de verduras y legumbres. <\/span><span class=\"NormalTextRun SCXW256557728 BCX0\" style=\"-webkit-user-drag: none; -webkit-tap-highlight-color: transparent; margin: 0px; padding: 0px; user-select: text;\">Costa Rica ha dejado de exportar m\u00e1s de 140 millones de d\u00f3lares debido al cierre de las fronteras, de la misma forma Nicaragua tambi\u00e9n se ha visto afectada, la posici\u00f3n geogr\u00e1fica guatemalteca es clave, pr\u00e1cticamente en un bloqueo total nada se mueve ni al sur ni al norte sin el permiso de la clase obrera guatemalteca.<\/span><\/span><span class=\"EOP SCXW256557728 BCX0\" style=\"-webkit-user-drag: none; -webkit-tap-highlight-color: transparent; margin: 0px; padding: 0px; user-select: text; line-height: 21.5833px;\" data-ccp-props=\"{&quot;201341983&quot;:0,&quot;335559739&quot;:160,&quot;335559740&quot;:259}\">\u00a0<\/span><\/span><\/p>\n<\/div>\n<div class=\"OutlineElement Ltr SCXW256557728 BCX0\" style=\"-webkit-user-drag: none; -webkit-tap-highlight-color: transparent; margin: 0px; padding: 0px; user-select: text; clear: both; cursor: text; overflow: visible; position: relative; direction: ltr; color: #000000; font-family: 'Segoe UI', 'Segoe UI Web', Arial, Verdana, sans-serif; font-size: 12px;\">\n<p class=\"Paragraph SCXW256557728 BCX0\" style=\"-webkit-user-drag: none; -webkit-tap-highlight-color: transparent; margin: 0px 0px 10.6667px; padding: 0px; user-select: text; overflow-wrap: break-word; white-space-collapse: preserve; vertical-align: baseline; font-kerning: none; background-color: transparent; color: windowtext;\"><span style=\"font-family: Georgia, Palatino; font-size: 12pt;\"><span class=\"TextRun SCXW256557728 BCX0\" lang=\"ES-ES\" style=\"-webkit-user-drag: none; -webkit-tap-highlight-color: transparent; margin: 0px; padding: 0px; user-select: text; line-height: 21.5833px; font-variant-ligatures: none !important;\" xml:lang=\"ES-ES\" data-contrast=\"none\">Esto es solo una peque\u00f1a muestra de lo que los bloqueos han podido generar, y no dudamos que una vez extendido el paro en toda la industria guatemalteca, los efectos r\u00e1pidamente se extender\u00edan por toda la regi\u00f3n centroamericana y m\u00e1s all\u00e1 de ella. Sin duda, pondr\u00eda al r\u00e9gimen en jaque. Los ind\u00edgenas, la juventud y los campesinos solo pueden confiar en sus propias fuerzas y en sus hermanos de clase; sus principales aliados son los obreros industriales. La lucha y el paro deben extenderse a todas las f\u00e1bricas del pa\u00eds, bajo un programa revolucionario contra el r\u00e9gimen corrupto.<\/span><span class=\"EOP SCXW256557728 BCX0\" style=\"-webkit-user-drag: none; -webkit-tap-highlight-color: transparent; margin: 0px; padding: 0px; user-select: text; line-height: 21.5833px;\" data-ccp-props=\"{&quot;201341983&quot;:0,&quot;335559739&quot;:160,&quot;335559740&quot;:259}\">\u00a0<\/span><\/span><\/p>\n<\/div>\n<div class=\"OutlineElement Ltr SCXW256557728 BCX0\" style=\"-webkit-user-drag: none; -webkit-tap-highlight-color: transparent; margin: 0px; padding: 0px; user-select: text; clear: both; cursor: text; overflow: visible; position: relative; direction: ltr; color: #000000; font-family: 'Segoe UI', 'Segoe UI Web', Arial, Verdana, sans-serif; font-size: 12px;\">\n<h3 class=\"Paragraph SCXW256557728 BCX0\" style=\"-webkit-user-drag: none; -webkit-tap-highlight-color: transparent; margin: 0px 0px 10.6667px; padding: 0px; user-select: text; overflow-wrap: break-word; white-space-collapse: preserve; vertical-align: baseline; font-kerning: none; background-color: transparent; color: windowtext;\"><span style=\"color: #ff0000; font-family: Georgia, Palatino; font-size: 12pt;\"><span class=\"TextRun SCXW256557728 BCX0\" lang=\"ES-ES\" style=\"-webkit-user-drag: none; -webkit-tap-highlight-color: transparent; margin: 0px; padding: 0px; user-select: text; line-height: 21.5833px; font-weight: bold; font-variant-ligatures: none !important;\" xml:lang=\"ES-ES\" data-contrast=\"none\">De la consigna fuera Porras a un plan de lucha para elevar el nivel de vida<\/span><span class=\"EOP SCXW256557728 BCX0\" style=\"-webkit-user-drag: none; -webkit-tap-highlight-color: transparent; margin: 0px; padding: 0px; user-select: text; line-height: 21.5833px;\" data-ccp-props=\"{&quot;201341983&quot;:0,&quot;335559739&quot;:160,&quot;335559740&quot;:259}\">\u00a0<\/span><\/span><\/h3>\n<\/div>\n<div class=\"OutlineElement Ltr SCXW256557728 BCX0\" style=\"-webkit-user-drag: none; -webkit-tap-highlight-color: transparent; margin: 0px; padding: 0px; user-select: text; clear: both; cursor: text; overflow: visible; position: relative; direction: ltr; color: #000000; font-family: 'Segoe UI', 'Segoe UI Web', Arial, Verdana, sans-serif; font-size: 12px;\">\n<p class=\"Paragraph SCXW256557728 BCX0\" style=\"-webkit-user-drag: none; -webkit-tap-highlight-color: transparent; margin: 0px 0px 10.6667px; padding: 0px; user-select: text; overflow-wrap: break-word; white-space-collapse: preserve; vertical-align: baseline; font-kerning: none; background-color: transparent; color: windowtext;\"><span style=\"font-family: Georgia, Palatino; font-size: 12pt;\"><span class=\"TextRun SCXW256557728 BCX0\" lang=\"ES-ES\" style=\"-webkit-user-drag: none; -webkit-tap-highlight-color: transparent; margin: 0px; padding: 0px; user-select: text; line-height: 21.5833px; font-variant-ligatures: none !important;\" xml:lang=\"ES-ES\" data-contrast=\"none\"><span class=\"NormalTextRun SCXW256557728 BCX0\" style=\"-webkit-user-drag: none; -webkit-tap-highlight-color: transparent; margin: 0px; padding: 0px; user-select: text;\">Por ahora, lo que ha movilizado al pueblo guatemalteco ha sido el hartazgo de la interferencia de la fiscal Consuelo Porras en el proceso electoral. Pero por debajo de este hartazgo, hay una fuerte corriente contra todo el sistema corrupto, contra la pobreza, el desempleo, la desigualdad, el despojo, la explotaci\u00f3n y la opresi\u00f3n, concretamente contra el sistema en general. El pueblo alzado entiende perfectamente que la destituci\u00f3n de la fiscal no resolver\u00e1 sus problemas, incluso la elecci\u00f3n del presidente Ar\u00e9valo tiene esta misma connotaci\u00f3n para el pueblo, a Ar\u00e9valo lo votaron en ausencia de una verdadera representaci\u00f3n electoral que planteara resolver sus problemas. Pero el hartazgo es tanto que incluso ganar una de estas batallas destituci\u00f3n de Porras o <\/span><span class=\"NormalTextRun SCXW256557728 BCX0\" style=\"-webkit-user-drag: none; -webkit-tap-highlight-color: transparent; margin: 0px; padding: 0px; user-select: text;\">Ar\u00e9valo<\/span><span class=\"NormalTextRun SCXW256557728 BCX0\" style=\"-webkit-user-drag: none; -webkit-tap-highlight-color: transparent; margin: 0px; padding: 0px; user-select: text;\"> en la presidencia, ser\u00e1 tomado como una victoria e impulsar\u00e1 la lucha por m\u00e1s.<\/span><\/span><span class=\"EOP SCXW256557728 BCX0\" style=\"-webkit-user-drag: none; -webkit-tap-highlight-color: transparent; margin: 0px; padding: 0px; user-select: text; line-height: 21.5833px;\" data-ccp-props=\"{&quot;201341983&quot;:0,&quot;335559739&quot;:160,&quot;335559740&quot;:259}\">\u00a0<\/span><\/span><\/p>\n<\/div>\n<div class=\"OutlineElement Ltr SCXW256557728 BCX0\" style=\"-webkit-user-drag: none; -webkit-tap-highlight-color: transparent; margin: 0px; padding: 0px; user-select: text; clear: both; cursor: text; overflow: visible; position: relative; direction: ltr; color: #000000; font-family: 'Segoe UI', 'Segoe UI Web', Arial, Verdana, sans-serif; font-size: 12px;\">\n<p class=\"Paragraph SCXW256557728 BCX0\" style=\"-webkit-user-drag: none; -webkit-tap-highlight-color: transparent; margin: 0px 0px 10.6667px; padding: 0px; user-select: text; overflow-wrap: break-word; white-space-collapse: preserve; vertical-align: baseline; font-kerning: none; background-color: transparent; color: windowtext;\"><span style=\"font-family: Georgia, Palatino; font-size: 12pt;\"><span class=\"TextRun SCXW256557728 BCX0\" lang=\"ES-ES\" style=\"-webkit-user-drag: none; -webkit-tap-highlight-color: transparent; margin: 0px; padding: 0px; user-select: text; line-height: 21.5833px; font-variant-ligatures: none !important;\" xml:lang=\"ES-ES\" data-contrast=\"none\">Por lo tanto, los dirigentes del movimiento, de los <\/span><span class=\"TextRun SCXW256557728 BCX0\" lang=\"ES-ES\" style=\"-webkit-user-drag: none; -webkit-tap-highlight-color: transparent; margin: 0px; padding: 0px; user-select: text; font-style: italic; line-height: 21.5833px; font-weight: bold; font-variant-ligatures: none !important;\" xml:lang=\"ES-ES\" data-contrast=\"none\">48 cantones<\/span><span class=\"TextRun SCXW256557728 BCX0\" lang=\"ES-ES\" style=\"-webkit-user-drag: none; -webkit-tap-highlight-color: transparent; margin: 0px; padding: 0px; user-select: text; line-height: 21.5833px; font-variant-ligatures: none !important;\" xml:lang=\"ES-ES\" data-contrast=\"none\"><span class=\"NormalTextRun SCXW256557728 BCX0\" style=\"-webkit-user-drag: none; -webkit-tap-highlight-color: transparent; margin: 0px; padding: 0px; user-select: text;\">, los representantes del pueblo Xinca, los dirigentes del pueblo maya y los dem\u00e1s pueblos ind\u00edgenas, junto con los l\u00edderes de la organizaci\u00f3n campesina CODECA y el movimiento obrero sindical, deber\u00edan plantearse un programa de lucha revolucionario que incluya las demandas m\u00e1s elementales y principales de los oprimidos.<\/span><span class=\"NormalTextRun SCXW256557728 BCX0\" style=\"-webkit-user-drag: none; -webkit-tap-highlight-color: transparent; margin: 0px; padding: 0px; user-select: text;\"> Demandas como el alto al acoso y desalojo de las grandes transnacionales que han desplazado a pueblos enteros, as\u00ed como tambi\u00e9n la contaminaci\u00f3n y saqueo de los recursos naturales.<\/span><\/span><span class=\"EOP SCXW256557728 BCX0\" style=\"-webkit-user-drag: none; -webkit-tap-highlight-color: transparent; margin: 0px; padding: 0px; user-select: text; line-height: 21.5833px;\" data-ccp-props=\"{&quot;201341983&quot;:0,&quot;335559739&quot;:160,&quot;335559740&quot;:259}\">\u00a0<\/span><\/span><\/p>\n<\/div>\n<div class=\"OutlineElement Ltr SCXW256557728 BCX0\" style=\"-webkit-user-drag: none; -webkit-tap-highlight-color: transparent; margin: 0px; padding: 0px; user-select: text; clear: both; cursor: text; overflow: visible; position: relative; direction: ltr; color: #000000; font-family: 'Segoe UI', 'Segoe UI Web', Arial, Verdana, sans-serif; font-size: 12px;\">\n<p class=\"Paragraph SCXW256557728 BCX0\" style=\"-webkit-user-drag: none; -webkit-tap-highlight-color: transparent; margin: 0px 0px 10.6667px; padding: 0px; user-select: text; overflow-wrap: break-word; white-space-collapse: preserve; vertical-align: baseline; font-kerning: none; background-color: transparent; color: windowtext;\"><span style=\"font-family: Georgia, Palatino; font-size: 12pt;\"><span class=\"TextRun SCXW256557728 BCX0\" lang=\"ES-ES\" style=\"-webkit-user-drag: none; -webkit-tap-highlight-color: transparent; margin: 0px; padding: 0px; user-select: text; line-height: 21.5833px; font-variant-ligatures: none !important;\" xml:lang=\"ES-ES\" data-contrast=\"none\"><span class=\"NormalTextRun SCXW256557728 BCX0\" style=\"-webkit-user-drag: none; -webkit-tap-highlight-color: transparent; margin: 0px; padding: 0px; user-select: text;\">El movimiento debe convocar a una gran asamblea nacional revolucionaria que elija una representaci\u00f3n democr\u00e1tica por delegados en cada uno de los sectores en lucha, para aprobar un programa que incluya demandas relacionadas con medidas contra el hambre, el desempleo, los bajos salarios, la reforma agraria, el alto a la contaminaci\u00f3n, explotaci\u00f3n y apropiaci\u00f3n de los recursos naturales. Un plan de lucha revolucionario que se proponga tomar el control de los recursos naturales que <\/span><span class=\"NormalTextRun SCXW256557728 BCX0\" style=\"-webkit-user-drag: none; -webkit-tap-highlight-color: transparent; margin: 0px; padding: 0px; user-select: text;\">permitir\u00e1n<\/span><span class=\"NormalTextRun SCXW256557728 BCX0\" style=\"-webkit-user-drag: none; -webkit-tap-highlight-color: transparent; margin: 0px; padding: 0px; user-select: text;\">\u00a0la vida digna en Guatemala. Esos que ahora son la gran propiedad de una minor\u00eda parasitaria guatemalteca y de las transnacionales extranjeras.<\/span><\/span><span class=\"EOP SCXW256557728 BCX0\" style=\"-webkit-user-drag: none; -webkit-tap-highlight-color: transparent; margin: 0px; padding: 0px; user-select: text; line-height: 21.5833px;\" data-ccp-props=\"{&quot;134233117&quot;:false,&quot;134233118&quot;:false,&quot;201341983&quot;:0,&quot;335551550&quot;:1,&quot;335551620&quot;:1,&quot;335559685&quot;:0,&quot;335559737&quot;:0,&quot;335559738&quot;:0,&quot;335559739&quot;:160,&quot;335559740&quot;:259}\">\u00a0<\/span><\/span><\/p>\n<\/div>\n<div class=\"OutlineElement Ltr SCXW256557728 BCX0\" style=\"-webkit-user-drag: none; -webkit-tap-highlight-color: transparent; margin: 0px; padding: 0px; user-select: text; clear: both; cursor: text; overflow: visible; position: relative; direction: ltr; color: #000000; font-family: 'Segoe UI', 'Segoe UI Web', Arial, Verdana, sans-serif; font-size: 12px;\">\n<p class=\"Paragraph SCXW256557728 BCX0\" style=\"-webkit-user-drag: none; -webkit-tap-highlight-color: transparent; margin: 0px; padding: 0px; user-select: text; overflow-wrap: break-word; white-space-collapse: preserve; vertical-align: baseline; font-kerning: none; background-color: transparent; color: windowtext;\"><span style=\"font-family: Georgia, Palatino; font-size: 12pt;\"><span class=\"TextRun SCXW256557728 BCX0\" lang=\"ES-ES\" style=\"-webkit-user-drag: none; -webkit-tap-highlight-color: transparent; margin: 0px; padding: 0px; user-select: text; line-height: 21.5833px; font-variant-ligatures: none !important;\" xml:lang=\"ES-ES\" data-contrast=\"none\">El paro nacional debe trascender a una lucha por echar a los corruptos y a los explotadores y opresores del pa\u00eds, por la construcci\u00f3n de una Guatemala bajo el control de un gobierno revolucionario de todos los oprimidos a trav\u00e9s de asambleas democr\u00e1ticas revolucionarias en todo el pa\u00eds, este gobierno debe acabar con todas las instituciones podridas del r\u00e9gimen, no solo son los pol\u00edticos los podridos, es todo el sistema que est\u00e1 podrido de pies a cabeza y est\u00e1 dise\u00f1ado para resguardar los privilegios de los ricos pasando por encima de los pobres. Pasar de la lucha inmediata, hacia el control del pa\u00eds para garantizar la vida digna de los hist\u00f3ricamente oprimidos.<\/span><span class=\"EOP SCXW256557728 BCX0\" style=\"-webkit-user-drag: none; -webkit-tap-highlight-color: transparent; margin: 0px; padding: 0px; user-select: text; line-height: 21.5833px;\" data-ccp-props=\"{&quot;201341983&quot;:0,&quot;335559739&quot;:0,&quot;335559740&quot;:259}\">\u00a0<\/span><\/span><\/p>\n<\/div>\n<div class=\"OutlineElement Ltr SCXW256557728 BCX0\" style=\"-webkit-user-drag: none; -webkit-tap-highlight-color: transparent; margin: 0px; padding: 0px; user-select: text; clear: both; cursor: text; overflow: visible; position: relative; direction: ltr; color: #000000; font-family: 'Segoe UI', 'Segoe UI Web', Arial, Verdana, sans-serif; font-size: 12px;\">\n<p class=\"Paragraph SCXW256557728 BCX0\" style=\"-webkit-user-drag: none; -webkit-tap-highlight-color: transparent; margin: 0px 0px 10.6667px; padding: 0px; user-select: text; overflow-wrap: break-word; white-space-collapse: preserve; vertical-align: baseline; font-kerning: none; background-color: transparent; color: windowtext;\"><span style=\"font-family: Georgia, Palatino; font-size: 12pt;\"><span class=\"LineBreakBlob BlobObject DragDrop SCXW256557728 BCX0\" style=\"-webkit-user-drag: none; -webkit-tap-highlight-color: transparent; margin: 0px; padding: 0px; user-select: text; line-height: 19.425px;\"><span class=\"SCXW256557728 BCX0\" style=\"-webkit-user-drag: none; -webkit-tap-highlight-color: transparent; margin: 0px; padding: 0px; user-select: text; text-wrap: nowrap !important;\">\u00a0<\/span><br class=\"SCXW256557728 BCX0\" style=\"-webkit-user-drag: none; -webkit-tap-highlight-color: transparent; margin: 0px; padding: 0px; user-select: text; text-wrap: nowrap !important;\" \/><\/span><span class=\"TextRun SCXW256557728 BCX0\" lang=\"ES-ES\" style=\"-webkit-user-drag: none; -webkit-tap-highlight-color: transparent; margin: 0px; padding: 0px; user-select: text; line-height: 19.425px; font-variant-ligatures: none !important;\" xml:lang=\"ES-ES\" data-contrast=\"auto\">\u00a0\u00a0\u00a0<\/span><span class=\"EOP SCXW256557728 BCX0\" style=\"-webkit-user-drag: none; -webkit-tap-highlight-color: transparent; margin: 0px; padding: 0px; user-select: text; line-height: 19.425px;\" data-ccp-props=\"{&quot;201341983&quot;:0,&quot;335559739&quot;:160,&quot;335559740&quot;:259}\">\u00a0<\/span><\/span><\/p>\n<\/div>\n","protected":false},"excerpt":{"rendered":"<p>Han pasado ya m\u00e1s de 20 d\u00edas desde que inici\u00f3 el paro nacional en Guatemala que exige la renuncia de la fiscal general Consuelo Porras. Al paro se han unido voluntariamente una gran cantidad de sectores de la sociedad y est\u00e1 conformado por la poblaci\u00f3n ind\u00edgena (los que iniciaron el paro), poblaci\u00f3n campesina, estudiantes y&#8230;<\/p>\n","protected":false},"author":8,"featured_media":13008,"comment_status":"open","ping_status":"open","sticky":false,"template":"","format":"standard","meta":{"_monsterinsights_skip_tracking":false,"_monsterinsights_sitenote_active":false,"_monsterinsights_sitenote_note":"","_monsterinsights_sitenote_category":0,"_uf_show_specific_survey":0,"_uf_disable_surveys":false,"_jetpack_memberships_contains_paid_content":false,"footnotes":""},"categories":[6,7,537],"tags":[1215,1322,160,2018,1506,2017],"class_list":["post-13007","post","type-post","status-publish","format-standard","has-post-thumbnail","hentry","category-centroamerica","category-guatemala","category-principales","tag-empresariado-guatemalteco","tag-giammattei","tag-guatemala","tag-mp","tag-paro-nacional","tag-porras"],"aioseo_notices":[],"yoast_head":"<!-- This site is optimized with the Yoast SEO plugin v25.6 - https:\/\/yoast.com\/wordpress\/plugins\/seo\/ -->\n<title>Guatemala en Paro \u00a1Ninguna Confianza en las Instituciones del R\u00e9gimen!\u00a0<\/title>\n<meta name=\"robots\" content=\"index, follow, max-snippet:-1, max-image-preview:large, max-video-preview:-1\" \/>\n<link rel=\"canonical\" href=\"https:\/\/elcomunista.org\/?p=13007\" \/>\n<meta property=\"og:locale\" content=\"es_ES\" \/>\n<meta property=\"og:type\" content=\"article\" \/>\n<meta property=\"og:title\" content=\"Guatemala en Paro \u00a1Ninguna Confianza en las Instituciones del R\u00e9gimen!\u00a0\" \/>\n<meta property=\"og:description\" content=\"Han pasado ya m\u00e1s de 20 d\u00edas desde que inici\u00f3 el paro nacional en Guatemala que exige la renuncia de la fiscal general Consuelo Porras. Al paro se han unido voluntariamente una gran cantidad de sectores de la sociedad y est\u00e1 conformado por la poblaci\u00f3n ind\u00edgena (los que iniciaron el paro), poblaci\u00f3n campesina, estudiantes y...\" \/>\n<meta property=\"og:url\" content=\"https:\/\/elcomunista.org\/?p=13007\" \/>\n<meta property=\"og:site_name\" content=\"Revoluci\u00f3n Comunista\" \/>\n<meta property=\"article:publisher\" content=\"https:\/\/www.facebook.com\/Bloquepopularjuvenil\" \/>\n<meta property=\"article:author\" content=\"https:\/\/www.facebook.com\/JuandeLaCruzBPJ\" \/>\n<meta property=\"article:published_time\" content=\"2023-10-22T04:07:20+00:00\" \/>\n<meta property=\"article:modified_time\" content=\"2023-10-23T19:30:32+00:00\" \/>\n<meta property=\"og:image\" content=\"https:\/\/elcomunista.org\/wp-content\/uploads\/2023\/10\/0b2d4984-a2c9-4a05-b663-033f70c9f120-1536x864-1.webp\" \/>\n\t<meta property=\"og:image:width\" content=\"1536\" \/>\n\t<meta property=\"og:image:height\" content=\"864\" \/>\n\t<meta property=\"og:image:type\" content=\"image\/webp\" \/>\n<meta name=\"author\" content=\"Juan de la Cruz\" \/>\n<meta name=\"twitter:card\" content=\"summary_large_image\" \/>\n<meta name=\"twitter:creator\" content=\"@juandelacruzcmi\" \/>\n<meta name=\"twitter:site\" content=\"@ElBPJ\" \/>\n<meta name=\"twitter:label1\" content=\"Escrito por\" \/>\n\t<meta name=\"twitter:data1\" content=\"Juan de la Cruz\" \/>\n\t<meta name=\"twitter:label2\" content=\"Tiempo de lectura\" \/>\n\t<meta name=\"twitter:data2\" content=\"12 minutos\" \/>\n<script type=\"application\/ld+json\" class=\"yoast-schema-graph\">{\"@context\":\"https:\/\/schema.org\",\"@graph\":[{\"@type\":\"Article\",\"@id\":\"https:\/\/elcomunista.org\/?p=13007#article\",\"isPartOf\":{\"@id\":\"https:\/\/elcomunista.org\/?p=13007\"},\"author\":{\"name\":\"Juan de la Cruz\",\"@id\":\"https:\/\/elcomunista.org\/#\/schema\/person\/e070ce76b01e8720e27ac0d46b82063f\"},\"headline\":\"Guatemala en Paro \u00a1Ninguna Confianza en las Instituciones del R\u00e9gimen!\u00a0\",\"datePublished\":\"2023-10-22T04:07:20+00:00\",\"dateModified\":\"2023-10-23T19:30:32+00:00\",\"mainEntityOfPage\":{\"@id\":\"https:\/\/elcomunista.org\/?p=13007\"},\"wordCount\":2711,\"commentCount\":0,\"publisher\":{\"@id\":\"https:\/\/elcomunista.org\/#organization\"},\"image\":{\"@id\":\"https:\/\/elcomunista.org\/?p=13007#primaryimage\"},\"thumbnailUrl\":\"https:\/\/elcomunista.org\/wp-content\/uploads\/2023\/10\/0b2d4984-a2c9-4a05-b663-033f70c9f120-1536x864-1.webp\",\"keywords\":[\"empresariado guatemalteco\",\"Giammattei\",\"Guatemala\",\"MP\",\"Paro Nacional\",\"Porras\"],\"articleSection\":[\"Centroam\u00e9rica\",\"Guatemala\",\"Principales\"],\"inLanguage\":\"es\",\"potentialAction\":[{\"@type\":\"CommentAction\",\"name\":\"Comment\",\"target\":[\"https:\/\/elcomunista.org\/?p=13007#respond\"]}]},{\"@type\":\"WebPage\",\"@id\":\"https:\/\/elcomunista.org\/?p=13007\",\"url\":\"https:\/\/elcomunista.org\/?p=13007\",\"name\":\"Guatemala en Paro \u00a1Ninguna Confianza en las Instituciones del R\u00e9gimen!\u00a0\",\"isPartOf\":{\"@id\":\"https:\/\/elcomunista.org\/#website\"},\"primaryImageOfPage\":{\"@id\":\"https:\/\/elcomunista.org\/?p=13007#primaryimage\"},\"image\":{\"@id\":\"https:\/\/elcomunista.org\/?p=13007#primaryimage\"},\"thumbnailUrl\":\"https:\/\/elcomunista.org\/wp-content\/uploads\/2023\/10\/0b2d4984-a2c9-4a05-b663-033f70c9f120-1536x864-1.webp\",\"datePublished\":\"2023-10-22T04:07:20+00:00\",\"dateModified\":\"2023-10-23T19:30:32+00:00\",\"breadcrumb\":{\"@id\":\"https:\/\/elcomunista.org\/?p=13007#breadcrumb\"},\"inLanguage\":\"es\",\"potentialAction\":[{\"@type\":\"ReadAction\",\"target\":[\"https:\/\/elcomunista.org\/?p=13007\"]}]},{\"@type\":\"ImageObject\",\"inLanguage\":\"es\",\"@id\":\"https:\/\/elcomunista.org\/?p=13007#primaryimage\",\"url\":\"https:\/\/elcomunista.org\/wp-content\/uploads\/2023\/10\/0b2d4984-a2c9-4a05-b663-033f70c9f120-1536x864-1.webp\",\"contentUrl\":\"https:\/\/elcomunista.org\/wp-content\/uploads\/2023\/10\/0b2d4984-a2c9-4a05-b663-033f70c9f120-1536x864-1.webp\",\"width\":1536,\"height\":864},{\"@type\":\"BreadcrumbList\",\"@id\":\"https:\/\/elcomunista.org\/?p=13007#breadcrumb\",\"itemListElement\":[{\"@type\":\"ListItem\",\"position\":1,\"name\":\"Portada\",\"item\":\"https:\/\/elcomunista.org\/\"},{\"@type\":\"ListItem\",\"position\":2,\"name\":\"Guatemala en Paro \u00a1Ninguna Confianza en las Instituciones del R\u00e9gimen!\u00a0\"}]},{\"@type\":\"WebSite\",\"@id\":\"https:\/\/elcomunista.org\/#website\",\"url\":\"https:\/\/elcomunista.org\/\",\"name\":\"Revoluci\u00f3n Comunista\",\"description\":\"Internacional Comunista Revolucionaria\",\"publisher\":{\"@id\":\"https:\/\/elcomunista.org\/#organization\"},\"potentialAction\":[{\"@type\":\"SearchAction\",\"target\":{\"@type\":\"EntryPoint\",\"urlTemplate\":\"https:\/\/elcomunista.org\/?s={search_term_string}\"},\"query-input\":{\"@type\":\"PropertyValueSpecification\",\"valueRequired\":true,\"valueName\":\"search_term_string\"}}],\"inLanguage\":\"es\"},{\"@type\":\"Organization\",\"@id\":\"https:\/\/elcomunista.org\/#organization\",\"name\":\"Bloque Popular Juvenil\",\"url\":\"https:\/\/elcomunista.org\/\",\"logo\":{\"@type\":\"ImageObject\",\"inLanguage\":\"es\",\"@id\":\"https:\/\/elcomunista.org\/#\/schema\/logo\/image\/\",\"url\":\"https:\/\/bloquepopularjuvenil.org\/wp-content\/uploads\/2018\/11\/bpj-militante.jpg\",\"contentUrl\":\"https:\/\/bloquepopularjuvenil.org\/wp-content\/uploads\/2018\/11\/bpj-militante.jpg\",\"width\":4000,\"height\":1390,\"caption\":\"Bloque Popular Juvenil\"},\"image\":{\"@id\":\"https:\/\/elcomunista.org\/#\/schema\/logo\/image\/\"},\"sameAs\":[\"https:\/\/www.facebook.com\/Bloquepopularjuvenil\",\"https:\/\/x.com\/ElBPJ\",\"https:\/\/www.instagram.com\/elbloque_bpj\/?hl=es-la\"]},{\"@type\":\"Person\",\"@id\":\"https:\/\/elcomunista.org\/#\/schema\/person\/e070ce76b01e8720e27ac0d46b82063f\",\"name\":\"Juan de la Cruz\",\"image\":{\"@type\":\"ImageObject\",\"inLanguage\":\"es\",\"@id\":\"https:\/\/elcomunista.org\/#\/schema\/person\/image\/\",\"url\":\"https:\/\/secure.gravatar.com\/avatar\/1aac3a8e4bbf29ce7030b8cd6a02f12b?s=96&d=mm&r=g\",\"contentUrl\":\"https:\/\/secure.gravatar.com\/avatar\/1aac3a8e4bbf29ce7030b8cd6a02f12b?s=96&d=mm&r=g\",\"caption\":\"Juan de la Cruz\"},\"description\":\"Editor del peri\u00f3dico El Comunista, vocero de la secci\u00f3n salvadore\u00f1a de la Internacional Comunista Revolucionaria (ICR)\",\"sameAs\":[\"http:\/\/www.bloquepopularjuvenil.org\",\"https:\/\/www.facebook.com\/JuandeLaCruzBPJ\",\"https:\/\/x.com\/juandelacruzcmi\"],\"url\":\"https:\/\/elcomunista.org\/?author=8\"}]}<\/script>\n<!-- \/ Yoast SEO plugin. -->","yoast_head_json":{"title":"Guatemala en Paro \u00a1Ninguna Confianza en las Instituciones del R\u00e9gimen!\u00a0","robots":{"index":"index","follow":"follow","max-snippet":"max-snippet:-1","max-image-preview":"max-image-preview:large","max-video-preview":"max-video-preview:-1"},"canonical":"https:\/\/elcomunista.org\/?p=13007","og_locale":"es_ES","og_type":"article","og_title":"Guatemala en Paro \u00a1Ninguna Confianza en las Instituciones del R\u00e9gimen!\u00a0","og_description":"Han pasado ya m\u00e1s de 20 d\u00edas desde que inici\u00f3 el paro nacional en Guatemala que exige la renuncia de la fiscal general Consuelo Porras. Al paro se han unido voluntariamente una gran cantidad de sectores de la sociedad y est\u00e1 conformado por la poblaci\u00f3n ind\u00edgena (los que iniciaron el paro), poblaci\u00f3n campesina, estudiantes y...","og_url":"https:\/\/elcomunista.org\/?p=13007","og_site_name":"Revoluci\u00f3n Comunista","article_publisher":"https:\/\/www.facebook.com\/Bloquepopularjuvenil","article_author":"https:\/\/www.facebook.com\/JuandeLaCruzBPJ","article_published_time":"2023-10-22T04:07:20+00:00","article_modified_time":"2023-10-23T19:30:32+00:00","og_image":[{"width":1536,"height":864,"url":"https:\/\/elcomunista.org\/wp-content\/uploads\/2023\/10\/0b2d4984-a2c9-4a05-b663-033f70c9f120-1536x864-1.webp","type":"image\/webp"}],"author":"Juan de la Cruz","twitter_card":"summary_large_image","twitter_creator":"@juandelacruzcmi","twitter_site":"@ElBPJ","twitter_misc":{"Escrito por":"Juan de la Cruz","Tiempo de lectura":"12 minutos"},"schema":{"@context":"https:\/\/schema.org","@graph":[{"@type":"Article","@id":"https:\/\/elcomunista.org\/?p=13007#article","isPartOf":{"@id":"https:\/\/elcomunista.org\/?p=13007"},"author":{"name":"Juan de la Cruz","@id":"https:\/\/elcomunista.org\/#\/schema\/person\/e070ce76b01e8720e27ac0d46b82063f"},"headline":"Guatemala en Paro \u00a1Ninguna Confianza en las Instituciones del R\u00e9gimen!\u00a0","datePublished":"2023-10-22T04:07:20+00:00","dateModified":"2023-10-23T19:30:32+00:00","mainEntityOfPage":{"@id":"https:\/\/elcomunista.org\/?p=13007"},"wordCount":2711,"commentCount":0,"publisher":{"@id":"https:\/\/elcomunista.org\/#organization"},"image":{"@id":"https:\/\/elcomunista.org\/?p=13007#primaryimage"},"thumbnailUrl":"https:\/\/elcomunista.org\/wp-content\/uploads\/2023\/10\/0b2d4984-a2c9-4a05-b663-033f70c9f120-1536x864-1.webp","keywords":["empresariado guatemalteco","Giammattei","Guatemala","MP","Paro Nacional","Porras"],"articleSection":["Centroam\u00e9rica","Guatemala","Principales"],"inLanguage":"es","potentialAction":[{"@type":"CommentAction","name":"Comment","target":["https:\/\/elcomunista.org\/?p=13007#respond"]}]},{"@type":"WebPage","@id":"https:\/\/elcomunista.org\/?p=13007","url":"https:\/\/elcomunista.org\/?p=13007","name":"Guatemala en Paro \u00a1Ninguna Confianza en las Instituciones del R\u00e9gimen!\u00a0","isPartOf":{"@id":"https:\/\/elcomunista.org\/#website"},"primaryImageOfPage":{"@id":"https:\/\/elcomunista.org\/?p=13007#primaryimage"},"image":{"@id":"https:\/\/elcomunista.org\/?p=13007#primaryimage"},"thumbnailUrl":"https:\/\/elcomunista.org\/wp-content\/uploads\/2023\/10\/0b2d4984-a2c9-4a05-b663-033f70c9f120-1536x864-1.webp","datePublished":"2023-10-22T04:07:20+00:00","dateModified":"2023-10-23T19:30:32+00:00","breadcrumb":{"@id":"https:\/\/elcomunista.org\/?p=13007#breadcrumb"},"inLanguage":"es","potentialAction":[{"@type":"ReadAction","target":["https:\/\/elcomunista.org\/?p=13007"]}]},{"@type":"ImageObject","inLanguage":"es","@id":"https:\/\/elcomunista.org\/?p=13007#primaryimage","url":"https:\/\/elcomunista.org\/wp-content\/uploads\/2023\/10\/0b2d4984-a2c9-4a05-b663-033f70c9f120-1536x864-1.webp","contentUrl":"https:\/\/elcomunista.org\/wp-content\/uploads\/2023\/10\/0b2d4984-a2c9-4a05-b663-033f70c9f120-1536x864-1.webp","width":1536,"height":864},{"@type":"BreadcrumbList","@id":"https:\/\/elcomunista.org\/?p=13007#breadcrumb","itemListElement":[{"@type":"ListItem","position":1,"name":"Portada","item":"https:\/\/elcomunista.org\/"},{"@type":"ListItem","position":2,"name":"Guatemala en Paro \u00a1Ninguna Confianza en las Instituciones del R\u00e9gimen!\u00a0"}]},{"@type":"WebSite","@id":"https:\/\/elcomunista.org\/#website","url":"https:\/\/elcomunista.org\/","name":"Revoluci\u00f3n Comunista","description":"Internacional Comunista Revolucionaria","publisher":{"@id":"https:\/\/elcomunista.org\/#organization"},"potentialAction":[{"@type":"SearchAction","target":{"@type":"EntryPoint","urlTemplate":"https:\/\/elcomunista.org\/?s={search_term_string}"},"query-input":{"@type":"PropertyValueSpecification","valueRequired":true,"valueName":"search_term_string"}}],"inLanguage":"es"},{"@type":"Organization","@id":"https:\/\/elcomunista.org\/#organization","name":"Bloque Popular Juvenil","url":"https:\/\/elcomunista.org\/","logo":{"@type":"ImageObject","inLanguage":"es","@id":"https:\/\/elcomunista.org\/#\/schema\/logo\/image\/","url":"https:\/\/bloquepopularjuvenil.org\/wp-content\/uploads\/2018\/11\/bpj-militante.jpg","contentUrl":"https:\/\/bloquepopularjuvenil.org\/wp-content\/uploads\/2018\/11\/bpj-militante.jpg","width":4000,"height":1390,"caption":"Bloque Popular Juvenil"},"image":{"@id":"https:\/\/elcomunista.org\/#\/schema\/logo\/image\/"},"sameAs":["https:\/\/www.facebook.com\/Bloquepopularjuvenil","https:\/\/x.com\/ElBPJ","https:\/\/www.instagram.com\/elbloque_bpj\/?hl=es-la"]},{"@type":"Person","@id":"https:\/\/elcomunista.org\/#\/schema\/person\/e070ce76b01e8720e27ac0d46b82063f","name":"Juan de la Cruz","image":{"@type":"ImageObject","inLanguage":"es","@id":"https:\/\/elcomunista.org\/#\/schema\/person\/image\/","url":"https:\/\/secure.gravatar.com\/avatar\/1aac3a8e4bbf29ce7030b8cd6a02f12b?s=96&d=mm&r=g","contentUrl":"https:\/\/secure.gravatar.com\/avatar\/1aac3a8e4bbf29ce7030b8cd6a02f12b?s=96&d=mm&r=g","caption":"Juan de la Cruz"},"description":"Editor del peri\u00f3dico El Comunista, vocero de la secci\u00f3n salvadore\u00f1a de la Internacional Comunista Revolucionaria (ICR)","sameAs":["http:\/\/www.bloquepopularjuvenil.org","https:\/\/www.facebook.com\/JuandeLaCruzBPJ","https:\/\/x.com\/juandelacruzcmi"],"url":"https:\/\/elcomunista.org\/?author=8"}]}},"jetpack_featured_media_url":"https:\/\/elcomunista.org\/wp-content\/uploads\/2023\/10\/0b2d4984-a2c9-4a05-b663-033f70c9f120-1536x864-1.webp","jetpack_likes_enabled":true,"jetpack_sharing_enabled":true,"_links":{"self":[{"href":"https:\/\/elcomunista.org\/index.php?rest_route=\/wp\/v2\/posts\/13007"}],"collection":[{"href":"https:\/\/elcomunista.org\/index.php?rest_route=\/wp\/v2\/posts"}],"about":[{"href":"https:\/\/elcomunista.org\/index.php?rest_route=\/wp\/v2\/types\/post"}],"author":[{"embeddable":true,"href":"https:\/\/elcomunista.org\/index.php?rest_route=\/wp\/v2\/users\/8"}],"replies":[{"embeddable":true,"href":"https:\/\/elcomunista.org\/index.php?rest_route=%2Fwp%2Fv2%2Fcomments&post=13007"}],"version-history":[{"count":0,"href":"https:\/\/elcomunista.org\/index.php?rest_route=\/wp\/v2\/posts\/13007\/revisions"}],"wp:featuredmedia":[{"embeddable":true,"href":"https:\/\/elcomunista.org\/index.php?rest_route=\/wp\/v2\/media\/13008"}],"wp:attachment":[{"href":"https:\/\/elcomunista.org\/index.php?rest_route=%2Fwp%2Fv2%2Fmedia&parent=13007"}],"wp:term":[{"taxonomy":"category","embeddable":true,"href":"https:\/\/elcomunista.org\/index.php?rest_route=%2Fwp%2Fv2%2Fcategories&post=13007"},{"taxonomy":"post_tag","embeddable":true,"href":"https:\/\/elcomunista.org\/index.php?rest_route=%2Fwp%2Fv2%2Ftags&post=13007"}],"curies":[{"name":"wp","href":"https:\/\/api.w.org\/{rel}","templated":true}]}}