{"id":13205,"date":"2023-11-30T15:20:07","date_gmt":"2023-11-30T21:20:07","guid":{"rendered":"http:\/\/bloquepopularjuvenil.org\/?p=13205"},"modified":"2023-11-30T15:23:25","modified_gmt":"2023-11-30T21:23:25","slug":"la-victoria-de-milei-una-ultraderecha-que-quiere-pero-puede","status":"publish","type":"post","link":"https:\/\/elcomunista.org\/?p=13205","title":{"rendered":"La victoria de Milei \u2013 Una ultraderecha que quiere, pero, \u00bfpuede?"},"content":{"rendered":"<p>Manuela R\u00edos Azurduy y Adriel<\/p>\n<hr \/>\n<p>Por primera vez en varias d\u00e9cadas, el ballotage implic\u00f3 la concentraci\u00f3n de todas las corrientes pol\u00edticas de masas del pa\u00eds, en s\u00f3lo dos grandes variantes de derecha. Y finalmente, la votaci\u00f3n se inclin\u00f3 hacia el programa de shock ultraderechista, es decir, hacia el reclamo de las patronales en el contexto de la agudizaci\u00f3n de la crisis.<\/p>\n<h2 class=\"wp-block-heading has-black-color has-text-color has-link-color wp-elements-a4d77d8f2d60f3201d1733cf3e17f18f\"><span style=\"color: #800000;\">El gobierno LLA como expresi\u00f3n de las pugnas Inter imperialistas en el marco de la crisis mundial del capitalismo<\/span><\/h2>\n<p>Hist\u00f3ricamente, la crisis org\u00e1nica del capital produce polarizaciones pol\u00edticas tanto a nivel internacional como dentro de las naciones \u2013polarizaciones que tambi\u00e9n son reflejo de la lucha de clases en cada pa\u00eds\u2013, de las que Argentina no es una excepci\u00f3n.<\/p>\n<p>La guerra de Ucrania, la guerra comercial entre China y los EEUU, el desarrollo pol\u00edtico del fen\u00f3meno BRICS o las posiciones encontradas de cara a la masacre sionista en Palestina, son todas arenas de guerra de distinto tipo, en las que se gestan agrupamientos a ambos lados de las trincheras.<\/p>\n<p>En ese sentido, a pesar de su demagogia discursiva pseudonacionalista, en la que se vende como un defensor de los intereses nacionales, la propuesta de Milei es absolutamente pro yanqui, o sea, totalmente arrodillada a los intereses del principal bloque imperialista del planeta. Esto se expresa claramente en su alineaci\u00f3n con el polo capitalista formado entorno a la OTAN, que impulsa la guerra de Ucrania contra los intereses del imperialismo ruso, apoya y sostiene el genocidio palestino en manos de Israel y, en el \u00e1mbito del desarrollo comercial con Argentina \u2013enti\u00e9ndase injerencia\u2013, no implicar\u00e1 sino una p\u00e9rfida apertura del mercado nacional para la libre explotaci\u00f3n de los recursos naturales por los capitales imperialistas: oro, cobre, petr\u00f3leo, litio y agua.<\/p>\n<p>No en vano, las primeras visitas diplom\u00e1ticas de Milei ser\u00e1n, dicho por \u00e9l mismo, a los EEUU e Israel \u2013a la misma hora oprobiosa en la que Netanyahu y las IDF siguen masacrando por miles al pueblo palestino\u2013. Ante sus amos en Washington y sus amigos de Israel, Milei, que aspira liberar a la Argentina de los \u201czurdos de mierda\u201d, mostrar\u00e1 una pol\u00edtica de genuflexi\u00f3n vergonzosa a la hora de discutir la situaci\u00f3n econ\u00f3mica de Argentina, hist\u00f3ricamente rezagada frente en relaci\u00f3n al poder\u00edo de los principales capitales imperialistas del mundo.<\/p>\n<h2><span style=\"color: #800000;\">La posici\u00f3n del FMI ante el nuevo gobierno<\/span><\/h2>\n<p>Antes del ballotage y las generales hab\u00edamos planteado que Massa ten\u00eda el buen visto del FMI, y consideramos que esto era correcto entonces, en tanto Massa representaba, para los capitales imperialistas, un sector de la burgues\u00eda local y el FMI, la posibilidad de seguir aplicando el ajuste con una gradualidad tal que podr\u00eda lograr evitar \u2013al menos parcialmente\u2013 un levantamiento de la clase obrera. Pero no siempre las cosas resultan como lo quieren los estrategas del capital.<\/p>\n<p>En esa misma l\u00ednea, es l\u00f3gico que el apoyo de un sector de JxC, con Macri y Bullrich a la cabeza, que representan a un importante sector de la burgues\u00eda argentina, a que el Fondo Monetario Internacional diese, finalmente, el visto bueno a un posible nuevo gobierno de La Libertad Avanza. Ello, a pesar de la persistente agitaci\u00f3n de Milei por la puesta en marcha de una pol\u00edtica econ\u00f3mica de tierra arrasada \u2013incluso para los criterios y par\u00e1metros neoliberales-. Pero ahora, junto a Macri, Javier Milei expresa la injerencia patente del Fondo Monetario Internacional sobre la direcci\u00f3n del pa\u00eds y la vida pol\u00edtica y econ\u00f3mica de la Argentina.<\/p>\n<h2><span style=\"color: #800000;\">La acumulaci\u00f3n de fuerzas de cara al ballotage y su expresi\u00f3n dentro del nuevo gobierno LLA<\/span><\/h2>\n<p>La LLA, en principio derrotada en octubre, fue recolectando fuerzas \u201cpositivas\u201d en torno al balotaje, que le permitieron remontar los resultados de las generales, e incluso, derrotar c\u00f3modamente a UxP. Ejemplo de esto, la parte mayoritaria o activa que se llev\u00f3 del PRO, as\u00ed como los votos de Schiaretti en C\u00f3rdoba o por lo menos un porcentaje abultado de \u00e9stos. All\u00ed, Milei cosech\u00f3 una votaci\u00f3n del 80%.<\/p>\n<p>Aunque como hemos dicho, en los hechos las dos fuerzas que disputaron gobierno en el ballotage han funcionado como coaliciones de derecha, UxP fue vista por un sector de las masas y la vanguardia, como la \u00fanica alternativa para frenar a la reacci\u00f3n encarnada en el espacio de Milei y C\u00eda. No obstante, a pesar de la propaganda de miedo que emple\u00f3 UxP contra Milei en la campa\u00f1a, la acumulaci\u00f3n de fuerzas que logr\u00f3 LLA en los espacios de la derecha tradicional, le permiti\u00f3 obtener la victoria. A pesar de su demagogia anticasta, Milei pudo superar a UxP<em>\u00a0gracias al apoyo electoral de la casta.<\/em><\/p>\n<p>Ahora bien, a pesar del amplio margen de votos obtenido por su candidato presidencial, el nuevo gobierno de LLA no se enfrentar\u00e1 a una correlaci\u00f3n de fuerzas tan favorable como podr\u00eda pensarse. De hecho, debe ser la primera vez en la historia en la cual la jefatura del Estado Nacional estar\u00e1 en manos de una fuerza pol\u00edtica que no gobierna ninguna provincia, y se encuentra asimismo en minor\u00eda parlamentaria.<\/p>\n<p>En lo que respecta al arco de fuerzas de derecha que apoyaron a Milei, la cuesti\u00f3n de la correlaci\u00f3n de fuerzas tambi\u00e9n se ha expresado ya en la formaci\u00f3n de gobierno.<\/p>\n<p>LLA aspira tener un aparato de desarrollo nacional, pero no puede debido a su deficiente estructura y la inexperiencia de sus cuadros \u2013o la carencia de estos, mejor dicho-. Posiblemente, con el PRO tampoco alcance, aunque esta fuerza tiene mayor tradici\u00f3n, tama\u00f1o y estructura. A ello se sumar\u00e1 la puja entre el bloque Milei y el bloque Macri en el nuevo gobierno, para imponer al shock la velocidad y profundidad que cada tendencia aspira imprimirle, as\u00ed como las presiones de distintos sectores de los capitalistas. La bajada de Ocampo -BCRA- y P\u00edparo \u2013ANSES- son precisamente una expresi\u00f3n de esto, y pone en evidencia que Macri est\u00e1 cobrando a Milei los votos puestos por su aparato en la victoria del libertario.<\/p>\n<p>En cualquier caso, lo que s\u00ed ha quedado claro hasta ahora, con los ministros designados en los \u00faltimos d\u00edas, como Caputo en Econom\u00eda y Bullrich en seguridad, es que el gobierno Milei es, a contrav\u00eda de su discurso demag\u00f3gico, un gobierno\u00a0<em>de la casta, por la casta y para la casta.<\/em><\/p>\n<h2><span style=\"color: #800000;\">Las relaciones internacionales del nuevo gobierno. Lo que quiere Milei y lo que realmente puede.<\/span><\/h2>\n<p>Como hemos se\u00f1alado, Massa tambi\u00e9n es una variante de derecha, que representa los intereses del FMI y de Washington en la Argentina, y se expres\u00f3 a favor del \u201cderecho de autodefensa de Israel\u201d. Sin embargo, a diferencia de Milei, opt\u00f3 por una pol\u00edtica m\u00e1s \u201cequilibrada\u201d en el terreno del comercio internacional, y en la b\u00fasqueda de fondos para cumplir con los pagos del FMI: recurri\u00f3 a los fondos SWAP con la moneda china, a la vez que coqueteo con el BRICS, con la idea del\u00a0<em>mundo multipolar<\/em>.<\/p>\n<p>Este planteo fue impugnado por el espacio del libertario, que, mostrando con ferocidad su determinaci\u00f3n de alinearse con el polo OTAN\/Israel y romper relaciones con pa\u00edses \u201ccomunistas\u201d como Brasil y China, manifiesta a boca de jarra que las relaciones pol\u00edticas con estos \u00faltimos no importan, m\u00e1s all\u00e1 del intercambio comercial. No importan, porque seg\u00fan los absurdos ideales anarcocapitalistas de Milei, se trata de un acuerdo entre privados y, si no vendemos a unos, podemos vender lo que producimos a otros.<\/p>\n<p>Pero, para desgracia de Milei, ten\u00eda raz\u00f3n Lenin cuando dec\u00eda que los hechos son testarudos.<\/p>\n<p>El martes 21 de noviembre, apenas dos d\u00edas despu\u00e9s del ballotage, la portavoz del Ministerio de Asuntos Exteriores, Mao Ning, a la vez que aprovech\u00f3 a saludar al nuevo presidente durante su alocuci\u00f3n semanal, le advirti\u00f3 que romper relaciones con China ser\u00eda un \u201cgrave error\u201d<\/p>\n<p>En efecto, las consecuencias de una abrupta y gigantesca dislocaci\u00f3n de la producci\u00f3n sojera, como consecuencia de una ruptura de las relaciones sino-argentinas, tendr\u00eda efectos devastadores no s\u00f3lo para los beneficios de los grandes capitalistas de la soja \u2013muchos de los cuales apoyaron en cuerpo y alma al libertario-, sino para la econom\u00eda en general de vastas regiones del interior del pa\u00eds. Una acci\u00f3n tal comenzar\u00eda a poner dinamita, desde el principio, en los cimientos de un gobierno cuya estabilidad est\u00e1 a\u00fan por verse.<\/p>\n<p>Sin embargo, el mi\u00e9rcoles 22 de noviembre, la futura canciller del gobierno Milei, Diana Mondino, tuvo una reuni\u00f3n privada con el embajador chino en Buenos Aires, quien le entreg\u00f3 una carta de felicitaci\u00f3n del premier Xi Jinping a Milei por su victoria, en la cual le invita a mantener la cooperaci\u00f3n existente entre ambas naciones. En respuesta, Mondino invit\u00f3 al embajador al acto de toma de posesi\u00f3n del nuevo presidente.<\/p>\n<p>Parece pues, que comienzan a arreciar vientos de un nuevo acomodamiento y de limitaci\u00f3n a los deseos y sue\u00f1os del libertario. A pesar de su verborrea apasionada, es posible que la realidad fuerce a Milei, en este aspecto al menos, a parecerse a m\u00e1s a Massa y menos a Trump, de lo que el libertario desear\u00eda.<\/p>\n<p>En lo que respecta al BRICS, Modino expres\u00f3 que Argentina no ingresar\u00e1 a los BRICS, a pesar de que el pa\u00eds tiene invitaci\u00f3n para ingresar en enero de 2024. \u00bfPodr\u00e1 mantener el gobierno la misma intransigencia frente a Brasil y romper relaciones? Brasil es el principal comprador de veh\u00edculos ensamblados en la Argentina. Aqu\u00ed, se repite el ejemplo de la soja se\u00f1alado arriba. Tarde o temprano, los sectores de la burgues\u00eda afectados por las pol\u00edticas \u201clocas\u201d de Milei, que causar\u00edan una abrupta dislocaci\u00f3n productiva, ejercer\u00e1n presi\u00f3n sobre el gobierno, sobre todo, posiblemente, a trav\u00e9s del ala Macri\/JxC. Y a ello debemos a\u00f1adir las movilizaciones obreras que una medida de ese tipo desencadenar\u00eda.<\/p>\n<h2><span style=\"color: #800000;\">Un Plan de ajuste salvaje<\/span><\/h2>\n<p>La Libertad Avanza se ha transformado de un eslogan electoralista en un t\u00edtere de la burgues\u00eda y del capital financiero, fuerzas que comienzan a exigir r\u00e1pidas medidas de shock para avanzar sobre las reformas impositivas, laborales y previsionales, como viene sucediendo a nivel internacional. A las y los trabajadores no nos debe quedar duda alguna de que\u00a0<em>vienen por las conquistas obreras.<\/em><\/p>\n<p>Antes del ballotage, las grandes patronales jugaron con el ajuste con la complicidad de Massa. El ministro presidente daba concesiones con una mano a los trabajadores para que la devaluaci\u00f3n y la inflaci\u00f3n se las quitar\u00e1 con la otra. Una y otra vez, este juego entre persistente entre el aumento de salarios y beneficios sociales, y la devaluaci\u00f3n e inflaci\u00f3n, demostr\u00f3 la inviabilidad del intento de conciliar los intereses de la clase obrera y los capitalistas.<\/p>\n<p>Milei espera resolver de golpe este juego, levantando todos los controles existentes en la econom\u00eda para favorecer la \u201clibre concurrencia\u201d de los capitalistas, lo que se traducir\u00e1 en lo inmediato en saltos bruscos en la devaluaci\u00f3n e inflaci\u00f3n, e implica un severo aplastamiento del ingreso obrero en beneficio del capital. Justo despu\u00e9s de las elecciones, diversos bienes de consumo comenzaron a llegar a las cadenas de supermercados con aumentos de hasta 45% en algunos casos. Por otro lado, se estima que para diciembre la inflaci\u00f3n puede alcanzar entre un 14,5% y un 17%, dejando atr\u00e1s la inflaci\u00f3n de 11,5% de noviembre.<\/p>\n<p>Sin embargo, a\u00fan est\u00e1 por verse la profundidad, rapidez y gravedad de las medidas. Al fin y al cabo, el ideal anarcocapitalista o libertariano puros, no existe en ninguna econom\u00eda capitalista del mundo, ni siquiera en aquellas donde el Estado ha sido achicado significativamente sobre la base de pol\u00edticas neoliberales. En parte, como hemos dicho, esto depender\u00e1 tambi\u00e9n de c\u00f3mo resulte la contradicci\u00f3n entre el ala Macri y el ala Milei por imponer sus improntas a la marcha de los acontecimientos.<\/p>\n<p>Antes del ballotage, a los capitalistas -o por lo menos a una gran porci\u00f3n de ellos-, Milei les abr\u00eda un abanico de incertidumbre, sumado a que a\u00fan no exist\u00eda libre fluctuaci\u00f3n del d\u00f3lar ni hab\u00eda unificaci\u00f3n de todos los tipos de cambio: o sea, los capitalistas demandaban un sinceramiento de su propuesta de devaluaci\u00f3n, y de c\u00f3mo ser\u00eda llevada a cabo.<\/p>\n<p>Pero, \u00bfde qu\u00e9 habla Milei y su gente cuando hablan de dolarizaci\u00f3n?<\/p>\n<p>En realidad, se trata del reclamo de un sector de la burgues\u00eda y del imperialismo de la dolarizaci\u00f3n, no es m\u00e1s que la libre fluctuaci\u00f3n del d\u00f3lar, el fin del cepo, la liberaci\u00f3n de las tarifas, la reforma laboral bajo la destrucci\u00f3n de los convenios colectivos de trabajo. En dos palabras: ajuste salvaje.\u00a0<em>Con el triunfo de Milei, la burgues\u00eda se ha subido al carro de una pol\u00edtica de shock en el ajuste.<\/em><\/p>\n<h2><span style=\"color: #800000;\">El papel de la burocracia sindical ante los anuncios de un plan de ajuste salvaje<\/span><\/h2>\n<p>En todo este an\u00e1lisis, se hace necesario considerar el papel de la burocracia sindical. Milei ten\u00eda s\u00f3lo el apoyo de la burocracia de los Barrionuevo. Luego, se sum\u00f3 un peque\u00f1o n\u00facleo de sindicatos que apoyaron a Bullrich durante la campa\u00f1a. Milei y la burgues\u00eda tienen plena conciencia de que necesitan el apoyo de la burocracia sindical para hacer pasar el ajuste.<\/p>\n<p>En los \u00faltimos d\u00edas, varios directivos de la CGT se han reunido para declarar su oposici\u00f3n al plan econ\u00f3mico de Milei. En palabras de H\u00e9ctor Daer, dirigente de Sanidad, no dar\u00e1n \u201csi avanzan sobre los derechos sindicales, vamos a tomar medidas\u201d. Pero eso est\u00e1 por verse. Tal y como lo han demostrado en el pasado, los gordos de la CGT son capaces de negociar de espaldas a su base y vender los intereses y conquistas de la clase. Llegado un cierto punto, si el gobierno se muestra determinado a eliminar las obras sociales, es posible que los gordos claudiquen, vendan a sus afiliados y negocien una buena tajada para s\u00ed. En todo caso, esto podr\u00eda precipitar la lucha dentro de los sindicatos por echar abajo las actuales directivas burocr\u00e1ticas, provocando un alzamiento de los delegados de base y afiliados. Debemos estar preparados para acontecimientos de esta naturaleza.<\/p>\n<h2><span style=\"color: #800000;\">Las causas de la derrota de Massa y la crisis del peronismo<\/span><\/h2>\n<p>La candidatura de Massa fue la expresi\u00f3n del agotamiento de l\u00edderes o representantes en el conjunto del peronismo. Se lo impuls\u00f3 como un candidato consensuado, porque no ten\u00edan m\u00e1s cartas para quemar ante el paquete de ajuste y devaluaci\u00f3n que hab\u00eda que ejecutar. Era, adem\u00e1s, hasta la victoria de Milei, el candidato seleccionado por el FMI para llevar adelante su agenda en Argentina de forma \u201cpac\u00edfica\u201d y \u201cdemocr\u00e1tica\u201d.<\/p>\n<p>En 2019, la candidatura de Alberto Fern\u00e1ndez se present\u00f3 como un factor auxiliar al manejo del Estado por parte del peronismo, para administrar la crisis capitalista buscando \u201cno golpear tan duro\u201d a las masas trabajadoras. Muy pronto, sin embargo, esta figura se agot\u00f3, y entr\u00f3 en escena el ministro Massa para administrar con mayor firmeza el ajuste que exig\u00edan los capitalistas. As\u00ed, el ministro se convirti\u00f3 en superministro primero, luego presidente de facto, y finalmente, candidato presidencial, m\u00e1s sin lograr superar las expectativas planteadas por el capital ni por las masas trabajadoras, precisamente, porque una pol\u00edtica de conciliaci\u00f3n de clases termina siendo siempre inviable.<\/p>\n<p>El desarrollo de emisi\u00f3n monetaria para buscar apoyo social a su favor s\u00f3lo le alcanz\u00f3 para llegar al ballotage. Al mismo tiempo, la represi\u00f3n en Jujuy y las dem\u00e1s formas de coerci\u00f3n de los trabajadores avaladas por su gobierno, ayudaron a cortar la misma rama sobre la que estaba sentado el ministro candidato. Las fuerzas que trat\u00f3 de convocar, reagrupando desprendimientos de JxC, no sumaron m\u00e1s que peso muerto, y no le transfirieron nada en concreto en las urnas. Lo mismo ocurri\u00f3 en el terreno de los gobernadores radicales que le apoyaron. En esos espacios tambi\u00e9n perdi\u00f3 rotundamente. Al final, la derrota de Massa es perfectamente comprensible, sin necesidad de apelar a justificativos absurdos como la \u201cderrota cultural\u201d, porque su candidatura cabalgaba sobre una inflaci\u00f3n anual del 150%, una devaluaci\u00f3n del 70% en seis meses, el crecimiento del desempleo y trabajo informal, y el aumento de la pobreza hasta el 40%. Era una carrera hacia la derrota.<\/p>\n<p>La crisis del r\u00e9gimen burgu\u00e9s hoy tiene una relaci\u00f3n directa con la ca\u00edda electoral del peronismo. Una vez m\u00e1s, hay que entender que la figura de Massa apareci\u00f3 debido a una serie de accidentes pol\u00edticos como ministro de econom\u00eda, y que aprovech\u00f3 su corriente, el Frente Renovador, sobre las espaldas del aparato del Peronismo, para tomar la direcci\u00f3n estatal. Ahora este juego de roles lleg\u00f3 a su fin, y es la ca\u00edda del Frente Renovador y la UCR ante la explosi\u00f3n de JxC, lo que ha dejado m\u00e1s sangre sobre el campo de batalla.<\/p>\n<p>El avance de un programa de ultraderecha, puede entenderse entonces como el desvanecimiento del centro y la capitalizaci\u00f3n de este sector por las fuerzas reaccionarias de LLA. Esto tambi\u00e9n es posible debido a la volatilidad o la movilidad moment\u00e1nea de las bases obreras hacia esta direcci\u00f3n. Durante la campa\u00f1a las centrales sindicales se manifestaron en su mayor\u00eda, con fuertes campa\u00f1as en defensa de la educaci\u00f3n y salud p\u00fablica, as\u00ed como de los derechos de la comunidad LGTBQ+ y de las mujeres, pero sin resultados favorables.<\/p>\n<p>La incapacidad para resolver los problemas elementales de la clase obrera por parte del oficialismo, colabor\u00f3 con este movimiento favorable de los electores hacia un candidato que vociferaba repetidamente la consigna de la liquidaci\u00f3n del viejo establishment-casta, y que, no obstante, ahora ofrece los rostros de la vieja casta, pero disfrazados con traje nuevo, y ser\u00e1 puesta a prueba en el nuevo ciclo de gobierno.<\/p>\n<p>Por su parte, el peronismo, que querr\u00e1 plantarse en el otro lado del mostrador \u2013porque primero fue ajustador, y ahora intentar\u00e1 posar de oposici\u00f3n-, tiene la piedra\/marca de ser no s\u00f3lo la fuerza responsable de las actuales condiciones de vida de hambre y miseria del pueblo trabajador, sino de haber abonado el terreno para el surgimiento y desarrollo de una variante ultraderechista.<\/p>\n<h2><span style=\"color: #800000;\">La izquierda y las tareas del movimiento obrero<\/span><\/h2>\n<p>En todo este contexto, es vital tambi\u00e9n analizar la campa\u00f1a de la izquierda, que ha venido manifestando adaptaci\u00f3n al parlamentarismo. A pesar de las abstenciones y de la ca\u00edda del piso de votantes, contradictoriamente, la izquierda ha logrado ingresar 5 diputados en el parlamento burgu\u00e9s.<\/p>\n<p>La campa\u00f1a de la izquierda no ha logrado conectar con el conjunto de la clase obrera o con las capas m\u00e1s amplias de las masas trabajadoras. Las tendencias electoralistas dentro del FIT-U de cara al parlamento, se expresaron en las posiciones encontradas en su seno ante el ballotage, donde el sector minoritario Izquierda Socialista IS llam\u00f3 a votar cr\u00edticamente a Massa-UP y el Kirchnerismo, a pesar de ser hoy un frente patronal que viene aplicando el ajuste del FMI y ha preparado el terreno para el ascenso de la ultraderecha. Esta fuerza pol\u00edtica gan\u00f3 junto al PTS la interna de las PASO contra el PO-MST. El desv\u00edo de sus programas y la puesta de expectativas en la democracia burguesa, han venido colocando al FIT-U fuera del alcance de las bases obreras.<\/p>\n<p>Es de destacar que los resultados electorales no representan una derrota del movimiento obrero, pero est\u00e1 en las manos de la clase, de su vanguardia, y de las direcciones que existen actualmente, plantear el desarrollo de organismos de masas hacia una lucha pol\u00edtica e ideol\u00f3gica en su seno. Por un lado, se hace m\u00e1s palpable que nunca la necesidad de recuperar las direcciones sindicales, comenzando a dar los primeros pasos en asambleas democr\u00e1ticas, que impulsen un programa acci\u00f3n pol\u00edtica ante el ataque patronal y las condiciones que han puesto en la mesa los capitalistas y el FMI, de la mano del massismo primero, y ahora del gobierno libertario.<\/p>\n<p>Los desarrollos de estas deliberaciones pol\u00edticas, en base a las perspectivas de organizar una lucha de conjunto, ayudar\u00e1n a forjar a la nueva direcci\u00f3n que necesita el movimiento obrero. As\u00ed, por ejemplo, manifestamos nuestra solidaridad y ratificamos nuestro apoyo a las asambleas de trabajadoras y trabajadores que durante los \u00faltimos d\u00edas se han desarrollado en medios p\u00fablicos, empresas de construcci\u00f3n vinculadas a la obra p\u00fablica, y dem\u00e1s centros de trabajo amenazados por la ofensiva privatizadora en ciernes, anunciada por el nuevo gobierno. Estas experiencias deben seguir desarroll\u00e1ndose y extendiendo a todos los sectores de la econom\u00eda, en la perspectiva de convocar a un Congreso Obrero. En esta misma l\u00ednea, otro ejemplo notable ha sido la convocatoria de urgencia de un plenario de delegados de ATE Capital. La seccional ha llamado a efectuar asambleas por centro de trabajo, una nueva plenaria el 27, y una movilizaci\u00f3n el d\u00eda 30 hacia el parlamento.<\/p>\n<p>La instancia del Congreso Obrero, debe servir para plantear el desarrollo de un programa m\u00ednimo que exprese las demandas m\u00e1s elementales de los de abajo, vinculado a la construcci\u00f3n de una verdadera oposici\u00f3n revolucionaria frente al plan de ajuste y privatizaciones del gobierno Milei\/Macri, poniendo en la agenda de debate la cuesti\u00f3n de la huelga general y el Poder Obrero.<\/p>\n<p>Formar la direcci\u00f3n que necesitamos: el Partido Revolucionario se hace imprescindible.<\/p>\n<p>Al liberalismo y sus protofascistas los combatimos en la lucha de clases.<\/p>\n","protected":false},"excerpt":{"rendered":"<p>Manuela R\u00edos Azurduy y Adriel Por primera vez en varias d\u00e9cadas, el ballotage implic\u00f3 la concentraci\u00f3n de todas las corrientes pol\u00edticas de masas del pa\u00eds, en s\u00f3lo dos grandes variantes de derecha. Y finalmente, la votaci\u00f3n se inclin\u00f3 hacia el programa de shock ultraderechista, es decir, hacia el reclamo de las patronales en el contexto&#8230;<\/p>\n","protected":false},"author":18,"featured_media":13206,"comment_status":"open","ping_status":"open","sticky":false,"template":"","format":"standard","meta":{"_monsterinsights_skip_tracking":false,"_monsterinsights_sitenote_active":false,"_monsterinsights_sitenote_note":"","_monsterinsights_sitenote_category":0,"_uf_show_specific_survey":0,"_uf_disable_surveys":false,"_jetpack_memberships_contains_paid_content":false,"footnotes":""},"categories":[14,17,537],"tags":[281,73,2026],"class_list":["post-13205","post","type-post","status-publish","format-standard","has-post-thumbnail","hentry","category-america-del-sur","category-argentina","category-principales","tag-argentina","tag-elecciones","tag-milei"],"aioseo_notices":[],"yoast_head":"<!-- This site is optimized with the Yoast SEO plugin v25.6 - https:\/\/yoast.com\/wordpress\/plugins\/seo\/ -->\n<title>La victoria de Milei \u2013 Una ultraderecha que quiere, pero, \u00bfpuede?<\/title>\n<meta name=\"robots\" content=\"index, follow, max-snippet:-1, max-image-preview:large, max-video-preview:-1\" \/>\n<link rel=\"canonical\" href=\"https:\/\/elcomunista.org\/?p=13205\" \/>\n<meta property=\"og:locale\" content=\"es_ES\" \/>\n<meta property=\"og:type\" content=\"article\" \/>\n<meta property=\"og:title\" content=\"La victoria de Milei \u2013 Una ultraderecha que quiere, pero, \u00bfpuede?\" \/>\n<meta property=\"og:description\" content=\"Manuela R\u00edos Azurduy y Adriel Por primera vez en varias d\u00e9cadas, el ballotage implic\u00f3 la concentraci\u00f3n de todas las corrientes pol\u00edticas de masas del pa\u00eds, en s\u00f3lo dos grandes variantes de derecha. Y finalmente, la votaci\u00f3n se inclin\u00f3 hacia el programa de shock ultraderechista, es decir, hacia el reclamo de las patronales en el contexto...\" \/>\n<meta property=\"og:url\" content=\"https:\/\/elcomunista.org\/?p=13205\" \/>\n<meta property=\"og:site_name\" content=\"Revoluci\u00f3n Comunista\" \/>\n<meta property=\"article:publisher\" content=\"https:\/\/www.facebook.com\/Bloquepopularjuvenil\" \/>\n<meta property=\"article:published_time\" content=\"2023-11-30T21:20:07+00:00\" \/>\n<meta property=\"article:modified_time\" content=\"2023-11-30T21:23:25+00:00\" \/>\n<meta property=\"og:image\" content=\"https:\/\/elcomunista.org\/wp-content\/uploads\/2023\/11\/Argentina_Image_public_domain.jpg\" \/>\n\t<meta property=\"og:image:width\" content=\"696\" \/>\n\t<meta property=\"og:image:height\" content=\"412\" \/>\n\t<meta property=\"og:image:type\" content=\"image\/jpeg\" \/>\n<meta name=\"author\" content=\"Corriente Socialista Militante - Argentina\" \/>\n<meta name=\"twitter:card\" content=\"summary_large_image\" \/>\n<meta name=\"twitter:creator\" content=\"@ElBPJ\" \/>\n<meta name=\"twitter:site\" content=\"@ElBPJ\" \/>\n<meta name=\"twitter:label1\" content=\"Escrito por\" \/>\n\t<meta name=\"twitter:data1\" content=\"Corriente Socialista Militante - Argentina\" \/>\n\t<meta name=\"twitter:label2\" content=\"Tiempo de lectura\" \/>\n\t<meta name=\"twitter:data2\" content=\"19 minutos\" \/>\n<script type=\"application\/ld+json\" class=\"yoast-schema-graph\">{\"@context\":\"https:\/\/schema.org\",\"@graph\":[{\"@type\":\"Article\",\"@id\":\"https:\/\/elcomunista.org\/?p=13205#article\",\"isPartOf\":{\"@id\":\"https:\/\/elcomunista.org\/?p=13205\"},\"author\":{\"name\":\"Corriente Socialista Militante - Argentina\",\"@id\":\"https:\/\/elcomunista.org\/#\/schema\/person\/80251289d3811111daae983f9b3af9c6\"},\"headline\":\"La victoria de Milei \u2013 Una ultraderecha que quiere, pero, \u00bfpuede?\",\"datePublished\":\"2023-11-30T21:20:07+00:00\",\"dateModified\":\"2023-11-30T21:23:25+00:00\",\"mainEntityOfPage\":{\"@id\":\"https:\/\/elcomunista.org\/?p=13205\"},\"wordCount\":3716,\"commentCount\":0,\"publisher\":{\"@id\":\"https:\/\/elcomunista.org\/#organization\"},\"image\":{\"@id\":\"https:\/\/elcomunista.org\/?p=13205#primaryimage\"},\"thumbnailUrl\":\"https:\/\/elcomunista.org\/wp-content\/uploads\/2023\/11\/Argentina_Image_public_domain.jpg\",\"keywords\":[\"Argentina\",\"Elecciones\",\"Milei\"],\"articleSection\":[\"Am\u00e9rica del Sur\",\"Argentina\",\"Principales\"],\"inLanguage\":\"es\",\"potentialAction\":[{\"@type\":\"CommentAction\",\"name\":\"Comment\",\"target\":[\"https:\/\/elcomunista.org\/?p=13205#respond\"]}]},{\"@type\":\"WebPage\",\"@id\":\"https:\/\/elcomunista.org\/?p=13205\",\"url\":\"https:\/\/elcomunista.org\/?p=13205\",\"name\":\"La victoria de Milei \u2013 Una ultraderecha que quiere, pero, \u00bfpuede?\",\"isPartOf\":{\"@id\":\"https:\/\/elcomunista.org\/#website\"},\"primaryImageOfPage\":{\"@id\":\"https:\/\/elcomunista.org\/?p=13205#primaryimage\"},\"image\":{\"@id\":\"https:\/\/elcomunista.org\/?p=13205#primaryimage\"},\"thumbnailUrl\":\"https:\/\/elcomunista.org\/wp-content\/uploads\/2023\/11\/Argentina_Image_public_domain.jpg\",\"datePublished\":\"2023-11-30T21:20:07+00:00\",\"dateModified\":\"2023-11-30T21:23:25+00:00\",\"breadcrumb\":{\"@id\":\"https:\/\/elcomunista.org\/?p=13205#breadcrumb\"},\"inLanguage\":\"es\",\"potentialAction\":[{\"@type\":\"ReadAction\",\"target\":[\"https:\/\/elcomunista.org\/?p=13205\"]}]},{\"@type\":\"ImageObject\",\"inLanguage\":\"es\",\"@id\":\"https:\/\/elcomunista.org\/?p=13205#primaryimage\",\"url\":\"https:\/\/elcomunista.org\/wp-content\/uploads\/2023\/11\/Argentina_Image_public_domain.jpg\",\"contentUrl\":\"https:\/\/elcomunista.org\/wp-content\/uploads\/2023\/11\/Argentina_Image_public_domain.jpg\",\"width\":696,\"height\":412},{\"@type\":\"BreadcrumbList\",\"@id\":\"https:\/\/elcomunista.org\/?p=13205#breadcrumb\",\"itemListElement\":[{\"@type\":\"ListItem\",\"position\":1,\"name\":\"Portada\",\"item\":\"https:\/\/elcomunista.org\/\"},{\"@type\":\"ListItem\",\"position\":2,\"name\":\"La victoria de Milei \u2013 Una ultraderecha que quiere, pero, \u00bfpuede?\"}]},{\"@type\":\"WebSite\",\"@id\":\"https:\/\/elcomunista.org\/#website\",\"url\":\"https:\/\/elcomunista.org\/\",\"name\":\"Revoluci\u00f3n Comunista\",\"description\":\"Internacional Comunista Revolucionaria\",\"publisher\":{\"@id\":\"https:\/\/elcomunista.org\/#organization\"},\"potentialAction\":[{\"@type\":\"SearchAction\",\"target\":{\"@type\":\"EntryPoint\",\"urlTemplate\":\"https:\/\/elcomunista.org\/?s={search_term_string}\"},\"query-input\":{\"@type\":\"PropertyValueSpecification\",\"valueRequired\":true,\"valueName\":\"search_term_string\"}}],\"inLanguage\":\"es\"},{\"@type\":\"Organization\",\"@id\":\"https:\/\/elcomunista.org\/#organization\",\"name\":\"Bloque Popular Juvenil\",\"url\":\"https:\/\/elcomunista.org\/\",\"logo\":{\"@type\":\"ImageObject\",\"inLanguage\":\"es\",\"@id\":\"https:\/\/elcomunista.org\/#\/schema\/logo\/image\/\",\"url\":\"https:\/\/bloquepopularjuvenil.org\/wp-content\/uploads\/2018\/11\/bpj-militante.jpg\",\"contentUrl\":\"https:\/\/bloquepopularjuvenil.org\/wp-content\/uploads\/2018\/11\/bpj-militante.jpg\",\"width\":4000,\"height\":1390,\"caption\":\"Bloque Popular Juvenil\"},\"image\":{\"@id\":\"https:\/\/elcomunista.org\/#\/schema\/logo\/image\/\"},\"sameAs\":[\"https:\/\/www.facebook.com\/Bloquepopularjuvenil\",\"https:\/\/x.com\/ElBPJ\",\"https:\/\/www.instagram.com\/elbloque_bpj\/?hl=es-la\"]},{\"@type\":\"Person\",\"@id\":\"https:\/\/elcomunista.org\/#\/schema\/person\/80251289d3811111daae983f9b3af9c6\",\"name\":\"Corriente Socialista Militante - Argentina\",\"image\":{\"@type\":\"ImageObject\",\"inLanguage\":\"es\",\"@id\":\"https:\/\/elcomunista.org\/#\/schema\/person\/image\/\",\"url\":\"https:\/\/secure.gravatar.com\/avatar\/c67ecf9955ec1dedd00eb5a811890742?s=96&d=mm&r=g\",\"contentUrl\":\"https:\/\/secure.gravatar.com\/avatar\/c67ecf9955ec1dedd00eb5a811890742?s=96&d=mm&r=g\",\"caption\":\"Corriente Socialista Militante - Argentina\"},\"url\":\"https:\/\/elcomunista.org\/?author=18\"}]}<\/script>\n<!-- \/ Yoast SEO plugin. -->","yoast_head_json":{"title":"La victoria de Milei \u2013 Una ultraderecha que quiere, pero, \u00bfpuede?","robots":{"index":"index","follow":"follow","max-snippet":"max-snippet:-1","max-image-preview":"max-image-preview:large","max-video-preview":"max-video-preview:-1"},"canonical":"https:\/\/elcomunista.org\/?p=13205","og_locale":"es_ES","og_type":"article","og_title":"La victoria de Milei \u2013 Una ultraderecha que quiere, pero, \u00bfpuede?","og_description":"Manuela R\u00edos Azurduy y Adriel Por primera vez en varias d\u00e9cadas, el ballotage implic\u00f3 la concentraci\u00f3n de todas las corrientes pol\u00edticas de masas del pa\u00eds, en s\u00f3lo dos grandes variantes de derecha. Y finalmente, la votaci\u00f3n se inclin\u00f3 hacia el programa de shock ultraderechista, es decir, hacia el reclamo de las patronales en el contexto...","og_url":"https:\/\/elcomunista.org\/?p=13205","og_site_name":"Revoluci\u00f3n Comunista","article_publisher":"https:\/\/www.facebook.com\/Bloquepopularjuvenil","article_published_time":"2023-11-30T21:20:07+00:00","article_modified_time":"2023-11-30T21:23:25+00:00","og_image":[{"width":696,"height":412,"url":"https:\/\/elcomunista.org\/wp-content\/uploads\/2023\/11\/Argentina_Image_public_domain.jpg","type":"image\/jpeg"}],"author":"Corriente Socialista Militante - Argentina","twitter_card":"summary_large_image","twitter_creator":"@ElBPJ","twitter_site":"@ElBPJ","twitter_misc":{"Escrito por":"Corriente Socialista Militante - Argentina","Tiempo de lectura":"19 minutos"},"schema":{"@context":"https:\/\/schema.org","@graph":[{"@type":"Article","@id":"https:\/\/elcomunista.org\/?p=13205#article","isPartOf":{"@id":"https:\/\/elcomunista.org\/?p=13205"},"author":{"name":"Corriente Socialista Militante - Argentina","@id":"https:\/\/elcomunista.org\/#\/schema\/person\/80251289d3811111daae983f9b3af9c6"},"headline":"La victoria de Milei \u2013 Una ultraderecha que quiere, pero, \u00bfpuede?","datePublished":"2023-11-30T21:20:07+00:00","dateModified":"2023-11-30T21:23:25+00:00","mainEntityOfPage":{"@id":"https:\/\/elcomunista.org\/?p=13205"},"wordCount":3716,"commentCount":0,"publisher":{"@id":"https:\/\/elcomunista.org\/#organization"},"image":{"@id":"https:\/\/elcomunista.org\/?p=13205#primaryimage"},"thumbnailUrl":"https:\/\/elcomunista.org\/wp-content\/uploads\/2023\/11\/Argentina_Image_public_domain.jpg","keywords":["Argentina","Elecciones","Milei"],"articleSection":["Am\u00e9rica del Sur","Argentina","Principales"],"inLanguage":"es","potentialAction":[{"@type":"CommentAction","name":"Comment","target":["https:\/\/elcomunista.org\/?p=13205#respond"]}]},{"@type":"WebPage","@id":"https:\/\/elcomunista.org\/?p=13205","url":"https:\/\/elcomunista.org\/?p=13205","name":"La victoria de Milei \u2013 Una ultraderecha que quiere, pero, \u00bfpuede?","isPartOf":{"@id":"https:\/\/elcomunista.org\/#website"},"primaryImageOfPage":{"@id":"https:\/\/elcomunista.org\/?p=13205#primaryimage"},"image":{"@id":"https:\/\/elcomunista.org\/?p=13205#primaryimage"},"thumbnailUrl":"https:\/\/elcomunista.org\/wp-content\/uploads\/2023\/11\/Argentina_Image_public_domain.jpg","datePublished":"2023-11-30T21:20:07+00:00","dateModified":"2023-11-30T21:23:25+00:00","breadcrumb":{"@id":"https:\/\/elcomunista.org\/?p=13205#breadcrumb"},"inLanguage":"es","potentialAction":[{"@type":"ReadAction","target":["https:\/\/elcomunista.org\/?p=13205"]}]},{"@type":"ImageObject","inLanguage":"es","@id":"https:\/\/elcomunista.org\/?p=13205#primaryimage","url":"https:\/\/elcomunista.org\/wp-content\/uploads\/2023\/11\/Argentina_Image_public_domain.jpg","contentUrl":"https:\/\/elcomunista.org\/wp-content\/uploads\/2023\/11\/Argentina_Image_public_domain.jpg","width":696,"height":412},{"@type":"BreadcrumbList","@id":"https:\/\/elcomunista.org\/?p=13205#breadcrumb","itemListElement":[{"@type":"ListItem","position":1,"name":"Portada","item":"https:\/\/elcomunista.org\/"},{"@type":"ListItem","position":2,"name":"La victoria de Milei \u2013 Una ultraderecha que quiere, pero, \u00bfpuede?"}]},{"@type":"WebSite","@id":"https:\/\/elcomunista.org\/#website","url":"https:\/\/elcomunista.org\/","name":"Revoluci\u00f3n Comunista","description":"Internacional Comunista Revolucionaria","publisher":{"@id":"https:\/\/elcomunista.org\/#organization"},"potentialAction":[{"@type":"SearchAction","target":{"@type":"EntryPoint","urlTemplate":"https:\/\/elcomunista.org\/?s={search_term_string}"},"query-input":{"@type":"PropertyValueSpecification","valueRequired":true,"valueName":"search_term_string"}}],"inLanguage":"es"},{"@type":"Organization","@id":"https:\/\/elcomunista.org\/#organization","name":"Bloque Popular Juvenil","url":"https:\/\/elcomunista.org\/","logo":{"@type":"ImageObject","inLanguage":"es","@id":"https:\/\/elcomunista.org\/#\/schema\/logo\/image\/","url":"https:\/\/bloquepopularjuvenil.org\/wp-content\/uploads\/2018\/11\/bpj-militante.jpg","contentUrl":"https:\/\/bloquepopularjuvenil.org\/wp-content\/uploads\/2018\/11\/bpj-militante.jpg","width":4000,"height":1390,"caption":"Bloque Popular Juvenil"},"image":{"@id":"https:\/\/elcomunista.org\/#\/schema\/logo\/image\/"},"sameAs":["https:\/\/www.facebook.com\/Bloquepopularjuvenil","https:\/\/x.com\/ElBPJ","https:\/\/www.instagram.com\/elbloque_bpj\/?hl=es-la"]},{"@type":"Person","@id":"https:\/\/elcomunista.org\/#\/schema\/person\/80251289d3811111daae983f9b3af9c6","name":"Corriente Socialista Militante - Argentina","image":{"@type":"ImageObject","inLanguage":"es","@id":"https:\/\/elcomunista.org\/#\/schema\/person\/image\/","url":"https:\/\/secure.gravatar.com\/avatar\/c67ecf9955ec1dedd00eb5a811890742?s=96&d=mm&r=g","contentUrl":"https:\/\/secure.gravatar.com\/avatar\/c67ecf9955ec1dedd00eb5a811890742?s=96&d=mm&r=g","caption":"Corriente Socialista Militante - Argentina"},"url":"https:\/\/elcomunista.org\/?author=18"}]}},"jetpack_featured_media_url":"https:\/\/elcomunista.org\/wp-content\/uploads\/2023\/11\/Argentina_Image_public_domain.jpg","jetpack_likes_enabled":true,"jetpack_sharing_enabled":true,"_links":{"self":[{"href":"https:\/\/elcomunista.org\/index.php?rest_route=\/wp\/v2\/posts\/13205"}],"collection":[{"href":"https:\/\/elcomunista.org\/index.php?rest_route=\/wp\/v2\/posts"}],"about":[{"href":"https:\/\/elcomunista.org\/index.php?rest_route=\/wp\/v2\/types\/post"}],"author":[{"embeddable":true,"href":"https:\/\/elcomunista.org\/index.php?rest_route=\/wp\/v2\/users\/18"}],"replies":[{"embeddable":true,"href":"https:\/\/elcomunista.org\/index.php?rest_route=%2Fwp%2Fv2%2Fcomments&post=13205"}],"version-history":[{"count":0,"href":"https:\/\/elcomunista.org\/index.php?rest_route=\/wp\/v2\/posts\/13205\/revisions"}],"wp:featuredmedia":[{"embeddable":true,"href":"https:\/\/elcomunista.org\/index.php?rest_route=\/wp\/v2\/media\/13206"}],"wp:attachment":[{"href":"https:\/\/elcomunista.org\/index.php?rest_route=%2Fwp%2Fv2%2Fmedia&parent=13205"}],"wp:term":[{"taxonomy":"category","embeddable":true,"href":"https:\/\/elcomunista.org\/index.php?rest_route=%2Fwp%2Fv2%2Fcategories&post=13205"},{"taxonomy":"post_tag","embeddable":true,"href":"https:\/\/elcomunista.org\/index.php?rest_route=%2Fwp%2Fv2%2Ftags&post=13205"}],"curies":[{"name":"wp","href":"https:\/\/api.w.org\/{rel}","templated":true}]}}