{"id":13721,"date":"2024-04-23T11:56:06","date_gmt":"2024-04-23T17:56:06","guid":{"rendered":"https:\/\/elcomunista.org\/?p=13721"},"modified":"2024-04-23T11:56:06","modified_gmt":"2024-04-23T17:56:06","slug":"los-comunistas-revolucionarios-de-irlanda-celebran-su-congreso-fundacional","status":"publish","type":"post","link":"https:\/\/elcomunista.org\/?p=13721","title":{"rendered":"\u00a1Los Comunistas Revolucionarios de Irlanda celebran su congreso fundacional!"},"content":{"rendered":"<p>Comunistas Revolucionarios de Irlanda<\/p>\n<hr \/>\n<p>Los d\u00edas 6 y 7 de abril, comunistas de toda Irlanda se reunieron en Dubl\u00edn para el Congreso fundacional del grupo irland\u00e9s de la Corriente Marxista Internacional (CMI). Nos acompa\u00f1aron invitados internacionales del Partido Comunista Revolucionario de Gran Breta\u00f1a y del centro internacional de la CMI. A lo largo de los dos d\u00edas asistieron 33 personas procedentes de Dubl\u00edn, Navan, Belfast, Bangor, Derry y Galway, la reuni\u00f3n m\u00e1s grande de la CMI en Irlanda hasta la fecha.<\/p>\n<p>Tras haber duplicado nuestro tama\u00f1o con creces desde nuestra primera reuni\u00f3n nacional en septiembre, la introducci\u00f3n al Congreso celebr\u00f3 los enormes \u00e9xitos que hemos cosechado en la construcci\u00f3n de la organizaci\u00f3n en los \u00faltimos 8 meses. Hemos pasado de 8 camaradas en una c\u00e9lula en l\u00ednea hace un a\u00f1o, a 15 en septiembre y a 37 camaradas en la actualidad, con cuatro grupos de base en Dubl\u00edn, uno en Belfast y uno en Galway. Esta demostraci\u00f3\u00a0 de que podemos crecer sobre la base de nuestras ideas cre\u00f3 un ambiente de optimismo y entusiasmo que dur\u00f3 todo el fin de semana.<\/p>\n<p>Antes del Congreso, los camaradas se fijaron el ambicioso objetivo de recaudar 1.000 euros para el fondo de lucha. Tal era el fervor revolucionario entre los camaradas que sobrepasamos ese objetivo, recaudando la impresionante cifra de 4.143 euros, incluidos 469 euros procedentes de la venta de literatura, lo que refleja una profunda sed de teor\u00eda entre todos los camaradas.<\/p>\n<p>Sobre la base de este Congreso, hemos decidido llegar a 50 camaradas para el verano, a 100 para el Congreso del a\u00f1o que viene, lanzar una nueva p\u00e1gina web en los pr\u00f3ximos meses, lanzar un nuevo peri\u00f3dico (<em>El Comunista Revolucionario<\/em>), y unir todo esto contratando a un revolucionario a tiempo completo este a\u00f1o. Estas son las medidas que creemos que debemos tomar para convertirnos en una secci\u00f3n oficialmente afiliada a la Internacional Comunista Revolucionaria, que se fundar\u00e1 este mes de junio. Son metas ambiciosas, y las alcanzaremos.<\/p>\n<h2><span style=\"color: #800000;\">La muerte ag\u00f3nica del capitalismo<\/span><\/h2>\n<p>El debate comenz\u00f3 con una sesi\u00f3n sobre las perspectivas mundiales. El capitalismo est\u00e1 entrando hoy en la crisis m\u00e1s profunda de su historia, no s\u00f3lo en Irlanda, sino en todos los pa\u00edses del mundo. El sistema econ\u00f3mico mundial se est\u00e1 resquebrajando. El declive relativo del imperialismo estadounidense significa que, aunque sigue siendo la potencia imperialista m\u00e1s cruel y poderosa de la Tierra, est\u00e1 perdiendo el control sobre el\u00a0 mundo que hab\u00eda logrado mantener desde el colapso de la URSS.<\/p>\n<p>Este proceso se est\u00e1 acelerando por la guerra de Ucrania y las sanciones econ\u00f3micas impuestas a Rusia como resultado. Las consecuencias econ\u00f3micas en Europa la est\u00e1n llevando a una inestabilidad social masiva, que s\u00f3lo ha servido para socavar a\u00fan m\u00e1s su ya impopular establishment pol\u00edtico.<\/p>\n<p>La matanza de Gaza fue un tema clave del debate, en el que los camaradas hablaron de la necesidad de derrocar al imperialismo israel\u00ed y a sus patrocinadores imperialistas en Washington, Bruselas y Londres.<\/p>\n<p>La clase obrera sigue siendo la \u00fanica fuerza de la sociedad con el poder y el inter\u00e9s de acabar con esta brutalidad de una vez por todas. Como remarc\u00f3 Ben Curry, \u00abeste periodo, la agon\u00eda del capitalismo no se resolver\u00e1 autom\u00e1ticamente, ser\u00e1 el socialismo o la barbarie. Para el socialismo se necesita un partido revolucionario. Como explic\u00f3 Trotski, en \u00faltimo an\u00e1lisis, la crisis de la humanidad puede reducirse a la crisis de direcci\u00f3n de la clase obrera\u00bb.<\/p>\n<h2><span style=\"color: #800000;\">Perspectivas para la revoluci\u00f3n irlandesa<\/span><\/h2>\n<p>La siguiente sesi\u00f3n se centr\u00f3 en nuestro documento de perspectivas para Irlanda, el primer documento de este tipo redactado por la CMI en Irlanda. La econom\u00eda de Irlanda depende en gran medida del mercado mundial, por lo que es muy vulnerable a la crisis econ\u00f3mica mundial. Las condiciones peculiares que propiciaron el desarrollo de la industria en el Sur en la d\u00e9cada de 1990, dieron lugar a la creaci\u00f3n de una amplia clase obrera en Irlanda, que ha empezado a mover sus m\u00fasculos a medida que el crecimiento econ\u00f3mico del pasado se convierte en su contrario.<\/p>\n<p>La clase trabajadora, impulsada por la crisis general, est\u00e1 cada vez m\u00e1s enfadada con la clase pol\u00edtica, lo que est\u00e1 socavando su capacidad para gobernar. Las dimisiones de Leo Varadkar y Jeffery Donaldson reflejan el turbulento periodo en el que hemos entrado. Pero, \u00bfqui\u00e9n refleja la ira de las masas? Como explicaba Andrea Patan\u00e8 en su introducci\u00f3n sobre las perspectivas irlandesas, mucha gente mira hacia el Sinn F\u00e9in como una alternativa, pero sectores significativos de trabajadores y j\u00f3venes est\u00e1n viendo m\u00e1s all\u00e1 del Sinn F\u00e9in.<\/p>\n<p>Mientras tanto, en el Norte, el unionismo atraviesa una crisis irresoluble. La polarizaci\u00f3n en el seno del unionismo ha fortalecido a la facci\u00f3n de l\u00ednea dura del DUP. La clase obrera no se queda de brazos cruzados ante estos acontecimientos. En un intento desesperado por volver a poner en marcha el parlamento de Stormont, Westminster provoc\u00f3 una enorme huelga de trabajadores del sector p\u00fablico. Pero ahora Stormont est\u00e1 al borde del colapso una vez m\u00e1s.<\/p>\n<p>Con la inestabilidad al norte y al sur de la frontera, y la clase obrera empezando a reafirmarse, toda la isla se ha llenado de material inflamable. Se avecinan acontecimientos revolucionarios. S\u00f3lo una revoluci\u00f3n socialista puede quemar las cicatrices de la partici\u00f3n, formando una rep\u00fablica socialista de 32 condados que podr\u00eda desencadenar la revoluci\u00f3n en Gran Breta\u00f1a, Europa y el mundo.<\/p>\n<h2><span style=\"color: #800000;\">\u00a1Los comunistas est\u00e1n aqu\u00ed!<\/span><\/h2>\n<p>Los preparativos organizativos de este Congreso fueron ejemplares, y al final del primer d\u00eda, celebramos una colecta de fondos para la fundaci\u00f3n de nuestra organizaci\u00f3n, para darnos las herramientas para construir una organizaci\u00f3n comunista aut\u00e9ntica y profesional. Los camaradas de cada grupo de base vinieron preparados con compromisos de donativos para el Congreso y algunos camaradas tambi\u00e9n mostraron sus habilidades haciendo obras de arte para recaudar m\u00e1s fondos. En total, recaudamos 4.142,50 euros. Fue una recaudaci\u00f3n incre\u00edble que eclips\u00f3 todo lo que hab\u00edamos recaudado en el pasado y demostr\u00f3 la voluntad de sacrificio de los camaradas para construir esta organizaci\u00f3n.<\/p>\n<p>Los asistentes estaban tan inspirados que un camarada aprovech\u00f3 la pausa del almuerzo para reunirse con un contacto y convencerle de que viniera a nuestra reuni\u00f3n social al finalizar el congreso. Otro camarada llam\u00f3 a todos sus contactos en cuanto termin\u00f3 el Congreso y convenci\u00f3 a seis de ellos para asistir a la reuni\u00f3n de grupo de base esta semana, tras la cual uno de ellos se di\u00f3 de alta.<\/p>\n<p>Con una dedicaci\u00f3n como \u00e9sta no cabe duda de que nuestros camaradas ser\u00e1n capaces de aplastar todos los obst\u00e1culos que se interpongan en nuestro camino en la lucha por el socialismo.<\/p>\n<h2><span style=\"color: #800000;\">Organizar las fuerzas del comunismo<\/span><\/h2>\n<p>El segundo d\u00eda del Congreso comenz\u00f3 con nuestra resoluci\u00f3n organizativa. La situaci\u00f3n objetiva que discutimos en nuestras perspectivas exige la creaci\u00f3n de una organizaci\u00f3n comunista revolucionaria. Construir una organizaci\u00f3n as\u00ed desde cero no es tarea f\u00e1cil, requiere enormes sacrificios. Recordamos a los camaradas las palabras de Trotski antes de la guerra: \u00ab\u00a1Si buscas una vida c\u00f3moda y tranquila, has elegido el momento equivocado para nacer!\u00bb.<\/p>\n<p>Nuestros camaradas son muy conscientes de esto y se han fijado objetivos ambiciosos a la altura de nuestra tarea. Una organizaci\u00f3n de 37 personas es un logro asombroso, pero es s\u00f3lo el principio. Debemos convertirnos r\u00e1pidamente en una fuerza de cientos y miles de personas, y extendernos por todo el pa\u00eds. Para ello, nos hemos propuesto llegar a 50 miembros a finales de verano, y a 100 en nuestro pr\u00f3ximo Congreso.<\/p>\n<p>Hay m\u00e1s que suficientes revolucionarios en busca de una organizaci\u00f3n como la nuestra para que superemos estos objetivos. Todo lo que tenemos que hacer es encontrarlos. Para ayudarnos a llegar a estas capas estamos relanzando nuestro grupo Marxistas Irlandeses como los Comunistas Revolucionarios de Irlanda.<\/p>\n<p>En la misma l\u00ednea, estamos relanzando nuestro peri\u00f3dico La Voz Marxista como El Comunista Revolucionario. Estos nuevos nombres, combinados con nuestros audaces m\u00e9todos, nos servir\u00e1n en nuestro esfuerzo por encontrar y conectar con los miles de comunistas de toda Irlanda que buscan unirse a la lucha por el socialismo. El Comunista Revolucionario ser\u00e1 trimestral con el objetivo de convertirse en bimensual y mensual en un futuro pr\u00f3ximo. Un peri\u00f3dico m\u00e1s regular ser\u00e1 esencial en todo nuestro trabajo, permiti\u00e9ndonos comentar los acontecimientos actuales e incluir informes de las luchas que tienen lugar en todo el pa\u00eds. Paralelamente, lanzaremos un nuevo sitio web, que se esforzar\u00e1 por convertirse en la principal fuente de an\u00e1lisis marxista.<\/p>\n<p>Para lograr todo esto, nos hemos fijado el objetivo de contratar a un liberado este a\u00f1o. Esto significar\u00e1 tener un camarada liberado de trabajar de 9 a 5 para la burgues\u00eda para que pueda dedicar todo su tiempo a luchar por el comunismo. La construcci\u00f3n de un aparato profesional ampliar\u00e1 todos los aspectos de nuestro trabajo, lo que significa que podremos educar y formar mejor a los nuevos miembros, y que nuestro peri\u00f3dico podr\u00e1 publicarse con m\u00e1s frecuencia. Ser\u00e1 la primera vez en d\u00e9cadas que exista en Irlanda una aut\u00e9ntica organizaci\u00f3n bolchevique, que defienda la pol\u00edtica revolucionaria y tenga su propio aparato profesional, que dependa \u00fanicamente de los sacrificios de nuestros propios camaradas, d\u00e1ndonos independencia pol\u00edtica del Estado y de cualquier otra fuente de presiones ajenas.<\/p>\n<p>Lennie Mc concluy\u00f3 citando a Ted Grant: \u00abNadie puede quebrar la voluntad de la clase obrera de cambiar la sociedad\u00bb. Debemos estar a la altura de la tarea de dirigirlos con ideas comunistas revolucionarias, \u00a1para arrojar el capitalismo al basurero de la historia! Sabiendo que se avecinan grandes acontecimientos, nos esforzamos por preparar la futura direcci\u00f3n que la clase obrera necesitar\u00e1 para asegurar su victoria final.<\/p>\n<h2><span style=\"color: #800000;\">La Internacional Comunista Revolucionaria<\/span><\/h2>\n<p>La CMI no s\u00f3lo est\u00e1 cosechando\u00a0 \u00e9xito en Irlanda. En todo el mundo nuestros camaradas est\u00e1n creciendo a una velocidad incre\u00edble. Nuestra secci\u00f3n brit\u00e1nica fue la primera de la internacional en superar los 1.000 militantes, con EE.UU. y Canad\u00e1 no muy lejos con 700 cada una, habiendo casi duplicado ambas su n\u00famero de miembros en el \u00faltimo a\u00f1o.<\/p>\n<p>Nuestra secci\u00f3n pakistan\u00ed cuenta con m\u00e1s de 600 miembros. Muchas otras secciones han experimentado un importante crecimiento en el \u00faltimo a\u00f1o: Italia ha superado la barrera de los 500 miembros y otras secciones se acercan a esa cifra el a\u00f1o que viene.<\/p>\n<p>Este crecimiento se ha basado en la situaci\u00f3n objetiva. Millones de personas en todo el mundo, bajo la presi\u00f3n de la crisis capitalista, han empezado a mirar al comunismo como la \u00fanica salida. Habiendo reconocido esto, nuestros camaradas iniciaron la campa\u00f1a \u00ab\u00bfEres comunista?\u00bb, que ha tenido un \u00e9xito asombroso al ayudarnos a llegar a estos comunistas.<\/p>\n<p>Est\u00e1 claro que hoy se necesita una aut\u00e9ntica fuerza comunista que pueda llevar a los trabajadores a la victoria internacional. En 1915, en la conferencia de Zimmerwald, Lenin declar\u00f3 la necesidad de establecer una nueva Internacional comunista. Esto fue en un momento en que el propio Lenin dijo que todos los internacionalistas del mundo cab\u00edan en dos vagones de diligencia. Esto se debi\u00f3 a que en 1915 la situaci\u00f3n mundial exig\u00eda la creaci\u00f3n de dicha Internacional. Hoy, la situaci\u00f3n objetiva exige la misma acci\u00f3n. En junio, en la\u00a0Escuela Mundial de Comunismo, relanzaremos la\u00a0 CMI como Internacional Comunista Revolucionaria.<\/p>\n<p>En la clausura de nuestro Congreso votamos por unanimidad solicitar la afiliaci\u00f3n oficial como secci\u00f3n de la ICR. Al unirnos a la Internacional, nos comprometemos a construir la secci\u00f3n irlandesa del partido mundial de la revoluci\u00f3n comunista, y a luchar por la victoria del socialismo mundial. Los Comunistas Revolucionarios de Irlanda se unen a la marcha hacia adelante de los comunistas de todo el mundo, unidos bajo la bandera de la Internacional Comunista Revolucionaria que se fundar\u00e1 pronto.<\/p>\n","protected":false},"excerpt":{"rendered":"<p>Comunistas Revolucionarios de Irlanda Los d\u00edas 6 y 7 de abril, comunistas de toda Irlanda se reunieron en Dubl\u00edn para el Congreso fundacional del grupo irland\u00e9s de la Corriente Marxista Internacional (CMI). Nos acompa\u00f1aron invitados internacionales del Partido Comunista Revolucionario de Gran Breta\u00f1a y del centro internacional de la CMI. A lo largo de los&#8230;<\/p>\n","protected":false},"author":62,"featured_media":13722,"comment_status":"open","ping_status":"open","sticky":false,"template":"","format":"standard","meta":{"_monsterinsights_skip_tracking":false,"_monsterinsights_sitenote_active":false,"_monsterinsights_sitenote_note":"","_monsterinsights_sitenote_category":0,"_uf_show_specific_survey":0,"_uf_disable_surveys":false,"_jetpack_memberships_contains_paid_content":false,"footnotes":""},"categories":[13,537],"tags":[1107,2111,256],"class_list":["post-13721","post","type-post","status-publish","format-standard","has-post-thumbnail","hentry","category-internacional","category-principales","tag-comunismo","tag-icr","tag-irlanda"],"aioseo_notices":[],"yoast_head":"<!-- This site is optimized with the Yoast SEO plugin v25.6 - https:\/\/yoast.com\/wordpress\/plugins\/seo\/ -->\n<title>\u00a1Los Comunistas Revolucionarios de Irlanda celebran su congreso fundacional!<\/title>\n<meta name=\"robots\" content=\"index, follow, max-snippet:-1, max-image-preview:large, max-video-preview:-1\" \/>\n<link rel=\"canonical\" href=\"https:\/\/elcomunista.org\/?p=13721\" \/>\n<meta property=\"og:locale\" content=\"es_ES\" \/>\n<meta property=\"og:type\" content=\"article\" \/>\n<meta property=\"og:title\" content=\"\u00a1Los Comunistas Revolucionarios de Irlanda celebran su congreso fundacional!\" \/>\n<meta property=\"og:description\" content=\"Comunistas Revolucionarios de Irlanda Los d\u00edas 6 y 7 de abril, comunistas de toda Irlanda se reunieron en Dubl\u00edn para el Congreso fundacional del grupo irland\u00e9s de la Corriente Marxista Internacional (CMI). Nos acompa\u00f1aron invitados internacionales del Partido Comunista Revolucionario de Gran Breta\u00f1a y del centro internacional de la CMI. A lo largo de los...\" \/>\n<meta property=\"og:url\" content=\"https:\/\/elcomunista.org\/?p=13721\" \/>\n<meta property=\"og:site_name\" content=\"Revoluci\u00f3n Comunista\" \/>\n<meta property=\"article:publisher\" content=\"https:\/\/www.facebook.com\/Bloquepopularjuvenil\" \/>\n<meta property=\"article:published_time\" content=\"2024-04-23T17:56:06+00:00\" \/>\n<meta property=\"og:image\" content=\"https:\/\/elcomunista.org\/wp-content\/uploads\/2024\/04\/RCI_Main.jpg\" \/>\n\t<meta property=\"og:image:width\" content=\"1000\" \/>\n\t<meta property=\"og:image:height\" content=\"667\" \/>\n\t<meta property=\"og:image:type\" content=\"image\/jpeg\" \/>\n<meta name=\"author\" content=\"Internacional Comunista Revolucionaria\" \/>\n<meta name=\"twitter:card\" content=\"summary_large_image\" \/>\n<meta name=\"twitter:creator\" content=\"@ElBPJ\" \/>\n<meta name=\"twitter:site\" content=\"@ElBPJ\" \/>\n<meta name=\"twitter:label1\" content=\"Escrito por\" \/>\n\t<meta name=\"twitter:data1\" content=\"Internacional Comunista Revolucionaria\" \/>\n\t<meta name=\"twitter:label2\" content=\"Tiempo de lectura\" \/>\n\t<meta name=\"twitter:data2\" content=\"10 minutos\" \/>\n<script type=\"application\/ld+json\" class=\"yoast-schema-graph\">{\"@context\":\"https:\/\/schema.org\",\"@graph\":[{\"@type\":\"Article\",\"@id\":\"https:\/\/elcomunista.org\/?p=13721#article\",\"isPartOf\":{\"@id\":\"https:\/\/elcomunista.org\/?p=13721\"},\"author\":{\"name\":\"Internacional Comunista Revolucionaria\",\"@id\":\"https:\/\/elcomunista.org\/#\/schema\/person\/f263a81caf9b6558c019b2d6b83e55be\"},\"headline\":\"\u00a1Los Comunistas Revolucionarios de Irlanda celebran su congreso fundacional!\",\"datePublished\":\"2024-04-23T17:56:06+00:00\",\"mainEntityOfPage\":{\"@id\":\"https:\/\/elcomunista.org\/?p=13721\"},\"wordCount\":2059,\"commentCount\":0,\"publisher\":{\"@id\":\"https:\/\/elcomunista.org\/#organization\"},\"image\":{\"@id\":\"https:\/\/elcomunista.org\/?p=13721#primaryimage\"},\"thumbnailUrl\":\"https:\/\/elcomunista.org\/wp-content\/uploads\/2024\/04\/RCI_Main.jpg\",\"keywords\":[\"Comunismo\",\"ICR\",\"Irlanda\"],\"articleSection\":[\"Internacional\",\"Principales\"],\"inLanguage\":\"es\",\"potentialAction\":[{\"@type\":\"CommentAction\",\"name\":\"Comment\",\"target\":[\"https:\/\/elcomunista.org\/?p=13721#respond\"]}]},{\"@type\":\"WebPage\",\"@id\":\"https:\/\/elcomunista.org\/?p=13721\",\"url\":\"https:\/\/elcomunista.org\/?p=13721\",\"name\":\"\u00a1Los Comunistas Revolucionarios de Irlanda celebran su congreso fundacional!\",\"isPartOf\":{\"@id\":\"https:\/\/elcomunista.org\/#website\"},\"primaryImageOfPage\":{\"@id\":\"https:\/\/elcomunista.org\/?p=13721#primaryimage\"},\"image\":{\"@id\":\"https:\/\/elcomunista.org\/?p=13721#primaryimage\"},\"thumbnailUrl\":\"https:\/\/elcomunista.org\/wp-content\/uploads\/2024\/04\/RCI_Main.jpg\",\"datePublished\":\"2024-04-23T17:56:06+00:00\",\"breadcrumb\":{\"@id\":\"https:\/\/elcomunista.org\/?p=13721#breadcrumb\"},\"inLanguage\":\"es\",\"potentialAction\":[{\"@type\":\"ReadAction\",\"target\":[\"https:\/\/elcomunista.org\/?p=13721\"]}]},{\"@type\":\"ImageObject\",\"inLanguage\":\"es\",\"@id\":\"https:\/\/elcomunista.org\/?p=13721#primaryimage\",\"url\":\"https:\/\/elcomunista.org\/wp-content\/uploads\/2024\/04\/RCI_Main.jpg\",\"contentUrl\":\"https:\/\/elcomunista.org\/wp-content\/uploads\/2024\/04\/RCI_Main.jpg\",\"width\":1000,\"height\":667},{\"@type\":\"BreadcrumbList\",\"@id\":\"https:\/\/elcomunista.org\/?p=13721#breadcrumb\",\"itemListElement\":[{\"@type\":\"ListItem\",\"position\":1,\"name\":\"Portada\",\"item\":\"https:\/\/elcomunista.org\/\"},{\"@type\":\"ListItem\",\"position\":2,\"name\":\"\u00a1Los Comunistas Revolucionarios de Irlanda celebran su congreso fundacional!\"}]},{\"@type\":\"WebSite\",\"@id\":\"https:\/\/elcomunista.org\/#website\",\"url\":\"https:\/\/elcomunista.org\/\",\"name\":\"Revoluci\u00f3n Comunista\",\"description\":\"Internacional Comunista Revolucionaria\",\"publisher\":{\"@id\":\"https:\/\/elcomunista.org\/#organization\"},\"potentialAction\":[{\"@type\":\"SearchAction\",\"target\":{\"@type\":\"EntryPoint\",\"urlTemplate\":\"https:\/\/elcomunista.org\/?s={search_term_string}\"},\"query-input\":{\"@type\":\"PropertyValueSpecification\",\"valueRequired\":true,\"valueName\":\"search_term_string\"}}],\"inLanguage\":\"es\"},{\"@type\":\"Organization\",\"@id\":\"https:\/\/elcomunista.org\/#organization\",\"name\":\"Bloque Popular Juvenil\",\"url\":\"https:\/\/elcomunista.org\/\",\"logo\":{\"@type\":\"ImageObject\",\"inLanguage\":\"es\",\"@id\":\"https:\/\/elcomunista.org\/#\/schema\/logo\/image\/\",\"url\":\"https:\/\/bloquepopularjuvenil.org\/wp-content\/uploads\/2018\/11\/bpj-militante.jpg\",\"contentUrl\":\"https:\/\/bloquepopularjuvenil.org\/wp-content\/uploads\/2018\/11\/bpj-militante.jpg\",\"width\":4000,\"height\":1390,\"caption\":\"Bloque Popular Juvenil\"},\"image\":{\"@id\":\"https:\/\/elcomunista.org\/#\/schema\/logo\/image\/\"},\"sameAs\":[\"https:\/\/www.facebook.com\/Bloquepopularjuvenil\",\"https:\/\/x.com\/ElBPJ\",\"https:\/\/www.instagram.com\/elbloque_bpj\/?hl=es-la\"]},{\"@type\":\"Person\",\"@id\":\"https:\/\/elcomunista.org\/#\/schema\/person\/f263a81caf9b6558c019b2d6b83e55be\",\"name\":\"Internacional Comunista Revolucionaria\",\"image\":{\"@type\":\"ImageObject\",\"inLanguage\":\"es\",\"@id\":\"https:\/\/elcomunista.org\/#\/schema\/person\/image\/\",\"url\":\"https:\/\/secure.gravatar.com\/avatar\/007ae9c82193c93b7cbb3bbda1ed8c15?s=96&d=mm&r=g\",\"contentUrl\":\"https:\/\/secure.gravatar.com\/avatar\/007ae9c82193c93b7cbb3bbda1ed8c15?s=96&d=mm&r=g\",\"caption\":\"Internacional Comunista Revolucionaria\"},\"url\":\"https:\/\/elcomunista.org\/?author=62\"}]}<\/script>\n<!-- \/ Yoast SEO plugin. -->","yoast_head_json":{"title":"\u00a1Los Comunistas Revolucionarios de Irlanda celebran su congreso fundacional!","robots":{"index":"index","follow":"follow","max-snippet":"max-snippet:-1","max-image-preview":"max-image-preview:large","max-video-preview":"max-video-preview:-1"},"canonical":"https:\/\/elcomunista.org\/?p=13721","og_locale":"es_ES","og_type":"article","og_title":"\u00a1Los Comunistas Revolucionarios de Irlanda celebran su congreso fundacional!","og_description":"Comunistas Revolucionarios de Irlanda Los d\u00edas 6 y 7 de abril, comunistas de toda Irlanda se reunieron en Dubl\u00edn para el Congreso fundacional del grupo irland\u00e9s de la Corriente Marxista Internacional (CMI). Nos acompa\u00f1aron invitados internacionales del Partido Comunista Revolucionario de Gran Breta\u00f1a y del centro internacional de la CMI. A lo largo de los...","og_url":"https:\/\/elcomunista.org\/?p=13721","og_site_name":"Revoluci\u00f3n Comunista","article_publisher":"https:\/\/www.facebook.com\/Bloquepopularjuvenil","article_published_time":"2024-04-23T17:56:06+00:00","og_image":[{"width":1000,"height":667,"url":"https:\/\/elcomunista.org\/wp-content\/uploads\/2024\/04\/RCI_Main.jpg","type":"image\/jpeg"}],"author":"Internacional Comunista Revolucionaria","twitter_card":"summary_large_image","twitter_creator":"@ElBPJ","twitter_site":"@ElBPJ","twitter_misc":{"Escrito por":"Internacional Comunista Revolucionaria","Tiempo de lectura":"10 minutos"},"schema":{"@context":"https:\/\/schema.org","@graph":[{"@type":"Article","@id":"https:\/\/elcomunista.org\/?p=13721#article","isPartOf":{"@id":"https:\/\/elcomunista.org\/?p=13721"},"author":{"name":"Internacional Comunista Revolucionaria","@id":"https:\/\/elcomunista.org\/#\/schema\/person\/f263a81caf9b6558c019b2d6b83e55be"},"headline":"\u00a1Los Comunistas Revolucionarios de Irlanda celebran su congreso fundacional!","datePublished":"2024-04-23T17:56:06+00:00","mainEntityOfPage":{"@id":"https:\/\/elcomunista.org\/?p=13721"},"wordCount":2059,"commentCount":0,"publisher":{"@id":"https:\/\/elcomunista.org\/#organization"},"image":{"@id":"https:\/\/elcomunista.org\/?p=13721#primaryimage"},"thumbnailUrl":"https:\/\/elcomunista.org\/wp-content\/uploads\/2024\/04\/RCI_Main.jpg","keywords":["Comunismo","ICR","Irlanda"],"articleSection":["Internacional","Principales"],"inLanguage":"es","potentialAction":[{"@type":"CommentAction","name":"Comment","target":["https:\/\/elcomunista.org\/?p=13721#respond"]}]},{"@type":"WebPage","@id":"https:\/\/elcomunista.org\/?p=13721","url":"https:\/\/elcomunista.org\/?p=13721","name":"\u00a1Los Comunistas Revolucionarios de Irlanda celebran su congreso fundacional!","isPartOf":{"@id":"https:\/\/elcomunista.org\/#website"},"primaryImageOfPage":{"@id":"https:\/\/elcomunista.org\/?p=13721#primaryimage"},"image":{"@id":"https:\/\/elcomunista.org\/?p=13721#primaryimage"},"thumbnailUrl":"https:\/\/elcomunista.org\/wp-content\/uploads\/2024\/04\/RCI_Main.jpg","datePublished":"2024-04-23T17:56:06+00:00","breadcrumb":{"@id":"https:\/\/elcomunista.org\/?p=13721#breadcrumb"},"inLanguage":"es","potentialAction":[{"@type":"ReadAction","target":["https:\/\/elcomunista.org\/?p=13721"]}]},{"@type":"ImageObject","inLanguage":"es","@id":"https:\/\/elcomunista.org\/?p=13721#primaryimage","url":"https:\/\/elcomunista.org\/wp-content\/uploads\/2024\/04\/RCI_Main.jpg","contentUrl":"https:\/\/elcomunista.org\/wp-content\/uploads\/2024\/04\/RCI_Main.jpg","width":1000,"height":667},{"@type":"BreadcrumbList","@id":"https:\/\/elcomunista.org\/?p=13721#breadcrumb","itemListElement":[{"@type":"ListItem","position":1,"name":"Portada","item":"https:\/\/elcomunista.org\/"},{"@type":"ListItem","position":2,"name":"\u00a1Los Comunistas Revolucionarios de Irlanda celebran su congreso fundacional!"}]},{"@type":"WebSite","@id":"https:\/\/elcomunista.org\/#website","url":"https:\/\/elcomunista.org\/","name":"Revoluci\u00f3n Comunista","description":"Internacional Comunista Revolucionaria","publisher":{"@id":"https:\/\/elcomunista.org\/#organization"},"potentialAction":[{"@type":"SearchAction","target":{"@type":"EntryPoint","urlTemplate":"https:\/\/elcomunista.org\/?s={search_term_string}"},"query-input":{"@type":"PropertyValueSpecification","valueRequired":true,"valueName":"search_term_string"}}],"inLanguage":"es"},{"@type":"Organization","@id":"https:\/\/elcomunista.org\/#organization","name":"Bloque Popular Juvenil","url":"https:\/\/elcomunista.org\/","logo":{"@type":"ImageObject","inLanguage":"es","@id":"https:\/\/elcomunista.org\/#\/schema\/logo\/image\/","url":"https:\/\/bloquepopularjuvenil.org\/wp-content\/uploads\/2018\/11\/bpj-militante.jpg","contentUrl":"https:\/\/bloquepopularjuvenil.org\/wp-content\/uploads\/2018\/11\/bpj-militante.jpg","width":4000,"height":1390,"caption":"Bloque Popular Juvenil"},"image":{"@id":"https:\/\/elcomunista.org\/#\/schema\/logo\/image\/"},"sameAs":["https:\/\/www.facebook.com\/Bloquepopularjuvenil","https:\/\/x.com\/ElBPJ","https:\/\/www.instagram.com\/elbloque_bpj\/?hl=es-la"]},{"@type":"Person","@id":"https:\/\/elcomunista.org\/#\/schema\/person\/f263a81caf9b6558c019b2d6b83e55be","name":"Internacional Comunista Revolucionaria","image":{"@type":"ImageObject","inLanguage":"es","@id":"https:\/\/elcomunista.org\/#\/schema\/person\/image\/","url":"https:\/\/secure.gravatar.com\/avatar\/007ae9c82193c93b7cbb3bbda1ed8c15?s=96&d=mm&r=g","contentUrl":"https:\/\/secure.gravatar.com\/avatar\/007ae9c82193c93b7cbb3bbda1ed8c15?s=96&d=mm&r=g","caption":"Internacional Comunista Revolucionaria"},"url":"https:\/\/elcomunista.org\/?author=62"}]}},"jetpack_featured_media_url":"https:\/\/elcomunista.org\/wp-content\/uploads\/2024\/04\/RCI_Main.jpg","jetpack_likes_enabled":true,"jetpack_sharing_enabled":true,"_links":{"self":[{"href":"https:\/\/elcomunista.org\/index.php?rest_route=\/wp\/v2\/posts\/13721"}],"collection":[{"href":"https:\/\/elcomunista.org\/index.php?rest_route=\/wp\/v2\/posts"}],"about":[{"href":"https:\/\/elcomunista.org\/index.php?rest_route=\/wp\/v2\/types\/post"}],"author":[{"embeddable":true,"href":"https:\/\/elcomunista.org\/index.php?rest_route=\/wp\/v2\/users\/62"}],"replies":[{"embeddable":true,"href":"https:\/\/elcomunista.org\/index.php?rest_route=%2Fwp%2Fv2%2Fcomments&post=13721"}],"version-history":[{"count":1,"href":"https:\/\/elcomunista.org\/index.php?rest_route=\/wp\/v2\/posts\/13721\/revisions"}],"predecessor-version":[{"id":13723,"href":"https:\/\/elcomunista.org\/index.php?rest_route=\/wp\/v2\/posts\/13721\/revisions\/13723"}],"wp:featuredmedia":[{"embeddable":true,"href":"https:\/\/elcomunista.org\/index.php?rest_route=\/wp\/v2\/media\/13722"}],"wp:attachment":[{"href":"https:\/\/elcomunista.org\/index.php?rest_route=%2Fwp%2Fv2%2Fmedia&parent=13721"}],"wp:term":[{"taxonomy":"category","embeddable":true,"href":"https:\/\/elcomunista.org\/index.php?rest_route=%2Fwp%2Fv2%2Fcategories&post=13721"},{"taxonomy":"post_tag","embeddable":true,"href":"https:\/\/elcomunista.org\/index.php?rest_route=%2Fwp%2Fv2%2Ftags&post=13721"}],"curies":[{"name":"wp","href":"https:\/\/api.w.org\/{rel}","templated":true}]}}