{"id":14219,"date":"2024-10-18T10:07:38","date_gmt":"2024-10-18T16:07:38","guid":{"rendered":"https:\/\/elcomunista.org\/?p=14219"},"modified":"2024-10-18T10:07:38","modified_gmt":"2024-10-18T16:07:38","slug":"la-crisis-inmobiliaria-se-agudiza-a-escala-internacional-expropiar-a-los-especuladores","status":"publish","type":"post","link":"https:\/\/elcomunista.org\/?p=14219","title":{"rendered":"La crisis inmobiliaria se agudiza a escala internacional: \u00a1expropiar a los especuladores!"},"content":{"rendered":"<p>La crisis del capitalismo tiene muchas expresiones: nuevas guerras y conflictos interimperialistas, destrucci\u00f3n del medio ambiente, creciente abismo entre ricos y pobres, declive de la ciencia y la cultura, etc. Un s\u00edntoma especialmente llamativo del fracaso del capitalismo es su incapacidad para satisfacer la necesidad humana b\u00e1sica de una vivienda adecuada, incluso en los pa\u00edses m\u00e1s ricos.<\/p>\n<p>Seg\u00fan <span style=\"color: #800000;\"><a style=\"color: #800000;\" href=\"https:\/\/www.ft.com\/content\/f206f6f1-1536-4b29-ad8d-2421fadfc64b\" target=\"_blank\" rel=\"nofollow noopener\">una encuesta reciente de Gallup<\/a><\/span>, m\u00e1s del 50% de los encuestados en los pa\u00edses de la OCDE no est\u00e1n satisfechos con la disponibilidad de una vivienda asequible. Esto representa un fuerte aumento con respecto al 30% anterior a la pandemia. En algunos pa\u00edses, como Estados Unidos, Espa\u00f1a y los Pa\u00edses Bajos, m\u00e1s del 60% de los encuestados est\u00e1n insatisfechos, mientras que en Portugal la cifra se acerca al 80%.<\/p>\n<p>Seg\u00fan esta encuesta, la vivienda se ha convertido en la mayor fuente de insatisfacci\u00f3n en los pa\u00edses ricos. Y esto afecta a todas las generaciones. Para los veintea\u00f1eros, dejar el hogar paterno es cada vez m\u00e1s dif\u00edcil. Si lo consiguen, a menudo aterrizan en viviendas hacinadas y caras.<\/p>\n<p>Sin embargo, la situaci\u00f3n no es mucho mejor para los treinta\u00f1eros y cuarentones que est\u00e1n pensando en comprar una casa, ya que el aumento de los tipos de inter\u00e9s ha disparado los costes de las hipotecas. Esto hace muy dif\u00edcil planificar la vida y formar una familia.<\/p>\n<p>Para las generaciones mayores, muchos de los que ya tienen una hipoteca han visto c\u00f3mo los tipos de inter\u00e9s sub\u00edan inesperadamente en los \u00faltimos a\u00f1os. <span style=\"color: #800000;\"><a style=\"color: #800000;\" href=\"https:\/\/www.ft.com\/content\/babc4862-504d-4143-a89d-714336004e01https:\/\/www.ft.com\/content\/babc4862-504d-4143-a89d-714336004e01\" target=\"_blank\" rel=\"nofollow noopener\">En palabras de un comentarista burgu\u00e9s<\/a><\/span>:<\/p>\n<blockquote><p><em>\u00abuna de las razones por las que los estadounidenses [y no s\u00f3lo ellos] est\u00e1n tan desencantados con el capitalismo es que el sue\u00f1o nacional de la vivienda en propiedad ya no est\u00e1 al alcance de gran parte de la poblaci\u00f3n\u00bb.<\/em><\/p><\/blockquote>\n<p>El fuerte aumento del coste de los alquileres y las hipotecas pone los pelos de punta. <span style=\"color: #800000;\"><a style=\"color: #800000;\" href=\"https:\/\/www.ft.com\/content\/f206f6f1-1536-4b29-ad8d-2421fadfc64b\" target=\"_blank\" rel=\"nofollow noopener\">En el Reino Unido<\/a><\/span>, el coste de la vivienda en relaci\u00f3n con el salario medio se ha duplicado en los \u00faltimos 25 a\u00f1os. <span style=\"color: #800000;\"><a style=\"color: #800000;\" href=\"https:\/\/www.jchs.harvard.edu\/sites\/default\/files\/reports\/files\/Harvard_JCHS_The_State_of_the_Nations_Housing_2024.pdf\" target=\"_blank\" rel=\"nofollow noopener\">En Estados Unidos<\/a><\/span>, las cuotas mensuales de una hipoteca con un dep\u00f3sito bajo han pasado de unos 2.000 d\u00f3lares en 2021 a m\u00e1s de 3.000 en la actualidad.<\/p>\n<p>El problema no es s\u00f3lo el coste, sino tambi\u00e9n la calidad de la vivienda. Para hacer frente a los pagos del alquiler, los trabajadores se hacinan en apartamentos min\u00fasculos y a menudo comparten habitaciones o incluso camas, en algunos casos con completos desconocidos. La expresi\u00f3n m\u00e1s extrema de la crisis de la vivienda es el sinhogarismo, que ha aumentado bruscamente en todos los pa\u00edses capitalistas avanzados.<\/p>\n<p>El a\u00f1o pasado, el n\u00famero de personas sin hogar <span style=\"color: #800000;\"><a style=\"color: #800000;\" href=\"https:\/\/homelessnomore.com\/understanding-global-homelessness-a-comprehensive-analysis\/\" target=\"_blank\" rel=\"nofollow noopener\">aument\u00f3 un 12% a escala internacional<\/a><\/span>. En Estados Unidos, el pa\u00eds m\u00e1s rico del mundo, <span style=\"color: #800000;\"><a style=\"color: #800000;\" href=\"https:\/\/usafacts.org\/articles\/how-many-homeless-people-are-in-the-us-what-does-the-data-miss\/\" target=\"_blank\" rel=\"nofollow noopener\">hay m\u00e1s de 650.000 personas viviendo en la calle<\/a><\/span> seg\u00fan las estad\u00edsticas oficiales (aunque la cifra real puede ser mayor). En Portugal, el n\u00famero de personas sin hogar <span style=\"color: #800000;\"><a style=\"color: #800000;\" href=\"https:\/\/expresso.pt\/sociedade\/2023-10-19-Os-sem-abrigo-aumentaram-78-em-quatro-anos-sao-mais-de-10-mil-entre-homens-mulheres-jovens-idosos-estrangeiros-familias-inteiras-e109bfba\" target=\"_blank\" rel=\"nofollow noopener\">ha crecido un 78%<\/a><\/span> desde la pandemia.<\/p>\n<p>Pero no todo el mundo est\u00e1 descontento. Al contrario, una peque\u00f1a minor\u00eda de par\u00e1sitos adinerados est\u00e1 encantada. <span style=\"color: #800000;\"><a style=\"color: #800000;\" href=\"https:\/\/www.ilsole24ore.com\/art\/intesa-sanpaolo-utile-2023-a-77-miliardi-rialzo-76percento-AFV1vhcC\" target=\"_blank\" rel=\"nofollow noopener\">En palabras de un banquero italiano<\/a><\/span>, 2023 ha sido \u00abel mejor a\u00f1o de la historia\u00bb. En efecto, para un pu\u00f1ado de capitalistas la situaci\u00f3n actual no podr\u00eda ser mejor. Bancos, propietarios, agentes de bolsa y sociedades de gesti\u00f3n de inversiones est\u00e1n obteniendo enormes beneficios.<\/p>\n<p>En Espa\u00f1a, por ejemplo, <span style=\"color: #800000;\"><a style=\"color: #800000;\" href=\"https:\/\/www.elperiodico.com\/es\/economia\/20240416\/beneficio-banca-supera-maximo-burbuja-inmobiliaria-30-954-millones-banco-espana-2023-101141515\" target=\"_blank\" rel=\"nofollow noopener\">los beneficios de los bancos<\/a><\/span> aumentaron casi un 30% el a\u00f1o pasado debido a la subida de los tipos de inter\u00e9s de las hipotecas y otros pr\u00e9stamos. Todos los capitalistas est\u00e1n apretando las tuercas a la clase trabajadora: los empresarios, los caseros, los minoristas, los propietarios de plataformas digitales.<\/p>\n<p>\u00bfA qu\u00e9 se debe la crisis inmobiliaria? \u00abB\u00e1sicamente no hemos construido lo suficiente\u00bb, responde un economista capitalista entrevistado por el <em>Financial Times<\/em>. Una respuesta sencilla, pero que parece contradecir los hechos. Un r\u00e1pido vistazo a las cifras muestra que la industria de la construcci\u00f3n no est\u00e1 de brazos cruzados. El consumo de cemento en Estados Unidos <span style=\"color: #800000;\"><a style=\"color: #800000;\" href=\"https:\/\/www.statista.com\/statistics\/273367\/consumption-of-cement-in-the-us\/\" target=\"_blank\" rel=\"nofollow noopener\">no ha dejado de crecer<\/a><\/span> en la \u00faltima d\u00e9cada. En la UE, la industria de la construcci\u00f3n tambi\u00e9n <span style=\"color: #800000;\"><a style=\"color: #800000;\" href=\"https:\/\/ec.europa.eu\/eurostat\/web\/products-euro-indicators\/w\/4-20022024-ap#:~:text=In%20December%202023%20compared%20with,by%200.1%25%20in%20the%20EU.\" target=\"_blank\" rel=\"nofollow noopener\">se ha expandido vigorosamente<\/a><\/span> en los \u00faltimos a\u00f1os (con un par\u00e9ntesis durante la pandemia).<\/p>\n<p>El <em>Financial Times<\/em> responde a esta paradoja:<\/p>\n<blockquote><p><em>\u00ablos promotores inmobiliarios se dirigen a menudo a los hogares m\u00e1s ricos, lo que agrava la presi\u00f3n sobre las rentas m\u00e1s bajas\u00bb.<\/em><\/p><\/blockquote>\n<p>Hablando claro, se est\u00e1n construyendo casas, s\u00ed, pero <em>para los ricos<\/em>. Los capitalistas est\u00e1n construyendo residencias secundarias para los ricos, hoteles caros o propiedades vac\u00edas para la especulaci\u00f3n. A su vez, los propietarios <span style=\"color: #800000;\"><a style=\"color: #800000;\" href=\"https:\/\/www.ft.com\/content\/1c0b0d08-a6a5-47b6-a3db-a47624213388\" target=\"_blank\" rel=\"nofollow noopener\">se est\u00e1n dedicando a otras actividades<\/a><\/span> especulativas m\u00e1s rentables.<\/p>\n<p>Este fen\u00f3meno no es nuevo. <span style=\"color: #800000;\"><a style=\"color: #800000;\" href=\"https:\/\/www.marxists.org\/espanol\/m-e\/1870s\/vivienda\/4.htm\" target=\"_blank\" rel=\"noopener\">En palabras de Engels<\/a><\/span>:<\/p>\n<blockquote><p><em>\u00abLa raz\u00f3n de que en ellas [las viviendas obreras] no se haya invertido m\u00e1s capital es que las habitaciones caras dan todav\u00eda mayor beneficio a sus propietarios.\u00bb<\/em><\/p><\/blockquote>\n<p>La actual crisis del capitalismo ha intensificado la tendencia a la especulaci\u00f3n y al derroche de lujo. Tras la crisis de 2008, los bancos centrales inyectaron miles de millones de d\u00f3lares en el sector financiero. Pero esto apenas se tradujo en inversi\u00f3n productiva, ya que la demanda real permaneci\u00f3 an\u00e9mica. Ese dinero se destin\u00f3 m\u00e1s bien a todo tipo de actividades especulativas, incluidas las inmobiliarias. Al mismo tiempo, la creciente desigualdad inclina el mercado inmobiliario a\u00fan m\u00e1s hacia los ricos.<\/p>\n<p>\u00bfQu\u00e9 est\u00e1n haciendo las autoridades para atajar este problema? Bajo la presi\u00f3n de las protestas masivas y la creciente indignaci\u00f3n, algunos gobiernos han introducido subvenciones y exenciones fiscales para inquilinos y promotores, pero, escandalosamente, los bancos, la industria de la construcci\u00f3n y los propietarios se han quedado con todo ello sin bajar los precios. De hecho, sus \u00abmedidas\u00bb para aliviar la crisis de la vivienda se traducen en m\u00e1s subvenciones para los mismos par\u00e1sitos responsables de la crisis.<\/p>\n<p>Esta pr\u00e1ctica, por ejemplo, <span style=\"color: #800000;\"><a style=\"color: #800000;\" href=\"https:\/\/sicnoticias.pt\/economia\/2024-09-03-video-aumento-da-procura-faz-subir-o-preco-das-casas-54c35920\" target=\"_blank\" rel=\"nofollow noopener\">se ha revelado recientemente en Portugal<\/a><\/span>, donde los incentivos fiscales y las subvenciones no han hecho m\u00e1s que empujar los precios al alza. El derecho a la vivienda est\u00e1 consagrado en la mayor\u00eda de las constituciones, pero ning\u00fan Estado lo hace valer. Pero si la gente corriente se atreviera a dejar de pagar el alquiler o la hipoteca, pronto se encontrar\u00eda con la polic\u00eda llamando a su puerta con \u00f3rdenes de desahucio. Tal es el car\u00e1cter del Estado capitalista: un cuerpo armado especial para la defensa de la propiedad privada.<\/p>\n<p>En la izquierda, los gobiernos reformistas de pa\u00edses <span style=\"color: #800000;\"><a style=\"color: #800000;\" href=\"https:\/\/www.comunistasrevolucionarios.org\/la-ley-de-vivienda-no-soluciona-la-crisis-del-alquiler-que-camino-seguir\/\" target=\"_blank\" rel=\"noopener\">como Espa\u00f1a<\/a><\/span> han intentado estimular la construcci\u00f3n de viviendas asequibles y obstaculizar el desarrollo especulativo y orientado al turismo. Sin embargo, con escasos resultados. En el ayuntamiento de Barcelona, por ejemplo, el gobierno de izquierdas de Ada Colau en 2015-23 prometi\u00f3 abordar la crisis de la vivienda pero, bajo su mandato, los precios de la vivienda literalmente <span style=\"color: #800000;\"><a style=\"color: #800000;\" href=\"https:\/\/www.idealista.com\/sala-de-prensa\/informes-precio-vivienda\/alquiler\/cataluna\/barcelona-provincia\/barcelona\/\" target=\"_blank\" rel=\"nofollow noopener\">se duplicaron<\/a><\/span>. Esto no se debe a su deshonestidad personal ni a su corrupci\u00f3n. De hecho, aprob\u00f3 una abundante legislaci\u00f3n para tratar de mitigar la crisis.<\/p>\n<p>El problema radica en su enfoque reformista, que intentaba dar una respuesta dentro de los l\u00edmites del capitalismo. Pero no se puede controlar lo que no se posee. Los capitalistas invertir\u00e1n donde haya m\u00e1s dinero que ganar. Los promotores inmobiliarios elegir\u00e1n invertir su dinero en urbanizaciones de lujo u hoteles m\u00e1s rentables en lugar de en viviendas asequibles para la clase trabajadora. Los propietarios, grandes y peque\u00f1os, elegir\u00e1n Airbnb en lugar de alquilar sus propiedades, o las vender\u00e1n a un fondo de inversi\u00f3n, si as\u00ed pueden ganar m\u00e1s dinero. Las reformas bienintencionadas se estrellar\u00e1n contra estas leyes del capitalismo.<\/p>\n<p>Hay casas de sobra para todos, y recursos para construir otras nuevas. Pero mientras la tierra y el capital sigan en manos de una peque\u00f1a camarilla de par\u00e1sitos, los trabajadores seguir\u00e1n asfixiados por los alquileres, las hipotecas y los desahucios. Para resolver la crisis de la vivienda, hay que expropiar a los capitalistas. Su riqueza, creada por la clase obrera, debe ponerse al servicio de las necesidades sociales mediante una planificaci\u00f3n econ\u00f3mica racional.<br \/>\n<span style=\"color: #800000;\"><a style=\"color: #800000;\" href=\"https:\/\/www.marxists.org\/espanol\/m-e\/1870s\/vivienda\/3.htm\" target=\"_blank\" rel=\"noopener\">Como dijo Engels sucintamente<\/a><\/span>:<\/p>\n<blockquote><p><em>\u00ab[La crisis de la vivienda] no podr\u00eda existir sin penuria de la vivienda una sociedad en la cual la gran masa trabajadora no puede contar m\u00e1s que con un salario y, por tanto, exclusivamente con la suma de medios indispensables para su existencia y para la reproducci\u00f3n de su especie; una sociedad donde los perfeccionamientos de la maquinaria, etc., privan continuamente de trabajo a masas de obreros; donde el retorno regular de violentas fluctuaciones industriales condiciona, por un lado, la existencia de un gran ej\u00e9rcito de reserva de obreros desocupados y, por otro lado, echa a la calle peri\u00f3dicamente a grandes masas de obreros sin trabajo; donde los trabajadores se amontonan en las grandes ciudades y de hecho mucho m\u00e1s de prisa de lo que, en las circunstancias presentes, se edifica para ellos, de suerte que pueden siempre encontrarse arrendatarios para la m\u00e1s infecta de las pocilgas; en fin, una sociedad en la cual el propietario de una casa tiene, en su calidad de capitalista, no solamente el derecho, sino tambi\u00e9n, en cierta medida y a causa de la concurrencia, hasta el deber de exigir sin consideraci\u00f3n los alquileres m\u00e1s elevados. En semejante sociedad, la penuria de la vivienda no es en modo alguno producto del azar; es una instituci\u00f3n necesaria que no podr\u00e1 desaparecer, con sus repercusiones sobre la salud, etc., m\u00e1s que cuando todo el orden social que la ha hecho nacer sea transformado de ra\u00edz.\u00bb.<\/em><\/p><\/blockquote>\n","protected":false},"excerpt":{"rendered":"<p>La crisis del capitalismo tiene muchas expresiones: nuevas guerras y conflictos interimperialistas, destrucci\u00f3n del medio ambiente, creciente abismo entre ricos y pobres, declive de la ciencia y la cultura, etc. Un s\u00edntoma especialmente llamativo del fracaso del capitalismo es su incapacidad para satisfacer la necesidad humana b\u00e1sica de una vivienda adecuada, incluso en los pa\u00edses&#8230;<\/p>\n","protected":false},"author":82,"featured_media":14226,"comment_status":"open","ping_status":"open","sticky":false,"template":"","format":"standard","meta":{"_monsterinsights_skip_tracking":false,"_monsterinsights_sitenote_active":false,"_monsterinsights_sitenote_note":"","_monsterinsights_sitenote_category":0,"_uf_show_specific_survey":0,"_uf_disable_surveys":false,"_jetpack_memberships_contains_paid_content":false,"footnotes":""},"categories":[1085,13],"tags":[796,2191,1189],"class_list":["post-14219","post","type-post","status-publish","format-standard","has-post-thumbnail","hentry","category-crisis-capitalista","category-internacional","tag-crisis-capitalista","tag-crisis-inmobiliaria","tag-especulacion"],"aioseo_notices":[],"yoast_head":"<!-- This site is optimized with the Yoast SEO plugin v25.6 - https:\/\/yoast.com\/wordpress\/plugins\/seo\/ -->\n<title>La crisis inmobiliaria se agudiza a escala internacional: \u00a1expropiar a los especuladores!<\/title>\n<meta name=\"robots\" content=\"index, follow, max-snippet:-1, max-image-preview:large, max-video-preview:-1\" \/>\n<link rel=\"canonical\" href=\"https:\/\/elcomunista.org\/?p=14219\" \/>\n<meta property=\"og:locale\" content=\"es_ES\" \/>\n<meta property=\"og:type\" content=\"article\" \/>\n<meta property=\"og:title\" content=\"La crisis inmobiliaria se agudiza a escala internacional: \u00a1expropiar a los especuladores!\" \/>\n<meta property=\"og:description\" content=\"La crisis del capitalismo tiene muchas expresiones: nuevas guerras y conflictos interimperialistas, destrucci\u00f3n del medio ambiente, creciente abismo entre ricos y pobres, declive de la ciencia y la cultura, etc. Un s\u00edntoma especialmente llamativo del fracaso del capitalismo es su incapacidad para satisfacer la necesidad humana b\u00e1sica de una vivienda adecuada, incluso en los pa\u00edses...\" \/>\n<meta property=\"og:url\" content=\"https:\/\/elcomunista.org\/?p=14219\" \/>\n<meta property=\"og:site_name\" content=\"Revoluci\u00f3n Comunista\" \/>\n<meta property=\"article:publisher\" content=\"https:\/\/www.facebook.com\/Bloquepopularjuvenil\" \/>\n<meta property=\"article:published_time\" content=\"2024-10-18T16:07:38+00:00\" \/>\n<meta property=\"og:image\" content=\"https:\/\/elcomunista.org\/wp-content\/uploads\/2024\/10\/flat.jpg\" \/>\n\t<meta property=\"og:image:width\" content=\"1437\" \/>\n\t<meta property=\"og:image:height\" content=\"954\" \/>\n\t<meta property=\"og:image:type\" content=\"image\/jpeg\" \/>\n<meta name=\"author\" content=\"Arturo Rodr\u00edguez\" \/>\n<meta name=\"twitter:card\" content=\"summary_large_image\" \/>\n<meta name=\"twitter:creator\" content=\"@ElBPJ\" \/>\n<meta name=\"twitter:site\" content=\"@ElBPJ\" \/>\n<meta name=\"twitter:label1\" content=\"Escrito por\" \/>\n\t<meta name=\"twitter:data1\" content=\"Arturo Rodr\u00edguez\" \/>\n\t<meta name=\"twitter:label2\" content=\"Tiempo de lectura\" \/>\n\t<meta name=\"twitter:data2\" content=\"6 minutos\" \/>\n<script type=\"application\/ld+json\" class=\"yoast-schema-graph\">{\"@context\":\"https:\/\/schema.org\",\"@graph\":[{\"@type\":\"Article\",\"@id\":\"https:\/\/elcomunista.org\/?p=14219#article\",\"isPartOf\":{\"@id\":\"https:\/\/elcomunista.org\/?p=14219\"},\"author\":{\"name\":\"Arturo Rodr\u00edguez\",\"@id\":\"https:\/\/elcomunista.org\/#\/schema\/person\/59e1c14e7f0414124518f28b9932891b\"},\"headline\":\"La crisis inmobiliaria se agudiza a escala internacional: \u00a1expropiar a los especuladores!\",\"datePublished\":\"2024-10-18T16:07:38+00:00\",\"mainEntityOfPage\":{\"@id\":\"https:\/\/elcomunista.org\/?p=14219\"},\"wordCount\":1691,\"commentCount\":0,\"publisher\":{\"@id\":\"https:\/\/elcomunista.org\/#organization\"},\"image\":{\"@id\":\"https:\/\/elcomunista.org\/?p=14219#primaryimage\"},\"thumbnailUrl\":\"https:\/\/elcomunista.org\/wp-content\/uploads\/2024\/10\/flat.jpg\",\"keywords\":[\"Crisis capitalista\",\"Crisis inmobiliaria\",\"Especulaci\u00f3n\"],\"articleSection\":[\"Crisis capitalista\",\"Internacional\"],\"inLanguage\":\"es\",\"potentialAction\":[{\"@type\":\"CommentAction\",\"name\":\"Comment\",\"target\":[\"https:\/\/elcomunista.org\/?p=14219#respond\"]}]},{\"@type\":\"WebPage\",\"@id\":\"https:\/\/elcomunista.org\/?p=14219\",\"url\":\"https:\/\/elcomunista.org\/?p=14219\",\"name\":\"La crisis inmobiliaria se agudiza a escala internacional: \u00a1expropiar a los especuladores!\",\"isPartOf\":{\"@id\":\"https:\/\/elcomunista.org\/#website\"},\"primaryImageOfPage\":{\"@id\":\"https:\/\/elcomunista.org\/?p=14219#primaryimage\"},\"image\":{\"@id\":\"https:\/\/elcomunista.org\/?p=14219#primaryimage\"},\"thumbnailUrl\":\"https:\/\/elcomunista.org\/wp-content\/uploads\/2024\/10\/flat.jpg\",\"datePublished\":\"2024-10-18T16:07:38+00:00\",\"breadcrumb\":{\"@id\":\"https:\/\/elcomunista.org\/?p=14219#breadcrumb\"},\"inLanguage\":\"es\",\"potentialAction\":[{\"@type\":\"ReadAction\",\"target\":[\"https:\/\/elcomunista.org\/?p=14219\"]}]},{\"@type\":\"ImageObject\",\"inLanguage\":\"es\",\"@id\":\"https:\/\/elcomunista.org\/?p=14219#primaryimage\",\"url\":\"https:\/\/elcomunista.org\/wp-content\/uploads\/2024\/10\/flat.jpg\",\"contentUrl\":\"https:\/\/elcomunista.org\/wp-content\/uploads\/2024\/10\/flat.jpg\",\"width\":1437,\"height\":954},{\"@type\":\"BreadcrumbList\",\"@id\":\"https:\/\/elcomunista.org\/?p=14219#breadcrumb\",\"itemListElement\":[{\"@type\":\"ListItem\",\"position\":1,\"name\":\"Portada\",\"item\":\"https:\/\/elcomunista.org\/\"},{\"@type\":\"ListItem\",\"position\":2,\"name\":\"La crisis inmobiliaria se agudiza a escala internacional: \u00a1expropiar a los especuladores!\"}]},{\"@type\":\"WebSite\",\"@id\":\"https:\/\/elcomunista.org\/#website\",\"url\":\"https:\/\/elcomunista.org\/\",\"name\":\"Revoluci\u00f3n Comunista\",\"description\":\"Internacional Comunista Revolucionaria\",\"publisher\":{\"@id\":\"https:\/\/elcomunista.org\/#organization\"},\"potentialAction\":[{\"@type\":\"SearchAction\",\"target\":{\"@type\":\"EntryPoint\",\"urlTemplate\":\"https:\/\/elcomunista.org\/?s={search_term_string}\"},\"query-input\":{\"@type\":\"PropertyValueSpecification\",\"valueRequired\":true,\"valueName\":\"search_term_string\"}}],\"inLanguage\":\"es\"},{\"@type\":\"Organization\",\"@id\":\"https:\/\/elcomunista.org\/#organization\",\"name\":\"Bloque Popular Juvenil\",\"url\":\"https:\/\/elcomunista.org\/\",\"logo\":{\"@type\":\"ImageObject\",\"inLanguage\":\"es\",\"@id\":\"https:\/\/elcomunista.org\/#\/schema\/logo\/image\/\",\"url\":\"https:\/\/bloquepopularjuvenil.org\/wp-content\/uploads\/2018\/11\/bpj-militante.jpg\",\"contentUrl\":\"https:\/\/bloquepopularjuvenil.org\/wp-content\/uploads\/2018\/11\/bpj-militante.jpg\",\"width\":4000,\"height\":1390,\"caption\":\"Bloque Popular Juvenil\"},\"image\":{\"@id\":\"https:\/\/elcomunista.org\/#\/schema\/logo\/image\/\"},\"sameAs\":[\"https:\/\/www.facebook.com\/Bloquepopularjuvenil\",\"https:\/\/x.com\/ElBPJ\",\"https:\/\/www.instagram.com\/elbloque_bpj\/?hl=es-la\"]},{\"@type\":\"Person\",\"@id\":\"https:\/\/elcomunista.org\/#\/schema\/person\/59e1c14e7f0414124518f28b9932891b\",\"name\":\"Arturo Rodr\u00edguez\",\"image\":{\"@type\":\"ImageObject\",\"inLanguage\":\"es\",\"@id\":\"https:\/\/elcomunista.org\/#\/schema\/person\/image\/\",\"url\":\"https:\/\/secure.gravatar.com\/avatar\/8fec3bd105fcf3a34fbde1d71054bd78?s=96&d=mm&r=g\",\"contentUrl\":\"https:\/\/secure.gravatar.com\/avatar\/8fec3bd105fcf3a34fbde1d71054bd78?s=96&d=mm&r=g\",\"caption\":\"Arturo Rodr\u00edguez\"},\"url\":\"https:\/\/elcomunista.org\/?author=82\"}]}<\/script>\n<!-- \/ Yoast SEO plugin. -->","yoast_head_json":{"title":"La crisis inmobiliaria se agudiza a escala internacional: \u00a1expropiar a los especuladores!","robots":{"index":"index","follow":"follow","max-snippet":"max-snippet:-1","max-image-preview":"max-image-preview:large","max-video-preview":"max-video-preview:-1"},"canonical":"https:\/\/elcomunista.org\/?p=14219","og_locale":"es_ES","og_type":"article","og_title":"La crisis inmobiliaria se agudiza a escala internacional: \u00a1expropiar a los especuladores!","og_description":"La crisis del capitalismo tiene muchas expresiones: nuevas guerras y conflictos interimperialistas, destrucci\u00f3n del medio ambiente, creciente abismo entre ricos y pobres, declive de la ciencia y la cultura, etc. Un s\u00edntoma especialmente llamativo del fracaso del capitalismo es su incapacidad para satisfacer la necesidad humana b\u00e1sica de una vivienda adecuada, incluso en los pa\u00edses...","og_url":"https:\/\/elcomunista.org\/?p=14219","og_site_name":"Revoluci\u00f3n Comunista","article_publisher":"https:\/\/www.facebook.com\/Bloquepopularjuvenil","article_published_time":"2024-10-18T16:07:38+00:00","og_image":[{"width":1437,"height":954,"url":"https:\/\/elcomunista.org\/wp-content\/uploads\/2024\/10\/flat.jpg","type":"image\/jpeg"}],"author":"Arturo Rodr\u00edguez","twitter_card":"summary_large_image","twitter_creator":"@ElBPJ","twitter_site":"@ElBPJ","twitter_misc":{"Escrito por":"Arturo Rodr\u00edguez","Tiempo de lectura":"6 minutos"},"schema":{"@context":"https:\/\/schema.org","@graph":[{"@type":"Article","@id":"https:\/\/elcomunista.org\/?p=14219#article","isPartOf":{"@id":"https:\/\/elcomunista.org\/?p=14219"},"author":{"name":"Arturo Rodr\u00edguez","@id":"https:\/\/elcomunista.org\/#\/schema\/person\/59e1c14e7f0414124518f28b9932891b"},"headline":"La crisis inmobiliaria se agudiza a escala internacional: \u00a1expropiar a los especuladores!","datePublished":"2024-10-18T16:07:38+00:00","mainEntityOfPage":{"@id":"https:\/\/elcomunista.org\/?p=14219"},"wordCount":1691,"commentCount":0,"publisher":{"@id":"https:\/\/elcomunista.org\/#organization"},"image":{"@id":"https:\/\/elcomunista.org\/?p=14219#primaryimage"},"thumbnailUrl":"https:\/\/elcomunista.org\/wp-content\/uploads\/2024\/10\/flat.jpg","keywords":["Crisis capitalista","Crisis inmobiliaria","Especulaci\u00f3n"],"articleSection":["Crisis capitalista","Internacional"],"inLanguage":"es","potentialAction":[{"@type":"CommentAction","name":"Comment","target":["https:\/\/elcomunista.org\/?p=14219#respond"]}]},{"@type":"WebPage","@id":"https:\/\/elcomunista.org\/?p=14219","url":"https:\/\/elcomunista.org\/?p=14219","name":"La crisis inmobiliaria se agudiza a escala internacional: \u00a1expropiar a los especuladores!","isPartOf":{"@id":"https:\/\/elcomunista.org\/#website"},"primaryImageOfPage":{"@id":"https:\/\/elcomunista.org\/?p=14219#primaryimage"},"image":{"@id":"https:\/\/elcomunista.org\/?p=14219#primaryimage"},"thumbnailUrl":"https:\/\/elcomunista.org\/wp-content\/uploads\/2024\/10\/flat.jpg","datePublished":"2024-10-18T16:07:38+00:00","breadcrumb":{"@id":"https:\/\/elcomunista.org\/?p=14219#breadcrumb"},"inLanguage":"es","potentialAction":[{"@type":"ReadAction","target":["https:\/\/elcomunista.org\/?p=14219"]}]},{"@type":"ImageObject","inLanguage":"es","@id":"https:\/\/elcomunista.org\/?p=14219#primaryimage","url":"https:\/\/elcomunista.org\/wp-content\/uploads\/2024\/10\/flat.jpg","contentUrl":"https:\/\/elcomunista.org\/wp-content\/uploads\/2024\/10\/flat.jpg","width":1437,"height":954},{"@type":"BreadcrumbList","@id":"https:\/\/elcomunista.org\/?p=14219#breadcrumb","itemListElement":[{"@type":"ListItem","position":1,"name":"Portada","item":"https:\/\/elcomunista.org\/"},{"@type":"ListItem","position":2,"name":"La crisis inmobiliaria se agudiza a escala internacional: \u00a1expropiar a los especuladores!"}]},{"@type":"WebSite","@id":"https:\/\/elcomunista.org\/#website","url":"https:\/\/elcomunista.org\/","name":"Revoluci\u00f3n Comunista","description":"Internacional Comunista Revolucionaria","publisher":{"@id":"https:\/\/elcomunista.org\/#organization"},"potentialAction":[{"@type":"SearchAction","target":{"@type":"EntryPoint","urlTemplate":"https:\/\/elcomunista.org\/?s={search_term_string}"},"query-input":{"@type":"PropertyValueSpecification","valueRequired":true,"valueName":"search_term_string"}}],"inLanguage":"es"},{"@type":"Organization","@id":"https:\/\/elcomunista.org\/#organization","name":"Bloque Popular Juvenil","url":"https:\/\/elcomunista.org\/","logo":{"@type":"ImageObject","inLanguage":"es","@id":"https:\/\/elcomunista.org\/#\/schema\/logo\/image\/","url":"https:\/\/bloquepopularjuvenil.org\/wp-content\/uploads\/2018\/11\/bpj-militante.jpg","contentUrl":"https:\/\/bloquepopularjuvenil.org\/wp-content\/uploads\/2018\/11\/bpj-militante.jpg","width":4000,"height":1390,"caption":"Bloque Popular Juvenil"},"image":{"@id":"https:\/\/elcomunista.org\/#\/schema\/logo\/image\/"},"sameAs":["https:\/\/www.facebook.com\/Bloquepopularjuvenil","https:\/\/x.com\/ElBPJ","https:\/\/www.instagram.com\/elbloque_bpj\/?hl=es-la"]},{"@type":"Person","@id":"https:\/\/elcomunista.org\/#\/schema\/person\/59e1c14e7f0414124518f28b9932891b","name":"Arturo Rodr\u00edguez","image":{"@type":"ImageObject","inLanguage":"es","@id":"https:\/\/elcomunista.org\/#\/schema\/person\/image\/","url":"https:\/\/secure.gravatar.com\/avatar\/8fec3bd105fcf3a34fbde1d71054bd78?s=96&d=mm&r=g","contentUrl":"https:\/\/secure.gravatar.com\/avatar\/8fec3bd105fcf3a34fbde1d71054bd78?s=96&d=mm&r=g","caption":"Arturo Rodr\u00edguez"},"url":"https:\/\/elcomunista.org\/?author=82"}]}},"jetpack_featured_media_url":"https:\/\/elcomunista.org\/wp-content\/uploads\/2024\/10\/flat.jpg","jetpack_likes_enabled":true,"jetpack_sharing_enabled":true,"_links":{"self":[{"href":"https:\/\/elcomunista.org\/index.php?rest_route=\/wp\/v2\/posts\/14219"}],"collection":[{"href":"https:\/\/elcomunista.org\/index.php?rest_route=\/wp\/v2\/posts"}],"about":[{"href":"https:\/\/elcomunista.org\/index.php?rest_route=\/wp\/v2\/types\/post"}],"author":[{"embeddable":true,"href":"https:\/\/elcomunista.org\/index.php?rest_route=\/wp\/v2\/users\/82"}],"replies":[{"embeddable":true,"href":"https:\/\/elcomunista.org\/index.php?rest_route=%2Fwp%2Fv2%2Fcomments&post=14219"}],"version-history":[{"count":1,"href":"https:\/\/elcomunista.org\/index.php?rest_route=\/wp\/v2\/posts\/14219\/revisions"}],"predecessor-version":[{"id":14227,"href":"https:\/\/elcomunista.org\/index.php?rest_route=\/wp\/v2\/posts\/14219\/revisions\/14227"}],"wp:featuredmedia":[{"embeddable":true,"href":"https:\/\/elcomunista.org\/index.php?rest_route=\/wp\/v2\/media\/14226"}],"wp:attachment":[{"href":"https:\/\/elcomunista.org\/index.php?rest_route=%2Fwp%2Fv2%2Fmedia&parent=14219"}],"wp:term":[{"taxonomy":"category","embeddable":true,"href":"https:\/\/elcomunista.org\/index.php?rest_route=%2Fwp%2Fv2%2Fcategories&post=14219"},{"taxonomy":"post_tag","embeddable":true,"href":"https:\/\/elcomunista.org\/index.php?rest_route=%2Fwp%2Fv2%2Ftags&post=14219"}],"curies":[{"name":"wp","href":"https:\/\/api.w.org\/{rel}","templated":true}]}}