{"id":143,"date":"2009-03-12T00:45:54","date_gmt":"2009-03-12T00:45:54","guid":{"rendered":"http:\/\/bloquepopularjuvenil.org\/bpjwordpress\/?p=143"},"modified":"2021-07-28T12:42:47","modified_gmt":"2021-07-28T18:42:47","slug":"la-prensa-grafica-desata-un-histerico-ataque-contra-el-bpj-usando-de-pretexto-la-lucha-por-el-derecho-a-la-educacion-en-la-ues","status":"publish","type":"post","link":"https:\/\/elcomunista.org\/?p=143","title":{"rendered":"La Prensa Gr\u00e1fica desata un hist\u00e9rico ataque contra el BPJ usando de pretexto la lucha por el derecho a la educaci\u00f3n en la UES"},"content":{"rendered":"<p>El Bloque Popular Juvenil (BPJ) se ha caracterizado en el \u00faltimo periodo por dar respuestas pol\u00edticas a los acontecimientos, en difundir y defender las ideas del marxismo y en luchar por un gobierno del FMLN con un programa de izquierda. Cada una de nuestras intervenciones han estado orientadas en ese sentido y como no es de extra\u00f1ar la burgues\u00eda y su aparato de comunicaci\u00f3n se ha volcado a atacarnos.<\/p>\n<p>Desde el jueves 5 de este mes hasta la fecha <em>La Prensa<\/em><em> Gr\u00e1fica<\/em> ha publicado una serie de art\u00edculos en la cual nos acusan de ser los responsables intelectuales de la ocupaci\u00f3n de los edificios de Psicolog\u00eda, Periodismo y Letras en la Universidad de El Salvador (UES) utilizando precisamente a nuestro brazo estudiantil Fuerza de Acci\u00f3n Universitaria (FAU) y a la plataforma lanzada este a\u00f1o: el Movimiento de Estudiantes No Aceptados (MENA). Ya en anteriores ocasiones hemos sufrido ataques en los medios de comunicaci\u00f3n, pero este se vuelve particular debido a la importancia que le han dado (en las publicaciones del viernes 6 y s\u00e1bado 7 nos \u201cregalan\u201d 2 paginas de ataques por publicaci\u00f3n) por como han focalizado el ataque teniendo en cuenta que no solo nosotros estamos peleando por mas cupos para los estudiantes no admitidos y por el claro giro a la izquierda de los trabajadores salvadore\u00f1os que se muestra en el gran apoyo al FMLN para la pr\u00f3xima contienda electoral.<\/p>\n<p><strong>Necesidad y accidente<\/strong><\/p>\n<p>No esper\u00e1bamos imparcialidad de aquellos que luchan por defender el sistema de miserias en el que viven los trabajadores, seremos muy puntuales en desmentir los ataques que hemos sufrido, no debemos confundir la necesidad con el accidente, la ocupaci\u00f3n de los edificios en la UES solo es la excusa para lanzar un ataque fren\u00e9tico en contra del BPJ.<\/p>\n<p>Nos acusan de participar en la lucha por m\u00e1s cupos para los estudiantes que no fueron aceptados en la Universidad, de dirigir las ocupaciones de los edificios ya mencionados y de tener intereses \u201coscuros\u201d por los cuales llevamos a cabo la lucha (estas son palabras del decano de la Facultad de Ciencias y Humanidades de la UES, La Prensa Gr\u00e1fica 7 de marzo de 2009) e inclusive participar en los asesinatos de los agentes de la UMO\u00a0 el 5 de Julio de 2006 (acusaci\u00f3n falsa de inicio a fin).<\/p>\n<p>En primer lugar s\u00ed defendemos la consigna de m\u00e1s cupos para los hijos de los trabajadores pero explicamos que para que esto se puede cumplir a profundidad se debe asignar un presupuesto del 8% del PIB a la educaci\u00f3n en general y de nacionalizar las universidades privadas para ponerlas a trabajar en funci\u00f3n de los hijos de los trabajadores, esta es una lucha que debe llevarse a cabo por los trabajadores en su conjunto y con las bases del FMLN. El 16 de febrero FAU realiz\u00f3 una movilizaci\u00f3n luchando por estas consignas, l\u00f3gicamente los medios de comunicaci\u00f3n no le dieron importancia ya que saben muy bien que sacar notas al respecto podr\u00eda contagiar a los trabajadores de un entusiasmo mucho mayor al que ya se respira en el ambiente para luchar en contra de la derecha de nuestro pa\u00eds.<\/p>\n<p>Es falso que nosotros dirigimos intelectualmente las ocupaciones de los edificios, de ser as\u00ed toda la campa\u00f1a hubiera estado orientada a movilizarnos de la manera mas disciplinada en las calles junto a los trabajadores y a las bases del FMLN luchando por la defensa de la educaci\u00f3n de los hijos de los trabajadores, no poseemos ninguna \u201cintenci\u00f3n oscura\u201d, para el Lic. Calder\u00f3n una intenci\u00f3n obscura es luchar por los derechos de los hijos de tu misma clase, es oscuro exigir mas presupuesto para la UES y sobre todo es oscuro explicar que esto tiene un trasfondo pol\u00edtico en el cual los partidos de derecha tienen toda la responsabilidad de la deplorable condici\u00f3n de la educaci\u00f3n.<\/p>\n<p>El rector Rufino Quezada tambi\u00e9n tiene su cucharada de responsabilidad, llama \u201cdelincuentes\u201d a los estudiantes organizados, este se\u00f1or que en la d\u00e9cada de los 80\u00a0 fue dirigente estudiantil de la ya desaparecida Asociaci\u00f3n General de Estudiantes Salvadore\u00f1os (AGEUS) se llena la boca de lenguaje de izquierda diciendo que es un rector que luchar\u00e1 por ingreso masivo en la Universidad, luchar\u00e1 por un presupuesto mas justo pero que cuando se le hace\u00a0 un llamado a movilizar a los estudiantes para luchar por todo esto se retracta de lo antes dicho, el \u201ccompa\u00f1ero\u201d dejo todo lo revolucionario en los 80.<\/p>\n<p><strong>\u00bfQu\u00e9 hay realmente de fondo?<\/strong><\/p>\n<p>Si revisamos todas las notas de <em>La Prensa<\/em><em> Grafica<\/em>podremos ver un dato particular: cada una de las notas\u00a0 han estado orientadas en ocultar las consignas pol\u00edticas, retoman una frase aislada para elaborar art\u00edculos extensos y no mencionan ni una sola de nuestras consignas, otro dato interesante es que las notas buscan justificar una intervenci\u00f3n policial en la UES y presionan a las autoridades a que hagan esto (ya interpusieron la demanda en Fiscal\u00eda General de la Rep\u00fablica).<\/p>\n<p>No esta dem\u00e1s se\u00f1alar que lo que buscan es acertar un duro golpe en contra del BPJ, saben muy bien que lo que esta sucediendo en la Universidad es peque\u00f1o comparado con todo el trabajo que estamos llevando a cabo a nivel nacional. Han citado nuestra pagina Web, al peri\u00f3dico Militante BPJ y nuestra postura pol\u00edtica en cuanto a las elecciones \u00a1Ah\u00ed est\u00e1 el verdadero temor!, es mucho m\u00e1s peligroso una organizaci\u00f3n como la nuestra que defienda las ideas de Marx, Engels, Lenin y Trotsky que un grupo de encapuchados ocupando un edificio, \u00bfPor qu\u00e9 no hab\u00edan echo menci\u00f3n de las dem\u00e1s organizaciones implicadas? La respuesta es muy sencilla: el enemigo a vencer es el BPJ.<\/p>\n<p>En los \u00faltimos meses hemos realizado campa\u00f1as en defensa del BPJ y del FMLN en las que hacemos un llamado a una huelga general en caso de fraude electoral, ninguna otra organizaci\u00f3n lo esta haciendo y la derecha sabe muy bien el descontento general de los trabajadores, saben muy bien que la gente se ha volcado hacia el FMLN, que est\u00e1n viendo a bien nuestras ideas y que conectan de muy buena manera con los trabajadores.<\/p>\n<p><strong>La incorporaci\u00f3n es decisiva<\/strong><\/p>\n<p>La \u00fanica manera de parar esto es fortaleciendo a las organizaciones tradicionales de los trabajadores, al FMLN, sindicatos y al propio BPJ, moviliz\u00e1ndonos y llevando a cabo una huelga general en caso de fraude electoral, te invitamos a luchar con los marxistas aglutinados en\u00a0 el Bloque Popular Juvenil y luchar juntos por un gobierno del FMLN con un programa para los trabajadores: un programa socialista. <strong>\u00a0<\/strong><\/p>\n<p>Tambi\u00e9n hacemos un llamado a los trabajadores y\u00a0 militantes del FMLN a que den seguimiento a las noticias y a nuestra p\u00e1gina Web para evitar m\u00e1s ataques no solo al BPJ sino al conjunto de los trabajadores y al FMLN en general.<\/p>\n<p>Puedes ver aqu\u00ed algunos ejemplos de las notas aparecidas en La Prensa Grafica contra el BPJ<\/p>\n<p><a href=\"http:\/\/www.laprensagrafica.com\/el-salvador\/social\/21815--bpj-confirma-dirigir-la-toma-de-edificios-ues.html\">http:\/\/www.laprensagrafica.com\/el-salvador\/social\/21815&#8211;bpj-confirma-dirigir-la-toma-de-edificios-ues.html<\/a><\/p>\n<p><a href=\"http:\/\/www.laprensagrafica.com\/el-salvador\/social\/21599--bpj-reaparece-en-tomas-de-la-ues.html\">http:\/\/www.laprensagrafica.com\/el-salvador\/social\/21599&#8211;bpj-reaparece-en-tomas-de-la-ues.html<\/a><\/p>\n<p>&nbsp;<\/p>\n<p align=\"right\">10 de marzo de 2009<\/p>\n","protected":false},"excerpt":{"rendered":"<p>El Bloque Popular Juvenil (BPJ) se ha caracterizado en el \u00faltimo periodo por dar respuestas pol\u00edticas a los acontecimientos, en difundir y defender las ideas del marxismo y en luchar por un gobierno del FMLN con un programa de izquierda. Cada una de nuestras intervenciones han estado orientadas en ese sentido y como no es&#8230;<\/p>\n","protected":false},"author":1,"featured_media":141,"comment_status":"open","ping_status":"open","sticky":false,"template":"","format":"standard","meta":{"_monsterinsights_skip_tracking":false,"_monsterinsights_sitenote_active":false,"_monsterinsights_sitenote_note":"","_monsterinsights_sitenote_category":0,"_uf_show_specific_survey":0,"_uf_disable_surveys":false,"_jetpack_memberships_contains_paid_content":false,"footnotes":""},"categories":[1],"tags":[],"class_list":["post-143","post","type-post","status-publish","format-standard","has-post-thumbnail","hentry","category-uncategorized"],"aioseo_notices":[],"yoast_head":"<!-- This site is optimized with the Yoast SEO plugin v25.6 - https:\/\/yoast.com\/wordpress\/plugins\/seo\/ -->\n<title>La Prensa Gr\u00e1fica desata un hist\u00e9rico ataque contra el BPJ usando de pretexto la lucha por el derecho a la educaci\u00f3n en la UES<\/title>\n<meta name=\"robots\" content=\"index, follow, max-snippet:-1, max-image-preview:large, max-video-preview:-1\" \/>\n<link rel=\"canonical\" href=\"https:\/\/elcomunista.org\/?p=143\" \/>\n<meta property=\"og:locale\" content=\"es_ES\" \/>\n<meta property=\"og:type\" content=\"article\" \/>\n<meta property=\"og:title\" content=\"La Prensa Gr\u00e1fica desata un hist\u00e9rico ataque contra el BPJ usando de pretexto la lucha por el derecho a la educaci\u00f3n en la UES\" \/>\n<meta property=\"og:description\" content=\"El Bloque Popular Juvenil (BPJ) se ha caracterizado en el \u00faltimo periodo por dar respuestas pol\u00edticas a los acontecimientos, en difundir y defender las ideas del marxismo y en luchar por un gobierno del FMLN con un programa de izquierda. Cada una de nuestras intervenciones han estado orientadas en ese sentido y como no es...\" \/>\n<meta property=\"og:url\" content=\"https:\/\/elcomunista.org\/?p=143\" \/>\n<meta property=\"og:site_name\" content=\"Revoluci\u00f3n Comunista\" \/>\n<meta property=\"article:publisher\" content=\"https:\/\/www.facebook.com\/Bloquepopularjuvenil\" \/>\n<meta property=\"article:published_time\" content=\"2009-03-12T00:45:54+00:00\" \/>\n<meta property=\"article:modified_time\" content=\"2021-07-28T18:42:47+00:00\" \/>\n<meta property=\"og:image\" content=\"https:\/\/elcomunista.org\/wp-content\/uploads\/2009\/03\/2_3.jpg\" \/>\n\t<meta property=\"og:image:width\" content=\"160\" \/>\n\t<meta property=\"og:image:height\" content=\"89\" \/>\n\t<meta property=\"og:image:type\" content=\"image\/jpeg\" \/>\n<meta name=\"author\" content=\"Bloque Popular Juvenil\" \/>\n<meta name=\"twitter:card\" content=\"summary_large_image\" \/>\n<meta name=\"twitter:creator\" content=\"@ElBPJ\" \/>\n<meta name=\"twitter:site\" content=\"@ElBPJ\" \/>\n<meta name=\"twitter:label1\" content=\"Escrito por\" \/>\n\t<meta name=\"twitter:data1\" content=\"Bloque Popular Juvenil\" \/>\n\t<meta name=\"twitter:label2\" content=\"Tiempo de lectura\" \/>\n\t<meta name=\"twitter:data2\" content=\"6 minutos\" \/>\n<script type=\"application\/ld+json\" class=\"yoast-schema-graph\">{\"@context\":\"https:\/\/schema.org\",\"@graph\":[{\"@type\":\"Article\",\"@id\":\"https:\/\/elcomunista.org\/?p=143#article\",\"isPartOf\":{\"@id\":\"https:\/\/elcomunista.org\/?p=143\"},\"author\":{\"name\":\"Bloque Popular Juvenil\",\"@id\":\"https:\/\/elcomunista.org\/#\/schema\/person\/d55d5350d790a4464cbc0e898065567d\"},\"headline\":\"La Prensa Gr\u00e1fica desata un hist\u00e9rico ataque contra el BPJ usando de pretexto la lucha por el derecho a la educaci\u00f3n en la UES\",\"datePublished\":\"2009-03-12T00:45:54+00:00\",\"dateModified\":\"2021-07-28T18:42:47+00:00\",\"mainEntityOfPage\":{\"@id\":\"https:\/\/elcomunista.org\/?p=143\"},\"wordCount\":1236,\"commentCount\":0,\"publisher\":{\"@id\":\"https:\/\/elcomunista.org\/#organization\"},\"image\":{\"@id\":\"https:\/\/elcomunista.org\/?p=143#primaryimage\"},\"thumbnailUrl\":\"https:\/\/elcomunista.org\/wp-content\/uploads\/2009\/03\/2_3.jpg\",\"articleSection\":[\"Archivo\"],\"inLanguage\":\"es\",\"potentialAction\":[{\"@type\":\"CommentAction\",\"name\":\"Comment\",\"target\":[\"https:\/\/elcomunista.org\/?p=143#respond\"]}]},{\"@type\":\"WebPage\",\"@id\":\"https:\/\/elcomunista.org\/?p=143\",\"url\":\"https:\/\/elcomunista.org\/?p=143\",\"name\":\"La Prensa Gr\u00e1fica desata un hist\u00e9rico ataque contra el BPJ usando de pretexto la lucha por el derecho a la educaci\u00f3n en la UES\",\"isPartOf\":{\"@id\":\"https:\/\/elcomunista.org\/#website\"},\"primaryImageOfPage\":{\"@id\":\"https:\/\/elcomunista.org\/?p=143#primaryimage\"},\"image\":{\"@id\":\"https:\/\/elcomunista.org\/?p=143#primaryimage\"},\"thumbnailUrl\":\"https:\/\/elcomunista.org\/wp-content\/uploads\/2009\/03\/2_3.jpg\",\"datePublished\":\"2009-03-12T00:45:54+00:00\",\"dateModified\":\"2021-07-28T18:42:47+00:00\",\"breadcrumb\":{\"@id\":\"https:\/\/elcomunista.org\/?p=143#breadcrumb\"},\"inLanguage\":\"es\",\"potentialAction\":[{\"@type\":\"ReadAction\",\"target\":[\"https:\/\/elcomunista.org\/?p=143\"]}]},{\"@type\":\"ImageObject\",\"inLanguage\":\"es\",\"@id\":\"https:\/\/elcomunista.org\/?p=143#primaryimage\",\"url\":\"https:\/\/elcomunista.org\/wp-content\/uploads\/2009\/03\/2_3.jpg\",\"contentUrl\":\"https:\/\/elcomunista.org\/wp-content\/uploads\/2009\/03\/2_3.jpg\",\"width\":160,\"height\":89},{\"@type\":\"BreadcrumbList\",\"@id\":\"https:\/\/elcomunista.org\/?p=143#breadcrumb\",\"itemListElement\":[{\"@type\":\"ListItem\",\"position\":1,\"name\":\"Portada\",\"item\":\"https:\/\/elcomunista.org\/\"},{\"@type\":\"ListItem\",\"position\":2,\"name\":\"La Prensa Gr\u00e1fica desata un hist\u00e9rico ataque contra el BPJ usando de pretexto la lucha por el derecho a la educaci\u00f3n en la UES\"}]},{\"@type\":\"WebSite\",\"@id\":\"https:\/\/elcomunista.org\/#website\",\"url\":\"https:\/\/elcomunista.org\/\",\"name\":\"Revoluci\u00f3n Comunista\",\"description\":\"Internacional Comunista Revolucionaria\",\"publisher\":{\"@id\":\"https:\/\/elcomunista.org\/#organization\"},\"potentialAction\":[{\"@type\":\"SearchAction\",\"target\":{\"@type\":\"EntryPoint\",\"urlTemplate\":\"https:\/\/elcomunista.org\/?s={search_term_string}\"},\"query-input\":{\"@type\":\"PropertyValueSpecification\",\"valueRequired\":true,\"valueName\":\"search_term_string\"}}],\"inLanguage\":\"es\"},{\"@type\":\"Organization\",\"@id\":\"https:\/\/elcomunista.org\/#organization\",\"name\":\"Bloque Popular Juvenil\",\"url\":\"https:\/\/elcomunista.org\/\",\"logo\":{\"@type\":\"ImageObject\",\"inLanguage\":\"es\",\"@id\":\"https:\/\/elcomunista.org\/#\/schema\/logo\/image\/\",\"url\":\"https:\/\/bloquepopularjuvenil.org\/wp-content\/uploads\/2018\/11\/bpj-militante.jpg\",\"contentUrl\":\"https:\/\/bloquepopularjuvenil.org\/wp-content\/uploads\/2018\/11\/bpj-militante.jpg\",\"width\":4000,\"height\":1390,\"caption\":\"Bloque Popular Juvenil\"},\"image\":{\"@id\":\"https:\/\/elcomunista.org\/#\/schema\/logo\/image\/\"},\"sameAs\":[\"https:\/\/www.facebook.com\/Bloquepopularjuvenil\",\"https:\/\/x.com\/ElBPJ\",\"https:\/\/www.instagram.com\/elbloque_bpj\/?hl=es-la\"]},{\"@type\":\"Person\",\"@id\":\"https:\/\/elcomunista.org\/#\/schema\/person\/d55d5350d790a4464cbc0e898065567d\",\"name\":\"Bloque Popular Juvenil\",\"image\":{\"@type\":\"ImageObject\",\"inLanguage\":\"es\",\"@id\":\"https:\/\/elcomunista.org\/#\/schema\/person\/image\/\",\"url\":\"https:\/\/secure.gravatar.com\/avatar\/85d12dca789bb6379dc38a198e1576cd?s=96&d=mm&r=g\",\"contentUrl\":\"https:\/\/secure.gravatar.com\/avatar\/85d12dca789bb6379dc38a198e1576cd?s=96&d=mm&r=g\",\"caption\":\"Bloque Popular Juvenil\"},\"url\":\"https:\/\/elcomunista.org\/?author=1\"}]}<\/script>\n<!-- \/ Yoast SEO plugin. -->","yoast_head_json":{"title":"La Prensa Gr\u00e1fica desata un hist\u00e9rico ataque contra el BPJ usando de pretexto la lucha por el derecho a la educaci\u00f3n en la UES","robots":{"index":"index","follow":"follow","max-snippet":"max-snippet:-1","max-image-preview":"max-image-preview:large","max-video-preview":"max-video-preview:-1"},"canonical":"https:\/\/elcomunista.org\/?p=143","og_locale":"es_ES","og_type":"article","og_title":"La Prensa Gr\u00e1fica desata un hist\u00e9rico ataque contra el BPJ usando de pretexto la lucha por el derecho a la educaci\u00f3n en la UES","og_description":"El Bloque Popular Juvenil (BPJ) se ha caracterizado en el \u00faltimo periodo por dar respuestas pol\u00edticas a los acontecimientos, en difundir y defender las ideas del marxismo y en luchar por un gobierno del FMLN con un programa de izquierda. Cada una de nuestras intervenciones han estado orientadas en ese sentido y como no es...","og_url":"https:\/\/elcomunista.org\/?p=143","og_site_name":"Revoluci\u00f3n Comunista","article_publisher":"https:\/\/www.facebook.com\/Bloquepopularjuvenil","article_published_time":"2009-03-12T00:45:54+00:00","article_modified_time":"2021-07-28T18:42:47+00:00","og_image":[{"width":160,"height":89,"url":"https:\/\/elcomunista.org\/wp-content\/uploads\/2009\/03\/2_3.jpg","type":"image\/jpeg"}],"author":"Bloque Popular Juvenil","twitter_card":"summary_large_image","twitter_creator":"@ElBPJ","twitter_site":"@ElBPJ","twitter_misc":{"Escrito por":"Bloque Popular Juvenil","Tiempo de lectura":"6 minutos"},"schema":{"@context":"https:\/\/schema.org","@graph":[{"@type":"Article","@id":"https:\/\/elcomunista.org\/?p=143#article","isPartOf":{"@id":"https:\/\/elcomunista.org\/?p=143"},"author":{"name":"Bloque Popular Juvenil","@id":"https:\/\/elcomunista.org\/#\/schema\/person\/d55d5350d790a4464cbc0e898065567d"},"headline":"La Prensa Gr\u00e1fica desata un hist\u00e9rico ataque contra el BPJ usando de pretexto la lucha por el derecho a la educaci\u00f3n en la UES","datePublished":"2009-03-12T00:45:54+00:00","dateModified":"2021-07-28T18:42:47+00:00","mainEntityOfPage":{"@id":"https:\/\/elcomunista.org\/?p=143"},"wordCount":1236,"commentCount":0,"publisher":{"@id":"https:\/\/elcomunista.org\/#organization"},"image":{"@id":"https:\/\/elcomunista.org\/?p=143#primaryimage"},"thumbnailUrl":"https:\/\/elcomunista.org\/wp-content\/uploads\/2009\/03\/2_3.jpg","articleSection":["Archivo"],"inLanguage":"es","potentialAction":[{"@type":"CommentAction","name":"Comment","target":["https:\/\/elcomunista.org\/?p=143#respond"]}]},{"@type":"WebPage","@id":"https:\/\/elcomunista.org\/?p=143","url":"https:\/\/elcomunista.org\/?p=143","name":"La Prensa Gr\u00e1fica desata un hist\u00e9rico ataque contra el BPJ usando de pretexto la lucha por el derecho a la educaci\u00f3n en la UES","isPartOf":{"@id":"https:\/\/elcomunista.org\/#website"},"primaryImageOfPage":{"@id":"https:\/\/elcomunista.org\/?p=143#primaryimage"},"image":{"@id":"https:\/\/elcomunista.org\/?p=143#primaryimage"},"thumbnailUrl":"https:\/\/elcomunista.org\/wp-content\/uploads\/2009\/03\/2_3.jpg","datePublished":"2009-03-12T00:45:54+00:00","dateModified":"2021-07-28T18:42:47+00:00","breadcrumb":{"@id":"https:\/\/elcomunista.org\/?p=143#breadcrumb"},"inLanguage":"es","potentialAction":[{"@type":"ReadAction","target":["https:\/\/elcomunista.org\/?p=143"]}]},{"@type":"ImageObject","inLanguage":"es","@id":"https:\/\/elcomunista.org\/?p=143#primaryimage","url":"https:\/\/elcomunista.org\/wp-content\/uploads\/2009\/03\/2_3.jpg","contentUrl":"https:\/\/elcomunista.org\/wp-content\/uploads\/2009\/03\/2_3.jpg","width":160,"height":89},{"@type":"BreadcrumbList","@id":"https:\/\/elcomunista.org\/?p=143#breadcrumb","itemListElement":[{"@type":"ListItem","position":1,"name":"Portada","item":"https:\/\/elcomunista.org\/"},{"@type":"ListItem","position":2,"name":"La Prensa Gr\u00e1fica desata un hist\u00e9rico ataque contra el BPJ usando de pretexto la lucha por el derecho a la educaci\u00f3n en la UES"}]},{"@type":"WebSite","@id":"https:\/\/elcomunista.org\/#website","url":"https:\/\/elcomunista.org\/","name":"Revoluci\u00f3n Comunista","description":"Internacional Comunista Revolucionaria","publisher":{"@id":"https:\/\/elcomunista.org\/#organization"},"potentialAction":[{"@type":"SearchAction","target":{"@type":"EntryPoint","urlTemplate":"https:\/\/elcomunista.org\/?s={search_term_string}"},"query-input":{"@type":"PropertyValueSpecification","valueRequired":true,"valueName":"search_term_string"}}],"inLanguage":"es"},{"@type":"Organization","@id":"https:\/\/elcomunista.org\/#organization","name":"Bloque Popular Juvenil","url":"https:\/\/elcomunista.org\/","logo":{"@type":"ImageObject","inLanguage":"es","@id":"https:\/\/elcomunista.org\/#\/schema\/logo\/image\/","url":"https:\/\/bloquepopularjuvenil.org\/wp-content\/uploads\/2018\/11\/bpj-militante.jpg","contentUrl":"https:\/\/bloquepopularjuvenil.org\/wp-content\/uploads\/2018\/11\/bpj-militante.jpg","width":4000,"height":1390,"caption":"Bloque Popular Juvenil"},"image":{"@id":"https:\/\/elcomunista.org\/#\/schema\/logo\/image\/"},"sameAs":["https:\/\/www.facebook.com\/Bloquepopularjuvenil","https:\/\/x.com\/ElBPJ","https:\/\/www.instagram.com\/elbloque_bpj\/?hl=es-la"]},{"@type":"Person","@id":"https:\/\/elcomunista.org\/#\/schema\/person\/d55d5350d790a4464cbc0e898065567d","name":"Bloque Popular Juvenil","image":{"@type":"ImageObject","inLanguage":"es","@id":"https:\/\/elcomunista.org\/#\/schema\/person\/image\/","url":"https:\/\/secure.gravatar.com\/avatar\/85d12dca789bb6379dc38a198e1576cd?s=96&d=mm&r=g","contentUrl":"https:\/\/secure.gravatar.com\/avatar\/85d12dca789bb6379dc38a198e1576cd?s=96&d=mm&r=g","caption":"Bloque Popular Juvenil"},"url":"https:\/\/elcomunista.org\/?author=1"}]}},"jetpack_featured_media_url":"https:\/\/elcomunista.org\/wp-content\/uploads\/2009\/03\/2_3.jpg","jetpack_likes_enabled":true,"jetpack_sharing_enabled":true,"_links":{"self":[{"href":"https:\/\/elcomunista.org\/index.php?rest_route=\/wp\/v2\/posts\/143"}],"collection":[{"href":"https:\/\/elcomunista.org\/index.php?rest_route=\/wp\/v2\/posts"}],"about":[{"href":"https:\/\/elcomunista.org\/index.php?rest_route=\/wp\/v2\/types\/post"}],"author":[{"embeddable":true,"href":"https:\/\/elcomunista.org\/index.php?rest_route=\/wp\/v2\/users\/1"}],"replies":[{"embeddable":true,"href":"https:\/\/elcomunista.org\/index.php?rest_route=%2Fwp%2Fv2%2Fcomments&post=143"}],"version-history":[{"count":0,"href":"https:\/\/elcomunista.org\/index.php?rest_route=\/wp\/v2\/posts\/143\/revisions"}],"wp:featuredmedia":[{"embeddable":true,"href":"https:\/\/elcomunista.org\/index.php?rest_route=\/wp\/v2\/media\/141"}],"wp:attachment":[{"href":"https:\/\/elcomunista.org\/index.php?rest_route=%2Fwp%2Fv2%2Fmedia&parent=143"}],"wp:term":[{"taxonomy":"category","embeddable":true,"href":"https:\/\/elcomunista.org\/index.php?rest_route=%2Fwp%2Fv2%2Fcategories&post=143"},{"taxonomy":"post_tag","embeddable":true,"href":"https:\/\/elcomunista.org\/index.php?rest_route=%2Fwp%2Fv2%2Ftags&post=143"}],"curies":[{"name":"wp","href":"https:\/\/api.w.org\/{rel}","templated":true}]}}