{"id":14340,"date":"2024-12-05T18:25:33","date_gmt":"2024-12-06T00:25:33","guid":{"rendered":"https:\/\/elcomunista.org\/?p=14340"},"modified":"2024-12-05T18:25:47","modified_gmt":"2024-12-06T00:25:47","slug":"mexico-la-jornada-laboral-de-40-horas","status":"publish","type":"post","link":"https:\/\/elcomunista.org\/?p=14340","title":{"rendered":"M\u00e9xico: la jornada laboral de 40 horas"},"content":{"rendered":"<p>M\u00e9xico encabeza la lista de las jornadas laborales m\u00e1s largas del mundo. Los trabajadores mexicanos comienzan a moverse para reducir las jornadas a 40 horas.<\/p>\n<p>La burgues\u00eda intenta frenar los movimientos por recortar la jornada laboral. En este episodio de <em>El fantasma del comunismo<\/em> Carlos M\u00e1rquez y Saul Haro de la Organizaci\u00f3n Comunista Revolucionaria, ICR en M\u00e9xico, discuten el origen y los pr\u00f3ximos pasos para este movimiento que tan solo est\u00e1 comenzando.<\/p>\n<p>Disponible en l\u00ednea:<\/p>\n<!--[if lt IE 9]><script>document.createElement('audio');<\/script><![endif]-->\n<audio class=\"wp-audio-shortcode\" id=\"audio-14340-1\" preload=\"none\" style=\"width: 100%;\" controls=\"controls\"><source type=\"audio\/mpeg\" src=\"https:\/\/americasocialista.org\/wp-content\/uploads\/Audio-FDC-40H1-1.mp3?_=1\" \/><a href=\"https:\/\/americasocialista.org\/wp-content\/uploads\/Audio-FDC-40H1-1.mp3\">https:\/\/americasocialista.org\/wp-content\/uploads\/Audio-FDC-40H1-1.mp3<\/a><\/audio>\n<p><span style=\"color: #800000;\"><a style=\"color: #800000;\" href=\"https:\/\/open.spotify.com\/episode\/6aMRAScVPTwEG1wmIvFEs1?si=nzU9hkeIQhmqIi7qc9stgQ\" target=\"_blank\" rel=\"nofollow noopener\"><strong>Spotify<\/strong><\/a><\/span><\/p>\n<p><strong><span style=\"color: #800000;\"><a style=\"color: #800000;\" href=\"https:\/\/podcasts.apple.com\/us\/podcast\/m\u00e9xico-la-jornada-laboral-de-40-horas\/id1772263235?i=1000678613764\" target=\"_blank\" rel=\"nofollow noopener\">Apple Podcasts<\/a><\/span><\/strong><\/p>\n","protected":false},"excerpt":{"rendered":"<p>M\u00e9xico encabeza la lista de las jornadas laborales m\u00e1s largas del mundo. Los trabajadores mexicanos comienzan a moverse para reducir las jornadas a 40 horas. La burgues\u00eda intenta frenar los movimientos por recortar la jornada laboral. En este episodio de El fantasma del comunismo Carlos M\u00e1rquez y Saul Haro de la Organizaci\u00f3n Comunista Revolucionaria, ICR&#8230;<\/p>\n","protected":false},"author":62,"featured_media":14345,"comment_status":"open","ping_status":"open","sticky":false,"template":"","format":"standard","meta":{"_monsterinsights_skip_tracking":false,"_monsterinsights_sitenote_active":false,"_monsterinsights_sitenote_note":"","_monsterinsights_sitenote_category":0,"_uf_show_specific_survey":0,"_uf_disable_surveys":false,"_jetpack_memberships_contains_paid_content":false,"footnotes":""},"categories":[13,984,29],"tags":[2214,301,2208,883],"class_list":["post-14340","post","type-post","status-publish","format-standard","has-post-thumbnail","hentry","category-internacional","category-internacional-comunista-revolucionaria","category-mexico","tag-el-fantasma-del-comunismo","tag-mexico","tag-podcast","tag-reduccion-de-la-jornada-laboral"],"aioseo_notices":[],"yoast_head":"<!-- This site is optimized with the Yoast SEO plugin v25.6 - https:\/\/yoast.com\/wordpress\/plugins\/seo\/ -->\n<title>M\u00e9xico: la jornada laboral de 40 horas<\/title>\n<meta name=\"robots\" content=\"index, follow, max-snippet:-1, max-image-preview:large, max-video-preview:-1\" \/>\n<link rel=\"canonical\" href=\"https:\/\/elcomunista.org\/?p=14340\" \/>\n<meta property=\"og:locale\" content=\"es_ES\" \/>\n<meta property=\"og:type\" content=\"article\" \/>\n<meta property=\"og:title\" content=\"M\u00e9xico: la jornada laboral de 40 horas\" \/>\n<meta property=\"og:description\" content=\"M\u00e9xico encabeza la lista de las jornadas laborales m\u00e1s largas del mundo. Los trabajadores mexicanos comienzan a moverse para reducir las jornadas a 40 horas. La burgues\u00eda intenta frenar los movimientos por recortar la jornada laboral. En este episodio de El fantasma del comunismo Carlos M\u00e1rquez y Saul Haro de la Organizaci\u00f3n Comunista Revolucionaria, ICR...\" \/>\n<meta property=\"og:url\" content=\"https:\/\/elcomunista.org\/?p=14340\" \/>\n<meta property=\"og:site_name\" content=\"Revoluci\u00f3n Comunista\" \/>\n<meta property=\"article:publisher\" content=\"https:\/\/www.facebook.com\/Bloquepopularjuvenil\" \/>\n<meta property=\"article:published_time\" content=\"2024-12-06T00:25:33+00:00\" \/>\n<meta property=\"article:modified_time\" content=\"2024-12-06T00:25:47+00:00\" \/>\n<meta property=\"og:image\" content=\"https:\/\/elcomunista.org\/wp-content\/uploads\/2024\/12\/mexico.png\" \/>\n\t<meta property=\"og:image:width\" content=\"768\" \/>\n\t<meta property=\"og:image:height\" content=\"768\" \/>\n\t<meta property=\"og:image:type\" content=\"image\/png\" \/>\n<meta name=\"author\" content=\"Internacional Comunista Revolucionaria\" \/>\n<meta name=\"twitter:card\" content=\"summary_large_image\" \/>\n<meta name=\"twitter:creator\" content=\"@ElBPJ\" \/>\n<meta name=\"twitter:site\" content=\"@ElBPJ\" \/>\n<meta name=\"twitter:label1\" content=\"Escrito por\" \/>\n\t<meta name=\"twitter:data1\" content=\"Internacional Comunista Revolucionaria\" \/>\n\t<meta name=\"twitter:label2\" content=\"Tiempo de lectura\" \/>\n\t<meta name=\"twitter:data2\" content=\"1 minuto\" \/>\n<script type=\"application\/ld+json\" class=\"yoast-schema-graph\">{\"@context\":\"https:\/\/schema.org\",\"@graph\":[{\"@type\":\"Article\",\"@id\":\"https:\/\/elcomunista.org\/?p=14340#article\",\"isPartOf\":{\"@id\":\"https:\/\/elcomunista.org\/?p=14340\"},\"author\":{\"name\":\"Internacional Comunista Revolucionaria\",\"@id\":\"https:\/\/elcomunista.org\/#\/schema\/person\/f263a81caf9b6558c019b2d6b83e55be\"},\"headline\":\"M\u00e9xico: la jornada laboral de 40 horas\",\"datePublished\":\"2024-12-06T00:25:33+00:00\",\"dateModified\":\"2024-12-06T00:25:47+00:00\",\"mainEntityOfPage\":{\"@id\":\"https:\/\/elcomunista.org\/?p=14340\"},\"wordCount\":103,\"commentCount\":0,\"publisher\":{\"@id\":\"https:\/\/elcomunista.org\/#organization\"},\"image\":{\"@id\":\"https:\/\/elcomunista.org\/?p=14340#primaryimage\"},\"thumbnailUrl\":\"https:\/\/elcomunista.org\/wp-content\/uploads\/2024\/12\/mexico.png\",\"keywords\":[\"El Fantasma del Comunismo\",\"M\u00e9xico\",\"Podcast\",\"Reducci\u00f3n de la jornada laboral\"],\"articleSection\":[\"Internacional\",\"Internacional Comunista Revolucionaria\",\"M\u00e9xico\"],\"inLanguage\":\"es\",\"potentialAction\":[{\"@type\":\"CommentAction\",\"name\":\"Comment\",\"target\":[\"https:\/\/elcomunista.org\/?p=14340#respond\"]}]},{\"@type\":\"WebPage\",\"@id\":\"https:\/\/elcomunista.org\/?p=14340\",\"url\":\"https:\/\/elcomunista.org\/?p=14340\",\"name\":\"M\u00e9xico: la jornada laboral de 40 horas\",\"isPartOf\":{\"@id\":\"https:\/\/elcomunista.org\/#website\"},\"primaryImageOfPage\":{\"@id\":\"https:\/\/elcomunista.org\/?p=14340#primaryimage\"},\"image\":{\"@id\":\"https:\/\/elcomunista.org\/?p=14340#primaryimage\"},\"thumbnailUrl\":\"https:\/\/elcomunista.org\/wp-content\/uploads\/2024\/12\/mexico.png\",\"datePublished\":\"2024-12-06T00:25:33+00:00\",\"dateModified\":\"2024-12-06T00:25:47+00:00\",\"breadcrumb\":{\"@id\":\"https:\/\/elcomunista.org\/?p=14340#breadcrumb\"},\"inLanguage\":\"es\",\"potentialAction\":[{\"@type\":\"ReadAction\",\"target\":[\"https:\/\/elcomunista.org\/?p=14340\"]}]},{\"@type\":\"ImageObject\",\"inLanguage\":\"es\",\"@id\":\"https:\/\/elcomunista.org\/?p=14340#primaryimage\",\"url\":\"https:\/\/elcomunista.org\/wp-content\/uploads\/2024\/12\/mexico.png\",\"contentUrl\":\"https:\/\/elcomunista.org\/wp-content\/uploads\/2024\/12\/mexico.png\",\"width\":768,\"height\":768},{\"@type\":\"BreadcrumbList\",\"@id\":\"https:\/\/elcomunista.org\/?p=14340#breadcrumb\",\"itemListElement\":[{\"@type\":\"ListItem\",\"position\":1,\"name\":\"Portada\",\"item\":\"https:\/\/elcomunista.org\/\"},{\"@type\":\"ListItem\",\"position\":2,\"name\":\"M\u00e9xico: la jornada laboral de 40 horas\"}]},{\"@type\":\"WebSite\",\"@id\":\"https:\/\/elcomunista.org\/#website\",\"url\":\"https:\/\/elcomunista.org\/\",\"name\":\"Revoluci\u00f3n Comunista\",\"description\":\"Internacional Comunista Revolucionaria\",\"publisher\":{\"@id\":\"https:\/\/elcomunista.org\/#organization\"},\"potentialAction\":[{\"@type\":\"SearchAction\",\"target\":{\"@type\":\"EntryPoint\",\"urlTemplate\":\"https:\/\/elcomunista.org\/?s={search_term_string}\"},\"query-input\":{\"@type\":\"PropertyValueSpecification\",\"valueRequired\":true,\"valueName\":\"search_term_string\"}}],\"inLanguage\":\"es\"},{\"@type\":\"Organization\",\"@id\":\"https:\/\/elcomunista.org\/#organization\",\"name\":\"Bloque Popular Juvenil\",\"url\":\"https:\/\/elcomunista.org\/\",\"logo\":{\"@type\":\"ImageObject\",\"inLanguage\":\"es\",\"@id\":\"https:\/\/elcomunista.org\/#\/schema\/logo\/image\/\",\"url\":\"https:\/\/bloquepopularjuvenil.org\/wp-content\/uploads\/2018\/11\/bpj-militante.jpg\",\"contentUrl\":\"https:\/\/bloquepopularjuvenil.org\/wp-content\/uploads\/2018\/11\/bpj-militante.jpg\",\"width\":4000,\"height\":1390,\"caption\":\"Bloque Popular Juvenil\"},\"image\":{\"@id\":\"https:\/\/elcomunista.org\/#\/schema\/logo\/image\/\"},\"sameAs\":[\"https:\/\/www.facebook.com\/Bloquepopularjuvenil\",\"https:\/\/x.com\/ElBPJ\",\"https:\/\/www.instagram.com\/elbloque_bpj\/?hl=es-la\"]},{\"@type\":\"Person\",\"@id\":\"https:\/\/elcomunista.org\/#\/schema\/person\/f263a81caf9b6558c019b2d6b83e55be\",\"name\":\"Internacional Comunista Revolucionaria\",\"image\":{\"@type\":\"ImageObject\",\"inLanguage\":\"es\",\"@id\":\"https:\/\/elcomunista.org\/#\/schema\/person\/image\/\",\"url\":\"https:\/\/secure.gravatar.com\/avatar\/007ae9c82193c93b7cbb3bbda1ed8c15?s=96&d=mm&r=g\",\"contentUrl\":\"https:\/\/secure.gravatar.com\/avatar\/007ae9c82193c93b7cbb3bbda1ed8c15?s=96&d=mm&r=g\",\"caption\":\"Internacional Comunista Revolucionaria\"},\"url\":\"https:\/\/elcomunista.org\/?author=62\"}]}<\/script>\n<!-- \/ Yoast SEO plugin. -->","yoast_head_json":{"title":"M\u00e9xico: la jornada laboral de 40 horas","robots":{"index":"index","follow":"follow","max-snippet":"max-snippet:-1","max-image-preview":"max-image-preview:large","max-video-preview":"max-video-preview:-1"},"canonical":"https:\/\/elcomunista.org\/?p=14340","og_locale":"es_ES","og_type":"article","og_title":"M\u00e9xico: la jornada laboral de 40 horas","og_description":"M\u00e9xico encabeza la lista de las jornadas laborales m\u00e1s largas del mundo. Los trabajadores mexicanos comienzan a moverse para reducir las jornadas a 40 horas. La burgues\u00eda intenta frenar los movimientos por recortar la jornada laboral. En este episodio de El fantasma del comunismo Carlos M\u00e1rquez y Saul Haro de la Organizaci\u00f3n Comunista Revolucionaria, ICR...","og_url":"https:\/\/elcomunista.org\/?p=14340","og_site_name":"Revoluci\u00f3n Comunista","article_publisher":"https:\/\/www.facebook.com\/Bloquepopularjuvenil","article_published_time":"2024-12-06T00:25:33+00:00","article_modified_time":"2024-12-06T00:25:47+00:00","og_image":[{"width":768,"height":768,"url":"https:\/\/elcomunista.org\/wp-content\/uploads\/2024\/12\/mexico.png","type":"image\/png"}],"author":"Internacional Comunista Revolucionaria","twitter_card":"summary_large_image","twitter_creator":"@ElBPJ","twitter_site":"@ElBPJ","twitter_misc":{"Escrito por":"Internacional Comunista Revolucionaria","Tiempo de lectura":"1 minuto"},"schema":{"@context":"https:\/\/schema.org","@graph":[{"@type":"Article","@id":"https:\/\/elcomunista.org\/?p=14340#article","isPartOf":{"@id":"https:\/\/elcomunista.org\/?p=14340"},"author":{"name":"Internacional Comunista Revolucionaria","@id":"https:\/\/elcomunista.org\/#\/schema\/person\/f263a81caf9b6558c019b2d6b83e55be"},"headline":"M\u00e9xico: la jornada laboral de 40 horas","datePublished":"2024-12-06T00:25:33+00:00","dateModified":"2024-12-06T00:25:47+00:00","mainEntityOfPage":{"@id":"https:\/\/elcomunista.org\/?p=14340"},"wordCount":103,"commentCount":0,"publisher":{"@id":"https:\/\/elcomunista.org\/#organization"},"image":{"@id":"https:\/\/elcomunista.org\/?p=14340#primaryimage"},"thumbnailUrl":"https:\/\/elcomunista.org\/wp-content\/uploads\/2024\/12\/mexico.png","keywords":["El Fantasma del Comunismo","M\u00e9xico","Podcast","Reducci\u00f3n de la jornada laboral"],"articleSection":["Internacional","Internacional Comunista Revolucionaria","M\u00e9xico"],"inLanguage":"es","potentialAction":[{"@type":"CommentAction","name":"Comment","target":["https:\/\/elcomunista.org\/?p=14340#respond"]}]},{"@type":"WebPage","@id":"https:\/\/elcomunista.org\/?p=14340","url":"https:\/\/elcomunista.org\/?p=14340","name":"M\u00e9xico: la jornada laboral de 40 horas","isPartOf":{"@id":"https:\/\/elcomunista.org\/#website"},"primaryImageOfPage":{"@id":"https:\/\/elcomunista.org\/?p=14340#primaryimage"},"image":{"@id":"https:\/\/elcomunista.org\/?p=14340#primaryimage"},"thumbnailUrl":"https:\/\/elcomunista.org\/wp-content\/uploads\/2024\/12\/mexico.png","datePublished":"2024-12-06T00:25:33+00:00","dateModified":"2024-12-06T00:25:47+00:00","breadcrumb":{"@id":"https:\/\/elcomunista.org\/?p=14340#breadcrumb"},"inLanguage":"es","potentialAction":[{"@type":"ReadAction","target":["https:\/\/elcomunista.org\/?p=14340"]}]},{"@type":"ImageObject","inLanguage":"es","@id":"https:\/\/elcomunista.org\/?p=14340#primaryimage","url":"https:\/\/elcomunista.org\/wp-content\/uploads\/2024\/12\/mexico.png","contentUrl":"https:\/\/elcomunista.org\/wp-content\/uploads\/2024\/12\/mexico.png","width":768,"height":768},{"@type":"BreadcrumbList","@id":"https:\/\/elcomunista.org\/?p=14340#breadcrumb","itemListElement":[{"@type":"ListItem","position":1,"name":"Portada","item":"https:\/\/elcomunista.org\/"},{"@type":"ListItem","position":2,"name":"M\u00e9xico: la jornada laboral de 40 horas"}]},{"@type":"WebSite","@id":"https:\/\/elcomunista.org\/#website","url":"https:\/\/elcomunista.org\/","name":"Revoluci\u00f3n Comunista","description":"Internacional Comunista Revolucionaria","publisher":{"@id":"https:\/\/elcomunista.org\/#organization"},"potentialAction":[{"@type":"SearchAction","target":{"@type":"EntryPoint","urlTemplate":"https:\/\/elcomunista.org\/?s={search_term_string}"},"query-input":{"@type":"PropertyValueSpecification","valueRequired":true,"valueName":"search_term_string"}}],"inLanguage":"es"},{"@type":"Organization","@id":"https:\/\/elcomunista.org\/#organization","name":"Bloque Popular Juvenil","url":"https:\/\/elcomunista.org\/","logo":{"@type":"ImageObject","inLanguage":"es","@id":"https:\/\/elcomunista.org\/#\/schema\/logo\/image\/","url":"https:\/\/bloquepopularjuvenil.org\/wp-content\/uploads\/2018\/11\/bpj-militante.jpg","contentUrl":"https:\/\/bloquepopularjuvenil.org\/wp-content\/uploads\/2018\/11\/bpj-militante.jpg","width":4000,"height":1390,"caption":"Bloque Popular Juvenil"},"image":{"@id":"https:\/\/elcomunista.org\/#\/schema\/logo\/image\/"},"sameAs":["https:\/\/www.facebook.com\/Bloquepopularjuvenil","https:\/\/x.com\/ElBPJ","https:\/\/www.instagram.com\/elbloque_bpj\/?hl=es-la"]},{"@type":"Person","@id":"https:\/\/elcomunista.org\/#\/schema\/person\/f263a81caf9b6558c019b2d6b83e55be","name":"Internacional Comunista Revolucionaria","image":{"@type":"ImageObject","inLanguage":"es","@id":"https:\/\/elcomunista.org\/#\/schema\/person\/image\/","url":"https:\/\/secure.gravatar.com\/avatar\/007ae9c82193c93b7cbb3bbda1ed8c15?s=96&d=mm&r=g","contentUrl":"https:\/\/secure.gravatar.com\/avatar\/007ae9c82193c93b7cbb3bbda1ed8c15?s=96&d=mm&r=g","caption":"Internacional Comunista Revolucionaria"},"url":"https:\/\/elcomunista.org\/?author=62"}]}},"jetpack_featured_media_url":"https:\/\/elcomunista.org\/wp-content\/uploads\/2024\/12\/mexico.png","jetpack_likes_enabled":true,"jetpack_sharing_enabled":true,"_links":{"self":[{"href":"https:\/\/elcomunista.org\/index.php?rest_route=\/wp\/v2\/posts\/14340"}],"collection":[{"href":"https:\/\/elcomunista.org\/index.php?rest_route=\/wp\/v2\/posts"}],"about":[{"href":"https:\/\/elcomunista.org\/index.php?rest_route=\/wp\/v2\/types\/post"}],"author":[{"embeddable":true,"href":"https:\/\/elcomunista.org\/index.php?rest_route=\/wp\/v2\/users\/62"}],"replies":[{"embeddable":true,"href":"https:\/\/elcomunista.org\/index.php?rest_route=%2Fwp%2Fv2%2Fcomments&post=14340"}],"version-history":[{"count":2,"href":"https:\/\/elcomunista.org\/index.php?rest_route=\/wp\/v2\/posts\/14340\/revisions"}],"predecessor-version":[{"id":14347,"href":"https:\/\/elcomunista.org\/index.php?rest_route=\/wp\/v2\/posts\/14340\/revisions\/14347"}],"wp:featuredmedia":[{"embeddable":true,"href":"https:\/\/elcomunista.org\/index.php?rest_route=\/wp\/v2\/media\/14345"}],"wp:attachment":[{"href":"https:\/\/elcomunista.org\/index.php?rest_route=%2Fwp%2Fv2%2Fmedia&parent=14340"}],"wp:term":[{"taxonomy":"category","embeddable":true,"href":"https:\/\/elcomunista.org\/index.php?rest_route=%2Fwp%2Fv2%2Fcategories&post=14340"},{"taxonomy":"post_tag","embeddable":true,"href":"https:\/\/elcomunista.org\/index.php?rest_route=%2Fwp%2Fv2%2Ftags&post=14340"}],"curies":[{"name":"wp","href":"https:\/\/api.w.org\/{rel}","templated":true}]}}