{"id":14377,"date":"2025-01-18T16:01:47","date_gmt":"2025-01-18T22:01:47","guid":{"rendered":"https:\/\/elcomunista.org\/?p=14377"},"modified":"2025-01-18T16:01:47","modified_gmt":"2025-01-18T22:01:47","slug":"elecciones-alemanas-gane-quien-gane-la-guerra-la-crisis-y-la-austeridad-persisten","status":"publish","type":"post","link":"https:\/\/elcomunista.org\/?p=14377","title":{"rendered":"Elecciones alemanas: gane quien gane, \u00a1la guerra, la crisis y la austeridad persisten!"},"content":{"rendered":"<p><strong><span style=\"color: #800000;\">[Originalmente publicado en editorial de Der Kommunist #8, y en <a style=\"color: #800000;\" href=\"https:\/\/derkommunist.de\/leitartikel-der-kommunist-nr-8-egal-wer-kommt-krieg-krise-sparzwang-bleiben\/\" target=\"_blank\" rel=\"noopener\">Der Kommunist<\/a><\/span><\/strong><strong><span style=\"color: #800000;\">, el <em>11 de diciembre<\/em><\/span><\/strong><strong><span style=\"color: #800000;\">, por <em>Alexander Kalabekow<\/em>]<\/span><\/strong><\/p>\n<p>&nbsp;<\/p>\n<p>Durante tres a\u00f1os, la coalici\u00f3n gobernante de Alemania, formada por Verdes, Socialdem\u00f3cratas (SPD) y Liberales (FDP), estuvo en reparaci\u00f3n. Ahora finalmente la han retirado de circulaci\u00f3n: los costos son demasiado altos y los beneficios inexistentes. La clase capitalista la tir\u00f3 a la papelera del reciclaje electoral. Pronto tendremos que dar la bienvenida a sus cargos a una nueva selecci\u00f3n de delincuentes conocidos. El espect\u00e1culo de la llamada democracia contin\u00faa ininterrumpidamente, aunque no es perfecto ni ciertamente convincente.<\/p>\n<p>&nbsp;<\/p>\n<h2><span style=\"color: #800000; font-family: 'trebuchet ms', geneva, sans-serif;\"><strong>Gobierno de crisis<\/strong><\/span><\/h2>\n<p>La coalici\u00f3n del \u201csem\u00e1foro\u201d [por los colores de los partidos que la componen, rojo, amarillo y verde] se vio afectada por crisis desde sus inicios. Este fue el resultado de la crisis del capitalismo: decadencia econ\u00f3mica, polarizaci\u00f3n pol\u00edtica y p\u00e9rdida de confianza de las masas en los partidos establecidos.<\/p>\n<p>El 6 de noviembre, tras no poder aprobar un presupuesto, <span style=\"color: #800000;\"><a style=\"color: #800000;\" href=\"https:\/\/marxist.com\/germany-the-government-has-collapsed-and-so-will-capitalism.htm\" target=\"_blank\" rel=\"noopener\">el gobierno colaps\u00f3<\/a><\/span>. Pero contrariamente a lo que afirman los medios de comunicaci\u00f3n, no se trataba de una cuesti\u00f3n de partidos ni de sus ideolog\u00edas, sino que una expresi\u00f3n de las profundas contradicciones del propio capitalismo alem\u00e1n, as\u00ed como de su posici\u00f3n en el mundo.<\/p>\n<p>Una semana antes, el Canciller Olaf Scholz (SPD) hab\u00eda organizado una llamada cumbre econ\u00f3mica con destacados representantes del capital alem\u00e1n. Entre los invitados se encontraba la Federaci\u00f3n de Industrias Alemanas (BDI), la principal organizaci\u00f3n patronal de Alemania, as\u00ed como algunos dirigentes sindicales que discutieron la situaci\u00f3n sin llegar a ninguna conclusi\u00f3n. Es decir, el gobierno no pudo satisfacer las demandas del capital.<\/p>\n<p>&nbsp;<\/p>\n<h2><span style=\"color: #800000; font-family: 'trebuchet ms', geneva, sans-serif;\"><strong>El capital exige austeridad<\/strong><\/span><\/h2>\n<p>El ex Ministro de Finanzas Christian Lindner (FDP) no fue invitado. En lugar de ello, organiz\u00f3 su propia cumbre con representantes igualmente destacados del capital, como el presidente de la Confederaci\u00f3n de Asociaciones Patronales Alemanas (BDA). Lindner present\u00f3 un documento econ\u00f3mico que unos d\u00edas despu\u00e9s envi\u00f3 a sus socios de coalici\u00f3n con la aprobaci\u00f3n de los capitalistas.<\/p>\n<p>En este documento, el FDP ped\u00eda sobre todo la desregulaci\u00f3n empresarial: recortes de impuestos; suspensi\u00f3n del Convenio Colectivo, la Ley de la Cadena de Suministro, la Ley de Transparencia Retributiva y la Ley de Protecci\u00f3n de Datos de los Empleados; abolici\u00f3n de los requisitos de presentaci\u00f3n de informes y documentaci\u00f3n; ampliaci\u00f3n de la jornada laboral semanal y vitalicia; socavar las normas de seguridad en el lugar de trabajo; reducir las prestaciones por desempleo; recortar el gasto social y mucho m\u00e1s.<\/p>\n<p>Unas semanas despu\u00e9s del colapso de la coalici\u00f3n, Lindner reiter\u00f3 su programa: \u201cUna pizca de Milei y Musk har\u00eda bien a nuestro pa\u00eds\u201d. La portada de una edici\u00f3n reciente de <em>Handelsblatt<\/em>, portavoz de los capitalistas, estaba impreso con <span style=\"color: #800000;\"><a style=\"color: #800000;\" href=\"https:\/\/epaper.handelsblatt.com\/epaper\/handelsblatt-2024-12-06-epa-2237\/\" target=\"_blank\" rel=\"nofollow noopener\">una imagen de una motosierra<\/a><\/span> con los colores del FDP y el t\u00edtulo \u201cAnhelo de terapia de choque\u201d. El FDP recibe el apoyo del director del Instituto de Investigaci\u00f3n Econ\u00f3mica de Alemania, Clemens Fuest, conocido por su frase \u00abArmas y mantequilla, eso es el para\u00edso\u00bb. El presidente del Deutsche Bank tambi\u00e9n pide \u201creformas estructurales\u201d.<\/p>\n<p>&nbsp;<\/p>\n<h2><span style=\"color: #800000; font-family: 'trebuchet ms', geneva, sans-serif;\"><strong>Crisis econ\u00f3mica<\/strong><\/span><\/h2>\n<p>La econom\u00eda alemana ha estado atrapada en una crisis profunda y en espiral desde 2018. Desde 2019, el PIB ha crecido solo un 0,3 por ciento. Este estancamiento dura ya cinco a\u00f1os. En el mejor de los casos, en 2025 las cosas seguir\u00e1n en la misma l\u00ednea: el Instituto de Investigaci\u00f3n Econ\u00f3mica (IW), afiliado al BDI, predice un crecimiento del 0,1 por ciento.<\/p>\n<p>La tasa de desempleo sigue aumentando a medida que la producci\u00f3n industrial ha ca\u00eddo una quinta parte desde su m\u00e1ximo en noviembre de 2017. Cada vez m\u00e1s empresas se declaran en quiebra, amenazan con trasladar la producci\u00f3n al extranjero, cierran operaciones, despiden a sus empleados o comienzan a recortar salarios.<\/p>\n<p>Esta ola de desindustrializaci\u00f3n est\u00e1 devorando inexorablemente toda la econom\u00eda alemana. Seg\u00fan el IW, desde 2020 se han perdido 210 mil millones de euros en inversiones en maquinaria, veh\u00edculos, equipos t\u00e9cnicos y edificios. La clase capitalista no quiere invertir. Es responsable del estancamiento de la productividad laboral y, por tanto, del crecimiento econ\u00f3mico.<\/p>\n<p>&nbsp;<\/p>\n<h2><span style=\"color: #800000; font-family: 'trebuchet ms', geneva, sans-serif;\"><strong>Subsidios para la econom\u00eda y el ej\u00e9rcito<\/strong><\/span><\/h2>\n<p>En septiembre, el BDI present\u00f3 un programa con el que la clase capitalista quiere \u201cvolver a poner en forma la econom\u00eda alemana\u201d. Se llama <span style=\"color: #800000;\"><em><a style=\"color: #800000;\" href=\"https:\/\/bdi.eu\/artikel\/news\/transformationspfade-fuer-das-industrieland-deutschland-studie-langfassung\" target=\"_blank\" rel=\"nofollow noopener\">Caminos para la transformaci\u00f3n de la Alemania industrial<\/a><\/em><\/span>. Se pretende que act\u00fae como una &#8216;Agenda 2030&#8217; -inspirada en las reformas econ\u00f3micas favorables a las empresas llevadas a cabo en la d\u00e9cada de 2000 bajo el lema de &#8216;Agenda 2010&#8217;- como ha sido exigido durante mucho tiempo por todos los capitalistas y planeado por la derecha del CDU para el pr\u00f3ximo gobierno.<\/p>\n<p>Adem\u00e1s de una enorme desregulaci\u00f3n, como pide el documento del FDP, el capital exige un \u201cprograma de inversi\u00f3n\u201d de 1,4 billones de euros. Este dinero se recaudar\u00eda hasta 2030 y al menos 450 mil millones de euros proceder\u00edan del Estado. Al mismo tiempo, la clase dominante cuenta con un mayor rearme y militarizaci\u00f3n. Esto no est\u00e1 incluido en los 1,4 billones de euros. Es por eso que una amplia gama de capitalistas est\u00e1n pidiendo m\u00e1s \u201cfondos especiales\u201d \u2013es decir, pr\u00e9stamos especiales\u2013 para el ej\u00e9rcito alem\u00e1n.<\/p>\n<p>El objetivo declarado de los presupuestos anteriores es alcanzar el objetivo del dos por ciento de gasto militar de la OTAN a m\u00e1s tardar en 2028. La ministra de Asuntos Exteriores, Annalena Baerbock (Verdes), est\u00e1 a favor del tres por ciento, mientras que los \u00abexpertos\u00bb econ\u00f3micos incluso han pedido un presupuesto anual de defensa del cuatro por ciento del PIB. Comparado con el PIB actual, eso equivaldr\u00eda a 180.000 millones de euros al a\u00f1o, casi el 40 por ciento del presupuesto actual. Ese es el tama\u00f1o del actual presupuesto de bienestar social.<\/p>\n<p>&nbsp;<\/p>\n<h2><span style=\"color: #800000; font-family: 'trebuchet ms', geneva, sans-serif;\"><strong>Ataques a todos los niveles<\/strong><\/span><\/h2>\n<p>Por eso la clase dominante quiere ahora un gobierno que pueda pasar a la ofensiva. Se supone que el l\u00edder de la CDU, Friedrich Merz, debe restaurar las condiciones para que el capital obtenga ganancias, a expensas del \u201cbienestar\u201d. Su tarea ser\u00e1 hacer que la clase trabajadora pague la factura de la crisis actual.<\/p>\n<p>Si el Estado va a gastar 450.000 millones de euros en la econom\u00eda y varios cientos de miles de millones en el ej\u00e9rcito y la guerra en Ucrania durante los pr\u00f3ximos cinco a\u00f1os, y al mismo tiempo solo flexibilizar\u00e1 marginalmente el l\u00edmite constitucional a la deuda estatal y reducir\u00e1 los impuestos y las regulaciones a las empresas, entonces esto s\u00f3lo podr\u00e1 lograrse mediante la introducci\u00f3n de pol\u00edticas de austeridad extremas. Esto significa que se recordar\u00e1n a\u00fan m\u00e1s los servicios de salud, las infraestructuras, la educaci\u00f3n y el gasto social.<\/p>\n<p>A su vez, los directivos de los bancos y las corporaciones recortar\u00e1n salarios, destruir\u00e1n empleos y har\u00e1n que la gente trabaje m\u00e1s horas, con el pretexto de que tienen que recaudar los 950 mil millones de euros restantes. Como lo demuestran los recientes cierres de f\u00e1bricas de Volkswagen, las ganancias deben permanecer intactas. El presidente de la BDI afirma que \u201cya no podemos permitirnos el lujo de esta sociedad con su nivel actual de bienestar\u201d.<\/p>\n<p>Estos ataques se venden a las masas como una necesidad para lograr \u201ccrecimiento\u201d en alg\u00fan momento. Sin embargo, esto est\u00e1 completamente fuera de discusi\u00f3n, como lo demuestra el desarrollo de la crisis econ\u00f3mica durante los \u00faltimos siete a\u00f1os. Un programa de este tipo reducir\u00e1 de manera integral el nivel de vida de al menos el 90 por ciento de la sociedad en los pr\u00f3ximos a\u00f1os. Esto afectar\u00e1 a toda la clase trabajadora: desde los beb\u00e9s hasta los jubilados, desde los cajeros y los profesores de guarder\u00eda hasta los inform\u00e1ticos e ingenieros.<\/p>\n<p>&nbsp;<\/p>\n<h2><span style=\"color: #800000; font-family: 'trebuchet ms', geneva, sans-serif;\"><strong>La bancarrota del capitalismo<\/strong><\/span><\/h2>\n<p>Desindustrializaci\u00f3n significa barbarie. Trae innumerables crisis personales y prepara profundos trastornos sociales. Las familias tendr\u00e1n que contar cada euro cada d\u00eda para decidir entre calentar sus hogares o comer. Se considera que m\u00e1s de dos millones de ni\u00f1os corren ya riesgo de pobreza.<\/p>\n<p>Si nos fijamos en otros pa\u00edses europeos donde el proceso de desindustrializaci\u00f3n est\u00e1 mucho m\u00e1s avanzado, podemos ver cu\u00e1les son las consecuencias. En Francia, Espa\u00f1a, Portugal y Grecia, las tasas de desempleo juvenil superan el 20 por ciento. El empleo precario y el aumento de los alquileres est\u00e1n obligando a cada vez m\u00e1s adultos j\u00f3venes a vivir con sus padres.<\/p>\n<p>De aquellos que tienen la suerte de tener un trabajo, el 37 por ciento se siente agotado debido al estr\u00e9s laboral. El 73 por ciento piensa en cambiar de trabajo al menos una vez al mes.<\/p>\n<p>La desindustrializaci\u00f3n tambi\u00e9n trae conflictos y crisis personales, y causa desesperaci\u00f3n y frustraci\u00f3n. El 24 por ciento de los adultos en Alemania sufren de depresi\u00f3n.<\/p>\n<p>Por eso no sorprenden los resultados de un \u201cestudio sobre el autoritarismo\u201d en Alemania: m\u00e1s del 46 por ciento cree que la democracia real s\u00f3lo puede existir sin capitalismo. M\u00e1s del 62 por ciento dice que s\u00f3lo los ricos se benefician de la globalizaci\u00f3n. El 67 por ciento dice que los mercados financieros son los culpables de la creciente desigualdad. Al mismo tiempo, el actual Estudio Juvenil de Shell muestra que el 81 por ciento de los j\u00f3venes teme la guerra en Europa, el 67 por ciento teme la pobreza y el 64 por ciento teme la destrucci\u00f3n del medio ambiente.<\/p>\n<p>&nbsp;<\/p>\n<h2><span style=\"color: #800000; font-family: 'trebuchet ms', geneva, sans-serif;\"><strong>Lucha de clases y polarizaci\u00f3n<\/strong><\/span><\/h2>\n<p>Este declive del capitalismo alem\u00e1n producir\u00e1 cada vez m\u00e1s explosiones y movimientos sociales cada vez con mayor intensidad. Se est\u00e1n gestando bajo la superficie de la sociedad. Durante varios a\u00f1os, los medios burgueses han estado discutiendo la posibilidad y el peligro de una especie de \u201cmovimiento de chalecos amarillos\u201d alem\u00e1n similar al movimiento en Francia en 2018.<\/p>\n<p>En aquel entonces, el <em>Financial Times<\/em> <span style=\"color: #800000;\"><a style=\"color: #800000;\" href=\"https:\/\/www.ft.com\/content\/de643f89-5be8-4344-81ac-78c7026e9bfe\" target=\"_blank\" rel=\"nofollow noopener\">public\u00f3 un editorial<\/a><\/span> en el que advert\u00eda que si las cosas segu\u00edan as\u00ed, la gente perseguir\u00eda a los ricos con horcas.<\/p>\n<p>Y no se equivocaron. De hecho, esto es algo muy crucial. La polarizaci\u00f3n y los cambios en la opini\u00f3n p\u00fablica son expresi\u00f3n de la b\u00fasqueda de soluciones a sus problemas por parte de las masas. Pero ninguno de los partidos \u2013ni siquiera los autoproclamados \u201calternativos\u201d como Alternativa para Alemania (AfD) y el partido de Sahra Wagenknecht (BSW)- podr\u00e1 resolver ninguno de estos problemas.<\/p>\n<p>Y por eso es muy probable que en los pr\u00f3ximos a\u00f1os veamos repetidos estallidos de ira popular en las calles, contra los partidos burgueses, las instituciones estatales, los bancos y los ricos.<\/p>\n<p>Pero tambi\u00e9n deber\u00edamos esperar otros movimientos, como los movimientos de mujeres, que ya existen en Espa\u00f1a, Polonia e Irlanda; o movimientos como \u201cExpropiar Deutsche Wohnen and Co.\u201d, donde m\u00e1s de un mill\u00f3n de personas en Berl\u00edn votaron a favor de expropiar a las grandes empresas inmobiliarias; o movimientos de pensionistas como los de Espa\u00f1a; y otras luchas sociales contra la pol\u00edtica de austeridad.<\/p>\n<p>Pero tambi\u00e9n habr\u00e1 una mayor presi\u00f3n para que se realicen acciones industriales por salarios m\u00e1s altos, contra los despidos masivos, contra el cierre de plantas, la desregulaci\u00f3n y los ataques a los derechos laborales. En 2023, hubo m\u00e1s conflictos individuales entre el capital y el trabajo que nunca. Este desarrollo continuar\u00e1, porque las direcciones sindicales se ver\u00e1n cada vez m\u00e1s presionadas por la clase trabajadora para actuar.<\/p>\n<p>&nbsp;<\/p>\n<h2><span style=\"color: #800000; font-family: 'trebuchet ms', geneva, sans-serif;\"><strong>Las pr\u00f3ximas elecciones federales<\/strong><\/span><\/h2>\n<p>El pr\u00f3ximo gobierno ser\u00e1 elegido el 23 de febrero y cosechar\u00e1 la guerra de clases. No importa si Merz, Scholz, Habeck, Weidel, Wagenknecht o Lindner llegan a ser canciller, y no importa qu\u00e9 partidos formen una coalici\u00f3n. Sus pol\u00edticas servir\u00e1n a los intereses de los ricos, porque si no se quiere abolir el capitalismo, hay que ceder ante sus limitaciones. En una crisis, esto significa que la clase trabajadora y los j\u00f3venes tienen que pagar la factura.<\/p>\n<p>Todos estos pol\u00edticos prometen conducir al pa\u00eds hacia un nuevo per\u00edodo de prosperidad con su \u201craz\u00f3n\u201d, \u201cdecencia\u201d y \u201cvisi\u00f3n de futuro\u201d. Quienes a\u00fan no se hayan dado cuenta de que todos los candidatos son mentirosos y tramposos, pronto lo har\u00e1n. Esta elecci\u00f3n no deja otra opci\u00f3n a la clase trabajadora. Ninguno de los partidos tiene nada que ofrecer a los trabajadores y a los j\u00f3venes. Ni siquiera los partidos tradicionales de la clase obrera, el SPD y el Partido de Izquierda (Die Linke).<\/p>\n<p>El SPD es c\u00f3mplice de la guerra en Ucrania. Es un financista central y proveedor de armas de Zelensky, y es en gran medida responsable del rearme y la militarizaci\u00f3n de Alemania. Apoya el genocidio de Israel en Gaza y la escalada de la guerra en Oriente Medio.<\/p>\n<p>El Partido de Izquierda, por otro lado, est\u00e1 agonizando. Pol\u00edticamente agotado, depende \u00fanicamente de la pol\u00edtica de personalidad. Se supone que Dietmar Bartsch, Bodo Ramelow y Gregor Gysi salvar\u00e1n al partido de ser expulsado del parlamento para que, como dicen, el parlamento tenga una \u201cfuerza de izquierda\u201d. Esto no es m\u00e1s que una hoja de parra de \u201cizquierda\u201d para la dictadura de los ricos.<\/p>\n<p>La clase trabajadora y la juventud necesitan un partido que realmente represente sus intereses. Pero esto no caer\u00e1 del cielo. Tenemos que construirlo nosotros mismos. Si quieres cambiar las cosas, \u00a1\u00fanete al Partido Comunista Revolucionario y lucha junto a nosotros por el fin de las crisis, las guerras y la austeridad! Nosotros decimos: \u00a1libros, no bombas! \u00a1Sanidad, no guerra! \u00a1Socialismo, no barbarie!<\/p>\n","protected":false},"excerpt":{"rendered":"<p>[Originalmente publicado en editorial de Der Kommunist #8, y en Der Kommunist, el 11 de diciembre, por Alexander Kalabekow] &nbsp; Durante tres a\u00f1os, la coalici\u00f3n gobernante de Alemania, formada por Verdes, Socialdem\u00f3cratas (SPD) y Liberales (FDP), estuvo en reparaci\u00f3n. Ahora finalmente la han retirado de circulaci\u00f3n: los costos son demasiado altos y los beneficios inexistentes&#8230;.<\/p>\n","protected":false},"author":62,"featured_media":14378,"comment_status":"open","ping_status":"open","sticky":false,"template":"","format":"standard","meta":{"_monsterinsights_skip_tracking":false,"_monsterinsights_sitenote_active":false,"_monsterinsights_sitenote_note":"","_monsterinsights_sitenote_category":0,"_uf_show_specific_survey":0,"_uf_disable_surveys":false,"_jetpack_memberships_contains_paid_content":false,"footnotes":""},"categories":[33,1085,31,13,984],"tags":[243,796,131,2219,2221],"class_list":["post-14377","post","type-post","status-publish","format-standard","has-post-thumbnail","hentry","category-alemania","category-crisis-capitalista","category-europa","category-internacional","category-internacional-comunista-revolucionaria","tag-austeridad","tag-crisis-capitalista","tag-crisis-economica","tag-descontento-social","tag-desindustrializacion"],"aioseo_notices":[],"yoast_head":"<!-- This site is optimized with the Yoast SEO plugin v25.6 - https:\/\/yoast.com\/wordpress\/plugins\/seo\/ -->\n<title>Elecciones alemanas: gane quien gane, \u00a1la guerra, la crisis y la austeridad persisten!<\/title>\n<meta name=\"robots\" content=\"index, follow, max-snippet:-1, max-image-preview:large, max-video-preview:-1\" \/>\n<link rel=\"canonical\" href=\"https:\/\/elcomunista.org\/?p=14377\" \/>\n<meta property=\"og:locale\" content=\"es_ES\" \/>\n<meta property=\"og:type\" content=\"article\" \/>\n<meta property=\"og:title\" content=\"Elecciones alemanas: gane quien gane, \u00a1la guerra, la crisis y la austeridad persisten!\" \/>\n<meta property=\"og:description\" content=\"[Originalmente publicado en editorial de Der Kommunist #8, y en Der Kommunist, el 11 de diciembre, por Alexander Kalabekow] &nbsp; Durante tres a\u00f1os, la coalici\u00f3n gobernante de Alemania, formada por Verdes, Socialdem\u00f3cratas (SPD) y Liberales (FDP), estuvo en reparaci\u00f3n. Ahora finalmente la han retirado de circulaci\u00f3n: los costos son demasiado altos y los beneficios inexistentes....\" \/>\n<meta property=\"og:url\" content=\"https:\/\/elcomunista.org\/?p=14377\" \/>\n<meta property=\"og:site_name\" content=\"Revoluci\u00f3n Comunista\" \/>\n<meta property=\"article:publisher\" content=\"https:\/\/www.facebook.com\/Bloquepopularjuvenil\" \/>\n<meta property=\"article:published_time\" content=\"2025-01-18T22:01:47+00:00\" \/>\n<meta property=\"og:image\" content=\"https:\/\/elcomunista.org\/wp-content\/uploads\/2025\/01\/deutsch.jpg\" \/>\n\t<meta property=\"og:image:width\" content=\"1862\" \/>\n\t<meta property=\"og:image:height\" content=\"896\" \/>\n\t<meta property=\"og:image:type\" content=\"image\/jpeg\" \/>\n<meta name=\"author\" content=\"Internacional Comunista Revolucionaria\" \/>\n<meta name=\"twitter:card\" content=\"summary_large_image\" \/>\n<meta name=\"twitter:creator\" content=\"@ElBPJ\" \/>\n<meta name=\"twitter:site\" content=\"@ElBPJ\" \/>\n<meta name=\"twitter:label1\" content=\"Escrito por\" \/>\n\t<meta name=\"twitter:data1\" content=\"Internacional Comunista Revolucionaria\" \/>\n\t<meta name=\"twitter:label2\" content=\"Tiempo de lectura\" \/>\n\t<meta name=\"twitter:data2\" content=\"11 minutos\" \/>\n<script type=\"application\/ld+json\" class=\"yoast-schema-graph\">{\"@context\":\"https:\/\/schema.org\",\"@graph\":[{\"@type\":\"Article\",\"@id\":\"https:\/\/elcomunista.org\/?p=14377#article\",\"isPartOf\":{\"@id\":\"https:\/\/elcomunista.org\/?p=14377\"},\"author\":{\"name\":\"Internacional Comunista Revolucionaria\",\"@id\":\"https:\/\/elcomunista.org\/#\/schema\/person\/f263a81caf9b6558c019b2d6b83e55be\"},\"headline\":\"Elecciones alemanas: gane quien gane, \u00a1la guerra, la crisis y la austeridad persisten!\",\"datePublished\":\"2025-01-18T22:01:47+00:00\",\"mainEntityOfPage\":{\"@id\":\"https:\/\/elcomunista.org\/?p=14377\"},\"wordCount\":2357,\"commentCount\":0,\"publisher\":{\"@id\":\"https:\/\/elcomunista.org\/#organization\"},\"image\":{\"@id\":\"https:\/\/elcomunista.org\/?p=14377#primaryimage\"},\"thumbnailUrl\":\"https:\/\/elcomunista.org\/wp-content\/uploads\/2025\/01\/deutsch.jpg\",\"keywords\":[\"austeridad\",\"Crisis capitalista\",\"Crisis econ\u00f3mica\",\"Descontento social\",\"Desindustrializaci\u00f3n\"],\"articleSection\":[\"Alemania\",\"Crisis capitalista\",\"Europa\",\"Internacional\",\"Internacional Comunista Revolucionaria\"],\"inLanguage\":\"es\",\"potentialAction\":[{\"@type\":\"CommentAction\",\"name\":\"Comment\",\"target\":[\"https:\/\/elcomunista.org\/?p=14377#respond\"]}]},{\"@type\":\"WebPage\",\"@id\":\"https:\/\/elcomunista.org\/?p=14377\",\"url\":\"https:\/\/elcomunista.org\/?p=14377\",\"name\":\"Elecciones alemanas: gane quien gane, \u00a1la guerra, la crisis y la austeridad persisten!\",\"isPartOf\":{\"@id\":\"https:\/\/elcomunista.org\/#website\"},\"primaryImageOfPage\":{\"@id\":\"https:\/\/elcomunista.org\/?p=14377#primaryimage\"},\"image\":{\"@id\":\"https:\/\/elcomunista.org\/?p=14377#primaryimage\"},\"thumbnailUrl\":\"https:\/\/elcomunista.org\/wp-content\/uploads\/2025\/01\/deutsch.jpg\",\"datePublished\":\"2025-01-18T22:01:47+00:00\",\"breadcrumb\":{\"@id\":\"https:\/\/elcomunista.org\/?p=14377#breadcrumb\"},\"inLanguage\":\"es\",\"potentialAction\":[{\"@type\":\"ReadAction\",\"target\":[\"https:\/\/elcomunista.org\/?p=14377\"]}]},{\"@type\":\"ImageObject\",\"inLanguage\":\"es\",\"@id\":\"https:\/\/elcomunista.org\/?p=14377#primaryimage\",\"url\":\"https:\/\/elcomunista.org\/wp-content\/uploads\/2025\/01\/deutsch.jpg\",\"contentUrl\":\"https:\/\/elcomunista.org\/wp-content\/uploads\/2025\/01\/deutsch.jpg\",\"width\":1862,\"height\":896},{\"@type\":\"BreadcrumbList\",\"@id\":\"https:\/\/elcomunista.org\/?p=14377#breadcrumb\",\"itemListElement\":[{\"@type\":\"ListItem\",\"position\":1,\"name\":\"Portada\",\"item\":\"https:\/\/elcomunista.org\/\"},{\"@type\":\"ListItem\",\"position\":2,\"name\":\"Elecciones alemanas: gane quien gane, \u00a1la guerra, la crisis y la austeridad persisten!\"}]},{\"@type\":\"WebSite\",\"@id\":\"https:\/\/elcomunista.org\/#website\",\"url\":\"https:\/\/elcomunista.org\/\",\"name\":\"Revoluci\u00f3n Comunista\",\"description\":\"Internacional Comunista Revolucionaria\",\"publisher\":{\"@id\":\"https:\/\/elcomunista.org\/#organization\"},\"potentialAction\":[{\"@type\":\"SearchAction\",\"target\":{\"@type\":\"EntryPoint\",\"urlTemplate\":\"https:\/\/elcomunista.org\/?s={search_term_string}\"},\"query-input\":{\"@type\":\"PropertyValueSpecification\",\"valueRequired\":true,\"valueName\":\"search_term_string\"}}],\"inLanguage\":\"es\"},{\"@type\":\"Organization\",\"@id\":\"https:\/\/elcomunista.org\/#organization\",\"name\":\"Bloque Popular Juvenil\",\"url\":\"https:\/\/elcomunista.org\/\",\"logo\":{\"@type\":\"ImageObject\",\"inLanguage\":\"es\",\"@id\":\"https:\/\/elcomunista.org\/#\/schema\/logo\/image\/\",\"url\":\"https:\/\/bloquepopularjuvenil.org\/wp-content\/uploads\/2018\/11\/bpj-militante.jpg\",\"contentUrl\":\"https:\/\/bloquepopularjuvenil.org\/wp-content\/uploads\/2018\/11\/bpj-militante.jpg\",\"width\":4000,\"height\":1390,\"caption\":\"Bloque Popular Juvenil\"},\"image\":{\"@id\":\"https:\/\/elcomunista.org\/#\/schema\/logo\/image\/\"},\"sameAs\":[\"https:\/\/www.facebook.com\/Bloquepopularjuvenil\",\"https:\/\/x.com\/ElBPJ\",\"https:\/\/www.instagram.com\/elbloque_bpj\/?hl=es-la\"]},{\"@type\":\"Person\",\"@id\":\"https:\/\/elcomunista.org\/#\/schema\/person\/f263a81caf9b6558c019b2d6b83e55be\",\"name\":\"Internacional Comunista Revolucionaria\",\"image\":{\"@type\":\"ImageObject\",\"inLanguage\":\"es\",\"@id\":\"https:\/\/elcomunista.org\/#\/schema\/person\/image\/\",\"url\":\"https:\/\/secure.gravatar.com\/avatar\/007ae9c82193c93b7cbb3bbda1ed8c15?s=96&d=mm&r=g\",\"contentUrl\":\"https:\/\/secure.gravatar.com\/avatar\/007ae9c82193c93b7cbb3bbda1ed8c15?s=96&d=mm&r=g\",\"caption\":\"Internacional Comunista Revolucionaria\"},\"url\":\"https:\/\/elcomunista.org\/?author=62\"}]}<\/script>\n<!-- \/ Yoast SEO plugin. -->","yoast_head_json":{"title":"Elecciones alemanas: gane quien gane, \u00a1la guerra, la crisis y la austeridad persisten!","robots":{"index":"index","follow":"follow","max-snippet":"max-snippet:-1","max-image-preview":"max-image-preview:large","max-video-preview":"max-video-preview:-1"},"canonical":"https:\/\/elcomunista.org\/?p=14377","og_locale":"es_ES","og_type":"article","og_title":"Elecciones alemanas: gane quien gane, \u00a1la guerra, la crisis y la austeridad persisten!","og_description":"[Originalmente publicado en editorial de Der Kommunist #8, y en Der Kommunist, el 11 de diciembre, por Alexander Kalabekow] &nbsp; Durante tres a\u00f1os, la coalici\u00f3n gobernante de Alemania, formada por Verdes, Socialdem\u00f3cratas (SPD) y Liberales (FDP), estuvo en reparaci\u00f3n. Ahora finalmente la han retirado de circulaci\u00f3n: los costos son demasiado altos y los beneficios inexistentes....","og_url":"https:\/\/elcomunista.org\/?p=14377","og_site_name":"Revoluci\u00f3n Comunista","article_publisher":"https:\/\/www.facebook.com\/Bloquepopularjuvenil","article_published_time":"2025-01-18T22:01:47+00:00","og_image":[{"width":1862,"height":896,"url":"https:\/\/elcomunista.org\/wp-content\/uploads\/2025\/01\/deutsch.jpg","type":"image\/jpeg"}],"author":"Internacional Comunista Revolucionaria","twitter_card":"summary_large_image","twitter_creator":"@ElBPJ","twitter_site":"@ElBPJ","twitter_misc":{"Escrito por":"Internacional Comunista Revolucionaria","Tiempo de lectura":"11 minutos"},"schema":{"@context":"https:\/\/schema.org","@graph":[{"@type":"Article","@id":"https:\/\/elcomunista.org\/?p=14377#article","isPartOf":{"@id":"https:\/\/elcomunista.org\/?p=14377"},"author":{"name":"Internacional Comunista Revolucionaria","@id":"https:\/\/elcomunista.org\/#\/schema\/person\/f263a81caf9b6558c019b2d6b83e55be"},"headline":"Elecciones alemanas: gane quien gane, \u00a1la guerra, la crisis y la austeridad persisten!","datePublished":"2025-01-18T22:01:47+00:00","mainEntityOfPage":{"@id":"https:\/\/elcomunista.org\/?p=14377"},"wordCount":2357,"commentCount":0,"publisher":{"@id":"https:\/\/elcomunista.org\/#organization"},"image":{"@id":"https:\/\/elcomunista.org\/?p=14377#primaryimage"},"thumbnailUrl":"https:\/\/elcomunista.org\/wp-content\/uploads\/2025\/01\/deutsch.jpg","keywords":["austeridad","Crisis capitalista","Crisis econ\u00f3mica","Descontento social","Desindustrializaci\u00f3n"],"articleSection":["Alemania","Crisis capitalista","Europa","Internacional","Internacional Comunista Revolucionaria"],"inLanguage":"es","potentialAction":[{"@type":"CommentAction","name":"Comment","target":["https:\/\/elcomunista.org\/?p=14377#respond"]}]},{"@type":"WebPage","@id":"https:\/\/elcomunista.org\/?p=14377","url":"https:\/\/elcomunista.org\/?p=14377","name":"Elecciones alemanas: gane quien gane, \u00a1la guerra, la crisis y la austeridad persisten!","isPartOf":{"@id":"https:\/\/elcomunista.org\/#website"},"primaryImageOfPage":{"@id":"https:\/\/elcomunista.org\/?p=14377#primaryimage"},"image":{"@id":"https:\/\/elcomunista.org\/?p=14377#primaryimage"},"thumbnailUrl":"https:\/\/elcomunista.org\/wp-content\/uploads\/2025\/01\/deutsch.jpg","datePublished":"2025-01-18T22:01:47+00:00","breadcrumb":{"@id":"https:\/\/elcomunista.org\/?p=14377#breadcrumb"},"inLanguage":"es","potentialAction":[{"@type":"ReadAction","target":["https:\/\/elcomunista.org\/?p=14377"]}]},{"@type":"ImageObject","inLanguage":"es","@id":"https:\/\/elcomunista.org\/?p=14377#primaryimage","url":"https:\/\/elcomunista.org\/wp-content\/uploads\/2025\/01\/deutsch.jpg","contentUrl":"https:\/\/elcomunista.org\/wp-content\/uploads\/2025\/01\/deutsch.jpg","width":1862,"height":896},{"@type":"BreadcrumbList","@id":"https:\/\/elcomunista.org\/?p=14377#breadcrumb","itemListElement":[{"@type":"ListItem","position":1,"name":"Portada","item":"https:\/\/elcomunista.org\/"},{"@type":"ListItem","position":2,"name":"Elecciones alemanas: gane quien gane, \u00a1la guerra, la crisis y la austeridad persisten!"}]},{"@type":"WebSite","@id":"https:\/\/elcomunista.org\/#website","url":"https:\/\/elcomunista.org\/","name":"Revoluci\u00f3n Comunista","description":"Internacional Comunista Revolucionaria","publisher":{"@id":"https:\/\/elcomunista.org\/#organization"},"potentialAction":[{"@type":"SearchAction","target":{"@type":"EntryPoint","urlTemplate":"https:\/\/elcomunista.org\/?s={search_term_string}"},"query-input":{"@type":"PropertyValueSpecification","valueRequired":true,"valueName":"search_term_string"}}],"inLanguage":"es"},{"@type":"Organization","@id":"https:\/\/elcomunista.org\/#organization","name":"Bloque Popular Juvenil","url":"https:\/\/elcomunista.org\/","logo":{"@type":"ImageObject","inLanguage":"es","@id":"https:\/\/elcomunista.org\/#\/schema\/logo\/image\/","url":"https:\/\/bloquepopularjuvenil.org\/wp-content\/uploads\/2018\/11\/bpj-militante.jpg","contentUrl":"https:\/\/bloquepopularjuvenil.org\/wp-content\/uploads\/2018\/11\/bpj-militante.jpg","width":4000,"height":1390,"caption":"Bloque Popular Juvenil"},"image":{"@id":"https:\/\/elcomunista.org\/#\/schema\/logo\/image\/"},"sameAs":["https:\/\/www.facebook.com\/Bloquepopularjuvenil","https:\/\/x.com\/ElBPJ","https:\/\/www.instagram.com\/elbloque_bpj\/?hl=es-la"]},{"@type":"Person","@id":"https:\/\/elcomunista.org\/#\/schema\/person\/f263a81caf9b6558c019b2d6b83e55be","name":"Internacional Comunista Revolucionaria","image":{"@type":"ImageObject","inLanguage":"es","@id":"https:\/\/elcomunista.org\/#\/schema\/person\/image\/","url":"https:\/\/secure.gravatar.com\/avatar\/007ae9c82193c93b7cbb3bbda1ed8c15?s=96&d=mm&r=g","contentUrl":"https:\/\/secure.gravatar.com\/avatar\/007ae9c82193c93b7cbb3bbda1ed8c15?s=96&d=mm&r=g","caption":"Internacional Comunista Revolucionaria"},"url":"https:\/\/elcomunista.org\/?author=62"}]}},"jetpack_featured_media_url":"https:\/\/elcomunista.org\/wp-content\/uploads\/2025\/01\/deutsch.jpg","jetpack_likes_enabled":true,"jetpack_sharing_enabled":true,"_links":{"self":[{"href":"https:\/\/elcomunista.org\/index.php?rest_route=\/wp\/v2\/posts\/14377"}],"collection":[{"href":"https:\/\/elcomunista.org\/index.php?rest_route=\/wp\/v2\/posts"}],"about":[{"href":"https:\/\/elcomunista.org\/index.php?rest_route=\/wp\/v2\/types\/post"}],"author":[{"embeddable":true,"href":"https:\/\/elcomunista.org\/index.php?rest_route=\/wp\/v2\/users\/62"}],"replies":[{"embeddable":true,"href":"https:\/\/elcomunista.org\/index.php?rest_route=%2Fwp%2Fv2%2Fcomments&post=14377"}],"version-history":[{"count":1,"href":"https:\/\/elcomunista.org\/index.php?rest_route=\/wp\/v2\/posts\/14377\/revisions"}],"predecessor-version":[{"id":14379,"href":"https:\/\/elcomunista.org\/index.php?rest_route=\/wp\/v2\/posts\/14377\/revisions\/14379"}],"wp:featuredmedia":[{"embeddable":true,"href":"https:\/\/elcomunista.org\/index.php?rest_route=\/wp\/v2\/media\/14378"}],"wp:attachment":[{"href":"https:\/\/elcomunista.org\/index.php?rest_route=%2Fwp%2Fv2%2Fmedia&parent=14377"}],"wp:term":[{"taxonomy":"category","embeddable":true,"href":"https:\/\/elcomunista.org\/index.php?rest_route=%2Fwp%2Fv2%2Fcategories&post=14377"},{"taxonomy":"post_tag","embeddable":true,"href":"https:\/\/elcomunista.org\/index.php?rest_route=%2Fwp%2Fv2%2Ftags&post=14377"}],"curies":[{"name":"wp","href":"https:\/\/api.w.org\/{rel}","templated":true}]}}