{"id":14563,"date":"2025-03-22T08:03:20","date_gmt":"2025-03-22T14:03:20","guid":{"rendered":"https:\/\/elcomunista.org\/?p=14563"},"modified":"2025-03-22T08:03:20","modified_gmt":"2025-03-22T14:03:20","slug":"libertad-para-mahmoud-khalil-solo-la-lucha-de-clases-puede-garantizar-la-libertad-de-expresion","status":"publish","type":"post","link":"https:\/\/elcomunista.org\/?p=14563","title":{"rendered":"\u00a1Libertad para Mahmoud Khalil! \u00a1Solo la lucha de clases puede garantizar la libertad de expresi\u00f3n!"},"content":{"rendered":"<p>El 8 de marzo, agentes del ICE [Control de Inmigraci\u00f3n y Aduanas] de EE.UU. arrestaron a Mahmoud Khalil, estudiante de la Universidad de Columbia y activista pro-palestino. Unos matones se lo llevaron delante de su esposa, que est\u00e1 embarazada de ocho meses, y lo trasladaron a un centro de detenci\u00f3n en Luisiana, donde inicialmente se le impidi\u00f3 hablar en privado con su abogado. Khalil tiene una carta verde, que le da derecho legal a vivir y trabajar en Estados Unidos, as\u00ed como el derecho a \u00abestar protegido por todas las leyes de Estados Unidos, su estado de residencia y las jurisdicciones locales\u00bb. Sin embargo, la administraci\u00f3n Trump busca deportarlo por el \u00abdelito\u00bb de ejercer su derecho de la Primera Enmienda a oponerse al imperialismo israel\u00ed y estadounidense.<\/p>\n<p>&nbsp;<\/p>\n<p><span style=\"color: #800000;\"><strong>[Originalmente publicado en <span style=\"color: #800000;\"><a style=\"color: #800000;\" href=\"https:\/\/communistusa.org\/free-mahmoud-khalil-only-class-struggle-can-ensure-freedom-of-speech\/\" target=\"_blank\" rel=\"noopener\"><em>Revolutionary Communists of America<\/em><\/a><\/span>, por <em>Mart\u00edn de las Hoces<\/em>]<\/strong><\/span><\/p>\n<p>&nbsp;<\/p>\n<p>Trump quiere dar ejemplo con Khalil y enviar una dura advertencia al resto del movimiento pro-Palestina: os aplastaremos, cueste lo que cueste. Como Trump public\u00f3 en las redes sociales: \u00abEste es el primer arresto de muchos que est\u00e1n por venir. Sabemos que hay m\u00e1s estudiantes en Columbia y otras universidades de todo el pa\u00eds que han participado en actividades proterroristas, antisemitas y antiamericanas, y la Administraci\u00f3n Trump no lo tolerar\u00e1\u00bb.<\/p>\n<p>Para justificar esta represi\u00f3n, Trump y sus compinches est\u00e1n repitiendo calumnias trilladas que equiparan la solidaridad con Palestina con el antisemitismo. En realidad, las protestas que exigen el fin de la matanza genocida del pueblo palestino por parte de Israel, respaldada por Estados Unidos, no tienen nada que ver con el odio hacia el pueblo jud\u00edo y, de hecho, han atra\u00eddo el apoyo de muchos estudiantes y trabajadores jud\u00edos.<\/p>\n<p>&nbsp;<\/p>\n<h2><span style=\"color: #800000; font-family: 'trebuchet ms', geneva, sans-serif;\"><strong>\u00abEscalar el asunto\u00bb<\/strong><\/span><\/h2>\n<p>La detenci\u00f3n de Khalil se produce tras una serie de manifestaciones en el Barnard College, afiliado a Columbia, que comenzaron a finales de febrero y se enfrentaron a una violenta represi\u00f3n por parte de la polic\u00eda de Nueva York. Khalil fue uno de los estudiantes que negoci\u00f3 con la administraci\u00f3n y desempe\u00f1\u00f3 un papel activo en el campamento de solidaridad con Palestina de Columbia en abril de 2024.<\/p>\n<p>Con el estado capitalista y las administraciones universitarias de su lado, los sionistas del campus se han vuelto cada vez m\u00e1s descarados en sus ataques, llamando al ICE a los estudiantes internacionales que participan en actividades pro-Palestina con la esperanza de que <span style=\"color: #800000;\"><a style=\"color: #800000;\" href=\"https:\/\/tribune.com.pk\/story\/2525947\/chinese-ucla-student-liu-lijun-has-student-visa-revoked-after-organizing-pro-palestine-rallies\" target=\"_blank\" rel=\"nofollow noopener\">se revoquen sus visados<\/a><\/span>.<\/p>\n<p>Como inform\u00f3 <span style=\"color: #800000;\"><a style=\"color: #800000;\" href=\"https:\/\/forward.com\/news\/703018\/mahmoud-khalil-columbia-cuad-ice\/\" target=\"_blank\" rel=\"nofollow noopener\"><em>The Forward<\/em><\/a><\/span>, existen miles de conexiones entre los estudiantes sionistas de universidades \u00abde \u00e9lite\u00bb como Columbia y la clase dirigente, incluido el aparato estatal:<\/p>\n<p>Ross Glick, un activista proisrael\u00ed que anteriormente comparti\u00f3 una lista de manifestantes del campus con las autoridades federales de inmigraci\u00f3n, dijo que estaba en Washington, D. C. para reunirse con miembros del Congreso durante la manifestaci\u00f3n de la biblioteca de Barnard y que habl\u00f3 de Khalil con ayudantes de los senadores Ted Cruz [republicano] y John Fetterman [dem\u00f3crata], quienes prometieron \u00abescalar\u00bb el asunto. Dijo que algunos miembros de la junta directiva de Columbia tambi\u00e9n hab\u00edan denunciado a Khalil a las autoridades.<\/p>\n<p>Al parecer, el asunto \u00abescal\u00f3\u00bb hasta la Casa Blanca. Seis d\u00edas despu\u00e9s de la protesta en Barnard, Trump public\u00f3: \u00abSe DETENDR\u00c1N todos los fondos federales para cualquier colegio, escuela o universidad que permita protestas ilegales\u00bb. No fue una amenaza en vano. El 8 de marzo, anunci\u00f3 oficialmente que su administraci\u00f3n retirar\u00eda 400 millones de d\u00f3lares en fondos federales de Columbia. Por alguna extra\u00f1a coincidencia, los agentes del ICE se presentaron en la puerta de Khalil esa misma noche.<\/p>\n<p>Ir\u00f3nicamente, poco antes de su arresto, Khalil envi\u00f3 correos electr\u00f3nicos al presidente de Columbia pidiendo una garant\u00eda de protecci\u00f3n, ya que fan\u00e1ticos sionistas hab\u00edan estado amenazando con deportarlo. Viv\u00eda en una residencia universitaria, y el ICE solo habr\u00eda podido entrar en la propiedad de la universidad con el permiso de la administraci\u00f3n. Esa misma administraci\u00f3n ha guardado un inquietante silencio desde que se llevaron a Khalil. Pero no necesitamos esperar un comunicado de prensa oficial para obtener su respuesta a sus apelaciones: respondieron a trav\u00e9s de ICE.<\/p>\n<p>&nbsp;<\/p>\n<h2><span style=\"color: #800000; font-family: 'trebuchet ms', geneva, sans-serif;\"><strong>\u00abLibertad de expresi\u00f3n\u00bb<\/strong><\/span><\/h2>\n<p>El ICE es una herramienta para aterrorizar a la clase trabajadora. Los empresarios utilizan la amenaza de ICE y la deportaci\u00f3n para disuadir a los trabajadores inmigrantes indocumentados de organizarse y luchar contra su explotaci\u00f3n. Ahora, la clase dominante est\u00e1 utilizando el ICE para intimidar y silenciar a los estudiantes internacionales admitidos legalmente.<\/p>\n<p>T\u00e9cnicamente, el ICE no puede arrestar, detener ni deportar a un residente legal permanente como Khalil. Esa decisi\u00f3n solo puede tomarla un juez y, en teor\u00eda, solo puede hacerse si la persona ha cometido un delito. La hoja de parra legal para la detenci\u00f3n de Khalil es una ley oscura que establece que el Secretario de Estado puede deportar a cualquier extranjero que represente una amenaza para los \u00abintereses de pol\u00edtica exterior\u00bb estadounidenses. Esta c\u00ednica justificaci\u00f3n no puede ocultar el hecho de que perseguir a Khalil por su actividad pol\u00edtica es una flagrante violaci\u00f3n de la Primera Enmienda, que se supone que proh\u00edbe cualquier ley que \u00abrestrinja la libertad de expresi\u00f3n\u00bb.<\/p>\n<p>No hay otra forma de darle la vuelta. Como \u00abzar de la frontera\u00bb de Trump, Tom Homan <span style=\"color: #800000;\"><a style=\"color: #800000;\" href=\"https:\/\/newrepublic.com\/post\/192681\/tom-homan-mahmoud-khalil-free-speech-limits\" target=\"_blank\" rel=\"nofollow noopener\">lo expres\u00f3<\/a><\/span>: \u00abCuando est\u00e1s en los campus, oigo &#8216;libertad de expresi\u00f3n&#8217;, &#8216;libertad de expresi\u00f3n&#8217;, &#8216;libertad de expresi\u00f3n&#8217;. \u00bfPuedes pararte en un cine y gritar &#8216;fuego&#8217;? \u00bfPuedes calumniar? La libertad de expresi\u00f3n tiene limitaciones\u00bb.<\/p>\n<p>\u00bfCu\u00e1les son estas limitaciones? La \u00abdemocracia\u00bb burguesa no es m\u00e1s que la dictadura de los capitalistas en forma \u00abdemocr\u00e1tica\u00bb. Bajo este sistema, la \u00ablibertad de expresi\u00f3n\u00bb significa que puedes decir lo que quieras, siempre y cuando lo que digas no amenace los intereses de la burgues\u00eda.<\/p>\n<p>No existen derechos o protecciones permanentes para la clase trabajadora bajo la ley burguesa, incluso cuando se trata de algo tan b\u00e1sico para la democracia burguesa como la libertad de expresi\u00f3n. Como dijo el fil\u00f3sofo griego Anacarsis en el siglo VI a. C., tambi\u00e9n debemos decir hoy: \u00abLas leyes son como telara\u00f1as; atrapan a los d\u00e9biles y pobres, pero los ricos y poderosos las hacen pedazos\u00bb.<\/p>\n<p>&nbsp;<\/p>\n<h2><span style=\"color: #800000; font-family: 'trebuchet ms', geneva, sans-serif;\"><strong>Postura trumpista<\/strong><\/span><\/h2>\n<p>Los trumpistas se han erigido en firmes defensores de la libertad de expresi\u00f3n frente a la censura liberal \u00abwoke\u00bb. El mes pasado, en M\u00fanich, JD Vance critic\u00f3 a los l\u00edderes europeos por limitar la libertad de expresi\u00f3n de los partidos populistas de derecha, como el AfD alem\u00e1n. \u00abMe temo que en toda Europa la libertad de expresi\u00f3n est\u00e1 en retroceso\u00bb, dijo, \u00abas\u00ed como la administraci\u00f3n Biden parec\u00eda desesperada por silenciar a la gente por decir lo que piensa, la administraci\u00f3n Trump har\u00e1 precisamente lo contrario\u00bb.<\/p>\n<p>El caso Khalil desenmascara esta mentira. Los liberales como Biden <span style=\"color: #800000;\"><a style=\"color: #800000;\" href=\"https:\/\/youtu.be\/VaStk4BbcAI?t=55\" target=\"_blank\" rel=\"nofollow noopener\">pronunciaron homil\u00edas hip\u00f3critas<\/a><\/span> sobre la libertad de expresi\u00f3n y de reuni\u00f3n, mientras enviaban matones armados a aplastar a los manifestantes estudiantiles pac\u00edficos. Trump y su banda, lejos de hacer \u00abprecisamente lo contrario\u00bb, se hacen pasar por defensores de los derechos democr\u00e1ticos mientras infringen los derechos b\u00e1sicos del movimiento de solidaridad con Palestina.<\/p>\n<p>Como el resto de su clase, Trump apoya a Netanyahu y al r\u00e9gimen sionista \u2014el aliado m\u00e1s fiable de Estados Unidos en Oriente Medio\u2014 y est\u00e1 tan decidido como su predecesor liberal a aplastar cualquier resistencia al imperialismo estadounidense.<\/p>\n<p>&nbsp;<\/p>\n<h2><span style=\"color: #800000; font-family: 'trebuchet ms', geneva, sans-serif;\"><strong>Presi\u00f3n de los multimillonarios<\/strong><\/span><\/h2>\n<p>Este \u00faltimo ataque es la culminaci\u00f3n de un proceso que ha ido evolucionando en los campus durante a\u00f1os. Incluso antes de la \u00faltima invasi\u00f3n de Gaza por parte de Israel, los multimillonarios <span style=\"color: #800000;\"><a style=\"color: #800000;\" href=\"https:\/\/www.cnn.com\/2023\/10\/12\/business\/upenn-antisemitism-israel-hamas\/index.html\" target=\"_blank\" rel=\"nofollow noopener\">presionaban a las universidades<\/a><\/span> para que tomaran medidas m\u00e1s duras contra los clubes de estudiantes palestinos.<\/p>\n<p>Despu\u00e9s del 7 de octubre de 2023, los multimillonarios <span style=\"color: #800000;\"><a style=\"color: #800000;\" href=\"https:\/\/www.washingtonpost.com\/nation\/2024\/05\/16\/business-leaders-chat-group-eric-adams-columbia-protesters\/\" target=\"_blank\" rel=\"nofollow noopener\">conspiraron en chats privados de grupo<\/a><\/span> para presionar a los gobiernos locales para que reprimieran los movimientos en los campus y aprovecharon sus grandes donaciones para conseguir que universidades como Harvard y Columbia reprimieran a los activistas solidarios con Palestina como nunca antes.<\/p>\n<p>Despu\u00e9s de los campamentos, los administradores de las universidades pasaron todo el verano tramando su venganza. Se aseguraron de que cuando los estudiantes volvieran al campus, se enfrentaran a <span style=\"color: #800000;\"><a style=\"color: #800000;\" href=\"https:\/\/communistusa.org\/fearing-revival-of-student-protests-universities-attack-free-speech-rights\/\" target=\"_blank\" rel=\"noopener\">medidas draconianas<\/a><\/span>. Los campus se militarizaron. La libertad de expresi\u00f3n se vio gravemente restringida, y los estudiantes y profesores pro-Palestina fueron suspendidos, expulsados o despedidos.<\/p>\n<p>Y aun as\u00ed, no pudieron contener del todo la ira de los estudiantes. Las protestas continuaron hasta el a\u00f1o acad\u00e9mico 2024-25, a pesar de la fuerte represi\u00f3n policial, el escarnio p\u00fablico, la revocaci\u00f3n de los visados de estudiantes y otras medidas.<\/p>\n<p>Sin embargo, el movimiento pro-Palestina es relativamente d\u00e9bil en la actualidad en comparaci\u00f3n con la explosi\u00f3n inicial de ira despu\u00e9s del 7 de octubre o el apogeo del movimiento de acampada la primavera pasada. Con menos personas involucradas en la lucha, la clase dominante ve una oportunidad para intentar apagarla.<\/p>\n<p>Saben que la rabia de clase que hierve a fuego lento bajo la superficie de la sociedad, tarde o temprano, llegar\u00e1 a ebullici\u00f3n. Los capitalistas quieren fortalecer el aparato represivo de su estado tanto como puedan antes de futuras batallas de clases. Trump es el veh\u00edculo para satisfacer esta necesidad. Est\u00e1 dispuesto a hacer lo que sea necesario para silenciar a los estudiantes pro-Palestina, incluso utilizando a ICE como un instrumento contundente para atacar su derecho a la libertad de expresi\u00f3n.<\/p>\n<p>&nbsp;<\/p>\n<h2><span style=\"color: #800000; font-family: 'trebuchet ms', geneva, sans-serif;\"><strong>Combatir la nueva caza de brujas macartista<\/strong><\/span><\/h2>\n<p>Las universidades son un microcosmos de la sociedad en general. El movimiento de solidaridad con Palestina es solo una expresi\u00f3n de la creciente rabia que sienten los j\u00f3venes que no ven futuro bajo el capitalismo.<\/p>\n<p>A medida que se intensifique la lucha de clases, la burgues\u00eda se ver\u00e1 obligada a levantar a\u00fan m\u00e1s el velo y revelar la violencia desnuda de su dominio de clase. Este proceso est\u00e1 desacreditando a todas las instituciones capitalistas. Las universidades, que antes se consideraban faros de la investigaci\u00f3n libre, ahora se exponen como lo que siempre fueron: empresas con fines de lucro y baluartes de la ideolog\u00eda capitalista.<\/p>\n<p>Si Trump se sale con la suya, Khalil ser\u00e1 la primera v\u00edctima de esta nueva caza de brujas macartista. La represi\u00f3n podr\u00eda tener el efecto deseado a corto plazo, pero la presi\u00f3n dentro de las universidades no har\u00e1 m\u00e1s que aumentar, abriendo el camino a expresiones m\u00e1s grandes y convulsivas de la lucha de clases en los campus.<\/p>\n<p>Para luchar contra la caza de brujas y defender nuestros derechos b\u00e1sicos, los estudiantes deben luchar, no solo por la libertad de expresi\u00f3n, sino, en \u00faltima instancia, por el derrocamiento revolucionario del capitalismo. Para tener \u00e9xito, deben unirse a la clase trabajadora en general. Esto requiere un partido comunista revolucionario organizado dentro y fuera del campus que pueda poner al descubierto el estancamiento hist\u00f3rico de este sistema podrido y se\u00f1alar el camino hacia un mundo verdaderamente libre.<\/p>\n","protected":false},"excerpt":{"rendered":"<p>El 8 de marzo, agentes del ICE [Control de Inmigraci\u00f3n y Aduanas] de EE.UU. arrestaron a Mahmoud Khalil, estudiante de la Universidad de Columbia y activista pro-palestino. Unos matones se lo llevaron delante de su esposa, que est\u00e1 embarazada de ocho meses, y lo trasladaron a un centro de detenci\u00f3n en Luisiana, donde inicialmente se&#8230;<\/p>\n","protected":false},"author":62,"featured_media":14567,"comment_status":"open","ping_status":"open","sticky":false,"template":"","format":"standard","meta":{"_monsterinsights_skip_tracking":false,"_monsterinsights_sitenote_active":false,"_monsterinsights_sitenote_note":"","_monsterinsights_sitenote_category":0,"_uf_show_specific_survey":0,"_uf_disable_surveys":false,"_jetpack_memberships_contains_paid_content":false,"footnotes":""},"categories":[30,3],"tags":[132,668,2166,362,222,1537],"class_list":["post-14563","post","type-post","status-publish","format-standard","has-post-thumbnail","hentry","category-estados-unidos","category-politica","tag-donald-trump","tag-estado-opresor","tag-libertad-de-expresion","tag-manifestaciones-estudiantiles","tag-represion","tag-solidaridad-palestina"],"aioseo_notices":[],"yoast_head":"<!-- This site is optimized with the Yoast SEO plugin v25.6 - https:\/\/yoast.com\/wordpress\/plugins\/seo\/ -->\n<title>\u00a1Libertad para Mahmoud Khalil! \u00a1Solo la lucha de clases puede garantizar la libertad de expresi\u00f3n!<\/title>\n<meta name=\"robots\" content=\"index, follow, max-snippet:-1, max-image-preview:large, max-video-preview:-1\" \/>\n<link rel=\"canonical\" href=\"https:\/\/elcomunista.org\/?p=14563\" \/>\n<meta property=\"og:locale\" content=\"es_ES\" \/>\n<meta property=\"og:type\" content=\"article\" \/>\n<meta property=\"og:title\" content=\"\u00a1Libertad para Mahmoud Khalil! \u00a1Solo la lucha de clases puede garantizar la libertad de expresi\u00f3n!\" \/>\n<meta property=\"og:description\" content=\"El 8 de marzo, agentes del ICE [Control de Inmigraci\u00f3n y Aduanas] de EE.UU. arrestaron a Mahmoud Khalil, estudiante de la Universidad de Columbia y activista pro-palestino. Unos matones se lo llevaron delante de su esposa, que est\u00e1 embarazada de ocho meses, y lo trasladaron a un centro de detenci\u00f3n en Luisiana, donde inicialmente se...\" \/>\n<meta property=\"og:url\" content=\"https:\/\/elcomunista.org\/?p=14563\" \/>\n<meta property=\"og:site_name\" content=\"Revoluci\u00f3n Comunista\" \/>\n<meta property=\"article:publisher\" content=\"https:\/\/www.facebook.com\/Bloquepopularjuvenil\" \/>\n<meta property=\"article:published_time\" content=\"2025-03-22T14:03:20+00:00\" \/>\n<meta property=\"og:image\" content=\"https:\/\/elcomunista.org\/wp-content\/uploads\/2025\/03\/mahmoud-scaled.jpg\" \/>\n\t<meta property=\"og:image:width\" content=\"2560\" \/>\n\t<meta property=\"og:image:height\" content=\"1707\" \/>\n\t<meta property=\"og:image:type\" content=\"image\/jpeg\" \/>\n<meta name=\"author\" content=\"Internacional Comunista Revolucionaria\" \/>\n<meta name=\"twitter:card\" content=\"summary_large_image\" \/>\n<meta name=\"twitter:creator\" content=\"@ElBPJ\" \/>\n<meta name=\"twitter:site\" content=\"@ElBPJ\" \/>\n<meta name=\"twitter:label1\" content=\"Escrito por\" \/>\n\t<meta name=\"twitter:data1\" content=\"Internacional Comunista Revolucionaria\" \/>\n\t<meta name=\"twitter:label2\" content=\"Tiempo de lectura\" \/>\n\t<meta name=\"twitter:data2\" content=\"9 minutos\" \/>\n<script type=\"application\/ld+json\" class=\"yoast-schema-graph\">{\"@context\":\"https:\/\/schema.org\",\"@graph\":[{\"@type\":\"Article\",\"@id\":\"https:\/\/elcomunista.org\/?p=14563#article\",\"isPartOf\":{\"@id\":\"https:\/\/elcomunista.org\/?p=14563\"},\"author\":{\"name\":\"Internacional Comunista Revolucionaria\",\"@id\":\"https:\/\/elcomunista.org\/#\/schema\/person\/f263a81caf9b6558c019b2d6b83e55be\"},\"headline\":\"\u00a1Libertad para Mahmoud Khalil! \u00a1Solo la lucha de clases puede garantizar la libertad de expresi\u00f3n!\",\"datePublished\":\"2025-03-22T14:03:20+00:00\",\"mainEntityOfPage\":{\"@id\":\"https:\/\/elcomunista.org\/?p=14563\"},\"wordCount\":1903,\"commentCount\":0,\"publisher\":{\"@id\":\"https:\/\/elcomunista.org\/#organization\"},\"image\":{\"@id\":\"https:\/\/elcomunista.org\/?p=14563#primaryimage\"},\"thumbnailUrl\":\"https:\/\/elcomunista.org\/wp-content\/uploads\/2025\/03\/mahmoud-scaled.jpg\",\"keywords\":[\"Donald Trump\",\"Estado opresor\",\"Libertad de expresi\u00f3n\",\"manifestaciones estudiantiles\",\"Represi\u00f3n\",\"solidaridad Palestina\"],\"articleSection\":[\"Estados Unidos\",\"Pol\u00edtica\"],\"inLanguage\":\"es\",\"potentialAction\":[{\"@type\":\"CommentAction\",\"name\":\"Comment\",\"target\":[\"https:\/\/elcomunista.org\/?p=14563#respond\"]}]},{\"@type\":\"WebPage\",\"@id\":\"https:\/\/elcomunista.org\/?p=14563\",\"url\":\"https:\/\/elcomunista.org\/?p=14563\",\"name\":\"\u00a1Libertad para Mahmoud Khalil! \u00a1Solo la lucha de clases puede garantizar la libertad de expresi\u00f3n!\",\"isPartOf\":{\"@id\":\"https:\/\/elcomunista.org\/#website\"},\"primaryImageOfPage\":{\"@id\":\"https:\/\/elcomunista.org\/?p=14563#primaryimage\"},\"image\":{\"@id\":\"https:\/\/elcomunista.org\/?p=14563#primaryimage\"},\"thumbnailUrl\":\"https:\/\/elcomunista.org\/wp-content\/uploads\/2025\/03\/mahmoud-scaled.jpg\",\"datePublished\":\"2025-03-22T14:03:20+00:00\",\"breadcrumb\":{\"@id\":\"https:\/\/elcomunista.org\/?p=14563#breadcrumb\"},\"inLanguage\":\"es\",\"potentialAction\":[{\"@type\":\"ReadAction\",\"target\":[\"https:\/\/elcomunista.org\/?p=14563\"]}]},{\"@type\":\"ImageObject\",\"inLanguage\":\"es\",\"@id\":\"https:\/\/elcomunista.org\/?p=14563#primaryimage\",\"url\":\"https:\/\/elcomunista.org\/wp-content\/uploads\/2025\/03\/mahmoud-scaled.jpg\",\"contentUrl\":\"https:\/\/elcomunista.org\/wp-content\/uploads\/2025\/03\/mahmoud-scaled.jpg\",\"width\":2560,\"height\":1707},{\"@type\":\"BreadcrumbList\",\"@id\":\"https:\/\/elcomunista.org\/?p=14563#breadcrumb\",\"itemListElement\":[{\"@type\":\"ListItem\",\"position\":1,\"name\":\"Portada\",\"item\":\"https:\/\/elcomunista.org\/\"},{\"@type\":\"ListItem\",\"position\":2,\"name\":\"\u00a1Libertad para Mahmoud Khalil! \u00a1Solo la lucha de clases puede garantizar la libertad de expresi\u00f3n!\"}]},{\"@type\":\"WebSite\",\"@id\":\"https:\/\/elcomunista.org\/#website\",\"url\":\"https:\/\/elcomunista.org\/\",\"name\":\"Revoluci\u00f3n Comunista\",\"description\":\"Internacional Comunista Revolucionaria\",\"publisher\":{\"@id\":\"https:\/\/elcomunista.org\/#organization\"},\"potentialAction\":[{\"@type\":\"SearchAction\",\"target\":{\"@type\":\"EntryPoint\",\"urlTemplate\":\"https:\/\/elcomunista.org\/?s={search_term_string}\"},\"query-input\":{\"@type\":\"PropertyValueSpecification\",\"valueRequired\":true,\"valueName\":\"search_term_string\"}}],\"inLanguage\":\"es\"},{\"@type\":\"Organization\",\"@id\":\"https:\/\/elcomunista.org\/#organization\",\"name\":\"Bloque Popular Juvenil\",\"url\":\"https:\/\/elcomunista.org\/\",\"logo\":{\"@type\":\"ImageObject\",\"inLanguage\":\"es\",\"@id\":\"https:\/\/elcomunista.org\/#\/schema\/logo\/image\/\",\"url\":\"https:\/\/bloquepopularjuvenil.org\/wp-content\/uploads\/2018\/11\/bpj-militante.jpg\",\"contentUrl\":\"https:\/\/bloquepopularjuvenil.org\/wp-content\/uploads\/2018\/11\/bpj-militante.jpg\",\"width\":4000,\"height\":1390,\"caption\":\"Bloque Popular Juvenil\"},\"image\":{\"@id\":\"https:\/\/elcomunista.org\/#\/schema\/logo\/image\/\"},\"sameAs\":[\"https:\/\/www.facebook.com\/Bloquepopularjuvenil\",\"https:\/\/x.com\/ElBPJ\",\"https:\/\/www.instagram.com\/elbloque_bpj\/?hl=es-la\"]},{\"@type\":\"Person\",\"@id\":\"https:\/\/elcomunista.org\/#\/schema\/person\/f263a81caf9b6558c019b2d6b83e55be\",\"name\":\"Internacional Comunista Revolucionaria\",\"image\":{\"@type\":\"ImageObject\",\"inLanguage\":\"es\",\"@id\":\"https:\/\/elcomunista.org\/#\/schema\/person\/image\/\",\"url\":\"https:\/\/secure.gravatar.com\/avatar\/007ae9c82193c93b7cbb3bbda1ed8c15?s=96&d=mm&r=g\",\"contentUrl\":\"https:\/\/secure.gravatar.com\/avatar\/007ae9c82193c93b7cbb3bbda1ed8c15?s=96&d=mm&r=g\",\"caption\":\"Internacional Comunista Revolucionaria\"},\"url\":\"https:\/\/elcomunista.org\/?author=62\"}]}<\/script>\n<!-- \/ Yoast SEO plugin. -->","yoast_head_json":{"title":"\u00a1Libertad para Mahmoud Khalil! \u00a1Solo la lucha de clases puede garantizar la libertad de expresi\u00f3n!","robots":{"index":"index","follow":"follow","max-snippet":"max-snippet:-1","max-image-preview":"max-image-preview:large","max-video-preview":"max-video-preview:-1"},"canonical":"https:\/\/elcomunista.org\/?p=14563","og_locale":"es_ES","og_type":"article","og_title":"\u00a1Libertad para Mahmoud Khalil! \u00a1Solo la lucha de clases puede garantizar la libertad de expresi\u00f3n!","og_description":"El 8 de marzo, agentes del ICE [Control de Inmigraci\u00f3n y Aduanas] de EE.UU. arrestaron a Mahmoud Khalil, estudiante de la Universidad de Columbia y activista pro-palestino. Unos matones se lo llevaron delante de su esposa, que est\u00e1 embarazada de ocho meses, y lo trasladaron a un centro de detenci\u00f3n en Luisiana, donde inicialmente se...","og_url":"https:\/\/elcomunista.org\/?p=14563","og_site_name":"Revoluci\u00f3n Comunista","article_publisher":"https:\/\/www.facebook.com\/Bloquepopularjuvenil","article_published_time":"2025-03-22T14:03:20+00:00","og_image":[{"width":2560,"height":1707,"url":"https:\/\/elcomunista.org\/wp-content\/uploads\/2025\/03\/mahmoud-scaled.jpg","type":"image\/jpeg"}],"author":"Internacional Comunista Revolucionaria","twitter_card":"summary_large_image","twitter_creator":"@ElBPJ","twitter_site":"@ElBPJ","twitter_misc":{"Escrito por":"Internacional Comunista Revolucionaria","Tiempo de lectura":"9 minutos"},"schema":{"@context":"https:\/\/schema.org","@graph":[{"@type":"Article","@id":"https:\/\/elcomunista.org\/?p=14563#article","isPartOf":{"@id":"https:\/\/elcomunista.org\/?p=14563"},"author":{"name":"Internacional Comunista Revolucionaria","@id":"https:\/\/elcomunista.org\/#\/schema\/person\/f263a81caf9b6558c019b2d6b83e55be"},"headline":"\u00a1Libertad para Mahmoud Khalil! \u00a1Solo la lucha de clases puede garantizar la libertad de expresi\u00f3n!","datePublished":"2025-03-22T14:03:20+00:00","mainEntityOfPage":{"@id":"https:\/\/elcomunista.org\/?p=14563"},"wordCount":1903,"commentCount":0,"publisher":{"@id":"https:\/\/elcomunista.org\/#organization"},"image":{"@id":"https:\/\/elcomunista.org\/?p=14563#primaryimage"},"thumbnailUrl":"https:\/\/elcomunista.org\/wp-content\/uploads\/2025\/03\/mahmoud-scaled.jpg","keywords":["Donald Trump","Estado opresor","Libertad de expresi\u00f3n","manifestaciones estudiantiles","Represi\u00f3n","solidaridad Palestina"],"articleSection":["Estados Unidos","Pol\u00edtica"],"inLanguage":"es","potentialAction":[{"@type":"CommentAction","name":"Comment","target":["https:\/\/elcomunista.org\/?p=14563#respond"]}]},{"@type":"WebPage","@id":"https:\/\/elcomunista.org\/?p=14563","url":"https:\/\/elcomunista.org\/?p=14563","name":"\u00a1Libertad para Mahmoud Khalil! \u00a1Solo la lucha de clases puede garantizar la libertad de expresi\u00f3n!","isPartOf":{"@id":"https:\/\/elcomunista.org\/#website"},"primaryImageOfPage":{"@id":"https:\/\/elcomunista.org\/?p=14563#primaryimage"},"image":{"@id":"https:\/\/elcomunista.org\/?p=14563#primaryimage"},"thumbnailUrl":"https:\/\/elcomunista.org\/wp-content\/uploads\/2025\/03\/mahmoud-scaled.jpg","datePublished":"2025-03-22T14:03:20+00:00","breadcrumb":{"@id":"https:\/\/elcomunista.org\/?p=14563#breadcrumb"},"inLanguage":"es","potentialAction":[{"@type":"ReadAction","target":["https:\/\/elcomunista.org\/?p=14563"]}]},{"@type":"ImageObject","inLanguage":"es","@id":"https:\/\/elcomunista.org\/?p=14563#primaryimage","url":"https:\/\/elcomunista.org\/wp-content\/uploads\/2025\/03\/mahmoud-scaled.jpg","contentUrl":"https:\/\/elcomunista.org\/wp-content\/uploads\/2025\/03\/mahmoud-scaled.jpg","width":2560,"height":1707},{"@type":"BreadcrumbList","@id":"https:\/\/elcomunista.org\/?p=14563#breadcrumb","itemListElement":[{"@type":"ListItem","position":1,"name":"Portada","item":"https:\/\/elcomunista.org\/"},{"@type":"ListItem","position":2,"name":"\u00a1Libertad para Mahmoud Khalil! \u00a1Solo la lucha de clases puede garantizar la libertad de expresi\u00f3n!"}]},{"@type":"WebSite","@id":"https:\/\/elcomunista.org\/#website","url":"https:\/\/elcomunista.org\/","name":"Revoluci\u00f3n Comunista","description":"Internacional Comunista Revolucionaria","publisher":{"@id":"https:\/\/elcomunista.org\/#organization"},"potentialAction":[{"@type":"SearchAction","target":{"@type":"EntryPoint","urlTemplate":"https:\/\/elcomunista.org\/?s={search_term_string}"},"query-input":{"@type":"PropertyValueSpecification","valueRequired":true,"valueName":"search_term_string"}}],"inLanguage":"es"},{"@type":"Organization","@id":"https:\/\/elcomunista.org\/#organization","name":"Bloque Popular Juvenil","url":"https:\/\/elcomunista.org\/","logo":{"@type":"ImageObject","inLanguage":"es","@id":"https:\/\/elcomunista.org\/#\/schema\/logo\/image\/","url":"https:\/\/bloquepopularjuvenil.org\/wp-content\/uploads\/2018\/11\/bpj-militante.jpg","contentUrl":"https:\/\/bloquepopularjuvenil.org\/wp-content\/uploads\/2018\/11\/bpj-militante.jpg","width":4000,"height":1390,"caption":"Bloque Popular Juvenil"},"image":{"@id":"https:\/\/elcomunista.org\/#\/schema\/logo\/image\/"},"sameAs":["https:\/\/www.facebook.com\/Bloquepopularjuvenil","https:\/\/x.com\/ElBPJ","https:\/\/www.instagram.com\/elbloque_bpj\/?hl=es-la"]},{"@type":"Person","@id":"https:\/\/elcomunista.org\/#\/schema\/person\/f263a81caf9b6558c019b2d6b83e55be","name":"Internacional Comunista Revolucionaria","image":{"@type":"ImageObject","inLanguage":"es","@id":"https:\/\/elcomunista.org\/#\/schema\/person\/image\/","url":"https:\/\/secure.gravatar.com\/avatar\/007ae9c82193c93b7cbb3bbda1ed8c15?s=96&d=mm&r=g","contentUrl":"https:\/\/secure.gravatar.com\/avatar\/007ae9c82193c93b7cbb3bbda1ed8c15?s=96&d=mm&r=g","caption":"Internacional Comunista Revolucionaria"},"url":"https:\/\/elcomunista.org\/?author=62"}]}},"jetpack_featured_media_url":"https:\/\/elcomunista.org\/wp-content\/uploads\/2025\/03\/mahmoud-scaled.jpg","jetpack_likes_enabled":true,"jetpack_sharing_enabled":true,"_links":{"self":[{"href":"https:\/\/elcomunista.org\/index.php?rest_route=\/wp\/v2\/posts\/14563"}],"collection":[{"href":"https:\/\/elcomunista.org\/index.php?rest_route=\/wp\/v2\/posts"}],"about":[{"href":"https:\/\/elcomunista.org\/index.php?rest_route=\/wp\/v2\/types\/post"}],"author":[{"embeddable":true,"href":"https:\/\/elcomunista.org\/index.php?rest_route=\/wp\/v2\/users\/62"}],"replies":[{"embeddable":true,"href":"https:\/\/elcomunista.org\/index.php?rest_route=%2Fwp%2Fv2%2Fcomments&post=14563"}],"version-history":[{"count":1,"href":"https:\/\/elcomunista.org\/index.php?rest_route=\/wp\/v2\/posts\/14563\/revisions"}],"predecessor-version":[{"id":14569,"href":"https:\/\/elcomunista.org\/index.php?rest_route=\/wp\/v2\/posts\/14563\/revisions\/14569"}],"wp:featuredmedia":[{"embeddable":true,"href":"https:\/\/elcomunista.org\/index.php?rest_route=\/wp\/v2\/media\/14567"}],"wp:attachment":[{"href":"https:\/\/elcomunista.org\/index.php?rest_route=%2Fwp%2Fv2%2Fmedia&parent=14563"}],"wp:term":[{"taxonomy":"category","embeddable":true,"href":"https:\/\/elcomunista.org\/index.php?rest_route=%2Fwp%2Fv2%2Fcategories&post=14563"},{"taxonomy":"post_tag","embeddable":true,"href":"https:\/\/elcomunista.org\/index.php?rest_route=%2Fwp%2Fv2%2Ftags&post=14563"}],"curies":[{"name":"wp","href":"https:\/\/api.w.org\/{rel}","templated":true}]}}