{"id":14603,"date":"2025-04-15T10:07:37","date_gmt":"2025-04-15T16:07:37","guid":{"rendered":"https:\/\/elcomunista.org\/?p=14603"},"modified":"2025-04-15T10:07:37","modified_gmt":"2025-04-15T16:07:37","slug":"el-dia-de-la-libertad-y-la-locura-capitalista-el-caso-mexicano","status":"publish","type":"post","link":"https:\/\/elcomunista.org\/?p=14603","title":{"rendered":"El d\u00eda de la libertad y la locura capitalista, el caso mexicano"},"content":{"rendered":"<p>Trump hab\u00eda anunciado que el 2 de abril ser\u00eda el \u201cd\u00eda de la liberaci\u00f3n\u201d para los EE. UU., asegurando, con esto, que por muchos a\u00f1os los diferentes gobiernos del mundo se habr\u00edan aprovechado de su pa\u00eds al tener m\u00e1s exportaciones a EE. UU. que \u00e9ste a sus pa\u00edses, caus\u00e1ndole una balanza comercial desfavorable. Con un discurso en que se presenta como v\u00edctima de los otros pa\u00edses, anunci\u00f3 las medidas de \u201clibertad\u201d, las cuales hacen retumbar los tambores de guerra comercial y pronostican una ca\u00edda de la econom\u00eda mundial.<\/p>\n<p>Con esta pol\u00edtica arancelaria EE. UU. pretende recaudar 100 mil millones de d\u00f3lares (mmd) anuales y as\u00ed recomponer su balanza comercial, reindustrializar al pa\u00eds, tener buenos empleos para los trabajadores de los EE. UU., al tiempo que fuerza a otros pa\u00edses a servirle a sus intereses:<\/p>\n<p><em>\u201cImpulsaremos nuestra base industrial nacional, abriremos mercados extranjeros y derribaremos barreras comerciales internacionales. [\u2026] Una mayor producci\u00f3n local significar\u00e1 una competencia m\u00e1s fuerte y precios m\u00e1s bajos para los consumidores\u201d<\/em>.<\/p>\n<h3><span style=\"color: #800000;\">La guerra arancelaria disfrazada de libertad<\/span><\/h3>\n<p>Para ser claros, y no dejarnos llevar por palabras vac\u00edas y ret\u00f3rica barata, las medidas de Trump son un paso m\u00e1s en direcci\u00f3n del proteccionismo econ\u00f3mico, es decir: \u201cdefender mi econom\u00eda a costa de las dem\u00e1s\u201d. Esto debe quedar claro porque ahora, despu\u00e9s de que M\u00e9xico no ha sido tan afectado por los aranceles, hay muchos que est\u00e1n vendiendo la falsa idea de que es gracias a una \u201cnegociaci\u00f3n\u201d magistral de Claudia Sheinbaum. Ella misma dice que es gracias la buena relaci\u00f3n con los EE. UU., como si el problema econ\u00f3mico se redujera a las buenas intenciones de ambos mandatarios.<\/p>\n<p>Marcelo Ebrard, Secretario de Econom\u00eda, ya sali\u00f3 a decir que es un logro que se mantenga el T-MEC, a pesar de lo que dijo Trump al respecto; hablando sobre el antes llamado Tratado de Libre Comercio, dijo: \u201cfue un desastre, nos dijeron que no \u00e9ramos capaces de terminarlo. Tuvimos que conseguir la aprobaci\u00f3n del Congreso para acabar con \u00e9l.\u201d Debemos ser claros, si a M\u00e9xico no le tocaron los aranceles rec\u00edprocos como a otros pa\u00edses es por una sola raz\u00f3n: porque, de aplicarlos, el efecto en la econom\u00eda norteamericana ser\u00eda desastroso; es lo mismo para el caso de Canad\u00e1.<\/p>\n<p>Trump ha declarado abiertamente que tiene un balance comercial negativo, con respecto a M\u00e9xico, de 172 mmd. Es el tercer d\u00e9ficit comercial m\u00e1s grande de los EE. UU.; el primero es con China (29 mmd), el segundo con la Uni\u00f3n Europea (236 mmd) y el cuarto con Vietnam (123 mmd), seguido por Taiw\u00e1n (72 mmd) y Jap\u00f3n (68 mmd). A China le impuso aranceles del 34%, que sumado al 20% anterior llegan al 54%; a la Uni\u00f3n Europea del 20%; Vietnam del 46%; Taiw\u00e1n 32% y Jap\u00f3n 24%. Lo que va a suceder con respecto a M\u00e9xico est\u00e1 por verse, no es que ya se haya salvado. La clave va a estar en la renegociaci\u00f3n del T-MEC y en la presi\u00f3n que ponga EE. UU. sobre sus empresas para que del salgan de M\u00e9xico.<\/p>\n<p>Al imponer estos aranceles, el presidente de los EE. UU. reconoce de facto dos cosas. La primera es que la \u00e9poca del libre comercio est\u00e1 siendo reemplazada por el nacionalismo econ\u00f3mico. Esto ya de por s\u00ed es un problema may\u00fasculo: la expansi\u00f3n econ\u00f3mica ha creado un mercado mundial y ahora se quiere dar vuelta a la historia y restringir las fuerzas econ\u00f3micas al \u00e1mbito nacional. Esto tendr\u00e1 implicaciones econ\u00f3micas desastrosas.<\/p>\n<p>La segunda, no menos importante, es que la econom\u00eda norteamericana ha sufrido un declive y necesita recuperar sus fuerzas. Por eso ya no le importa cuidar a sus viejos amigos \u2014Europa, Canad\u00e1, M\u00e9xico y dem\u00e1s\u2014, sino que le interesa su reindustrializaci\u00f3n, pelear por los mercados para sus empresas y hacerse de recursos naturales fundamentales para su producci\u00f3n. Para conseguir esto algunos van a tener que sufrir. En primera instancia, los trabajadores de los diferentes pa\u00edses que se ver\u00e1n afectados por los efectos de esta pol\u00edtica; por ejemplo, con el aumento del precio de las mercanc\u00edas y el desempleo. Tambi\u00e9n algunos burgueses perder\u00e1n algo de dinero, Trump lo tiene claro, pero m\u00e1s claro es que su pol\u00edtica econ\u00f3mica no es una locura sino una necesidad para el imperialismo estadounidense.<\/p>\n<p>As\u00ed lo deja ver las tasas arancelarias para \u201clos buenos amigos\u201d, como lo es Argentina y la administraci\u00f3n de Milei (10%), El Salvador y la administraci\u00f3n Bukele (10%) \u2014quien ha abierto sus c\u00e1rceles para que EE. UU. meta ah\u00ed a supuestos criminales\u2014, e Israel (17%), su perro guardi\u00e1n en Oriente Medio. Es por esto mismo que suenan rid\u00edculos los argumentos de que es gracias a las buenas relaciones por lo cual a M\u00e9xico no le han impuesto los aranceles rec\u00edprocos.<\/p>\n<p>EE. UU. est\u00e1 ganando tiempo para que cualquier medida que tome con respecto a M\u00e9xico y Canad\u00e1 no tenga una afectaci\u00f3n tan desastrosa para su econom\u00eda. Lo quieran o no, estas econom\u00edas est\u00e1n amarradas de la cola. Trump est\u00e1 buscando desatar el nudo antes de tomar m\u00e1s decisiones respecto de ellas. En su discurso del 2 de abril dijo que no permitir\u00e1 m\u00e1s \u201csubsidios\u201d a la econom\u00eda mexicana y mencion\u00f3 que pedir\u00e1 ayuda al Congreso para terminar con el T-MEC, as\u00ed que no hay nada que celebrar.<\/p>\n<h3><span style=\"color: #800000;\">Aranceles para M\u00e9xico y sus consecuencias<\/span><\/h3>\n<p>A pesar de que no se le incluy\u00f3 en la famosa lista de los 60 pa\u00edses con aranceles rec\u00edprocos, esto no quiere decir que no haya afectaciones para M\u00e9xico. Trump ya hab\u00eda anunciado antes de su conferencia que tanto el aluminio como el acero tendr\u00e1n un impuesto del 25%. El Instituto Mexicano para la Competitividad (IMCO) ha dicho que la afectaci\u00f3n a productos por estos aranceles (acero y aluminio) podr\u00eda ascender a los 20 mmd, que representan el 4.7% del total de las exportaciones mexicanas a los EE. UU. M\u00e9xico export\u00f3, en el 2024, 3.31 mmd en acero y 1.84 mmd en aluminio.<\/p>\n<p>Tambi\u00e9n se inform\u00f3 de un impuesto a la cerveza mexicana. \u00c9ste es el agroalimento que m\u00e1s exporta el pa\u00eds. El Departamento de Comercio de los EE. UU. ha dicho que, del total de las importaciones de cerveza en el 2024, con un valor de 7.5 mmd, el 84% pertenecen a producto mexicano (unos 6.3 mmd). Para M\u00e9xico representa el 80% del total de sus exportaciones de cerveza; el impuesto es a la cerveza envasada en aluminio y a la lata vac\u00eda.<\/p>\n<p>Como parte de los efectos de los aranceles, el petr\u00f3leo se ha resentido y reduce su valor en un 7%. Esto tambi\u00e9n tiene una afectaci\u00f3n directa a las finanzas del Estado; \u00e9sta es una de las peores calidades del precio del crudo desde 2022. Es cierto que el gobierno norteamericano se ha cuidado de gravar a los recursos energ\u00e9ticos con aranceles, sin embargo, esta ca\u00edda es por el aumento de la producci\u00f3n de los pa\u00edses de la OPEP y, principalmente, por los temores a una recesi\u00f3n mundial. El a\u00f1o pasado M\u00e9xico recaudo 20 726 millones de d\u00f3lares por la exportaci\u00f3n de petr\u00f3leo, si el crudo sigue cayendo, tendr\u00e1 una repercusi\u00f3n.<\/p>\n<p>Adem\u00e1s, la exclusi\u00f3n de los aranceles del 25% solo son a las mercanc\u00edas que est\u00e1n dentro del T-MEC, que representan el 50% de las exportaciones a los EE. UU. El resto de las mercanc\u00edas, el otro 50%, s\u00ed tendr\u00e1 que pagar el arancel. Esto ya est\u00e1 teniendo repercusiones.<\/p>\n<p>Pero el aspecto central es el sector automotriz. EE. UU. ya hab\u00eda anunciado el 25% de aranceles para todos los autom\u00f3viles que entrar\u00e1n a su pa\u00eds. \u00c9ste no es un aspecto menor para M\u00e9xico, se puede decir que se trata del sector clave, no s\u00f3lo por las cantidades de autos y autopartes que exporta al vecino del norte -es el principal exportador de este sector a los Estados Unidos-, sino por la cantidad de mano de obra que emplea de forma directa e indirecta.<\/p>\n<p>Este impuesto del 25% tiene un impacto directo en pa\u00edses que exportan sus veh\u00edculos a Estados Unidos. Pa\u00edses como Jap\u00f3n, M\u00e9xico, Alemania y Canad\u00e1 son los m\u00e1s afectados. M\u00e9xico export\u00f3, en el \u00faltimo a\u00f1o, un monto de 193 mmd en el sector automotriz (4 millones de unidades); m\u00e1s del 80% de este total fue a los EE. UU.<\/p>\n<p>Desde que se inform\u00f3 de estos aranceles, el 28 de marzo, la industria automotriz lo resinti\u00f3 duramente en sus valores burs\u00e1tiles. En EE. UU. fue donde las empresas sufrieron las mayores ca\u00eddas. General Motors se desplom\u00f3 un 7.36 %, representando una p\u00e9rdida de capitalizaci\u00f3n de 3 mil 743.41 millones de d\u00f3lares. GM es una de las 500 empresas m\u00e1s importantes en el mundo de valores burs\u00e1tiles. La Ford tambi\u00e9n tuvo p\u00e9rdidas por un valor de 548.86 millones de d\u00f3lares. Empresas de origen japon\u00e9s como Toyota, Nissan y Honda tuvieron p\u00e9rdidas del 3.7 al 3.1%.<\/p>\n<p>Las dos empresas norteamericanas (GM y Ford) son un buen ejemplo de c\u00f3mo su producci\u00f3n est\u00e1 \u00edntimamente vinculada entre los tres pa\u00edses de Am\u00e9rica del Norte. Sus autopartes cruzan varias veces -hasta 7 ocasiones- las fronteras para tener el producto terminado. Ford tiene 4 plantas en M\u00e9xico (2 de veh\u00edculos, 1 de motores y 1 de transmisores) y GM tiene 9 (3 de veh\u00edculos, 3 de motores y 3 de transmisores). Esto lo sabe muy bien el gobierno estadounidense, por eso, cuando anunci\u00f3 los aranceles al sector automotriz, a\u00f1adi\u00f3 que, para los pa\u00edses que est\u00e1n dentro del T-MEC, los autom\u00f3viles de empresas americanas no pagar\u00edan impuestos, s\u00f3lo sus componentes no americanos.<\/p>\n<p>Pero esto tampoco es muy alentador. De acuerdo con la Asociaci\u00f3n Mexicana de la Industria Automotriz (AMIA), el \u201c40 por ciento del valor de los autos que se exportan a Estados Unidos son componentes elaborados en ese pa\u00eds, por lo que el arancel se aplicar\u00e1 sobre el 60 por ciento restante. De esta forma el arancel anunciado ser\u00eda del 15 por ciento para los autos exportados desde M\u00e9xico\u201d.<\/p>\n<p>Empresas alemanas, como la Wolkswagen, BMW y Mercedes-Benz, que tienen empresas en M\u00e9xico y sus exportaciones no entran en el T-MEC, s\u00ed tendr\u00e1n que pagar el 25% de aranceles si sus autom\u00f3viles tienen como destino el vecino del norte. La presidenta, para tranquilizar a las empresas alemanas, ha dicho que en las negociaciones pedir\u00e1 que estas tambi\u00e9n se consideren dentro del T-MEC, para que sean menos los montos arancelarios. No va a tener mucha suerte.<\/p>\n<p>Algunos analistas en los EE. UU. han dicho que esta medida va a impactar de forma directa en el costo de los veh\u00edculos en los EE. UU. y podr\u00eda encarecerlos de entre 4 y 12 mil d\u00f3lares cada unidad.\u00a0<em>The Financial Times<\/em>\u00a0cree que esta medida tendr\u00e1 afectaciones en una docena de fabricantes de autom\u00f3viles y autopartes, que comparten operaciones.<\/p>\n<p>Incluso, un d\u00eda despu\u00e9s de que Trump dio a conocer su lista de aranceles,\u00a0<em>El Universal<\/em>\u00a0anunci\u00f3 que Stellantis, una de las gigantes en la producci\u00f3n de automotores, suspender\u00e1 su producci\u00f3n en una planta en Canad\u00e1 y otra en M\u00e9xico \u2014su f\u00e1brica en Toluca, que produce los Jeep Compass y Wagoneer SEV, parar\u00e1 sus actividades por dos meses\u2014. Su argumento es que por los aranceles se tiene que bajar la producci\u00f3n.<\/p>\n<p>Otras empresas de capital no estadounidense que trabajan con autopartes se est\u00e1n viendo afectadas. El desempleo comienza a sentirse en regiones como el corredor industrial de Tizayuca, donde las empresas automotrices recortan personal con los mismos argumentos que Stellantis.<\/p>\n<p>En\u00a0<em>La Jornada<\/em>\u00a0se ha anunciado que, en Tijuana, Baja California, \u201cAl menos 10 empresas aplazaron sus proyectos de ampliaci\u00f3n debido a la inestabilidad econ\u00f3mica de la entidad\u201d. En ese mismo estado se han reportado 17 mil puestos de trabajo menos, principalmente del sector manufacturero. Se reporta que las exportaciones han ca\u00eddo en un 30%. Todo esto desde la llegada de Trump.<\/p>\n<p>Se puede decir que los EE. UU. est\u00e1n poniendo atenci\u00f3n en M\u00e9xico y Canad\u00e1 para no afectar demasiado su econom\u00eda, pero no les importa lo que les pase a los trabajadores de otros pa\u00edses.<\/p>\n<h3><span style=\"color: #800000;\">La respuesta del gobierno mexicano<\/span><\/h3>\n<p>Antes de hablar del plan de gobierno para contrarrestar los efectos de los aranceles, quisi\u00e9ramos hacer una menci\u00f3n a la pat\u00e9tica actuaci\u00f3n de la derecha mexicana y su anhelo de que el imperialismo americano imponga los m\u00e1ximos aranceles posibles. Son los mismos que llaman a que EE. UU. intervenga militarmente en M\u00e9xico. Estos personajes representan a un sector desesperado por recuperar sus viejas glorias en el gobierno para seguir robando. Sin escr\u00fapulos, se rinden ante el imperialismo con tal de que les tire un hueso sobre su mesa. Ahora s\u00ed, podemos continuar.<\/p>\n<p>El gobierno mexicano guard\u00f3 silencio el 2 de abril y dijo que dar\u00eda una conferencia al d\u00eda siguiente para dar a conocer las acciones que tomar\u00eda para defender la econom\u00eda. La reuni\u00f3n fue en el Museo de Antropolog\u00eda, uno de los m\u00e1s grandes y bellos del pa\u00eds. Se reunieron pol\u00edticos, empresarios, dirigentes obreros a modo, ind\u00edgenas, medios de comunicaci\u00f3n y dem\u00e1s fauna de la far\u00e1ndula pol\u00edtica nacional. Varios medios de comunicaci\u00f3n hicieron hincapi\u00e9 en que muchos empresarios, otrora denominados la mafia del poder, estaban entusiasmados con el plan del gobierno. \u00bfC\u00f3mo no podr\u00edan estarlo? Una buena parte del plan es abrir las puertas a las inversiones mexicanas para negocios que no tienen pierde.<\/p>\n<p>Claudia Sheinbaum propuso 18 puntos de trabajo para fortalecer el Plan M\u00e9xico. Podemos puntualizarlos:<\/p>\n<p>Primero, ampliar la autosuficiencia alimentaria, promoviendo el incremento de productos agr\u00edcolas como el arroz, el frijol y la leche.<\/p>\n<p>Dos, ampliar la autosuficiencia energ\u00e9tica, aumentando la producci\u00f3n de gasolina, turbosina y gas natural. Iniciar 59 proyectos de inversi\u00f3n para fortalecer la red de transmisi\u00f3n y distribuci\u00f3n de energ\u00eda. Agilizar permisos para la creaci\u00f3n de energ\u00eda renovable (la empresa privada se frota las manos).<\/p>\n<p>En el tercer punto propone acelerar los proyectos de obras p\u00fablicas, como la red de ferrocarriles, renovaci\u00f3n de carreteras, creaci\u00f3n de viaductos, 37 proyectos estrat\u00e9gicos de agua \u2014que ser\u00e1n licitados\u2014 y renovaci\u00f3n y finalizaci\u00f3n de aeropuertos. Aqu\u00ed algunos proyectos ser\u00e1n pagados por parte del Estado, a privados, en otros compartir\u00e1n inversi\u00f3n y otros m\u00e1s simplemente se abrir\u00e1n para que la burgues\u00eda se aproveche.<\/p>\n<p>En el cuarto lugar, acelerar la construcci\u00f3n de vivienda y cr\u00e9ditos; se espera que al final del sexenio se creen un mill\u00f3n de viviendas nuevas.<\/p>\n<p>Quinto, fortalecer y fabricar para el consumo nacional, particularmente en el sector textil, calzado, muebles, acero y aluminio, semiconductores, bater\u00edas, fotovoltaicos, etc. Se dar\u00e1n incentivos para los que quieran invertir en todo ello.<\/p>\n<p>Sexto, fabricaci\u00f3n de autos para el consumo nacional, incentivando la investigaci\u00f3n y desarrollo de tecnolog\u00eda. Tambi\u00e9n estar\u00e1 a cargo del sector privado, con la ayuda del Estado.<\/p>\n<p>En el punto siete se propone aumentar la producci\u00f3n de la industria farmac\u00e9utica y de equipo m\u00e9dico.<\/p>\n<p>Octavo, aumento de la producci\u00f3n de la industria petroqu\u00edmica y de los fertilizantes. Estos proyectos se iniciar\u00e1n con recursos p\u00fablicos y privados.<\/p>\n<p>Noveno, aumentar las compras con contenido nacional; el gobierno se compromete a comprar producto nacional en un 65% del total de sus compras.<\/p>\n<p>D\u00e9cimo, aumentar la venta de productos nacionales en tiendas de autoservicio y departamentales.<\/p>\n<p>En el punto once se propone abrir una ventanilla \u00fanica para inversiones, la cual tendr\u00e1 un portafolio de las posibilidades de inversi\u00f3n; los tr\u00e1mites ser\u00e1n simplificados para acelerar la entrada de capitales.<\/p>\n<p>Doce, se licitar\u00e1n 15 polos de inversi\u00f3n en los diferentes Estados de la Rep\u00fablica, con beneficios fiscales de diferentes tipos.<\/p>\n<p>Trece, creaci\u00f3n de al menos 100 mil empleos a partir de bolsas de trabajo.<\/p>\n<p>Catorce, se crear\u00e1n programas para facilitar cr\u00e9ditos en la banca de desarrollo y la comercial, para las micro y peque\u00f1as empresas.<\/p>\n<p>El punto quince promete mayor inversi\u00f3n para investigaci\u00f3n y tecnolog\u00eda por parte del gobierno.<\/p>\n<p>Diecis\u00e9is, renovar las medidas antiinflacionarias y contra la carest\u00eda de la canasta b\u00e1sica.<\/p>\n<p>Diecisiete, mantener el aumento al salario m\u00ednimo hasta llegar a 2.5 canastas b\u00e1sicas, lo mismo que aumentar prestaciones sociales y laborales.<\/p>\n<p>Y, finalmente, garantizar y ampliar los programas sociales.<\/p>\n<p>Es claro lo que se busca con este plan. Por un lado, se busca crear empleo, sustituir importaciones y depender cada vez menos de productos de importaci\u00f3n. Se quiere dejar de depender del extranjero en la producci\u00f3n energ\u00e9tica y la manufacturera, adem\u00e1s de crear un plan de obras p\u00fablicas para fomentar la inversi\u00f3n, creaci\u00f3n de empleo y que no se detenga la econom\u00eda. Tambi\u00e9n, la asistencia social se mantiene y en lo posible se aumenta.<\/p>\n<p>Todo esto se escucha bien, incluso podr\u00edamos estar de acuerdo con una parte de ello, por ejemplo, aumentar el salario m\u00ednimo, la creaci\u00f3n de vivienda e infraestructura, impulsar el campo mexicano, mantener los programas sociales y que el empleo aumente. En ello no tenemos diferencias. El verdadero problema con el programa es que el gobierno piensa que s\u00f3lo se puede llevar adelante con la intervenci\u00f3n de la burgues\u00eda nacional. Est\u00e1 es una declaraci\u00f3n a doble banda, por un lado, reconoce que no tiene los recursos para echar adelante un plan tan ambicioso, y lo segundo es que su proyecto es para reforzar el capitalismo nacional, no para superarlo.<\/p>\n<p>Seg\u00fan la presidenta, los capitalistas mexicanos son unos patriotas y act\u00faan por el bien de la patria. Sin embargo, muchos de estos paracitos tampoco tuvieron problema cuando se privatizaron cientos de empresas, ni cuando los gobiernos de la derecha aplicaron los planes de ajuste salarial o llevaron adelante sus reformas o contrarreformas laborales. Todos estos se\u00f1oritos se beneficiaron de aquella pol\u00edtica, su riqueza viene de ah\u00ed, comenzando con la del pap\u00e1 de Altagracia G\u00f3mez, la flamante amiga de la presidenta. Ahora quieren sacar provecho de esta nueva situaci\u00f3n y le aplauden calurosamente al gobierno porque ahora la 4T les est\u00e1 brindando las posibilidades de incrementar sus ganancias.<\/p>\n<p>Claudia Sheinbaum, por supuesto, no tiene ninguna intenci\u00f3n de terminar con el capitalismo. Por el contrario, sus medidas est\u00e1n orientadas a mantenerlo e impulsarlo, siempre y cuando se porten bien los empresarios y tiren algo de migajas a la mesa de los trabajadores. Tiene la intenci\u00f3n de cuadrar el c\u00edrculo y de hacer que la contradicci\u00f3n fundamental del sistema capitalista desaparezca: la del capital-trabajo.<\/p>\n<p>La burgues\u00eda, no importa su nacionalidad, s\u00f3lo invierte donde hay posibilidades de obtener una ganancia, \u00e9ste es el ABC de la econom\u00eda burguesa. Querer ignorar esto es querer ocultar que las ganancias del capitalista est\u00e1n garantizadas sobre la base de la miseria de los trabajadores. Este gobierno tiene un buen plan, pero lo que quiere lograr con \u00e9l es desarrollar el sistema de opresi\u00f3n capitalismo, justo cuando todas las fuerzas externas se encaminan a la crisis y la destrucci\u00f3n.<\/p>\n<p>Algunos de estos planteamientos tendr\u00e1n resultados y algunos otros ser\u00e1n boicoteados por la propia burgues\u00eda, aprovech\u00e1ndolos para dinamitar el proyecto reformista del actual gobierno. Otra parte del pan s\u00f3lo quedar\u00e1 en promesas.<\/p>\n<p>Algunos analistas ya hablan de que el pa\u00eds est\u00e1 t\u00e9cnicamente en recesi\u00f3n. Las remesas est\u00e1n perdiendo fuerza y los aranceles meter\u00e1n mucha presi\u00f3n a la econom\u00eda nacional. EE. UU. est\u00e1 presionando para que la negociaci\u00f3n del T-MEC sea este a\u00f1o y, por lo que ha dicho Trump, su intenci\u00f3n es reventarlo; si acaso, mantener un tratado comercial que le sea 90% favorable a los EE. UU. El gobierno mira optimista el porvenir, pero por ahora s\u00f3lo hay nubes negras bajo el capitalismo.<\/p>\n<h4>\u00bfQu\u00e9 defendemos los comunistas?<\/h4>\n<p>Como lo hemos dicho en otros art\u00edculos, los comunistas nos oponemos a los ataques del imperialismo americano contra el pa\u00eds. No estamos de acuerdo en que la medida contra la crisis del capitalismo sea el nacionalismo econ\u00f3mico o proteccionismo. Esto s\u00f3lo precipitar\u00e1 la crisis econ\u00f3mica y todas las consecuencias que traer\u00e1 para los trabajadores a nivel mundial ser\u00e1n duras.<\/p>\n<p>Pensamos que deslindar la integraci\u00f3n econ\u00f3mica internacional es reaccionario. Sin embargo, tambi\u00e9n decimos que esa integraci\u00f3n, bajo el capitalismo, toma connotaciones de subordinaci\u00f3n y dominio del imperialismo sobre M\u00e9xico. Esta contradicci\u00f3n s\u00f3lo se puede resolver sobre la l\u00f3gica de terminar con el capitalismo. En una econom\u00eda planificada e integrada por los tres pa\u00edses de Norteam\u00e9rica y de Am\u00e9rica Latina, ser\u00edan un motor fabuloso sobre el cual se podr\u00eda levantar una sociedad totalmente diferente, sin necesidades, pobreza ni violencia. Para que esto suceda debemos arrancar el capital de las manos privadas y utilizar esos recursos para superar las carencias de la humanidad.<\/p>\n<p>Ahora mismo nuestras consignas son muy concretas: todas las empresas que quieran cerrar deber\u00e1n ser tomadas por los trabajadores y reconvertidas para producir lo que la gente necesite. No debemos permitir los despidos y los paros patronales, esto significa pagar la crisis que la burgues\u00eda y el imperialismo ha provocado.<\/p>\n<p>Debemos organizarnos entre los trabajadores, la juventud, las mujeres de la clase obrera y los campesinos pobres para luchar contra los abusos de la burgues\u00eda nacional, la cual es violenta, rapaz y racista. Al tiempo que luchamos contra el imperialismo, tambi\u00e9n debemos de luchar contra la burgues\u00eda nacional, que quiera sacar provecho de toda la situaci\u00f3n actual.<\/p>\n<p>La unidad y la lucha de clase obrera a nivel internacional pueden buscar una soluci\u00f3n definitiva a este callej\u00f3n sin salida que representa el capitalismo.<\/p>\n","protected":false},"excerpt":{"rendered":"<p>Trump hab\u00eda anunciado que el 2 de abril ser\u00eda el \u201cd\u00eda de la liberaci\u00f3n\u201d para los EE. UU., asegurando, con esto, que por muchos a\u00f1os los diferentes gobiernos del mundo se habr\u00edan aprovechado de su pa\u00eds al tener m\u00e1s exportaciones a EE. UU. que \u00e9ste a sus pa\u00edses, caus\u00e1ndole una balanza comercial desfavorable. Con un&#8230;<\/p>\n","protected":false},"author":28,"featured_media":14604,"comment_status":"open","ping_status":"open","sticky":false,"template":"","format":"standard","meta":{"_monsterinsights_skip_tracking":false,"_monsterinsights_sitenote_active":false,"_monsterinsights_sitenote_note":"","_monsterinsights_sitenote_category":0,"_uf_show_specific_survey":0,"_uf_disable_surveys":false,"_jetpack_memberships_contains_paid_content":false,"footnotes":""},"categories":[4,30,29],"tags":[2225,2241,301,169],"class_list":["post-14603","post","type-post","status-publish","format-standard","has-post-thumbnail","hentry","category-economia","category-estados-unidos","category-mexico","tag-aranceles","tag-donal-trump","tag-mexico","tag-trump"],"aioseo_notices":[],"yoast_head":"<!-- This site is optimized with the Yoast SEO plugin v25.6 - https:\/\/yoast.com\/wordpress\/plugins\/seo\/ -->\n<title>El d\u00eda de la libertad y la locura capitalista, el caso mexicano<\/title>\n<meta name=\"robots\" content=\"index, follow, max-snippet:-1, max-image-preview:large, max-video-preview:-1\" \/>\n<link rel=\"canonical\" href=\"https:\/\/elcomunista.org\/?p=14603\" \/>\n<meta property=\"og:locale\" content=\"es_ES\" \/>\n<meta property=\"og:type\" content=\"article\" \/>\n<meta property=\"og:title\" content=\"El d\u00eda de la libertad y la locura capitalista, el caso mexicano\" \/>\n<meta property=\"og:description\" content=\"Trump hab\u00eda anunciado que el 2 de abril ser\u00eda el \u201cd\u00eda de la liberaci\u00f3n\u201d para los EE. UU., asegurando, con esto, que por muchos a\u00f1os los diferentes gobiernos del mundo se habr\u00edan aprovechado de su pa\u00eds al tener m\u00e1s exportaciones a EE. UU. que \u00e9ste a sus pa\u00edses, caus\u00e1ndole una balanza comercial desfavorable. Con un...\" \/>\n<meta property=\"og:url\" content=\"https:\/\/elcomunista.org\/?p=14603\" \/>\n<meta property=\"og:site_name\" content=\"Revoluci\u00f3n Comunista\" \/>\n<meta property=\"article:publisher\" content=\"https:\/\/www.facebook.com\/Bloquepopularjuvenil\" \/>\n<meta property=\"article:published_time\" content=\"2025-04-15T16:07:37+00:00\" \/>\n<meta property=\"og:image\" content=\"https:\/\/elcomunista.org\/wp-content\/uploads\/2025\/04\/aduana-2048x1176-1-1140x570-1.jpg\" \/>\n\t<meta property=\"og:image:width\" content=\"1140\" \/>\n\t<meta property=\"og:image:height\" content=\"570\" \/>\n\t<meta property=\"og:image:type\" content=\"image\/jpeg\" \/>\n<meta name=\"author\" content=\"Ubaldo Oropeza\" \/>\n<meta name=\"twitter:card\" content=\"summary_large_image\" \/>\n<meta name=\"twitter:creator\" content=\"@ElBPJ\" \/>\n<meta name=\"twitter:site\" content=\"@ElBPJ\" \/>\n<meta name=\"twitter:label1\" content=\"Escrito por\" \/>\n\t<meta name=\"twitter:data1\" content=\"Ubaldo Oropeza\" \/>\n\t<meta name=\"twitter:label2\" content=\"Tiempo de lectura\" \/>\n\t<meta name=\"twitter:data2\" content=\"17 minutos\" \/>\n<script type=\"application\/ld+json\" class=\"yoast-schema-graph\">{\"@context\":\"https:\/\/schema.org\",\"@graph\":[{\"@type\":\"Article\",\"@id\":\"https:\/\/elcomunista.org\/?p=14603#article\",\"isPartOf\":{\"@id\":\"https:\/\/elcomunista.org\/?p=14603\"},\"author\":{\"name\":\"Ubaldo Oropeza\",\"@id\":\"https:\/\/elcomunista.org\/#\/schema\/person\/b24673dd3791cfe9c617d9f6b8c667ca\"},\"headline\":\"El d\u00eda de la libertad y la locura capitalista, el caso mexicano\",\"datePublished\":\"2025-04-15T16:07:37+00:00\",\"mainEntityOfPage\":{\"@id\":\"https:\/\/elcomunista.org\/?p=14603\"},\"wordCount\":3752,\"commentCount\":0,\"publisher\":{\"@id\":\"https:\/\/elcomunista.org\/#organization\"},\"image\":{\"@id\":\"https:\/\/elcomunista.org\/?p=14603#primaryimage\"},\"thumbnailUrl\":\"https:\/\/elcomunista.org\/wp-content\/uploads\/2025\/04\/aduana-2048x1176-1-1140x570-1.jpg\",\"keywords\":[\"aranceles\",\"DONAL TRUMP\",\"M\u00e9xico\",\"Trump\"],\"articleSection\":[\"Econom\u00eda\",\"Estados Unidos\",\"M\u00e9xico\"],\"inLanguage\":\"es\",\"potentialAction\":[{\"@type\":\"CommentAction\",\"name\":\"Comment\",\"target\":[\"https:\/\/elcomunista.org\/?p=14603#respond\"]}]},{\"@type\":\"WebPage\",\"@id\":\"https:\/\/elcomunista.org\/?p=14603\",\"url\":\"https:\/\/elcomunista.org\/?p=14603\",\"name\":\"El d\u00eda de la libertad y la locura capitalista, el caso mexicano\",\"isPartOf\":{\"@id\":\"https:\/\/elcomunista.org\/#website\"},\"primaryImageOfPage\":{\"@id\":\"https:\/\/elcomunista.org\/?p=14603#primaryimage\"},\"image\":{\"@id\":\"https:\/\/elcomunista.org\/?p=14603#primaryimage\"},\"thumbnailUrl\":\"https:\/\/elcomunista.org\/wp-content\/uploads\/2025\/04\/aduana-2048x1176-1-1140x570-1.jpg\",\"datePublished\":\"2025-04-15T16:07:37+00:00\",\"breadcrumb\":{\"@id\":\"https:\/\/elcomunista.org\/?p=14603#breadcrumb\"},\"inLanguage\":\"es\",\"potentialAction\":[{\"@type\":\"ReadAction\",\"target\":[\"https:\/\/elcomunista.org\/?p=14603\"]}]},{\"@type\":\"ImageObject\",\"inLanguage\":\"es\",\"@id\":\"https:\/\/elcomunista.org\/?p=14603#primaryimage\",\"url\":\"https:\/\/elcomunista.org\/wp-content\/uploads\/2025\/04\/aduana-2048x1176-1-1140x570-1.jpg\",\"contentUrl\":\"https:\/\/elcomunista.org\/wp-content\/uploads\/2025\/04\/aduana-2048x1176-1-1140x570-1.jpg\",\"width\":1140,\"height\":570},{\"@type\":\"BreadcrumbList\",\"@id\":\"https:\/\/elcomunista.org\/?p=14603#breadcrumb\",\"itemListElement\":[{\"@type\":\"ListItem\",\"position\":1,\"name\":\"Portada\",\"item\":\"https:\/\/elcomunista.org\/\"},{\"@type\":\"ListItem\",\"position\":2,\"name\":\"El d\u00eda de la libertad y la locura capitalista, el caso mexicano\"}]},{\"@type\":\"WebSite\",\"@id\":\"https:\/\/elcomunista.org\/#website\",\"url\":\"https:\/\/elcomunista.org\/\",\"name\":\"Revoluci\u00f3n Comunista\",\"description\":\"Internacional Comunista Revolucionaria\",\"publisher\":{\"@id\":\"https:\/\/elcomunista.org\/#organization\"},\"potentialAction\":[{\"@type\":\"SearchAction\",\"target\":{\"@type\":\"EntryPoint\",\"urlTemplate\":\"https:\/\/elcomunista.org\/?s={search_term_string}\"},\"query-input\":{\"@type\":\"PropertyValueSpecification\",\"valueRequired\":true,\"valueName\":\"search_term_string\"}}],\"inLanguage\":\"es\"},{\"@type\":\"Organization\",\"@id\":\"https:\/\/elcomunista.org\/#organization\",\"name\":\"Bloque Popular Juvenil\",\"url\":\"https:\/\/elcomunista.org\/\",\"logo\":{\"@type\":\"ImageObject\",\"inLanguage\":\"es\",\"@id\":\"https:\/\/elcomunista.org\/#\/schema\/logo\/image\/\",\"url\":\"https:\/\/bloquepopularjuvenil.org\/wp-content\/uploads\/2018\/11\/bpj-militante.jpg\",\"contentUrl\":\"https:\/\/bloquepopularjuvenil.org\/wp-content\/uploads\/2018\/11\/bpj-militante.jpg\",\"width\":4000,\"height\":1390,\"caption\":\"Bloque Popular Juvenil\"},\"image\":{\"@id\":\"https:\/\/elcomunista.org\/#\/schema\/logo\/image\/\"},\"sameAs\":[\"https:\/\/www.facebook.com\/Bloquepopularjuvenil\",\"https:\/\/x.com\/ElBPJ\",\"https:\/\/www.instagram.com\/elbloque_bpj\/?hl=es-la\"]},{\"@type\":\"Person\",\"@id\":\"https:\/\/elcomunista.org\/#\/schema\/person\/b24673dd3791cfe9c617d9f6b8c667ca\",\"name\":\"Ubaldo Oropeza\",\"image\":{\"@type\":\"ImageObject\",\"inLanguage\":\"es\",\"@id\":\"https:\/\/elcomunista.org\/#\/schema\/person\/image\/\",\"url\":\"https:\/\/secure.gravatar.com\/avatar\/abf1dc0fe733adf1e4a22913596961a1?s=96&d=mm&r=g\",\"contentUrl\":\"https:\/\/secure.gravatar.com\/avatar\/abf1dc0fe733adf1e4a22913596961a1?s=96&d=mm&r=g\",\"caption\":\"Ubaldo Oropeza\"},\"url\":\"https:\/\/elcomunista.org\/?author=28\"}]}<\/script>\n<!-- \/ Yoast SEO plugin. -->","yoast_head_json":{"title":"El d\u00eda de la libertad y la locura capitalista, el caso mexicano","robots":{"index":"index","follow":"follow","max-snippet":"max-snippet:-1","max-image-preview":"max-image-preview:large","max-video-preview":"max-video-preview:-1"},"canonical":"https:\/\/elcomunista.org\/?p=14603","og_locale":"es_ES","og_type":"article","og_title":"El d\u00eda de la libertad y la locura capitalista, el caso mexicano","og_description":"Trump hab\u00eda anunciado que el 2 de abril ser\u00eda el \u201cd\u00eda de la liberaci\u00f3n\u201d para los EE. UU., asegurando, con esto, que por muchos a\u00f1os los diferentes gobiernos del mundo se habr\u00edan aprovechado de su pa\u00eds al tener m\u00e1s exportaciones a EE. UU. que \u00e9ste a sus pa\u00edses, caus\u00e1ndole una balanza comercial desfavorable. Con un...","og_url":"https:\/\/elcomunista.org\/?p=14603","og_site_name":"Revoluci\u00f3n Comunista","article_publisher":"https:\/\/www.facebook.com\/Bloquepopularjuvenil","article_published_time":"2025-04-15T16:07:37+00:00","og_image":[{"width":1140,"height":570,"url":"https:\/\/elcomunista.org\/wp-content\/uploads\/2025\/04\/aduana-2048x1176-1-1140x570-1.jpg","type":"image\/jpeg"}],"author":"Ubaldo Oropeza","twitter_card":"summary_large_image","twitter_creator":"@ElBPJ","twitter_site":"@ElBPJ","twitter_misc":{"Escrito por":"Ubaldo Oropeza","Tiempo de lectura":"17 minutos"},"schema":{"@context":"https:\/\/schema.org","@graph":[{"@type":"Article","@id":"https:\/\/elcomunista.org\/?p=14603#article","isPartOf":{"@id":"https:\/\/elcomunista.org\/?p=14603"},"author":{"name":"Ubaldo Oropeza","@id":"https:\/\/elcomunista.org\/#\/schema\/person\/b24673dd3791cfe9c617d9f6b8c667ca"},"headline":"El d\u00eda de la libertad y la locura capitalista, el caso mexicano","datePublished":"2025-04-15T16:07:37+00:00","mainEntityOfPage":{"@id":"https:\/\/elcomunista.org\/?p=14603"},"wordCount":3752,"commentCount":0,"publisher":{"@id":"https:\/\/elcomunista.org\/#organization"},"image":{"@id":"https:\/\/elcomunista.org\/?p=14603#primaryimage"},"thumbnailUrl":"https:\/\/elcomunista.org\/wp-content\/uploads\/2025\/04\/aduana-2048x1176-1-1140x570-1.jpg","keywords":["aranceles","DONAL TRUMP","M\u00e9xico","Trump"],"articleSection":["Econom\u00eda","Estados Unidos","M\u00e9xico"],"inLanguage":"es","potentialAction":[{"@type":"CommentAction","name":"Comment","target":["https:\/\/elcomunista.org\/?p=14603#respond"]}]},{"@type":"WebPage","@id":"https:\/\/elcomunista.org\/?p=14603","url":"https:\/\/elcomunista.org\/?p=14603","name":"El d\u00eda de la libertad y la locura capitalista, el caso mexicano","isPartOf":{"@id":"https:\/\/elcomunista.org\/#website"},"primaryImageOfPage":{"@id":"https:\/\/elcomunista.org\/?p=14603#primaryimage"},"image":{"@id":"https:\/\/elcomunista.org\/?p=14603#primaryimage"},"thumbnailUrl":"https:\/\/elcomunista.org\/wp-content\/uploads\/2025\/04\/aduana-2048x1176-1-1140x570-1.jpg","datePublished":"2025-04-15T16:07:37+00:00","breadcrumb":{"@id":"https:\/\/elcomunista.org\/?p=14603#breadcrumb"},"inLanguage":"es","potentialAction":[{"@type":"ReadAction","target":["https:\/\/elcomunista.org\/?p=14603"]}]},{"@type":"ImageObject","inLanguage":"es","@id":"https:\/\/elcomunista.org\/?p=14603#primaryimage","url":"https:\/\/elcomunista.org\/wp-content\/uploads\/2025\/04\/aduana-2048x1176-1-1140x570-1.jpg","contentUrl":"https:\/\/elcomunista.org\/wp-content\/uploads\/2025\/04\/aduana-2048x1176-1-1140x570-1.jpg","width":1140,"height":570},{"@type":"BreadcrumbList","@id":"https:\/\/elcomunista.org\/?p=14603#breadcrumb","itemListElement":[{"@type":"ListItem","position":1,"name":"Portada","item":"https:\/\/elcomunista.org\/"},{"@type":"ListItem","position":2,"name":"El d\u00eda de la libertad y la locura capitalista, el caso mexicano"}]},{"@type":"WebSite","@id":"https:\/\/elcomunista.org\/#website","url":"https:\/\/elcomunista.org\/","name":"Revoluci\u00f3n Comunista","description":"Internacional Comunista Revolucionaria","publisher":{"@id":"https:\/\/elcomunista.org\/#organization"},"potentialAction":[{"@type":"SearchAction","target":{"@type":"EntryPoint","urlTemplate":"https:\/\/elcomunista.org\/?s={search_term_string}"},"query-input":{"@type":"PropertyValueSpecification","valueRequired":true,"valueName":"search_term_string"}}],"inLanguage":"es"},{"@type":"Organization","@id":"https:\/\/elcomunista.org\/#organization","name":"Bloque Popular Juvenil","url":"https:\/\/elcomunista.org\/","logo":{"@type":"ImageObject","inLanguage":"es","@id":"https:\/\/elcomunista.org\/#\/schema\/logo\/image\/","url":"https:\/\/bloquepopularjuvenil.org\/wp-content\/uploads\/2018\/11\/bpj-militante.jpg","contentUrl":"https:\/\/bloquepopularjuvenil.org\/wp-content\/uploads\/2018\/11\/bpj-militante.jpg","width":4000,"height":1390,"caption":"Bloque Popular Juvenil"},"image":{"@id":"https:\/\/elcomunista.org\/#\/schema\/logo\/image\/"},"sameAs":["https:\/\/www.facebook.com\/Bloquepopularjuvenil","https:\/\/x.com\/ElBPJ","https:\/\/www.instagram.com\/elbloque_bpj\/?hl=es-la"]},{"@type":"Person","@id":"https:\/\/elcomunista.org\/#\/schema\/person\/b24673dd3791cfe9c617d9f6b8c667ca","name":"Ubaldo Oropeza","image":{"@type":"ImageObject","inLanguage":"es","@id":"https:\/\/elcomunista.org\/#\/schema\/person\/image\/","url":"https:\/\/secure.gravatar.com\/avatar\/abf1dc0fe733adf1e4a22913596961a1?s=96&d=mm&r=g","contentUrl":"https:\/\/secure.gravatar.com\/avatar\/abf1dc0fe733adf1e4a22913596961a1?s=96&d=mm&r=g","caption":"Ubaldo Oropeza"},"url":"https:\/\/elcomunista.org\/?author=28"}]}},"jetpack_featured_media_url":"https:\/\/elcomunista.org\/wp-content\/uploads\/2025\/04\/aduana-2048x1176-1-1140x570-1.jpg","jetpack_likes_enabled":true,"jetpack_sharing_enabled":true,"_links":{"self":[{"href":"https:\/\/elcomunista.org\/index.php?rest_route=\/wp\/v2\/posts\/14603"}],"collection":[{"href":"https:\/\/elcomunista.org\/index.php?rest_route=\/wp\/v2\/posts"}],"about":[{"href":"https:\/\/elcomunista.org\/index.php?rest_route=\/wp\/v2\/types\/post"}],"author":[{"embeddable":true,"href":"https:\/\/elcomunista.org\/index.php?rest_route=\/wp\/v2\/users\/28"}],"replies":[{"embeddable":true,"href":"https:\/\/elcomunista.org\/index.php?rest_route=%2Fwp%2Fv2%2Fcomments&post=14603"}],"version-history":[{"count":1,"href":"https:\/\/elcomunista.org\/index.php?rest_route=\/wp\/v2\/posts\/14603\/revisions"}],"predecessor-version":[{"id":14605,"href":"https:\/\/elcomunista.org\/index.php?rest_route=\/wp\/v2\/posts\/14603\/revisions\/14605"}],"wp:featuredmedia":[{"embeddable":true,"href":"https:\/\/elcomunista.org\/index.php?rest_route=\/wp\/v2\/media\/14604"}],"wp:attachment":[{"href":"https:\/\/elcomunista.org\/index.php?rest_route=%2Fwp%2Fv2%2Fmedia&parent=14603"}],"wp:term":[{"taxonomy":"category","embeddable":true,"href":"https:\/\/elcomunista.org\/index.php?rest_route=%2Fwp%2Fv2%2Fcategories&post=14603"},{"taxonomy":"post_tag","embeddable":true,"href":"https:\/\/elcomunista.org\/index.php?rest_route=%2Fwp%2Fv2%2Ftags&post=14603"}],"curies":[{"name":"wp","href":"https:\/\/api.w.org\/{rel}","templated":true}]}}