{"id":14642,"date":"2025-05-08T20:00:51","date_gmt":"2025-05-09T02:00:51","guid":{"rendered":"https:\/\/elcomunista.org\/?p=14642"},"modified":"2025-05-08T20:03:12","modified_gmt":"2025-05-09T02:03:12","slug":"primero-de-mayo-de-2025-se-levantaran-las-horcas-contra-el-capitalismo","status":"publish","type":"post","link":"https:\/\/elcomunista.org\/?p=14642","title":{"rendered":"Primero de Mayo de 2025: \u00abse levantar\u00e1n las horcas contra el capitalismo\u00bb"},"content":{"rendered":"<p>El a\u00f1o 2025 se est\u00e1 convirtiendo en un a\u00f1o decisivo. Lo que antes parec\u00eda fijo y estable ahora se est\u00e1 desmoronando y en constante cambio. Millones de trabajadores y j\u00f3venes buscan comprender por qu\u00e9. Solo los comunistas revolucionarios tienen respuestas claras. En las protestas del D\u00eda Internacional de los Trabajadores de este a\u00f1o, el 1\u00ba de mayo, intervenimos con estas respuestas en mayor n\u00famero que nunca. Incluimos aqu\u00ed una selecci\u00f3n de informes que muestran c\u00f3mo los comunistas revolucionarios est\u00e1n empezando a llamar la atenci\u00f3n de un n\u00famero cada vez mayor de trabajadores y j\u00f3venes radicalizados.<\/p>\n<p>1914, 1945, 1989, 2008 y ahora el a\u00f1o 2025: son a\u00f1os que ser\u00e1n recordados como momentos que marcan un \u00abantes y un despu\u00e9s\u00bb en la historia del capitalismo. A medida que el sistema llega a un callej\u00f3n sin salida, el mundo se precipita hacia guerras comerciales, militarizaci\u00f3n, guerra y crisis.<\/p>\n<p>El estado de \u00e1nimo entre la clase dominante es, en todas partes, de un pesimismo desolador. Est\u00e1n desesperados no solo porque est\u00e1n en bancarrota econ\u00f3mica, sino porque est\u00e1n en bancarrota pol\u00edtica. Su r\u00e9gimen, sus partidos, son cada vez m\u00e1s odiados por millones de personas. La propia democracia burguesa est\u00e1 cada vez m\u00e1s en crisis.<\/p>\n<p>Muchos de los llamados \u00abizquierdistas\u00bb se dan por vencidos con desesperaci\u00f3n porque gran parte de la ira que se acumula en la clase trabajadora ha sido captada y expresada temporalmente por demagogos de derecha. Se desesperan por un \u00abgiro a la derecha\u00bb de la clase obrera. No existe tal cosa. El resurgimiento de lo que se denomina \u00abextrema derecha\u00bb es en s\u00ed mismo una expresi\u00f3n distorsionada de la enorme ira que bulle en la sociedad, una expresi\u00f3n distorsionada que s\u00f3lo es posible porque las propias \u00abizquierdas\u00bb han fracasado estrepitosamente a la hora de darle voz.<\/p>\n<p>Pero hay otra cara de la moneda: millones de personas m\u00e1s han dado la espalda a todos los partidos de la clase dominante, y existe un anhelo entre una capa creciente de j\u00f3venes por una alternativa real y revolucionaria. En un pa\u00eds tras otro, donde la RCI inscribi\u00f3 a cientos de nuevos miembros potenciales el 1 de mayo, los informes que figuran a continuaci\u00f3n lo confirman.<\/p>\n<p>En el per\u00edodo que se avecina, podemos esperar violentos cambios del p\u00e9ndulo pol\u00edtico hacia la derecha y hacia la izquierda. Los comunistas estamos trabajando con paciencia y energ\u00eda para reunir, organizar, formar y educar a esta capa que ya est\u00e1 buscando el comunismo revolucionario, para que en el futuro podamos dar una verdadera direcci\u00f3n a la clase obrera y una expresi\u00f3n genuina a la ira que siente.<\/p>\n<p>En el congreso celebrado este fin de semana por el Partido Comunista Revolucionario (RCP), la secci\u00f3n brit\u00e1nica de la ICR, el secretario pol\u00edtico del RCP, Rob Sewell, cit\u00f3 las interesantes palabras de un estratega del capitalismo brit\u00e1nico que, <span style=\"color: #800000;\"><a style=\"color: #800000;\" href=\"https:\/\/www.ft.com\/content\/de643f89-5be8-4344-81ac-78c7026e9bfe\" target=\"_blank\" rel=\"nofollow noopener\">en un editorial de 2020<\/a><\/span> del <em>Financial Times<\/em>, dijo lo siguiente:<\/p>\n<blockquote><p><span style=\"color: #800000;\"><em>\u00abDesde la crisis financiera mundial, este sentimiento de traici\u00f3n ha alimentado una reacci\u00f3n pol\u00edtica contra la globalizaci\u00f3n y las instituciones de la democracia liberal. El populismo de derecha puede prosperar con esta reacci\u00f3n, dejando intactos los mercados capitalistas. Pero como no puede cumplir sus promesas a los econ\u00f3micamente frustrados, es solo cuesti\u00f3n de tiempo que se levanten las horcas contra el capitalismo mismo y contra la riqueza de quienes se benefician de \u00e9l\u00bb.<\/em><\/span><\/p><\/blockquote>\n<p>Los estrategas m\u00e1s astutos del capital ven claramente lo que nosotros vemos: bajo la superficie, los acontecimientos est\u00e1n preparando un giro radical hacia la izquierda. \u00abEs solo cuesti\u00f3n de tiempo que se levanten las horcas contra el propio capitalismo\u00bb. Estamos de acuerdo y nos estamos preparando para ello organizando ahora las fuerzas del comunismo.<\/p>\n<p>Haz clic a continuaci\u00f3n para leer los informes sobre d\u00f3nde y c\u00f3mo las secciones de la Internacional Comunista Revolucionaria estuvieron presentes y crecieron en las manifestaciones de todo el mundo el Primero de Mayo de 2025. Y luego:<span style=\"color: #800000;\"> <a style=\"color: #800000;\" href=\"https:\/\/marxist.com\/join-us.htm\" target=\"_blank\" rel=\"noopener\">\u00fanete a nosotros y haz que 2025 sea el a\u00f1o en que te organices en la lucha para derrocar el capitalismo.<\/a><\/span><\/p>\n<hr \/>\n<h2><strong><span style=\"font-family: 'trebuchet ms', geneva, sans-serif; color: #800000;\">Austria<\/span><\/strong><\/h2>\n<p>El Primero de Mayo de este a\u00f1o llega en medio de la mayor campa\u00f1a de militarizaci\u00f3n en Europa desde la Segunda Guerra Mundial. El gobierno austriaco, formado por conservadores, los neoliberales NEOS y la socialdemocracia (SP\u00d6), est\u00e1 planeando un paquete de austeridad de miles de millones.<\/p>\n<p>El PCR particip\u00f3 en 19 manifestaciones y actos el 1 de mayo en todo el pa\u00eds, difundiendo el optimismo revolucionario.<\/p>\n<p>\u00ab\u00a1Educaci\u00f3n, no bombas! \u00a1Organ\u00edzate para las pr\u00f3ximas luchas de clases!\u00bb. Este fue el mensaje que nuestros candidatos a las pr\u00f3ximas elecciones estudiantiles transmitieron en varios discursos en nuestros actos.<\/p>\n<p>Vendimos 929 ejemplares del peri\u00f3dico y 1.300 euros en literatura. En total, recaudamos 1.800 euros m\u00e1s que el a\u00f1o pasado. El dinero recaudado se utilizar\u00e1 para financiar nuestro seminario revolucionario anual de Pentecost\u00e9s, as\u00ed como la gira de conferencias de una compa\u00f1era yugoslavo que est\u00e1 visitando varias grandes universidades esta semana.<\/p>\n<p>Nuestra creciente fuerza pol\u00edtica tambi\u00e9n se puso de manifiesto en el hecho de que, en comparaci\u00f3n con el a\u00f1o pasado, estuvimos presentes en dos nuevas regiones, Klagenfurt y Salzburgo, adem\u00e1s de Viena, Graz, Linz, Innsbruck, St. P\u00f6lten y Bregenz. En esta \u00faltima, tambi\u00e9n organizamos nuestra propia manifestaci\u00f3n.<\/p>\n<table class=\" aligncenter\" style=\"width: 100%; border-collapse: collapse;\">\n<tbody>\n<tr>\n<td style=\"width: 100%;\"><img loading=\"lazy\" decoding=\"async\" class=\" wp-image-14645 aligncenter\" src=\"https:\/\/elcomunista.org\/wp-content\/uploads\/2025\/05\/austria-300x179.jpg\" alt=\"\" width=\"1332\" height=\"795\" srcset=\"https:\/\/elcomunista.org\/wp-content\/uploads\/2025\/05\/austria-300x179.jpg 300w, https:\/\/elcomunista.org\/wp-content\/uploads\/2025\/05\/austria-768x459.jpg 768w, https:\/\/elcomunista.org\/wp-content\/uploads\/2025\/05\/austria-600x359.jpg 600w, https:\/\/elcomunista.org\/wp-content\/uploads\/2025\/05\/austria.jpg 1000w\" sizes=\"(max-width: 1332px) 100vw, 1332px\" \/><\/td>\n<\/tr>\n<\/tbody>\n<\/table>\n<p>&nbsp;<\/p>\n<p>En Estiria, una regi\u00f3n del sur donde hemos pasado de una a seis secciones en el \u00faltimo a\u00f1o y medio, celebramos nuestro primer festival callejero. El festival callejero que organizamos en Viena fue un gran \u00e9xito y a\u00fan mayor que el del a\u00f1o pasado.<\/p>\n<p>Nuestro optimismo revolucionario y nuestra determinaci\u00f3n contrastan radicalmente con el estado de \u00e1nimo general que alimenta todo el establishment pol\u00edtico.<\/p>\n<p>Para evitar que surgiera cualquier tipo de descontento, todo el establishment ha esperado a anunciar los detalles del paquete de medidas de austeridad hasta despu\u00e9s de las importantes elecciones de Viena del 27 de abril y del Primero de Mayo. Por su parte, el SP\u00d6 intent\u00f3 despolitizar el ambiente y, literalmente, ahogarlo en cerveza gratis en la manifestaci\u00f3n del Primero de Mayo en Viena.<\/p>\n<p>Sin embargo, justo antes del Primero de Mayo, sopl\u00f3 un aire fresco de lucha de clases en Austria con las protestas que recibieron a los maratonistas serbios, embajadores del enorme movimiento revolucionario que se est\u00e1 desarrollando all\u00ed. Llegaron a Graz el 28 de abril y a Viena el 30 de abril.<\/p>\n<p>Los organizadores en Viena invitaron vergonzosamente al ministro de Asuntos Exteriores austriaco, \u00a1el mayor fan\u00e1tico de la OTAN!, a pronunciar un discurso, al tiempo que prohib\u00edan las banderas yugoslavas y la distribuci\u00f3n de material pol\u00edtico. Sin embargo, el verdadero estado de \u00e1nimo de los participantes qued\u00f3 patente por el hecho de que pudimos vender 55 peri\u00f3dicos comunistas.<\/p>\n<p>Tras esta entusiasta intervenci\u00f3n del Primero de Mayo, nos estamos preparando para la fase final de nuestra campa\u00f1a en las elecciones estudiantiles que se est\u00e1n celebrando.<\/p>\n<h2><span style=\"color: #800000; font-family: 'trebuchet ms', geneva, sans-serif;\"><strong>Canad\u00e1<\/strong><\/span><\/h2>\n<p>El 1 de mayo de 2025 se celebr\u00f3 en Canad\u00e1 bajo la sombra de una inminente guerra comercial con Estados Unidos. Esto representa una crisis existencial para el capitalismo canadiense. Las empresas ya han comenzado a recortar puestos de trabajo para descargar esta crisis sobre las espaldas de los trabajadores, y el reci\u00e9n elegido gobierno de Carney planea aplicar medidas de austeridad.<\/p>\n<p>En Quebec existe una fuerte tradici\u00f3n de manifestaciones del Primero de Mayo, y este a\u00f1o los comunistas participaron con toda su fuerza. En Montreal, organizamos un contingente de m\u00e1s de 100 compa\u00f1eros, lo que nos convirti\u00f3 en una de las tendencias organizadas m\u00e1s grandes, si no la m\u00e1s grande, de la ciudad. \u00daltimamente, el movimiento sindical en Quebec se ha visto sacudido por el intento del gobierno provincial de la CAQ de restringir severamente el derecho a la huelga, lo que se reflej\u00f3 en la mayor participaci\u00f3n en varios a\u00f1os. Tambi\u00e9n hubo manifestaciones m\u00e1s peque\u00f1as en la ciudad de Quebec y Ottawa, a las que tambi\u00e9n asistimos.<\/p>\n<p>A pesar del \u00e1nimo combativo, todos los principales sindicatos han ca\u00eddo en la ret\u00f3rica nacionalista de la clase dominante, aceptando la l\u00f3gica de la colaboraci\u00f3n de clases frente a la guerra comercial. Esta pol\u00edtica ser\u00e1 un desastre para los trabajadores: no es Trump quien despedir\u00e1 a masas de trabajadores en el pr\u00f3ximo per\u00edodo, \u00a1sino nuestros \u00abpropios\u00bb patrones canadienses y quebequenses! La clase obrera debe estar preparada para enfrentarse a ellos. Por eso subrayamos la necesidad de una pol\u00edtica independiente de clase para salvar los puestos de trabajo.<\/p>\n<blockquote class=\"instagram-media\" style=\"background: #FFF; border: 0; border-radius: 3px; box-shadow: 0 0 1px 0 rgba(0,0,0,0.5),0 1px 10px 0 rgba(0,0,0,0.15); margin: 1px; max-width: 540px; min-width: 326px; padding: 0; width: calc(100% - 2px);\" data-instgrm-captioned=\"\" data-instgrm-permalink=\"https:\/\/www.instagram.com\/p\/DJKHaI_xh5X\/?utm_source=ig_embed&amp;utm_campaign=loading\" data-instgrm-version=\"14\">\n<div style=\"padding: 16px;\">\n<p>&nbsp;<\/p>\n<div style=\"display: flex; flex-direction: row; align-items: center;\">\n<div style=\"background-color: #f4f4f4; border-radius: 50%; flex-grow: 0; height: 40px; margin-right: 14px; width: 40px;\"><\/div>\n<div style=\"display: flex; flex-direction: column; flex-grow: 1; justify-content: center;\">\n<div style=\"background-color: #f4f4f4; border-radius: 4px; flex-grow: 0; height: 14px; margin-bottom: 6px; width: 100px;\"><\/div>\n<div style=\"background-color: #f4f4f4; border-radius: 4px; flex-grow: 0; height: 14px; width: 60px;\"><\/div>\n<\/div>\n<\/div>\n<div style=\"padding: 19% 0;\"><\/div>\n<div style=\"display: block; height: 50px; margin: 0 auto 12px; width: 50px;\"><\/div>\n<div style=\"padding-top: 8px;\">\n<div style=\"color: #3897f0; font-family: Arial,sans-serif; font-size: 14px; font-style: normal; font-weight: 550; line-height: 18px;\">View this post on Instagram<\/div>\n<\/div>\n<div style=\"padding: 12.5% 0;\"><\/div>\n<div style=\"display: flex; flex-direction: row; margin-bottom: 14px; align-items: center;\">\n<div>\n<div style=\"background-color: #f4f4f4; border-radius: 50%; height: 12.5px; width: 12.5px; transform: translateX(0px) translateY(7px);\"><\/div>\n<div style=\"background-color: #f4f4f4; height: 12.5px; transform: rotate(-45deg) translateX(3px) translateY(1px); width: 12.5px; flex-grow: 0; margin-right: 14px; margin-left: 2px;\"><\/div>\n<div style=\"background-color: #f4f4f4; border-radius: 50%; height: 12.5px; width: 12.5px; transform: translateX(9px) translateY(-18px);\"><\/div>\n<\/div>\n<div style=\"margin-left: 8px;\">\n<div style=\"background-color: #f4f4f4; border-radius: 50%; flex-grow: 0; height: 20px; width: 20px;\"><\/div>\n<div style=\"width: 0; height: 0; border-top: 2px solid transparent; border-left: 6px solid #f4f4f4; border-bottom: 2px solid transparent; transform: translateX(16px) translateY(-4px) rotate(30deg);\"><\/div>\n<\/div>\n<div style=\"margin-left: auto;\">\n<div style=\"width: 0px; border-top: 8px solid #F4F4F4; border-right: 8px solid transparent; transform: translateY(16px);\"><\/div>\n<div style=\"background-color: #f4f4f4; flex-grow: 0; height: 12px; width: 16px; transform: translateY(-4px);\"><\/div>\n<div style=\"width: 0; height: 0; border-top: 8px solid #F4F4F4; border-left: 8px solid transparent; transform: translateY(-4px) translateX(8px);\"><\/div>\n<\/div>\n<\/div>\n<div style=\"display: flex; flex-direction: column; flex-grow: 1; justify-content: center; margin-bottom: 24px;\">\n<div style=\"background-color: #f4f4f4; border-radius: 4px; flex-grow: 0; height: 14px; margin-bottom: 6px; width: 224px;\"><\/div>\n<div style=\"background-color: #f4f4f4; border-radius: 4px; flex-grow: 0; height: 14px; width: 144px;\"><\/div>\n<\/div>\n<p>&nbsp;<\/p>\n<p style=\"color: #c9c8cd; font-family: Arial,sans-serif; font-size: 14px; line-height: 17px; margin-bottom: 0; margin-top: 8px; overflow: hidden; padding: 8px 0 7px; text-align: center; text-overflow: ellipsis; white-space: nowrap;\"><a style=\"color: #c9c8cd; font-family: Arial,sans-serif; font-size: 14px; font-style: normal; font-weight: normal; line-height: 17px; text-decoration: none;\" href=\"https:\/\/www.instagram.com\/p\/DJKHaI_xh5X\/?utm_source=ig_embed&amp;utm_campaign=loading\" target=\"_blank\" rel=\"noopener\">A post shared by Parti communiste r\u00e9volutionnaire (@revcommuniste)<\/a><\/p>\n<\/div>\n<\/blockquote>\n<p><script async src=\"\/\/www.instagram.com\/embed.js\"><\/script><\/p>\n<p>&nbsp;<\/p>\n<p>Intervinimos el Primero de Mayo con un rechazo contundente al encuadre nacionalista de la guerra comercial. Los trabajadores estadounidenses son nuestros hermanos y hermanas en la lucha contra las dos bandas de ladrones capitalistas. En el fondo, esta guerra comercial es una expresi\u00f3n del callej\u00f3n sin salida del capitalismo, y por eso debemos plantear la \u00fanica soluci\u00f3n: la revoluci\u00f3n socialista mundial.<\/p>\n<p>Nuestros compa\u00f1eros hablaron con decenas de personas durante todo el evento y conocieron a muchos comunistas no organizados con los que ahora estamos en discusi\u00f3n. Un encuentro particularmente inspirador fue el que tuvimos con una comunista ucraniana. Nos explic\u00f3 que rechaza a ambos bandos de la guerra imperialista en Ucrania y nos dijo que ella y sus amigos estaban buscando a los comunistas, y que por eso hab\u00eda venido directamente a nuestra carpa.<\/p>\n<p>Se avecinan grandes batallas en Quebec y Canad\u00e1, como en otros lugares, y las fuerzas comunistas est\u00e1n creciendo en preparaci\u00f3n.<\/p>\n<p>\u00a1Trabajadores de todos los pa\u00edses, un\u00edos!<\/p>\n<p>&nbsp;<\/p>\n<h2><span style=\"color: #800000; font-family: 'trebuchet ms', geneva, sans-serif;\"><strong>Colombia<\/strong><\/span><\/h2>\n<p>Despu\u00e9s de dos a\u00f1os y medio en el poder, el gobierno reformista de Gustavo Petro no ha sido capaz de implementar el programa por el que fue elegido por 11 millones de votantes (la mayor cantidad de votos recibidos por un candidato presidencial en la historia de Colombia). La campa\u00f1a de sabotaje de la oligarqu\u00eda ha utilizado todos los medios a su alcance para atacar al presidente con una avalancha de calumnias que ning\u00fan otro presidente ha tenido que soportar.<\/p>\n<p>Esta campa\u00f1a de sabotaje culmin\u00f3 con el bloqueo por parte de ocho senadores de una reforma laboral que habr\u00eda revertido los recortes salariales de austeridad aplicados en 2002 por la presidencia de Uribe. Ante esta \u00faltima medida de la oligarqu\u00eda, Petro lanz\u00f3 una campa\u00f1a para una \u00abconsulta popular\u00bb (un refer\u00e9ndum no vinculante que someter\u00eda a las masas cuestiones clave relacionadas con la reforma y luego informar\u00eda de los resultados al Congreso). La respuesta de las masas ha sido una de las mayores protestas del Primero de Mayo en la historia del pa\u00eds.<\/p>\n<table class=\" aligncenter\" style=\"width: 100%; border-collapse: collapse;\">\n<tbody>\n<tr>\n<td style=\"width: 100%;\"><img loading=\"lazy\" decoding=\"async\" class=\"aligncenter wp-image-14651\" src=\"https:\/\/elcomunista.org\/wp-content\/uploads\/2025\/05\/Colombia-300x169.jpg\" alt=\"\" width=\"1330\" height=\"749\" srcset=\"https:\/\/elcomunista.org\/wp-content\/uploads\/2025\/05\/Colombia-300x169.jpg 300w, https:\/\/elcomunista.org\/wp-content\/uploads\/2025\/05\/Colombia-1024x576.jpg 1024w, https:\/\/elcomunista.org\/wp-content\/uploads\/2025\/05\/Colombia-768x432.jpg 768w, https:\/\/elcomunista.org\/wp-content\/uploads\/2025\/05\/Colombia-1536x864.jpg 1536w, https:\/\/elcomunista.org\/wp-content\/uploads\/2025\/05\/Colombia-600x338.jpg 600w, https:\/\/elcomunista.org\/wp-content\/uploads\/2025\/05\/Colombia.jpg 1600w\" sizes=\"(max-width: 1330px) 100vw, 1330px\" \/><\/td>\n<\/tr>\n<\/tbody>\n<\/table>\n<p>&nbsp;<\/p>\n<p>Los revolucionarios comunistas de Colombia, organizados bajo la bandera de Colombia Marxista, marcharon en tres ciudades: Bogot\u00e1, Cali y Bucaramanga. Un total de 13 militantes y cinco contactos marcharon por todo el pa\u00eds y vendieron 35 ejemplares de <em>Revoluci\u00f3n Comunista<\/em> (nuestra publicaci\u00f3n local), as\u00ed como otra literatura. Sobre esta base, obtuvimos 22 contactos y 6 de ellos acudieron inmediatamente a las reuniones de nuestras c\u00e9lulas. Dos de ellos tienen previsto afiliarse a la organizaci\u00f3n durante la pr\u00f3xima semana.<\/p>\n<p>El ambiente en las marchas fue muy combativo. En nuestras conversaciones con muchos contactos y manifestantes, qued\u00f3 claro que la gente est\u00e1 buscando una forma de luchar contra la oligarqu\u00eda.<\/p>\n<p>La tarea de los comunistas revolucionarios durante este per\u00edodo es encontrar esa capa dorada de j\u00f3venes y trabajadores que est\u00e1n superando el reformismo y ayudarles a construir una alternativa revolucionaria que les permita barrer a la oligarqu\u00eda colombiana que vende a nuestros trabajadores y campesinos en el mercado mundial al precio m\u00e1s barato.<\/p>\n<p>&nbsp;<\/p>\n<h2><span style=\"color: #800000; font-family: 'trebuchet ms', geneva, sans-serif;\"><strong>Checoslovaquia<\/strong><\/span><\/h2>\n<p>En Checoslovaquia celebramos un acto p\u00fablico en Bratislava, la capital de Eslovaquia. Nos reunimos en el monumento del Primero de Mayo \u017delezn\u00e1 studni\u010dka, donde los trabajadores eslovacos celebraron el 1 de mayo por primera vez en 1890. Un compa\u00f1ero eslovaco pronunci\u00f3 un discurso sobre la historia del Primero de Mayo y luego marchamos dos kil\u00f3metros por el complejo del parque antes de discutir las perspectivas para la revoluci\u00f3n mundial.<\/p>\n<p>Debemos decir que no ten\u00edamos intenci\u00f3n de marchar, pero mientras camin\u00e1bamos en un grupo de 20 personas con banderas rojas, la gente al azar nos pregunt\u00f3 si pod\u00edan unirse a nosotros, \u00a1y as\u00ed conseguimos que 26 personas asistieron a nuestro evento! 26 no es un n\u00famero muy grande, pero es mayor que el evento del Primero de Mayo que celebramos el a\u00f1o pasado, \u00a1y del mismo tama\u00f1o que el evento celebrado por el mayor sindicato eslovaco, KOZ, ese mismo d\u00eda en el mismo lugar!<\/p>\n<table class=\" aligncenter\" style=\"width: 100%; border-collapse: collapse;\">\n<tbody>\n<tr>\n<td style=\"width: 100%;\"><img loading=\"lazy\" decoding=\"async\" class=\"aligncenter wp-image-14652\" src=\"https:\/\/elcomunista.org\/wp-content\/uploads\/2025\/05\/Czechoslovakia-300x169.jpg\" alt=\"\" width=\"1331\" height=\"750\" srcset=\"https:\/\/elcomunista.org\/wp-content\/uploads\/2025\/05\/Czechoslovakia-300x169.jpg 300w, https:\/\/elcomunista.org\/wp-content\/uploads\/2025\/05\/Czechoslovakia-1024x576.jpg 1024w, https:\/\/elcomunista.org\/wp-content\/uploads\/2025\/05\/Czechoslovakia-768x432.jpg 768w, https:\/\/elcomunista.org\/wp-content\/uploads\/2025\/05\/Czechoslovakia-1536x864.jpg 1536w, https:\/\/elcomunista.org\/wp-content\/uploads\/2025\/05\/Czechoslovakia-600x338.jpg 600w, https:\/\/elcomunista.org\/wp-content\/uploads\/2025\/05\/Czechoslovakia.jpg 1920w\" sizes=\"(max-width: 1331px) 100vw, 1331px\" \/><\/td>\n<\/tr>\n<\/tbody>\n<\/table>\n<p>&nbsp;<\/p>\n<p>En comparaci\u00f3n con el evento del Primero de Mayo organizado por el Partido Comunista Eslovaco, que probablemente fue el m\u00e1s grande organizado en Eslovaquia con 100 asistentes, nuestro evento fue alegre y optimista, lo que se reflej\u00f3 en la calidad del debate sobre la situaci\u00f3n mundial.<\/p>\n<p>Adem\u00e1s de disfrutar de un debate enriquecedor, los compa\u00f1eros disfrutaron de una barbacoa y asaron salchichas al fuego mientras hablaban los ponentes. Cuando termin\u00f3 el debate oficial, hubo tiempo para una reuni\u00f3n social que se prolong\u00f3 hasta altas horas de la noche.<\/p>\n<p>Este ha sido el mayor evento p\u00fablico que hemos celebrado hasta ahora. Todas las actividades que hemos llevado a cabo recientemente demuestran que estamos creciendo y que estamos alcanzando nuevos hitos, lo que ha creado una sensaci\u00f3n de impulso entre los compa\u00f1eros, impulsando nuestro crecimiento.<\/p>\n<p>El Primero de Mayo de 2025 en Eslovaquia ha demostrado claramente que, mientras que las burocracias estalinistas y sindicales se encuentran en un callej\u00f3n sin salida, \u00a1nosotros representamos el futuro revolucionario!<\/p>\n<p>&nbsp;<\/p>\n<h2><span style=\"color: #800000; font-family: 'trebuchet ms', geneva, sans-serif;\"><strong>Dinamarca<\/strong><\/span><\/h2>\n<p>El 1 de mayo, D\u00eda Internacional de los Trabajadores, es una tradici\u00f3n de larga data en el movimiento obrero dan\u00e9s.<\/p>\n<p>Mientras que los reformistas han intentado convertir este d\u00eda hist\u00f3rico en una \u00abfiesta popular\u00bb despolitizada, los trabajadores y los j\u00f3venes buscan ahora reavivar sus tradiciones revolucionarias. Este a\u00f1o, el Partido Comunista Revolucionario (RKP) se propuso conectar con este creciente deseo de emprender la lucha contra el capitalismo, y lo ha conseguido con gran \u00e9xito.<\/p>\n<p>Por primera vez, salimos a las calles de las cinco ciudades m\u00e1s grandes del pa\u00eds. En Copenhague, comenzamos el d\u00eda con una en\u00e9rgica manifestaci\u00f3n, marchando por la ciudad y atrayendo a cientos de participantes bajo nuestras banderas rojas. Cuando llegamos al parque donde se celebra el Primero de Mayo en Copenhague, nuestros c\u00e1nticos resonaron y la gente se volvi\u00f3 impresionada por la fuerza de la presencia comunista.<\/p>\n<p>Mientras que los partidos mayoritarios y los sindicatos solo ofrec\u00edan un 1 de mayo apol\u00edtico y diluido, nosotros destac\u00e1bamos. Nuestro espacio en el parque contaba con un escenario para oradores revolucionarios y un gran puesto de literatura marxista, en el que se vendieron m\u00e1s de 230 libros en pocas horas. Esto demuestra el inter\u00e9s por la teor\u00eda marxista entre los trabajadores y los j\u00f3venes.<\/p>\n<blockquote class=\"instagram-media\" style=\"background: #FFF; border: 0; border-radius: 3px; box-shadow: 0 0 1px 0 rgba(0,0,0,0.5),0 1px 10px 0 rgba(0,0,0,0.15); margin: 1px; max-width: 540px; min-width: 326px; padding: 0; width: calc(100% - 2px);\" data-instgrm-captioned=\"\" data-instgrm-permalink=\"https:\/\/www.instagram.com\/reel\/DJJFd78NU29\/?utm_source=ig_embed&amp;utm_campaign=loading\" data-instgrm-version=\"14\">\n<div style=\"padding: 16px;\">\n<p>&nbsp;<\/p>\n<div style=\"display: flex; flex-direction: row; align-items: center;\">\n<div style=\"background-color: #f4f4f4; border-radius: 50%; flex-grow: 0; height: 40px; margin-right: 14px; width: 40px;\"><\/div>\n<div style=\"display: flex; flex-direction: column; flex-grow: 1; justify-content: center;\">\n<div style=\"background-color: #f4f4f4; border-radius: 4px; flex-grow: 0; height: 14px; margin-bottom: 6px; width: 100px;\"><\/div>\n<div style=\"background-color: #f4f4f4; border-radius: 4px; flex-grow: 0; height: 14px; width: 60px;\"><\/div>\n<\/div>\n<\/div>\n<div style=\"padding: 19% 0;\"><\/div>\n<div style=\"display: block; height: 50px; margin: 0 auto 12px; width: 50px;\"><\/div>\n<div style=\"padding-top: 8px;\">\n<div style=\"color: #3897f0; font-family: Arial,sans-serif; font-size: 14px; font-style: normal; font-weight: 550; line-height: 18px;\">View this post on Instagram<\/div>\n<\/div>\n<div style=\"padding: 12.5% 0;\"><\/div>\n<div style=\"display: flex; flex-direction: row; margin-bottom: 14px; align-items: center;\">\n<div>\n<div style=\"background-color: #f4f4f4; border-radius: 50%; height: 12.5px; width: 12.5px; transform: translateX(0px) translateY(7px);\"><\/div>\n<div style=\"background-color: #f4f4f4; height: 12.5px; transform: rotate(-45deg) translateX(3px) translateY(1px); width: 12.5px; flex-grow: 0; margin-right: 14px; margin-left: 2px;\"><\/div>\n<div style=\"background-color: #f4f4f4; border-radius: 50%; height: 12.5px; width: 12.5px; transform: translateX(9px) translateY(-18px);\"><\/div>\n<\/div>\n<div style=\"margin-left: 8px;\">\n<div style=\"background-color: #f4f4f4; border-radius: 50%; flex-grow: 0; height: 20px; width: 20px;\"><\/div>\n<div style=\"width: 0; height: 0; border-top: 2px solid transparent; border-left: 6px solid #f4f4f4; border-bottom: 2px solid transparent; transform: translateX(16px) translateY(-4px) rotate(30deg);\"><\/div>\n<\/div>\n<div style=\"margin-left: auto;\">\n<div style=\"width: 0px; border-top: 8px solid #F4F4F4; border-right: 8px solid transparent; transform: translateY(16px);\"><\/div>\n<div style=\"background-color: #f4f4f4; flex-grow: 0; height: 12px; width: 16px; transform: translateY(-4px);\"><\/div>\n<div style=\"width: 0; height: 0; border-top: 8px solid #F4F4F4; border-left: 8px solid transparent; transform: translateY(-4px) translateX(8px);\"><\/div>\n<\/div>\n<\/div>\n<div style=\"display: flex; flex-direction: column; flex-grow: 1; justify-content: center; margin-bottom: 24px;\">\n<div style=\"background-color: #f4f4f4; border-radius: 4px; flex-grow: 0; height: 14px; margin-bottom: 6px; width: 224px;\"><\/div>\n<div style=\"background-color: #f4f4f4; border-radius: 4px; flex-grow: 0; height: 14px; width: 144px;\"><\/div>\n<\/div>\n<p>&nbsp;<\/p>\n<p style=\"color: #c9c8cd; font-family: Arial,sans-serif; font-size: 14px; line-height: 17px; margin-bottom: 0; margin-top: 8px; overflow: hidden; padding: 8px 0 7px; text-align: center; text-overflow: ellipsis; white-space: nowrap;\"><a style=\"color: #c9c8cd; font-family: Arial,sans-serif; font-size: 14px; font-style: normal; font-weight: normal; line-height: 17px; text-decoration: none;\" href=\"https:\/\/www.instagram.com\/reel\/DJJFd78NU29\/?utm_source=ig_embed&amp;utm_campaign=loading\" target=\"_blank\" rel=\"noopener\">A post shared by Revolution\u00e6rt Kommunistisk Parti \u262d (@revolution_dk)<\/a><\/p>\n<\/div>\n<\/blockquote>\n<p><script async src=\"\/\/www.instagram.com\/embed.js\"><\/script><\/p>\n<p>&nbsp;<\/p>\n<p>Varios miles de personas nos visitaron a lo largo del d\u00eda precisamente porque nuestro evento ofrec\u00eda una pol\u00edtica revolucionaria real. Cada vez que un orador sub\u00eda al escenario, se congregaban multitudes. Hablamos del colapso del orden mundial liberal, de la traici\u00f3n y el chovinismo de los socialdem\u00f3cratas y de la necesidad de la revoluci\u00f3n en Dinamarca y a nivel internacional. Nuestros discursos fueron recibidos con fuertes aplausos. Un trabajador nos dijo: \u00abSois los \u00fanicos que realmente habl\u00e1is de pol\u00edtica hoy, y los \u00fanicos que pod\u00e9is dar respuestas reales\u00bb.<\/p>\n<p>La misma energ\u00eda se sinti\u00f3 en todo el pa\u00eds. En Aarhus, nuestros discursos tambi\u00e9n atrajeron a multitudes, y la entrevista de un compa\u00f1ero con un importante medio de comunicaci\u00f3n se ha vuelto viral en <span style=\"color: #800000;\"><a style=\"color: #800000;\" href=\"https:\/\/www.instagram.com\/p\/DJJfPYSIDfC\/\" target=\"_blank\" rel=\"nofollow noopener\">Instagram<\/a><\/span>.<\/p>\n<p>\u00a1En total, m\u00e1s de 100 personas se inscribieron para saber m\u00e1s sobre el RKP y unirse a la lucha por el comunismo! Las oportunidades para un r\u00e1pido crecimiento de las fuerzas comunistas en toda Dinamarca son mejores que nunca, y las estamos aprovechando.<\/p>\n<p>Nuestra tarea en el Partido Comunista Revolucionario en el pr\u00f3ximo per\u00edodo es garantizar que los pr\u00f3ximos cien se activen en la lucha y se eduquen en las ideas del marxismo y el bolchevismo.<\/p>\n<p>Tras nuestra demostraci\u00f3n de fuerza del 1 de mayo, deber\u00edan saltar las alarmas en la c\u00fapula de la sociedad danesa y entre la clase dominante, que durante mucho tiempo crey\u00f3 haberse librado del espectro del comunismo. No podr\u00edan estar m\u00e1s equivocados: los comunistas han vuelto, estamos creciendo a la velocidad del rayo y no nos detendremos hasta que la clase obrera est\u00e9 en el poder y el sistema capitalista sea una reliquia del pasado.<\/p>\n<p>&nbsp;<\/p>\n<h2><span style=\"color: #800000; font-family: 'trebuchet ms', geneva, sans-serif;\"><strong>El Salvador<br \/>\n<\/strong><\/span><\/h2>\n<p>En El Salvador, una docena de nosotros participamos en dos manifestaciones que comenzaron muy temprano por la ma\u00f1ana, desde el este de la ciudad de San Salvador hacia el Centro Hist\u00f3rico. La primera marcha cont\u00f3 con la participaci\u00f3n de unas 10.000 personas, y la segunda con unas 5000, entre trabajadores, j\u00f3venes, vendedores informales y otros sectores de la sociedad.<\/p>\n<p>La participaci\u00f3n fue baja en comparaci\u00f3n con a\u00f1os anteriores (cuando participaban entre 90.000 y 100.000 personas), en gran parte debido al miedo que viven los salvadore\u00f1os bajo el r\u00e9gimen de Bukele. Aunque las manifestaciones no suelen ser reprimidas abiertamente, existe una persecuci\u00f3n sutil de los activistas pol\u00edticos.<\/p>\n<table class=\" aligncenter\" style=\"width: 100%; border-collapse: collapse;\">\n<tbody>\n<tr>\n<td style=\"width: 100%;\"><img loading=\"lazy\" decoding=\"async\" class=\"aligncenter wp-image-14653\" src=\"https:\/\/elcomunista.org\/wp-content\/uploads\/2025\/05\/El_Salvador-260x300.jpg\" alt=\"\" width=\"1128\" height=\"1302\" srcset=\"https:\/\/elcomunista.org\/wp-content\/uploads\/2025\/05\/El_Salvador-260x300.jpg 260w, https:\/\/elcomunista.org\/wp-content\/uploads\/2025\/05\/El_Salvador-887x1024.jpg 887w, https:\/\/elcomunista.org\/wp-content\/uploads\/2025\/05\/El_Salvador-768x886.jpg 768w, https:\/\/elcomunista.org\/wp-content\/uploads\/2025\/05\/El_Salvador-600x692.jpg 600w, https:\/\/elcomunista.org\/wp-content\/uploads\/2025\/05\/El_Salvador.jpg 1000w\" sizes=\"(max-width: 1128px) 100vw, 1128px\" \/><\/td>\n<\/tr>\n<\/tbody>\n<\/table>\n<p>&nbsp;<\/p>\n<p>Los mecanismos habilitados por el estado de emergencia establecido en 2022 se utilizan con el pretexto de la \u00abguerra contra las pandillas\u00bb, que restringe los derechos democr\u00e1ticos fundamentales. Miles de personas han sido encarceladas y, en los \u00faltimos a\u00f1os, el n\u00famero de presos pol\u00edticos ha ido en aumento.<\/p>\n<p>Es habitual que el Gobierno utilice a la polic\u00eda para infundir miedo cuando hay una convocatoria de movilizaci\u00f3n, estableciendo controles en el transporte p\u00fablico o difundiendo rumores de redadas contra los manifestantes.<\/p>\n<p>Y, sin embargo, incluso en estas condiciones opresivas, los comunistas participamos con nuestra propaganda. Vendimos m\u00e1s de 100 ejemplares de nuestro peri\u00f3dico <em>El Comunista<\/em>, con el lema \u00abContra Bukele y el capitalismo, por la construcci\u00f3n del partido revolucionario\u00bb.<\/p>\n<p>Adem\u00e1s, distribuimos 25 folletos con un art\u00edculo especial que explicaba los or\u00edgenes del r\u00e9gimen de Bukele, que se agotaron y despertaron un gran inter\u00e9s entre los asistentes, junto con varios ejemplares de libros sobre el marxismo revolucionario.<\/p>\n<p>La acogida que han tenido nuestras publicaciones demuestra que existe una b\u00fasqueda activa de respuestas revolucionarias. Es nuestro deber profundizar en este trabajo pol\u00edtico para organizar a los sectores avanzados hacia la construcci\u00f3n del partido revolucionario que necesita nuestra clase.<\/p>\n<p>&nbsp;<\/p>\n<h2><span style=\"color: #800000; font-family: 'trebuchet ms', geneva, sans-serif;\"><strong>Finlandia<\/strong><\/span><\/h2>\n<p>Los compa\u00f1eros finlandeses de la ICR salieron temprano en la ma\u00f1ana del 1 de mayo. En Helsinki fuimos la primera organizaci\u00f3n en llegar a la plaza Hakaniemi, justo al lado del edificio donde se aloj\u00f3 Lenin durante su exilio en Helsinki justo antes de la Revoluci\u00f3n de Octubre, con una mesa llena de material marxista de calidad a la venta.<\/p>\n<p>Un compa\u00f1ero experimentado de la secci\u00f3n de Pori, en el oeste de Finlandia, viaj\u00f3 a la importante ciudad de Turku para ayudar a nuestro compa\u00f1ero a organizar all\u00ed y orientarle sobre c\u00f3mo abordar las actividades de cara al exterior.<\/p>\n<p>Los resultados de las actividades del d\u00eda fueron mejores que en cualquier a\u00f1o anterior: en Helsinki vendimos 52 peri\u00f3dicos, 21 libros, seis revistas te\u00f3ricas y tres folletos. Adem\u00e1s, vendimos 39 insignias para ayudar a financiar la revoluci\u00f3n. Tambi\u00e9n tomamos los datos de cuatro personas interesadas en afiliarse. En total, vendimos 600 euros en material en Helsinki.<\/p>\n<p>En Turku, el tiempo nos fue adverso, pero los resistentes camaradas lograron vender material y tomar los datos de los interesados en afiliarse.<\/p>\n<p>En ambas ciudades participamos con valent\u00eda en la marcha con banderas con la hoz y el martillo y consignas antiimperialistas.<\/p>\n<p>Mientras tanto, en Vaasa, un \u00fanico camarada tambi\u00e9n distribuy\u00f3 material.<\/p>\n<p>En Helsinki celebramos una reuni\u00f3n p\u00fablica sobre el imperialismo y el papel de Finlandia en \u00e9l. La introducci\u00f3n fue excelente, al igual que el debate que se gener\u00f3 a partir de ella. Nuestro trabajo contin\u00faa con el esp\u00edritu bolchevique, decidido y paciente. \u00a1La cantidad se convertir\u00e1 en calidad si seguimos as\u00ed!<\/p>\n<p>Adem\u00e1s de estos resultados concretos, todos los camaradas aprendieron a explicar mejor nuestro programa pol\u00edtico y nuestra teor\u00eda a las masas y se extrajeron lecciones para todos los aspectos de nuestro trabajo pr\u00e1ctico. En total, 19 camaradas participaron en las actividades del Primero de Mayo en toda Finlandia. Decimos:<\/p>\n<p>\u00a1Abajo la burgues\u00eda finlandesa!<\/p>\n<p>\u00a1Adelante con la conferencia fundacional de la organizaci\u00f3n finlandesa a mediados de mayo!<\/p>\n<p>\u00a1Adelante con la revoluci\u00f3n proletaria mundial!<\/p>\n<p>&nbsp;<\/p>\n<h2><span style=\"color: #800000; font-family: 'trebuchet ms', geneva, sans-serif;\"><strong>Francia<\/strong><\/span><\/h2>\n<p>En Francia, participamos con \u00e9xito en las manifestaciones organizadas en Par\u00eds, Marsella, Lyon, Toulouse, Grenoble, Aix-en-Provence, Lille, Nantes, Rennes, Caen, Saintes y Lannion. En todas estas ciudades, los camaradas del Parti Communiste R\u00e9volutionnaire montaron mesas, trabajaron entre la multitud vendiendo nuestro peri\u00f3dico y defendieron el programa de nuestro partido.<\/p>\n<p>En total, se vendieron m\u00e1s de 300 ejemplares de <em>R\u00e9volution<\/em> y casi un centenar de personas dejaron sus datos de contacto para afiliarse o para seguir debatiendo nuestras ideas y nuestro programa. La venta de nuestro material pol\u00edtico (peri\u00f3dicos, revistas te\u00f3ricas, libros, panfletos, etc.) ascendi\u00f3 a m\u00e1s de 2000 euros. Este resultado tan positivo pone de relieve, una vez m\u00e1s, el creciente inter\u00e9s de los j\u00f3venes y los trabajadores por las ideas del marxismo.<\/p>\n<p>La CGT estim\u00f3 que hubo 300.000 manifestantes en las manifestaciones. Esta cifra es ligeramente superior a la del a\u00f1o pasado (210.000), pero muy inferior a las movilizaciones a gran escala contra las reformas de las pensiones de 2023. Los dirigentes sindicales no hicieron nada para enmarcar este Primero de Mayo en la construcci\u00f3n de una movilizaci\u00f3n m\u00e1s amplia contra el gobierno de Bayrou y sus pol\u00edticas antisociales. Nuestros compa\u00f1eros explicaron en las manifestaciones por qu\u00e9, sin una perspectiva y una estrategia claras, el Primero de Mayo rara vez se moviliza m\u00e1s all\u00e1 de las filas de los activistas pol\u00edticos y sindicales.<\/p>\n<p>&nbsp;<\/p>\n<h2><span style=\"color: #800000; font-family: 'trebuchet ms', geneva, sans-serif;\"><strong>Alemania<\/strong><\/span><\/h2>\n<p>Para trasladar la crisis a las espaldas de la clase trabajadora, la clase dominante alemana est\u00e1 restringiendo derechos democr\u00e1ticos como la libertad de expresi\u00f3n y de reuni\u00f3n. Actualmente tambi\u00e9n se est\u00e1 hablando de limitar el derecho a la huelga. Nosotros, el Partido Comunista Revolucionario de Alemania, luchamos activamente contra estos ataques.<\/p>\n<p>Nuestros compa\u00f1eros Alyona y Leonard est\u00e1n siendo perseguidos por manifestarse contra el genocidio en Gaza. Adrian, acusado por el mismo motivo, ha visto recientemente c\u00f3mo se retiraban los cargos contra \u00e9l. Sabemos que podemos ganar si nos negamos a rendirnos. Pero para poder luchar, necesitamos la solidaridad de los trabajadores y los j\u00f3venes de nuestro lado.<\/p>\n<p>El Primero de Mayo, intervenimos en protestas en todo el pa\u00eds para recaudar donaciones para los gastos legales de nuestros compa\u00f1eros. El objetivo era conectar los casos a los que se enfrentan nuestros compa\u00f1eros con los ataques m\u00e1s amplios contra los derechos democr\u00e1ticos. Todos los que quieran luchar contra la clase dominante se enfrentar\u00e1n a una represi\u00f3n similar. Por eso, el movimiento obrero debe levantarse colectivamente contra todos y cada uno de los intentos de limitar sus derechos, como los casos contra nuestros compa\u00f1eros.<\/p>\n<p>Con este llamamiento, logramos recaudar m\u00e1s de 2.500 euros solo el Primero de Mayo. Tambi\u00e9n demostramos que hay un partido en Alemania que se toma en serio la lucha contra el capitalismo. Conseguimos los datos de contacto de m\u00e1s de 70 personas interesadas en afiliarse o mantenerse en contacto con nosotros, y vendimos m\u00e1s de 180 peri\u00f3dicos. Nuestras intervenciones fueron un gran \u00e9xito gracias a los debates sobre la relevancia pol\u00edtica de los casos contra nuestros compa\u00f1eros que mantuvimos en las semanas previas.<\/p>\n<p>&nbsp;<\/p>\n<h2><span style=\"color: #800000; font-family: 'trebuchet ms', geneva, sans-serif;\"><strong>Grecia<\/strong><\/span><\/h2>\n<p>El Primero de Mayo de 2025 se celebr\u00f3 en medio de la crisis pol\u00edtica y la inestabilidad del capitalismo griego y su Gobierno. El 26 de enero y el 28 de febrero se celebraron manifestaciones masivas en alrededor de 170 ciudades, pueblos y aldeas de Grecia contra el Gobierno de Nueva Democracia, que ha intentado encubrir la implicaci\u00f3n de varios ministros y del propio primer ministro en la colisi\u00f3n ferroviaria de Tempi de 2023, que se cobr\u00f3 57 vidas.<\/p>\n<p>En la huelga general y las manifestaciones masivas del 28 de febrero participaron dos millones de trabajadores, j\u00f3venes y peque\u00f1os comerciantes. El estado de \u00e1nimo era de ira contra el gobierno. Actualmente, las encuestas dan a Nueva Democracia solo entre un 20 y un 25 % de intenci\u00f3n de voto.<\/p>\n<p>Sin embargo, el movimiento de masas comenz\u00f3 a enfriarse tras la primera semana de marzo. La direcci\u00f3n de los sindicatos y los partidos de izquierda no prepar\u00f3 inmediatamente una huelga general pol\u00edtica de 48 horas para derrocar al gobierno. En su lugar, convocaron una huelga general de 24 horas para el 9 de abril con reivindicaciones exclusivamente econ\u00f3micas.<\/p>\n<p>As\u00ed, el gobierno se ha salvado por ahora y el movimiento se ha desescalado. La participaci\u00f3n en la huelga del 9 de abril fue min\u00fascula. El comportamiento de los l\u00edderes sindicales y de los partidos de izquierda dio lugar a un Primero de Mayo con la participaci\u00f3n m\u00e1s baja en m\u00e1s de 25 a\u00f1os.<\/p>\n<p>No obstante, la Organizaci\u00f3n Comunista Revolucionaria, la secci\u00f3n griega de la RCI, intervino en Atenas, Tesal\u00f3nica y Patras, vendiendo nuestro peri\u00f3dico, Communist Revolution, y distribuyendo folletos. En Atenas, concretamente, contamos con nuestro propio bloque con una pancarta, banderas y consignas.<\/p>\n<p>&nbsp;<\/p>\n<h2><span style=\"color: #800000; font-family: 'trebuchet ms', geneva, sans-serif;\"><strong>Irlanda<\/strong><\/span><\/h2>\n<p>Este a\u00f1o, miembros de los Comunistas Revolucionarios de Irlanda intervinieron en las manifestaciones del Primero de Mayo en Dubl\u00edn y Belfast, donde los compa\u00f1eros informaron de un claro estado de \u00e1nimo combativo entre los asistentes. En ambas marchas, vendimos 22 ejemplares de <em>Revolutionary Communist<\/em> y recopilamos los datos de contacto de seis personas interesadas en unirse a nosotros en la lucha por el comunismo revolucionario.<\/p>\n<blockquote class=\"instagram-media\" style=\"background: #FFF; border: 0; border-radius: 3px; box-shadow: 0 0 1px 0 rgba(0,0,0,0.5),0 1px 10px 0 rgba(0,0,0,0.15); margin: 1px; max-width: 540px; min-width: 326px; padding: 0; width: calc(100% - 2px);\" data-instgrm-captioned=\"\" data-instgrm-permalink=\"https:\/\/www.instagram.com\/p\/DJJLEAiNnZs\/?utm_source=ig_embed&amp;utm_campaign=loading\" data-instgrm-version=\"14\">\n<div style=\"padding: 16px;\">\n<p>&nbsp;<\/p>\n<div style=\"display: flex; flex-direction: row; align-items: center;\">\n<div style=\"background-color: #f4f4f4; border-radius: 50%; flex-grow: 0; height: 40px; margin-right: 14px; width: 40px;\"><\/div>\n<div style=\"display: flex; flex-direction: column; flex-grow: 1; justify-content: center;\">\n<div style=\"background-color: #f4f4f4; border-radius: 4px; flex-grow: 0; height: 14px; margin-bottom: 6px; width: 100px;\"><\/div>\n<div style=\"background-color: #f4f4f4; border-radius: 4px; flex-grow: 0; height: 14px; width: 60px;\"><\/div>\n<\/div>\n<\/div>\n<div style=\"padding: 19% 0;\"><\/div>\n<div style=\"display: block; height: 50px; margin: 0 auto 12px; width: 50px;\"><\/div>\n<div style=\"padding-top: 8px;\">\n<div style=\"color: #3897f0; font-family: Arial,sans-serif; font-size: 14px; font-style: normal; font-weight: 550; line-height: 18px;\">View this post on Instagram<\/div>\n<\/div>\n<div style=\"padding: 12.5% 0;\"><\/div>\n<div style=\"display: flex; flex-direction: row; margin-bottom: 14px; align-items: center;\">\n<div>\n<div style=\"background-color: #f4f4f4; border-radius: 50%; height: 12.5px; width: 12.5px; transform: translateX(0px) translateY(7px);\"><\/div>\n<div style=\"background-color: #f4f4f4; height: 12.5px; transform: rotate(-45deg) translateX(3px) translateY(1px); width: 12.5px; flex-grow: 0; margin-right: 14px; margin-left: 2px;\"><\/div>\n<div style=\"background-color: #f4f4f4; border-radius: 50%; height: 12.5px; width: 12.5px; transform: translateX(9px) translateY(-18px);\"><\/div>\n<\/div>\n<div style=\"margin-left: 8px;\">\n<div style=\"background-color: #f4f4f4; border-radius: 50%; flex-grow: 0; height: 20px; width: 20px;\"><\/div>\n<div style=\"width: 0; height: 0; border-top: 2px solid transparent; border-left: 6px solid #f4f4f4; border-bottom: 2px solid transparent; transform: translateX(16px) translateY(-4px) rotate(30deg);\"><\/div>\n<\/div>\n<div style=\"margin-left: auto;\">\n<div style=\"width: 0px; border-top: 8px solid #F4F4F4; border-right: 8px solid transparent; transform: translateY(16px);\"><\/div>\n<div style=\"background-color: #f4f4f4; flex-grow: 0; height: 12px; width: 16px; transform: translateY(-4px);\"><\/div>\n<div style=\"width: 0; height: 0; border-top: 8px solid #F4F4F4; border-left: 8px solid transparent; transform: translateY(-4px) translateX(8px);\"><\/div>\n<\/div>\n<\/div>\n<div style=\"display: flex; flex-direction: column; flex-grow: 1; justify-content: center; margin-bottom: 24px;\">\n<div style=\"background-color: #f4f4f4; border-radius: 4px; flex-grow: 0; height: 14px; margin-bottom: 6px; width: 224px;\"><\/div>\n<div style=\"background-color: #f4f4f4; border-radius: 4px; flex-grow: 0; height: 14px; width: 144px;\"><\/div>\n<\/div>\n<p>&nbsp;<\/p>\n<p style=\"color: #c9c8cd; font-family: Arial,sans-serif; font-size: 14px; line-height: 17px; margin-bottom: 0; margin-top: 8px; overflow: hidden; padding: 8px 0 7px; text-align: center; text-overflow: ellipsis; white-space: nowrap;\"><a style=\"color: #c9c8cd; font-family: Arial,sans-serif; font-size: 14px; font-style: normal; font-weight: normal; line-height: 17px; text-decoration: none;\" href=\"https:\/\/www.instagram.com\/p\/DJJLEAiNnZs\/?utm_source=ig_embed&amp;utm_campaign=loading\" target=\"_blank\" rel=\"noopener\">A post shared by Revolutionary Communists of Ireland (@revcommunists_ie)<\/a><\/p>\n<\/div>\n<\/blockquote>\n<p><script async src=\"\/\/www.instagram.com\/embed.js\"><\/script><\/p>\n<p>&nbsp;<\/p>\n<p>Tras a\u00f1os de inflaci\u00f3n y una crisis del coste de la vida cada vez m\u00e1s profunda, Irlanda se enfrenta ahora al inminente fuego cruzado entre el imperialismo estadounidense y el europeo. Las consecuencias podr\u00edan ser devastadoras para un pa\u00eds peque\u00f1o tan dependiente de estas potencias imperialistas y atrapado, geogr\u00e1fica, econ\u00f3mica y pol\u00edticamente, entre ambas. La clase dominante irlandesa ya est\u00e1 preparando nuevos ataques contra los trabajadores y los j\u00f3venes. La ira hierve bajo la superficie, pero no encuentra expresi\u00f3n en los principales partidos pol\u00edticos ni en los sindicatos. Miles, incluso decenas de miles, buscan una alternativa revolucionaria. La tarea de los comunistas hoy es reclutar e integrar a estas capas en la organizaci\u00f3n revolucionaria, prepar\u00e1ndolas para los tit\u00e1nicos enfrentamientos que se avecinan.<\/p>\n<p>Todos los miembros de los Comunistas Revolucionarios de Irlanda est\u00e1n comprometidos con este objetivo: construir el RCI tanto en el norte como en el sur, revivir las tradiciones revolucionarias de la clase obrera irlandesa y luchar por una rep\u00fablica obrera de los 32 condados.<\/p>\n<p>&nbsp;<\/p>\n<h2><span style=\"color: #800000; font-family: 'trebuchet ms', geneva, sans-serif;\"><strong>Italia<\/strong><\/span><\/h2>\n<p>Nuestra intervenci\u00f3n este Primero de Mayo en Italia fue rica y variada. En las ciudades donde se organizaron manifestaciones, intervenimos con la venta de peri\u00f3dicos y con nuestros propios bloques, coreando consignas revolucionarias mientras otros bloques permanec\u00edan en silencio, como en Trieste y Varese, por ejemplo.<\/p>\n<p>No podemos mencionar todas y cada una de las ciudades, pero para dar una idea: en Tur\u00edn, donde tradicionalmente se celebra una manifestaci\u00f3n muy grande, nuestro peri\u00f3dico despert\u00f3 un gran inter\u00e9s en todas partes, y muchos nos buscaban para pedirlo. Esto fue especialmente evidente entre los m\u00e1s j\u00f3venes, con seis estudiantes que expresaron su inter\u00e9s por el partido y dejaron sus datos de contacto.<\/p>\n<p>En algunas ciudades, adem\u00e1s de intervenir en las manifestaciones, organizamos nuestras propias reuniones. En Parma, por ejemplo, celebramos un debate sobre la relevancia de la clase obrera hoy en d\u00eda despu\u00e9s de ver una pel\u00edcula sobre el mismo tema.<\/p>\n<p>En Roma y Mil\u00e1n vinculamos nuestras actividades del Primero de Mayo a la campa\u00f1a que estamos desarrollando entre los trabajadores del sector log\u00edstico, como Amazon y UPS. Denunciamos las atroces condiciones laborales del sector y nos ponemos en contacto con los trabajadores dispuestos a organizarse.<\/p>\n<p>Tanto en Roma como en Mil\u00e1n, celebramos jornadas con comida, m\u00fasica y un ambiente agradable, pero tambi\u00e9n con debates pol\u00edticos en los que participaron cientos de personas. En Mil\u00e1n, el debate fue animado por compa\u00f1eros que trabajan en UPS, un compa\u00f1ero que trabaja en Amazon y que vino desde Florencia, y otros compa\u00f1eros de Parma y otras ciudades donde estamos desarrollando esta campa\u00f1a.<\/p>\n<p>Tambi\u00e9n aprovechamos la oportunidad para presentar una nueva publicaci\u00f3n, <em>Arena en el mecanismo<\/em>, dedicada a las luchas de los trabajadores del sector log\u00edstico, con un art\u00edculo sobre las condiciones laborales en Amazon, otro sobre la huelga de los Teamsters en Minneapolis en 1934 y el papel desempe\u00f1ado por los comunistas, y otro sobre nuestros a\u00f1os de trabajo pol\u00edtico en UPS en Mil\u00e1n, que condujeron a la creaci\u00f3n de una nueva secci\u00f3n del partido compuesta principalmente por trabajadores reclutados a partir de este trabajo.<\/p>\n<p>La semana entre el 25 de abril, <span style=\"color: #800000;\"><a style=\"color: #800000;\" href=\"https:\/\/elcomunista.org\/italia-el-25-de-abril-es-rojo-la-intervencion-pcr\/\" target=\"_blank\" rel=\"noopener\">aniversario de la liberaci\u00f3n del fascismo<\/a><\/span>, y el Primero de Mayo, es muy intensa en Italia. Esta fue la primera vez que intervenimos en ambas protestas como PCR, que se fund\u00f3 hace solo unos meses, pero que ya puede considerarse un punto de referencia para capas radicalizadas de trabajadores y estudiantes, decenas de los cuales se est\u00e1n involucrando tras estas exitosas intervenciones.<\/p>\n<p>&nbsp;<\/p>\n<h2><span style=\"color: #800000; font-family: 'trebuchet ms', geneva, sans-serif;\"><strong>M\u00e9xico<\/strong><\/span><\/h2>\n<p>La movilizaci\u00f3n de este a\u00f1o ha sido la mayor organizada hasta ahora por los marxistas mexicanos de la Internacional Comunista Revolucionaria. Participamos en protestas en 16 ciudades de todo el pa\u00eds, distribuyendo nuestro peri\u00f3dico <em>Revoluci\u00f3n Comunista<\/em>, que celebra su primer aniversario desde su lanzamiento. Nuestra presencia m\u00e1s significativa fue en la Ciudad de M\u00e9xico, donde 50 compa\u00f1eros marcharon junto al bloque estudiantil y varios sindicatos.<\/p>\n<p>Tambi\u00e9n tuvimos una presencia notable en algunos estados del sur de M\u00e9xico. Cabe destacar nuestro contingente en M\u00e9rida, Yucat\u00e1n, donde 35 compa\u00f1eros vendieron 75 peri\u00f3dicos.<\/p>\n<blockquote class=\"instagram-media\" style=\"background: #FFF; border: 0; border-radius: 3px; box-shadow: 0 0 1px 0 rgba(0,0,0,0.5),0 1px 10px 0 rgba(0,0,0,0.15); margin: 1px; max-width: 540px; min-width: 326px; padding: 0; width: calc(100% - 2px);\" data-instgrm-captioned=\"\" data-instgrm-permalink=\"https:\/\/www.instagram.com\/p\/DJIrJ4SxcnQ\/?utm_source=ig_embed&amp;utm_campaign=loading\" data-instgrm-version=\"14\">\n<div style=\"padding: 16px;\">\n<p>&nbsp;<\/p>\n<div style=\"display: flex; flex-direction: row; align-items: center;\">\n<div style=\"background-color: #f4f4f4; border-radius: 50%; flex-grow: 0; height: 40px; margin-right: 14px; width: 40px;\"><\/div>\n<div style=\"display: flex; flex-direction: column; flex-grow: 1; justify-content: center;\">\n<div style=\"background-color: #f4f4f4; border-radius: 4px; flex-grow: 0; height: 14px; margin-bottom: 6px; width: 100px;\"><\/div>\n<div style=\"background-color: #f4f4f4; border-radius: 4px; flex-grow: 0; height: 14px; width: 60px;\"><\/div>\n<\/div>\n<\/div>\n<div style=\"padding: 19% 0;\"><\/div>\n<div style=\"display: block; height: 50px; margin: 0 auto 12px; width: 50px;\"><\/div>\n<div style=\"padding-top: 8px;\">\n<div style=\"color: #3897f0; font-family: Arial,sans-serif; font-size: 14px; font-style: normal; font-weight: 550; line-height: 18px;\">View this post on Instagram<\/div>\n<\/div>\n<div style=\"padding: 12.5% 0;\"><\/div>\n<div style=\"display: flex; flex-direction: row; margin-bottom: 14px; align-items: center;\">\n<div>\n<div style=\"background-color: #f4f4f4; border-radius: 50%; height: 12.5px; width: 12.5px; transform: translateX(0px) translateY(7px);\"><\/div>\n<div style=\"background-color: #f4f4f4; height: 12.5px; transform: rotate(-45deg) translateX(3px) translateY(1px); width: 12.5px; flex-grow: 0; margin-right: 14px; margin-left: 2px;\"><\/div>\n<div style=\"background-color: #f4f4f4; border-radius: 50%; height: 12.5px; width: 12.5px; transform: translateX(9px) translateY(-18px);\"><\/div>\n<\/div>\n<div style=\"margin-left: 8px;\">\n<div style=\"background-color: #f4f4f4; border-radius: 50%; flex-grow: 0; height: 20px; width: 20px;\"><\/div>\n<div style=\"width: 0; height: 0; border-top: 2px solid transparent; border-left: 6px solid #f4f4f4; border-bottom: 2px solid transparent; transform: translateX(16px) translateY(-4px) rotate(30deg);\"><\/div>\n<\/div>\n<div style=\"margin-left: auto;\">\n<div style=\"width: 0px; border-top: 8px solid #F4F4F4; border-right: 8px solid transparent; transform: translateY(16px);\"><\/div>\n<div style=\"background-color: #f4f4f4; flex-grow: 0; height: 12px; width: 16px; transform: translateY(-4px);\"><\/div>\n<div style=\"width: 0; height: 0; border-top: 8px solid #F4F4F4; border-left: 8px solid transparent; transform: translateY(-4px) translateX(8px);\"><\/div>\n<\/div>\n<\/div>\n<div style=\"display: flex; flex-direction: column; flex-grow: 1; justify-content: center; margin-bottom: 24px;\">\n<div style=\"background-color: #f4f4f4; border-radius: 4px; flex-grow: 0; height: 14px; margin-bottom: 6px; width: 224px;\"><\/div>\n<div style=\"background-color: #f4f4f4; border-radius: 4px; flex-grow: 0; height: 14px; width: 144px;\"><\/div>\n<\/div>\n<p>&nbsp;<\/p>\n<p style=\"color: #c9c8cd; font-family: Arial,sans-serif; font-size: 14px; line-height: 17px; margin-bottom: 0; margin-top: 8px; overflow: hidden; padding: 8px 0 7px; text-align: center; text-overflow: ellipsis; white-space: nowrap;\"><a style=\"color: #c9c8cd; font-family: Arial,sans-serif; font-size: 14px; font-style: normal; font-weight: normal; line-height: 17px; text-decoration: none;\" href=\"https:\/\/www.instagram.com\/p\/DJIrJ4SxcnQ\/?utm_source=ig_embed&amp;utm_campaign=loading\" target=\"_blank\" rel=\"noopener\">A post shared by Organizaci\u00f3n Comunista Revolucionaria (@marxismomx)<\/a><\/p>\n<\/div>\n<\/blockquote>\n<p><script async src=\"\/\/www.instagram.com\/embed.js\"><\/script><\/p>\n<p>&nbsp;<\/p>\n<p>Del mismo modo, en la regi\u00f3n norte, participamos activamente en varias ciudades cercanas a la frontera con Estados Unidos. En Hermosillo, Sonora, particip\u00f3 un grupo de seis compa\u00f1eros, entre miembros y simpatizantes. Para algunos, era la primera vez que participaban en una actividad de este tipo, pero lograron distribuir 70 peri\u00f3dicos. Al final del d\u00eda, conseguimos reclutar a dos nuevos miembros.<\/p>\n<p>En otros estados, nuestra organizaci\u00f3n cuenta con c\u00e9lulas comunistas muy j\u00f3venes, algunas compuestas por contactos en proceso de afiliarse oficialmente. Era la primera vez que nuestro grupo participaba en la marcha del 1 de mayo en estas zonas, pero nuestros compa\u00f1eros demostraron su valent\u00eda al salir a la calle para promover nuestro programa pol\u00edtico.<\/p>\n<p>Marchamos junto a los trabajadores, en particular en solidaridad con el movimiento democr\u00e1tico de los docentes, que actualmente lucha por defender sus pensiones, y con el movimiento <em>40 Horas<\/em>, que aboga por la reducci\u00f3n de la semana laboral de 48 a 40 horas, una causa que apoyamos activamente. Tambi\u00e9n mantuvimos estrechos v\u00ednculos con grupos que se oponen al genocidio palestino y con las <em>madres buscadoras<\/em>, que buscan a sus seres queridos desaparecidos en un pa\u00eds donde m\u00e1s de 120.000 personas siguen desaparecidas.<\/p>\n<p>En definitiva, la jornada puso de manifiesto la creciente fuerza de las fuerzas comunistas en M\u00e9xico y su potencial de expansi\u00f3n futura.<\/p>\n<p>&nbsp;<\/p>\n<h2><span style=\"color: #800000; font-family: 'trebuchet ms', geneva, sans-serif;\"><strong>Pa\u00edses Bajos<\/strong><\/span><\/h2>\n<p>En los Pa\u00edses Bajos, el 1 de mayo no es festivo. En su lugar, la clase capitalista centra toda su atenci\u00f3n en promover el cumplea\u00f1os del rey, que se celebra unos d\u00edas antes, el 27 de abril. Sin embargo, desde hace un par de a\u00f1os, la principal federaci\u00f3n sindical, FNV, organiza una marcha nacional que refleja el resurgimiento de la lucha de clases.<\/p>\n<p>La inflaci\u00f3n, que alcanz\u00f3 su punto \u00e1lgido en 2022, ha reavivado la lucha de clases y ha dado lugar a una serie de huelgas para defender el nivel de vida. La \u00faltima victoria ha sido la de los auxiliares de farmacia, que han conseguido un aumento salarial del 20 % en dos a\u00f1os tras nueve meses de negociaciones y huelgas.<\/p>\n<p>Hay huelgas en curso en las tiendas IKEA y el 10 de junio habr\u00e1 una huelga nacional de la educaci\u00f3n superior contra los recortes educativos del gobierno de derecha de Dick Schoof. Los d\u00edas en los que no pasaba nada en los Pa\u00edses Bajos est\u00e1n llegando a su fin. La situaci\u00f3n internacional, con los aranceles de Trump y el estancamiento de la econom\u00eda alemana, tendr\u00e1 un gran efecto en la econom\u00eda neerlandesa. La enorme planta de Tata Steel en IJmuiden anunci\u00f3 recientemente sus planes de despedir a 1.600 trabajadores, una quinta parte del total. Se avecinan tiempos turbulentos de lucha de clases.<\/p>\n<p><em>Revolutionaire Communisten<\/em>, el grupo holand\u00e9s de la ICR, se uni\u00f3 a la marcha nacional del 1 de mayo en una soleada y c\u00e1lida \u00c1msterdam, junto a miles de trabajadores que se hab\u00edan tomado el d\u00eda libre. Con ocho compa\u00f1eros y dos simpatizantes presentes, difundimos con entusiasmo las ideas revolucionarias de la ICR y conectamos bien con el ambiente militante de la marcha, en la que se escucharon muchos c\u00e1nticos antimilitaristas y pro palestinos.<\/p>\n<p>&nbsp;<\/p>\n<h2><span style=\"color: #800000; font-family: 'trebuchet ms', geneva, sans-serif;\"><strong>Pakist\u00e1n<\/strong><\/span><\/h2>\n<p>Este a\u00f1o, el Partido Comunista Inqalabi (RCP) de Pakist\u00e1n organiz\u00f3 actividades por el Primero de Mayo en todo el pa\u00eds con fervor revolucionario. El partido organiz\u00f3 y particip\u00f3 en actividades del Primero de Mayo en m\u00e1s de 24 ciudades en total.<\/p>\n<p>En Karachi, Lahore, Peshawar, Quetta, Loralai, Sajawal, D.G.Khan, Bahawalpur, Pattoki, Gilgit, Peshawar, Buner y Lower Dir se organizaron actividades bajo la bandera del PCR, mientras que en varias otras ciudades los compa\u00f1eros del PCR intervinieron en las manifestaciones y protestas del Primero de Mayo.<\/p>\n<p>El partido public\u00f3 alrededor de 6.000 copias de un cartel especial para el Primero de Mayo de este a\u00f1o, que se peg\u00f3 en zonas industriales y cruces principales de todas las ciudades importantes del pa\u00eds. Tambi\u00e9n se public\u00f3 y vendi\u00f3 un n\u00famero especial del peri\u00f3dico mensual <em>Communist<\/em> durante estas actividades, y se public\u00f3 un podcast especial en YouTube.<\/p>\n<p>En todas las actividades en las que participaron los compa\u00f1eros del partido, condenamos las pol\u00edticas antiobreras del Gobierno, que sigue servilmente los dictados del FMI y est\u00e1 privatizando todos los hospitales, escuelas y universidades p\u00fablicas del pa\u00eds, mientras cientos de miles de trabajadores del sector p\u00fablico est\u00e1n siendo despedidos de sus puestos de trabajo.<\/p>\n<p>Las organizaciones sindicales est\u00e1n siendo objeto de duros ataques y los derechos laborales han sido saboteados por todos los gobiernos que se han sucedido en este pa\u00eds. Hoy en d\u00eda, los trabajadores tienen que trabajar m\u00e1s de 14 horas al d\u00eda por salarios miserables, que ni siquiera alcanzan para la supervivencia de una sola persona. El Gobierno ha anunciado un salario m\u00ednimo mensual de 37 000 rupias (132 d\u00f3lares) para los trabajadores no cualificados que trabajen ocho horas al d\u00eda, pero los trabajadores suelen trabajar m\u00e1s de 14 horas al d\u00eda y ganan apenas 20.000 rupias (71 d\u00f3lares) al mes.<\/p>\n<p>La mayor\u00eda de los trabajadores no tienen contrato y pueden ser contratados o despedidos a voluntad del gerente. Del mismo modo, el desempleo ha alcanzado niveles sin precedentes y cada a\u00f1o entre uno y dos millones de trabajadores abandonan el pa\u00eds, de forma legal o ilegal, en busca de mejores oportunidades. Algunos mueren ahogados en el Mediterr\u00e1neo o son asesinados al cruzar las fronteras.<\/p>\n<p>Pero a la \u00e9lite gobernante no le importa y ataca a la poblaci\u00f3n con nuevas subidas de precios, privatizaciones y recortes salariales. Mientras tanto, los salarios de los parlamentarios y ministros se han incrementado en m\u00e1s del cien por cien y los beneficios de las multinacionales, los bancos y otros industriales han alcanzado nuevas cotas.<\/p>\n<p>El saqueo y el pillaje de los generales, los jueces y los bur\u00f3cratas tambi\u00e9n han superado todos los l\u00edmites, mientras que todos los partidos pol\u00edticos en el horizonte son corruptos hasta la m\u00e9dula y c\u00f3mplices de la clase dominante. En esta situaci\u00f3n, la clase trabajadora no tiene otra opci\u00f3n que avanzar hacia una huelga general y prepararse para una revoluci\u00f3n socialista que derroque este brutal sistema capitalista.<\/p>\n<p>El PCR tambi\u00e9n conden\u00f3 la nueva ola de belicismo de la clase dominante de Pakist\u00e1n y la India, que ha llevado a estas potencias nucleares al borde de otra guerra. Solo la clase obrera de la India y Pakist\u00e1n puede derrotar a las clases dominantes de sus propios pa\u00edses y acabar con el terrorismo, la opresi\u00f3n nacional y, en \u00faltima instancia, con este sistema capitalista y sus reg\u00edmenes de una vez por todas. Este es el \u00fanico camino a seguir para poner fin a estas guerras y traer la paz permanente a esta regi\u00f3n.<\/p>\n<p>&nbsp;<\/p>\n<p>Este mensaje del PCR fue bien recibido por trabajadores y estudiantes de todas partes, y muchos pidieron unirse al PCR para ayudar a construir el partido con el fin de promover esta noble causa.<\/p>\n<p>&nbsp;<\/p>\n<h2><span style=\"color: #800000; font-family: 'trebuchet ms', geneva, sans-serif;\"><strong>Polonia<\/strong><\/span><\/h2>\n<p>Como es habitual, este Primero de Mayo organizamos nuestra Escuela de Mayo en Varsovia. Esto fue precedido por una intervenci\u00f3n en las protestas y una importante venta de peri\u00f3dicos. Este a\u00f1o, con la izquierda fracturada y dividida en varias manifestaciones y concentraciones, decidimos no elegir solo una, sino intervenir en todos estos eventos, con presencia simult\u00e1nea en el centro de la ciudad con nuestros peri\u00f3dicos, la revista <em>In Defence of Marxism<\/em> y otros materiales.<\/p>\n<p>\u00a1Fue un gran \u00e9xito, con casi 50 ejemplares vendidos de nuestro \u00faltimo n\u00famero! Conseguimos reunir a unos 20 contactos, 17 de los cuales asistieron a nuestra Escuela de Mayo. Hubo casos en los que personas se unieron a nosotros de camino a la manifestaci\u00f3n y luego nos siguieron hasta la escuela. \u00a1Nos estamos convirtiendo poco a poco en un punto de referencia para la juventud revolucionaria!<\/p>\n<p>Esta fue una gran prueba para nuestra flexibilidad t\u00e1ctica, y nuestros compa\u00f1eros demostraron estar muy bien organizados y a la altura de las circunstancias. Fuimos la \u00fanica organizaci\u00f3n con presencia pr\u00e1cticamente en todas partes, y pudimos encontrar a muchos j\u00f3venes deseosos de cambiar el mundo. Nuestros compa\u00f1eros, con peri\u00f3dicos y consignas abiertamente revolucionarios, son una imagen \u00fanica en las calles.<\/p>\n<p>Nuestra Escuela de Mayo es nuestro principal evento educativo a nivel nacional, y el de este a\u00f1o se centr\u00f3 en el antiimperialismo. Las sesiones incluyeron perspectivas mundiales y la naturaleza del imperialismo, nuestros m\u00e9todos para combatirlo, el imperialismo europeo y la guerra de Ucrania, la barbarie capitalista en Oriente Medio y, por \u00faltimo, una charla sobre c\u00f3mo los trabajadores van a pagar el precio de las pol\u00edticas imperialistas y militaristas de Polonia.<\/p>\n<table class=\" aligncenter\" style=\"width: 100%; border-collapse: collapse;\">\n<tbody>\n<tr>\n<td style=\"width: 100%;\"><img loading=\"lazy\" decoding=\"async\" class=\"aligncenter wp-image-14654\" src=\"https:\/\/elcomunista.org\/wp-content\/uploads\/2025\/05\/Poland-169x300.jpg\" alt=\"\" width=\"580\" height=\"1030\" srcset=\"https:\/\/elcomunista.org\/wp-content\/uploads\/2025\/05\/Poland-169x300.jpg 169w, https:\/\/elcomunista.org\/wp-content\/uploads\/2025\/05\/Poland-576x1024.jpg 576w, https:\/\/elcomunista.org\/wp-content\/uploads\/2025\/05\/Poland-768x1365.jpg 768w, https:\/\/elcomunista.org\/wp-content\/uploads\/2025\/05\/Poland-864x1536.jpg 864w, https:\/\/elcomunista.org\/wp-content\/uploads\/2025\/05\/Poland-600x1067.jpg 600w, https:\/\/elcomunista.org\/wp-content\/uploads\/2025\/05\/Poland.jpg 1152w\" sizes=\"(max-width: 580px) 100vw, 580px\" \/><\/td>\n<\/tr>\n<\/tbody>\n<\/table>\n<p>&nbsp;<\/p>\n<p>Las charlas fueron incisivas y educativas, y cada intervenci\u00f3n fue seguida de una serie de aportaciones, incluso de compa\u00f1eros m\u00e1s j\u00f3venes. Fue una verdadera escuela marxista, llena de un ambiente electrizante, claridad de ideas y singularidad de prop\u00f3sito: \u00a1derrocar el capitalismo! Esto qued\u00f3 demostrado en la pr\u00e1ctica cuando conseguimos batir todos los r\u00e9cords de este a\u00f1o, tanto en asistencia como en actividad y recaudaci\u00f3n de fondos.<\/p>\n<p>Hemos demostrado que el comunismo revolucionario es la \u00fanica forma de entender el mundo actual, y que los marxistas son los \u00fanicos que pueden explicar y dar respuestas a los trabajadores y a la juventud. Ahora es el momento de asegurarnos de que podemos convertir el \u00e9xito de este a\u00f1o en los cimientos s\u00f3lidos para el partido comunista revolucionario en Polonia.<\/p>\n<p>&nbsp;<\/p>\n<h2><span style=\"color: #800000; font-family: 'trebuchet ms', geneva, sans-serif;\"><strong>Suecia<\/strong><\/span><\/h2>\n<p>Este Primero de Mayo, el RKP en Suecia intervino en nueve ciudades de todo el pa\u00eds bajo el lema <em>\u00ab\u00a1Primero de Mayo contra el racismo y el belicismo!. \u00a1Abajo el capitalismo!\u00bb<\/em> En total, vendimos m\u00e1s de 500 ejemplares de nuestro peri\u00f3dico y 77 personas se afiliaron al partido.<\/p>\n<p>\u00abDices lo que nadie se atreve a decir\u00bb, dijo un oyente del suburbio de Bergsj\u00f6n despu\u00e9s de nuestra manifestaci\u00f3n en Gotemburgo. El mismo sentimiento se expres\u00f3 en todo el pa\u00eds, y no es de extra\u00f1ar.<\/p>\n<p>Los socialdem\u00f3cratas han adoptado las pol\u00edticas racistas de los Dem\u00f3cratas de Suecia, y el Partido de Izquierda suena cada vez m\u00e1s como los socialdem\u00f3cratas y cada vez menos como una alternativa real.<\/p>\n<p>Las manifestaciones del Partido de Izquierda, aunque cada a\u00f1o son m\u00e1s reducidas, siguen atrayendo a miles de personas. Pero la falta de entusiasmo es evidente en todas partes. \u00bfQu\u00e9 consignas se pueden gritar cuando el partido dice una cosa y hace otra? En Malm\u00f6, gritaban: \u00ab\u00a1Ni un soldado, ni un arma, ni un centavo para el ej\u00e9rcito de la OTAN!\u00bb, mientras que el partido apoya gastar <em>m\u00e1s<\/em> dinero en el ej\u00e9rcito sueco, \u00a1que ahora forma parte de la OTAN!<\/p>\n<p>En contraste con el pesimismo de la llamada izquierda, a nuestros compa\u00f1eros se les dijo: \u00abSois los \u00fanicos optimistas\u00bb y \u00abEs estupendo ver a tanta gente joven aqu\u00ed\u00bb.<\/p>\n<p>\u00ab\u00a1Quiero hacer una revoluci\u00f3n contra nuestros pol\u00edticos!\u00bb, dijo un participante en nuestra manifestaci\u00f3n en Karlstad, y en Estocolmo, nuestra propia manifestaci\u00f3n atrajo a 80 personas, y nuestros compa\u00f1eros vendieron 245 peri\u00f3dicos a lo largo del d\u00eda.<\/p>\n<p>El mismo entusiasmo se hizo patente en todo el pa\u00eds: en Ume\u00e5, Gotemburgo, Malm\u00f6, Helsingborg y Karlstad, donde ya estamos establecidos, as\u00ed como en lugares donde nunca antes hab\u00edamos celebrado manifestaciones del Primero de Mayo. En Karlshamn, que algunos descartar\u00edan como una peque\u00f1a ciudad adormilada donde los Dem\u00f3cratas de Suecia obtienen muchos votos, nuestros compa\u00f1eros intervinieron por primera vez y vendieron libros por valor de 700 coronas suecas. En Bor\u00e5s, cuatro personas se afiliaron al partido y, en Norrk\u00f6ping, un compa\u00f1ero consigui\u00f3 vender tres peri\u00f3dicos.<\/p>\n<p>El gran inter\u00e9s por las ideas revolucionarias demuestra que nunca ha habido un mejor momento para ser comunista.<\/p>\n<p>&nbsp;<\/p>\n<h2><span style=\"color: #800000; font-family: 'trebuchet ms', geneva, sans-serif;\"><strong>Suiza<\/strong><\/span><\/h2>\n<p>Un a\u00f1o despu\u00e9s de la fundaci\u00f3n del Partido Comunista Revolucionario en Suiza, los comunistas suizos participaron en las manifestaciones del Primero de Mayo en las siete principales ciudades del pa\u00eds, que abarcan las tres regiones ling\u00fc\u00edsticas.<\/p>\n<p>Las pancartas de nuestros bloques y la portada de nuestro peri\u00f3dico llevaban el lema: \u00abContra el armamento y las guerras arancelarias: \u00a1No pagaremos vuestra crisis!\u00bb. Esta postura de clase intransigente reson\u00f3 en una amplia capa de j\u00f3venes radicalizados \u2014muchos de los cuales asist\u00edan por primera vez a una manifestaci\u00f3n del Primero de Mayo\u2014 que pueden sentir la crisis de la izquierda y la falta de respuestas a la dram\u00e1tica situaci\u00f3n mundial. Est\u00e1n abiertos a las ideas comunistas y muchos estaban dispuestos a organizarse.<\/p>\n<p>&nbsp;<\/p>\n<h2><span style=\"color: #800000; font-family: 'trebuchet ms', geneva, sans-serif;\"><strong>Estado espa\u00f1ol<br \/>\n<\/strong><\/span><\/h2>\n<p>En la secci\u00f3n en el Estado espa\u00f1ol de la ICR, la Organizaci\u00f3n Comunista Revolucionaria, nuestros compa\u00f1eros intervinieron en tres grandes ciudades: Madrid, Barcelona y Bilbao.<\/p>\n<p>En Madrid, diez compa\u00f1eros intervinieron en la marcha principal que recorre la Gran V\u00eda, la principal calle comercial de la capital, organizada por los dos principales sindicatos: UGT y CCOO. Alrededor de 15.000 trabajadores participaron en la marcha, entre ellos sindicalistas, partidos pol\u00edticos como Podemos y Sumar, y sectas m\u00e1s peque\u00f1as como el PCTE.<\/p>\n<p>El ambiente era positivo, pero no especialmente combativo, y la mayor\u00eda de los manifestantes marchaban en bloques organizados. Pudimos interactuar con mucha gente y establecer contacto con estudiantes de secundaria y otros j\u00f3venes. Tambi\u00e9n pudimos vender mucho material, ya que nuestro peri\u00f3dico abordaba las preguntas que muchos se plantean sobre los aranceles de Trump e inclu\u00eda entrevistas con compa\u00f1eros trabajadores sobre sus malas condiciones laborales. La mayor\u00eda de los compa\u00f1eros que intervinieron son muy nuevos y j\u00f3venes, y su entusiasmo era palpable.<\/p>\n<p>En Barcelona, ocho compa\u00f1eros tambi\u00e9n intervinieron en la marcha principal organizada por CCOO y UGT. Los dem\u00e1s sindicatos m\u00e1s peque\u00f1os suelen organizar su propia marcha por separado, en otro momento o lugar, en la mayor\u00eda de las capitales regionales, pero nuestros compa\u00f1eros decidieron acudir a la principal, ya que suele haber m\u00e1s participantes no organizados que est\u00e1n abiertos a discutir nuestras ideas con nosotros.<\/p>\n<p>En esta ocasi\u00f3n, hubo una notable presencia de los trabajadores de Freixenet, una empresa productora de vino espumoso, cuyos trabajadores se encuentran actualmente en situaci\u00f3n de desempleo temporal. Tambi\u00e9n hubo presencia de partidos pol\u00edticos de izquierda extranjeros, grupos antifascistas, ecologistas y feministas. Los compa\u00f1eros pudieron vender mucho material tanto en catal\u00e1n como en castellano.<\/p>\n<p>Por \u00faltimo, en Bilbao, 17 compa\u00f1eros intervinieron en las protestas en las tres ciudades donde tenemos compa\u00f1eros en el Pa\u00eds Vasco: Bilbao, San Sebasti\u00e1n (Donostia) y Vitoria-Gasteiz. Los compa\u00f1eros intervinieron con determinaci\u00f3n en las m\u00faltiples marchas de protesta organizadas en la ciudad desde las 11 de la ma\u00f1ana hasta las 2 de la tarde.<\/p>\n<table class=\" aligncenter\" style=\"width: 100%; border-collapse: collapse;\">\n<tbody>\n<tr>\n<td style=\"width: 100%;\"><img loading=\"lazy\" decoding=\"async\" class=\"aligncenter wp-image-14655\" src=\"https:\/\/elcomunista.org\/wp-content\/uploads\/2025\/05\/Spain-300x204.jpg\" alt=\"\" width=\"1329\" height=\"904\" srcset=\"https:\/\/elcomunista.org\/wp-content\/uploads\/2025\/05\/Spain-300x204.jpg 300w, https:\/\/elcomunista.org\/wp-content\/uploads\/2025\/05\/Spain-768x521.jpg 768w, https:\/\/elcomunista.org\/wp-content\/uploads\/2025\/05\/Spain-600x407.jpg 600w\" sizes=\"(max-width: 1329px) 100vw, 1329px\" \/><\/td>\n<\/tr>\n<\/tbody>\n<\/table>\n<p>&nbsp;<\/p>\n<p>El movimiento obrero est\u00e1 muy fracturado, con sindicatos vascos adem\u00e1s de los principales sindicatos y otros sindicatos nacionales m\u00e1s peque\u00f1os presentes en el resto del pa\u00eds. En cada marcha se pod\u00edan ver consignas relacionadas con la lucha por el salario m\u00ednimo, las pensiones, contra la guerra y el militarismo, y en defensa de los logros conseguidos en el pasado.<\/p>\n<p>En la marcha organizada por CCOO, UGT y el sindicato vasco ELA, hab\u00eda un bloque de trabajadores de Bridgestone, la empresa de neum\u00e1ticos, que est\u00e1n en huelga y tambi\u00e9n en situaci\u00f3n de excedencia. Los trabajadores de Bridgestone participaron en la marcha con sus familias, todos ellos vestidos con el uniforme de Bridgestone.<\/p>\n<p>Hubo varios miles de personas en cada marcha y los compa\u00f1eros pudieron vender una gran cantidad de material. Al final de la jornada, los compa\u00f1eros intervinieron en una protesta organizada por el Movimiento Socialista, donde encontramos a muchos dispuestos a comprar nuestro material.<\/p>\n<p>&nbsp;<\/p>\n<h2><span style=\"color: #800000; font-family: 'trebuchet ms', geneva, sans-serif;\"><strong>Taiw\u00e1n<\/strong><\/span><\/h2>\n<p>La marcha obrera del Primero de Mayo de este a\u00f1o en Taiw\u00e1n adopt\u00f3 el lema \u00abJefes: dejad de acosar a los trabajadores, exigimos protecci\u00f3n\u00bb, abordando los problemas urgentes a los que se enfrenta la clase obrera, como las largas jornadas laborales, la preocupaci\u00f3n por la jubilaci\u00f3n de los trabajadores de m\u00e1s edad, la falta de personal en la sanidad y el derecho de los funcionarios p\u00fablicos a formar sindicatos.<\/p>\n<p>Los compa\u00f1eros de The Spark (la RCI en Taiw\u00e1n) se unieron a la marcha con nuestras reivindicaciones y nuestro material. Participamos en las reuniones de planificaci\u00f3n de la Alianza de Acci\u00f3n del Primero de Mayo desde el principio. El d\u00eda de la marcha, todos los folletos que imprimimos se distribuyeron entre los participantes.<\/p>\n<p>Muchos asistentes, entre ellos miembros de sindicatos y activistas de base de otras organizaciones o peque\u00f1os partidos, se acercaron a nosotros y, en general, respondieron positivamente a nuestro trabajo. Durante la marcha, coreamos consignas como: \u00abM\u00e1s d\u00edas festivos, m\u00e1s seguridad en el trabajo\u00bb y \u00ab\u00a1No nos enga\u00f1emos con el gobierno, los trabajadores deben salvarse a s\u00ed mismos!\u00bb.<\/p>\n<p>Nuestra movilizaci\u00f3n cont\u00f3 con m\u00e1s de 15 compa\u00f1eros y simpatizantes, una participaci\u00f3n r\u00e9cord para nuestra organizaci\u00f3n. Muchas personas marcharon con nosotros bajo la clara bandera del comunismo revolucionario, resultado del esfuerzo colectivo de todos los compa\u00f1eros. Creemos que nos acercamos r\u00e1pidamente al d\u00eda en que podremos formar el Partido Comunista Revolucionario de Taiw\u00e1n.<\/p>\n<p>\u00a1Viva el D\u00eda Internacional de los Trabajadores!<\/p>\n<p>\u00a1Trabajadores del mundo, un\u00edos!<\/p>\n<p>&nbsp;<\/p>\n<h2><span style=\"color: #800000; font-family: 'trebuchet ms', geneva, sans-serif;\"><strong>Estados Unidos<\/strong><\/span><\/h2>\n<p>La clase dominante estadounidense hace todo lo posible por ocultar a los trabajadores estadounidenses su propia historia. A pesar de que el D\u00eda Internacional de los Trabajadores tiene su origen en la lucha por la jornada de ocho horas aqu\u00ed mismo, en nuestro pa\u00eds, esta festividad revolucionaria suele pasar desapercibida. Aunque parezca incre\u00edble, Estados Unidos tiene no uno, sino dos d\u00edas festivos alternativos al Primero de Mayo, acertadamente denominados D\u00eda de la Lealtad y D\u00eda de la Ley. Seg\u00fan la proclamaci\u00f3n presidencial anual \u2014s\u00ed, anual\u2014 que conmemora esta \u00abfiesta\u00bb, el d\u00eda celebra (no se r\u00edan) el \u00abimperio de la ley en una sociedad libre\u00bb.<\/p>\n<p>Este a\u00f1o, sin embargo, se ha notado un cambio en el ambiente. Entre la inflaci\u00f3n, las guerras interminables, los desastres naturales, la epidemia de opi\u00e1ceos, la pobreza infantil, el aumento del desempleo, la decadencia cultural y el declive general, los trabajadores pueden ver por s\u00ed mismos que la ley capitalista no defiende m\u00e1s que la libertad de una peque\u00f1a minor\u00eda para explotar a la gran mayor\u00eda. Eso explica por qu\u00e9 miles de personas se han presentado a las manifestaciones de este a\u00f1o en una ciudad tras otra.<\/p>\n<p>Como era de esperar, muchos liberales estaban all\u00ed para recibirlos con llamamientos insulsos a votar por los dem\u00f3cratas. Pero, para sorpresa de algunos, los Comunistas Revolucionarios de Am\u00e9rica (RCA) tambi\u00e9n estaban all\u00ed, con un mensaje revolucionario muy visible, alto y orgulloso. Los comunistas de la RCA organizaron contingentes en 15 ciudades: Nueva York, San Diego, Los \u00c1ngeles, Baltimore, Filadelfia, Denver, Atlanta, Phoenix, Seattle, Chicago, Minneapolis, Dallas, Boston e incluso en peque\u00f1as ciudades como Columbia, Carolina del Sur, y Boise, Idaho (\u00a1donde se reuni\u00f3 un millar de personas!).<\/p>\n<p>Un ejemplo destacado fue el de Filadelfia. Mientras Bernie Sanders ped\u00eda a la multitud que apoyara al pr\u00f3ximo \u00abmal menor\u00bb, la RCA de Filadelfia form\u00f3 el bloque m\u00e1s entusiasta, m\u00e1s militante y mejor organizado de la marcha del Primero de Mayo. Nuestros c\u00e1nticos revolucionarios resonaron en las calles y fueron coreados por la multitud que nos rodeaba:<\/p>\n<blockquote class=\"instagram-media\" style=\"background: #FFF; border: 0; border-radius: 3px; box-shadow: 0 0 1px 0 rgba(0,0,0,0.5),0 1px 10px 0 rgba(0,0,0,0.15); margin: 1px; max-width: 540px; min-width: 326px; padding: 0; width: calc(100% - 2px);\" data-instgrm-captioned=\"\" data-instgrm-permalink=\"https:\/\/www.instagram.com\/p\/DJJ-esWRm0Z\/?utm_source=ig_embed&amp;utm_campaign=loading\" data-instgrm-version=\"14\">\n<div style=\"padding: 16px;\">\n<p>&nbsp;<\/p>\n<div style=\"display: flex; flex-direction: row; align-items: center;\">\n<div style=\"background-color: #f4f4f4; border-radius: 50%; flex-grow: 0; height: 40px; margin-right: 14px; width: 40px;\"><\/div>\n<div style=\"display: flex; flex-direction: column; flex-grow: 1; justify-content: center;\">\n<div style=\"background-color: #f4f4f4; border-radius: 4px; flex-grow: 0; height: 14px; margin-bottom: 6px; width: 100px;\"><\/div>\n<div style=\"background-color: #f4f4f4; border-radius: 4px; flex-grow: 0; height: 14px; width: 60px;\"><\/div>\n<\/div>\n<\/div>\n<div style=\"padding: 19% 0;\"><\/div>\n<div style=\"display: block; height: 50px; margin: 0 auto 12px; width: 50px;\"><\/div>\n<div style=\"padding-top: 8px;\">\n<div style=\"color: #3897f0; font-family: Arial,sans-serif; font-size: 14px; font-style: normal; font-weight: 550; line-height: 18px;\">View this post on Instagram<\/div>\n<\/div>\n<div style=\"padding: 12.5% 0;\"><\/div>\n<div style=\"display: flex; flex-direction: row; margin-bottom: 14px; align-items: center;\">\n<div>\n<div style=\"background-color: #f4f4f4; border-radius: 50%; height: 12.5px; width: 12.5px; transform: translateX(0px) translateY(7px);\"><\/div>\n<div style=\"background-color: #f4f4f4; height: 12.5px; transform: rotate(-45deg) translateX(3px) translateY(1px); width: 12.5px; flex-grow: 0; margin-right: 14px; margin-left: 2px;\"><\/div>\n<div style=\"background-color: #f4f4f4; border-radius: 50%; height: 12.5px; width: 12.5px; transform: translateX(9px) translateY(-18px);\"><\/div>\n<\/div>\n<div style=\"margin-left: 8px;\">\n<div style=\"background-color: #f4f4f4; border-radius: 50%; flex-grow: 0; height: 20px; width: 20px;\"><\/div>\n<div style=\"width: 0; height: 0; border-top: 2px solid transparent; border-left: 6px solid #f4f4f4; border-bottom: 2px solid transparent; transform: translateX(16px) translateY(-4px) rotate(30deg);\"><\/div>\n<\/div>\n<div style=\"margin-left: auto;\">\n<div style=\"width: 0px; border-top: 8px solid #F4F4F4; border-right: 8px solid transparent; transform: translateY(16px);\"><\/div>\n<div style=\"background-color: #f4f4f4; flex-grow: 0; height: 12px; width: 16px; transform: translateY(-4px);\"><\/div>\n<div style=\"width: 0; height: 0; border-top: 8px solid #F4F4F4; border-left: 8px solid transparent; transform: translateY(-4px) translateX(8px);\"><\/div>\n<\/div>\n<\/div>\n<div style=\"display: flex; flex-direction: column; flex-grow: 1; justify-content: center; margin-bottom: 24px;\">\n<div style=\"background-color: #f4f4f4; border-radius: 4px; flex-grow: 0; height: 14px; margin-bottom: 6px; width: 224px;\"><\/div>\n<div style=\"background-color: #f4f4f4; border-radius: 4px; flex-grow: 0; height: 14px; width: 144px;\"><\/div>\n<\/div>\n<p>&nbsp;<\/p>\n<p style=\"color: #c9c8cd; font-family: Arial,sans-serif; font-size: 14px; line-height: 17px; margin-bottom: 0; margin-top: 8px; overflow: hidden; padding: 8px 0 7px; text-align: center; text-overflow: ellipsis; white-space: nowrap;\"><a style=\"color: #c9c8cd; font-family: Arial,sans-serif; font-size: 14px; font-style: normal; font-weight: normal; line-height: 17px; text-decoration: none;\" href=\"https:\/\/www.instagram.com\/p\/DJJ-esWRm0Z\/?utm_source=ig_embed&amp;utm_campaign=loading\" target=\"_blank\" rel=\"noopener\">A post shared by Philly Revolutionary Communists of America (@phillycommunists)<\/a><\/p>\n<\/div>\n<\/blockquote>\n<p><script async src=\"\/\/www.instagram.com\/embed.js\"><\/script><\/p>\n<p>&nbsp;<\/p>\n<p>\u00ab\u00a11-2-3-4, declaramos la guerra de clases!\u00bb.<\/p>\n<p>\u00ab\u00a1No tenemos nada que perder, salvo nuestras cadenas!\u00bb.<\/p>\n<p>\u00ab\u00a1Solo hay una soluci\u00f3n! \u00a1La revoluci\u00f3n comunista!\u00bb.<\/p>\n<p>\u00ab\u00a1Los trabajadores, unidos, nunca ser\u00e1n derrotados!\u00bb.<\/p>\n<p>M\u00e1s de 75 personas se inscribieron para unirse a la RCA y vendimos m\u00e1s de 175 ejemplares de The Communist. En pocas horas, la multitud del Primero de Mayo compr\u00f3 1100 d\u00f3lares en ideas comunistas en forma de peri\u00f3dicos, libros y panfletos.<\/p>\n<p>En Chicago, el camarada Austin se dirigi\u00f3 a una multitud de m\u00e1s de 10.000 personas. M\u00e1s comunistas se dirigieron a la multitud en Boston y Seattle. En Nueva York, Filadelfia y Phoenix, nuestros camaradas aparecieron en las noticias locales. En San Diego, los miembros de nuestro sindicato encabezaron los c\u00e1nticos de la marcha.<\/p>\n<p>En una ciudad tras otra, la RCA est\u00e1 creciendo. Y te necesitamos para luchar en la guerra de clases. \u00a1\u00danete a nosotros!<\/p>\n<p>&nbsp;<\/p>\n","protected":false},"excerpt":{"rendered":"<p>El a\u00f1o 2025 se est\u00e1 convirtiendo en un a\u00f1o decisivo. Lo que antes parec\u00eda fijo y estable ahora se est\u00e1 desmoronando y en constante cambio. Millones de trabajadores y j\u00f3venes buscan comprender por qu\u00e9. Solo los comunistas revolucionarios tienen respuestas claras. En las protestas del D\u00eda Internacional de los Trabajadores de este a\u00f1o, el 1\u00ba&#8230;<\/p>\n","protected":false},"author":62,"featured_media":14646,"comment_status":"open","ping_status":"open","sticky":false,"template":"","format":"standard","meta":{"_monsterinsights_skip_tracking":false,"_monsterinsights_sitenote_active":false,"_monsterinsights_sitenote_note":"","_monsterinsights_sitenote_category":0,"_uf_show_specific_survey":0,"_uf_disable_surveys":false,"_jetpack_memberships_contains_paid_content":false,"footnotes":""},"categories":[982,14,47,6,31,13,984,120,27],"tags":[725,364,619,1878,1502],"class_list":["post-14642","post","type-post","status-publish","format-standard","has-post-thumbnail","hentry","category-actividades","category-america-del-sur","category-asia","category-centroamerica","category-europa","category-internacional","category-internacional-comunista-revolucionaria","category-medio-oriente","category-norteamerica","tag-1-de-mayo","tag-manifestaciones","tag-movimiento-obrero","tag-primero-de-mayo","tag-primero-de-mayo-cmi"],"aioseo_notices":[],"yoast_head":"<!-- This site is optimized with the Yoast SEO plugin v25.6 - https:\/\/yoast.com\/wordpress\/plugins\/seo\/ -->\n<title>Primero de Mayo de 2025: \u00abse levantar\u00e1n las horcas contra el capitalismo\u00bb<\/title>\n<meta name=\"robots\" content=\"index, follow, max-snippet:-1, max-image-preview:large, max-video-preview:-1\" \/>\n<link rel=\"canonical\" href=\"https:\/\/elcomunista.org\/?p=14642\" \/>\n<meta property=\"og:locale\" content=\"es_ES\" \/>\n<meta property=\"og:type\" content=\"article\" \/>\n<meta property=\"og:title\" content=\"Primero de Mayo de 2025: \u00abse levantar\u00e1n las horcas contra el capitalismo\u00bb\" \/>\n<meta property=\"og:description\" content=\"El a\u00f1o 2025 se est\u00e1 convirtiendo en un a\u00f1o decisivo. Lo que antes parec\u00eda fijo y estable ahora se est\u00e1 desmoronando y en constante cambio. Millones de trabajadores y j\u00f3venes buscan comprender por qu\u00e9. Solo los comunistas revolucionarios tienen respuestas claras. En las protestas del D\u00eda Internacional de los Trabajadores de este a\u00f1o, el 1\u00ba...\" \/>\n<meta property=\"og:url\" content=\"https:\/\/elcomunista.org\/?p=14642\" \/>\n<meta property=\"og:site_name\" content=\"Revoluci\u00f3n Comunista\" \/>\n<meta property=\"article:publisher\" content=\"https:\/\/www.facebook.com\/Bloquepopularjuvenil\" \/>\n<meta property=\"article:published_time\" content=\"2025-05-09T02:00:51+00:00\" \/>\n<meta property=\"article:modified_time\" content=\"2025-05-09T02:03:12+00:00\" \/>\n<meta property=\"og:image\" content=\"https:\/\/elcomunista.org\/wp-content\/uploads\/2025\/05\/mayday.jpg\" \/>\n\t<meta property=\"og:image:width\" content=\"1500\" \/>\n\t<meta property=\"og:image:height\" content=\"997\" \/>\n\t<meta property=\"og:image:type\" content=\"image\/jpeg\" \/>\n<meta name=\"author\" content=\"Internacional Comunista Revolucionaria\" \/>\n<meta name=\"twitter:card\" content=\"summary_large_image\" \/>\n<meta name=\"twitter:creator\" content=\"@ElBPJ\" \/>\n<meta name=\"twitter:site\" content=\"@ElBPJ\" \/>\n<meta name=\"twitter:label1\" content=\"Escrito por\" \/>\n\t<meta name=\"twitter:data1\" content=\"Internacional Comunista Revolucionaria\" \/>\n\t<meta name=\"twitter:label2\" content=\"Tiempo de lectura\" \/>\n\t<meta name=\"twitter:data2\" content=\"38 minutos\" \/>\n<script type=\"application\/ld+json\" class=\"yoast-schema-graph\">{\"@context\":\"https:\/\/schema.org\",\"@graph\":[{\"@type\":\"Article\",\"@id\":\"https:\/\/elcomunista.org\/?p=14642#article\",\"isPartOf\":{\"@id\":\"https:\/\/elcomunista.org\/?p=14642\"},\"author\":{\"name\":\"Internacional Comunista Revolucionaria\",\"@id\":\"https:\/\/elcomunista.org\/#\/schema\/person\/f263a81caf9b6558c019b2d6b83e55be\"},\"headline\":\"Primero de Mayo de 2025: \u00abse levantar\u00e1n las horcas contra el capitalismo\u00bb\",\"datePublished\":\"2025-05-09T02:00:51+00:00\",\"dateModified\":\"2025-05-09T02:03:12+00:00\",\"mainEntityOfPage\":{\"@id\":\"https:\/\/elcomunista.org\/?p=14642\"},\"wordCount\":8754,\"commentCount\":0,\"publisher\":{\"@id\":\"https:\/\/elcomunista.org\/#organization\"},\"image\":{\"@id\":\"https:\/\/elcomunista.org\/?p=14642#primaryimage\"},\"thumbnailUrl\":\"https:\/\/elcomunista.org\/wp-content\/uploads\/2025\/05\/mayday.jpg\",\"keywords\":[\"1 de mayo\",\"Manifestaciones\",\"Movimiento obrero\",\"Primero de mayo\",\"Primero de Mayo CMI\"],\"articleSection\":[\"Actividades\",\"Am\u00e9rica del Sur\",\"Asia\",\"Centroam\u00e9rica\",\"Europa\",\"Internacional\",\"Internacional Comunista Revolucionaria\",\"Medio Oriente\",\"Norteam\u00e9rica\"],\"inLanguage\":\"es\",\"potentialAction\":[{\"@type\":\"CommentAction\",\"name\":\"Comment\",\"target\":[\"https:\/\/elcomunista.org\/?p=14642#respond\"]}]},{\"@type\":\"WebPage\",\"@id\":\"https:\/\/elcomunista.org\/?p=14642\",\"url\":\"https:\/\/elcomunista.org\/?p=14642\",\"name\":\"Primero de Mayo de 2025: \u00abse levantar\u00e1n las horcas contra el capitalismo\u00bb\",\"isPartOf\":{\"@id\":\"https:\/\/elcomunista.org\/#website\"},\"primaryImageOfPage\":{\"@id\":\"https:\/\/elcomunista.org\/?p=14642#primaryimage\"},\"image\":{\"@id\":\"https:\/\/elcomunista.org\/?p=14642#primaryimage\"},\"thumbnailUrl\":\"https:\/\/elcomunista.org\/wp-content\/uploads\/2025\/05\/mayday.jpg\",\"datePublished\":\"2025-05-09T02:00:51+00:00\",\"dateModified\":\"2025-05-09T02:03:12+00:00\",\"breadcrumb\":{\"@id\":\"https:\/\/elcomunista.org\/?p=14642#breadcrumb\"},\"inLanguage\":\"es\",\"potentialAction\":[{\"@type\":\"ReadAction\",\"target\":[\"https:\/\/elcomunista.org\/?p=14642\"]}]},{\"@type\":\"ImageObject\",\"inLanguage\":\"es\",\"@id\":\"https:\/\/elcomunista.org\/?p=14642#primaryimage\",\"url\":\"https:\/\/elcomunista.org\/wp-content\/uploads\/2025\/05\/mayday.jpg\",\"contentUrl\":\"https:\/\/elcomunista.org\/wp-content\/uploads\/2025\/05\/mayday.jpg\",\"width\":1500,\"height\":997},{\"@type\":\"BreadcrumbList\",\"@id\":\"https:\/\/elcomunista.org\/?p=14642#breadcrumb\",\"itemListElement\":[{\"@type\":\"ListItem\",\"position\":1,\"name\":\"Portada\",\"item\":\"https:\/\/elcomunista.org\/\"},{\"@type\":\"ListItem\",\"position\":2,\"name\":\"Primero de Mayo de 2025: \u00abse levantar\u00e1n las horcas contra el capitalismo\u00bb\"}]},{\"@type\":\"WebSite\",\"@id\":\"https:\/\/elcomunista.org\/#website\",\"url\":\"https:\/\/elcomunista.org\/\",\"name\":\"Revoluci\u00f3n Comunista\",\"description\":\"Internacional Comunista Revolucionaria\",\"publisher\":{\"@id\":\"https:\/\/elcomunista.org\/#organization\"},\"potentialAction\":[{\"@type\":\"SearchAction\",\"target\":{\"@type\":\"EntryPoint\",\"urlTemplate\":\"https:\/\/elcomunista.org\/?s={search_term_string}\"},\"query-input\":{\"@type\":\"PropertyValueSpecification\",\"valueRequired\":true,\"valueName\":\"search_term_string\"}}],\"inLanguage\":\"es\"},{\"@type\":\"Organization\",\"@id\":\"https:\/\/elcomunista.org\/#organization\",\"name\":\"Bloque Popular Juvenil\",\"url\":\"https:\/\/elcomunista.org\/\",\"logo\":{\"@type\":\"ImageObject\",\"inLanguage\":\"es\",\"@id\":\"https:\/\/elcomunista.org\/#\/schema\/logo\/image\/\",\"url\":\"https:\/\/bloquepopularjuvenil.org\/wp-content\/uploads\/2018\/11\/bpj-militante.jpg\",\"contentUrl\":\"https:\/\/bloquepopularjuvenil.org\/wp-content\/uploads\/2018\/11\/bpj-militante.jpg\",\"width\":4000,\"height\":1390,\"caption\":\"Bloque Popular Juvenil\"},\"image\":{\"@id\":\"https:\/\/elcomunista.org\/#\/schema\/logo\/image\/\"},\"sameAs\":[\"https:\/\/www.facebook.com\/Bloquepopularjuvenil\",\"https:\/\/x.com\/ElBPJ\",\"https:\/\/www.instagram.com\/elbloque_bpj\/?hl=es-la\"]},{\"@type\":\"Person\",\"@id\":\"https:\/\/elcomunista.org\/#\/schema\/person\/f263a81caf9b6558c019b2d6b83e55be\",\"name\":\"Internacional Comunista Revolucionaria\",\"image\":{\"@type\":\"ImageObject\",\"inLanguage\":\"es\",\"@id\":\"https:\/\/elcomunista.org\/#\/schema\/person\/image\/\",\"url\":\"https:\/\/secure.gravatar.com\/avatar\/007ae9c82193c93b7cbb3bbda1ed8c15?s=96&d=mm&r=g\",\"contentUrl\":\"https:\/\/secure.gravatar.com\/avatar\/007ae9c82193c93b7cbb3bbda1ed8c15?s=96&d=mm&r=g\",\"caption\":\"Internacional Comunista Revolucionaria\"},\"url\":\"https:\/\/elcomunista.org\/?author=62\"}]}<\/script>\n<!-- \/ Yoast SEO plugin. -->","yoast_head_json":{"title":"Primero de Mayo de 2025: \u00abse levantar\u00e1n las horcas contra el capitalismo\u00bb","robots":{"index":"index","follow":"follow","max-snippet":"max-snippet:-1","max-image-preview":"max-image-preview:large","max-video-preview":"max-video-preview:-1"},"canonical":"https:\/\/elcomunista.org\/?p=14642","og_locale":"es_ES","og_type":"article","og_title":"Primero de Mayo de 2025: \u00abse levantar\u00e1n las horcas contra el capitalismo\u00bb","og_description":"El a\u00f1o 2025 se est\u00e1 convirtiendo en un a\u00f1o decisivo. Lo que antes parec\u00eda fijo y estable ahora se est\u00e1 desmoronando y en constante cambio. Millones de trabajadores y j\u00f3venes buscan comprender por qu\u00e9. Solo los comunistas revolucionarios tienen respuestas claras. En las protestas del D\u00eda Internacional de los Trabajadores de este a\u00f1o, el 1\u00ba...","og_url":"https:\/\/elcomunista.org\/?p=14642","og_site_name":"Revoluci\u00f3n Comunista","article_publisher":"https:\/\/www.facebook.com\/Bloquepopularjuvenil","article_published_time":"2025-05-09T02:00:51+00:00","article_modified_time":"2025-05-09T02:03:12+00:00","og_image":[{"width":1500,"height":997,"url":"https:\/\/elcomunista.org\/wp-content\/uploads\/2025\/05\/mayday.jpg","type":"image\/jpeg"}],"author":"Internacional Comunista Revolucionaria","twitter_card":"summary_large_image","twitter_creator":"@ElBPJ","twitter_site":"@ElBPJ","twitter_misc":{"Escrito por":"Internacional Comunista Revolucionaria","Tiempo de lectura":"38 minutos"},"schema":{"@context":"https:\/\/schema.org","@graph":[{"@type":"Article","@id":"https:\/\/elcomunista.org\/?p=14642#article","isPartOf":{"@id":"https:\/\/elcomunista.org\/?p=14642"},"author":{"name":"Internacional Comunista Revolucionaria","@id":"https:\/\/elcomunista.org\/#\/schema\/person\/f263a81caf9b6558c019b2d6b83e55be"},"headline":"Primero de Mayo de 2025: \u00abse levantar\u00e1n las horcas contra el capitalismo\u00bb","datePublished":"2025-05-09T02:00:51+00:00","dateModified":"2025-05-09T02:03:12+00:00","mainEntityOfPage":{"@id":"https:\/\/elcomunista.org\/?p=14642"},"wordCount":8754,"commentCount":0,"publisher":{"@id":"https:\/\/elcomunista.org\/#organization"},"image":{"@id":"https:\/\/elcomunista.org\/?p=14642#primaryimage"},"thumbnailUrl":"https:\/\/elcomunista.org\/wp-content\/uploads\/2025\/05\/mayday.jpg","keywords":["1 de mayo","Manifestaciones","Movimiento obrero","Primero de mayo","Primero de Mayo CMI"],"articleSection":["Actividades","Am\u00e9rica del Sur","Asia","Centroam\u00e9rica","Europa","Internacional","Internacional Comunista Revolucionaria","Medio Oriente","Norteam\u00e9rica"],"inLanguage":"es","potentialAction":[{"@type":"CommentAction","name":"Comment","target":["https:\/\/elcomunista.org\/?p=14642#respond"]}]},{"@type":"WebPage","@id":"https:\/\/elcomunista.org\/?p=14642","url":"https:\/\/elcomunista.org\/?p=14642","name":"Primero de Mayo de 2025: \u00abse levantar\u00e1n las horcas contra el capitalismo\u00bb","isPartOf":{"@id":"https:\/\/elcomunista.org\/#website"},"primaryImageOfPage":{"@id":"https:\/\/elcomunista.org\/?p=14642#primaryimage"},"image":{"@id":"https:\/\/elcomunista.org\/?p=14642#primaryimage"},"thumbnailUrl":"https:\/\/elcomunista.org\/wp-content\/uploads\/2025\/05\/mayday.jpg","datePublished":"2025-05-09T02:00:51+00:00","dateModified":"2025-05-09T02:03:12+00:00","breadcrumb":{"@id":"https:\/\/elcomunista.org\/?p=14642#breadcrumb"},"inLanguage":"es","potentialAction":[{"@type":"ReadAction","target":["https:\/\/elcomunista.org\/?p=14642"]}]},{"@type":"ImageObject","inLanguage":"es","@id":"https:\/\/elcomunista.org\/?p=14642#primaryimage","url":"https:\/\/elcomunista.org\/wp-content\/uploads\/2025\/05\/mayday.jpg","contentUrl":"https:\/\/elcomunista.org\/wp-content\/uploads\/2025\/05\/mayday.jpg","width":1500,"height":997},{"@type":"BreadcrumbList","@id":"https:\/\/elcomunista.org\/?p=14642#breadcrumb","itemListElement":[{"@type":"ListItem","position":1,"name":"Portada","item":"https:\/\/elcomunista.org\/"},{"@type":"ListItem","position":2,"name":"Primero de Mayo de 2025: \u00abse levantar\u00e1n las horcas contra el capitalismo\u00bb"}]},{"@type":"WebSite","@id":"https:\/\/elcomunista.org\/#website","url":"https:\/\/elcomunista.org\/","name":"Revoluci\u00f3n Comunista","description":"Internacional Comunista Revolucionaria","publisher":{"@id":"https:\/\/elcomunista.org\/#organization"},"potentialAction":[{"@type":"SearchAction","target":{"@type":"EntryPoint","urlTemplate":"https:\/\/elcomunista.org\/?s={search_term_string}"},"query-input":{"@type":"PropertyValueSpecification","valueRequired":true,"valueName":"search_term_string"}}],"inLanguage":"es"},{"@type":"Organization","@id":"https:\/\/elcomunista.org\/#organization","name":"Bloque Popular Juvenil","url":"https:\/\/elcomunista.org\/","logo":{"@type":"ImageObject","inLanguage":"es","@id":"https:\/\/elcomunista.org\/#\/schema\/logo\/image\/","url":"https:\/\/bloquepopularjuvenil.org\/wp-content\/uploads\/2018\/11\/bpj-militante.jpg","contentUrl":"https:\/\/bloquepopularjuvenil.org\/wp-content\/uploads\/2018\/11\/bpj-militante.jpg","width":4000,"height":1390,"caption":"Bloque Popular Juvenil"},"image":{"@id":"https:\/\/elcomunista.org\/#\/schema\/logo\/image\/"},"sameAs":["https:\/\/www.facebook.com\/Bloquepopularjuvenil","https:\/\/x.com\/ElBPJ","https:\/\/www.instagram.com\/elbloque_bpj\/?hl=es-la"]},{"@type":"Person","@id":"https:\/\/elcomunista.org\/#\/schema\/person\/f263a81caf9b6558c019b2d6b83e55be","name":"Internacional Comunista Revolucionaria","image":{"@type":"ImageObject","inLanguage":"es","@id":"https:\/\/elcomunista.org\/#\/schema\/person\/image\/","url":"https:\/\/secure.gravatar.com\/avatar\/007ae9c82193c93b7cbb3bbda1ed8c15?s=96&d=mm&r=g","contentUrl":"https:\/\/secure.gravatar.com\/avatar\/007ae9c82193c93b7cbb3bbda1ed8c15?s=96&d=mm&r=g","caption":"Internacional Comunista Revolucionaria"},"url":"https:\/\/elcomunista.org\/?author=62"}]}},"jetpack_featured_media_url":"https:\/\/elcomunista.org\/wp-content\/uploads\/2025\/05\/mayday.jpg","jetpack_likes_enabled":true,"jetpack_sharing_enabled":true,"_links":{"self":[{"href":"https:\/\/elcomunista.org\/index.php?rest_route=\/wp\/v2\/posts\/14642"}],"collection":[{"href":"https:\/\/elcomunista.org\/index.php?rest_route=\/wp\/v2\/posts"}],"about":[{"href":"https:\/\/elcomunista.org\/index.php?rest_route=\/wp\/v2\/types\/post"}],"author":[{"embeddable":true,"href":"https:\/\/elcomunista.org\/index.php?rest_route=\/wp\/v2\/users\/62"}],"replies":[{"embeddable":true,"href":"https:\/\/elcomunista.org\/index.php?rest_route=%2Fwp%2Fv2%2Fcomments&post=14642"}],"version-history":[{"count":3,"href":"https:\/\/elcomunista.org\/index.php?rest_route=\/wp\/v2\/posts\/14642\/revisions"}],"predecessor-version":[{"id":14658,"href":"https:\/\/elcomunista.org\/index.php?rest_route=\/wp\/v2\/posts\/14642\/revisions\/14658"}],"wp:featuredmedia":[{"embeddable":true,"href":"https:\/\/elcomunista.org\/index.php?rest_route=\/wp\/v2\/media\/14646"}],"wp:attachment":[{"href":"https:\/\/elcomunista.org\/index.php?rest_route=%2Fwp%2Fv2%2Fmedia&parent=14642"}],"wp:term":[{"taxonomy":"category","embeddable":true,"href":"https:\/\/elcomunista.org\/index.php?rest_route=%2Fwp%2Fv2%2Fcategories&post=14642"},{"taxonomy":"post_tag","embeddable":true,"href":"https:\/\/elcomunista.org\/index.php?rest_route=%2Fwp%2Fv2%2Ftags&post=14642"}],"curies":[{"name":"wp","href":"https:\/\/api.w.org\/{rel}","templated":true}]}}