{"id":14799,"date":"2025-07-04T09:05:14","date_gmt":"2025-07-04T15:05:14","guid":{"rendered":"https:\/\/elcomunista.org\/?p=14799"},"modified":"2025-07-04T09:05:14","modified_gmt":"2025-07-04T15:05:14","slug":"el-papel-del-periodico-politico","status":"publish","type":"post","link":"https:\/\/elcomunista.org\/?p=14799","title":{"rendered":"El papel del peri\u00f3dico pol\u00edtico"},"content":{"rendered":"<table style=\"border-collapse: collapse; width: 29.9717%; height: 157px;\">\n<tbody>\n<tr>\n<td style=\"width: 100%;\"><img loading=\"lazy\" decoding=\"async\" class=\"alignnone size-medium wp-image-14801\" src=\"https:\/\/elcomunista.org\/wp-content\/uploads\/2025\/07\/sssss-300x150.png\" alt=\"\" width=\"300\" height=\"150\" srcset=\"https:\/\/elcomunista.org\/wp-content\/uploads\/2025\/07\/sssss-300x150.png 300w, https:\/\/elcomunista.org\/wp-content\/uploads\/2025\/07\/sssss-600x300.png 600w, https:\/\/elcomunista.org\/wp-content\/uploads\/2025\/07\/sssss.png 728w\" sizes=\"(max-width: 300px) 100vw, 300px\" \/><\/td>\n<\/tr>\n<\/tbody>\n<\/table>\n<p>&nbsp;<\/p>\n[Originalmente publicado en: <a href=\"https:\/\/rumboalterno.net\/2025\/07\/el-papel-del-periodico-politico\/\">rumboalterno.net<\/a>]\n<p>El desarrollo de la internet y de las redes sociales, en los \u00faltimos veinte a\u00f1os, ha convencido a varias organizaciones de izquierda \u2013 algunas de las cuales afirman ser marxistas \u2013 de que pueden prescindir de un peri\u00f3dico pol\u00edtico propiamente dicho. Gracias a Twitter, Instagram, TikTok, YouTube, etc., se dice que la distribuci\u00f3n de un peri\u00f3dico impreso est\u00e1 \u201cobsoleta\u201d.<\/p>\n<p>Es cierto que un partido revolucionario debe desarrollar constantemente su presencia \u201cen l\u00ednea\u201d. Nuestro partido, el PCR, no descuida este aspecto de su trabajo. Sin embargo, la publicaci\u00f3n regular de nuestro peri\u00f3dico, Revolution, es un elemento central en la construcci\u00f3n del PCR. Diversas tareas pol\u00edticas y organizativas solo pueden asumirse mediante la producci\u00f3n y difusi\u00f3n de un peri\u00f3dico impreso.<\/p>\n<p>&nbsp;<\/p>\n<p><span style=\"color: #800000; font-size: 18pt;\"><strong>\u201cOrganizador colectivo\u201d<\/strong><\/span><\/p>\n<p>A principios del siglo XX, Lenin insisti\u00f3 en el papel crucial de un peri\u00f3dico pol\u00edtico. En su art\u00edculo \u00bfPor d\u00f3nde empezar?, publicado en 1901, explic\u00f3: \u201cEl peri\u00f3dico no limita su papel a la difusi\u00f3n de ideas, la educaci\u00f3n pol\u00edtica y el reclutamiento de aliados pol\u00edticos. No es solo un propagandista y un agitador colectivo; tambi\u00e9n es un organizador colectivo. En este sentido, se puede comparar con el andamio que rodea un edificio en construcci\u00f3n; define la estructura del edificio, facilita las comunicaciones entre los diferentes constructores, a los que permite distribuir la tarea y abarcar todos los resultados obtenidos por el trabajo organizado. \u00bb<\/p>\n<p>Por supuesto, esta famosa cita debe volver a colocarse en su contexto hist\u00f3rico. En ese momento, Lenin luch\u00f3 por unificar el movimiento revolucionario ruso que, que a falta de un \u201cperi\u00f3dico pol\u00edtico para toda Rusia\u201c, estaba fragmentado en una multitud de publicaciones y c\u00edrculos locales. Adem\u00e1s, la internet y las redes sociales no exist\u00edan en aquel entonces. Pero estas dos consideraciones pasan por alto lo esencial. Hay en esta cita de Lenin una idea muy profunda, que va m\u00e1s all\u00e1 del contexto concreto de la \u00e9poca, y que el PCR experimenta a diario: el peri\u00f3dico es un excelente \u201corganizador colectivo\u201d, que obliga a organizar constantemente su producci\u00f3n y difusi\u00f3n. Permite a nuestros activistas intervenir -con una herramienta pol\u00edtica de calidad en la mano- en las manifestaciones de j\u00f3venes y trabajadores, en universidades y institutos, en la izquierda pol\u00edtica y sindical, etc.<\/p>\n<p>La producci\u00f3n de un peri\u00f3dico requiere la formaci\u00f3n de buenos redactores. Su regularidad y la diversidad de sus secciones nos empujan a escribir constantemente sobre toda una serie de temas: la actualidad pol\u00edtica, las luchas sociales, el movimiento sindical, las condiciones de trabajo en un sector determinado, la situaci\u00f3n internacional, la teor\u00eda marxista, etc. Ciertamente, un sitio web actualizado regularmente debe cumplir los mismos requisitos. Pero hay que difundir un peri\u00f3dico, es decir, venderse. Esa es la principal e irreductible diferencia con el trabajo \u201cen l\u00ednea\u201d.<\/p>\n<table style=\"border-collapse: collapse; width: 30.1602%; height: 258px;\">\n<tbody>\n<tr>\n<td style=\"width: 100%;\"><img loading=\"lazy\" decoding=\"async\" class=\"alignnone size-medium wp-image-14800\" src=\"https:\/\/elcomunista.org\/wp-content\/uploads\/2025\/07\/dddddd-300x260.png\" alt=\"\" width=\"300\" height=\"260\" srcset=\"https:\/\/elcomunista.org\/wp-content\/uploads\/2025\/07\/dddddd-300x260.png 300w, https:\/\/elcomunista.org\/wp-content\/uploads\/2025\/07\/dddddd-600x520.png 600w, https:\/\/elcomunista.org\/wp-content\/uploads\/2025\/07\/dddddd.png 768w\" sizes=\"(max-width: 300px) 100vw, 300px\" \/><\/td>\n<\/tr>\n<\/tbody>\n<\/table>\n<p>&nbsp;<\/p>\n<p><span style=\"color: #800000;\"><strong><span style=\"font-size: 18pt;\">La distribuci\u00f3n del peri\u00f3dico<\/span><\/strong><\/span><\/p>\n<p>La distribuci\u00f3n de R\u00e9volution estructura la actividad militante del PCR. Brinda la oportunidad de entablar un debate pol\u00edtico con la juventud y trabajadores a los que nos dirigimos. Esto nos permite establecer un contacto pol\u00edtico directo con ellos. Por el contrario, es muy dif\u00edcil, por definici\u00f3n, saber qui\u00e9n lee nuestro sitio web y, sobre todo, entablar un di\u00e1logo pol\u00edtico con nuestros lectores en l\u00ednea. Si no toman la iniciativa de escribirnos, no sabemos nada de ellos y no podemos responder a sus preguntas o inquietudes.<\/p>\n<p>El papel de un peri\u00f3dico pol\u00edtico es evidente cuando se trata de intervenir en una manifestaci\u00f3n, un mitin o un piquete (entre otros). Para dar a conocer el PCR y sus posiciones, es mejor difundir un peri\u00f3dico que la direcci\u00f3n de un sitio web, o un simple bolet\u00edn, que a partir de entonces act\u00faa como un peri\u00f3dico de una sola p\u00e1gina. Los boletines son \u00fatiles, por supuesto, pero no pueden reemplazar el peri\u00f3dico, que ofrece una visi\u00f3n detallada de nuestras posiciones y nuestro programa.<\/p>\n<p>Por \u00faltimo, comprar Revoluci\u00f3n no tiene el mismo significado que la compra de cualquier peri\u00f3dico de la prensa burguesa. Quien nos compra Revoluci\u00f3n -o que se suscribe- est\u00e1 financiando nuestro partido. Esto ya es, en s\u00ed mismo, un acto pol\u00edtico.<\/p>\n<p>Como se\u00f1al\u00f3 Lenin, el desarrollo de un partido revolucionario puede medirse por la calidad de su peri\u00f3dico, la frecuencia de su publicaci\u00f3n y su n\u00famero de lectores, pero tambi\u00e9n el n\u00famero de j\u00f3venes y trabajadores que le env\u00edan contribuciones escritas. En este sentido, querido lector, \u00a1esperamos la suya!<\/p>\n<p>&nbsp;<\/p>\n","protected":false},"excerpt":{"rendered":"<p>&nbsp; [Originalmente publicado en: rumboalterno.net] El desarrollo de la internet y de las redes sociales, en los \u00faltimos veinte a\u00f1os, ha convencido a varias organizaciones de izquierda \u2013 algunas de las cuales afirman ser marxistas \u2013 de que pueden prescindir de un peri\u00f3dico pol\u00edtico propiamente dicho. Gracias a Twitter, Instagram, TikTok, YouTube, etc., se dice&#8230;<\/p>\n","protected":false},"author":167,"featured_media":14801,"comment_status":"open","ping_status":"open","sticky":false,"template":"","format":"standard","meta":{"_monsterinsights_skip_tracking":false,"_monsterinsights_sitenote_active":false,"_monsterinsights_sitenote_note":"","_monsterinsights_sitenote_category":0,"_uf_show_specific_survey":0,"_uf_disable_surveys":false,"_jetpack_memberships_contains_paid_content":false,"footnotes":""},"categories":[63,62,2294],"tags":[2296,2295,1958],"class_list":["post-14799","post","type-post","status-publish","format-standard","has-post-thumbnail","hentry","category-arte-y-cultura","category-juventud-y-educacion","category-prensa","tag-actividades","tag-labor-revolucionaria","tag-prensa"],"aioseo_notices":[],"yoast_head":"<!-- This site is optimized with the Yoast SEO plugin v25.6 - https:\/\/yoast.com\/wordpress\/plugins\/seo\/ -->\n<title>El papel del peri\u00f3dico pol\u00edtico<\/title>\n<meta name=\"robots\" content=\"index, follow, max-snippet:-1, max-image-preview:large, max-video-preview:-1\" \/>\n<link rel=\"canonical\" href=\"https:\/\/elcomunista.org\/?p=14799\" \/>\n<meta property=\"og:locale\" content=\"es_ES\" \/>\n<meta property=\"og:type\" content=\"article\" \/>\n<meta property=\"og:title\" content=\"El papel del peri\u00f3dico pol\u00edtico\" \/>\n<meta property=\"og:description\" content=\"&nbsp; [Originalmente publicado en: rumboalterno.net] El desarrollo de la internet y de las redes sociales, en los \u00faltimos veinte a\u00f1os, ha convencido a varias organizaciones de izquierda \u2013 algunas de las cuales afirman ser marxistas \u2013 de que pueden prescindir de un peri\u00f3dico pol\u00edtico propiamente dicho. Gracias a Twitter, Instagram, TikTok, YouTube, etc., se dice...\" \/>\n<meta property=\"og:url\" content=\"https:\/\/elcomunista.org\/?p=14799\" \/>\n<meta property=\"og:site_name\" content=\"Revoluci\u00f3n Comunista\" \/>\n<meta property=\"article:publisher\" content=\"https:\/\/www.facebook.com\/Bloquepopularjuvenil\" \/>\n<meta property=\"article:published_time\" content=\"2025-07-04T15:05:14+00:00\" \/>\n<meta property=\"og:image\" content=\"https:\/\/elcomunista.org\/wp-content\/uploads\/2025\/07\/sssss.png\" \/>\n\t<meta property=\"og:image:width\" content=\"728\" \/>\n\t<meta property=\"og:image:height\" content=\"364\" \/>\n\t<meta property=\"og:image:type\" content=\"image\/png\" \/>\n<meta name=\"author\" content=\"El Comunista\" \/>\n<meta name=\"twitter:card\" content=\"summary_large_image\" \/>\n<meta name=\"twitter:creator\" content=\"@ElBPJ\" \/>\n<meta name=\"twitter:site\" content=\"@ElBPJ\" \/>\n<meta name=\"twitter:label1\" content=\"Escrito por\" \/>\n\t<meta name=\"twitter:data1\" content=\"El Comunista\" \/>\n\t<meta name=\"twitter:label2\" content=\"Tiempo de lectura\" \/>\n\t<meta name=\"twitter:data2\" content=\"4 minutos\" \/>\n<script type=\"application\/ld+json\" class=\"yoast-schema-graph\">{\"@context\":\"https:\/\/schema.org\",\"@graph\":[{\"@type\":\"Article\",\"@id\":\"https:\/\/elcomunista.org\/?p=14799#article\",\"isPartOf\":{\"@id\":\"https:\/\/elcomunista.org\/?p=14799\"},\"author\":{\"name\":\"El Comunista\",\"@id\":\"https:\/\/elcomunista.org\/#\/schema\/person\/fdbbd0dd2191bd68bfe086a9e21a2b82\"},\"headline\":\"El papel del peri\u00f3dico pol\u00edtico\",\"datePublished\":\"2025-07-04T15:05:14+00:00\",\"mainEntityOfPage\":{\"@id\":\"https:\/\/elcomunista.org\/?p=14799\"},\"wordCount\":804,\"commentCount\":0,\"publisher\":{\"@id\":\"https:\/\/elcomunista.org\/#organization\"},\"image\":{\"@id\":\"https:\/\/elcomunista.org\/?p=14799#primaryimage\"},\"thumbnailUrl\":\"https:\/\/elcomunista.org\/wp-content\/uploads\/2025\/07\/sssss.png\",\"keywords\":[\"Actividades\",\"Labor revolucionaria\",\"Prensa\"],\"articleSection\":[\"Arte y Cultura\",\"Juventud y Educaci\u00f3n\",\"Prensa\"],\"inLanguage\":\"es\",\"potentialAction\":[{\"@type\":\"CommentAction\",\"name\":\"Comment\",\"target\":[\"https:\/\/elcomunista.org\/?p=14799#respond\"]}]},{\"@type\":\"WebPage\",\"@id\":\"https:\/\/elcomunista.org\/?p=14799\",\"url\":\"https:\/\/elcomunista.org\/?p=14799\",\"name\":\"El papel del peri\u00f3dico pol\u00edtico\",\"isPartOf\":{\"@id\":\"https:\/\/elcomunista.org\/#website\"},\"primaryImageOfPage\":{\"@id\":\"https:\/\/elcomunista.org\/?p=14799#primaryimage\"},\"image\":{\"@id\":\"https:\/\/elcomunista.org\/?p=14799#primaryimage\"},\"thumbnailUrl\":\"https:\/\/elcomunista.org\/wp-content\/uploads\/2025\/07\/sssss.png\",\"datePublished\":\"2025-07-04T15:05:14+00:00\",\"breadcrumb\":{\"@id\":\"https:\/\/elcomunista.org\/?p=14799#breadcrumb\"},\"inLanguage\":\"es\",\"potentialAction\":[{\"@type\":\"ReadAction\",\"target\":[\"https:\/\/elcomunista.org\/?p=14799\"]}]},{\"@type\":\"ImageObject\",\"inLanguage\":\"es\",\"@id\":\"https:\/\/elcomunista.org\/?p=14799#primaryimage\",\"url\":\"https:\/\/elcomunista.org\/wp-content\/uploads\/2025\/07\/sssss.png\",\"contentUrl\":\"https:\/\/elcomunista.org\/wp-content\/uploads\/2025\/07\/sssss.png\",\"width\":728,\"height\":364},{\"@type\":\"BreadcrumbList\",\"@id\":\"https:\/\/elcomunista.org\/?p=14799#breadcrumb\",\"itemListElement\":[{\"@type\":\"ListItem\",\"position\":1,\"name\":\"Portada\",\"item\":\"https:\/\/elcomunista.org\/\"},{\"@type\":\"ListItem\",\"position\":2,\"name\":\"El papel del peri\u00f3dico pol\u00edtico\"}]},{\"@type\":\"WebSite\",\"@id\":\"https:\/\/elcomunista.org\/#website\",\"url\":\"https:\/\/elcomunista.org\/\",\"name\":\"Revoluci\u00f3n Comunista\",\"description\":\"Internacional Comunista Revolucionaria\",\"publisher\":{\"@id\":\"https:\/\/elcomunista.org\/#organization\"},\"potentialAction\":[{\"@type\":\"SearchAction\",\"target\":{\"@type\":\"EntryPoint\",\"urlTemplate\":\"https:\/\/elcomunista.org\/?s={search_term_string}\"},\"query-input\":{\"@type\":\"PropertyValueSpecification\",\"valueRequired\":true,\"valueName\":\"search_term_string\"}}],\"inLanguage\":\"es\"},{\"@type\":\"Organization\",\"@id\":\"https:\/\/elcomunista.org\/#organization\",\"name\":\"Bloque Popular Juvenil\",\"url\":\"https:\/\/elcomunista.org\/\",\"logo\":{\"@type\":\"ImageObject\",\"inLanguage\":\"es\",\"@id\":\"https:\/\/elcomunista.org\/#\/schema\/logo\/image\/\",\"url\":\"https:\/\/bloquepopularjuvenil.org\/wp-content\/uploads\/2018\/11\/bpj-militante.jpg\",\"contentUrl\":\"https:\/\/bloquepopularjuvenil.org\/wp-content\/uploads\/2018\/11\/bpj-militante.jpg\",\"width\":4000,\"height\":1390,\"caption\":\"Bloque Popular Juvenil\"},\"image\":{\"@id\":\"https:\/\/elcomunista.org\/#\/schema\/logo\/image\/\"},\"sameAs\":[\"https:\/\/www.facebook.com\/Bloquepopularjuvenil\",\"https:\/\/x.com\/ElBPJ\",\"https:\/\/www.instagram.com\/elbloque_bpj\/?hl=es-la\"]},{\"@type\":\"Person\",\"@id\":\"https:\/\/elcomunista.org\/#\/schema\/person\/fdbbd0dd2191bd68bfe086a9e21a2b82\",\"name\":\"El Comunista\",\"image\":{\"@type\":\"ImageObject\",\"inLanguage\":\"es\",\"@id\":\"https:\/\/elcomunista.org\/#\/schema\/person\/image\/\",\"url\":\"https:\/\/secure.gravatar.com\/avatar\/6a49d03346eeacf32fb184109abe5fbe?s=96&d=mm&r=g\",\"contentUrl\":\"https:\/\/secure.gravatar.com\/avatar\/6a49d03346eeacf32fb184109abe5fbe?s=96&d=mm&r=g\",\"caption\":\"El Comunista\"},\"url\":\"https:\/\/elcomunista.org\/?author=167\"}]}<\/script>\n<!-- \/ Yoast SEO plugin. -->","yoast_head_json":{"title":"El papel del peri\u00f3dico pol\u00edtico","robots":{"index":"index","follow":"follow","max-snippet":"max-snippet:-1","max-image-preview":"max-image-preview:large","max-video-preview":"max-video-preview:-1"},"canonical":"https:\/\/elcomunista.org\/?p=14799","og_locale":"es_ES","og_type":"article","og_title":"El papel del peri\u00f3dico pol\u00edtico","og_description":"&nbsp; [Originalmente publicado en: rumboalterno.net] El desarrollo de la internet y de las redes sociales, en los \u00faltimos veinte a\u00f1os, ha convencido a varias organizaciones de izquierda \u2013 algunas de las cuales afirman ser marxistas \u2013 de que pueden prescindir de un peri\u00f3dico pol\u00edtico propiamente dicho. Gracias a Twitter, Instagram, TikTok, YouTube, etc., se dice...","og_url":"https:\/\/elcomunista.org\/?p=14799","og_site_name":"Revoluci\u00f3n Comunista","article_publisher":"https:\/\/www.facebook.com\/Bloquepopularjuvenil","article_published_time":"2025-07-04T15:05:14+00:00","og_image":[{"width":728,"height":364,"url":"https:\/\/elcomunista.org\/wp-content\/uploads\/2025\/07\/sssss.png","type":"image\/png"}],"author":"El Comunista","twitter_card":"summary_large_image","twitter_creator":"@ElBPJ","twitter_site":"@ElBPJ","twitter_misc":{"Escrito por":"El Comunista","Tiempo de lectura":"4 minutos"},"schema":{"@context":"https:\/\/schema.org","@graph":[{"@type":"Article","@id":"https:\/\/elcomunista.org\/?p=14799#article","isPartOf":{"@id":"https:\/\/elcomunista.org\/?p=14799"},"author":{"name":"El Comunista","@id":"https:\/\/elcomunista.org\/#\/schema\/person\/fdbbd0dd2191bd68bfe086a9e21a2b82"},"headline":"El papel del peri\u00f3dico pol\u00edtico","datePublished":"2025-07-04T15:05:14+00:00","mainEntityOfPage":{"@id":"https:\/\/elcomunista.org\/?p=14799"},"wordCount":804,"commentCount":0,"publisher":{"@id":"https:\/\/elcomunista.org\/#organization"},"image":{"@id":"https:\/\/elcomunista.org\/?p=14799#primaryimage"},"thumbnailUrl":"https:\/\/elcomunista.org\/wp-content\/uploads\/2025\/07\/sssss.png","keywords":["Actividades","Labor revolucionaria","Prensa"],"articleSection":["Arte y Cultura","Juventud y Educaci\u00f3n","Prensa"],"inLanguage":"es","potentialAction":[{"@type":"CommentAction","name":"Comment","target":["https:\/\/elcomunista.org\/?p=14799#respond"]}]},{"@type":"WebPage","@id":"https:\/\/elcomunista.org\/?p=14799","url":"https:\/\/elcomunista.org\/?p=14799","name":"El papel del peri\u00f3dico pol\u00edtico","isPartOf":{"@id":"https:\/\/elcomunista.org\/#website"},"primaryImageOfPage":{"@id":"https:\/\/elcomunista.org\/?p=14799#primaryimage"},"image":{"@id":"https:\/\/elcomunista.org\/?p=14799#primaryimage"},"thumbnailUrl":"https:\/\/elcomunista.org\/wp-content\/uploads\/2025\/07\/sssss.png","datePublished":"2025-07-04T15:05:14+00:00","breadcrumb":{"@id":"https:\/\/elcomunista.org\/?p=14799#breadcrumb"},"inLanguage":"es","potentialAction":[{"@type":"ReadAction","target":["https:\/\/elcomunista.org\/?p=14799"]}]},{"@type":"ImageObject","inLanguage":"es","@id":"https:\/\/elcomunista.org\/?p=14799#primaryimage","url":"https:\/\/elcomunista.org\/wp-content\/uploads\/2025\/07\/sssss.png","contentUrl":"https:\/\/elcomunista.org\/wp-content\/uploads\/2025\/07\/sssss.png","width":728,"height":364},{"@type":"BreadcrumbList","@id":"https:\/\/elcomunista.org\/?p=14799#breadcrumb","itemListElement":[{"@type":"ListItem","position":1,"name":"Portada","item":"https:\/\/elcomunista.org\/"},{"@type":"ListItem","position":2,"name":"El papel del peri\u00f3dico pol\u00edtico"}]},{"@type":"WebSite","@id":"https:\/\/elcomunista.org\/#website","url":"https:\/\/elcomunista.org\/","name":"Revoluci\u00f3n Comunista","description":"Internacional Comunista Revolucionaria","publisher":{"@id":"https:\/\/elcomunista.org\/#organization"},"potentialAction":[{"@type":"SearchAction","target":{"@type":"EntryPoint","urlTemplate":"https:\/\/elcomunista.org\/?s={search_term_string}"},"query-input":{"@type":"PropertyValueSpecification","valueRequired":true,"valueName":"search_term_string"}}],"inLanguage":"es"},{"@type":"Organization","@id":"https:\/\/elcomunista.org\/#organization","name":"Bloque Popular Juvenil","url":"https:\/\/elcomunista.org\/","logo":{"@type":"ImageObject","inLanguage":"es","@id":"https:\/\/elcomunista.org\/#\/schema\/logo\/image\/","url":"https:\/\/bloquepopularjuvenil.org\/wp-content\/uploads\/2018\/11\/bpj-militante.jpg","contentUrl":"https:\/\/bloquepopularjuvenil.org\/wp-content\/uploads\/2018\/11\/bpj-militante.jpg","width":4000,"height":1390,"caption":"Bloque Popular Juvenil"},"image":{"@id":"https:\/\/elcomunista.org\/#\/schema\/logo\/image\/"},"sameAs":["https:\/\/www.facebook.com\/Bloquepopularjuvenil","https:\/\/x.com\/ElBPJ","https:\/\/www.instagram.com\/elbloque_bpj\/?hl=es-la"]},{"@type":"Person","@id":"https:\/\/elcomunista.org\/#\/schema\/person\/fdbbd0dd2191bd68bfe086a9e21a2b82","name":"El Comunista","image":{"@type":"ImageObject","inLanguage":"es","@id":"https:\/\/elcomunista.org\/#\/schema\/person\/image\/","url":"https:\/\/secure.gravatar.com\/avatar\/6a49d03346eeacf32fb184109abe5fbe?s=96&d=mm&r=g","contentUrl":"https:\/\/secure.gravatar.com\/avatar\/6a49d03346eeacf32fb184109abe5fbe?s=96&d=mm&r=g","caption":"El Comunista"},"url":"https:\/\/elcomunista.org\/?author=167"}]}},"jetpack_featured_media_url":"https:\/\/elcomunista.org\/wp-content\/uploads\/2025\/07\/sssss.png","jetpack_likes_enabled":true,"jetpack_sharing_enabled":true,"_links":{"self":[{"href":"https:\/\/elcomunista.org\/index.php?rest_route=\/wp\/v2\/posts\/14799"}],"collection":[{"href":"https:\/\/elcomunista.org\/index.php?rest_route=\/wp\/v2\/posts"}],"about":[{"href":"https:\/\/elcomunista.org\/index.php?rest_route=\/wp\/v2\/types\/post"}],"author":[{"embeddable":true,"href":"https:\/\/elcomunista.org\/index.php?rest_route=\/wp\/v2\/users\/167"}],"replies":[{"embeddable":true,"href":"https:\/\/elcomunista.org\/index.php?rest_route=%2Fwp%2Fv2%2Fcomments&post=14799"}],"version-history":[{"count":1,"href":"https:\/\/elcomunista.org\/index.php?rest_route=\/wp\/v2\/posts\/14799\/revisions"}],"predecessor-version":[{"id":14804,"href":"https:\/\/elcomunista.org\/index.php?rest_route=\/wp\/v2\/posts\/14799\/revisions\/14804"}],"wp:featuredmedia":[{"embeddable":true,"href":"https:\/\/elcomunista.org\/index.php?rest_route=\/wp\/v2\/media\/14801"}],"wp:attachment":[{"href":"https:\/\/elcomunista.org\/index.php?rest_route=%2Fwp%2Fv2%2Fmedia&parent=14799"}],"wp:term":[{"taxonomy":"category","embeddable":true,"href":"https:\/\/elcomunista.org\/index.php?rest_route=%2Fwp%2Fv2%2Fcategories&post=14799"},{"taxonomy":"post_tag","embeddable":true,"href":"https:\/\/elcomunista.org\/index.php?rest_route=%2Fwp%2Fv2%2Ftags&post=14799"}],"curies":[{"name":"wp","href":"https:\/\/api.w.org\/{rel}","templated":true}]}}