{"id":14824,"date":"2025-07-10T10:14:01","date_gmt":"2025-07-10T16:14:01","guid":{"rendered":"https:\/\/elcomunista.org\/?p=14824"},"modified":"2025-07-10T10:14:01","modified_gmt":"2025-07-10T16:14:01","slug":"serbia-vucic-amenaza-con-la-represion-ante-el-desafio-de-masas","status":"publish","type":"post","link":"https:\/\/elcomunista.org\/?p=14824","title":{"rendered":"Serbia: Vu\u010di\u0107 amenaza con la represi\u00f3n ante el desaf\u00edo de masas"},"content":{"rendered":"<p>El s\u00e1bado 28 de junio marc\u00f3 un nuevo intento de las masas por imponer una soluci\u00f3n a su enfrentamiento de ocho meses con el presidente Aleksandar Vu\u010di\u0107. Una manifestaci\u00f3n masiva de 150.000 personas se extendi\u00f3 por Belgrado. Los gritos de \u00ab<em>Uhapsite Vu\u010di\u0107a!<\/em>\u00bb (\u00ab\u00a1Arresten a Vu\u010di\u0107!\u00bb) resonaron en las calles y plazas. Tambi\u00e9n se exigieron con fuerza elecciones anticipadas. La lucha se ha mantenido ininterrumpidamente desde el derrumbe de la marquesina de la estaci\u00f3n de tren de Novi Sad el 1 de noviembre, que caus\u00f3 la muerte de 16 personas y puso de manifiesto el fracaso sist\u00e9mico y la corrupci\u00f3n del r\u00e9gimen.<\/p>\n<p>La exigencia de que los responsables rindan cuentas por la tragedia que est\u00e1 en el centro de este movimiento ha sido constantemente rechazada por Vu\u010di\u0107. Est\u00e1 claro que el r\u00e9gimen no puede satisfacer ni siquiera una demanda tan b\u00e1sica. Desde hace tiempo, una gran parte de la sociedad serbia tiene cada vez m\u00e1s claro que, mientras Vu\u010di\u0107 siga en el poder, los responsables de este crimen, o de cualquiera de los m\u00faltiples esc\u00e1ndalos de corrupci\u00f3n que han mancillado de forma indeleble al r\u00e9gimen, nunca rendir\u00e1n cuentas.<\/p>\n<p>Tras la cat\u00e1strofe, los estudiantes decidieron que ya era suficiente y ocuparon las facultades de su universidad. Desde entonces, han organizado su lucha a trav\u00e9s de asambleas estudiantiles democr\u00e1ticas llamadas\u00a0<em>plenarios<\/em>, una tradici\u00f3n que proviene de anteriores luchas estudiantiles. Estas han sido la columna vertebral del movimiento desde entonces, resistiendo valientemente todas las presiones y amenazas, y movilizando el apoyo popular masivo a su alrededor.<\/p>\n<p>Durante ocho meses, las ocupaciones de facultades, las manifestaciones, los bloqueos de carreteras y las miles de protestas en todo el pa\u00eds se han mantenido pac\u00edficas a pesar de las provocaciones calculadas del r\u00e9gimen. Esto incluye el uso imprudente de un ca\u00f1\u00f3n s\u00f3nico contra cientos de miles de personas en la manifestaci\u00f3n masiva del 15 de marzo en Belgrado. La estampida provocada por el impacto del arma s\u00f3nica podr\u00eda haber causado muchas v\u00edctimas. Varios manifestantes resultaron heridos, pero las consecuencias podr\u00edan haber sido mucho peores.<\/p>\n<p>Sin embargo, el s\u00e1bado estallaron los enfrentamientos, que se saldaron con la detenci\u00f3n de decenas de manifestantes por parte de la polic\u00eda y las fuerzas de seguridad.<\/p>\n<p>Al d\u00eda siguiente, Vu\u010di\u0107, con su estilo amenazante habitual, declar\u00f3 que no habr\u00eda \u00abindultos\u00bb para los activistas antigubernamentales. \u00abNo se puede derrotar a Serbia con violencia, Serbia no se ha detenido ni se detendr\u00e1\u00bb, declar\u00f3 Vu\u010di\u0107 en una rueda de prensa, convirtiendo el lema de su partido \u2014\u00abSerbia no debe detenerse\u00bb\u2014 en un mantra.<\/p>\n<p>Como de costumbre, Vu\u010di\u0107 se equipar\u00f3 a la naci\u00f3n y, de forma poco sutil, insinu\u00f3 que el movimiento contra su gobierno es \u00abantiserbio\u00bb. Prometi\u00f3 m\u00e1s detenciones y desestim\u00f3 las peticiones de elecciones anticipadas. Tambi\u00e9n acus\u00f3 a los manifestantes de hacer \u00abun llamamiento directo a los conflictos civiles y a los ataques contra la polic\u00eda\u00bb.<\/p>\n<p>Por cierto, este comentario confirma hasta qu\u00e9 punto el r\u00e9gimen se ha visto socavado por meses de acciones masivas. Esto no se ha limitado a manifestaciones masivas como la del s\u00e1bado o la a\u00fan mayor del 15 de marzo. Ha habido\u00a0<em>miles de<\/em>\u00a0acciones de masas en todo el pa\u00eds.<\/p>\n<p>Los llamamientos de los estudiantes para ampliar la protesta m\u00e1s all\u00e1 de su base estudiantil inicial han avanzado claramente la conciencia de m\u00e1s de un mill\u00f3n de personas, que han participado activamente en las protestas, as\u00ed como de muchas m\u00e1s que las han apoyado durante los \u00faltimos meses.<\/p>\n<h2><span style=\"color: #993300;\">El papel de la clase obrera<\/span><\/h2>\n<p>Los estudiantes han comprendido claramente que el r\u00e9gimen solo puede ser derrocado mediante la movilizaci\u00f3n total de la clase obrera. Por esta raz\u00f3n, durante m\u00e1s de seis meses han lanzado llamamientos a los dirigentes sindicales para que convoquen una huelga general. Estos llamamientos han encontrado eco en capas de la clase obrera que se han sumado al movimiento, pero hasta ahora han ca\u00eddo en o\u00eddos sordos de los l\u00edderes sindicales.<\/p>\n<p>El 22 de marzo, los estudiantes organizaron una reuni\u00f3n que reuni\u00f3 a los l\u00edderes de las diferentes confederaciones sindicales para discutir acciones conjuntas contra la ley laboral, y lograron organizar manifestaciones conjuntas el Primero de Mayo.<\/p>\n<p>Sin embargo, los estudiantes han rechazado acertadamente limitarse a colaborar solamente con los l\u00edderes sindicales. A principios de marzo, lanzaron un amplio llamamiento para la formaci\u00f3n de asambleas ciudadanas masivas en los barrios, llamadas \u00ab<em>zborovi<\/em>\u00bb (plural de \u00ab<em>zbor<\/em>\u00bb, que significa \u00abasamblea\u00bb).<\/p>\n<p>Desde entonces, en un auge de la actividad de las masas tras la gran manifestaci\u00f3n del 15 de marzo, los\u00a0<em>zborovi<\/em>\u00a0han proliferado por todo el pa\u00eds. Los estudiantes tambi\u00e9n han pedido que se establezcan\u00a0<em>zborovi<\/em>\u00a0obreros en todos los lugares de trabajo. Si se generalizan, esto significar\u00eda una participaci\u00f3n m\u00e1s plena de la clase obrera como clase en el movimiento, lo que ser\u00eda decisivo para su victoria.<\/p>\n<p>Los\u00a0<em>zborovi<\/em>\u00a0son \u00f3rganos a trav\u00e9s de los cuales se organizan las masas. Si el movimiento de masas se intensifica, lo m\u00e1s probable es que se exprese a trav\u00e9s de una ola a\u00fan mayor de participaci\u00f3n en los\u00a0<em>zborovi<\/em>\u00a0y de mayores intentos de centralizaci\u00f3n y coordinaci\u00f3n de los mismos. En otras palabras, el grado de expansi\u00f3n y coordinaci\u00f3n de los\u00a0<em>zborovi<\/em>\u00a0a nivel local y nacional es un indicio de la profundidad de la crisis revolucionaria que se est\u00e1 desarrollando en la sociedad.<\/p>\n<p>La magnitud y la intensidad del movimiento de masas podr\u00edan intensificarse a\u00fan m\u00e1s si Vu\u010di\u0107 intentara recurrir a la represi\u00f3n. Como explic\u00f3 Marx, en ocasiones una revoluci\u00f3n necesita del l\u00e1tigo de la contrarrevoluci\u00f3n para avanzar. Este podr\u00eda ser el caso de Serbia.<\/p>\n<p>Un error de c\u00e1lculo del r\u00e9gimen, como un intento fallido de reprimir las protestas o poner fin a las ocupaciones estudiantiles, podr\u00eda encender la ira y la frustraci\u00f3n revolucionarias y desencadenar una revoluci\u00f3n en toda regla contra el r\u00e9gimen. Por eso, hasta ahora, a pesar de todas las bravuconadas de Vu\u010di\u0107, el r\u00e9gimen ha sido extremadamente cuidadoso en no utilizar la represi\u00f3n estatal descarada para reprimir el movimiento. Esto tambi\u00e9n puede ser el resultado de divisiones internas en la clase dominante sobre c\u00f3mo hacer frente a la crisis a la que se enfrentan.<\/p>\n<p>Por otro lado, el \u00e1nimo desafiante en los bloqueos de carreteras que comenzaron el domingo y se intensificaron el lunes tras la detenci\u00f3n de varios estudiantes, indica que el movimiento est\u00e1 lejos de haber agotado toda su energ\u00eda. Se levantaron una docena de bloqueos en Belgrado, y el principal, en Zemun, fue objeto de detenciones por parte de las fuerzas de seguridad. Se levantaron varios m\u00e1s en Novi Sad y en Kragujevac, y desde all\u00ed se extendieron al resto del pa\u00eds.<\/p>\n<p>Las\u00a0im\u00e1genes\u00a0de los bloqueos de carreteras en Kragujevac muestran el car\u00e1cter masivo de estas acciones y la confianza de los manifestantes. Hemos recibido informes de que el Gobierno tom\u00f3 medidas para retirar los contenedores y las vallas de las carreteras, por lo que los manifestantes han recurrido a bloquear las carreteras con sus propios cuerpos.<\/p>\n<p>Cuando la polic\u00eda interviene para dispersar un bloqueo, la gente simplemente se desplaza m\u00e1s abajo por la acera, espera a que la polic\u00eda se marche y vuelve a montar otro. Todo esto demuestra que la gente com\u00fan ha perdido el miedo a las autoridades y no se deja intimidar por las amenazas del r\u00e9gimen.<\/p>\n<h2><span style=\"color: #993300;\">\u00bfSe est\u00e1 preparando Vu\u010di\u0107 para un enfrentamiento?<\/span><\/h2>\n<p>Las amenazas de Vu\u010di\u0107 no son nuevas y ya han servido para radicalizar las protestas. Sin embargo, est\u00e1 claro que el r\u00e9gimen est\u00e1 cada vez m\u00e1s inquieto y que Vu\u010di\u0107 est\u00e1 contando con el cansancio y la frustraci\u00f3n crecientes entre las capas m\u00e1s avanzadas, que llevan ocho meses al frente de las protestas. Est\u00e1 tanteando el terreno para un posible enfrentamiento, buscando una oportunidad para asestar un golpe decisivo y desmoralizar a las masas para que se vuelvan pasivas.<\/p>\n<p>Una de las caracter\u00edsticas m\u00e1s destacadas de este movimiento de masas es su larga duraci\u00f3n. Para los estudiantes y los trabajadores que se est\u00e1n movilizando, ha quedado claro que la lucha para derrocar al r\u00e9gimen, que ha consolidado su control del poder durante m\u00e1s de una d\u00e9cada, requiere un movimiento que pueda aguantar un minuto m\u00e1s que el r\u00e9gimen.<\/p>\n<p>El r\u00e9gimen ha desarrollado una serie de t\u00e1cticas para provocar. Una de ellas ha sido la creaci\u00f3n de campamentos protegidos por la polic\u00eda y favorables a Vu\u010di\u0107, como el que se encuentra cerca del edificio de la Asamblea Nacional. Ha sido fuente de continuos ataques y provocaciones en los d\u00edas previos a las grandes manifestaciones. Por ejemplo, estos campamentos de provocadores fueron utilizados por el r\u00e9gimen para perturbar los preparativos de la gran manifestaci\u00f3n del 15 de marzo. Esto fracas\u00f3 claramente.<\/p>\n<p>Esta vez, los estudiantes dieron un ultim\u00e1tum al campamento para que se disolviera antes de las 9 de la noche del s\u00e1bado. Este ultim\u00e1tum fue ignorado, lo que llev\u00f3 a un contingente considerable de manifestantes a intentar desalojar el campamento y a enfrentarse con la polic\u00eda.<\/p>\n<p>Los medios de comunicaci\u00f3n internacionales han aprovechado hip\u00f3critamente este hecho para presentar al movimiento como \u00abviolento\u00bb. Por supuesto, no aplican el mismo rasero a los matones pro-Vu\u010di\u0107 reunidos en el campamento, ni a las fuerzas de seguridad que los protegen.<\/p>\n<p>Por cierto, el notable movimiento que se ha desarrollado en los \u00faltimos ocho meses ha sido ignorado en gran medida por los medios de comunicaci\u00f3n europeos e internacionales hasta ahora. Cabr\u00eda pensar que los medios de comunicaci\u00f3n europeos prestar\u00edan atenci\u00f3n a lo que est\u00e1 sucediendo en Serbia tras meses de movilizaciones masivas. Sin embargo, lo que hemos observado es un silencio llamativo. En el mejor de los casos, recibimos informes castrados y rutinarios de las agencias de noticias, desprovistos de cualquier detalle. Es como si creyeran que este movimiento puede ignorarse hasta que desaparezca. La actitud de la llamada \u00abprensa libre\u00bb refleja el miedo a la revoluci\u00f3n que impera entre las clases dominantes europeas.<\/p>\n<p>Las t\u00e1cticas violentas aplicadas por el r\u00e9gimen muestran la necesidad de organizar sistem\u00e1ticamente \u00f3rganos de autodefensa del movimiento bajo el control de los\u00a0<em>zborovi<\/em>\u00a0y otras organizaciones de masas a trav\u00e9s de las cuales se organiza el movimiento. Estos \u00f3rganos de autodefensa ya existen y est\u00e1n bien organizados, habiendo surgido de la necesidad de proteger los bloqueos de carreteras, las ocupaciones y las manifestaciones contra los provocadores y los ataques violentos. En la mayor\u00eda de los casos, estas unidades de autodefensa est\u00e1n organizadas por estudiantes, con el asesoramiento de veteranos del ej\u00e9rcito serbio que apoyan el movimiento, as\u00ed como de otros simpatizantes, entre ellos motociclistas.<\/p>\n<p>Desde que comenzaron las protestas hace ocho meses, Vu\u010di\u0107 ha intentado constantemente socavarlas desatando una campa\u00f1a medi\u00e1tica masiva para criminalizar a los estudiantes y a cualquiera que los apoye. Esto ha tenido como objetivo principal galvanizar y movilizar a sus propios seguidores. Argument\u00f3, sin una pizca de prueba, que detr\u00e1s de las protestas se escond\u00edan poderes extranjeros no especificados, cuyo objetivo era provocar una \u00abrevoluci\u00f3n de colores\u00bb. Es dif\u00edcil imaginar qu\u00e9 \u00abpoderes\u00bb se esconden detr\u00e1s de este complot, dado que el r\u00e9gimen cuenta con el apoyo de la Uni\u00f3n Europea, Estados Unidos e incluso Rusia y China.<\/p>\n<p>Esta provocadora campa\u00f1a ha dado lugar a varios ataques violentos contra el movimiento. El 16 de enero, un conductor, posiblemente un partidario de Vu\u010di\u0107 o alguien afectado por la campa\u00f1a de odio contra las protestas, arroll\u00f3 con su coche un bloqueo de carretera e hiri\u00f3 gravemente a una estudiante. Este episodio provoc\u00f3 una explosi\u00f3n de indignaci\u00f3n, que Vu\u010di\u0107 intent\u00f3 apaciguar presionando para que dimitiera el primer ministro. Es tambi\u00e9n una muestra de la fragilidad de los cimientos sobre los que se sustenta el r\u00e9gimen.<\/p>\n<h2><span style=\"color: #993300;\">\u00bfQu\u00e9 camino seguir?<\/span><\/h2>\n<p>Los estudiantes piden elecciones anticipadas y han anunciado que respaldar\u00e1n una lista de candidatos. Esta demanda ha obtenido un apoyo masivo. La principal raz\u00f3n por la que la demanda de elecciones anticipadas ha obtenido un amplio apoyo es que, tras ocho meses de movimiento, no parece haber ninguna soluci\u00f3n para salir del punto muerto en el que se encuentran las fuerzas. La desconfianza masiva hacia el Gobierno y la oposici\u00f3n parlamentaria oficial se pone de manifiesto en la actitud de las masas, que empujan a los pol\u00edticos de la oposici\u00f3n hacia el lado del movimiento.<\/p>\n<p>Sin embargo, est\u00e1 claro que el r\u00e9gimen no tiene intenci\u00f3n de conceder unas elecciones que no est\u00e1 convencido de poder ganar. La \u00fanica forma de obligarlos a ceder en esto, como en todas las dem\u00e1s demandas, es intensificar el movimiento, generalizar los\u00a0<em>zborovi<\/em>\u00a0a todos los barrios y lugares de trabajo, y coordinarlos y centralizarlos. Solo as\u00ed ser\u00e1 posible utilizar toda la fuerza de la clase trabajadora para derrocar al r\u00e9gimen. Vu\u010di\u0107 debe irse, y con \u00e9l el r\u00e9gimen del Partido Progresista Serbio.<\/p>\n<p>Ocho meses de movilizaci\u00f3n han demostrado sin lugar a dudas que los trabajadores y la juventud de Serbia han conquistado el derecho a elegir su propio destino. No es solo un presidente o un primer ministro lo que hay que cambiar. Todo el sistema podrido que cre\u00f3 y aliment\u00f3 a Vu\u010di\u0107 y sus compinches debe ser derrocado junto con ellos.<\/p>\n<p>Como comunistas, apoyamos el derecho de todos los pueblos a decidir democr\u00e1ticamente su propio destino. Para ello, deben establecer el control sobre los bancos, el sistema financiero, las empresas mineras y los monopolios, ya sean propiedad de capitalistas serbios o extranjeros. Esto no se puede lograr a menos que se expropie a los saqueadores de la riqueza de toda la naci\u00f3n y se pongan las principales palancas de la econom\u00eda bajo el control y la gesti\u00f3n democr\u00e1ticos de la clase trabajadora, y se planifique la producci\u00f3n para satisfacer las necesidades de la gran mayor\u00eda.<\/p>\n<p>2 de julio de 2025<\/p>\n","protected":false},"excerpt":{"rendered":"<p>El s\u00e1bado 28 de junio marc\u00f3 un nuevo intento de las masas por imponer una soluci\u00f3n a su enfrentamiento de ocho meses con el presidente Aleksandar Vu\u010di\u0107. Una manifestaci\u00f3n masiva de 150.000 personas se extendi\u00f3 por Belgrado. Los gritos de \u00abUhapsite Vu\u010di\u0107a!\u00bb (\u00ab\u00a1Arresten a Vu\u010di\u0107!\u00bb) resonaron en las calles y plazas. Tambi\u00e9n se exigieron con&#8230;<\/p>\n","protected":false},"author":43,"featured_media":14825,"comment_status":"open","ping_status":"open","sticky":false,"template":"","format":"standard","meta":{"_monsterinsights_skip_tracking":false,"_monsterinsights_sitenote_active":false,"_monsterinsights_sitenote_note":"","_monsterinsights_sitenote_category":0,"_uf_show_specific_survey":0,"_uf_disable_surveys":false,"_jetpack_memberships_contains_paid_content":false,"footnotes":""},"categories":[13,537],"tags":[222,2224,2302],"class_list":["post-14824","post","type-post","status-publish","format-standard","has-post-thumbnail","hentry","category-internacional","category-principales","tag-represion","tag-serbia","tag-vucic"],"aioseo_notices":[],"yoast_head":"<!-- This site is optimized with the Yoast SEO plugin v25.6 - https:\/\/yoast.com\/wordpress\/plugins\/seo\/ -->\n<title>Serbia: Vu\u010di\u0107 amenaza con la represi\u00f3n ante el desaf\u00edo de masas<\/title>\n<meta name=\"robots\" content=\"index, follow, max-snippet:-1, max-image-preview:large, max-video-preview:-1\" \/>\n<link rel=\"canonical\" href=\"https:\/\/elcomunista.org\/?p=14824\" \/>\n<meta property=\"og:locale\" content=\"es_ES\" \/>\n<meta property=\"og:type\" content=\"article\" \/>\n<meta property=\"og:title\" content=\"Serbia: Vu\u010di\u0107 amenaza con la represi\u00f3n ante el desaf\u00edo de masas\" \/>\n<meta property=\"og:description\" content=\"El s\u00e1bado 28 de junio marc\u00f3 un nuevo intento de las masas por imponer una soluci\u00f3n a su enfrentamiento de ocho meses con el presidente Aleksandar Vu\u010di\u0107. Una manifestaci\u00f3n masiva de 150.000 personas se extendi\u00f3 por Belgrado. Los gritos de \u00abUhapsite Vu\u010di\u0107a!\u00bb (\u00ab\u00a1Arresten a Vu\u010di\u0107!\u00bb) resonaron en las calles y plazas. Tambi\u00e9n se exigieron con...\" \/>\n<meta property=\"og:url\" content=\"https:\/\/elcomunista.org\/?p=14824\" \/>\n<meta property=\"og:site_name\" content=\"Revoluci\u00f3n Comunista\" \/>\n<meta property=\"article:publisher\" content=\"https:\/\/www.facebook.com\/Bloquepopularjuvenil\" \/>\n<meta property=\"article:published_time\" content=\"2025-07-10T16:14:01+00:00\" \/>\n<meta property=\"og:image\" content=\"https:\/\/elcomunista.org\/wp-content\/uploads\/2025\/07\/police_and_protest_png_Image_Masina.png\" \/>\n\t<meta property=\"og:image:width\" content=\"988\" \/>\n\t<meta property=\"og:image:height\" content=\"659\" \/>\n\t<meta property=\"og:image:type\" content=\"image\/png\" \/>\n<meta name=\"author\" content=\"Francesco Merli\" \/>\n<meta name=\"twitter:card\" content=\"summary_large_image\" \/>\n<meta name=\"twitter:creator\" content=\"@ElBPJ\" \/>\n<meta name=\"twitter:site\" content=\"@ElBPJ\" \/>\n<meta name=\"twitter:label1\" content=\"Escrito por\" \/>\n\t<meta name=\"twitter:data1\" content=\"Francesco Merli\" \/>\n\t<meta name=\"twitter:label2\" content=\"Tiempo de lectura\" \/>\n\t<meta name=\"twitter:data2\" content=\"11 minutos\" \/>\n<script type=\"application\/ld+json\" class=\"yoast-schema-graph\">{\"@context\":\"https:\/\/schema.org\",\"@graph\":[{\"@type\":\"Article\",\"@id\":\"https:\/\/elcomunista.org\/?p=14824#article\",\"isPartOf\":{\"@id\":\"https:\/\/elcomunista.org\/?p=14824\"},\"author\":{\"name\":\"Francesco Merli\",\"@id\":\"https:\/\/elcomunista.org\/#\/schema\/person\/b32536260ebe2a6fac5609757c7ecb0d\"},\"headline\":\"Serbia: Vu\u010di\u0107 amenaza con la represi\u00f3n ante el desaf\u00edo de masas\",\"datePublished\":\"2025-07-10T16:14:01+00:00\",\"mainEntityOfPage\":{\"@id\":\"https:\/\/elcomunista.org\/?p=14824\"},\"wordCount\":2452,\"commentCount\":0,\"publisher\":{\"@id\":\"https:\/\/elcomunista.org\/#organization\"},\"image\":{\"@id\":\"https:\/\/elcomunista.org\/?p=14824#primaryimage\"},\"thumbnailUrl\":\"https:\/\/elcomunista.org\/wp-content\/uploads\/2025\/07\/police_and_protest_png_Image_Masina.png\",\"keywords\":[\"Represi\u00f3n\",\"Serbia\",\"Vu\u010di\u0107\"],\"articleSection\":[\"Internacional\",\"Principales\"],\"inLanguage\":\"es\",\"potentialAction\":[{\"@type\":\"CommentAction\",\"name\":\"Comment\",\"target\":[\"https:\/\/elcomunista.org\/?p=14824#respond\"]}]},{\"@type\":\"WebPage\",\"@id\":\"https:\/\/elcomunista.org\/?p=14824\",\"url\":\"https:\/\/elcomunista.org\/?p=14824\",\"name\":\"Serbia: Vu\u010di\u0107 amenaza con la represi\u00f3n ante el desaf\u00edo de masas\",\"isPartOf\":{\"@id\":\"https:\/\/elcomunista.org\/#website\"},\"primaryImageOfPage\":{\"@id\":\"https:\/\/elcomunista.org\/?p=14824#primaryimage\"},\"image\":{\"@id\":\"https:\/\/elcomunista.org\/?p=14824#primaryimage\"},\"thumbnailUrl\":\"https:\/\/elcomunista.org\/wp-content\/uploads\/2025\/07\/police_and_protest_png_Image_Masina.png\",\"datePublished\":\"2025-07-10T16:14:01+00:00\",\"breadcrumb\":{\"@id\":\"https:\/\/elcomunista.org\/?p=14824#breadcrumb\"},\"inLanguage\":\"es\",\"potentialAction\":[{\"@type\":\"ReadAction\",\"target\":[\"https:\/\/elcomunista.org\/?p=14824\"]}]},{\"@type\":\"ImageObject\",\"inLanguage\":\"es\",\"@id\":\"https:\/\/elcomunista.org\/?p=14824#primaryimage\",\"url\":\"https:\/\/elcomunista.org\/wp-content\/uploads\/2025\/07\/police_and_protest_png_Image_Masina.png\",\"contentUrl\":\"https:\/\/elcomunista.org\/wp-content\/uploads\/2025\/07\/police_and_protest_png_Image_Masina.png\",\"width\":988,\"height\":659},{\"@type\":\"BreadcrumbList\",\"@id\":\"https:\/\/elcomunista.org\/?p=14824#breadcrumb\",\"itemListElement\":[{\"@type\":\"ListItem\",\"position\":1,\"name\":\"Portada\",\"item\":\"https:\/\/elcomunista.org\/\"},{\"@type\":\"ListItem\",\"position\":2,\"name\":\"Serbia: Vu\u010di\u0107 amenaza con la represi\u00f3n ante el desaf\u00edo de masas\"}]},{\"@type\":\"WebSite\",\"@id\":\"https:\/\/elcomunista.org\/#website\",\"url\":\"https:\/\/elcomunista.org\/\",\"name\":\"Revoluci\u00f3n Comunista\",\"description\":\"Internacional Comunista Revolucionaria\",\"publisher\":{\"@id\":\"https:\/\/elcomunista.org\/#organization\"},\"potentialAction\":[{\"@type\":\"SearchAction\",\"target\":{\"@type\":\"EntryPoint\",\"urlTemplate\":\"https:\/\/elcomunista.org\/?s={search_term_string}\"},\"query-input\":{\"@type\":\"PropertyValueSpecification\",\"valueRequired\":true,\"valueName\":\"search_term_string\"}}],\"inLanguage\":\"es\"},{\"@type\":\"Organization\",\"@id\":\"https:\/\/elcomunista.org\/#organization\",\"name\":\"Bloque Popular Juvenil\",\"url\":\"https:\/\/elcomunista.org\/\",\"logo\":{\"@type\":\"ImageObject\",\"inLanguage\":\"es\",\"@id\":\"https:\/\/elcomunista.org\/#\/schema\/logo\/image\/\",\"url\":\"https:\/\/bloquepopularjuvenil.org\/wp-content\/uploads\/2018\/11\/bpj-militante.jpg\",\"contentUrl\":\"https:\/\/bloquepopularjuvenil.org\/wp-content\/uploads\/2018\/11\/bpj-militante.jpg\",\"width\":4000,\"height\":1390,\"caption\":\"Bloque Popular Juvenil\"},\"image\":{\"@id\":\"https:\/\/elcomunista.org\/#\/schema\/logo\/image\/\"},\"sameAs\":[\"https:\/\/www.facebook.com\/Bloquepopularjuvenil\",\"https:\/\/x.com\/ElBPJ\",\"https:\/\/www.instagram.com\/elbloque_bpj\/?hl=es-la\"]},{\"@type\":\"Person\",\"@id\":\"https:\/\/elcomunista.org\/#\/schema\/person\/b32536260ebe2a6fac5609757c7ecb0d\",\"name\":\"Francesco Merli\",\"image\":{\"@type\":\"ImageObject\",\"inLanguage\":\"es\",\"@id\":\"https:\/\/elcomunista.org\/#\/schema\/person\/image\/\",\"url\":\"https:\/\/secure.gravatar.com\/avatar\/1e71f6f1fc679d39f0ee0e4817ce2eee?s=96&d=mm&r=g\",\"contentUrl\":\"https:\/\/secure.gravatar.com\/avatar\/1e71f6f1fc679d39f0ee0e4817ce2eee?s=96&d=mm&r=g\",\"caption\":\"Francesco Merli\"},\"url\":\"https:\/\/elcomunista.org\/?author=43\"}]}<\/script>\n<!-- \/ Yoast SEO plugin. -->","yoast_head_json":{"title":"Serbia: Vu\u010di\u0107 amenaza con la represi\u00f3n ante el desaf\u00edo de masas","robots":{"index":"index","follow":"follow","max-snippet":"max-snippet:-1","max-image-preview":"max-image-preview:large","max-video-preview":"max-video-preview:-1"},"canonical":"https:\/\/elcomunista.org\/?p=14824","og_locale":"es_ES","og_type":"article","og_title":"Serbia: Vu\u010di\u0107 amenaza con la represi\u00f3n ante el desaf\u00edo de masas","og_description":"El s\u00e1bado 28 de junio marc\u00f3 un nuevo intento de las masas por imponer una soluci\u00f3n a su enfrentamiento de ocho meses con el presidente Aleksandar Vu\u010di\u0107. Una manifestaci\u00f3n masiva de 150.000 personas se extendi\u00f3 por Belgrado. Los gritos de \u00abUhapsite Vu\u010di\u0107a!\u00bb (\u00ab\u00a1Arresten a Vu\u010di\u0107!\u00bb) resonaron en las calles y plazas. Tambi\u00e9n se exigieron con...","og_url":"https:\/\/elcomunista.org\/?p=14824","og_site_name":"Revoluci\u00f3n Comunista","article_publisher":"https:\/\/www.facebook.com\/Bloquepopularjuvenil","article_published_time":"2025-07-10T16:14:01+00:00","og_image":[{"width":988,"height":659,"url":"https:\/\/elcomunista.org\/wp-content\/uploads\/2025\/07\/police_and_protest_png_Image_Masina.png","type":"image\/png"}],"author":"Francesco Merli","twitter_card":"summary_large_image","twitter_creator":"@ElBPJ","twitter_site":"@ElBPJ","twitter_misc":{"Escrito por":"Francesco Merli","Tiempo de lectura":"11 minutos"},"schema":{"@context":"https:\/\/schema.org","@graph":[{"@type":"Article","@id":"https:\/\/elcomunista.org\/?p=14824#article","isPartOf":{"@id":"https:\/\/elcomunista.org\/?p=14824"},"author":{"name":"Francesco Merli","@id":"https:\/\/elcomunista.org\/#\/schema\/person\/b32536260ebe2a6fac5609757c7ecb0d"},"headline":"Serbia: Vu\u010di\u0107 amenaza con la represi\u00f3n ante el desaf\u00edo de masas","datePublished":"2025-07-10T16:14:01+00:00","mainEntityOfPage":{"@id":"https:\/\/elcomunista.org\/?p=14824"},"wordCount":2452,"commentCount":0,"publisher":{"@id":"https:\/\/elcomunista.org\/#organization"},"image":{"@id":"https:\/\/elcomunista.org\/?p=14824#primaryimage"},"thumbnailUrl":"https:\/\/elcomunista.org\/wp-content\/uploads\/2025\/07\/police_and_protest_png_Image_Masina.png","keywords":["Represi\u00f3n","Serbia","Vu\u010di\u0107"],"articleSection":["Internacional","Principales"],"inLanguage":"es","potentialAction":[{"@type":"CommentAction","name":"Comment","target":["https:\/\/elcomunista.org\/?p=14824#respond"]}]},{"@type":"WebPage","@id":"https:\/\/elcomunista.org\/?p=14824","url":"https:\/\/elcomunista.org\/?p=14824","name":"Serbia: Vu\u010di\u0107 amenaza con la represi\u00f3n ante el desaf\u00edo de masas","isPartOf":{"@id":"https:\/\/elcomunista.org\/#website"},"primaryImageOfPage":{"@id":"https:\/\/elcomunista.org\/?p=14824#primaryimage"},"image":{"@id":"https:\/\/elcomunista.org\/?p=14824#primaryimage"},"thumbnailUrl":"https:\/\/elcomunista.org\/wp-content\/uploads\/2025\/07\/police_and_protest_png_Image_Masina.png","datePublished":"2025-07-10T16:14:01+00:00","breadcrumb":{"@id":"https:\/\/elcomunista.org\/?p=14824#breadcrumb"},"inLanguage":"es","potentialAction":[{"@type":"ReadAction","target":["https:\/\/elcomunista.org\/?p=14824"]}]},{"@type":"ImageObject","inLanguage":"es","@id":"https:\/\/elcomunista.org\/?p=14824#primaryimage","url":"https:\/\/elcomunista.org\/wp-content\/uploads\/2025\/07\/police_and_protest_png_Image_Masina.png","contentUrl":"https:\/\/elcomunista.org\/wp-content\/uploads\/2025\/07\/police_and_protest_png_Image_Masina.png","width":988,"height":659},{"@type":"BreadcrumbList","@id":"https:\/\/elcomunista.org\/?p=14824#breadcrumb","itemListElement":[{"@type":"ListItem","position":1,"name":"Portada","item":"https:\/\/elcomunista.org\/"},{"@type":"ListItem","position":2,"name":"Serbia: Vu\u010di\u0107 amenaza con la represi\u00f3n ante el desaf\u00edo de masas"}]},{"@type":"WebSite","@id":"https:\/\/elcomunista.org\/#website","url":"https:\/\/elcomunista.org\/","name":"Revoluci\u00f3n Comunista","description":"Internacional Comunista Revolucionaria","publisher":{"@id":"https:\/\/elcomunista.org\/#organization"},"potentialAction":[{"@type":"SearchAction","target":{"@type":"EntryPoint","urlTemplate":"https:\/\/elcomunista.org\/?s={search_term_string}"},"query-input":{"@type":"PropertyValueSpecification","valueRequired":true,"valueName":"search_term_string"}}],"inLanguage":"es"},{"@type":"Organization","@id":"https:\/\/elcomunista.org\/#organization","name":"Bloque Popular Juvenil","url":"https:\/\/elcomunista.org\/","logo":{"@type":"ImageObject","inLanguage":"es","@id":"https:\/\/elcomunista.org\/#\/schema\/logo\/image\/","url":"https:\/\/bloquepopularjuvenil.org\/wp-content\/uploads\/2018\/11\/bpj-militante.jpg","contentUrl":"https:\/\/bloquepopularjuvenil.org\/wp-content\/uploads\/2018\/11\/bpj-militante.jpg","width":4000,"height":1390,"caption":"Bloque Popular Juvenil"},"image":{"@id":"https:\/\/elcomunista.org\/#\/schema\/logo\/image\/"},"sameAs":["https:\/\/www.facebook.com\/Bloquepopularjuvenil","https:\/\/x.com\/ElBPJ","https:\/\/www.instagram.com\/elbloque_bpj\/?hl=es-la"]},{"@type":"Person","@id":"https:\/\/elcomunista.org\/#\/schema\/person\/b32536260ebe2a6fac5609757c7ecb0d","name":"Francesco Merli","image":{"@type":"ImageObject","inLanguage":"es","@id":"https:\/\/elcomunista.org\/#\/schema\/person\/image\/","url":"https:\/\/secure.gravatar.com\/avatar\/1e71f6f1fc679d39f0ee0e4817ce2eee?s=96&d=mm&r=g","contentUrl":"https:\/\/secure.gravatar.com\/avatar\/1e71f6f1fc679d39f0ee0e4817ce2eee?s=96&d=mm&r=g","caption":"Francesco Merli"},"url":"https:\/\/elcomunista.org\/?author=43"}]}},"jetpack_featured_media_url":"https:\/\/elcomunista.org\/wp-content\/uploads\/2025\/07\/police_and_protest_png_Image_Masina.png","jetpack_likes_enabled":true,"jetpack_sharing_enabled":true,"_links":{"self":[{"href":"https:\/\/elcomunista.org\/index.php?rest_route=\/wp\/v2\/posts\/14824"}],"collection":[{"href":"https:\/\/elcomunista.org\/index.php?rest_route=\/wp\/v2\/posts"}],"about":[{"href":"https:\/\/elcomunista.org\/index.php?rest_route=\/wp\/v2\/types\/post"}],"author":[{"embeddable":true,"href":"https:\/\/elcomunista.org\/index.php?rest_route=\/wp\/v2\/users\/43"}],"replies":[{"embeddable":true,"href":"https:\/\/elcomunista.org\/index.php?rest_route=%2Fwp%2Fv2%2Fcomments&post=14824"}],"version-history":[{"count":1,"href":"https:\/\/elcomunista.org\/index.php?rest_route=\/wp\/v2\/posts\/14824\/revisions"}],"predecessor-version":[{"id":14826,"href":"https:\/\/elcomunista.org\/index.php?rest_route=\/wp\/v2\/posts\/14824\/revisions\/14826"}],"wp:featuredmedia":[{"embeddable":true,"href":"https:\/\/elcomunista.org\/index.php?rest_route=\/wp\/v2\/media\/14825"}],"wp:attachment":[{"href":"https:\/\/elcomunista.org\/index.php?rest_route=%2Fwp%2Fv2%2Fmedia&parent=14824"}],"wp:term":[{"taxonomy":"category","embeddable":true,"href":"https:\/\/elcomunista.org\/index.php?rest_route=%2Fwp%2Fv2%2Fcategories&post=14824"},{"taxonomy":"post_tag","embeddable":true,"href":"https:\/\/elcomunista.org\/index.php?rest_route=%2Fwp%2Fv2%2Ftags&post=14824"}],"curies":[{"name":"wp","href":"https:\/\/api.w.org\/{rel}","templated":true}]}}