{"id":14968,"date":"2025-09-09T11:41:20","date_gmt":"2025-09-09T17:41:20","guid":{"rendered":"https:\/\/elcomunista.org\/?p=14968"},"modified":"2025-09-09T11:41:20","modified_gmt":"2025-09-09T17:41:20","slug":"francia-tras-la-caida-de-bayrou-movilizacion-general-organicemos-huelgas-renovables","status":"publish","type":"post","link":"https:\/\/elcomunista.org\/?p=14968","title":{"rendered":"Francia: tras la ca\u00edda de Bayrou, \u00a1movilizaci\u00f3n general! \u00a1Organicemos huelgas renovables!"},"content":{"rendered":"<p>La ca\u00edda de Fran\u00e7ois Bayrou se celebr\u00f3 anoche con fiestas de despedida organizadas frente a varios ayuntamientos. En general, fue recibida con satisfacci\u00f3n por millones de j\u00f3venes y trabajadores.<\/p>\n<table style=\"border-collapse: collapse; width: 100%;\">\n<tbody>\n<tr>\n<td style=\"width: 100%;\"><img loading=\"lazy\" decoding=\"async\" class=\"alignnone size-medium wp-image-14969\" src=\"https:\/\/elcomunista.org\/wp-content\/uploads\/2025\/09\/france_bayrou_Image_fair_use-300x200.jpg\" alt=\"\" width=\"300\" height=\"200\" srcset=\"https:\/\/elcomunista.org\/wp-content\/uploads\/2025\/09\/france_bayrou_Image_fair_use-300x200.jpg 300w, https:\/\/elcomunista.org\/wp-content\/uploads\/2025\/09\/france_bayrou_Image_fair_use-768x511.jpg 768w, https:\/\/elcomunista.org\/wp-content\/uploads\/2025\/09\/france_bayrou_Image_fair_use-820x545.jpg 820w, https:\/\/elcomunista.org\/wp-content\/uploads\/2025\/09\/france_bayrou_Image_fair_use-600x399.jpg 600w, https:\/\/elcomunista.org\/wp-content\/uploads\/2025\/09\/france_bayrou_Image_fair_use.jpg 944w\" sizes=\"(max-width: 300px) 100vw, 300px\" \/><\/td>\n<\/tr>\n<\/tbody>\n<\/table>\n<p><span style=\"color: #800000;\">[<a style=\"color: #800000;\" href=\"https:\/\/www.marxiste.org\/apres-la-chute-de-bayrou-mobilisation-generale-construire-des-greves-reconductibles\"><strong>Publicado originalmente en franc\u00e9s en marxist.org<\/strong><\/a>]<\/span><\/p>\n<p>La ca\u00edda de Fran\u00e7ois Bayrou fue celebrada ayer por la noche con \u00abfiestas de despedida\u00bb organizadas frente a varios ayuntamientos. En general, fue recibida con satisfacci\u00f3n por millones de j\u00f3venes y trabajadores.<\/p>\n<p>Para consolarse, Bayrou siempre podr\u00e1 presumir de haber aguantado seis meses m\u00e1s que su predecesor, Michel Barnier. El \u00abm\u00e9rito\u00bb corresponde a los dirigentes del RN, del PS y de la mayor\u00eda de las confederaciones sindicales (<i>a trav\u00e9s<\/i>\u00a0del \u00abc\u00f3nclave\u00bb sobre las pensiones), que ofrecieron a Bayrou un aplazamiento, a principios de 2025, lo que permiti\u00f3 la adopci\u00f3n de un presupuesto austero.<\/p>\n<p>Este verano, Bayrou se ha metido en un l\u00edo al anunciar un presupuesto a\u00fan m\u00e1s reaccionario para 2026. Contaba con el apoyo del RN y\/o del PS. En s\u00ed misma, esta apuesta ya era muy arriesgada, ya que, por mucho que los dirigentes del RN y del PS sean fieles servidores de la clase dominante, no est\u00e1n del todo dispuestos al suicidio pol\u00edtico. Pero fue la aparici\u00f3n del movimiento del 10 de septiembre lo que dio el golpe de gracia al Gobierno de Bayrou. Al programar su propia ca\u00edda para el 8 de septiembre, buscaba ante todo desactivar un movimiento social apoyado por una gran mayor\u00eda de la poblaci\u00f3n.<\/p>\n<p>Desde lo alto de su colosal impopularidad, Macron inform\u00f3 al buen pueblo que nombrar\u00eda r\u00e1pidamente a un nuevo primer ministro. Sin embargo, como escribimos en el \u00faltimo\u00a0<span style=\"color: #800000;\"><a style=\"color: #800000;\" href=\"https:\/\/marxist.com\/francia-bloqueemos-todo-por-un-gobierno-obrero.htm\">editorial\u00a0<\/a><\/span>de\u00a0<em>R\u00e9volution<\/em>:\u00a0<em>\u00abun nuevo primer ministro procedente de la \u00abbase com\u00fan\u00bb, por simple nombramiento, ser\u00eda desde el principio muy impopular. Ser\u00eda una provocaci\u00f3n, una raz\u00f3n m\u00e1s para \u00abbloquearlo todo\u00bb\u00bb<\/em>\u00a0Por cierto, lo mismo ocurrir\u00eda si Macron nombrara a un primer ministro supuestamente \u00abde izquierdas\u00bb, que anunciara de inmediato una pol\u00edtica&#8230; de derechas (austera).<\/p>\n<p>Las negociaciones, las posturas y los peque\u00f1os c\u00e1lculos han vuelto con m\u00e1s fuerza que nunca en las c\u00fapulas del RN, el PS, los Verdes y el PCF. Por su parte, un n\u00famero cada vez mayor de diputados de LR se prepara para una alianza formal con el RN, con vistas a unas elecciones legislativas anticipadas: de ah\u00ed los 13 votos en contra y las 9 abstenciones de LR ayer. Pero, por ahora, lo esencial est\u00e1 en otra parte:\u00a0<i>en la calle y en las empresas<\/i>. Si es poderoso y, sobre todo, si desencadena un movimiento de huelgas renovables, el movimiento del 10 de septiembre barrer\u00e1 la mara\u00f1a de maniobras contradictorias que agitan las altas esferas de la vida pol\u00edtica.<\/p>\n<p>Hoy, los diputados de la FI presentar\u00e1n una moci\u00f3n de destituci\u00f3n del presidente de la Rep\u00fablica. Al mismo tiempo, M\u00e9lenchon y sus compa\u00f1eros llaman al pueblo a movilizarse masivamente, a partir del 10 de septiembre, para obligar a Macron a dimitir. Este enfoque ofensivo contrasta con la moderaci\u00f3n del resto de la \u00abizquierda\u00bb parlamentaria. Dicho esto, a las puertas del 10 de septiembre, hay que ir mucho m\u00e1s all\u00e1.<\/p>\n<p>Como escribimos\u00a0<span style=\"color: #800000;\"><a style=\"color: #800000;\" href=\"https:\/\/marxist.com\/francia-bloqueemos-todo-por-un-gobierno-obrero.htm\">recientemente<\/a><\/span>:<\/p>\n<p><em>\u00abla cuesti\u00f3n fundamental que plantear\u00e1 el movimiento del 10 de septiembre, si consigue \u00abbloquearlo todo\u00bb de forma duradera, ir\u00e1 mucho m\u00e1s all\u00e1 del destino de Emmanuel Macron. Si consiguen bloquear la econom\u00eda, los trabajadores demostrar\u00e1n a todos \u2014y ante todo a ellos mismos\u2014 que son la fuerza decisiva de la sociedad. Ninguna luz brilla ni ninguna rueda gira sin su amable permiso. Su trabajo es tambi\u00e9n la \u00fanica fuente de los enormes beneficios de la clase dominante, en nombre de los cuales esta exige un plan de austeridad dr\u00e1stico y la destrucci\u00f3n de los servicios p\u00fablicos.<\/em><\/p>\n<p><em>\u00abPuesto que los trabajadores crean toda la riqueza, pueden y deben dirigir la sociedad. De ah\u00ed nuestro lema: \u00abPor un gobierno de los trabajadores\u00bb. A primera vista, puede parecer abstracto, inalcanzable. Pero, en realidad, este lema se impondr\u00e1 en la conciencia de millones de asalariados cuando su movilizaci\u00f3n colectiva \u2014en una huelga masiva y renovable\u2014 demuestre que, sin ellos, la vida econ\u00f3mica y social se detiene.<\/em><\/p>\n<p><em>\u00abEl siguiente paso, que se deriva inmediatamente de ello, es la convicci\u00f3n de que la sociedad funcionar\u00e1 mucho mejor una vez que se haya librado de la pu\u00f1ada de par\u00e1sitos gigantes que la est\u00e1n destrozando. Los trabajadores en el poder sabr\u00e1n reorganizar la econom\u00eda sobre bases racionales y democr\u00e1ticas. Comenzar\u00e1n por expropiar a la gran burgues\u00eda, los grandes medios de producci\u00f3n y de intercambio, que someter\u00e1n entonces a la satisfacci\u00f3n de las necesidades de la mayor\u00eda. Una vez suprimida la infernal carrera por los beneficios, las enormes riquezas industriales y tecnol\u00f3gicas permitir\u00e1n eliminar r\u00e1pidamente todas las formas de miseria y reducir gradualmente la jornada laboral. \u00bb<\/em><\/p>\n<p>Este es el eje central del programa que el Partido Comunista Revolucionario defender\u00e1 en las movilizaciones del 10 de septiembre y los d\u00edas siguientes.<\/p>\n","protected":false},"excerpt":{"rendered":"<p>La ca\u00edda de Fran\u00e7ois Bayrou se celebr\u00f3 anoche con fiestas de despedida organizadas frente a varios ayuntamientos. En general, fue recibida con satisfacci\u00f3n por millones de j\u00f3venes y trabajadores. [Publicado originalmente en franc\u00e9s en marxist.org] La ca\u00edda de Fran\u00e7ois Bayrou fue celebrada ayer por la noche con \u00abfiestas de despedida\u00bb organizadas frente a varios ayuntamientos&#8230;.<\/p>\n","protected":false},"author":167,"featured_media":14969,"comment_status":"open","ping_status":"open","sticky":false,"template":"","format":"standard","meta":{"_monsterinsights_skip_tracking":false,"_monsterinsights_sitenote_active":false,"_monsterinsights_sitenote_note":"","_monsterinsights_sitenote_category":0,"_uf_show_specific_survey":0,"_uf_disable_surveys":false,"_jetpack_memberships_contains_paid_content":false,"footnotes":""},"categories":[34],"tags":[562],"class_list":["post-14968","post","type-post","status-publish","format-standard","has-post-thumbnail","hentry","category-francia","tag-francia"],"aioseo_notices":[],"yoast_head":"<!-- This site is optimized with the Yoast SEO plugin v25.6 - https:\/\/yoast.com\/wordpress\/plugins\/seo\/ -->\n<title>Francia: tras la ca\u00edda de Bayrou, \u00a1movilizaci\u00f3n general! \u00a1Organicemos huelgas renovables!<\/title>\n<meta name=\"robots\" content=\"index, follow, max-snippet:-1, max-image-preview:large, max-video-preview:-1\" \/>\n<link rel=\"canonical\" href=\"https:\/\/elcomunista.org\/?p=14968\" \/>\n<meta property=\"og:locale\" content=\"es_ES\" \/>\n<meta property=\"og:type\" content=\"article\" \/>\n<meta property=\"og:title\" content=\"Francia: tras la ca\u00edda de Bayrou, \u00a1movilizaci\u00f3n general! \u00a1Organicemos huelgas renovables!\" \/>\n<meta property=\"og:description\" content=\"La ca\u00edda de Fran\u00e7ois Bayrou se celebr\u00f3 anoche con fiestas de despedida organizadas frente a varios ayuntamientos. En general, fue recibida con satisfacci\u00f3n por millones de j\u00f3venes y trabajadores. [Publicado originalmente en franc\u00e9s en marxist.org] La ca\u00edda de Fran\u00e7ois Bayrou fue celebrada ayer por la noche con \u00abfiestas de despedida\u00bb organizadas frente a varios ayuntamientos....\" \/>\n<meta property=\"og:url\" content=\"https:\/\/elcomunista.org\/?p=14968\" \/>\n<meta property=\"og:site_name\" content=\"Revoluci\u00f3n Comunista\" \/>\n<meta property=\"article:publisher\" content=\"https:\/\/www.facebook.com\/Bloquepopularjuvenil\" \/>\n<meta property=\"article:published_time\" content=\"2025-09-09T17:41:20+00:00\" \/>\n<meta property=\"og:image\" content=\"https:\/\/elcomunista.org\/wp-content\/uploads\/2025\/09\/france_bayrou_Image_fair_use.jpg\" \/>\n\t<meta property=\"og:image:width\" content=\"944\" \/>\n\t<meta property=\"og:image:height\" content=\"628\" \/>\n\t<meta property=\"og:image:type\" content=\"image\/jpeg\" \/>\n<meta name=\"author\" content=\"El Comunista\" \/>\n<meta name=\"twitter:card\" content=\"summary_large_image\" \/>\n<meta name=\"twitter:creator\" content=\"@ElBPJ\" \/>\n<meta name=\"twitter:site\" content=\"@ElBPJ\" \/>\n<meta name=\"twitter:label1\" content=\"Escrito por\" \/>\n\t<meta name=\"twitter:data1\" content=\"El Comunista\" \/>\n\t<meta name=\"twitter:label2\" content=\"Tiempo de lectura\" \/>\n\t<meta name=\"twitter:data2\" content=\"4 minutos\" \/>\n<script type=\"application\/ld+json\" class=\"yoast-schema-graph\">{\"@context\":\"https:\/\/schema.org\",\"@graph\":[{\"@type\":\"Article\",\"@id\":\"https:\/\/elcomunista.org\/?p=14968#article\",\"isPartOf\":{\"@id\":\"https:\/\/elcomunista.org\/?p=14968\"},\"author\":{\"name\":\"El Comunista\",\"@id\":\"https:\/\/elcomunista.org\/#\/schema\/person\/fdbbd0dd2191bd68bfe086a9e21a2b82\"},\"headline\":\"Francia: tras la ca\u00edda de Bayrou, \u00a1movilizaci\u00f3n general! \u00a1Organicemos huelgas renovables!\",\"datePublished\":\"2025-09-09T17:41:20+00:00\",\"mainEntityOfPage\":{\"@id\":\"https:\/\/elcomunista.org\/?p=14968\"},\"wordCount\":881,\"commentCount\":0,\"publisher\":{\"@id\":\"https:\/\/elcomunista.org\/#organization\"},\"image\":{\"@id\":\"https:\/\/elcomunista.org\/?p=14968#primaryimage\"},\"thumbnailUrl\":\"https:\/\/elcomunista.org\/wp-content\/uploads\/2025\/09\/france_bayrou_Image_fair_use.jpg\",\"keywords\":[\"Francia\"],\"articleSection\":[\"Francia\"],\"inLanguage\":\"es\",\"potentialAction\":[{\"@type\":\"CommentAction\",\"name\":\"Comment\",\"target\":[\"https:\/\/elcomunista.org\/?p=14968#respond\"]}]},{\"@type\":\"WebPage\",\"@id\":\"https:\/\/elcomunista.org\/?p=14968\",\"url\":\"https:\/\/elcomunista.org\/?p=14968\",\"name\":\"Francia: tras la ca\u00edda de Bayrou, \u00a1movilizaci\u00f3n general! \u00a1Organicemos huelgas renovables!\",\"isPartOf\":{\"@id\":\"https:\/\/elcomunista.org\/#website\"},\"primaryImageOfPage\":{\"@id\":\"https:\/\/elcomunista.org\/?p=14968#primaryimage\"},\"image\":{\"@id\":\"https:\/\/elcomunista.org\/?p=14968#primaryimage\"},\"thumbnailUrl\":\"https:\/\/elcomunista.org\/wp-content\/uploads\/2025\/09\/france_bayrou_Image_fair_use.jpg\",\"datePublished\":\"2025-09-09T17:41:20+00:00\",\"breadcrumb\":{\"@id\":\"https:\/\/elcomunista.org\/?p=14968#breadcrumb\"},\"inLanguage\":\"es\",\"potentialAction\":[{\"@type\":\"ReadAction\",\"target\":[\"https:\/\/elcomunista.org\/?p=14968\"]}]},{\"@type\":\"ImageObject\",\"inLanguage\":\"es\",\"@id\":\"https:\/\/elcomunista.org\/?p=14968#primaryimage\",\"url\":\"https:\/\/elcomunista.org\/wp-content\/uploads\/2025\/09\/france_bayrou_Image_fair_use.jpg\",\"contentUrl\":\"https:\/\/elcomunista.org\/wp-content\/uploads\/2025\/09\/france_bayrou_Image_fair_use.jpg\",\"width\":944,\"height\":628},{\"@type\":\"BreadcrumbList\",\"@id\":\"https:\/\/elcomunista.org\/?p=14968#breadcrumb\",\"itemListElement\":[{\"@type\":\"ListItem\",\"position\":1,\"name\":\"Portada\",\"item\":\"https:\/\/elcomunista.org\/\"},{\"@type\":\"ListItem\",\"position\":2,\"name\":\"Francia: tras la ca\u00edda de Bayrou, \u00a1movilizaci\u00f3n general! \u00a1Organicemos huelgas renovables!\"}]},{\"@type\":\"WebSite\",\"@id\":\"https:\/\/elcomunista.org\/#website\",\"url\":\"https:\/\/elcomunista.org\/\",\"name\":\"Revoluci\u00f3n Comunista\",\"description\":\"Internacional Comunista Revolucionaria\",\"publisher\":{\"@id\":\"https:\/\/elcomunista.org\/#organization\"},\"potentialAction\":[{\"@type\":\"SearchAction\",\"target\":{\"@type\":\"EntryPoint\",\"urlTemplate\":\"https:\/\/elcomunista.org\/?s={search_term_string}\"},\"query-input\":{\"@type\":\"PropertyValueSpecification\",\"valueRequired\":true,\"valueName\":\"search_term_string\"}}],\"inLanguage\":\"es\"},{\"@type\":\"Organization\",\"@id\":\"https:\/\/elcomunista.org\/#organization\",\"name\":\"Bloque Popular Juvenil\",\"url\":\"https:\/\/elcomunista.org\/\",\"logo\":{\"@type\":\"ImageObject\",\"inLanguage\":\"es\",\"@id\":\"https:\/\/elcomunista.org\/#\/schema\/logo\/image\/\",\"url\":\"https:\/\/bloquepopularjuvenil.org\/wp-content\/uploads\/2018\/11\/bpj-militante.jpg\",\"contentUrl\":\"https:\/\/bloquepopularjuvenil.org\/wp-content\/uploads\/2018\/11\/bpj-militante.jpg\",\"width\":4000,\"height\":1390,\"caption\":\"Bloque Popular Juvenil\"},\"image\":{\"@id\":\"https:\/\/elcomunista.org\/#\/schema\/logo\/image\/\"},\"sameAs\":[\"https:\/\/www.facebook.com\/Bloquepopularjuvenil\",\"https:\/\/x.com\/ElBPJ\",\"https:\/\/www.instagram.com\/elbloque_bpj\/?hl=es-la\"]},{\"@type\":\"Person\",\"@id\":\"https:\/\/elcomunista.org\/#\/schema\/person\/fdbbd0dd2191bd68bfe086a9e21a2b82\",\"name\":\"El Comunista\",\"image\":{\"@type\":\"ImageObject\",\"inLanguage\":\"es\",\"@id\":\"https:\/\/elcomunista.org\/#\/schema\/person\/image\/\",\"url\":\"https:\/\/secure.gravatar.com\/avatar\/6a49d03346eeacf32fb184109abe5fbe?s=96&d=mm&r=g\",\"contentUrl\":\"https:\/\/secure.gravatar.com\/avatar\/6a49d03346eeacf32fb184109abe5fbe?s=96&d=mm&r=g\",\"caption\":\"El Comunista\"},\"url\":\"https:\/\/elcomunista.org\/?author=167\"}]}<\/script>\n<!-- \/ Yoast SEO plugin. -->","yoast_head_json":{"title":"Francia: tras la ca\u00edda de Bayrou, \u00a1movilizaci\u00f3n general! \u00a1Organicemos huelgas renovables!","robots":{"index":"index","follow":"follow","max-snippet":"max-snippet:-1","max-image-preview":"max-image-preview:large","max-video-preview":"max-video-preview:-1"},"canonical":"https:\/\/elcomunista.org\/?p=14968","og_locale":"es_ES","og_type":"article","og_title":"Francia: tras la ca\u00edda de Bayrou, \u00a1movilizaci\u00f3n general! \u00a1Organicemos huelgas renovables!","og_description":"La ca\u00edda de Fran\u00e7ois Bayrou se celebr\u00f3 anoche con fiestas de despedida organizadas frente a varios ayuntamientos. En general, fue recibida con satisfacci\u00f3n por millones de j\u00f3venes y trabajadores. [Publicado originalmente en franc\u00e9s en marxist.org] La ca\u00edda de Fran\u00e7ois Bayrou fue celebrada ayer por la noche con \u00abfiestas de despedida\u00bb organizadas frente a varios ayuntamientos....","og_url":"https:\/\/elcomunista.org\/?p=14968","og_site_name":"Revoluci\u00f3n Comunista","article_publisher":"https:\/\/www.facebook.com\/Bloquepopularjuvenil","article_published_time":"2025-09-09T17:41:20+00:00","og_image":[{"width":944,"height":628,"url":"https:\/\/elcomunista.org\/wp-content\/uploads\/2025\/09\/france_bayrou_Image_fair_use.jpg","type":"image\/jpeg"}],"author":"El Comunista","twitter_card":"summary_large_image","twitter_creator":"@ElBPJ","twitter_site":"@ElBPJ","twitter_misc":{"Escrito por":"El Comunista","Tiempo de lectura":"4 minutos"},"schema":{"@context":"https:\/\/schema.org","@graph":[{"@type":"Article","@id":"https:\/\/elcomunista.org\/?p=14968#article","isPartOf":{"@id":"https:\/\/elcomunista.org\/?p=14968"},"author":{"name":"El Comunista","@id":"https:\/\/elcomunista.org\/#\/schema\/person\/fdbbd0dd2191bd68bfe086a9e21a2b82"},"headline":"Francia: tras la ca\u00edda de Bayrou, \u00a1movilizaci\u00f3n general! \u00a1Organicemos huelgas renovables!","datePublished":"2025-09-09T17:41:20+00:00","mainEntityOfPage":{"@id":"https:\/\/elcomunista.org\/?p=14968"},"wordCount":881,"commentCount":0,"publisher":{"@id":"https:\/\/elcomunista.org\/#organization"},"image":{"@id":"https:\/\/elcomunista.org\/?p=14968#primaryimage"},"thumbnailUrl":"https:\/\/elcomunista.org\/wp-content\/uploads\/2025\/09\/france_bayrou_Image_fair_use.jpg","keywords":["Francia"],"articleSection":["Francia"],"inLanguage":"es","potentialAction":[{"@type":"CommentAction","name":"Comment","target":["https:\/\/elcomunista.org\/?p=14968#respond"]}]},{"@type":"WebPage","@id":"https:\/\/elcomunista.org\/?p=14968","url":"https:\/\/elcomunista.org\/?p=14968","name":"Francia: tras la ca\u00edda de Bayrou, \u00a1movilizaci\u00f3n general! \u00a1Organicemos huelgas renovables!","isPartOf":{"@id":"https:\/\/elcomunista.org\/#website"},"primaryImageOfPage":{"@id":"https:\/\/elcomunista.org\/?p=14968#primaryimage"},"image":{"@id":"https:\/\/elcomunista.org\/?p=14968#primaryimage"},"thumbnailUrl":"https:\/\/elcomunista.org\/wp-content\/uploads\/2025\/09\/france_bayrou_Image_fair_use.jpg","datePublished":"2025-09-09T17:41:20+00:00","breadcrumb":{"@id":"https:\/\/elcomunista.org\/?p=14968#breadcrumb"},"inLanguage":"es","potentialAction":[{"@type":"ReadAction","target":["https:\/\/elcomunista.org\/?p=14968"]}]},{"@type":"ImageObject","inLanguage":"es","@id":"https:\/\/elcomunista.org\/?p=14968#primaryimage","url":"https:\/\/elcomunista.org\/wp-content\/uploads\/2025\/09\/france_bayrou_Image_fair_use.jpg","contentUrl":"https:\/\/elcomunista.org\/wp-content\/uploads\/2025\/09\/france_bayrou_Image_fair_use.jpg","width":944,"height":628},{"@type":"BreadcrumbList","@id":"https:\/\/elcomunista.org\/?p=14968#breadcrumb","itemListElement":[{"@type":"ListItem","position":1,"name":"Portada","item":"https:\/\/elcomunista.org\/"},{"@type":"ListItem","position":2,"name":"Francia: tras la ca\u00edda de Bayrou, \u00a1movilizaci\u00f3n general! \u00a1Organicemos huelgas renovables!"}]},{"@type":"WebSite","@id":"https:\/\/elcomunista.org\/#website","url":"https:\/\/elcomunista.org\/","name":"Revoluci\u00f3n Comunista","description":"Internacional Comunista Revolucionaria","publisher":{"@id":"https:\/\/elcomunista.org\/#organization"},"potentialAction":[{"@type":"SearchAction","target":{"@type":"EntryPoint","urlTemplate":"https:\/\/elcomunista.org\/?s={search_term_string}"},"query-input":{"@type":"PropertyValueSpecification","valueRequired":true,"valueName":"search_term_string"}}],"inLanguage":"es"},{"@type":"Organization","@id":"https:\/\/elcomunista.org\/#organization","name":"Bloque Popular Juvenil","url":"https:\/\/elcomunista.org\/","logo":{"@type":"ImageObject","inLanguage":"es","@id":"https:\/\/elcomunista.org\/#\/schema\/logo\/image\/","url":"https:\/\/bloquepopularjuvenil.org\/wp-content\/uploads\/2018\/11\/bpj-militante.jpg","contentUrl":"https:\/\/bloquepopularjuvenil.org\/wp-content\/uploads\/2018\/11\/bpj-militante.jpg","width":4000,"height":1390,"caption":"Bloque Popular Juvenil"},"image":{"@id":"https:\/\/elcomunista.org\/#\/schema\/logo\/image\/"},"sameAs":["https:\/\/www.facebook.com\/Bloquepopularjuvenil","https:\/\/x.com\/ElBPJ","https:\/\/www.instagram.com\/elbloque_bpj\/?hl=es-la"]},{"@type":"Person","@id":"https:\/\/elcomunista.org\/#\/schema\/person\/fdbbd0dd2191bd68bfe086a9e21a2b82","name":"El Comunista","image":{"@type":"ImageObject","inLanguage":"es","@id":"https:\/\/elcomunista.org\/#\/schema\/person\/image\/","url":"https:\/\/secure.gravatar.com\/avatar\/6a49d03346eeacf32fb184109abe5fbe?s=96&d=mm&r=g","contentUrl":"https:\/\/secure.gravatar.com\/avatar\/6a49d03346eeacf32fb184109abe5fbe?s=96&d=mm&r=g","caption":"El Comunista"},"url":"https:\/\/elcomunista.org\/?author=167"}]}},"jetpack_featured_media_url":"https:\/\/elcomunista.org\/wp-content\/uploads\/2025\/09\/france_bayrou_Image_fair_use.jpg","jetpack_likes_enabled":true,"jetpack_sharing_enabled":true,"_links":{"self":[{"href":"https:\/\/elcomunista.org\/index.php?rest_route=\/wp\/v2\/posts\/14968"}],"collection":[{"href":"https:\/\/elcomunista.org\/index.php?rest_route=\/wp\/v2\/posts"}],"about":[{"href":"https:\/\/elcomunista.org\/index.php?rest_route=\/wp\/v2\/types\/post"}],"author":[{"embeddable":true,"href":"https:\/\/elcomunista.org\/index.php?rest_route=\/wp\/v2\/users\/167"}],"replies":[{"embeddable":true,"href":"https:\/\/elcomunista.org\/index.php?rest_route=%2Fwp%2Fv2%2Fcomments&post=14968"}],"version-history":[{"count":1,"href":"https:\/\/elcomunista.org\/index.php?rest_route=\/wp\/v2\/posts\/14968\/revisions"}],"predecessor-version":[{"id":14970,"href":"https:\/\/elcomunista.org\/index.php?rest_route=\/wp\/v2\/posts\/14968\/revisions\/14970"}],"wp:featuredmedia":[{"embeddable":true,"href":"https:\/\/elcomunista.org\/index.php?rest_route=\/wp\/v2\/media\/14969"}],"wp:attachment":[{"href":"https:\/\/elcomunista.org\/index.php?rest_route=%2Fwp%2Fv2%2Fmedia&parent=14968"}],"wp:term":[{"taxonomy":"category","embeddable":true,"href":"https:\/\/elcomunista.org\/index.php?rest_route=%2Fwp%2Fv2%2Fcategories&post=14968"},{"taxonomy":"post_tag","embeddable":true,"href":"https:\/\/elcomunista.org\/index.php?rest_route=%2Fwp%2Fv2%2Ftags&post=14968"}],"curies":[{"name":"wp","href":"https:\/\/api.w.org\/{rel}","templated":true}]}}