{"id":15157,"date":"2025-12-01T12:17:11","date_gmt":"2025-12-01T18:17:11","guid":{"rendered":"https:\/\/elcomunista.org\/?p=15157"},"modified":"2025-12-01T12:17:11","modified_gmt":"2025-12-01T18:17:11","slug":"nace-la-icr-brasil-nueva-seccion-brasilena-de-la-internacional-comunista-revolucionaria","status":"publish","type":"post","link":"https:\/\/elcomunista.org\/?p=15157","title":{"rendered":"Nace la ICR-Brasil, nueva secci\u00f3n brasile\u00f1a de la Internacional Comunista Revolucionaria"},"content":{"rendered":"<p>Por: Johannes Halter<\/p>\n<p>Militantes de la Internacional Comunista Revolucionaria de varios estados de Brasil se reunieron en S\u00e3o Paulo para un congreso convocado de forma urgente. Su prop\u00f3sito era fundar una nueva secci\u00f3n brasile\u00f1a de la Internacional y realizar una escuela de cuadros. Decenas de delegados que hab\u00edan sido elegidos previamente en plenarias regionales participaron en los trabajos del 20 al 23 de noviembre e iniciaron una nueva etapa en la historia de la ICR en Brasil.<\/p>\n<p>El congreso tom\u00f3 lugar dos meses despu\u00e9s de que la mayor\u00eda de la direcci\u00f3n de la antigua secci\u00f3n brasile\u00f1a rompiera con la ICR. A solo dos meses del congreso, una fracci\u00f3n no declarada se cristaliz\u00f3 en torno a Serge Goulart y opt\u00f3 por una ruptura unilateral y apresurada. El motivo inmediato fue la perspectiva de perder el congreso frente a la \u00abFracci\u00f3n en Defensa de la Internacional\u00bb, que ganaba fuerza en las bases de la organizaci\u00f3n y especialmente entre la juventud.<\/p>\n<p>Los camaradas que se negaron a embarcarse en la aventura sectaria de la mayor\u00eda de la direcci\u00f3n de la Organizaci\u00f3n Comunista Internacional (OCI) respondieron al llamamiento del Secretariado Internacional de la ICR y celebraron una conferencia de emergencia el 21 de septiembre. En esa ocasi\u00f3n, convocaron un congreso para fundar una nueva secci\u00f3n de la Internacional en Brasil y se lanzaron a debatir las ideas que defend\u00edan y a agrupar a los partidarios de la ICR.<\/p>\n<h2><span style=\"font-size: 14pt; color: #800000;\">Un nuevo comienzo<\/span><\/h2>\n<p>La decisi\u00f3n tomada por los delegados en el congreso sobre el nombre de la nueva organizaci\u00f3n: Internacional Comunista Revolucionaria &#8211; Brasil (ICR-Brasil) es un gesto altamente simb\u00f3lico. La singular elecci\u00f3n refleja la voluntad de los militantes brasile\u00f1os de constituir una verdadera secci\u00f3n brasile\u00f1a de la Internacional. Expresa la confianza en las ideas y tradiciones de la ICR como capaces de superar las dificultades del pasado y abrir el camino hacia el futuro.<\/p>\n<p><center><\/p>\n<p><iframe id=\"instagram-embed-0\" class=\"instagram-media instagram-media-rendered\" src=\"https:\/\/www.instagram.com\/p\/DRgOgSIjN9b\/embed\/captioned\/?cr=1&amp;v=14&amp;wp=540&amp;rd=https%3A%2F%2Fmarxist.com&amp;rp=%2Fnace-la-icr-brasil-nueva-seccion-brasilena-de-la-internacional-comunista-revolucionaria.htm#%7B%22ci%22%3A0%2C%22os%22%3A85061%2C%22ls%22%3A8147.899999976158%2C%22le%22%3A69867.60000002384%7D\" height=\"766\" frameborder=\"0\" scrolling=\"no\" allowfullscreen=\"allowfullscreen\" data-instgrm-payload-id=\"instagram-media-payload-0\" data-mce-fragment=\"1\"><\/iframe><\/p>\n<p><\/center>La mayor\u00eda de la direcci\u00f3n de la OCI se resist\u00eda a asimilar las ideas y tradiciones de la ICR, a pesar de que desde 2008 la antigua \u00abIzquierda Marxista\u00bb pas\u00f3 a formar parte formalmente de la Internacional. Las divergencias se establecieron especialmente sobre el car\u00e1cter del capitalismo chino y sobre la posibilidad de desarrollo de las fuerzas productivas bajo el capitalismo.<\/p>\n<p>&nbsp;<\/p>\n<p>Parte de las divergencias se expresaron en agosto en el Congreso Mundial de la ICR, donde la fracci\u00f3n no declarada de Serge Goulart present\u00f3 un documento alternativo al evento. Sin embargo, no obtuvieron los votos de ning\u00fan delegado o miembro de las dem\u00e1s secciones y grupos de la Internacional presentes en m\u00e1s de 60 pa\u00edses.<\/p>\n<p>Adem\u00e1s, parte de los dirigentes de la secci\u00f3n brasile\u00f1a se convencieron de las ideas y an\u00e1lisis de la Internacional y decidieron abrir un debate dentro de la secci\u00f3n brasile\u00f1a para corregir las perspectivas desarrolladas. Se precipit\u00f3 una lucha fraccional y la fracci\u00f3n no declarada de Serge, ante la perspectiva de perder el congreso nacional convocado para noviembre, present\u00f3 un plan de ruptura con la ICR.<\/p>\n<p>Qued\u00f3 claro que la fracci\u00f3n secreta de Serge Goulart nunca rompi\u00f3 con el legado y las tradiciones de donde proven\u00edan. Serge y otros antiguos cuadros de la secci\u00f3n fueron educados y formados en la\u00a0<em>Corriente O Trabalho<\/em>\u00a0del PT y fueron miembros de la internacional llamada \u00abtrotskista\u00bb de Pierre Lambert, dirigente franc\u00e9s. De esa \u00e9poca, trajeron concepciones de teor\u00eda, construcci\u00f3n y m\u00e9todos zinovievistas \u2014basados en la resoluci\u00f3n administrativa de diferencias pol\u00edticas y en la supresi\u00f3n del debate\u2014 procedentes del llamado \u00ablambertismo\u00bb, y nunca se deshicieron de ellas.<\/p>\n<p>Los delegados reunidos en el congreso celebrado en S\u00e3o Paulo mostraron un enorme optimismo con la fundaci\u00f3n de una secci\u00f3n leg\u00edtima de la ICR en Brasil. Este fue tambi\u00e9n el sentimiento que se desprend\u00eda de las decenas de saludos recibidos de las secciones nacionales de la ICR de todos los continentes. Con este nuevo comienzo, la nueva secci\u00f3n brasile\u00f1a expresa las verdaderas ideas de la Internacional y sus militantes est\u00e1n dispuestos a asimilar plenamente su legado y sus tradiciones.<\/p>\n<h2><span style=\"font-size: 14pt; color: #800000;\">El despertar de la juventud<\/span><\/h2>\n<p>El entusiasmo de los delegados se basa en el an\u00e1lisis del\u00a0 per\u00edodo de cambio hist\u00f3rico en el que vivimos, marcado por la turbulencia y el cambio, como destac\u00f3 Jorge Mart\u00edn, del Secretariado Internacional, en el primer d\u00eda del congreso. Como ejemplos de esta situaci\u00f3n, cit\u00f3 las revoluciones de la llamada Generaci\u00f3n Z, los importantes movimientos de huelga en Italia y Francia, la mayor concentraci\u00f3n de poder militar de EE. UU. en el Caribe en 40 a\u00f1os, la farsa del acuerdo de paz en Gaza y la derrota de Zelensky en Ucrania.<\/p>\n<p>A pesar del flujo constante de noticias que se suceden unas tras otras en un aparente caos, Jorge resalt\u00f3 que se pueden observar tendencias generales bajo la superficie de estos acontecimientos. El factor central es una crisis del sistema capitalista, una crisis de tipo org\u00e1nico. Esto da lugar a un reajuste en las relaciones entre las potencias capitalistas.<\/p>\n<p><center><\/p>\n<p><iframe id=\"instagram-embed-1\" class=\"instagram-media instagram-media-rendered\" src=\"https:\/\/www.instagram.com\/p\/DRaTA_zjhAt\/embed\/captioned\/?cr=1&amp;v=14&amp;wp=540&amp;rd=https%3A%2F%2Fmarxist.com&amp;rp=%2Fnace-la-icr-brasil-nueva-seccion-brasilena-de-la-internacional-comunista-revolucionaria.htm#%7B%22ci%22%3A1%2C%22os%22%3A85428.39999997616%2C%22ls%22%3A8147.899999976158%2C%22le%22%3A69867.60000002384%7D\" height=\"667\" frameborder=\"0\" scrolling=\"no\" allowfullscreen=\"allowfullscreen\" data-instgrm-payload-id=\"instagram-media-payload-1\" data-mce-fragment=\"1\"><\/iframe><\/p>\n<p><\/center>Esta situaci\u00f3n se ve agravada por las deudas p\u00fablicas, que han crecido enormemente desde la crisis de 2008. El sistema paga el precio de que el endeudamiento de los Estados haya sido la estrategia de los capitalistas para salir de la \u00faltima crisis, lo que ha llevado a una deuda equivalente al 250 % del PIB mundial. Esto funciona como un enorme lastre para la econom\u00eda, que impide una vigorosa recuperaci\u00f3n econ\u00f3mica. As\u00ed se profundizan las contradicciones del capitalismo, al reforzar la especulaci\u00f3n financiera, con los capitalistas siempre en busca de ganancias f\u00e1ciles y r\u00e1pidas.<\/p>\n<p>Como efecto pol\u00edtico, toda la generaci\u00f3n menor de 30 a\u00f1os solo ha vivido bajo las condiciones posteriores a la crisis de 2008. Se puede decir, entonces, que la Generaci\u00f3n Z es la generaci\u00f3n que solo ha conocido el capitalismo en crisis. De la nueva situaci\u00f3n se derivan dos caracter\u00edsticas fundamentales. En primer lugar, se observa un alto grado de radicalizaci\u00f3n y simpat\u00eda por el comunismo, especialmente en los sectores m\u00e1s j\u00f3venes de la poblaci\u00f3n de todos los pa\u00edses.<\/p>\n<p>En segundo lugar, existe una crisis de legitimidad cada vez mayor de los reg\u00edmenes de la democracia burguesa y de sus representantes ante sectores cada vez m\u00e1s amplios de la poblaci\u00f3n. En lugar de una marcha hacia reg\u00edmenes bonapartistas o dictatoriales, como sosten\u00eda la direcci\u00f3n de la OCI, lo que se observa es una mayor crisis de la democracia burguesa, expresada en el ascenso de demagogos de derecha, como Donald Trump, y en la b\u00fasqueda de alternativas de izquierda, como Zohran Mamdani.<\/p>\n<p>Otro efecto de la nueva situaci\u00f3n, y que fue un factor central en los debates que precedieron a la ruptura de la mayor\u00eda de la direcci\u00f3n de la OCI con la ICR, es un reajuste en la relaci\u00f3n entre las potencias imperialistas. Al mismo tiempo que Estados Unidos experimenta un declive relativo, se observa el claro ascenso de China como potencia imperialista. De hecho, los recientes acuerdos relacionados con los minerales de tierras raras significan un reconocimiento por parte de Estados Unidos de que no es capaz de doblegar a China.<\/p>\n<p>A pesar de ello, Estados Unidos sigue siendo la fuerza m\u00e1s poderosa y reaccionaria del planeta. Trump reconoce que hay un declive relativo, solo relativo, y busca actuar en consecuencia. As\u00ed, aspira a recuperar el control, en primer lugar, sobre las Am\u00e9ricas como su zona de influencia prioritaria. Prueba de ello son los aranceles del 50 % sobre Brasil, la \u00abayuda\u00bb financiera a Argentina, las imposiciones a Panam\u00e1 y la escalada de amenazas a Venezuela, Colombia y M\u00e9xico.<\/p>\n<h2><span style=\"font-size: 14pt; color: #800000;\">Factor subjetivo ausente<\/span><\/h2>\n<p>Jorge Mart\u00edn tambi\u00e9n destac\u00f3 un cambio importante en la situaci\u00f3n pol\u00edtica reciente. Hace diez a\u00f1os, la crisis se manifestaba principalmente en pa\u00edses dominados y menos relevantes econ\u00f3micamente. Ahora se est\u00e1 manifestando tambi\u00e9n en los pa\u00edses centrales. Y los movimientos que est\u00e1n sacudiendo estos pa\u00edses no provienen de las organizaciones tradicionales de trabajadores, sino de abajo, empujando a los viejos dirigentes, sindicatos y partidos.<\/p>\n<p>Estas revueltas protagonizadas por la Generaci\u00f3n Z son inspiradoras, pero son una continuaci\u00f3n de las insurrecciones que tuvieron lugar en la primera ola posterior a la crisis de 2008. En todas estas situaciones, destac\u00f3 Jorge, las masas demostraron toda su dedicaci\u00f3n. Pagaron su iniciativa con miles de muertos. En algunos casos, lograron victorias parciales. Pero incluso en esos casos, poco despu\u00e9s nada cambi\u00f3 o se volvi\u00f3 a la situaci\u00f3n anterior.<\/p>\n<p>&nbsp;<\/p>\n<p>En los levantamientos globales de 2024-2025, la Generaci\u00f3n Z adopt\u00f3 como s\u00edmbolo de rebeld\u00eda la bandera del anime\u00a0<em>One Piece<\/em>: un pa\u00f1o negro con una calavera sonriente con sombrero de paja, sobre dos huesos cruzados. La bandera pirata est\u00e1 apareciendo en protestas en todo el mundo, desde Indonesia hasta Ecuador, y desde Madagascar hasta Italia.<\/p>\n<p>Esta imagen se asocia con la tripulaci\u00f3n pirata liderada por el protagonista Luffy, que se enfrenta a la tiran\u00eda de un gobierno mundial y a las \u00e9lites corruptas en su viaje. La bandera se ha convertido en un emblema inmediato para los j\u00f3venes que no encuentran inspiraci\u00f3n en las direcciones pol\u00edticas tradicionales y sus ideas. Sinti\u00e9ndose hu\u00e9rfanos de referencias, recurren a un universo imaginario para alimentar su coraje colectivo.<\/p>\n<p>Al izar la bandera de Luffy, afirman su deseo de libertad, camarader\u00eda y transformaci\u00f3n radical. Este fen\u00f3meno expresa el enorme potencial de conectar esta energ\u00eda insurgente con las verdaderas ideas del comunismo, la inspiraci\u00f3n m\u00e1s poderosa que la Generaci\u00f3n Z puede abrazar para transformar la revuelta en un cambio real de la sociedad. Estas revueltas, repartidas por los cinco continentes, revelan un poderoso instinto revolucionario de la Generaci\u00f3n Z.<\/p>\n<p>La gran lecci\u00f3n de todos estos procesos revolucionarios, sin embargo, es comprender la necesidad de un partido pol\u00edtico capaz de implementar un programa de transformaci\u00f3n completa de la sociedad. Fue la falta de este factor subjetivo lo que, tarde o temprano, determin\u00f3 la derrota de estos movimientos. Este factor subjetivo puede desarrollarse r\u00e1pidamente, como se ha demostrado varias veces a lo largo de la historia.<\/p>\n<p>Pero no basta con crecer. Es necesario crecer sobre una base correcta, para que todo el esfuerzo no se pierda. En este sentido, incluso pueden ser necesarias rupturas para avanzar a una etapa superior de desarrollo. Estamos experimentando el comienzo de una situaci\u00f3n muy favorable para construir una alternativa pol\u00edtica para las masas y la ICR-Brasil est\u00e1 en condiciones de avanzar en este objetivo.<\/p>\n<h2><span style=\"color: #800000; font-size: 14pt;\">Una visi\u00f3n correcta sobre Brasil<\/span><\/h2>\n<p>Al analizar la situaci\u00f3n nacional y las tareas de la ICR en Brasil, Caio Dezorzi enfatiz\u00f3 la importancia de un an\u00e1lisis correcto sobre la lucha interimperialista a escala mundial para comprender lo que sucede en el escenario brasile\u00f1o. Demostr\u00f3 c\u00f3mo, al rechazar la tesis err\u00f3nea de la antigua direcci\u00f3n de que China era un pa\u00eds dominado, fue posible reinterpretar los acontecimientos de Brasil tras la crisis de 2008 de una manera mucho m\u00e1s precisa y comprender mejor los acontecimientos.<\/p>\n<p>La antigua direcci\u00f3n, sin embargo, no pod\u00eda incorporar este factor en su an\u00e1lisis sin cuestionar los axiomas de que China era un pa\u00eds dominado y que era imposible el desarrollo de las fuerzas productivas despu\u00e9s de 1938, cuando Trotsky escribi\u00f3 que las fuerzas productivas hab\u00edan dejado de crecer. Esta interpretaci\u00f3n esquem\u00e1tica de las elaboraciones de Trotsky llev\u00f3 a los dirigentes de la antigua secci\u00f3n a no darse cuenta de sus errores y a desarrollar una l\u00ednea sectaria y dogm\u00e1tica.<\/p>\n<p>&nbsp;<\/p>\n<p>Caio destac\u00f3, sin embargo, que la historia pol\u00edtica y econ\u00f3mica reciente de Brasil solo puede entenderse plenamente a la luz de la disputa entre Estados Unidos y China. Por ejemplo, Bolsonaro se enfrent\u00f3 al mismo dilema que Milei en Argentina, que pol\u00edticamente est\u00e1 alineado con Estados Unidos, pero econ\u00f3micamente depende profundamente de China. Incluso en el caso de la masacre de R\u00edo de Janeiro se manifiesta este factor, con Claudio Castro buscando el apoyo de Trump y presionando para que el Comando Vermelho sea reconocido como organizaci\u00f3n terrorista.<\/p>\n<p>Los rasgos de inestabilidad y crisis internacional tambi\u00e9n se desarrollan en Brasil. Las contradicciones sociales y econ\u00f3micas avanzan bajo una superficie de tasas r\u00e9cord de empleo. Los datos oficiales ocultan una situaci\u00f3n de alto \u00edndice de informalidad laboral, precariedad y bajos salarios en los empleos formales, deterioro de los servicios p\u00fablicos, constante aumento del costo de vida, creciente desindustrializaci\u00f3n y propagaci\u00f3n de la delincuencia y la descomposici\u00f3n social. Situaci\u00f3n subordinada a un escenario internacional inestable, en el que Brasil se posiciona cada vez m\u00e1s como proveedor de materias primas.<\/p>\n<p>En estas condiciones, los comunistas deben formular un conjunto de reivindicaciones transitorias que traduzcan el programa revolucionario en t\u00e9rminos comprensibles para las masas, de acuerdo con su nivel de conciencia en cada momento. Entre ellas, por ejemplo, pueden figurar la nacionalizaci\u00f3n de las empresas estadounidenses; el establecimiento de Petrobras como empresa 100 % estatal, desde el pozo hasta la gasolinera; el control estatal de la gasolina, el gas, la telefon\u00eda, Internet, la televisi\u00f3n por cable; servicios p\u00fablicos, gratuitos y para todos, como la salud, la educaci\u00f3n, el transporte y la vivienda, con todo el dinero necesario para una atenci\u00f3n de calidad; empleo digno para todos. Todo esto plantea la cuesti\u00f3n del impago de la deuda p\u00fablica.<\/p>\n<p>El Comit\u00e9 Central elegido para dirigir la nueva secci\u00f3n de la ICR en Brasil tiene el mandato de elaborar el programa m\u00e1s adecuado para que los comunistas lo difundan en el pr\u00f3ximo per\u00edodo en el pa\u00eds. En cada uno de los 60 pa\u00edses en los que est\u00e1 presente la ICR, sus militantes tienen el reto de elaborar una plataforma program\u00e1tica adaptada al lugar en el que se realiza el trabajo. Dicho programa deber\u00e1 tener en cuenta, por ejemplo, una investigaci\u00f3n realizada en Brasil sobre publicaciones en redes sociales que muestra que cuanto m\u00e1s joven es la persona, m\u00e1s propensa es a realizar publicaciones radicales y de izquierda, llegando al 48 % entre los menores de 18 a\u00f1os.<\/p>\n<p>Al final de los debates, se aprobaron algunas enmiendas presentadas por los delegados y el documento pol\u00edtico fue aprobado por unanimidad. Se puede leer aqu\u00ed.<\/p>\n<h2><span style=\"color: #800000; font-size: 14pt;\">Las ideas de Ted Grant<\/span><\/h2>\n<p>Aunque en Brasil exist\u00eda una secci\u00f3n de la ICR desde 2008, las ideas y el legado de Ted Grant nunca se difundieron adecuadamente en este pa\u00eds. Hoy est\u00e1 claro que esto no fue accidental. La direcci\u00f3n de la antigua secci\u00f3n brasile\u00f1a de la ICR sosten\u00eda otro legado, el de Pierre Lambert y su corriente pol\u00edtica, y no ten\u00eda inter\u00e9s en que la militancia brasile\u00f1a conociera en profundidad la historia y las ideas de su propia Internacional.<\/p>\n<p>&nbsp;<\/p>\n<p>Un cambio completo en esta orientaci\u00f3n qued\u00f3 marcado por la celebraci\u00f3n de la Escuela de Cuadros el 22 de noviembre, en la que una de las sesiones trat\u00f3 con la vida y las ideas del fundador y principal elaborador te\u00f3rico del legado de la ICR tras el asesinato de Le\u00f3n Trotsky. La introducci\u00f3n estuvo a cargo del mismo autor de este informe, Johannes Halter, y cont\u00f3 con las contribuciones de compa\u00f1eros que enriquecieron el debate sobre la vida y el legado de Ted.<\/p>\n<p>\u00c9l fue el responsable de mantener encendida la antorcha del marxismo en las condiciones m\u00e1s adversas, en particular ante el colapso de la IV Internacional. Una de las discusiones importantes que surgieron despu\u00e9s de la Segunda Guerra Mundial fue sobre lo que estaba sucediendo en Europa del Este. La derrota de los nazis dio lugar a la ocupaci\u00f3n por parte del Ej\u00e9rcito Rojo de una serie de pa\u00edses que antes estaban bajo el control de la burgues\u00eda. Los dirigentes de la IV Internacional avanzaron entonces en el an\u00e1lisis de que all\u00ed se establecieron reg\u00edmenes capitalistas bajo la protecci\u00f3n del Ej\u00e9rcito Rojo.<\/p>\n<p>Ted Grant, por su parte, avanz\u00f3 el an\u00e1lisis de que, aunque la pol\u00edtica de Stalin era la de los frentes populares, la fragilidad de las burgues\u00edas en ese momento y la iniciativa revolucionaria de las masas en esos pa\u00edses llev\u00f3 a la burocracia a expropiar el capital y a establecer reg\u00edmenes burocr\u00e1ticos a su imagen y semejanza.<\/p>\n<p>Ted explic\u00f3 que se trataba de una lucha por el poder entre dos alas de la misma burocracia estalinista. Analiz\u00f3 el desarrollo de los reg\u00edmenes burocr\u00e1ticos a partir de lo que Trotsky ya hab\u00eda caracterizado como \u00abbonapartismo proletario\u00bb, con la burocracia estalinista yendo m\u00e1s lejos de lo que hubiera deseado ante la presi\u00f3n de las masas en lucha.<\/p>\n<h2><span style=\"font-size: 14pt; color: #800000;\">El auge econ\u00f3mico de la posguerra\u00a0<\/span><\/h2>\n<p>Otra controversia importante entre Ted Grant y los dirigentes de la IV Internacional fue el an\u00e1lisis de la situaci\u00f3n econ\u00f3mica tras la Segunda Guerra Mundial. Los dirigentes de la IV sostuvieron que, tal y como Trotsky hab\u00eda previsto antes del inicio de la guerra, ahora se abrir\u00eda un per\u00edodo de crisis del capitalismo, de explosi\u00f3n revolucionaria y de ascenso de la IV Internacional. Al fin y al cabo, Trotsky escribi\u00f3 que esa era la perspectiva.<\/p>\n<p>Ted fue el \u00fanico que analiz\u00f3 que, seg\u00fan todos los indicios disponibles, la econom\u00eda capitalista estaba entrando en una curva de crecimiento. Ted observ\u00f3 que los capitalistas pudieron restablecer cierta normalidad despu\u00e9s de la guerra contando con la colaboraci\u00f3n de los socialdem\u00f3cratas y los estalinistas para contener o desviar el movimiento de masas.<\/p>\n<p>Esta situaci\u00f3n solo puede entenderse plenamente si se comprende que el final de la Segunda Guerra Mundial condujo a un factor imprevisto por Trotsky en su inicio. La din\u00e1mica del conflicto no condujo a un debilitamiento de la burocracia estalinista, sino a su fortalecimiento en niveles sorprendentes.<\/p>\n<p>A los estalinistas se sumaron los reformistas, como en Gran Breta\u00f1a con el Partido Laborista, que bajo la presi\u00f3n de las masas comenzaron a aplicar un verdadero programa de reformas, sin poner en peligro la propiedad privada de los grandes medios de producci\u00f3n y la existencia de la clase capitalista.<\/p>\n<p>Esta fue la base para la recuperaci\u00f3n econ\u00f3mica de la posguerra y para el aplazamiento de la revoluci\u00f3n, al menos en Europa. Por lo tanto, fue la base para un enorme crecimiento de las fuerzas productivas, lleno de contradicciones y que condujo a una nueva crisis cl\u00e1sica del capitalismo.<\/p>\n<p>Ted defini\u00f3 esta situaci\u00f3n como una contrarrevoluci\u00f3n en forma democr\u00e1tica. Al no comprender esto, la direcci\u00f3n de la IV continu\u00f3 defendiendo que vendr\u00edan la crisis y las dictaduras. De este error de an\u00e1lisis se derivaron errores pol\u00edticos, como en Francia, donde la secci\u00f3n decidi\u00f3 pasar a la clandestinidad. Esto podr\u00eda corregirse mediante un debate y una revisi\u00f3n de esta pol\u00edtica por parte de los militantes de la IV.<\/p>\n<p>Una fracci\u00f3n del SWP estadounidense se desarroll\u00f3 elaborando una posici\u00f3n similar a la de Ted en este asunto, liderada por F\u00e9lix Morrow y Albert Goldman. Sin embargo, James Cannon aplast\u00f3 a estos militantes mediante m\u00e9todos zinovievistas, buscando etiquetarlos como \u00abgangsters de Londres\u00bb y sustituyendo el debate por maniobras y difamaciones.<\/p>\n<h2><span style=\"font-size: 14pt; color: #800000;\">Error te\u00f3rico de la antigua direcci\u00f3n<\/span><\/h2>\n<p>La realidad, por lo tanto, invalid\u00f3 la perspectiva de Trotsky antes de la guerra. Esto, en s\u00ed mismo, no deber\u00eda ser motivo de crisis, ya que una perspectiva es una hip\u00f3tesis de trabajo que debe revisarse a medida que se desarrollan los acontecimientos.<\/p>\n<p>Los dirigentes de la IV, sin embargo, no entend\u00edan este m\u00e9todo de an\u00e1lisis y segu\u00edan repitiendo dogm\u00e1ticamente las perspectivas de Trotsky antes de la guerra. Lambert sostuvo hasta el final de su vida, en 2008, que las fuerzas productivas hab\u00edan dejado de crecer, supuestamente defendiendo de forma \u00abortodoxa\u00bb el \u00ablegado de Trotsky\u00bb y el \u00abPrograma de Transici\u00f3n\u00bb.<\/p>\n<p>&nbsp;<\/p>\n<p>Esta posici\u00f3n de Lambert fue heredada y defendida por la mayor\u00eda del CC de la OCI dentro de la ICR y fue lo que llev\u00f3 a su error sobre el an\u00e1lisis de la China actual, por ejemplo. Alan Woods, en su prefacio a la edici\u00f3n brasile\u00f1a del libro \u00abLa historia de la filosof\u00eda: una perspectiva marxista\u00bb, demuestra c\u00f3mo la base de esta posici\u00f3n err\u00f3nea no es el materialismo dial\u00e9ctico, sino la l\u00f3gica formal.<\/p>\n<p>\u00abUna vez distorsionado en un esquema r\u00edgido y fosilizado, el marxismo se convierte en su opuesto: de un m\u00e9todo profundo y cient\u00edfico en un dogma sin vida que puede aplicarse mec\u00e1nicamente a cualquier situaci\u00f3n o contexto.<\/p>\n<p>Por citar un ejemplo que puede resultar familiar: el capitalismo no puede desarrollar las fuerzas productivas bajo ninguna circunstancia.<\/p>\n<p>Por lo tanto, China no puede haber desarrollado las fuerzas productivas.<\/p>\n<p>Por lo tanto, China es una semicolonia atrasada, subdesarrollada y dominada, controlada \u00edntegramente por los Estados Unidos.<\/p>\n<p>Por lo tanto, el supuesto conflicto entre China y el imperialismo estadounidense es una mera invenci\u00f3n o fruto de la imaginaci\u00f3n.<\/p>\n<p>La l\u00f3gica de esto parece impecable y, de hecho, sigue fielmente las reglas de la l\u00f3gica formal. Una vez aceptada la proposici\u00f3n inicial, el resto sigue, como la noche sigue al d\u00eda. (&#8230;)<\/p>\n<p>La teor\u00eda de que, en la era del imperialismo, no es posible ning\u00fan desarrollo de las fuerzas productivas pasa a considerarse una proposici\u00f3n absoluta y v\u00e1lida para todos los tiempos, una llave m\u00e1gica que abre todas las puertas.<\/p>\n<p>Esta idea se basa en una interpretaci\u00f3n err\u00f3nea de lo que Trotsky escribi\u00f3 en 1938, en El programa de transici\u00f3n, donde se\u00f1alaba que las fuerzas productivas hab\u00edan dejado de crecer.<\/p>\n<p>Esto era correcto en aquella \u00e9poca. Pero Trotsky nunca afirm\u00f3 que se tratara de una proposici\u00f3n de aplicaci\u00f3n universal, independiente del tiempo y el espacio.<\/p>\n<p>De hecho, advirti\u00f3 contra ello de antemano:<\/p>\n<p>\u00abPero una previsi\u00f3n en pol\u00edtica no tiene el car\u00e1cter de un plan perfecto; es una hip\u00f3tesis de trabajo&#8230; No hay que embriagarse con esquemas acabados, sino referirse continuamente al curso del proceso hist\u00f3rico y ajustarse a sus indicaciones\u00bb.<\/p>\n<p>Al convertir lo que era un pron\u00f3stico condicional en una afirmaci\u00f3n absoluta, v\u00e1lida para todos los tiempos y aplicable en todas las circunstancias, los sectarios convirtieron el an\u00e1lisis cient\u00edfico de Trotsky en un completo absurdo\u00bb.<\/p>\n<p>Por eso criticamos el m\u00e9todo de an\u00e1lisis utilizado por la mayor\u00eda del CC de la OCI, una cr\u00edtica pol\u00edtica y te\u00f3rica, que ten\u00eda por objeto llamar la atenci\u00f3n sobre este problema y corregirlo. Sin embargo, como hemos visto, este no era un problema exclusivo de la mayor\u00eda del CC de la OCI. Heredaron este error de Lambert.<\/p>\n<p>Los lectores pueden comprobar por s\u00ed mismos la similitud entre el informe pol\u00edtico defendido por la mayor\u00eda del CC de la OCI,\u00a0<a href=\"https:\/\/marxismo.org.br\/informe-do-comite-central-preparatorio-ao-9o-congresso-nacional-da-oci\/\">disponible aqu\u00ed<\/a>, y la traducci\u00f3n realizada por la militante de la ICR Taisa Leonardo de un documento de Pierre Lambert, de 20 p\u00e1ginas, fechado en enero de 1969, titulado \u00abLa actualidad del programa de transici\u00f3n\u00bb,\u00a0<a href=\"https:\/\/docs.google.com\/document\/d\/1-LtqqafXjmniyWQt-gVCqM-d9_pYggolE6CzGwEq0Q0\/edit?usp=drivesdk\">disponible aqu\u00ed<\/a>. El original en franc\u00e9s\u00a0<a href=\"https:\/\/www.marxists.org\/francais\/lambert\/works\/1970\/Actualite.pdf\">se puede leer aqu\u00ed.<\/a><\/p>\n<p>Ambos documentos, el de la OCI y el de Pierre Lambert, comparten los mismos supuestos como punto de partida para analizar la situaci\u00f3n a finales de la d\u00e9cada de 1960 y en el a\u00f1o 2025, tales como:<\/p>\n<ul>\n<li>Las fuerzas productivas han dejado de crecer<\/li>\n<li>Las fuerzas productivas se han transformado en fuerzas destructivas<\/li>\n<li>La \u00fanica barrera que impide la victoria es la crisis de direcci\u00f3n revolucionaria<\/li>\n<li>Si las fuerzas productivas crecen, entonces la perspectiva de la revoluci\u00f3n proletaria habr\u00eda sido refutada por la historia y deber\u00edamos adaptarnos al sistema capitalista<\/li>\n<\/ul>\n<p>Pero no fue Lambert quien cre\u00f3 estas posiciones. Lambert no era un te\u00f3rico y hered\u00f3 sus concepciones primero de Pierre Frank, el dirigente de la secci\u00f3n francesa en la \u00e9poca de su juventud, y luego de Ernest Mandel y Michel Pablo. Este error tiene su origen, por lo tanto, en la incomprensi\u00f3n de los dirigentes de la IV Internacional despu\u00e9s de la Segunda Guerra Mundial de que las perspectivas de Trotsky se basaban en las condiciones objetivas del momento hist\u00f3rico que \u00e9l analiz\u00f3 hasta su asesinato, y que no eran leyes hist\u00f3ricas.<\/p>\n<h2><span style=\"color: #800000; font-size: 14pt;\">Paciencia hist\u00f3rica<\/span><\/h2>\n<p>Un tercer ejemplo de la diferencia entre el m\u00e9todo de an\u00e1lisis de Ted Grant y el de los dem\u00e1s dirigentes de la IV Internacional se refiere a la comprensi\u00f3n del aislamiento de la IV Internacional y del movimiento de la clase obrera. Poco antes de que Trotsky fuera golpeado con un hacha de hielo por un agente estalinista, hab\u00eda esbozado una previsi\u00f3n de que en 10 a\u00f1os la IV Internacional se convertir\u00eda en la fuerza dominante del movimiento obrero.<\/p>\n<p>Una d\u00e9cada despu\u00e9s, la IV no solo no era hegem\u00f3nica, sino que luchaba por sobrevivir en peque\u00f1os grupos nacionales, aislados de su propia clase. Ante este hecho, los dirigentes de la IV sacaron diferentes conclusiones, todas igualmente falsas.<\/p>\n<p>Una de ellas fue el \u00abpablismo\u00bb, con su teor\u00eda de los campos y la orientaci\u00f3n de disolverse en los partidos estalinistas; otra fue el \u00abmandelismo\u00bb, que revis\u00f3 la perspectiva de la direcci\u00f3n de la IV despu\u00e9s de la Segunda Guerra Mundial dando un giro de 180\u00ba, para decir que el capitalismo estaba en una nueva etapa hist\u00f3rica y que el proletariado se hab\u00eda aburguesado, incluso en el a\u00f1o 1968.<\/p>\n<p>Ted Grant sosten\u00eda que, por sorprendente que fuera el prolongado aislamiento de los trotskistas, pod\u00eda entenderse de forma objetiva y que, tarde o temprano, podr\u00eda superarse. No por alg\u00fan truco o atajo m\u00e1gico aplicado por una direcci\u00f3n astuta.<\/p>\n<p>Ser\u00eda el propio desarrollo de las contradicciones inherentes al r\u00e9gimen capitalista lo que conducir\u00eda a nuevas crisis y a la apertura de una nueva situaci\u00f3n econ\u00f3mica y de efervescencia social. Ser\u00eda la propia experiencia de las masas con los partidos comunistas y reformistas, con sus traiciones y equ\u00edvocos, lo que abrir\u00eda nuevas oportunidades pol\u00edticas y cambiar\u00eda la marea a favor de los trotskistas.<\/p>\n<p>La t\u00e1ctica de los trotskistas, resaltaba Ted, deb\u00eda tener en cuenta en primer lugar las relaciones de las masas con las organizaciones que hist\u00f3ricamente hab\u00edan construido. Explic\u00f3 que, en un primer momento, las masas siempre tienden a recurrir a lo que les es familiar y que consideran que puede ser la forma m\u00e1s econ\u00f3mica de resolver sus problemas. A diferencia de los marxistas, las masas no aprenden de los libros, sino de su propia experiencia.<\/p>\n<p>Hasta que se presentaran nuevas condiciones pol\u00edticas, Ted sosten\u00eda que los trotskistas deb\u00edan realizar un trabajo paciente en esas organizaciones tradicionales de la clase en las que las masas se organizaban y a las que recurr\u00edan, sin disolverse como propon\u00eda Michel Pablo, sin adaptarse a la peque\u00f1a burgues\u00eda o a los l\u00edderes oportunistas y sin ocultar sus banderas y su programa.<\/p>\n<p>Esa deb\u00eda ser la t\u00e1ctica mediante la cual los trotskistas podr\u00edan preparar mejor sus fuerzas para las nuevas oportunidades revolucionarias que a\u00fan estaban m\u00e1s all\u00e1 en el horizonte.<\/p>\n<h2><span style=\"font-size: 14pt; color: #800000;\">Zin\u00f3vievismo y \u00abtrotskismo\u00bb<\/span><\/h2>\n<p>Estos son ejemplos de las pol\u00e9micas de Ted Grant y los dem\u00e1s dirigentes de la IV Internacional. Cada vez era m\u00e1s evidente que el trasfondo de las diversas divergencias era una cuesti\u00f3n de m\u00e9todo de an\u00e1lisis. Ted defend\u00eda la aplicaci\u00f3n del materialismo dial\u00e9ctico como m\u00e9todo para investigar cada nuevo problema y desarrollar una orientaci\u00f3n. Mientras tanto, los supuestos l\u00edderes de la IV Internacional aplicaban todo tipo de m\u00e9todos ecl\u00e9cticos.<\/p>\n<p>&nbsp;<\/p>\n<p>A estos constantes choques pol\u00edticos y te\u00f3ricos se sum\u00f3 el desarrollo de un r\u00e9gimen cada vez m\u00e1s zinovievista en la IV y en las diversas sectas que surgieron de su colapso. Esta burocratizaci\u00f3n de los reg\u00edmenes organizativos de estas organizaciones es comprensible.<\/p>\n<p>Incapaces de aplicar el m\u00e9todo marxista de an\u00e1lisis para interpretar la realidad, los llamados l\u00edderes trotskistas eran incapaces de formular una l\u00ednea pol\u00edtica justa. Incapaces de formular una l\u00ednea v\u00e1lida, el r\u00e9gimen pol\u00edtico de sus organizaciones no pod\u00eda guiarse por la democracia y la libertad de discusi\u00f3n. Para salvar la supuesta autoridad de sus dirigentes, era necesario suprimir las divergencias y derrotar a los cr\u00edticos incluso antes de que se iniciara formalmente el debate de ideas.<\/p>\n<p>Los militantes brasile\u00f1os de la ICR vivieron en carne propia este tipo de r\u00e9gimen burocr\u00e1tico zinovievista con la fracci\u00f3n secreta de Serge Goulart, que busc\u00f3 de diversas formas suprimir la discusi\u00f3n y las divergencias, recurriendo a sanciones, calumnias y maniobras administrativas para prevalecer.<\/p>\n<p>En el caso concreto de Brasil, la mayor\u00eda del CC justific\u00f3 su ruptura porque la direcci\u00f3n de la ICR cometi\u00f3 el \u00abdelito\u00bb de exigir que, hasta que se celebrara el congreso nacional programado, se suspendiera en la secci\u00f3n la ola de sanciones contra los dirigentes de la \u00abFracci\u00f3n en Defensa de la Internacional\u00bb y se revirtieran las fusiones de comit\u00e9s regionales y los cambios de responsables adoptados contra la minor\u00eda. La direcci\u00f3n de la Internacional ped\u00eda que se centrara la atenci\u00f3n en la discusi\u00f3n pol\u00edtica y que las diferencias se resolvieran de manera democr\u00e1tica en el congreso.<\/p>\n<p>La \u00faltima experiencia de Ted trabajando con los llamados l\u00edderes de la IV Internacional termin\u00f3 en 1965. Tras tres expulsiones burocr\u00e1ticas por parte de la direcci\u00f3n de la IV, Ted lleg\u00f3 a la conclusi\u00f3n de que la defensa del legado de Trotsky estar\u00eda lejos de los llamados \u00abtrotskistas\u00bb y corrientes del tipo \u00abfrente de revolucionarios\u00bb. A partir de entonces, se dedic\u00f3 a establecer una tendencia independiente, basada en las verdaderas ideas y m\u00e9todos organizativos de Trotsky y del marxismo.<\/p>\n<p>En condiciones de extremo aislamiento, de fortalecimiento del imperialismo y de presi\u00f3n de la burocracia estalinista, fue el responsable de mantener encendida la antorcha de las ideas de Marx, Engels, Lenin y Trotsky. El contraste entre su claridad y el declive de la Cuarta Internacional no se reduc\u00eda a divergencias t\u00e1cticas o cuestiones de personalidad, sino a un profundo choque de m\u00e9todos de an\u00e1lisis.<\/p>\n<p>Mientras los dirigentes de la IV se hund\u00edan en el zinovievismo, el formalismo dogm\u00e1tico y el eclecticismo, Ted Grant sosten\u00eda y aplicaba rigurosamente el materialismo dial\u00e9ctico. Comprendi\u00f3 que las perspectivas son hip\u00f3tesis de trabajo que deben revisarse y que no hay atajos ni trucos m\u00e1gicos en la construcci\u00f3n del partido revolucionario.<\/p>\n<p>Una profunda lecci\u00f3n que nos deja la vida de Ted Grant es que la correcci\u00f3n pol\u00edtica es inseparable de la atenci\u00f3n a las ideas y la teor\u00eda marxista. La debilidad te\u00f3rica y la incapacidad de convencer mediante el debate libre siempre llevaron a los llamados trotskistas a la burocratizaci\u00f3n y al uso de trucos zinovievistas para suprimir la divergencia. Este tipo de desviaci\u00f3n siempre condujo a escisiones y crisis.<\/p>\n<p>Ted fund\u00f3 una tradici\u00f3n, de la que la ICR y sus militantes son herederos, sobre los s\u00f3lidos fundamentos de las ideas marxistas, enriquecidas por la experiencia de d\u00e9cadas de lucha. Su legado no es solo un conjunto de documentos, sino un llamamiento a la paciencia estrat\u00e9gica y a la audacia revolucionaria.<\/p>\n<p>Una profunda ense\u00f1anza de Ted que aprendieron los participantes de la Escuela de Cuadros fue que ser\u00eda el propio desarrollo de las contradicciones capitalistas lo que llevar\u00eda a superar el aislamiento y abrir\u00eda nuevas oportunidades revolucionarias. Lo que estamos viviendo desde la crisis financiera de 2008 es, por lo tanto, una espectacular confirmaci\u00f3n de las perspectivas econ\u00f3micas y pol\u00edticas elaboradas por Ted Grant.<\/p>\n<h2><span style=\"color: #800000; font-size: 14pt;\">Lanzamiento de \u00abLa historia de la filosof\u00eda\u00bb<\/span><\/h2>\n<p>El congreso de fundaci\u00f3n de la nueva secci\u00f3n de la ICR en Brasil tambi\u00e9n cont\u00f3 con una sesi\u00f3n de lanzamiento de la edici\u00f3n en portugu\u00e9s del libro \u00abLa historia de la filosof\u00eda: una perspectiva marxista\u00bb, de Alan Woods. El s\u00e1bado por la tarde, los delegados recibieron en el auditorio el refuerzo de varios invitados que se reunieron para asistir a la presentaci\u00f3n de la obra, realizada por Jorge Martin.<\/p>\n<p>&nbsp;<\/p>\n<p>El lanzamiento del libro de Alan rompe un ayuno de siete a\u00f1os en los que la antigua direcci\u00f3n se abstuvo de publicar ni un solo libro en Brasil, mientras que la secci\u00f3n mexicana public\u00f3 ocho libros en 2024. Por no hablar de que, desde 2021, la Internacional lanz\u00f3 una campa\u00f1a mundial en defensa de la teor\u00eda del marxismo y de lucha contra las ideas posmodernas, que tuvo muy poco eco en la secci\u00f3n brasile\u00f1a de entonces.<\/p>\n<p>El libro \u00abLa historia de la filosof\u00eda: una perspectiva marxista\u00bb, en particular, fue objeto de un rechazo sistem\u00e1tico a su publicaci\u00f3n en Brasil por parte de la antigua direcci\u00f3n. En todo momento se presentaba una excusa y as\u00ed pasaron cuatro a\u00f1os en los que la obra permaneci\u00f3 en el caj\u00f3n. Los militantes brasile\u00f1os que quer\u00edan leerla ten\u00edan que adquirirla en ingl\u00e9s o espa\u00f1ol en eventos internacionales.<\/p>\n<p>Sin embargo, dos meses y medio despu\u00e9s de la escisi\u00f3n, los militantes brasile\u00f1os de la ICR lograron organizar la producci\u00f3n de la traducci\u00f3n del libro, demostrando que se trataba de una decisi\u00f3n pol\u00edtica de no publicar la obra. La edici\u00f3n de este t\u00edtulo tampoco fue accidental. Los camaradas brasile\u00f1os est\u00e1n convencidos de que la mejor manera de construir la nueva secci\u00f3n de la ICR en Brasil es situarla sobre la roca s\u00f3lida del marxismo, y comprenderlo y defenderlo como el mayor logro filos\u00f3fico del pensamiento humano.<\/p>\n<p>Tras el lanzamiento del libro, se invit\u00f3 al p\u00fablico a asistir a otra sesi\u00f3n de la Escuela de Cuadros, que cont\u00f3 con un rico debate sobre el materialismo dial\u00e9ctico, introducido por Marcos Andrade. Un n\u00famero sorprendente de delegados e invitados particip\u00f3 en el debate, lo que puso de manifiesto el inter\u00e9s de los militantes por debatir sobre filosof\u00eda, por conocer y asimilar una comprensi\u00f3n marxista del tema.<\/p>\n<p>En los pr\u00f3ximos meses, los militantes de la ICR-Brasil se dedicar\u00e1n a estudiar cada cap\u00edtulo del libro \u00abLa historia de la filosof\u00eda: una perspectiva marxista\u00bb y a invitar a los amigos de la ICR a sumarse al \u00abviaje de descubrimientos\u00bb anunciado por Alan Woods en su introducci\u00f3n y que fue tan bien reforzado por la presentaci\u00f3n de Jorge Mart\u00edn durante el lanzamiento del s\u00e1bado.<\/p>\n<h2><span style=\"color: #800000; font-size: 14pt;\">La ICR como inspiraci\u00f3n: \u00bfEres comunista?<\/span><\/h2>\n<p>Camaradas de varias secciones de la ICR participaron en el congreso e inspiraron a los militantes brasile\u00f1os sobre el fant\u00e1stico avance de la Internacional en pa\u00edses como Estados Unidos, M\u00e9xico, Canad\u00e1, Italia y Gran Breta\u00f1a. Ya son 60 los pa\u00edses que cuentan con la presencia de la Internacional y en todos ellos se est\u00e1n obteniendo incre\u00edbles logros con la juventud que se radicaliza.<\/p>\n<p>El denominador com\u00fan para el progreso en todos estos lugares ha sido la campa\u00f1a mundial de reclutamiento \u00ab\u00bfEres comunista?\u00bb, lanzada en agosto de 2023. Esta pol\u00edtica combina una orientaci\u00f3n sistem\u00e1tica hacia la juventud, especialmente en escuelas y universidades, con una atenci\u00f3n dedicada a la formaci\u00f3n te\u00f3rica y la elaboraci\u00f3n de material para la educaci\u00f3n te\u00f3rica y pol\u00edtica de los j\u00f3venes.<\/p>\n<p>&nbsp;<\/p>\n<p>Los informes sobre los avances de la ICR en todo el mundo inspiraron profundamente a los camaradas brasile\u00f1os que participaron en el congreso. Esto qued\u00f3 patente durante la colecta realizada el viernes por la noche, bajo la direcci\u00f3n de Rennan Valeriano. Se pidi\u00f3 a todas las c\u00e9lulas de Brasil que anunciaran las cantidades con las que iban a contribuir a la colecta.<\/p>\n<p>Al final de los anuncios, los camaradas superaron el objetivo inicialmente propuesto, alcanzando la incre\u00edble cifra de m\u00e1s de 30 000 reales recaudados en el congreso de una organizaci\u00f3n que acaba de nacer. Otra demostraci\u00f3n de la enorme disposici\u00f3n de los compa\u00f1eros fue la subasta de una gorra de la secci\u00f3n canadiense de la ICR, objeto de una intensa puja entre varios compa\u00f1eros, que finalmente se adjudic\u00f3 por 500 reales.<\/p>\n<p>Uno de los momentos m\u00e1s emocionantes del congreso tuvo lugar al final de la sesi\u00f3n del domingo. El dirigente de la secci\u00f3n italiana, Alessandro Giardello, tom\u00f3 la palabra para declarar que, por todo lo que hab\u00eda visto durante el evento, los camaradas brasile\u00f1os se hab\u00edan ganado su confianza en que eran capaces de construir una verdadera secci\u00f3n de la ICR en Brasil.<\/p>\n<p>Nuestra confianza y seguridad en el futuro se derivan del hecho de que avanzamos en la historia armados con el m\u00e9todo de an\u00e1lisis y el legado de Ted Grant. Este arsenal te\u00f3rico representa las ideas vivas de Marx, Engels, Lenin y Trotsky. Es decir, el aut\u00e9ntico hilo de continuidad revolucionaria que se remonta a la Liga de los Comunistas y que se ha conservado para nosotros.<\/p>\n<p>Sobre esta base construiremos una verdadera secci\u00f3n de la Internacional Comunista Revolucionaria en Brasil. Si la \u00abpaciencia hist\u00f3rica\u00bb de Ted Grant fue vital para preservar el hilo de continuidad del marxismo en las condiciones m\u00e1s adversas, ahora encuentra su complemento dial\u00e9ctico en la \u00abimpaciencia revolucionaria\u00bb de la Generaci\u00f3n Z.<\/p>\n<p>La teor\u00eda preservada con tanto esfuerzo por Ted y los camaradas de la ICR servir\u00e1 de arma en manos de esta juventud que no tiene nada que perder. Estas ideas, las ideas del marxismo aut\u00e9ntico, constituyen la piedra angular sobre la que construiremos el partido revolucionario que la historia exige en Brasil y la Internacional que la humanidad necesita en todo el mundo.<\/p>\n","protected":false},"excerpt":{"rendered":"<p>Por: Johannes Halter Militantes de la Internacional Comunista Revolucionaria de varios estados de Brasil se reunieron en S\u00e3o Paulo para un congreso convocado de forma urgente. Su prop\u00f3sito era fundar una nueva secci\u00f3n brasile\u00f1a de la Internacional y realizar una escuela de cuadros. Decenas de delegados que hab\u00edan sido elegidos previamente en plenarias regionales participaron&#8230;<\/p>\n","protected":false},"author":167,"featured_media":15165,"comment_status":"open","ping_status":"open","sticky":false,"template":"","format":"standard","meta":{"_monsterinsights_skip_tracking":false,"_monsterinsights_sitenote_active":false,"_monsterinsights_sitenote_note":"","_monsterinsights_sitenote_category":0,"_uf_show_specific_survey":0,"_uf_disable_surveys":false,"_jetpack_memberships_contains_paid_content":false,"footnotes":""},"categories":[399,2170],"tags":[1158],"class_list":["post-15157","post","type-post","status-publish","format-standard","has-post-thumbnail","hentry","category-en-defensa-del-marxismo","category-formate-tu-mismo","tag-brasil"],"aioseo_notices":[],"yoast_head":"<!-- This site is optimized with the Yoast SEO plugin v25.6 - https:\/\/yoast.com\/wordpress\/plugins\/seo\/ -->\n<title>Nace la ICR-Brasil, nueva secci\u00f3n brasile\u00f1a de la Internacional Comunista Revolucionaria<\/title>\n<meta name=\"robots\" content=\"index, follow, max-snippet:-1, max-image-preview:large, max-video-preview:-1\" \/>\n<link rel=\"canonical\" href=\"https:\/\/elcomunista.org\/?p=15157\" \/>\n<meta property=\"og:locale\" content=\"es_ES\" \/>\n<meta property=\"og:type\" content=\"article\" \/>\n<meta property=\"og:title\" content=\"Nace la ICR-Brasil, nueva secci\u00f3n brasile\u00f1a de la Internacional Comunista Revolucionaria\" \/>\n<meta property=\"og:description\" content=\"Por: Johannes Halter Militantes de la Internacional Comunista Revolucionaria de varios estados de Brasil se reunieron en S\u00e3o Paulo para un congreso convocado de forma urgente. Su prop\u00f3sito era fundar una nueva secci\u00f3n brasile\u00f1a de la Internacional y realizar una escuela de cuadros. Decenas de delegados que hab\u00edan sido elegidos previamente en plenarias regionales participaron...\" \/>\n<meta property=\"og:url\" content=\"https:\/\/elcomunista.org\/?p=15157\" \/>\n<meta property=\"og:site_name\" content=\"Revoluci\u00f3n Comunista\" \/>\n<meta property=\"article:publisher\" content=\"https:\/\/www.facebook.com\/Bloquepopularjuvenil\" \/>\n<meta property=\"article:published_time\" content=\"2025-12-01T18:17:11+00:00\" \/>\n<meta property=\"og:image\" content=\"https:\/\/elcomunista.org\/wp-content\/uploads\/2025\/12\/BRdddASIL-1.jpg\" \/>\n\t<meta property=\"og:image:width\" content=\"1200\" \/>\n\t<meta property=\"og:image:height\" content=\"800\" \/>\n\t<meta property=\"og:image:type\" content=\"image\/jpeg\" \/>\n<meta name=\"author\" content=\"El Comunista\" \/>\n<meta name=\"twitter:card\" content=\"summary_large_image\" \/>\n<meta name=\"twitter:creator\" content=\"@ElBPJ\" \/>\n<meta name=\"twitter:site\" content=\"@ElBPJ\" \/>\n<meta name=\"twitter:label1\" content=\"Escrito por\" \/>\n\t<meta name=\"twitter:data1\" content=\"El Comunista\" \/>\n\t<meta name=\"twitter:label2\" content=\"Tiempo de lectura\" \/>\n\t<meta name=\"twitter:data2\" content=\"28 minutos\" \/>\n<script type=\"application\/ld+json\" class=\"yoast-schema-graph\">{\"@context\":\"https:\/\/schema.org\",\"@graph\":[{\"@type\":\"Article\",\"@id\":\"https:\/\/elcomunista.org\/?p=15157#article\",\"isPartOf\":{\"@id\":\"https:\/\/elcomunista.org\/?p=15157\"},\"author\":{\"name\":\"El Comunista\",\"@id\":\"https:\/\/elcomunista.org\/#\/schema\/person\/fdbbd0dd2191bd68bfe086a9e21a2b82\"},\"headline\":\"Nace la ICR-Brasil, nueva secci\u00f3n brasile\u00f1a de la Internacional Comunista Revolucionaria\",\"datePublished\":\"2025-12-01T18:17:11+00:00\",\"mainEntityOfPage\":{\"@id\":\"https:\/\/elcomunista.org\/?p=15157\"},\"wordCount\":6549,\"commentCount\":0,\"publisher\":{\"@id\":\"https:\/\/elcomunista.org\/#organization\"},\"image\":{\"@id\":\"https:\/\/elcomunista.org\/?p=15157#primaryimage\"},\"thumbnailUrl\":\"https:\/\/elcomunista.org\/wp-content\/uploads\/2025\/12\/BRdddASIL-1.jpg\",\"keywords\":[\"Brasil\"],\"articleSection\":[\"En defensa del marxismo\",\"F\u00f3rmate t\u00fa mismo\"],\"inLanguage\":\"es\",\"potentialAction\":[{\"@type\":\"CommentAction\",\"name\":\"Comment\",\"target\":[\"https:\/\/elcomunista.org\/?p=15157#respond\"]}]},{\"@type\":\"WebPage\",\"@id\":\"https:\/\/elcomunista.org\/?p=15157\",\"url\":\"https:\/\/elcomunista.org\/?p=15157\",\"name\":\"Nace la ICR-Brasil, nueva secci\u00f3n brasile\u00f1a de la Internacional Comunista Revolucionaria\",\"isPartOf\":{\"@id\":\"https:\/\/elcomunista.org\/#website\"},\"primaryImageOfPage\":{\"@id\":\"https:\/\/elcomunista.org\/?p=15157#primaryimage\"},\"image\":{\"@id\":\"https:\/\/elcomunista.org\/?p=15157#primaryimage\"},\"thumbnailUrl\":\"https:\/\/elcomunista.org\/wp-content\/uploads\/2025\/12\/BRdddASIL-1.jpg\",\"datePublished\":\"2025-12-01T18:17:11+00:00\",\"breadcrumb\":{\"@id\":\"https:\/\/elcomunista.org\/?p=15157#breadcrumb\"},\"inLanguage\":\"es\",\"potentialAction\":[{\"@type\":\"ReadAction\",\"target\":[\"https:\/\/elcomunista.org\/?p=15157\"]}]},{\"@type\":\"ImageObject\",\"inLanguage\":\"es\",\"@id\":\"https:\/\/elcomunista.org\/?p=15157#primaryimage\",\"url\":\"https:\/\/elcomunista.org\/wp-content\/uploads\/2025\/12\/BRdddASIL-1.jpg\",\"contentUrl\":\"https:\/\/elcomunista.org\/wp-content\/uploads\/2025\/12\/BRdddASIL-1.jpg\",\"width\":1200,\"height\":800},{\"@type\":\"BreadcrumbList\",\"@id\":\"https:\/\/elcomunista.org\/?p=15157#breadcrumb\",\"itemListElement\":[{\"@type\":\"ListItem\",\"position\":1,\"name\":\"Portada\",\"item\":\"https:\/\/elcomunista.org\/\"},{\"@type\":\"ListItem\",\"position\":2,\"name\":\"Nace la ICR-Brasil, nueva secci\u00f3n brasile\u00f1a de la Internacional Comunista Revolucionaria\"}]},{\"@type\":\"WebSite\",\"@id\":\"https:\/\/elcomunista.org\/#website\",\"url\":\"https:\/\/elcomunista.org\/\",\"name\":\"Revoluci\u00f3n Comunista\",\"description\":\"Internacional Comunista Revolucionaria\",\"publisher\":{\"@id\":\"https:\/\/elcomunista.org\/#organization\"},\"potentialAction\":[{\"@type\":\"SearchAction\",\"target\":{\"@type\":\"EntryPoint\",\"urlTemplate\":\"https:\/\/elcomunista.org\/?s={search_term_string}\"},\"query-input\":{\"@type\":\"PropertyValueSpecification\",\"valueRequired\":true,\"valueName\":\"search_term_string\"}}],\"inLanguage\":\"es\"},{\"@type\":\"Organization\",\"@id\":\"https:\/\/elcomunista.org\/#organization\",\"name\":\"Bloque Popular Juvenil\",\"url\":\"https:\/\/elcomunista.org\/\",\"logo\":{\"@type\":\"ImageObject\",\"inLanguage\":\"es\",\"@id\":\"https:\/\/elcomunista.org\/#\/schema\/logo\/image\/\",\"url\":\"https:\/\/bloquepopularjuvenil.org\/wp-content\/uploads\/2018\/11\/bpj-militante.jpg\",\"contentUrl\":\"https:\/\/bloquepopularjuvenil.org\/wp-content\/uploads\/2018\/11\/bpj-militante.jpg\",\"width\":4000,\"height\":1390,\"caption\":\"Bloque Popular Juvenil\"},\"image\":{\"@id\":\"https:\/\/elcomunista.org\/#\/schema\/logo\/image\/\"},\"sameAs\":[\"https:\/\/www.facebook.com\/Bloquepopularjuvenil\",\"https:\/\/x.com\/ElBPJ\",\"https:\/\/www.instagram.com\/elbloque_bpj\/?hl=es-la\"]},{\"@type\":\"Person\",\"@id\":\"https:\/\/elcomunista.org\/#\/schema\/person\/fdbbd0dd2191bd68bfe086a9e21a2b82\",\"name\":\"El Comunista\",\"image\":{\"@type\":\"ImageObject\",\"inLanguage\":\"es\",\"@id\":\"https:\/\/elcomunista.org\/#\/schema\/person\/image\/\",\"url\":\"https:\/\/secure.gravatar.com\/avatar\/6a49d03346eeacf32fb184109abe5fbe?s=96&d=mm&r=g\",\"contentUrl\":\"https:\/\/secure.gravatar.com\/avatar\/6a49d03346eeacf32fb184109abe5fbe?s=96&d=mm&r=g\",\"caption\":\"El Comunista\"},\"url\":\"https:\/\/elcomunista.org\/?author=167\"}]}<\/script>\n<!-- \/ Yoast SEO plugin. -->","yoast_head_json":{"title":"Nace la ICR-Brasil, nueva secci\u00f3n brasile\u00f1a de la Internacional Comunista Revolucionaria","robots":{"index":"index","follow":"follow","max-snippet":"max-snippet:-1","max-image-preview":"max-image-preview:large","max-video-preview":"max-video-preview:-1"},"canonical":"https:\/\/elcomunista.org\/?p=15157","og_locale":"es_ES","og_type":"article","og_title":"Nace la ICR-Brasil, nueva secci\u00f3n brasile\u00f1a de la Internacional Comunista Revolucionaria","og_description":"Por: Johannes Halter Militantes de la Internacional Comunista Revolucionaria de varios estados de Brasil se reunieron en S\u00e3o Paulo para un congreso convocado de forma urgente. Su prop\u00f3sito era fundar una nueva secci\u00f3n brasile\u00f1a de la Internacional y realizar una escuela de cuadros. Decenas de delegados que hab\u00edan sido elegidos previamente en plenarias regionales participaron...","og_url":"https:\/\/elcomunista.org\/?p=15157","og_site_name":"Revoluci\u00f3n Comunista","article_publisher":"https:\/\/www.facebook.com\/Bloquepopularjuvenil","article_published_time":"2025-12-01T18:17:11+00:00","og_image":[{"width":1200,"height":800,"url":"https:\/\/elcomunista.org\/wp-content\/uploads\/2025\/12\/BRdddASIL-1.jpg","type":"image\/jpeg"}],"author":"El Comunista","twitter_card":"summary_large_image","twitter_creator":"@ElBPJ","twitter_site":"@ElBPJ","twitter_misc":{"Escrito por":"El Comunista","Tiempo de lectura":"28 minutos"},"schema":{"@context":"https:\/\/schema.org","@graph":[{"@type":"Article","@id":"https:\/\/elcomunista.org\/?p=15157#article","isPartOf":{"@id":"https:\/\/elcomunista.org\/?p=15157"},"author":{"name":"El Comunista","@id":"https:\/\/elcomunista.org\/#\/schema\/person\/fdbbd0dd2191bd68bfe086a9e21a2b82"},"headline":"Nace la ICR-Brasil, nueva secci\u00f3n brasile\u00f1a de la Internacional Comunista Revolucionaria","datePublished":"2025-12-01T18:17:11+00:00","mainEntityOfPage":{"@id":"https:\/\/elcomunista.org\/?p=15157"},"wordCount":6549,"commentCount":0,"publisher":{"@id":"https:\/\/elcomunista.org\/#organization"},"image":{"@id":"https:\/\/elcomunista.org\/?p=15157#primaryimage"},"thumbnailUrl":"https:\/\/elcomunista.org\/wp-content\/uploads\/2025\/12\/BRdddASIL-1.jpg","keywords":["Brasil"],"articleSection":["En defensa del marxismo","F\u00f3rmate t\u00fa mismo"],"inLanguage":"es","potentialAction":[{"@type":"CommentAction","name":"Comment","target":["https:\/\/elcomunista.org\/?p=15157#respond"]}]},{"@type":"WebPage","@id":"https:\/\/elcomunista.org\/?p=15157","url":"https:\/\/elcomunista.org\/?p=15157","name":"Nace la ICR-Brasil, nueva secci\u00f3n brasile\u00f1a de la Internacional Comunista Revolucionaria","isPartOf":{"@id":"https:\/\/elcomunista.org\/#website"},"primaryImageOfPage":{"@id":"https:\/\/elcomunista.org\/?p=15157#primaryimage"},"image":{"@id":"https:\/\/elcomunista.org\/?p=15157#primaryimage"},"thumbnailUrl":"https:\/\/elcomunista.org\/wp-content\/uploads\/2025\/12\/BRdddASIL-1.jpg","datePublished":"2025-12-01T18:17:11+00:00","breadcrumb":{"@id":"https:\/\/elcomunista.org\/?p=15157#breadcrumb"},"inLanguage":"es","potentialAction":[{"@type":"ReadAction","target":["https:\/\/elcomunista.org\/?p=15157"]}]},{"@type":"ImageObject","inLanguage":"es","@id":"https:\/\/elcomunista.org\/?p=15157#primaryimage","url":"https:\/\/elcomunista.org\/wp-content\/uploads\/2025\/12\/BRdddASIL-1.jpg","contentUrl":"https:\/\/elcomunista.org\/wp-content\/uploads\/2025\/12\/BRdddASIL-1.jpg","width":1200,"height":800},{"@type":"BreadcrumbList","@id":"https:\/\/elcomunista.org\/?p=15157#breadcrumb","itemListElement":[{"@type":"ListItem","position":1,"name":"Portada","item":"https:\/\/elcomunista.org\/"},{"@type":"ListItem","position":2,"name":"Nace la ICR-Brasil, nueva secci\u00f3n brasile\u00f1a de la Internacional Comunista Revolucionaria"}]},{"@type":"WebSite","@id":"https:\/\/elcomunista.org\/#website","url":"https:\/\/elcomunista.org\/","name":"Revoluci\u00f3n Comunista","description":"Internacional Comunista Revolucionaria","publisher":{"@id":"https:\/\/elcomunista.org\/#organization"},"potentialAction":[{"@type":"SearchAction","target":{"@type":"EntryPoint","urlTemplate":"https:\/\/elcomunista.org\/?s={search_term_string}"},"query-input":{"@type":"PropertyValueSpecification","valueRequired":true,"valueName":"search_term_string"}}],"inLanguage":"es"},{"@type":"Organization","@id":"https:\/\/elcomunista.org\/#organization","name":"Bloque Popular Juvenil","url":"https:\/\/elcomunista.org\/","logo":{"@type":"ImageObject","inLanguage":"es","@id":"https:\/\/elcomunista.org\/#\/schema\/logo\/image\/","url":"https:\/\/bloquepopularjuvenil.org\/wp-content\/uploads\/2018\/11\/bpj-militante.jpg","contentUrl":"https:\/\/bloquepopularjuvenil.org\/wp-content\/uploads\/2018\/11\/bpj-militante.jpg","width":4000,"height":1390,"caption":"Bloque Popular Juvenil"},"image":{"@id":"https:\/\/elcomunista.org\/#\/schema\/logo\/image\/"},"sameAs":["https:\/\/www.facebook.com\/Bloquepopularjuvenil","https:\/\/x.com\/ElBPJ","https:\/\/www.instagram.com\/elbloque_bpj\/?hl=es-la"]},{"@type":"Person","@id":"https:\/\/elcomunista.org\/#\/schema\/person\/fdbbd0dd2191bd68bfe086a9e21a2b82","name":"El Comunista","image":{"@type":"ImageObject","inLanguage":"es","@id":"https:\/\/elcomunista.org\/#\/schema\/person\/image\/","url":"https:\/\/secure.gravatar.com\/avatar\/6a49d03346eeacf32fb184109abe5fbe?s=96&d=mm&r=g","contentUrl":"https:\/\/secure.gravatar.com\/avatar\/6a49d03346eeacf32fb184109abe5fbe?s=96&d=mm&r=g","caption":"El Comunista"},"url":"https:\/\/elcomunista.org\/?author=167"}]}},"jetpack_featured_media_url":"https:\/\/elcomunista.org\/wp-content\/uploads\/2025\/12\/BRdddASIL-1.jpg","jetpack_likes_enabled":true,"jetpack_sharing_enabled":true,"_links":{"self":[{"href":"https:\/\/elcomunista.org\/index.php?rest_route=\/wp\/v2\/posts\/15157"}],"collection":[{"href":"https:\/\/elcomunista.org\/index.php?rest_route=\/wp\/v2\/posts"}],"about":[{"href":"https:\/\/elcomunista.org\/index.php?rest_route=\/wp\/v2\/types\/post"}],"author":[{"embeddable":true,"href":"https:\/\/elcomunista.org\/index.php?rest_route=\/wp\/v2\/users\/167"}],"replies":[{"embeddable":true,"href":"https:\/\/elcomunista.org\/index.php?rest_route=%2Fwp%2Fv2%2Fcomments&post=15157"}],"version-history":[{"count":1,"href":"https:\/\/elcomunista.org\/index.php?rest_route=\/wp\/v2\/posts\/15157\/revisions"}],"predecessor-version":[{"id":15166,"href":"https:\/\/elcomunista.org\/index.php?rest_route=\/wp\/v2\/posts\/15157\/revisions\/15166"}],"wp:featuredmedia":[{"embeddable":true,"href":"https:\/\/elcomunista.org\/index.php?rest_route=\/wp\/v2\/media\/15165"}],"wp:attachment":[{"href":"https:\/\/elcomunista.org\/index.php?rest_route=%2Fwp%2Fv2%2Fmedia&parent=15157"}],"wp:term":[{"taxonomy":"category","embeddable":true,"href":"https:\/\/elcomunista.org\/index.php?rest_route=%2Fwp%2Fv2%2Fcategories&post=15157"},{"taxonomy":"post_tag","embeddable":true,"href":"https:\/\/elcomunista.org\/index.php?rest_route=%2Fwp%2Fv2%2Ftags&post=15157"}],"curies":[{"name":"wp","href":"https:\/\/api.w.org\/{rel}","templated":true}]}}