{"id":15246,"date":"2026-01-18T20:36:56","date_gmt":"2026-01-19T02:36:56","guid":{"rendered":"https:\/\/elcomunista.org\/?p=15246"},"modified":"2026-01-18T20:36:56","modified_gmt":"2026-01-19T02:36:56","slug":"bolivia-el-ds-5503-fue-abrogado-ahora-que","status":"publish","type":"post","link":"https:\/\/elcomunista.org\/?p=15246","title":{"rendered":"Bolivia: El DS 5503 fue abrogado, \u00bfahora qu\u00e9?"},"content":{"rendered":"<p>Por: N\u00facleo Comunista Revolucionario ICR Bolivia comunistas<\/p>\n<p class=\"has-text-align-left\">Cuando el presidente Rodrigo Paz promulg\u00f3 el Decreto Supremo 5503 en v\u00edsperas de Navidad, seguramente pens\u00f3 que la secuencia de feriados de fin de a\u00f1o servir\u00eda para desactivar las movilizaciones que inevitablemente vendr\u00edan como reacci\u00f3n. Adicionalmente, el hecho de empaquetar toda una serie de medidas econ\u00f3micas profundamente antipopulares en el mismo decreto en el que se encontraba como titular la eliminaci\u00f3n de los subsidios a los combustibles gener\u00f3 vacilaci\u00f3n en un principio, ya que la poblaci\u00f3n aceptaba en general el argumento de que era una medida necesaria. Nosotros a\u00f1adir\u00edamos el detalle de que es una medida necesaria\u00a0<strong>bajo el capitalismo<\/strong>.<\/p>\n<p>En todo caso, al presidente le sali\u00f3 mal el c\u00e1lculo, y una vez concluidas las fiestas, junto con todos los feriados extra que declararon a la r\u00e1pida, las movilizaciones empezaron a ganar m\u00e1s impulso, a medida que tambi\u00e9n los contenidos \u00absecundarios\u00bb de este decreto se hac\u00edan m\u00e1s conocidos, y la indignaci\u00f3n popular frente a esto aumentaba.<\/p>\n<p>Bajo la direcci\u00f3n de la Central Obrera Boliviana, cada vez m\u00e1s sectores se unieron a la lucha, con medidas cada vez m\u00e1s radicales, llegando ahora al bloqueo de carreteras. Aunque el arma m\u00e1s potente de la clase trabajadora, la huelga como tal, que golpea a la burgues\u00eda donde m\u00e1s le duele, no se lleg\u00f3 a emplear a fondo, las marchas contra el decreto empezaban a adquirir un car\u00e1cter masivo.<\/p>\n<p>Incluso el partido de Tuto Quiroga empez\u00f3 a expresar oposici\u00f3n al decreto, aunque por sus propios motivos.<\/p>\n<p>Finalmente, la presi\u00f3n logr\u00f3 doblegar al gobierno, y el domingo 11 de enero se firm\u00f3 un acuerdo que promete la abrogaci\u00f3n del DS 5503 y la elaboraci\u00f3n de un nuevo decreto en consulta con las organizaciones sociales, a cambio de la desmovilizaci\u00f3n de la COB. Esta aparente victoria, sin embargo, est\u00e1 cargada de peligros, y es necesario prepararse para las luchas venideras.<\/p>\n<p>Ni siquiera 24 horas despu\u00e9s de firmado el acuerdo entre COB y gobierno central, cuando ya se hab\u00edan levantado las medidas de presi\u00f3n, se promulg\u00f3 el Decreto Supremo 5516, sin ning\u00fan tipo de di\u00e1logo, cosa que alarm\u00f3 a muchos sectores.<\/p>\n<p>No obstante, el contenido de este nuevo decreto es fundamentalmente aqu\u00e9l que la dirigencia de la COB hab\u00eda accedido a conservar. Adem\u00e1s, es necesario observar que aunque el gobierno haya cedido en cuanto al DS 5503, no ha cedido ni un mil\u00edmetro en cuanto a las pol\u00edticas econ\u00f3micas que buscan implementar. El DS 5509 y el DS 5515 siguen en pie. El ministro de econom\u00eda ya afirm\u00f3 que se desarrollar\u00e1n nuevos decretos que impulsen el contenido del DS 5503 que est\u00e1 ausente en el nuevo decreto.<\/p>\n<p>La burgues\u00eda est\u00e1 decidida a imponer su programa, sin duda tambi\u00e9n bajo enorme presi\u00f3n del imperialismo estadounidense. La abrogaci\u00f3n del DS 5503 fue para ellos nada m\u00e1s que una retirada t\u00e1ctica, hecha para desmovilizar a la COB, y la dirigencia de la COB cay\u00f3 en la trampa, incluso dando el visto bueno al DS 5516. Ahora el gobierno va a promulgar nuevos decretos que recuperen el contenido abrogado, o tomar la v\u00eda legislativa para introducir nuevas leyes que impongan el ajuste. La burgues\u00eda controla firmemente el Estado, y por lo tanto tiene variedad de rutas que puede tomar para llevar a cabo su programa.<\/p>\n<p>Los dirigentes de la COB colocaron m\u00e1s confianza en los acuerdos con la burgues\u00eda que en el poder de la clase obrera movilizada, y ahora vemos los resultados. Haber desmovilizado a las bases inmediatamente despu\u00e9s de haber firmado el acuerdo, sin haberlo consultado en un ampliado, y sin cerciorarse de que el gobierno aplicaba los acuerdos, fue un error garrafal.<\/p>\n<p>Varios sectores estaban dispuestos a continuar la lucha, demostrando la verdad de que las masas siempre son m\u00e1s revolucionarias que sus l\u00edderes, que han terminado actuando m\u00e1s como un obst\u00e1culo que como un motor. Si ahora se quiere volver a movilizar frente a nuevas arremetidas puede resultar m\u00e1s dif\u00edcil, al menos al principio.<\/p>\n<p>El problema fundamental de la COB actualmente es que no tiene un programa que pueda oponer al programa de ajuste del gobierno. Proponer un retorno a la situaci\u00f3n durante el gobierno del MAS es imposible, ya que la gran mayor\u00eda de los trabajadores reconocen las limitaciones de esta, y que finalmente termin\u00f3 en crisis. El resultado es una oposici\u00f3n vac\u00eda.<\/p>\n<p>Si no se lleva a cabo el programa de ajuste de la burgues\u00eda, \u00bfcu\u00e1l es la alternativa? Porque seguir como ahora claramente no funciona. La COB ha perdido su programa revolucionario, como ya se ve\u00eda en las tesis pol\u00edticas aprobadas en su congreso de octubre del a\u00f1o pasado. Una propuesta que trascienda el capitalismo, como las Tesis de Pulacayo, es la \u00fanica que podr\u00eda ofrecer una verdadera alternativa.<\/p>\n<p>La pregunta que debe plantearse es: \u00bfpor qu\u00e9 deben pagar los pobres la crisis? En la misma oraci\u00f3n en la que dicen que no hay plata, el gobierno le presenta todo tipo de regalos a la burgues\u00eda: eliminaci\u00f3n de impuestos, liberalizaci\u00f3n de las exportaciones, arancel cero, la lista se hace cada vez m\u00e1s larga. Y eso que en buena medida fue esta misma burgues\u00eda boliviana la causante de la crisis. Los agroindustriales continuaron ganando millones de d\u00f3lares todos estos a\u00f1os. D\u00f3lares que hubieran estabilizado la econom\u00eda durante el gobierno de Arce. El expresidente incluso les prometi\u00f3 todo tipo de beneficios si reintroduc\u00edan sus d\u00f3lares a la econom\u00eda nacional: sin ning\u00fan efecto, la burgues\u00eda ten\u00eda todas las cartas (d\u00f3lares) en la mano, y olieron sangre en el agua. De esa manera pudieron facilitar el colapso del MAS.<\/p>\n<p>Y ahora cosechan los frutos.<\/p>\n<p>Los ataques reci\u00e9n empiezan, y frente a ellos, la respuesta de las masas revolucionarias debe ser:\u00a0<strong>\u00a1Que la crisis la paguen los ricos!\u00a0<\/strong>El contenido de esta frase solo puede significar la expropiaci\u00f3n total de la gran burgues\u00eda y del capital financiero bajo control democr\u00e1tico de los trabajadores:\u00a0<strong>la transformaci\u00f3n socialista de la sociedad<\/strong>. Estos par\u00e1sitos han demostrado ser totalmente incapaces de sacar adelante Bolivia, se han llenado los bolsillos a costa del sufrimiento del pueblo y del saqueo del medio ambiente, corresponde ahora enviarlos al basurero de la historia. Este es el programa que los comunistas debemos defender en todas las luchas, en todas las organizaciones obreras, campesinas y estudiantiles.<\/p>\n<p>N\u00facleo Comunista Revolucionario (ICR Bolivia)<\/p>\n","protected":false},"excerpt":{"rendered":"<p>Por: N\u00facleo Comunista Revolucionario ICR Bolivia comunistas Cuando el presidente Rodrigo Paz promulg\u00f3 el Decreto Supremo 5503 en v\u00edsperas de Navidad, seguramente pens\u00f3 que la secuencia de feriados de fin de a\u00f1o servir\u00eda para desactivar las movilizaciones que inevitablemente vendr\u00edan como reacci\u00f3n. Adicionalmente, el hecho de empaquetar toda una serie de medidas econ\u00f3micas profundamente antipopulares&#8230;<\/p>\n","protected":false},"author":167,"featured_media":15252,"comment_status":"open","ping_status":"open","sticky":false,"template":"","format":"standard","meta":{"_monsterinsights_skip_tracking":false,"_monsterinsights_sitenote_active":false,"_monsterinsights_sitenote_note":"","_monsterinsights_sitenote_category":0,"_uf_show_specific_survey":0,"_uf_disable_surveys":false,"_jetpack_memberships_contains_paid_content":false,"footnotes":""},"categories":[18],"tags":[944],"class_list":["post-15246","post","type-post","status-publish","format-standard","has-post-thumbnail","hentry","category-bolivia","tag-bolivia"],"aioseo_notices":[],"yoast_head":"<!-- This site is optimized with the Yoast SEO plugin v25.6 - https:\/\/yoast.com\/wordpress\/plugins\/seo\/ -->\n<title>Bolivia: El DS 5503 fue abrogado, \u00bfahora qu\u00e9?<\/title>\n<meta name=\"robots\" content=\"index, follow, max-snippet:-1, max-image-preview:large, max-video-preview:-1\" \/>\n<link rel=\"canonical\" href=\"https:\/\/elcomunista.org\/?p=15246\" \/>\n<meta property=\"og:locale\" content=\"es_ES\" \/>\n<meta property=\"og:type\" content=\"article\" \/>\n<meta property=\"og:title\" content=\"Bolivia: El DS 5503 fue abrogado, \u00bfahora qu\u00e9?\" \/>\n<meta property=\"og:description\" content=\"Por: N\u00facleo Comunista Revolucionario ICR Bolivia comunistas Cuando el presidente Rodrigo Paz promulg\u00f3 el Decreto Supremo 5503 en v\u00edsperas de Navidad, seguramente pens\u00f3 que la secuencia de feriados de fin de a\u00f1o servir\u00eda para desactivar las movilizaciones que inevitablemente vendr\u00edan como reacci\u00f3n. Adicionalmente, el hecho de empaquetar toda una serie de medidas econ\u00f3micas profundamente antipopulares...\" \/>\n<meta property=\"og:url\" content=\"https:\/\/elcomunista.org\/?p=15246\" \/>\n<meta property=\"og:site_name\" content=\"Revoluci\u00f3n Comunista\" \/>\n<meta property=\"article:publisher\" content=\"https:\/\/www.facebook.com\/Bloquepopularjuvenil\" \/>\n<meta property=\"article:published_time\" content=\"2026-01-19T02:36:56+00:00\" \/>\n<meta property=\"og:image\" content=\"https:\/\/elcomunista.org\/wp-content\/uploads\/2026\/01\/cob-768x561-1.jpg\" \/>\n\t<meta property=\"og:image:width\" content=\"768\" \/>\n\t<meta property=\"og:image:height\" content=\"561\" \/>\n\t<meta property=\"og:image:type\" content=\"image\/jpeg\" \/>\n<meta name=\"author\" content=\"El Comunista\" \/>\n<meta name=\"twitter:card\" content=\"summary_large_image\" \/>\n<meta name=\"twitter:creator\" content=\"@ElBPJ\" \/>\n<meta name=\"twitter:site\" content=\"@ElBPJ\" \/>\n<meta name=\"twitter:label1\" content=\"Escrito por\" \/>\n\t<meta name=\"twitter:data1\" content=\"El Comunista\" \/>\n\t<meta name=\"twitter:label2\" content=\"Tiempo de lectura\" \/>\n\t<meta name=\"twitter:data2\" content=\"5 minutos\" \/>\n<script type=\"application\/ld+json\" class=\"yoast-schema-graph\">{\"@context\":\"https:\/\/schema.org\",\"@graph\":[{\"@type\":\"Article\",\"@id\":\"https:\/\/elcomunista.org\/?p=15246#article\",\"isPartOf\":{\"@id\":\"https:\/\/elcomunista.org\/?p=15246\"},\"author\":{\"name\":\"El Comunista\",\"@id\":\"https:\/\/elcomunista.org\/#\/schema\/person\/fdbbd0dd2191bd68bfe086a9e21a2b82\"},\"headline\":\"Bolivia: El DS 5503 fue abrogado, \u00bfahora qu\u00e9?\",\"datePublished\":\"2026-01-19T02:36:56+00:00\",\"mainEntityOfPage\":{\"@id\":\"https:\/\/elcomunista.org\/?p=15246\"},\"wordCount\":1130,\"commentCount\":0,\"publisher\":{\"@id\":\"https:\/\/elcomunista.org\/#organization\"},\"image\":{\"@id\":\"https:\/\/elcomunista.org\/?p=15246#primaryimage\"},\"thumbnailUrl\":\"https:\/\/elcomunista.org\/wp-content\/uploads\/2026\/01\/cob-768x561-1.jpg\",\"keywords\":[\"Bolivia\"],\"articleSection\":[\"Bolivia\"],\"inLanguage\":\"es\",\"potentialAction\":[{\"@type\":\"CommentAction\",\"name\":\"Comment\",\"target\":[\"https:\/\/elcomunista.org\/?p=15246#respond\"]}]},{\"@type\":\"WebPage\",\"@id\":\"https:\/\/elcomunista.org\/?p=15246\",\"url\":\"https:\/\/elcomunista.org\/?p=15246\",\"name\":\"Bolivia: El DS 5503 fue abrogado, \u00bfahora qu\u00e9?\",\"isPartOf\":{\"@id\":\"https:\/\/elcomunista.org\/#website\"},\"primaryImageOfPage\":{\"@id\":\"https:\/\/elcomunista.org\/?p=15246#primaryimage\"},\"image\":{\"@id\":\"https:\/\/elcomunista.org\/?p=15246#primaryimage\"},\"thumbnailUrl\":\"https:\/\/elcomunista.org\/wp-content\/uploads\/2026\/01\/cob-768x561-1.jpg\",\"datePublished\":\"2026-01-19T02:36:56+00:00\",\"breadcrumb\":{\"@id\":\"https:\/\/elcomunista.org\/?p=15246#breadcrumb\"},\"inLanguage\":\"es\",\"potentialAction\":[{\"@type\":\"ReadAction\",\"target\":[\"https:\/\/elcomunista.org\/?p=15246\"]}]},{\"@type\":\"ImageObject\",\"inLanguage\":\"es\",\"@id\":\"https:\/\/elcomunista.org\/?p=15246#primaryimage\",\"url\":\"https:\/\/elcomunista.org\/wp-content\/uploads\/2026\/01\/cob-768x561-1.jpg\",\"contentUrl\":\"https:\/\/elcomunista.org\/wp-content\/uploads\/2026\/01\/cob-768x561-1.jpg\",\"width\":768,\"height\":561},{\"@type\":\"BreadcrumbList\",\"@id\":\"https:\/\/elcomunista.org\/?p=15246#breadcrumb\",\"itemListElement\":[{\"@type\":\"ListItem\",\"position\":1,\"name\":\"Portada\",\"item\":\"https:\/\/elcomunista.org\/\"},{\"@type\":\"ListItem\",\"position\":2,\"name\":\"Bolivia: El DS 5503 fue abrogado, \u00bfahora qu\u00e9?\"}]},{\"@type\":\"WebSite\",\"@id\":\"https:\/\/elcomunista.org\/#website\",\"url\":\"https:\/\/elcomunista.org\/\",\"name\":\"Revoluci\u00f3n Comunista\",\"description\":\"Internacional Comunista Revolucionaria\",\"publisher\":{\"@id\":\"https:\/\/elcomunista.org\/#organization\"},\"potentialAction\":[{\"@type\":\"SearchAction\",\"target\":{\"@type\":\"EntryPoint\",\"urlTemplate\":\"https:\/\/elcomunista.org\/?s={search_term_string}\"},\"query-input\":{\"@type\":\"PropertyValueSpecification\",\"valueRequired\":true,\"valueName\":\"search_term_string\"}}],\"inLanguage\":\"es\"},{\"@type\":\"Organization\",\"@id\":\"https:\/\/elcomunista.org\/#organization\",\"name\":\"Bloque Popular Juvenil\",\"url\":\"https:\/\/elcomunista.org\/\",\"logo\":{\"@type\":\"ImageObject\",\"inLanguage\":\"es\",\"@id\":\"https:\/\/elcomunista.org\/#\/schema\/logo\/image\/\",\"url\":\"https:\/\/bloquepopularjuvenil.org\/wp-content\/uploads\/2018\/11\/bpj-militante.jpg\",\"contentUrl\":\"https:\/\/bloquepopularjuvenil.org\/wp-content\/uploads\/2018\/11\/bpj-militante.jpg\",\"width\":4000,\"height\":1390,\"caption\":\"Bloque Popular Juvenil\"},\"image\":{\"@id\":\"https:\/\/elcomunista.org\/#\/schema\/logo\/image\/\"},\"sameAs\":[\"https:\/\/www.facebook.com\/Bloquepopularjuvenil\",\"https:\/\/x.com\/ElBPJ\",\"https:\/\/www.instagram.com\/elbloque_bpj\/?hl=es-la\"]},{\"@type\":\"Person\",\"@id\":\"https:\/\/elcomunista.org\/#\/schema\/person\/fdbbd0dd2191bd68bfe086a9e21a2b82\",\"name\":\"El Comunista\",\"image\":{\"@type\":\"ImageObject\",\"inLanguage\":\"es\",\"@id\":\"https:\/\/elcomunista.org\/#\/schema\/person\/image\/\",\"url\":\"https:\/\/secure.gravatar.com\/avatar\/6a49d03346eeacf32fb184109abe5fbe?s=96&d=mm&r=g\",\"contentUrl\":\"https:\/\/secure.gravatar.com\/avatar\/6a49d03346eeacf32fb184109abe5fbe?s=96&d=mm&r=g\",\"caption\":\"El Comunista\"},\"url\":\"https:\/\/elcomunista.org\/?author=167\"}]}<\/script>\n<!-- \/ Yoast SEO plugin. -->","yoast_head_json":{"title":"Bolivia: El DS 5503 fue abrogado, \u00bfahora qu\u00e9?","robots":{"index":"index","follow":"follow","max-snippet":"max-snippet:-1","max-image-preview":"max-image-preview:large","max-video-preview":"max-video-preview:-1"},"canonical":"https:\/\/elcomunista.org\/?p=15246","og_locale":"es_ES","og_type":"article","og_title":"Bolivia: El DS 5503 fue abrogado, \u00bfahora qu\u00e9?","og_description":"Por: N\u00facleo Comunista Revolucionario ICR Bolivia comunistas Cuando el presidente Rodrigo Paz promulg\u00f3 el Decreto Supremo 5503 en v\u00edsperas de Navidad, seguramente pens\u00f3 que la secuencia de feriados de fin de a\u00f1o servir\u00eda para desactivar las movilizaciones que inevitablemente vendr\u00edan como reacci\u00f3n. Adicionalmente, el hecho de empaquetar toda una serie de medidas econ\u00f3micas profundamente antipopulares...","og_url":"https:\/\/elcomunista.org\/?p=15246","og_site_name":"Revoluci\u00f3n Comunista","article_publisher":"https:\/\/www.facebook.com\/Bloquepopularjuvenil","article_published_time":"2026-01-19T02:36:56+00:00","og_image":[{"width":768,"height":561,"url":"https:\/\/elcomunista.org\/wp-content\/uploads\/2026\/01\/cob-768x561-1.jpg","type":"image\/jpeg"}],"author":"El Comunista","twitter_card":"summary_large_image","twitter_creator":"@ElBPJ","twitter_site":"@ElBPJ","twitter_misc":{"Escrito por":"El Comunista","Tiempo de lectura":"5 minutos"},"schema":{"@context":"https:\/\/schema.org","@graph":[{"@type":"Article","@id":"https:\/\/elcomunista.org\/?p=15246#article","isPartOf":{"@id":"https:\/\/elcomunista.org\/?p=15246"},"author":{"name":"El Comunista","@id":"https:\/\/elcomunista.org\/#\/schema\/person\/fdbbd0dd2191bd68bfe086a9e21a2b82"},"headline":"Bolivia: El DS 5503 fue abrogado, \u00bfahora qu\u00e9?","datePublished":"2026-01-19T02:36:56+00:00","mainEntityOfPage":{"@id":"https:\/\/elcomunista.org\/?p=15246"},"wordCount":1130,"commentCount":0,"publisher":{"@id":"https:\/\/elcomunista.org\/#organization"},"image":{"@id":"https:\/\/elcomunista.org\/?p=15246#primaryimage"},"thumbnailUrl":"https:\/\/elcomunista.org\/wp-content\/uploads\/2026\/01\/cob-768x561-1.jpg","keywords":["Bolivia"],"articleSection":["Bolivia"],"inLanguage":"es","potentialAction":[{"@type":"CommentAction","name":"Comment","target":["https:\/\/elcomunista.org\/?p=15246#respond"]}]},{"@type":"WebPage","@id":"https:\/\/elcomunista.org\/?p=15246","url":"https:\/\/elcomunista.org\/?p=15246","name":"Bolivia: El DS 5503 fue abrogado, \u00bfahora qu\u00e9?","isPartOf":{"@id":"https:\/\/elcomunista.org\/#website"},"primaryImageOfPage":{"@id":"https:\/\/elcomunista.org\/?p=15246#primaryimage"},"image":{"@id":"https:\/\/elcomunista.org\/?p=15246#primaryimage"},"thumbnailUrl":"https:\/\/elcomunista.org\/wp-content\/uploads\/2026\/01\/cob-768x561-1.jpg","datePublished":"2026-01-19T02:36:56+00:00","breadcrumb":{"@id":"https:\/\/elcomunista.org\/?p=15246#breadcrumb"},"inLanguage":"es","potentialAction":[{"@type":"ReadAction","target":["https:\/\/elcomunista.org\/?p=15246"]}]},{"@type":"ImageObject","inLanguage":"es","@id":"https:\/\/elcomunista.org\/?p=15246#primaryimage","url":"https:\/\/elcomunista.org\/wp-content\/uploads\/2026\/01\/cob-768x561-1.jpg","contentUrl":"https:\/\/elcomunista.org\/wp-content\/uploads\/2026\/01\/cob-768x561-1.jpg","width":768,"height":561},{"@type":"BreadcrumbList","@id":"https:\/\/elcomunista.org\/?p=15246#breadcrumb","itemListElement":[{"@type":"ListItem","position":1,"name":"Portada","item":"https:\/\/elcomunista.org\/"},{"@type":"ListItem","position":2,"name":"Bolivia: El DS 5503 fue abrogado, \u00bfahora qu\u00e9?"}]},{"@type":"WebSite","@id":"https:\/\/elcomunista.org\/#website","url":"https:\/\/elcomunista.org\/","name":"Revoluci\u00f3n Comunista","description":"Internacional Comunista Revolucionaria","publisher":{"@id":"https:\/\/elcomunista.org\/#organization"},"potentialAction":[{"@type":"SearchAction","target":{"@type":"EntryPoint","urlTemplate":"https:\/\/elcomunista.org\/?s={search_term_string}"},"query-input":{"@type":"PropertyValueSpecification","valueRequired":true,"valueName":"search_term_string"}}],"inLanguage":"es"},{"@type":"Organization","@id":"https:\/\/elcomunista.org\/#organization","name":"Bloque Popular Juvenil","url":"https:\/\/elcomunista.org\/","logo":{"@type":"ImageObject","inLanguage":"es","@id":"https:\/\/elcomunista.org\/#\/schema\/logo\/image\/","url":"https:\/\/bloquepopularjuvenil.org\/wp-content\/uploads\/2018\/11\/bpj-militante.jpg","contentUrl":"https:\/\/bloquepopularjuvenil.org\/wp-content\/uploads\/2018\/11\/bpj-militante.jpg","width":4000,"height":1390,"caption":"Bloque Popular Juvenil"},"image":{"@id":"https:\/\/elcomunista.org\/#\/schema\/logo\/image\/"},"sameAs":["https:\/\/www.facebook.com\/Bloquepopularjuvenil","https:\/\/x.com\/ElBPJ","https:\/\/www.instagram.com\/elbloque_bpj\/?hl=es-la"]},{"@type":"Person","@id":"https:\/\/elcomunista.org\/#\/schema\/person\/fdbbd0dd2191bd68bfe086a9e21a2b82","name":"El Comunista","image":{"@type":"ImageObject","inLanguage":"es","@id":"https:\/\/elcomunista.org\/#\/schema\/person\/image\/","url":"https:\/\/secure.gravatar.com\/avatar\/6a49d03346eeacf32fb184109abe5fbe?s=96&d=mm&r=g","contentUrl":"https:\/\/secure.gravatar.com\/avatar\/6a49d03346eeacf32fb184109abe5fbe?s=96&d=mm&r=g","caption":"El Comunista"},"url":"https:\/\/elcomunista.org\/?author=167"}]}},"jetpack_featured_media_url":"https:\/\/elcomunista.org\/wp-content\/uploads\/2026\/01\/cob-768x561-1.jpg","jetpack_likes_enabled":true,"jetpack_sharing_enabled":true,"_links":{"self":[{"href":"https:\/\/elcomunista.org\/index.php?rest_route=\/wp\/v2\/posts\/15246"}],"collection":[{"href":"https:\/\/elcomunista.org\/index.php?rest_route=\/wp\/v2\/posts"}],"about":[{"href":"https:\/\/elcomunista.org\/index.php?rest_route=\/wp\/v2\/types\/post"}],"author":[{"embeddable":true,"href":"https:\/\/elcomunista.org\/index.php?rest_route=\/wp\/v2\/users\/167"}],"replies":[{"embeddable":true,"href":"https:\/\/elcomunista.org\/index.php?rest_route=%2Fwp%2Fv2%2Fcomments&post=15246"}],"version-history":[{"count":1,"href":"https:\/\/elcomunista.org\/index.php?rest_route=\/wp\/v2\/posts\/15246\/revisions"}],"predecessor-version":[{"id":15253,"href":"https:\/\/elcomunista.org\/index.php?rest_route=\/wp\/v2\/posts\/15246\/revisions\/15253"}],"wp:featuredmedia":[{"embeddable":true,"href":"https:\/\/elcomunista.org\/index.php?rest_route=\/wp\/v2\/media\/15252"}],"wp:attachment":[{"href":"https:\/\/elcomunista.org\/index.php?rest_route=%2Fwp%2Fv2%2Fmedia&parent=15246"}],"wp:term":[{"taxonomy":"category","embeddable":true,"href":"https:\/\/elcomunista.org\/index.php?rest_route=%2Fwp%2Fv2%2Fcategories&post=15246"},{"taxonomy":"post_tag","embeddable":true,"href":"https:\/\/elcomunista.org\/index.php?rest_route=%2Fwp%2Fv2%2Ftags&post=15246"}],"curies":[{"name":"wp","href":"https:\/\/api.w.org\/{rel}","templated":true}]}}