{"id":15395,"date":"2026-03-06T12:05:21","date_gmt":"2026-03-06T18:05:21","guid":{"rendered":"https:\/\/elcomunista.org\/?p=15395"},"modified":"2026-03-06T12:06:05","modified_gmt":"2026-03-06T18:06:05","slug":"ante-las-amenazas-de-trump-decimos-no-a-la-guerra-imperialista-otan-no-bases-militares-de-eeuu-fuera","status":"publish","type":"post","link":"https:\/\/elcomunista.org\/?p=15395","title":{"rendered":"Ante las amenazas de Trump, decimos: \u00a1No a la guerra imperialista! \u00a1OTAN no! \u00a1Bases militares de EEUU, fuera!"},"content":{"rendered":"<p>Por: David Rey<\/p>\n<p>Espa\u00f1a se ha colocado en el centro de la atenci\u00f3n mundial en medio de la guerra imperialista de EEUU e Israel contra Ir\u00e1n. Tras oponerse p\u00fablicamente a la campa\u00f1a genocida de Netanyahu en Gaza y al secuestro de Nicol\u00e1s Maduro en Venezuela, Pedro S\u00e1nchez y el gobierno espa\u00f1ol se han opuesto enf\u00e1ticamente a la campa\u00f1a militar criminal contra Ir\u00e1n. Como ya sucedi\u00f3 en la campa\u00f1a militar contra Gaza respecto a Israel, S\u00e1nchez\u00a0<span lang=\"es-ES\">es<\/span>\u00a0presentado por la opini\u00f3n p\u00fablica\u00a0<span lang=\"es-ES\">internacional como<\/span>\u00a0el l\u00edder occidental m\u00e1s valiente y audaz en oponerse abiertamente a la guerra de Trump y Netanyahu \u00bfQu\u00e9 significa esto y qu\u00e9 posici\u00f3n debemos defender los comunistas?<\/p>\n<p><span style=\"color: #800000; font-size: 14pt;\"><strong>El choque Trump-S\u00e1nchez<\/strong><\/span><\/p>\n<p>El enfrentamiento EEUU-Espa\u00f1a ha ido creciendo en los \u00faltimos d\u00edas, y ha alcanzado ahora su cl\u00edmax. Los acontecimientos m\u00e1s recientes comenzaron el pasado lunes 1 de marzo, cuando el gobierno espa\u00f1ol neg\u00f3 el permiso al gobierno estadounidense para seguir utilizando las dos bases norteamericanas que posee en territorio espa\u00f1ol (Mor\u00f3n, en Sevilla; y Rota, en C\u00e1diz) como plataformas de intervenci\u00f3n en la guerra contra Ir\u00e1n. Lo cierto es que en las semanas y d\u00eda previos al ataque imperialista decenas de cazas, aviones cisterna y aeronaves de vigilancia de EEUU hab\u00edan utilizado esas bases en preparaci\u00f3n de dicho ataque con conocimiento del gobierno espa\u00f1ol. El cambio de postura del gobierno de S\u00e1nchez hizo que EEUU se viera obligado a trasladar una escuadrilla\u00a0<span lang=\"es-ES\">de\u00a0<\/span>14<strong>\u00a0<\/strong>grandes aviones cisterna y de transporte log\u00edstico, desde las bases de Mor\u00f3n y Rota, hacia Alemania y Reino Unido para que pudieran seguir operando en apoyo\u00a0<span lang=\"es-ES\">al<\/span><span lang=\"es-ES\">\u00a0<\/span>ataque a Ir\u00e1n.<\/p>\n<p>Al d\u00eda siguiente, en una rueda de prensa con el canciller alem\u00e1n Friedrich Merz en la Casa Blanca, Trump atac\u00f3 fuertemente la posici\u00f3n espa\u00f1ola. Afirm\u00f3 que \u201cEspa\u00f1a es un aliado terrible\u201d,\u00a0y lleg\u00f3 a amenazar con cortar todo el comercio y toda relaci\u00f3n con Espa\u00f1a. En una actitud arrogante,\u00a0<span lang=\"es-ES\">a\u00f1adi\u00f3<\/span>:\u00a0\u201cPodr\u00edamos utilizar sus bases si quisi\u00e9ramos. Podemos volar hasta all\u00ed y utilizarlas. Nadie nos va a decir que no las utilicemos. Pero se mostraron hostiles, as\u00ed que les dije que no quer\u00edamos hacerlo\u201d.\u00a0Trump reproch\u00f3 nuevamente a S\u00e1nchez no aceptar el incremento del gasto militar hasta el 5% del PIB, b\u00e1sicamente para comprarle m\u00e1s armas a EEUU. Merz, all\u00ed presente, tuvo una actitud cobarde, manteni\u00e9ndose en silencio mientras atacaban a un socio de la UE, e incluso se permiti\u00f3 sumarse al reproche de Trump diciendo que est\u00e1 tratando de convencer al gobierno espa\u00f1ol para que\u00a0<span lang=\"es-ES\">aumente<\/span>\u00a0su gasto armament\u00edstico al menos hasta el 3,5%, frente al 2,1% que hoy reconoce el gobierno espa\u00f1ol oficialmente.<\/p>\n<p>Lo que estamos acostumbrados a ver hasta ahora es que cuando Trump grita, cualquier l\u00edder occidental asiente y agacha la cabeza servilmente. Esto lo hemos visto con\u00a0<span lang=\"es-ES\">la casi totalidad de los l\u00edderes occidentales en Europa y Am\u00e9rica a lo largo del \u00faltimo a\u00f1o. La derecha y la ultraderecha espa\u00f1olas se han mostrado igualmente serviles hacia Trump en todo momento. As\u00ed que podr\u00eda haberse esperado que S\u00e1nchez recular\u00eda de su posici\u00f3n dura sobre la guerra de Ir\u00e1n. Pero lo que vimos en la rueda de prensa, celebrada ayer mi\u00e9rcoles 4 de marzo por la ma\u00f1ana, para responder a las amenazas y reproches de Trump, fue que S\u00e1nchez en lugar de arrugarse elev\u00f3 el tono y el desaf\u00edo.<\/span><\/p>\n<p><span lang=\"es-ES\">En su comparecencia, S\u00e1nchez dijo:\u00a0<\/span>\u201c<span lang=\"es-ES\">La posici\u00f3n del gobierno de Espa\u00f1a<\/span>\u00a0<span lang=\"es-ES\">se resume en 4 palabras: No a la guerra. No vamos a apoyar este desastre\u201d. Y en una cr\u00edtica directa al resto de lideres occidentales y a la derecha espa\u00f1ola, que apoyan abiertamente el ataque imperialista de EEUU, afirm\u00f3: \u201cAlgunos dir\u00e1n que eso es ingenuo. Lo ingenuo es pensar que la soluci\u00f3n es la violencia. O pensar que practicar un seguidismo ciego y servil es liderar\u201d. Y a\u00f1adi\u00f3, en referencia directa a Trump:\u00a0<\/span>\u201c<span lang=\"es-ES\">No vamos a ser c\u00f3mplices de algo malo para el mundo por miedo a las represalias de alguno\u201d.<\/span>\u00a0<span lang=\"es-ES\">S\u00e1nchez hizo un paralelismo de esta guerra con la anterior guerra del Golfo de 2003, que tuvo un rechazo un\u00e1nime en la sociedad espa\u00f1ola y que tuvo como consecuencia el peor atentado terrorista en suelo espa\u00f1ol el 11 de marzo de 2004, obra de Al-Qaeda, con 202 muertos, todos trabajadores y j\u00f3venes de los barrios obreros de Madrid. As\u00ed, S\u00e1nchez dijo:\u00a0<\/span>\u201c<span lang=\"es-ES\">El mundo ya ha estado aqu\u00ed antes. Hace 23 a\u00f1os, otra\u00a0Administraci\u00f3n de Estados Unidos nos llev\u00f3 a una guerra injusta. La guerra de Irak gener\u00f3 un aumento dr\u00e1stico del terrorismo yihadista, una grave crisis migratoria en el Mediterr\u00e1neo oriental y un incremento generalizado del precio de la energ\u00eda, tambi\u00e9n de la cesta de la compra, del coste de la vida. Ese fue el regalo del \u201ctr\u00edo de las Azores\u201d [George Bush Jr., Tony Blair y el entonces presidente del gobierno espa\u00f1ol, Jos\u00e9 Mar\u00eda Aznar], un mundo m\u00e1s inseguro y una vida peor\u201d. S\u00e1nchez termin\u00f3 su discurso diciendo, en una nueva referencia directa a Trump: \u201cDesde Espa\u00f1a estamos en contra de este desastre porque entendemos que los gobiernos estamos para mejorar la vida de la gente, no para empeorarla, y es inaceptable que aquellos dirigentes que son incapaces de cumplir con ese cometido utilicen el humo de la guerra para ocultar su fracaso y llenar de paso los bolsillos de unos pocos\u201d.<\/span><\/p>\n<p><span lang=\"es-ES\">A partir de aqu\u00ed la respuesta de la Administraci\u00f3n Trump ha sido hist\u00e9rica e histri\u00f3nica, sintiendo el impacto internacional y la humillaci\u00f3n p\u00fablica del desaf\u00edo de S\u00e1nchez. Primero, fue el Secretario del Tesoro de EEUU,\u00a0<\/span>Scott Bessent, quien replic\u00f3 que con la negativa a apoyar la guerra \u201clos espa\u00f1oles van a poner en riesgo la vida de los estadounidenses\u201d. Esto es el colmo del cinismo y la desverg\u00fcenza. Quien \u00fanicamente pone en riesgo la vida de los soldados norteamericanos es la aventura guerrerista de Trump, que fue quien inici\u00f3 los bombardeos sobre Ir\u00e1n sin provocaci\u00f3n previa y con el cometido abierto y descarado de derribar a su gobierno. Pero la reacci\u00f3n m\u00e1s escandalosa fue la de la portavoz de la Casa Blanca, Karoline Leavitt, quien afirm\u00f3 poco m\u00e1s tarde que \u201cEspa\u00f1a se ha mostrado de acuerdo en cooperar militarmente en las \u00faltimas horas\u201d. Esto fue inmediatamente desmentido por el ministro de exteriores espa\u00f1ol, Albares, quien respondi\u00f3 ante la prensa: \u201cLo desmiento tajantemente. La posici\u00f3n del Gobierno de Espa\u00f1a sobre la guerra en Oriente Medio, los bombardeos en Ir\u00e1n y el uso de nuestras bases no ha cambiado ni una coma\u201d Y a\u00f1adi\u00f3: \u201cNuestra posici\u00f3n de \u2018no a la guerra\u2019 sigue siendo clara y contundente\u201d.<\/p>\n<p><span style=\"font-size: 14pt; color: #800000;\"><strong>Impacto internacional<\/strong><\/span><\/p>\n<p>El impacto de la posici\u00f3n del gobierno espa\u00f1ol en toda Europa se ha hecho sentir en las \u00faltimas horas, donde\u00a0est\u00e1 desarroll\u00e1ndose\u00a0un sentimiento creciente de rechazo a la guerra que est\u00e1 metiendo presi\u00f3n a todos los gobiernos que apoyaron a Trump o callaron. As\u00ed, tanto el premier brit\u00e1nico, Keir Starmer, como el presidente franc\u00e9s, Emmanuel Macron,\u00a0tras\u00a0apoyar inicialmente el bombardeo de Ir\u00e1n, ahora han empezado a recular, desmarc\u00e1ndose\u00a0de la aventura guerrerista de EEUU e Israel.<\/p>\n<p>Por su parte, la Uni\u00f3n Europea no ha tenido m\u00e1s remedio que salir a apoyar a S\u00e1nchez, m\u00e1s a\u00fan cuando persisten las disputas comerciales con EEUU a cuenta de los aranceles.\u00a0Veremos si las amenazas de Trump se quedan en simples bravatas o van m\u00e1s all\u00e1.\u00a0EEUU no puede imponer aranceles diferenciados a los productos espa\u00f1oles del resto de los europeos, aunque s\u00ed podr\u00eda tomar represalias contra determinados productos\u00a0espa\u00f1oles\u00a0o presionar para cancelar inversiones de empresas norteamericanas en Espa\u00f1a. Un resultado directo de este conflicto podr\u00eda ser el reforzamiento del v\u00ednculo entre las econom\u00edas espa\u00f1ola y china,\u00a0<span lang=\"es-ES\">incrementando<\/span>\u00a0importaciones y exportaciones con este pa\u00eds y favoreciendo m\u00e1s inversiones de empresas chinas en el Estado espa\u00f1ol.\u00a0No por casualidad, en 2025 hubo dos visitas de Estado de Espa\u00f1a hacia China, una con Pedro S\u00e1nchez y la otra con el rey Felipe VI, el pasado noviembre. Y en abril, S\u00e1nchez vuelve a viajar a China para reforzar estos v\u00ednculos.<\/p>\n<p><span style=\"font-size: 14pt; color: #800000;\"><strong>S\u00e1nchez y\u00a0<\/strong><strong><span lang=\"es-ES\">Europa ante Trump<\/span><\/strong><\/span><\/p>\n<p>La verdad debe ser dicha. No es que S\u00e1nchez tenga cualidades personales \u00fanicas que lo sit\u00faen muy por encima de los dem\u00e1s l\u00edderes occidentales. De hecho, S\u00e1nchez est\u00e1 repitiendo el \u201cmantra\u201d liberal-burgu\u00e9s de toda la vida, llamando a confiar en la ONU, en\u00a0<span lang=\"es-ES\">el derecho\u00a0<\/span>internacional, en la diplomacia, etc. y dem\u00e1s bagatelas con que los pol\u00edticos burgueses\u00a0<span lang=\"es-ES\">astutos tra<\/span>tan de embaucar a la poblaci\u00f3n para que conf\u00eden en las instituciones establecidas. S\u00e1nchez tambi\u00e9n se cuida de poner \u00e9nfasis en su cr\u00edtica al r\u00e9gimen iran\u00ed (desp\u00f3tico, cruel, etc.) antes de nombrar a EEUU o criticarlo, poniendo en el mismo plano al agresor que al agredido. Incluso su negativa a implicarse militarmente en este conflicto no es tan tajante y valiente como se quiere dar la impresi\u00f3n. As\u00ed, ahora S\u00e1nchez ha decidido dar apoyo militar a Chipre, enviando una fragata, con la excusa del ataque iran\u00ed a la base brit\u00e1nica en esta isla, pleg\u00e1ndose a la presi\u00f3n del imperialismo, y pese a que el gobierno brit\u00e1nico haya confirmado a \u00faltima hora que los drones que impactaron en su base en Chipre no fueron lanzados por Ir\u00e1n. Exigimos la vuelta inmediata de la fragata y la completa desvinculaci\u00f3n del Estado espa\u00f1ol con cualquier asunto relacionado con esta guerra criminal, sea de car\u00e1cter ofensivo como \u00abdefensivo\u00bb, como se escuda ahora el gobierno espa\u00f1ol.<\/p>\n<p>De manera que no se trata de que S\u00e1nchez sea un s\u00faper valiente, lo que ocurre es que nunca hab\u00edamos conocido tal nivel de servilismo, cobard\u00eda e indolencia en los gobiernos occidentales, y europeos en particular, hacia el \u201camigo\u201d americano como en los d\u00edas de hoy.<\/p>\n<p>En el fondo, no se trata solo de cobard\u00eda, sino de intereses de clase. Al final, EEUU e Israel defienden los intereses de todos estos canallas: el dominio y el saqueo imperialista de los pa\u00edses excoloniales, la depredaci\u00f3n de sus riquezas, el desprecio por las masas pobres y\u00a0<span lang=\"es-ES\">despose\u00eddas, etc.<\/span><\/p>\n<p>La posici\u00f3n de S\u00e1nchez, en verdad, excede sus caracter\u00edsticas personales. Es un reflejo, y \u00e9l lo sabe muy bien, de la larga y combativa tradici\u00f3n de oposici\u00f3n irreconciliable de las masas de la clase obrera y la juventud espa\u00f1olas a las guerras imperialistas, a las injusticias contra los oprimidos del mundo, comenzando por la causa palestina, y porque en el Estado espa\u00f1ol se recuerda muy bien que fue el imperialismo norteamericano el soporte internacional principal de la dictadura franquista en sus \u00faltimos 20 a\u00f1os, desde que en 1953 se firmaron los Pactos de Madrid entre Franco y el presidente Eisenhower. A partir de aquel momento, Espa\u00f1a se convirti\u00f3 en una cabeza de playa del imperialismo de EEUU con la instalaci\u00f3n de 4 bases militares: 3 a\u00e9reas (Mor\u00f3n, Torrej\u00f3n de Ardoz y Zaragoza) y una naval, Rota. De todas ellas, permanecen las de Mor\u00f3n y Rota, que siempre han jugado un papel destacado en todas las intervenciones imperialistas de EEUU en Oriente Medio.<\/p>\n<p>S\u00e1nchez es un \u201coutsider\u201d, no proviene del interior del\u00a0<em>establishment<\/em>, no tiene el v\u00ednculo de clase tan directo que otros dirigentes socialdem\u00f3cratas, por no hablar de los conservadores, poseen con su clase dominante. Esta es la raz\u00f3n de que se maneje con un mayor grado de independencia que otros l\u00edderes pol\u00edticos europeos respecto de su burgues\u00eda y del imperialismo de EEUU. Es un aventurero, con ciertas dosis de audacia y agallas, que oscila permanentemente de un lado a otro. Sabe apoyarse en las masas cuando lo necesita, sobre todo en momentos de debilidad pol\u00edtica, y cuando esto queda afianzado bascula hacia la clase dominante y sus intereses. La realidad es que desde que S\u00e1nchez est\u00e1 en el gobierno, los gastos militares han aumentado un 70%, ha apoyado completamente la guerra de Ucrania, impulsada inicialmente por EEUU para debilitar a Rusia, y ha cedido a la presi\u00f3n de Marruecos aceptando la soberan\u00eda de \u00e9ste sobre el S\u00e1hara Occidental sin un refer\u00e9ndum democr\u00e1tico que lo avale.<\/p>\n<p>M\u00e1s all\u00e1 de esto,\u00a0S\u00e1nchez no oculta sus pretensiones de ser reconocido como un estadista\u00a0de referencia\u00a0<span lang=\"es-ES\">mundial<\/span>, enfrentado a la internacional trumpista. Est\u00e1 aguardando una derrota significativa de Trump en las elecciones de mitad de mandato en EEUU en noviembre (la popularidad de Trump apenas alcanza ahora el 30% de apoyo en EEUU) para reivindicarse y utilizar este hecho contra la derecha espa\u00f1ola pro-EEUU a fin de fortalecer sus aspiraciones de ganar las elecciones generales previstas para 2027, pero que podr\u00edan adelantarse al final de este a\u00f1o. Sin duda, conforme m\u00e1s se prolongue esta guerra mayor ser\u00e1 el precio que pagar\u00e1 la derecha espa\u00f1ola en apoyo\u00a0<span lang=\"es-ES\">electoral<\/span>\u00a0por su apoyo servil a Trump en este conflicto enormemente impopular.<\/p>\n<p><span style=\"color: #800000; font-size: 14pt;\"><strong>Nuestra posici\u00f3n<\/strong><\/span><\/p>\n<p>\u00bfCu\u00e1l es nuestra posici\u00f3n ante todo esto? Nuestra posici\u00f3n es clara: rechazamos enf\u00e1ticamente esta guerra imperialista, en la que el triunfo de EEUU e Israel reforzar\u00eda al imperialismo y la opresi\u00f3n,\u00a0<span lang=\"es-ES\">zambullir\u00eda a\u00fan m\u00e1s en la barbarie a<\/span>\u00a0Oriente Medio, y provocar\u00eda una depresi\u00f3n en el esp\u00edritu combativo de las masas oprimidas de todo el mundo. Defendemos incondicionalmente a Ir\u00e1n, anhelamos la derrota del imperialismo, que es el principal enemigo de la clase trabajadora mundial y de todos los pueblos oprimidos, y apelamos a la movilizaci\u00f3n internacional contra esta guerra. Proclamamos que solo el pueblo iran\u00ed tiene derecho a ajustar cuentas con la dictadura de los mul\u00e1s, cuyo derrocamiento tambi\u00e9n anhelamos por medio de una revoluci\u00f3n socialista, pero sin injerencias imperialistas externas que solo buscan colocar a la cabeza del Estado a un t\u00edtere\u00a0<span lang=\"es-ES\">de EEUU<\/span>\u00a0para defender los intereses de \u00e9ste.<\/p>\n<p>En lo que respecta a la posici\u00f3n del gobierno espa\u00f1ol, apoyamos su posici\u00f3n de rechazo a la guerra y de no colaborar con los bandidos imperialistas implicados en la misma. Pero esta posici\u00f3n es insuficiente. Las bases norteamericanas en territorio espa\u00f1ol no son de ninguna utilidad para la clase obrera espa\u00f1ola. Al contrario, sirven a intereses imperialistas y podr\u00edan usarse ma\u00f1ana contra la lucha revolucionaria de los trabajadores espa\u00f1oles contra el sistema capitalista. Por eso, exigimos la cancelaci\u00f3n del acuerdo con EEUU y el abandono inmediato de las tropas norteamericanas del suelo ib\u00e9rico. Por otro lado, exigimos la salida de Espa\u00f1a de la OTAN, una entidad imperialista dedicada a proteger los intereses imperialistas occidentales. Exigimos la convocatoria de un refer\u00e9ndum donde la poblaci\u00f3n pueda expresar su opini\u00f3n sobre esto, frente al anterior refer\u00e9ndum-trampa, del que ahora se cumplen 40 a\u00f1os, con el que Felipe Gonz\u00e1lez enga\u00f1\u00f3 a la clase trabajadora. En aquel momento, Felipe abus\u00f3 del enorme apoyo que entonces exist\u00eda hacia el PSOE, para ganar un refer\u00e9ndum de adhesi\u00f3n a la OTAN que inclu\u00eda el no ingreso del Estado espa\u00f1ol en la estructura militar de la OTAN y\u00a0<span lang=\"es-ES\">el cierre<\/span>\u00a0de las bases norteamericanas. Nada de eso se cumpli\u00f3.<\/p>\n<p>\u00bfY qu\u00e9 hay de las medidas econ\u00f3micas planteadas por el presidente S\u00e1nchez para hacer frente a la subida del precio del petr\u00f3leo y del gas por el conflicto provocado por los imperialismos de EEUU e Israel? S\u00e1nchez dice que la econom\u00eda espa\u00f1ola es suficientemente fuerte para soportar esto, dando a entender que se utilizar\u00e1 el presupuesto p\u00fablico para amortiguar la subida de los precios de los combustibles y la energ\u00eda para empresas y consumidores. En definitiva, de manera indirecta, por medio de nuestros impuestos, se pedir\u00e1 que las familias obreras paguemos el coste de la subida de los combustibles y de la electricidad. Ante eso, exigimos que las grandes compa\u00f1\u00edas petroleras (como Repsol y Moeve, entre otras) y el\u00e9ctricas (Iberdrola, Endesa, Naturgy y EDP), que est\u00e1n consiguiendo los mayores beneficios de su historia, sean nacionalizadas sin indemnizaci\u00f3n (salvo a peque\u00f1os accionistas sin recursos) y bajo control obrero. No puede permitirse que un sector esencial, como el de la energ\u00eda, est\u00e9 en manos privadas y lucr\u00e1ndose con las necesidades b\u00e1sicas de la poblaci\u00f3n. Estas empresas nacionalizadas, desaparecido el af\u00e1n de lucro y la acumulaci\u00f3n de beneficios capitalista, podr\u00edan seguir ofertando combustible y electricidad baratos, pese al incremento internacional del precio del petr\u00f3leo y del gas.<\/p>\n<p>De la misma manera, hay que expropiar toda la industria de armamento con todos sus beneficios ba\u00f1ados en sangre hasta ahora, para que sea reconvertida para fines sociales \u00fatiles.<\/p>\n<p>Al mismo tiempo que esto, la voz de orden debe ser impulsar la movilizaci\u00f3n masiva de j\u00f3venes y trabajadores contra la guerra imperialista en Ir\u00e1n y contra las amenazas y la arrogancia del gobierno trumpista. El Estado espa\u00f1ol est\u00e1 en una posici\u00f3n \u00fanica para dar el primer paso en la generaci\u00f3n de un poderoso movimiento anti-guerra en el mundo. La izquierda, los sindicatos y los movimientos sociales deben sumar fuerzas y llamar a una primera gran jornada de movilizaciones en todo el Estado. Esto podr\u00eda aprovecharse para lanzar un llamamiento internacional contra la guerra imperialista en Ir\u00e1n y contra los gobiernos que la apoyan, comenzando por una apelaci\u00f3n directa a la poderosa clase trabajadora de Estados Unidos y a su juventud, que rechazan masivamente la aventura imperialista de Trump en Oriente Medio.<\/p>\n<p>El capitalismo y su criatura, el imperialismo, significan guerra. La \u00fanica paz verdadera y eterna solo ser\u00e1 posible derrocando este sistema de ricos y militaristas, y barriendo las fronteras nacionales para conformar una sociedad universal socialista de seres humanos basada en la fraternidad y la planificaci\u00f3n de los recursos en inter\u00e9s humano.<\/p>\n<p><span style=\"color: #800000;\"><strong>\u00a1Completa desvinculaci\u00f3n del Estado espa\u00f1ol con esta guerra criminal!<\/strong><\/span><\/p>\n<p><span style=\"color: #800000;\"><strong>\u00a1Que vuelvan la fragata y el buque enviados a Chipre!<\/strong><\/span><\/p>\n<p><span style=\"color: #800000;\"><strong>\u00a1EEUU e Israel, manos fuera de Ir\u00e1n!<\/strong><\/span><\/p>\n<p><span style=\"color: #800000;\"><strong>\u00a1Que la guerra la paguen los ricos y los militaristas!<\/strong><\/span><\/p>\n<p><span style=\"color: #800000;\"><strong>\u00a1Guerra de clases contra el imperialismo!<\/strong><\/span><\/p>\n<p><span style=\"color: #800000;\"><strong>\u00a1Frente a la barbarie capitalista, revoluci\u00f3n socialista!<\/strong><\/span><\/p>\n<p>&nbsp;<\/p>\n<h3><span style=\"font-size: 14pt; color: #800000;\">POST-SCRIPTUM<\/span><\/h3>\n<p class=\"western\" align=\"justify\">Este art\u00edculo\u00a0<span lang=\"es-ES\">fue<\/span>\u00a0publicado poco antes de la decisi\u00f3n del gobierno de S\u00e1nchez de enviar una fragata y un buque de suministros a una base militar de Chipre para participar en tareas de \u201cdefensa\u201d y de eventual evacuaci\u00f3n de personas, seg\u00fan declar\u00f3 ayer la ministra de defensa, Margarita Robles. En cuanto tuvimos conocimiento de ello, nos limitamos a\u00a0<span lang=\"es-ES\">hacer constancia<\/span>\u00a0del hecho en el texto, a la espera de una mayor informaci\u00f3n, y dejar clara nuestra posici\u00f3n de reclamar la vuelta de dichas embarcaciones y exigir una ruptura clara del Estado espa\u00f1ol con cualquier compromiso de guerra en este conflicto imperialista criminal.<\/p>\n<p class=\"western\" align=\"justify\">Los hechos aparecen ahora claros y di\u00e1fanos, lo que nos obliga a ampliar nuestra posici\u00f3n sobre esto.<\/p>\n<p class=\"western\" align=\"justify\">Recapitulemos. El pasado 2 de marzo fue lanzado un dron sobre la base militar brit\u00e1nica de Akrotiri en la isla de Chipre. Aunque se culp\u00f3 inicialmente a Ir\u00e1n, el\u00a0<span style=\"color: #800000;\"><u><a style=\"color: #800000;\" href=\"https:\/\/www.elperiodico.com\/es\/internacional\/20260305\/londres-dice-dron-alcanzo-base-127596175\">Reino Unido ha descartado que el dron fuera lanzado desde territorio iran\u00ed<\/a><\/u><\/span>. Ir\u00e1n tambi\u00e9n ha negado lanzar un misil sobre Turqu\u00eda. Algunas fuentes sit\u00faan la autor\u00eda de estos ataques\u00a0<span lang=\"es-ES\">de<\/span>\u00a0falsa bandera en la coalici\u00f3n israelo-norteamericana, con el fin de arrastrar a m\u00e1s pa\u00edses de la \u00f3rbita occidental a la guerra contra Ir\u00e1n.<\/p>\n<p class=\"western\" align=\"justify\">Con la excusa de este ataque, Chipre y Reino Unido han pedido apoyo militar para defender esta base militar de futuros ataques, a lo cual se ha sumado el gobierno espa\u00f1ol con el env\u00edo de las naves mencionadas. Hay que decir que<a href=\"https:\/\/www.swissinfo.ch\/spa\/reino-unido-abre-sus-bases-a-eeuu-contra-ir%C3%A1n-pero-rechaza-estar-en-guerra\/91024332\">\u00a0<span style=\"color: #800000;\"><b>el Reino Unido<\/b>\u00a0<b>ha autorizado a EEUU a utilizar esta base militar en su guerra contra Ir\u00e1n<\/b><\/span><\/a>\u00a0\u201ccon fines defensivos\u201d. El asunto es que el uso por EEUU de esta base a\u00e9rea para los aviones que est\u00e1n participando en la guerra contra Ir\u00e1n coloca autom\u00e1ticamente esta base y las fuerzas militares all\u00ed estacionadas en escenario de guerra. Y las naves enviadas por Gran Breta\u00f1a, Grecia y Espa\u00f1a se colocan autom\u00e1ticamente en la situaci\u00f3n de colaborar con EEUU en sus esfuerzos de guerra. Aunque fuera cierto, lo cual tampoco podemos darlo como fiable, que estas fuerzas act\u00faan para \u201cdefender\u201d la base militar y no para \u201catacar\u201d a Ir\u00e1n, eso no cambia nada el fondo del asunto. El ataque y la defensa son dos partes indisociables en cualquier guerra: se est\u00e1 en guerra atacando y tambi\u00e9n defendiendo. Por lo tanto, como ya insinu\u00e1bamos en nuestra declaraci\u00f3n antes de conocer todos los hechos, el gobierno de S\u00e1nchez ha incumplido su palabra de \u201cNo a la guerra\u201d y, efectivamente, se ha asociado al bloque imperialista israelo-norteamericano en su guerra imperialista y reaccionaria contra el pueblo de Ir\u00e1n, lo disfrace como lo disfrace.<\/p>\n<p class=\"western\" align=\"justify\">Llegados aqu\u00ed tenemos que reevaluar las enigm\u00e1ticas palabras de la portavoz de la Casa Blanca, Karoline Leavitt, el mi\u00e9rcoles pasado cuando afirm\u00f3 que \u201cen las \u00faltimas horas Espa\u00f1a ha decidido cooperar militarmente con EEUU\u201d, lo cual neg\u00f3 tajantemente el ministro de asuntos exteriores, Jos\u00e9 Manuel Albares. Pero las palabras de Leavitt se produjeron en paralelo a una reuni\u00f3n entre la ministra de Defensa, Margarita Robles, con el embajador norteamericano en Madrid, Benjam\u00edn Le\u00f3n. Escandalosamente, nada trascendi\u00f3 de esa entrevista \u00bfQu\u00e9 tiene que ocultar el gobierno de S\u00e1nchez sobre esto? Horas m\u00e1s tarde, el gobierno anunci\u00f3 el env\u00edo de las dos naves a Chipre para colaborar en la \u201cdefensa\u201d de la base militar de Akrotiri que ser\u00e1 utilizada por EEUU en su guerra contra Ir\u00e1n. La cosa est\u00e1 muy clara. Espa\u00f1a se ha comprometido en esta guerra reaccionaria al lado de EEUU e Israel. Que el gobierno, por el momento y dando cr\u00e9dito a sus palabras, haya prohibido a EEUU utilizar las bases de Mor\u00f3n y Rota para su guerra con Ir\u00e1n, no anula este otro hecho que implica una clara participaci\u00f3n espa\u00f1ola en el conflicto del lado norteamericano. Claramente, el gobierno no ha sido capaz de mantenerse firme ante la presi\u00f3n del gobierno de EEUU, de sectores decisivos de la clase dominante espa\u00f1ola que han entrado en p\u00e1nico, y del estamento militar espa\u00f1ol, que mantiene firmes v\u00ednculos con los EEUU. Esto ayuda, adem\u00e1s, a la derecha que acusa ahora al gobierno de enga\u00f1ar a la poblaci\u00f3n con una falsa postura pacifista. Ayuda a crear confusi\u00f3n y desencanto entre una parte de la poblaci\u00f3n que se hab\u00eda sentido entusiasmada ante lo que parec\u00eda una posici\u00f3n valiente del gobierno \u00abprogresista\u00bb en esta guerra criminal. La decisi\u00f3n de los dirigentes de SUMAR y de Izquierda Unida de justificar esta\u00a0<span lang=\"es-ES\">actuaci\u00f3n del gobierno,<\/span>\u00a0desacredita a estas\u00a0<span lang=\"es-ES\">organizaciones<\/span>\u00a0como fuerzas pol\u00edticas comprometidas con la lucha contra esta guerra imperialista. Las bases de Izquierda Unida, en particular, deben exigir una rectificaci\u00f3n inmediata a sus dirigentes.<\/p>\n<p class=\"western\" align=\"justify\">Reiteramos nuestra exigencia de la vuelta de las naves enviadas a Chipre y la completa desvinculaci\u00f3n del Estado espa\u00f1ol con esta guerra imperialista, la salida de Espa\u00f1a de la agencia militar imperialista de la OTAN y el cierre de las bases norteamericanas en territorio espa\u00f1ol. Animamos a poner en pie un poderoso movimiento contra la guerra, en el Estado espa\u00f1ol y a nivel internacional, \u00fanica manera de\u00a0<span lang=\"es-ES\">detener<\/span>\u00a0la m\u00e1quina asesina de Trump y Netanyahu.<\/p>\n<p align=\"justify\">6 de marzo<\/p>\n","protected":false},"excerpt":{"rendered":"<p>Por: David Rey Espa\u00f1a se ha colocado en el centro de la atenci\u00f3n mundial en medio de la guerra imperialista de EEUU e Israel contra Ir\u00e1n. Tras oponerse p\u00fablicamente a la campa\u00f1a genocida de Netanyahu en Gaza y al secuestro de Nicol\u00e1s Maduro en Venezuela, Pedro S\u00e1nchez y el gobierno espa\u00f1ol se han opuesto enf\u00e1ticamente&#8230;<\/p>\n","protected":false},"author":167,"featured_media":15400,"comment_status":"open","ping_status":"open","sticky":false,"template":"","format":"standard","meta":{"_monsterinsights_skip_tracking":false,"_monsterinsights_sitenote_active":false,"_monsterinsights_sitenote_note":"","_monsterinsights_sitenote_category":0,"_uf_show_specific_survey":0,"_uf_disable_surveys":false,"_jetpack_memberships_contains_paid_content":false,"footnotes":""},"categories":[2342,32,30,51],"tags":[82,168,644,834],"class_list":["post-15395","post","type-post","status-publish","format-standard","has-post-thumbnail","hentry","category-crisis-imperialista","category-estado-espanol","category-estados-unidos","category-iran","tag-espana","tag-estados-unidos","tag-iran","tag-sanchez"],"aioseo_notices":[],"yoast_head":"<!-- This site is optimized with the Yoast SEO plugin v25.6 - https:\/\/yoast.com\/wordpress\/plugins\/seo\/ -->\n<title>Ante las amenazas de Trump, decimos: \u00a1No a la guerra imperialista! \u00a1OTAN no! \u00a1Bases militares de EEUU, fuera!<\/title>\n<meta name=\"robots\" content=\"index, follow, max-snippet:-1, max-image-preview:large, max-video-preview:-1\" \/>\n<link rel=\"canonical\" href=\"https:\/\/elcomunista.org\/?p=15395\" \/>\n<meta property=\"og:locale\" content=\"es_ES\" \/>\n<meta property=\"og:type\" content=\"article\" \/>\n<meta property=\"og:title\" content=\"Ante las amenazas de Trump, decimos: \u00a1No a la guerra imperialista! \u00a1OTAN no! \u00a1Bases militares de EEUU, fuera!\" \/>\n<meta property=\"og:description\" content=\"Por: David Rey Espa\u00f1a se ha colocado en el centro de la atenci\u00f3n mundial en medio de la guerra imperialista de EEUU e Israel contra Ir\u00e1n. Tras oponerse p\u00fablicamente a la campa\u00f1a genocida de Netanyahu en Gaza y al secuestro de Nicol\u00e1s Maduro en Venezuela, Pedro S\u00e1nchez y el gobierno espa\u00f1ol se han opuesto enf\u00e1ticamente...\" \/>\n<meta property=\"og:url\" content=\"https:\/\/elcomunista.org\/?p=15395\" \/>\n<meta property=\"og:site_name\" content=\"Revoluci\u00f3n Comunista\" \/>\n<meta property=\"article:publisher\" content=\"https:\/\/www.facebook.com\/Bloquepopularjuvenil\" \/>\n<meta property=\"article:published_time\" content=\"2026-03-06T18:05:21+00:00\" \/>\n<meta property=\"article:modified_time\" content=\"2026-03-06T18:06:05+00:00\" \/>\n<meta property=\"og:image\" content=\"https:\/\/elcomunista.org\/wp-content\/uploads\/2026\/03\/Diseno-sin-titulo-5.png\" \/>\n\t<meta property=\"og:image:width\" content=\"1000\" \/>\n\t<meta property=\"og:image:height\" content=\"700\" \/>\n\t<meta property=\"og:image:type\" content=\"image\/png\" \/>\n<meta name=\"author\" content=\"El Comunista\" \/>\n<meta name=\"twitter:card\" content=\"summary_large_image\" \/>\n<meta name=\"twitter:creator\" content=\"@ElBPJ\" \/>\n<meta name=\"twitter:site\" content=\"@ElBPJ\" \/>\n<meta name=\"twitter:label1\" content=\"Escrito por\" \/>\n\t<meta name=\"twitter:data1\" content=\"El Comunista\" \/>\n\t<meta name=\"twitter:label2\" content=\"Tiempo de lectura\" \/>\n\t<meta name=\"twitter:data2\" content=\"18 minutos\" \/>\n<script type=\"application\/ld+json\" class=\"yoast-schema-graph\">{\"@context\":\"https:\/\/schema.org\",\"@graph\":[{\"@type\":\"Article\",\"@id\":\"https:\/\/elcomunista.org\/?p=15395#article\",\"isPartOf\":{\"@id\":\"https:\/\/elcomunista.org\/?p=15395\"},\"author\":{\"name\":\"El Comunista\",\"@id\":\"https:\/\/elcomunista.org\/#\/schema\/person\/fdbbd0dd2191bd68bfe086a9e21a2b82\"},\"headline\":\"Ante las amenazas de Trump, decimos: \u00a1No a la guerra imperialista! \u00a1OTAN no! \u00a1Bases militares de EEUU, fuera!\",\"datePublished\":\"2026-03-06T18:05:21+00:00\",\"dateModified\":\"2026-03-06T18:06:05+00:00\",\"mainEntityOfPage\":{\"@id\":\"https:\/\/elcomunista.org\/?p=15395\"},\"wordCount\":4099,\"commentCount\":0,\"publisher\":{\"@id\":\"https:\/\/elcomunista.org\/#organization\"},\"image\":{\"@id\":\"https:\/\/elcomunista.org\/?p=15395#primaryimage\"},\"thumbnailUrl\":\"https:\/\/elcomunista.org\/wp-content\/uploads\/2026\/03\/Diseno-sin-titulo-5.png\",\"keywords\":[\"Espa\u00f1a\",\"Estados Unidos\",\"Ir\u00e1n\",\"S\u00e1nchez\"],\"articleSection\":[\"Crisis imperialista\",\"Estado Espa\u00f1ol\",\"Estados Unidos\",\"Ir\u00e1n\"],\"inLanguage\":\"es\",\"potentialAction\":[{\"@type\":\"CommentAction\",\"name\":\"Comment\",\"target\":[\"https:\/\/elcomunista.org\/?p=15395#respond\"]}]},{\"@type\":\"WebPage\",\"@id\":\"https:\/\/elcomunista.org\/?p=15395\",\"url\":\"https:\/\/elcomunista.org\/?p=15395\",\"name\":\"Ante las amenazas de Trump, decimos: \u00a1No a la guerra imperialista! \u00a1OTAN no! \u00a1Bases militares de EEUU, fuera!\",\"isPartOf\":{\"@id\":\"https:\/\/elcomunista.org\/#website\"},\"primaryImageOfPage\":{\"@id\":\"https:\/\/elcomunista.org\/?p=15395#primaryimage\"},\"image\":{\"@id\":\"https:\/\/elcomunista.org\/?p=15395#primaryimage\"},\"thumbnailUrl\":\"https:\/\/elcomunista.org\/wp-content\/uploads\/2026\/03\/Diseno-sin-titulo-5.png\",\"datePublished\":\"2026-03-06T18:05:21+00:00\",\"dateModified\":\"2026-03-06T18:06:05+00:00\",\"breadcrumb\":{\"@id\":\"https:\/\/elcomunista.org\/?p=15395#breadcrumb\"},\"inLanguage\":\"es\",\"potentialAction\":[{\"@type\":\"ReadAction\",\"target\":[\"https:\/\/elcomunista.org\/?p=15395\"]}]},{\"@type\":\"ImageObject\",\"inLanguage\":\"es\",\"@id\":\"https:\/\/elcomunista.org\/?p=15395#primaryimage\",\"url\":\"https:\/\/elcomunista.org\/wp-content\/uploads\/2026\/03\/Diseno-sin-titulo-5.png\",\"contentUrl\":\"https:\/\/elcomunista.org\/wp-content\/uploads\/2026\/03\/Diseno-sin-titulo-5.png\",\"width\":1000,\"height\":700},{\"@type\":\"BreadcrumbList\",\"@id\":\"https:\/\/elcomunista.org\/?p=15395#breadcrumb\",\"itemListElement\":[{\"@type\":\"ListItem\",\"position\":1,\"name\":\"Portada\",\"item\":\"https:\/\/elcomunista.org\/\"},{\"@type\":\"ListItem\",\"position\":2,\"name\":\"Ante las amenazas de Trump, decimos: \u00a1No a la guerra imperialista! \u00a1OTAN no! \u00a1Bases militares de EEUU, fuera!\"}]},{\"@type\":\"WebSite\",\"@id\":\"https:\/\/elcomunista.org\/#website\",\"url\":\"https:\/\/elcomunista.org\/\",\"name\":\"Revoluci\u00f3n Comunista\",\"description\":\"Internacional Comunista Revolucionaria\",\"publisher\":{\"@id\":\"https:\/\/elcomunista.org\/#organization\"},\"potentialAction\":[{\"@type\":\"SearchAction\",\"target\":{\"@type\":\"EntryPoint\",\"urlTemplate\":\"https:\/\/elcomunista.org\/?s={search_term_string}\"},\"query-input\":{\"@type\":\"PropertyValueSpecification\",\"valueRequired\":true,\"valueName\":\"search_term_string\"}}],\"inLanguage\":\"es\"},{\"@type\":\"Organization\",\"@id\":\"https:\/\/elcomunista.org\/#organization\",\"name\":\"Bloque Popular Juvenil\",\"url\":\"https:\/\/elcomunista.org\/\",\"logo\":{\"@type\":\"ImageObject\",\"inLanguage\":\"es\",\"@id\":\"https:\/\/elcomunista.org\/#\/schema\/logo\/image\/\",\"url\":\"https:\/\/bloquepopularjuvenil.org\/wp-content\/uploads\/2018\/11\/bpj-militante.jpg\",\"contentUrl\":\"https:\/\/bloquepopularjuvenil.org\/wp-content\/uploads\/2018\/11\/bpj-militante.jpg\",\"width\":4000,\"height\":1390,\"caption\":\"Bloque Popular Juvenil\"},\"image\":{\"@id\":\"https:\/\/elcomunista.org\/#\/schema\/logo\/image\/\"},\"sameAs\":[\"https:\/\/www.facebook.com\/Bloquepopularjuvenil\",\"https:\/\/x.com\/ElBPJ\",\"https:\/\/www.instagram.com\/elbloque_bpj\/?hl=es-la\"]},{\"@type\":\"Person\",\"@id\":\"https:\/\/elcomunista.org\/#\/schema\/person\/fdbbd0dd2191bd68bfe086a9e21a2b82\",\"name\":\"El Comunista\",\"image\":{\"@type\":\"ImageObject\",\"inLanguage\":\"es\",\"@id\":\"https:\/\/elcomunista.org\/#\/schema\/person\/image\/\",\"url\":\"https:\/\/secure.gravatar.com\/avatar\/6a49d03346eeacf32fb184109abe5fbe?s=96&d=mm&r=g\",\"contentUrl\":\"https:\/\/secure.gravatar.com\/avatar\/6a49d03346eeacf32fb184109abe5fbe?s=96&d=mm&r=g\",\"caption\":\"El Comunista\"},\"url\":\"https:\/\/elcomunista.org\/?author=167\"}]}<\/script>\n<!-- \/ Yoast SEO plugin. -->","yoast_head_json":{"title":"Ante las amenazas de Trump, decimos: \u00a1No a la guerra imperialista! \u00a1OTAN no! \u00a1Bases militares de EEUU, fuera!","robots":{"index":"index","follow":"follow","max-snippet":"max-snippet:-1","max-image-preview":"max-image-preview:large","max-video-preview":"max-video-preview:-1"},"canonical":"https:\/\/elcomunista.org\/?p=15395","og_locale":"es_ES","og_type":"article","og_title":"Ante las amenazas de Trump, decimos: \u00a1No a la guerra imperialista! \u00a1OTAN no! \u00a1Bases militares de EEUU, fuera!","og_description":"Por: David Rey Espa\u00f1a se ha colocado en el centro de la atenci\u00f3n mundial en medio de la guerra imperialista de EEUU e Israel contra Ir\u00e1n. Tras oponerse p\u00fablicamente a la campa\u00f1a genocida de Netanyahu en Gaza y al secuestro de Nicol\u00e1s Maduro en Venezuela, Pedro S\u00e1nchez y el gobierno espa\u00f1ol se han opuesto enf\u00e1ticamente...","og_url":"https:\/\/elcomunista.org\/?p=15395","og_site_name":"Revoluci\u00f3n Comunista","article_publisher":"https:\/\/www.facebook.com\/Bloquepopularjuvenil","article_published_time":"2026-03-06T18:05:21+00:00","article_modified_time":"2026-03-06T18:06:05+00:00","og_image":[{"width":1000,"height":700,"url":"https:\/\/elcomunista.org\/wp-content\/uploads\/2026\/03\/Diseno-sin-titulo-5.png","type":"image\/png"}],"author":"El Comunista","twitter_card":"summary_large_image","twitter_creator":"@ElBPJ","twitter_site":"@ElBPJ","twitter_misc":{"Escrito por":"El Comunista","Tiempo de lectura":"18 minutos"},"schema":{"@context":"https:\/\/schema.org","@graph":[{"@type":"Article","@id":"https:\/\/elcomunista.org\/?p=15395#article","isPartOf":{"@id":"https:\/\/elcomunista.org\/?p=15395"},"author":{"name":"El Comunista","@id":"https:\/\/elcomunista.org\/#\/schema\/person\/fdbbd0dd2191bd68bfe086a9e21a2b82"},"headline":"Ante las amenazas de Trump, decimos: \u00a1No a la guerra imperialista! \u00a1OTAN no! \u00a1Bases militares de EEUU, fuera!","datePublished":"2026-03-06T18:05:21+00:00","dateModified":"2026-03-06T18:06:05+00:00","mainEntityOfPage":{"@id":"https:\/\/elcomunista.org\/?p=15395"},"wordCount":4099,"commentCount":0,"publisher":{"@id":"https:\/\/elcomunista.org\/#organization"},"image":{"@id":"https:\/\/elcomunista.org\/?p=15395#primaryimage"},"thumbnailUrl":"https:\/\/elcomunista.org\/wp-content\/uploads\/2026\/03\/Diseno-sin-titulo-5.png","keywords":["Espa\u00f1a","Estados Unidos","Ir\u00e1n","S\u00e1nchez"],"articleSection":["Crisis imperialista","Estado Espa\u00f1ol","Estados Unidos","Ir\u00e1n"],"inLanguage":"es","potentialAction":[{"@type":"CommentAction","name":"Comment","target":["https:\/\/elcomunista.org\/?p=15395#respond"]}]},{"@type":"WebPage","@id":"https:\/\/elcomunista.org\/?p=15395","url":"https:\/\/elcomunista.org\/?p=15395","name":"Ante las amenazas de Trump, decimos: \u00a1No a la guerra imperialista! \u00a1OTAN no! \u00a1Bases militares de EEUU, fuera!","isPartOf":{"@id":"https:\/\/elcomunista.org\/#website"},"primaryImageOfPage":{"@id":"https:\/\/elcomunista.org\/?p=15395#primaryimage"},"image":{"@id":"https:\/\/elcomunista.org\/?p=15395#primaryimage"},"thumbnailUrl":"https:\/\/elcomunista.org\/wp-content\/uploads\/2026\/03\/Diseno-sin-titulo-5.png","datePublished":"2026-03-06T18:05:21+00:00","dateModified":"2026-03-06T18:06:05+00:00","breadcrumb":{"@id":"https:\/\/elcomunista.org\/?p=15395#breadcrumb"},"inLanguage":"es","potentialAction":[{"@type":"ReadAction","target":["https:\/\/elcomunista.org\/?p=15395"]}]},{"@type":"ImageObject","inLanguage":"es","@id":"https:\/\/elcomunista.org\/?p=15395#primaryimage","url":"https:\/\/elcomunista.org\/wp-content\/uploads\/2026\/03\/Diseno-sin-titulo-5.png","contentUrl":"https:\/\/elcomunista.org\/wp-content\/uploads\/2026\/03\/Diseno-sin-titulo-5.png","width":1000,"height":700},{"@type":"BreadcrumbList","@id":"https:\/\/elcomunista.org\/?p=15395#breadcrumb","itemListElement":[{"@type":"ListItem","position":1,"name":"Portada","item":"https:\/\/elcomunista.org\/"},{"@type":"ListItem","position":2,"name":"Ante las amenazas de Trump, decimos: \u00a1No a la guerra imperialista! \u00a1OTAN no! \u00a1Bases militares de EEUU, fuera!"}]},{"@type":"WebSite","@id":"https:\/\/elcomunista.org\/#website","url":"https:\/\/elcomunista.org\/","name":"Revoluci\u00f3n Comunista","description":"Internacional Comunista Revolucionaria","publisher":{"@id":"https:\/\/elcomunista.org\/#organization"},"potentialAction":[{"@type":"SearchAction","target":{"@type":"EntryPoint","urlTemplate":"https:\/\/elcomunista.org\/?s={search_term_string}"},"query-input":{"@type":"PropertyValueSpecification","valueRequired":true,"valueName":"search_term_string"}}],"inLanguage":"es"},{"@type":"Organization","@id":"https:\/\/elcomunista.org\/#organization","name":"Bloque Popular Juvenil","url":"https:\/\/elcomunista.org\/","logo":{"@type":"ImageObject","inLanguage":"es","@id":"https:\/\/elcomunista.org\/#\/schema\/logo\/image\/","url":"https:\/\/bloquepopularjuvenil.org\/wp-content\/uploads\/2018\/11\/bpj-militante.jpg","contentUrl":"https:\/\/bloquepopularjuvenil.org\/wp-content\/uploads\/2018\/11\/bpj-militante.jpg","width":4000,"height":1390,"caption":"Bloque Popular Juvenil"},"image":{"@id":"https:\/\/elcomunista.org\/#\/schema\/logo\/image\/"},"sameAs":["https:\/\/www.facebook.com\/Bloquepopularjuvenil","https:\/\/x.com\/ElBPJ","https:\/\/www.instagram.com\/elbloque_bpj\/?hl=es-la"]},{"@type":"Person","@id":"https:\/\/elcomunista.org\/#\/schema\/person\/fdbbd0dd2191bd68bfe086a9e21a2b82","name":"El Comunista","image":{"@type":"ImageObject","inLanguage":"es","@id":"https:\/\/elcomunista.org\/#\/schema\/person\/image\/","url":"https:\/\/secure.gravatar.com\/avatar\/6a49d03346eeacf32fb184109abe5fbe?s=96&d=mm&r=g","contentUrl":"https:\/\/secure.gravatar.com\/avatar\/6a49d03346eeacf32fb184109abe5fbe?s=96&d=mm&r=g","caption":"El Comunista"},"url":"https:\/\/elcomunista.org\/?author=167"}]}},"jetpack_featured_media_url":"https:\/\/elcomunista.org\/wp-content\/uploads\/2026\/03\/Diseno-sin-titulo-5.png","jetpack_likes_enabled":true,"jetpack_sharing_enabled":true,"_links":{"self":[{"href":"https:\/\/elcomunista.org\/index.php?rest_route=\/wp\/v2\/posts\/15395"}],"collection":[{"href":"https:\/\/elcomunista.org\/index.php?rest_route=\/wp\/v2\/posts"}],"about":[{"href":"https:\/\/elcomunista.org\/index.php?rest_route=\/wp\/v2\/types\/post"}],"author":[{"embeddable":true,"href":"https:\/\/elcomunista.org\/index.php?rest_route=\/wp\/v2\/users\/167"}],"replies":[{"embeddable":true,"href":"https:\/\/elcomunista.org\/index.php?rest_route=%2Fwp%2Fv2%2Fcomments&post=15395"}],"version-history":[{"count":1,"href":"https:\/\/elcomunista.org\/index.php?rest_route=\/wp\/v2\/posts\/15395\/revisions"}],"predecessor-version":[{"id":15404,"href":"https:\/\/elcomunista.org\/index.php?rest_route=\/wp\/v2\/posts\/15395\/revisions\/15404"}],"wp:featuredmedia":[{"embeddable":true,"href":"https:\/\/elcomunista.org\/index.php?rest_route=\/wp\/v2\/media\/15400"}],"wp:attachment":[{"href":"https:\/\/elcomunista.org\/index.php?rest_route=%2Fwp%2Fv2%2Fmedia&parent=15395"}],"wp:term":[{"taxonomy":"category","embeddable":true,"href":"https:\/\/elcomunista.org\/index.php?rest_route=%2Fwp%2Fv2%2Fcategories&post=15395"},{"taxonomy":"post_tag","embeddable":true,"href":"https:\/\/elcomunista.org\/index.php?rest_route=%2Fwp%2Fv2%2Ftags&post=15395"}],"curies":[{"name":"wp","href":"https:\/\/api.w.org\/{rel}","templated":true}]}}