{"id":15426,"date":"2026-03-09T16:13:00","date_gmt":"2026-03-09T22:13:00","guid":{"rendered":"https:\/\/elcomunista.org\/?p=15426"},"modified":"2026-03-09T16:22:59","modified_gmt":"2026-03-09T22:22:59","slug":"escudo-de-las-americas-nueva-iniciativa-para-fortalecer-el-control-imperialista-en-america-latina","status":"publish","type":"post","link":"https:\/\/elcomunista.org\/?p=15426","title":{"rendered":"Escudo de las Am\u00e9ricas: nueva iniciativa para fortalecer el control imperialista en Am\u00e9rica Latina"},"content":{"rendered":"<p>Por: Ubaldo Oropeza<\/p>\n<p>El s\u00e1bado 7 de marzo se reunieron en Florida doce presidentes de distintos pa\u00edses de Am\u00e9rica Latina con Donald Trump. La intenci\u00f3n formal del encuentro fue firmar la llamada Carta de Doral, que formaliza una coalici\u00f3n regional de seguridad para combatir a los c\u00e1rteles de la droga y frenar la migraci\u00f3n. El m\u00e9todo planteado para alcanzar estos objetivos es la utilizaci\u00f3n de la fuerza militar.<\/p>\n<p>Los presidentes Javier Milei (Argentina), Daniel Noboa (Ecuador), Nayib Bukele (El Salvador), Rodrigo Chaves (Costa Rica), Santiago Pe\u00f1a (Paraguay), Luis Abinader (Rep\u00fablica Dominicana), Jos\u00e9 Ra\u00fal Mulino (Panam\u00e1), Irfaan Ali (Guyana), Nasry Asfura (Honduras), Rodrigo Paz Pereira (Bolivia), Jos\u00e9 Antonio Kast (Chile, electo) y Kamla Persad-Bissessar (Trinidad y Tobago) \u2014todos de filiaci\u00f3n pol\u00edtica de derecha, al igual que Trump\u2014 se comprometieron con este pacto para compartir inteligencia y actuar de forma conjunta contra el \u201cmal\u201d.<\/p>\n<p>Trump dijo en su discurso:<\/p>\n<p>\u201cEn este d\u00eda hist\u00f3rico nos reunimos para anunciar una nueva coalici\u00f3n militar para erradicar los c\u00e1rteles criminales que asolan nuestra regi\u00f3n\u201d.<\/p>\n<p>Y m\u00e1s adelante a\u00f1adi\u00f3:<\/p>\n<p>\u201cEl compromiso es usar fuerza militar letal para destruir a los c\u00e1rteles\u201d.<\/p>\n<p>Bajo el argumento de combatir el terrorismo, la crema y nata de la reacci\u00f3n se muestra dispuesta a utilizar la fuerza letal para enfrentar al llamado \u201cnarcoterrorismo\u201d y reforzar el control de las fronteras con el objetivo de frenar la migraci\u00f3n irregular.<\/p>\n<p>La cumbre no fue realmente sobre el narco y la lucha contra las drogas, esto es solo la excusa, la causa real es agrupar a los pa\u00edses totalmente sometidos al imperialismo norteamericano en un bloque reaccionario que se mueva bajo las \u00f3rdenes de Trump.<\/p>\n<p>Esta pol\u00edtica ya tiene ejemplos concretos, en Ecuador el imperialismo bombarde\u00f3 un campamento de la disidencia de las FARC, llamados \u201cComandos de Frontera\u201d en la provincia de Sucumb\u00edos. En ese mismo pa\u00eds, se ha echado al personal diplom\u00e1tico de Cuba, sum\u00e1ndose a la campa\u00f1a de presi\u00f3n imperialista a la isla.<\/p>\n<p>Pa\u00edses como Jamaica, Honduras y Guatemala han roto los contratos con el gobierno cubano para contratar a los m\u00e9dicos de la isla que laboraban en los mencionados pa\u00edses. El encuentro fue para ratificar y endurecer esta l\u00ednea de acci\u00f3n subordinada al imperialismo.<\/p>\n<p>Los presidentes ah\u00ed reunidos son\u00a0 suficientemente serviles al imperialismo que no se ruborizan cuando Trump les dijo en su cara:\u00a0 \u201cNo voy a\u00a0 aprender su maldito idioma\u201d. Con una sonrisa idiota mantuvieron el decoro y siguieron la labor de vende patrias.<\/p>\n<p>Finalmente, en una declaraci\u00f3n del Departamento de Estado\u00a0 de los Estados Unidos se dice\u00a0 lo siguiente con respecto a la Cumbre, para que no quede mayores dudas sobre el fin concreto:<\/p>\n<p>\u201cEstados Unidos acoger\u00e1 con satisfacci\u00f3n a nuestros aliados m\u00e1s firmes de nuestro hemisferio para promover la libertad, la seguridad y la prosperidad en nuestra regi\u00f3n. Esta hist\u00f3rica coalici\u00f3n de naciones trabajar\u00e1n unidas para\u00a0<strong>impulsar estrategias que frenen la injerencia extranjera (China) en nuestro hemisferio, las bandas y c\u00e1rteles criminales y narcoterroristas, y la inmigraci\u00f3n ilegal y masiva<\/strong>.\u201d<\/p>\n<h1 class=\"wp-block-heading\"><span style=\"color: #800000; font-size: 14pt;\"><strong>Una declaraci\u00f3n de guerra para dos pa\u00edses no invitados<\/strong><\/span><\/h1>\n<p>En su discurso inaugural, Trump se refiri\u00f3 a dos pa\u00edses que no estuvieron representados en la reuni\u00f3n. Sus palabras constituyeron, en la pr\u00e1ctica, una amenaza directa. Refiri\u00e9ndose a Cuba, afirm\u00f3 que el pa\u00eds se encuentra al final de su camino y que est\u00e1 negociando con su gobierno:<\/p>\n<p>\u201cCuba est\u00e1 en sus \u00faltimos momentos de vida tal como es ahora\u201d.<\/p>\n<p>Esta afirmaci\u00f3n viene a reforzar lo que Trump ha venido declarando en los \u00faltimos d\u00edas. Tras endurecer el bloqueo econ\u00f3mico y petrolero contra la isla, ha llevado la situaci\u00f3n interna del archipi\u00e9lago al l\u00edmite. El mensaje que transmite es claro: despu\u00e9s de confrontar a Ir\u00e1n, buscar\u00e1 poner fin a lo que queda de la Revoluci\u00f3n cubana.<\/p>\n<p>Trump aspira a terminar con la Revoluci\u00f3n cubana porque representa un s\u00edmbolo particularmente inc\u00f3modo para el imperialismo: el hecho de que, a pocos kil\u00f3metros de la mayor potencia capitalista del mundo, un proceso revolucionario haya logrado expropiar al capitalismo, planificar la econom\u00eda y sostenerse durante m\u00e1s de seis d\u00e9cadas, a pesar del bloqueo econ\u00f3mico.<\/p>\n<p>El otro pa\u00eds al que se refiri\u00f3 Trump fue M\u00e9xico. Aunque sus declaraciones no son completamente nuevas, el tono actual sugiere una mayor disposici\u00f3n a intervenir militarmente de alguna forma bajo el pretexto de \u201ccombatir\u201d a los c\u00e1rteles.<\/p>\n<p>Trump afirm\u00f3:<\/p>\n<p>\u201cEs parte de nuestro compromiso para contrarrestar la presencia del c\u00e1rtel en nuestra regi\u00f3n. Debemos reconocer que el epicentro de la violencia de los c\u00e1rteles es M\u00e9xico. Los c\u00e1rteles mexicanos est\u00e1n alimentando y orquestando gran parte del derramamiento de sangre y el caos en este hemisferio. El gobierno de los Estados Unidos har\u00e1 lo que sea necesario para defender nuestra seguridad nacional y proteger al pueblo estadounidense\u201d.<\/p>\n<p>En otras palabras, Trump presenta a M\u00e9xico como el origen del problema de las drogas, lav\u00e1ndose las manos de la responsabilidad que tiene el propio sistema pol\u00edtico y econ\u00f3mico estadounidense en este fen\u00f3meno.<\/p>\n<p>Como ya hemos se\u00f1alado en otros art\u00edculos, el problema de las drogas no es lo que realmente preocupa a Trump. Para su gobierno, este tema funciona m\u00e1s bien como una excusa conveniente para presionar, chantajear o intervenir contra gobiernos que no se alinean plenamente con los intereses del imperialismo estadounidense.<\/p>\n<p>El mensaje que emerge de su discurso es claro: en los pr\u00f3ximos meses Cuba ser\u00e1 presionada para \u201cnegociar\u201d bajo una amenaza permanente, mientras que M\u00e9xico podr\u00eda enfrentar un aumento de las presiones pol\u00edticas, econ\u00f3micas e incluso militares.<\/p>\n<h1 class=\"wp-block-heading\"><span style=\"font-size: 14pt; color: #800000;\"><strong>El problema del narco<\/strong><\/span><\/h1>\n<p>Una pol\u00edtica realmente efectiva contra las organizaciones criminales tendr\u00eda que comenzar por limitar seriamente su acceso a armamento. Sin embargo, el imperialismo estadounidense no parece interesado en avanzar en ese sentido. Por el contrario, la industria armamentista obtiene enormes beneficios de este mercado.<\/p>\n<p>Se calcula que entre 200,000 y 500,000 armas entran ilegalmente a M\u00e9xico cada a\u00f1o, y alrededor del 70% provienen de Estados Unidos, seg\u00fan datos reconocidos por el propio gobierno estadounidense. Algunas estimaciones del gobierno mexicano elevan esta cifra hasta el 78%.<\/p>\n<p>En t\u00e9rminos econ\u00f3micos, se estima que el valor de estas armas oscila entre 200 y 400 millones de d\u00f3lares anuales.<\/p>\n<p>El segundo aspecto fundamental ser\u00eda atacar el coraz\u00f3n financiero de los c\u00e1rteles. Sin embargo, esto tampoco ocurre de forma significativa. En el mejor de los casos se realizan algunas incautaciones que reciben gran cobertura medi\u00e1tica, mientras que el flujo de dinero contin\u00faa circulando dentro del sistema financiero internacional.<\/p>\n<p>Diversos estudios estiman que m\u00e1s de 100,000 millones de d\u00f3lares al a\u00f1o provenientes del narcotr\u00e1fico circulan en el sistema financiero estadounidense, vinculados principalmente al mercado de drogas dentro de ese pa\u00eds.<\/p>\n<p>En M\u00e9xico tambi\u00e9n se lava una cantidad enorme de dinero procedente del narcotr\u00e1fico. Seg\u00fan diferentes estimaciones, el monto podr\u00eda representar entre el 1.5% y el 5% del Producto Interno Bruto, lo que equivaldr\u00eda aproximadamente a entre 25,000 y 85,000 millones de d\u00f3lares anuales.<\/p>\n<p>Para decirlo con claridad: los grandes capos del narcotr\u00e1fico operan dentro de los mismos circuitos financieros que la burgues\u00eda internacional. No se trata de un fen\u00f3meno completamente externo al sistema, sino de una actividad que se entrelaza con \u00e9l. Los grandes capos de la mafia son burgueses y est\u00e1n sentados en la mesa del capitalismo financiero internacional.<\/p>\n<p>Desde una perspectiva marxista, esto no resulta sorprendente. El Estado no es una instituci\u00f3n neutral, sino una herramienta de dominaci\u00f3n de clase. Por ello, la pol\u00edtica del gobierno estadounidense no busca eliminar completamente estos circuitos econ\u00f3micos, sino utilizarlos como pretexto para justificar intervenciones y presiones en la regi\u00f3n.<\/p>\n<h1 class=\"wp-block-heading\"><span style=\"font-size: 14pt; color: #800000;\"><strong>Una continuaci\u00f3n de la Doctrina Donroe<\/strong><\/span><\/h1>\n<p>La reuni\u00f3n del 7 de marzo confirma y materializa una orientaci\u00f3n pol\u00edtica que ya se ven\u00eda anunciando en el llamado \u201cCorolario Trump\u201d dentro de su estrategia de seguridad nacional.<\/p>\n<p>Por un lado, Washington busca consolidar un bloque de gobiernos aliados que respalden sus objetivos pol\u00edticos, econ\u00f3micos y militares en la regi\u00f3n. Esto se refleja, por ejemplo, en las presiones ejercidas sobre distintos gobiernos latinoamericanos para que rompan acuerdos con Cuba o limiten sus v\u00ednculos econ\u00f3micos con China.<\/p>\n<p>Sin embargo, esta estrategia enfrenta dificultades. En pa\u00edses como Argentina o Chile, China se ha convertido en uno de los principales socios comerciales. El imperialismo americano busca controlar los minerales cr\u00edticos e infraestructura estrat\u00e9gica. Esta disputa de dos potencias extranjeras en pa\u00edses latinoamericanos traer\u00e1 desestabilizaci\u00f3n y fuertes presiones de todo tipo.<\/p>\n<p>Al mismo tiempo, el gobierno estadounidense exige que sectores estrat\u00e9gicos de la econom\u00eda latinoamericana se abran cada vez m\u00e1s a la inversi\u00f3n y el control de empresas norteamericanas, esto lo justifica diciendo que es parte de su \u201cseguridad nacional\u201d.<\/p>\n<p>El objetivo general es claro: reforzar el control pol\u00edtico, econ\u00f3mico y militar de Estados Unidos sobre Am\u00e9rica Latina.<\/p>\n<h1 class=\"wp-block-heading\"><span style=\"color: #800000; font-size: 14pt;\"><strong>La alternativa es luchar, no ceder<\/strong><\/span><\/h1>\n<p>Hasta ahora, la respuesta del gobierno mexicano ha sido la de \u201cmantener la cabeza fr\u00eda\u201d. No est\u00e1 del todo claro qu\u00e9 significa exactamente esta postura, pero en la pr\u00e1ctica lo que se ha visto es una serie de concesiones en distintos terrenos: migraci\u00f3n, seguridad y pol\u00edtica econ\u00f3mica.<\/p>\n<p>A pesar de los discursos sobre soberan\u00eda nacional, el gobierno parece cada vez m\u00e1s limitado frente a las presiones del imperialismo. En vez de enfrentarse seriamente contra este poder, se ha cedido de forma reiterada. Esto se repite con todos los gobiernos que defienden una pol\u00edtica\u00a0 burguesa y peque\u00f1oburguesa.<\/p>\n<p>Esta l\u00f3gica es caracter\u00edstica de las pol\u00edticas nacionalistas: aceptar los l\u00edmites impuestos por el sistema y tratar de negociar dentro de ellos, incluso cuando esas negociaciones terminan en concesiones cada vez mayores al imperialismo.<\/p>\n<p>El nacionalismo burgu\u00e9s se rinde ante los hechos consumados. Como el imperialismo impone las leyes por medio de la amenaza y la fuerza, no las pueden desafiar, lo que hacen es acomodarse a la nueva realidad y hacen malabares para mantener un discurso progre.<\/p>\n<p>Frente a esta situaci\u00f3n, la alternativa no puede ser la sumisi\u00f3n. La lucha en las calles y la organizaci\u00f3n de la clase trabajadora son los \u00fanicos caminos capaces de enfrentar de manera efectiva las presiones del imperialismo.<\/p>\n<p>Incluso cuando las luchas no obtienen victorias inmediatas, contribuyen a clarificar la conciencia pol\u00edtica de amplios sectores de la sociedad. Levantar la necesidad de la lucha de clases frente a la presi\u00f3n imperialista y el internacionalismos con la clase obrera de los pa\u00edses imperialistas, es fundamental.<\/p>\n<p>Parafraseando a Marx, una derrota despu\u00e9s de una lucha abierta puede resultar m\u00e1s fruct\u00edfera para la clase obrera que una derrota sin combatir, ya que esta \u00faltima s\u00f3lo conduce a la desmoralizaci\u00f3n y la pasividad.<\/p>\n<p>Contra el imperialismo, la lucha comunista.<\/p>\n","protected":false},"excerpt":{"rendered":"<p>Por: Ubaldo Oropeza El s\u00e1bado 7 de marzo se reunieron en Florida doce presidentes de distintos pa\u00edses de Am\u00e9rica Latina con Donald Trump. La intenci\u00f3n formal del encuentro fue firmar la llamada Carta de Doral, que formaliza una coalici\u00f3n regional de seguridad para combatir a los c\u00e1rteles de la droga y frenar la migraci\u00f3n. El&#8230;<\/p>\n","protected":false},"author":167,"featured_media":15427,"comment_status":"open","ping_status":"open","sticky":false,"template":"","format":"standard","meta":{"_monsterinsights_skip_tracking":false,"_monsterinsights_sitenote_active":false,"_monsterinsights_sitenote_note":"","_monsterinsights_sitenote_category":0,"_uf_show_specific_survey":0,"_uf_disable_surveys":false,"_jetpack_memberships_contains_paid_content":false,"footnotes":""},"categories":[2342,30,13],"tags":[2365,168,123],"class_list":["post-15426","post","type-post","status-publish","format-standard","has-post-thumbnail","hentry","category-crisis-imperialista","category-estados-unidos","category-internacional","tag-america","tag-estados-unidos","tag-imperialismo"],"aioseo_notices":[],"yoast_head":"<!-- This site is optimized with the Yoast SEO plugin v25.6 - https:\/\/yoast.com\/wordpress\/plugins\/seo\/ -->\n<title>Escudo de las Am\u00e9ricas: nueva iniciativa para fortalecer el control imperialista en Am\u00e9rica Latina<\/title>\n<meta name=\"robots\" content=\"index, follow, max-snippet:-1, max-image-preview:large, max-video-preview:-1\" \/>\n<link rel=\"canonical\" href=\"https:\/\/elcomunista.org\/?p=15426\" \/>\n<meta property=\"og:locale\" content=\"es_ES\" \/>\n<meta property=\"og:type\" content=\"article\" \/>\n<meta property=\"og:title\" content=\"Escudo de las Am\u00e9ricas: nueva iniciativa para fortalecer el control imperialista en Am\u00e9rica Latina\" \/>\n<meta property=\"og:description\" content=\"Por: Ubaldo Oropeza El s\u00e1bado 7 de marzo se reunieron en Florida doce presidentes de distintos pa\u00edses de Am\u00e9rica Latina con Donald Trump. La intenci\u00f3n formal del encuentro fue firmar la llamada Carta de Doral, que formaliza una coalici\u00f3n regional de seguridad para combatir a los c\u00e1rteles de la droga y frenar la migraci\u00f3n. El...\" \/>\n<meta property=\"og:url\" content=\"https:\/\/elcomunista.org\/?p=15426\" \/>\n<meta property=\"og:site_name\" content=\"Revoluci\u00f3n Comunista\" \/>\n<meta property=\"article:publisher\" content=\"https:\/\/www.facebook.com\/Bloquepopularjuvenil\" \/>\n<meta property=\"article:published_time\" content=\"2026-03-09T22:13:00+00:00\" \/>\n<meta property=\"article:modified_time\" content=\"2026-03-09T22:22:59+00:00\" \/>\n<meta property=\"og:image\" content=\"https:\/\/elcomunista.org\/wp-content\/uploads\/2026\/03\/reunion-bautizada-escudo-americas-celebra.jpg\" \/>\n\t<meta property=\"og:image:width\" content=\"942\" \/>\n\t<meta property=\"og:image:height\" content=\"532\" \/>\n\t<meta property=\"og:image:type\" content=\"image\/jpeg\" \/>\n<meta name=\"author\" content=\"El Comunista\" \/>\n<meta name=\"twitter:card\" content=\"summary_large_image\" \/>\n<meta name=\"twitter:creator\" content=\"@ElBPJ\" \/>\n<meta name=\"twitter:site\" content=\"@ElBPJ\" \/>\n<meta name=\"twitter:label1\" content=\"Escrito por\" \/>\n\t<meta name=\"twitter:data1\" content=\"El Comunista\" \/>\n\t<meta name=\"twitter:label2\" content=\"Tiempo de lectura\" \/>\n\t<meta name=\"twitter:data2\" content=\"9 minutos\" \/>\n<script type=\"application\/ld+json\" class=\"yoast-schema-graph\">{\"@context\":\"https:\/\/schema.org\",\"@graph\":[{\"@type\":\"Article\",\"@id\":\"https:\/\/elcomunista.org\/?p=15426#article\",\"isPartOf\":{\"@id\":\"https:\/\/elcomunista.org\/?p=15426\"},\"author\":{\"name\":\"El Comunista\",\"@id\":\"https:\/\/elcomunista.org\/#\/schema\/person\/fdbbd0dd2191bd68bfe086a9e21a2b82\"},\"headline\":\"Escudo de las Am\u00e9ricas: nueva iniciativa para fortalecer el control imperialista en Am\u00e9rica Latina\",\"datePublished\":\"2026-03-09T22:13:00+00:00\",\"dateModified\":\"2026-03-09T22:22:59+00:00\",\"mainEntityOfPage\":{\"@id\":\"https:\/\/elcomunista.org\/?p=15426\"},\"wordCount\":1903,\"commentCount\":0,\"publisher\":{\"@id\":\"https:\/\/elcomunista.org\/#organization\"},\"image\":{\"@id\":\"https:\/\/elcomunista.org\/?p=15426#primaryimage\"},\"thumbnailUrl\":\"https:\/\/elcomunista.org\/wp-content\/uploads\/2026\/03\/reunion-bautizada-escudo-americas-celebra.jpg\",\"keywords\":[\"Am\u00e9rica\",\"Estados Unidos\",\"Imperialismo\"],\"articleSection\":[\"Crisis imperialista\",\"Estados Unidos\",\"Internacional\"],\"inLanguage\":\"es\",\"potentialAction\":[{\"@type\":\"CommentAction\",\"name\":\"Comment\",\"target\":[\"https:\/\/elcomunista.org\/?p=15426#respond\"]}]},{\"@type\":\"WebPage\",\"@id\":\"https:\/\/elcomunista.org\/?p=15426\",\"url\":\"https:\/\/elcomunista.org\/?p=15426\",\"name\":\"Escudo de las Am\u00e9ricas: nueva iniciativa para fortalecer el control imperialista en Am\u00e9rica Latina\",\"isPartOf\":{\"@id\":\"https:\/\/elcomunista.org\/#website\"},\"primaryImageOfPage\":{\"@id\":\"https:\/\/elcomunista.org\/?p=15426#primaryimage\"},\"image\":{\"@id\":\"https:\/\/elcomunista.org\/?p=15426#primaryimage\"},\"thumbnailUrl\":\"https:\/\/elcomunista.org\/wp-content\/uploads\/2026\/03\/reunion-bautizada-escudo-americas-celebra.jpg\",\"datePublished\":\"2026-03-09T22:13:00+00:00\",\"dateModified\":\"2026-03-09T22:22:59+00:00\",\"breadcrumb\":{\"@id\":\"https:\/\/elcomunista.org\/?p=15426#breadcrumb\"},\"inLanguage\":\"es\",\"potentialAction\":[{\"@type\":\"ReadAction\",\"target\":[\"https:\/\/elcomunista.org\/?p=15426\"]}]},{\"@type\":\"ImageObject\",\"inLanguage\":\"es\",\"@id\":\"https:\/\/elcomunista.org\/?p=15426#primaryimage\",\"url\":\"https:\/\/elcomunista.org\/wp-content\/uploads\/2026\/03\/reunion-bautizada-escudo-americas-celebra.jpg\",\"contentUrl\":\"https:\/\/elcomunista.org\/wp-content\/uploads\/2026\/03\/reunion-bautizada-escudo-americas-celebra.jpg\",\"width\":942,\"height\":532},{\"@type\":\"BreadcrumbList\",\"@id\":\"https:\/\/elcomunista.org\/?p=15426#breadcrumb\",\"itemListElement\":[{\"@type\":\"ListItem\",\"position\":1,\"name\":\"Portada\",\"item\":\"https:\/\/elcomunista.org\/\"},{\"@type\":\"ListItem\",\"position\":2,\"name\":\"Escudo de las Am\u00e9ricas: nueva iniciativa para fortalecer el control imperialista en Am\u00e9rica Latina\"}]},{\"@type\":\"WebSite\",\"@id\":\"https:\/\/elcomunista.org\/#website\",\"url\":\"https:\/\/elcomunista.org\/\",\"name\":\"Revoluci\u00f3n Comunista\",\"description\":\"Internacional Comunista Revolucionaria\",\"publisher\":{\"@id\":\"https:\/\/elcomunista.org\/#organization\"},\"potentialAction\":[{\"@type\":\"SearchAction\",\"target\":{\"@type\":\"EntryPoint\",\"urlTemplate\":\"https:\/\/elcomunista.org\/?s={search_term_string}\"},\"query-input\":{\"@type\":\"PropertyValueSpecification\",\"valueRequired\":true,\"valueName\":\"search_term_string\"}}],\"inLanguage\":\"es\"},{\"@type\":\"Organization\",\"@id\":\"https:\/\/elcomunista.org\/#organization\",\"name\":\"Bloque Popular Juvenil\",\"url\":\"https:\/\/elcomunista.org\/\",\"logo\":{\"@type\":\"ImageObject\",\"inLanguage\":\"es\",\"@id\":\"https:\/\/elcomunista.org\/#\/schema\/logo\/image\/\",\"url\":\"https:\/\/bloquepopularjuvenil.org\/wp-content\/uploads\/2018\/11\/bpj-militante.jpg\",\"contentUrl\":\"https:\/\/bloquepopularjuvenil.org\/wp-content\/uploads\/2018\/11\/bpj-militante.jpg\",\"width\":4000,\"height\":1390,\"caption\":\"Bloque Popular Juvenil\"},\"image\":{\"@id\":\"https:\/\/elcomunista.org\/#\/schema\/logo\/image\/\"},\"sameAs\":[\"https:\/\/www.facebook.com\/Bloquepopularjuvenil\",\"https:\/\/x.com\/ElBPJ\",\"https:\/\/www.instagram.com\/elbloque_bpj\/?hl=es-la\"]},{\"@type\":\"Person\",\"@id\":\"https:\/\/elcomunista.org\/#\/schema\/person\/fdbbd0dd2191bd68bfe086a9e21a2b82\",\"name\":\"El Comunista\",\"image\":{\"@type\":\"ImageObject\",\"inLanguage\":\"es\",\"@id\":\"https:\/\/elcomunista.org\/#\/schema\/person\/image\/\",\"url\":\"https:\/\/secure.gravatar.com\/avatar\/6a49d03346eeacf32fb184109abe5fbe?s=96&d=mm&r=g\",\"contentUrl\":\"https:\/\/secure.gravatar.com\/avatar\/6a49d03346eeacf32fb184109abe5fbe?s=96&d=mm&r=g\",\"caption\":\"El Comunista\"},\"url\":\"https:\/\/elcomunista.org\/?author=167\"}]}<\/script>\n<!-- \/ Yoast SEO plugin. -->","yoast_head_json":{"title":"Escudo de las Am\u00e9ricas: nueva iniciativa para fortalecer el control imperialista en Am\u00e9rica Latina","robots":{"index":"index","follow":"follow","max-snippet":"max-snippet:-1","max-image-preview":"max-image-preview:large","max-video-preview":"max-video-preview:-1"},"canonical":"https:\/\/elcomunista.org\/?p=15426","og_locale":"es_ES","og_type":"article","og_title":"Escudo de las Am\u00e9ricas: nueva iniciativa para fortalecer el control imperialista en Am\u00e9rica Latina","og_description":"Por: Ubaldo Oropeza El s\u00e1bado 7 de marzo se reunieron en Florida doce presidentes de distintos pa\u00edses de Am\u00e9rica Latina con Donald Trump. La intenci\u00f3n formal del encuentro fue firmar la llamada Carta de Doral, que formaliza una coalici\u00f3n regional de seguridad para combatir a los c\u00e1rteles de la droga y frenar la migraci\u00f3n. El...","og_url":"https:\/\/elcomunista.org\/?p=15426","og_site_name":"Revoluci\u00f3n Comunista","article_publisher":"https:\/\/www.facebook.com\/Bloquepopularjuvenil","article_published_time":"2026-03-09T22:13:00+00:00","article_modified_time":"2026-03-09T22:22:59+00:00","og_image":[{"width":942,"height":532,"url":"https:\/\/elcomunista.org\/wp-content\/uploads\/2026\/03\/reunion-bautizada-escudo-americas-celebra.jpg","type":"image\/jpeg"}],"author":"El Comunista","twitter_card":"summary_large_image","twitter_creator":"@ElBPJ","twitter_site":"@ElBPJ","twitter_misc":{"Escrito por":"El Comunista","Tiempo de lectura":"9 minutos"},"schema":{"@context":"https:\/\/schema.org","@graph":[{"@type":"Article","@id":"https:\/\/elcomunista.org\/?p=15426#article","isPartOf":{"@id":"https:\/\/elcomunista.org\/?p=15426"},"author":{"name":"El Comunista","@id":"https:\/\/elcomunista.org\/#\/schema\/person\/fdbbd0dd2191bd68bfe086a9e21a2b82"},"headline":"Escudo de las Am\u00e9ricas: nueva iniciativa para fortalecer el control imperialista en Am\u00e9rica Latina","datePublished":"2026-03-09T22:13:00+00:00","dateModified":"2026-03-09T22:22:59+00:00","mainEntityOfPage":{"@id":"https:\/\/elcomunista.org\/?p=15426"},"wordCount":1903,"commentCount":0,"publisher":{"@id":"https:\/\/elcomunista.org\/#organization"},"image":{"@id":"https:\/\/elcomunista.org\/?p=15426#primaryimage"},"thumbnailUrl":"https:\/\/elcomunista.org\/wp-content\/uploads\/2026\/03\/reunion-bautizada-escudo-americas-celebra.jpg","keywords":["Am\u00e9rica","Estados Unidos","Imperialismo"],"articleSection":["Crisis imperialista","Estados Unidos","Internacional"],"inLanguage":"es","potentialAction":[{"@type":"CommentAction","name":"Comment","target":["https:\/\/elcomunista.org\/?p=15426#respond"]}]},{"@type":"WebPage","@id":"https:\/\/elcomunista.org\/?p=15426","url":"https:\/\/elcomunista.org\/?p=15426","name":"Escudo de las Am\u00e9ricas: nueva iniciativa para fortalecer el control imperialista en Am\u00e9rica Latina","isPartOf":{"@id":"https:\/\/elcomunista.org\/#website"},"primaryImageOfPage":{"@id":"https:\/\/elcomunista.org\/?p=15426#primaryimage"},"image":{"@id":"https:\/\/elcomunista.org\/?p=15426#primaryimage"},"thumbnailUrl":"https:\/\/elcomunista.org\/wp-content\/uploads\/2026\/03\/reunion-bautizada-escudo-americas-celebra.jpg","datePublished":"2026-03-09T22:13:00+00:00","dateModified":"2026-03-09T22:22:59+00:00","breadcrumb":{"@id":"https:\/\/elcomunista.org\/?p=15426#breadcrumb"},"inLanguage":"es","potentialAction":[{"@type":"ReadAction","target":["https:\/\/elcomunista.org\/?p=15426"]}]},{"@type":"ImageObject","inLanguage":"es","@id":"https:\/\/elcomunista.org\/?p=15426#primaryimage","url":"https:\/\/elcomunista.org\/wp-content\/uploads\/2026\/03\/reunion-bautizada-escudo-americas-celebra.jpg","contentUrl":"https:\/\/elcomunista.org\/wp-content\/uploads\/2026\/03\/reunion-bautizada-escudo-americas-celebra.jpg","width":942,"height":532},{"@type":"BreadcrumbList","@id":"https:\/\/elcomunista.org\/?p=15426#breadcrumb","itemListElement":[{"@type":"ListItem","position":1,"name":"Portada","item":"https:\/\/elcomunista.org\/"},{"@type":"ListItem","position":2,"name":"Escudo de las Am\u00e9ricas: nueva iniciativa para fortalecer el control imperialista en Am\u00e9rica Latina"}]},{"@type":"WebSite","@id":"https:\/\/elcomunista.org\/#website","url":"https:\/\/elcomunista.org\/","name":"Revoluci\u00f3n Comunista","description":"Internacional Comunista Revolucionaria","publisher":{"@id":"https:\/\/elcomunista.org\/#organization"},"potentialAction":[{"@type":"SearchAction","target":{"@type":"EntryPoint","urlTemplate":"https:\/\/elcomunista.org\/?s={search_term_string}"},"query-input":{"@type":"PropertyValueSpecification","valueRequired":true,"valueName":"search_term_string"}}],"inLanguage":"es"},{"@type":"Organization","@id":"https:\/\/elcomunista.org\/#organization","name":"Bloque Popular Juvenil","url":"https:\/\/elcomunista.org\/","logo":{"@type":"ImageObject","inLanguage":"es","@id":"https:\/\/elcomunista.org\/#\/schema\/logo\/image\/","url":"https:\/\/bloquepopularjuvenil.org\/wp-content\/uploads\/2018\/11\/bpj-militante.jpg","contentUrl":"https:\/\/bloquepopularjuvenil.org\/wp-content\/uploads\/2018\/11\/bpj-militante.jpg","width":4000,"height":1390,"caption":"Bloque Popular Juvenil"},"image":{"@id":"https:\/\/elcomunista.org\/#\/schema\/logo\/image\/"},"sameAs":["https:\/\/www.facebook.com\/Bloquepopularjuvenil","https:\/\/x.com\/ElBPJ","https:\/\/www.instagram.com\/elbloque_bpj\/?hl=es-la"]},{"@type":"Person","@id":"https:\/\/elcomunista.org\/#\/schema\/person\/fdbbd0dd2191bd68bfe086a9e21a2b82","name":"El Comunista","image":{"@type":"ImageObject","inLanguage":"es","@id":"https:\/\/elcomunista.org\/#\/schema\/person\/image\/","url":"https:\/\/secure.gravatar.com\/avatar\/6a49d03346eeacf32fb184109abe5fbe?s=96&d=mm&r=g","contentUrl":"https:\/\/secure.gravatar.com\/avatar\/6a49d03346eeacf32fb184109abe5fbe?s=96&d=mm&r=g","caption":"El Comunista"},"url":"https:\/\/elcomunista.org\/?author=167"}]}},"jetpack_featured_media_url":"https:\/\/elcomunista.org\/wp-content\/uploads\/2026\/03\/reunion-bautizada-escudo-americas-celebra.jpg","jetpack_likes_enabled":true,"jetpack_sharing_enabled":true,"_links":{"self":[{"href":"https:\/\/elcomunista.org\/index.php?rest_route=\/wp\/v2\/posts\/15426"}],"collection":[{"href":"https:\/\/elcomunista.org\/index.php?rest_route=\/wp\/v2\/posts"}],"about":[{"href":"https:\/\/elcomunista.org\/index.php?rest_route=\/wp\/v2\/types\/post"}],"author":[{"embeddable":true,"href":"https:\/\/elcomunista.org\/index.php?rest_route=\/wp\/v2\/users\/167"}],"replies":[{"embeddable":true,"href":"https:\/\/elcomunista.org\/index.php?rest_route=%2Fwp%2Fv2%2Fcomments&post=15426"}],"version-history":[{"count":1,"href":"https:\/\/elcomunista.org\/index.php?rest_route=\/wp\/v2\/posts\/15426\/revisions"}],"predecessor-version":[{"id":15428,"href":"https:\/\/elcomunista.org\/index.php?rest_route=\/wp\/v2\/posts\/15426\/revisions\/15428"}],"wp:featuredmedia":[{"embeddable":true,"href":"https:\/\/elcomunista.org\/index.php?rest_route=\/wp\/v2\/media\/15427"}],"wp:attachment":[{"href":"https:\/\/elcomunista.org\/index.php?rest_route=%2Fwp%2Fv2%2Fmedia&parent=15426"}],"wp:term":[{"taxonomy":"category","embeddable":true,"href":"https:\/\/elcomunista.org\/index.php?rest_route=%2Fwp%2Fv2%2Fcategories&post=15426"},{"taxonomy":"post_tag","embeddable":true,"href":"https:\/\/elcomunista.org\/index.php?rest_route=%2Fwp%2Fv2%2Ftags&post=15426"}],"curies":[{"name":"wp","href":"https:\/\/api.w.org\/{rel}","templated":true}]}}