{"id":2066,"date":"2017-03-08T12:43:17","date_gmt":"2017-03-08T12:43:17","guid":{"rendered":"http:\/\/bloquepopularjuvenil.org\/bpjwordpress\/?p=2066"},"modified":"2019-03-06T10:45:44","modified_gmt":"2019-03-06T16:45:44","slug":"8-de-marzo-dia-internacional-de-la-mujer-trabajadora-avancemos-hacia-el-socialismo-para-la-liberacion-real-de-las-mujeres","status":"publish","type":"post","link":"https:\/\/elcomunista.org\/?p=2066","title":{"rendered":"8 de Marzo: D\u00eda Internacional de la Mujer Trabajadora \u00a1Avancemos hacia el socialismo para la liberaci\u00f3n real de las mujeres!"},"content":{"rendered":"<p class=\"MsoNormal\" style=\"text-align: justify; line-height: 115%;\"><!-- [if gte mso 9]><xml>\n<w:LatentStyles DefLockedState=\"false\" LatentStyleCount=\"156\">\n<\/w:LatentStyles>\n<\/xml><![endif]--><!-- [if gte mso 10]>\n\n\n\n<style>\n\/* Style Definitions *\/<br \/>table.MsoNormalTable<br \/>{mso-style-name:\"Tabla normal\";<br \/>mso-tstyle-rowband-size:0;<br \/>mso-tstyle-colband-size:0;<br \/>mso-style-noshow:yes;<br \/>mso-style-parent:\"\";<br \/>mso-padding-alt:0cm 5.4pt 0cm 5.4pt;<br \/>mso-para-margin:0cm;<br \/>mso-para-margin-bottom:.0001pt;<br \/>mso-pagination:widow-orphan;<br \/>font-size:10.0pt;<br \/>font-family:\"Times New Roman\";<br \/>mso-ansi-language:#0400;<br \/>mso-fareast-language:#0400;<br \/>mso-bidi-language:#0400;}<br \/><\/style>\n\n<![endif]--><!-- [if gte mso 9]><xml>\n<w:WordDocument>\n<w:View>Normal<\/w:View>\n<w:Zoom>0<\/w:Zoom>\n<w:HyphenationZone>21<\/w:HyphenationZone>\n<w:PunctuationKerning \/>\n<w:ValidateAgainstSchemas \/>\n<w:SaveIfXMLInvalid>false<\/w:SaveIfXMLInvalid>\n<w:IgnoreMixedContent>false<\/w:IgnoreMixedContent>\n<w:AlwaysShowPlaceholderText>false<\/w:AlwaysShowPlaceholderText>\n<w:Compatibility>\n<w:BreakWrappedTables \/>\n<w:SnapToGridInCell \/>\n<w:WrapTextWithPunct \/>\n<w:UseAsianBreakRules \/>\n<w:DontGrowAutofit \/>\n<\/w:Compatibility>\n<w:BrowserLevel>MicrosoftInternetExplorer4<\/w:BrowserLevel>\n<\/w:WordDocument>\n<\/xml><![endif]--><\/p>\n<p class=\"MsoNormal\" style=\"text-align: justify; line-height: 115%;\"><!-- [if gte mso 9]><xml>\n<w:LatentStyles DefLockedState=\"false\" LatentStyleCount=\"156\">\n<\/w:LatentStyles>\n<\/xml><![endif]--><!-- [if !mso]><objectclassid=\"clsid:38481807-CA0E-42D2-BF39-B33AF135CC4D\" id=ieooui><\/object>\n\n\n\n<style>\nst1\\:*{behavior:url(#ieooui) }<br \/><\/style>\n\n<![endif]--><!-- [if gte mso 10]>\n\n\n\n<style>\n\/* Style Definitions *\/<br \/>table.MsoNormalTable<br \/>{mso-style-name:\"Tabla normal\";<br \/>mso-tstyle-rowband-size:0;<br \/>mso-tstyle-colband-size:0;<br \/>mso-style-noshow:yes;<br \/>mso-style-parent:\"\";<br \/>mso-padding-alt:0cm 5.4pt 0cm 5.4pt;<br \/>mso-para-margin:0cm;<br \/>mso-para-margin-bottom:.0001pt;<br \/>mso-pagination:widow-orphan;<br \/>font-size:10.0pt;<br \/>font-family:\"Times New Roman\";<br \/>mso-ansi-language:#0400;<br \/>mso-fareast-language:#0400;<br \/>mso-bidi-language:#0400;}<br \/><\/style>\n\n<![endif]--><!-- [if gte mso 9]><xml>\n<w:WordDocument>\n<w:View>Normal<\/w:View>\n<w:Zoom>0<\/w:Zoom>\n<w:HyphenationZone>21<\/w:HyphenationZone>\n<w:PunctuationKerning \/>\n<w:ValidateAgainstSchemas \/>\n<w:SaveIfXMLInvalid>false<\/w:SaveIfXMLInvalid>\n<w:IgnoreMixedContent>false<\/w:IgnoreMixedContent>\n<w:AlwaysShowPlaceholderText>false<\/w:AlwaysShowPlaceholderText>\n<w:Compatibility>\n<w:BreakWrappedTables \/>\n<w:SnapToGridInCell \/>\n<w:WrapTextWithPunct \/>\n<w:UseAsianBreakRules \/>\n<w:DontGrowAutofit \/>\n<\/w:Compatibility>\n<w:BrowserLevel>MicrosoftInternetExplorer4<\/w:BrowserLevel>\n<\/w:WordDocument>\n<\/xml><![endif]--><\/p>\n<p class=\"MsoNormal\" style=\"text-align: justify; line-height: 115%;\"><!-- [if gte mso 9]><xml>\n<w:LatentStyles DefLockedState=\"false\" LatentStyleCount=\"156\">\n<\/w:LatentStyles>\n<\/xml><![endif]--><!-- [if !mso]><objectclassid=\"clsid:38481807-CA0E-42D2-BF39-B33AF135CC4D\" id=ieooui><\/object>\n\n\n\n<style>\nst1\\:*{behavior:url(#ieooui) }<br \/><\/style>\n\n<![endif]--><!-- [if gte mso 10]>\n\n\n\n<style>\n\/* Style Definitions *\/<br \/>table.MsoNormalTable<br \/>{mso-style-name:\"Tabla normal\";<br \/>mso-tstyle-rowband-size:0;<br \/>mso-tstyle-colband-size:0;<br \/>mso-style-noshow:yes;<br \/>mso-style-parent:\"\";<br \/>mso-padding-alt:0cm 5.4pt 0cm 5.4pt;<br \/>mso-para-margin:0cm;<br \/>mso-para-margin-bottom:.0001pt;<br \/>mso-pagination:widow-orphan;<br \/>font-size:10.0pt;<br \/>font-family:\"Times New Roman\";<br \/>mso-ansi-language:#0400;<br \/>mso-fareast-language:#0400;<br \/>mso-bidi-language:#0400;}<br \/><\/style>\n\n<![endif]--><!-- [if gte mso 9]><xml>\n<w:WordDocument>\n<w:View>Normal<\/w:View>\n<w:Zoom>0<\/w:Zoom>\n<w:HyphenationZone>21<\/w:HyphenationZone>\n<w:PunctuationKerning \/>\n<w:ValidateAgainstSchemas \/>\n<w:SaveIfXMLInvalid>false<\/w:SaveIfXMLInvalid>\n<w:IgnoreMixedContent>false<\/w:IgnoreMixedContent>\n<w:AlwaysShowPlaceholderText>false<\/w:AlwaysShowPlaceholderText>\n<w:Compatibility>\n<w:BreakWrappedTables \/>\n<w:SnapToGridInCell \/>\n<w:WrapTextWithPunct \/>\n<w:UseAsianBreakRules \/>\n<w:DontGrowAutofit \/>\n<\/w:Compatibility>\n<w:BrowserLevel>MicrosoftInternetExplorer4<\/w:BrowserLevel>\n<\/w:WordDocument>\n<\/xml><![endif]--><\/p>\n<p class=\"MsoNormal\" style=\"text-align: justify; line-height: 115%;\"><!-- [if gte mso 9]><xml>\n<w:LatentStyles DefLockedState=\"false\" LatentStyleCount=\"156\">\n<\/w:LatentStyles>\n<\/xml><![endif]--><!-- [if !mso]><objectclassid=\"clsid:38481807-CA0E-42D2-BF39-B33AF135CC4D\" id=ieooui><\/object>\n\n\n\n<style>\nst1\\:*{behavior:url(#ieooui) }<br \/><\/style>\n\n<![endif]--><!-- [if gte mso 10]>\n\n\n\n<style>\n\/* Style Definitions *\/<br \/>table.MsoNormalTable<br \/>{mso-style-name:\"Tabla normal\";<br \/>mso-tstyle-rowband-size:0;<br \/>mso-tstyle-colband-size:0;<br \/>mso-style-noshow:yes;<br \/>mso-style-parent:\"\";<br \/>mso-padding-alt:0cm 5.4pt 0cm 5.4pt;<br \/>mso-para-margin:0cm;<br \/>mso-para-margin-bottom:.0001pt;<br \/>mso-pagination:widow-orphan;<br \/>font-size:10.0pt;<br \/>font-family:\"Times New Roman\";<br \/>mso-ansi-language:#0400;<br \/>mso-fareast-language:#0400;<br \/>mso-bidi-language:#0400;}<br \/><\/style>\n\n<![endif]--><\/p>\n<p class=\"MsoNormal\" style=\"text-align: justify; line-height: 115%;\"><!-- [if gte mso 9]><xml>\n<w:LatentStyles DefLockedState=\"false\" LatentStyleCount=\"156\">\n<\/w:LatentStyles>\n<\/xml><![endif]--><!-- [if gte mso 10]>\n\n\n\n<style>\n\/* Style Definitions *\/<br \/>table.MsoNormalTable<br \/>{mso-style-name:\"Tabla normal\";<br \/>mso-tstyle-rowband-size:0;<br \/>mso-tstyle-colband-size:0;<br \/>mso-style-noshow:yes;<br \/>mso-style-parent:\"\";<br \/>mso-padding-alt:0cm 5.4pt 0cm 5.4pt;<br \/>mso-para-margin:0cm;<br \/>mso-para-margin-bottom:.0001pt;<br \/>mso-pagination:widow-orphan;<br \/>font-size:10.0pt;<br \/>font-family:\"Times New Roman\";<br \/>mso-ansi-language:#0400;<br \/>mso-fareast-language:#0400;<br \/>mso-bidi-language:#0400;}<br \/><\/style>\n\n<![endif]--><!-- [if gte mso 9]><xml>\n<w:WordDocument>\n<w:View>Normal<\/w:View>\n<w:Zoom>0<\/w:Zoom>\n<w:HyphenationZone>21<\/w:HyphenationZone>\n<w:PunctuationKerning \/>\n<w:ValidateAgainstSchemas \/>\n<w:SaveIfXMLInvalid>false<\/w:SaveIfXMLInvalid>\n<w:IgnoreMixedContent>false<\/w:IgnoreMixedContent>\n<w:AlwaysShowPlaceholderText>false<\/w:AlwaysShowPlaceholderText>\n<w:Compatibility>\n<w:BreakWrappedTables \/>\n<w:SnapToGridInCell \/>\n<w:WrapTextWithPunct \/>\n<w:UseAsianBreakRules \/>\n<w:DontGrowAutofit \/>\n<\/w:Compatibility>\n<w:BrowserLevel>MicrosoftInternetExplorer4<\/w:BrowserLevel>\n<\/w:WordDocument>\n<\/xml><![endif]--><\/p>\n<p class=\"MsoNormal\" style=\"text-align: justify; line-height: 115%;\"><!-- [if gte mso 9]><xml>\n<w:LatentStyles DefLockedState=\"false\" LatentStyleCount=\"156\">\n<\/w:LatentStyles>\n<\/xml><![endif]--><!-- [if !mso]><objectclassid=\"clsid:38481807-CA0E-42D2-BF39-B33AF135CC4D\" id=ieooui><\/object>\n\n\n\n<style>\nst1\\:*{behavior:url(#ieooui) }<br \/><\/style>\n\n<![endif]--><!-- [if gte mso 10]>\n\n\n\n<style>\n\/* Style Definitions *\/<br \/>table.MsoNormalTable<br \/>{mso-style-name:\"Tabla normal\";<br \/>mso-tstyle-rowband-size:0;<br \/>mso-tstyle-colband-size:0;<br \/>mso-style-noshow:yes;<br \/>mso-style-parent:\"\";<br \/>mso-padding-alt:0cm 5.4pt 0cm 5.4pt;<br \/>mso-para-margin:0cm;<br \/>mso-para-margin-bottom:.0001pt;<br \/>mso-pagination:widow-orphan;<br \/>font-size:10.0pt;<br \/>font-family:\"Times New Roman\";<br \/>mso-ansi-language:#0400;<br \/>mso-fareast-language:#0400;<br \/>mso-bidi-language:#0400;}<br \/><\/style>\n\n<![endif]--><!-- [if gte mso 9]><xml>\n<w:WordDocument>\n<w:View>Normal<\/w:View>\n<w:Zoom>0<\/w:Zoom>\n<w:HyphenationZone>21<\/w:HyphenationZone>\n<w:PunctuationKerning \/>\n<w:ValidateAgainstSchemas \/>\n<w:SaveIfXMLInvalid>false<\/w:SaveIfXMLInvalid>\n<w:IgnoreMixedContent>false<\/w:IgnoreMixedContent>\n<w:AlwaysShowPlaceholderText>false<\/w:AlwaysShowPlaceholderText>\n<w:Compatibility>\n<w:BreakWrappedTables \/>\n<w:SnapToGridInCell \/>\n<w:WrapTextWithPunct \/>\n<w:UseAsianBreakRules \/>\n<w:DontGrowAutofit \/>\n<\/w:Compatibility>\n<w:BrowserLevel>MicrosoftInternetExplorer4<\/w:BrowserLevel>\n<\/w:WordDocument>\n<\/xml><![endif]--><\/p>\n<p class=\"MsoNormal\" style=\"text-align: justify; line-height: 115%;\"><!-- [if gte mso 9]><xml>\n<w:LatentStyles DefLockedState=\"false\" LatentStyleCount=\"156\">\n<\/w:LatentStyles>\n<\/xml><![endif]--><!-- [if !mso]><objectclassid=\"clsid:38481807-CA0E-42D2-BF39-B33AF135CC4D\" id=ieooui><\/object>\n\n\n\n<style>\nst1\\:*{behavior:url(#ieooui) }<br \/><\/style>\n\n<![endif]--><!-- [if gte mso 10]>\n\n\n\n<style>\n\/* Style Definitions *\/<br \/>table.MsoNormalTable<br \/>{mso-style-name:\"Tabla normal\";<br \/>mso-tstyle-rowband-size:0;<br \/>mso-tstyle-colband-size:0;<br \/>mso-style-noshow:yes;<br \/>mso-style-parent:\"\";<br \/>mso-padding-alt:0cm 5.4pt 0cm 5.4pt;<br \/>mso-para-margin:0cm;<br \/>mso-para-margin-bottom:.0001pt;<br \/>mso-pagination:widow-orphan;<br \/>font-size:10.0pt;<br \/>font-family:\"Times New Roman\";<br \/>mso-ansi-language:#0400;<br \/>mso-fareast-language:#0400;<br \/>mso-bidi-language:#0400;}<br \/><\/style>\n\n<![endif]--><!-- [if gte mso 9]><xml>\n<w:WordDocument>\n<w:View>Normal<\/w:View>\n<w:Zoom>0<\/w:Zoom>\n<w:HyphenationZone>21<\/w:HyphenationZone>\n<w:PunctuationKerning \/>\n<w:ValidateAgainstSchemas \/>\n<w:SaveIfXMLInvalid>false<\/w:SaveIfXMLInvalid>\n<w:IgnoreMixedContent>false<\/w:IgnoreMixedContent>\n<w:AlwaysShowPlaceholderText>false<\/w:AlwaysShowPlaceholderText>\n<w:Compatibility>\n<w:BreakWrappedTables \/>\n<w:SnapToGridInCell \/>\n<w:WrapTextWithPunct \/>\n<w:UseAsianBreakRules \/>\n<w:DontGrowAutofit \/>\n<\/w:Compatibility>\n<w:BrowserLevel>MicrosoftInternetExplorer4<\/w:BrowserLevel>\n<\/w:WordDocument>\n<\/xml><![endif]--><\/p>\n<p class=\"MsoNormal\" style=\"text-align: justify; line-height: 115%;\"><!-- [if gte mso 9]><xml>\n<w:LatentStyles DefLockedState=\"false\" LatentStyleCount=\"156\">\n<\/w:LatentStyles>\n<\/xml><![endif]--><!-- [if !mso]><objectclassid=\"clsid:38481807-CA0E-42D2-BF39-B33AF135CC4D\" id=ieooui><\/object>\n\n\n\n<style>\nst1\\:*{behavior:url(#ieooui) }<br \/><\/style>\n\n<![endif]--><!-- [if gte mso 10]>\n\n\n\n<style>\n\/* Style Definitions *\/<br \/>table.MsoNormalTable<br \/>{mso-style-name:\"Tabla normal\";<br \/>mso-tstyle-rowband-size:0;<br \/>mso-tstyle-colband-size:0;<br \/>mso-style-noshow:yes;<br \/>mso-style-parent:\"\";<br \/>mso-padding-alt:0cm 5.4pt 0cm 5.4pt;<br \/>mso-para-margin:0cm;<br \/>mso-para-margin-bottom:.0001pt;<br \/>mso-pagination:widow-orphan;<br \/>font-size:10.0pt;<br \/>font-family:\"Times New Roman\";<br \/>mso-ansi-language:#0400;<br \/>mso-fareast-language:#0400;<br \/>mso-bidi-language:#0400;}<br \/><\/style>\n\n<![endif]--><\/p>\n<p class=\"MsoNormal\"><span lang=\"ES-SV\">La opresi\u00f3n hacia las mujeres puede tomar muchas formas, y aunque no es nada nuevo no ha existido siempre, el marxismo explica que surgi\u00f3 junto con la divisi\u00f3n de la sociedad en clases, la propiedad privada y el Estado. Por tanto, para abolir toda forma de opresi\u00f3n hacia las mujeres es necesaria una revoluci\u00f3n socialista que elimine este antiguo orden de cosas existentes.<\/span><\/p>\n<p><!--break--><\/p>\n<p><span lang=\"ES-SV\">El origen del d\u00eda internacional de la mujer trabajadora se remonta a principios del Siglo XX, el 28 de febrero de 1909 cuando se celebr\u00f3 por primera vez en\u00a0Nueva York,\u00a0Estados Unidos,\u00a0el\u00a0D\u00eda Nacional de la Mujer Trabajadora,\u00a0organizado por las Mujeres Socialistas tras una declaraci\u00f3n del\u00a0Partido Socialista de los Estados Unidos\u00a0en honor a la huelga de las trabajadoras textiles de 1908, en la que protestaron por las penosas condiciones de trabajo en Chicago y Nueva York.\u00a0Unas 15.000 mujeres marcharon por la ciudad de\u00a0Nueva York\u00a0exigiendo una reducci\u00f3n de la jornada laboral, mejores\u00a0salarios\u00a0y\u00a0condiciones laborales. En 1910 en la II Conferencia Internacional de Mujeres Socialistas se declar\u00f3 el \u201cD\u00eda Internacional de la Mujer Trabajadora\u201d. La primera celebraci\u00f3n internacional se produjo en 1911, motivada por la proclamaci\u00f3n de 1910 y tuvo particular fuerza en pa\u00edses como Austria, Dinamarca, Alemania y Suecia. M\u00e1s de un mill\u00f3n de obreras y obreros participaron en actos p\u00fablicos exigiendo para las mujeres el derecho de voto y el de ocupar cargos p\u00fablicos, el derecho al trabajo, a la formaci\u00f3n profesional y a la no discriminaci\u00f3n laboral. As\u00ed la lucha por la emancipaci\u00f3n de la mujer nac\u00eda como parte integral de los movimientos socialistas internacionales. Una semana despu\u00e9s el\u00a025 de marzo\u00a0de\u00a01911, m\u00e1s de 140\u00a0j\u00f3venes trabajadoras, la mayor\u00eda inmigrantes, murieron en el tr\u00e1gico incendio en la f\u00e1brica de camisas \u201cTriangle Shirtwaist Company\u201d de Nueva York, donde cerraban con llave las puertas para que las obreras no pudieran salir y as\u00ed trabajaran las horas que les correspond\u00edan. Este suceso tuvo grandes repercusiones en la legislaci\u00f3n laboral de los\u00a0Estados Unidos, y en las celebraciones posteriores del D\u00eda Internacional de la Mujer Trabajadora se hizo referencia a las condiciones laborales que condujeron a tal desastre. <\/span><\/p>\n<p class=\"MsoNormal\"><span lang=\"ES-SV\">El 8 de marzo con m\u00e1s trascendencia fue el conmemorado en Petrogrado en 1917, cuando la celebraci\u00f3n del d\u00eda internacional de las mujeres obreras se convirti\u00f3 en la chispa que hizo estallar la primera revoluci\u00f3n rusa (febrero seg\u00fan el antiguo calendario). En la actualidad la conmemoraci\u00f3n de este d\u00eda tan reivindicativo para las mujeres se ha degenerado en una visi\u00f3n rom\u00e1ntica de la mujer como madre, esposa, hija siempre sumisa, obediente y sacrificada; se aprovecha la fecha no para salir a la calle, organizarse y buscar m\u00e1s conquistas para las mujeres sino para \u201cfelicitarlas\u201d, regalarles flores y elogiar su sacrificio por ser las m\u00e1s abnegadas del hogar. Como mujeres marxistas nos negamos totalmente a esto, alzamos nuestra voz y proclamamos el 8 de marzo como un d\u00eda combativo, un d\u00eda para adquirir el compromiso firme de luchar por los derechos y la liberaci\u00f3n de las mujeres trabajadoras. <\/span><\/p>\n<p class=\"MsoNormal\"><span lang=\"ES-SV\">En aquel heroico 8 de marzo de 1917, las mujeres rusas se declararon en huelga, algo que nadie se esperaba, y agitaron entre sus compa\u00f1eros de clase para unirse a ellas y exigir, posteriormente, tres demandas que ser\u00edan: pan, paz y tierra; demandas que posteriormente serian el inicio del triunfo de la \u00fanica revoluci\u00f3n que dio paso a un r\u00e9gimen proletario. Hoy en d\u00eda las mujeres trabajadoras alrededor del mundo siguen sin tener tierra, millones siguen sin tener paz, y otras much\u00edsimas m\u00e1s siguen sin tener pan, luchando d\u00eda a d\u00eda por sobrevivir en medio de la miseria a la que las ha arrojado el capitalismo. La lucha se ha hecho extensiva hasta nuestros d\u00edas por el simple hecho de que bajo el sistema capitalista los problemas a los que se enfrentan las mujeres, y el proletariado en general, no tienen soluci\u00f3n de ra\u00edz, solo el socialismo representa una salida real. <\/span><\/p>\n<p class=\"MsoNormal\"><span lang=\"ES-SV\">En El Salvador la situaci\u00f3n de las mujeres es precaria, con bajos niveles de educaci\u00f3n, poco acceso a salud de calidad, violencia generalizada por razones de g\u00e9nero alentada por el machismo, niveles alarmantes de feminicidios, condiciones inhumanas en las maquilas, largas jornadas laborales, nuevas formas de esclavitud sexual por parte de las pandillas, violaciones sexuales, embarazos en adolescentes, penalizaci\u00f3n absoluta del aborto, y un largo etc\u00e9tera. <\/span><\/p>\n<p class=\"MsoNormal\"><span lang=\"ES-SV\">La crisis del sistema capitalista la sufren mucho m\u00e1s las mujeres, pues adem\u00e1s de sufrir la opresi\u00f3n y explotaci\u00f3n del capitalismo voraz, su opresi\u00f3n tambi\u00e9n contiene factores ideol\u00f3gicos de subordinaci\u00f3n y violencia naturalizados en la sociedad debido al patriarcado. Reconociendo estos dos sistemas de explotaci\u00f3n y dominaci\u00f3n defendemos la consigna de que ambos deben caer inminentemente, y dar paso al socialismo para garantizar la liberaci\u00f3n real de las mujeres. Las marxistas, defendemos un programa reivindicativo para las mujeres, que tiene como objetivo avanzar en la lucha por la emancipaci\u00f3n femenina. Debido a la situaci\u00f3n del \u00faltimo periodo, resaltan con gran fuerza las reivindicaciones dirigidas a conseguir igual salario por igual trabajo; la legalizaci\u00f3n del derecho al aborto, seguro y gratuito; y la lucha por erradicar la forma m\u00e1s putrefacta del sistema: los feminicidios. <\/span><\/p>\n<p class=\"MsoNormal\"><span lang=\"ES-SV\">Las mujeres trabajadoras en nuestro pa\u00eds experimentan desigualdad salarial en cuanto a las remuneraciones que reciben los hombres quienes se desempe\u00f1an en ciertas \u00e1reas laborales, esta desigualdad es muy marcada en los sectores formales e informales, donde las mujeres desempe\u00f1an las mismas funciones que los hombres, pero no son remuneradas de igual forma. La Encuesta de Hogares y Prop\u00f3sitos M\u00faltiples 2015,<span style=\"mso-spacerun: yes;\">\u00a0 <\/span>registra que los salarios promedios a nivel nacional ese a\u00f1o fueron de $300.13, de estos los hombres percibieron en promedio $322 mensuales y las mujeres $272.04, esto da una diferencia salarial de $49.96 a favor de los hombres. Este 8 de marzo luchemos <\/span><strong><span lang=\"ES-SV\">\u00a1A igual trabajo, igual salario!<\/span><\/strong><\/p>\n<p class=\"MsoNormal\"><span lang=\"ES-SV\">Por otra parte, el pa\u00eds es uno de los \u00fanicos siete pa\u00edses alrededor del mundo que penalizan el aborto en cualquiera de sus formas. Se han alzado voces exigiendo aumentar la condena por aborto para equipararla con la de homicidio agravado, esto significar\u00eda 50 a\u00f1os de prisi\u00f3n; pero tambi\u00e9n ha habido gran agitaci\u00f3n entre organizaciones feministas y el partido de izquierda para pedir la despenalizaci\u00f3n del aborto bajo cuatro causales, que incluyen los casos de violaci\u00f3n, en los que la madre puede morir o en los que las posibilidades de vida extrauterina del feto son nulas. Los prejuicios morales y religiosos son los primeros en oponerse a esta conquista democr\u00e1tica de las mujeres. Debemos avanzar no solo a la legalizaci\u00f3n, sino a que el aborto sea seguro y gratuito. No se puede seguir jugando con la vida de miles de mujeres y ni\u00f1as, por eso la lucha y agitaci\u00f3n del pr\u00f3ximo periodo es decisiva y exige nuestro mayor compromiso. Es necesario que luchemos por educaci\u00f3n sexual y reproductiva libre de prejuicios, por accesibilidad a m\u00e9todos anticonceptivos <\/span><strong><span lang=\"ES-SV\">\u00a1por abortos legales, seguros y gratuitos! <\/span><\/strong><\/p>\n<p class=\"MsoNormal\"><span lang=\"ES-SV\">Los feminicidios son otro mal que golpea a las mujeres salvadore\u00f1as, en los \u00faltimos a\u00f1os El Salvador ha despuntado como un pa\u00eds en donde se cometen m\u00e1s feminicidios, que son la cara m\u00e1s espantosa y extrema de violencia de g\u00e9nero contra las mujeres. En 2016 las cifras fueron desalentadoras, se contabilizaron m\u00e1s de 500 feminicidios seg\u00fan el Instituto de Medicina Legal, esto sugiere que una mujer fue asesinada cada 16 horas, algo totalmente repudiable. Esto no puede continuar as\u00ed, como es deducible quienes m\u00e1s sufren la violencia feminicida son las mujeres pobres, las trabajadoras, las explotadas, las mismas de siempre. De nuevo: solo la lucha organizada nos librara de este mal inherente al capitalismo y al patriarcado, salgamos este 8 de marzo y reivindiquemos nuestro derecho a una vida libre de violencia <\/span><strong><span lang=\"ES-SV\">\u00a1No m\u00e1s feminicidios! \u00a1Ni una m\u00e1s! \u00a1Vivas nos queremos!<\/span><\/strong><\/p>\n<p class=\"MsoNormal\"><span lang=\"ES-SV\">Tenemos un largo camino por recorrer, debemos luchar contra la opresi\u00f3n y la discriminaci\u00f3n en todas sus formas, y este 8 de marzo es una oportunidad grandiosa para salir a la calle y manifestarnos exigiendo el cumplimiento de los derechos de las mujeres. Pero entendiendo que solo una transformaci\u00f3n radical de la sociedad y la abolici\u00f3n de la esclavitud de clase pueden crear las condiciones para la abolici\u00f3n de la esclavitud de las mujeres proletarias en todas sus manifestaciones y el establecimiento de una sociedad verdaderamente humana basada en la igualdad, la justicia y la libertad, es decir, debemos avanzar hacia el socialismo.\u00a0<\/span><\/p>\n<p>&nbsp;<\/p>\n","protected":false},"excerpt":{"rendered":"<p>La opresi\u00f3n hacia las mujeres puede tomar muchas formas, y aunque no es nada nuevo no ha existido siempre, el marxismo explica que surgi\u00f3 junto con la divisi\u00f3n de la sociedad en clases, la propiedad privada y el Estado. Por tanto, para abolir toda forma de opresi\u00f3n hacia las mujeres es necesaria una revoluci\u00f3n socialista&#8230;<\/p>\n","protected":false},"author":14,"featured_media":2583,"comment_status":"open","ping_status":"open","sticky":false,"template":"","format":"standard","meta":{"_monsterinsights_skip_tracking":false,"_monsterinsights_sitenote_active":false,"_monsterinsights_sitenote_note":"","_monsterinsights_sitenote_category":0,"_uf_show_specific_survey":0,"_uf_disable_surveys":false,"_jetpack_memberships_contains_paid_content":false,"footnotes":""},"categories":[61,2],"tags":[84,85],"class_list":["post-2066","post","type-post","status-publish","format-standard","has-post-thumbnail","hentry","category-mujer-obrera","category-nacional","tag-8-de-marzo","tag-dia-internacional-de-la-mujer-trabajadora"],"aioseo_notices":[],"yoast_head":"<!-- This site is optimized with the Yoast SEO plugin v25.6 - https:\/\/yoast.com\/wordpress\/plugins\/seo\/ -->\n<title>8 de Marzo: D\u00eda Internacional de la Mujer Trabajadora \u00a1Avancemos hacia el socialismo para la liberaci\u00f3n real de las mujeres!<\/title>\n<meta name=\"robots\" content=\"index, follow, max-snippet:-1, max-image-preview:large, max-video-preview:-1\" \/>\n<link rel=\"canonical\" href=\"https:\/\/elcomunista.org\/?p=2066\" \/>\n<meta property=\"og:locale\" content=\"es_ES\" \/>\n<meta property=\"og:type\" content=\"article\" \/>\n<meta property=\"og:title\" content=\"8 de Marzo: D\u00eda Internacional de la Mujer Trabajadora \u00a1Avancemos hacia el socialismo para la liberaci\u00f3n real de las mujeres!\" \/>\n<meta property=\"og:description\" content=\"La opresi\u00f3n hacia las mujeres puede tomar muchas formas, y aunque no es nada nuevo no ha existido siempre, el marxismo explica que surgi\u00f3 junto con la divisi\u00f3n de la sociedad en clases, la propiedad privada y el Estado. Por tanto, para abolir toda forma de opresi\u00f3n hacia las mujeres es necesaria una revoluci\u00f3n socialista...\" \/>\n<meta property=\"og:url\" content=\"https:\/\/elcomunista.org\/?p=2066\" \/>\n<meta property=\"og:site_name\" content=\"Revoluci\u00f3n Comunista\" \/>\n<meta property=\"article:publisher\" content=\"https:\/\/www.facebook.com\/Bloquepopularjuvenil\" \/>\n<meta property=\"article:published_time\" content=\"2017-03-08T12:43:17+00:00\" \/>\n<meta property=\"article:modified_time\" content=\"2019-03-06T16:45:44+00:00\" \/>\n<meta property=\"og:image\" content=\"https:\/\/elcomunista.org\/wp-content\/uploads\/2017\/03\/banner-8m-iu.jpg\" \/>\n\t<meta property=\"og:image:width\" content=\"645\" \/>\n\t<meta property=\"og:image:height\" content=\"250\" \/>\n\t<meta property=\"og:image:type\" content=\"image\/jpeg\" \/>\n<meta name=\"author\" content=\"Ana Rodriguez\" \/>\n<meta name=\"twitter:card\" content=\"summary_large_image\" \/>\n<meta name=\"twitter:creator\" content=\"@ElBPJ\" \/>\n<meta name=\"twitter:site\" content=\"@ElBPJ\" \/>\n<meta name=\"twitter:label1\" content=\"Escrito por\" \/>\n\t<meta name=\"twitter:data1\" content=\"Ana Rodriguez\" \/>\n\t<meta name=\"twitter:label2\" content=\"Tiempo de lectura\" \/>\n\t<meta name=\"twitter:data2\" content=\"7 minutos\" \/>\n<script type=\"application\/ld+json\" class=\"yoast-schema-graph\">{\"@context\":\"https:\/\/schema.org\",\"@graph\":[{\"@type\":\"Article\",\"@id\":\"https:\/\/elcomunista.org\/?p=2066#article\",\"isPartOf\":{\"@id\":\"https:\/\/elcomunista.org\/?p=2066\"},\"author\":{\"name\":\"Ana Rodriguez\",\"@id\":\"https:\/\/elcomunista.org\/#\/schema\/person\/68c4f7b0b3448ec9a7ab1e1bdd3bedea\"},\"headline\":\"8 de Marzo: D\u00eda Internacional de la Mujer Trabajadora \u00a1Avancemos hacia el socialismo para la liberaci\u00f3n real de las mujeres!\",\"datePublished\":\"2017-03-08T12:43:17+00:00\",\"dateModified\":\"2019-03-06T16:45:44+00:00\",\"mainEntityOfPage\":{\"@id\":\"https:\/\/elcomunista.org\/?p=2066\"},\"wordCount\":1500,\"commentCount\":0,\"publisher\":{\"@id\":\"https:\/\/elcomunista.org\/#organization\"},\"image\":{\"@id\":\"https:\/\/elcomunista.org\/?p=2066#primaryimage\"},\"thumbnailUrl\":\"https:\/\/elcomunista.org\/wp-content\/uploads\/2017\/03\/banner-8m-iu.jpg\",\"keywords\":[\"8 de marzo\",\"D\u00eda Internacional de la Mujer Trabajadora\"],\"articleSection\":[\"Mujer Obrera\",\"Nacional\"],\"inLanguage\":\"es\",\"potentialAction\":[{\"@type\":\"CommentAction\",\"name\":\"Comment\",\"target\":[\"https:\/\/elcomunista.org\/?p=2066#respond\"]}]},{\"@type\":\"WebPage\",\"@id\":\"https:\/\/elcomunista.org\/?p=2066\",\"url\":\"https:\/\/elcomunista.org\/?p=2066\",\"name\":\"8 de Marzo: D\u00eda Internacional de la Mujer Trabajadora \u00a1Avancemos hacia el socialismo para la liberaci\u00f3n real de las mujeres!\",\"isPartOf\":{\"@id\":\"https:\/\/elcomunista.org\/#website\"},\"primaryImageOfPage\":{\"@id\":\"https:\/\/elcomunista.org\/?p=2066#primaryimage\"},\"image\":{\"@id\":\"https:\/\/elcomunista.org\/?p=2066#primaryimage\"},\"thumbnailUrl\":\"https:\/\/elcomunista.org\/wp-content\/uploads\/2017\/03\/banner-8m-iu.jpg\",\"datePublished\":\"2017-03-08T12:43:17+00:00\",\"dateModified\":\"2019-03-06T16:45:44+00:00\",\"breadcrumb\":{\"@id\":\"https:\/\/elcomunista.org\/?p=2066#breadcrumb\"},\"inLanguage\":\"es\",\"potentialAction\":[{\"@type\":\"ReadAction\",\"target\":[\"https:\/\/elcomunista.org\/?p=2066\"]}]},{\"@type\":\"ImageObject\",\"inLanguage\":\"es\",\"@id\":\"https:\/\/elcomunista.org\/?p=2066#primaryimage\",\"url\":\"https:\/\/elcomunista.org\/wp-content\/uploads\/2017\/03\/banner-8m-iu.jpg\",\"contentUrl\":\"https:\/\/elcomunista.org\/wp-content\/uploads\/2017\/03\/banner-8m-iu.jpg\",\"width\":645,\"height\":250},{\"@type\":\"BreadcrumbList\",\"@id\":\"https:\/\/elcomunista.org\/?p=2066#breadcrumb\",\"itemListElement\":[{\"@type\":\"ListItem\",\"position\":1,\"name\":\"Portada\",\"item\":\"https:\/\/elcomunista.org\/\"},{\"@type\":\"ListItem\",\"position\":2,\"name\":\"8 de Marzo: D\u00eda Internacional de la Mujer Trabajadora \u00a1Avancemos hacia el socialismo para la liberaci\u00f3n real de las mujeres!\"}]},{\"@type\":\"WebSite\",\"@id\":\"https:\/\/elcomunista.org\/#website\",\"url\":\"https:\/\/elcomunista.org\/\",\"name\":\"Revoluci\u00f3n Comunista\",\"description\":\"Internacional Comunista Revolucionaria\",\"publisher\":{\"@id\":\"https:\/\/elcomunista.org\/#organization\"},\"potentialAction\":[{\"@type\":\"SearchAction\",\"target\":{\"@type\":\"EntryPoint\",\"urlTemplate\":\"https:\/\/elcomunista.org\/?s={search_term_string}\"},\"query-input\":{\"@type\":\"PropertyValueSpecification\",\"valueRequired\":true,\"valueName\":\"search_term_string\"}}],\"inLanguage\":\"es\"},{\"@type\":\"Organization\",\"@id\":\"https:\/\/elcomunista.org\/#organization\",\"name\":\"Bloque Popular Juvenil\",\"url\":\"https:\/\/elcomunista.org\/\",\"logo\":{\"@type\":\"ImageObject\",\"inLanguage\":\"es\",\"@id\":\"https:\/\/elcomunista.org\/#\/schema\/logo\/image\/\",\"url\":\"https:\/\/bloquepopularjuvenil.org\/wp-content\/uploads\/2018\/11\/bpj-militante.jpg\",\"contentUrl\":\"https:\/\/bloquepopularjuvenil.org\/wp-content\/uploads\/2018\/11\/bpj-militante.jpg\",\"width\":4000,\"height\":1390,\"caption\":\"Bloque Popular Juvenil\"},\"image\":{\"@id\":\"https:\/\/elcomunista.org\/#\/schema\/logo\/image\/\"},\"sameAs\":[\"https:\/\/www.facebook.com\/Bloquepopularjuvenil\",\"https:\/\/x.com\/ElBPJ\",\"https:\/\/www.instagram.com\/elbloque_bpj\/?hl=es-la\"]},{\"@type\":\"Person\",\"@id\":\"https:\/\/elcomunista.org\/#\/schema\/person\/68c4f7b0b3448ec9a7ab1e1bdd3bedea\",\"name\":\"Ana Rodriguez\",\"image\":{\"@type\":\"ImageObject\",\"inLanguage\":\"es\",\"@id\":\"https:\/\/elcomunista.org\/#\/schema\/person\/image\/\",\"url\":\"https:\/\/secure.gravatar.com\/avatar\/93c09969fbb84a7603bcd9b14e79a086?s=96&d=mm&r=g\",\"contentUrl\":\"https:\/\/secure.gravatar.com\/avatar\/93c09969fbb84a7603bcd9b14e79a086?s=96&d=mm&r=g\",\"caption\":\"Ana Rodriguez\"},\"url\":\"https:\/\/elcomunista.org\/?author=14\"}]}<\/script>\n<!-- \/ Yoast SEO plugin. -->","yoast_head_json":{"title":"8 de Marzo: D\u00eda Internacional de la Mujer Trabajadora \u00a1Avancemos hacia el socialismo para la liberaci\u00f3n real de las mujeres!","robots":{"index":"index","follow":"follow","max-snippet":"max-snippet:-1","max-image-preview":"max-image-preview:large","max-video-preview":"max-video-preview:-1"},"canonical":"https:\/\/elcomunista.org\/?p=2066","og_locale":"es_ES","og_type":"article","og_title":"8 de Marzo: D\u00eda Internacional de la Mujer Trabajadora \u00a1Avancemos hacia el socialismo para la liberaci\u00f3n real de las mujeres!","og_description":"La opresi\u00f3n hacia las mujeres puede tomar muchas formas, y aunque no es nada nuevo no ha existido siempre, el marxismo explica que surgi\u00f3 junto con la divisi\u00f3n de la sociedad en clases, la propiedad privada y el Estado. Por tanto, para abolir toda forma de opresi\u00f3n hacia las mujeres es necesaria una revoluci\u00f3n socialista...","og_url":"https:\/\/elcomunista.org\/?p=2066","og_site_name":"Revoluci\u00f3n Comunista","article_publisher":"https:\/\/www.facebook.com\/Bloquepopularjuvenil","article_published_time":"2017-03-08T12:43:17+00:00","article_modified_time":"2019-03-06T16:45:44+00:00","og_image":[{"width":645,"height":250,"url":"https:\/\/elcomunista.org\/wp-content\/uploads\/2017\/03\/banner-8m-iu.jpg","type":"image\/jpeg"}],"author":"Ana Rodriguez","twitter_card":"summary_large_image","twitter_creator":"@ElBPJ","twitter_site":"@ElBPJ","twitter_misc":{"Escrito por":"Ana Rodriguez","Tiempo de lectura":"7 minutos"},"schema":{"@context":"https:\/\/schema.org","@graph":[{"@type":"Article","@id":"https:\/\/elcomunista.org\/?p=2066#article","isPartOf":{"@id":"https:\/\/elcomunista.org\/?p=2066"},"author":{"name":"Ana Rodriguez","@id":"https:\/\/elcomunista.org\/#\/schema\/person\/68c4f7b0b3448ec9a7ab1e1bdd3bedea"},"headline":"8 de Marzo: D\u00eda Internacional de la Mujer Trabajadora \u00a1Avancemos hacia el socialismo para la liberaci\u00f3n real de las mujeres!","datePublished":"2017-03-08T12:43:17+00:00","dateModified":"2019-03-06T16:45:44+00:00","mainEntityOfPage":{"@id":"https:\/\/elcomunista.org\/?p=2066"},"wordCount":1500,"commentCount":0,"publisher":{"@id":"https:\/\/elcomunista.org\/#organization"},"image":{"@id":"https:\/\/elcomunista.org\/?p=2066#primaryimage"},"thumbnailUrl":"https:\/\/elcomunista.org\/wp-content\/uploads\/2017\/03\/banner-8m-iu.jpg","keywords":["8 de marzo","D\u00eda Internacional de la Mujer Trabajadora"],"articleSection":["Mujer Obrera","Nacional"],"inLanguage":"es","potentialAction":[{"@type":"CommentAction","name":"Comment","target":["https:\/\/elcomunista.org\/?p=2066#respond"]}]},{"@type":"WebPage","@id":"https:\/\/elcomunista.org\/?p=2066","url":"https:\/\/elcomunista.org\/?p=2066","name":"8 de Marzo: D\u00eda Internacional de la Mujer Trabajadora \u00a1Avancemos hacia el socialismo para la liberaci\u00f3n real de las mujeres!","isPartOf":{"@id":"https:\/\/elcomunista.org\/#website"},"primaryImageOfPage":{"@id":"https:\/\/elcomunista.org\/?p=2066#primaryimage"},"image":{"@id":"https:\/\/elcomunista.org\/?p=2066#primaryimage"},"thumbnailUrl":"https:\/\/elcomunista.org\/wp-content\/uploads\/2017\/03\/banner-8m-iu.jpg","datePublished":"2017-03-08T12:43:17+00:00","dateModified":"2019-03-06T16:45:44+00:00","breadcrumb":{"@id":"https:\/\/elcomunista.org\/?p=2066#breadcrumb"},"inLanguage":"es","potentialAction":[{"@type":"ReadAction","target":["https:\/\/elcomunista.org\/?p=2066"]}]},{"@type":"ImageObject","inLanguage":"es","@id":"https:\/\/elcomunista.org\/?p=2066#primaryimage","url":"https:\/\/elcomunista.org\/wp-content\/uploads\/2017\/03\/banner-8m-iu.jpg","contentUrl":"https:\/\/elcomunista.org\/wp-content\/uploads\/2017\/03\/banner-8m-iu.jpg","width":645,"height":250},{"@type":"BreadcrumbList","@id":"https:\/\/elcomunista.org\/?p=2066#breadcrumb","itemListElement":[{"@type":"ListItem","position":1,"name":"Portada","item":"https:\/\/elcomunista.org\/"},{"@type":"ListItem","position":2,"name":"8 de Marzo: D\u00eda Internacional de la Mujer Trabajadora \u00a1Avancemos hacia el socialismo para la liberaci\u00f3n real de las mujeres!"}]},{"@type":"WebSite","@id":"https:\/\/elcomunista.org\/#website","url":"https:\/\/elcomunista.org\/","name":"Revoluci\u00f3n Comunista","description":"Internacional Comunista Revolucionaria","publisher":{"@id":"https:\/\/elcomunista.org\/#organization"},"potentialAction":[{"@type":"SearchAction","target":{"@type":"EntryPoint","urlTemplate":"https:\/\/elcomunista.org\/?s={search_term_string}"},"query-input":{"@type":"PropertyValueSpecification","valueRequired":true,"valueName":"search_term_string"}}],"inLanguage":"es"},{"@type":"Organization","@id":"https:\/\/elcomunista.org\/#organization","name":"Bloque Popular Juvenil","url":"https:\/\/elcomunista.org\/","logo":{"@type":"ImageObject","inLanguage":"es","@id":"https:\/\/elcomunista.org\/#\/schema\/logo\/image\/","url":"https:\/\/bloquepopularjuvenil.org\/wp-content\/uploads\/2018\/11\/bpj-militante.jpg","contentUrl":"https:\/\/bloquepopularjuvenil.org\/wp-content\/uploads\/2018\/11\/bpj-militante.jpg","width":4000,"height":1390,"caption":"Bloque Popular Juvenil"},"image":{"@id":"https:\/\/elcomunista.org\/#\/schema\/logo\/image\/"},"sameAs":["https:\/\/www.facebook.com\/Bloquepopularjuvenil","https:\/\/x.com\/ElBPJ","https:\/\/www.instagram.com\/elbloque_bpj\/?hl=es-la"]},{"@type":"Person","@id":"https:\/\/elcomunista.org\/#\/schema\/person\/68c4f7b0b3448ec9a7ab1e1bdd3bedea","name":"Ana Rodriguez","image":{"@type":"ImageObject","inLanguage":"es","@id":"https:\/\/elcomunista.org\/#\/schema\/person\/image\/","url":"https:\/\/secure.gravatar.com\/avatar\/93c09969fbb84a7603bcd9b14e79a086?s=96&d=mm&r=g","contentUrl":"https:\/\/secure.gravatar.com\/avatar\/93c09969fbb84a7603bcd9b14e79a086?s=96&d=mm&r=g","caption":"Ana Rodriguez"},"url":"https:\/\/elcomunista.org\/?author=14"}]}},"jetpack_featured_media_url":"https:\/\/elcomunista.org\/wp-content\/uploads\/2017\/03\/banner-8m-iu.jpg","jetpack_likes_enabled":true,"jetpack_sharing_enabled":true,"_links":{"self":[{"href":"https:\/\/elcomunista.org\/index.php?rest_route=\/wp\/v2\/posts\/2066"}],"collection":[{"href":"https:\/\/elcomunista.org\/index.php?rest_route=\/wp\/v2\/posts"}],"about":[{"href":"https:\/\/elcomunista.org\/index.php?rest_route=\/wp\/v2\/types\/post"}],"author":[{"embeddable":true,"href":"https:\/\/elcomunista.org\/index.php?rest_route=\/wp\/v2\/users\/14"}],"replies":[{"embeddable":true,"href":"https:\/\/elcomunista.org\/index.php?rest_route=%2Fwp%2Fv2%2Fcomments&post=2066"}],"version-history":[{"count":0,"href":"https:\/\/elcomunista.org\/index.php?rest_route=\/wp\/v2\/posts\/2066\/revisions"}],"wp:featuredmedia":[{"embeddable":true,"href":"https:\/\/elcomunista.org\/index.php?rest_route=\/wp\/v2\/media\/2583"}],"wp:attachment":[{"href":"https:\/\/elcomunista.org\/index.php?rest_route=%2Fwp%2Fv2%2Fmedia&parent=2066"}],"wp:term":[{"taxonomy":"category","embeddable":true,"href":"https:\/\/elcomunista.org\/index.php?rest_route=%2Fwp%2Fv2%2Fcategories&post=2066"},{"taxonomy":"post_tag","embeddable":true,"href":"https:\/\/elcomunista.org\/index.php?rest_route=%2Fwp%2Fv2%2Ftags&post=2066"}],"curies":[{"name":"wp","href":"https:\/\/api.w.org\/{rel}","templated":true}]}}