{"id":2179,"date":"2017-09-12T22:23:42","date_gmt":"2017-09-12T22:23:42","guid":{"rendered":"http:\/\/bloquepopularjuvenil.org\/bpjwordpress\/?p=2179"},"modified":"2018-11-22T15:49:51","modified_gmt":"2018-11-22T21:49:51","slug":"para-la-nacionalizacion-de-las-pensiones-la-correlacion-de-fuerzas-esta-en-el-pueblo-organizado","status":"publish","type":"post","link":"https:\/\/elcomunista.org\/?p=2179","title":{"rendered":"Para la nacionalizaci\u00f3n de las pensiones: la correlaci\u00f3n de fuerzas est\u00e1 en el pueblo organizado"},"content":{"rendered":"<p><strong>Los \u00faltimos meses hemos sido testigos con mayor intensidad de todo el proceso de negociaci\u00f3n con respecto a la famosa reforma de pensiones que debe hacerse desde la Asamblea Legislativa. Actualmente, hay cuatro propuestas que se est\u00e1n evaluando en la Asamblea, la del gobierno, la de la ICP, la del partido GANA y la de los sindicatos m\u00e1s representativos del pa\u00eds. Pero son dos las que m\u00e1s est\u00e1n siendo sometidas a consideraci\u00f3n.<\/strong><\/p>\n<p>Sin duda sentamos posturas en contra de la reciente alianza mostrada por los partidos de la derecha con el objetivo de aprobar un refrito de la propuesta de pensiones de la ICP. Esta alianza es sumamente peligrosa para los intereses de los trabajadores, en tanto que su propuesta va en detrimento de las pensiones actuales, incluso llegando al punto de proponer un impuesto especial para los jubilados y pensionados actuales. Adem\u00e1s que no resuelve el problema de financiaci\u00f3n, cobertura y calidad, y mantiene sobre todo y a toda costa los grandes privilegios de los empresarios due\u00f1os de las AFP, aseguradoras y la misma banca que resultan ser, curiosamente, los mismos due\u00f1os para todo.<\/p>\n<p>Nuestro an\u00e1lisis del problema se centra en que principalmente para empezar a resolver el problema se debe acabar con el car\u00e1cter privado del sistema, esto pondr\u00eda fin al endeudamiento y al lucro desproporcionado de las AFP, sobre las cotizaciones de los trabajadores y le devolver\u00eda la seguridad al capital de las pensiones, pues ya no ser\u00edan invertidas en la bolsa de valores como en la actualidad.<\/p>\n<p>Desde el gobierno se han hecho m\u00e1s de dos propuestas, pero como mencionamos ninguna de estas resuelve el problema de fondo. Y pareciera ser que entre m\u00e1s se complican las negociaciones en la Asamblea, m\u00e1s conciliatoria se vuelve la propuesta del gobierno. La \u00faltima que se present\u00f3 ya no contemplaba el sistema mixto, sino solo un fondo solidario administrado por las AFP, esto significa que el gobierno ha retrocedido en lugar de avanzar a una propuesta m\u00e1s profunda. Como hemos dicho, el sistema mixto ofrec\u00eda una salida al problema a corto plazo, este era un intento de llegar a un acuerdo en la Asamblea, llevaba el objetivo de persuadir a los partidos minoritarios en la AL, sin embargo, esto ha sido imposible en el \u00faltimo periodo. Los partidos minoritarios no han querido ceder ante el sistema mixto, esto solo muestra que sus votos no son comprados tan f\u00e1cilmente, pues el sistema mixto nos le traer\u00eda ning\u00fan beneficio.<\/p>\n<p>Lejos de lograr persuadir a los diputados oportunistas enemigos de los intereses del pueblo, lo que se ha logrado es que se unan en santa alianza conformando un bloque de derechas en la AL para obligar al gobierno a presentar una propuesta amigable con el gran capital. Ahora muchos han salido a manifestar su disposici\u00f3n heroica de acabar con este drama, a diario leemos declaraci\u00f3n de estos servidores de la burgues\u00eda en las que se muestran dispuestos a llegar a un acuerdo para buscar la soluci\u00f3n m\u00e1s sensata para el pa\u00eds, uniendo ir\u00f3nicamente los intereses de los due\u00f1os de las AFP, aseguradoras y bancos, con los de los trabajadores como si fuesen los mismos. \u00a1Semejante actitud hip\u00f3crita en los medios es digna de un premio Oscar! Para cualquier trabajador consiente es claro que los empresarios van siempre en busca de la mayor rentabilidad y ganancia y son incapaces de abandonar sus privilegios.<\/p>\n<p>Lastimosamente, el gobierno tambi\u00e9n se ha hecho eco de la idea de unirnos por una soluci\u00f3n favorable al pa\u00eds, lo m\u00e1s probable es que en los pr\u00f3ximos d\u00edas sea aprobada una reforma que tendr\u00e1 la caracter\u00edstica de mantener la privatizaci\u00f3n del sistema, pero sobre todo la desgracia de no resolver nada en concreto. Independientemente de cu\u00e1l sea la propuesta del gobierno con los cambios hechos o la de los partidos de derecha, la verdad la diferencia es casi nula en el plano pr\u00e1ctico. Como marxistas en el FMLN dejamos claro que no estamos de acuerdo en absoluto con la actitud pasiva del gobierno y nuestros diputados, pues lejos de mantenernos firmes ante los intereses del capital hemos cedido ante las presiones de estos.<\/p>\n<p>Tal actitud se debe a la negaci\u00f3n total de la lucha de clases y los l\u00edmites de la democracia burguesa y sus instituciones para resolver el problema. La t\u00e1ctica implementada por el gobierno y la direcci\u00f3n de nuestro partido ha sido la de negociar y conciliar los intereses de los obreros con los capitalistas en los m\u00e1rgenes estrechos de la democracia burguesa. Los l\u00edmites de la democracia burguesa se manifiestan cuando chocan con la piedra angular del capitalismo: la propiedad privada, ante esto las t\u00e1cticas que no tienen la intenci\u00f3n de superar estos factores importantes est\u00e1n condenadas al fracaso.Desde el principio nuestra t\u00e1ctica debi\u00f3 ser clara y poner sobre la mesa del debate la propuesta de la nacionalizaci\u00f3n del sistema de pensiones convenciendo progresivamente a los sindicatos para luchar en contra de la burgues\u00eda, los diputados de la derecha y dem\u00e1s instituciones burguesas en favor de mantener las AFP. De parte de la izquierda en todo este proceso no hemos encontrado ninguna opini\u00f3n en contra de que la nacionalizaci\u00f3n del sistema no brinde la mejor soluci\u00f3n. Sin embargo, aun partiendo de que es la \u00fanica soluci\u00f3n esta no ha sido defendida ni puesta a debate. Creemos que el problema previsional debe ser resuelto si partimos de algunas premisas, por ejemplo, que es un problema resultante del sistema de producci\u00f3n, bajo nuestro an\u00e1lisis creemos que el problema previsional puede ser resuelto si se tienen en consideraci\u00f3n los siguientes puntos:<\/p>\n<p>&nbsp;<\/p>\n<ul>\n<li>Se debe nacionalizar el sistema, sin indemnizaci\u00f3n para los due\u00f1os de las AFP, retornando a un sistema de capitalizaci\u00f3n colectiva, eliminando todo tipo de cuenta individual, esto permitir\u00e1 que las generaciones de trabajadores actuales como cotizantes resuelvan el problema de los pensionados y jubilados de hoy mientras la generaci\u00f3n siguiente se encarga de la pr\u00f3xima<\/li>\n<li>La nacionalizaci\u00f3n no resuelve el problema por s\u00ed sola, esta debe contener un car\u00e1cter revolucionario desarrollando la administraci\u00f3n obrera, con un modelo en donde un tercio de la administraci\u00f3n sea a trav\u00e9s de los sindicatos, otro a trav\u00e9s de los trabajadores no sindicalizados, y un tercio de los trabajadores del Estado<\/li>\n<li>La \u00fanica forma de acabar con los problemas de sostenibilidad financiera es acabando con el desempleo y el empleo informal, este nuevo sistema debe incluir progresivamente a todos los trabajadores que no est\u00e1n afiliados y que est\u00e1n laborando, que pertenecen al sector informal o son trabajadores por cuenta propia, esto ampliar\u00e1 la cobertura<\/li>\n<li>Ampliando la cobertura tambi\u00e9n se eleva el monto de las pensiones individuales. Sin embargo, la lucha por elevaci\u00f3n del nivel de pensiones debe ir acompa\u00f1ado por una lucha por la elevaci\u00f3n de los salarios de todos los trabajadores<\/li>\n<li>La nacionalizaci\u00f3n del sistema deber\u00eda de estar acompa\u00f1ado de la reducci\u00f3n de la jornada laboral de 44 horas semanales actuales a por lo menos 35 horas semanales en todos los niveles de producci\u00f3n para acabar con el desempleo masivo, distribuyendo el trabajo existente en la manos existentes<\/li>\n<\/ul>\n<p>La lucha por la nacionalizaci\u00f3n de las pensiones como ya hemos visto no est\u00e1 desconectada del todo, y tiene una relaci\u00f3n inmediata con el sistema de explotaci\u00f3n capitalista, as\u00ed que toda propuesta para resolver este problema de ra\u00edz inevitablemente debe considerar este punto de partida. As\u00ed como tambi\u00e9n hay necesidad de que esta propuesta no solo sea defendida por los diputados y el FMLN, sino tambi\u00e9n acompa\u00f1ada de manera consiente y revolucionaria por todo el movimiento obrero, de lo contrario a trav\u00e9s de la lucha formal y parlamentaria ser\u00e1 imposible llevarla a cabo.<\/p>\n<p>La raz\u00f3n por la que la nacionalizaci\u00f3n del sistema de pensiones no es una propuesta a considerar en la Asamblea se debe principalmente a que toca los intereses de los capitalistas y en segundo lugar, por el lado de la direcci\u00f3n del FMLN, a que no hay confianza en el poder revolucionario de los trabajadores y se pretende solventar los grandes problemas de las masas en la Asamblea Legislativa con negociaciones, haciendo de la utilizaci\u00f3n revolucionaria de los espacios en el Estado burgu\u00e9s una vil caricatura, que en nada se corresponde a la idea de utilizar estas instancias del Estado para demostrar sus l\u00edmites y su imposibilidad de resolver los problemas de las masas.<\/p>\n<p>Han pasado d\u00e9cadas desde que se ha puesto en marcha el sistema privado, y siempre hemos estado esperando que la aritm\u00e9tica parlamentaria nos favorezca para revertirlo. Haciendo de la aritm\u00e9tica parlamentaria el fin \u00faltimo de nuestra pol\u00edtica, al lado que abandonamos el objetivo fundamental, que partiendo de la experiencia de participar en el parlamento burgu\u00e9s resolviendo muy poco, podemos demostrarles a los trabajadores que nuestras esperanzas para elevar su nivel de vida no se har\u00e1n desde las instancias creadas por la burgues\u00eda, aunque tengamos la mayor\u00eda parlamentaria, sino en la movilizaci\u00f3n y en la superaci\u00f3n de las instituciones y la democracia burguesa, pues la burgues\u00eda utiliza y mantiene sus instituciones mientras sus intereses est\u00e9n resguardados y seguros.<\/p>\n<p>Esta idea ha sido sacada de los discursos de la izquierda en los \u00faltimos a\u00f1os, pero la realidad es concreta y los acontecimientos de los \u00faltimos meses est\u00e1n poniendo sobre la mesa la necesidad de debatir hasta qu\u00e9 punto el m\u00e9todo estrictamente electoral sin hacer uso de las movilizaciones y huelgas de los trabajadores podr\u00e1 resolver nuestros problemas m\u00e1s profundos y detener la ofensiva de la derecha.<\/p>\n<p>&nbsp;<\/p>\n","protected":false},"excerpt":{"rendered":"<p>Los \u00faltimos meses hemos sido testigos con mayor intensidad de todo el proceso de negociaci\u00f3n con respecto a la famosa reforma de pensiones que debe hacerse desde la Asamblea Legislativa. Actualmente, hay cuatro propuestas que se est\u00e1n evaluando en la Asamblea, la del gobierno, la de la ICP, la del partido GANA y la de&#8230;<\/p>\n","protected":false},"author":8,"featured_media":4405,"comment_status":"open","ping_status":"open","sticky":false,"template":"","format":"standard","meta":{"_monsterinsights_skip_tracking":false,"_monsterinsights_sitenote_active":false,"_monsterinsights_sitenote_note":"","_monsterinsights_sitenote_category":0,"_uf_show_specific_survey":0,"_uf_disable_surveys":false,"_jetpack_memberships_contains_paid_content":false,"footnotes":""},"categories":[1],"tags":[],"class_list":["post-2179","post","type-post","status-publish","format-standard","has-post-thumbnail","hentry","category-uncategorized"],"aioseo_notices":[],"yoast_head":"<!-- This site is optimized with the Yoast SEO plugin v25.6 - https:\/\/yoast.com\/wordpress\/plugins\/seo\/ -->\n<title>Para la nacionalizaci\u00f3n de las pensiones: la correlaci\u00f3n de fuerzas est\u00e1 en el pueblo organizado<\/title>\n<meta name=\"robots\" content=\"index, follow, max-snippet:-1, max-image-preview:large, max-video-preview:-1\" \/>\n<link rel=\"canonical\" href=\"https:\/\/elcomunista.org\/?p=2179\" \/>\n<meta property=\"og:locale\" content=\"es_ES\" \/>\n<meta property=\"og:type\" content=\"article\" \/>\n<meta property=\"og:title\" content=\"Para la nacionalizaci\u00f3n de las pensiones: la correlaci\u00f3n de fuerzas est\u00e1 en el pueblo organizado\" \/>\n<meta property=\"og:description\" content=\"Los \u00faltimos meses hemos sido testigos con mayor intensidad de todo el proceso de negociaci\u00f3n con respecto a la famosa reforma de pensiones que debe hacerse desde la Asamblea Legislativa. Actualmente, hay cuatro propuestas que se est\u00e1n evaluando en la Asamblea, la del gobierno, la de la ICP, la del partido GANA y la de...\" \/>\n<meta property=\"og:url\" content=\"https:\/\/elcomunista.org\/?p=2179\" \/>\n<meta property=\"og:site_name\" content=\"Revoluci\u00f3n Comunista\" \/>\n<meta property=\"article:publisher\" content=\"https:\/\/www.facebook.com\/Bloquepopularjuvenil\" \/>\n<meta property=\"article:author\" content=\"https:\/\/www.facebook.com\/JuandeLaCruzBPJ\" \/>\n<meta property=\"article:published_time\" content=\"2017-09-12T22:23:42+00:00\" \/>\n<meta property=\"article:modified_time\" content=\"2018-11-22T21:49:51+00:00\" \/>\n<meta property=\"og:image\" content=\"https:\/\/elcomunista.org\/wp-content\/uploads\/2017\/09\/pens.jpg\" \/>\n\t<meta property=\"og:image:width\" content=\"269\" \/>\n\t<meta property=\"og:image:height\" content=\"188\" \/>\n\t<meta property=\"og:image:type\" content=\"image\/jpeg\" \/>\n<meta name=\"author\" content=\"Juan de la Cruz\" \/>\n<meta name=\"twitter:card\" content=\"summary_large_image\" \/>\n<meta name=\"twitter:creator\" content=\"@juandelacruzcmi\" \/>\n<meta name=\"twitter:site\" content=\"@ElBPJ\" \/>\n<meta name=\"twitter:label1\" content=\"Escrito por\" \/>\n\t<meta name=\"twitter:data1\" content=\"Juan de la Cruz\" \/>\n\t<meta name=\"twitter:label2\" content=\"Tiempo de lectura\" \/>\n\t<meta name=\"twitter:data2\" content=\"8 minutos\" \/>\n<script type=\"application\/ld+json\" class=\"yoast-schema-graph\">{\"@context\":\"https:\/\/schema.org\",\"@graph\":[{\"@type\":\"Article\",\"@id\":\"https:\/\/elcomunista.org\/?p=2179#article\",\"isPartOf\":{\"@id\":\"https:\/\/elcomunista.org\/?p=2179\"},\"author\":{\"name\":\"Juan de la Cruz\",\"@id\":\"https:\/\/elcomunista.org\/#\/schema\/person\/e070ce76b01e8720e27ac0d46b82063f\"},\"headline\":\"Para la nacionalizaci\u00f3n de las pensiones: la correlaci\u00f3n de fuerzas est\u00e1 en el pueblo organizado\",\"datePublished\":\"2017-09-12T22:23:42+00:00\",\"dateModified\":\"2018-11-22T21:49:51+00:00\",\"mainEntityOfPage\":{\"@id\":\"https:\/\/elcomunista.org\/?p=2179\"},\"wordCount\":1689,\"commentCount\":0,\"publisher\":{\"@id\":\"https:\/\/elcomunista.org\/#organization\"},\"image\":{\"@id\":\"https:\/\/elcomunista.org\/?p=2179#primaryimage\"},\"thumbnailUrl\":\"https:\/\/elcomunista.org\/wp-content\/uploads\/2017\/09\/pens.jpg\",\"articleSection\":[\"Archivo\"],\"inLanguage\":\"es\",\"potentialAction\":[{\"@type\":\"CommentAction\",\"name\":\"Comment\",\"target\":[\"https:\/\/elcomunista.org\/?p=2179#respond\"]}]},{\"@type\":\"WebPage\",\"@id\":\"https:\/\/elcomunista.org\/?p=2179\",\"url\":\"https:\/\/elcomunista.org\/?p=2179\",\"name\":\"Para la nacionalizaci\u00f3n de las pensiones: la correlaci\u00f3n de fuerzas est\u00e1 en el pueblo organizado\",\"isPartOf\":{\"@id\":\"https:\/\/elcomunista.org\/#website\"},\"primaryImageOfPage\":{\"@id\":\"https:\/\/elcomunista.org\/?p=2179#primaryimage\"},\"image\":{\"@id\":\"https:\/\/elcomunista.org\/?p=2179#primaryimage\"},\"thumbnailUrl\":\"https:\/\/elcomunista.org\/wp-content\/uploads\/2017\/09\/pens.jpg\",\"datePublished\":\"2017-09-12T22:23:42+00:00\",\"dateModified\":\"2018-11-22T21:49:51+00:00\",\"breadcrumb\":{\"@id\":\"https:\/\/elcomunista.org\/?p=2179#breadcrumb\"},\"inLanguage\":\"es\",\"potentialAction\":[{\"@type\":\"ReadAction\",\"target\":[\"https:\/\/elcomunista.org\/?p=2179\"]}]},{\"@type\":\"ImageObject\",\"inLanguage\":\"es\",\"@id\":\"https:\/\/elcomunista.org\/?p=2179#primaryimage\",\"url\":\"https:\/\/elcomunista.org\/wp-content\/uploads\/2017\/09\/pens.jpg\",\"contentUrl\":\"https:\/\/elcomunista.org\/wp-content\/uploads\/2017\/09\/pens.jpg\",\"width\":269,\"height\":188},{\"@type\":\"BreadcrumbList\",\"@id\":\"https:\/\/elcomunista.org\/?p=2179#breadcrumb\",\"itemListElement\":[{\"@type\":\"ListItem\",\"position\":1,\"name\":\"Portada\",\"item\":\"https:\/\/elcomunista.org\/\"},{\"@type\":\"ListItem\",\"position\":2,\"name\":\"Para la nacionalizaci\u00f3n de las pensiones: la correlaci\u00f3n de fuerzas est\u00e1 en el pueblo organizado\"}]},{\"@type\":\"WebSite\",\"@id\":\"https:\/\/elcomunista.org\/#website\",\"url\":\"https:\/\/elcomunista.org\/\",\"name\":\"Revoluci\u00f3n Comunista\",\"description\":\"Internacional Comunista Revolucionaria\",\"publisher\":{\"@id\":\"https:\/\/elcomunista.org\/#organization\"},\"potentialAction\":[{\"@type\":\"SearchAction\",\"target\":{\"@type\":\"EntryPoint\",\"urlTemplate\":\"https:\/\/elcomunista.org\/?s={search_term_string}\"},\"query-input\":{\"@type\":\"PropertyValueSpecification\",\"valueRequired\":true,\"valueName\":\"search_term_string\"}}],\"inLanguage\":\"es\"},{\"@type\":\"Organization\",\"@id\":\"https:\/\/elcomunista.org\/#organization\",\"name\":\"Bloque Popular Juvenil\",\"url\":\"https:\/\/elcomunista.org\/\",\"logo\":{\"@type\":\"ImageObject\",\"inLanguage\":\"es\",\"@id\":\"https:\/\/elcomunista.org\/#\/schema\/logo\/image\/\",\"url\":\"https:\/\/bloquepopularjuvenil.org\/wp-content\/uploads\/2018\/11\/bpj-militante.jpg\",\"contentUrl\":\"https:\/\/bloquepopularjuvenil.org\/wp-content\/uploads\/2018\/11\/bpj-militante.jpg\",\"width\":4000,\"height\":1390,\"caption\":\"Bloque Popular Juvenil\"},\"image\":{\"@id\":\"https:\/\/elcomunista.org\/#\/schema\/logo\/image\/\"},\"sameAs\":[\"https:\/\/www.facebook.com\/Bloquepopularjuvenil\",\"https:\/\/x.com\/ElBPJ\",\"https:\/\/www.instagram.com\/elbloque_bpj\/?hl=es-la\"]},{\"@type\":\"Person\",\"@id\":\"https:\/\/elcomunista.org\/#\/schema\/person\/e070ce76b01e8720e27ac0d46b82063f\",\"name\":\"Juan de la Cruz\",\"image\":{\"@type\":\"ImageObject\",\"inLanguage\":\"es\",\"@id\":\"https:\/\/elcomunista.org\/#\/schema\/person\/image\/\",\"url\":\"https:\/\/secure.gravatar.com\/avatar\/1aac3a8e4bbf29ce7030b8cd6a02f12b?s=96&d=mm&r=g\",\"contentUrl\":\"https:\/\/secure.gravatar.com\/avatar\/1aac3a8e4bbf29ce7030b8cd6a02f12b?s=96&d=mm&r=g\",\"caption\":\"Juan de la Cruz\"},\"description\":\"Editor del peri\u00f3dico El Comunista, vocero de la secci\u00f3n salvadore\u00f1a de la Internacional Comunista Revolucionaria (ICR)\",\"sameAs\":[\"http:\/\/www.bloquepopularjuvenil.org\",\"https:\/\/www.facebook.com\/JuandeLaCruzBPJ\",\"https:\/\/x.com\/juandelacruzcmi\"],\"url\":\"https:\/\/elcomunista.org\/?author=8\"}]}<\/script>\n<!-- \/ Yoast SEO plugin. -->","yoast_head_json":{"title":"Para la nacionalizaci\u00f3n de las pensiones: la correlaci\u00f3n de fuerzas est\u00e1 en el pueblo organizado","robots":{"index":"index","follow":"follow","max-snippet":"max-snippet:-1","max-image-preview":"max-image-preview:large","max-video-preview":"max-video-preview:-1"},"canonical":"https:\/\/elcomunista.org\/?p=2179","og_locale":"es_ES","og_type":"article","og_title":"Para la nacionalizaci\u00f3n de las pensiones: la correlaci\u00f3n de fuerzas est\u00e1 en el pueblo organizado","og_description":"Los \u00faltimos meses hemos sido testigos con mayor intensidad de todo el proceso de negociaci\u00f3n con respecto a la famosa reforma de pensiones que debe hacerse desde la Asamblea Legislativa. Actualmente, hay cuatro propuestas que se est\u00e1n evaluando en la Asamblea, la del gobierno, la de la ICP, la del partido GANA y la de...","og_url":"https:\/\/elcomunista.org\/?p=2179","og_site_name":"Revoluci\u00f3n Comunista","article_publisher":"https:\/\/www.facebook.com\/Bloquepopularjuvenil","article_author":"https:\/\/www.facebook.com\/JuandeLaCruzBPJ","article_published_time":"2017-09-12T22:23:42+00:00","article_modified_time":"2018-11-22T21:49:51+00:00","og_image":[{"width":269,"height":188,"url":"https:\/\/elcomunista.org\/wp-content\/uploads\/2017\/09\/pens.jpg","type":"image\/jpeg"}],"author":"Juan de la Cruz","twitter_card":"summary_large_image","twitter_creator":"@juandelacruzcmi","twitter_site":"@ElBPJ","twitter_misc":{"Escrito por":"Juan de la Cruz","Tiempo de lectura":"8 minutos"},"schema":{"@context":"https:\/\/schema.org","@graph":[{"@type":"Article","@id":"https:\/\/elcomunista.org\/?p=2179#article","isPartOf":{"@id":"https:\/\/elcomunista.org\/?p=2179"},"author":{"name":"Juan de la Cruz","@id":"https:\/\/elcomunista.org\/#\/schema\/person\/e070ce76b01e8720e27ac0d46b82063f"},"headline":"Para la nacionalizaci\u00f3n de las pensiones: la correlaci\u00f3n de fuerzas est\u00e1 en el pueblo organizado","datePublished":"2017-09-12T22:23:42+00:00","dateModified":"2018-11-22T21:49:51+00:00","mainEntityOfPage":{"@id":"https:\/\/elcomunista.org\/?p=2179"},"wordCount":1689,"commentCount":0,"publisher":{"@id":"https:\/\/elcomunista.org\/#organization"},"image":{"@id":"https:\/\/elcomunista.org\/?p=2179#primaryimage"},"thumbnailUrl":"https:\/\/elcomunista.org\/wp-content\/uploads\/2017\/09\/pens.jpg","articleSection":["Archivo"],"inLanguage":"es","potentialAction":[{"@type":"CommentAction","name":"Comment","target":["https:\/\/elcomunista.org\/?p=2179#respond"]}]},{"@type":"WebPage","@id":"https:\/\/elcomunista.org\/?p=2179","url":"https:\/\/elcomunista.org\/?p=2179","name":"Para la nacionalizaci\u00f3n de las pensiones: la correlaci\u00f3n de fuerzas est\u00e1 en el pueblo organizado","isPartOf":{"@id":"https:\/\/elcomunista.org\/#website"},"primaryImageOfPage":{"@id":"https:\/\/elcomunista.org\/?p=2179#primaryimage"},"image":{"@id":"https:\/\/elcomunista.org\/?p=2179#primaryimage"},"thumbnailUrl":"https:\/\/elcomunista.org\/wp-content\/uploads\/2017\/09\/pens.jpg","datePublished":"2017-09-12T22:23:42+00:00","dateModified":"2018-11-22T21:49:51+00:00","breadcrumb":{"@id":"https:\/\/elcomunista.org\/?p=2179#breadcrumb"},"inLanguage":"es","potentialAction":[{"@type":"ReadAction","target":["https:\/\/elcomunista.org\/?p=2179"]}]},{"@type":"ImageObject","inLanguage":"es","@id":"https:\/\/elcomunista.org\/?p=2179#primaryimage","url":"https:\/\/elcomunista.org\/wp-content\/uploads\/2017\/09\/pens.jpg","contentUrl":"https:\/\/elcomunista.org\/wp-content\/uploads\/2017\/09\/pens.jpg","width":269,"height":188},{"@type":"BreadcrumbList","@id":"https:\/\/elcomunista.org\/?p=2179#breadcrumb","itemListElement":[{"@type":"ListItem","position":1,"name":"Portada","item":"https:\/\/elcomunista.org\/"},{"@type":"ListItem","position":2,"name":"Para la nacionalizaci\u00f3n de las pensiones: la correlaci\u00f3n de fuerzas est\u00e1 en el pueblo organizado"}]},{"@type":"WebSite","@id":"https:\/\/elcomunista.org\/#website","url":"https:\/\/elcomunista.org\/","name":"Revoluci\u00f3n Comunista","description":"Internacional Comunista Revolucionaria","publisher":{"@id":"https:\/\/elcomunista.org\/#organization"},"potentialAction":[{"@type":"SearchAction","target":{"@type":"EntryPoint","urlTemplate":"https:\/\/elcomunista.org\/?s={search_term_string}"},"query-input":{"@type":"PropertyValueSpecification","valueRequired":true,"valueName":"search_term_string"}}],"inLanguage":"es"},{"@type":"Organization","@id":"https:\/\/elcomunista.org\/#organization","name":"Bloque Popular Juvenil","url":"https:\/\/elcomunista.org\/","logo":{"@type":"ImageObject","inLanguage":"es","@id":"https:\/\/elcomunista.org\/#\/schema\/logo\/image\/","url":"https:\/\/bloquepopularjuvenil.org\/wp-content\/uploads\/2018\/11\/bpj-militante.jpg","contentUrl":"https:\/\/bloquepopularjuvenil.org\/wp-content\/uploads\/2018\/11\/bpj-militante.jpg","width":4000,"height":1390,"caption":"Bloque Popular Juvenil"},"image":{"@id":"https:\/\/elcomunista.org\/#\/schema\/logo\/image\/"},"sameAs":["https:\/\/www.facebook.com\/Bloquepopularjuvenil","https:\/\/x.com\/ElBPJ","https:\/\/www.instagram.com\/elbloque_bpj\/?hl=es-la"]},{"@type":"Person","@id":"https:\/\/elcomunista.org\/#\/schema\/person\/e070ce76b01e8720e27ac0d46b82063f","name":"Juan de la Cruz","image":{"@type":"ImageObject","inLanguage":"es","@id":"https:\/\/elcomunista.org\/#\/schema\/person\/image\/","url":"https:\/\/secure.gravatar.com\/avatar\/1aac3a8e4bbf29ce7030b8cd6a02f12b?s=96&d=mm&r=g","contentUrl":"https:\/\/secure.gravatar.com\/avatar\/1aac3a8e4bbf29ce7030b8cd6a02f12b?s=96&d=mm&r=g","caption":"Juan de la Cruz"},"description":"Editor del peri\u00f3dico El Comunista, vocero de la secci\u00f3n salvadore\u00f1a de la Internacional Comunista Revolucionaria (ICR)","sameAs":["http:\/\/www.bloquepopularjuvenil.org","https:\/\/www.facebook.com\/JuandeLaCruzBPJ","https:\/\/x.com\/juandelacruzcmi"],"url":"https:\/\/elcomunista.org\/?author=8"}]}},"jetpack_featured_media_url":"https:\/\/elcomunista.org\/wp-content\/uploads\/2017\/09\/pens.jpg","jetpack_likes_enabled":true,"jetpack_sharing_enabled":true,"_links":{"self":[{"href":"https:\/\/elcomunista.org\/index.php?rest_route=\/wp\/v2\/posts\/2179"}],"collection":[{"href":"https:\/\/elcomunista.org\/index.php?rest_route=\/wp\/v2\/posts"}],"about":[{"href":"https:\/\/elcomunista.org\/index.php?rest_route=\/wp\/v2\/types\/post"}],"author":[{"embeddable":true,"href":"https:\/\/elcomunista.org\/index.php?rest_route=\/wp\/v2\/users\/8"}],"replies":[{"embeddable":true,"href":"https:\/\/elcomunista.org\/index.php?rest_route=%2Fwp%2Fv2%2Fcomments&post=2179"}],"version-history":[{"count":0,"href":"https:\/\/elcomunista.org\/index.php?rest_route=\/wp\/v2\/posts\/2179\/revisions"}],"wp:featuredmedia":[{"embeddable":true,"href":"https:\/\/elcomunista.org\/index.php?rest_route=\/wp\/v2\/media\/4405"}],"wp:attachment":[{"href":"https:\/\/elcomunista.org\/index.php?rest_route=%2Fwp%2Fv2%2Fmedia&parent=2179"}],"wp:term":[{"taxonomy":"category","embeddable":true,"href":"https:\/\/elcomunista.org\/index.php?rest_route=%2Fwp%2Fv2%2Fcategories&post=2179"},{"taxonomy":"post_tag","embeddable":true,"href":"https:\/\/elcomunista.org\/index.php?rest_route=%2Fwp%2Fv2%2Ftags&post=2179"}],"curies":[{"name":"wp","href":"https:\/\/api.w.org\/{rel}","templated":true}]}}