{"id":2236,"date":"2018-01-27T18:42:13","date_gmt":"2018-01-27T18:42:13","guid":{"rendered":"http:\/\/bloquepopularjuvenil.org\/bpjwordpress\/?p=2236"},"modified":"2018-02-24T02:56:14","modified_gmt":"2018-02-24T02:56:14","slug":"la-democracia-de-la-ues-anula-elecciones-en-humanidades","status":"publish","type":"post","link":"https:\/\/elcomunista.org\/?p=2236","title":{"rendered":"La \u00abdemocracia de la UES\u00bb anula elecciones en Humanidades"},"content":{"rendered":"<p><span style=\"color: #000000;\">Escrito por: Fuerza de Acci\u00f3n Universitaria<\/span><\/p>\n<p><strong><span lang=\"ES-SV\" style=\"color: #800000;\">Contexto<\/span><\/strong><\/p>\n<p><span lang=\"ES-SV\" style=\"color: #000000;\">Desde las \u00faltimas luchas estudiantiles que desglosaron en los infantilismos del caso Belloso, y exceptuando otros episodios de lucha en el lustre 2010-15, muy peque\u00f1os y de corto alcance, la Universidad de El Salvador, siendo parte del Estado burgu\u00e9s de El Salvador se ha acoplado a una din\u00e1mica de funcionamiento burocr\u00e1tico, hoy en d\u00eda, todo funciona sobre un aparato en su mayor\u00eda de bur\u00f3cratas y oportunistas que trabajan tras la pol\u00edtica de favoritismo.<\/span><\/p>\n<p><span style=\"color: #000000;\"><!--break--><\/span><\/p>\n<p><span lang=\"ES-SV\" style=\"color: #000000;\">Quienes gobiernan la Universidad desde su Asamblea General Universitaria (AGU), desde su Consejo Superior Universitario (CSU) y sus Juntas Directivas de Facultad trabajan y administran el presupuesto de la educaci\u00f3n superior bajo esa misma l\u00f3gica, supeditan el mejoramiento de la educaci\u00f3n p\u00fablica superior a sus intereses que cabe recalcar, por un lado, responden a los intereses del reformismo de izquierda de El Salvador, pues muchos de ellos se declaran revolucionarios e incluso marxistas (!), pero en realidad son caras duras y \u201ccuadros\u201d viejos del FMLN, por otro lado, responde a los intereses de empresarios locales que han metido sus garras e inversiones tras el disfraz de la representaci\u00f3n del sector profesional no docente en los \u00f3rganos de la Universidad. <\/span><\/p>\n<p><span lang=\"ES-SV\" style=\"color: #000000;\">Y lo que vemos es un gobierno universitario que enrollado en el oportunismo y burocratismo responde indirectamente a los intereses de la clase dominante, de ah\u00ed toda su corrupci\u00f3n e incapacidad para mejorar las condiciones del estudiantado de la UES, muy a pesar de los buenos programas que se llevan a cabo como la Universidad en l\u00ednea, la exoneraci\u00f3n de la cuota para estudiantes de extrema pobreza y ahora para quienes provienen de institutos p\u00fablicos, etc.<\/span><\/p>\n<p><strong><span lang=\"ES-SV\" style=\"color: #800000;\">Fuerzas involucradas<\/span><\/strong><\/p>\n<p><span lang=\"ES-SV\" style=\"color: #000000;\">Las organizaciones \u201crevolucionarias\u201d que manejan el aparataje de chantajes, favores, prebendas, etc., dentro de los \u00f3rganos de gobierno de la Universidad son personificadas por gremios estudiantiles como el Frente Universitario Roque Dalton (FURD), que plantea reivindicar las mejores ideas de Roque y de Marcial, pero que muy poco tienen que ver sus pr\u00e1cticas con dichas ideas, m\u00e1s bien funcionan bajo pol\u00edticas de coacci\u00f3n utilizando todos los medios legales, que cabe reconocerles, han ganado lami\u00e9ndoles las botas a los empresarios y reformistas que administran el corrupto gobierno de la UES, quien les devuelve su obediencia ciega con favores como becas, puestos de trabajo, viajes al extranjero, etc., tras esa l\u00f3gica han realizado coaliciones electorales \u00a0con otras organizaciones del mismo tipo dando como resultado ACCI\u00d3N, para mantener sus privilegios. Tales acciones no hacen m\u00e1s que recordarnos al funcionamiento mezquino de la camarilla de Stalin en la extinta URSS, aunque de una forma muy caricaturesca.<\/span><\/p>\n<p><span lang=\"ES-SV\" style=\"color: #000000;\">Ante el oportunismo de estas organizaciones \u201crevolucionarias\u201d que controlan la UES, el descontento de los estudiantes que anhelan un cambio en la UES ha cobrado expresiones organizadas y han surgido una serie de movimientos estudiantiles consecuentes que se plantean cambiar de ra\u00edz la situaci\u00f3n. <\/span><\/p>\n<p><span lang=\"ES-SV\" style=\"color: #000000;\">En humanidades en el a\u00f1o 2015, en apoyo a una huelga docente por la contrataci\u00f3n de los maestros que trabajan \u201chora clase\u201d, surgi\u00f3 el Movimiento de Estudiantes de Ciencias y Humanidades (MECH), que en su inicio planteo acciones radicales para conseguir sus demandas, y a trav\u00e9s de movilizaciones y presiones al CSU logr\u00f3 la contrataci\u00f3n de los maestros y el regreso a clases. <\/span><\/p>\n<p><span lang=\"ES-SV\" style=\"color: #000000;\">Luego de la lucha se acord\u00f3 adoptar la v\u00eda electoral como \u00fanica v\u00eda hacia una representaci\u00f3n estudiantil consecuente divorciada del oportunismo y del burocratismo. En este \u00fanico camino dudoso se decidi\u00f3 unirse con la Coordinadora Estudiantil de Ciencias y Humanidades (CECH), dando como resultado la coalici\u00f3n MECH-CECH que representar\u00eda una alternativa m\u00e1s consecuente ante los tradicionales \u201crevolucionarios\u201d.<\/span><\/p>\n<p><strong><span lang=\"ES-SV\" style=\"color: #800000;\">La democracia burguesa dentro de la UES<\/span><\/strong><\/p>\n<p><span lang=\"ES-SV\" style=\"color: #000000;\">El problema fundamental de la democracia capitalista es que siempre funciona para los intereses de la burgues\u00eda, ejemplos claros de ellos son los procesos electorales de Honduras del a\u00f1o pasado. Para la clase dominante la ecuaci\u00f3n es clara, cuando los resultados de la democracia no le favorecen o cambia los resultados o ata de pies y manos a quienes son una amenaza para ellos, les aparta de las masas y les vuelve serviles a ellas, utilizando para ello los grandes beneficios del Estado capitalista con altos salarios, carros del a\u00f1o, etc. La democracia de la UES, una democracia burguesa a peque\u00f1a escala funciona igual.<\/span><\/p>\n<p><span lang=\"ES-SV\" style=\"color: #000000;\">La clase dominante le hace creer a la izquierda reformista que ellos gobiernan y les permite algunas concesiones solo cuando se ve sumamente amenazada, les hace creer que trabajan por el pueblo trabajador, cuando en realidad solo est\u00e1n siendo sus siervos pasivos, solo quienes logran comprender esta situaci\u00f3n y se apartan de ella aboc\u00e1ndose a las masas, son capaces de cambiar de ra\u00edz la situaci\u00f3n y suplantar la democracia burguesa por la democracia obrera de las masas proletarias.<\/span><\/p>\n<p><span lang=\"ES-SV\" style=\"color: #000000;\">En la UES la casta burocr\u00e1tica que domina su pol\u00edtica administrativa no es capaz de brindar las m\u00ednimas concesiones democr\u00e1ticas al estudiantado descontento con la pol\u00edtica tradicional de la universidad, pues es servil a los reformistas del gobierno que controlan la educaci\u00f3n p\u00fablica superior aliados a los entes del Banco Interamericano de Desarrollo (BID) que monitorean la posibilidad de concretar el asocio p\u00fablico privado para comenzar a lucrarse de la UES, que de hecho, algunos ya lo realizan en proyectos como los llevados a cabo por MIUES, una empresa que se lucran de la ense\u00f1anza privada de los idiomas extranjeros funcionando desde dentro de la universidad.<\/span><\/p>\n<p><span style=\"color: #800000;\"><strong><span lang=\"ES-SV\">El reciente conflicto en Humanidades<\/span><\/strong><\/span><\/p>\n<p><span lang=\"ES-SV\" style=\"color: #000000;\">En las pasadas elecciones, programadas para septiembre del a\u00f1o pasado, la coalici\u00f3n MECH-CECH competir\u00eda contra ACCION, despu\u00e9s de algunas trabas que la \u00faltima coalici\u00f3n puso a la primera, al principio los \u201crevolucionarios\u201d solicitaron a AGU, donde tienen una fuerte influencia, que en las facultades de Ciencias y Humanidades y en Ciencias Naturales solo se votar\u00e1 por una planilla, haciendo mofa de unas verdaderas elecciones, no lo lograron conseguir en Humanidades pero si en Naturales, esto a su vez, les dio tiempo para poder unirse con UNE, otra coalici\u00f3n oportunista, y repartirse algunos cargos.<\/span><\/p>\n<p><span style=\"color: #000000;\"><span lang=\"ES-SV\">Todos los preparativos del Comit\u00e9 Electoral y sus implicaciones se llevaron a cabo hasta octubre, donde AGU tambi\u00e9n intervino y cambi\u00f3 las fechas, por fin, las elecciones se llevaron a cabo el 31 de octubre. <\/span><span lang=\"ES-SV\">\u201cAl finalizar la jornada electoral el resultado dio como ganadora a nuestra coalici\u00f3n (MECH-CECH) con 1,257 votos ante la Junta Directiva y 1,270 votos en el Consejo Superior Universitario (CSU).\u201d (Tomado de MECH, UES).<\/span><\/span><\/p>\n<p><span lang=\"ES-SV\" style=\"color: #000000;\">Los electos llevaron a cabo todo el proceso para ser acreditados y juramentados y ejercer sus funciones sin mayor problema. Sin embargo, los \u201crevolucionarios\u201d no tardaron en meter un recurso de nulidad de las elecciones a la AGU, sumado a una serie de bloqueos que han tenido los camaradas electos por la mayor\u00eda de estudiantes de humanidades, para poder desempe\u00f1arse en su cargo, estos bloqueos fueron ignorados por la mayor\u00eda de asamble\u00edstas, y las sesiones \u00faltimas del a\u00f1o pasado se decidi\u00f3 pasar el asunto a Fiscal\u00eda de la Universidad, y fueron postergando el punto hasta que termin\u00f3 el 2017.<\/span><\/p>\n<p><span lang=\"ES-SV\" style=\"color: #000000;\">En la primera sesi\u00f3n de AGU de este a\u00f1o, la Asamblea acord\u00f3 que la Junta Directiva de Humanidades puede legalmente sesionar solo con el sector docente y con el sector no docente, excluyendo al sector estudiantil \u201ccuestionado\u201d, cuando en realidad, legalmente JD puede sesionar con 5 miembros, pero contemplando a los tres sectores que la componen.<\/span><\/p>\n<p><span lang=\"ES-SV\" style=\"color: #000000;\">La dilataci\u00f3n del conflicto en la burocracia de la UES, llego hasta el viernes 26 de enero, cuando en la sesi\u00f3n de AGU decretaron anular las elecciones de humanidades por una serie de factores que contempla el recurso de nulidad como haber entregado la planilla despu\u00e9s de la hora establecida, o \u201cfaltas\u201d as\u00ed de irrisorias.<\/span><\/p>\n<p><strong><span lang=\"ES-SV\" style=\"color: #800000;\">Confianza reformista en la burocracia <\/span><\/strong><\/p>\n<p><span lang=\"ES-SV\" style=\"color: #000000;\">Todos estos ataques por parte de los bur\u00f3cratas de la Universidad para negarle el derecho de una sana democracia y un sano debate a estudiantes que no est\u00e1n de acuerdo con sus pol\u00edticas administrativas, responde a una defensa f\u00e9rrea de sus privilegios, su forma de llevar la UES, y su mala administraci\u00f3n. <\/span><\/p>\n<p><span lang=\"ES-SV\" style=\"color: #000000;\">As\u00ed mismo \u201ctodos los mecanismos\u201d que pusieron a disposici\u00f3n para que la coalici\u00f3n electa pudiera apelar y luchar en contra de estos ataques resultaron ser m\u00e9todos burocr\u00e1ticos que entre m\u00e1s tardaban en responder las apelaciones m\u00e1s le favorec\u00eda d\u00e1ndoles m\u00e1s tiempo para sus artima\u00f1as a estos se\u00f1ores y se\u00f1oras.<\/span><\/p>\n<p><span lang=\"ES-SV\" style=\"color: #000000;\">Cabe recalcar, que todo este proceso en contra de la decisi\u00f3n de una parte mayoritaria de estudiantes de CCHH se llev\u00f3 a cabo, desde las instancias mencionadas, en un periodo de final de ciclo del a\u00f1o pasado, a eso de noviembre, y vino a concretarse en enero cuando la universidad est\u00e1 en asuntos de nuevo ingreso y obviamente no hay estudiantes en clases corrientes. Sin duda, esto les permiti\u00f3 hacer lo que les daba la gana sin la amenaza de movilizaci\u00f3n y presiones organizadas de los estudiantes.<\/span><\/p>\n<p><span lang=\"ES-SV\" style=\"color: #000000;\">No obstante, la coalici\u00f3n MECH-CECH en ning\u00fan momento se acerc\u00f3 al conjunto de estudiantes que le votaron y manejaron la lucha siguiendo los lineamientos burocr\u00e1ticos que les dio las mismas instancias que resolvieron en su contra. Esta confianza ciega hacia la resoluci\u00f3n del conflicto por medios legales les fuerza, pues estuvo dirigida y presidida por una c\u00fapula que estaba alejada de los estudiantes<\/span><\/p>\n<p><span lang=\"ES-SV\" style=\"color: #000000;\">Fue hasta enero de este a\u00f1o, que la coalici\u00f3n se dio cuenta, a trav\u00e9s de la respectiva deliberaci\u00f3n, que era necesario seguir con apelaciones legales incluso afuera de la universidad con la PDDH y el Tribunal de \u00c9tica, pero acompa\u00f1ar todas estas acciones con movilizaciones y presiones de masas estudiantiles m\u00e1s fuertes que obliguen a la AGU a abolir la anulaci\u00f3n de las elecciones y a juramentar a los estudiantes electos.<\/span><\/p>\n<p><strong><span lang=\"ES-SV\" style=\"color: #800000;\">Perspectivas de lucha <\/span><\/strong><\/p>\n<p><span lang=\"ES-SV\" style=\"color: #000000;\">El panorama, hoy en d\u00eda, pinta sombr\u00edo, sobre todo por la ausencia de estudiantes que yacen desinformados de esta coyuntura o est\u00e1n a\u00fan terminando sus vacaciones lejos de la capital, pero los que a\u00fan estamos aqu\u00ed y nos hemos involucrado de lleno estamos conscientes que ya se empezaron a dar los primeros pasos para reagrupar las fuerzas de los movimientos, organizarles y marchar en ofensiva.<\/span><\/p>\n<p><span lang=\"ES-SV\" style=\"color: #000000;\">No podemos permitir que los m\u00ednimos derechos democr\u00e1ticos sean violentados dentro de la Universidad de El Salvador, que se mantiene por las contribuciones de los trabajadores salvadore\u00f1os y que deber\u00eda responder a sus intereses, pero que como parte de todo Estado ha sido corrompida y viciada por los peores males del capitalismo: la burocracia y la corrupci\u00f3n. Y que ha llevado hacia la derecha a elementos consecuentes de las fuerzas del proletariado organizado y ha dividido al movimiento estudiantil y a sus justas luchas.<\/span><\/p>\n<p><span lang=\"ES-SV\" style=\"color: #000000;\">Necesitamos volver a las mejores tradiciones de lucha de nuestro pueblo, y arrebatar ese derecho democr\u00e1tico a trav\u00e9s de la movilizaci\u00f3n y la presi\u00f3n decidida. La pr\u00f3xima semana se estar\u00e1 realizando una Asamblea Estudiantil donde se discutir\u00e1 las acciones a seguir, esto sienta las bases para un plan de acci\u00f3n m\u00e1s organizado, m\u00e1s masivo y con m\u00e1s fuerza. Algunos estudiantes ya elaboran pancartas, distribuyen afiches para agitar entre quienes ya se pasean por la universidad, se est\u00e1 llevando una campa\u00f1a de informaci\u00f3n en las redes sociales y se est\u00e1 invitando a quienes votaron por la coalici\u00f3n a apoyar las acciones. <\/span><\/p>\n<p><span lang=\"ES-SV\" style=\"color: #000000;\">Hacemos un llamado abierto a todos los estudiantes de toda la universidad, en especial, a los de la Facultad de Ciencias y Humanidades que simpatizan con nuestra causa, y a las organizaciones consecuentes para que se sumen a esta justa lucha. Nosotros desde Fuerza de Acci\u00f3n Universitaria, el brazo estudiantil del Bloque Popular Juvenil, ya estamos participando de lleno, y pondremos muchas de nuestras fuerzas y recursos te\u00f3ricos y pr\u00e1cticos para conquistar estas demandas, que son nuestras demandas.<\/span><\/p>\n<p>&nbsp;<\/p>\n","protected":false},"excerpt":{"rendered":"<p>Escrito por: Fuerza de Acci\u00f3n Universitaria Contexto Desde las \u00faltimas luchas estudiantiles que desglosaron en los infantilismos del caso Belloso, y exceptuando otros episodios de lucha en el lustre 2010-15, muy peque\u00f1os y de corto alcance, la Universidad de El Salvador, siendo parte del Estado burgu\u00e9s de El Salvador se ha acoplado a una din\u00e1mica&#8230;<\/p>\n","protected":false},"author":2,"featured_media":2432,"comment_status":"open","ping_status":"open","sticky":false,"template":"","format":"standard","meta":{"_monsterinsights_skip_tracking":false,"_monsterinsights_sitenote_active":false,"_monsterinsights_sitenote_note":"","_monsterinsights_sitenote_category":0,"_uf_show_specific_survey":0,"_uf_disable_surveys":false,"_jetpack_memberships_contains_paid_content":false,"footnotes":""},"categories":[62,3],"tags":[],"class_list":["post-2236","post","type-post","status-publish","format-standard","has-post-thumbnail","hentry","category-juventud-y-educacion","category-politica"],"aioseo_notices":[],"yoast_head":"<!-- This site is optimized with the Yoast SEO plugin v25.6 - https:\/\/yoast.com\/wordpress\/plugins\/seo\/ -->\n<title>La &quot;democracia de la UES&quot; anula elecciones en Humanidades<\/title>\n<meta name=\"robots\" content=\"index, follow, max-snippet:-1, max-image-preview:large, max-video-preview:-1\" \/>\n<link rel=\"canonical\" href=\"https:\/\/elcomunista.org\/?p=2236\" \/>\n<meta property=\"og:locale\" content=\"es_ES\" \/>\n<meta property=\"og:type\" content=\"article\" \/>\n<meta property=\"og:title\" content=\"La &quot;democracia de la UES&quot; anula elecciones en Humanidades\" \/>\n<meta property=\"og:description\" content=\"Escrito por: Fuerza de Acci\u00f3n Universitaria Contexto Desde las \u00faltimas luchas estudiantiles que desglosaron en los infantilismos del caso Belloso, y exceptuando otros episodios de lucha en el lustre 2010-15, muy peque\u00f1os y de corto alcance, la Universidad de El Salvador, siendo parte del Estado burgu\u00e9s de El Salvador se ha acoplado a una din\u00e1mica...\" \/>\n<meta property=\"og:url\" content=\"https:\/\/elcomunista.org\/?p=2236\" \/>\n<meta property=\"og:site_name\" content=\"Revoluci\u00f3n Comunista\" \/>\n<meta property=\"article:publisher\" content=\"https:\/\/www.facebook.com\/Bloquepopularjuvenil\" \/>\n<meta property=\"article:published_time\" content=\"2018-01-27T18:42:13+00:00\" \/>\n<meta property=\"article:modified_time\" content=\"2018-02-24T02:56:14+00:00\" \/>\n<meta property=\"og:image\" content=\"https:\/\/elcomunista.org\/wp-content\/uploads\/2018\/01\/fnac09122017ceues010.jpg_525981578.jpg\" \/>\n\t<meta property=\"og:image:width\" content=\"790\" \/>\n\t<meta property=\"og:image:height\" content=\"440\" \/>\n\t<meta property=\"og:image:type\" content=\"image\/jpeg\" \/>\n<meta name=\"author\" content=\"Bloque Popular Juvenil - BPJ\" \/>\n<meta name=\"twitter:card\" content=\"summary_large_image\" \/>\n<meta name=\"twitter:creator\" content=\"@ElBPJ\" \/>\n<meta name=\"twitter:site\" content=\"@ElBPJ\" \/>\n<meta name=\"twitter:label1\" content=\"Escrito por\" \/>\n\t<meta name=\"twitter:data1\" content=\"Bloque Popular Juvenil - BPJ\" \/>\n\t<meta name=\"twitter:label2\" content=\"Tiempo de lectura\" \/>\n\t<meta name=\"twitter:data2\" content=\"10 minutos\" \/>\n<script type=\"application\/ld+json\" class=\"yoast-schema-graph\">{\"@context\":\"https:\/\/schema.org\",\"@graph\":[{\"@type\":\"Article\",\"@id\":\"https:\/\/elcomunista.org\/?p=2236#article\",\"isPartOf\":{\"@id\":\"https:\/\/elcomunista.org\/?p=2236\"},\"author\":{\"name\":\"Bloque Popular Juvenil - BPJ\",\"@id\":\"https:\/\/elcomunista.org\/#\/schema\/person\/d50bb2c762b8ef7103b39fa3274cabac\"},\"headline\":\"La \u00abdemocracia de la UES\u00bb anula elecciones en Humanidades\",\"datePublished\":\"2018-01-27T18:42:13+00:00\",\"dateModified\":\"2018-02-24T02:56:14+00:00\",\"mainEntityOfPage\":{\"@id\":\"https:\/\/elcomunista.org\/?p=2236\"},\"wordCount\":2057,\"commentCount\":0,\"publisher\":{\"@id\":\"https:\/\/elcomunista.org\/#organization\"},\"image\":{\"@id\":\"https:\/\/elcomunista.org\/?p=2236#primaryimage\"},\"thumbnailUrl\":\"https:\/\/elcomunista.org\/wp-content\/uploads\/2018\/01\/fnac09122017ceues010.jpg_525981578.jpg\",\"articleSection\":[\"Juventud y Educaci\u00f3n\",\"Pol\u00edtica\"],\"inLanguage\":\"es\",\"potentialAction\":[{\"@type\":\"CommentAction\",\"name\":\"Comment\",\"target\":[\"https:\/\/elcomunista.org\/?p=2236#respond\"]}]},{\"@type\":\"WebPage\",\"@id\":\"https:\/\/elcomunista.org\/?p=2236\",\"url\":\"https:\/\/elcomunista.org\/?p=2236\",\"name\":\"La \\\"democracia de la UES\\\" anula elecciones en Humanidades\",\"isPartOf\":{\"@id\":\"https:\/\/elcomunista.org\/#website\"},\"primaryImageOfPage\":{\"@id\":\"https:\/\/elcomunista.org\/?p=2236#primaryimage\"},\"image\":{\"@id\":\"https:\/\/elcomunista.org\/?p=2236#primaryimage\"},\"thumbnailUrl\":\"https:\/\/elcomunista.org\/wp-content\/uploads\/2018\/01\/fnac09122017ceues010.jpg_525981578.jpg\",\"datePublished\":\"2018-01-27T18:42:13+00:00\",\"dateModified\":\"2018-02-24T02:56:14+00:00\",\"breadcrumb\":{\"@id\":\"https:\/\/elcomunista.org\/?p=2236#breadcrumb\"},\"inLanguage\":\"es\",\"potentialAction\":[{\"@type\":\"ReadAction\",\"target\":[\"https:\/\/elcomunista.org\/?p=2236\"]}]},{\"@type\":\"ImageObject\",\"inLanguage\":\"es\",\"@id\":\"https:\/\/elcomunista.org\/?p=2236#primaryimage\",\"url\":\"https:\/\/elcomunista.org\/wp-content\/uploads\/2018\/01\/fnac09122017ceues010.jpg_525981578.jpg\",\"contentUrl\":\"https:\/\/elcomunista.org\/wp-content\/uploads\/2018\/01\/fnac09122017ceues010.jpg_525981578.jpg\",\"width\":790,\"height\":440},{\"@type\":\"BreadcrumbList\",\"@id\":\"https:\/\/elcomunista.org\/?p=2236#breadcrumb\",\"itemListElement\":[{\"@type\":\"ListItem\",\"position\":1,\"name\":\"Portada\",\"item\":\"https:\/\/elcomunista.org\/\"},{\"@type\":\"ListItem\",\"position\":2,\"name\":\"La \u00abdemocracia de la UES\u00bb anula elecciones en Humanidades\"}]},{\"@type\":\"WebSite\",\"@id\":\"https:\/\/elcomunista.org\/#website\",\"url\":\"https:\/\/elcomunista.org\/\",\"name\":\"Revoluci\u00f3n Comunista\",\"description\":\"Internacional Comunista Revolucionaria\",\"publisher\":{\"@id\":\"https:\/\/elcomunista.org\/#organization\"},\"potentialAction\":[{\"@type\":\"SearchAction\",\"target\":{\"@type\":\"EntryPoint\",\"urlTemplate\":\"https:\/\/elcomunista.org\/?s={search_term_string}\"},\"query-input\":{\"@type\":\"PropertyValueSpecification\",\"valueRequired\":true,\"valueName\":\"search_term_string\"}}],\"inLanguage\":\"es\"},{\"@type\":\"Organization\",\"@id\":\"https:\/\/elcomunista.org\/#organization\",\"name\":\"Bloque Popular Juvenil\",\"url\":\"https:\/\/elcomunista.org\/\",\"logo\":{\"@type\":\"ImageObject\",\"inLanguage\":\"es\",\"@id\":\"https:\/\/elcomunista.org\/#\/schema\/logo\/image\/\",\"url\":\"https:\/\/bloquepopularjuvenil.org\/wp-content\/uploads\/2018\/11\/bpj-militante.jpg\",\"contentUrl\":\"https:\/\/bloquepopularjuvenil.org\/wp-content\/uploads\/2018\/11\/bpj-militante.jpg\",\"width\":4000,\"height\":1390,\"caption\":\"Bloque Popular Juvenil\"},\"image\":{\"@id\":\"https:\/\/elcomunista.org\/#\/schema\/logo\/image\/\"},\"sameAs\":[\"https:\/\/www.facebook.com\/Bloquepopularjuvenil\",\"https:\/\/x.com\/ElBPJ\",\"https:\/\/www.instagram.com\/elbloque_bpj\/?hl=es-la\"]},{\"@type\":\"Person\",\"@id\":\"https:\/\/elcomunista.org\/#\/schema\/person\/d50bb2c762b8ef7103b39fa3274cabac\",\"name\":\"Bloque Popular Juvenil - BPJ\",\"image\":{\"@type\":\"ImageObject\",\"inLanguage\":\"es\",\"@id\":\"https:\/\/elcomunista.org\/#\/schema\/person\/image\/\",\"url\":\"https:\/\/secure.gravatar.com\/avatar\/54f2714055179ee997c1ece7c2c03153?s=96&d=mm&r=g\",\"contentUrl\":\"https:\/\/secure.gravatar.com\/avatar\/54f2714055179ee997c1ece7c2c03153?s=96&d=mm&r=g\",\"caption\":\"Bloque Popular Juvenil - BPJ\"},\"url\":\"https:\/\/elcomunista.org\/?author=2\"}]}<\/script>\n<!-- \/ Yoast SEO plugin. -->","yoast_head_json":{"title":"La \"democracia de la UES\" anula elecciones en Humanidades","robots":{"index":"index","follow":"follow","max-snippet":"max-snippet:-1","max-image-preview":"max-image-preview:large","max-video-preview":"max-video-preview:-1"},"canonical":"https:\/\/elcomunista.org\/?p=2236","og_locale":"es_ES","og_type":"article","og_title":"La \"democracia de la UES\" anula elecciones en Humanidades","og_description":"Escrito por: Fuerza de Acci\u00f3n Universitaria Contexto Desde las \u00faltimas luchas estudiantiles que desglosaron en los infantilismos del caso Belloso, y exceptuando otros episodios de lucha en el lustre 2010-15, muy peque\u00f1os y de corto alcance, la Universidad de El Salvador, siendo parte del Estado burgu\u00e9s de El Salvador se ha acoplado a una din\u00e1mica...","og_url":"https:\/\/elcomunista.org\/?p=2236","og_site_name":"Revoluci\u00f3n Comunista","article_publisher":"https:\/\/www.facebook.com\/Bloquepopularjuvenil","article_published_time":"2018-01-27T18:42:13+00:00","article_modified_time":"2018-02-24T02:56:14+00:00","og_image":[{"width":790,"height":440,"url":"https:\/\/elcomunista.org\/wp-content\/uploads\/2018\/01\/fnac09122017ceues010.jpg_525981578.jpg","type":"image\/jpeg"}],"author":"Bloque Popular Juvenil - BPJ","twitter_card":"summary_large_image","twitter_creator":"@ElBPJ","twitter_site":"@ElBPJ","twitter_misc":{"Escrito por":"Bloque Popular Juvenil - BPJ","Tiempo de lectura":"10 minutos"},"schema":{"@context":"https:\/\/schema.org","@graph":[{"@type":"Article","@id":"https:\/\/elcomunista.org\/?p=2236#article","isPartOf":{"@id":"https:\/\/elcomunista.org\/?p=2236"},"author":{"name":"Bloque Popular Juvenil - BPJ","@id":"https:\/\/elcomunista.org\/#\/schema\/person\/d50bb2c762b8ef7103b39fa3274cabac"},"headline":"La \u00abdemocracia de la UES\u00bb anula elecciones en Humanidades","datePublished":"2018-01-27T18:42:13+00:00","dateModified":"2018-02-24T02:56:14+00:00","mainEntityOfPage":{"@id":"https:\/\/elcomunista.org\/?p=2236"},"wordCount":2057,"commentCount":0,"publisher":{"@id":"https:\/\/elcomunista.org\/#organization"},"image":{"@id":"https:\/\/elcomunista.org\/?p=2236#primaryimage"},"thumbnailUrl":"https:\/\/elcomunista.org\/wp-content\/uploads\/2018\/01\/fnac09122017ceues010.jpg_525981578.jpg","articleSection":["Juventud y Educaci\u00f3n","Pol\u00edtica"],"inLanguage":"es","potentialAction":[{"@type":"CommentAction","name":"Comment","target":["https:\/\/elcomunista.org\/?p=2236#respond"]}]},{"@type":"WebPage","@id":"https:\/\/elcomunista.org\/?p=2236","url":"https:\/\/elcomunista.org\/?p=2236","name":"La \"democracia de la UES\" anula elecciones en Humanidades","isPartOf":{"@id":"https:\/\/elcomunista.org\/#website"},"primaryImageOfPage":{"@id":"https:\/\/elcomunista.org\/?p=2236#primaryimage"},"image":{"@id":"https:\/\/elcomunista.org\/?p=2236#primaryimage"},"thumbnailUrl":"https:\/\/elcomunista.org\/wp-content\/uploads\/2018\/01\/fnac09122017ceues010.jpg_525981578.jpg","datePublished":"2018-01-27T18:42:13+00:00","dateModified":"2018-02-24T02:56:14+00:00","breadcrumb":{"@id":"https:\/\/elcomunista.org\/?p=2236#breadcrumb"},"inLanguage":"es","potentialAction":[{"@type":"ReadAction","target":["https:\/\/elcomunista.org\/?p=2236"]}]},{"@type":"ImageObject","inLanguage":"es","@id":"https:\/\/elcomunista.org\/?p=2236#primaryimage","url":"https:\/\/elcomunista.org\/wp-content\/uploads\/2018\/01\/fnac09122017ceues010.jpg_525981578.jpg","contentUrl":"https:\/\/elcomunista.org\/wp-content\/uploads\/2018\/01\/fnac09122017ceues010.jpg_525981578.jpg","width":790,"height":440},{"@type":"BreadcrumbList","@id":"https:\/\/elcomunista.org\/?p=2236#breadcrumb","itemListElement":[{"@type":"ListItem","position":1,"name":"Portada","item":"https:\/\/elcomunista.org\/"},{"@type":"ListItem","position":2,"name":"La \u00abdemocracia de la UES\u00bb anula elecciones en Humanidades"}]},{"@type":"WebSite","@id":"https:\/\/elcomunista.org\/#website","url":"https:\/\/elcomunista.org\/","name":"Revoluci\u00f3n Comunista","description":"Internacional Comunista Revolucionaria","publisher":{"@id":"https:\/\/elcomunista.org\/#organization"},"potentialAction":[{"@type":"SearchAction","target":{"@type":"EntryPoint","urlTemplate":"https:\/\/elcomunista.org\/?s={search_term_string}"},"query-input":{"@type":"PropertyValueSpecification","valueRequired":true,"valueName":"search_term_string"}}],"inLanguage":"es"},{"@type":"Organization","@id":"https:\/\/elcomunista.org\/#organization","name":"Bloque Popular Juvenil","url":"https:\/\/elcomunista.org\/","logo":{"@type":"ImageObject","inLanguage":"es","@id":"https:\/\/elcomunista.org\/#\/schema\/logo\/image\/","url":"https:\/\/bloquepopularjuvenil.org\/wp-content\/uploads\/2018\/11\/bpj-militante.jpg","contentUrl":"https:\/\/bloquepopularjuvenil.org\/wp-content\/uploads\/2018\/11\/bpj-militante.jpg","width":4000,"height":1390,"caption":"Bloque Popular Juvenil"},"image":{"@id":"https:\/\/elcomunista.org\/#\/schema\/logo\/image\/"},"sameAs":["https:\/\/www.facebook.com\/Bloquepopularjuvenil","https:\/\/x.com\/ElBPJ","https:\/\/www.instagram.com\/elbloque_bpj\/?hl=es-la"]},{"@type":"Person","@id":"https:\/\/elcomunista.org\/#\/schema\/person\/d50bb2c762b8ef7103b39fa3274cabac","name":"Bloque Popular Juvenil - BPJ","image":{"@type":"ImageObject","inLanguage":"es","@id":"https:\/\/elcomunista.org\/#\/schema\/person\/image\/","url":"https:\/\/secure.gravatar.com\/avatar\/54f2714055179ee997c1ece7c2c03153?s=96&d=mm&r=g","contentUrl":"https:\/\/secure.gravatar.com\/avatar\/54f2714055179ee997c1ece7c2c03153?s=96&d=mm&r=g","caption":"Bloque Popular Juvenil - BPJ"},"url":"https:\/\/elcomunista.org\/?author=2"}]}},"jetpack_featured_media_url":"https:\/\/elcomunista.org\/wp-content\/uploads\/2018\/01\/fnac09122017ceues010.jpg_525981578.jpg","jetpack_likes_enabled":true,"jetpack_sharing_enabled":true,"_links":{"self":[{"href":"https:\/\/elcomunista.org\/index.php?rest_route=\/wp\/v2\/posts\/2236"}],"collection":[{"href":"https:\/\/elcomunista.org\/index.php?rest_route=\/wp\/v2\/posts"}],"about":[{"href":"https:\/\/elcomunista.org\/index.php?rest_route=\/wp\/v2\/types\/post"}],"author":[{"embeddable":true,"href":"https:\/\/elcomunista.org\/index.php?rest_route=\/wp\/v2\/users\/2"}],"replies":[{"embeddable":true,"href":"https:\/\/elcomunista.org\/index.php?rest_route=%2Fwp%2Fv2%2Fcomments&post=2236"}],"version-history":[{"count":0,"href":"https:\/\/elcomunista.org\/index.php?rest_route=\/wp\/v2\/posts\/2236\/revisions"}],"wp:featuredmedia":[{"embeddable":true,"href":"https:\/\/elcomunista.org\/index.php?rest_route=\/wp\/v2\/media\/2432"}],"wp:attachment":[{"href":"https:\/\/elcomunista.org\/index.php?rest_route=%2Fwp%2Fv2%2Fmedia&parent=2236"}],"wp:term":[{"taxonomy":"category","embeddable":true,"href":"https:\/\/elcomunista.org\/index.php?rest_route=%2Fwp%2Fv2%2Fcategories&post=2236"},{"taxonomy":"post_tag","embeddable":true,"href":"https:\/\/elcomunista.org\/index.php?rest_route=%2Fwp%2Fv2%2Ftags&post=2236"}],"curies":[{"name":"wp","href":"https:\/\/api.w.org\/{rel}","templated":true}]}}