{"id":2353,"date":"2018-02-20T17:12:53","date_gmt":"2018-02-20T17:12:53","guid":{"rendered":"http:\/\/bloquepopularjuvenil.org\/?p=2353"},"modified":"2018-02-20T17:17:10","modified_gmt":"2018-02-20T17:17:10","slug":"aparicion-con-vida-de-manuel-de-jesus-alto-a-la-estigmatizacion-de-la-juventud","status":"publish","type":"post","link":"https:\/\/elcomunista.org\/?p=2353","title":{"rendered":"\u00a1Aparici\u00f3n con vida de Manuel de Jes\u00fas! \u00a1Alto a la estigmatizaci\u00f3n de la juventud!"},"content":{"rendered":"<p><span style=\"color: #000000;\"><strong>Escrito por: Josu\u00e9 Mart\u00ednez<\/strong><\/span><\/p>\n<p>Desde el pasado 16 de enero se encuentra desaparecido Manuel de Jes\u00fas Villeda Alvarenga, mejor conocido como \u201c<strong>MC Bacteria\u201d<\/strong>, fue visto por \u00faltima vez al salir de la casa de su abuela en el departamento de Chalatenango, exactamente en el cant\u00f3n Llano Grande, municipio Concepci\u00f3n Quezaltepeque de donde es originario.<\/p>\n<p>Es un joven visionario y luchador, que siempre ha expresado sus ideas a trav\u00e9s del arte, d\u00e1ndole color a los muros con sus mensajes de paz, libertad y en apoyo a una educaci\u00f3n incluyente; con su m\u00fasica ha denunciado al capitalismo, sus letras est\u00e1n cargadas de la realidad de los trabajadores salvadore\u00f1os, sus rimas condenan la explotaci\u00f3n del hombre por el hombre y critican la pol\u00edtica corrupta de nuestro pa\u00eds.<\/p>\n<p>La represi\u00f3n a la juventud y sobre todo a las personas que difunden un mensaje revolucionario es una constante por parte de la clase dominante, cada vez que se alza una voz que exige libertad, justicia o que est\u00e1 en contra del sistema, los defensores del sistema intentan callarla, la censuran, la a\u00edslan o tratan que sea olvidada. Podemos verlo en el Estado Espa\u00f1ol, donde se lleva a cabo un juicio en contra de un artista de la m\u00fasica que critica los privilegios de la monarqu\u00eda de su pa\u00eds. Aqu\u00ed en El Salvador hemos experimentado la persecuci\u00f3n de poetas, l\u00edderes sociales y hasta religiosos que fueron martirizados en un intento de callar su mensaje de libertad.<\/p>\n<p>Lo anterior es una muestra que se agrega a la incesante lista de motivos para decir con m\u00e1s fuerza que el sistema capitalista y sus aparatos de represi\u00f3n est\u00e1n en una fase decadente, se termin\u00f3 su etapa de aporte y desarrollo a la sociedad. Hoy en d\u00eda este sistema solo busca beneficios para un reducido grupo de personas, a costa de la miseria de la mayor\u00eda; acabando con los recursos de todos para favorecer la acumulaci\u00f3n de sus capitales y defender\u00e1n sus privilegios a capa y espada.<\/p>\n<p>No est\u00e1n claros los motivos de la desaparici\u00f3n de Manuel, pero como marxistas condenamos la estigmatizaci\u00f3n de la juventud y de las diferentes expresiones del arte urbano, nuestros j\u00f3venes merecen oportunidades de desarrollo, espacios recreativos y que se garantice su derecho a la libertad de expresi\u00f3n. No es justo que j\u00f3venes como Manuel sean silenciados por difundir un mensaje antisistema, sus compa\u00f1eros de m\u00fasica exigen una respuesta y piden que se esclarezca este indignante caso dentro del arte salvadore\u00f1o, como j\u00f3venes rechazan la utilizaci\u00f3n de los mismos en la politiquer\u00eda partidaria y se\u00f1alan el abandono y la negligencia sobre el caso.<\/p>\n<p>Como Bloque Popular Juvenil, nos pronunciamos ante estos repugnantes hechos y exigimos se le d\u00e9 el seguimiento profesional que amerita, exhortamos a las instituciones pertinentes a investigar el paradero de Manuel, e invitamos a otras organizaciones a pronunciarse para generar la presi\u00f3n social necesaria hasta llegar a la resoluci\u00f3n del caso.<\/p>\n<p><strong>\u00a1\u00a1\u00a1VIVO SE LO LLEVARON, VIVO LO QUEREMOS!!!<\/strong><\/p>\n","protected":false},"excerpt":{"rendered":"<p>Escrito por: Josu\u00e9 Mart\u00ednez Desde el pasado 16 de enero se encuentra desaparecido Manuel de Jes\u00fas Villeda Alvarenga, mejor conocido como \u201cMC Bacteria\u201d, fue visto por \u00faltima vez al salir de la casa de su abuela en el departamento de Chalatenango, exactamente en el cant\u00f3n Llano Grande, municipio Concepci\u00f3n Quezaltepeque de donde es originario. Es&#8230;<\/p>\n","protected":false},"author":2,"featured_media":2354,"comment_status":"open","ping_status":"open","sticky":false,"template":"","format":"standard","meta":{"_monsterinsights_skip_tracking":false,"_monsterinsights_sitenote_active":false,"_monsterinsights_sitenote_note":"","_monsterinsights_sitenote_category":0,"_uf_show_specific_survey":0,"_uf_disable_surveys":false,"_jetpack_memberships_contains_paid_content":false,"footnotes":""},"categories":[2],"tags":[75,76,74],"class_list":["post-2353","post","type-post","status-publish","format-standard","has-post-thumbnail","hentry","category-nacional","tag-desaparicion","tag-estigmatizacion","tag-juventud"],"aioseo_notices":[],"yoast_head":"<!-- This site is optimized with the Yoast SEO plugin v25.6 - https:\/\/yoast.com\/wordpress\/plugins\/seo\/ -->\n<title>\u00a1Aparici\u00f3n con vida de Manuel de Jes\u00fas! \u00a1Alto a la estigmatizaci\u00f3n de la juventud!<\/title>\n<meta name=\"robots\" content=\"index, follow, max-snippet:-1, max-image-preview:large, max-video-preview:-1\" \/>\n<link rel=\"canonical\" href=\"https:\/\/elcomunista.org\/?p=2353\" \/>\n<meta property=\"og:locale\" content=\"es_ES\" \/>\n<meta property=\"og:type\" content=\"article\" \/>\n<meta property=\"og:title\" content=\"\u00a1Aparici\u00f3n con vida de Manuel de Jes\u00fas! \u00a1Alto a la estigmatizaci\u00f3n de la juventud!\" \/>\n<meta property=\"og:description\" content=\"Escrito por: Josu\u00e9 Mart\u00ednez Desde el pasado 16 de enero se encuentra desaparecido Manuel de Jes\u00fas Villeda Alvarenga, mejor conocido como \u201cMC Bacteria\u201d, fue visto por \u00faltima vez al salir de la casa de su abuela en el departamento de Chalatenango, exactamente en el cant\u00f3n Llano Grande, municipio Concepci\u00f3n Quezaltepeque de donde es originario. Es...\" \/>\n<meta property=\"og:url\" content=\"https:\/\/elcomunista.org\/?p=2353\" \/>\n<meta property=\"og:site_name\" content=\"Revoluci\u00f3n Comunista\" \/>\n<meta property=\"article:publisher\" content=\"https:\/\/www.facebook.com\/Bloquepopularjuvenil\" \/>\n<meta property=\"article:published_time\" content=\"2018-02-20T17:12:53+00:00\" \/>\n<meta property=\"article:modified_time\" content=\"2018-02-20T17:17:10+00:00\" \/>\n<meta property=\"og:image\" content=\"https:\/\/elcomunista.org\/wp-content\/uploads\/2018\/02\/12304112_754385291371783_7895780226580394312_o.jpg\" \/>\n\t<meta property=\"og:image:width\" content=\"612\" \/>\n\t<meta property=\"og:image:height\" content=\"536\" \/>\n\t<meta property=\"og:image:type\" content=\"image\/jpeg\" \/>\n<meta name=\"author\" content=\"Bloque Popular Juvenil - BPJ\" \/>\n<meta name=\"twitter:card\" content=\"summary_large_image\" \/>\n<meta name=\"twitter:creator\" content=\"@ElBPJ\" \/>\n<meta name=\"twitter:site\" content=\"@ElBPJ\" \/>\n<meta name=\"twitter:label1\" content=\"Escrito por\" \/>\n\t<meta name=\"twitter:data1\" content=\"Bloque Popular Juvenil - BPJ\" \/>\n\t<meta name=\"twitter:label2\" content=\"Tiempo de lectura\" \/>\n\t<meta name=\"twitter:data2\" content=\"3 minutos\" \/>\n<script type=\"application\/ld+json\" class=\"yoast-schema-graph\">{\"@context\":\"https:\/\/schema.org\",\"@graph\":[{\"@type\":\"Article\",\"@id\":\"https:\/\/elcomunista.org\/?p=2353#article\",\"isPartOf\":{\"@id\":\"https:\/\/elcomunista.org\/?p=2353\"},\"author\":{\"name\":\"Bloque Popular Juvenil - BPJ\",\"@id\":\"https:\/\/elcomunista.org\/#\/schema\/person\/d50bb2c762b8ef7103b39fa3274cabac\"},\"headline\":\"\u00a1Aparici\u00f3n con vida de Manuel de Jes\u00fas! \u00a1Alto a la estigmatizaci\u00f3n de la juventud!\",\"datePublished\":\"2018-02-20T17:12:53+00:00\",\"dateModified\":\"2018-02-20T17:17:10+00:00\",\"mainEntityOfPage\":{\"@id\":\"https:\/\/elcomunista.org\/?p=2353\"},\"wordCount\":545,\"commentCount\":0,\"publisher\":{\"@id\":\"https:\/\/elcomunista.org\/#organization\"},\"image\":{\"@id\":\"https:\/\/elcomunista.org\/?p=2353#primaryimage\"},\"thumbnailUrl\":\"https:\/\/elcomunista.org\/wp-content\/uploads\/2018\/02\/12304112_754385291371783_7895780226580394312_o.jpg\",\"keywords\":[\"desaparici\u00f3n\",\"estigmatizaci\u00f3n\",\"juventud\"],\"articleSection\":[\"Nacional\"],\"inLanguage\":\"es\",\"potentialAction\":[{\"@type\":\"CommentAction\",\"name\":\"Comment\",\"target\":[\"https:\/\/elcomunista.org\/?p=2353#respond\"]}]},{\"@type\":\"WebPage\",\"@id\":\"https:\/\/elcomunista.org\/?p=2353\",\"url\":\"https:\/\/elcomunista.org\/?p=2353\",\"name\":\"\u00a1Aparici\u00f3n con vida de Manuel de Jes\u00fas! \u00a1Alto a la estigmatizaci\u00f3n de la juventud!\",\"isPartOf\":{\"@id\":\"https:\/\/elcomunista.org\/#website\"},\"primaryImageOfPage\":{\"@id\":\"https:\/\/elcomunista.org\/?p=2353#primaryimage\"},\"image\":{\"@id\":\"https:\/\/elcomunista.org\/?p=2353#primaryimage\"},\"thumbnailUrl\":\"https:\/\/elcomunista.org\/wp-content\/uploads\/2018\/02\/12304112_754385291371783_7895780226580394312_o.jpg\",\"datePublished\":\"2018-02-20T17:12:53+00:00\",\"dateModified\":\"2018-02-20T17:17:10+00:00\",\"breadcrumb\":{\"@id\":\"https:\/\/elcomunista.org\/?p=2353#breadcrumb\"},\"inLanguage\":\"es\",\"potentialAction\":[{\"@type\":\"ReadAction\",\"target\":[\"https:\/\/elcomunista.org\/?p=2353\"]}]},{\"@type\":\"ImageObject\",\"inLanguage\":\"es\",\"@id\":\"https:\/\/elcomunista.org\/?p=2353#primaryimage\",\"url\":\"https:\/\/elcomunista.org\/wp-content\/uploads\/2018\/02\/12304112_754385291371783_7895780226580394312_o.jpg\",\"contentUrl\":\"https:\/\/elcomunista.org\/wp-content\/uploads\/2018\/02\/12304112_754385291371783_7895780226580394312_o.jpg\",\"width\":612,\"height\":536},{\"@type\":\"BreadcrumbList\",\"@id\":\"https:\/\/elcomunista.org\/?p=2353#breadcrumb\",\"itemListElement\":[{\"@type\":\"ListItem\",\"position\":1,\"name\":\"Portada\",\"item\":\"https:\/\/elcomunista.org\/\"},{\"@type\":\"ListItem\",\"position\":2,\"name\":\"\u00a1Aparici\u00f3n con vida de Manuel de Jes\u00fas! \u00a1Alto a la estigmatizaci\u00f3n de la juventud!\"}]},{\"@type\":\"WebSite\",\"@id\":\"https:\/\/elcomunista.org\/#website\",\"url\":\"https:\/\/elcomunista.org\/\",\"name\":\"Revoluci\u00f3n Comunista\",\"description\":\"Internacional Comunista Revolucionaria\",\"publisher\":{\"@id\":\"https:\/\/elcomunista.org\/#organization\"},\"potentialAction\":[{\"@type\":\"SearchAction\",\"target\":{\"@type\":\"EntryPoint\",\"urlTemplate\":\"https:\/\/elcomunista.org\/?s={search_term_string}\"},\"query-input\":{\"@type\":\"PropertyValueSpecification\",\"valueRequired\":true,\"valueName\":\"search_term_string\"}}],\"inLanguage\":\"es\"},{\"@type\":\"Organization\",\"@id\":\"https:\/\/elcomunista.org\/#organization\",\"name\":\"Bloque Popular Juvenil\",\"url\":\"https:\/\/elcomunista.org\/\",\"logo\":{\"@type\":\"ImageObject\",\"inLanguage\":\"es\",\"@id\":\"https:\/\/elcomunista.org\/#\/schema\/logo\/image\/\",\"url\":\"https:\/\/bloquepopularjuvenil.org\/wp-content\/uploads\/2018\/11\/bpj-militante.jpg\",\"contentUrl\":\"https:\/\/bloquepopularjuvenil.org\/wp-content\/uploads\/2018\/11\/bpj-militante.jpg\",\"width\":4000,\"height\":1390,\"caption\":\"Bloque Popular Juvenil\"},\"image\":{\"@id\":\"https:\/\/elcomunista.org\/#\/schema\/logo\/image\/\"},\"sameAs\":[\"https:\/\/www.facebook.com\/Bloquepopularjuvenil\",\"https:\/\/x.com\/ElBPJ\",\"https:\/\/www.instagram.com\/elbloque_bpj\/?hl=es-la\"]},{\"@type\":\"Person\",\"@id\":\"https:\/\/elcomunista.org\/#\/schema\/person\/d50bb2c762b8ef7103b39fa3274cabac\",\"name\":\"Bloque Popular Juvenil - BPJ\",\"image\":{\"@type\":\"ImageObject\",\"inLanguage\":\"es\",\"@id\":\"https:\/\/elcomunista.org\/#\/schema\/person\/image\/\",\"url\":\"https:\/\/secure.gravatar.com\/avatar\/54f2714055179ee997c1ece7c2c03153?s=96&d=mm&r=g\",\"contentUrl\":\"https:\/\/secure.gravatar.com\/avatar\/54f2714055179ee997c1ece7c2c03153?s=96&d=mm&r=g\",\"caption\":\"Bloque Popular Juvenil - BPJ\"},\"url\":\"https:\/\/elcomunista.org\/?author=2\"}]}<\/script>\n<!-- \/ Yoast SEO plugin. -->","yoast_head_json":{"title":"\u00a1Aparici\u00f3n con vida de Manuel de Jes\u00fas! \u00a1Alto a la estigmatizaci\u00f3n de la juventud!","robots":{"index":"index","follow":"follow","max-snippet":"max-snippet:-1","max-image-preview":"max-image-preview:large","max-video-preview":"max-video-preview:-1"},"canonical":"https:\/\/elcomunista.org\/?p=2353","og_locale":"es_ES","og_type":"article","og_title":"\u00a1Aparici\u00f3n con vida de Manuel de Jes\u00fas! \u00a1Alto a la estigmatizaci\u00f3n de la juventud!","og_description":"Escrito por: Josu\u00e9 Mart\u00ednez Desde el pasado 16 de enero se encuentra desaparecido Manuel de Jes\u00fas Villeda Alvarenga, mejor conocido como \u201cMC Bacteria\u201d, fue visto por \u00faltima vez al salir de la casa de su abuela en el departamento de Chalatenango, exactamente en el cant\u00f3n Llano Grande, municipio Concepci\u00f3n Quezaltepeque de donde es originario. Es...","og_url":"https:\/\/elcomunista.org\/?p=2353","og_site_name":"Revoluci\u00f3n Comunista","article_publisher":"https:\/\/www.facebook.com\/Bloquepopularjuvenil","article_published_time":"2018-02-20T17:12:53+00:00","article_modified_time":"2018-02-20T17:17:10+00:00","og_image":[{"width":612,"height":536,"url":"https:\/\/elcomunista.org\/wp-content\/uploads\/2018\/02\/12304112_754385291371783_7895780226580394312_o.jpg","type":"image\/jpeg"}],"author":"Bloque Popular Juvenil - BPJ","twitter_card":"summary_large_image","twitter_creator":"@ElBPJ","twitter_site":"@ElBPJ","twitter_misc":{"Escrito por":"Bloque Popular Juvenil - BPJ","Tiempo de lectura":"3 minutos"},"schema":{"@context":"https:\/\/schema.org","@graph":[{"@type":"Article","@id":"https:\/\/elcomunista.org\/?p=2353#article","isPartOf":{"@id":"https:\/\/elcomunista.org\/?p=2353"},"author":{"name":"Bloque Popular Juvenil - BPJ","@id":"https:\/\/elcomunista.org\/#\/schema\/person\/d50bb2c762b8ef7103b39fa3274cabac"},"headline":"\u00a1Aparici\u00f3n con vida de Manuel de Jes\u00fas! \u00a1Alto a la estigmatizaci\u00f3n de la juventud!","datePublished":"2018-02-20T17:12:53+00:00","dateModified":"2018-02-20T17:17:10+00:00","mainEntityOfPage":{"@id":"https:\/\/elcomunista.org\/?p=2353"},"wordCount":545,"commentCount":0,"publisher":{"@id":"https:\/\/elcomunista.org\/#organization"},"image":{"@id":"https:\/\/elcomunista.org\/?p=2353#primaryimage"},"thumbnailUrl":"https:\/\/elcomunista.org\/wp-content\/uploads\/2018\/02\/12304112_754385291371783_7895780226580394312_o.jpg","keywords":["desaparici\u00f3n","estigmatizaci\u00f3n","juventud"],"articleSection":["Nacional"],"inLanguage":"es","potentialAction":[{"@type":"CommentAction","name":"Comment","target":["https:\/\/elcomunista.org\/?p=2353#respond"]}]},{"@type":"WebPage","@id":"https:\/\/elcomunista.org\/?p=2353","url":"https:\/\/elcomunista.org\/?p=2353","name":"\u00a1Aparici\u00f3n con vida de Manuel de Jes\u00fas! \u00a1Alto a la estigmatizaci\u00f3n de la juventud!","isPartOf":{"@id":"https:\/\/elcomunista.org\/#website"},"primaryImageOfPage":{"@id":"https:\/\/elcomunista.org\/?p=2353#primaryimage"},"image":{"@id":"https:\/\/elcomunista.org\/?p=2353#primaryimage"},"thumbnailUrl":"https:\/\/elcomunista.org\/wp-content\/uploads\/2018\/02\/12304112_754385291371783_7895780226580394312_o.jpg","datePublished":"2018-02-20T17:12:53+00:00","dateModified":"2018-02-20T17:17:10+00:00","breadcrumb":{"@id":"https:\/\/elcomunista.org\/?p=2353#breadcrumb"},"inLanguage":"es","potentialAction":[{"@type":"ReadAction","target":["https:\/\/elcomunista.org\/?p=2353"]}]},{"@type":"ImageObject","inLanguage":"es","@id":"https:\/\/elcomunista.org\/?p=2353#primaryimage","url":"https:\/\/elcomunista.org\/wp-content\/uploads\/2018\/02\/12304112_754385291371783_7895780226580394312_o.jpg","contentUrl":"https:\/\/elcomunista.org\/wp-content\/uploads\/2018\/02\/12304112_754385291371783_7895780226580394312_o.jpg","width":612,"height":536},{"@type":"BreadcrumbList","@id":"https:\/\/elcomunista.org\/?p=2353#breadcrumb","itemListElement":[{"@type":"ListItem","position":1,"name":"Portada","item":"https:\/\/elcomunista.org\/"},{"@type":"ListItem","position":2,"name":"\u00a1Aparici\u00f3n con vida de Manuel de Jes\u00fas! \u00a1Alto a la estigmatizaci\u00f3n de la juventud!"}]},{"@type":"WebSite","@id":"https:\/\/elcomunista.org\/#website","url":"https:\/\/elcomunista.org\/","name":"Revoluci\u00f3n Comunista","description":"Internacional Comunista Revolucionaria","publisher":{"@id":"https:\/\/elcomunista.org\/#organization"},"potentialAction":[{"@type":"SearchAction","target":{"@type":"EntryPoint","urlTemplate":"https:\/\/elcomunista.org\/?s={search_term_string}"},"query-input":{"@type":"PropertyValueSpecification","valueRequired":true,"valueName":"search_term_string"}}],"inLanguage":"es"},{"@type":"Organization","@id":"https:\/\/elcomunista.org\/#organization","name":"Bloque Popular Juvenil","url":"https:\/\/elcomunista.org\/","logo":{"@type":"ImageObject","inLanguage":"es","@id":"https:\/\/elcomunista.org\/#\/schema\/logo\/image\/","url":"https:\/\/bloquepopularjuvenil.org\/wp-content\/uploads\/2018\/11\/bpj-militante.jpg","contentUrl":"https:\/\/bloquepopularjuvenil.org\/wp-content\/uploads\/2018\/11\/bpj-militante.jpg","width":4000,"height":1390,"caption":"Bloque Popular Juvenil"},"image":{"@id":"https:\/\/elcomunista.org\/#\/schema\/logo\/image\/"},"sameAs":["https:\/\/www.facebook.com\/Bloquepopularjuvenil","https:\/\/x.com\/ElBPJ","https:\/\/www.instagram.com\/elbloque_bpj\/?hl=es-la"]},{"@type":"Person","@id":"https:\/\/elcomunista.org\/#\/schema\/person\/d50bb2c762b8ef7103b39fa3274cabac","name":"Bloque Popular Juvenil - BPJ","image":{"@type":"ImageObject","inLanguage":"es","@id":"https:\/\/elcomunista.org\/#\/schema\/person\/image\/","url":"https:\/\/secure.gravatar.com\/avatar\/54f2714055179ee997c1ece7c2c03153?s=96&d=mm&r=g","contentUrl":"https:\/\/secure.gravatar.com\/avatar\/54f2714055179ee997c1ece7c2c03153?s=96&d=mm&r=g","caption":"Bloque Popular Juvenil - BPJ"},"url":"https:\/\/elcomunista.org\/?author=2"}]}},"jetpack_featured_media_url":"https:\/\/elcomunista.org\/wp-content\/uploads\/2018\/02\/12304112_754385291371783_7895780226580394312_o.jpg","jetpack_likes_enabled":true,"jetpack_sharing_enabled":true,"_links":{"self":[{"href":"https:\/\/elcomunista.org\/index.php?rest_route=\/wp\/v2\/posts\/2353"}],"collection":[{"href":"https:\/\/elcomunista.org\/index.php?rest_route=\/wp\/v2\/posts"}],"about":[{"href":"https:\/\/elcomunista.org\/index.php?rest_route=\/wp\/v2\/types\/post"}],"author":[{"embeddable":true,"href":"https:\/\/elcomunista.org\/index.php?rest_route=\/wp\/v2\/users\/2"}],"replies":[{"embeddable":true,"href":"https:\/\/elcomunista.org\/index.php?rest_route=%2Fwp%2Fv2%2Fcomments&post=2353"}],"version-history":[{"count":0,"href":"https:\/\/elcomunista.org\/index.php?rest_route=\/wp\/v2\/posts\/2353\/revisions"}],"wp:featuredmedia":[{"embeddable":true,"href":"https:\/\/elcomunista.org\/index.php?rest_route=\/wp\/v2\/media\/2354"}],"wp:attachment":[{"href":"https:\/\/elcomunista.org\/index.php?rest_route=%2Fwp%2Fv2%2Fmedia&parent=2353"}],"wp:term":[{"taxonomy":"category","embeddable":true,"href":"https:\/\/elcomunista.org\/index.php?rest_route=%2Fwp%2Fv2%2Fcategories&post=2353"},{"taxonomy":"post_tag","embeddable":true,"href":"https:\/\/elcomunista.org\/index.php?rest_route=%2Fwp%2Fv2%2Ftags&post=2353"}],"curies":[{"name":"wp","href":"https:\/\/api.w.org\/{rel}","templated":true}]}}