{"id":2677,"date":"2018-03-09T07:27:17","date_gmt":"2018-03-09T13:27:17","guid":{"rendered":"http:\/\/bloquepopularjuvenil.org\/?p=2677"},"modified":"2018-03-09T07:27:17","modified_gmt":"2018-03-09T13:27:17","slug":"reformismo-carrerismo-y-otros-abundantes-males-ortiz-y-su-deseo-eterno-a-la-presidencia","status":"publish","type":"post","link":"https:\/\/elcomunista.org\/?p=2677","title":{"rendered":"Reformismo, carrerismo y otros abundantes males: Ortiz y su deseo eterno a la presidencia"},"content":{"rendered":"<p style=\"text-align: right;\"><em>\u201cMirar la realidad de frente, no ceder a la l\u00ednea de menor resistencia; llamar al pan pan y al vino vino; decir la verdad a las masas, por amarga que sea (&#8230;)\u00a0<\/em><em>Ayudar a la vanguardia proletaria a comprender el car\u00e1cter general y el ritmo de nuestra \u00e9poca y hacer que fructifique la lucha de masas a trav\u00e9s de consignas cada vez m\u00e1s audaces y medidas organizativas cada vez m\u00e1s combativas\u201d. <\/em><\/p>\n<p style=\"text-align: right;\"><em>Le\u00f3n Trotsky, El programa de transici\u00f3n<\/em><\/p>\n<p><span style=\"color: #800000;\"><strong>Las cosas por su nombre<\/strong><\/span><\/p>\n<p>Hoy sin\u00f3nimo de buena vida es hacer carrera pol\u00edtica, ning\u00fan partido pol\u00edtico y, por ende, muy pocos pol\u00edticos quedan exentos de esto, si fuese posible seguir lucr\u00e1ndose con nuestros impuestos despu\u00e9s de la muerte, no dudemos en afirmar que lo har\u00edan. Sabiendo esto, podemos hacer una defensa ac\u00e9rrima del instrumento tradicional de la clase trabajadora salvadore\u00f1a, el FMLN, no as\u00ed de algunos dirigentes del mismo.<\/p>\n<p>Estamos atravesando un proceso pol\u00edtico importante, las masas comienzan a interesarse en la pol\u00edtica, sobre todo aquellos sectores que no mostraban inter\u00e9s alguno anteriormente, especialmente la juventud. La reciente derrota electoral del FMLN es un claro reflejo del descontento hac\u00eda el que, hasta ahora, ha sido el partido tradicional de las masas; el partido tradicional de la burgues\u00eda ya paso por una crisis similar cuando en 2009 mucha poblaci\u00f3n dejo de votarles y depositaron en el FMLN sus esperanzas, los mov\u00eda la promesa del cambio prometido. Pero las personas necesitan hechos y no promesas, retrasar lo inevitable es lanzarse a la hoguera, muchos saben del pasado pero lastimosamente no aprenden de \u00e9l, por lo cual repiten los mismos errores que ya se han cometido, por ejemplo, la bancarrota de la conciliaci\u00f3n de clases y la alianza con la burgues\u00eda solo fructificaran en algo: el desprestigio ante las masas.<\/p>\n<p>Solo hay un camino y una clase que puede cambiar el futuro de la humanidad, es la clase trabajadora la \u00fanica encargada de esto, por lo que es necesario apuntar con el dedo todo tipo de oportunismo, ya que dentro del FMLN en la actualidad se encuentran muchas personas que claramente no tienen en lo absoluto el deseo de cambiar el sistema actual y la decadencia que acarrea tras de s\u00ed. Tal como la historia lo ha demostrado, ceder ante la clase dominante es servir en bandeja de plata el futuro de nuestro pa\u00eds.<\/p>\n<p><span style=\"color: #800000;\"><strong>Uno m\u00e1s uno no siempre es dos<\/strong><\/span><\/p>\n<p>Hablemos entonces de los que han pasado de ser nada a tener arcas abundantes de dinero, convirtiendo la \u201crevoluci\u00f3n\u201d en una mercanc\u00eda y las herramientas de lucha en una mina de oro, aquellos que restan mucho y suman poco, los que dividen y no multiplican -a menos que se trate del monto en sus bolsillos.<\/p>\n<p>Muchos tras su \u201cardua\u201d tarea dentro de la pol\u00edtica, han llegado a construir grandes empresas, otros utilizan sus empresas -en muchos casos heredadas- para el financiamiento de personajes, esto es t\u00edpico dentro de la derecha, por lo cual la pol\u00edtica se convierte en una empresa de la que hay que recibir ganancias. No cualquiera patrocina una campa\u00f1a sin la intenci\u00f3n de recuperar lo invertido. Detr\u00e1s de esto posiblemente est\u00e1 la \u201cnecesidad\u201d de los sueldos alt\u00edsimos, podemos asegurar que todo en la pol\u00edtica salvadore\u00f1a se maneja bajo la t\u00e1ctica de los favores pol\u00edticos.<\/p>\n<p>Uno m\u00e1s uno no siempre es dos, y as\u00ed como el lobo se viste de oveja, el reformista se viste de \u201crevolucionario\u201d. Perecer\u00e1 ser demasiado fuerte la utilizaci\u00f3n de la palabra \u201creformista\u201d, pero este es adjetivo calificativo con el que nos referiremos a los que profesan querer cambiar el modelo y sistema actual y no lo hacen. Aclaremos tambi\u00e9n que absurdo ser\u00eda que los marxistas nos opusi\u00e9ramos a las reformas, la diferencia est\u00e1 en el uso de estas por los reformistas y los revolucionarios. El abuso de ellas y la idea de que todo se arreglar\u00e1 con peque\u00f1as \u201cmodificaciones\u201d (reformas) y la \u201clucha\u201d dentro del parlamento burgu\u00e9s, en realidad significa nada m\u00e1s ni nada menos que seguir el juego de la clase dominante. <em>\u201c<\/em><em>Para nosotros la participaci\u00f3n en el Estado burgu\u00e9s representa una oportunidad valiosa para luchar por la revoluci\u00f3n, pero tambi\u00e9n representa muchos peligros de degeneraci\u00f3n\u201d<\/em>.<a href=\"#_ftn1\" name=\"_ftnref1\">[1]<\/a> El uso del parlamento burgu\u00e9s se da porque no hay otro espacio legal, pero esto no significa que debe ser eterno o que sea el \u00fanico, sino al contrario, se debe apresurar la implementaci\u00f3n de m\u00e9todos m\u00e1s democr\u00e1ticos para la participaci\u00f3n de las masas en la toma de decisiones.<\/p>\n<p>El Bloque Popular Juvenil tiene un sin n\u00famero de art\u00edculos que nos hablan sobre la aplicaci\u00f3n de un programa t\u00edmido de parte del FMLN, al cumplirse 2 a\u00f1os del actual gobierno se escrib\u00eda lo siguiente: \u201c<em>Hemos sido enf\u00e1ticos que cualquier reforma que impulse nuestro partido ser\u00e1 revertida tarde o temprano, sino se da en un contexto de control de las fuerzas productivas por parte de la clase trabajadora, de democracia obrera, es decir el poder en manos de los trabajadores\u2026\u201d;<\/em> m\u00e1s adelante predice muy acertadamente lo que suceder\u00e1 de no cambiar el sentido t\u00edmido de nuestro partido con las siguientes palabras: <em>\u201cEstas inversiones, y cambios temporales nos gustar\u00eda que fuesen permanentes, pero la clase dominante no se quedar\u00e1 de brazos cruzados y har\u00e1 todo lo posible para que las cosas vuelvan a ser como antes\u201d.<a href=\"#_ftn3\" name=\"_ftnref3\">[2]<\/a><\/em><\/p>\n<p>\u00bfA qu\u00e9 queremos llegar? O \u00bfQu\u00e9 objetivo tiene conocer lo anterior? Es necesario conocer las degeneraciones que se sufren cuando no hay convicci\u00f3n plena en lo que se quiere, el choque de intereses dentro del partido ha dejado las puertas abiertas a arribistas y oportunistas que no tienen ninguna intenci\u00f3n de cambiar el <em>status quo<\/em>. Con el pasar del tiempo el partido tradicional de las masas se ha llenado con este tipo de personajes, y el peligro radica en que estos intentan bajo distintos medios hacerse de la direcci\u00f3n, lo cual significar\u00eda dar pasos gigantes hacia atr\u00e1s, \u00a1aves de rapi\u00f1a! Es la definici\u00f3n m\u00e1s adecuada para referirnos a ellos y la historia nos ha demostrado que estos son cazadores natos que esperan sigilosamente capturar a su presa.<\/p>\n<p>Analicemos el papel de un personaje inmerso en la pol\u00edtica partidaria desde hace ya m\u00e1s de 25 a\u00f1os, personaje que incesantemente ha querido ser un referente en la pol\u00edtica salvadore\u00f1a y dentro del FMLN, pero que cualquiera que le d\u00e9 un seguimiento minucioso identificar\u00e1 que de \u00e9l emana oportunismo y sed de poder.<\/p>\n<p><strong><span style=\"color: #800000;\">Ortiz, m\u00e1s empresario que revolucionario<\/span><\/strong><\/p>\n<p>\u00d3scar Samuel Ortiz Ascencio, un personaje de larga trayectoria dentro del Frente Farabundo Mart\u00ed para la Liberaci\u00f3n Nacional (FMLN), despu\u00e9s de los acuerdos de paz de 1992 es uno de los excombatientes con m\u00e1s tiempo dentro de la pol\u00edtica salvadore\u00f1a, dos periodos legislativos (94-97, 97-2000), alcalde de Santa Tecla en cinco per\u00edodos consecutivos (2000, 2003, 2006, 2009, 2012) y una vicepresidencia (per\u00edodo actual 2014-2019), son algunos de los palmares que se encuentran dentro de su vitrina. Al se\u00f1or Ortiz\u00a0 se le ha identificado como integrante del ala reformista del partido junto con Hugo Mart\u00ednez. Algo hay de bueno en esto y es que al menos se le reconoce abiertamente como fiel ejecutor del reformismo, mientras que otros se esconden bajo la idea del \u201csocialismo del siglo XXI\u201d. No podemos desprestigiar el papel de este personaje en los tiempos de la guerra civil salvadore\u00f1a, la cual era la \u00fanica alternativa en su momento para cambiar de un r\u00e9gimen autoritario a uno con m\u00e1s participaci\u00f3n social, pero hay que decir las cosas como son.<\/p>\n<p>Toda esta basta carrera en la pol\u00edtica, le ha permitido acumular bienes econ\u00f3micos, con lo cual, y no menos esperado, ha logrado establecerse como empresario, esto es casi regla de los pol\u00edticos salvadore\u00f1os (claro que nuestra postura es que esto no suceda). La pol\u00edtica en El Salvador se ha convertido pr\u00e1cticamente en una nueva empresa. Por si fuera poco, podemos observar que en la actualidad un par de empresarios se perfilan para ser presidente de nuestro pa\u00eds, como el caso de ARENA, dando la err\u00f3nea idea de que por el solo hecho de ser empresarios sabr\u00e1n llevar a nuestro pa\u00eds por el rumbo del \u201cprogreso\u201d tal como han hecho con sus empresas, dejando de lado que en su mayor\u00eda las empresas han sido heredadas y que tras de s\u00ed hay una larga historia de explotaci\u00f3n.<\/p>\n<p>Retomando el objetivo del presente, Ort\u00edz, el ex diputado, ex alcalde de Santa Tecla y actual vicepresidente, es muy bueno cuando de multiplicar el dinero se trata, hasta parecer\u00eda haber estudiado alguna carrera af\u00edn a tal ciencia, basta con escucharlo dar un discurso para identificar tal cualidad y elocuencia al hablar de econom\u00eda -podr\u00edamos decir que hasta le brillan los ojos-, durante toda su carrera pol\u00edtica ha representado el ala reformista de derecha dentro del partido, y esto lo ha demostrado en muchas ocasiones con ciertas actitudes represivas hac\u00eda la clase trabajadora, como cuando dijo de los polic\u00edas en la protesta por la mejora de su condiciones de trabajo: \u201c<em>si un polic\u00eda no est\u00e1 a gusto, que busque otro trabajo\u201d; <\/em>pero mientras tanto en las reuniones de los pa\u00edses del tri\u00e1ngulo norte habla del papel importante que estos juegan en la erradicaci\u00f3n de la violencia, o sea, la polic\u00eda juega un papel importante pero le importa poco sus condiciones de vida. F\u00e1cil podemos identificar el perfil de un empresario en \u00e9l y lo podemos comprobar con un p\u00e1rrafo del mismo discurso antes mencionado: <em>\u201c<\/em><em>tenemos un sector privado muy organizado, con mucha visi\u00f3n, con conocimiento de lo que se tiene que hacer y esa es la clave y creo que no hay que tenerle miedo\u201d,<\/em> interesante como contin\u00faa: <em>\u201cGana el pa\u00eds, gana el sector p\u00fablico, gana el sector privado porque nadie pierde cuando tenemos un sector privado m\u00e1s amplio, m\u00e1s fuerte, m\u00e1s din\u00e1mico\u2026\u201d<a href=\"#_ftn5\" name=\"_ftnref5\">[3]<\/a>. <\/em>Las intenciones de desarrollo pueden ser muy buenas, pero \u00bfestamos dispuestos a aceptar que el \u201cdesarrollo\u201d venga a costa de la explotaci\u00f3n de los trabajadores? No hay nada que demuestre lo contrario, es m\u00e1s, hay ejemplos como es el caso de la entrega de incentivos fiscales a\u00a0 las maquilas, a las cuales no se les aplica un paquete de impuestos con la intenci\u00f3n de que se invierta en el pa\u00eds, lo anterior lo \u00fanico que significa es \u00a1financiar e incentivar la explotaci\u00f3n!<\/p>\n<p>Ahora, despu\u00e9s de la postura en pro de los explotadores, claro que nos hacemos la pregunta de \u00bfDe d\u00f3nde ha salido el capital que se encuentra en manos de Ortiz? Y ya antes hemos mencionado que lo m\u00e1s probable es que provenga de su vasta trayectoria pol\u00edtica, como ya se ha mencionado en art\u00edculos anteriores: \u201c<em>el capital acumulado en las manos de estos dirigentes ha sido solo el producto de la porci\u00f3n que la burocracia del Estado burgu\u00e9s extrae a la plusval\u00eda de la clase obrera salvadore\u00f1a<\/em>\u201d,<a href=\"#_ftn6\" name=\"_ftnref6\">[4]<\/a> tambi\u00e9n Ortiz ha salido salpicado por las posibles relaciones con Jos\u00e9 Ad\u00e1n Salazar Uma\u00f1a, mejor conocido como \u201cChepe Diablo\u201d, con el cual se sostiene que tuvo relaciones por la empresa DESARROLLOS MONTECRISTO. Tampoco podemos dejar atr\u00e1s que el vicepresidente posee m\u00e1s de 1 mill\u00f3n de d\u00f3lares del cual no ha podido justificar su procedencia. El personaje al que nos referimos (Ortiz) no parece tener en realidad un perfil si quiera cercano de ser un defensor de los trabajadores.<\/p>\n<p><span style=\"color: #800000;\"><strong>A por la direcci\u00f3n y la presidencia: el conquistador de derrotas.<\/strong><\/span><\/p>\n<p>El se\u00f1or Ortiz sabe muy bien tirar los hilos, pero lastimosamente para \u00e9l no se le da muy bien lo de la pesca, y es que en muchas ocasiones ha tratado de ser un referente, el que est\u00e9 al frente, en otras palabras el \u201cungido\u201d.\u00a0 Muchos han sido los intentos de ser el \u201csupremo l\u00edder\u201d. Parecer\u00eda solamente ser un intento incesante por alimentar el ego.<\/p>\n<p>En 2003 se lanz\u00f3 como precandidato presidencial perdiendo en julio del mismo a\u00f1o contra Schafik Handal en las elecciones internas del partido, lo cual represent\u00f3 su primera derrota por llegar a la presidencia de la rep\u00fablica. En noviembre de 2004 se lanz\u00f3 para ser elegido como Coordinador general del FMLN, la cual perdi\u00f3 frente a Medardo Gonzales, quien se ha mantenido hasta la actualidad en dicho cargo, tal pareciera que Ortiz no ha pose\u00eddo el favor de las bases del partido (posiblemente sea por sus posturas poco revolucionarias). El puesto m\u00e1s alto al que ha podido llegar hasta el momento es como vice presidente de la rep\u00fablica, y tal parece que es a lo m\u00e1s alto que podr\u00e1 aspirar, ya que ha mencionado su deseo de llegar a ser presidente desde finales del 2017<em>: \u201c<\/em><em>En el caso del partido FMLN a\u00fan no hay un tipo de convocatoria para elecci\u00f3n interna para las precandiadaturas a las elecciones del a\u00f1o 2019 pero en el momento que se abra, en el momento que tengamos el llamado de las instancias correspondientes del FMLN nosotros, y en este caso personal, vamos a considerar participar en proceso interno porque creemos que es importante\u201d<\/em>\u00a0[5]<em>.<\/em> Pero la direcci\u00f3n del partido se ha inclinado m\u00e1s hac\u00eda Gerson Mart\u00ednez, como lo ha afirmado Medardo Gonzales: <em>\u201cHemos elegido a nuestro compa\u00f1ero Gerson Mart\u00ednez, para que sea nuestro precandidato presidencial\u201d<\/em>\u00a0[6], a lo cual Ortiz ha reaccionado con las siguientes palabras: \u201c<em>Me parece que Gerson o cualquier otro precandidato que tenga aspiraciones de participar en serio en la contienda, como principio \u00e9tico debe rechazar todo mecanismo vertical y excluyente<\/em>\u201d [7], y a principios de febrero dio la siguiente declaraci\u00f3n, en respuesta a las reiteradas afirmaciones de Medardo Gonzales sobre la decisi\u00f3n de llevar a Gerson a la presidencia, \u00a0a simple vista con gran molestia: <em>\u201c<\/em><em>Su papel no es cargar los dados a favor de una u otra persona en el marco de unas elecciones internas; por el contrario, en este caso, el principal rol de un secretario general es garantizar un proceso democr\u00e1tico y transparente que asegure la legitimidad en los resultados y la mayor participaci\u00f3n de la militancia\u201d. [8]<\/em><\/p>\n<p>Podr\u00edamos casi asegurar que Ortiz se quedar\u00e1 vestido y alborotado, ya que elecciones internas verdaderamente democr\u00e1ticas dentro del partido no habr\u00e1n, ya que estas fueron suprimidas de los procesos del partido en la d\u00e9cada anterior, con el argumento de mantener \u201cunificado\u201d al mismo. No dudamos que al darse lo contrario y ser elegido Ortiz como el candidato a la presidencia y en el caso hipot\u00e9tico de que ganara, este podr\u00eda llegar a convertirle en el Macri de nuestro pa\u00eds o en el Lenin Moreno que traiciona a su partido pol\u00edtico,\u00a0 por lo cual poseemos total desconfianza en este.<\/p>\n<p><strong><span style=\"color: #800000;\">Pandemia: El carrerismo pol\u00edtico en El Salvador<\/span><\/strong><\/p>\n<p>Todo marxista y revolucionario consecuente debe tener claro que la utilizaci\u00f3n del parlamento solo \u00a0es una medida transitoria, no sin\u00f3nimo de trabajo eterno y vida de lujos -banquetes, salarios exorbitantes, seguros m\u00e9dicos millonarios y prestaciones por dem\u00e1s inalcanzables en la vida de un simple obrero-.<\/p>\n<p>La burgues\u00eda como clase dominante no querr\u00e1 soltar todas sus comodidades, ser\u00eda absurdo creer lo contrario y los que en juventud tuvieron nada, no querr\u00e1n dejar una vejez llena de todo. Justo de la misma manera se desenvuelve el carrerismo pol\u00edtico, una expresi\u00f3n que abre pas\u00f3 a la creaci\u00f3n de una burocracia, la misi\u00f3n de esta es: no soltar el hueso mientras se pueda seguir saboreando. Lenin dec\u00eda en una de sus m\u00e1s importante obras <em>El Estado y la Revoluci\u00f3n <\/em>que: <em>\u201c<\/em>Cuando todo el mundo es un <em>bur\u00f3crata<\/em> por turnos, <em>nadie es un bur\u00f3crata<\/em><em>\u201d. <\/em>Con esto, no solo quer\u00eda dar a entender la necesidad de que todos participemos en la construcci\u00f3n de una nueva sociedad, por medio del inter\u00e9s en la pol\u00edtica y en la toma de decisiones que afecten nuestro futuro; sino que pretend\u00eda evitar la burocratizaci\u00f3n del partido, impidiendo que algunos hicieran del carrerismo pol\u00edtico su <em>modus vivendi.<\/em><\/p>\n<p>El carrerismo pol\u00edtico es una forma de perpetuarse en las decisiones (a nadie le preguntan\u00a0 a qui\u00e9n desea como candidato a una u otra instituci\u00f3n del Estado, el poder tiende a ejercerse de manera vertical, y lo \u00fanico que se hace mediante el voto es afirmar o refutar la f\u00f3rmula propuesta) si lo queremos llamar de otra manera es \u201cla dictadura de unos pocos\u201d, no hay un solo ejemplo de lo contrario, luego se hace creer que cada persona ha decidido quien lo gobierna a trav\u00e9s de la \u201cdemocracia representativa\u201d, que simplemente es un parafraseo de la misma democracia burguesa, nos hacen ingenuos cuando no lo somos.<\/p>\n<p>En su programa de transici\u00f3n, el Bloque Popular Juvenil habla sobre algunas \u00a0de las medidas y acciones que se deben tomar para evitar a los carreristas pol\u00edticos con las siguientes palabras: \u201c<em>Cualquier compa\u00f1ero del partido o del sindicato que ocupe un puesto en el Gobierno, Alcald\u00edas, Asamblea Legislativa y parlamento centroamericano <\/em><em>devengaran<\/em><em> un salario obrero, esto no significa necesariamente el salario m\u00ednimo. Se deber\u00e1 garantizar condiciones que cubran lo justo para vivir con su familia dignamente\u201d<\/em>. Continuado de la siguiente manera: \u201c<em>Rechazamos los grandes salarios que hay en los cargos p\u00fablicos. Esto causa que se conviertan en bot\u00edn de muchas personas que quieren llegar a aprovecharse. Tambi\u00e9n provoca la formaci\u00f3n de una capa de bur\u00f3cratas que se acostumbran a la buena vida y se olvidan de la lucha revolucionaria<\/em>\u201d (Programa de Transici\u00f3n del BPJ, 2018, p\u00e1g. 9)<\/p>\n<p>Basado en lo anterior, podemos perfilar en Ortiz a un t\u00edpico carrerista pol\u00edtico, justo como Trotsky llamaba a las personas que se dedicaban a vivir de la pol\u00edtica ya hace muchas d\u00e9cadas, pero el personaje antes descrito no es el \u00fanico dentro del partido con esta etiqueta, y claro, en los dem\u00e1s partidos pol\u00edticos (ARENA, PDC, PCN, GANA), hay una gran cuna de personas que han encontrado dentro de la pol\u00edtica una verdadera mina de oro. La cereza del pastel la pone la corrupci\u00f3n dentro de la pol\u00edtica de nuestro pa\u00eds.<\/p>\n<p>Debemos luchar contra todo tipo de oportunismo, reformismo, ganguerismo, carrerismo y muchos otros males que tanto nos aquejan, realizar una cr\u00edtica ac\u00e9rrima hacia quienes ejercen este tipo de acciones. No podemos desviar nuestra mirada de nuestro objetivo: la construcci\u00f3n del SOCIALISMO en nuestro pa\u00eds, pero Ante todo no podemos de ninguna manera aceptar la crisis dejada por ARENA y administrada por el FMLN.<\/p>\n<p>Las cartas han sido puestas sobre la mesa, o se cambia el rumbo t\u00edmido y nada productivo para los oprimidos y explotados, es decir para la clase trabajadora, o terminas desprestigiado y casi seguramente en el olvido de la historia.<\/p>\n<p style=\"text-align: center;\"><span style=\"color: #800000;\"><strong>\u00a1De cara al sol por un mundo mejor! No hay mal que dure cien a\u00f1os, ni cuerpo que lo resista.<\/strong><\/span><\/p>\n<p style=\"text-align: center;\"><span style=\"color: #800000;\"><strong>\u00a1Organ\u00edzate para luchar!<\/strong><\/span><\/p>\n<p><strong>\u00a0<\/strong><\/p>\n<p>&nbsp;<\/p>\n<hr \/>\n<p>1 Retomado textualmente del art\u00edculo \u201cOrtiz, los \u201cPanam\u00e1 paper\u201d y las tareas de la izquierda en El Salvador del autor Juan de la Cruz: <a href=\"http:\/\/www.bloquepopularjuvenil.org\/node\/1266\">http:\/\/www.bloquepopularjuvenil.org\/node\/1266<\/a><\/p>\n<p>2 Editorial peri\u00f3dico militante #48, julio 2016, A 2 a\u00f1os del gobierno de Salvador-Oscar: Avances, retrocesos y desaf\u00edos, \u00a0autor Bloque Popular Juvenil: <u>http:\/\/www.bloquepopularjuvenil.org\/node\/1294<\/u><\/p>\n<p>3 Retomado del sitio web de la presidencia: <a href=\"http:\/\/www.presidencia.gob.sv\/mensaje-del-vicepresidente-de-la-republica-oscar-ortiz-durante-conferencia-sobre-prosperidad-y-seguridad-en-centroamerica\/\">http:\/\/www.presidencia.gob.sv\/mensaje-del-vicepresidente-de-la-republica-oscar-ortiz-durante-conferencia-sobre-prosperidad-y-seguridad-en-centroamerica\/<\/a><\/p>\n<p>4 Retomado textualmente del art\u00edculo \u201cOrtiz, los &#8216;Panam\u00e1 paper&#8217; y las tareas de la izquierda en El Salvador\u00bb del autor Juan de la Cruz: <a href=\"http:\/\/www.bloquepopularjuvenil.org\/node\/1266\">http:\/\/www.bloquepopularjuvenil.org\/node\/1266<\/a><\/p>\n<p>5 Retomado de la prensa gr\u00e1fica: <a href=\"https:\/\/www.laprensagrafica.com\/elsalvador\/Oscar-Ortiz-considerara--buscar-candidatura-presidencial-del-FMLN-para-elecciones-de-2019-20171106-0087.html\">https:\/\/www.laprensagrafica.com\/elsalvador\/Oscar-Ortiz-considerara&#8211;buscar-candidatura-presidencial-del-FMLN-para-elecciones-de-2019-20171106-0087.html<\/a><\/p>\n<p>6 Retomado de El Salvador.com: <a href=\"http:\/\/www.elsalvador.com\/noticias\/nacional\/441946\/oscar-ortiz-abre-pleito-en-fmln-por-candidatura-de-gerson-martinez\/\">http:\/\/www.elsalvador.com\/noticias\/nacional\/441946\/oscar-ortiz-abre-pleito-en-fmln-por-candidatura-de-gerson-martinez\/<\/a><\/p>\n<p>7 Retomado de El Salvador.com: <a href=\"http:\/\/www.elsalvador.com\/noticias\/nacional\/441946\/oscar-ortiz-abre-pleito-en-fmln-por-candidatura-de-gerson-martinez\/\">http:\/\/www.elsalvador.com\/noticias\/nacional\/441946\/oscar-ortiz-abre-pleito-en-fmln-por-candidatura-de-gerson-martinez\/<\/a><\/p>\n<p>8 Retomado de El Salvador Times: <a href=\"http:\/\/www.elsalvadortimes.com\/articulo\/politicos\/oscar-ortiz-insta-secretario-general-fmln-favorecer-ningun-aspirante-presidencial\/20180206170844036043.html\">http:\/\/www.elsalvadortimes.com\/articulo\/politicos\/oscar-ortiz-insta-secretario-general-fmln-favorecer-ningun-aspirante-presidencial\/20180206170844036043.html<\/a><\/p>\n<p>&nbsp;<\/p>\n<p>&nbsp;<\/p>\n<p><strong>\u00a0<\/strong><\/p>\n<p><a href=\"#_ftnref1\" name=\"_ftn1\"><\/a><\/p>\n<p><a href=\"#_ftnref2\" name=\"_ftn2\"><\/a><\/p>\n<p><a href=\"#_ftnref3\" name=\"_ftn3\"><\/a><\/p>\n<p><a href=\"#_ftnref4\" name=\"_ftn4\"><\/a><\/p>\n<p><a href=\"#_ftnref5\" name=\"_ftn5\"><\/a><\/p>\n<p><a href=\"#_ftnref6\" name=\"_ftn6\"><\/a><\/p>\n","protected":false},"excerpt":{"rendered":"<p>\u201cMirar la realidad de frente, no ceder a la l\u00ednea de menor resistencia; llamar al pan pan y al vino vino; decir la verdad a las masas, por amarga que sea (&#8230;)\u00a0Ayudar a la vanguardia proletaria a comprender el car\u00e1cter general y el ritmo de nuestra \u00e9poca y hacer que fructifique la lucha de masas&#8230;<\/p>\n","protected":false},"author":13,"featured_media":2679,"comment_status":"open","ping_status":"open","sticky":false,"template":"","format":"standard","meta":{"_monsterinsights_skip_tracking":false,"_monsterinsights_sitenote_active":false,"_monsterinsights_sitenote_note":"","_monsterinsights_sitenote_category":0,"_uf_show_specific_survey":0,"_uf_disable_surveys":false,"_jetpack_memberships_contains_paid_content":false,"footnotes":""},"categories":[2,3],"tags":[93,103,107,108],"class_list":["post-2677","post","type-post","status-publish","format-standard","has-post-thumbnail","hentry","category-nacional","category-politica","tag-el-salvador","tag-fmln","tag-oscar-ortiz","tag-vicepresidente"],"aioseo_notices":[],"yoast_head":"<!-- This site is optimized with the Yoast SEO plugin v25.6 - https:\/\/yoast.com\/wordpress\/plugins\/seo\/ -->\n<title>Reformismo, carrerismo y otros abundantes males: Ortiz y su deseo eterno a la presidencia<\/title>\n<meta name=\"robots\" content=\"index, follow, max-snippet:-1, max-image-preview:large, max-video-preview:-1\" \/>\n<link rel=\"canonical\" href=\"https:\/\/elcomunista.org\/?p=2677\" \/>\n<meta property=\"og:locale\" content=\"es_ES\" \/>\n<meta property=\"og:type\" content=\"article\" \/>\n<meta property=\"og:title\" content=\"Reformismo, carrerismo y otros abundantes males: Ortiz y su deseo eterno a la presidencia\" \/>\n<meta property=\"og:description\" content=\"\u201cMirar la realidad de frente, no ceder a la l\u00ednea de menor resistencia; llamar al pan pan y al vino vino; decir la verdad a las masas, por amarga que sea (&#8230;)\u00a0Ayudar a la vanguardia proletaria a comprender el car\u00e1cter general y el ritmo de nuestra \u00e9poca y hacer que fructifique la lucha de masas...\" \/>\n<meta property=\"og:url\" content=\"https:\/\/elcomunista.org\/?p=2677\" \/>\n<meta property=\"og:site_name\" content=\"Revoluci\u00f3n Comunista\" \/>\n<meta property=\"article:publisher\" content=\"https:\/\/www.facebook.com\/Bloquepopularjuvenil\" \/>\n<meta property=\"article:published_time\" content=\"2018-03-09T13:27:17+00:00\" \/>\n<meta property=\"og:image\" content=\"https:\/\/elcomunista.org\/wp-content\/uploads\/2018\/03\/zaQjvvqJQekFzOL-1600x900-noPad.jpg\" \/>\n\t<meta property=\"og:image:width\" content=\"555\" \/>\n\t<meta property=\"og:image:height\" content=\"312\" \/>\n\t<meta property=\"og:image:type\" content=\"image\/jpeg\" \/>\n<meta name=\"author\" content=\"Le\u00f3n G\u00f3mez\" \/>\n<meta name=\"twitter:card\" content=\"summary_large_image\" \/>\n<meta name=\"twitter:creator\" content=\"@ElBPJ\" \/>\n<meta name=\"twitter:site\" content=\"@ElBPJ\" \/>\n<meta name=\"twitter:label1\" content=\"Escrito por\" \/>\n\t<meta name=\"twitter:data1\" content=\"Le\u00f3n G\u00f3mez\" \/>\n\t<meta name=\"twitter:label2\" content=\"Tiempo de lectura\" \/>\n\t<meta name=\"twitter:data2\" content=\"17 minutos\" \/>\n<script type=\"application\/ld+json\" class=\"yoast-schema-graph\">{\"@context\":\"https:\/\/schema.org\",\"@graph\":[{\"@type\":\"Article\",\"@id\":\"https:\/\/elcomunista.org\/?p=2677#article\",\"isPartOf\":{\"@id\":\"https:\/\/elcomunista.org\/?p=2677\"},\"author\":{\"name\":\"Le\u00f3n G\u00f3mez\",\"@id\":\"https:\/\/elcomunista.org\/#\/schema\/person\/9acdfac68bd4031730abd6cc148c874c\"},\"headline\":\"Reformismo, carrerismo y otros abundantes males: Ortiz y su deseo eterno a la presidencia\",\"datePublished\":\"2018-03-09T13:27:17+00:00\",\"mainEntityOfPage\":{\"@id\":\"https:\/\/elcomunista.org\/?p=2677\"},\"wordCount\":3438,\"commentCount\":0,\"publisher\":{\"@id\":\"https:\/\/elcomunista.org\/#organization\"},\"image\":{\"@id\":\"https:\/\/elcomunista.org\/?p=2677#primaryimage\"},\"thumbnailUrl\":\"https:\/\/elcomunista.org\/wp-content\/uploads\/2018\/03\/zaQjvvqJQekFzOL-1600x900-noPad.jpg\",\"keywords\":[\"El Salvador\",\"FMLN\",\"Oscar Ortiz\",\"Vicepresidente\"],\"articleSection\":[\"Nacional\",\"Pol\u00edtica\"],\"inLanguage\":\"es\",\"potentialAction\":[{\"@type\":\"CommentAction\",\"name\":\"Comment\",\"target\":[\"https:\/\/elcomunista.org\/?p=2677#respond\"]}]},{\"@type\":\"WebPage\",\"@id\":\"https:\/\/elcomunista.org\/?p=2677\",\"url\":\"https:\/\/elcomunista.org\/?p=2677\",\"name\":\"Reformismo, carrerismo y otros abundantes males: Ortiz y su deseo eterno a la presidencia\",\"isPartOf\":{\"@id\":\"https:\/\/elcomunista.org\/#website\"},\"primaryImageOfPage\":{\"@id\":\"https:\/\/elcomunista.org\/?p=2677#primaryimage\"},\"image\":{\"@id\":\"https:\/\/elcomunista.org\/?p=2677#primaryimage\"},\"thumbnailUrl\":\"https:\/\/elcomunista.org\/wp-content\/uploads\/2018\/03\/zaQjvvqJQekFzOL-1600x900-noPad.jpg\",\"datePublished\":\"2018-03-09T13:27:17+00:00\",\"breadcrumb\":{\"@id\":\"https:\/\/elcomunista.org\/?p=2677#breadcrumb\"},\"inLanguage\":\"es\",\"potentialAction\":[{\"@type\":\"ReadAction\",\"target\":[\"https:\/\/elcomunista.org\/?p=2677\"]}]},{\"@type\":\"ImageObject\",\"inLanguage\":\"es\",\"@id\":\"https:\/\/elcomunista.org\/?p=2677#primaryimage\",\"url\":\"https:\/\/elcomunista.org\/wp-content\/uploads\/2018\/03\/zaQjvvqJQekFzOL-1600x900-noPad.jpg\",\"contentUrl\":\"https:\/\/elcomunista.org\/wp-content\/uploads\/2018\/03\/zaQjvvqJQekFzOL-1600x900-noPad.jpg\",\"width\":555,\"height\":312},{\"@type\":\"BreadcrumbList\",\"@id\":\"https:\/\/elcomunista.org\/?p=2677#breadcrumb\",\"itemListElement\":[{\"@type\":\"ListItem\",\"position\":1,\"name\":\"Portada\",\"item\":\"https:\/\/elcomunista.org\/\"},{\"@type\":\"ListItem\",\"position\":2,\"name\":\"Reformismo, carrerismo y otros abundantes males: Ortiz y su deseo eterno a la presidencia\"}]},{\"@type\":\"WebSite\",\"@id\":\"https:\/\/elcomunista.org\/#website\",\"url\":\"https:\/\/elcomunista.org\/\",\"name\":\"Revoluci\u00f3n Comunista\",\"description\":\"Internacional Comunista Revolucionaria\",\"publisher\":{\"@id\":\"https:\/\/elcomunista.org\/#organization\"},\"potentialAction\":[{\"@type\":\"SearchAction\",\"target\":{\"@type\":\"EntryPoint\",\"urlTemplate\":\"https:\/\/elcomunista.org\/?s={search_term_string}\"},\"query-input\":{\"@type\":\"PropertyValueSpecification\",\"valueRequired\":true,\"valueName\":\"search_term_string\"}}],\"inLanguage\":\"es\"},{\"@type\":\"Organization\",\"@id\":\"https:\/\/elcomunista.org\/#organization\",\"name\":\"Bloque Popular Juvenil\",\"url\":\"https:\/\/elcomunista.org\/\",\"logo\":{\"@type\":\"ImageObject\",\"inLanguage\":\"es\",\"@id\":\"https:\/\/elcomunista.org\/#\/schema\/logo\/image\/\",\"url\":\"https:\/\/bloquepopularjuvenil.org\/wp-content\/uploads\/2018\/11\/bpj-militante.jpg\",\"contentUrl\":\"https:\/\/bloquepopularjuvenil.org\/wp-content\/uploads\/2018\/11\/bpj-militante.jpg\",\"width\":4000,\"height\":1390,\"caption\":\"Bloque Popular Juvenil\"},\"image\":{\"@id\":\"https:\/\/elcomunista.org\/#\/schema\/logo\/image\/\"},\"sameAs\":[\"https:\/\/www.facebook.com\/Bloquepopularjuvenil\",\"https:\/\/x.com\/ElBPJ\",\"https:\/\/www.instagram.com\/elbloque_bpj\/?hl=es-la\"]},{\"@type\":\"Person\",\"@id\":\"https:\/\/elcomunista.org\/#\/schema\/person\/9acdfac68bd4031730abd6cc148c874c\",\"name\":\"Le\u00f3n G\u00f3mez\",\"image\":{\"@type\":\"ImageObject\",\"inLanguage\":\"es\",\"@id\":\"https:\/\/elcomunista.org\/#\/schema\/person\/image\/\",\"url\":\"https:\/\/secure.gravatar.com\/avatar\/a5d46231976d545519e1c7310c19f053?s=96&d=mm&r=g\",\"contentUrl\":\"https:\/\/secure.gravatar.com\/avatar\/a5d46231976d545519e1c7310c19f053?s=96&d=mm&r=g\",\"caption\":\"Le\u00f3n G\u00f3mez\"},\"url\":\"https:\/\/elcomunista.org\/?author=13\"}]}<\/script>\n<!-- \/ Yoast SEO plugin. -->","yoast_head_json":{"title":"Reformismo, carrerismo y otros abundantes males: Ortiz y su deseo eterno a la presidencia","robots":{"index":"index","follow":"follow","max-snippet":"max-snippet:-1","max-image-preview":"max-image-preview:large","max-video-preview":"max-video-preview:-1"},"canonical":"https:\/\/elcomunista.org\/?p=2677","og_locale":"es_ES","og_type":"article","og_title":"Reformismo, carrerismo y otros abundantes males: Ortiz y su deseo eterno a la presidencia","og_description":"\u201cMirar la realidad de frente, no ceder a la l\u00ednea de menor resistencia; llamar al pan pan y al vino vino; decir la verdad a las masas, por amarga que sea (&#8230;)\u00a0Ayudar a la vanguardia proletaria a comprender el car\u00e1cter general y el ritmo de nuestra \u00e9poca y hacer que fructifique la lucha de masas...","og_url":"https:\/\/elcomunista.org\/?p=2677","og_site_name":"Revoluci\u00f3n Comunista","article_publisher":"https:\/\/www.facebook.com\/Bloquepopularjuvenil","article_published_time":"2018-03-09T13:27:17+00:00","og_image":[{"width":555,"height":312,"url":"https:\/\/elcomunista.org\/wp-content\/uploads\/2018\/03\/zaQjvvqJQekFzOL-1600x900-noPad.jpg","type":"image\/jpeg"}],"author":"Le\u00f3n G\u00f3mez","twitter_card":"summary_large_image","twitter_creator":"@ElBPJ","twitter_site":"@ElBPJ","twitter_misc":{"Escrito por":"Le\u00f3n G\u00f3mez","Tiempo de lectura":"17 minutos"},"schema":{"@context":"https:\/\/schema.org","@graph":[{"@type":"Article","@id":"https:\/\/elcomunista.org\/?p=2677#article","isPartOf":{"@id":"https:\/\/elcomunista.org\/?p=2677"},"author":{"name":"Le\u00f3n G\u00f3mez","@id":"https:\/\/elcomunista.org\/#\/schema\/person\/9acdfac68bd4031730abd6cc148c874c"},"headline":"Reformismo, carrerismo y otros abundantes males: Ortiz y su deseo eterno a la presidencia","datePublished":"2018-03-09T13:27:17+00:00","mainEntityOfPage":{"@id":"https:\/\/elcomunista.org\/?p=2677"},"wordCount":3438,"commentCount":0,"publisher":{"@id":"https:\/\/elcomunista.org\/#organization"},"image":{"@id":"https:\/\/elcomunista.org\/?p=2677#primaryimage"},"thumbnailUrl":"https:\/\/elcomunista.org\/wp-content\/uploads\/2018\/03\/zaQjvvqJQekFzOL-1600x900-noPad.jpg","keywords":["El Salvador","FMLN","Oscar Ortiz","Vicepresidente"],"articleSection":["Nacional","Pol\u00edtica"],"inLanguage":"es","potentialAction":[{"@type":"CommentAction","name":"Comment","target":["https:\/\/elcomunista.org\/?p=2677#respond"]}]},{"@type":"WebPage","@id":"https:\/\/elcomunista.org\/?p=2677","url":"https:\/\/elcomunista.org\/?p=2677","name":"Reformismo, carrerismo y otros abundantes males: Ortiz y su deseo eterno a la presidencia","isPartOf":{"@id":"https:\/\/elcomunista.org\/#website"},"primaryImageOfPage":{"@id":"https:\/\/elcomunista.org\/?p=2677#primaryimage"},"image":{"@id":"https:\/\/elcomunista.org\/?p=2677#primaryimage"},"thumbnailUrl":"https:\/\/elcomunista.org\/wp-content\/uploads\/2018\/03\/zaQjvvqJQekFzOL-1600x900-noPad.jpg","datePublished":"2018-03-09T13:27:17+00:00","breadcrumb":{"@id":"https:\/\/elcomunista.org\/?p=2677#breadcrumb"},"inLanguage":"es","potentialAction":[{"@type":"ReadAction","target":["https:\/\/elcomunista.org\/?p=2677"]}]},{"@type":"ImageObject","inLanguage":"es","@id":"https:\/\/elcomunista.org\/?p=2677#primaryimage","url":"https:\/\/elcomunista.org\/wp-content\/uploads\/2018\/03\/zaQjvvqJQekFzOL-1600x900-noPad.jpg","contentUrl":"https:\/\/elcomunista.org\/wp-content\/uploads\/2018\/03\/zaQjvvqJQekFzOL-1600x900-noPad.jpg","width":555,"height":312},{"@type":"BreadcrumbList","@id":"https:\/\/elcomunista.org\/?p=2677#breadcrumb","itemListElement":[{"@type":"ListItem","position":1,"name":"Portada","item":"https:\/\/elcomunista.org\/"},{"@type":"ListItem","position":2,"name":"Reformismo, carrerismo y otros abundantes males: Ortiz y su deseo eterno a la presidencia"}]},{"@type":"WebSite","@id":"https:\/\/elcomunista.org\/#website","url":"https:\/\/elcomunista.org\/","name":"Revoluci\u00f3n Comunista","description":"Internacional Comunista Revolucionaria","publisher":{"@id":"https:\/\/elcomunista.org\/#organization"},"potentialAction":[{"@type":"SearchAction","target":{"@type":"EntryPoint","urlTemplate":"https:\/\/elcomunista.org\/?s={search_term_string}"},"query-input":{"@type":"PropertyValueSpecification","valueRequired":true,"valueName":"search_term_string"}}],"inLanguage":"es"},{"@type":"Organization","@id":"https:\/\/elcomunista.org\/#organization","name":"Bloque Popular Juvenil","url":"https:\/\/elcomunista.org\/","logo":{"@type":"ImageObject","inLanguage":"es","@id":"https:\/\/elcomunista.org\/#\/schema\/logo\/image\/","url":"https:\/\/bloquepopularjuvenil.org\/wp-content\/uploads\/2018\/11\/bpj-militante.jpg","contentUrl":"https:\/\/bloquepopularjuvenil.org\/wp-content\/uploads\/2018\/11\/bpj-militante.jpg","width":4000,"height":1390,"caption":"Bloque Popular Juvenil"},"image":{"@id":"https:\/\/elcomunista.org\/#\/schema\/logo\/image\/"},"sameAs":["https:\/\/www.facebook.com\/Bloquepopularjuvenil","https:\/\/x.com\/ElBPJ","https:\/\/www.instagram.com\/elbloque_bpj\/?hl=es-la"]},{"@type":"Person","@id":"https:\/\/elcomunista.org\/#\/schema\/person\/9acdfac68bd4031730abd6cc148c874c","name":"Le\u00f3n G\u00f3mez","image":{"@type":"ImageObject","inLanguage":"es","@id":"https:\/\/elcomunista.org\/#\/schema\/person\/image\/","url":"https:\/\/secure.gravatar.com\/avatar\/a5d46231976d545519e1c7310c19f053?s=96&d=mm&r=g","contentUrl":"https:\/\/secure.gravatar.com\/avatar\/a5d46231976d545519e1c7310c19f053?s=96&d=mm&r=g","caption":"Le\u00f3n G\u00f3mez"},"url":"https:\/\/elcomunista.org\/?author=13"}]}},"jetpack_featured_media_url":"https:\/\/elcomunista.org\/wp-content\/uploads\/2018\/03\/zaQjvvqJQekFzOL-1600x900-noPad.jpg","jetpack_likes_enabled":true,"jetpack_sharing_enabled":true,"_links":{"self":[{"href":"https:\/\/elcomunista.org\/index.php?rest_route=\/wp\/v2\/posts\/2677"}],"collection":[{"href":"https:\/\/elcomunista.org\/index.php?rest_route=\/wp\/v2\/posts"}],"about":[{"href":"https:\/\/elcomunista.org\/index.php?rest_route=\/wp\/v2\/types\/post"}],"author":[{"embeddable":true,"href":"https:\/\/elcomunista.org\/index.php?rest_route=\/wp\/v2\/users\/13"}],"replies":[{"embeddable":true,"href":"https:\/\/elcomunista.org\/index.php?rest_route=%2Fwp%2Fv2%2Fcomments&post=2677"}],"version-history":[{"count":0,"href":"https:\/\/elcomunista.org\/index.php?rest_route=\/wp\/v2\/posts\/2677\/revisions"}],"wp:featuredmedia":[{"embeddable":true,"href":"https:\/\/elcomunista.org\/index.php?rest_route=\/wp\/v2\/media\/2679"}],"wp:attachment":[{"href":"https:\/\/elcomunista.org\/index.php?rest_route=%2Fwp%2Fv2%2Fmedia&parent=2677"}],"wp:term":[{"taxonomy":"category","embeddable":true,"href":"https:\/\/elcomunista.org\/index.php?rest_route=%2Fwp%2Fv2%2Fcategories&post=2677"},{"taxonomy":"post_tag","embeddable":true,"href":"https:\/\/elcomunista.org\/index.php?rest_route=%2Fwp%2Fv2%2Ftags&post=2677"}],"curies":[{"name":"wp","href":"https:\/\/api.w.org\/{rel}","templated":true}]}}