{"id":2681,"date":"2018-03-09T15:14:17","date_gmt":"2018-03-09T21:14:17","guid":{"rendered":"http:\/\/bloquepopularjuvenil.org\/?p=2681"},"modified":"2018-03-10T11:14:27","modified_gmt":"2018-03-10T17:14:27","slug":"carta-abierta-al-fmln-rediscutir-nuestra-tactica-y-principios-debemos-regresar-al-marxismo-revolucionario","status":"publish","type":"post","link":"https:\/\/elcomunista.org\/?p=2681","title":{"rendered":"Carta abierta al FMLN: \u00a1Rediscutir nuestra t\u00e1ctica y principios: debemos regresar al marxismo revolucionario!"},"content":{"rendered":"<p>Durante a\u00f1os la direcci\u00f3n de nuestro partido ha intentado pintar un cuadro optimista de la situaci\u00f3n: \u201ctodos los planes han sido correctos, estamos en el rumbo ideal, hemos mejorado las condiciones de vida de las masas\u201d y cosas por el estilo. En esa l\u00ednea han mantenido una pol\u00edtica que lejos de acercarnos a las masas obreras nos han distanciado cada vez m\u00e1s de ellas, la confianza que se nos fue depositada en la \u00faltima d\u00e9cada ha desaparecido y ha sido sustituida por una apat\u00eda cada vez mayor. La obstinaci\u00f3n de la direcci\u00f3n por abandonar un programa revolucionario y aferrarse a los curules legislativos ha impedido afrontar de manera revolucionaria la crisis capitalista en la que estamos sumergidos desde hace a\u00f1os. En lugar de llamados a la clase obrera para que luche, nuestros dirigentes nos dec\u00edan una y otra vez que desde el parlamento solucionar\u00edan las cosas y que por lo tanto deb\u00edamos dejar en sus ingeniosas mentes y h\u00e1biles manos lo que le correspond\u00eda a la clase obrera conquistar en las calles y en las f\u00e1bricas. En el pasado ya hab\u00edamos dicho que tarde o temprano esta incomprensi\u00f3n de la situaci\u00f3n objetiva pasar\u00eda factura al partido, ese momento ha llegado, los resultados en las \u00faltimas elecciones eran ya sabidos no solo por la direcci\u00f3n sino que tambi\u00e9n un amplio sector de las bases ten\u00edamos claro que resultar\u00eda dif\u00edcil salir bien librados de este proceso.<\/p>\n<p>Est\u00e1 claro que Arena no se ha fortalecido en estas elecciones, al igual que el FMLN han perdido votantes, a pesar de esto la enorme cantidad de votantes que nuestro partido ha perdido permiti\u00f3 que esta recuperar\u00e1 una cantidad aplastante de alcald\u00edas y diputaciones. Sin embargo, el descr\u00e9dito general de las viejas instituciones y partidos no aseguran ninguna estabilidad para la pr\u00f3xima Asamblea Legislativa, por muy dominada por la derecha que se encuentre, ninguna contrarreforma ser\u00e1 impulsada sin el temor a que las masas estallen y salgan a las calles.<\/p>\n<p>El pr\u00f3ximo periodo ser\u00e1 decisivo no solo para el proletariado, sino que para nuestro mismo partido, no exageramos al decir que si no se realiza un cambio t\u00e1ctico y totalmente opuesto a los que desde la direcci\u00f3n\u00a0 se nos ha dicho que debe hacerse corremos el riesgo de desaparecer, la debilidad de nuestro partido por lo tanto est\u00e1 ligada de manera indisoluble a los lineamientos de la actual Comisi\u00f3n Pol\u00edtica, esta podr\u00eda quedar mucho m\u00e1s claro si analizamos algunos aspectos te\u00f3ricos que han fundamentado el accionar del FMLN en el \u00faltimo periodo.<\/p>\n<p><strong><span style=\"color: #800000;\">\u00bfRevoluci\u00f3n democr\u00e1tica con rumbo al socialismo?<\/span><\/strong><\/p>\n<p>Los marxistas luchamos por la edificaci\u00f3n del socialismo como \u00fanica alternativa para las masas trabajadoras, a sabiendas que esta tarea debe ser realizada de manera consiente por la clase obrera no despreciamos ning\u00fan espacio que nos sirva para elevar la conciencia de las masas: los sindicatos, los partidos pol\u00edticos, los parlamentos y las municipalidades ofrecen un espacio ideal para poder agitar a la clase obrera, de realizarlo de manera correcta podr\u00eda oxigenar los \u00e1nimos de combate de los trabajadores. Sin embargo, esto implica que en los momentos de auge del movimiento no pueden existir vacilaciones, o se da un golpe certero al capital o este resurgir\u00e1 de nuevo y de una manera m\u00e1s reaccionaria, para los revolucionarios el factor tiempo es apremiante. El a\u00f1o 2009 estuvo marcado por un fermento que adquiri\u00f3 matices revolucionarios, no solo la campa\u00f1a electoral previa a las presidenciales denotaba entusiasmo y acerc\u00f3 a las nuevas capas j\u00f3venes de trabajadores a nuestro partido, muy a pesar de llevar a Funes como candidato, sin embargo, la revoluci\u00f3n no estaba en las mentes de nuestra direcci\u00f3n en ese momento, sino que basados en la teor\u00eda de la revoluci\u00f3n democr\u00e1tica se ve\u00eda a las masas simplemente como votantes que asegurar\u00edan la permanencia de los diputados en sus sillones, esto es a lo que denominaron Marx y Engels como cretinismo parlamentario este \u00faltimo lo describ\u00eda como una enfermedad \u201cque hace a sus infelices v\u00edctimas compenetrarse con la solemne convicci\u00f3n de que todo el mundo, su historia y su futuro se rigen y determinan por la mayor\u00eda de votos de aquella instituci\u00f3n representativa la cual tiene el honor de contar con ellos entre sus miembros\u201d.<\/p>\n<p>Suena atractivo y econ\u00f3mico impulsar una revoluci\u00f3n gradual, sin confrontaciones y teniendo como tarea \u00fanica seguir ganando esca\u00f1os en la asamblea,\u00a0 sin embargo, adolece del mal de dejar los cambios fundamentales para un futuro muy lejano, por ejemplo, si revisamos el discurso de Medardo Gonzales en la conmemoraci\u00f3n del 37 aniversario de la fundaci\u00f3n de nuestro partido describ\u00eda los procesos electorales como\u00a0 \u201celecciones intermedias\u201d, de hecho defini\u00f3 las elecciones del 2018 como \u201clas terceras elecciones intermedias\u201d, debemos preguntarnos \u00bfintermedias de qu\u00e9? \u00bfDe cada elecci\u00f3n presidencial? \u00bfElecciones intermedias dentro de la revoluci\u00f3n?\u00a0 En el primer caso solo demostrar\u00eda que la \u00fanica preocupaci\u00f3n es la de administrar el Estado en la segunda deber\u00edamos preguntarnos cuantas elecciones intermedias restan para el socialismo, \u00bftres?, \u00bftres mil?, lastimosamente ning\u00fan revolucionario puede establecer una fecha exacta para la revoluci\u00f3n, por lo que a falta de esta sagacidad para predecir el futuro la teor\u00eda de la revoluci\u00f3n democr\u00e1tica es dilatoria, oportunista y totalmente contraproducente para los intereses de la clase obrera. Debemos abandonar esta teor\u00eda y sustituirla por la consigna de la revoluci\u00f3n socialista permanente e internacional, el futuro de la revoluci\u00f3n en nuestro pa\u00eds pasa por comprender que el aparato estatal no est\u00e1 dise\u00f1ado para solventar las necesidades de la clase obrera, por lo tanto no es nuestro objetivo final, sino el de saber interpretar los ascensos de la conciencia de los trabajadores y enrumbar esos \u00e1nimos a la conquista del poder, el control de la banca, la tierra y la industria.<\/p>\n<p><strong><span style=\"color: #800000;\">La correlaci\u00f3n de fuerzas y el papel de las masas<\/span><\/strong><\/p>\n<p>Otro de los argumentos que se nos ha repetido es el de que no tenemos correlaci\u00f3n de fuerzas, un argumento totalmente enga\u00f1oso, desde el punto de vista parlamentario no lo hemos tenido, ahora mucho menos, cada vez que se ha exigido impulsar un cambio fundamental se nos ha dicho: \u201cluchar por un cambio de tal magnitud es una empresa imposible con las actuales fuerzas con las que contamos debemos seguir acumulando fuerzas\u201d. Lastimosamente esa acumulaci\u00f3n de fuerzas no se refiere a si el pueblo respaldar\u00eda al partido si se le convocase a las calles, para nuestra direcci\u00f3n\u00a0 significa tener m\u00e1s diputados y alcaldes, algo que bajo el capitalismo no solventa nada, para los marxistas la acumulaci\u00f3n de diputados revolucionarios en los parlamentos solo tiene sentido si estos se ligan con las masas, es decir, un revolucionario en su calidad de diputado debe asistir a las f\u00e1bricas en huelga a apoyarlas, debe ir a los barrios a explicar la necesidad de la organizaci\u00f3n de movilizaciones que impulsen medidas como aumento al salario m\u00ednimo, nacionalizaci\u00f3n de las palancas econ\u00f3micas, debe usar los micr\u00f3fonos y las c\u00e1maras para explicar que el culpable es el capitalismo y que s\u00f3lo es posible elevar las condiciones de vida de las masas si este es derrocado, \u00bfhemos tenido esta pol\u00edtica de parte de nuestros diputados? Lastimosamente no la hemos tenido, nuestros diputados se han perdido en la l\u00f3gica del parlamento burgu\u00e9s, asistir a reuniones interminables (adrede), formar mil comisiones, negociar con partidos de derecha, etc. \u00bfEl punto fundamental es qu\u00e9 impacto tiene esto en la poblaci\u00f3n? Muchos trabajadores no se sienten identificados con el estilo de vida de nuestros diputados, la paciencia ha sido sustituida por la altaner\u00eda, el acercamiento ha sido cambiado por los tr\u00e1mites burocr\u00e1ticos, las masas han sido cambiadas por Gallegos\u2026 relegar a las masas a un papel de simples votantes es la pol\u00edtica que nuestro partido ha seguido en el \u00faltimo periodo.<\/p>\n<p><strong>\u00a1La desconfianza pues de las masas al partido son el resultado de la desconfianza de la direcci\u00f3n a las masas!<\/strong><\/p>\n<p><strong><span style=\"color: #800000;\">\u00bfDisciplina consiente u obediencia ciega?<\/span><\/strong><\/p>\n<p>Este es el momento de la base, los recientes acontecimientos nos han demostrado que nuestra direcci\u00f3n en absoluto es infalible, ahora vemos que es esta direcci\u00f3n la que ha organizado la reci\u00e9n derrota, durante a\u00f1os se nos ha dicho que todos aquellos con ideas contrarias a las de la direcci\u00f3n son disidentes, infiltrados de la derecha o cualquier apelativo contrarrevolucionario que se pueda imaginar, si bien es cierto elementos de la derecha se fueron aislando tambi\u00e9n muchos elementos descontentos pero de izquierda fueron sacados de las filas de nuestro partido, se ha querido inculcar que el \u00fanico militante bueno es aquel que no cuestiona \u00a1esto es absurdo! Uno de los problemas ideol\u00f3gicos fundamentales de nuestro partido es precisamente los pocos espacios democr\u00e1ticos de debate y toma de decisiones, los militantes saben que a pesar de sus quejas y\/o recomendaciones en muy rara ocasi\u00f3n esta es tomada en cuenta, esta no es una manera de formar un militante consiente sino todo lo contrario: arribistas y oportunistas. Abogamos por la disciplina consiente, pero para poder construirla debemos luchar en contra de cualquier intento de la burocracia partidista de callarnos, o desconvocar nuestras reuniones, hoy por hoy la base tiene en sus manos la tarea de reconstruir al partido, de dotarlo con gente nueva con \u00e1nimos reales de combatir\u00a0 y defender un programa realmente revolucionario y socialista.<\/p>\n","protected":false},"excerpt":{"rendered":"<p>Durante a\u00f1os la direcci\u00f3n de nuestro partido ha intentado pintar un cuadro optimista de la situaci\u00f3n: \u201ctodos los planes han sido correctos, estamos en el rumbo ideal, hemos mejorado las condiciones de vida de las masas\u201d y cosas por el estilo. En esa l\u00ednea han mantenido una pol\u00edtica que lejos de acercarnos a las masas&#8230;<\/p>\n","protected":false},"author":16,"featured_media":2685,"comment_status":"open","ping_status":"open","sticky":false,"template":"","format":"standard","meta":{"_monsterinsights_skip_tracking":false,"_monsterinsights_sitenote_active":false,"_monsterinsights_sitenote_note":"","_monsterinsights_sitenote_category":0,"_uf_show_specific_survey":0,"_uf_disable_surveys":false,"_jetpack_memberships_contains_paid_content":false,"footnotes":""},"categories":[2,3],"tags":[102,103],"class_list":["post-2681","post","type-post","status-publish","format-standard","has-post-thumbnail","hentry","category-nacional","category-politica","tag-elecciones-2018","tag-fmln"],"aioseo_notices":[],"yoast_head":"<!-- This site is optimized with the Yoast SEO plugin v25.6 - https:\/\/yoast.com\/wordpress\/plugins\/seo\/ -->\n<title>Carta abierta al FMLN: \u00a1Rediscutir nuestra t\u00e1ctica y principios: debemos regresar al marxismo revolucionario!<\/title>\n<meta name=\"robots\" content=\"index, follow, max-snippet:-1, max-image-preview:large, max-video-preview:-1\" \/>\n<link rel=\"canonical\" href=\"https:\/\/elcomunista.org\/?p=2681\" \/>\n<meta property=\"og:locale\" content=\"es_ES\" \/>\n<meta property=\"og:type\" content=\"article\" \/>\n<meta property=\"og:title\" content=\"Carta abierta al FMLN: \u00a1Rediscutir nuestra t\u00e1ctica y principios: debemos regresar al marxismo revolucionario!\" \/>\n<meta property=\"og:description\" content=\"Durante a\u00f1os la direcci\u00f3n de nuestro partido ha intentado pintar un cuadro optimista de la situaci\u00f3n: \u201ctodos los planes han sido correctos, estamos en el rumbo ideal, hemos mejorado las condiciones de vida de las masas\u201d y cosas por el estilo. En esa l\u00ednea han mantenido una pol\u00edtica que lejos de acercarnos a las masas...\" \/>\n<meta property=\"og:url\" content=\"https:\/\/elcomunista.org\/?p=2681\" \/>\n<meta property=\"og:site_name\" content=\"Revoluci\u00f3n Comunista\" \/>\n<meta property=\"article:publisher\" content=\"https:\/\/www.facebook.com\/Bloquepopularjuvenil\" \/>\n<meta property=\"article:published_time\" content=\"2018-03-09T21:14:17+00:00\" \/>\n<meta property=\"article:modified_time\" content=\"2018-03-10T17:14:27+00:00\" \/>\n<meta property=\"og:image\" content=\"https:\/\/elcomunista.org\/wp-content\/uploads\/2018\/03\/irvin1-1.jpg\" \/>\n\t<meta property=\"og:image:width\" content=\"700\" \/>\n\t<meta property=\"og:image:height\" content=\"465\" \/>\n\t<meta property=\"og:image:type\" content=\"image\/jpeg\" \/>\n<meta name=\"author\" content=\"Daniel Alejandro Garcia\" \/>\n<meta name=\"twitter:card\" content=\"summary_large_image\" \/>\n<meta name=\"twitter:creator\" content=\"@ElBPJ\" \/>\n<meta name=\"twitter:site\" content=\"@ElBPJ\" \/>\n<meta name=\"twitter:label1\" content=\"Escrito por\" \/>\n\t<meta name=\"twitter:data1\" content=\"Daniel Alejandro Garcia\" \/>\n\t<meta name=\"twitter:label2\" content=\"Tiempo de lectura\" \/>\n\t<meta name=\"twitter:data2\" content=\"8 minutos\" \/>\n<script type=\"application\/ld+json\" class=\"yoast-schema-graph\">{\"@context\":\"https:\/\/schema.org\",\"@graph\":[{\"@type\":\"Article\",\"@id\":\"https:\/\/elcomunista.org\/?p=2681#article\",\"isPartOf\":{\"@id\":\"https:\/\/elcomunista.org\/?p=2681\"},\"author\":{\"name\":\"Daniel Alejandro Garcia\",\"@id\":\"https:\/\/elcomunista.org\/#\/schema\/person\/eb85bfa9f1b446f53113e6e8fd84d9c6\"},\"headline\":\"Carta abierta al FMLN: \u00a1Rediscutir nuestra t\u00e1ctica y principios: debemos regresar al marxismo revolucionario!\",\"datePublished\":\"2018-03-09T21:14:17+00:00\",\"dateModified\":\"2018-03-10T17:14:27+00:00\",\"mainEntityOfPage\":{\"@id\":\"https:\/\/elcomunista.org\/?p=2681\"},\"wordCount\":1647,\"commentCount\":1,\"publisher\":{\"@id\":\"https:\/\/elcomunista.org\/#organization\"},\"image\":{\"@id\":\"https:\/\/elcomunista.org\/?p=2681#primaryimage\"},\"thumbnailUrl\":\"https:\/\/elcomunista.org\/wp-content\/uploads\/2018\/03\/irvin1-1.jpg\",\"keywords\":[\"Elecciones 2018\",\"FMLN\"],\"articleSection\":[\"Nacional\",\"Pol\u00edtica\"],\"inLanguage\":\"es\",\"potentialAction\":[{\"@type\":\"CommentAction\",\"name\":\"Comment\",\"target\":[\"https:\/\/elcomunista.org\/?p=2681#respond\"]}]},{\"@type\":\"WebPage\",\"@id\":\"https:\/\/elcomunista.org\/?p=2681\",\"url\":\"https:\/\/elcomunista.org\/?p=2681\",\"name\":\"Carta abierta al FMLN: \u00a1Rediscutir nuestra t\u00e1ctica y principios: debemos regresar al marxismo revolucionario!\",\"isPartOf\":{\"@id\":\"https:\/\/elcomunista.org\/#website\"},\"primaryImageOfPage\":{\"@id\":\"https:\/\/elcomunista.org\/?p=2681#primaryimage\"},\"image\":{\"@id\":\"https:\/\/elcomunista.org\/?p=2681#primaryimage\"},\"thumbnailUrl\":\"https:\/\/elcomunista.org\/wp-content\/uploads\/2018\/03\/irvin1-1.jpg\",\"datePublished\":\"2018-03-09T21:14:17+00:00\",\"dateModified\":\"2018-03-10T17:14:27+00:00\",\"breadcrumb\":{\"@id\":\"https:\/\/elcomunista.org\/?p=2681#breadcrumb\"},\"inLanguage\":\"es\",\"potentialAction\":[{\"@type\":\"ReadAction\",\"target\":[\"https:\/\/elcomunista.org\/?p=2681\"]}]},{\"@type\":\"ImageObject\",\"inLanguage\":\"es\",\"@id\":\"https:\/\/elcomunista.org\/?p=2681#primaryimage\",\"url\":\"https:\/\/elcomunista.org\/wp-content\/uploads\/2018\/03\/irvin1-1.jpg\",\"contentUrl\":\"https:\/\/elcomunista.org\/wp-content\/uploads\/2018\/03\/irvin1-1.jpg\",\"width\":700,\"height\":465},{\"@type\":\"BreadcrumbList\",\"@id\":\"https:\/\/elcomunista.org\/?p=2681#breadcrumb\",\"itemListElement\":[{\"@type\":\"ListItem\",\"position\":1,\"name\":\"Portada\",\"item\":\"https:\/\/elcomunista.org\/\"},{\"@type\":\"ListItem\",\"position\":2,\"name\":\"Carta abierta al FMLN: \u00a1Rediscutir nuestra t\u00e1ctica y principios: debemos regresar al marxismo revolucionario!\"}]},{\"@type\":\"WebSite\",\"@id\":\"https:\/\/elcomunista.org\/#website\",\"url\":\"https:\/\/elcomunista.org\/\",\"name\":\"Revoluci\u00f3n Comunista\",\"description\":\"Internacional Comunista Revolucionaria\",\"publisher\":{\"@id\":\"https:\/\/elcomunista.org\/#organization\"},\"potentialAction\":[{\"@type\":\"SearchAction\",\"target\":{\"@type\":\"EntryPoint\",\"urlTemplate\":\"https:\/\/elcomunista.org\/?s={search_term_string}\"},\"query-input\":{\"@type\":\"PropertyValueSpecification\",\"valueRequired\":true,\"valueName\":\"search_term_string\"}}],\"inLanguage\":\"es\"},{\"@type\":\"Organization\",\"@id\":\"https:\/\/elcomunista.org\/#organization\",\"name\":\"Bloque Popular Juvenil\",\"url\":\"https:\/\/elcomunista.org\/\",\"logo\":{\"@type\":\"ImageObject\",\"inLanguage\":\"es\",\"@id\":\"https:\/\/elcomunista.org\/#\/schema\/logo\/image\/\",\"url\":\"https:\/\/bloquepopularjuvenil.org\/wp-content\/uploads\/2018\/11\/bpj-militante.jpg\",\"contentUrl\":\"https:\/\/bloquepopularjuvenil.org\/wp-content\/uploads\/2018\/11\/bpj-militante.jpg\",\"width\":4000,\"height\":1390,\"caption\":\"Bloque Popular Juvenil\"},\"image\":{\"@id\":\"https:\/\/elcomunista.org\/#\/schema\/logo\/image\/\"},\"sameAs\":[\"https:\/\/www.facebook.com\/Bloquepopularjuvenil\",\"https:\/\/x.com\/ElBPJ\",\"https:\/\/www.instagram.com\/elbloque_bpj\/?hl=es-la\"]},{\"@type\":\"Person\",\"@id\":\"https:\/\/elcomunista.org\/#\/schema\/person\/eb85bfa9f1b446f53113e6e8fd84d9c6\",\"name\":\"Daniel Alejandro Garcia\",\"image\":{\"@type\":\"ImageObject\",\"inLanguage\":\"es\",\"@id\":\"https:\/\/elcomunista.org\/#\/schema\/person\/image\/\",\"url\":\"https:\/\/secure.gravatar.com\/avatar\/c8d4463c3563bc4b861f1ad0e79ed7a9?s=96&d=mm&r=g\",\"contentUrl\":\"https:\/\/secure.gravatar.com\/avatar\/c8d4463c3563bc4b861f1ad0e79ed7a9?s=96&d=mm&r=g\",\"caption\":\"Daniel Alejandro Garcia\"},\"url\":\"https:\/\/elcomunista.org\/?author=16\"}]}<\/script>\n<!-- \/ Yoast SEO plugin. -->","yoast_head_json":{"title":"Carta abierta al FMLN: \u00a1Rediscutir nuestra t\u00e1ctica y principios: debemos regresar al marxismo revolucionario!","robots":{"index":"index","follow":"follow","max-snippet":"max-snippet:-1","max-image-preview":"max-image-preview:large","max-video-preview":"max-video-preview:-1"},"canonical":"https:\/\/elcomunista.org\/?p=2681","og_locale":"es_ES","og_type":"article","og_title":"Carta abierta al FMLN: \u00a1Rediscutir nuestra t\u00e1ctica y principios: debemos regresar al marxismo revolucionario!","og_description":"Durante a\u00f1os la direcci\u00f3n de nuestro partido ha intentado pintar un cuadro optimista de la situaci\u00f3n: \u201ctodos los planes han sido correctos, estamos en el rumbo ideal, hemos mejorado las condiciones de vida de las masas\u201d y cosas por el estilo. En esa l\u00ednea han mantenido una pol\u00edtica que lejos de acercarnos a las masas...","og_url":"https:\/\/elcomunista.org\/?p=2681","og_site_name":"Revoluci\u00f3n Comunista","article_publisher":"https:\/\/www.facebook.com\/Bloquepopularjuvenil","article_published_time":"2018-03-09T21:14:17+00:00","article_modified_time":"2018-03-10T17:14:27+00:00","og_image":[{"width":700,"height":465,"url":"https:\/\/elcomunista.org\/wp-content\/uploads\/2018\/03\/irvin1-1.jpg","type":"image\/jpeg"}],"author":"Daniel Alejandro Garcia","twitter_card":"summary_large_image","twitter_creator":"@ElBPJ","twitter_site":"@ElBPJ","twitter_misc":{"Escrito por":"Daniel Alejandro Garcia","Tiempo de lectura":"8 minutos"},"schema":{"@context":"https:\/\/schema.org","@graph":[{"@type":"Article","@id":"https:\/\/elcomunista.org\/?p=2681#article","isPartOf":{"@id":"https:\/\/elcomunista.org\/?p=2681"},"author":{"name":"Daniel Alejandro Garcia","@id":"https:\/\/elcomunista.org\/#\/schema\/person\/eb85bfa9f1b446f53113e6e8fd84d9c6"},"headline":"Carta abierta al FMLN: \u00a1Rediscutir nuestra t\u00e1ctica y principios: debemos regresar al marxismo revolucionario!","datePublished":"2018-03-09T21:14:17+00:00","dateModified":"2018-03-10T17:14:27+00:00","mainEntityOfPage":{"@id":"https:\/\/elcomunista.org\/?p=2681"},"wordCount":1647,"commentCount":1,"publisher":{"@id":"https:\/\/elcomunista.org\/#organization"},"image":{"@id":"https:\/\/elcomunista.org\/?p=2681#primaryimage"},"thumbnailUrl":"https:\/\/elcomunista.org\/wp-content\/uploads\/2018\/03\/irvin1-1.jpg","keywords":["Elecciones 2018","FMLN"],"articleSection":["Nacional","Pol\u00edtica"],"inLanguage":"es","potentialAction":[{"@type":"CommentAction","name":"Comment","target":["https:\/\/elcomunista.org\/?p=2681#respond"]}]},{"@type":"WebPage","@id":"https:\/\/elcomunista.org\/?p=2681","url":"https:\/\/elcomunista.org\/?p=2681","name":"Carta abierta al FMLN: \u00a1Rediscutir nuestra t\u00e1ctica y principios: debemos regresar al marxismo revolucionario!","isPartOf":{"@id":"https:\/\/elcomunista.org\/#website"},"primaryImageOfPage":{"@id":"https:\/\/elcomunista.org\/?p=2681#primaryimage"},"image":{"@id":"https:\/\/elcomunista.org\/?p=2681#primaryimage"},"thumbnailUrl":"https:\/\/elcomunista.org\/wp-content\/uploads\/2018\/03\/irvin1-1.jpg","datePublished":"2018-03-09T21:14:17+00:00","dateModified":"2018-03-10T17:14:27+00:00","breadcrumb":{"@id":"https:\/\/elcomunista.org\/?p=2681#breadcrumb"},"inLanguage":"es","potentialAction":[{"@type":"ReadAction","target":["https:\/\/elcomunista.org\/?p=2681"]}]},{"@type":"ImageObject","inLanguage":"es","@id":"https:\/\/elcomunista.org\/?p=2681#primaryimage","url":"https:\/\/elcomunista.org\/wp-content\/uploads\/2018\/03\/irvin1-1.jpg","contentUrl":"https:\/\/elcomunista.org\/wp-content\/uploads\/2018\/03\/irvin1-1.jpg","width":700,"height":465},{"@type":"BreadcrumbList","@id":"https:\/\/elcomunista.org\/?p=2681#breadcrumb","itemListElement":[{"@type":"ListItem","position":1,"name":"Portada","item":"https:\/\/elcomunista.org\/"},{"@type":"ListItem","position":2,"name":"Carta abierta al FMLN: \u00a1Rediscutir nuestra t\u00e1ctica y principios: debemos regresar al marxismo revolucionario!"}]},{"@type":"WebSite","@id":"https:\/\/elcomunista.org\/#website","url":"https:\/\/elcomunista.org\/","name":"Revoluci\u00f3n Comunista","description":"Internacional Comunista Revolucionaria","publisher":{"@id":"https:\/\/elcomunista.org\/#organization"},"potentialAction":[{"@type":"SearchAction","target":{"@type":"EntryPoint","urlTemplate":"https:\/\/elcomunista.org\/?s={search_term_string}"},"query-input":{"@type":"PropertyValueSpecification","valueRequired":true,"valueName":"search_term_string"}}],"inLanguage":"es"},{"@type":"Organization","@id":"https:\/\/elcomunista.org\/#organization","name":"Bloque Popular Juvenil","url":"https:\/\/elcomunista.org\/","logo":{"@type":"ImageObject","inLanguage":"es","@id":"https:\/\/elcomunista.org\/#\/schema\/logo\/image\/","url":"https:\/\/bloquepopularjuvenil.org\/wp-content\/uploads\/2018\/11\/bpj-militante.jpg","contentUrl":"https:\/\/bloquepopularjuvenil.org\/wp-content\/uploads\/2018\/11\/bpj-militante.jpg","width":4000,"height":1390,"caption":"Bloque Popular Juvenil"},"image":{"@id":"https:\/\/elcomunista.org\/#\/schema\/logo\/image\/"},"sameAs":["https:\/\/www.facebook.com\/Bloquepopularjuvenil","https:\/\/x.com\/ElBPJ","https:\/\/www.instagram.com\/elbloque_bpj\/?hl=es-la"]},{"@type":"Person","@id":"https:\/\/elcomunista.org\/#\/schema\/person\/eb85bfa9f1b446f53113e6e8fd84d9c6","name":"Daniel Alejandro Garcia","image":{"@type":"ImageObject","inLanguage":"es","@id":"https:\/\/elcomunista.org\/#\/schema\/person\/image\/","url":"https:\/\/secure.gravatar.com\/avatar\/c8d4463c3563bc4b861f1ad0e79ed7a9?s=96&d=mm&r=g","contentUrl":"https:\/\/secure.gravatar.com\/avatar\/c8d4463c3563bc4b861f1ad0e79ed7a9?s=96&d=mm&r=g","caption":"Daniel Alejandro Garcia"},"url":"https:\/\/elcomunista.org\/?author=16"}]}},"jetpack_featured_media_url":"https:\/\/elcomunista.org\/wp-content\/uploads\/2018\/03\/irvin1-1.jpg","jetpack_likes_enabled":true,"jetpack_sharing_enabled":true,"_links":{"self":[{"href":"https:\/\/elcomunista.org\/index.php?rest_route=\/wp\/v2\/posts\/2681"}],"collection":[{"href":"https:\/\/elcomunista.org\/index.php?rest_route=\/wp\/v2\/posts"}],"about":[{"href":"https:\/\/elcomunista.org\/index.php?rest_route=\/wp\/v2\/types\/post"}],"author":[{"embeddable":true,"href":"https:\/\/elcomunista.org\/index.php?rest_route=\/wp\/v2\/users\/16"}],"replies":[{"embeddable":true,"href":"https:\/\/elcomunista.org\/index.php?rest_route=%2Fwp%2Fv2%2Fcomments&post=2681"}],"version-history":[{"count":0,"href":"https:\/\/elcomunista.org\/index.php?rest_route=\/wp\/v2\/posts\/2681\/revisions"}],"wp:featuredmedia":[{"embeddable":true,"href":"https:\/\/elcomunista.org\/index.php?rest_route=\/wp\/v2\/media\/2685"}],"wp:attachment":[{"href":"https:\/\/elcomunista.org\/index.php?rest_route=%2Fwp%2Fv2%2Fmedia&parent=2681"}],"wp:term":[{"taxonomy":"category","embeddable":true,"href":"https:\/\/elcomunista.org\/index.php?rest_route=%2Fwp%2Fv2%2Fcategories&post=2681"},{"taxonomy":"post_tag","embeddable":true,"href":"https:\/\/elcomunista.org\/index.php?rest_route=%2Fwp%2Fv2%2Ftags&post=2681"}],"curies":[{"name":"wp","href":"https:\/\/api.w.org\/{rel}","templated":true}]}}